{"id":2,"count":2,"description":"<a href=\"https:\/\/www.agoracademie.com\/blog\/wp-content\/uploads\/2023\/07\/formation-communication-distanciel.jpg\"><img class=\"size-medium wp-image-20589 aligncenter\" src=\"https:\/\/www.agoracademie.com\/blog\/wp-content\/uploads\/2023\/07\/formation-communication-distanciel.jpg\" alt=\"L'\u00e9quipe d'Agoracad\u00e9mie\" width=\"1079\" height=\"538\" \/><\/a>\r\n<h2>L'\u00e9quipe d'Agoracad\u00e9mie : qui sommes-nous\u00a0?<\/h2>\r\nDans cette cat\u00e9gorie de notre blog destin\u00e9 notamment \u00e0 vous pr\u00e9senter les tr\u00e8s nombreuses m\u00e9thodes de th\u00e9rapie et de d\u00e9veloppement personnel, vous allez d\u00e9couvrir la petite \u00e9quipe d'experts qui anime le site et \u00e9crit r\u00e9guli\u00e8rement de nouveaux articles.\r\n<h3>Laurent Bertrel<\/h3>\r\nLaurent est \u00e0 l'origine du projet Agoracad\u00e9mie d\u00e9but 2010. Son id\u00e9e est alors de proposer aux internautes\u00a0:\r\n<ul>\r\n \t<li>Une Agora permettant \u00e0 tous d'\u00e9changer des id\u00e9es, des astuces, des solutions pour vivre mieux d\u00e8s maintenant.<\/li>\r\n \t<li>Une acad\u00e9mie en ligne et \u00e0 distance proposant des formations certifiantes permettant aux coachs, aux psys, aux th\u00e9rapeutes, aux formateurs..., d'ajouter une nouvelle corde \u00e0 leur arc professionnel.<\/li>\r\n<\/ul>\r\n<h3>Les autres intervenants<\/h3>\r\nLaurent n'est plus seul pour animer l'ensemble du site et du blog puisqu'une \u00e9quipe d'experts, tous en activit\u00e9 professionnelle donc avec une solide exp\u00e9rience de l'accompagnement, participe aussi, notamment dans les r\u00e9ponses personnalis\u00e9es du forum priv\u00e9.\r\n\r\nSuivez-nous, parlez de nous partout o\u00f9 vous pensez que cela est int\u00e9ressant, car notre travail n'a de sens que si nous avons des lecteurs et des apprenants ;-)\r\n<h2>Nos formations en ligne et \u00e0 distance<\/h2>\r\nSi vous \u00eates \u00e0 la recherche d'une formation en ligne et \u00e0 distance dans le secteur du d\u00e9veloppement personnel ou bien des th\u00e9rapies alternatives, prenez le temps de d\u00e9couvrir notre catalogue !\r\n\r\nDans ce catalogue, vous allez trouver plusieurs formations au coaching et de nombreux programmes en th\u00e9rapies douces.\r\n\r\nToutes nos formations sont ouvertes \u00e0 tous et elles sont propos\u00e9es \u00e0 un prix le plus attractif possible, tout en respectant le rapport qualit\u00e9-prix.\r\n\r\nBonne d\u00e9couverte de notre catalogue et au plaisir de vous rencontrer lors de l'une de nos formations :-)","link":"https:\/\/www.agoracademie.com\/blog\/a-propos-de-nous\/","name":"A propos de nous","slug":"a-propos-de-nous","taxonomy":"category","parent":0,"meta":[],"yoast_head":"<!-- This site is optimized with the Yoast SEO plugin v27.4 - https:\/\/yoast.com\/product\/yoast-seo-wordpress\/ -->\n<title>L&#039;\u00e9quipe du blog d&#039;Agoracad\u00e9mie : \u00e0 propos de nous<\/title>\n<meta name=\"description\" content=\"D\u00e9couvrez l&#039;\u00e9quipe du blog d&#039;Agoracad\u00e9mie, le centre de formation en ligne et \u00e0 distance sp\u00e9cialis\u00e9 en d\u00e9veloppement personnel.\" \/>\n<meta name=\"robots\" content=\"index, follow, max-snippet:-1, max-image-preview:large, max-video-preview:-1\" \/>\n<link rel=\"canonical\" href=\"https:\/\/www.agoracademie.com\/blog\/a-propos-de-nous\/\" \/>\n<meta property=\"og:locale\" content=\"fr_FR\" \/>\n<meta property=\"og:type\" content=\"article\" \/>\n<meta property=\"og:title\" content=\"L&#039;\u00e9quipe du blog d&#039;Agoracad\u00e9mie : \u00e0 propos de nous\" \/>\n<meta property=\"og:description\" content=\"D\u00e9couvrez l&#039;\u00e9quipe du blog d&#039;Agoracad\u00e9mie, le centre de formation en ligne et \u00e0 distance sp\u00e9cialis\u00e9 en d\u00e9veloppement personnel.\" \/>\n<meta property=\"og:url\" content=\"https:\/\/www.agoracademie.com\/blog\/a-propos-de-nous\/\" \/>\n<meta property=\"og:site_name\" content=\"Agoracad\u00e9mie\" \/>\n<meta property=\"og:image\" content=\"https:\/\/www.agoracademie.com\/blog\/wp-content\/uploads\/2023\/07\/formation-communication-distanciel.jpg\" \/>\n<script type=\"application\/ld+json\" class=\"yoast-schema-graph\">{\"@context\":\"https:\\\/\\\/schema.org\",\"@graph\":[{\"@type\":\"CollectionPage\",\"@id\":\"https:\\\/\\\/www.agoracademie.com\\\/blog\\\/a-propos-de-nous\\\/\",\"url\":\"https:\\\/\\\/www.agoracademie.com\\\/blog\\\/a-propos-de-nous\\\/\",\"name\":\"L'\u00e9quipe du blog d'Agoracad\u00e9mie : \u00e0 propos de nous\",\"isPartOf\":{\"@id\":\"https:\\\/\\\/www.agoracademie.com\\\/blog\\\/#website\"},\"description\":\"D\u00e9couvrez l'\u00e9quipe du blog d'Agoracad\u00e9mie, le centre de formation en ligne et \u00e0 distance sp\u00e9cialis\u00e9 en d\u00e9veloppement personnel.\",\"breadcrumb\":{\"@id\":\"https:\\\/\\\/www.agoracademie.com\\\/blog\\\/a-propos-de-nous\\\/#breadcrumb\"},\"inLanguage\":\"fr-FR\"},{\"@type\":\"BreadcrumbList\",\"@id\":\"https:\\\/\\\/www.agoracademie.com\\\/blog\\\/a-propos-de-nous\\\/#breadcrumb\",\"itemListElement\":[{\"@type\":\"ListItem\",\"position\":1,\"name\":\"Accueil\",\"item\":\"https:\\\/\\\/www.agoracademie.com\\\/blog\\\/\"},{\"@type\":\"ListItem\",\"position\":2,\"name\":\"A propos de nous\"}]},{\"@type\":\"WebSite\",\"@id\":\"https:\\\/\\\/www.agoracademie.com\\\/blog\\\/#website\",\"url\":\"https:\\\/\\\/www.agoracademie.com\\\/blog\\\/\",\"name\":\"Blog Agoracad\u00e9mie - Centre de formation en ligne et \u00e0 distance\",\"description\":\"Le blog du d\u00e9veloppement personnel et des th\u00e9rapies\",\"potentialAction\":[{\"@type\":\"SearchAction\",\"target\":{\"@type\":\"EntryPoint\",\"urlTemplate\":\"https:\\\/\\\/www.agoracademie.com\\\/blog\\\/?s={search_term_string}\"},\"query-input\":{\"@type\":\"PropertyValueSpecification\",\"valueRequired\":true,\"valueName\":\"search_term_string\"}}],\"inLanguage\":\"fr-FR\"}]}<\/script>\n<!-- \/ Yoast SEO plugin. -->","yoast_head_json":{"title":"L'\u00e9quipe du blog d'Agoracad\u00e9mie : \u00e0 propos de nous","description":"D\u00e9couvrez l'\u00e9quipe du blog d'Agoracad\u00e9mie, le centre de formation en ligne et \u00e0 distance sp\u00e9cialis\u00e9 en d\u00e9veloppement personnel.","robots":{"index":"index","follow":"follow","max-snippet":"max-snippet:-1","max-image-preview":"max-image-preview:large","max-video-preview":"max-video-preview:-1"},"canonical":"https:\/\/www.agoracademie.com\/blog\/a-propos-de-nous\/","og_locale":"fr_FR","og_type":"article","og_title":"L'\u00e9quipe du blog d'Agoracad\u00e9mie : \u00e0 propos de nous","og_description":"D\u00e9couvrez l'\u00e9quipe du blog d'Agoracad\u00e9mie, le centre de formation en ligne et \u00e0 distance sp\u00e9cialis\u00e9 en d\u00e9veloppement personnel.","og_url":"https:\/\/www.agoracademie.com\/blog\/a-propos-de-nous\/","og_site_name":"Agoracad\u00e9mie","og_image":[{"url":"https:\/\/www.agoracademie.com\/blog\/wp-content\/uploads\/2023\/07\/formation-communication-distanciel.jpg","type":"","width":"","height":""}],"schema":{"@context":"https:\/\/schema.org","@graph":[{"@type":"CollectionPage","@id":"https:\/\/www.agoracademie.com\/blog\/a-propos-de-nous\/","url":"https:\/\/www.agoracademie.com\/blog\/a-propos-de-nous\/","name":"L'\u00e9quipe du blog d'Agoracad\u00e9mie : \u00e0 propos de nous","isPartOf":{"@id":"https:\/\/www.agoracademie.com\/blog\/#website"},"description":"D\u00e9couvrez l'\u00e9quipe du blog d'Agoracad\u00e9mie, le centre de formation en ligne et \u00e0 distance sp\u00e9cialis\u00e9 en d\u00e9veloppement personnel.","breadcrumb":{"@id":"https:\/\/www.agoracademie.com\/blog\/a-propos-de-nous\/#breadcrumb"},"inLanguage":"fr-FR"},{"@type":"BreadcrumbList","@id":"https:\/\/www.agoracademie.com\/blog\/a-propos-de-nous\/#breadcrumb","itemListElement":[{"@type":"ListItem","position":1,"name":"Accueil","item":"https:\/\/www.agoracademie.com\/blog\/"},{"@type":"ListItem","position":2,"name":"A propos de nous"}]},{"@type":"WebSite","@id":"https:\/\/www.agoracademie.com\/blog\/#website","url":"https:\/\/www.agoracademie.com\/blog\/","name":"Blog Agoracad\u00e9mie - Centre de formation en ligne et \u00e0 distance","description":"Le blog du d\u00e9veloppement personnel et des th\u00e9rapies","potentialAction":[{"@type":"SearchAction","target":{"@type":"EntryPoint","urlTemplate":"https:\/\/www.agoracademie.com\/blog\/?s={search_term_string}"},"query-input":{"@type":"PropertyValueSpecification","valueRequired":true,"valueName":"search_term_string"}}],"inLanguage":"fr-FR"}]}},"acf":[],"_links":{"self":[{"href":"https:\/\/www.agoracademie.com\/blog\/wp-json\/wp\/v2\/categories\/2","targetHints":{"allow":["GET"]}}],"collection":[{"href":"https:\/\/www.agoracademie.com\/blog\/wp-json\/wp\/v2\/categories"}],"about":[{"href":"https:\/\/www.agoracademie.com\/blog\/wp-json\/wp\/v2\/taxonomies\/category"}],"wp:post_type":[{"href":"https:\/\/www.agoracademie.com\/blog\/wp-json\/wp\/v2\/posts?categories=2"}],"curies":[{"name":"wp","href":"https:\/\/api.w.org\/{rel}","templated":true}]}}