{"id":10123,"date":"2021-09-24T10:44:00","date_gmt":"2021-09-24T08:44:00","guid":{"rendered":"https:\/\/www.agoracademie.com\/blog\/?p=10123"},"modified":"2026-04-07T10:35:37","modified_gmt":"2026-04-07T08:35:37","slug":"formation-coach-de-vie","status":"publish","type":"post","link":"https:\/\/www.agoracademie.com\/blog\/formation-coach-de-vie\/","title":{"rendered":"Formation coach de vie pour devenir accompagnant professionnel"},"content":{"rendered":"<div class=\"wp-block-image\">\n<figure class=\"aligncenter size-large\"><img loading=\"lazy\" decoding=\"async\" width=\"1024\" height=\"511\" src=\"https:\/\/www.agoracademie.com\/blog\/wp-content\/uploads\/2021\/09\/formation-coach-de-vie-1024x511.jpg\" alt=\"Formation coach de vie pour r\u00e9v\u00e9ler ses potentiels, puis ceux des autres !\" class=\"wp-image-17435\" srcset=\"https:\/\/www.agoracademie.com\/blog\/wp-content\/uploads\/2021\/09\/formation-coach-de-vie-1024x511.jpg 1024w, https:\/\/www.agoracademie.com\/blog\/wp-content\/uploads\/2021\/09\/formation-coach-de-vie-300x150.jpg 300w, https:\/\/www.agoracademie.com\/blog\/wp-content\/uploads\/2021\/09\/formation-coach-de-vie-768x383.jpg 768w, https:\/\/www.agoracademie.com\/blog\/wp-content\/uploads\/2021\/09\/formation-coach-de-vie.jpg 1079w\" sizes=\"auto, (max-width: 1024px) 100vw, 1024px\" \/><figcaption class=\"wp-element-caption\">Activez votre potentiel, et transformez-le en m\u00e9tier d\u2019accompagnement.<\/figcaption><\/figure><div id=\"ez-toc-container\" class=\"ez-toc-v2_0_82_2 ez-toc-wrap-center counter-hierarchy ez-toc-counter ez-toc-transparent ez-toc-container-direction\">\n<div class=\"ez-toc-title-container\">\n<p class=\"ez-toc-title\" style=\"cursor:inherit\">Sommaire<\/p>\n<span class=\"ez-toc-title-toggle\"><a href=\"#\" class=\"ez-toc-pull-right ez-toc-btn ez-toc-btn-xs ez-toc-btn-default ez-toc-toggle\" aria-label=\"Toggle Table of Content\"><span class=\"ez-toc-js-icon-con\"><span class=\"\"><span class=\"eztoc-hide\" style=\"display:none;\">Toggle<\/span><span class=\"ez-toc-icon-toggle-span\"><svg style=\"fill: #999;color:#999\" xmlns=\"http:\/\/www.w3.org\/2000\/svg\" class=\"list-377408\" width=\"20px\" height=\"20px\" viewBox=\"0 0 24 24\" fill=\"none\"><path d=\"M6 6H4v2h2V6zm14 0H8v2h12V6zM4 11h2v2H4v-2zm16 0H8v2h12v-2zM4 16h2v2H4v-2zm16 0H8v2h12v-2z\" fill=\"currentColor\"><\/path><\/svg><svg style=\"fill: #999;color:#999\" class=\"arrow-unsorted-368013\" xmlns=\"http:\/\/www.w3.org\/2000\/svg\" width=\"10px\" height=\"10px\" viewBox=\"0 0 24 24\" version=\"1.2\" baseProfile=\"tiny\"><path d=\"M18.2 9.3l-6.2-6.3-6.2 6.3c-.2.2-.3.4-.3.7s.1.5.3.7c.2.2.4.3.7.3h11c.3 0 .5-.1.7-.3.2-.2.3-.5.3-.7s-.1-.5-.3-.7zM5.8 14.7l6.2 6.3 6.2-6.3c.2-.2.3-.5.3-.7s-.1-.5-.3-.7c-.2-.2-.4-.3-.7-.3h-11c-.3 0-.5.1-.7.3-.2.2-.3.5-.3.7s.1.5.3.7z\"\/><\/svg><\/span><\/span><\/span><\/a><\/span><\/div>\n<nav><ul class='ez-toc-list ez-toc-list-level-1 ' ><li class='ez-toc-page-1 ez-toc-heading-level-2'><a class=\"ez-toc-link ez-toc-heading-1\" href=\"https:\/\/www.agoracademie.com\/blog\/formation-coach-de-vie\/#Formation_coach_de_vie_et_si_cetait_votre_moment\" >Formation coach de vie : et si c\u2019\u00e9tait votre moment ?<\/a><\/li><li class='ez-toc-page-1 ez-toc-heading-level-2'><a class=\"ez-toc-link ez-toc-heading-2\" href=\"https:\/\/www.agoracademie.com\/blog\/formation-coach-de-vie\/#Une_formation_coach_de_vie_concrete_et_accessible\" >Une formation coach de vie concr\u00e8te et accessible<\/a><ul class='ez-toc-list-level-3' ><li class='ez-toc-heading-level-3'><a class=\"ez-toc-link ez-toc-heading-3\" href=\"https:\/\/www.agoracademie.com\/blog\/formation-coach-de-vie\/#1_Gestion_du_stress_et_des_emotions\" >1. Gestion du stress et des \u00e9motions<\/a><\/li><li class='ez-toc-page-1 ez-toc-heading-level-3'><a class=\"ez-toc-link ez-toc-heading-4\" href=\"https:\/\/www.agoracademie.com\/blog\/formation-coach-de-vie\/#2_Communication_et_relation_daide\" >2. Communication et relation d\u2019aide<\/a><\/li><li class='ez-toc-page-1 ez-toc-heading-level-3'><a class=\"ez-toc-link ez-toc-heading-5\" href=\"https:\/\/www.agoracademie.com\/blog\/formation-coach-de-vie\/#3_Creativite_et_accompagnement_du_changement\" >3. Cr\u00e9ativit\u00e9 et accompagnement du changement<\/a><\/li><li class='ez-toc-page-1 ez-toc-heading-level-3'><a class=\"ez-toc-link ez-toc-heading-6\" href=\"https:\/\/www.agoracademie.com\/blog\/formation-coach-de-vie\/#4_Construction_de_votre_methode_de_coach\" >4. Construction de votre m\u00e9thode de coach<\/a><\/li><li class='ez-toc-page-1 ez-toc-heading-level-3'><a class=\"ez-toc-link ez-toc-heading-7\" href=\"https:\/\/www.agoracademie.com\/blog\/formation-coach-de-vie\/#En_bref_avec_notre_formation_coach_de_vie_vous_allez_trouver_un_programme\" >En bref, avec notre formation coach de vie vous allez trouver un programme&nbsp;:<\/a><\/li><\/ul><\/li><li class='ez-toc-page-1 ez-toc-heading-level-2'><a class=\"ez-toc-link ez-toc-heading-8\" href=\"https:\/\/www.agoracademie.com\/blog\/formation-coach-de-vie\/#Une_pedagogie_basee_sur_la_pratique\" >Une p\u00e9dagogie bas\u00e9e sur la pratique<\/a><\/li><li class='ez-toc-page-1 ez-toc-heading-level-2'><a class=\"ez-toc-link ez-toc-heading-9\" href=\"https:\/\/www.agoracademie.com\/blog\/formation-coach-de-vie\/#Une_formation_pensee_pour_la_reconversion\" >Une formation pens\u00e9e pour la reconversion<\/a><\/li><li class='ez-toc-page-1 ez-toc-heading-level-2'><a class=\"ez-toc-link ez-toc-heading-10\" href=\"https:\/\/www.agoracademie.com\/blog\/formation-coach-de-vie\/#Une_approche_basee_sur_lexperience\" >Une approche bas\u00e9e sur l\u2019exp\u00e9rience<\/a><\/li><li class='ez-toc-page-1 ez-toc-heading-level-2'><a class=\"ez-toc-link ez-toc-heading-11\" href=\"https:\/\/www.agoracademie.com\/blog\/formation-coach-de-vie\/#Apres_la_formation_exercer_comme_coach_de_vie\" >Apr\u00e8s la formation : exercer comme coach de vie<\/a><\/li><li class='ez-toc-page-1 ez-toc-heading-level-2'><a class=\"ez-toc-link ez-toc-heading-12\" href=\"https:\/\/www.agoracademie.com\/blog\/formation-coach-de-vie\/#Point_de_vue_nuance\" >Point de vue nuanc\u00e9<\/a><\/li><li class='ez-toc-page-1 ez-toc-heading-level-2'><a class=\"ez-toc-link ez-toc-heading-13\" href=\"https:\/\/www.agoracademie.com\/blog\/formation-coach-de-vie\/#5_bonnes_raisons_de_suivre_cette_formation_coach_de_vie\" >5 bonnes raisons de suivre cette formation coach de vie<\/a><\/li><li class='ez-toc-page-1 ez-toc-heading-level-2'><a class=\"ez-toc-link ez-toc-heading-14\" href=\"https:\/\/www.agoracademie.com\/blog\/formation-coach-de-vie\/#FAQ_%E2%80%93_Formation_coach_de_vie\" >FAQ \u2013 Formation coach de vie<\/a><ul class='ez-toc-list-level-3' ><li class='ez-toc-heading-level-3'><a class=\"ez-toc-link ez-toc-heading-15\" href=\"https:\/\/www.agoracademie.com\/blog\/formation-coach-de-vie\/#La_formation_suffit-elle_pour_devenir_coach\" >La formation suffit-elle pour devenir coach ?<\/a><\/li><li class='ez-toc-page-1 ez-toc-heading-level-3'><a class=\"ez-toc-link ez-toc-heading-16\" href=\"https:\/\/www.agoracademie.com\/blog\/formation-coach-de-vie\/#Peut-on_exercer_immediatement_apres_la_formation\" >Peut-on exercer imm\u00e9diatement apr\u00e8s la formation ?<\/a><\/li><li class='ez-toc-page-1 ez-toc-heading-level-3'><a class=\"ez-toc-link ez-toc-heading-17\" href=\"https:\/\/www.agoracademie.com\/blog\/formation-coach-de-vie\/#Faut-il_un_diplome_pour_devenir_coach_de_vie\" >Faut-il un dipl\u00f4me pour devenir coach de vie ?<\/a><\/li><li class='ez-toc-page-1 ez-toc-heading-level-3'><a class=\"ez-toc-link ez-toc-heading-18\" href=\"https:\/\/www.agoracademie.com\/blog\/formation-coach-de-vie\/#Cette_formation_est-elle_adaptee_a_une_reconversion_professionnelle\" >Cette formation est-elle adapt\u00e9e \u00e0 une reconversion professionnelle ?<\/a><\/li><li class='ez-toc-page-1 ez-toc-heading-level-3'><a class=\"ez-toc-link ez-toc-heading-19\" href=\"https:\/\/www.agoracademie.com\/blog\/formation-coach-de-vie\/#A_qui_sadresse_cette_formation_coach_de_vie\" >\u00c0 qui s\u2019adresse cette formation coach de vie ?<\/a><\/li><li class='ez-toc-page-1 ez-toc-heading-level-3'><a class=\"ez-toc-link ez-toc-heading-20\" href=\"https:\/\/www.agoracademie.com\/blog\/formation-coach-de-vie\/#Peut-on_suivre_la_formation_sans_experience_en_coaching\" >Peut-on suivre la formation sans exp\u00e9rience en coaching ?<\/a><\/li><li class='ez-toc-page-1 ez-toc-heading-level-3'><a class=\"ez-toc-link ez-toc-heading-21\" href=\"https:\/\/www.agoracademie.com\/blog\/formation-coach-de-vie\/#Quel_est_le_role_concret_dun_coach_de_vie\" >Quel est le r\u00f4le concret d\u2019un coach de vie ?<\/a><\/li><li class='ez-toc-page-1 ez-toc-heading-level-3'><a class=\"ez-toc-link ez-toc-heading-22\" href=\"https:\/\/www.agoracademie.com\/blog\/formation-coach-de-vie\/#Quels_types_de_problematiques_peut-on_accompagner\" >Quels types de probl\u00e9matiques peut-on accompagner ?<\/a><\/li><li class='ez-toc-page-1 ez-toc-heading-level-3'><a class=\"ez-toc-link ez-toc-heading-23\" href=\"https:\/\/www.agoracademie.com\/blog\/formation-coach-de-vie\/#Cette_formation_permet-elle_de_creer_son_activite\" >Cette formation permet-elle de cr\u00e9er son activit\u00e9 ?<\/a><\/li><li class='ez-toc-page-1 ez-toc-heading-level-3'><a class=\"ez-toc-link ez-toc-heading-24\" href=\"https:\/\/www.agoracademie.com\/blog\/formation-coach-de-vie\/#Le_coaching_de_vie_est-il_un_metier_stable\" >Le coaching de vie est-il un m\u00e9tier stable ?<\/a><\/li><li class='ez-toc-page-1 ez-toc-heading-level-3'><a class=\"ez-toc-link ez-toc-heading-25\" href=\"https:\/\/www.agoracademie.com\/blog\/formation-coach-de-vie\/#Combien_de_temps_faut-il_pour_devenir_coach_de_vie\" >Combien de temps faut-il pour devenir coach de vie ?<\/a><\/li><li class='ez-toc-page-1 ez-toc-heading-level-3'><a class=\"ez-toc-link ez-toc-heading-26\" href=\"https:\/\/www.agoracademie.com\/blog\/formation-coach-de-vie\/#Peut-on_exercer_en_complement_dune_autre_activite\" >Peut-on exercer en compl\u00e9ment d\u2019une autre activit\u00e9 ?<\/a><\/li><\/ul><\/li><li class='ez-toc-page-1 ez-toc-heading-level-2'><a class=\"ez-toc-link ez-toc-heading-27\" href=\"https:\/\/www.agoracademie.com\/blog\/formation-coach-de-vie\/#Pour_resumer\" >Pour r\u00e9sumer<\/a><\/li><\/ul><\/nav><\/div>\n\n<\/div>\n\n\n<div style=\"height:40px\" aria-hidden=\"true\" class=\"wp-block-spacer\"><\/div>\n\n\n\n<p>Vous cherchez une formation coach de vie pour vous reconvertir ou d\u00e9velopper une activit\u00e9 d\u2019accompagnement ?<\/p>\n\n\n\n<p>Voici un programme structur\u00e9, concret et accessible qui vous permet d\u2019apprendre le m\u00e9tier de coach de vie pas \u00e0 pas, avec une approche centr\u00e9e sur la pratique et le d\u00e9veloppement personnel.<\/p>\n\n\n\n<!--more-->\n\n\n\n<h2 class=\"wp-block-heading\"><span class=\"ez-toc-section\" id=\"Formation_coach_de_vie_et_si_cetait_votre_moment\"><\/span>Formation coach de vie : et si c\u2019\u00e9tait votre moment ?<span class=\"ez-toc-section-end\"><\/span><\/h2>\n\n\n\n<p>Devenir coach de vie, c\u2019est aujourd\u2019hui envisager une reconversion dans un m\u00e9tier tourn\u00e9 vers l\u2019accompagnement humain, la communication et le d\u00e9veloppement personnel.<\/p>\n\n\n\n<p>La demande d\u2019accompagnement est forte :<\/p>\n\n\n\n<ul class=\"wp-block-list\">\n<li>gestion du stress,<\/li>\n\n\n\n<li>perte de sens,<\/li>\n\n\n\n<li>manque de confiance,<\/li>\n\n\n\n<li>difficult\u00e9s relationnelles\u2026<\/li>\n<\/ul>\n\n\n\n<p>Les besoins sont donc nombreux, dans la vie personnelle comme en entreprise.<\/p>\n\n\n\n<p>Notre formation coach de vie a \u00e9t\u00e9 con\u00e7ue pour r\u00e9pondre \u00e0 ces r\u00e9alit\u00e9s concr\u00e8tes, avec une approche simple, structur\u00e9e et directement applicable.<\/p>\n\n\n\n<h2 class=\"wp-block-heading\"><span class=\"ez-toc-section\" id=\"Une_formation_coach_de_vie_concrete_et_accessible\"><\/span>Une formation coach de vie concr\u00e8te et accessible<span class=\"ez-toc-section-end\"><\/span><\/h2>\n\n\n\n<p>Notre programme repose sur une p\u00e9dagogie progressive, pens\u00e9e pour permettre une mont\u00e9e en comp\u00e9tence rapide.<\/p>\n\n\n\n<p>La formation s\u2019articule autour de 4 grands piliers dont voici une courte pr\u00e9sentation :<\/p>\n\n\n\n<h3 class=\"wp-block-heading\"><span class=\"ez-toc-section\" id=\"1_Gestion_du_stress_et_des_emotions\"><\/span>1. Gestion du stress et des \u00e9motions<span class=\"ez-toc-section-end\"><\/span><\/h3>\n\n\n\n<p>Vous apprenez \u00e0 accompagner les probl\u00e9matiques li\u00e9es au stress, \u00e0 l\u2019anxi\u00e9t\u00e9 et aux tensions \u00e9motionnelles, aujourd\u2019hui omnipr\u00e9sentes dans la soci\u00e9t\u00e9.<\/p>\n\n\n\n<h3 class=\"wp-block-heading\"><span class=\"ez-toc-section\" id=\"2_Communication_et_relation_daide\"><\/span>2. Communication et relation d\u2019aide<span class=\"ez-toc-section-end\"><\/span><\/h3>\n\n\n\n<p>Vous d\u00e9veloppez votre capacit\u00e9 \u00e0 \u00e9couter, reformuler et accompagner efficacement une personne dans sa r\u00e9flexion et ses choix.<\/p>\n\n\n\n<h3 class=\"wp-block-heading\"><span class=\"ez-toc-section\" id=\"3_Creativite_et_accompagnement_du_changement\"><\/span>3. Cr\u00e9ativit\u00e9 et accompagnement du changement<span class=\"ez-toc-section-end\"><\/span><\/h3>\n\n\n\n<p>Un coach de vie aide \u00e0 ouvrir de nouvelles perspectives. Ce module vous permet de stimuler la cr\u00e9ativit\u00e9 et les prises de conscience chez vos futurs clients.<\/p>\n\n\n\n<h3 class=\"wp-block-heading\"><span class=\"ez-toc-section\" id=\"4_Construction_de_votre_methode_de_coach\"><\/span>4. Construction de votre m\u00e9thode de coach<span class=\"ez-toc-section-end\"><\/span><\/h3>\n\n\n\n<p>Vous apprenez \u00e0 structurer votre propre posture de coach, en int\u00e9grant les outils et m\u00e9thodes de mani\u00e8re coh\u00e9rente et personnelle.<\/p>\n\n\n\n<h3 class=\"wp-block-heading\"><span class=\"ez-toc-section\" id=\"En_bref_avec_notre_formation_coach_de_vie_vous_allez_trouver_un_programme\"><\/span>En bref, avec notre formation coach de vie vous allez trouver un programme&nbsp;:<span class=\"ez-toc-section-end\"><\/span><\/h3>\n\n\n\n<ul class=\"wp-block-list\">\n<li>tr\u00e8s pratique,<\/li>\n\n\n\n<li>hyper efficace,<\/li>\n\n\n\n<li>facile \u00e0 int\u00e9grer aussi bien au niveau th\u00e9orique que pratique,<\/li>\n\n\n\n<li>pas on\u00e9reux, m\u00eame si vous ne pouvez pas b\u00e9n\u00e9ficier d&rsquo;une prise en charge financi\u00e8re (FAF, OPCA, plan de formation entreprise, aide r\u00e9gionale&#8230;). Et si vous pouvez b\u00e9n\u00e9ficier d&rsquo;une prise en charge, contactez-nous pour obtenir un devis !<\/li>\n<\/ul>\n\n\n\n<h2 class=\"wp-block-heading\"><span class=\"ez-toc-section\" id=\"Une_pedagogie_basee_sur_la_pratique\"><\/span>Une p\u00e9dagogie bas\u00e9e sur la pratique<span class=\"ez-toc-section-end\"><\/span><\/h2>\n\n\n\n<p><strong><a href=\"https:\/\/www.agoracademie.com\/academie\/certification-coaching-formation-certifiante-coach-de-vie-specialise-en-developpement-personnel\">Notre formation au coaching de vie<\/a><\/strong> ne se limite pas \u00e0 la th\u00e9orie, puisqu&rsquo;elle repose sur :<\/p>\n\n\n\n<ul class=\"wp-block-list\">\n<li>une exp\u00e9rimentation personnelle des outils,<\/li>\n\n\n\n<li>des mises en situation concr\u00e8tes,<\/li>\n\n\n\n<li>un travail progressif sur votre posture,<\/li>\n\n\n\n<li>et une supervision tout au long du parcours.<\/li>\n<\/ul>\n\n\n\n<blockquote class=\"wp-block-quote is-layout-flow wp-block-quote-is-layout-flow\">\n<p>L\u2019objectif est simple : vous permettre de comprendre les outils en les vivant d\u2019abord pour vous-m\u00eame, puis en les appliquant \u00e0 l\u2019accompagnement des autres.<\/p>\n<\/blockquote>\n\n\n\n<h2 class=\"wp-block-heading\"><span class=\"ez-toc-section\" id=\"Une_formation_pensee_pour_la_reconversion\"><\/span>Une formation pens\u00e9e pour la reconversion<span class=\"ez-toc-section-end\"><\/span><\/h2>\n\n\n\n<p>Cette formation s\u2019adresse \u00e0 toute personne souhaitant :<\/p>\n\n\n\n<ul class=\"wp-block-list\">\n<li>se reconvertir professionnellement dans l\u2019accompagnement,<\/li>\n\n\n\n<li>d\u00e9velopper une activit\u00e9 ind\u00e9pendante,<\/li>\n\n\n\n<li>enrichir une pratique existante dans le bien-\u00eatre ou la relation d\u2019aide,<\/li>\n\n\n\n<li>acqu\u00e9rir une posture professionnelle de coach.<\/li>\n<\/ul>\n\n\n\n<p>Elle ne n\u00e9cessite pas de pr\u00e9requis particuliers, mais demande une implication personnelle r\u00e9elle.<\/p>\n\n\n\n<h2 class=\"wp-block-heading\"><span class=\"ez-toc-section\" id=\"Une_approche_basee_sur_lexperience\"><\/span>Une approche bas\u00e9e sur l\u2019exp\u00e9rience<span class=\"ez-toc-section-end\"><\/span><\/h2>\n\n\n\n<p>Le coaching ne s\u2019apprend pas uniquement dans les livres.<\/p>\n\n\n\n<p>C\u2019est pourquoi cette formation met l\u2019accent sur :<\/p>\n\n\n\n<ul class=\"wp-block-list\">\n<li>l\u2019exp\u00e9rimentation personnelle,<\/li>\n\n\n\n<li>la mise en pratique progressive,<\/li>\n\n\n\n<li>la supervision p\u00e9dagogique,<\/li>\n\n\n\n<li>et le d\u00e9veloppement de votre posture de coach.<\/li>\n<\/ul>\n\n\n\n<p>Vous n\u2019\u00eates pas uniquement form\u00e9 \u00e0 des techniques, mais \u00e0 une mani\u00e8re d\u2019\u00eatre dans la relation d\u2019aide.<\/p>\n\n\n\n<h2 class=\"wp-block-heading\"><span class=\"ez-toc-section\" id=\"Apres_la_formation_exercer_comme_coach_de_vie\"><\/span>Apr\u00e8s la formation : exercer comme coach de vie<span class=\"ez-toc-section-end\"><\/span><\/h2>\n\n\n\n<p>Une fois la formation termin\u00e9e, vous \u00eates en mesure :<\/p>\n\n\n\n<ul class=\"wp-block-list\">\n<li>d&rsquo;accompagner des particuliers dans leurs objectifs personnels,<\/li>\n\n\n\n<li>d&rsquo;intervenir sur des probl\u00e9matiques de stress, motivation ou confiance,<\/li>\n\n\n\n<li>de construire progressivement votre activit\u00e9 de coach,<\/li>\n\n\n\n<li>et de d\u00e9velopper votre propre approche professionnelle.<\/li>\n<\/ul>\n\n\n\n<h2 class=\"wp-block-heading\"><span class=\"ez-toc-section\" id=\"Point_de_vue_nuance\"><\/span>Point de vue nuanc\u00e9<span class=\"ez-toc-section-end\"><\/span><\/h2>\n\n\n\n<p>Il est important de pr\u00e9ciser ici que devenir coach de vie est une d\u00e9marche engageante.<\/p>\n\n\n\n<p>En effet, ce m\u00e9tier demande :<\/p>\n\n\n\n<ul class=\"wp-block-list\">\n<li>une r\u00e9elle implication personnelle,<\/li>\n\n\n\n<li>une capacit\u00e9 d\u2019\u00e9coute d\u00e9velopp\u00e9e,<\/li>\n\n\n\n<li>et une pratique r\u00e9guli\u00e8re et intense.<\/li>\n<\/ul>\n\n\n\n<p>Une formation ne suffit pas \u00e0 elle seule, car c\u2019est la combinaison entre apprentissage, exp\u00e9rience et pratique qui construit un coach comp\u00e9tent.<\/p>\n\n\n\n<p>Il convient donc de vous assurer que cette d\u00e9marche engageante est bien celle que vous recherchez avant de vous inscrire \u00e0 une formation.<\/p>\n\n\n\n<h2 class=\"wp-block-heading\"><span class=\"ez-toc-section\" id=\"5_bonnes_raisons_de_suivre_cette_formation_coach_de_vie\"><\/span>5 bonnes raisons de suivre cette formation coach de vie<span class=\"ez-toc-section-end\"><\/span><\/h2>\n\n\n\n<p>Pour r\u00e9sumer cette pr\u00e9sentation, comme on nous pose souvent cette question, voici 5 bonnes raisons de choisir notre formation&nbsp;!<\/p>\n\n\n\n<ol class=\"wp-block-list\">\n<li>Une progression claire et structur\u00e9e en plusieurs \u00e9tapes.<\/li>\n\n\n\n<li>Une approche centr\u00e9e sur la pratique et l\u2019exp\u00e9rimentation.<\/li>\n\n\n\n<li>Un apprentissage des fondamentaux du coaching et de la relation d\u2019aide.<\/li>\n\n\n\n<li>Un accompagnement p\u00e9dagogique tout au long du parcours.<\/li>\n\n\n\n<li>Une <a href=\"https:\/\/www.agoracademie.com\/blog\/reconversion-coach-de-vie\/\">possibilit\u00e9 r\u00e9elle de reconversion professionnelle<\/a>.<\/li>\n<\/ol>\n\n\n\n<h2 class=\"wp-block-heading\"><span class=\"ez-toc-section\" id=\"FAQ_%E2%80%93_Formation_coach_de_vie\"><\/span>FAQ \u2013 Formation coach de vie<span class=\"ez-toc-section-end\"><\/span><\/h2>\n\n\n\n<h3 class=\"wp-block-heading\"><span class=\"ez-toc-section\" id=\"La_formation_suffit-elle_pour_devenir_coach\"><\/span>La formation suffit-elle pour devenir coach ?<span class=\"ez-toc-section-end\"><\/span><\/h3>\n\n\n\n<p>Elle permet d\u2019acqu\u00e9rir les bases essentielles du m\u00e9tier de coach de vie, notamment les outils, la posture et les m\u00e9thodes d\u2019accompagnement.<br>Cependant, comme pour tout m\u00e9tier de la relation humaine, la pratique r\u00e9guli\u00e8re et l\u2019exp\u00e9rience terrain sont indispensables pour d\u00e9velopper une activit\u00e9 solide et cr\u00e9dible.<\/p>\n\n\n\n<h3 class=\"wp-block-heading\"><span class=\"ez-toc-section\" id=\"Peut-on_exercer_immediatement_apres_la_formation\"><\/span>Peut-on exercer imm\u00e9diatement apr\u00e8s la formation ?<span class=\"ez-toc-section-end\"><\/span><\/h3>\n\n\n\n<p>Oui, il est possible de commencer \u00e0 accompagner des personnes d\u00e8s la fin de la formation.<br>Toutefois, il est fortement recommand\u00e9 de continuer \u00e0 pratiquer, \u00e0 se former et \u00e0 b\u00e9n\u00e9ficier d\u2019un accompagnement ou d\u2019une supervision au d\u00e9but de son activit\u00e9 afin de consolider sa posture de coach.<\/p>\n\n\n\n<h3 class=\"wp-block-heading\"><span class=\"ez-toc-section\" id=\"Faut-il_un_diplome_pour_devenir_coach_de_vie\"><\/span>Faut-il un dipl\u00f4me pour devenir coach de vie ?<span class=\"ez-toc-section-end\"><\/span><\/h3>\n\n\n\n<p>Non, le m\u00e9tier de coach de vie n\u2019est pas r\u00e9glement\u00e9 en France. Il n\u2019existe donc pas de dipl\u00f4me d\u2019\u00c9tat obligatoire.<br>En revanche, suivre une formation structur\u00e9e et s\u00e9rieuse est essentiel pour acqu\u00e9rir des comp\u00e9tences professionnelles et inspirer confiance \u00e0 ses futurs clients.<\/p>\n\n\n\n<h3 class=\"wp-block-heading\"><span class=\"ez-toc-section\" id=\"Cette_formation_est-elle_adaptee_a_une_reconversion_professionnelle\"><\/span>Cette formation est-elle adapt\u00e9e \u00e0 une reconversion professionnelle ?<span class=\"ez-toc-section-end\"><\/span><\/h3>\n\n\n\n<p>Oui, cette formation est sp\u00e9cialement con\u00e7ue pour les personnes en reconversion.<br>Elle permet d\u2019<a href=\"https:\/\/www.agoracademie.com\/blog\/metier-coach-de-vie\/\">apprendre progressivement le m\u00e9tier de coach de vie<\/a> tout en d\u00e9veloppant sa posture personnelle et professionnelle.<\/p>\n\n\n\n<h3 class=\"wp-block-heading\"><span class=\"ez-toc-section\" id=\"A_qui_sadresse_cette_formation_coach_de_vie\"><\/span>\u00c0 qui s\u2019adresse cette formation coach de vie ?<span class=\"ez-toc-section-end\"><\/span><\/h3>\n\n\n\n<p>Elle s\u2019adresse aux personnes souhaitant exercer dans l\u2019accompagnement humain, que ce soit dans le cadre d\u2019une reconversion, d\u2019un compl\u00e9ment d\u2019activit\u00e9 ou d\u2019un projet entrepreneurial dans le bien-\u00eatre et <a href=\"https:\/\/www.agoracademie.com\/academie\/formation-coach-developpement-personnel-en-ligne\">le d\u00e9veloppement personnel<\/a>.<\/p>\n\n\n\n<h3 class=\"wp-block-heading\"><span class=\"ez-toc-section\" id=\"Peut-on_suivre_la_formation_sans_experience_en_coaching\"><\/span>Peut-on suivre la formation sans exp\u00e9rience en coaching ?<span class=\"ez-toc-section-end\"><\/span><\/h3>\n\n\n\n<p>Oui, aucun pr\u00e9requis en coaching n\u2019est n\u00e9cessaire.<br>La formation est pens\u00e9e pour accompagner les d\u00e9butants pas \u00e0 pas, avec une progression structur\u00e9e et des outils accessibles.<\/p>\n\n\n\n<h3 class=\"wp-block-heading\"><span class=\"ez-toc-section\" id=\"Quel_est_le_role_concret_dun_coach_de_vie\"><\/span>Quel est le r\u00f4le concret d\u2019un coach de vie ?<span class=\"ez-toc-section-end\"><\/span><\/h3>\n\n\n\n<p>Le coach de vie accompagne une personne dans l\u2019atteinte de ses objectifs personnels ou professionnels.<br>Il ne donne pas de solutions toutes faites, mais aide \u00e0 clarifier les situations, \u00e0 d\u00e9passer les blocages et \u00e0 activer les ressources de la personne accompagn\u00e9e.<\/p>\n\n\n\n<h3 class=\"wp-block-heading\"><span class=\"ez-toc-section\" id=\"Quels_types_de_problematiques_peut-on_accompagner\"><\/span>Quels types de probl\u00e9matiques peut-on accompagner ?<span class=\"ez-toc-section-end\"><\/span><\/h3>\n\n\n\n<p>Un coach de vie peut intervenir sur des th\u00e9matiques vari\u00e9es comme :<\/p>\n\n\n\n<ul class=\"wp-block-list\">\n<li>le stress et la gestion des \u00e9motions,<\/li>\n\n\n\n<li>le manque de confiance en soi,<\/li>\n\n\n\n<li>la prise de d\u00e9cision,<\/li>\n\n\n\n<li>la motivation,<\/li>\n\n\n\n<li>les transitions de vie personnelle ou professionnelle&#8230;<\/li>\n<\/ul>\n\n\n\n<h3 class=\"wp-block-heading\"><span class=\"ez-toc-section\" id=\"Cette_formation_permet-elle_de_creer_son_activite\"><\/span>Cette formation permet-elle de cr\u00e9er son activit\u00e9 ?<span class=\"ez-toc-section-end\"><\/span><\/h3>\n\n\n\n<p>Oui, l\u2019objectif est de permettre aux apprenants de construire progressivement leur propre activit\u00e9 de coach.<br>Cela inclut la posture, les outils, mais aussi la r\u00e9flexion sur le positionnement et la pratique professionnelle.<\/p>\n\n\n\n<h3 class=\"wp-block-heading\"><span class=\"ez-toc-section\" id=\"Le_coaching_de_vie_est-il_un_metier_stable\"><\/span>Le coaching de vie est-il un m\u00e9tier stable ?<span class=\"ez-toc-section-end\"><\/span><\/h3>\n\n\n\n<p>Le coaching est un m\u00e9tier en d\u00e9veloppement, port\u00e9 par une forte demande d\u2019accompagnement personnel et professionnel.<br>Comme dans toute activit\u00e9 ind\u00e9pendante, la stabilit\u00e9 d\u00e9pend ensuite de la qualit\u00e9 de la pratique, du positionnement et de la capacit\u00e9 \u00e0 d\u00e9velopper sa client\u00e8le.<\/p>\n\n\n\n<h3 class=\"wp-block-heading\"><span class=\"ez-toc-section\" id=\"Combien_de_temps_faut-il_pour_devenir_coach_de_vie\"><\/span>Combien de temps faut-il pour devenir coach de vie ?<span class=\"ez-toc-section-end\"><\/span><\/h3>\n\n\n\n<p>La dur\u00e9e d\u00e9pend du rythme de formation et de pratique.<br>En g\u00e9n\u00e9ral, quelques mois suffisent pour acqu\u00e9rir les bases, mais la construction d\u2019une v\u00e9ritable expertise se fait dans le temps, avec l\u2019exp\u00e9rience.<\/p>\n\n\n\n<h3 class=\"wp-block-heading\"><span class=\"ez-toc-section\" id=\"Peut-on_exercer_en_complement_dune_autre_activite\"><\/span>Peut-on exercer en compl\u00e9ment d\u2019une autre activit\u00e9 ?<span class=\"ez-toc-section-end\"><\/span><\/h3>\n\n\n\n<p>Oui, beaucoup de coachs commencent leur activit\u00e9 en parall\u00e8le d\u2019un emploi principal avant de se d\u00e9velopper progressivement \u00e0 temps plein.<\/p>\n\n\n\n<h2 class=\"wp-block-heading\"><span class=\"ez-toc-section\" id=\"Pour_resumer\"><\/span>Pour r\u00e9sumer<span class=\"ez-toc-section-end\"><\/span><\/h2>\n\n\n\n<p>Notre formation coach de vie propose une approche structur\u00e9e, progressive et centr\u00e9e sur la pratique.<\/p>\n\n\n\n<p>Elle s\u2019adresse \u00e0 toute personne souhaitant s\u2019orienter vers un m\u00e9tier d\u2019accompagnement, avec une vision concr\u00e8te du coaching et une mont\u00e9e en comp\u00e9tence \u00e9tape par \u00e9tape.<\/p>\n\n\n\n<p>Si vous souhaitez aller plus loin, vous pouvez d\u00e9couvrir le programme d\u00e9taill\u00e9 et \u00e9changer directement avec le formateur.<\/p>\n\n\n\n<div class=\"wp-block-magic-content-box-content-box aligncenter magic-content-box-1393f53d-d02b-4 magic-content-box-contentBox block-wrapper-background content-align-center\"><style>.magic-content-box-1393f53d-d02b-4 .magic-content-box-content-wrapper{text-align:center;margin-top:30px;margin-bottom:30px}.magic-content-box-1393f53d-d02b-4 .magic-content-box-section-header-wrapper{border-color:#ff201f}.magic-content-box-1393f53d-d02b-4 .magic-content-box-mainheader-wrap{box-shadow:0px 6px 12px -10px #000;border-radius:5px;background-color:#fff}.magic-content-box-1393f53d-d02b-4 .magic-content-box-section-wrapper{padding-top:30px;padding-right:30px;padding-bottom:30px;padding-left:30px;margin-top:0px;margin-right:0px;margin-bottom:0px;margin-left:0px}.magic-content-box-1393f53d-d02b-4 .magic-content-box-section-head-wrap{text-align:center;padding-top:0px;padding-right:0px;padding-bottom:0px;margin-top:0px;margin-bottom:0px;padding-left:0px}.magic-content-box-1393f53d-d02b-4 .magic-content-box-section-head-wrap .magic-content-box-title{color:#404040;font-size:32px;font-family:Default;padding-top:5px;padding-bottom:5px}.magic-content-box-1393f53d-d02b-4 .magic-content-box-section-head-wrap .magic-content-box-subtitle{color:#6d6d6d;font-size:18px;font-family:Default;padding-top:5px;padding-bottom:5px}.magic-content-box-1393f53d-d02b-4 .magic-content-box-title-dash{color:#ff201f}.magic-content-box-1393f53d-d02b-4 .magic-content-box-block-button span{color:#fff;border-width:1px;font-size:16px;font-family:Default}.magic-content-box-1393f53d-d02b-4 .magic-content-box-block-button .magic-content-box-button{background-color:#ff201f}.magic-content-box-1393f53d-d02b-4 .magic-content-box-block-button i{color:#fff;font-size:13px}.magic-content-box-1393f53d-d02b-4 .magic-content-box-block-button{margin-top:10px;margin-bottom:10px}.magic-content-box-1393f53d-d02b-4 .magic-content-box-button{padding-top:5px;padding-right:15px;padding-bottom:5px;padding-left:15px}@media screen and (max-width:1025px){.magic-content-box-1393f53d-d02b-4 .magic-content-box-section-head-wrap .magic-content-box-title{font-size:undefinedpx}.magic-content-box-1393f53d-d02b-4 .magic-content-box-section-head-wrap .magic-content-box-subtitle{font-size:undefinedpx}.magic-content-box-1393f53d-d02b-4 .magic-content-box-block-button span{font-size:undefinedpx}.magic-content-box-1393f53d-d02b-4 .magic-content-box-block-button i{font-size:px}}@media screen and (max-width:767px){.magic-content-box-1393f53d-d02b-4 .magic-content-box-section-head-wrap .magic-content-box-title{font-size:undefinedpx}.magic-content-box-1393f53d-d02b-4 .magic-content-box-section-head-wrap .magic-content-box-subtitle{font-size:undefinedpx}.magic-content-box-1393f53d-d02b-4 .magic-content-box-block-button span{font-size:undefinedpx}.magic-content-box-1393f53d-d02b-4 .magic-content-box-block-button i{font-size:px}}<\/style><div class=\"content-wrapper-inner\"><div class=\"magic-content-box-content-wrapper magic-content-box-blocks reverse-img has-background style-1\"><div class=\"content-img-wrap\"><img decoding=\"async\" src=\"https:\/\/www.agoracademie.com\/blog\/wp-content\/uploads\/2025\/05\/formation-stress.jpg\" alt=\"Devenir coach de vie gr\u00e2ce \u00e0 notre formation en ligne et \u00e0 distance\" class=\"\"\/><\/div><div class=\"magic-content-box-section-wrapper magic-content-box-mainheader-wrap\"><div class=\"magic-content-box-section-header-wrapper magic-content-box-blocks\"><div class=\"magic-content-box-section-head-wrap magic-content-box-style1 magic-content-box-center\"><div class=\"magic-content-box-title-wrapper\"><span class=\"magic-content-box-title-dash magic-content-box-upper-dash\"><\/span><h4 class=\"magic-content-box-title\">Devenez coach de vie<\/h4><span class=\"magic-content-box-title-dash magic-content-box-lower-dash\"><\/span><\/div><div class=\"magic-content-box-subtitle-wrapper\"><span class=\"magic-content-box-title-dash magic-content-box-upper-dash\"><\/span><p class=\"magic-content-box-subtitle\">D\u00e9couvrez le programme de notre formation proposant de valider 4 certificats (en 1 seule formation)<\/p><span class=\"magic-content-box-title-dash magic-content-box-lower-dash\"><\/span><\/div><\/div><\/div><div class=\"magic-content-box-desc-btn-wrap\"><div class=\"magic-content-box-block-button\"><a href=\"https:\/\/www.agoracademie.com\/academie\/certification-coaching-formation-certifiante-coach-de-vie-specialise-en-developpement-personnel\" class=\"magic-content-box-button magic-content-box-button-shape-rounded magic-content-box-button-size-small hover-style-1 btn-icon-left\"><span>PROGRAMME EN LIGNE<\/span><\/a><\/div><\/div><\/div><\/div><\/div><\/div>\n\n\n\n<div style=\"height:40px\" aria-hidden=\"true\" class=\"wp-block-spacer\"><\/div>\n\n\n\n<figure class=\"wp-block-embed aligncenter is-type-video is-provider-youtube wp-block-embed-youtube wp-embed-aspect-16-9 wp-has-aspect-ratio\"><div class=\"wp-block-embed__wrapper\">\n<iframe loading=\"lazy\" title=\"Formation coach de vie avec Laurent Bertrel - 100 % en ligne &amp; \u00e0 distance\" width=\"960\" height=\"540\" src=\"https:\/\/www.youtube.com\/embed\/GymWQOhU5b4?feature=oembed\" frameborder=\"0\" allow=\"accelerometer; autoplay; clipboard-write; encrypted-media; gyroscope; picture-in-picture; web-share\" referrerpolicy=\"strict-origin-when-cross-origin\" allowfullscreen><\/iframe>\n<\/div><\/figure>\n\n\n\n<div style=\"height:40px\" aria-hidden=\"true\" class=\"wp-block-spacer\"><\/div>\n\n\n\n<p><strong><em>Derni\u00e8re mise \u00e0 jour de cet article le 07 avril 2026<\/em><\/strong><\/p>\n","protected":false},"excerpt":{"rendered":"<p>Vous cherchez une formation coach de vie pour vous reconvertir ou d\u00e9velopper une activit\u00e9 d\u2019accompagnement ? Voici un programme structur\u00e9, concret et accessible qui vous permet d\u2019apprendre le m\u00e9tier de coach de vie pas \u00e0 pas, avec une approche centr\u00e9e sur la pratique et le d\u00e9veloppement personnel.<\/p>\n","protected":false},"author":2,"featured_media":0,"comment_status":"open","ping_status":"closed","sticky":false,"template":"","format":"standard","meta":{"_bbp_topic_count":0,"_bbp_reply_count":0,"_bbp_total_topic_count":0,"_bbp_total_reply_count":0,"_bbp_voice_count":0,"_bbp_anonymous_reply_count":0,"_bbp_topic_count_hidden":0,"_bbp_reply_count_hidden":0,"_bbp_forum_subforum_count":0,"footnotes":""},"categories":[6],"tags":[],"class_list":["post-10123","post","type-post","status-publish","format-standard","hentry","category-formation-en-developpement-personnel"],"yoast_head":"<!-- This site is optimized with the Yoast SEO plugin v27.4 - https:\/\/yoast.com\/product\/yoast-seo-wordpress\/ -->\n<title>Formation coach de vie : devenir coach en quelques mois<\/title>\n<meta name=\"description\" content=\"Devenez coach de vie avec une formation pratique, certifiante et accessible. Programme complet avec accompagnement personnalis\u00e9.\" \/>\n<meta name=\"robots\" content=\"index, follow, max-snippet:-1, max-image-preview:large, max-video-preview:-1\" \/>\n<link rel=\"canonical\" href=\"https:\/\/www.agoracademie.com\/blog\/formation-coach-de-vie\/\" \/>\n<meta property=\"og:locale\" content=\"fr_FR\" \/>\n<meta property=\"og:type\" content=\"article\" \/>\n<meta property=\"og:title\" content=\"Formation coach de vie : devenir coach en quelques mois\" \/>\n<meta property=\"og:description\" content=\"Devenez coach de vie avec une formation pratique, certifiante et accessible. Programme complet avec accompagnement personnalis\u00e9.\" \/>\n<meta property=\"og:url\" content=\"https:\/\/www.agoracademie.com\/blog\/formation-coach-de-vie\/\" \/>\n<meta property=\"og:site_name\" content=\"Agoracad\u00e9mie\" \/>\n<meta property=\"article:published_time\" content=\"2021-09-24T08:44:00+00:00\" \/>\n<meta property=\"article:modified_time\" content=\"2026-04-07T08:35:37+00:00\" \/>\n<meta property=\"og:image\" content=\"https:\/\/www.agoracademie.com\/blog\/wp-content\/uploads\/2021\/09\/formation-coach-de-vie.jpg\" \/>\n\t<meta property=\"og:image:width\" content=\"1079\" \/>\n\t<meta property=\"og:image:height\" content=\"538\" \/>\n\t<meta property=\"og:image:type\" content=\"image\/jpeg\" \/>\n<meta name=\"author\" content=\"Laurent Bertrel\" \/>\n<meta name=\"twitter:label1\" content=\"\u00c9crit par\" \/>\n\t<meta name=\"twitter:data1\" content=\"Laurent Bertrel\" \/>\n\t<meta name=\"twitter:label2\" content=\"Dur\u00e9e de lecture estim\u00e9e\" \/>\n\t<meta name=\"twitter:data2\" content=\"8 minutes\" \/>\n<script type=\"application\/ld+json\" class=\"yoast-schema-graph\">{\"@context\":\"https:\\\/\\\/schema.org\",\"@graph\":[{\"@type\":\"Article\",\"@id\":\"https:\\\/\\\/www.agoracademie.com\\\/blog\\\/formation-coach-de-vie\\\/#article\",\"isPartOf\":{\"@id\":\"https:\\\/\\\/www.agoracademie.com\\\/blog\\\/formation-coach-de-vie\\\/\"},\"author\":{\"name\":\"Laurent Bertrel\",\"@id\":\"https:\\\/\\\/www.agoracademie.com\\\/blog\\\/#\\\/schema\\\/person\\\/c2f110c50be7dcecc05cb4e87f32537f\"},\"headline\":\"Formation coach de vie pour devenir accompagnant professionnel\",\"datePublished\":\"2021-09-24T08:44:00+00:00\",\"dateModified\":\"2026-04-07T08:35:37+00:00\",\"mainEntityOfPage\":{\"@id\":\"https:\\\/\\\/www.agoracademie.com\\\/blog\\\/formation-coach-de-vie\\\/\"},\"wordCount\":1535,\"commentCount\":8,\"image\":{\"@id\":\"https:\\\/\\\/www.agoracademie.com\\\/blog\\\/formation-coach-de-vie\\\/#primaryimage\"},\"thumbnailUrl\":\"https:\\\/\\\/www.agoracademie.com\\\/blog\\\/wp-content\\\/uploads\\\/2021\\\/09\\\/formation-coach-de-vie-1024x511.jpg\",\"articleSection\":[\"Formation\"],\"inLanguage\":\"fr-FR\",\"potentialAction\":[{\"@type\":\"CommentAction\",\"name\":\"Comment\",\"target\":[\"https:\\\/\\\/www.agoracademie.com\\\/blog\\\/formation-coach-de-vie\\\/#respond\"]}]},{\"@type\":\"WebPage\",\"@id\":\"https:\\\/\\\/www.agoracademie.com\\\/blog\\\/formation-coach-de-vie\\\/\",\"url\":\"https:\\\/\\\/www.agoracademie.com\\\/blog\\\/formation-coach-de-vie\\\/\",\"name\":\"Formation coach de vie : devenir coach en quelques mois\",\"isPartOf\":{\"@id\":\"https:\\\/\\\/www.agoracademie.com\\\/blog\\\/#website\"},\"primaryImageOfPage\":{\"@id\":\"https:\\\/\\\/www.agoracademie.com\\\/blog\\\/formation-coach-de-vie\\\/#primaryimage\"},\"image\":{\"@id\":\"https:\\\/\\\/www.agoracademie.com\\\/blog\\\/formation-coach-de-vie\\\/#primaryimage\"},\"thumbnailUrl\":\"https:\\\/\\\/www.agoracademie.com\\\/blog\\\/wp-content\\\/uploads\\\/2021\\\/09\\\/formation-coach-de-vie-1024x511.jpg\",\"datePublished\":\"2021-09-24T08:44:00+00:00\",\"dateModified\":\"2026-04-07T08:35:37+00:00\",\"author\":{\"@id\":\"https:\\\/\\\/www.agoracademie.com\\\/blog\\\/#\\\/schema\\\/person\\\/c2f110c50be7dcecc05cb4e87f32537f\"},\"description\":\"Devenez coach de vie avec une formation pratique, certifiante et accessible. Programme complet avec accompagnement personnalis\u00e9.\",\"breadcrumb\":{\"@id\":\"https:\\\/\\\/www.agoracademie.com\\\/blog\\\/formation-coach-de-vie\\\/#breadcrumb\"},\"inLanguage\":\"fr-FR\",\"potentialAction\":[{\"@type\":\"ReadAction\",\"target\":[\"https:\\\/\\\/www.agoracademie.com\\\/blog\\\/formation-coach-de-vie\\\/\"]}]},{\"@type\":\"ImageObject\",\"inLanguage\":\"fr-FR\",\"@id\":\"https:\\\/\\\/www.agoracademie.com\\\/blog\\\/formation-coach-de-vie\\\/#primaryimage\",\"url\":\"https:\\\/\\\/www.agoracademie.com\\\/blog\\\/wp-content\\\/uploads\\\/2021\\\/09\\\/formation-coach-de-vie.jpg\",\"contentUrl\":\"https:\\\/\\\/www.agoracademie.com\\\/blog\\\/wp-content\\\/uploads\\\/2021\\\/09\\\/formation-coach-de-vie.jpg\",\"width\":1079,\"height\":538,\"caption\":\"Formation\"},{\"@type\":\"BreadcrumbList\",\"@id\":\"https:\\\/\\\/www.agoracademie.com\\\/blog\\\/formation-coach-de-vie\\\/#breadcrumb\",\"itemListElement\":[{\"@type\":\"ListItem\",\"position\":1,\"name\":\"Accueil\",\"item\":\"https:\\\/\\\/www.agoracademie.com\\\/blog\\\/\"},{\"@type\":\"ListItem\",\"position\":2,\"name\":\"Formation coach de vie pour devenir accompagnant professionnel\"}]},{\"@type\":\"WebSite\",\"@id\":\"https:\\\/\\\/www.agoracademie.com\\\/blog\\\/#website\",\"url\":\"https:\\\/\\\/www.agoracademie.com\\\/blog\\\/\",\"name\":\"Blog Agoracad\u00e9mie - Centre de formation en ligne et \u00e0 distance\",\"description\":\"Le blog du d\u00e9veloppement personnel et des th\u00e9rapies\",\"potentialAction\":[{\"@type\":\"SearchAction\",\"target\":{\"@type\":\"EntryPoint\",\"urlTemplate\":\"https:\\\/\\\/www.agoracademie.com\\\/blog\\\/?s={search_term_string}\"},\"query-input\":{\"@type\":\"PropertyValueSpecification\",\"valueRequired\":true,\"valueName\":\"search_term_string\"}}],\"inLanguage\":\"fr-FR\"},{\"@type\":\"Person\",\"@id\":\"https:\\\/\\\/www.agoracademie.com\\\/blog\\\/#\\\/schema\\\/person\\\/c2f110c50be7dcecc05cb4e87f32537f\",\"name\":\"Laurent Bertrel\",\"image\":{\"@type\":\"ImageObject\",\"inLanguage\":\"fr-FR\",\"@id\":\"https:\\\/\\\/secure.gravatar.com\\\/avatar\\\/45841390e6db2f4064cc5f84ee39189cf562b1de36eb5b1b7cc82dee445813a4?s=96&r=g\",\"url\":\"https:\\\/\\\/secure.gravatar.com\\\/avatar\\\/45841390e6db2f4064cc5f84ee39189cf562b1de36eb5b1b7cc82dee445813a4?s=96&r=g\",\"contentUrl\":\"https:\\\/\\\/secure.gravatar.com\\\/avatar\\\/45841390e6db2f4064cc5f84ee39189cf562b1de36eb5b1b7cc82dee445813a4?s=96&r=g\",\"caption\":\"Laurent Bertrel\"},\"description\":\"Laurent Bertrel est le fondateur d'Agoracad\u00e9mie. Titulaire d'une licence en sciences humaines et sociales, d'une ma\u00eetrise et d'un master en psychanalyse, d'un master en \u00e9tudes culturelles parcours \u00e9tudes de genre, du DU connaissances g\u00e9n\u00e9rales de la personne \u00e2g\u00e9e, il est aussi form\u00e9 \u00e0 diff\u00e9rentes approches dont la PNL, la sophrologie, la relaxation, l'hypnose, le coaching, la m\u00e9ditation, les arts martiaux, etc. Auteur de plus de 40 ouvrages, dont 18 livres, il anime plusieurs formations sur Agoracad\u00e9mie et r\u00e9pondra au message que vous allez laisser ci-dessous.\",\"sameAs\":[\"https:\\\/\\\/www.agoracademie.com\\\/\"]}]}<\/script>\n<!-- \/ Yoast SEO plugin. -->","yoast_head_json":{"title":"Formation coach de vie : devenir coach en quelques mois","description":"Devenez coach de vie avec une formation pratique, certifiante et accessible. Programme complet avec accompagnement personnalis\u00e9.","robots":{"index":"index","follow":"follow","max-snippet":"max-snippet:-1","max-image-preview":"max-image-preview:large","max-video-preview":"max-video-preview:-1"},"canonical":"https:\/\/www.agoracademie.com\/blog\/formation-coach-de-vie\/","og_locale":"fr_FR","og_type":"article","og_title":"Formation coach de vie : devenir coach en quelques mois","og_description":"Devenez coach de vie avec une formation pratique, certifiante et accessible. Programme complet avec accompagnement personnalis\u00e9.","og_url":"https:\/\/www.agoracademie.com\/blog\/formation-coach-de-vie\/","og_site_name":"Agoracad\u00e9mie","article_published_time":"2021-09-24T08:44:00+00:00","article_modified_time":"2026-04-07T08:35:37+00:00","og_image":[{"width":1079,"height":538,"url":"https:\/\/www.agoracademie.com\/blog\/wp-content\/uploads\/2021\/09\/formation-coach-de-vie.jpg","type":"image\/jpeg"}],"author":"Laurent Bertrel","twitter_misc":{"\u00c9crit par":"Laurent Bertrel","Dur\u00e9e de lecture estim\u00e9e":"8 minutes"},"schema":{"@context":"https:\/\/schema.org","@graph":[{"@type":"Article","@id":"https:\/\/www.agoracademie.com\/blog\/formation-coach-de-vie\/#article","isPartOf":{"@id":"https:\/\/www.agoracademie.com\/blog\/formation-coach-de-vie\/"},"author":{"name":"Laurent Bertrel","@id":"https:\/\/www.agoracademie.com\/blog\/#\/schema\/person\/c2f110c50be7dcecc05cb4e87f32537f"},"headline":"Formation coach de vie pour devenir accompagnant professionnel","datePublished":"2021-09-24T08:44:00+00:00","dateModified":"2026-04-07T08:35:37+00:00","mainEntityOfPage":{"@id":"https:\/\/www.agoracademie.com\/blog\/formation-coach-de-vie\/"},"wordCount":1535,"commentCount":8,"image":{"@id":"https:\/\/www.agoracademie.com\/blog\/formation-coach-de-vie\/#primaryimage"},"thumbnailUrl":"https:\/\/www.agoracademie.com\/blog\/wp-content\/uploads\/2021\/09\/formation-coach-de-vie-1024x511.jpg","articleSection":["Formation"],"inLanguage":"fr-FR","potentialAction":[{"@type":"CommentAction","name":"Comment","target":["https:\/\/www.agoracademie.com\/blog\/formation-coach-de-vie\/#respond"]}]},{"@type":"WebPage","@id":"https:\/\/www.agoracademie.com\/blog\/formation-coach-de-vie\/","url":"https:\/\/www.agoracademie.com\/blog\/formation-coach-de-vie\/","name":"Formation coach de vie : devenir coach en quelques mois","isPartOf":{"@id":"https:\/\/www.agoracademie.com\/blog\/#website"},"primaryImageOfPage":{"@id":"https:\/\/www.agoracademie.com\/blog\/formation-coach-de-vie\/#primaryimage"},"image":{"@id":"https:\/\/www.agoracademie.com\/blog\/formation-coach-de-vie\/#primaryimage"},"thumbnailUrl":"https:\/\/www.agoracademie.com\/blog\/wp-content\/uploads\/2021\/09\/formation-coach-de-vie-1024x511.jpg","datePublished":"2021-09-24T08:44:00+00:00","dateModified":"2026-04-07T08:35:37+00:00","author":{"@id":"https:\/\/www.agoracademie.com\/blog\/#\/schema\/person\/c2f110c50be7dcecc05cb4e87f32537f"},"description":"Devenez coach de vie avec une formation pratique, certifiante et accessible. Programme complet avec accompagnement personnalis\u00e9.","breadcrumb":{"@id":"https:\/\/www.agoracademie.com\/blog\/formation-coach-de-vie\/#breadcrumb"},"inLanguage":"fr-FR","potentialAction":[{"@type":"ReadAction","target":["https:\/\/www.agoracademie.com\/blog\/formation-coach-de-vie\/"]}]},{"@type":"ImageObject","inLanguage":"fr-FR","@id":"https:\/\/www.agoracademie.com\/blog\/formation-coach-de-vie\/#primaryimage","url":"https:\/\/www.agoracademie.com\/blog\/wp-content\/uploads\/2021\/09\/formation-coach-de-vie.jpg","contentUrl":"https:\/\/www.agoracademie.com\/blog\/wp-content\/uploads\/2021\/09\/formation-coach-de-vie.jpg","width":1079,"height":538,"caption":"Formation"},{"@type":"BreadcrumbList","@id":"https:\/\/www.agoracademie.com\/blog\/formation-coach-de-vie\/#breadcrumb","itemListElement":[{"@type":"ListItem","position":1,"name":"Accueil","item":"https:\/\/www.agoracademie.com\/blog\/"},{"@type":"ListItem","position":2,"name":"Formation coach de vie pour devenir accompagnant professionnel"}]},{"@type":"WebSite","@id":"https:\/\/www.agoracademie.com\/blog\/#website","url":"https:\/\/www.agoracademie.com\/blog\/","name":"Blog Agoracad\u00e9mie - Centre de formation en ligne et \u00e0 distance","description":"Le blog du d\u00e9veloppement personnel et des th\u00e9rapies","potentialAction":[{"@type":"SearchAction","target":{"@type":"EntryPoint","urlTemplate":"https:\/\/www.agoracademie.com\/blog\/?s={search_term_string}"},"query-input":{"@type":"PropertyValueSpecification","valueRequired":true,"valueName":"search_term_string"}}],"inLanguage":"fr-FR"},{"@type":"Person","@id":"https:\/\/www.agoracademie.com\/blog\/#\/schema\/person\/c2f110c50be7dcecc05cb4e87f32537f","name":"Laurent Bertrel","image":{"@type":"ImageObject","inLanguage":"fr-FR","@id":"https:\/\/secure.gravatar.com\/avatar\/45841390e6db2f4064cc5f84ee39189cf562b1de36eb5b1b7cc82dee445813a4?s=96&r=g","url":"https:\/\/secure.gravatar.com\/avatar\/45841390e6db2f4064cc5f84ee39189cf562b1de36eb5b1b7cc82dee445813a4?s=96&r=g","contentUrl":"https:\/\/secure.gravatar.com\/avatar\/45841390e6db2f4064cc5f84ee39189cf562b1de36eb5b1b7cc82dee445813a4?s=96&r=g","caption":"Laurent Bertrel"},"description":"Laurent Bertrel est le fondateur d'Agoracad\u00e9mie. Titulaire d'une licence en sciences humaines et sociales, d'une ma\u00eetrise et d'un master en psychanalyse, d'un master en \u00e9tudes culturelles parcours \u00e9tudes de genre, du DU connaissances g\u00e9n\u00e9rales de la personne \u00e2g\u00e9e, il est aussi form\u00e9 \u00e0 diff\u00e9rentes approches dont la PNL, la sophrologie, la relaxation, l'hypnose, le coaching, la m\u00e9ditation, les arts martiaux, etc. Auteur de plus de 40 ouvrages, dont 18 livres, il anime plusieurs formations sur Agoracad\u00e9mie et r\u00e9pondra au message que vous allez laisser ci-dessous.","sameAs":["https:\/\/www.agoracademie.com\/"]}]}},"acf":[],"_links":{"self":[{"href":"https:\/\/www.agoracademie.com\/blog\/wp-json\/wp\/v2\/posts\/10123","targetHints":{"allow":["GET"]}}],"collection":[{"href":"https:\/\/www.agoracademie.com\/blog\/wp-json\/wp\/v2\/posts"}],"about":[{"href":"https:\/\/www.agoracademie.com\/blog\/wp-json\/wp\/v2\/types\/post"}],"author":[{"embeddable":true,"href":"https:\/\/www.agoracademie.com\/blog\/wp-json\/wp\/v2\/users\/2"}],"replies":[{"embeddable":true,"href":"https:\/\/www.agoracademie.com\/blog\/wp-json\/wp\/v2\/comments?post=10123"}],"version-history":[{"count":29,"href":"https:\/\/www.agoracademie.com\/blog\/wp-json\/wp\/v2\/posts\/10123\/revisions"}],"predecessor-version":[{"id":25465,"href":"https:\/\/www.agoracademie.com\/blog\/wp-json\/wp\/v2\/posts\/10123\/revisions\/25465"}],"wp:attachment":[{"href":"https:\/\/www.agoracademie.com\/blog\/wp-json\/wp\/v2\/media?parent=10123"}],"wp:term":[{"taxonomy":"category","embeddable":true,"href":"https:\/\/www.agoracademie.com\/blog\/wp-json\/wp\/v2\/categories?post=10123"},{"taxonomy":"post_tag","embeddable":true,"href":"https:\/\/www.agoracademie.com\/blog\/wp-json\/wp\/v2\/tags?post=10123"}],"curies":[{"name":"wp","href":"https:\/\/api.w.org\/{rel}","templated":true}]}}