{"id":11192,"date":"2021-07-14T17:24:00","date_gmt":"2021-07-14T15:24:00","guid":{"rendered":"https:\/\/www.agoracademie.com\/blog\/?p=11192"},"modified":"2026-03-01T11:45:59","modified_gmt":"2026-03-01T10:45:59","slug":"coach-francais","status":"publish","type":"post","link":"https:\/\/www.agoracademie.com\/blog\/coach-francais\/","title":{"rendered":"Coach fran\u00e7ais : accompagnement en visio pour expatri\u00e9s et entrepreneurs nomades"},"content":{"rendered":"<div class=\"wp-block-image\">\n<figure class=\"aligncenter size-large\"><img loading=\"lazy\" decoding=\"async\" width=\"1024\" height=\"511\" src=\"https:\/\/www.agoracademie.com\/blog\/wp-content\/uploads\/2023\/06\/coach-francais-1024x511.jpg\" alt=\"Coach fran\u00e7ais pour un accompagnement en visio comme en France\" class=\"wp-image-20561\" srcset=\"https:\/\/www.agoracademie.com\/blog\/wp-content\/uploads\/2023\/06\/coach-francais-1024x511.jpg 1024w, https:\/\/www.agoracademie.com\/blog\/wp-content\/uploads\/2023\/06\/coach-francais-300x150.jpg 300w, https:\/\/www.agoracademie.com\/blog\/wp-content\/uploads\/2023\/06\/coach-francais-768x383.jpg 768w, https:\/\/www.agoracademie.com\/blog\/wp-content\/uploads\/2023\/06\/coach-francais.jpg 1079w\" sizes=\"auto, (max-width: 1024px) 100vw, 1024px\" \/><figcaption class=\"wp-element-caption\">Vous avez le mal du pays ?<\/figcaption><\/figure><div id=\"ez-toc-container\" class=\"ez-toc-v2_0_82_2 ez-toc-wrap-center counter-hierarchy ez-toc-counter ez-toc-transparent ez-toc-container-direction\">\n<div class=\"ez-toc-title-container\">\n<p class=\"ez-toc-title\" style=\"cursor:inherit\">Sommaire<\/p>\n<span class=\"ez-toc-title-toggle\"><a href=\"#\" class=\"ez-toc-pull-right ez-toc-btn ez-toc-btn-xs ez-toc-btn-default ez-toc-toggle\" aria-label=\"Toggle Table of Content\"><span class=\"ez-toc-js-icon-con\"><span class=\"\"><span class=\"eztoc-hide\" style=\"display:none;\">Toggle<\/span><span class=\"ez-toc-icon-toggle-span\"><svg style=\"fill: #999;color:#999\" xmlns=\"http:\/\/www.w3.org\/2000\/svg\" class=\"list-377408\" width=\"20px\" height=\"20px\" viewBox=\"0 0 24 24\" fill=\"none\"><path d=\"M6 6H4v2h2V6zm14 0H8v2h12V6zM4 11h2v2H4v-2zm16 0H8v2h12v-2zM4 16h2v2H4v-2zm16 0H8v2h12v-2z\" fill=\"currentColor\"><\/path><\/svg><svg style=\"fill: #999;color:#999\" class=\"arrow-unsorted-368013\" xmlns=\"http:\/\/www.w3.org\/2000\/svg\" width=\"10px\" height=\"10px\" viewBox=\"0 0 24 24\" version=\"1.2\" baseProfile=\"tiny\"><path d=\"M18.2 9.3l-6.2-6.3-6.2 6.3c-.2.2-.3.4-.3.7s.1.5.3.7c.2.2.4.3.7.3h11c.3 0 .5-.1.7-.3.2-.2.3-.5.3-.7s-.1-.5-.3-.7zM5.8 14.7l6.2 6.3 6.2-6.3c.2-.2.3-.5.3-.7s-.1-.5-.3-.7c-.2-.2-.4-.3-.7-.3h-11c-.3 0-.5.1-.7.3-.2.2-.3.5-.3.7s.1.5.3.7z\"\/><\/svg><\/span><\/span><\/span><\/a><\/span><\/div>\n<nav><ul class='ez-toc-list ez-toc-list-level-1 ' ><li class='ez-toc-page-1 ez-toc-heading-level-2'><a class=\"ez-toc-link ez-toc-heading-1\" href=\"https:\/\/www.agoracademie.com\/blog\/coach-francais\/#Quest-ce_quun_coach_francais\" >Qu\u2019est-ce qu\u2019un coach fran\u00e7ais ?<\/a><\/li><li class='ez-toc-page-1 ez-toc-heading-level-2'><a class=\"ez-toc-link ez-toc-heading-2\" href=\"https:\/\/www.agoracademie.com\/blog\/coach-francais\/#Pourquoi_le_coaching_a_distance_est_particulierement_adapte_aux_expatries\" >Pourquoi le coaching \u00e0 distance est particuli\u00e8rement adapt\u00e9 aux expatri\u00e9s ?<\/a><ul class='ez-toc-list-level-3' ><li class='ez-toc-heading-level-3'><a class=\"ez-toc-link ez-toc-heading-3\" href=\"https:\/\/www.agoracademie.com\/blog\/coach-francais\/#1_Vous_ne_trouvez_pas_toujours_un_coach_francais_dans_votre_ville\" >1. Vous ne trouvez pas toujours un coach fran\u00e7ais dans votre ville<\/a><\/li><li class='ez-toc-page-1 ez-toc-heading-level-3'><a class=\"ez-toc-link ez-toc-heading-4\" href=\"https:\/\/www.agoracademie.com\/blog\/coach-francais\/#2_Parler_francais_ne_suffit_pas\" >2. Parler fran\u00e7ais ne suffit pas<\/a><\/li><li class='ez-toc-page-1 ez-toc-heading-level-3'><a class=\"ez-toc-link ez-toc-heading-5\" href=\"https:\/\/www.agoracademie.com\/blog\/coach-francais\/#3_Le_coaching_est_une_pratique_parfaitement_adaptee_au_distanciel\" >3. Le coaching est une pratique parfaitement adapt\u00e9e au distanciel<\/a><\/li><li class='ez-toc-page-1 ez-toc-heading-level-3'><a class=\"ez-toc-link ez-toc-heading-6\" href=\"https:\/\/www.agoracademie.com\/blog\/coach-francais\/#4_Ideal_pour_les_entrepreneurs_nomades\" >4. Id\u00e9al pour les entrepreneurs nomades<\/a><\/li><li class='ez-toc-page-1 ez-toc-heading-level-3'><a class=\"ez-toc-link ez-toc-heading-7\" href=\"https:\/\/www.agoracademie.com\/blog\/coach-francais\/#Coach_francais\" >Coach fran\u00e7ais<\/a><\/li><\/ul><\/li><li class='ez-toc-page-1 ez-toc-heading-level-2'><a class=\"ez-toc-link ez-toc-heading-8\" href=\"https:\/\/www.agoracademie.com\/blog\/coach-francais\/#Coaching_psychotherapie_psychanalyse_conseil_que_choisir\" >Coaching, psychoth\u00e9rapie, psychanalyse, conseil : que choisir ?<\/a><ul class='ez-toc-list-level-3' ><li class='ez-toc-heading-level-3'><a class=\"ez-toc-link ez-toc-heading-9\" href=\"https:\/\/www.agoracademie.com\/blog\/coach-francais\/#Le_coaching\" >Le coaching<\/a><\/li><li class='ez-toc-page-1 ez-toc-heading-level-3'><a class=\"ez-toc-link ez-toc-heading-10\" href=\"https:\/\/www.agoracademie.com\/blog\/coach-francais\/#La_psychotherapie\" >La psychoth\u00e9rapie<\/a><\/li><li class='ez-toc-page-1 ez-toc-heading-level-3'><a class=\"ez-toc-link ez-toc-heading-11\" href=\"https:\/\/www.agoracademie.com\/blog\/coach-francais\/#La_psychanalyse\" >La psychanalyse<\/a><\/li><li class='ez-toc-page-1 ez-toc-heading-level-3'><a class=\"ez-toc-link ez-toc-heading-12\" href=\"https:\/\/www.agoracademie.com\/blog\/coach-francais\/#Le_conseil\" >Le conseil<\/a><\/li><\/ul><\/li><li class='ez-toc-page-1 ez-toc-heading-level-2'><a class=\"ez-toc-link ez-toc-heading-13\" href=\"https:\/\/www.agoracademie.com\/blog\/coach-francais\/#Soyons_critiques_les_limites_du_coaching_a_distance\" >Soyons critiques : les limites du coaching \u00e0 distance<\/a><ul class='ez-toc-list-level-3' ><li class='ez-toc-heading-level-3'><a class=\"ez-toc-link ez-toc-heading-14\" href=\"https:\/\/www.agoracademie.com\/blog\/coach-francais\/#1_Il_ne_remplace_pas_un_suivi_medical_ou_therapeutique\" >1. Il ne remplace pas un suivi m\u00e9dical ou th\u00e9rapeutique<\/a><\/li><li class='ez-toc-page-1 ez-toc-heading-level-3'><a class=\"ez-toc-link ez-toc-heading-15\" href=\"https:\/\/www.agoracademie.com\/blog\/coach-francais\/#2_Il_demande_de_lautonomie\" >2. Il demande de l\u2019autonomie<\/a><\/li><li class='ez-toc-page-1 ez-toc-heading-level-3'><a class=\"ez-toc-link ez-toc-heading-16\" href=\"https:\/\/www.agoracademie.com\/blog\/coach-francais\/#3_Il_necessite_une_bonne_connexion_et_un_cadre_personnel_stable\" >3. Il n\u00e9cessite une bonne connexion et un cadre personnel stable<\/a><\/li><li class='ez-toc-page-1 ez-toc-heading-level-3'><a class=\"ez-toc-link ez-toc-heading-17\" href=\"https:\/\/www.agoracademie.com\/blog\/coach-francais\/#4_Il_nest_pas_magique\" >4. Il n\u2019est pas magique<\/a><\/li><\/ul><\/li><li class='ez-toc-page-1 ez-toc-heading-level-2'><a class=\"ez-toc-link ez-toc-heading-18\" href=\"https:\/\/www.agoracademie.com\/blog\/coach-francais\/#Les_specificites_psychologiques_de_lexpatriation\" >Les sp\u00e9cificit\u00e9s psychologiques de l\u2019expatriation<\/a><ul class='ez-toc-list-level-3' ><li class='ez-toc-heading-level-3'><a class=\"ez-toc-link ez-toc-heading-19\" href=\"https:\/\/www.agoracademie.com\/blog\/coach-francais\/#1_Le_choc_culturel_visible_et_invisible\" >1. Le choc culturel (visible et invisible)<\/a><\/li><li class='ez-toc-page-1 ez-toc-heading-level-3'><a class=\"ez-toc-link ez-toc-heading-20\" href=\"https:\/\/www.agoracademie.com\/blog\/coach-francais\/#2_La_perte_des_reperes_identitaires\" >2. La perte des rep\u00e8res identitaires<\/a><\/li><li class='ez-toc-page-1 ez-toc-heading-level-3'><a class=\"ez-toc-link ez-toc-heading-21\" href=\"https:\/\/www.agoracademie.com\/blog\/coach-francais\/#3_Lisolement_decisionnel\" >3. L\u2019isolement d\u00e9cisionnel<\/a><\/li><li class='ez-toc-page-1 ez-toc-heading-level-3'><a class=\"ez-toc-link ez-toc-heading-22\" href=\"https:\/\/www.agoracademie.com\/blog\/coach-francais\/#4_Le_double_regard_permanent\" >4. Le double regard permanent<\/a><\/li><li class='ez-toc-page-1 ez-toc-heading-level-3'><a class=\"ez-toc-link ez-toc-heading-23\" href=\"https:\/\/www.agoracademie.com\/blog\/coach-francais\/#5_La_pression_de_la_reussite\" >5. La pression de la r\u00e9ussite<\/a><\/li><li class='ez-toc-page-1 ez-toc-heading-level-3'><a class=\"ez-toc-link ez-toc-heading-24\" href=\"https:\/\/www.agoracademie.com\/blog\/coach-francais\/#6_Lexpatriation_comme_accelerateur_interieur\" >6. L\u2019expatriation comme acc\u00e9l\u00e9rateur int\u00e9rieur<\/a><\/li><\/ul><\/li><li class='ez-toc-page-1 ez-toc-heading-level-2'><a class=\"ez-toc-link ez-toc-heading-25\" href=\"https:\/\/www.agoracademie.com\/blog\/coach-francais\/#Pourquoi_ces_elements_comptent_dans_le_choix_dun_coach\" >Pourquoi ces \u00e9l\u00e9ments comptent dans le choix d\u2019un coach ?<\/a><\/li><li class='ez-toc-page-1 ez-toc-heading-level-2'><a class=\"ez-toc-link ez-toc-heading-26\" href=\"https:\/\/www.agoracademie.com\/blog\/coach-francais\/#Difference_entre_coach_francais_et_coach_international_anglophone\" >Diff\u00e9rence entre coach fran\u00e7ais et coach international anglophone<\/a><ul class='ez-toc-list-level-3' ><li class='ez-toc-heading-level-3'><a class=\"ez-toc-link ez-toc-heading-27\" href=\"https:\/\/www.agoracademie.com\/blog\/coach-francais\/#1_La_comprehension_culturelle_et_sociale\" >1. La compr\u00e9hension culturelle et sociale<\/a><\/li><li class='ez-toc-page-1 ez-toc-heading-level-3'><a class=\"ez-toc-link ez-toc-heading-28\" href=\"https:\/\/www.agoracademie.com\/blog\/coach-francais\/#2_La_prise_en_compte_de_lexpatriation\" >2. La prise en compte de l\u2019expatriation<\/a><\/li><li class='ez-toc-page-1 ez-toc-heading-level-3'><a class=\"ez-toc-link ez-toc-heading-29\" href=\"https:\/\/www.agoracademie.com\/blog\/coach-francais\/#3_La_nuance_dans_le_questionnement_et_la_methodologie\" >3. La nuance dans le questionnement et la m\u00e9thodologie<\/a><\/li><li class='ez-toc-page-1 ez-toc-heading-level-3'><a class=\"ez-toc-link ez-toc-heading-30\" href=\"https:\/\/www.agoracademie.com\/blog\/coach-francais\/#4_Leffet_psychologique_de_la_langue_maternelle\" >4. L\u2019effet psychologique de la langue maternelle<\/a><\/li><li class='ez-toc-page-1 ez-toc-heading-level-3'><a class=\"ez-toc-link ez-toc-heading-31\" href=\"https:\/\/www.agoracademie.com\/blog\/coach-francais\/#5_Quand_choisir_un_coach_international_anglophone\" >5. Quand choisir un coach international anglophone ?<\/a><\/li><\/ul><\/li><li class='ez-toc-page-1 ez-toc-heading-level-2'><a class=\"ez-toc-link ez-toc-heading-32\" href=\"https:\/\/www.agoracademie.com\/blog\/coach-francais\/#Presentation_du_coach_et_de_son_approche_en_visio\" >Pr\u00e9sentation du coach et de son approche en visio<\/a><\/li><li class='ez-toc-page-1 ez-toc-heading-level-2'><a class=\"ez-toc-link ez-toc-heading-33\" href=\"https:\/\/www.agoracademie.com\/blog\/coach-francais\/#A_qui_sadresse_un_coach_francais_en_visio\" >\u00c0 qui s\u2019adresse un coach fran\u00e7ais en visio ?<\/a><\/li><li class='ez-toc-page-1 ez-toc-heading-level-2'><a class=\"ez-toc-link ez-toc-heading-34\" href=\"https:\/\/www.agoracademie.com\/blog\/coach-francais\/#FAQ_%E2%80%93_Coach_francais_en_visio\" >FAQ \u2013 Coach fran\u00e7ais en visio<\/a><ul class='ez-toc-list-level-3' ><li class='ez-toc-heading-level-3'><a class=\"ez-toc-link ez-toc-heading-35\" href=\"https:\/\/www.agoracademie.com\/blog\/coach-francais\/#Le_coaching_a_distance_est-il_aussi_efficace_quen_presentiel\" >Le coaching \u00e0 distance est-il aussi efficace qu\u2019en pr\u00e9sentiel ?<\/a><\/li><li class='ez-toc-page-1 ez-toc-heading-level-3'><a class=\"ez-toc-link ez-toc-heading-36\" href=\"https:\/\/www.agoracademie.com\/blog\/coach-francais\/#Combien_de_seances_sont_necessaires\" >Combien de s\u00e9ances sont n\u00e9cessaires ?<\/a><\/li><li class='ez-toc-page-1 ez-toc-heading-level-3'><a class=\"ez-toc-link ez-toc-heading-37\" href=\"https:\/\/www.agoracademie.com\/blog\/coach-francais\/#Puis-je_suivre_un_coaching_depuis_nimporte_quel_pays\" >Puis-je suivre un coaching depuis n\u2019importe quel pays ?<\/a><\/li><li class='ez-toc-page-1 ez-toc-heading-level-3'><a class=\"ez-toc-link ez-toc-heading-38\" href=\"https:\/\/www.agoracademie.com\/blog\/coach-francais\/#Le_coaching_remplace-t-il_une_therapie\" >Le coaching remplace-t-il une th\u00e9rapie ?<\/a><\/li><li class='ez-toc-page-1 ez-toc-heading-level-3'><a class=\"ez-toc-link ez-toc-heading-39\" href=\"https:\/\/www.agoracademie.com\/blog\/coach-francais\/#Puis-je_alterner_visio_et_presentiel\" >Puis-je alterner visio et pr\u00e9sentiel ?<\/a><\/li><\/ul><\/li><li class='ez-toc-page-1 ez-toc-heading-level-2'><a class=\"ez-toc-link ez-toc-heading-40\" href=\"https:\/\/www.agoracademie.com\/blog\/coach-francais\/#Pour_resumer\" >Pour r\u00e9sumer<\/a><\/li><\/ul><\/nav><\/div>\n\n<\/div>\n\n\n<div style=\"height:40px\" aria-hidden=\"true\" class=\"wp-block-spacer\"><\/div>\n\n\n\n<p>Coach fran\u00e7ais : vous recherchez un accompagnement en fran\u00e7ais, accessible \u00e0 distance, o\u00f9 que vous soyez en Allemagne, en Europe ou dans le monde ?<\/p>\n\n\n\n<p>Lorsque l\u2019on vit \u00e0 l\u2019\u00e9tranger \u2014 expatri\u00e9\u00b7e, entrepreneur nomade, salari\u00e9 en mobilit\u00e9 internationale \u2014 il n\u2019est pas toujours simple de trouver un professionnel qui comprenne r\u00e9ellement votre culture d\u2019origine, vos r\u00e9f\u00e9rences implicites et les d\u00e9fis sp\u00e9cifiques li\u00e9s \u00e0 l\u2019expatriation.<\/p>\n\n\n\n<!--more-->\n\n\n\n<p>Dans cet article, nous allons clarifier :<\/p>\n\n\n\n<ul class=\"wp-block-list\">\n<li>ce qu\u2019est r\u00e9ellement un coach fran\u00e7ais,<\/li>\n\n\n\n<li>pourquoi le coaching \u00e0 distance est particuli\u00e8rement adapt\u00e9 aux expatri\u00e9s,<\/li>\n\n\n\n<li>quelles m\u00e9thodes alternatives existent (psychoth\u00e9rapie, psychanalyse, conseil),<\/li>\n\n\n\n<li>les limites du coaching en visio,<\/li>\n\n\n\n<li>et comment choisir un accompagnement coh\u00e9rent avec votre situation.<\/li>\n<\/ul>\n\n\n\n<blockquote class=\"wp-block-quote is-layout-flow wp-block-quote-is-layout-flow\">\n<p>L\u2019objectif est ici de vous aider \u00e0 faire un choix \u00e9clair\u00e9.<\/p>\n<\/blockquote>\n\n\n\n<h2 class=\"wp-block-heading\"><span class=\"ez-toc-section\" id=\"Quest-ce_quun_coach_francais\"><\/span>Qu\u2019est-ce qu\u2019un coach fran\u00e7ais ?<span class=\"ez-toc-section-end\"><\/span><\/h2>\n\n\n\n<p>Un coach fran\u00e7ais n\u2019est pas simplement un professionnel qui parle fran\u00e7ais, puisqu&rsquo;il partage en plus de la langue :<\/p>\n\n\n\n<ul class=\"wp-block-list\">\n<li>une culture,<\/li>\n\n\n\n<li>des r\u00e9f\u00e9rences sociales et \u00e9ducatives,<\/li>\n\n\n\n<li>des codes implicites,<\/li>\n\n\n\n<li>une mani\u00e8re particuli\u00e8re d\u2019analyser les situations&#8230;<\/li>\n<\/ul>\n\n\n\n<p><strong>Et cela change tout&nbsp;!<\/strong><\/p>\n\n\n\n<p>En effet, lorsque vous \u00e9voquez :<\/p>\n\n\n\n<ul class=\"wp-block-list\">\n<li>le syst\u00e8me scolaire fran\u00e7ais,<\/li>\n\n\n\n<li>les dynamiques hi\u00e9rarchiques typiquement fran\u00e7aises,<\/li>\n\n\n\n<li>le rapport \u00e0 l\u2019autorit\u00e9,<\/li>\n\n\n\n<li>la relation au travail,<\/li>\n\n\n\n<li>la notion de \u00ab\u00a0s\u00e9curit\u00e9\u00a0\u00bb professionnelle,<\/li>\n\n\n\n<li>le mod\u00e8le entrepreneurial francophone,<\/li>\n\n\n\n<li>ou encore la r\u00e9ussite \u00e0 la fran\u00e7aise (notre <em>American Dream<\/em> \u00e0 nous),<\/li>\n<\/ul>\n\n\n\n<p>un coach fran\u00e7ais comprend imm\u00e9diatement le cadre de r\u00e9f\u00e9rence.<\/p>\n\n\n\n<p><strong>Mais cela ne suffit pas&nbsp;!<\/strong><\/p>\n\n\n\n<p>Pourquoi&nbsp;?<\/p>\n\n\n\n<p>Parce que dans un contexte d\u2019expatriation, il est \u00e9galement essentiel que le coach connaisse, pour l&rsquo;avoir personnellement v\u00e9cu (ou le vivre encore) :<\/p>\n\n\n\n<ul class=\"wp-block-list\">\n<li>le choc culturel<\/li>\n\n\n\n<li>la perte de rep\u00e8res<\/li>\n\n\n\n<li>l\u2019adaptation linguistique<\/li>\n\n\n\n<li>le repositionnement identitaire<\/li>\n\n\n\n<li>les d\u00e9fis administratifs et professionnels li\u00e9s \u00e0 la mobilit\u00e9 internationale,<\/li>\n\n\n\n<li>et bien d&rsquo;autres choses encore que seul un \u00ab\u00a0expat\u00a0\u00bb peut comprendre&#8230;<\/li>\n<\/ul>\n\n\n\n<blockquote class=\"wp-block-quote is-layout-flow wp-block-quote-is-layout-flow\">\n<p>Un coach fran\u00e7ais ayant lui-m\u00eame une exp\u00e9rience d\u2019expatriation poss\u00e8de une double lecture : culture d\u2019origine + culture d\u2019accueil.<\/p>\n<\/blockquote>\n\n\n\n<h2 class=\"wp-block-heading\"><span class=\"ez-toc-section\" id=\"Pourquoi_le_coaching_a_distance_est_particulierement_adapte_aux_expatries\"><\/span>Pourquoi le coaching \u00e0 distance est particuli\u00e8rement adapt\u00e9 aux expatri\u00e9s ?<span class=\"ez-toc-section-end\"><\/span><\/h2>\n\n\n\n<p>Beaucoup d\u2019expatri\u00e9s se posent la question suivante :<\/p>\n\n\n\n<p>\u00ab&nbsp;Dois-je chercher un coach local ou un coach fran\u00e7ais en visio ?&nbsp;\u00bb<\/p>\n\n\n\n<p>Dans de nombreux cas, le coaching \u00e0 distance pr\u00e9sente plusieurs avantages majeurs que voici.<\/p>\n\n\n\n<h3 class=\"wp-block-heading\"><span class=\"ez-toc-section\" id=\"1_Vous_ne_trouvez_pas_toujours_un_coach_francais_dans_votre_ville\"><\/span>1. Vous ne trouvez pas toujours un coach fran\u00e7ais dans votre ville<span class=\"ez-toc-section-end\"><\/span><\/h3>\n\n\n\n<p>Que vous viviez en Allemagne, en Europe de l\u2019Est, en Scandinavie ou ailleurs dans le monde, l\u2019offre locale francophone peut \u00eatre inexistante.<\/p>\n\n\n\n<p>La visio supprime cette contrainte g\u00e9ographique.<\/p>\n\n\n\n<p>Pour un accompagnement sur site \u00e0 Leipzig, vous pouvez consulter notre article d\u00e9di\u00e9 au <a href=\"https:\/\/www.agoracademie.com\/blog\/coaching-leipzig\/\">coaching Leipzig<\/a>.<\/p>\n\n\n\n<h3 class=\"wp-block-heading\"><span class=\"ez-toc-section\" id=\"2_Parler_francais_ne_suffit_pas\"><\/span>2. Parler fran\u00e7ais ne suffit pas<span class=\"ez-toc-section-end\"><\/span><\/h3>\n\n\n\n<p>Un coach francophone n\u2019est pas n\u00e9cessairement fran\u00e7ais.<\/p>\n\n\n\n<p>Or, certaines probl\u00e9matiques li\u00e9es \u00e0 l\u2019expatriation n\u00e9cessitent une compr\u00e9hension fine :<\/p>\n\n\n\n<ul class=\"wp-block-list\">\n<li>rapport \u00e0 la r\u00e9ussite,<\/li>\n\n\n\n<li>rapport \u00e0 l\u2019\u00e9chec,<\/li>\n\n\n\n<li>pression familiale,<\/li>\n\n\n\n<li>mod\u00e8le social fran\u00e7ais,<\/li>\n\n\n\n<li>culture du dipl\u00f4me&#8230;<\/li>\n<\/ul>\n\n\n\n<p>Partager ces r\u00e9f\u00e9rences permet d\u2019aller plus vite et plus loin.<\/p>\n\n\n\n<h3 class=\"wp-block-heading\"><span class=\"ez-toc-section\" id=\"3_Le_coaching_est_une_pratique_parfaitement_adaptee_au_distanciel\"><\/span>3. Le coaching est une pratique parfaitement adapt\u00e9e au distanciel<span class=\"ez-toc-section-end\"><\/span><\/h3>\n\n\n\n<p>Le coaching repose sur :<\/p>\n\n\n\n<ul class=\"wp-block-list\">\n<li>le questionnement,<\/li>\n\n\n\n<li>la clarification,<\/li>\n\n\n\n<li>la structuration,<\/li>\n\n\n\n<li>la mise en action.<\/li>\n<\/ul>\n\n\n\n<p>Ces \u00e9l\u00e9ments fonctionnent tr\u00e8s bien en visio.<\/p>\n\n\n\n<p>De plus, la distance peut parfois faciliter la parole, car \u00eatre chez soi, dans son environnement, favorise le rel\u00e2chement et l\u2019authenticit\u00e9.<\/p>\n\n\n\n<h3 class=\"wp-block-heading\"><span class=\"ez-toc-section\" id=\"4_Ideal_pour_les_entrepreneurs_nomades\"><\/span>4. Id\u00e9al pour les entrepreneurs nomades<span class=\"ez-toc-section-end\"><\/span><\/h3>\n\n\n\n<p>Les entrepreneurs nomades, <em>freelances<\/em> internationaux et cr\u00e9ateurs d\u2019entreprise en mobilit\u00e9 ont besoin de flexibilit\u00e9.<\/p>\n\n\n\n<p>Un coach fran\u00e7ais en visio permet notamment :<\/p>\n\n\n\n<ul class=\"wp-block-list\">\n<li>la r\u00e9gularit\u00e9,<\/li>\n\n\n\n<li>l&rsquo;adaptation aux fuseaux horaires,<\/li>\n\n\n\n<li>la continuit\u00e9 malgr\u00e9 les d\u00e9placements.<\/li>\n<\/ul>\n\n\n\n<div class=\"wp-block-magic-content-box-content-box aligncenter magic-content-box-71832fa4-184c-4 magic-content-box-contentBox block-wrapper-background content-align-center\"><style>.magic-content-box-71832fa4-184c-4 .magic-content-box-content-wrapper{text-align:center;margin-top:30px;margin-bottom:30px}.magic-content-box-71832fa4-184c-4 .magic-content-box-section-header-wrapper{border-color:#ff201f}.magic-content-box-71832fa4-184c-4 .magic-content-box-mainheader-wrap{box-shadow:0px 6px 12px -10px #000;border-radius:5px;background-color:#fff}.magic-content-box-71832fa4-184c-4 .magic-content-box-section-wrapper{padding-top:30px;padding-right:30px;padding-bottom:30px;padding-left:30px;margin-top:0px;margin-right:0px;margin-bottom:0px;margin-left:0px}.magic-content-box-71832fa4-184c-4 .magic-content-box-section-head-wrap{text-align:center;padding-top:0px;padding-right:0px;padding-bottom:0px;margin-top:0px;margin-bottom:0px;padding-left:0px}.magic-content-box-71832fa4-184c-4 .magic-content-box-section-head-wrap .magic-content-box-title{color:#404040;font-size:32px;font-family:Default;padding-top:5px;padding-bottom:5px}.magic-content-box-71832fa4-184c-4 .magic-content-box-section-head-wrap .magic-content-box-subtitle{color:#6d6d6d;font-size:18px;font-family:Default;padding-top:5px;padding-bottom:5px}.magic-content-box-71832fa4-184c-4 .magic-content-box-title-dash{color:#ff201f}.magic-content-box-71832fa4-184c-4 .magic-content-box-block-button span{color:#fff;border-width:1px;font-size:16px;font-family:Default}.magic-content-box-71832fa4-184c-4 .magic-content-box-block-button .magic-content-box-button{background-color:#ff201f}.magic-content-box-71832fa4-184c-4 .magic-content-box-block-button i{color:#fff;font-size:13px}.magic-content-box-71832fa4-184c-4 .magic-content-box-block-button{margin-top:10px;margin-bottom:10px}.magic-content-box-71832fa4-184c-4 .magic-content-box-button{padding-top:5px;padding-right:15px;padding-bottom:5px;padding-left:15px}@media screen and (max-width:1025px){.magic-content-box-71832fa4-184c-4 .magic-content-box-section-head-wrap .magic-content-box-title{font-size:undefinedpx}.magic-content-box-71832fa4-184c-4 .magic-content-box-section-head-wrap .magic-content-box-subtitle{font-size:undefinedpx}.magic-content-box-71832fa4-184c-4 .magic-content-box-block-button span{font-size:undefinedpx}.magic-content-box-71832fa4-184c-4 .magic-content-box-block-button i{font-size:px}}@media screen and (max-width:767px){.magic-content-box-71832fa4-184c-4 .magic-content-box-section-head-wrap .magic-content-box-title{font-size:undefinedpx}.magic-content-box-71832fa4-184c-4 .magic-content-box-section-head-wrap .magic-content-box-subtitle{font-size:undefinedpx}.magic-content-box-71832fa4-184c-4 .magic-content-box-block-button span{font-size:undefinedpx}.magic-content-box-71832fa4-184c-4 .magic-content-box-block-button i{font-size:px}}<\/style><div class=\"content-wrapper-inner\"><div class=\"magic-content-box-content-wrapper magic-content-box-blocks reverse-img has-background style-1\"><div class=\"content-img-wrap\"><img decoding=\"async\" src=\"https:\/\/www.agoracademie.com\/blog\/wp-content\/uploads\/2022\/05\/formation-coaching-personnel.jpg\" alt=\"Contact coach fran\u00e7ais en visio : Laurent Bertrel\" class=\"\"\/><\/div><div class=\"magic-content-box-section-wrapper magic-content-box-mainheader-wrap\"><div class=\"magic-content-box-section-header-wrapper magic-content-box-blocks\"><div class=\"magic-content-box-section-head-wrap magic-content-box-style1 magic-content-box-center\"><div class=\"magic-content-box-title-wrapper\"><span class=\"magic-content-box-title-dash magic-content-box-upper-dash\"><\/span><h3 class=\"magic-content-box-title\"><span class=\"ez-toc-section\" id=\"Coach_francais\"><\/span>Coach fran\u00e7ais<span class=\"ez-toc-section-end\"><\/span><\/h3><span class=\"magic-content-box-title-dash magic-content-box-lower-dash\"><\/span><\/div><div class=\"magic-content-box-subtitle-wrapper\"><span class=\"magic-content-box-title-dash magic-content-box-upper-dash\"><\/span><p class=\"magic-content-box-subtitle\">En Allemagne ou en visio<\/p><span class=\"magic-content-box-title-dash magic-content-box-lower-dash\"><\/span><\/div><\/div><\/div><div class=\"magic-content-box-desc-btn-wrap\"><div class=\"magic-content-box-block-button\"><a href=\"https:\/\/www.agoracademie.com\/contact\" class=\"magic-content-box-button magic-content-box-button-shape-rounded magic-content-box-button-size-small hover-style-1 btn-icon-left\"><span>CONTACTEZ LAURENT BERTREL<\/span><\/a><\/div><\/div><\/div><\/div><\/div><\/div>\n\n\n\n<h2 class=\"wp-block-heading\"><span class=\"ez-toc-section\" id=\"Coaching_psychotherapie_psychanalyse_conseil_que_choisir\"><\/span>Coaching, psychoth\u00e9rapie, psychanalyse, conseil : que choisir ?<span class=\"ez-toc-section-end\"><\/span><\/h2>\n\n\n\n<p>Pour choisir, il est essentiel de bien distinguer les approches et c&rsquo;est ce que nous vous proposons de faire ici en d\u00e9couvrant succinctement les principales m\u00e9thodes d&rsquo;accompagnement.<\/p>\n\n\n\n<h3 class=\"wp-block-heading\"><span class=\"ez-toc-section\" id=\"Le_coaching\"><\/span>Le coaching<span class=\"ez-toc-section-end\"><\/span><\/h3>\n\n\n\n<ul class=\"wp-block-list\">\n<li>Orient\u00e9 objectif<\/li>\n\n\n\n<li>Centr\u00e9 sur le pr\u00e9sent et le futur<\/li>\n\n\n\n<li>Mobilisation des ressources<\/li>\n\n\n\n<li>Dur\u00e9e limit\u00e9e<\/li>\n<\/ul>\n\n\n\n<p><strong>Exemple :<\/strong><\/p>\n\n\n\n<p>Vous souhaitez lancer une activit\u00e9 en Europe mais vous manquez de clart\u00e9 strat\u00e9gique et de confiance.<\/p>\n\n\n\n<p>Le coaching vous aide \u00e0 structurer votre projet et \u00e0 passer \u00e0 l\u2019action.<\/p>\n\n\n\n<h3 class=\"wp-block-heading\"><span class=\"ez-toc-section\" id=\"La_psychotherapie\"><\/span>La psychoth\u00e9rapie<span class=\"ez-toc-section-end\"><\/span><\/h3>\n\n\n\n<ul class=\"wp-block-list\">\n<li>Travail sur la souffrance psychologique<\/li>\n\n\n\n<li>Exploration des sch\u00e9mas r\u00e9p\u00e9titifs<\/li>\n\n\n\n<li>Approche plus profonde et parfois plus longue<\/li>\n<\/ul>\n\n\n\n<p><strong>Exemple :<\/strong><\/p>\n\n\n\n<p>Vous traversez un \u00e9pisode d\u00e9pressif li\u00e9 \u00e0 l\u2019isolement en expatriation.<\/p>\n\n\n\n<p>La priorit\u00e9 peut \u00eatre <a href=\"https:\/\/www.agoracademie.com\/blog\/qu-est-ce-que-la-psychotherapie\/\">psychoth\u00e9rapeutique<\/a>.<\/p>\n\n\n\n<h3 class=\"wp-block-heading\"><span class=\"ez-toc-section\" id=\"La_psychanalyse\"><\/span>La psychanalyse<span class=\"ez-toc-section-end\"><\/span><\/h3>\n\n\n\n<ul class=\"wp-block-list\">\n<li>Exploration des m\u00e9canismes inconscients<\/li>\n\n\n\n<li>Analyse du pass\u00e9 et des conflits internes<\/li>\n<\/ul>\n\n\n\n<p><strong>Exemple :<\/strong><\/p>\n\n\n\n<p>Vous constatez que vous r\u00e9p\u00e9tez les m\u00eames blocages professionnels depuis des ann\u00e9es.<\/p>\n\n\n\n<p>Un travail analytique de type <a href=\"https:\/\/www.agoracademie.com\/blog\/psychanalyse\/\">psychanalyse<\/a> peut \u00eatre pertinent.<\/p>\n\n\n\n<h3 class=\"wp-block-heading\"><span class=\"ez-toc-section\" id=\"Le_conseil\"><\/span>Le conseil<span class=\"ez-toc-section-end\"><\/span><\/h3>\n\n\n\n<ul class=\"wp-block-list\">\n<li>Apport d\u2019expertise technique<\/li>\n\n\n\n<li>Solutions concr\u00e8tes propos\u00e9es par le consultant<\/li>\n<\/ul>\n\n\n\n<p><strong>Exemple :<\/strong><\/p>\n\n\n\n<p>Vous avez besoin d\u2019optimiser votre fiscalit\u00e9 internationale.<\/p>\n\n\n\n<p>Un expert-comptable est plus adapt\u00e9 qu\u2019un coach.<\/p>\n\n\n\n<blockquote class=\"wp-block-quote is-layout-flow wp-block-quote-is-layout-flow\">\n<p>Le bon choix d\u00e9pend donc de votre objectif.<\/p>\n<\/blockquote>\n\n\n\n<h2 class=\"wp-block-heading\"><span class=\"ez-toc-section\" id=\"Soyons_critiques_les_limites_du_coaching_a_distance\"><\/span>Soyons critiques : les limites du coaching \u00e0 distance<span class=\"ez-toc-section-end\"><\/span><\/h2>\n\n\n\n<p>Le coaching en visio pr\u00e9sente aussi des limites et il ne serait pas honn\u00eate de les occulter.<\/p>\n\n\n\n<h3 class=\"wp-block-heading\"><span class=\"ez-toc-section\" id=\"1_Il_ne_remplace_pas_un_suivi_medical_ou_therapeutique\"><\/span>1. Il ne remplace pas un suivi m\u00e9dical ou th\u00e9rapeutique<span class=\"ez-toc-section-end\"><\/span><\/h3>\n\n\n\n<p>En cas de trouble psychologique s\u00e9v\u00e8re, une prise en charge sp\u00e9cialis\u00e9e est prioritaire.<\/p>\n\n\n\n<h3 class=\"wp-block-heading\"><span class=\"ez-toc-section\" id=\"2_Il_demande_de_lautonomie\"><\/span>2. Il demande de l\u2019autonomie<span class=\"ez-toc-section-end\"><\/span><\/h3>\n\n\n\n<p>Le coaching repose sur l\u2019action entre les s\u00e9ances.<\/p>\n\n\n\n<p>\u00c0 distance, cette autonomie est encore plus importante.<\/p>\n\n\n\n<h3 class=\"wp-block-heading\"><span class=\"ez-toc-section\" id=\"3_Il_necessite_une_bonne_connexion_et_un_cadre_personnel_stable\"><\/span>3. Il n\u00e9cessite une bonne connexion et un cadre personnel stable<span class=\"ez-toc-section-end\"><\/span><\/h3>\n\n\n\n<p>Un environnement calme et confidentiel est indispensable.<\/p>\n\n\n\n<h3 class=\"wp-block-heading\"><span class=\"ez-toc-section\" id=\"4_Il_nest_pas_magique\"><\/span>4. Il n\u2019est pas magique<span class=\"ez-toc-section-end\"><\/span><\/h3>\n\n\n\n<p>Un coach fran\u00e7ais ne r\u00e9sout pas les difficult\u00e9s administratives ou structurelles de l\u2019expatriation.<\/p>\n\n\n\n<p>Il aide \u00e0 mieux les traverser, m\u00eame si, au final, la solution sera le retour au pays.<\/p>\n\n\n\n<h2 class=\"wp-block-heading\"><span class=\"ez-toc-section\" id=\"Les_specificites_psychologiques_de_lexpatriation\"><\/span>Les sp\u00e9cificit\u00e9s psychologiques de l\u2019expatriation<span class=\"ez-toc-section-end\"><\/span><\/h2>\n\n\n\n<p>L\u2019expatriation est souvent pr\u00e9sent\u00e9e comme une aventure stimulante :<\/p>\n\n\n\n<ul class=\"wp-block-list\">\n<li>nouvelle culture,<\/li>\n\n\n\n<li>nouvelles opportunit\u00e9s,<\/li>\n\n\n\n<li>ouverture internationale, etc.<\/li>\n<\/ul>\n\n\n\n<p>Pourtant, sur le plan psychologique, elle repr\u00e9sente une <strong>transition majeure<\/strong> qui mobilise en profondeur l\u2019identit\u00e9, les rep\u00e8res et la stabilit\u00e9 \u00e9motionnelle.<\/p>\n\n\n\n<h3 class=\"wp-block-heading\"><span class=\"ez-toc-section\" id=\"1_Le_choc_culturel_visible_et_invisible\"><\/span>1. Le choc culturel (visible et invisible)<span class=\"ez-toc-section-end\"><\/span><\/h3>\n\n\n\n<p>On distingue g\u00e9n\u00e9ralement plusieurs phases :<\/p>\n\n\n\n<ul class=\"wp-block-list\">\n<li>l\u2019enthousiasme initial,<\/li>\n\n\n\n<li>la d\u00e9sillusion,<\/li>\n\n\n\n<li>l\u2019adaptation,<\/li>\n\n\n\n<li>l\u2019int\u00e9gration progressive,<\/li>\n\n\n\n<li>et parfois le retour au pays.<\/li>\n<\/ul>\n\n\n\n<p>La phase de d\u00e9sillusion est souvent sous-estim\u00e9e.<\/p>\n\n\n\n<p>Elle peut se traduire par :<\/p>\n\n\n\n<ul class=\"wp-block-list\">\n<li>de l&rsquo;irritabilit\u00e9,<\/li>\n\n\n\n<li>une fatigue accrue,<\/li>\n\n\n\n<li>un sentiment d\u2019incompr\u00e9hension,<\/li>\n\n\n\n<li>une perte de confiance, etc.<\/li>\n<\/ul>\n\n\n\n<p>M\u00eame lorsque tout \u00ab&nbsp;va bien&nbsp;\u00bb objectivement, un d\u00e9calage subtil peut s\u2019installer :<\/p>\n\n\n\n<ul class=\"wp-block-list\">\n<li>humour diff\u00e9rent,<\/li>\n\n\n\n<li>codes sociaux implicites,<\/li>\n\n\n\n<li>rapport \u00e0 l\u2019autorit\u00e9,<\/li>\n\n\n\n<li>gestion du temps,<\/li>\n\n\n\n<li>style de communication, etc.<\/li>\n<\/ul>\n\n\n\n<h3 class=\"wp-block-heading\"><span class=\"ez-toc-section\" id=\"2_La_perte_des_reperes_identitaires\"><\/span>2. La perte des rep\u00e8res identitaires<span class=\"ez-toc-section-end\"><\/span><\/h3>\n\n\n\n<p>En France, votre identit\u00e9 est soutenue par :<\/p>\n\n\n\n<ul class=\"wp-block-list\">\n<li>votre r\u00e9seau,<\/li>\n\n\n\n<li>votre histoire scolaire et professionnelle,<\/li>\n\n\n\n<li>vos r\u00e9f\u00e9rences culturelles,<\/li>\n\n\n\n<li>votre statut social.<\/li>\n<\/ul>\n\n\n\n<p>\u00c0 l\u2019\u00e9tranger, une partie de ces rep\u00e8res dispara\u00eet ou perd de sa valeur symbolique.<\/p>\n\n\n\n<p>Certains expatri\u00e9s exp\u00e9rimentent alors :<\/p>\n\n\n\n<ul class=\"wp-block-list\">\n<li>une sensation de r\u00e9gression,<\/li>\n\n\n\n<li>une baisse de l\u00e9gitimit\u00e9,<\/li>\n\n\n\n<li>un doute professionnel,<\/li>\n\n\n\n<li>ou encore un questionnement existentiel.<\/li>\n<\/ul>\n\n\n\n<p>Par cons\u00e9quent&nbsp;:<\/p>\n\n\n\n<ul class=\"wp-block-list\">\n<li>Qui suis-je lorsque mes dipl\u00f4mes ne sont pas reconnus de la m\u00eame mani\u00e8re ?<\/li>\n\n\n\n<li>Lorsque mon humour ne fonctionne plus ?<\/li>\n\n\n\n<li>Lorsque je dois expliquer en permanence mon parcours ?&#8230;<\/li>\n<\/ul>\n\n\n\n<h3 class=\"wp-block-heading\"><span class=\"ez-toc-section\" id=\"3_Lisolement_decisionnel\"><\/span>3. L\u2019isolement d\u00e9cisionnel<span class=\"ez-toc-section-end\"><\/span><\/h3>\n\n\n\n<p>En expatriation, les d\u00e9cisions importantes reposent souvent sur un cercle plus restreint, c&rsquo;est-\u00e0-dire avec moins&nbsp;:<\/p>\n\n\n\n<ul class=\"wp-block-list\">\n<li>de famille proche,<\/li>\n\n\n\n<li>d\u2019amis de longue date,<\/li>\n\n\n\n<li>ou de \u00ab\u00a0miroirs sociaux\u00a0\u00bb.<\/li>\n<\/ul>\n\n\n\n<p>Cela peut renforcer l\u2019autonomie\u2026, mais aussi cr\u00e9er une pression psychologique importante, voire douloureuse et m\u00eame dangereuse pour la sant\u00e9.<\/p>\n\n\n\n<h3 class=\"wp-block-heading\"><span class=\"ez-toc-section\" id=\"4_Le_double_regard_permanent\"><\/span>4. Le double regard permanent<span class=\"ez-toc-section-end\"><\/span><\/h3>\n\n\n\n<p>L\u2019expatri\u00e9 d\u00e9veloppe progressivement une double lecture :<\/p>\n\n\n\n<ul class=\"wp-block-list\">\n<li>regard critique sur son pays d\u2019origine,<\/li>\n\n\n\n<li>et regard critique sur le pays d\u2019accueil.<\/li>\n<\/ul>\n\n\n\n<p>Ce positionnement interm\u00e9diaire peut \u00eatre enrichissant, mais aussi d\u00e9stabilisant.<\/p>\n\n\n\n<p>On ne se sent plus totalement \u00ab&nbsp;d\u2019ici&nbsp;\u00bb ni totalement \u00ab&nbsp;de l\u00e0-bas&nbsp;\u00bb.<\/p>\n\n\n\n<h3 class=\"wp-block-heading\"><span class=\"ez-toc-section\" id=\"5_La_pression_de_la_reussite\"><\/span>5. La pression de la r\u00e9ussite<span class=\"ez-toc-section-end\"><\/span><\/h3>\n\n\n\n<p>Beaucoup d\u2019expatriations sont associ\u00e9es \u00e0 un projet ambitieux :<\/p>\n\n\n\n<ul class=\"wp-block-list\">\n<li>carri\u00e8re internationale,<\/li>\n\n\n\n<li>cr\u00e9ation d\u2019entreprise,<\/li>\n\n\n\n<li>mobilit\u00e9 strat\u00e9gique, etc.<\/li>\n<\/ul>\n\n\n\n<p>Cette dynamique peut g\u00e9n\u00e9rer :<\/p>\n\n\n\n<ul class=\"wp-block-list\">\n<li>du perfectionnisme,<\/li>\n\n\n\n<li>un surinvestissement,<\/li>\n\n\n\n<li>la peur de l\u2019\u00e9chec,<\/li>\n\n\n\n<li>une difficult\u00e9 \u00e0 reconna\u00eetre ses fragilit\u00e9s, etc.<\/li>\n<\/ul>\n\n\n\n<p>Demander de l\u2019aide peut alors sembler contradictoire avec l\u2019image de r\u00e9ussite projet\u00e9e.<\/p>\n\n\n\n<h3 class=\"wp-block-heading\"><span class=\"ez-toc-section\" id=\"6_Lexpatriation_comme_accelerateur_interieur\"><\/span>6. L\u2019expatriation comme acc\u00e9l\u00e9rateur int\u00e9rieur<span class=\"ez-toc-section-end\"><\/span><\/h3>\n\n\n\n<p>\u00c0 l\u2019inverse, l\u2019expatriation peut devenir un puissant levier de transformation.<\/p>\n\n\n\n<p>En sortant de son cadre habituel, on red\u00e9finit notamment :<\/p>\n\n\n\n<ul class=\"wp-block-list\">\n<li>ses valeurs,<\/li>\n\n\n\n<li>ses priorit\u00e9s,<\/li>\n\n\n\n<li>sa relation au travail,<\/li>\n\n\n\n<li>sa vision de la r\u00e9ussite.<\/li>\n<\/ul>\n\n\n\n<p>C\u2019est souvent dans cette phase que le coaching prend tout son sens : non pour \u00ab&nbsp;r\u00e9parer&nbsp;\u00bb, mais pour structurer une nouvelle coh\u00e9rence.<\/p>\n\n\n\n<h2 class=\"wp-block-heading\"><span class=\"ez-toc-section\" id=\"Pourquoi_ces_elements_comptent_dans_le_choix_dun_coach\"><\/span>Pourquoi ces \u00e9l\u00e9ments comptent dans le choix d\u2019un coach ?<span class=\"ez-toc-section-end\"><\/span><\/h2>\n\n\n\n<p>Un accompagnement pertinent en expatriation suppose :<\/p>\n\n\n\n<ul class=\"wp-block-list\">\n<li>la compr\u00e9hension des dynamiques identitaires,<\/li>\n\n\n\n<li>la connaissance du choc culturel,<\/li>\n\n\n\n<li>l\u2019exp\u00e9rience personnelle ou professionnelle de la mobilit\u00e9,<\/li>\n\n\n\n<li>la capacit\u00e9 \u00e0 distinguer adaptation normale et v\u00e9ritable souffrance psychologique.<\/li>\n<\/ul>\n\n\n\n<p>Un coach fran\u00e7ais ayant lui-m\u00eame travers\u00e9 l\u2019expatriation (ce qui est bien mon cas) peut offrir un espace de r\u00e9flexion o\u00f9 ces enjeux sont l\u00e9gitim\u00e9s et contextualis\u00e9s, sans dramatisation ni banalisation.<\/p>\n\n\n\n<figure class=\"wp-block-embed aligncenter is-type-video is-provider-youtube wp-block-embed-youtube wp-embed-aspect-16-9 wp-has-aspect-ratio\"><div class=\"wp-block-embed__wrapper\">\n<iframe loading=\"lazy\" title=\"Formation coach de vie avec Laurent Bertrel - 100 % en ligne &amp; \u00e0 distance\" width=\"960\" height=\"540\" src=\"https:\/\/www.youtube.com\/embed\/GymWQOhU5b4?feature=oembed\" frameborder=\"0\" allow=\"accelerometer; autoplay; clipboard-write; encrypted-media; gyroscope; picture-in-picture; web-share\" referrerpolicy=\"strict-origin-when-cross-origin\" allowfullscreen><\/iframe>\n<\/div><\/figure>\n\n\n\n<h2 class=\"wp-block-heading\"><span class=\"ez-toc-section\" id=\"Difference_entre_coach_francais_et_coach_international_anglophone\"><\/span>Diff\u00e9rence entre coach fran\u00e7ais et coach international anglophone<span class=\"ez-toc-section-end\"><\/span><\/h2>\n\n\n\n<p>Lorsque l\u2019on vit \u00e0 l\u2019\u00e9tranger, beaucoup d\u2019expatri\u00e9s se demandent s\u2019il est pr\u00e9f\u00e9rable de travailler avec un coach fran\u00e7ais ou un coach international anglophone.<\/p>\n\n\n\n<p>La distinction ne se limite pas \u00e0 la langue, puiqu&rsquo;elle touche \u00e0 la culture, au cadre de r\u00e9f\u00e9rence et \u00e0 la mani\u00e8re d\u2019aborder les probl\u00e9matiques personnelles ou professionnelles.<\/p>\n\n\n\n<h3 class=\"wp-block-heading\"><span class=\"ez-toc-section\" id=\"1_La_comprehension_culturelle_et_sociale\"><\/span>1. La compr\u00e9hension culturelle et sociale<span class=\"ez-toc-section-end\"><\/span><\/h3>\n\n\n\n<p>Un coach fran\u00e7ais partage votre culture d\u2019origine.<\/p>\n\n\n\n<p>Il conna\u00eet vos codes implicites, vos r\u00e9f\u00e9rences scolaires, professionnelles et sociales, ainsi que votre rapport au travail, \u00e0 l\u2019autorit\u00e9 et aux relations interpersonnelles.<\/p>\n\n\n\n<p>Un coach anglophone, m\u00eame francophone, peut avoir une approche plus universelle ou adapt\u00e9e au contexte anglophone, mais il ne percevra pas toujours les nuances culturelles propres \u00e0 la France. Par exemple :<\/p>\n\n\n\n<ul class=\"wp-block-list\">\n<li>la pression sociale li\u00e9e au dipl\u00f4me ou au prestige,<\/li>\n\n\n\n<li>le rapport \u00e0 la hi\u00e9rarchie dans le cadre professionnel fran\u00e7ais,<\/li>\n\n\n\n<li>les subtilit\u00e9s de communication implicite dans les relations interpersonnelles, etc.<\/li>\n<\/ul>\n\n\n\n<h3 class=\"wp-block-heading\"><span class=\"ez-toc-section\" id=\"2_La_prise_en_compte_de_lexpatriation\"><\/span>2. La prise en compte de l\u2019expatriation<span class=\"ez-toc-section-end\"><\/span><\/h3>\n\n\n\n<p>Le coach fran\u00e7ais ayant lui-m\u00eame une exp\u00e9rience d\u2019expatriation comprend intuitivement les phases d\u2019adaptation culturelle et les difficult\u00e9s li\u00e9es \u00e0 la perte de rep\u00e8res identitaires.<\/p>\n\n\n\n<p>Un coach anglophone, m\u00eame exp\u00e9riment\u00e9 dans l\u2019accompagnement international, aura parfois une lecture plus g\u00e9n\u00e9rique et pourra sous-estimer certains enjeux culturels fran\u00e7ais, notamment \u00e9motionnels et relationnels.<\/p>\n\n\n\n<h3 class=\"wp-block-heading\"><span class=\"ez-toc-section\" id=\"3_La_nuance_dans_le_questionnement_et_la_methodologie\"><\/span>3. La nuance dans le questionnement et la m\u00e9thodologie<span class=\"ez-toc-section-end\"><\/span><\/h3>\n\n\n\n<p>Les m\u00e9thodes de coaching sont souvent similaires \u2014 <a href=\"https:\/\/www.agoracademie.com\/blog\/qu-est-ce-que-la-pnl-programmation-neuro-linguistique\/\">PNL<\/a>, approche solution, techniques de r\u00e9gulation \u00e9motionnelle \u2014 mais la formulation des questions, l\u2019exemple choisi ou l\u2019illustration peuvent varier selon le cadre culturel.<\/p>\n\n\n\n<p>Le coach fran\u00e7ais saura utiliser des r\u00e9f\u00e9rences famili\u00e8res et des comparaisons adapt\u00e9es \u00e0 votre v\u00e9cu, ce qui acc\u00e9l\u00e8re la compr\u00e9hension et la mise en action.<\/p>\n\n\n\n<h3 class=\"wp-block-heading\"><span class=\"ez-toc-section\" id=\"4_Leffet_psychologique_de_la_langue_maternelle\"><\/span>4. L\u2019effet psychologique de la langue maternelle<span class=\"ez-toc-section-end\"><\/span><\/h3>\n\n\n\n<p>M\u00eame si l\u2019anglais est ma\u00eetris\u00e9, parler de ses \u00e9motions, de ses doutes ou de ses projets dans sa langue maternelle reste plus profond, fluide et pr\u00e9cis.<\/p>\n\n\n\n<p>Travailler avec un coach fran\u00e7ais permet donc :<\/p>\n\n\n\n<ul class=\"wp-block-list\">\n<li>d&rsquo;exprimer les nuances sans traduire mentalement,<\/li>\n\n\n\n<li>d&rsquo;\u00e9viter les malentendus culturels ou linguistiques,<\/li>\n\n\n\n<li>de se sentir entendu et compris sur un plan personnel.<\/li>\n<\/ul>\n\n\n\n<h3 class=\"wp-block-heading\"><span class=\"ez-toc-section\" id=\"5_Quand_choisir_un_coach_international_anglophone\"><\/span>5. Quand choisir un coach international anglophone ?<span class=\"ez-toc-section-end\"><\/span><\/h3>\n\n\n\n<p>Un coach anglophone est particuli\u00e8rement pertinent si :<\/p>\n\n\n\n<ul class=\"wp-block-list\">\n<li>votre objectif est d\u2019int\u00e9grer un environnement professionnel anglophone,<\/li>\n\n\n\n<li>vous voulez pratiquer le <em>leadership<\/em> ou la communication dans un contexte international,<\/li>\n\n\n\n<li>vous \u00eates d\u00e9j\u00e0 parfaitement bilingue et cherchez une approche universelle.<\/li>\n<\/ul>\n\n\n\n<p>En revanche, pour des expatri\u00e9s francophones ou des entrepreneurs nomades francophones, un coach fran\u00e7ais \u00e0 distance combine compr\u00e9hension culturelle + flexibilit\u00e9 g\u00e9ographique, ce qui en fait souvent la meilleure option.<\/p>\n\n\n\n<h2 class=\"wp-block-heading\"><span class=\"ez-toc-section\" id=\"Presentation_du_coach_et_de_son_approche_en_visio\"><\/span>Pr\u00e9sentation du coach et de son approche en visio<span class=\"ez-toc-section-end\"><\/span><\/h2>\n\n\n<div class=\"wp-block-image\">\n<figure class=\"alignright\"><img loading=\"lazy\" decoding=\"async\" width=\"105\" height=\"118\" src=\"https:\/\/www.agoracademie.com\/blog\/wp-content\/uploads\/2019\/07\/laurentbertrel.jpg\" alt=\"Laurent Bertrel - Coach de vie et formateur \u00e0 Tours\" class=\"wp-image-11193\" title=\"Laurent Bertrel - Coach de vie et formateur \u00e0 Tours\"\/><\/figure>\n<\/div>\n\n\n<p>Form\u00e9 \u00e0 plusieurs disciplines, le coach fran\u00e7ais <a href=\"https:\/\/www.agoracademie.com\/accueil\/equipe\/laurent-bertrel\">Laurent Bertrel<\/a>, vivant actuellement \u00e0 <a href=\"https:\/\/www.agoracademie.com\/blog\/coach-leipzig\/\">Leipzig<\/a>, propose une approche int\u00e9grative et compl\u00e9mentariste :<\/p>\n\n\n\n<ul class=\"wp-block-list\">\n<li>PNL (Programmation Neuro-Linguistique)<\/li>\n\n\n\n<li>sophrologie et relaxation<\/li>\n\n\n\n<li>hypnose Ericksonienne<\/li>\n\n\n\n<li>coaching orient\u00e9 solution<\/li>\n\n\n\n<li>travail corporel issu des arts martiaux<\/li>\n\n\n\n<li>et psychanalyse.<\/li>\n<\/ul>\n\n\n\n<p>Cette combinaison permet de travailler \u00e0 la fois la :<\/p>\n\n\n\n<ul class=\"wp-block-list\">\n<li>clart\u00e9 cognitive,<\/li>\n\n\n\n<li>r\u00e9gulation \u00e9motionnelle,<\/li>\n\n\n\n<li>posture int\u00e9rieure,<\/li>\n\n\n\n<li>confiance.<\/li>\n<\/ul>\n\n\n\n<p>Ses accompagnements en visio concernent notamment la :<\/p>\n\n\n\n<ul class=\"wp-block-list\">\n<li>gestion du stress et des \u00e9motions,<\/li>\n\n\n\n<li>communication interculturelle,<\/li>\n\n\n\n<li>cr\u00e9ativit\u00e9,<\/li>\n\n\n\n<li>cr\u00e9ation d\u2019entreprise,<\/li>\n\n\n\n<li>transition de vie en expatriation,<\/li>\n\n\n\n<li>et le repositionnement professionnel.<\/li>\n<\/ul>\n\n\n\n<p>Les s\u00e9ances se d\u00e9roulent en visioconf\u00e9rence, sur rendez-vous, avec un cadre clair d\u00e9fini d\u00e8s le d\u00e9part (objectif, dur\u00e9e, fr\u00e9quence).<\/p>\n\n\n\n<h2 class=\"wp-block-heading\"><span class=\"ez-toc-section\" id=\"A_qui_sadresse_un_coach_francais_en_visio\"><\/span>\u00c0 qui s\u2019adresse un coach fran\u00e7ais en visio ?<span class=\"ez-toc-section-end\"><\/span><\/h2>\n\n\n\n<p>La liste suivante n&rsquo;est pas exhaustive, mais cela vous donne d\u00e9j\u00e0 une id\u00e9e pr\u00e9cise&nbsp;:<\/p>\n\n\n\n<ul class=\"wp-block-list\">\n<li>Expatri\u00e9s en Allemagne ou ailleurs en Europe<\/li>\n\n\n\n<li>Fran\u00e7ais install\u00e9s \u00e0 l\u2019\u00e9tranger<\/li>\n\n\n\n<li>Entrepreneurs nomades<\/li>\n\n\n\n<li><em>Freelances<\/em> internationaux<\/li>\n\n\n\n<li>Salari\u00e9s en mobilit\u00e9<\/li>\n\n\n\n<li>Porteurs de projet<\/li>\n<\/ul>\n\n\n\n<blockquote class=\"wp-block-quote is-layout-flow wp-block-quote-is-layout-flow\">\n<p>Travailler avec un coach fran\u00e7ais permet de conserver un ancrage culturel tout en \u00e9voluant dans un contexte international.<\/p>\n<\/blockquote>\n\n\n\n<h2 class=\"wp-block-heading\"><span class=\"ez-toc-section\" id=\"FAQ_%E2%80%93_Coach_francais_en_visio\"><\/span>FAQ \u2013 Coach fran\u00e7ais en visio<span class=\"ez-toc-section-end\"><\/span><\/h2>\n\n\n\n<h3 class=\"wp-block-heading\"><span class=\"ez-toc-section\" id=\"Le_coaching_a_distance_est-il_aussi_efficace_quen_presentiel\"><\/span>Le coaching \u00e0 distance est-il aussi efficace qu\u2019en pr\u00e9sentiel ?<span class=\"ez-toc-section-end\"><\/span><\/h3>\n\n\n\n<p>Oui, si le cadre est bien pos\u00e9 et si l\u2019engagement est r\u00e9el.<\/p>\n\n\n\n<h3 class=\"wp-block-heading\"><span class=\"ez-toc-section\" id=\"Combien_de_seances_sont_necessaires\"><\/span>Combien de s\u00e9ances sont n\u00e9cessaires ?<span class=\"ez-toc-section-end\"><\/span><\/h3>\n\n\n\n<p>Cela d\u00e9pend de l\u2019objectif, mais il faut savoir qu&rsquo;un coaching reste toujours limit\u00e9 dans le temps.<\/p>\n\n\n\n<h3 class=\"wp-block-heading\"><span class=\"ez-toc-section\" id=\"Puis-je_suivre_un_coaching_depuis_nimporte_quel_pays\"><\/span>Puis-je suivre un coaching depuis n\u2019importe quel pays ?<span class=\"ez-toc-section-end\"><\/span><\/h3>\n\n\n\n<p>Oui, sous r\u00e9serve de compatibilit\u00e9 horaire.<\/p>\n\n\n\n<h3 class=\"wp-block-heading\"><span class=\"ez-toc-section\" id=\"Le_coaching_remplace-t-il_une_therapie\"><\/span>Le coaching remplace-t-il une th\u00e9rapie ?<span class=\"ez-toc-section-end\"><\/span><\/h3>\n\n\n\n<p>Non. Les deux approches sont compl\u00e9mentaires mais distinctes.<\/p>\n\n\n\n<h3 class=\"wp-block-heading\"><span class=\"ez-toc-section\" id=\"Puis-je_alterner_visio_et_presentiel\"><\/span>Puis-je alterner visio et pr\u00e9sentiel ?<span class=\"ez-toc-section-end\"><\/span><\/h3>\n\n\n\n<p>Oui, selon les possibilit\u00e9s g\u00e9ographiques, cela peut \u00eatre envisag\u00e9.<\/p>\n\n\n\n<h2 class=\"wp-block-heading\"><span class=\"ez-toc-section\" id=\"Pour_resumer\"><\/span>Pour r\u00e9sumer<span class=\"ez-toc-section-end\"><\/span><\/h2>\n\n\n\n<p>Choisir un coach fran\u00e7ais en visio, c\u2019est privil\u00e9gier :<\/p>\n\n\n\n<ul class=\"wp-block-list\">\n<li>la compr\u00e9hension culturelle,<\/li>\n\n\n\n<li>la flexibilit\u00e9 g\u00e9ographique,<\/li>\n\n\n\n<li>un cadre structur\u00e9 orient\u00e9 objectif.<\/li>\n<\/ul>\n\n\n\n<p>Dans un monde marqu\u00e9 par la mobilit\u00e9 internationale, le coaching \u00e0 distance devient un outil strat\u00e9gique pour clarifier ses choix, renforcer sa stabilit\u00e9 int\u00e9rieure et d\u00e9velopper ses projets au-del\u00e0 des fronti\u00e8res.<\/p>\n\n\n\n<p><em><strong>Derni\u00e8re mise \u00e0 jour de cet article le 01 mars 2026<\/strong><\/em><\/p>\n","protected":false},"excerpt":{"rendered":"<p>Coach fran\u00e7ais : vous recherchez un accompagnement en fran\u00e7ais, accessible \u00e0 distance, o\u00f9 que vous soyez en Allemagne, en Europe ou dans le monde ? Lorsque l\u2019on vit \u00e0 l\u2019\u00e9tranger \u2014 expatri\u00e9\u00b7e, entrepreneur nomade, salari\u00e9 en mobilit\u00e9 internationale \u2014 il n\u2019est pas toujours simple de trouver un professionnel qui comprenne r\u00e9ellement votre culture d\u2019origine, vos r\u00e9f\u00e9rences implicites et les d\u00e9fis sp\u00e9cifiques li\u00e9s \u00e0 l\u2019expatriation.<\/p>\n","protected":false},"author":2,"featured_media":0,"comment_status":"open","ping_status":"closed","sticky":false,"template":"","format":"standard","meta":{"_bbp_topic_count":0,"_bbp_reply_count":0,"_bbp_total_topic_count":0,"_bbp_total_reply_count":0,"_bbp_voice_count":0,"_bbp_anonymous_reply_count":0,"_bbp_topic_count_hidden":0,"_bbp_reply_count_hidden":0,"_bbp_forum_subforum_count":0,"footnotes":""},"categories":[1],"tags":[],"class_list":["post-11192","post","type-post","status-publish","format-standard","hentry","category-info-coaching"],"yoast_head":"<!-- This site is optimized with the Yoast SEO plugin v27.4 - https:\/\/yoast.com\/product\/yoast-seo-wordpress\/ -->\n<title>Coach fran\u00e7ais : accompagnement en visio pour expatri\u00e9s<\/title>\n<meta name=\"description\" content=\"Coach fran\u00e7ais en visio pour expatri\u00e9s et entrepreneurs nomades : guidance personnalis\u00e9e, flexibilit\u00e9 internationale et culture partag\u00e9e.\" \/>\n<meta name=\"robots\" content=\"index, follow, max-snippet:-1, max-image-preview:large, max-video-preview:-1\" \/>\n<link rel=\"canonical\" href=\"https:\/\/www.agoracademie.com\/blog\/coach-francais\/\" \/>\n<meta property=\"og:locale\" content=\"fr_FR\" \/>\n<meta property=\"og:type\" content=\"article\" \/>\n<meta property=\"og:title\" content=\"Coach fran\u00e7ais : accompagnement en visio pour expatri\u00e9s\" \/>\n<meta property=\"og:description\" content=\"Coach fran\u00e7ais en visio pour expatri\u00e9s et entrepreneurs nomades : guidance personnalis\u00e9e, flexibilit\u00e9 internationale et culture partag\u00e9e.\" \/>\n<meta property=\"og:url\" content=\"https:\/\/www.agoracademie.com\/blog\/coach-francais\/\" \/>\n<meta property=\"og:site_name\" content=\"Agoracad\u00e9mie\" \/>\n<meta property=\"article:published_time\" content=\"2021-07-14T15:24:00+00:00\" \/>\n<meta property=\"article:modified_time\" content=\"2026-03-01T10:45:59+00:00\" \/>\n<meta property=\"og:image\" content=\"https:\/\/www.agoracademie.com\/blog\/wp-content\/uploads\/2023\/06\/coach-francais.jpg\" \/>\n\t<meta property=\"og:image:width\" content=\"1079\" \/>\n\t<meta property=\"og:image:height\" content=\"538\" \/>\n\t<meta property=\"og:image:type\" content=\"image\/jpeg\" \/>\n<meta name=\"author\" content=\"Laurent Bertrel\" \/>\n<meta name=\"twitter:label1\" content=\"\u00c9crit par\" \/>\n\t<meta name=\"twitter:data1\" content=\"Laurent Bertrel\" \/>\n\t<meta name=\"twitter:label2\" content=\"Dur\u00e9e de lecture estim\u00e9e\" \/>\n\t<meta name=\"twitter:data2\" content=\"11 minutes\" \/>\n<script type=\"application\/ld+json\" class=\"yoast-schema-graph\">{\"@context\":\"https:\\\/\\\/schema.org\",\"@graph\":[{\"@type\":\"Article\",\"@id\":\"https:\\\/\\\/www.agoracademie.com\\\/blog\\\/coach-francais\\\/#article\",\"isPartOf\":{\"@id\":\"https:\\\/\\\/www.agoracademie.com\\\/blog\\\/coach-francais\\\/\"},\"author\":{\"name\":\"Laurent Bertrel\",\"@id\":\"https:\\\/\\\/www.agoracademie.com\\\/blog\\\/#\\\/schema\\\/person\\\/c2f110c50be7dcecc05cb4e87f32537f\"},\"headline\":\"Coach fran\u00e7ais : accompagnement en visio pour expatri\u00e9s et entrepreneurs nomades\",\"datePublished\":\"2021-07-14T15:24:00+00:00\",\"dateModified\":\"2026-03-01T10:45:59+00:00\",\"mainEntityOfPage\":{\"@id\":\"https:\\\/\\\/www.agoracademie.com\\\/blog\\\/coach-francais\\\/\"},\"wordCount\":2403,\"commentCount\":0,\"image\":{\"@id\":\"https:\\\/\\\/www.agoracademie.com\\\/blog\\\/coach-francais\\\/#primaryimage\"},\"thumbnailUrl\":\"https:\\\/\\\/www.agoracademie.com\\\/blog\\\/wp-content\\\/uploads\\\/2023\\\/06\\\/coach-francais-1024x511.jpg\",\"articleSection\":[\"Coaching &amp; coach\"],\"inLanguage\":\"fr-FR\",\"potentialAction\":[{\"@type\":\"CommentAction\",\"name\":\"Comment\",\"target\":[\"https:\\\/\\\/www.agoracademie.com\\\/blog\\\/coach-francais\\\/#respond\"]}]},{\"@type\":\"WebPage\",\"@id\":\"https:\\\/\\\/www.agoracademie.com\\\/blog\\\/coach-francais\\\/\",\"url\":\"https:\\\/\\\/www.agoracademie.com\\\/blog\\\/coach-francais\\\/\",\"name\":\"Coach fran\u00e7ais : accompagnement en visio pour expatri\u00e9s\",\"isPartOf\":{\"@id\":\"https:\\\/\\\/www.agoracademie.com\\\/blog\\\/#website\"},\"primaryImageOfPage\":{\"@id\":\"https:\\\/\\\/www.agoracademie.com\\\/blog\\\/coach-francais\\\/#primaryimage\"},\"image\":{\"@id\":\"https:\\\/\\\/www.agoracademie.com\\\/blog\\\/coach-francais\\\/#primaryimage\"},\"thumbnailUrl\":\"https:\\\/\\\/www.agoracademie.com\\\/blog\\\/wp-content\\\/uploads\\\/2023\\\/06\\\/coach-francais-1024x511.jpg\",\"datePublished\":\"2021-07-14T15:24:00+00:00\",\"dateModified\":\"2026-03-01T10:45:59+00:00\",\"author\":{\"@id\":\"https:\\\/\\\/www.agoracademie.com\\\/blog\\\/#\\\/schema\\\/person\\\/c2f110c50be7dcecc05cb4e87f32537f\"},\"description\":\"Coach fran\u00e7ais en visio pour expatri\u00e9s et entrepreneurs nomades : guidance personnalis\u00e9e, flexibilit\u00e9 internationale et culture partag\u00e9e.\",\"breadcrumb\":{\"@id\":\"https:\\\/\\\/www.agoracademie.com\\\/blog\\\/coach-francais\\\/#breadcrumb\"},\"inLanguage\":\"fr-FR\",\"potentialAction\":[{\"@type\":\"ReadAction\",\"target\":[\"https:\\\/\\\/www.agoracademie.com\\\/blog\\\/coach-francais\\\/\"]}]},{\"@type\":\"ImageObject\",\"inLanguage\":\"fr-FR\",\"@id\":\"https:\\\/\\\/www.agoracademie.com\\\/blog\\\/coach-francais\\\/#primaryimage\",\"url\":\"https:\\\/\\\/www.agoracademie.com\\\/blog\\\/wp-content\\\/uploads\\\/2023\\\/06\\\/coach-francais.jpg\",\"contentUrl\":\"https:\\\/\\\/www.agoracademie.com\\\/blog\\\/wp-content\\\/uploads\\\/2023\\\/06\\\/coach-francais.jpg\",\"width\":1079,\"height\":538},{\"@type\":\"BreadcrumbList\",\"@id\":\"https:\\\/\\\/www.agoracademie.com\\\/blog\\\/coach-francais\\\/#breadcrumb\",\"itemListElement\":[{\"@type\":\"ListItem\",\"position\":1,\"name\":\"Accueil\",\"item\":\"https:\\\/\\\/www.agoracademie.com\\\/blog\\\/\"},{\"@type\":\"ListItem\",\"position\":2,\"name\":\"Coach fran\u00e7ais : accompagnement en visio pour expatri\u00e9s et entrepreneurs nomades\"}]},{\"@type\":\"WebSite\",\"@id\":\"https:\\\/\\\/www.agoracademie.com\\\/blog\\\/#website\",\"url\":\"https:\\\/\\\/www.agoracademie.com\\\/blog\\\/\",\"name\":\"Blog Agoracad\u00e9mie - Centre de formation en ligne et \u00e0 distance\",\"description\":\"Le blog du d\u00e9veloppement personnel et des th\u00e9rapies\",\"potentialAction\":[{\"@type\":\"SearchAction\",\"target\":{\"@type\":\"EntryPoint\",\"urlTemplate\":\"https:\\\/\\\/www.agoracademie.com\\\/blog\\\/?s={search_term_string}\"},\"query-input\":{\"@type\":\"PropertyValueSpecification\",\"valueRequired\":true,\"valueName\":\"search_term_string\"}}],\"inLanguage\":\"fr-FR\"},{\"@type\":\"Person\",\"@id\":\"https:\\\/\\\/www.agoracademie.com\\\/blog\\\/#\\\/schema\\\/person\\\/c2f110c50be7dcecc05cb4e87f32537f\",\"name\":\"Laurent Bertrel\",\"image\":{\"@type\":\"ImageObject\",\"inLanguage\":\"fr-FR\",\"@id\":\"https:\\\/\\\/secure.gravatar.com\\\/avatar\\\/45841390e6db2f4064cc5f84ee39189cf562b1de36eb5b1b7cc82dee445813a4?s=96&r=g\",\"url\":\"https:\\\/\\\/secure.gravatar.com\\\/avatar\\\/45841390e6db2f4064cc5f84ee39189cf562b1de36eb5b1b7cc82dee445813a4?s=96&r=g\",\"contentUrl\":\"https:\\\/\\\/secure.gravatar.com\\\/avatar\\\/45841390e6db2f4064cc5f84ee39189cf562b1de36eb5b1b7cc82dee445813a4?s=96&r=g\",\"caption\":\"Laurent Bertrel\"},\"description\":\"Laurent Bertrel est le fondateur d'Agoracad\u00e9mie. Titulaire d'une licence en sciences humaines et sociales, d'une ma\u00eetrise et d'un master en psychanalyse, d'un master en \u00e9tudes culturelles parcours \u00e9tudes de genre, du DU connaissances g\u00e9n\u00e9rales de la personne \u00e2g\u00e9e, il est aussi form\u00e9 \u00e0 diff\u00e9rentes approches dont la PNL, la sophrologie, la relaxation, l'hypnose, le coaching, la m\u00e9ditation, les arts martiaux, etc. Auteur de plus de 40 ouvrages, dont 18 livres, il anime plusieurs formations sur Agoracad\u00e9mie et r\u00e9pondra au message que vous allez laisser ci-dessous.\",\"sameAs\":[\"https:\\\/\\\/www.agoracademie.com\\\/\"]}]}<\/script>\n<!-- \/ Yoast SEO plugin. -->","yoast_head_json":{"title":"Coach fran\u00e7ais : accompagnement en visio pour expatri\u00e9s","description":"Coach fran\u00e7ais en visio pour expatri\u00e9s et entrepreneurs nomades : guidance personnalis\u00e9e, flexibilit\u00e9 internationale et culture partag\u00e9e.","robots":{"index":"index","follow":"follow","max-snippet":"max-snippet:-1","max-image-preview":"max-image-preview:large","max-video-preview":"max-video-preview:-1"},"canonical":"https:\/\/www.agoracademie.com\/blog\/coach-francais\/","og_locale":"fr_FR","og_type":"article","og_title":"Coach fran\u00e7ais : accompagnement en visio pour expatri\u00e9s","og_description":"Coach fran\u00e7ais en visio pour expatri\u00e9s et entrepreneurs nomades : guidance personnalis\u00e9e, flexibilit\u00e9 internationale et culture partag\u00e9e.","og_url":"https:\/\/www.agoracademie.com\/blog\/coach-francais\/","og_site_name":"Agoracad\u00e9mie","article_published_time":"2021-07-14T15:24:00+00:00","article_modified_time":"2026-03-01T10:45:59+00:00","og_image":[{"width":1079,"height":538,"url":"https:\/\/www.agoracademie.com\/blog\/wp-content\/uploads\/2023\/06\/coach-francais.jpg","type":"image\/jpeg"}],"author":"Laurent Bertrel","twitter_misc":{"\u00c9crit par":"Laurent Bertrel","Dur\u00e9e de lecture estim\u00e9e":"11 minutes"},"schema":{"@context":"https:\/\/schema.org","@graph":[{"@type":"Article","@id":"https:\/\/www.agoracademie.com\/blog\/coach-francais\/#article","isPartOf":{"@id":"https:\/\/www.agoracademie.com\/blog\/coach-francais\/"},"author":{"name":"Laurent Bertrel","@id":"https:\/\/www.agoracademie.com\/blog\/#\/schema\/person\/c2f110c50be7dcecc05cb4e87f32537f"},"headline":"Coach fran\u00e7ais : accompagnement en visio pour expatri\u00e9s et entrepreneurs nomades","datePublished":"2021-07-14T15:24:00+00:00","dateModified":"2026-03-01T10:45:59+00:00","mainEntityOfPage":{"@id":"https:\/\/www.agoracademie.com\/blog\/coach-francais\/"},"wordCount":2403,"commentCount":0,"image":{"@id":"https:\/\/www.agoracademie.com\/blog\/coach-francais\/#primaryimage"},"thumbnailUrl":"https:\/\/www.agoracademie.com\/blog\/wp-content\/uploads\/2023\/06\/coach-francais-1024x511.jpg","articleSection":["Coaching &amp; coach"],"inLanguage":"fr-FR","potentialAction":[{"@type":"CommentAction","name":"Comment","target":["https:\/\/www.agoracademie.com\/blog\/coach-francais\/#respond"]}]},{"@type":"WebPage","@id":"https:\/\/www.agoracademie.com\/blog\/coach-francais\/","url":"https:\/\/www.agoracademie.com\/blog\/coach-francais\/","name":"Coach fran\u00e7ais : accompagnement en visio pour expatri\u00e9s","isPartOf":{"@id":"https:\/\/www.agoracademie.com\/blog\/#website"},"primaryImageOfPage":{"@id":"https:\/\/www.agoracademie.com\/blog\/coach-francais\/#primaryimage"},"image":{"@id":"https:\/\/www.agoracademie.com\/blog\/coach-francais\/#primaryimage"},"thumbnailUrl":"https:\/\/www.agoracademie.com\/blog\/wp-content\/uploads\/2023\/06\/coach-francais-1024x511.jpg","datePublished":"2021-07-14T15:24:00+00:00","dateModified":"2026-03-01T10:45:59+00:00","author":{"@id":"https:\/\/www.agoracademie.com\/blog\/#\/schema\/person\/c2f110c50be7dcecc05cb4e87f32537f"},"description":"Coach fran\u00e7ais en visio pour expatri\u00e9s et entrepreneurs nomades : guidance personnalis\u00e9e, flexibilit\u00e9 internationale et culture partag\u00e9e.","breadcrumb":{"@id":"https:\/\/www.agoracademie.com\/blog\/coach-francais\/#breadcrumb"},"inLanguage":"fr-FR","potentialAction":[{"@type":"ReadAction","target":["https:\/\/www.agoracademie.com\/blog\/coach-francais\/"]}]},{"@type":"ImageObject","inLanguage":"fr-FR","@id":"https:\/\/www.agoracademie.com\/blog\/coach-francais\/#primaryimage","url":"https:\/\/www.agoracademie.com\/blog\/wp-content\/uploads\/2023\/06\/coach-francais.jpg","contentUrl":"https:\/\/www.agoracademie.com\/blog\/wp-content\/uploads\/2023\/06\/coach-francais.jpg","width":1079,"height":538},{"@type":"BreadcrumbList","@id":"https:\/\/www.agoracademie.com\/blog\/coach-francais\/#breadcrumb","itemListElement":[{"@type":"ListItem","position":1,"name":"Accueil","item":"https:\/\/www.agoracademie.com\/blog\/"},{"@type":"ListItem","position":2,"name":"Coach fran\u00e7ais : accompagnement en visio pour expatri\u00e9s et entrepreneurs nomades"}]},{"@type":"WebSite","@id":"https:\/\/www.agoracademie.com\/blog\/#website","url":"https:\/\/www.agoracademie.com\/blog\/","name":"Blog Agoracad\u00e9mie - Centre de formation en ligne et \u00e0 distance","description":"Le blog du d\u00e9veloppement personnel et des th\u00e9rapies","potentialAction":[{"@type":"SearchAction","target":{"@type":"EntryPoint","urlTemplate":"https:\/\/www.agoracademie.com\/blog\/?s={search_term_string}"},"query-input":{"@type":"PropertyValueSpecification","valueRequired":true,"valueName":"search_term_string"}}],"inLanguage":"fr-FR"},{"@type":"Person","@id":"https:\/\/www.agoracademie.com\/blog\/#\/schema\/person\/c2f110c50be7dcecc05cb4e87f32537f","name":"Laurent Bertrel","image":{"@type":"ImageObject","inLanguage":"fr-FR","@id":"https:\/\/secure.gravatar.com\/avatar\/45841390e6db2f4064cc5f84ee39189cf562b1de36eb5b1b7cc82dee445813a4?s=96&r=g","url":"https:\/\/secure.gravatar.com\/avatar\/45841390e6db2f4064cc5f84ee39189cf562b1de36eb5b1b7cc82dee445813a4?s=96&r=g","contentUrl":"https:\/\/secure.gravatar.com\/avatar\/45841390e6db2f4064cc5f84ee39189cf562b1de36eb5b1b7cc82dee445813a4?s=96&r=g","caption":"Laurent Bertrel"},"description":"Laurent Bertrel est le fondateur d'Agoracad\u00e9mie. Titulaire d'une licence en sciences humaines et sociales, d'une ma\u00eetrise et d'un master en psychanalyse, d'un master en \u00e9tudes culturelles parcours \u00e9tudes de genre, du DU connaissances g\u00e9n\u00e9rales de la personne \u00e2g\u00e9e, il est aussi form\u00e9 \u00e0 diff\u00e9rentes approches dont la PNL, la sophrologie, la relaxation, l'hypnose, le coaching, la m\u00e9ditation, les arts martiaux, etc. Auteur de plus de 40 ouvrages, dont 18 livres, il anime plusieurs formations sur Agoracad\u00e9mie et r\u00e9pondra au message que vous allez laisser ci-dessous.","sameAs":["https:\/\/www.agoracademie.com\/"]}]}},"acf":[],"_links":{"self":[{"href":"https:\/\/www.agoracademie.com\/blog\/wp-json\/wp\/v2\/posts\/11192","targetHints":{"allow":["GET"]}}],"collection":[{"href":"https:\/\/www.agoracademie.com\/blog\/wp-json\/wp\/v2\/posts"}],"about":[{"href":"https:\/\/www.agoracademie.com\/blog\/wp-json\/wp\/v2\/types\/post"}],"author":[{"embeddable":true,"href":"https:\/\/www.agoracademie.com\/blog\/wp-json\/wp\/v2\/users\/2"}],"replies":[{"embeddable":true,"href":"https:\/\/www.agoracademie.com\/blog\/wp-json\/wp\/v2\/comments?post=11192"}],"version-history":[{"count":14,"href":"https:\/\/www.agoracademie.com\/blog\/wp-json\/wp\/v2\/posts\/11192\/revisions"}],"predecessor-version":[{"id":24040,"href":"https:\/\/www.agoracademie.com\/blog\/wp-json\/wp\/v2\/posts\/11192\/revisions\/24040"}],"wp:attachment":[{"href":"https:\/\/www.agoracademie.com\/blog\/wp-json\/wp\/v2\/media?parent=11192"}],"wp:term":[{"taxonomy":"category","embeddable":true,"href":"https:\/\/www.agoracademie.com\/blog\/wp-json\/wp\/v2\/categories?post=11192"},{"taxonomy":"post_tag","embeddable":true,"href":"https:\/\/www.agoracademie.com\/blog\/wp-json\/wp\/v2\/tags?post=11192"}],"curies":[{"name":"wp","href":"https:\/\/api.w.org\/{rel}","templated":true}]}}