{"id":1133,"date":"2013-11-27T08:27:19","date_gmt":"2013-11-27T08:27:19","guid":{"rendered":"http:\/\/agoracademie.com\/blog\/?p=1133"},"modified":"2026-01-10T10:10:06","modified_gmt":"2026-01-10T09:10:06","slug":"foad","status":"publish","type":"post","link":"https:\/\/www.agoracademie.com\/blog\/foad\/","title":{"rendered":"FOAD : se former au coaching, d\u00e9veloppement personnel et th\u00e9rapies alternatives"},"content":{"rendered":"<div class=\"wp-block-image\">\n<figure class=\"aligncenter size-large\"><img loading=\"lazy\" decoding=\"async\" width=\"640\" height=\"426\" src=\"https:\/\/www.agoracademie.com\/blog\/wp-content\/uploads\/2020\/02\/foad.jpg\" alt=\"FOAD en coaching et d\u00e9veloppement personnel\" class=\"wp-image-13259\" srcset=\"https:\/\/www.agoracademie.com\/blog\/wp-content\/uploads\/2020\/02\/foad.jpg 640w, https:\/\/www.agoracademie.com\/blog\/wp-content\/uploads\/2020\/02\/foad-300x200.jpg 300w, https:\/\/www.agoracademie.com\/blog\/wp-content\/uploads\/2020\/02\/foad-624x415.jpg 624w\" sizes=\"auto, (max-width: 640px) 100vw, 640px\" \/><figcaption class=\"wp-element-caption\">Se former autrement, sans bouger de chez soi !<\/figcaption><\/figure><div id=\"ez-toc-container\" class=\"ez-toc-v2_0_82_2 ez-toc-wrap-center counter-hierarchy ez-toc-counter ez-toc-transparent ez-toc-container-direction\">\n<div class=\"ez-toc-title-container\">\n<p class=\"ez-toc-title\" style=\"cursor:inherit\">Sommaire<\/p>\n<span class=\"ez-toc-title-toggle\"><a href=\"#\" class=\"ez-toc-pull-right ez-toc-btn ez-toc-btn-xs ez-toc-btn-default ez-toc-toggle\" aria-label=\"Toggle Table of Content\"><span class=\"ez-toc-js-icon-con\"><span class=\"\"><span class=\"eztoc-hide\" style=\"display:none;\">Toggle<\/span><span class=\"ez-toc-icon-toggle-span\"><svg style=\"fill: #999;color:#999\" xmlns=\"http:\/\/www.w3.org\/2000\/svg\" class=\"list-377408\" width=\"20px\" height=\"20px\" viewBox=\"0 0 24 24\" fill=\"none\"><path d=\"M6 6H4v2h2V6zm14 0H8v2h12V6zM4 11h2v2H4v-2zm16 0H8v2h12v-2zM4 16h2v2H4v-2zm16 0H8v2h12v-2z\" fill=\"currentColor\"><\/path><\/svg><svg style=\"fill: #999;color:#999\" class=\"arrow-unsorted-368013\" xmlns=\"http:\/\/www.w3.org\/2000\/svg\" width=\"10px\" height=\"10px\" viewBox=\"0 0 24 24\" version=\"1.2\" baseProfile=\"tiny\"><path d=\"M18.2 9.3l-6.2-6.3-6.2 6.3c-.2.2-.3.4-.3.7s.1.5.3.7c.2.2.4.3.7.3h11c.3 0 .5-.1.7-.3.2-.2.3-.5.3-.7s-.1-.5-.3-.7zM5.8 14.7l6.2 6.3 6.2-6.3c.2-.2.3-.5.3-.7s-.1-.5-.3-.7c-.2-.2-.4-.3-.7-.3h-11c-.3 0-.5.1-.7.3-.2.2-.3.5-.3.7s.1.5.3.7z\"\/><\/svg><\/span><\/span><\/span><\/a><\/span><\/div>\n<nav><ul class='ez-toc-list ez-toc-list-level-1 ' ><li class='ez-toc-page-1 ez-toc-heading-level-2'><a class=\"ez-toc-link ez-toc-heading-1\" href=\"https:\/\/www.agoracademie.com\/blog\/foad\/#FOAD_pour_quels_profils_et_quels_projets_concrets\" >FOAD : pour quels profils et quels projets concrets ?<\/a><ul class='ez-toc-list-level-3' ><li class='ez-toc-heading-level-3'><a class=\"ez-toc-link ez-toc-heading-2\" href=\"https:\/\/www.agoracademie.com\/blog\/foad\/#Le_particulier_en_quete_de_mieux-etre\" >Le particulier en qu\u00eate de mieux-\u00eatre<\/a><\/li><li class='ez-toc-page-1 ez-toc-heading-level-3'><a class=\"ez-toc-link ez-toc-heading-3\" href=\"https:\/\/www.agoracademie.com\/blog\/foad\/#Le_professionnel_en_activite\" >Le professionnel en activit\u00e9<\/a><\/li><li class='ez-toc-page-1 ez-toc-heading-level-3'><a class=\"ez-toc-link ez-toc-heading-4\" href=\"https:\/\/www.agoracademie.com\/blog\/foad\/#La_personne_en_reconversion_ou_en_projet_professionnel\" >La personne en reconversion ou en projet professionnel<\/a><\/li><li class='ez-toc-page-1 ez-toc-heading-level-3'><a class=\"ez-toc-link ez-toc-heading-5\" href=\"https:\/\/www.agoracademie.com\/blog\/foad\/#Formations_ouvertes_a_distance\" >Formations ouvertes \u00e0 distance<\/a><\/li><\/ul><\/li><li class='ez-toc-page-1 ez-toc-heading-level-2'><a class=\"ez-toc-link ez-toc-heading-6\" href=\"https:\/\/www.agoracademie.com\/blog\/foad\/#Les_atouts_specifiques_de_la_FOAD_dans_le_coaching_et_les_therapies_alternatives\" >Les atouts sp\u00e9cifiques de la FOAD dans le coaching et les th\u00e9rapies alternatives<\/a><\/li><li class='ez-toc-page-1 ez-toc-heading-level-2'><a class=\"ez-toc-link ez-toc-heading-7\" href=\"https:\/\/www.agoracademie.com\/blog\/foad\/#Point_de_vue_critique_la_FOAD_a_condition_de%E2%80%A6\" >Point de vue critique : la FOAD, \u00e0 condition de\u2026<\/a><\/li><li class='ez-toc-page-1 ez-toc-heading-level-2'><a class=\"ez-toc-link ez-toc-heading-8\" href=\"https:\/\/www.agoracademie.com\/blog\/foad\/#Agoracademie_centre_de_FOAD_en_ligne\" >Agoracad\u00e9mie : centre de FOAD en ligne<\/a><ul class='ez-toc-list-level-3' ><li class='ez-toc-heading-level-3'><a class=\"ez-toc-link ez-toc-heading-9\" href=\"https:\/\/www.agoracademie.com\/blog\/foad\/#La_formation_ouverte_a_distance_pour_tous\" >La formation ouverte \u00e0 distance pour tous<\/a><\/li><li class='ez-toc-page-1 ez-toc-heading-level-3'><a class=\"ez-toc-link ez-toc-heading-10\" href=\"https:\/\/www.agoracademie.com\/blog\/foad\/#Notre_catalogue_FOAD\" >Notre catalogue FOAD<\/a><\/li><li class='ez-toc-page-1 ez-toc-heading-level-3'><a class=\"ez-toc-link ez-toc-heading-11\" href=\"https:\/\/www.agoracademie.com\/blog\/foad\/#Nos_formations_certifiantes_ouvertes_a_distance\" >Nos formations certifiantes ouvertes \u00e0 distance<\/a><\/li><\/ul><\/li><li class='ez-toc-page-1 ez-toc-heading-level-2'><a class=\"ez-toc-link ez-toc-heading-12\" href=\"https:\/\/www.agoracademie.com\/blog\/foad\/#FAQ_%E2%80%93_FOAD_et_formations_en_ligne_questions_dinternautes\" >FAQ \u2013 FOAD et formations en ligne (questions d\u2019internautes)<\/a><ul class='ez-toc-list-level-3' ><li class='ez-toc-heading-level-3'><a class=\"ez-toc-link ez-toc-heading-13\" href=\"https:\/\/www.agoracademie.com\/blog\/foad\/#La_FOAD_est-elle_reconnue_pour_se_former_au_coaching_ou_au_developpement_personnel\" >La FOAD est-elle reconnue pour se former au coaching ou au d\u00e9veloppement personnel ?<\/a><\/li><li class='ez-toc-page-1 ez-toc-heading-level-3'><a class=\"ez-toc-link ez-toc-heading-14\" href=\"https:\/\/www.agoracademie.com\/blog\/foad\/#Peut-on_vraiment_devenir_praticien_ou_coach_grace_a_une_FOAD\" >Peut-on vraiment devenir praticien ou coach gr\u00e2ce \u00e0 une FOAD ?<\/a><\/li><li class='ez-toc-page-1 ez-toc-heading-level-3'><a class=\"ez-toc-link ez-toc-heading-15\" href=\"https:\/\/www.agoracademie.com\/blog\/foad\/#La_FOAD_est-elle_adaptee_aux_personnes_debutantes\" >La FOAD est-elle adapt\u00e9e aux personnes d\u00e9butantes ?<\/a><\/li><li class='ez-toc-page-1 ez-toc-heading-level-3'><a class=\"ez-toc-link ez-toc-heading-16\" href=\"https:\/\/www.agoracademie.com\/blog\/foad\/#Combien_de_temps_faut-il_pour_suivre_une_FOAD\" >Combien de temps faut-il pour suivre une FOAD ?<\/a><\/li><li class='ez-toc-page-1 ez-toc-heading-level-3'><a class=\"ez-toc-link ez-toc-heading-17\" href=\"https:\/\/www.agoracademie.com\/blog\/foad\/#La_FOAD_remplace-t-elle_les_formations_en_presentiel\" >La FOAD remplace-t-elle les formations en pr\u00e9sentiel ?<\/a><\/li><\/ul><\/li><li class='ez-toc-page-1 ez-toc-heading-level-2'><a class=\"ez-toc-link ez-toc-heading-18\" href=\"https:\/\/www.agoracademie.com\/blog\/foad\/#Pour_conclure\" >Pour conclure<\/a><\/li><\/ul><\/nav><\/div>\n\n<\/div>\n\n\n<p>Vous vous demandez si une FOAD (<strong>F<\/strong>ormation <strong>O<\/strong>uvert <strong>\u00c0<\/strong> <strong>D<\/strong>istance) peut r\u00e9ellement vous permettre de vous former s\u00e9rieusement dans les domaines du <strong>coaching<\/strong>, du <strong>d\u00e9veloppement personnel<\/strong> ou des <strong>th\u00e9rapies alternatives<\/strong> ?<\/p>\n\n\n\n<p>Cet article &#8211; mis \u00e0 jour le 10 janvier 2026 &#8211; vous propose un panorama clair et concret de ce que permet la formation ouverte \u00e0 distance aujourd\u2019hui, \u00e0 travers les programmes de l&rsquo;\u00e9cole en ligne Agoracad\u00e9mie.<\/p>\n\n\n\n<!--more-->\n\n\n\n<p>Vous d\u00e9couvrirez :<\/p>\n\n\n\n<ul class=\"wp-block-list\">\n<li>\u00e0 qui s\u2019adresse r\u00e9ellement la FOAD,<\/li>\n\n\n\n<li>quels profils peuvent en tirer un b\u00e9n\u00e9fice professionnel ou personnel,<\/li>\n\n\n\n<li>quels types de formations sont accessibles selon vos objectifs,<\/li>\n\n\n\n<li>et dans quelles conditions la FOAD est une vraie opportunit\u00e9\u2026 ou non.<\/li>\n<\/ul>\n\n\n\n<h2 class=\"wp-block-heading\"><span class=\"ez-toc-section\" id=\"FOAD_pour_quels_profils_et_quels_projets_concrets\"><\/span>FOAD : pour quels profils et quels projets concrets ?<span class=\"ez-toc-section-end\"><\/span><\/h2>\n\n\n\n<p>La FOAD n\u2019est pas r\u00e9serv\u00e9e \u00e0 un seul type de public.<\/p>\n\n\n\n<p>C\u2019est justement sa <strong>souplesse<\/strong> qui en fait un levier puissant pour des profils tr\u00e8s diff\u00e9rents, \u00e0 condition de <strong>bien d\u00e9finir son projet<\/strong>.<\/p>\n\n\n\n<h3 class=\"wp-block-heading\"><span class=\"ez-toc-section\" id=\"Le_particulier_en_quete_de_mieux-etre\"><\/span>Le particulier en qu\u00eate de mieux-\u00eatre<span class=\"ez-toc-section-end\"><\/span><\/h3>\n\n\n\n<p>Une personne souhaitant mieux g\u00e9rer son stress, ses \u00e9motions ou am\u00e9liorer sa qualit\u00e9 de vie peut suivre une formation ouverte \u00e0 distance en :<\/p>\n\n\n\n<ul class=\"wp-block-list\">\n<li>gestion du stress,<\/li>\n\n\n\n<li>relaxation,<\/li>\n\n\n\n<li>m\u00e9ditation,<\/li>\n\n\n\n<li>communication interpersonnelle.<\/li>\n<\/ul>\n\n\n\n<p>Ces formations permettent une application imm\u00e9diate dans la vie quotidienne, sans objectif de reconversion professionnelle, mais avec un <strong>impact r\u00e9el sur le mieux-vivre<\/strong>.<\/p>\n\n\n\n<h3 class=\"wp-block-heading\"><span class=\"ez-toc-section\" id=\"Le_professionnel_en_activite\"><\/span>Le professionnel en activit\u00e9<span class=\"ez-toc-section-end\"><\/span><\/h3>\n\n\n\n<p>Managers, ind\u00e9pendants, soignants, enseignants ou accompagnants utilisent la FOAD pour d\u00e9velopper :<\/p>\n\n\n\n<ul class=\"wp-block-list\">\n<li>leurs comp\u00e9tences relationnelles,<\/li>\n\n\n\n<li>leur posture de communication,<\/li>\n\n\n\n<li>et m\u00eame leur capacit\u00e9 \u00e0 accompagner le changement.<\/li>\n<\/ul>\n\n\n\n<p>La formation ouverte \u00e0 distance permet ici de se former sans interrompre son activit\u00e9, en int\u00e9grant progressivement les outils dans sa pratique professionnelle.<\/p>\n\n\n\n<h3 class=\"wp-block-heading\"><span class=\"ez-toc-section\" id=\"La_personne_en_reconversion_ou_en_projet_professionnel\"><\/span>La personne en reconversion ou en projet professionnel<span class=\"ez-toc-section-end\"><\/span><\/h3>\n\n\n\n<p>La FOAD constitue \u00e9galement une porte d\u2019entr\u00e9e vers une activit\u00e9 professionnalisante, notamment dans les domaines :<\/p>\n\n\n\n<ul class=\"wp-block-list\">\n<li>du coaching,<\/li>\n\n\n\n<li>de l&rsquo;accompagnement au changement,<\/li>\n\n\n\n<li>des th\u00e9rapies alternatives,<\/li>\n\n\n\n<li>de la relation d\u2019aide.<\/li>\n<\/ul>\n\n\n\n<p>Certaines formations certifiantes permettent ainsi de construire un projet professionnel r\u00e9aliste, \u00e9tape par \u00e9tape, \u00e0 son rythme.<\/p>\n\n\n\n<div class=\"wp-block-magic-content-box-content-box aligncenter magic-content-box-ac4456ed-9f37-4 magic-content-box-contentBox block-wrapper-background content-align-center\"><style>.magic-content-box-ac4456ed-9f37-4 .magic-content-box-content-wrapper{text-align:center;margin-top:30px;margin-bottom:30px}.magic-content-box-ac4456ed-9f37-4 .magic-content-box-section-header-wrapper{border-color:#ff201f}.magic-content-box-ac4456ed-9f37-4 .magic-content-box-mainheader-wrap{box-shadow:0px 6px 12px -10px #000;border-radius:5px;background-color:#fff}.magic-content-box-ac4456ed-9f37-4 .magic-content-box-section-wrapper{padding-top:30px;padding-right:30px;padding-bottom:30px;padding-left:30px;margin-top:0px;margin-right:0px;margin-bottom:0px;margin-left:0px}.magic-content-box-ac4456ed-9f37-4 .magic-content-box-section-head-wrap{text-align:center;padding-top:0px;padding-right:0px;padding-bottom:0px;margin-top:0px;margin-bottom:0px;padding-left:0px}.magic-content-box-ac4456ed-9f37-4 .magic-content-box-section-head-wrap .magic-content-box-title{color:#404040;font-size:32px;font-family:Default;padding-top:5px;padding-bottom:5px}.magic-content-box-ac4456ed-9f37-4 .magic-content-box-section-head-wrap .magic-content-box-subtitle{color:#6d6d6d;font-size:18px;font-family:Default;padding-top:5px;padding-bottom:5px}.magic-content-box-ac4456ed-9f37-4 .magic-content-box-title-dash{color:#ff201f}.magic-content-box-ac4456ed-9f37-4 .magic-content-box-block-button span{color:#fff;border-width:1px;font-size:16px;font-family:Default}.magic-content-box-ac4456ed-9f37-4 .magic-content-box-block-button .magic-content-box-button{background-color:#ff201f}.magic-content-box-ac4456ed-9f37-4 .magic-content-box-block-button i{color:#fff;font-size:13px}.magic-content-box-ac4456ed-9f37-4 .magic-content-box-block-button{margin-top:10px;margin-bottom:10px}.magic-content-box-ac4456ed-9f37-4 .magic-content-box-button{padding-top:5px;padding-right:15px;padding-bottom:5px;padding-left:15px}@media screen and (max-width:1025px){.magic-content-box-ac4456ed-9f37-4 .magic-content-box-section-head-wrap .magic-content-box-title{font-size:undefinedpx}.magic-content-box-ac4456ed-9f37-4 .magic-content-box-section-head-wrap .magic-content-box-subtitle{font-size:undefinedpx}.magic-content-box-ac4456ed-9f37-4 .magic-content-box-block-button span{font-size:undefinedpx}.magic-content-box-ac4456ed-9f37-4 .magic-content-box-block-button i{font-size:px}}@media screen and (max-width:767px){.magic-content-box-ac4456ed-9f37-4 .magic-content-box-section-head-wrap .magic-content-box-title{font-size:undefinedpx}.magic-content-box-ac4456ed-9f37-4 .magic-content-box-section-head-wrap .magic-content-box-subtitle{font-size:undefinedpx}.magic-content-box-ac4456ed-9f37-4 .magic-content-box-block-button span{font-size:undefinedpx}.magic-content-box-ac4456ed-9f37-4 .magic-content-box-block-button i{font-size:px}}<\/style><div class=\"content-wrapper-inner\"><div class=\"magic-content-box-content-wrapper magic-content-box-blocks reverse-img has-background style-1\"><div class=\"content-img-wrap\"><img decoding=\"async\" src=\"https:\/\/www.agoracademie.com\/blog\/wp-content\/uploads\/2025\/05\/formation-stress.jpg\" alt=\"Catalogue des formations\" class=\"\"\/><\/div><div class=\"magic-content-box-section-wrapper magic-content-box-mainheader-wrap\"><div class=\"magic-content-box-section-header-wrapper magic-content-box-blocks\"><div class=\"magic-content-box-section-head-wrap magic-content-box-style1 magic-content-box-center\"><div class=\"magic-content-box-title-wrapper\"><span class=\"magic-content-box-title-dash magic-content-box-upper-dash\"><\/span><h3 class=\"magic-content-box-title\"><span class=\"ez-toc-section\" id=\"Formations_ouvertes_a_distance\"><\/span>Formations ouvertes \u00e0 distance<span class=\"ez-toc-section-end\"><\/span><\/h3><span class=\"magic-content-box-title-dash magic-content-box-lower-dash\"><\/span><\/div><div class=\"magic-content-box-subtitle-wrapper\"><span class=\"magic-content-box-title-dash magic-content-box-upper-dash\"><\/span><p class=\"magic-content-box-subtitle\">en coaching, d\u00e9veloppement personnel et th\u00e9rapies alternatives<\/p><span class=\"magic-content-box-title-dash magic-content-box-lower-dash\"><\/span><\/div><\/div><\/div><div class=\"magic-content-box-desc-btn-wrap\"><div class=\"magic-content-box-block-button\"><a href=\"https:\/\/www.agoracademie.com\/academie\" class=\"magic-content-box-button magic-content-box-button-shape-rounded magic-content-box-button-size-small hover-style-1 btn-icon-left\"><span>PROGRAMME EN LIGNE<\/span><\/a><\/div><\/div><\/div><\/div><\/div><\/div>\n\n\n\n<h2 class=\"wp-block-heading\"><span class=\"ez-toc-section\" id=\"Les_atouts_specifiques_de_la_FOAD_dans_le_coaching_et_les_therapies_alternatives\"><\/span>Les atouts sp\u00e9cifiques de la FOAD dans le coaching et les th\u00e9rapies alternatives<span class=\"ez-toc-section-end\"><\/span><\/h2>\n\n\n\n<p>Dans les domaines de l\u2019accompagnement humain, elle pr\u00e9sente effectivement des avantages sp\u00e9cifiques, puisqu&rsquo;elle&nbsp;:<\/p>\n\n\n\n<ul class=\"wp-block-list\">\n<li>favorise l\u2019int\u00e9gration progressive des outils (plut\u00f4t qu\u2019un apprentissage intensif et ponctuel)&nbsp;;<\/li>\n\n\n\n<li>permet une mise en pratique imm\u00e9diate dans le quotidien personnel ou professionnel&nbsp;;<\/li>\n\n\n\n<li>laisse le temps n\u00e9cessaire \u00e0 l\u2019exp\u00e9rimentation, \u00e0 l\u2019observation et \u00e0 l\u2019ajustement&nbsp;;<\/li>\n\n\n\n<li>respecte les rythmes d\u2019apprentissage individuels, essentiels dans les m\u00e9tiers de la relation.<\/li>\n<\/ul>\n\n\n\n<p>Cela est particuli\u00e8rement pertinent pour les formations en coaching, en PNL, en communication indirecte ou en gestion du stress que nous proposons sur notre plateforme.<\/p>\n\n\n\n<h2 class=\"wp-block-heading\"><span class=\"ez-toc-section\" id=\"Point_de_vue_critique_la_FOAD_a_condition_de%E2%80%A6\"><\/span>Point de vue critique : la FOAD, \u00e0 condition de\u2026<span class=\"ez-toc-section-end\"><\/span><\/h2>\n\n\n\n<p>Ceci \u00e9tant dit, la formation ouverte \u00e0 distance n\u2019est pas une solution universelle.<\/p>\n\n\n\n<p>En effet, pour \u00eatre r\u00e9ellement efficace, elle doit \u00eatre utilis\u00e9e dans certaines conditions pertinente \u00e0 condition :<\/p>\n\n\n\n<ul class=\"wp-block-list\">\n<li>de disposer d\u2019un minimum d\u2019autonomie et de motivation,<\/li>\n\n\n\n<li>d&rsquo;accepter une part de travail personnel et d\u2019auto-observation,<\/li>\n\n\n\n<li>de ne pas confondre accumulation de contenus et int\u00e9gration r\u00e9elle,<\/li>\n\n\n\n<li>de choisir des formations structur\u00e9es, p\u00e9dagogiques et s\u00e9rieuses.<\/li>\n<\/ul>\n\n\n\n<p>Dans les domaines du coaching et des th\u00e9rapies alternatives, elle ne remplace pas l\u2019exp\u00e9rience humaine, mais elle peut constituer une base solide, un socle th\u00e9orique et pratique, \u00e0 compl\u00e9ter selon les projets par d\u2019autres formes d\u2019apprentissage.<\/p>\n\n\n\n<h2 class=\"wp-block-heading\"><span class=\"ez-toc-section\" id=\"Agoracademie_centre_de_FOAD_en_ligne\"><\/span>Agoracad\u00e9mie : centre de FOAD en ligne<span class=\"ez-toc-section-end\"><\/span><\/h2>\n\n\n\n<p>Vous \u00eates \u00e0 la recherche d\u2019une FOAD dans le secteur du <strong>d\u00e9veloppement personnel et professionnel<\/strong>&nbsp;ou de la <strong>th\u00e9rapie <\/strong>?<\/p>\n\n\n\n<p>Alors d\u00e9couvrez vite notre catalogue et nos diff\u00e9rentes formules d\u2019enseignement en ligne vous permettant de vous former :<\/p>\n\n\n\n<ul class=\"wp-block-list\">\n<li>de chez vous, <\/li>\n\n\n\n<li>\u00e0 votre rythme <\/li>\n\n\n\n<li>et \u00e0 un prix r\u00e9duit.<\/li>\n<\/ul>\n\n\n\n<h3 class=\"wp-block-heading\"><span class=\"ez-toc-section\" id=\"La_formation_ouverte_a_distance_pour_tous\"><\/span>La formation ouverte \u00e0 distance pour tous<span class=\"ez-toc-section-end\"><\/span><\/h3>\n\n\n\n<p>L\u2019ensemble de nos programmes d\u2019enseignement en ligne est ouvert \u00e0 tous, sans pr\u00e9requis.<\/p>\n\n\n\n<p>Ainsi, il est possible et facile de se former par exemple \u00e0 la gestion du stress et des \u00e9motions, \u00e0 la communication ou encore \u00e0 la m\u00e9thode permettant d\u2019atteindre tous ses objectifs gr\u00e2ce \u00e0 notre plateforme <a href=\"https:\/\/www.agoracademie.com\/blog\/elearning\/\">e-learning<\/a> disponible :<\/p>\n\n\n\n<ul class=\"wp-block-list\">\n<li>24 heures sur 24 <\/li>\n\n\n\n<li>et 7 jours sur 7.<\/li>\n<\/ul>\n\n\n\n<p>Pour ce faire, il suffit de choisir votre formation ouverte \u00e0 distance dans notre catalogue, puis de valider votre inscription en vous rendant dans notre boutique.<\/p>\n\n\n\n<p>D\u00e8s r\u00e9ception de votre paiement, vous recevez un e-mail de confirmation pr\u00e9cisant que votre acc\u00e8s priv\u00e9 est ouvert. <\/p>\n\n\n\n<p>Vous pouvez alors d\u00e9buter votre programme, g\u00e9n\u00e9ralement dans la journ\u00e9e.<\/p>\n\n\n\n<p>D\u00e9couvrez notre vid\u00e9o de pr\u00e9sentation&nbsp;\u00ab Comment \u00e7a marche ? \u00bb vous permettant d\u2019en savoir plus sur notre centre d\u2019enseignement en ligne et de d\u00e9couvrir en images un exemple de formation ouverte \u00e0 distance. <\/p>\n\n\n\n<p>Cette vid\u00e9o est disponible directement sur notre site Internet.<\/p>\n\n\n\n<p>Et pour <a href=\"https:\/\/www.agoracademie.com\/blog\/formation-foad\/\">plus d&rsquo;informations sur nos formations FOAD<\/a>, lisez l&rsquo;article en cliquant sur le lien ci-avant !<\/p>\n\n\n\n<figure class=\"wp-block-embed is-type-video is-provider-youtube wp-block-embed-youtube wp-embed-aspect-16-9 wp-has-aspect-ratio\"><div class=\"wp-block-embed__wrapper\">\n<iframe loading=\"lazy\" title=\"Formation &amp; coaching en d\u00e9veloppement personnel | Agoracad\u00e9mie\" width=\"960\" height=\"540\" src=\"https:\/\/www.youtube.com\/embed\/dF2E0XrmcJY?start=3&#038;feature=oembed\" frameborder=\"0\" allow=\"accelerometer; autoplay; clipboard-write; encrypted-media; gyroscope; picture-in-picture; web-share\" referrerpolicy=\"strict-origin-when-cross-origin\" allowfullscreen><\/iframe>\n<\/div><\/figure>\n\n\n\n<h3 class=\"wp-block-heading\"><span class=\"ez-toc-section\" id=\"Notre_catalogue_FOAD\"><\/span>Notre catalogue FOAD<span class=\"ez-toc-section-end\"><\/span><\/h3>\n\n\n\n<p>Sp\u00e9cialis\u00e9 en d\u00e9veloppement personnel et professionnel, notre centre d\u2019enseignement en ligne et \u00e0 distance propose <strong>des programmes r\u00e9alis\u00e9es par des experts<\/strong> \u00e9galement auteurs de nombreux ouvrages (livres, CD, DVD\u2026) disponibles en librairie (Amazon, Fnac\u2026).<\/p>\n\n\n\n<p>Apr\u00e8s la cr\u00e9ation en 2010 de notre programme en gestion du stress et des \u00e9motions (PNL, sophrologie, relaxation, m\u00e9ditation\u2026), notre catalogue s\u2019ouvre depuis 2012 \u00e0 d\u2019autres th\u00e8mes comme la :<\/p>\n\n\n\n<ul class=\"wp-block-list\">\n<li>communication interpersonnelle (PNL), <\/li>\n\n\n\n<li>communication indirecte (hypnose Ericksonienne \u2013 conte et m\u00e9taphore\u2026) <\/li>\n\n\n\n<li>ou encore la cr\u00e9ativit\u00e9&#8230;<\/li>\n<\/ul>\n\n\n\n<p>Ainsi, nous ajoutons r\u00e9guli\u00e8rement de nouvelles formations ouvertes \u00e0 distance afin de compl\u00e9ter progressivement notre catalogue.<\/p>\n\n\n\n<h3 class=\"wp-block-heading\"><span class=\"ez-toc-section\" id=\"Nos_formations_certifiantes_ouvertes_a_distance\"><\/span>Nos formations certifiantes ouvertes \u00e0 distance<span class=\"ez-toc-section-end\"><\/span><\/h3>\n\n\n\n<p><strong>Certains programmes d\u2019enseignement sont certifiants <\/strong>et vous pouvez devenir :<\/p>\n\n\n\n<ul class=\"wp-block-list\">\n<li>\u00ab praticien en management du stress \u00bb,<\/li>\n\n\n\n<li>\u00ab coach en gestion du stress \u00bb<\/li>\n\n\n\n<li>ou encore \u00ab praticien en num\u00e9rologie appliqu\u00e9e \u00e0 la psychog\u00e9n\u00e9alogie \u00bb.<\/li>\n<\/ul>\n\n\n\n<p>D\u00e9couvrez l&rsquo;ensemble de nos programmes dans notre <a href=\"https:\/\/www.agoracademie.com\/boutique\">boutique en ligne<\/a> !<\/p>\n\n\n\n<h2 class=\"wp-block-heading\"><span class=\"ez-toc-section\" id=\"FAQ_%E2%80%93_FOAD_et_formations_en_ligne_questions_dinternautes\"><\/span>FAQ \u2013 FOAD et formations en ligne (questions d\u2019internautes)<span class=\"ez-toc-section-end\"><\/span><\/h2>\n\n\n\n<h3 class=\"wp-block-heading\"><span class=\"ez-toc-section\" id=\"La_FOAD_est-elle_reconnue_pour_se_former_au_coaching_ou_au_developpement_personnel\"><\/span>La FOAD est-elle reconnue pour se former au coaching ou au d\u00e9veloppement personnel ?<span class=\"ez-toc-section-end\"><\/span><\/h3>\n\n\n\n<p>Oui, \u00e0 condition que la formation soit s\u00e9rieuse, structur\u00e9e et orient\u00e9e vers la pratique. La reconnaissance d\u00e9pend davantage du contenu et de la p\u00e9dagogie que du format.<\/p>\n\n\n\n<h3 class=\"wp-block-heading\"><span class=\"ez-toc-section\" id=\"Peut-on_vraiment_devenir_praticien_ou_coach_grace_a_une_FOAD\"><\/span>Peut-on vraiment devenir praticien ou coach gr\u00e2ce \u00e0 une FOAD ?<span class=\"ez-toc-section-end\"><\/span><\/h3>\n\n\n\n<p>Une telle formation peut permettre d\u2019acqu\u00e9rir des comp\u00e9tences solides et une certification. Elle constitue souvent une \u00e9tape cl\u00e9 dans un parcours global de professionnalisation.<\/p>\n\n\n\n<h3 class=\"wp-block-heading\"><span class=\"ez-toc-section\" id=\"La_FOAD_est-elle_adaptee_aux_personnes_debutantes\"><\/span>La FOAD est-elle adapt\u00e9e aux personnes d\u00e9butantes ?<span class=\"ez-toc-section-end\"><\/span><\/h3>\n\n\n\n<p>Oui, surtout lorsqu\u2019elle est ouverte sans pr\u00e9requis et con\u00e7ue pour accompagner progressivement l\u2019apprenant.<\/p>\n\n\n\n<h3 class=\"wp-block-heading\"><span class=\"ez-toc-section\" id=\"Combien_de_temps_faut-il_pour_suivre_une_FOAD\"><\/span>Combien de temps faut-il pour suivre une FOAD ?<span class=\"ez-toc-section-end\"><\/span><\/h3>\n\n\n\n<p>Cela d\u00e9pend du programme et de l\u2019investissement personnel. L\u2019avantage est justement de pouvoir avancer \u00e0 son rythme.<\/p>\n\n\n\n<h3 class=\"wp-block-heading\"><span class=\"ez-toc-section\" id=\"La_FOAD_remplace-t-elle_les_formations_en_presentiel\"><\/span>La FOAD remplace-t-elle les formations en pr\u00e9sentiel ?<span class=\"ez-toc-section-end\"><\/span><\/h3>\n\n\n\n<p>Non, elle les compl\u00e8te. Chaque format a ses avantages selon les objectifs et le contexte de l\u2019apprenant.<\/p>\n\n\n\n<h2 class=\"wp-block-heading\"><span class=\"ez-toc-section\" id=\"Pour_conclure\"><\/span>Pour conclure<span class=\"ez-toc-section-end\"><\/span><\/h2>\n\n\n\n<p>La formation ouverte \u00e0 distance s\u2019impose aujourd\u2019hui comme une solution pertinente pour se former au coaching, au d\u00e9veloppement personnel et aux th\u00e9rapies alternatives, \u00e0 condition de l\u2019aborder avec clart\u00e9, engagement et discernement.<\/p>\n\n\n\n<p>En offrant flexibilit\u00e9, accessibilit\u00e9 et progressivit\u00e9, elle permet \u00e0 chacun de construire un parcours de formation coh\u00e9rent, qu\u2019il soit personnel, professionnel ou orient\u00e9 vers une reconversion.<\/p>\n\n\n\n<p>D\u00e9couvrez d\u00e8s maintenant les formations ouvertes \u00e0 distance d&rsquo;Agoracad\u00e9mie et choisissez un programme align\u00e9 avec vos objectifs et votre rythme.<\/p>\n","protected":false},"excerpt":{"rendered":"<p>Vous vous demandez si une FOAD (Formation Ouvert \u00c0 Distance) peut r\u00e9ellement vous permettre de vous former s\u00e9rieusement dans les domaines du coaching, du d\u00e9veloppement personnel ou des th\u00e9rapies alternatives ? Cet article &#8211; mis \u00e0 jour le 10 janvier 2026 &#8211; vous propose un panorama clair et concret de ce que permet la formation ouverte \u00e0 distance aujourd\u2019hui, \u00e0 travers les programmes de l&rsquo;\u00e9cole en ligne Agoracad\u00e9mie.<\/p>\n","protected":false},"author":2,"featured_media":0,"comment_status":"open","ping_status":"open","sticky":false,"template":"","format":"standard","meta":{"_bbp_topic_count":0,"_bbp_reply_count":0,"_bbp_total_topic_count":0,"_bbp_total_reply_count":0,"_bbp_voice_count":0,"_bbp_anonymous_reply_count":0,"_bbp_topic_count_hidden":0,"_bbp_reply_count_hidden":0,"_bbp_forum_subforum_count":0,"footnotes":""},"categories":[6],"tags":[],"class_list":["post-1133","post","type-post","status-publish","format-standard","hentry","category-formation-en-developpement-personnel"],"yoast_head":"<!-- This site is optimized with the Yoast SEO plugin v27.4 - https:\/\/yoast.com\/product\/yoast-seo-wordpress\/ -->\n<title>FOAD en ligne : coaching, d\u00e9veloppement perso &amp; th\u00e9rapies<\/title>\n<meta name=\"description\" content=\"D\u00e9couvrez la FOAD pour vous former \u00e0 distance au coaching, d\u00e9veloppement personnel et th\u00e9rapies alternatives, \u00e0 votre rythme et chez vous.\" \/>\n<meta name=\"robots\" content=\"index, follow, max-snippet:-1, max-image-preview:large, max-video-preview:-1\" \/>\n<link rel=\"canonical\" href=\"https:\/\/www.agoracademie.com\/blog\/foad\/\" \/>\n<meta property=\"og:locale\" content=\"fr_FR\" \/>\n<meta property=\"og:type\" content=\"article\" \/>\n<meta property=\"og:title\" content=\"FOAD en ligne : coaching, d\u00e9veloppement perso &amp; th\u00e9rapies\" \/>\n<meta property=\"og:description\" content=\"D\u00e9couvrez la FOAD pour vous former \u00e0 distance au coaching, d\u00e9veloppement personnel et th\u00e9rapies alternatives, \u00e0 votre rythme et chez vous.\" \/>\n<meta property=\"og:url\" content=\"https:\/\/www.agoracademie.com\/blog\/foad\/\" \/>\n<meta property=\"og:site_name\" content=\"Agoracad\u00e9mie\" \/>\n<meta property=\"article:published_time\" content=\"2013-11-27T08:27:19+00:00\" \/>\n<meta property=\"article:modified_time\" content=\"2026-01-10T09:10:06+00:00\" \/>\n<meta property=\"og:image\" content=\"https:\/\/www.agoracademie.com\/blog\/wp-content\/uploads\/2020\/02\/foad.jpg\" \/>\n\t<meta property=\"og:image:width\" content=\"640\" \/>\n\t<meta property=\"og:image:height\" content=\"426\" \/>\n\t<meta property=\"og:image:type\" content=\"image\/jpeg\" \/>\n<meta name=\"author\" content=\"Laurent Bertrel\" \/>\n<meta name=\"twitter:label1\" content=\"\u00c9crit par\" \/>\n\t<meta name=\"twitter:data1\" content=\"Laurent Bertrel\" \/>\n\t<meta name=\"twitter:label2\" content=\"Dur\u00e9e de lecture estim\u00e9e\" \/>\n\t<meta name=\"twitter:data2\" content=\"7 minutes\" \/>\n<script type=\"application\/ld+json\" class=\"yoast-schema-graph\">{\"@context\":\"https:\\\/\\\/schema.org\",\"@graph\":[{\"@type\":\"Article\",\"@id\":\"https:\\\/\\\/www.agoracademie.com\\\/blog\\\/foad\\\/#article\",\"isPartOf\":{\"@id\":\"https:\\\/\\\/www.agoracademie.com\\\/blog\\\/foad\\\/\"},\"author\":{\"name\":\"Laurent Bertrel\",\"@id\":\"https:\\\/\\\/www.agoracademie.com\\\/blog\\\/#\\\/schema\\\/person\\\/c2f110c50be7dcecc05cb4e87f32537f\"},\"headline\":\"FOAD : se former au coaching, d\u00e9veloppement personnel et th\u00e9rapies alternatives\",\"datePublished\":\"2013-11-27T08:27:19+00:00\",\"dateModified\":\"2026-01-10T09:10:06+00:00\",\"mainEntityOfPage\":{\"@id\":\"https:\\\/\\\/www.agoracademie.com\\\/blog\\\/foad\\\/\"},\"wordCount\":1285,\"commentCount\":0,\"image\":{\"@id\":\"https:\\\/\\\/www.agoracademie.com\\\/blog\\\/foad\\\/#primaryimage\"},\"thumbnailUrl\":\"https:\\\/\\\/www.agoracademie.com\\\/blog\\\/wp-content\\\/uploads\\\/2020\\\/02\\\/foad.jpg\",\"articleSection\":[\"Formation\"],\"inLanguage\":\"fr-FR\",\"potentialAction\":[{\"@type\":\"CommentAction\",\"name\":\"Comment\",\"target\":[\"https:\\\/\\\/www.agoracademie.com\\\/blog\\\/foad\\\/#respond\"]}]},{\"@type\":\"WebPage\",\"@id\":\"https:\\\/\\\/www.agoracademie.com\\\/blog\\\/foad\\\/\",\"url\":\"https:\\\/\\\/www.agoracademie.com\\\/blog\\\/foad\\\/\",\"name\":\"FOAD en ligne : coaching, d\u00e9veloppement perso & th\u00e9rapies\",\"isPartOf\":{\"@id\":\"https:\\\/\\\/www.agoracademie.com\\\/blog\\\/#website\"},\"primaryImageOfPage\":{\"@id\":\"https:\\\/\\\/www.agoracademie.com\\\/blog\\\/foad\\\/#primaryimage\"},\"image\":{\"@id\":\"https:\\\/\\\/www.agoracademie.com\\\/blog\\\/foad\\\/#primaryimage\"},\"thumbnailUrl\":\"https:\\\/\\\/www.agoracademie.com\\\/blog\\\/wp-content\\\/uploads\\\/2020\\\/02\\\/foad.jpg\",\"datePublished\":\"2013-11-27T08:27:19+00:00\",\"dateModified\":\"2026-01-10T09:10:06+00:00\",\"author\":{\"@id\":\"https:\\\/\\\/www.agoracademie.com\\\/blog\\\/#\\\/schema\\\/person\\\/c2f110c50be7dcecc05cb4e87f32537f\"},\"description\":\"D\u00e9couvrez la FOAD pour vous former \u00e0 distance au coaching, d\u00e9veloppement personnel et th\u00e9rapies alternatives, \u00e0 votre rythme et chez vous.\",\"breadcrumb\":{\"@id\":\"https:\\\/\\\/www.agoracademie.com\\\/blog\\\/foad\\\/#breadcrumb\"},\"inLanguage\":\"fr-FR\",\"potentialAction\":[{\"@type\":\"ReadAction\",\"target\":[\"https:\\\/\\\/www.agoracademie.com\\\/blog\\\/foad\\\/\"]}]},{\"@type\":\"ImageObject\",\"inLanguage\":\"fr-FR\",\"@id\":\"https:\\\/\\\/www.agoracademie.com\\\/blog\\\/foad\\\/#primaryimage\",\"url\":\"https:\\\/\\\/www.agoracademie.com\\\/blog\\\/wp-content\\\/uploads\\\/2020\\\/02\\\/foad.jpg\",\"contentUrl\":\"https:\\\/\\\/www.agoracademie.com\\\/blog\\\/wp-content\\\/uploads\\\/2020\\\/02\\\/foad.jpg\",\"width\":640,\"height\":426},{\"@type\":\"BreadcrumbList\",\"@id\":\"https:\\\/\\\/www.agoracademie.com\\\/blog\\\/foad\\\/#breadcrumb\",\"itemListElement\":[{\"@type\":\"ListItem\",\"position\":1,\"name\":\"Accueil\",\"item\":\"https:\\\/\\\/www.agoracademie.com\\\/blog\\\/\"},{\"@type\":\"ListItem\",\"position\":2,\"name\":\"FOAD : se former au coaching, d\u00e9veloppement personnel et th\u00e9rapies alternatives\"}]},{\"@type\":\"WebSite\",\"@id\":\"https:\\\/\\\/www.agoracademie.com\\\/blog\\\/#website\",\"url\":\"https:\\\/\\\/www.agoracademie.com\\\/blog\\\/\",\"name\":\"Blog Agoracad\u00e9mie - Centre de formation en ligne et \u00e0 distance\",\"description\":\"Le blog du d\u00e9veloppement personnel et des th\u00e9rapies\",\"potentialAction\":[{\"@type\":\"SearchAction\",\"target\":{\"@type\":\"EntryPoint\",\"urlTemplate\":\"https:\\\/\\\/www.agoracademie.com\\\/blog\\\/?s={search_term_string}\"},\"query-input\":{\"@type\":\"PropertyValueSpecification\",\"valueRequired\":true,\"valueName\":\"search_term_string\"}}],\"inLanguage\":\"fr-FR\"},{\"@type\":\"Person\",\"@id\":\"https:\\\/\\\/www.agoracademie.com\\\/blog\\\/#\\\/schema\\\/person\\\/c2f110c50be7dcecc05cb4e87f32537f\",\"name\":\"Laurent Bertrel\",\"image\":{\"@type\":\"ImageObject\",\"inLanguage\":\"fr-FR\",\"@id\":\"https:\\\/\\\/secure.gravatar.com\\\/avatar\\\/45841390e6db2f4064cc5f84ee39189cf562b1de36eb5b1b7cc82dee445813a4?s=96&r=g\",\"url\":\"https:\\\/\\\/secure.gravatar.com\\\/avatar\\\/45841390e6db2f4064cc5f84ee39189cf562b1de36eb5b1b7cc82dee445813a4?s=96&r=g\",\"contentUrl\":\"https:\\\/\\\/secure.gravatar.com\\\/avatar\\\/45841390e6db2f4064cc5f84ee39189cf562b1de36eb5b1b7cc82dee445813a4?s=96&r=g\",\"caption\":\"Laurent Bertrel\"},\"description\":\"Laurent Bertrel est le fondateur d'Agoracad\u00e9mie. Titulaire d'une licence en sciences humaines et sociales, d'une ma\u00eetrise et d'un master en psychanalyse, d'un master en \u00e9tudes culturelles parcours \u00e9tudes de genre, du DU connaissances g\u00e9n\u00e9rales de la personne \u00e2g\u00e9e, il est aussi form\u00e9 \u00e0 diff\u00e9rentes approches dont la PNL, la sophrologie, la relaxation, l'hypnose, le coaching, la m\u00e9ditation, les arts martiaux, etc. Auteur de plus de 40 ouvrages, dont 18 livres, il anime plusieurs formations sur Agoracad\u00e9mie et r\u00e9pondra au message que vous allez laisser ci-dessous.\",\"sameAs\":[\"https:\\\/\\\/www.agoracademie.com\\\/\"]}]}<\/script>\n<!-- \/ Yoast SEO plugin. -->","yoast_head_json":{"title":"FOAD en ligne : coaching, d\u00e9veloppement perso & th\u00e9rapies","description":"D\u00e9couvrez la FOAD pour vous former \u00e0 distance au coaching, d\u00e9veloppement personnel et th\u00e9rapies alternatives, \u00e0 votre rythme et chez vous.","robots":{"index":"index","follow":"follow","max-snippet":"max-snippet:-1","max-image-preview":"max-image-preview:large","max-video-preview":"max-video-preview:-1"},"canonical":"https:\/\/www.agoracademie.com\/blog\/foad\/","og_locale":"fr_FR","og_type":"article","og_title":"FOAD en ligne : coaching, d\u00e9veloppement perso & th\u00e9rapies","og_description":"D\u00e9couvrez la FOAD pour vous former \u00e0 distance au coaching, d\u00e9veloppement personnel et th\u00e9rapies alternatives, \u00e0 votre rythme et chez vous.","og_url":"https:\/\/www.agoracademie.com\/blog\/foad\/","og_site_name":"Agoracad\u00e9mie","article_published_time":"2013-11-27T08:27:19+00:00","article_modified_time":"2026-01-10T09:10:06+00:00","og_image":[{"width":640,"height":426,"url":"https:\/\/www.agoracademie.com\/blog\/wp-content\/uploads\/2020\/02\/foad.jpg","type":"image\/jpeg"}],"author":"Laurent Bertrel","twitter_misc":{"\u00c9crit par":"Laurent Bertrel","Dur\u00e9e de lecture estim\u00e9e":"7 minutes"},"schema":{"@context":"https:\/\/schema.org","@graph":[{"@type":"Article","@id":"https:\/\/www.agoracademie.com\/blog\/foad\/#article","isPartOf":{"@id":"https:\/\/www.agoracademie.com\/blog\/foad\/"},"author":{"name":"Laurent Bertrel","@id":"https:\/\/www.agoracademie.com\/blog\/#\/schema\/person\/c2f110c50be7dcecc05cb4e87f32537f"},"headline":"FOAD : se former au coaching, d\u00e9veloppement personnel et th\u00e9rapies alternatives","datePublished":"2013-11-27T08:27:19+00:00","dateModified":"2026-01-10T09:10:06+00:00","mainEntityOfPage":{"@id":"https:\/\/www.agoracademie.com\/blog\/foad\/"},"wordCount":1285,"commentCount":0,"image":{"@id":"https:\/\/www.agoracademie.com\/blog\/foad\/#primaryimage"},"thumbnailUrl":"https:\/\/www.agoracademie.com\/blog\/wp-content\/uploads\/2020\/02\/foad.jpg","articleSection":["Formation"],"inLanguage":"fr-FR","potentialAction":[{"@type":"CommentAction","name":"Comment","target":["https:\/\/www.agoracademie.com\/blog\/foad\/#respond"]}]},{"@type":"WebPage","@id":"https:\/\/www.agoracademie.com\/blog\/foad\/","url":"https:\/\/www.agoracademie.com\/blog\/foad\/","name":"FOAD en ligne : coaching, d\u00e9veloppement perso & th\u00e9rapies","isPartOf":{"@id":"https:\/\/www.agoracademie.com\/blog\/#website"},"primaryImageOfPage":{"@id":"https:\/\/www.agoracademie.com\/blog\/foad\/#primaryimage"},"image":{"@id":"https:\/\/www.agoracademie.com\/blog\/foad\/#primaryimage"},"thumbnailUrl":"https:\/\/www.agoracademie.com\/blog\/wp-content\/uploads\/2020\/02\/foad.jpg","datePublished":"2013-11-27T08:27:19+00:00","dateModified":"2026-01-10T09:10:06+00:00","author":{"@id":"https:\/\/www.agoracademie.com\/blog\/#\/schema\/person\/c2f110c50be7dcecc05cb4e87f32537f"},"description":"D\u00e9couvrez la FOAD pour vous former \u00e0 distance au coaching, d\u00e9veloppement personnel et th\u00e9rapies alternatives, \u00e0 votre rythme et chez vous.","breadcrumb":{"@id":"https:\/\/www.agoracademie.com\/blog\/foad\/#breadcrumb"},"inLanguage":"fr-FR","potentialAction":[{"@type":"ReadAction","target":["https:\/\/www.agoracademie.com\/blog\/foad\/"]}]},{"@type":"ImageObject","inLanguage":"fr-FR","@id":"https:\/\/www.agoracademie.com\/blog\/foad\/#primaryimage","url":"https:\/\/www.agoracademie.com\/blog\/wp-content\/uploads\/2020\/02\/foad.jpg","contentUrl":"https:\/\/www.agoracademie.com\/blog\/wp-content\/uploads\/2020\/02\/foad.jpg","width":640,"height":426},{"@type":"BreadcrumbList","@id":"https:\/\/www.agoracademie.com\/blog\/foad\/#breadcrumb","itemListElement":[{"@type":"ListItem","position":1,"name":"Accueil","item":"https:\/\/www.agoracademie.com\/blog\/"},{"@type":"ListItem","position":2,"name":"FOAD : se former au coaching, d\u00e9veloppement personnel et th\u00e9rapies alternatives"}]},{"@type":"WebSite","@id":"https:\/\/www.agoracademie.com\/blog\/#website","url":"https:\/\/www.agoracademie.com\/blog\/","name":"Blog Agoracad\u00e9mie - Centre de formation en ligne et \u00e0 distance","description":"Le blog du d\u00e9veloppement personnel et des th\u00e9rapies","potentialAction":[{"@type":"SearchAction","target":{"@type":"EntryPoint","urlTemplate":"https:\/\/www.agoracademie.com\/blog\/?s={search_term_string}"},"query-input":{"@type":"PropertyValueSpecification","valueRequired":true,"valueName":"search_term_string"}}],"inLanguage":"fr-FR"},{"@type":"Person","@id":"https:\/\/www.agoracademie.com\/blog\/#\/schema\/person\/c2f110c50be7dcecc05cb4e87f32537f","name":"Laurent Bertrel","image":{"@type":"ImageObject","inLanguage":"fr-FR","@id":"https:\/\/secure.gravatar.com\/avatar\/45841390e6db2f4064cc5f84ee39189cf562b1de36eb5b1b7cc82dee445813a4?s=96&r=g","url":"https:\/\/secure.gravatar.com\/avatar\/45841390e6db2f4064cc5f84ee39189cf562b1de36eb5b1b7cc82dee445813a4?s=96&r=g","contentUrl":"https:\/\/secure.gravatar.com\/avatar\/45841390e6db2f4064cc5f84ee39189cf562b1de36eb5b1b7cc82dee445813a4?s=96&r=g","caption":"Laurent Bertrel"},"description":"Laurent Bertrel est le fondateur d'Agoracad\u00e9mie. Titulaire d'une licence en sciences humaines et sociales, d'une ma\u00eetrise et d'un master en psychanalyse, d'un master en \u00e9tudes culturelles parcours \u00e9tudes de genre, du DU connaissances g\u00e9n\u00e9rales de la personne \u00e2g\u00e9e, il est aussi form\u00e9 \u00e0 diff\u00e9rentes approches dont la PNL, la sophrologie, la relaxation, l'hypnose, le coaching, la m\u00e9ditation, les arts martiaux, etc. Auteur de plus de 40 ouvrages, dont 18 livres, il anime plusieurs formations sur Agoracad\u00e9mie et r\u00e9pondra au message que vous allez laisser ci-dessous.","sameAs":["https:\/\/www.agoracademie.com\/"]}]}},"acf":[],"_links":{"self":[{"href":"https:\/\/www.agoracademie.com\/blog\/wp-json\/wp\/v2\/posts\/1133","targetHints":{"allow":["GET"]}}],"collection":[{"href":"https:\/\/www.agoracademie.com\/blog\/wp-json\/wp\/v2\/posts"}],"about":[{"href":"https:\/\/www.agoracademie.com\/blog\/wp-json\/wp\/v2\/types\/post"}],"author":[{"embeddable":true,"href":"https:\/\/www.agoracademie.com\/blog\/wp-json\/wp\/v2\/users\/2"}],"replies":[{"embeddable":true,"href":"https:\/\/www.agoracademie.com\/blog\/wp-json\/wp\/v2\/comments?post=1133"}],"version-history":[{"count":12,"href":"https:\/\/www.agoracademie.com\/blog\/wp-json\/wp\/v2\/posts\/1133\/revisions"}],"predecessor-version":[{"id":23350,"href":"https:\/\/www.agoracademie.com\/blog\/wp-json\/wp\/v2\/posts\/1133\/revisions\/23350"}],"wp:attachment":[{"href":"https:\/\/www.agoracademie.com\/blog\/wp-json\/wp\/v2\/media?parent=1133"}],"wp:term":[{"taxonomy":"category","embeddable":true,"href":"https:\/\/www.agoracademie.com\/blog\/wp-json\/wp\/v2\/categories?post=1133"},{"taxonomy":"post_tag","embeddable":true,"href":"https:\/\/www.agoracademie.com\/blog\/wp-json\/wp\/v2\/tags?post=1133"}],"curies":[{"name":"wp","href":"https:\/\/api.w.org\/{rel}","templated":true}]}}