{"id":1198,"date":"2013-11-28T12:17:56","date_gmt":"2013-11-28T12:17:56","guid":{"rendered":"http:\/\/agoracademie.com\/blog\/?p=1198"},"modified":"2025-07-13T15:39:48","modified_gmt":"2025-07-13T13:39:48","slug":"blended-learning","status":"publish","type":"post","link":"https:\/\/www.agoracademie.com\/blog\/blended-learning\/","title":{"rendered":"Blended learning"},"content":{"rendered":"<div class=\"wp-block-image\">\n<figure class=\"aligncenter size-large\"><img loading=\"lazy\" decoding=\"async\" width=\"640\" height=\"426\" src=\"https:\/\/www.agoracademie.com\/blog\/wp-content\/uploads\/2020\/02\/blended-learning.jpg\" alt=\"Blended learning\" class=\"wp-image-13255\" srcset=\"https:\/\/www.agoracademie.com\/blog\/wp-content\/uploads\/2020\/02\/blended-learning.jpg 640w, https:\/\/www.agoracademie.com\/blog\/wp-content\/uploads\/2020\/02\/blended-learning-300x200.jpg 300w, https:\/\/www.agoracademie.com\/blog\/wp-content\/uploads\/2020\/02\/blended-learning-624x415.jpg 624w\" sizes=\"auto, (max-width: 640px) 100vw, 640px\" \/><\/figure><div id=\"ez-toc-container\" class=\"ez-toc-v2_0_82_2 ez-toc-wrap-center counter-hierarchy ez-toc-counter ez-toc-transparent ez-toc-container-direction\">\n<div class=\"ez-toc-title-container\">\n<p class=\"ez-toc-title\" style=\"cursor:inherit\">Sommaire<\/p>\n<span class=\"ez-toc-title-toggle\"><a href=\"#\" class=\"ez-toc-pull-right ez-toc-btn ez-toc-btn-xs ez-toc-btn-default ez-toc-toggle\" aria-label=\"Toggle Table of Content\"><span class=\"ez-toc-js-icon-con\"><span class=\"\"><span class=\"eztoc-hide\" style=\"display:none;\">Toggle<\/span><span class=\"ez-toc-icon-toggle-span\"><svg style=\"fill: #999;color:#999\" xmlns=\"http:\/\/www.w3.org\/2000\/svg\" class=\"list-377408\" width=\"20px\" height=\"20px\" viewBox=\"0 0 24 24\" fill=\"none\"><path d=\"M6 6H4v2h2V6zm14 0H8v2h12V6zM4 11h2v2H4v-2zm16 0H8v2h12v-2zM4 16h2v2H4v-2zm16 0H8v2h12v-2z\" fill=\"currentColor\"><\/path><\/svg><svg style=\"fill: #999;color:#999\" class=\"arrow-unsorted-368013\" xmlns=\"http:\/\/www.w3.org\/2000\/svg\" width=\"10px\" height=\"10px\" viewBox=\"0 0 24 24\" version=\"1.2\" baseProfile=\"tiny\"><path d=\"M18.2 9.3l-6.2-6.3-6.2 6.3c-.2.2-.3.4-.3.7s.1.5.3.7c.2.2.4.3.7.3h11c.3 0 .5-.1.7-.3.2-.2.3-.5.3-.7s-.1-.5-.3-.7zM5.8 14.7l6.2 6.3 6.2-6.3c.2-.2.3-.5.3-.7s-.1-.5-.3-.7c-.2-.2-.4-.3-.7-.3h-11c-.3 0-.5.1-.7.3-.2.2-.3.5-.3.7s.1.5.3.7z\"\/><\/svg><\/span><\/span><\/span><\/a><\/span><\/div>\n<nav><ul class='ez-toc-list ez-toc-list-level-1 ' ><li class='ez-toc-page-1 ez-toc-heading-level-2'><a class=\"ez-toc-link ez-toc-heading-1\" href=\"https:\/\/www.agoracademie.com\/blog\/blended-learning\/#Quest-ce_que_le_blended_learning\" >Qu\u2019est-ce que le blended learning&nbsp;?<\/a><ul class='ez-toc-list-level-3' ><li class='ez-toc-heading-level-3'><a class=\"ez-toc-link ez-toc-heading-2\" href=\"https:\/\/www.agoracademie.com\/blog\/blended-learning\/#Les_avantages_de_la_formation_mixte\" >Les avantages de la formation mixte<\/a><\/li><li class='ez-toc-page-1 ez-toc-heading-level-3'><a class=\"ez-toc-link ez-toc-heading-3\" href=\"https:\/\/www.agoracademie.com\/blog\/blended-learning\/#Le_choix_de_lentreprise\" >Le choix de l&rsquo;entreprise<\/a><\/li><li class='ez-toc-page-1 ez-toc-heading-level-3'><a class=\"ez-toc-link ez-toc-heading-4\" href=\"https:\/\/www.agoracademie.com\/blog\/blended-learning\/#Exemple_de_solution_blended_learning_sur_Agoracademie\" >Exemple de solution blended learning sur Agoracad\u00e9mie<\/a><\/li><\/ul><\/li><\/ul><\/nav><\/div>\n\n<\/div>\n\n<div class=\"wp-block-image\">\n<figure class=\"aligncenter size-large\"><a href=\"https:\/\/www.agoracademie.com\/academie\"><img loading=\"lazy\" decoding=\"async\" width=\"148\" height=\"39\" src=\"https:\/\/www.agoracademie.com\/blog\/wp-content\/uploads\/2019\/03\/acces-formation.gif\" alt=\"Acc\u00e8s formation\" class=\"wp-image-9868\"\/><\/a><\/figure>\n<\/div>\n\n\n<h2 class=\"wp-block-heading\"><span class=\"ez-toc-section\" id=\"Quest-ce_que_le_blended_learning\"><\/span>Qu\u2019est-ce que le blended learning&nbsp;?<span class=\"ez-toc-section-end\"><\/span><\/h2>\n\n\n\n<p>Largement utilis\u00e9 dans l\u2019apprentissage linguistique, le blended learning (ou formation mixte en fran\u00e7ais) est un m\u00e9lange de plusieurs modes d\u2019apprentissage.<\/p>\n\n\n\n<p>Il permett \u00e0 l\u2019apprenant de se former d\u2019une mani\u00e8re tout \u00e0 fait originale et totalement personnalis\u00e9e.<\/p>\n\n\n\n<!--more-->\n\n\n\n<p>La combinaison peut ainsi varier entre le sujet et la personnalit\u00e9 du stagiaire :<\/p>\n\n\n\n<ul class=\"wp-block-list\">\n<li>Le <strong>e-learning<\/strong>, c\u2019est-\u00e0-dire l\u2019enseignement en ligne sur Internet ou Intranet, pour l\u2019acquisition d\u2019un contenu th\u00e9orique et le d\u00e9veloppement des connaissances\u2026<\/li>\n\n\n\n<li>Le <strong>pr\u00e9sentiel<\/strong>, c\u2019est-\u00e0-dire la formation ou le coaching en salle, pour la mise en situation, l\u2019\u00e9tude de cas concrets, l\u2019exp\u00e9rimentation des techniques, l\u2019interaction avec le formateur et\/ou les autres stagiaires, la stimulation des potentiels et de la cr\u00e9ativit\u00e9\u2026<\/li>\n\n\n\n<li>L\u2019enseignement et le <strong>coaching<\/strong> \u00e0 distance par t\u00e9l\u00e9phone ou visioconf\u00e9rence, pour un accompagnement plus personnalis\u00e9 sans contrainte g\u00e9ographique, etc.<\/li>\n<\/ul>\n\n\n\n<h3 class=\"wp-block-heading\"><span class=\"ez-toc-section\" id=\"Les_avantages_de_la_formation_mixte\"><\/span>Les avantages de la formation mixte<span class=\"ez-toc-section-end\"><\/span><\/h3>\n\n\n\n<p>Le blended learning permet de <strong>r\u00e9duire consid\u00e9rablement le temps d\u2019apprentissage<\/strong>.<\/p>\n\n\n\n<p>En effet, l\u2019apprenant progresse \u00e0 son rythme (et non plus \u00e0 celui du groupe) tout en se responsabilisant par la d\u00e9marche active du e-learning.<\/p>\n\n\n\n<p>C\u2019est lui qui d\u00e9cide du moment o\u00f9 il souhaite se former puisque la plate-forme e-learning est ouverte :<\/p>\n\n\n\n<ul class=\"wp-block-list\">\n<li>24 heures sur 24 <\/li>\n\n\n\n<li>et 7 jours sur 7, <\/li>\n<\/ul>\n\n\n\n<p>sans aucune contrainte g\u00e9ographique.<\/p>\n\n\n\n<p>De plus, il se motive par l\u2019alternance des supports p\u00e9dagogiques et des m\u00e9thodes modernes.<\/p>\n\n\n\n<h3 class=\"wp-block-heading\"><span class=\"ez-toc-section\" id=\"Le_choix_de_lentreprise\"><\/span>Le choix de l&rsquo;entreprise<span class=\"ez-toc-section-end\"><\/span><\/h3>\n\n\n\n<p>L\u2019entreprise peut ainsi choisir, en fonction de ses besoins et de son budget, l\u2019une ou l\u2019autre des solutions \u00e9ducatives et de changement, en sachant que le e-learning a le gros avantage d\u2019\u00eatre tr\u00e8s \u00e9conomique. <\/p>\n\n\n\n<p>Elle peut ainsi privil\u00e9gier l\u2019apprentissage en ligne afin de r\u00e9duire le temps de formation en salle, le premier venant compl\u00e9ter le second et inversement. <\/p>\n\n\n\n<p>Et si cela n\u2019est pas suffisant, elle peut aussi jouer la carte du coaching pour d\u00e9bloquer une situation restant encore sans solution.<\/p>\n\n\n\n<p><strong>Puisque l\u2019entreprise d\u2019aujourd\u2019hui veut de la flexibilit\u00e9, en voici !<\/strong><\/p>\n\n\n\n<h4 class=\"wp-block-heading\"><strong>En bref<\/strong><\/h4>\n\n\n\n<ul class=\"wp-block-list\">\n<li>Meilleure optimisation du temps, des co\u00fbts donc du budget,<\/li>\n\n\n\n<li>plus de motivation et de responsabilisation de l\u2019apprenant gr\u00e2ce \u00e0 la diversification des m\u00e9thodes et \u00e0 leur modernit\u00e9,<\/li>\n\n\n\n<li>personnalisation maximale des solutions et du contenu pour plus d\u2019efficacit\u00e9 et de performance,<\/li>\n<\/ul>\n\n\n\n<p>Bref, pourquoi h\u00e9sitez-vous encore \u00e0 adopter la formation mixte ?&#8230;<\/p>\n\n\n\n<figure class=\"wp-block-embed is-type-video is-provider-youtube wp-block-embed-youtube wp-embed-aspect-16-9 wp-has-aspect-ratio\"><div class=\"wp-block-embed__wrapper\">\n<iframe loading=\"lazy\" title=\"Formation &amp; coaching en d\u00e9veloppement personnel | Agoracad\u00e9mie\" width=\"960\" height=\"540\" src=\"https:\/\/www.youtube.com\/embed\/dF2E0XrmcJY?start=3&#038;feature=oembed\" frameborder=\"0\" allow=\"accelerometer; autoplay; clipboard-write; encrypted-media; gyroscope; picture-in-picture\" allowfullscreen><\/iframe>\n<\/div><\/figure>\n\n\n\n<h3 class=\"wp-block-heading\"><span class=\"ez-toc-section\" id=\"Exemple_de_solution_blended_learning_sur_Agoracademie\"><\/span>Exemple de solution blended learning sur Agoracad\u00e9mie<span class=\"ez-toc-section-end\"><\/span><\/h3>\n\n\n<div class=\"wp-block-image\">\n<figure class=\"alignleft\"><img loading=\"lazy\" decoding=\"async\" width=\"150\" height=\"150\" src=\"https:\/\/www.agoracademie.com\/blog\/wp-content\/uploads\/2014\/09\/laurent-bertrel-150x150.jpg\" alt=\"Laurent Bertrel\" class=\"wp-image-202\"\/><figcaption class=\"wp-element-caption\">Laurent Bertrel<\/figcaption><\/figure>\n<\/div>\n\n\n<p>Agoracademie.com propose <strong>depuis 2010<\/strong> sa solution <a href=\"https:\/\/www.agoracademie.com\/academie\/formation-a-distance-gestion-du-stress-et-emotions\">e-learning en gestion du stress<\/a> et des \u00e9motions et son fondateur, Laurent Bertrel \u00e9galement formateur \u2013 coach PNL et auteur, anime des stages et des s\u00e9ances de coaching (sur site ou \u00e0 distance, en fran\u00e7ais ou en anglais) ce qui nous permet de vous proposer notre solution blended learning en gestion du stress et des \u00e9motions mais aussi en communication interpersonnelle. <\/p>\n\n\n\n<p>D\u2019autres sujets peuvent \u00eatre d\u00e9velopp\u00e9s sur demande.<\/p>\n\n\n\n<p>Pour toute information compl\u00e9mentaire et pour obtenir un devis personnalis\u00e9, contactez-nous&nbsp;!<\/p>\n\n\n\n<p>Notez que nous pouvons \u00e9galement vous proposer un programme en gestion du stress et des \u00e9motions (en cr\u00e9ativit\u00e9 ou en communication) pouvant s\u2019adapter \u00e0 la plate-forme e-learning de votre entreprise.<\/p>\n\n\n\n<p>D\u00e9couvrez d\u00e8s maintenant notre <a href=\"https:\/\/www.agoracademie.com\/blog\/elearning\/\">programme e-learning<\/a> en gestion du stress et des \u00e9motions (voir boutique) !<\/p>\n","protected":false},"excerpt":{"rendered":"<p>Qu\u2019est-ce que le blended learning&nbsp;? Largement utilis\u00e9 dans l\u2019apprentissage linguistique, le blended learning (ou formation mixte en fran\u00e7ais) est un m\u00e9lange de plusieurs modes d\u2019apprentissage. Il permett \u00e0 l\u2019apprenant de se former d\u2019une mani\u00e8re tout \u00e0 fait originale et totalement personnalis\u00e9e.<\/p>\n","protected":false},"author":2,"featured_media":0,"comment_status":"open","ping_status":"open","sticky":false,"template":"","format":"standard","meta":{"_bbp_topic_count":0,"_bbp_reply_count":0,"_bbp_total_topic_count":0,"_bbp_total_reply_count":0,"_bbp_voice_count":0,"_bbp_anonymous_reply_count":0,"_bbp_topic_count_hidden":0,"_bbp_reply_count_hidden":0,"_bbp_forum_subforum_count":0,"footnotes":""},"categories":[6],"tags":[],"class_list":["post-1198","post","type-post","status-publish","format-standard","hentry","category-formation-en-developpement-personnel"],"yoast_head":"<!-- This site is optimized with the Yoast SEO plugin v27.4 - https:\/\/yoast.com\/product\/yoast-seo-wordpress\/ -->\n<title>Blended learning : formation mixte avec Agoracad\u00e9mie<\/title>\n<meta name=\"description\" content=\"Vous cherchez une formation mixte en d\u00e9veloppement personnel ? Voici notre solution blended learning alliant e-learning \u271a pr\u00e9sentiel.\" \/>\n<meta name=\"robots\" content=\"index, follow, max-snippet:-1, max-image-preview:large, max-video-preview:-1\" \/>\n<link rel=\"canonical\" href=\"https:\/\/www.agoracademie.com\/blog\/blended-learning\/\" \/>\n<meta property=\"og:locale\" content=\"fr_FR\" \/>\n<meta property=\"og:type\" content=\"article\" \/>\n<meta property=\"og:title\" content=\"Blended learning : formation mixte avec Agoracad\u00e9mie\" \/>\n<meta property=\"og:description\" content=\"Vous cherchez une formation mixte en d\u00e9veloppement personnel ? Voici notre solution blended learning alliant e-learning \u271a pr\u00e9sentiel.\" \/>\n<meta property=\"og:url\" content=\"https:\/\/www.agoracademie.com\/blog\/blended-learning\/\" \/>\n<meta property=\"og:site_name\" content=\"Agoracad\u00e9mie\" \/>\n<meta property=\"article:published_time\" content=\"2013-11-28T12:17:56+00:00\" \/>\n<meta property=\"article:modified_time\" content=\"2025-07-13T13:39:48+00:00\" \/>\n<meta property=\"og:image\" content=\"https:\/\/www.agoracademie.com\/blog\/wp-content\/uploads\/2020\/02\/blended-learning.jpg\" \/>\n\t<meta property=\"og:image:width\" content=\"640\" \/>\n\t<meta property=\"og:image:height\" content=\"426\" \/>\n\t<meta property=\"og:image:type\" content=\"image\/jpeg\" \/>\n<meta name=\"author\" content=\"Laurent Bertrel\" \/>\n<meta name=\"twitter:label1\" content=\"\u00c9crit par\" \/>\n\t<meta name=\"twitter:data1\" content=\"Laurent Bertrel\" \/>\n\t<meta name=\"twitter:label2\" content=\"Dur\u00e9e de lecture estim\u00e9e\" \/>\n\t<meta name=\"twitter:data2\" content=\"4 minutes\" \/>\n<script type=\"application\/ld+json\" class=\"yoast-schema-graph\">{\"@context\":\"https:\\\/\\\/schema.org\",\"@graph\":[{\"@type\":\"Article\",\"@id\":\"https:\\\/\\\/www.agoracademie.com\\\/blog\\\/blended-learning\\\/#article\",\"isPartOf\":{\"@id\":\"https:\\\/\\\/www.agoracademie.com\\\/blog\\\/blended-learning\\\/\"},\"author\":{\"name\":\"Laurent Bertrel\",\"@id\":\"https:\\\/\\\/www.agoracademie.com\\\/blog\\\/#\\\/schema\\\/person\\\/c2f110c50be7dcecc05cb4e87f32537f\"},\"headline\":\"Blended learning\",\"datePublished\":\"2013-11-28T12:17:56+00:00\",\"dateModified\":\"2025-07-13T13:39:48+00:00\",\"mainEntityOfPage\":{\"@id\":\"https:\\\/\\\/www.agoracademie.com\\\/blog\\\/blended-learning\\\/\"},\"wordCount\":572,\"commentCount\":0,\"image\":{\"@id\":\"https:\\\/\\\/www.agoracademie.com\\\/blog\\\/blended-learning\\\/#primaryimage\"},\"thumbnailUrl\":\"https:\\\/\\\/www.agoracademie.com\\\/blog\\\/wp-content\\\/uploads\\\/2020\\\/02\\\/blended-learning.jpg\",\"articleSection\":[\"Formation\"],\"inLanguage\":\"fr-FR\",\"potentialAction\":[{\"@type\":\"CommentAction\",\"name\":\"Comment\",\"target\":[\"https:\\\/\\\/www.agoracademie.com\\\/blog\\\/blended-learning\\\/#respond\"]}]},{\"@type\":\"WebPage\",\"@id\":\"https:\\\/\\\/www.agoracademie.com\\\/blog\\\/blended-learning\\\/\",\"url\":\"https:\\\/\\\/www.agoracademie.com\\\/blog\\\/blended-learning\\\/\",\"name\":\"Blended learning : formation mixte avec Agoracad\u00e9mie\",\"isPartOf\":{\"@id\":\"https:\\\/\\\/www.agoracademie.com\\\/blog\\\/#website\"},\"primaryImageOfPage\":{\"@id\":\"https:\\\/\\\/www.agoracademie.com\\\/blog\\\/blended-learning\\\/#primaryimage\"},\"image\":{\"@id\":\"https:\\\/\\\/www.agoracademie.com\\\/blog\\\/blended-learning\\\/#primaryimage\"},\"thumbnailUrl\":\"https:\\\/\\\/www.agoracademie.com\\\/blog\\\/wp-content\\\/uploads\\\/2020\\\/02\\\/blended-learning.jpg\",\"datePublished\":\"2013-11-28T12:17:56+00:00\",\"dateModified\":\"2025-07-13T13:39:48+00:00\",\"author\":{\"@id\":\"https:\\\/\\\/www.agoracademie.com\\\/blog\\\/#\\\/schema\\\/person\\\/c2f110c50be7dcecc05cb4e87f32537f\"},\"description\":\"Vous cherchez une formation mixte en d\u00e9veloppement personnel ? Voici notre solution blended learning alliant e-learning \u271a pr\u00e9sentiel.\",\"breadcrumb\":{\"@id\":\"https:\\\/\\\/www.agoracademie.com\\\/blog\\\/blended-learning\\\/#breadcrumb\"},\"inLanguage\":\"fr-FR\",\"potentialAction\":[{\"@type\":\"ReadAction\",\"target\":[\"https:\\\/\\\/www.agoracademie.com\\\/blog\\\/blended-learning\\\/\"]}]},{\"@type\":\"ImageObject\",\"inLanguage\":\"fr-FR\",\"@id\":\"https:\\\/\\\/www.agoracademie.com\\\/blog\\\/blended-learning\\\/#primaryimage\",\"url\":\"https:\\\/\\\/www.agoracademie.com\\\/blog\\\/wp-content\\\/uploads\\\/2020\\\/02\\\/blended-learning.jpg\",\"contentUrl\":\"https:\\\/\\\/www.agoracademie.com\\\/blog\\\/wp-content\\\/uploads\\\/2020\\\/02\\\/blended-learning.jpg\",\"width\":640,\"height\":426},{\"@type\":\"BreadcrumbList\",\"@id\":\"https:\\\/\\\/www.agoracademie.com\\\/blog\\\/blended-learning\\\/#breadcrumb\",\"itemListElement\":[{\"@type\":\"ListItem\",\"position\":1,\"name\":\"Accueil\",\"item\":\"https:\\\/\\\/www.agoracademie.com\\\/blog\\\/\"},{\"@type\":\"ListItem\",\"position\":2,\"name\":\"Blended learning\"}]},{\"@type\":\"WebSite\",\"@id\":\"https:\\\/\\\/www.agoracademie.com\\\/blog\\\/#website\",\"url\":\"https:\\\/\\\/www.agoracademie.com\\\/blog\\\/\",\"name\":\"Blog Agoracad\u00e9mie - Centre de formation en ligne et \u00e0 distance\",\"description\":\"Le blog du d\u00e9veloppement personnel et des th\u00e9rapies\",\"potentialAction\":[{\"@type\":\"SearchAction\",\"target\":{\"@type\":\"EntryPoint\",\"urlTemplate\":\"https:\\\/\\\/www.agoracademie.com\\\/blog\\\/?s={search_term_string}\"},\"query-input\":{\"@type\":\"PropertyValueSpecification\",\"valueRequired\":true,\"valueName\":\"search_term_string\"}}],\"inLanguage\":\"fr-FR\"},{\"@type\":\"Person\",\"@id\":\"https:\\\/\\\/www.agoracademie.com\\\/blog\\\/#\\\/schema\\\/person\\\/c2f110c50be7dcecc05cb4e87f32537f\",\"name\":\"Laurent Bertrel\",\"image\":{\"@type\":\"ImageObject\",\"inLanguage\":\"fr-FR\",\"@id\":\"https:\\\/\\\/secure.gravatar.com\\\/avatar\\\/45841390e6db2f4064cc5f84ee39189cf562b1de36eb5b1b7cc82dee445813a4?s=96&r=g\",\"url\":\"https:\\\/\\\/secure.gravatar.com\\\/avatar\\\/45841390e6db2f4064cc5f84ee39189cf562b1de36eb5b1b7cc82dee445813a4?s=96&r=g\",\"contentUrl\":\"https:\\\/\\\/secure.gravatar.com\\\/avatar\\\/45841390e6db2f4064cc5f84ee39189cf562b1de36eb5b1b7cc82dee445813a4?s=96&r=g\",\"caption\":\"Laurent Bertrel\"},\"description\":\"Laurent Bertrel est le fondateur d'Agoracad\u00e9mie. Titulaire d'une licence en sciences humaines et sociales, d'une ma\u00eetrise et d'un master en psychanalyse, d'un master en \u00e9tudes culturelles parcours \u00e9tudes de genre, du DU connaissances g\u00e9n\u00e9rales de la personne \u00e2g\u00e9e, il est aussi form\u00e9 \u00e0 diff\u00e9rentes approches dont la PNL, la sophrologie, la relaxation, l'hypnose, le coaching, la m\u00e9ditation, les arts martiaux, etc. Auteur de plus de 40 ouvrages, dont 18 livres, il anime plusieurs formations sur Agoracad\u00e9mie et r\u00e9pondra au message que vous allez laisser ci-dessous.\",\"sameAs\":[\"https:\\\/\\\/www.agoracademie.com\\\/\"]}]}<\/script>\n<!-- \/ Yoast SEO plugin. -->","yoast_head_json":{"title":"Blended learning : formation mixte avec Agoracad\u00e9mie","description":"Vous cherchez une formation mixte en d\u00e9veloppement personnel ? Voici notre solution blended learning alliant e-learning \u271a pr\u00e9sentiel.","robots":{"index":"index","follow":"follow","max-snippet":"max-snippet:-1","max-image-preview":"max-image-preview:large","max-video-preview":"max-video-preview:-1"},"canonical":"https:\/\/www.agoracademie.com\/blog\/blended-learning\/","og_locale":"fr_FR","og_type":"article","og_title":"Blended learning : formation mixte avec Agoracad\u00e9mie","og_description":"Vous cherchez une formation mixte en d\u00e9veloppement personnel ? Voici notre solution blended learning alliant e-learning \u271a pr\u00e9sentiel.","og_url":"https:\/\/www.agoracademie.com\/blog\/blended-learning\/","og_site_name":"Agoracad\u00e9mie","article_published_time":"2013-11-28T12:17:56+00:00","article_modified_time":"2025-07-13T13:39:48+00:00","og_image":[{"width":640,"height":426,"url":"https:\/\/www.agoracademie.com\/blog\/wp-content\/uploads\/2020\/02\/blended-learning.jpg","type":"image\/jpeg"}],"author":"Laurent Bertrel","twitter_misc":{"\u00c9crit par":"Laurent Bertrel","Dur\u00e9e de lecture estim\u00e9e":"4 minutes"},"schema":{"@context":"https:\/\/schema.org","@graph":[{"@type":"Article","@id":"https:\/\/www.agoracademie.com\/blog\/blended-learning\/#article","isPartOf":{"@id":"https:\/\/www.agoracademie.com\/blog\/blended-learning\/"},"author":{"name":"Laurent Bertrel","@id":"https:\/\/www.agoracademie.com\/blog\/#\/schema\/person\/c2f110c50be7dcecc05cb4e87f32537f"},"headline":"Blended learning","datePublished":"2013-11-28T12:17:56+00:00","dateModified":"2025-07-13T13:39:48+00:00","mainEntityOfPage":{"@id":"https:\/\/www.agoracademie.com\/blog\/blended-learning\/"},"wordCount":572,"commentCount":0,"image":{"@id":"https:\/\/www.agoracademie.com\/blog\/blended-learning\/#primaryimage"},"thumbnailUrl":"https:\/\/www.agoracademie.com\/blog\/wp-content\/uploads\/2020\/02\/blended-learning.jpg","articleSection":["Formation"],"inLanguage":"fr-FR","potentialAction":[{"@type":"CommentAction","name":"Comment","target":["https:\/\/www.agoracademie.com\/blog\/blended-learning\/#respond"]}]},{"@type":"WebPage","@id":"https:\/\/www.agoracademie.com\/blog\/blended-learning\/","url":"https:\/\/www.agoracademie.com\/blog\/blended-learning\/","name":"Blended learning : formation mixte avec Agoracad\u00e9mie","isPartOf":{"@id":"https:\/\/www.agoracademie.com\/blog\/#website"},"primaryImageOfPage":{"@id":"https:\/\/www.agoracademie.com\/blog\/blended-learning\/#primaryimage"},"image":{"@id":"https:\/\/www.agoracademie.com\/blog\/blended-learning\/#primaryimage"},"thumbnailUrl":"https:\/\/www.agoracademie.com\/blog\/wp-content\/uploads\/2020\/02\/blended-learning.jpg","datePublished":"2013-11-28T12:17:56+00:00","dateModified":"2025-07-13T13:39:48+00:00","author":{"@id":"https:\/\/www.agoracademie.com\/blog\/#\/schema\/person\/c2f110c50be7dcecc05cb4e87f32537f"},"description":"Vous cherchez une formation mixte en d\u00e9veloppement personnel ? Voici notre solution blended learning alliant e-learning \u271a pr\u00e9sentiel.","breadcrumb":{"@id":"https:\/\/www.agoracademie.com\/blog\/blended-learning\/#breadcrumb"},"inLanguage":"fr-FR","potentialAction":[{"@type":"ReadAction","target":["https:\/\/www.agoracademie.com\/blog\/blended-learning\/"]}]},{"@type":"ImageObject","inLanguage":"fr-FR","@id":"https:\/\/www.agoracademie.com\/blog\/blended-learning\/#primaryimage","url":"https:\/\/www.agoracademie.com\/blog\/wp-content\/uploads\/2020\/02\/blended-learning.jpg","contentUrl":"https:\/\/www.agoracademie.com\/blog\/wp-content\/uploads\/2020\/02\/blended-learning.jpg","width":640,"height":426},{"@type":"BreadcrumbList","@id":"https:\/\/www.agoracademie.com\/blog\/blended-learning\/#breadcrumb","itemListElement":[{"@type":"ListItem","position":1,"name":"Accueil","item":"https:\/\/www.agoracademie.com\/blog\/"},{"@type":"ListItem","position":2,"name":"Blended learning"}]},{"@type":"WebSite","@id":"https:\/\/www.agoracademie.com\/blog\/#website","url":"https:\/\/www.agoracademie.com\/blog\/","name":"Blog Agoracad\u00e9mie - Centre de formation en ligne et \u00e0 distance","description":"Le blog du d\u00e9veloppement personnel et des th\u00e9rapies","potentialAction":[{"@type":"SearchAction","target":{"@type":"EntryPoint","urlTemplate":"https:\/\/www.agoracademie.com\/blog\/?s={search_term_string}"},"query-input":{"@type":"PropertyValueSpecification","valueRequired":true,"valueName":"search_term_string"}}],"inLanguage":"fr-FR"},{"@type":"Person","@id":"https:\/\/www.agoracademie.com\/blog\/#\/schema\/person\/c2f110c50be7dcecc05cb4e87f32537f","name":"Laurent Bertrel","image":{"@type":"ImageObject","inLanguage":"fr-FR","@id":"https:\/\/secure.gravatar.com\/avatar\/45841390e6db2f4064cc5f84ee39189cf562b1de36eb5b1b7cc82dee445813a4?s=96&r=g","url":"https:\/\/secure.gravatar.com\/avatar\/45841390e6db2f4064cc5f84ee39189cf562b1de36eb5b1b7cc82dee445813a4?s=96&r=g","contentUrl":"https:\/\/secure.gravatar.com\/avatar\/45841390e6db2f4064cc5f84ee39189cf562b1de36eb5b1b7cc82dee445813a4?s=96&r=g","caption":"Laurent Bertrel"},"description":"Laurent Bertrel est le fondateur d'Agoracad\u00e9mie. Titulaire d'une licence en sciences humaines et sociales, d'une ma\u00eetrise et d'un master en psychanalyse, d'un master en \u00e9tudes culturelles parcours \u00e9tudes de genre, du DU connaissances g\u00e9n\u00e9rales de la personne \u00e2g\u00e9e, il est aussi form\u00e9 \u00e0 diff\u00e9rentes approches dont la PNL, la sophrologie, la relaxation, l'hypnose, le coaching, la m\u00e9ditation, les arts martiaux, etc. Auteur de plus de 40 ouvrages, dont 18 livres, il anime plusieurs formations sur Agoracad\u00e9mie et r\u00e9pondra au message que vous allez laisser ci-dessous.","sameAs":["https:\/\/www.agoracademie.com\/"]}]}},"acf":[],"_links":{"self":[{"href":"https:\/\/www.agoracademie.com\/blog\/wp-json\/wp\/v2\/posts\/1198","targetHints":{"allow":["GET"]}}],"collection":[{"href":"https:\/\/www.agoracademie.com\/blog\/wp-json\/wp\/v2\/posts"}],"about":[{"href":"https:\/\/www.agoracademie.com\/blog\/wp-json\/wp\/v2\/types\/post"}],"author":[{"embeddable":true,"href":"https:\/\/www.agoracademie.com\/blog\/wp-json\/wp\/v2\/users\/2"}],"replies":[{"embeddable":true,"href":"https:\/\/www.agoracademie.com\/blog\/wp-json\/wp\/v2\/comments?post=1198"}],"version-history":[{"count":8,"href":"https:\/\/www.agoracademie.com\/blog\/wp-json\/wp\/v2\/posts\/1198\/revisions"}],"predecessor-version":[{"id":22286,"href":"https:\/\/www.agoracademie.com\/blog\/wp-json\/wp\/v2\/posts\/1198\/revisions\/22286"}],"wp:attachment":[{"href":"https:\/\/www.agoracademie.com\/blog\/wp-json\/wp\/v2\/media?parent=1198"}],"wp:term":[{"taxonomy":"category","embeddable":true,"href":"https:\/\/www.agoracademie.com\/blog\/wp-json\/wp\/v2\/categories?post=1198"},{"taxonomy":"post_tag","embeddable":true,"href":"https:\/\/www.agoracademie.com\/blog\/wp-json\/wp\/v2\/tags?post=1198"}],"curies":[{"name":"wp","href":"https:\/\/api.w.org\/{rel}","templated":true}]}}