{"id":19525,"date":"2022-08-29T14:19:00","date_gmt":"2022-08-29T12:19:00","guid":{"rendered":"https:\/\/www.agoracademie.com\/blog\/?p=19525"},"modified":"2025-07-12T09:33:00","modified_gmt":"2025-07-12T07:33:00","slug":"devenir-formateur-en-communication","status":"publish","type":"post","link":"https:\/\/www.agoracademie.com\/blog\/devenir-formateur-en-communication\/","title":{"rendered":"Devenir formateur en communication"},"content":{"rendered":"<div class=\"wp-block-image\">\n<figure class=\"aligncenter size-large\"><img loading=\"lazy\" decoding=\"async\" width=\"1024\" height=\"511\" src=\"https:\/\/www.agoracademie.com\/blog\/wp-content\/uploads\/2022\/08\/devenir-formateur-en-communication-1024x511.jpg\" alt=\"Devenir formateur en communication\" class=\"wp-image-19524\" srcset=\"https:\/\/www.agoracademie.com\/blog\/wp-content\/uploads\/2022\/08\/devenir-formateur-en-communication-1024x511.jpg 1024w, https:\/\/www.agoracademie.com\/blog\/wp-content\/uploads\/2022\/08\/devenir-formateur-en-communication-300x150.jpg 300w, https:\/\/www.agoracademie.com\/blog\/wp-content\/uploads\/2022\/08\/devenir-formateur-en-communication-768x383.jpg 768w, https:\/\/www.agoracademie.com\/blog\/wp-content\/uploads\/2022\/08\/devenir-formateur-en-communication.jpg 1079w\" sizes=\"auto, (max-width: 1024px) 100vw, 1024px\" \/><\/figure><div id=\"ez-toc-container\" class=\"ez-toc-v2_0_82_2 ez-toc-wrap-center counter-hierarchy ez-toc-counter ez-toc-transparent ez-toc-container-direction\">\n<div class=\"ez-toc-title-container\">\n<p class=\"ez-toc-title\" style=\"cursor:inherit\">Sommaire<\/p>\n<span class=\"ez-toc-title-toggle\"><a href=\"#\" class=\"ez-toc-pull-right ez-toc-btn ez-toc-btn-xs ez-toc-btn-default ez-toc-toggle\" aria-label=\"Toggle Table of Content\"><span class=\"ez-toc-js-icon-con\"><span class=\"\"><span class=\"eztoc-hide\" style=\"display:none;\">Toggle<\/span><span class=\"ez-toc-icon-toggle-span\"><svg style=\"fill: #999;color:#999\" xmlns=\"http:\/\/www.w3.org\/2000\/svg\" class=\"list-377408\" width=\"20px\" height=\"20px\" viewBox=\"0 0 24 24\" fill=\"none\"><path d=\"M6 6H4v2h2V6zm14 0H8v2h12V6zM4 11h2v2H4v-2zm16 0H8v2h12v-2zM4 16h2v2H4v-2zm16 0H8v2h12v-2z\" fill=\"currentColor\"><\/path><\/svg><svg style=\"fill: #999;color:#999\" class=\"arrow-unsorted-368013\" xmlns=\"http:\/\/www.w3.org\/2000\/svg\" width=\"10px\" height=\"10px\" viewBox=\"0 0 24 24\" version=\"1.2\" baseProfile=\"tiny\"><path d=\"M18.2 9.3l-6.2-6.3-6.2 6.3c-.2.2-.3.4-.3.7s.1.5.3.7c.2.2.4.3.7.3h11c.3 0 .5-.1.7-.3.2-.2.3-.5.3-.7s-.1-.5-.3-.7zM5.8 14.7l6.2 6.3 6.2-6.3c.2-.2.3-.5.3-.7s-.1-.5-.3-.7c-.2-.2-.4-.3-.7-.3h-11c-.3 0-.5.1-.7.3-.2.2-.3.5-.3.7s.1.5.3.7z\"\/><\/svg><\/span><\/span><\/span><\/a><\/span><\/div>\n<nav><ul class='ez-toc-list ez-toc-list-level-1 ' ><li class='ez-toc-page-1 ez-toc-heading-level-2'><a class=\"ez-toc-link ez-toc-heading-1\" href=\"https:\/\/www.agoracademie.com\/blog\/devenir-formateur-en-communication\/#Devenir_formateur_en_communication\" >Devenir formateur en communication<\/a><ul class='ez-toc-list-level-3' ><li class='ez-toc-heading-level-3'><a class=\"ez-toc-link ez-toc-heading-2\" href=\"https:\/\/www.agoracademie.com\/blog\/devenir-formateur-en-communication\/#La_com_dentreprise\" >La com d&rsquo;entreprise<\/a><\/li><li class='ez-toc-page-1 ez-toc-heading-level-3'><a class=\"ez-toc-link ez-toc-heading-3\" href=\"https:\/\/www.agoracademie.com\/blog\/devenir-formateur-en-communication\/#La_com_interpersonnelle\" >La com interpersonnelle<\/a><\/li><li class='ez-toc-page-1 ez-toc-heading-level-3'><a class=\"ez-toc-link ez-toc-heading-4\" href=\"https:\/\/www.agoracademie.com\/blog\/devenir-formateur-en-communication\/#La_com_intrapersonnelle\" >La com intrapersonnelle<\/a><\/li><\/ul><\/li><li class='ez-toc-page-1 ez-toc-heading-level-2'><a class=\"ez-toc-link ez-toc-heading-5\" href=\"https:\/\/www.agoracademie.com\/blog\/devenir-formateur-en-communication\/#Notre_formation_pour_devenir_formateur_en_communication\" >Notre formation pour devenir formateur en communication<\/a><\/li><\/ul><\/nav><\/div>\n\n<\/div>\n\n\n<h2 class=\"wp-block-heading\"><span class=\"ez-toc-section\" id=\"Devenir_formateur_en_communication\"><\/span><strong>Devenir formateur en communication<\/strong><span class=\"ez-toc-section-end\"><\/span><\/h2>\n\n\n\n<p>Nous recevons tr\u00e8s souvent la question suivante&nbsp;: comment devenir formateur en communication&nbsp;?<\/p>\n\n\n\n<p>Pour r\u00e9pondre correctement, il convient tout d&rsquo;abord de d\u00e9finir ensemble ce que vous entendez par communication.<\/p>\n\n\n\n<p>En effet, ce terme est devenu une sorte de mot-valise o\u00f9 l&rsquo;on trouve de nombreuses d\u00e9finitions, comme l&rsquo;indique ce petit panorama.<\/p>\n\n\n\n<!--more-->\n\n\n\n<h3 class=\"wp-block-heading\"><span class=\"ez-toc-section\" id=\"La_com_dentreprise\"><\/span><strong>La com d&rsquo;entreprise<\/strong><span class=\"ez-toc-section-end\"><\/span><\/h3>\n\n\n\n<p>Celle-ci vous permet de r\u00e9aliser&nbsp;:<\/p>\n\n\n\n<ul class=\"wp-block-list\">\n<li>un <strong>plan de com<\/strong> efficace notamment en interne (\u00e0 destination des collaborateurs de l&rsquo;entreprise&nbsp;: journal interne, Intranet&#8230;)&nbsp;;<\/li>\n\n\n\n<li>un <strong>plan marketing<\/strong> en externe pour recruter des partenaires et de nouveaux clients, tout en fid\u00e9lisant la client\u00e8le existante en renfor\u00e7ant l&rsquo;image de la marque (com corporate)&nbsp;;<\/li>\n\n\n\n<li>ou encore une <strong>com de crise<\/strong> (les crises sont actuellement tr\u00e8s nombreuses avec la pand\u00e9mie, mais pas seulement malheureusement&#8230;)&#8230;<\/li>\n<\/ul>\n\n\n\n<p>Ici, vous avez la possibilit\u00e9 de communiquer vers ces diff\u00e9rentes cibles de multiples mani\u00e8res.<\/p>\n\n\n\n<p>Si le <strong>papier<\/strong> reste encore utilis\u00e9 (du coupon bas de gamme \u00e0 la plaquette catalogue haut de gamme), la com est aujourd&rsquo;hui essentiellement <strong>num\u00e9rique<\/strong>.<\/p>\n\n\n\n<p>Pour ce faire, il est maintenant indispensable d&rsquo;avoir une forte pr\u00e9sence sur Internet avec un site, un blog, sans oublier les incontournables (et chronophages) r\u00e9seaux sociaux (Instagram, Facebook &amp; Co.).<\/p>\n\n\n\n<div class=\"wp-block-magic-content-box-content-box aligncenter magic-content-box-755bb803-3d2e-4 magic-content-box-contentBox block-wrapper-background content-align-center\"><style>.magic-content-box-755bb803-3d2e-4 .magic-content-box-content-wrapper{text-align:center;margin-top:30px;margin-bottom:30px}.magic-content-box-755bb803-3d2e-4 .magic-content-box-section-header-wrapper{border-color:#ff201f}.magic-content-box-755bb803-3d2e-4 .magic-content-box-mainheader-wrap{box-shadow:0px 6px 12px -10px #000;border-radius:5px;background-color:#fff}.magic-content-box-755bb803-3d2e-4 .magic-content-box-section-wrapper{padding-top:30px;padding-right:30px;padding-bottom:30px;padding-left:30px;margin-top:0px;margin-right:0px;margin-bottom:0px;margin-left:0px}.magic-content-box-755bb803-3d2e-4 .magic-content-box-section-head-wrap{text-align:center;padding-top:0px;padding-right:0px;padding-bottom:0px;margin-top:0px;margin-bottom:0px;padding-left:0px}.magic-content-box-755bb803-3d2e-4 .magic-content-box-section-head-wrap .magic-content-box-title{color:#404040;font-size:32px;font-family:Default;padding-top:5px;padding-bottom:5px}.magic-content-box-755bb803-3d2e-4 .magic-content-box-section-head-wrap .magic-content-box-subtitle{color:#6d6d6d;font-size:18px;font-family:Default;padding-top:5px;padding-bottom:5px}.magic-content-box-755bb803-3d2e-4 .magic-content-box-title-dash{color:#ff201f}.magic-content-box-755bb803-3d2e-4 .magic-content-box-block-button span{color:#fff;border-width:1px;font-size:16px;font-family:Default}.magic-content-box-755bb803-3d2e-4 .magic-content-box-block-button .magic-content-box-button{background-color:#ff201f}.magic-content-box-755bb803-3d2e-4 .magic-content-box-block-button i{color:#fff;font-size:13px}.magic-content-box-755bb803-3d2e-4 .magic-content-box-block-button{margin-top:10px;margin-bottom:10px}.magic-content-box-755bb803-3d2e-4 .magic-content-box-button{padding-top:5px;padding-right:15px;padding-bottom:5px;padding-left:15px}@media screen and (max-width:1025px){.magic-content-box-755bb803-3d2e-4 .magic-content-box-section-head-wrap .magic-content-box-title{font-size:undefinedpx}.magic-content-box-755bb803-3d2e-4 .magic-content-box-section-head-wrap .magic-content-box-subtitle{font-size:undefinedpx}.magic-content-box-755bb803-3d2e-4 .magic-content-box-block-button span{font-size:undefinedpx}.magic-content-box-755bb803-3d2e-4 .magic-content-box-block-button i{font-size:px}}@media screen and (max-width:767px){.magic-content-box-755bb803-3d2e-4 .magic-content-box-section-head-wrap .magic-content-box-title{font-size:undefinedpx}.magic-content-box-755bb803-3d2e-4 .magic-content-box-section-head-wrap .magic-content-box-subtitle{font-size:undefinedpx}.magic-content-box-755bb803-3d2e-4 .magic-content-box-block-button span{font-size:undefinedpx}.magic-content-box-755bb803-3d2e-4 .magic-content-box-block-button i{font-size:px}}<\/style><div class=\"content-wrapper-inner\"><div class=\"magic-content-box-content-wrapper magic-content-box-blocks reverse-img has-background style-1\"><div class=\"content-img-wrap\"><img decoding=\"async\" src=\"https:\/\/www.agoracademie.com\/blog\/wp-content\/uploads\/2018\/09\/PNL-ou-lart-de-bien-communiquer.jpg\" alt=\"Apprendre \u00e0 communiquer\" class=\"\"\/><\/div><div class=\"magic-content-box-section-wrapper magic-content-box-mainheader-wrap\"><div class=\"magic-content-box-section-header-wrapper magic-content-box-blocks\"><div class=\"magic-content-box-section-head-wrap magic-content-box-style1 magic-content-box-center\"><div class=\"magic-content-box-title-wrapper\"><span class=\"magic-content-box-title-dash magic-content-box-upper-dash\"><\/span><h4 class=\"magic-content-box-title\">Devenez formateur<br>en communication<\/h4><span class=\"magic-content-box-title-dash magic-content-box-lower-dash\"><\/span><\/div><div class=\"magic-content-box-subtitle-wrapper\"><span class=\"magic-content-box-title-dash magic-content-box-upper-dash\"><\/span><p class=\"magic-content-box-subtitle\">ou coach sp\u00e9cialis\u00e9 en com !<\/p><span class=\"magic-content-box-title-dash magic-content-box-lower-dash\"><\/span><\/div><\/div><\/div><div class=\"magic-content-box-desc-btn-wrap\"><div class=\"magic-content-box-block-button\"><a href=\"https:\/\/www.agoracademie.com\/academie\" class=\"magic-content-box-button magic-content-box-button-shape-rounded magic-content-box-button-size-small hover-style-1 btn-icon-left\"><span>D\u00e9couvrez nos formations !<\/span><\/a><\/div><\/div><\/div><\/div><\/div><\/div>\n\n\n\n<h3 class=\"wp-block-heading\"><span class=\"ez-toc-section\" id=\"La_com_interpersonnelle\"><\/span><strong>La com interpersonnelle<\/strong><span class=\"ez-toc-section-end\"><\/span><\/h3>\n\n\n\n<p>Celle-ci est susceptible de booster votre talent de communicant dans le cadre d&rsquo;une relation avec une autre personne.<\/p>\n\n\n\n<p>Bien s\u00fbr, elle peut aussi se d\u00e9velopper au sein d&rsquo;un groupe.<\/p>\n\n\n\n<p>On parle alors plus de com de groupe lorsqu&rsquo;il y a plusieurs r\u00e9cepteurs cibl\u00e9s, voire de com de masse si la cible est encore plus large.<\/p>\n\n\n\n<p>Pour ce faire, il est important de s&rsquo;approprier une m\u00e9thode comme la <a href=\"https:\/\/www.agoracademie.com\/blog\/formation-pnl-en-ligne\/\"><strong>PNL<\/strong><\/a> ou l&rsquo;<a href=\"https:\/\/www.agoracademie.com\/blog\/formation-hypnose-e-learning\/\"><strong>hypnose<\/strong><\/a> <strong>conversationnelle <\/strong>(que l&rsquo;on nomme aussi hypnose sans hypnose, ou tout simplement communication indirecte ericksonienne).<\/p>\n\n\n\n<h3 class=\"wp-block-heading\"><span class=\"ez-toc-section\" id=\"La_com_intrapersonnelle\"><\/span><strong>La com intrapersonnelle<\/strong><span class=\"ez-toc-section-end\"><\/span><\/h3>\n\n\n\n<p>On a souvent tendance \u00e0 l&rsquo;oublier lorsque l&rsquo;on parle de communication, mais savoir communiquer avec soi-m\u00eame est primordial pour vivre en parfaite harmonie avec les autres.<\/p>\n\n\n\n<p>En effet, c&rsquo;est souvent notre d\u00e9sordre int\u00e9rieur qui va cr\u00e9er les dysfonctionnements ext\u00e9rieurs, comme un conflit communicationnel engendrant bien d&rsquo;autres probl\u00e9matiques plus ou moins inextricables.<\/p>\n\n\n\n<p>Communiquer avec soi, pour soi, en soi, s&rsquo;apprend et de nombreuses m\u00e9thodes sont de merveilleux supports pour y parvenir rapidement en toute simplicit\u00e9.<\/p>\n\n\n\n<p>Nous pensons ici par exemple \u00e0 la <strong>sophrologie<\/strong> ou \u00e0 la <strong>m\u00e9ditation<\/strong>.<\/p>\n\n\n\n<p>Pour r\u00e9sumer, quelle est donc l&rsquo;orientation qui vous int\u00e9resse pour devenir formateur en communication&nbsp;?<\/p>\n\n\n\n<figure class=\"wp-block-embed aligncenter is-type-video is-provider-youtube wp-block-embed-youtube wp-embed-aspect-16-9 wp-has-aspect-ratio\"><div class=\"wp-block-embed__wrapper\">\n<iframe loading=\"lazy\" title=\"Devenir coach en communication : formation en ligne &amp; \u00e0 distance sur Agoracad\u00e9mie\" width=\"960\" height=\"540\" src=\"https:\/\/www.youtube.com\/embed\/VWup5Hslgbc?feature=oembed\" frameborder=\"0\" allow=\"accelerometer; autoplay; clipboard-write; encrypted-media; gyroscope; picture-in-picture; web-share\" allowfullscreen><\/iframe>\n<\/div><\/figure>\n\n\n\n<h2 class=\"wp-block-heading\"><span class=\"ez-toc-section\" id=\"Notre_formation_pour_devenir_formateur_en_communication\"><\/span><strong>Notre formation pour devenir formateur en communication<\/strong><span class=\"ez-toc-section-end\"><\/span><\/h2>\n\n\n\n<p>Si l&rsquo;orientation choisie est la com interpersonnelle ou intrapersonnelle, alors nous avons plusieurs solutions \u00e0 vous proposer&nbsp;!<\/p>\n\n\n\n<p>Nous avons bien une <a href=\"https:\/\/www.agoracademie.com\/academie\/formation-a-distance-pnl-communication-ericksonienne\">formation en com<\/a> d&rsquo;entreprise, mais celle-ci est plut\u00f4t destin\u00e9e au porteur d&rsquo;un projet de cr\u00e9ation d&rsquo;une TPE de type micro.<\/p>\n\n\n\n<p>En ce qui concerne la <strong>com interpersonnelle<\/strong>, nous vous proposons par exemple&nbsp;:<\/p>\n\n\n\n<ul class=\"wp-block-list\">\n<li>le praticien en communication interpersonnelle (PNL + com indirecte + prise de parole en public)<\/li>\n\n\n\n<li>ou le <a href=\"https:\/\/www.agoracademie.com\/academie\/devenir-coach-en-communication\">coach sp\u00e9cialis\u00e9<\/a>, si l&rsquo;orientation coaching est aussi l&rsquo;un de vos objectifs.<\/li>\n<\/ul>\n\n\n\n<p>Et pour la partie <strong>com intrapersonnelle<\/strong>, regardez du c\u00f4t\u00e9 de nos programmes permettant de devenir&nbsp;:<\/p>\n\n\n\n<ul class=\"wp-block-list\">\n<li><a href=\"https:\/\/www.agoracademie.com\/academie\/devenir-sophrologue\">sophrologue<\/a>,<\/li>\n\n\n\n<li>relaxologue<\/li>\n\n\n\n<li>ou encore praticien &#8211; coach en gestion du stress et des \u00e9motions.<\/li>\n<\/ul>\n\n\n\n<p>Bien s\u00fbr, pour devenir formateur en communication, en plus des techniques et de la m\u00e9thodologie \u00e0 transmettre, vous allez devoir vous former \u00e0 la p\u00e9dagogie (ing\u00e9nierie p\u00e9dagogique et de formation).<\/p>\n\n\n\n<p>Savoir communiquer est une chose, savoir retransmettre en est une autre bien diff\u00e9rente.<\/p>\n\n\n\n<p>Une formation de formateur sera alors peut-\u00eatre pour vous indispensable, sauf&nbsp;:<\/p>\n\n\n\n<ul class=\"wp-block-list\">\n<li>si vous avez d\u00e9j\u00e0 en vous la fibre p\u00e9dagogique<\/li>\n\n\n\n<li>ou des exp\u00e9riences concluantes d&rsquo;animateur de groupes en situation d&rsquo;apprentissage.<\/li>\n<\/ul>\n\n\n\n<p>De nombreux formateurs ont effectivement commenc\u00e9 sans formation sp\u00e9cifique pr\u00e9alable en se basant sur leur expertise (ici la com) et leurs qualit\u00e9s intrins\u00e8ques.<\/p>\n\n\n\n<p>Vous avez des questions sur nos formations vous aidant \u00e0 r\u00e9aliser votre objectif de devenir formateur en communication&nbsp;?<\/p>\n\n\n\n<p>Alors, envoyez-nous vite un e-mail en nous indiquant votre objectif (personnel et\/ou professionnel).<\/p>\n\n\n\n<p>Nous r\u00e9pondons g\u00e9n\u00e9ralement dans la journ\u00e9e et toujours d&rsquo;une mani\u00e8re personnalis\u00e9e&nbsp;!<\/p>\n","protected":false},"excerpt":{"rendered":"<p>Devenir formateur en communication Nous recevons tr\u00e8s souvent la question suivante&nbsp;: comment devenir formateur en communication&nbsp;? Pour r\u00e9pondre correctement, il convient tout d&rsquo;abord de d\u00e9finir ensemble ce que vous entendez par communication. En effet, ce terme est devenu une sorte de mot-valise o\u00f9 l&rsquo;on trouve de nombreuses d\u00e9finitions, comme l&rsquo;indique ce petit panorama.<\/p>\n","protected":false},"author":2,"featured_media":0,"comment_status":"open","ping_status":"closed","sticky":false,"template":"","format":"standard","meta":{"_bbp_topic_count":0,"_bbp_reply_count":0,"_bbp_total_topic_count":0,"_bbp_total_reply_count":0,"_bbp_voice_count":0,"_bbp_anonymous_reply_count":0,"_bbp_topic_count_hidden":0,"_bbp_reply_count_hidden":0,"_bbp_forum_subforum_count":0,"footnotes":""},"categories":[6],"tags":[],"class_list":["post-19525","post","type-post","status-publish","format-standard","hentry","category-formation-en-developpement-personnel"],"yoast_head":"<!-- This site is optimized with the Yoast SEO plugin v27.4 - https:\/\/yoast.com\/product\/yoast-seo-wordpress\/ -->\n<title>Devenir formateur en communication : formation Agoracad\u00e9mie<\/title>\n<meta name=\"description\" content=\"Vous cherchez une formation pour devenir formateur en communication\u00a0? Alors d\u00e9couvrez ce que vous propose l&#039;\u00e9cole \u00e0 distance Agoracad\u00e9mie\u00a0!\" \/>\n<meta name=\"robots\" content=\"index, follow, max-snippet:-1, max-image-preview:large, max-video-preview:-1\" \/>\n<link rel=\"canonical\" href=\"https:\/\/www.agoracademie.com\/blog\/devenir-formateur-en-communication\/\" \/>\n<meta property=\"og:locale\" content=\"fr_FR\" \/>\n<meta property=\"og:type\" content=\"article\" \/>\n<meta property=\"og:title\" content=\"Devenir formateur en communication : formation Agoracad\u00e9mie\" \/>\n<meta property=\"og:description\" content=\"Vous cherchez une formation pour devenir formateur en communication\u00a0? Alors d\u00e9couvrez ce que vous propose l&#039;\u00e9cole \u00e0 distance Agoracad\u00e9mie\u00a0!\" \/>\n<meta property=\"og:url\" content=\"https:\/\/www.agoracademie.com\/blog\/devenir-formateur-en-communication\/\" \/>\n<meta property=\"og:site_name\" content=\"Agoracad\u00e9mie\" \/>\n<meta property=\"article:published_time\" content=\"2022-08-29T12:19:00+00:00\" \/>\n<meta property=\"article:modified_time\" content=\"2025-07-12T07:33:00+00:00\" \/>\n<meta property=\"og:image\" content=\"https:\/\/www.agoracademie.com\/blog\/wp-content\/uploads\/2022\/08\/devenir-formateur-en-communication.jpg\" \/>\n\t<meta property=\"og:image:width\" content=\"1079\" \/>\n\t<meta property=\"og:image:height\" content=\"538\" \/>\n\t<meta property=\"og:image:type\" content=\"image\/jpeg\" \/>\n<meta name=\"author\" content=\"Laurent Bertrel\" \/>\n<meta name=\"twitter:label1\" content=\"\u00c9crit par\" \/>\n\t<meta name=\"twitter:data1\" content=\"Laurent Bertrel\" \/>\n\t<meta name=\"twitter:label2\" content=\"Dur\u00e9e de lecture estim\u00e9e\" \/>\n\t<meta name=\"twitter:data2\" content=\"4 minutes\" \/>\n<script type=\"application\/ld+json\" class=\"yoast-schema-graph\">{\"@context\":\"https:\\\/\\\/schema.org\",\"@graph\":[{\"@type\":\"Article\",\"@id\":\"https:\\\/\\\/www.agoracademie.com\\\/blog\\\/devenir-formateur-en-communication\\\/#article\",\"isPartOf\":{\"@id\":\"https:\\\/\\\/www.agoracademie.com\\\/blog\\\/devenir-formateur-en-communication\\\/\"},\"author\":{\"name\":\"Laurent Bertrel\",\"@id\":\"https:\\\/\\\/www.agoracademie.com\\\/blog\\\/#\\\/schema\\\/person\\\/c2f110c50be7dcecc05cb4e87f32537f\"},\"headline\":\"Devenir formateur en communication\",\"datePublished\":\"2022-08-29T12:19:00+00:00\",\"dateModified\":\"2025-07-12T07:33:00+00:00\",\"mainEntityOfPage\":{\"@id\":\"https:\\\/\\\/www.agoracademie.com\\\/blog\\\/devenir-formateur-en-communication\\\/\"},\"wordCount\":750,\"commentCount\":0,\"image\":{\"@id\":\"https:\\\/\\\/www.agoracademie.com\\\/blog\\\/devenir-formateur-en-communication\\\/#primaryimage\"},\"thumbnailUrl\":\"https:\\\/\\\/www.agoracademie.com\\\/blog\\\/wp-content\\\/uploads\\\/2022\\\/08\\\/devenir-formateur-en-communication-1024x511.jpg\",\"articleSection\":[\"Formation\"],\"inLanguage\":\"fr-FR\",\"potentialAction\":[{\"@type\":\"CommentAction\",\"name\":\"Comment\",\"target\":[\"https:\\\/\\\/www.agoracademie.com\\\/blog\\\/devenir-formateur-en-communication\\\/#respond\"]}]},{\"@type\":\"WebPage\",\"@id\":\"https:\\\/\\\/www.agoracademie.com\\\/blog\\\/devenir-formateur-en-communication\\\/\",\"url\":\"https:\\\/\\\/www.agoracademie.com\\\/blog\\\/devenir-formateur-en-communication\\\/\",\"name\":\"Devenir formateur en communication : formation Agoracad\u00e9mie\",\"isPartOf\":{\"@id\":\"https:\\\/\\\/www.agoracademie.com\\\/blog\\\/#website\"},\"primaryImageOfPage\":{\"@id\":\"https:\\\/\\\/www.agoracademie.com\\\/blog\\\/devenir-formateur-en-communication\\\/#primaryimage\"},\"image\":{\"@id\":\"https:\\\/\\\/www.agoracademie.com\\\/blog\\\/devenir-formateur-en-communication\\\/#primaryimage\"},\"thumbnailUrl\":\"https:\\\/\\\/www.agoracademie.com\\\/blog\\\/wp-content\\\/uploads\\\/2022\\\/08\\\/devenir-formateur-en-communication-1024x511.jpg\",\"datePublished\":\"2022-08-29T12:19:00+00:00\",\"dateModified\":\"2025-07-12T07:33:00+00:00\",\"author\":{\"@id\":\"https:\\\/\\\/www.agoracademie.com\\\/blog\\\/#\\\/schema\\\/person\\\/c2f110c50be7dcecc05cb4e87f32537f\"},\"description\":\"Vous cherchez une formation pour devenir formateur en communication\u00a0? Alors d\u00e9couvrez ce que vous propose l'\u00e9cole \u00e0 distance Agoracad\u00e9mie\u00a0!\",\"breadcrumb\":{\"@id\":\"https:\\\/\\\/www.agoracademie.com\\\/blog\\\/devenir-formateur-en-communication\\\/#breadcrumb\"},\"inLanguage\":\"fr-FR\",\"potentialAction\":[{\"@type\":\"ReadAction\",\"target\":[\"https:\\\/\\\/www.agoracademie.com\\\/blog\\\/devenir-formateur-en-communication\\\/\"]}]},{\"@type\":\"ImageObject\",\"inLanguage\":\"fr-FR\",\"@id\":\"https:\\\/\\\/www.agoracademie.com\\\/blog\\\/devenir-formateur-en-communication\\\/#primaryimage\",\"url\":\"https:\\\/\\\/www.agoracademie.com\\\/blog\\\/wp-content\\\/uploads\\\/2022\\\/08\\\/devenir-formateur-en-communication.jpg\",\"contentUrl\":\"https:\\\/\\\/www.agoracademie.com\\\/blog\\\/wp-content\\\/uploads\\\/2022\\\/08\\\/devenir-formateur-en-communication.jpg\",\"width\":1079,\"height\":538,\"caption\":\"Devenir formateur en communication\"},{\"@type\":\"BreadcrumbList\",\"@id\":\"https:\\\/\\\/www.agoracademie.com\\\/blog\\\/devenir-formateur-en-communication\\\/#breadcrumb\",\"itemListElement\":[{\"@type\":\"ListItem\",\"position\":1,\"name\":\"Accueil\",\"item\":\"https:\\\/\\\/www.agoracademie.com\\\/blog\\\/\"},{\"@type\":\"ListItem\",\"position\":2,\"name\":\"Devenir formateur en communication\"}]},{\"@type\":\"WebSite\",\"@id\":\"https:\\\/\\\/www.agoracademie.com\\\/blog\\\/#website\",\"url\":\"https:\\\/\\\/www.agoracademie.com\\\/blog\\\/\",\"name\":\"Blog Agoracad\u00e9mie - Centre de formation en ligne et \u00e0 distance\",\"description\":\"Le blog du d\u00e9veloppement personnel et des th\u00e9rapies\",\"potentialAction\":[{\"@type\":\"SearchAction\",\"target\":{\"@type\":\"EntryPoint\",\"urlTemplate\":\"https:\\\/\\\/www.agoracademie.com\\\/blog\\\/?s={search_term_string}\"},\"query-input\":{\"@type\":\"PropertyValueSpecification\",\"valueRequired\":true,\"valueName\":\"search_term_string\"}}],\"inLanguage\":\"fr-FR\"},{\"@type\":\"Person\",\"@id\":\"https:\\\/\\\/www.agoracademie.com\\\/blog\\\/#\\\/schema\\\/person\\\/c2f110c50be7dcecc05cb4e87f32537f\",\"name\":\"Laurent Bertrel\",\"image\":{\"@type\":\"ImageObject\",\"inLanguage\":\"fr-FR\",\"@id\":\"https:\\\/\\\/secure.gravatar.com\\\/avatar\\\/45841390e6db2f4064cc5f84ee39189cf562b1de36eb5b1b7cc82dee445813a4?s=96&r=g\",\"url\":\"https:\\\/\\\/secure.gravatar.com\\\/avatar\\\/45841390e6db2f4064cc5f84ee39189cf562b1de36eb5b1b7cc82dee445813a4?s=96&r=g\",\"contentUrl\":\"https:\\\/\\\/secure.gravatar.com\\\/avatar\\\/45841390e6db2f4064cc5f84ee39189cf562b1de36eb5b1b7cc82dee445813a4?s=96&r=g\",\"caption\":\"Laurent Bertrel\"},\"description\":\"Laurent Bertrel est le fondateur d'Agoracad\u00e9mie. Titulaire d'une licence en sciences humaines et sociales, d'une ma\u00eetrise et d'un master en psychanalyse, d'un master en \u00e9tudes culturelles parcours \u00e9tudes de genre, du DU connaissances g\u00e9n\u00e9rales de la personne \u00e2g\u00e9e, il est aussi form\u00e9 \u00e0 diff\u00e9rentes approches dont la PNL, la sophrologie, la relaxation, l'hypnose, le coaching, la m\u00e9ditation, les arts martiaux, etc. Auteur de plus de 40 ouvrages, dont 18 livres, il anime plusieurs formations sur Agoracad\u00e9mie et r\u00e9pondra au message que vous allez laisser ci-dessous.\",\"sameAs\":[\"https:\\\/\\\/www.agoracademie.com\\\/\"]}]}<\/script>\n<!-- \/ Yoast SEO plugin. -->","yoast_head_json":{"title":"Devenir formateur en communication : formation Agoracad\u00e9mie","description":"Vous cherchez une formation pour devenir formateur en communication\u00a0? Alors d\u00e9couvrez ce que vous propose l'\u00e9cole \u00e0 distance Agoracad\u00e9mie\u00a0!","robots":{"index":"index","follow":"follow","max-snippet":"max-snippet:-1","max-image-preview":"max-image-preview:large","max-video-preview":"max-video-preview:-1"},"canonical":"https:\/\/www.agoracademie.com\/blog\/devenir-formateur-en-communication\/","og_locale":"fr_FR","og_type":"article","og_title":"Devenir formateur en communication : formation Agoracad\u00e9mie","og_description":"Vous cherchez une formation pour devenir formateur en communication\u00a0? Alors d\u00e9couvrez ce que vous propose l'\u00e9cole \u00e0 distance Agoracad\u00e9mie\u00a0!","og_url":"https:\/\/www.agoracademie.com\/blog\/devenir-formateur-en-communication\/","og_site_name":"Agoracad\u00e9mie","article_published_time":"2022-08-29T12:19:00+00:00","article_modified_time":"2025-07-12T07:33:00+00:00","og_image":[{"width":1079,"height":538,"url":"https:\/\/www.agoracademie.com\/blog\/wp-content\/uploads\/2022\/08\/devenir-formateur-en-communication.jpg","type":"image\/jpeg"}],"author":"Laurent Bertrel","twitter_misc":{"\u00c9crit par":"Laurent Bertrel","Dur\u00e9e de lecture estim\u00e9e":"4 minutes"},"schema":{"@context":"https:\/\/schema.org","@graph":[{"@type":"Article","@id":"https:\/\/www.agoracademie.com\/blog\/devenir-formateur-en-communication\/#article","isPartOf":{"@id":"https:\/\/www.agoracademie.com\/blog\/devenir-formateur-en-communication\/"},"author":{"name":"Laurent Bertrel","@id":"https:\/\/www.agoracademie.com\/blog\/#\/schema\/person\/c2f110c50be7dcecc05cb4e87f32537f"},"headline":"Devenir formateur en communication","datePublished":"2022-08-29T12:19:00+00:00","dateModified":"2025-07-12T07:33:00+00:00","mainEntityOfPage":{"@id":"https:\/\/www.agoracademie.com\/blog\/devenir-formateur-en-communication\/"},"wordCount":750,"commentCount":0,"image":{"@id":"https:\/\/www.agoracademie.com\/blog\/devenir-formateur-en-communication\/#primaryimage"},"thumbnailUrl":"https:\/\/www.agoracademie.com\/blog\/wp-content\/uploads\/2022\/08\/devenir-formateur-en-communication-1024x511.jpg","articleSection":["Formation"],"inLanguage":"fr-FR","potentialAction":[{"@type":"CommentAction","name":"Comment","target":["https:\/\/www.agoracademie.com\/blog\/devenir-formateur-en-communication\/#respond"]}]},{"@type":"WebPage","@id":"https:\/\/www.agoracademie.com\/blog\/devenir-formateur-en-communication\/","url":"https:\/\/www.agoracademie.com\/blog\/devenir-formateur-en-communication\/","name":"Devenir formateur en communication : formation Agoracad\u00e9mie","isPartOf":{"@id":"https:\/\/www.agoracademie.com\/blog\/#website"},"primaryImageOfPage":{"@id":"https:\/\/www.agoracademie.com\/blog\/devenir-formateur-en-communication\/#primaryimage"},"image":{"@id":"https:\/\/www.agoracademie.com\/blog\/devenir-formateur-en-communication\/#primaryimage"},"thumbnailUrl":"https:\/\/www.agoracademie.com\/blog\/wp-content\/uploads\/2022\/08\/devenir-formateur-en-communication-1024x511.jpg","datePublished":"2022-08-29T12:19:00+00:00","dateModified":"2025-07-12T07:33:00+00:00","author":{"@id":"https:\/\/www.agoracademie.com\/blog\/#\/schema\/person\/c2f110c50be7dcecc05cb4e87f32537f"},"description":"Vous cherchez une formation pour devenir formateur en communication\u00a0? Alors d\u00e9couvrez ce que vous propose l'\u00e9cole \u00e0 distance Agoracad\u00e9mie\u00a0!","breadcrumb":{"@id":"https:\/\/www.agoracademie.com\/blog\/devenir-formateur-en-communication\/#breadcrumb"},"inLanguage":"fr-FR","potentialAction":[{"@type":"ReadAction","target":["https:\/\/www.agoracademie.com\/blog\/devenir-formateur-en-communication\/"]}]},{"@type":"ImageObject","inLanguage":"fr-FR","@id":"https:\/\/www.agoracademie.com\/blog\/devenir-formateur-en-communication\/#primaryimage","url":"https:\/\/www.agoracademie.com\/blog\/wp-content\/uploads\/2022\/08\/devenir-formateur-en-communication.jpg","contentUrl":"https:\/\/www.agoracademie.com\/blog\/wp-content\/uploads\/2022\/08\/devenir-formateur-en-communication.jpg","width":1079,"height":538,"caption":"Devenir formateur en communication"},{"@type":"BreadcrumbList","@id":"https:\/\/www.agoracademie.com\/blog\/devenir-formateur-en-communication\/#breadcrumb","itemListElement":[{"@type":"ListItem","position":1,"name":"Accueil","item":"https:\/\/www.agoracademie.com\/blog\/"},{"@type":"ListItem","position":2,"name":"Devenir formateur en communication"}]},{"@type":"WebSite","@id":"https:\/\/www.agoracademie.com\/blog\/#website","url":"https:\/\/www.agoracademie.com\/blog\/","name":"Blog Agoracad\u00e9mie - Centre de formation en ligne et \u00e0 distance","description":"Le blog du d\u00e9veloppement personnel et des th\u00e9rapies","potentialAction":[{"@type":"SearchAction","target":{"@type":"EntryPoint","urlTemplate":"https:\/\/www.agoracademie.com\/blog\/?s={search_term_string}"},"query-input":{"@type":"PropertyValueSpecification","valueRequired":true,"valueName":"search_term_string"}}],"inLanguage":"fr-FR"},{"@type":"Person","@id":"https:\/\/www.agoracademie.com\/blog\/#\/schema\/person\/c2f110c50be7dcecc05cb4e87f32537f","name":"Laurent Bertrel","image":{"@type":"ImageObject","inLanguage":"fr-FR","@id":"https:\/\/secure.gravatar.com\/avatar\/45841390e6db2f4064cc5f84ee39189cf562b1de36eb5b1b7cc82dee445813a4?s=96&r=g","url":"https:\/\/secure.gravatar.com\/avatar\/45841390e6db2f4064cc5f84ee39189cf562b1de36eb5b1b7cc82dee445813a4?s=96&r=g","contentUrl":"https:\/\/secure.gravatar.com\/avatar\/45841390e6db2f4064cc5f84ee39189cf562b1de36eb5b1b7cc82dee445813a4?s=96&r=g","caption":"Laurent Bertrel"},"description":"Laurent Bertrel est le fondateur d'Agoracad\u00e9mie. Titulaire d'une licence en sciences humaines et sociales, d'une ma\u00eetrise et d'un master en psychanalyse, d'un master en \u00e9tudes culturelles parcours \u00e9tudes de genre, du DU connaissances g\u00e9n\u00e9rales de la personne \u00e2g\u00e9e, il est aussi form\u00e9 \u00e0 diff\u00e9rentes approches dont la PNL, la sophrologie, la relaxation, l'hypnose, le coaching, la m\u00e9ditation, les arts martiaux, etc. Auteur de plus de 40 ouvrages, dont 18 livres, il anime plusieurs formations sur Agoracad\u00e9mie et r\u00e9pondra au message que vous allez laisser ci-dessous.","sameAs":["https:\/\/www.agoracademie.com\/"]}]}},"acf":[],"_links":{"self":[{"href":"https:\/\/www.agoracademie.com\/blog\/wp-json\/wp\/v2\/posts\/19525","targetHints":{"allow":["GET"]}}],"collection":[{"href":"https:\/\/www.agoracademie.com\/blog\/wp-json\/wp\/v2\/posts"}],"about":[{"href":"https:\/\/www.agoracademie.com\/blog\/wp-json\/wp\/v2\/types\/post"}],"author":[{"embeddable":true,"href":"https:\/\/www.agoracademie.com\/blog\/wp-json\/wp\/v2\/users\/2"}],"replies":[{"embeddable":true,"href":"https:\/\/www.agoracademie.com\/blog\/wp-json\/wp\/v2\/comments?post=19525"}],"version-history":[{"count":3,"href":"https:\/\/www.agoracademie.com\/blog\/wp-json\/wp\/v2\/posts\/19525\/revisions"}],"predecessor-version":[{"id":21856,"href":"https:\/\/www.agoracademie.com\/blog\/wp-json\/wp\/v2\/posts\/19525\/revisions\/21856"}],"wp:attachment":[{"href":"https:\/\/www.agoracademie.com\/blog\/wp-json\/wp\/v2\/media?parent=19525"}],"wp:term":[{"taxonomy":"category","embeddable":true,"href":"https:\/\/www.agoracademie.com\/blog\/wp-json\/wp\/v2\/categories?post=19525"},{"taxonomy":"post_tag","embeddable":true,"href":"https:\/\/www.agoracademie.com\/blog\/wp-json\/wp\/v2\/tags?post=19525"}],"curies":[{"name":"wp","href":"https:\/\/api.w.org\/{rel}","templated":true}]}}