{"id":19630,"date":"2022-09-23T17:46:59","date_gmt":"2022-09-23T15:46:59","guid":{"rendered":"https:\/\/www.agoracademie.com\/blog\/?p=19630"},"modified":"2026-02-12T08:30:32","modified_gmt":"2026-02-12T07:30:32","slug":"financement-formation","status":"publish","type":"post","link":"https:\/\/www.agoracademie.com\/blog\/financement-formation\/","title":{"rendered":"Financement formation : toutes les solutions pour ne rien payer selon votre situation"},"content":{"rendered":"<div class=\"wp-block-image\">\n<figure class=\"aligncenter size-large\"><img loading=\"lazy\" decoding=\"async\" width=\"1024\" height=\"511\" src=\"https:\/\/www.agoracademie.com\/blog\/wp-content\/uploads\/2022\/09\/financement-formation-1024x511.jpg\" alt=\"Financement formation pour se former sans rien avoir \u00e0 payer\" class=\"wp-image-19632\" srcset=\"https:\/\/www.agoracademie.com\/blog\/wp-content\/uploads\/2022\/09\/financement-formation-1024x511.jpg 1024w, https:\/\/www.agoracademie.com\/blog\/wp-content\/uploads\/2022\/09\/financement-formation-300x150.jpg 300w, https:\/\/www.agoracademie.com\/blog\/wp-content\/uploads\/2022\/09\/financement-formation-768x383.jpg 768w, https:\/\/www.agoracademie.com\/blog\/wp-content\/uploads\/2022\/09\/financement-formation.jpg 1079w\" sizes=\"auto, (max-width: 1024px) 100vw, 1024px\" \/><\/figure><div id=\"ez-toc-container\" class=\"ez-toc-v2_0_82_2 ez-toc-wrap-center counter-hierarchy ez-toc-counter ez-toc-transparent ez-toc-container-direction\">\n<div class=\"ez-toc-title-container\">\n<p class=\"ez-toc-title\" style=\"cursor:inherit\">Sommaire<\/p>\n<span class=\"ez-toc-title-toggle\"><a href=\"#\" class=\"ez-toc-pull-right ez-toc-btn ez-toc-btn-xs ez-toc-btn-default ez-toc-toggle\" aria-label=\"Toggle Table of Content\"><span class=\"ez-toc-js-icon-con\"><span class=\"\"><span class=\"eztoc-hide\" style=\"display:none;\">Toggle<\/span><span class=\"ez-toc-icon-toggle-span\"><svg style=\"fill: #999;color:#999\" xmlns=\"http:\/\/www.w3.org\/2000\/svg\" class=\"list-377408\" width=\"20px\" height=\"20px\" viewBox=\"0 0 24 24\" fill=\"none\"><path d=\"M6 6H4v2h2V6zm14 0H8v2h12V6zM4 11h2v2H4v-2zm16 0H8v2h12v-2zM4 16h2v2H4v-2zm16 0H8v2h12v-2z\" fill=\"currentColor\"><\/path><\/svg><svg style=\"fill: #999;color:#999\" class=\"arrow-unsorted-368013\" xmlns=\"http:\/\/www.w3.org\/2000\/svg\" width=\"10px\" height=\"10px\" viewBox=\"0 0 24 24\" version=\"1.2\" baseProfile=\"tiny\"><path d=\"M18.2 9.3l-6.2-6.3-6.2 6.3c-.2.2-.3.4-.3.7s.1.5.3.7c.2.2.4.3.7.3h11c.3 0 .5-.1.7-.3.2-.2.3-.5.3-.7s-.1-.5-.3-.7zM5.8 14.7l6.2 6.3 6.2-6.3c.2-.2.3-.5.3-.7s-.1-.5-.3-.7c-.2-.2-.4-.3-.7-.3h-11c-.3 0-.5.1-.7.3-.2.2-.3.5-.3.7s.1.5.3.7z\"\/><\/svg><\/span><\/span><\/span><\/a><\/span><\/div>\n<nav><ul class='ez-toc-list ez-toc-list-level-1 ' ><li class='ez-toc-page-1 ez-toc-heading-level-2'><a class=\"ez-toc-link ez-toc-heading-1\" href=\"https:\/\/www.agoracademie.com\/blog\/financement-formation\/#Financement_formation_comment_ne_rien_payer\" >Financement formation&nbsp;: comment ne rien payer&nbsp;?<\/a><\/li><li class='ez-toc-page-1 ez-toc-heading-level-2'><a class=\"ez-toc-link ez-toc-heading-2\" href=\"https:\/\/www.agoracademie.com\/blog\/financement-formation\/#Quel_est_votre_statut_et_quelle_est_votre_situation\" >Quel est votre statut et quelle est votre situation&nbsp;?<\/a><\/li><li class='ez-toc-page-1 ez-toc-heading-level-2'><a class=\"ez-toc-link ez-toc-heading-3\" href=\"https:\/\/www.agoracademie.com\/blog\/financement-formation\/#%E2%96%BA_Vous_etes_salarie_%E2%97%84\" >\u25ba Vous \u00eates salari\u00e9&nbsp;? \u25c4<\/a><ul class='ez-toc-list-level-3' ><li class='ez-toc-heading-level-3'><a class=\"ez-toc-link ez-toc-heading-4\" href=\"https:\/\/www.agoracademie.com\/blog\/financement-formation\/#Le_Compte_Personnel_de_Formation\" >Le Compte Personnel de Formation<\/a><\/li><li class='ez-toc-page-1 ez-toc-heading-level-3'><a class=\"ez-toc-link ez-toc-heading-5\" href=\"https:\/\/www.agoracademie.com\/blog\/financement-formation\/#LOPCO\" >L&rsquo;OPCO<\/a><\/li><li class='ez-toc-page-1 ez-toc-heading-level-3'><a class=\"ez-toc-link ez-toc-heading-6\" href=\"https:\/\/www.agoracademie.com\/blog\/financement-formation\/#La_Region\" >La R\u00e9gion<\/a><\/li><li class='ez-toc-page-1 ez-toc-heading-level-3'><a class=\"ez-toc-link ez-toc-heading-7\" href=\"https:\/\/www.agoracademie.com\/blog\/financement-formation\/#Le_plan_de_developpement_des_competences_plan_de_formation\" >Le plan de d\u00e9veloppement des comp\u00e9tences (plan de formation)<\/a><\/li><li class='ez-toc-page-1 ez-toc-heading-level-3'><a class=\"ez-toc-link ez-toc-heading-8\" href=\"https:\/\/www.agoracademie.com\/blog\/financement-formation\/#Le_dispositif_Pro-A\" >Le dispositif Pro-A<\/a><\/li><li class='ez-toc-page-1 ez-toc-heading-level-3'><a class=\"ez-toc-link ez-toc-heading-9\" href=\"https:\/\/www.agoracademie.com\/blog\/financement-formation\/#Le_Projet_de_Transition_Professionnelle\" >Le Projet de Transition Professionnelle<\/a><\/li><li class='ez-toc-page-1 ez-toc-heading-level-3'><a class=\"ez-toc-link ez-toc-heading-10\" href=\"https:\/\/www.agoracademie.com\/blog\/financement-formation\/#Le_Plan_Local_pour_lInsertion_PLIE\" >Le Plan Local pour l&rsquo;Insertion (PLIE)<\/a><\/li><\/ul><\/li><li class='ez-toc-page-1 ez-toc-heading-level-2'><a class=\"ez-toc-link ez-toc-heading-11\" href=\"https:\/\/www.agoracademie.com\/blog\/financement-formation\/#%E2%96%BA_Vous_etes_fonctionnaire_%E2%97%84\" >\u25ba Vous \u00eates fonctionnaire&nbsp;? \u25c4<\/a><\/li><li class='ez-toc-page-1 ez-toc-heading-level-2'><a class=\"ez-toc-link ez-toc-heading-12\" href=\"https:\/\/www.agoracademie.com\/blog\/financement-formation\/#%E2%96%BA_Vous_etes_interimaire_%E2%97%84\" >\u25ba Vous \u00eates int\u00e9rimaire&nbsp;? \u25c4<\/a><\/li><li class='ez-toc-page-1 ez-toc-heading-level-2'><a class=\"ez-toc-link ez-toc-heading-13\" href=\"https:\/\/www.agoracademie.com\/blog\/financement-formation\/#%E2%96%BA_Vous_etes_travailleur_independant_%E2%97%84\" >\u25ba Vous \u00eates travailleur ind\u00e9pendant&nbsp;? \u25c4<\/a><\/li><li class='ez-toc-page-1 ez-toc-heading-level-2'><a class=\"ez-toc-link ez-toc-heading-14\" href=\"https:\/\/www.agoracademie.com\/blog\/financement-formation\/#%E2%96%BA_Vous_etes_demandeur_demploi_%E2%97%84\" >\u25ba Vous \u00eates demandeur d&#8217;emploi&nbsp;? \u25c4<\/a><\/li><li class='ez-toc-page-1 ez-toc-heading-level-2'><a class=\"ez-toc-link ez-toc-heading-15\" href=\"https:\/\/www.agoracademie.com\/blog\/financement-formation\/#%E2%96%BA_Vous_etes_en_situation_de_handicap_%E2%97%84\" >\u25ba Vous \u00eates en situation de handicap&nbsp;? \u25c4<\/a><\/li><li class='ez-toc-page-1 ez-toc-heading-level-2'><a class=\"ez-toc-link ez-toc-heading-16\" href=\"https:\/\/www.agoracademie.com\/blog\/financement-formation\/#%E2%96%BA_Vous_avez_moins_de_26_ans_%E2%97%84\" >\u25ba Vous avez moins de 26 ans&nbsp;? \u25c4<\/a><\/li><li class='ez-toc-page-1 ez-toc-heading-level-2'><a class=\"ez-toc-link ez-toc-heading-17\" href=\"https:\/\/www.agoracademie.com\/blog\/financement-formation\/#%E2%96%BA_Vous_etes_benevole_%E2%97%84\" >\u25ba Vous \u00eates b\u00e9n\u00e9vole&nbsp;? \u25c4<\/a><\/li><li class='ez-toc-page-1 ez-toc-heading-level-2'><a class=\"ez-toc-link ez-toc-heading-18\" href=\"https:\/\/www.agoracademie.com\/blog\/financement-formation\/#%E2%96%BA_Le_conge_sabbatique_%E2%97%84\" >\u25ba Le cong\u00e9 sabbatique \u25c4<\/a><\/li><li class='ez-toc-page-1 ez-toc-heading-level-2'><a class=\"ez-toc-link ez-toc-heading-19\" href=\"https:\/\/www.agoracademie.com\/blog\/financement-formation\/#%E2%96%BA_Un_autre_financement_formation_%E2%97%84\" >\u25ba Un autre financement formation&nbsp;? \u25c4<\/a><\/li><li class='ez-toc-page-1 ez-toc-heading-level-2'><a class=\"ez-toc-link ez-toc-heading-20\" href=\"https:\/\/www.agoracademie.com\/blog\/financement-formation\/#FAQ_%E2%80%93_Financement_formation_les_reponses_a_vos_questions\" >FAQ \u2013 Financement formation : les r\u00e9ponses \u00e0 vos questions<\/a><ul class='ez-toc-list-level-3' ><li class='ez-toc-heading-level-3'><a class=\"ez-toc-link ez-toc-heading-21\" href=\"https:\/\/www.agoracademie.com\/blog\/financement-formation\/#1_Comment_obtenir_un_financement_formation_sans_rien_payer\" >1. Comment obtenir un financement formation sans rien payer ?<\/a><\/li><li class='ez-toc-page-1 ez-toc-heading-level-3'><a class=\"ez-toc-link ez-toc-heading-22\" href=\"https:\/\/www.agoracademie.com\/blog\/financement-formation\/#2_Le_CPF_suffit-il_pour_financer_une_formation\" >2. Le CPF suffit-il pour financer une formation ?<\/a><\/li><li class='ez-toc-page-1 ez-toc-heading-level-3'><a class=\"ez-toc-link ez-toc-heading-23\" href=\"https:\/\/www.agoracademie.com\/blog\/financement-formation\/#3_Mon_employeur_peut-il_financer_ma_formation\" >3. Mon employeur peut-il financer ma formation ?<\/a><\/li><li class='ez-toc-page-1 ez-toc-heading-level-3'><a class=\"ez-toc-link ez-toc-heading-24\" href=\"https:\/\/www.agoracademie.com\/blog\/financement-formation\/#4_Quelle_difference_entre_CPF_et_OPCO\" >4. Quelle diff\u00e9rence entre CPF et OPCO ?<\/a><\/li><li class='ez-toc-page-1 ez-toc-heading-level-3'><a class=\"ez-toc-link ez-toc-heading-25\" href=\"https:\/\/www.agoracademie.com\/blog\/financement-formation\/#5_Existe-t-il_des_aides_regionales_pour_le_financement_formation\" >5. Existe-t-il des aides r\u00e9gionales pour le financement formation ?<\/a><\/li><li class='ez-toc-page-1 ez-toc-heading-level-3'><a class=\"ez-toc-link ez-toc-heading-26\" href=\"https:\/\/www.agoracademie.com\/blog\/financement-formation\/#6_Comment_financer_une_formation_quand_on_est_demandeur_demploi\" >6. Comment financer une formation quand on est demandeur d\u2019emploi ?<\/a><\/li><li class='ez-toc-page-1 ez-toc-heading-level-3'><a class=\"ez-toc-link ez-toc-heading-27\" href=\"https:\/\/www.agoracademie.com\/blog\/financement-formation\/#7_Les_travailleurs_independants_ont-ils_droit_a_un_financement_formation\" >7. Les travailleurs ind\u00e9pendants ont-ils droit \u00e0 un financement formation ?<\/a><\/li><li class='ez-toc-page-1 ez-toc-heading-level-3'><a class=\"ez-toc-link ez-toc-heading-28\" href=\"https:\/\/www.agoracademie.com\/blog\/financement-formation\/#8_Les_personnes_en_situation_de_handicap_peuvent-elles_beneficier_daides_specifiques\" >8. Les personnes en situation de handicap peuvent-elles b\u00e9n\u00e9ficier d\u2019aides sp\u00e9cifiques ?<\/a><\/li><li class='ez-toc-page-1 ez-toc-heading-level-3'><a class=\"ez-toc-link ez-toc-heading-29\" href=\"https:\/\/www.agoracademie.com\/blog\/financement-formation\/#9_Les_jeunes_de_moins_de_26_ans_peuvent-ils_obtenir_une_aide\" >9. Les jeunes de moins de 26 ans peuvent-ils obtenir une aide ?<\/a><\/li><li class='ez-toc-page-1 ez-toc-heading-level-3'><a class=\"ez-toc-link ez-toc-heading-30\" href=\"https:\/\/www.agoracademie.com\/blog\/financement-formation\/#10_Existe-t-il_dautres_solutions_pour_financer_sa_formation\" >10. Existe-t-il d\u2019autres solutions pour financer sa formation ?<\/a><\/li><\/ul><\/li><\/ul><\/nav><\/div>\n\n<\/div>\n\n\n<h2 class=\"wp-block-heading\"><span class=\"ez-toc-section\" id=\"Financement_formation_comment_ne_rien_payer\"><\/span><strong>Financement formation&nbsp;: comment ne rien payer&nbsp;?<\/strong><span class=\"ez-toc-section-end\"><\/span><\/h2>\n\n\n\n<p>En France, comme dans de nombreux pays europ\u00e9ens, il existe diff\u00e9rents syst\u00e8mes de financement formation vous permettant de suivre un enseignement gratuitement.<\/p>\n\n\n\n<p>Pour vous y rep\u00e9rer dans cette n\u00e9buleuse, voici quelques rep\u00e8res et indications vous aidant \u00e0 trouver le bon financement formation correspondant \u00e0 votre situation.<\/p>\n\n\n\n<p>Car oui, \u00e0 chaque situation correspond une aide sp\u00e9cifique.<\/p>\n\n\n\n<!--more-->\n\n\n\n<h2 class=\"wp-block-heading\"><span class=\"ez-toc-section\" id=\"Quel_est_votre_statut_et_quelle_est_votre_situation\"><\/span><strong>Quel est votre statut et quelle est votre situation&nbsp;?<\/strong><span class=\"ez-toc-section-end\"><\/span><\/h2>\n\n\n\n<p>Pour orienter efficacement votre recherche de financement formation, nous avons regroup\u00e9 les aides en fonction&nbsp;:<\/p>\n\n\n\n<ul class=\"wp-block-list\">\n<li>de votre statut professionnel<\/li>\n\n\n\n<li>et\/ou de votre situation personnelle.<\/li>\n<\/ul>\n\n\n\n<h2 class=\"wp-block-heading\"><span class=\"ez-toc-section\" id=\"%E2%96%BA_Vous_etes_salarie_%E2%97%84\"><\/span>\u25ba <strong>Vous \u00eates salari\u00e9&nbsp;?<\/strong> \u25c4<span class=\"ez-toc-section-end\"><\/span><\/h2>\n\n\n\n<h3 class=\"wp-block-heading\"><span class=\"ez-toc-section\" id=\"Le_Compte_Personnel_de_Formation\"><\/span><strong>Le Compte Personnel de Formation<\/strong><span class=\"ez-toc-section-end\"><\/span><\/h3>\n\n\n\n<p>Tous les salari\u00e9s ont droit \u00e0 une aide financi\u00e8re augmentant chaque ann\u00e9e.<\/p>\n\n\n\n<p>Pour savoir d\u00e8s maintenant le montant exact de votre aide, consultez votre <a href=\"https:\/\/www.moncompteformation.gouv.fr\/\" target=\"_blank\" rel=\"noreferrer noopener\"><strong>C<\/strong>ompte <strong>P<\/strong>ersonnel de <strong>F<\/strong>ormation<\/a> (CPF &#8211; anciennement DIF).<\/p>\n\n\n\n<p>Mais attention, la mobilisation de votre <a href=\"https:\/\/www.agoracademie.com\/blog\/formation-coach-de-vie-cpf\/\">CPF<\/a> ne peut se faire que sur des programmes d&rsquo;enseignement inscrits au <strong>R<\/strong>\u00e9pertoire <strong>N<\/strong>ational des <strong>C<\/strong>ertifications <strong>P<\/strong>rofessionnelles (RNCP).<\/p>\n\n\n\n<p>Notez qu&rsquo;avec ce fond personnel il vous est possible de r\u00e9aliser d&rsquo;autres actions comme&nbsp;:<\/p>\n\n\n\n<ul class=\"wp-block-list\">\n<li>un bilan de comp\u00e9tences,<\/li>\n\n\n\n<li>une <strong>V<\/strong>alidation des <strong>A<\/strong>cquis de l&rsquo;<strong>E<\/strong>xp\u00e9rience (VAE),<\/li>\n\n\n\n<li>et m\u00eame passer votre permis de conduire&#8230;<\/li>\n<\/ul>\n\n\n\n<p>Pour savoir si une formation est bien inscrite au <a href=\"https:\/\/www.agoracademie.com\/blog\/coach-de-vie-rncp\/\">RNCP<\/a>, le mieux est de consulter directement le site de France Comp\u00e9tences \u00e0 l&rsquo;adresse suivante&nbsp;: francecompetences.fr<\/p>\n\n\n\n<p>Un centre de formation peut \u00e9galement vous confirmer ou non l&rsquo;inscription de l&rsquo;un de ses programmes au RNCP, en sachant que si c&rsquo;est le cas, cela est toujours indiqu\u00e9 de mani\u00e8re tr\u00e8s visible.<\/p>\n\n\n\n<p>Sachez \u00e9galement que votre employeur peut participer \u00e0 l&rsquo;augmentation de votre CPF.<\/p>\n\n\n\n<h3 class=\"wp-block-heading\"><span class=\"ez-toc-section\" id=\"LOPCO\"><\/span><strong>L&rsquo;OPCO<\/strong><span class=\"ez-toc-section-end\"><\/span><\/h3>\n\n\n\n<p>L&rsquo;<strong>OP<\/strong>\u00e9rateurs de <strong>CO<\/strong>mp\u00e9tences (OPCO &#8211; anciennement OPCA) est \u00e9galement une solution pour les salari\u00e9s du secteur priv\u00e9.<\/p>\n\n\n\n<p>Chaque entreprise est rattach\u00e9e \u00e0 un OPCO, cela en fonction de sa branche professionnelle, et cet organisme collecteur peut aussi \u00eatre le financeur de votre formation.<\/p>\n\n\n\n<p>Pour le savoir, il convient de contacter votre employeur (ou le service ressources humaines).<\/p>\n\n\n\n<div class=\"wp-block-magic-content-box-content-box aligncenter magic-content-box-ef5cca30-1ab4-4 magic-content-box-contentBox block-wrapper-background content-align-center\"><style>.magic-content-box-ef5cca30-1ab4-4 .magic-content-box-content-wrapper{text-align:center;margin-top:30px;margin-bottom:30px}.magic-content-box-ef5cca30-1ab4-4 .magic-content-box-section-header-wrapper{border-color:#ff201f}.magic-content-box-ef5cca30-1ab4-4 .magic-content-box-mainheader-wrap{box-shadow:0px 6px 12px -10px #000;border-radius:5px;background-color:#fff}.magic-content-box-ef5cca30-1ab4-4 .magic-content-box-section-wrapper{padding-top:30px;padding-right:30px;padding-bottom:30px;padding-left:30px;margin-top:0px;margin-right:0px;margin-bottom:0px;margin-left:0px}.magic-content-box-ef5cca30-1ab4-4 .magic-content-box-section-head-wrap{text-align:center;padding-top:0px;padding-right:0px;padding-bottom:0px;margin-top:0px;margin-bottom:0px;padding-left:0px}.magic-content-box-ef5cca30-1ab4-4 .magic-content-box-section-head-wrap .magic-content-box-title{color:#404040;font-size:32px;font-family:Default;padding-top:5px;padding-bottom:5px}.magic-content-box-ef5cca30-1ab4-4 .magic-content-box-section-head-wrap .magic-content-box-subtitle{color:#6d6d6d;font-size:18px;font-family:Default;padding-top:5px;padding-bottom:5px}.magic-content-box-ef5cca30-1ab4-4 .magic-content-box-title-dash{color:#ff201f}.magic-content-box-ef5cca30-1ab4-4 .magic-content-box-block-button span{color:#fff;border-width:1px;font-size:16px;font-family:Default}.magic-content-box-ef5cca30-1ab4-4 .magic-content-box-block-button .magic-content-box-button{background-color:#ff201f}.magic-content-box-ef5cca30-1ab4-4 .magic-content-box-block-button i{color:#fff;font-size:13px}.magic-content-box-ef5cca30-1ab4-4 .magic-content-box-block-button{margin-top:10px;margin-bottom:10px}.magic-content-box-ef5cca30-1ab4-4 .magic-content-box-button{padding-top:5px;padding-right:15px;padding-bottom:5px;padding-left:15px}@media screen and (max-width:1025px){.magic-content-box-ef5cca30-1ab4-4 .magic-content-box-section-head-wrap .magic-content-box-title{font-size:undefinedpx}.magic-content-box-ef5cca30-1ab4-4 .magic-content-box-section-head-wrap .magic-content-box-subtitle{font-size:undefinedpx}.magic-content-box-ef5cca30-1ab4-4 .magic-content-box-block-button span{font-size:undefinedpx}.magic-content-box-ef5cca30-1ab4-4 .magic-content-box-block-button i{font-size:px}}@media screen and (max-width:767px){.magic-content-box-ef5cca30-1ab4-4 .magic-content-box-section-head-wrap .magic-content-box-title{font-size:undefinedpx}.magic-content-box-ef5cca30-1ab4-4 .magic-content-box-section-head-wrap .magic-content-box-subtitle{font-size:undefinedpx}.magic-content-box-ef5cca30-1ab4-4 .magic-content-box-block-button span{font-size:undefinedpx}.magic-content-box-ef5cca30-1ab4-4 .magic-content-box-block-button i{font-size:px}}<\/style><div class=\"content-wrapper-inner\"><div class=\"magic-content-box-content-wrapper magic-content-box-blocks reverse-img has-background style-1\"><div class=\"content-img-wrap\"><img decoding=\"async\" src=\"https:\/\/www.agoracademie.com\/blog\/wp-content\/uploads\/2022\/05\/formation-coaching-personnel.jpg\" alt=\"Nos formations\" class=\"\"\/><\/div><div class=\"magic-content-box-section-wrapper magic-content-box-mainheader-wrap\"><div class=\"magic-content-box-section-header-wrapper magic-content-box-blocks\"><div class=\"magic-content-box-section-head-wrap magic-content-box-style1 magic-content-box-center\"><div class=\"magic-content-box-title-wrapper\"><span class=\"magic-content-box-title-dash magic-content-box-upper-dash\"><\/span><h4 class=\"magic-content-box-title\">D\u00e9couvrez nos formations<\/h4><span class=\"magic-content-box-title-dash magic-content-box-lower-dash\"><\/span><\/div><div class=\"magic-content-box-subtitle-wrapper\"><span class=\"magic-content-box-title-dash magic-content-box-upper-dash\"><\/span><p class=\"magic-content-box-subtitle\">en ligne &amp; \u00e0 distance<\/p><span class=\"magic-content-box-title-dash magic-content-box-lower-dash\"><\/span><\/div><\/div><\/div><div class=\"magic-content-box-desc-btn-wrap\"><div class=\"magic-content-box-block-button\"><a href=\"https:\/\/www.agoracademie.com\/academie\" class=\"magic-content-box-button magic-content-box-button-shape-rounded magic-content-box-button-size-small hover-style-1 btn-icon-left\"><span>CATALOGUE<\/span><\/a><\/div><\/div><\/div><\/div><\/div><\/div>\n\n\n\n<h3 class=\"wp-block-heading\"><span class=\"ez-toc-section\" id=\"La_Region\"><\/span><strong>La R\u00e9gion<\/strong><span class=\"ez-toc-section-end\"><\/span><\/h3>\n\n\n\n<p>Votre R\u00e9gion a g\u00e9n\u00e9ralement un fond sp\u00e9cial d&rsquo;<strong>aide individuelle \u00e0 la formation<\/strong> pour accompagner ses habitants d&rsquo;une mani\u00e8re personnalis\u00e9e.<\/p>\n\n\n\n<p>Cela peut vous aider financi\u00e8rement \u00e0 boucler votre budget, par exemple en compl\u00e9ment d&rsquo;une autre aide.<\/p>\n\n\n\n<p>Mais elle peut aussi participer \u00e0 votre r\u00e9mun\u00e9ration pendant votre apprentissage.<\/p>\n\n\n\n<p>Chaque R\u00e9gion fonctionnant d&rsquo;une mani\u00e8re autonome, il est impossible de dresser ici la liste de toutes les aides r\u00e9gionales, changeant en plus r\u00e9guli\u00e8rement d&rsquo;une ann\u00e9e \u00e0 l&rsquo;autre.<\/p>\n\n\n\n<p>Ceci \u00e9tant, le <strong>ch\u00e8que formation<\/strong> est souvent une mesure propos\u00e9e partout.<\/p>\n\n\n\n<p>Consultez \u00e9galement le dispositif <strong>VISA M\u00e9tiers<\/strong>, plut\u00f4t r\u00e9serv\u00e9 \u00e0 des m\u00e9tiers rares (comme enlumineur par exemple en R\u00e9gion Pays de la Loire).<\/p>\n\n\n\n<p>Alors, renseignez-vous&nbsp;!<\/p>\n\n\n\n<h3 class=\"wp-block-heading\"><span class=\"ez-toc-section\" id=\"Le_plan_de_developpement_des_competences_plan_de_formation\"><\/span><strong>Le plan de d\u00e9veloppement des comp\u00e9tences (plan de formation)<\/strong><span class=\"ez-toc-section-end\"><\/span><\/h3>\n\n\n\n<p>Le plan de d\u00e9veloppement des comp\u00e9tences est l&rsquo;ancien plan de formation d&rsquo;entreprise.<\/p>\n\n\n\n<p>Logiquement, vous avez annuellement un rendez-vous avec votre employeur (petite structure) ou le service des ressources humaines (grande structure).<\/p>\n\n\n\n<p>Cela dans le cadre d&rsquo;un entretien de positionnement pour faire le point sur votre \u00e9volution de carri\u00e8re et ainsi cr\u00e9er un plan de <a href=\"https:\/\/www.agoracademie.com\/blog\/formation-stress\/\">formation<\/a> reli\u00e9 \u00e0 vos besoins.<\/p>\n\n\n\n<p>Ce nouvel enseignement doit \u00eatre en relation directe avec votre emploi.<\/p>\n\n\n\n<p>De plus, il est g\u00e9n\u00e9ralement mis en place \u00e0 l&rsquo;initiative de l&#8217;employeur.<\/p>\n\n\n\n<p>Ceci dit, certains employeurs sont souples et peuvent aussi participer \u00e0 votre projet.<\/p>\n\n\n\n<p>Soit de mani\u00e8re sonnante et tr\u00e9buchante, soit en vous accordant des cong\u00e9s, dans le but par exemple de r\u00e9compenser vos derni\u00e8res performances.<\/p>\n\n\n\n<h3 class=\"wp-block-heading\"><span class=\"ez-toc-section\" id=\"Le_dispositif_Pro-A\"><\/span><strong>Le dispositif Pro-A<\/strong><span class=\"ez-toc-section-end\"><\/span><\/h3>\n\n\n\n<p>Ce dispositif vous permet de vous former dans le cadre d&rsquo;un <strong>enseignement en alternance<\/strong> se d\u00e9roulant entre l&rsquo;\u00e9cole et l&rsquo;entreprise.<\/p>\n\n\n\n<p>Vous recevez ainsi une r\u00e9mun\u00e9ration d\u00e9termin\u00e9e \u00e0 partir de diff\u00e9rents crit\u00e8res (l&rsquo;\u00e2ge notamment).<\/p>\n\n\n\n<h3 class=\"wp-block-heading\"><span class=\"ez-toc-section\" id=\"Le_Projet_de_Transition_Professionnelle\"><\/span><strong>Le Projet de Transition Professionnelle<\/strong><span class=\"ez-toc-section-end\"><\/span><\/h3>\n\n\n\n<p>Si vous avez comme moi de la bouteille, le PTP est ce qui vient remplacer le <strong>C<\/strong>ong\u00e9 <strong>I<\/strong>ndividuel de <strong>F<\/strong>ormation (CIF).<\/p>\n\n\n\n<p>Gr\u00e2ce \u00e0 ce dispositif r\u00e9serv\u00e9 au salari\u00e9, vous avez la possibilit\u00e9 de vous absenter pour suivre une formation tout en \u00e9tant r\u00e9mun\u00e9r\u00e9.<\/p>\n\n\n\n<p>Pour en savoir plus, contactez vite votre employeur (ou le service RH de votre entreprise)&nbsp;!<\/p>\n\n\n\n<h3 class=\"wp-block-heading\"><span class=\"ez-toc-section\" id=\"Le_Plan_Local_pour_lInsertion_PLIE\"><\/span>Le Plan Local pour l&rsquo;Insertion (PLIE)<span class=\"ez-toc-section-end\"><\/span><\/h3>\n\n\n\n<p>Le <a href=\"https:\/\/travail-emploi.gouv.fr\/les-plans-locaux-pluriannuels-pour-linsertion-et-lemploi-plie\" target=\"_blank\" rel=\"noreferrer noopener\">Plan Local pour l\u2019Insertion et l\u2019Emploi<\/a> est un dispositif territorial destin\u00e9 \u00e0 accompagner vers l\u2019emploi durable les personnes les plus \u00e9loign\u00e9es du march\u00e9 du travail. <\/p>\n\n\n\n<p>Contrairement \u00e0 un simple suivi administratif, le PLIE repose sur un accompagnement individualis\u00e9 et contractualis\u00e9, assur\u00e9 par un r\u00e9f\u00e9rent unique qui construit, avec le b\u00e9n\u00e9ficiaire, un parcours sur mesure int\u00e9grant formation, mise en situation professionnelle et lev\u00e9e des freins sociaux (mobilit\u00e9, logement, sant\u00e9, garde d\u2019enfants). <\/p>\n\n\n\n<p>Pilot\u00e9 \u00e0 l\u2019\u00e9chelle locale par les collectivit\u00e9s territoriales, en partenariat avec l\u2019\u00c9tat et cofinanc\u00e9 notamment par le Fonds social europ\u00e9en, le PLIE constitue un outil strat\u00e9gique des politiques publiques d\u2019insertion, articulant d\u00e9veloppement \u00e9conomique local et coh\u00e9sion sociale.<\/p>\n\n\n<div class=\"wp-block-image\">\n<figure class=\"aligncenter size-large\"><img loading=\"lazy\" decoding=\"async\" width=\"1024\" height=\"511\" src=\"https:\/\/www.agoracademie.com\/blog\/wp-content\/uploads\/2022\/05\/prix-formation-coach-de-vie-1024x511.jpg\" alt=\"Prix formation avec ou sans financement\" class=\"wp-image-19305\" srcset=\"https:\/\/www.agoracademie.com\/blog\/wp-content\/uploads\/2022\/05\/prix-formation-coach-de-vie-1024x511.jpg 1024w, https:\/\/www.agoracademie.com\/blog\/wp-content\/uploads\/2022\/05\/prix-formation-coach-de-vie-300x150.jpg 300w, https:\/\/www.agoracademie.com\/blog\/wp-content\/uploads\/2022\/05\/prix-formation-coach-de-vie-768x383.jpg 768w, https:\/\/www.agoracademie.com\/blog\/wp-content\/uploads\/2022\/05\/prix-formation-coach-de-vie.jpg 1079w\" sizes=\"auto, (max-width: 1024px) 100vw, 1024px\" \/><\/figure>\n<\/div>\n\n\n<h2 class=\"wp-block-heading\"><span class=\"ez-toc-section\" id=\"%E2%96%BA_Vous_etes_fonctionnaire_%E2%97%84\"><\/span>\u25ba <strong>Vous \u00eates fonctionnaire&nbsp;?<\/strong> \u25c4<span class=\"ez-toc-section-end\"><\/span><\/h2>\n\n\n\n<p>Les possibilit\u00e9s sont l\u00e0 aussi multiples et la plus utilis\u00e9e actuellement est le <strong>Cong\u00e9 de Formation Professionnelle (CFP)<\/strong>.<\/p>\n\n\n\n<p>Sa dur\u00e9e est grande, puisqu&rsquo;il peut s&rsquo;\u00e9tendre sur trois ans (indemnit\u00e9 forfaitaire la premi\u00e8re ann\u00e9e).<\/p>\n\n\n\n<p>Pour en b\u00e9n\u00e9ficier, vous devez \u00eatre agent public, titulaire ou contractuel, de la fonction publique d&rsquo;\u00c9tat, hospitali\u00e8re et territoriale.<\/p>\n\n\n\n<p>Vous devez \u00e9galement avoir de l&rsquo;anciennet\u00e9 (au moins trois ans de service \u00e0 temps plein&#8230;).<\/p>\n\n\n\n<p>Mais d&rsquo;autres aides peuvent vous \u00eatre accord\u00e9es, par exemple si vous travaillez en mairie.<\/p>\n\n\n\n<p>Cela sans que le sujet de la formation soit en relation directe avec votre emploi\/m\u00e9tier actuel.<\/p>\n\n\n\n<h2 class=\"wp-block-heading\"><span class=\"ez-toc-section\" id=\"%E2%96%BA_Vous_etes_interimaire_%E2%97%84\"><\/span>\u25ba <strong>Vous \u00eates int\u00e9rimaire&nbsp;?<\/strong> \u25c4<span class=\"ez-toc-section-end\"><\/span><\/h2>\n\n\n\n<p>Il existe l\u00e0 aussi bien entendu une solution.<\/p>\n\n\n\n<p>Elle se nomme tout simplement (et logiquement) le <strong>F<\/strong>onds d&rsquo;<strong>A<\/strong>ssurance <strong>F<\/strong>ormation du <strong>T<\/strong>ravail <strong>T<\/strong>emporaire (FAFTT).<\/p>\n\n\n\n<p>Ce fonds vous permet de vous former, de faire un bilan de comp\u00e9tences ou encore une VAE.<\/p>\n\n\n\n<h2 class=\"wp-block-heading\"><span class=\"ez-toc-section\" id=\"%E2%96%BA_Vous_etes_travailleur_independant_%E2%97%84\"><\/span>\u25ba <strong>Vous \u00eates travailleur ind\u00e9pendant&nbsp;?<\/strong> \u25c4<span class=\"ez-toc-section-end\"><\/span><\/h2>\n\n\n\n<p>Chaque m\u00e9tier est reli\u00e9 \u00e0 un secteur, lui-m\u00eame reli\u00e9 \u00e0 un <strong>F<\/strong>onds d&rsquo;<strong>A<\/strong>ssurance <strong>F<\/strong>ormation surnomm\u00e9 <strong>FAF<\/strong>.<\/p>\n\n\n\n<p>Il en existe actuellement plusieurs&nbsp;:<\/p>\n\n\n\n<ul class=\"wp-block-list\">\n<li>Le <strong>F<\/strong>onds <strong>I<\/strong>nterprofessionnel de <strong>F<\/strong>ormation des <strong>P<\/strong>rofessions <strong>L<\/strong>ib\u00e9rales (FIFPL).<\/li>\n\n\n\n<li>Le <strong>F<\/strong>onds d&rsquo;<strong>A<\/strong>ssurance <strong>F<\/strong>ormation des <strong>P<\/strong>rofessions <strong>M<\/strong>\u00e9dicales lib\u00e9rales (FAFPM).<\/li>\n\n\n\n<li>L&rsquo;<strong>A<\/strong>ssociation de <strong>GE<\/strong>stion du <strong>FI<\/strong>nancement de la Formation des <strong>C<\/strong>hefs d&rsquo;<strong>E<\/strong>ntreprise (AGEFICE &#8211; commerce, industrie et services).<\/li>\n\n\n\n<li>L&rsquo;<strong>A<\/strong>ssurance <strong>F<\/strong>ormation <strong>D<\/strong>es <strong>A<\/strong>ctivit\u00e9s du <strong>S<\/strong>pectable (AFDAS \u2013 culture, industries cr\u00e9atives, m\u00e9dias, communication, t\u00e9l\u00e9communication, sport, tourisme, loisirs et divertissement).<\/li>\n<\/ul>\n\n\n\n<p>Armez-vous de patience et faites attention au montant de l&rsquo;enveloppe annuelle qui peut vous \u00eatre accord\u00e9e en fonction de l&rsquo;op\u00e9rateur&nbsp;:<\/p>\n\n\n\n<ul class=\"wp-block-list\">\n<li>pour le co\u00fbt de la formation,<\/li>\n\n\n\n<li>mais aussi pour les frais annexes (d\u00e9placement, restauration, h\u00e9bergement&#8230;).<\/li>\n<\/ul>\n\n\n\n<p>Certains (comme l&rsquo;AFDAS) sont beaucoup plus g\u00e9n\u00e9reux que d&rsquo;autres&#8230;<\/p>\n\n\n\n<p><strong>Si vous ne connaissez pas votre FAF, renseignez-vous aupr\u00e8s de l&rsquo;URSSAF !<\/strong><\/p>\n\n\n<div class=\"wp-block-image\">\n<figure class=\"aligncenter size-large\"><img loading=\"lazy\" decoding=\"async\" width=\"1024\" height=\"511\" src=\"https:\/\/www.agoracademie.com\/blog\/wp-content\/uploads\/2022\/01\/formation-coach-de-vie-pole-emploi-1024x511.jpg\" alt=\"Financement P\u00f4le Emploi : ce qu'il faut savoir\" class=\"wp-image-18113\" srcset=\"https:\/\/www.agoracademie.com\/blog\/wp-content\/uploads\/2022\/01\/formation-coach-de-vie-pole-emploi-1024x511.jpg 1024w, https:\/\/www.agoracademie.com\/blog\/wp-content\/uploads\/2022\/01\/formation-coach-de-vie-pole-emploi-300x150.jpg 300w, https:\/\/www.agoracademie.com\/blog\/wp-content\/uploads\/2022\/01\/formation-coach-de-vie-pole-emploi-768x383.jpg 768w, https:\/\/www.agoracademie.com\/blog\/wp-content\/uploads\/2022\/01\/formation-coach-de-vie-pole-emploi.jpg 1079w\" sizes=\"auto, (max-width: 1024px) 100vw, 1024px\" \/><\/figure>\n<\/div>\n\n\n<h2 class=\"wp-block-heading\"><span class=\"ez-toc-section\" id=\"%E2%96%BA_Vous_etes_demandeur_demploi_%E2%97%84\"><\/span>\u25ba <strong>Vous \u00eates demandeur d&#8217;emploi&nbsp;?<\/strong> \u25c4<span class=\"ez-toc-section-end\"><\/span><\/h2>\n\n\n\n<p>Si vous avez d\u00e9j\u00e0 \u00e9t\u00e9 salari\u00e9, vous pouvez d\u00e9j\u00e0 commencer par utiliser votre CPF.<\/p>\n\n\n\n<p>Mais <strong><a href=\"https:\/\/www.agoracademie.com\/blog\/formation-sophrologue-france-travail\/\">France Travail<\/a> <\/strong>(ex P\u00f4le Emploi \u00e0 compter du 1er janvier 2024) reste bien entendu votre interlocuteur privil\u00e9gi\u00e9 pour vous aider \u00e0 b\u00e2tir votre projet de retour \u00e0 l&#8217;emploi.<\/p>\n\n\n\n<p>Celui-ci pouvant (devant) passer par une formation, des fonds sp\u00e9cifiques sont r\u00e9serv\u00e9s \u00e0 votre accompagnement pour financer tout ou partie de votre apprentissage.<\/p>\n\n\n\n<p>La premi\u00e8re aide dont vous pouvez sans doute b\u00e9n\u00e9ficier est l&rsquo;<strong>A<\/strong>ide <strong>I<\/strong>ndividuelle \u00e0 la <strong>F<\/strong>ormation (AIF).<\/p>\n\n\n\n<p>Votre conseiller France Travail pourra vous aider \u00e0 constituer votre dossier, en pensant \u00e0 bien pr\u00e9parer votre argumentaire avant l&rsquo;entretien de positionnement.<\/p>\n\n\n\n<p>En effet, votre mani\u00e8re de pr\u00e9senter le projet est fondamentale, puisque l&rsquo;AIF n&rsquo;est pas accord\u00e9e syst\u00e9matiquement.<\/p>\n\n\n\n<p>D&rsquo;autres dispositifs peuvent aussi \u00eatre \u00e0 envisager comme&nbsp;:<\/p>\n\n\n\n<ul class=\"wp-block-list\">\n<li>La <strong>P<\/strong>r\u00e9paration <strong>O<\/strong>p\u00e9rationnelle \u00e0 l&rsquo;<strong>E<\/strong>mploi <strong>I<\/strong>ndividuelle (POEI) ou <strong>C<\/strong>ollective (POEC).<\/li>\n\n\n\n<li>L&rsquo;<strong>A<\/strong>ction de <strong>F<\/strong>ormation <strong>P<\/strong>r\u00e9alable au <strong>R<\/strong>ecrutement (AFPR), etc.<\/li>\n<\/ul>\n\n\n\n<h2 class=\"wp-block-heading\"><span class=\"ez-toc-section\" id=\"%E2%96%BA_Vous_etes_en_situation_de_handicap_%E2%97%84\"><\/span>\u25ba <strong>Vous \u00eates en situation de handicap&nbsp;?<\/strong> \u25c4<span class=\"ez-toc-section-end\"><\/span><\/h2>\n\n\n\n<p>Ici, votre principal interlocuteur est l&rsquo;<strong>A<\/strong>ssociation de <strong>GE<\/strong>stion du <strong>F<\/strong>onds pour l&rsquo;<strong>I<\/strong>nsertion des <strong>P<\/strong>ersonnes <strong>H<\/strong>andicap\u00e9es (AGEFIPH).<\/p>\n\n\n\n<p>Mais vous pouvez aussi bien s\u00fbr utiliser le CPF ou d&rsquo;autres aides pr\u00e9sent\u00e9es ici, notamment en fonction de votre statut (salari\u00e9, demandeur d&#8217;emploi&#8230;) ou de votre situation g\u00e9ographique (R\u00e9gion, mairie&#8230;).<\/p>\n\n\n\n<p>Pensez aussi aux associations, il en existe forc\u00e9ment une proche de chez vous&nbsp;!<\/p>\n\n\n\n<figure class=\"wp-block-embed is-type-video is-provider-youtube wp-block-embed-youtube wp-embed-aspect-16-9 wp-has-aspect-ratio\"><div class=\"wp-block-embed__wrapper\">\n<iframe loading=\"lazy\" title=\"Agoracad\u00e9mie formations en ligne &amp; \u00e0 distance\" width=\"960\" height=\"540\" src=\"https:\/\/www.youtube.com\/embed\/5-zHvWC27vI?feature=oembed\" frameborder=\"0\" allow=\"accelerometer; autoplay; clipboard-write; encrypted-media; gyroscope; picture-in-picture; web-share\" referrerpolicy=\"strict-origin-when-cross-origin\" allowfullscreen><\/iframe>\n<\/div><\/figure>\n\n\n\n<h2 class=\"wp-block-heading\"><span class=\"ez-toc-section\" id=\"%E2%96%BA_Vous_avez_moins_de_26_ans_%E2%97%84\"><\/span>\u25ba <strong>Vous avez moins de 26 ans&nbsp;?<\/strong> \u25c4<span class=\"ez-toc-section-end\"><\/span><\/h2>\n\n\n\n<p>Renseignez-vous aupr\u00e8s de la <strong>mission locale<\/strong> proche de chez vous.<\/p>\n\n\n\n<p>Elle pourra vous orienter au mieux sur le choix de votre apprentissage et du financement formation adapt\u00e9.<\/p>\n\n\n\n<p>Par exemple, en vous orientant vers le conseil r\u00e9gional ou votre mairie.<\/p>\n\n\n\n<h2 class=\"wp-block-heading\"><span class=\"ez-toc-section\" id=\"%E2%96%BA_Vous_etes_benevole_%E2%97%84\"><\/span>\u25ba <strong>Vous \u00eates b\u00e9n\u00e9vole&nbsp;?<\/strong> \u25c4<span class=\"ez-toc-section-end\"><\/span><\/h2>\n\n\n\n<p>On a souvent tendance \u00e0 l&rsquo;oublier, mais un b\u00e9n\u00e9vole a aussi des droits&nbsp;!<\/p>\n\n\n\n<p>Ainsi, il peut b\u00e9n\u00e9ficier d&rsquo;une aide pr\u00e9sent\u00e9e sous la forme d&rsquo;un droit \u00e0 la formation de 240 euros par an (actuellement).<\/p>\n\n\n\n<p>Pensez \u00e0 regarder du c\u00f4t\u00e9 du <strong>C<\/strong>ompte d&rsquo;<strong>E<\/strong>ngagement <strong>C<\/strong>itoyen (CEC), lui-m\u00eame rattach\u00e9 au <strong>C<\/strong>ompte <strong>P<\/strong>rofessionnel d&rsquo;<strong>A<\/strong>ctivit\u00e9 (CPA).<\/p>\n\n\n\n<h2 class=\"wp-block-heading\"><span class=\"ez-toc-section\" id=\"%E2%96%BA_Le_conge_sabbatique_%E2%97%84\"><\/span>\u25ba <strong>Le cong\u00e9 sabbatique<\/strong> \u25c4<span class=\"ez-toc-section-end\"><\/span><\/h2>\n\n\n\n<p>Certaines organisations (administration ou entreprise) acceptent la pause professionnelle d&rsquo;un travailleur pendant une dur\u00e9e d\u00e9termin\u00e9e.<\/p>\n\n\n\n<p>Celui-ci arr\u00eate donc de travailler, sans recevoir de salaire en retour, souvent pour convenance personnelle.<\/p>\n\n\n\n<p>C&rsquo;est le principe du <strong>cong\u00e9 sans solde<\/strong> offrant l&rsquo;avantage de retrouver son emploi une fois le cong\u00e9 termin\u00e9.<\/p>\n\n\n\n<p>Le contrat de travail est alors simplement suspendu, puis r\u00e9activ\u00e9 \u00e0 la date pr\u00e9vue.<\/p>\n\n\n\n<p>C&rsquo;est un bon moyen de s&rsquo;assurer le temps libre n\u00e9cessaire \u00e0 la cr\u00e9ation d&rsquo;un projet professionnel (comme devenir travailleur ind\u00e9pendant), tout en gardant la s\u00e9curit\u00e9 de l&#8217;emploi.<\/p>\n\n\n<div class=\"wp-block-image\">\n<figure class=\"aligncenter size-large\"><img loading=\"lazy\" decoding=\"async\" width=\"1024\" height=\"511\" src=\"https:\/\/www.agoracademie.com\/blog\/wp-content\/uploads\/2022\/06\/quelle-formation-pour-devenir-coach-de-vie-1024x511.jpg\" alt=\"D'autres financements pour votre formation ?\" class=\"wp-image-19415\" srcset=\"https:\/\/www.agoracademie.com\/blog\/wp-content\/uploads\/2022\/06\/quelle-formation-pour-devenir-coach-de-vie-1024x511.jpg 1024w, https:\/\/www.agoracademie.com\/blog\/wp-content\/uploads\/2022\/06\/quelle-formation-pour-devenir-coach-de-vie-300x150.jpg 300w, https:\/\/www.agoracademie.com\/blog\/wp-content\/uploads\/2022\/06\/quelle-formation-pour-devenir-coach-de-vie-768x383.jpg 768w, https:\/\/www.agoracademie.com\/blog\/wp-content\/uploads\/2022\/06\/quelle-formation-pour-devenir-coach-de-vie.jpg 1079w\" sizes=\"auto, (max-width: 1024px) 100vw, 1024px\" \/><\/figure>\n<\/div>\n\n\n<h2 class=\"wp-block-heading\"><span class=\"ez-toc-section\" id=\"%E2%96%BA_Un_autre_financement_formation_%E2%97%84\"><\/span>\u25ba <strong>Un autre financement formation&nbsp;?<\/strong> \u25c4<span class=\"ez-toc-section-end\"><\/span><\/h2>\n\n\n\n<p>Bien s\u00fbr, cette liste financement formation n&rsquo;est pas exhaustive et vous devez poursuivre votre recherche par exemple aupr\u00e8s :<\/p>\n\n\n\n<ul class=\"wp-block-list\">\n<li>de votre <strong>mairie<\/strong> qui a peut-\u00eatre un service d&rsquo;aide sp\u00e9cifiquement r\u00e9serv\u00e9 \u00e0 ses administr\u00e9s (service financement formation),<\/li>\n\n\n\n<li>des nombreuses <strong>associations<\/strong> et <strong>fondations<\/strong> accompagnant des publics diff\u00e9rents, parfois en difficult\u00e9s (femme isol\u00e9e, artiste, demandeur d&#8217;emploi en fin de droits, etc.),<\/li>\n\n\n\n<li>et m\u00eame de votre <strong>caisse de retraite<\/strong> (par exemple celle des cadres).<\/li>\n<\/ul>\n\n\n\n<p>Ne l\u00e2chez rien, car un financement cons\u00e9quent est peut-\u00eatre au bout de votre recherche&nbsp;!<\/p>\n\n\n\n<p>Il serait dommage de passer \u00e0 c\u00f4t\u00e9&#8230;<\/p>\n\n\n\n<p>S&rsquo;il vous reste une question sur le financement formation concernant l&rsquo;un de nos programmes en ligne et \u00e0 distance, n&rsquo;h\u00e9sitez pas \u00e0 nous contacter\u00a0!<\/p>\n\n\n\n<h2 class=\"wp-block-heading\"><span class=\"ez-toc-section\" id=\"FAQ_%E2%80%93_Financement_formation_les_reponses_a_vos_questions\"><\/span>FAQ \u2013 Financement formation : les r\u00e9ponses \u00e0 vos questions<span class=\"ez-toc-section-end\"><\/span><\/h2>\n\n\n\n<h3 class=\"wp-block-heading\"><span class=\"ez-toc-section\" id=\"1_Comment_obtenir_un_financement_formation_sans_rien_payer\"><\/span>1. Comment obtenir un financement formation sans rien payer ?<span class=\"ez-toc-section-end\"><\/span><\/h3>\n\n\n\n<p>Tout d\u00e9pend de votre statut. Salari\u00e9, demandeur d\u2019emploi, ind\u00e9pendant, fonctionnaire, int\u00e9rimaire ou jeune de moins de 26 ans&#8230;, chacun dispose de dispositifs sp\u00e9cifiques (CPF, OPCO, FAF, AIF, R\u00e9gion\u2026). L\u2019essentiel est d\u2019identifier votre situation pour mobiliser la bonne aide.<\/p>\n\n\n\n<h3 class=\"wp-block-heading\"><span class=\"ez-toc-section\" id=\"2_Le_CPF_suffit-il_pour_financer_une_formation\"><\/span>2. Le CPF suffit-il pour financer une formation ?<span class=\"ez-toc-section-end\"><\/span><\/h3>\n\n\n\n<p>Le Compte Personnel de Formation peut financer totalement ou partiellement une formation, \u00e0 condition qu\u2019elle soit inscrite au RNCP. Il peut aussi \u00eatre utilis\u00e9 pour un bilan de comp\u00e9tences, une VAE ou le permis de conduire. En cas de reste \u00e0 charge, d\u2019autres aides peuvent compl\u00e9ter. Notez qu\u2019une participation personnelle (reste \u00e0 charge obligatoire) peut \u00eatre demand\u00e9e lors de la mobilisation de votre CPF. Le financement n\u2019est donc plus n\u00e9cessairement int\u00e9gral, sauf dans certains cas sp\u00e9cifiques (abondement employeur, demandeur d\u2019emploi, etc.).<\/p>\n\n\n\n<h3 class=\"wp-block-heading\"><span class=\"ez-toc-section\" id=\"3_Mon_employeur_peut-il_financer_ma_formation\"><\/span>3. Mon employeur peut-il financer ma formation ?<span class=\"ez-toc-section-end\"><\/span><\/h3>\n\n\n\n<p>Oui. Via le plan de d\u00e9veloppement des comp\u00e9tences (ancien plan de formation), votre employeur peut financer une formation li\u00e9e \u00e0 votre poste. Il peut aussi abonder votre CPF ou passer par l\u2019OPCO de votre branche professionnelle.<\/p>\n\n\n\n<h3 class=\"wp-block-heading\"><span class=\"ez-toc-section\" id=\"4_Quelle_difference_entre_CPF_et_OPCO\"><\/span>4. Quelle diff\u00e9rence entre CPF et OPCO ?<span class=\"ez-toc-section-end\"><\/span><\/h3>\n\n\n\n<p>Le CPF est un droit individuel attach\u00e9 \u00e0 la personne. L\u2019OPCO finance les formations dans le cadre de l\u2019entreprise. Il d\u00e9pend de la branche professionnelle et intervient souvent \u00e0 l\u2019initiative de l\u2019employeur.<\/p>\n\n\n\n<h3 class=\"wp-block-heading\"><span class=\"ez-toc-section\" id=\"5_Existe-t-il_des_aides_regionales_pour_le_financement_formation\"><\/span>5. Existe-t-il des aides r\u00e9gionales pour le financement formation ?<span class=\"ez-toc-section-end\"><\/span><\/h3>\n\n\n\n<p>Oui. Les R\u00e9gions proposent des dispositifs d\u2019aide individuelle, parfois sous forme de ch\u00e8que formation. Certaines peuvent aussi financer votre r\u00e9mun\u00e9ration pendant la formation. Les dispositifs varient selon le territoire.<\/p>\n\n\n\n<h3 class=\"wp-block-heading\"><span class=\"ez-toc-section\" id=\"6_Comment_financer_une_formation_quand_on_est_demandeur_demploi\"><\/span>6. Comment financer une formation quand on est demandeur d\u2019emploi ?<span class=\"ez-toc-section-end\"><\/span><\/h3>\n\n\n\n<p>France Travail (ex P\u00f4le Emploi) peut financer votre projet via l\u2019Aide Individuelle \u00e0 la Formation (AIF). D\u2019autres dispositifs existent comme la POEI, la POEC ou l\u2019AFPR. La solidit\u00e9 de votre projet professionnel est d\u00e9terminante.<\/p>\n\n\n\n<h3 class=\"wp-block-heading\"><span class=\"ez-toc-section\" id=\"7_Les_travailleurs_independants_ont-ils_droit_a_un_financement_formation\"><\/span>7. Les travailleurs ind\u00e9pendants ont-ils droit \u00e0 un financement formation ?<span class=\"ez-toc-section-end\"><\/span><\/h3>\n\n\n\n<p>Oui. Ils cotisent \u00e0 un Fonds d\u2019Assurance Formation (FAF) selon leur secteur (FIFPL, AGEFICE, AFDAS, FAFPM\u2026). Le montant pris en charge d\u00e9pend du fonds et de l\u2019enveloppe annuelle disponible. Du monde d&rsquo;enseignement aussi (souvent plus en pr\u00e9sentiel qu&rsquo;en distanciel &#8211; e-learning).<\/p>\n\n\n\n<h3 class=\"wp-block-heading\"><span class=\"ez-toc-section\" id=\"8_Les_personnes_en_situation_de_handicap_peuvent-elles_beneficier_daides_specifiques\"><\/span>8. Les personnes en situation de handicap peuvent-elles b\u00e9n\u00e9ficier d\u2019aides sp\u00e9cifiques ?<span class=\"ez-toc-section-end\"><\/span><\/h3>\n\n\n\n<p>Oui. L\u2019AGEFIPH accompagne le financement formation des personnes en situation de handicap, en compl\u00e9ment \u00e9ventuel du CPF ou d\u2019autres dispositifs adapt\u00e9s \u00e0 leur statut.<\/p>\n\n\n\n<h3 class=\"wp-block-heading\"><span class=\"ez-toc-section\" id=\"9_Les_jeunes_de_moins_de_26_ans_peuvent-ils_obtenir_une_aide\"><\/span>9. Les jeunes de moins de 26 ans peuvent-ils obtenir une aide ?<span class=\"ez-toc-section-end\"><\/span><\/h3>\n\n\n\n<p>Oui. Les missions locales orientent les jeunes vers les dispositifs adapt\u00e9s : aides r\u00e9gionales, apprentissage, accompagnement sp\u00e9cifique, etc.<\/p>\n\n\n\n<h3 class=\"wp-block-heading\"><span class=\"ez-toc-section\" id=\"10_Existe-t-il_dautres_solutions_pour_financer_sa_formation\"><\/span>10. Existe-t-il d\u2019autres solutions pour financer sa formation ?<span class=\"ez-toc-section-end\"><\/span><\/h3>\n\n\n\n<p>Oui. Certaines mairies, associations, fondations ou caisses de retraite proposent des aides sp\u00e9cifiques. Le cong\u00e9 sabbatique peut \u00e9galement permettre de se former tout en s\u00e9curisant son retour \u00e0 l\u2019emploi.<\/p>\n\n\n\n<p><strong><em>Derni\u00e8re mise \u00e0 jour de cet article le 12 f\u00e9vrier 2026<\/em><\/strong><\/p>\n","protected":false},"excerpt":{"rendered":"<p>Financement formation&nbsp;: comment ne rien payer&nbsp;? En France, comme dans de nombreux pays europ\u00e9ens, il existe diff\u00e9rents syst\u00e8mes de financement formation vous permettant de suivre un enseignement gratuitement. Pour vous y rep\u00e9rer dans cette n\u00e9buleuse, voici quelques rep\u00e8res et indications vous aidant \u00e0 trouver le bon financement formation correspondant \u00e0 votre situation. Car oui, \u00e0 chaque situation correspond une aide sp\u00e9cifique.<\/p>\n","protected":false},"author":2,"featured_media":0,"comment_status":"open","ping_status":"closed","sticky":false,"template":"","format":"standard","meta":{"_bbp_topic_count":0,"_bbp_reply_count":0,"_bbp_total_topic_count":0,"_bbp_total_reply_count":0,"_bbp_voice_count":0,"_bbp_anonymous_reply_count":0,"_bbp_topic_count_hidden":0,"_bbp_reply_count_hidden":0,"_bbp_forum_subforum_count":0,"footnotes":""},"categories":[6],"tags":[],"class_list":["post-19630","post","type-post","status-publish","format-standard","hentry","category-formation-en-developpement-personnel"],"yoast_head":"<!-- This site is optimized with the Yoast SEO plugin v27.4 - https:\/\/yoast.com\/product\/yoast-seo-wordpress\/ -->\n<title>Financement formation : toutes les aides financi\u00e8res pour se former<\/title>\n<meta name=\"description\" content=\"Financement formation : CPF, OPCO, R\u00e9gion, France Travail\u2026 D\u00e9couvrez toutes les aides pour financer votre formation selon votre statut.\" \/>\n<meta name=\"robots\" content=\"index, follow, max-snippet:-1, max-image-preview:large, max-video-preview:-1\" \/>\n<link rel=\"canonical\" href=\"https:\/\/www.agoracademie.com\/blog\/financement-formation\/\" \/>\n<meta property=\"og:locale\" content=\"fr_FR\" \/>\n<meta property=\"og:type\" content=\"article\" \/>\n<meta property=\"og:title\" content=\"Financement formation : toutes les aides financi\u00e8res pour se former\" \/>\n<meta property=\"og:description\" content=\"Financement formation : CPF, OPCO, R\u00e9gion, France Travail\u2026 D\u00e9couvrez toutes les aides pour financer votre formation selon votre statut.\" \/>\n<meta property=\"og:url\" content=\"https:\/\/www.agoracademie.com\/blog\/financement-formation\/\" \/>\n<meta property=\"og:site_name\" content=\"Agoracad\u00e9mie\" \/>\n<meta property=\"article:published_time\" content=\"2022-09-23T15:46:59+00:00\" \/>\n<meta property=\"article:modified_time\" content=\"2026-02-12T07:30:32+00:00\" \/>\n<meta property=\"og:image\" content=\"https:\/\/www.agoracademie.com\/blog\/wp-content\/uploads\/2022\/09\/financement-formation.jpg\" \/>\n\t<meta property=\"og:image:width\" content=\"1079\" \/>\n\t<meta property=\"og:image:height\" content=\"538\" \/>\n\t<meta property=\"og:image:type\" content=\"image\/jpeg\" \/>\n<meta name=\"author\" content=\"Laurent Bertrel\" \/>\n<meta name=\"twitter:label1\" content=\"\u00c9crit par\" \/>\n\t<meta name=\"twitter:data1\" content=\"Laurent Bertrel\" \/>\n\t<meta name=\"twitter:label2\" content=\"Dur\u00e9e de lecture estim\u00e9e\" \/>\n\t<meta name=\"twitter:data2\" content=\"13 minutes\" \/>\n<script type=\"application\/ld+json\" class=\"yoast-schema-graph\">{\"@context\":\"https:\\\/\\\/schema.org\",\"@graph\":[{\"@type\":\"Article\",\"@id\":\"https:\\\/\\\/www.agoracademie.com\\\/blog\\\/financement-formation\\\/#article\",\"isPartOf\":{\"@id\":\"https:\\\/\\\/www.agoracademie.com\\\/blog\\\/financement-formation\\\/\"},\"author\":{\"name\":\"Laurent Bertrel\",\"@id\":\"https:\\\/\\\/www.agoracademie.com\\\/blog\\\/#\\\/schema\\\/person\\\/c2f110c50be7dcecc05cb4e87f32537f\"},\"headline\":\"Financement formation : toutes les solutions pour ne rien payer selon votre situation\",\"datePublished\":\"2022-09-23T15:46:59+00:00\",\"dateModified\":\"2026-02-12T07:30:32+00:00\",\"mainEntityOfPage\":{\"@id\":\"https:\\\/\\\/www.agoracademie.com\\\/blog\\\/financement-formation\\\/\"},\"wordCount\":2346,\"commentCount\":2,\"image\":{\"@id\":\"https:\\\/\\\/www.agoracademie.com\\\/blog\\\/financement-formation\\\/#primaryimage\"},\"thumbnailUrl\":\"https:\\\/\\\/www.agoracademie.com\\\/blog\\\/wp-content\\\/uploads\\\/2022\\\/09\\\/financement-formation-1024x511.jpg\",\"articleSection\":[\"Formation\"],\"inLanguage\":\"fr-FR\",\"potentialAction\":[{\"@type\":\"CommentAction\",\"name\":\"Comment\",\"target\":[\"https:\\\/\\\/www.agoracademie.com\\\/blog\\\/financement-formation\\\/#respond\"]}]},{\"@type\":\"WebPage\",\"@id\":\"https:\\\/\\\/www.agoracademie.com\\\/blog\\\/financement-formation\\\/\",\"url\":\"https:\\\/\\\/www.agoracademie.com\\\/blog\\\/financement-formation\\\/\",\"name\":\"Financement formation : toutes les aides financi\u00e8res pour se former\",\"isPartOf\":{\"@id\":\"https:\\\/\\\/www.agoracademie.com\\\/blog\\\/#website\"},\"primaryImageOfPage\":{\"@id\":\"https:\\\/\\\/www.agoracademie.com\\\/blog\\\/financement-formation\\\/#primaryimage\"},\"image\":{\"@id\":\"https:\\\/\\\/www.agoracademie.com\\\/blog\\\/financement-formation\\\/#primaryimage\"},\"thumbnailUrl\":\"https:\\\/\\\/www.agoracademie.com\\\/blog\\\/wp-content\\\/uploads\\\/2022\\\/09\\\/financement-formation-1024x511.jpg\",\"datePublished\":\"2022-09-23T15:46:59+00:00\",\"dateModified\":\"2026-02-12T07:30:32+00:00\",\"author\":{\"@id\":\"https:\\\/\\\/www.agoracademie.com\\\/blog\\\/#\\\/schema\\\/person\\\/c2f110c50be7dcecc05cb4e87f32537f\"},\"description\":\"Financement formation : CPF, OPCO, R\u00e9gion, France Travail\u2026 D\u00e9couvrez toutes les aides pour financer votre formation selon votre statut.\",\"breadcrumb\":{\"@id\":\"https:\\\/\\\/www.agoracademie.com\\\/blog\\\/financement-formation\\\/#breadcrumb\"},\"inLanguage\":\"fr-FR\",\"potentialAction\":[{\"@type\":\"ReadAction\",\"target\":[\"https:\\\/\\\/www.agoracademie.com\\\/blog\\\/financement-formation\\\/\"]}]},{\"@type\":\"ImageObject\",\"inLanguage\":\"fr-FR\",\"@id\":\"https:\\\/\\\/www.agoracademie.com\\\/blog\\\/financement-formation\\\/#primaryimage\",\"url\":\"https:\\\/\\\/www.agoracademie.com\\\/blog\\\/wp-content\\\/uploads\\\/2022\\\/09\\\/financement-formation.jpg\",\"contentUrl\":\"https:\\\/\\\/www.agoracademie.com\\\/blog\\\/wp-content\\\/uploads\\\/2022\\\/09\\\/financement-formation.jpg\",\"width\":1079,\"height\":538},{\"@type\":\"BreadcrumbList\",\"@id\":\"https:\\\/\\\/www.agoracademie.com\\\/blog\\\/financement-formation\\\/#breadcrumb\",\"itemListElement\":[{\"@type\":\"ListItem\",\"position\":1,\"name\":\"Accueil\",\"item\":\"https:\\\/\\\/www.agoracademie.com\\\/blog\\\/\"},{\"@type\":\"ListItem\",\"position\":2,\"name\":\"Financement formation : toutes les solutions pour ne rien payer selon votre situation\"}]},{\"@type\":\"WebSite\",\"@id\":\"https:\\\/\\\/www.agoracademie.com\\\/blog\\\/#website\",\"url\":\"https:\\\/\\\/www.agoracademie.com\\\/blog\\\/\",\"name\":\"Blog Agoracad\u00e9mie - Centre de formation en ligne et \u00e0 distance\",\"description\":\"Le blog du d\u00e9veloppement personnel et des th\u00e9rapies\",\"potentialAction\":[{\"@type\":\"SearchAction\",\"target\":{\"@type\":\"EntryPoint\",\"urlTemplate\":\"https:\\\/\\\/www.agoracademie.com\\\/blog\\\/?s={search_term_string}\"},\"query-input\":{\"@type\":\"PropertyValueSpecification\",\"valueRequired\":true,\"valueName\":\"search_term_string\"}}],\"inLanguage\":\"fr-FR\"},{\"@type\":\"Person\",\"@id\":\"https:\\\/\\\/www.agoracademie.com\\\/blog\\\/#\\\/schema\\\/person\\\/c2f110c50be7dcecc05cb4e87f32537f\",\"name\":\"Laurent Bertrel\",\"image\":{\"@type\":\"ImageObject\",\"inLanguage\":\"fr-FR\",\"@id\":\"https:\\\/\\\/secure.gravatar.com\\\/avatar\\\/45841390e6db2f4064cc5f84ee39189cf562b1de36eb5b1b7cc82dee445813a4?s=96&r=g\",\"url\":\"https:\\\/\\\/secure.gravatar.com\\\/avatar\\\/45841390e6db2f4064cc5f84ee39189cf562b1de36eb5b1b7cc82dee445813a4?s=96&r=g\",\"contentUrl\":\"https:\\\/\\\/secure.gravatar.com\\\/avatar\\\/45841390e6db2f4064cc5f84ee39189cf562b1de36eb5b1b7cc82dee445813a4?s=96&r=g\",\"caption\":\"Laurent Bertrel\"},\"description\":\"Laurent Bertrel est le fondateur d'Agoracad\u00e9mie. Titulaire d'une licence en sciences humaines et sociales, d'une ma\u00eetrise et d'un master en psychanalyse, d'un master en \u00e9tudes culturelles parcours \u00e9tudes de genre, du DU connaissances g\u00e9n\u00e9rales de la personne \u00e2g\u00e9e, il est aussi form\u00e9 \u00e0 diff\u00e9rentes approches dont la PNL, la sophrologie, la relaxation, l'hypnose, le coaching, la m\u00e9ditation, les arts martiaux, etc. Auteur de plus de 40 ouvrages, dont 18 livres, il anime plusieurs formations sur Agoracad\u00e9mie et r\u00e9pondra au message que vous allez laisser ci-dessous.\",\"sameAs\":[\"https:\\\/\\\/www.agoracademie.com\\\/\"]}]}<\/script>\n<!-- \/ Yoast SEO plugin. -->","yoast_head_json":{"title":"Financement formation : toutes les aides financi\u00e8res pour se former","description":"Financement formation : CPF, OPCO, R\u00e9gion, France Travail\u2026 D\u00e9couvrez toutes les aides pour financer votre formation selon votre statut.","robots":{"index":"index","follow":"follow","max-snippet":"max-snippet:-1","max-image-preview":"max-image-preview:large","max-video-preview":"max-video-preview:-1"},"canonical":"https:\/\/www.agoracademie.com\/blog\/financement-formation\/","og_locale":"fr_FR","og_type":"article","og_title":"Financement formation : toutes les aides financi\u00e8res pour se former","og_description":"Financement formation : CPF, OPCO, R\u00e9gion, France Travail\u2026 D\u00e9couvrez toutes les aides pour financer votre formation selon votre statut.","og_url":"https:\/\/www.agoracademie.com\/blog\/financement-formation\/","og_site_name":"Agoracad\u00e9mie","article_published_time":"2022-09-23T15:46:59+00:00","article_modified_time":"2026-02-12T07:30:32+00:00","og_image":[{"width":1079,"height":538,"url":"https:\/\/www.agoracademie.com\/blog\/wp-content\/uploads\/2022\/09\/financement-formation.jpg","type":"image\/jpeg"}],"author":"Laurent Bertrel","twitter_misc":{"\u00c9crit par":"Laurent Bertrel","Dur\u00e9e de lecture estim\u00e9e":"13 minutes"},"schema":{"@context":"https:\/\/schema.org","@graph":[{"@type":"Article","@id":"https:\/\/www.agoracademie.com\/blog\/financement-formation\/#article","isPartOf":{"@id":"https:\/\/www.agoracademie.com\/blog\/financement-formation\/"},"author":{"name":"Laurent Bertrel","@id":"https:\/\/www.agoracademie.com\/blog\/#\/schema\/person\/c2f110c50be7dcecc05cb4e87f32537f"},"headline":"Financement formation : toutes les solutions pour ne rien payer selon votre situation","datePublished":"2022-09-23T15:46:59+00:00","dateModified":"2026-02-12T07:30:32+00:00","mainEntityOfPage":{"@id":"https:\/\/www.agoracademie.com\/blog\/financement-formation\/"},"wordCount":2346,"commentCount":2,"image":{"@id":"https:\/\/www.agoracademie.com\/blog\/financement-formation\/#primaryimage"},"thumbnailUrl":"https:\/\/www.agoracademie.com\/blog\/wp-content\/uploads\/2022\/09\/financement-formation-1024x511.jpg","articleSection":["Formation"],"inLanguage":"fr-FR","potentialAction":[{"@type":"CommentAction","name":"Comment","target":["https:\/\/www.agoracademie.com\/blog\/financement-formation\/#respond"]}]},{"@type":"WebPage","@id":"https:\/\/www.agoracademie.com\/blog\/financement-formation\/","url":"https:\/\/www.agoracademie.com\/blog\/financement-formation\/","name":"Financement formation : toutes les aides financi\u00e8res pour se former","isPartOf":{"@id":"https:\/\/www.agoracademie.com\/blog\/#website"},"primaryImageOfPage":{"@id":"https:\/\/www.agoracademie.com\/blog\/financement-formation\/#primaryimage"},"image":{"@id":"https:\/\/www.agoracademie.com\/blog\/financement-formation\/#primaryimage"},"thumbnailUrl":"https:\/\/www.agoracademie.com\/blog\/wp-content\/uploads\/2022\/09\/financement-formation-1024x511.jpg","datePublished":"2022-09-23T15:46:59+00:00","dateModified":"2026-02-12T07:30:32+00:00","author":{"@id":"https:\/\/www.agoracademie.com\/blog\/#\/schema\/person\/c2f110c50be7dcecc05cb4e87f32537f"},"description":"Financement formation : CPF, OPCO, R\u00e9gion, France Travail\u2026 D\u00e9couvrez toutes les aides pour financer votre formation selon votre statut.","breadcrumb":{"@id":"https:\/\/www.agoracademie.com\/blog\/financement-formation\/#breadcrumb"},"inLanguage":"fr-FR","potentialAction":[{"@type":"ReadAction","target":["https:\/\/www.agoracademie.com\/blog\/financement-formation\/"]}]},{"@type":"ImageObject","inLanguage":"fr-FR","@id":"https:\/\/www.agoracademie.com\/blog\/financement-formation\/#primaryimage","url":"https:\/\/www.agoracademie.com\/blog\/wp-content\/uploads\/2022\/09\/financement-formation.jpg","contentUrl":"https:\/\/www.agoracademie.com\/blog\/wp-content\/uploads\/2022\/09\/financement-formation.jpg","width":1079,"height":538},{"@type":"BreadcrumbList","@id":"https:\/\/www.agoracademie.com\/blog\/financement-formation\/#breadcrumb","itemListElement":[{"@type":"ListItem","position":1,"name":"Accueil","item":"https:\/\/www.agoracademie.com\/blog\/"},{"@type":"ListItem","position":2,"name":"Financement formation : toutes les solutions pour ne rien payer selon votre situation"}]},{"@type":"WebSite","@id":"https:\/\/www.agoracademie.com\/blog\/#website","url":"https:\/\/www.agoracademie.com\/blog\/","name":"Blog Agoracad\u00e9mie - Centre de formation en ligne et \u00e0 distance","description":"Le blog du d\u00e9veloppement personnel et des th\u00e9rapies","potentialAction":[{"@type":"SearchAction","target":{"@type":"EntryPoint","urlTemplate":"https:\/\/www.agoracademie.com\/blog\/?s={search_term_string}"},"query-input":{"@type":"PropertyValueSpecification","valueRequired":true,"valueName":"search_term_string"}}],"inLanguage":"fr-FR"},{"@type":"Person","@id":"https:\/\/www.agoracademie.com\/blog\/#\/schema\/person\/c2f110c50be7dcecc05cb4e87f32537f","name":"Laurent Bertrel","image":{"@type":"ImageObject","inLanguage":"fr-FR","@id":"https:\/\/secure.gravatar.com\/avatar\/45841390e6db2f4064cc5f84ee39189cf562b1de36eb5b1b7cc82dee445813a4?s=96&r=g","url":"https:\/\/secure.gravatar.com\/avatar\/45841390e6db2f4064cc5f84ee39189cf562b1de36eb5b1b7cc82dee445813a4?s=96&r=g","contentUrl":"https:\/\/secure.gravatar.com\/avatar\/45841390e6db2f4064cc5f84ee39189cf562b1de36eb5b1b7cc82dee445813a4?s=96&r=g","caption":"Laurent Bertrel"},"description":"Laurent Bertrel est le fondateur d'Agoracad\u00e9mie. Titulaire d'une licence en sciences humaines et sociales, d'une ma\u00eetrise et d'un master en psychanalyse, d'un master en \u00e9tudes culturelles parcours \u00e9tudes de genre, du DU connaissances g\u00e9n\u00e9rales de la personne \u00e2g\u00e9e, il est aussi form\u00e9 \u00e0 diff\u00e9rentes approches dont la PNL, la sophrologie, la relaxation, l'hypnose, le coaching, la m\u00e9ditation, les arts martiaux, etc. Auteur de plus de 40 ouvrages, dont 18 livres, il anime plusieurs formations sur Agoracad\u00e9mie et r\u00e9pondra au message que vous allez laisser ci-dessous.","sameAs":["https:\/\/www.agoracademie.com\/"]}]}},"acf":[],"_links":{"self":[{"href":"https:\/\/www.agoracademie.com\/blog\/wp-json\/wp\/v2\/posts\/19630","targetHints":{"allow":["GET"]}}],"collection":[{"href":"https:\/\/www.agoracademie.com\/blog\/wp-json\/wp\/v2\/posts"}],"about":[{"href":"https:\/\/www.agoracademie.com\/blog\/wp-json\/wp\/v2\/types\/post"}],"author":[{"embeddable":true,"href":"https:\/\/www.agoracademie.com\/blog\/wp-json\/wp\/v2\/users\/2"}],"replies":[{"embeddable":true,"href":"https:\/\/www.agoracademie.com\/blog\/wp-json\/wp\/v2\/comments?post=19630"}],"version-history":[{"count":13,"href":"https:\/\/www.agoracademie.com\/blog\/wp-json\/wp\/v2\/posts\/19630\/revisions"}],"predecessor-version":[{"id":23716,"href":"https:\/\/www.agoracademie.com\/blog\/wp-json\/wp\/v2\/posts\/19630\/revisions\/23716"}],"wp:attachment":[{"href":"https:\/\/www.agoracademie.com\/blog\/wp-json\/wp\/v2\/media?parent=19630"}],"wp:term":[{"taxonomy":"category","embeddable":true,"href":"https:\/\/www.agoracademie.com\/blog\/wp-json\/wp\/v2\/categories?post=19630"},{"taxonomy":"post_tag","embeddable":true,"href":"https:\/\/www.agoracademie.com\/blog\/wp-json\/wp\/v2\/tags?post=19630"}],"curies":[{"name":"wp","href":"https:\/\/api.w.org\/{rel}","templated":true}]}}