{"id":197,"date":"2014-09-17T11:14:25","date_gmt":"2014-09-17T11:14:25","guid":{"rendered":"http:\/\/agoracademie.com\/blog\/?p=197"},"modified":"2025-12-08T14:43:47","modified_gmt":"2025-12-08T13:43:47","slug":"laurent-bertrel","status":"publish","type":"post","link":"https:\/\/www.agoracademie.com\/blog\/laurent-bertrel\/","title":{"rendered":"Laurent Bertrel \u2013 Interview du fondateur d\u2019Agoracad\u00e9mie"},"content":{"rendered":"<div class=\"wp-block-image wp-image-202 size-full\">\n<figure class=\"aligncenter\"><img loading=\"lazy\" decoding=\"async\" width=\"207\" height=\"250\" src=\"https:\/\/www.agoracademie.com\/blog\/wp-content\/uploads\/2014\/09\/laurent-bertrel.jpg\" alt=\"Laurent Bertrel\" class=\"wp-image-202\"\/><figcaption class=\"wp-element-caption\">Laurent Bertrel<\/figcaption><\/figure><div id=\"ez-toc-container\" class=\"ez-toc-v2_0_82_2 ez-toc-wrap-center counter-hierarchy ez-toc-counter ez-toc-transparent ez-toc-container-direction\">\n<div class=\"ez-toc-title-container\">\n<p class=\"ez-toc-title\" style=\"cursor:inherit\">Sommaire<\/p>\n<span class=\"ez-toc-title-toggle\"><a href=\"#\" class=\"ez-toc-pull-right ez-toc-btn ez-toc-btn-xs ez-toc-btn-default ez-toc-toggle\" aria-label=\"Toggle Table of Content\"><span class=\"ez-toc-js-icon-con\"><span class=\"\"><span class=\"eztoc-hide\" style=\"display:none;\">Toggle<\/span><span class=\"ez-toc-icon-toggle-span\"><svg style=\"fill: #999;color:#999\" xmlns=\"http:\/\/www.w3.org\/2000\/svg\" class=\"list-377408\" width=\"20px\" height=\"20px\" viewBox=\"0 0 24 24\" fill=\"none\"><path d=\"M6 6H4v2h2V6zm14 0H8v2h12V6zM4 11h2v2H4v-2zm16 0H8v2h12v-2zM4 16h2v2H4v-2zm16 0H8v2h12v-2z\" fill=\"currentColor\"><\/path><\/svg><svg style=\"fill: #999;color:#999\" class=\"arrow-unsorted-368013\" xmlns=\"http:\/\/www.w3.org\/2000\/svg\" width=\"10px\" height=\"10px\" viewBox=\"0 0 24 24\" version=\"1.2\" baseProfile=\"tiny\"><path d=\"M18.2 9.3l-6.2-6.3-6.2 6.3c-.2.2-.3.4-.3.7s.1.5.3.7c.2.2.4.3.7.3h11c.3 0 .5-.1.7-.3.2-.2.3-.5.3-.7s-.1-.5-.3-.7zM5.8 14.7l6.2 6.3 6.2-6.3c.2-.2.3-.5.3-.7s-.1-.5-.3-.7c-.2-.2-.4-.3-.7-.3h-11c-.3 0-.5.1-.7.3-.2.2-.3.5-.3.7s.1.5.3.7z\"\/><\/svg><\/span><\/span><\/span><\/a><\/span><\/div>\n<nav><ul class='ez-toc-list ez-toc-list-level-1 ' ><li class='ez-toc-page-1 ez-toc-heading-level-2'><a class=\"ez-toc-link ez-toc-heading-1\" href=\"https:\/\/www.agoracademie.com\/blog\/laurent-bertrel\/#Laurent_Bertrel_pouvez-vous_vous_presenter_ainsi_que_votre_entreprise\" >Laurent Bertrel, pouvez-vous vous pr\u00e9senter, ainsi que votre entreprise ?<\/a><ul class='ez-toc-list-level-3' ><li class='ez-toc-heading-level-3'><a class=\"ez-toc-link ez-toc-heading-2\" href=\"https:\/\/www.agoracademie.com\/blog\/laurent-bertrel\/#Comment_vous_est_venue_lidee_Quest-ce_qui_vous_a_motive_Laurent_Bertrel_a_lancer_ce_projet\" >Comment vous est venue l&rsquo;id\u00e9e ? Qu&rsquo;est-ce qui vous a motiv\u00e9 Laurent Bertrel \u00e0 lancer ce projet ?<\/a><\/li><li class='ez-toc-page-1 ez-toc-heading-level-3'><a class=\"ez-toc-link ez-toc-heading-3\" href=\"https:\/\/www.agoracademie.com\/blog\/laurent-bertrel\/#Creer_et_gerer_une_entreprise_ce_nest_pas_si_simple_Quel_conseil_donneriez-vous_a_quelquun_qui_se_lance_dans_la_creation_dune_entreprise\" >Cr\u00e9er et g\u00e9rer une entreprise, ce n&rsquo;est pas si simple. Quel conseil donneriez-vous \u00e0 quelqu&rsquo;un qui se lance dans la cr\u00e9ation d&rsquo;une entreprise ?<\/a><\/li><li class='ez-toc-page-1 ez-toc-heading-level-3'><a class=\"ez-toc-link ez-toc-heading-4\" href=\"https:\/\/www.agoracademie.com\/blog\/laurent-bertrel\/#Des_inconvenients\" >Des inconv\u00e9nients ?<\/a><\/li><li class='ez-toc-page-1 ez-toc-heading-level-3'><a class=\"ez-toc-link ez-toc-heading-5\" href=\"https:\/\/www.agoracademie.com\/blog\/laurent-bertrel\/#Concretement_quest-ce_que_lentreprise_vous_a_apporte_de_bien_a_vous_a_titre_personnel\" >Concr\u00e8tement, qu&rsquo;est-ce que l&rsquo;entreprise vous a apport\u00e9 de bien \u00e0 vous, \u00e0 titre personnel ?<\/a><\/li><li class='ez-toc-page-1 ez-toc-heading-level-3'><a class=\"ez-toc-link ez-toc-heading-6\" href=\"https:\/\/www.agoracademie.com\/blog\/laurent-bertrel\/#Que_recherchez-vous_pour_votre_entreprise_a_ce_jour\" >Que recherchez-vous pour votre entreprise \u00e0 ce jour ?<\/a><\/li><li class='ez-toc-page-1 ez-toc-heading-level-3'><a class=\"ez-toc-link ez-toc-heading-7\" href=\"https:\/\/www.agoracademie.com\/blog\/laurent-bertrel\/#Je_vais_terminer_par_une_question_originale_entreprendre_est-ce_pour_vous_une_maniere_dexercer_des_talents_artistiques_ou_est-ce_que_cela_na_rien_a_voir_avec_lart\" >Je vais terminer par une question originale : entreprendre, est-ce pour vous une mani\u00e8re d&rsquo;exercer des talents artistiques ou est-ce que cela n\u2019a rien \u00e0 voir avec l&rsquo;art ?<\/a><\/li><\/ul><\/li><\/ul><\/nav><\/div>\n\n<\/div>\n\n\n<h2 class=\"wp-block-heading\"><span class=\"ez-toc-section\" id=\"Laurent_Bertrel_pouvez-vous_vous_presenter_ainsi_que_votre_entreprise\"><\/span>Laurent Bertrel, pouvez-vous vous pr\u00e9senter, ainsi que votre entreprise ?<span class=\"ez-toc-section-end\"><\/span><\/h2>\n\n\n\n<p>Je suis donc Laurent Bertrel, la quarantaine, <strong>formateur coach<\/strong> sp\u00e9cialis\u00e9 en :<\/p>\n\n\n\n<!--more-->\n\n\n\n<ul class=\"wp-block-list\">\n<li>communication, <\/li>\n\n\n\n<li>motivation, <\/li>\n\n\n\n<li>cr\u00e9ativit\u00e9,<\/li>\n\n\n\n<li>gestion du stress et des \u00e9motions. <\/li>\n<\/ul>\n\n\n\n<p>Je suis \u00e9galement <strong>auteur d\u2019une quarantaine d\u2019ouvrages<\/strong> (livres, CD, DVD) et le petit dernier traite justement de la cr\u00e9ation d\u2019entreprise.<\/p>\n\n\n\n<p>Ce th\u00e8me est aussi celui de notre nouvelle formation en ligne destin\u00e9e \u00e0 accompagner le porteur d\u2019un projet de cr\u00e9ation sous forme notamment de micro-entreprise, en France et\/ou en Belgique.<\/p>\n\n\n\n<p>Notre centre de formation en ligne et \u00e0 distance Agoracademie.com propose donc depuis juin 2013 une <a href=\"https:\/\/www.agoracademie.com\/academie\">formation coaching en ligne<\/a> \u00e0 la cr\u00e9ation d\u2019entreprise.<\/p>\n\n\n\n<h3 class=\"wp-block-heading\"><span class=\"ez-toc-section\" id=\"Comment_vous_est_venue_lidee_Quest-ce_qui_vous_a_motive_Laurent_Bertrel_a_lancer_ce_projet\"><\/span>Comment vous est venue l&rsquo;id\u00e9e ? Qu&rsquo;est-ce qui vous a motiv\u00e9 Laurent Bertrel \u00e0 lancer ce projet ?<span class=\"ez-toc-section-end\"><\/span><\/h3>\n\n\n\n<p>Lorsque que j\u2019habitais encore \u00e0 Tours, j\u2019avais l\u2019habitude de me former r\u00e9guli\u00e8rement et de suivre des stages en d\u00e9veloppement personnel et professionnel. <\/p>\n\n\n\n<p>Et oui, un formateur \u2013 coach doit aussi se ressourcer, apprendre de nouvelles choses afin de progresser et d\u2019\u00e9voluer. <\/p>\n\n\n\n<p>Cela n\u2019\u00e9tait pas toujours simple car il fallait souvent se d\u00e9placer (g\u00e9n\u00e9ralement \u00e0 Paris) et le budget formation \u00e9tait donc au final souvent lourd.<\/p>\n\n\n\n<p>A mon arriv\u00e9e en Allemagne, le probl\u00e8me est devenu plus important encore et j\u2019ai tout naturellement pens\u00e9 que nombreuses \u00e9taient les personnes ne pouvant se former \u00e0 cause de la distance, du budget et souvent des deux.<\/p>\n\n\n\n<p>Proposer des <strong>formations-coaching ouvertes \u00e0 tous<\/strong> et dans tous les pays, disponibles en ligne et \u00e0 distance et <strong>\u00e0 petit prix<\/strong>, a donc \u00e9t\u00e9 une \u00e9vidence.<\/p>\n\n\n\n<p>Cela m\u2019a aussi permis de rester en contact &#8211; virtuel mais direct &#8211; avec mes clients les plus fid\u00e8les\u2026<\/p>\n\n\n\n<h3 class=\"wp-block-heading\"><span class=\"ez-toc-section\" id=\"Creer_et_gerer_une_entreprise_ce_nest_pas_si_simple_Quel_conseil_donneriez-vous_a_quelquun_qui_se_lance_dans_la_creation_dune_entreprise\"><\/span>Cr\u00e9er et g\u00e9rer une entreprise, ce n&rsquo;est pas si simple. Quel conseil donneriez-vous \u00e0 quelqu&rsquo;un qui se lance dans la cr\u00e9ation d&rsquo;une entreprise ?<span class=\"ez-toc-section-end\"><\/span><\/h3>\n\n\n\n<p>Un coach ne donne pas de conseil et il invite plut\u00f4t \u00e0 la r\u00e9flexion. <\/p>\n\n\n\n<p>Ainsi, \u00e0 mon sens, la premi\u00e8re piste \u00e0 explorer est de travailler en profondeur sur sa motivation. <\/p>\n\n\n\n<p>Tu veux \u00eatre ind\u00e9pendant et travailler \u00e0 ton compte&nbsp;?<strong> <\/strong><\/p>\n\n\n\n<ul class=\"wp-block-list\">\n<li>Ok mais pourquoi&nbsp;? <\/li>\n\n\n\n<li>Qu\u2019est-ce que cela va t\u2019apporter&nbsp;? <\/li>\n\n\n\n<li>Quels sont les inconv\u00e9nients&nbsp;?&#8230; <\/li>\n<\/ul>\n\n\n\n<p>Bref, le point num\u00e9ro 1 est de <strong>clarifier son objectif afin de le d\u00e9terminer correctement et de booster sa motivation<\/strong> puisqu\u2019elle est l\u2019indispensable cl\u00e9 de la r\u00e9ussite.<\/p>\n\n\n\n<p>En tant que coach, j\u2019ai tr\u00e8s souvent eu \u00e0 coacher des personnes performantes, qualifi\u00e9es et d\u2019apparence tr\u00e8s motiv\u00e9es mais qui allaient ou voulaient aller dans la mauvaise direction. <\/p>\n\n\n\n<p>Se poser ces questions au d\u00e9part \u00e9vite de foncer dans le mur et il est donc primordial d\u2019y penser avant m\u00eame de d\u00e9buter toute autre r\u00e9flexion.<\/p>\n\n\n\n<h3 class=\"wp-block-heading\"><span class=\"ez-toc-section\" id=\"Des_inconvenients\"><\/span>Des inconv\u00e9nients ?<span class=\"ez-toc-section-end\"><\/span><\/h3>\n\n\n\n<p>Vous avez tout \u00e0 fait raison&nbsp;! <\/p>\n\n\n\n<p>Nous avons une vie \u00e0 c\u00f4t\u00e9\u2026 <\/p>\n\n\n\n<p>Et c\u2019est pourquoi il faut absolument se poser les bonnes questions au bon moment et par exemple&nbsp;:&nbsp;<\/p>\n\n\n\n<ul class=\"wp-block-list\">\n<li>\u00ab&nbsp;<strong>y-a-t-il des inconv\u00e9nients \u00e0 devenir mon propre patron&nbsp;?<\/strong>&nbsp;\u00bb<\/li>\n<\/ul>\n\n\n\n<p>Gr\u00e2ce aux r\u00e9ponses, j\u2019ai eu la chance d\u2019\u00e9viter les plus gros probl\u00e8mes en les anticipant. <\/p>\n\n\n\n<p>Prenons un exemple pour imager. <\/p>\n\n\n\n<p>L\u2019une de mes casquettes pr\u00e9f\u00e9r\u00e9es est celle d\u2019auteur. <\/p>\n\n\n\n<p>Mais savez-vous ce qu\u2019est la vie d\u2019un auteur&nbsp;? <\/p>\n\n\n\n<p>Il \u00e9crit un livre en 2013 sans compter ses heures, il signe son contrat d\u2019\u00e9dition en 2014 (enfin, s\u2019il trouve un \u00e9diteur\u2026), son <a href=\"https:\/\/www.agoracademie.com\/boutique\">livre<\/a> sera publi\u00e9 cette m\u00eame ann\u00e9e ou l\u2019ann\u00e9e suivante et les royalties (un faible pourcentage sur les ventes\u2026 seulement s\u2019il y a des ventes bien entendu) arrivent l\u2019ann\u00e9e suivante (en 2015 ou en 2016). <\/p>\n\n\n\n<p>Il faut donc un peu de suite dans les id\u00e9es et penser \u00e0 sa tr\u00e9sorerie, surtout si l\u2019on a une famille et de nombreuses charges\u2026<\/p>\n\n\n\n<p>L\u2019anticipation m\u2019a toujours aid\u00e9 \u00e0 ne pas faire de gros sacrifices. <\/p>\n\n\n\n<p>Ceci dit, je suis dans une d\u00e9marche de d\u00e9veloppement personnel et mes besoins sont tr\u00e8s r\u00e9duits\u2026 <\/p>\n\n\n\n<p>Ne pas partir en vacances n\u2019est pas v\u00e9cu comme un sacrifice mais comme une cons\u00e9quence de mon choix de vie.<\/p>\n\n\n\n<figure class=\"wp-block-embed aligncenter is-type-video is-provider-youtube wp-block-embed-youtube wp-embed-aspect-16-9 wp-has-aspect-ratio\"><div class=\"wp-block-embed__wrapper\">\n<iframe loading=\"lazy\" title=\"Formation coach de vie avec Laurent Bertrel - 100 % en ligne &amp; \u00e0 distance\" width=\"960\" height=\"540\" src=\"https:\/\/www.youtube.com\/embed\/GymWQOhU5b4?feature=oembed\" frameborder=\"0\" allow=\"accelerometer; autoplay; clipboard-write; encrypted-media; gyroscope; picture-in-picture; web-share\" referrerpolicy=\"strict-origin-when-cross-origin\" allowfullscreen><\/iframe>\n<\/div><\/figure>\n\n\n\n<h3 class=\"wp-block-heading\"><span class=\"ez-toc-section\" id=\"Concretement_quest-ce_que_lentreprise_vous_a_apporte_de_bien_a_vous_a_titre_personnel\"><\/span>Concr\u00e8tement, qu&rsquo;est-ce que l&rsquo;entreprise vous a apport\u00e9 de bien \u00e0 vous, \u00e0 titre personnel ?<span class=\"ez-toc-section-end\"><\/span><\/h3>\n\n\n\n<p><strong>Je vis mon r\u00eave et de mon r\u00eave.<\/strong> <\/p>\n\n\n\n<p>Quoi demander de mieux&nbsp;?! <\/p>\n\n\n\n<p>Cela n\u2019a finalement pas de prix.<\/p>\n\n\n\n<p>Je fais ce qui me plait et ce que je veux, ce qui n\u2019\u00e9tait pas le cas lorsque j\u2019\u00e9tais salari\u00e9.<\/p>\n\n\n\n<p>Je propose \u00e0 pr\u00e9sent ma vision des choses et invite les autres \u00e0 construire leur propre m\u00e9thode pour \u00eatre \u00e0 leur tour leur r\u00eave. <\/p>\n\n\n\n<p>Et croyez-moi, voir la petite flamme s\u2019allumer dans les yeux de la personne que vous accompagnez est un cadeau sans pareil.<\/p>\n\n\n\n<p>Alors \u00e0 qui le tour&nbsp;???&#8230;<\/p>\n\n\n\n<h3 class=\"wp-block-heading\"><span class=\"ez-toc-section\" id=\"Que_recherchez-vous_pour_votre_entreprise_a_ce_jour\"><\/span>Que recherchez-vous pour votre entreprise \u00e0 ce jour ?<span class=\"ez-toc-section-end\"><\/span><\/h3>\n\n\n\n<p>J\u2019ai cr\u00e9\u00e9 seul Agoracademie.com au d\u00e9but de l\u2019\u00e9t\u00e9 2010. <\/p>\n\n\n\n<p>Au d\u00e9part, je n\u2019ai propos\u00e9 qu\u2019une formation \u00e0 la gestion du stress qui est ensuite devenue une formation certifiante de praticien et de coach. <\/p>\n\n\n\n<p>Puis une autre formatrice a apport\u00e9 ses comp\u00e9tences et nous avons d\u00e9velopp\u00e9 notre catalogue formation et coaching. <\/p>\n\n\n\n<p>Puis une autre intervenante nous a rejoints et nous avons encore d\u00e9velopp\u00e9 notre liste de services en ajoutant un autre enseignement en ligne et la carte du consulting\u2026 <\/p>\n\n\n\n<p>Ce type de d\u00e9veloppement est <strong>mon objectif num\u00e9ro 1<\/strong>.<\/p>\n\n\n\n<p>Etant travailleur ind\u00e9pendant depuis le d\u00e9but des ann\u00e9es 2000, je connais l\u2019importance du r\u00e9seau. <\/p>\n\n\n\n<p>Aussi, je recherche \u00e9galement des partenaires souhaitant s\u2019unir \u00e0 nous et suis toujours pr\u00eat \u00e0 \u00e9tudier toute proposition dans un \u00e9tat d\u2019esprit gagnant \/ gagnant.<\/p>\n\n\n\n<h3 class=\"wp-block-heading\"><span class=\"ez-toc-section\" id=\"Je_vais_terminer_par_une_question_originale_entreprendre_est-ce_pour_vous_une_maniere_dexercer_des_talents_artistiques_ou_est-ce_que_cela_na_rien_a_voir_avec_lart\"><\/span>Je vais terminer par une question originale : entreprendre, est-ce pour vous une mani\u00e8re d&rsquo;exercer des talents artistiques ou est-ce que cela n\u2019a rien \u00e0 voir avec l&rsquo;art ?<span class=\"ez-toc-section-end\"><\/span><\/h3>\n\n\n\n<p>Je suis avant tout un cr\u00e9atif et \u00eatre ind\u00e9pendant est pour moi un art de vivre. <\/p>\n\n\n\n<p>Entreprendre ne peut donc qu\u2019\u00eatre un art qui, comme tous les arts, demande du temps, de la patience, des efforts constants et sinc\u00e8res et sans doute un peu de talent pour \u00eatre ma\u00eetris\u00e9.<\/p>\n\n\n\n<p>L\u2019image du cr\u00e9atif n\u2019est pas toujours tr\u00e8s bonne car puisqu\u2019il est dans la lune (c\u2019est l\u00e0 qu\u2019il trouve ses id\u00e9es), il a forc\u00e9ment du mal \u00e0 avoir les pieds sur terre\u2026 ce qui est un handicap pour un auto-entrepreneur et pour un chef d\u2019entreprise qui ne sait pas s\u2019entourer.<\/p>\n\n\n\n<p>Pour paraphraser Thomas Edison, entreprendre c\u2019est :<\/p>\n\n\n\n<p class=\"has-text-align-center\"><strong>1% d\u2019inspiration et 99% de transpiration.<\/strong><\/p>\n\n\n\n<p>Tout l\u2019art r\u00e9side donc \u00e0 cr\u00e9er sans jugement et sans se limiter puis \u00e0 essayer de donner vie \u00e0 cette inspiration en appr\u00e9ciant le temps de la transpiration\u2026 <\/p>\n\n\n\n<p>Sinon, cela revient \u00e0 d\u00e9tester 99% de son temps de travail. <\/p>\n\n\n\n<p>Alors autant pour moi redevenir salari\u00e9&nbsp;\ud83d\ude09<\/p>\n\n\n\n<p><em>Interview presse Agoracad\u00e9mie &#8211; Laurent Bertrel &#8211; Formateur-coach et auteur, fondateur d\u2019Agoracademie.com<\/em><\/p>\n","protected":false},"excerpt":{"rendered":"<p>Laurent Bertrel, pouvez-vous vous pr\u00e9senter, ainsi que votre entreprise ? Je suis donc Laurent Bertrel, la quarantaine, formateur coach sp\u00e9cialis\u00e9 en :<\/p>\n","protected":false},"author":2,"featured_media":0,"comment_status":"open","ping_status":"open","sticky":false,"template":"","format":"standard","meta":{"_bbp_topic_count":0,"_bbp_reply_count":0,"_bbp_total_topic_count":0,"_bbp_total_reply_count":0,"_bbp_voice_count":0,"_bbp_anonymous_reply_count":0,"_bbp_topic_count_hidden":0,"_bbp_reply_count_hidden":0,"_bbp_forum_subforum_count":0,"footnotes":""},"categories":[29],"tags":[],"class_list":["post-197","post","type-post","status-publish","format-standard","hentry","category-interview-coaching"],"yoast_head":"<!-- This site is optimized with the Yoast SEO plugin v27.4 - https:\/\/yoast.com\/product\/yoast-seo-wordpress\/ -->\n<title>Laurent Bertrel - Interview du fondateur d\u2019Agoracad\u00e9mie<\/title>\n<meta name=\"description\" content=\"Qui est Laurent Bertrel ? D\u00e9couvrez une interview du fondateur d\u2019Agoracad\u00e9mie pr\u00e9sentant ses livres et sa formation en ligne en cr\u00e9ation d\u2019entreprise.\" \/>\n<meta name=\"robots\" content=\"index, follow, max-snippet:-1, max-image-preview:large, max-video-preview:-1\" \/>\n<link rel=\"canonical\" href=\"https:\/\/www.agoracademie.com\/blog\/laurent-bertrel\/\" \/>\n<meta property=\"og:locale\" content=\"fr_FR\" \/>\n<meta property=\"og:type\" content=\"article\" \/>\n<meta property=\"og:title\" content=\"Laurent Bertrel - Interview du fondateur d\u2019Agoracad\u00e9mie\" \/>\n<meta property=\"og:description\" content=\"Qui est Laurent Bertrel ? D\u00e9couvrez une interview du fondateur d\u2019Agoracad\u00e9mie pr\u00e9sentant ses livres et sa formation en ligne en cr\u00e9ation d\u2019entreprise.\" \/>\n<meta property=\"og:url\" content=\"https:\/\/www.agoracademie.com\/blog\/laurent-bertrel\/\" \/>\n<meta property=\"og:site_name\" content=\"Agoracad\u00e9mie\" \/>\n<meta property=\"article:published_time\" content=\"2014-09-17T11:14:25+00:00\" \/>\n<meta property=\"article:modified_time\" content=\"2025-12-08T13:43:47+00:00\" \/>\n<meta property=\"og:image\" content=\"https:\/\/www.agoracademie.com\/blog\/wp-content\/uploads\/2014\/09\/laurent-bertrel.jpg\" \/>\n\t<meta property=\"og:image:width\" content=\"207\" \/>\n\t<meta property=\"og:image:height\" content=\"250\" \/>\n\t<meta property=\"og:image:type\" content=\"image\/jpeg\" \/>\n<meta name=\"author\" content=\"Laurent Bertrel\" \/>\n<meta name=\"twitter:label1\" content=\"\u00c9crit par\" \/>\n\t<meta name=\"twitter:data1\" content=\"Laurent Bertrel\" \/>\n\t<meta name=\"twitter:label2\" content=\"Dur\u00e9e de lecture estim\u00e9e\" \/>\n\t<meta name=\"twitter:data2\" content=\"6 minutes\" \/>\n<script type=\"application\/ld+json\" class=\"yoast-schema-graph\">{\"@context\":\"https:\\\/\\\/schema.org\",\"@graph\":[{\"@type\":\"Article\",\"@id\":\"https:\\\/\\\/www.agoracademie.com\\\/blog\\\/laurent-bertrel\\\/#article\",\"isPartOf\":{\"@id\":\"https:\\\/\\\/www.agoracademie.com\\\/blog\\\/laurent-bertrel\\\/\"},\"author\":{\"name\":\"Laurent Bertrel\",\"@id\":\"https:\\\/\\\/www.agoracademie.com\\\/blog\\\/#\\\/schema\\\/person\\\/c2f110c50be7dcecc05cb4e87f32537f\"},\"headline\":\"Laurent Bertrel \u2013 Interview du fondateur d\u2019Agoracad\u00e9mie\",\"datePublished\":\"2014-09-17T11:14:25+00:00\",\"dateModified\":\"2025-12-08T13:43:47+00:00\",\"mainEntityOfPage\":{\"@id\":\"https:\\\/\\\/www.agoracademie.com\\\/blog\\\/laurent-bertrel\\\/\"},\"wordCount\":1200,\"commentCount\":0,\"image\":{\"@id\":\"https:\\\/\\\/www.agoracademie.com\\\/blog\\\/laurent-bertrel\\\/#primaryimage\"},\"thumbnailUrl\":\"https:\\\/\\\/www.agoracademie.com\\\/blog\\\/wp-content\\\/uploads\\\/2014\\\/09\\\/laurent-bertrel.jpg\",\"articleSection\":[\"Interview\"],\"inLanguage\":\"fr-FR\",\"potentialAction\":[{\"@type\":\"CommentAction\",\"name\":\"Comment\",\"target\":[\"https:\\\/\\\/www.agoracademie.com\\\/blog\\\/laurent-bertrel\\\/#respond\"]}]},{\"@type\":\"WebPage\",\"@id\":\"https:\\\/\\\/www.agoracademie.com\\\/blog\\\/laurent-bertrel\\\/\",\"url\":\"https:\\\/\\\/www.agoracademie.com\\\/blog\\\/laurent-bertrel\\\/\",\"name\":\"Laurent Bertrel - Interview du fondateur d\u2019Agoracad\u00e9mie\",\"isPartOf\":{\"@id\":\"https:\\\/\\\/www.agoracademie.com\\\/blog\\\/#website\"},\"primaryImageOfPage\":{\"@id\":\"https:\\\/\\\/www.agoracademie.com\\\/blog\\\/laurent-bertrel\\\/#primaryimage\"},\"image\":{\"@id\":\"https:\\\/\\\/www.agoracademie.com\\\/blog\\\/laurent-bertrel\\\/#primaryimage\"},\"thumbnailUrl\":\"https:\\\/\\\/www.agoracademie.com\\\/blog\\\/wp-content\\\/uploads\\\/2014\\\/09\\\/laurent-bertrel.jpg\",\"datePublished\":\"2014-09-17T11:14:25+00:00\",\"dateModified\":\"2025-12-08T13:43:47+00:00\",\"author\":{\"@id\":\"https:\\\/\\\/www.agoracademie.com\\\/blog\\\/#\\\/schema\\\/person\\\/c2f110c50be7dcecc05cb4e87f32537f\"},\"description\":\"Qui est Laurent Bertrel ? D\u00e9couvrez une interview du fondateur d\u2019Agoracad\u00e9mie pr\u00e9sentant ses livres et sa formation en ligne en cr\u00e9ation d\u2019entreprise.\",\"breadcrumb\":{\"@id\":\"https:\\\/\\\/www.agoracademie.com\\\/blog\\\/laurent-bertrel\\\/#breadcrumb\"},\"inLanguage\":\"fr-FR\",\"potentialAction\":[{\"@type\":\"ReadAction\",\"target\":[\"https:\\\/\\\/www.agoracademie.com\\\/blog\\\/laurent-bertrel\\\/\"]}]},{\"@type\":\"ImageObject\",\"inLanguage\":\"fr-FR\",\"@id\":\"https:\\\/\\\/www.agoracademie.com\\\/blog\\\/laurent-bertrel\\\/#primaryimage\",\"url\":\"https:\\\/\\\/www.agoracademie.com\\\/blog\\\/wp-content\\\/uploads\\\/2014\\\/09\\\/laurent-bertrel.jpg\",\"contentUrl\":\"https:\\\/\\\/www.agoracademie.com\\\/blog\\\/wp-content\\\/uploads\\\/2014\\\/09\\\/laurent-bertrel.jpg\",\"width\":207,\"height\":250,\"caption\":\"Laurent Bertrel\"},{\"@type\":\"BreadcrumbList\",\"@id\":\"https:\\\/\\\/www.agoracademie.com\\\/blog\\\/laurent-bertrel\\\/#breadcrumb\",\"itemListElement\":[{\"@type\":\"ListItem\",\"position\":1,\"name\":\"Accueil\",\"item\":\"https:\\\/\\\/www.agoracademie.com\\\/blog\\\/\"},{\"@type\":\"ListItem\",\"position\":2,\"name\":\"Laurent Bertrel \u2013 Interview du fondateur d\u2019Agoracad\u00e9mie\"}]},{\"@type\":\"WebSite\",\"@id\":\"https:\\\/\\\/www.agoracademie.com\\\/blog\\\/#website\",\"url\":\"https:\\\/\\\/www.agoracademie.com\\\/blog\\\/\",\"name\":\"Blog Agoracad\u00e9mie - Centre de formation en ligne et \u00e0 distance\",\"description\":\"Le blog du d\u00e9veloppement personnel et des th\u00e9rapies\",\"potentialAction\":[{\"@type\":\"SearchAction\",\"target\":{\"@type\":\"EntryPoint\",\"urlTemplate\":\"https:\\\/\\\/www.agoracademie.com\\\/blog\\\/?s={search_term_string}\"},\"query-input\":{\"@type\":\"PropertyValueSpecification\",\"valueRequired\":true,\"valueName\":\"search_term_string\"}}],\"inLanguage\":\"fr-FR\"},{\"@type\":\"Person\",\"@id\":\"https:\\\/\\\/www.agoracademie.com\\\/blog\\\/#\\\/schema\\\/person\\\/c2f110c50be7dcecc05cb4e87f32537f\",\"name\":\"Laurent Bertrel\",\"image\":{\"@type\":\"ImageObject\",\"inLanguage\":\"fr-FR\",\"@id\":\"https:\\\/\\\/secure.gravatar.com\\\/avatar\\\/45841390e6db2f4064cc5f84ee39189cf562b1de36eb5b1b7cc82dee445813a4?s=96&r=g\",\"url\":\"https:\\\/\\\/secure.gravatar.com\\\/avatar\\\/45841390e6db2f4064cc5f84ee39189cf562b1de36eb5b1b7cc82dee445813a4?s=96&r=g\",\"contentUrl\":\"https:\\\/\\\/secure.gravatar.com\\\/avatar\\\/45841390e6db2f4064cc5f84ee39189cf562b1de36eb5b1b7cc82dee445813a4?s=96&r=g\",\"caption\":\"Laurent Bertrel\"},\"description\":\"Laurent Bertrel est le fondateur d'Agoracad\u00e9mie. Titulaire d'une licence en sciences humaines et sociales, d'une ma\u00eetrise et d'un master en psychanalyse, d'un master en \u00e9tudes culturelles parcours \u00e9tudes de genre, du DU connaissances g\u00e9n\u00e9rales de la personne \u00e2g\u00e9e, il est aussi form\u00e9 \u00e0 diff\u00e9rentes approches dont la PNL, la sophrologie, la relaxation, l'hypnose, le coaching, la m\u00e9ditation, les arts martiaux, etc. Auteur de plus de 40 ouvrages, dont 18 livres, il anime plusieurs formations sur Agoracad\u00e9mie et r\u00e9pondra au message que vous allez laisser ci-dessous.\",\"sameAs\":[\"https:\\\/\\\/www.agoracademie.com\\\/\"]}]}<\/script>\n<!-- \/ Yoast SEO plugin. -->","yoast_head_json":{"title":"Laurent Bertrel - Interview du fondateur d\u2019Agoracad\u00e9mie","description":"Qui est Laurent Bertrel ? D\u00e9couvrez une interview du fondateur d\u2019Agoracad\u00e9mie pr\u00e9sentant ses livres et sa formation en ligne en cr\u00e9ation d\u2019entreprise.","robots":{"index":"index","follow":"follow","max-snippet":"max-snippet:-1","max-image-preview":"max-image-preview:large","max-video-preview":"max-video-preview:-1"},"canonical":"https:\/\/www.agoracademie.com\/blog\/laurent-bertrel\/","og_locale":"fr_FR","og_type":"article","og_title":"Laurent Bertrel - Interview du fondateur d\u2019Agoracad\u00e9mie","og_description":"Qui est Laurent Bertrel ? D\u00e9couvrez une interview du fondateur d\u2019Agoracad\u00e9mie pr\u00e9sentant ses livres et sa formation en ligne en cr\u00e9ation d\u2019entreprise.","og_url":"https:\/\/www.agoracademie.com\/blog\/laurent-bertrel\/","og_site_name":"Agoracad\u00e9mie","article_published_time":"2014-09-17T11:14:25+00:00","article_modified_time":"2025-12-08T13:43:47+00:00","og_image":[{"width":207,"height":250,"url":"https:\/\/www.agoracademie.com\/blog\/wp-content\/uploads\/2014\/09\/laurent-bertrel.jpg","type":"image\/jpeg"}],"author":"Laurent Bertrel","twitter_misc":{"\u00c9crit par":"Laurent Bertrel","Dur\u00e9e de lecture estim\u00e9e":"6 minutes"},"schema":{"@context":"https:\/\/schema.org","@graph":[{"@type":"Article","@id":"https:\/\/www.agoracademie.com\/blog\/laurent-bertrel\/#article","isPartOf":{"@id":"https:\/\/www.agoracademie.com\/blog\/laurent-bertrel\/"},"author":{"name":"Laurent Bertrel","@id":"https:\/\/www.agoracademie.com\/blog\/#\/schema\/person\/c2f110c50be7dcecc05cb4e87f32537f"},"headline":"Laurent Bertrel \u2013 Interview du fondateur d\u2019Agoracad\u00e9mie","datePublished":"2014-09-17T11:14:25+00:00","dateModified":"2025-12-08T13:43:47+00:00","mainEntityOfPage":{"@id":"https:\/\/www.agoracademie.com\/blog\/laurent-bertrel\/"},"wordCount":1200,"commentCount":0,"image":{"@id":"https:\/\/www.agoracademie.com\/blog\/laurent-bertrel\/#primaryimage"},"thumbnailUrl":"https:\/\/www.agoracademie.com\/blog\/wp-content\/uploads\/2014\/09\/laurent-bertrel.jpg","articleSection":["Interview"],"inLanguage":"fr-FR","potentialAction":[{"@type":"CommentAction","name":"Comment","target":["https:\/\/www.agoracademie.com\/blog\/laurent-bertrel\/#respond"]}]},{"@type":"WebPage","@id":"https:\/\/www.agoracademie.com\/blog\/laurent-bertrel\/","url":"https:\/\/www.agoracademie.com\/blog\/laurent-bertrel\/","name":"Laurent Bertrel - Interview du fondateur d\u2019Agoracad\u00e9mie","isPartOf":{"@id":"https:\/\/www.agoracademie.com\/blog\/#website"},"primaryImageOfPage":{"@id":"https:\/\/www.agoracademie.com\/blog\/laurent-bertrel\/#primaryimage"},"image":{"@id":"https:\/\/www.agoracademie.com\/blog\/laurent-bertrel\/#primaryimage"},"thumbnailUrl":"https:\/\/www.agoracademie.com\/blog\/wp-content\/uploads\/2014\/09\/laurent-bertrel.jpg","datePublished":"2014-09-17T11:14:25+00:00","dateModified":"2025-12-08T13:43:47+00:00","author":{"@id":"https:\/\/www.agoracademie.com\/blog\/#\/schema\/person\/c2f110c50be7dcecc05cb4e87f32537f"},"description":"Qui est Laurent Bertrel ? D\u00e9couvrez une interview du fondateur d\u2019Agoracad\u00e9mie pr\u00e9sentant ses livres et sa formation en ligne en cr\u00e9ation d\u2019entreprise.","breadcrumb":{"@id":"https:\/\/www.agoracademie.com\/blog\/laurent-bertrel\/#breadcrumb"},"inLanguage":"fr-FR","potentialAction":[{"@type":"ReadAction","target":["https:\/\/www.agoracademie.com\/blog\/laurent-bertrel\/"]}]},{"@type":"ImageObject","inLanguage":"fr-FR","@id":"https:\/\/www.agoracademie.com\/blog\/laurent-bertrel\/#primaryimage","url":"https:\/\/www.agoracademie.com\/blog\/wp-content\/uploads\/2014\/09\/laurent-bertrel.jpg","contentUrl":"https:\/\/www.agoracademie.com\/blog\/wp-content\/uploads\/2014\/09\/laurent-bertrel.jpg","width":207,"height":250,"caption":"Laurent Bertrel"},{"@type":"BreadcrumbList","@id":"https:\/\/www.agoracademie.com\/blog\/laurent-bertrel\/#breadcrumb","itemListElement":[{"@type":"ListItem","position":1,"name":"Accueil","item":"https:\/\/www.agoracademie.com\/blog\/"},{"@type":"ListItem","position":2,"name":"Laurent Bertrel \u2013 Interview du fondateur d\u2019Agoracad\u00e9mie"}]},{"@type":"WebSite","@id":"https:\/\/www.agoracademie.com\/blog\/#website","url":"https:\/\/www.agoracademie.com\/blog\/","name":"Blog Agoracad\u00e9mie - Centre de formation en ligne et \u00e0 distance","description":"Le blog du d\u00e9veloppement personnel et des th\u00e9rapies","potentialAction":[{"@type":"SearchAction","target":{"@type":"EntryPoint","urlTemplate":"https:\/\/www.agoracademie.com\/blog\/?s={search_term_string}"},"query-input":{"@type":"PropertyValueSpecification","valueRequired":true,"valueName":"search_term_string"}}],"inLanguage":"fr-FR"},{"@type":"Person","@id":"https:\/\/www.agoracademie.com\/blog\/#\/schema\/person\/c2f110c50be7dcecc05cb4e87f32537f","name":"Laurent Bertrel","image":{"@type":"ImageObject","inLanguage":"fr-FR","@id":"https:\/\/secure.gravatar.com\/avatar\/45841390e6db2f4064cc5f84ee39189cf562b1de36eb5b1b7cc82dee445813a4?s=96&r=g","url":"https:\/\/secure.gravatar.com\/avatar\/45841390e6db2f4064cc5f84ee39189cf562b1de36eb5b1b7cc82dee445813a4?s=96&r=g","contentUrl":"https:\/\/secure.gravatar.com\/avatar\/45841390e6db2f4064cc5f84ee39189cf562b1de36eb5b1b7cc82dee445813a4?s=96&r=g","caption":"Laurent Bertrel"},"description":"Laurent Bertrel est le fondateur d'Agoracad\u00e9mie. Titulaire d'une licence en sciences humaines et sociales, d'une ma\u00eetrise et d'un master en psychanalyse, d'un master en \u00e9tudes culturelles parcours \u00e9tudes de genre, du DU connaissances g\u00e9n\u00e9rales de la personne \u00e2g\u00e9e, il est aussi form\u00e9 \u00e0 diff\u00e9rentes approches dont la PNL, la sophrologie, la relaxation, l'hypnose, le coaching, la m\u00e9ditation, les arts martiaux, etc. Auteur de plus de 40 ouvrages, dont 18 livres, il anime plusieurs formations sur Agoracad\u00e9mie et r\u00e9pondra au message que vous allez laisser ci-dessous.","sameAs":["https:\/\/www.agoracademie.com\/"]}]}},"acf":[],"_links":{"self":[{"href":"https:\/\/www.agoracademie.com\/blog\/wp-json\/wp\/v2\/posts\/197","targetHints":{"allow":["GET"]}}],"collection":[{"href":"https:\/\/www.agoracademie.com\/blog\/wp-json\/wp\/v2\/posts"}],"about":[{"href":"https:\/\/www.agoracademie.com\/blog\/wp-json\/wp\/v2\/types\/post"}],"author":[{"embeddable":true,"href":"https:\/\/www.agoracademie.com\/blog\/wp-json\/wp\/v2\/users\/2"}],"replies":[{"embeddable":true,"href":"https:\/\/www.agoracademie.com\/blog\/wp-json\/wp\/v2\/comments?post=197"}],"version-history":[{"count":16,"href":"https:\/\/www.agoracademie.com\/blog\/wp-json\/wp\/v2\/posts\/197\/revisions"}],"predecessor-version":[{"id":23090,"href":"https:\/\/www.agoracademie.com\/blog\/wp-json\/wp\/v2\/posts\/197\/revisions\/23090"}],"wp:attachment":[{"href":"https:\/\/www.agoracademie.com\/blog\/wp-json\/wp\/v2\/media?parent=197"}],"wp:term":[{"taxonomy":"category","embeddable":true,"href":"https:\/\/www.agoracademie.com\/blog\/wp-json\/wp\/v2\/categories?post=197"},{"taxonomy":"post_tag","embeddable":true,"href":"https:\/\/www.agoracademie.com\/blog\/wp-json\/wp\/v2\/tags?post=197"}],"curies":[{"name":"wp","href":"https:\/\/api.w.org\/{rel}","templated":true}]}}