{"id":20601,"date":"2023-07-19T18:03:57","date_gmt":"2023-07-19T16:03:57","guid":{"rendered":"https:\/\/www.agoracademie.com\/blog\/?p=20601"},"modified":"2025-07-12T09:15:13","modified_gmt":"2025-07-12T07:15:13","slug":"formation-reflexologie-faciale","status":"publish","type":"post","link":"https:\/\/www.agoracademie.com\/blog\/formation-reflexologie-faciale\/","title":{"rendered":"Formation r\u00e9flexologie faciale"},"content":{"rendered":"<div class=\"wp-block-image\">\n<figure class=\"aligncenter size-large\"><img loading=\"lazy\" decoding=\"async\" width=\"1024\" height=\"511\" src=\"https:\/\/www.agoracademie.com\/blog\/wp-content\/uploads\/2023\/07\/formation-reflexologie-faciale-1024x511.jpg\" alt=\"Formation r\u00e9flexologie faciale &amp; cr\u00e2nienne\" class=\"wp-image-20602\" srcset=\"https:\/\/www.agoracademie.com\/blog\/wp-content\/uploads\/2023\/07\/formation-reflexologie-faciale-1024x511.jpg 1024w, https:\/\/www.agoracademie.com\/blog\/wp-content\/uploads\/2023\/07\/formation-reflexologie-faciale-300x150.jpg 300w, https:\/\/www.agoracademie.com\/blog\/wp-content\/uploads\/2023\/07\/formation-reflexologie-faciale-768x383.jpg 768w, https:\/\/www.agoracademie.com\/blog\/wp-content\/uploads\/2023\/07\/formation-reflexologie-faciale.jpg 1079w\" sizes=\"auto, (max-width: 1024px) 100vw, 1024px\" \/><\/figure><div id=\"ez-toc-container\" class=\"ez-toc-v2_0_82_2 ez-toc-wrap-center counter-hierarchy ez-toc-counter ez-toc-transparent ez-toc-container-direction\">\n<div class=\"ez-toc-title-container\">\n<p class=\"ez-toc-title\" style=\"cursor:inherit\">Sommaire<\/p>\n<span class=\"ez-toc-title-toggle\"><a href=\"#\" class=\"ez-toc-pull-right ez-toc-btn ez-toc-btn-xs ez-toc-btn-default ez-toc-toggle\" aria-label=\"Toggle Table of Content\"><span class=\"ez-toc-js-icon-con\"><span class=\"\"><span class=\"eztoc-hide\" style=\"display:none;\">Toggle<\/span><span class=\"ez-toc-icon-toggle-span\"><svg style=\"fill: #999;color:#999\" xmlns=\"http:\/\/www.w3.org\/2000\/svg\" class=\"list-377408\" width=\"20px\" height=\"20px\" viewBox=\"0 0 24 24\" fill=\"none\"><path d=\"M6 6H4v2h2V6zm14 0H8v2h12V6zM4 11h2v2H4v-2zm16 0H8v2h12v-2zM4 16h2v2H4v-2zm16 0H8v2h12v-2z\" fill=\"currentColor\"><\/path><\/svg><svg style=\"fill: #999;color:#999\" class=\"arrow-unsorted-368013\" xmlns=\"http:\/\/www.w3.org\/2000\/svg\" width=\"10px\" height=\"10px\" viewBox=\"0 0 24 24\" version=\"1.2\" baseProfile=\"tiny\"><path d=\"M18.2 9.3l-6.2-6.3-6.2 6.3c-.2.2-.3.4-.3.7s.1.5.3.7c.2.2.4.3.7.3h11c.3 0 .5-.1.7-.3.2-.2.3-.5.3-.7s-.1-.5-.3-.7zM5.8 14.7l6.2 6.3 6.2-6.3c.2-.2.3-.5.3-.7s-.1-.5-.3-.7c-.2-.2-.4-.3-.7-.3h-11c-.3 0-.5.1-.7.3-.2.2-.3.5-.3.7s.1.5.3.7z\"\/><\/svg><\/span><\/span><\/span><\/a><\/span><\/div>\n<nav><ul class='ez-toc-list ez-toc-list-level-1 ' ><li class='ez-toc-page-1 ez-toc-heading-level-2'><a class=\"ez-toc-link ez-toc-heading-1\" href=\"https:\/\/www.agoracademie.com\/blog\/formation-reflexologie-faciale\/#Formation_reflexologie_faciale_cranienne_pour_tous\" >Formation r\u00e9flexologie faciale &amp; cr\u00e2nienne pour tous<\/a><\/li><li class='ez-toc-page-1 ez-toc-heading-level-2'><a class=\"ez-toc-link ez-toc-heading-2\" href=\"https:\/\/www.agoracademie.com\/blog\/formation-reflexologie-faciale\/#La_methode_faciale_et_cranienne_en_quelques_mots\" >La m\u00e9thode faciale et cr\u00e2nienne en quelques mots<\/a><ul class='ez-toc-list-level-3' ><li class='ez-toc-heading-level-3'><a class=\"ez-toc-link ez-toc-heading-3\" href=\"https:\/\/www.agoracademie.com\/blog\/formation-reflexologie-faciale\/#Formation_reflexologue\" >Formation r\u00e9flexologue<\/a><\/li><\/ul><\/li><li class='ez-toc-page-1 ez-toc-heading-level-2'><a class=\"ez-toc-link ez-toc-heading-4\" href=\"https:\/\/www.agoracademie.com\/blog\/formation-reflexologie-faciale\/#Le_programme_de_notre_formation_reflexologie_faciale_et_cranienne\" >Le programme de notre formation r\u00e9flexologie faciale et cr\u00e2nienne<\/a><ul class='ez-toc-list-level-3' ><li class='ez-toc-heading-level-3'><a class=\"ez-toc-link ez-toc-heading-5\" href=\"https:\/\/www.agoracademie.com\/blog\/formation-reflexologie-faciale\/#Tout_en_videos\" >Tout en vid\u00e9os<\/a><\/li><\/ul><\/li><li class='ez-toc-page-1 ez-toc-heading-level-2'><a class=\"ez-toc-link ez-toc-heading-6\" href=\"https:\/\/www.agoracademie.com\/blog\/formation-reflexologie-faciale\/#La_reflexologie_plantaire_et_palmaire\" >La r\u00e9flexologie plantaire et palmaire<\/a><\/li><li class='ez-toc-page-1 ez-toc-heading-level-2'><a class=\"ez-toc-link ez-toc-heading-7\" href=\"https:\/\/www.agoracademie.com\/blog\/formation-reflexologie-faciale\/#Devenir_maitre_praticien_en_reflexologie\" >Devenir ma\u00eetre praticien en r\u00e9flexologie<\/a><\/li><\/ul><\/nav><\/div>\n\n<\/div>\n\n\n<h2 class=\"wp-block-heading\"><span class=\"ez-toc-section\" id=\"Formation_reflexologie_faciale_cranienne_pour_tous\"><\/span><strong>Formation r\u00e9flexologie faciale &amp; cr\u00e2nienne pour tous<\/strong><span class=\"ez-toc-section-end\"><\/span><\/h2>\n\n\n\n<p>Oui, notre formation r\u00e9flexologie faciale et cr\u00e2nienne est bien destin\u00e9e \u00e0 tout le monde&nbsp;!<\/p>\n\n\n\n<p>Ainsi, que vous soyez&nbsp;:<\/p>\n\n\n\n<ul class=\"wp-block-list\">\n<li>un <strong>professionnel<\/strong> souhaitant ajouter une nouvelle corde \u00e0 son arc,<\/li>\n\n\n\n<li>ou un <strong>particulier<\/strong> voulant juste apprendre un massage pour le plaisir et pour celui de ses proches qui vont le recevoir,<\/li>\n<\/ul>\n\n\n\n<p>vous \u00eates au bon endroit&nbsp;!<\/p>\n\n\n\n<!--more-->\n\n\n\n<p>Chez nous, pas de longs discours \u00e9sot\u00e9riques, mais du concret pr\u00e9sent\u00e9 en vid\u00e9o.<\/p>\n\n\n\n<p>Vous allez donc ici apprendre \u00e0 r\u00e9aliser une s\u00e9ance de r\u00e9flexologie faciale d&rsquo;abord pour vous, puis pour vos proches et, le cas \u00e9ch\u00e9ant, pour vos clients.<\/p>\n\n\n\n<h2 class=\"wp-block-heading\"><span class=\"ez-toc-section\" id=\"La_methode_faciale_et_cranienne_en_quelques_mots\"><\/span><strong>La m\u00e9thode faciale et cr\u00e2nienne en quelques mots<\/strong><span class=\"ez-toc-section-end\"><\/span><\/h2>\n\n\n\n<p>Tout comme dans la m\u00e9thode <a href=\"https:\/\/www.agoracademie.com\/boutique\/formations-cd-dvd\/product\/formation-reflexologie-a-distance\">plantaire<\/a> et la m\u00e9thode <a href=\"https:\/\/www.agoracademie.com\/boutique\/formations-cd-dvd\/product\/formation-reflexologie-palmaire\">palmaire<\/a>, <strong>le visage et le cr\u00e2ne centralisent toutes les zones r\u00e9flexes du corps<\/strong>.<\/p>\n\n\n\n<p>C&rsquo;est donc en activant ces zones bien pr\u00e9cises du visage et du cr\u00e2ne, qu&rsquo;il est possible d&rsquo;atteindre de fa\u00e7on rapide et efficace, les diff\u00e9rents organes du corps.<\/p>\n\n\n\n<p>De plus, ce massage est particuli\u00e8rement agr\u00e9able \u00e0 recevoir et apporte un bien-\u00eatre imm\u00e9diat.<\/p>\n\n\n\n<div class=\"wp-block-magic-content-box-content-box aligncenter magic-content-box-640b2fb7-6d26-4 magic-content-box-contentBox block-wrapper-background content-align-center\"><style>.magic-content-box-640b2fb7-6d26-4 .magic-content-box-content-wrapper{text-align:center;margin-top:30px;margin-bottom:30px}.magic-content-box-640b2fb7-6d26-4 .magic-content-box-section-header-wrapper{border-color:#ff201f}.magic-content-box-640b2fb7-6d26-4 .magic-content-box-mainheader-wrap{box-shadow:0px 6px 12px -10px #000;border-radius:5px;background-color:#fff}.magic-content-box-640b2fb7-6d26-4 .magic-content-box-section-wrapper{padding-top:30px;padding-right:30px;padding-bottom:30px;padding-left:30px;margin-top:0px;margin-right:0px;margin-bottom:0px;margin-left:0px}.magic-content-box-640b2fb7-6d26-4 .magic-content-box-section-head-wrap{text-align:center;padding-top:0px;padding-right:0px;padding-bottom:0px;margin-top:0px;margin-bottom:0px;padding-left:0px}.magic-content-box-640b2fb7-6d26-4 .magic-content-box-section-head-wrap .magic-content-box-title{color:#404040;font-size:32px;font-family:Default;padding-top:5px;padding-bottom:5px}.magic-content-box-640b2fb7-6d26-4 .magic-content-box-section-head-wrap .magic-content-box-subtitle{color:#6d6d6d;font-size:18px;font-family:Default;padding-top:5px;padding-bottom:5px}.magic-content-box-640b2fb7-6d26-4 .magic-content-box-title-dash{color:#ff201f}.magic-content-box-640b2fb7-6d26-4 .magic-content-box-block-button span{color:#fff;border-width:1px;font-size:16px;font-family:Default}.magic-content-box-640b2fb7-6d26-4 .magic-content-box-block-button .magic-content-box-button{background-color:#ff201f}.magic-content-box-640b2fb7-6d26-4 .magic-content-box-block-button i{color:#fff;font-size:13px}.magic-content-box-640b2fb7-6d26-4 .magic-content-box-block-button{margin-top:10px;margin-bottom:10px}.magic-content-box-640b2fb7-6d26-4 .magic-content-box-button{padding-top:5px;padding-right:15px;padding-bottom:5px;padding-left:15px}@media screen and (max-width:1025px){.magic-content-box-640b2fb7-6d26-4 .magic-content-box-section-head-wrap .magic-content-box-title{font-size:undefinedpx}.magic-content-box-640b2fb7-6d26-4 .magic-content-box-section-head-wrap .magic-content-box-subtitle{font-size:undefinedpx}.magic-content-box-640b2fb7-6d26-4 .magic-content-box-block-button span{font-size:undefinedpx}.magic-content-box-640b2fb7-6d26-4 .magic-content-box-block-button i{font-size:px}}@media screen and (max-width:767px){.magic-content-box-640b2fb7-6d26-4 .magic-content-box-section-head-wrap .magic-content-box-title{font-size:undefinedpx}.magic-content-box-640b2fb7-6d26-4 .magic-content-box-section-head-wrap .magic-content-box-subtitle{font-size:undefinedpx}.magic-content-box-640b2fb7-6d26-4 .magic-content-box-block-button span{font-size:undefinedpx}.magic-content-box-640b2fb7-6d26-4 .magic-content-box-block-button i{font-size:px}}<\/style><div class=\"content-wrapper-inner\"><div class=\"magic-content-box-content-wrapper magic-content-box-blocks reverse-img has-background style-1\"><div class=\"content-img-wrap\"><img decoding=\"async\" src=\"https:\/\/www.agoracademie.com\/blog\/wp-content\/uploads\/2018\/02\/reflexologie-palmaire.jpg\" alt=\"Formation r\u00e9flexologue\" class=\"\"\/><\/div><div class=\"magic-content-box-section-wrapper magic-content-box-mainheader-wrap\"><div class=\"magic-content-box-section-header-wrapper magic-content-box-blocks\"><div class=\"magic-content-box-section-head-wrap magic-content-box-style1 magic-content-box-center\"><div class=\"magic-content-box-title-wrapper\"><span class=\"magic-content-box-title-dash magic-content-box-upper-dash\"><\/span><h3 class=\"magic-content-box-title\"><span class=\"ez-toc-section\" id=\"Formation_reflexologue\"><\/span>Formation r\u00e9flexologue<span class=\"ez-toc-section-end\"><\/span><\/h3><span class=\"magic-content-box-title-dash magic-content-box-lower-dash\"><\/span><\/div><div class=\"magic-content-box-subtitle-wrapper\"><span class=\"magic-content-box-title-dash magic-content-box-upper-dash\"><\/span><p class=\"magic-content-box-subtitle\">Devenez ma\u00eetre praticien en r\u00e9flexologie !<br>Plantaire + Palmaire + Faciale<\/p><span class=\"magic-content-box-title-dash magic-content-box-lower-dash\"><\/span><\/div><\/div><\/div><div class=\"magic-content-box-desc-btn-wrap\"><div class=\"magic-content-box-block-button\"><a href=\"https:\/\/www.agoracademie.com\/academie\/formation-reflexologie-plantaire-palmaire\" class=\"magic-content-box-button magic-content-box-button-shape-rounded magic-content-box-button-size-small hover-style-1 btn-icon-left\"><span>PROGRAMME<\/span><\/a><\/div><\/div><\/div><\/div><\/div><\/div>\n\n\n\n<h2 class=\"wp-block-heading\"><span class=\"ez-toc-section\" id=\"Le_programme_de_notre_formation_reflexologie_faciale_et_cranienne\"><\/span><strong>Le programme de notre formation r\u00e9flexologie faciale et cr\u00e2nienne<\/strong><span class=\"ez-toc-section-end\"><\/span><\/h2>\n\n\n\n<p>Dans notre m\u00e9thode, nous vous pr\u00e9sentons, afin de bien identifier les zones r\u00e9flexes \u00e0 activer (donc sur le visage et sur le cr\u00e2ne)&nbsp;:<\/p>\n\n\n\n<ul class=\"wp-block-list\">\n<li>Les diff\u00e9rents <strong>points du visage<\/strong> et d&rsquo;<strong>acupressure<\/strong>.<\/li>\n\n\n\n<li>Les <strong>points dien cham<\/strong>.<\/li>\n\n\n\n<li>Et enfin les <strong>points <a href=\"https:\/\/www.agoracademie.com\/academie\/formation-eft-emotional-freedom-techniques-certification-praticien\">EFT<\/a><\/strong> (notez que nous proposons \u00e9galement une formation de praticien EFT, qui est comprise dans le ma\u00eetre praticien en r\u00e9flexologie).<\/li>\n<\/ul>\n\n\n\n<p>Ces trois cat\u00e9gories de points sont pr\u00e9sent\u00e9es sur <strong>trois cartes diff\u00e9rentes<\/strong>, \u00e0 utiliser comme guide de localisation pendant la s\u00e9ance.<\/p>\n\n\n\n<p>Du moins au d\u00e9part, car par la suite, avec la pratique (r\u00e9guli\u00e8re, c&rsquo;est important), ces points seront int\u00e9gr\u00e9s mentalement (au bout de vos doigts aussi).<\/p>\n\n\n\n<p>Il ne sera plus n\u00e9cessaire de les rep\u00e9rer sur aucune carte.<\/p>\n\n\n\n<h3 class=\"wp-block-heading\"><span class=\"ez-toc-section\" id=\"Tout_en_videos\"><\/span>Tout en vid\u00e9os<span class=\"ez-toc-section-end\"><\/span><\/h3>\n\n\n\n<p>Nous l&rsquo;avons dit, nous allons \u00e0 l&rsquo;essentiel pour nous int\u00e9resser \u00e0 la pratique, base indispensable d&rsquo;une bonne appropriation de la m\u00e9thode.<\/p>\n\n\n\n<p>Pour ce faire, nous avons r\u00e9alis\u00e9 plusieurs vid\u00e9os&nbsp;:<\/p>\n\n\n\n<ul class=\"wp-block-list\">\n<li><strong>Une vid\u00e9o<\/strong> pour pr\u00e9senter l&rsquo;ensemble d&rsquo;une s\u00e9ance compl\u00e8te, afin de la suivre en m\u00eame temps, et ainsi apprendre \u00e0 r\u00e9aliser le d\u00e9roulement du massage (cette vid\u00e9o fait un peu plus de treize minutes).<\/li>\n\n\n\n<li>Et <strong>dix-sept petites vid\u00e9os<\/strong> pour pr\u00e9senter dans le d\u00e9tail chaque \u00e9tape d&rsquo;une s\u00e9ance de mani\u00e8re pr\u00e9cise.<\/li>\n<\/ul>\n\n\n\n<p>Ainsi, avec la premi\u00e8re vid\u00e9o vous pouvez vous approprier le d\u00e9roulement classique d&rsquo;une s\u00e9ance.<\/p>\n\n\n\n<p>Cette vid\u00e9o est donc \u00e0 faire et \u00e0 refaire de multiples fois, pour que l&rsquo;enregistrement du protocole soit complet.<\/p>\n\n\n\n<p>Et avec les petites vid\u00e9os, vous pouvez directement entrer dans le d\u00e9tail de tous les mouvements.<\/p>\n\n\n\n<p>Ce qui est essentiel pour bien les apprendre, donc bien les r\u00e9aliser.<\/p>\n\n\n\n<p>Bien s\u00fbr, si vous avez des questions, vous pouvez compter sur Christine pour y r\u00e9pondre avec pr\u00e9cision et une grande bienveillance.<\/p>\n\n\n<div class=\"wp-block-image\">\n<figure class=\"aligncenter size-large\"><img loading=\"lazy\" decoding=\"async\" width=\"1024\" height=\"511\" src=\"https:\/\/www.agoracademie.com\/blog\/wp-content\/uploads\/2021\/05\/formation-reflexologie-1024x511.jpg\" alt=\"Formation r\u00e9flexologie\" class=\"wp-image-15845\" srcset=\"https:\/\/www.agoracademie.com\/blog\/wp-content\/uploads\/2021\/05\/formation-reflexologie-1024x511.jpg 1024w, https:\/\/www.agoracademie.com\/blog\/wp-content\/uploads\/2021\/05\/formation-reflexologie-300x150.jpg 300w, https:\/\/www.agoracademie.com\/blog\/wp-content\/uploads\/2021\/05\/formation-reflexologie-768x383.jpg 768w, https:\/\/www.agoracademie.com\/blog\/wp-content\/uploads\/2021\/05\/formation-reflexologie.jpg 1079w\" sizes=\"auto, (max-width: 1024px) 100vw, 1024px\" \/><\/figure>\n<\/div>\n\n\n<h2 class=\"wp-block-heading\"><span class=\"ez-toc-section\" id=\"La_reflexologie_plantaire_et_palmaire\"><\/span><strong>La r\u00e9flexologie plantaire et palmaire<\/strong><span class=\"ez-toc-section-end\"><\/span><\/h2>\n\n\n\n<p>Oui, il existe effectivement d&rsquo;autres m\u00e9thodes de r\u00e9flexologie, \u00e0 savoir la m\u00e9thode plantaire et la m\u00e9thode palmaire.<\/p>\n\n\n\n<p>Ce sont d&rsquo;ailleurs les plus connues !<\/p>\n\n\n\n<p>Surtout la version plantaire qui est tr\u00e8s r\u00e9pandue aussi bien chez les professionnels th\u00e9rapeutes, qu&rsquo;aupr\u00e8s des amateurs de massage bien-\u00eatre.<\/p>\n\n\n\n<p>S&rsquo;il n&rsquo;est pas obligatoire de ma\u00eetriser les trois pour proposer de la r\u00e9flexologie, cela reste quand m\u00eame <strong>un atout majeur<\/strong>.<\/p>\n\n\n\n<p>En effet, tout le monde n&rsquo;aime pas forc\u00e9ment \u00eatre touch\u00e9 sur certaines parties de leur corps, comme les pieds ou la t\u00eate.<\/p>\n\n\n\n<p>Ainsi, il est possible de localiser le travail d&rsquo;acupressure uniquement sur les mains, et inversement.<\/p>\n\n\n\n<p>De plus, cela permet d&rsquo;activer les points \u00e0 diff\u00e9rents endroits du corps.<\/p>\n\n\n\n<p>Ce qui permet de renforcer leurs effets respectifs en les croisant, donc d&rsquo;\u00eatre encore plus efficace.<\/p>\n\n\n\n<p>Si ces m\u00e9thodes sont aussi int\u00e9ressantes pour vous, notez que nous les proposons \u00e9galement en ligne et \u00e0 distance (voir menu principal \u00ab&nbsp;Acad\u00e9mie&nbsp;\u00bb).<\/p>\n\n\n\n<h2 class=\"wp-block-heading\"><span class=\"ez-toc-section\" id=\"Devenir_maitre_praticien_en_reflexologie\"><\/span><strong>Devenir ma\u00eetre praticien en r\u00e9flexologie<\/strong><span class=\"ez-toc-section-end\"><\/span><\/h2>\n\n\n\n<p>Nous l&rsquo;avons dit, en plus de cette formation r\u00e9flexologie <strong>faciale<\/strong> en ligne et \u00e0 distance, vous pouvez \u00e9galement vous former aux m\u00e9thodes <strong>plantaire<\/strong> et <strong>palmaire<\/strong>.<\/p>\n\n\n\n<p>En cumulant ces trois m\u00e9thodes, ainsi que l&rsquo;<strong>EFT<\/strong>, tr\u00e8s compl\u00e9mentaire dans la lib\u00e9ration des \u00e9nergies, vous pouvez devenir ma\u00eetre praticien en r\u00e9flexologie.<\/p>\n\n\n\n<p>Cela vous int\u00e9resse \u00e9galement&nbsp;?<\/p>\n\n\n\n<p>Alors, d\u00e9couvrez vite cette offre de formation dans notre boutique en ligne.<\/p>\n\n\n\n<p>Ou sur la page de pr\u00e9sentation de nos diff\u00e9rents programmes en r\u00e9flexologie (rubrique \u00ab&nbsp;Acad\u00e9mie&nbsp;\u00bb).<\/p>\n\n\n\n<p>Et s&rsquo;il vous reste une question avant de vous inscrire, surtout n&rsquo;h\u00e9sitez pas \u00e0 nous contacter.<\/p>\n\n\n\n<p>Car m\u00eame \u00e0 distance, nous ne sommes jamais bien loin \ud83d\ude09<\/p>\n","protected":false},"excerpt":{"rendered":"<p>Formation r\u00e9flexologie faciale &amp; cr\u00e2nienne pour tous Oui, notre formation r\u00e9flexologie faciale et cr\u00e2nienne est bien destin\u00e9e \u00e0 tout le monde&nbsp;! Ainsi, que vous soyez&nbsp;: vous \u00eates au bon endroit&nbsp;!<\/p>\n","protected":false},"author":2,"featured_media":0,"comment_status":"open","ping_status":"closed","sticky":false,"template":"","format":"standard","meta":{"_bbp_topic_count":0,"_bbp_reply_count":0,"_bbp_total_topic_count":0,"_bbp_total_reply_count":0,"_bbp_voice_count":0,"_bbp_anonymous_reply_count":0,"_bbp_topic_count_hidden":0,"_bbp_reply_count_hidden":0,"_bbp_forum_subforum_count":0,"footnotes":""},"categories":[6],"tags":[],"class_list":["post-20601","post","type-post","status-publish","format-standard","hentry","category-formation-en-developpement-personnel"],"yoast_head":"<!-- This site is optimized with the Yoast SEO plugin v27.4 - https:\/\/yoast.com\/product\/yoast-seo-wordpress\/ -->\n<title>Formation r\u00e9flexologie faciale &amp; cr\u00e2nienne - Agoracad\u00e9mie<\/title>\n<meta name=\"description\" content=\"Vous recherchez une formation r\u00e9flexologie faciale &amp; cr\u00e2nienne pour le plaisir ou pour ajouter une corde \u00e0 votre arc ? Vous l&#039;avez trouv\u00e9\u00a0!\" \/>\n<meta name=\"robots\" content=\"index, follow, max-snippet:-1, max-image-preview:large, max-video-preview:-1\" \/>\n<link rel=\"canonical\" href=\"https:\/\/www.agoracademie.com\/blog\/formation-reflexologie-faciale\/\" \/>\n<meta property=\"og:locale\" content=\"fr_FR\" \/>\n<meta property=\"og:type\" content=\"article\" \/>\n<meta property=\"og:title\" content=\"Formation r\u00e9flexologie faciale &amp; cr\u00e2nienne - Agoracad\u00e9mie\" \/>\n<meta property=\"og:description\" content=\"Vous recherchez une formation r\u00e9flexologie faciale &amp; cr\u00e2nienne pour le plaisir ou pour ajouter une corde \u00e0 votre arc ? Vous l&#039;avez trouv\u00e9\u00a0!\" \/>\n<meta property=\"og:url\" content=\"https:\/\/www.agoracademie.com\/blog\/formation-reflexologie-faciale\/\" \/>\n<meta property=\"og:site_name\" content=\"Agoracad\u00e9mie\" \/>\n<meta property=\"article:published_time\" content=\"2023-07-19T16:03:57+00:00\" \/>\n<meta property=\"article:modified_time\" content=\"2025-07-12T07:15:13+00:00\" \/>\n<meta property=\"og:image\" content=\"https:\/\/www.agoracademie.com\/blog\/wp-content\/uploads\/2023\/07\/formation-reflexologie-faciale.jpg\" \/>\n\t<meta property=\"og:image:width\" content=\"1079\" \/>\n\t<meta property=\"og:image:height\" content=\"538\" \/>\n\t<meta property=\"og:image:type\" content=\"image\/jpeg\" \/>\n<meta name=\"author\" content=\"Laurent Bertrel\" \/>\n<meta name=\"twitter:label1\" content=\"\u00c9crit par\" \/>\n\t<meta name=\"twitter:data1\" content=\"Laurent Bertrel\" \/>\n\t<meta name=\"twitter:label2\" content=\"Dur\u00e9e de lecture estim\u00e9e\" \/>\n\t<meta name=\"twitter:data2\" content=\"5 minutes\" \/>\n<script type=\"application\/ld+json\" class=\"yoast-schema-graph\">{\"@context\":\"https:\\\/\\\/schema.org\",\"@graph\":[{\"@type\":\"Article\",\"@id\":\"https:\\\/\\\/www.agoracademie.com\\\/blog\\\/formation-reflexologie-faciale\\\/#article\",\"isPartOf\":{\"@id\":\"https:\\\/\\\/www.agoracademie.com\\\/blog\\\/formation-reflexologie-faciale\\\/\"},\"author\":{\"name\":\"Laurent Bertrel\",\"@id\":\"https:\\\/\\\/www.agoracademie.com\\\/blog\\\/#\\\/schema\\\/person\\\/c2f110c50be7dcecc05cb4e87f32537f\"},\"headline\":\"Formation r\u00e9flexologie faciale\",\"datePublished\":\"2023-07-19T16:03:57+00:00\",\"dateModified\":\"2025-07-12T07:15:13+00:00\",\"mainEntityOfPage\":{\"@id\":\"https:\\\/\\\/www.agoracademie.com\\\/blog\\\/formation-reflexologie-faciale\\\/\"},\"wordCount\":874,\"commentCount\":2,\"image\":{\"@id\":\"https:\\\/\\\/www.agoracademie.com\\\/blog\\\/formation-reflexologie-faciale\\\/#primaryimage\"},\"thumbnailUrl\":\"https:\\\/\\\/www.agoracademie.com\\\/blog\\\/wp-content\\\/uploads\\\/2023\\\/07\\\/formation-reflexologie-faciale-1024x511.jpg\",\"articleSection\":[\"Formation\"],\"inLanguage\":\"fr-FR\",\"potentialAction\":[{\"@type\":\"CommentAction\",\"name\":\"Comment\",\"target\":[\"https:\\\/\\\/www.agoracademie.com\\\/blog\\\/formation-reflexologie-faciale\\\/#respond\"]}]},{\"@type\":\"WebPage\",\"@id\":\"https:\\\/\\\/www.agoracademie.com\\\/blog\\\/formation-reflexologie-faciale\\\/\",\"url\":\"https:\\\/\\\/www.agoracademie.com\\\/blog\\\/formation-reflexologie-faciale\\\/\",\"name\":\"Formation r\u00e9flexologie faciale & cr\u00e2nienne - Agoracad\u00e9mie\",\"isPartOf\":{\"@id\":\"https:\\\/\\\/www.agoracademie.com\\\/blog\\\/#website\"},\"primaryImageOfPage\":{\"@id\":\"https:\\\/\\\/www.agoracademie.com\\\/blog\\\/formation-reflexologie-faciale\\\/#primaryimage\"},\"image\":{\"@id\":\"https:\\\/\\\/www.agoracademie.com\\\/blog\\\/formation-reflexologie-faciale\\\/#primaryimage\"},\"thumbnailUrl\":\"https:\\\/\\\/www.agoracademie.com\\\/blog\\\/wp-content\\\/uploads\\\/2023\\\/07\\\/formation-reflexologie-faciale-1024x511.jpg\",\"datePublished\":\"2023-07-19T16:03:57+00:00\",\"dateModified\":\"2025-07-12T07:15:13+00:00\",\"author\":{\"@id\":\"https:\\\/\\\/www.agoracademie.com\\\/blog\\\/#\\\/schema\\\/person\\\/c2f110c50be7dcecc05cb4e87f32537f\"},\"description\":\"Vous recherchez une formation r\u00e9flexologie faciale & cr\u00e2nienne pour le plaisir ou pour ajouter une corde \u00e0 votre arc ? Vous l'avez trouv\u00e9\u00a0!\",\"breadcrumb\":{\"@id\":\"https:\\\/\\\/www.agoracademie.com\\\/blog\\\/formation-reflexologie-faciale\\\/#breadcrumb\"},\"inLanguage\":\"fr-FR\",\"potentialAction\":[{\"@type\":\"ReadAction\",\"target\":[\"https:\\\/\\\/www.agoracademie.com\\\/blog\\\/formation-reflexologie-faciale\\\/\"]}]},{\"@type\":\"ImageObject\",\"inLanguage\":\"fr-FR\",\"@id\":\"https:\\\/\\\/www.agoracademie.com\\\/blog\\\/formation-reflexologie-faciale\\\/#primaryimage\",\"url\":\"https:\\\/\\\/www.agoracademie.com\\\/blog\\\/wp-content\\\/uploads\\\/2023\\\/07\\\/formation-reflexologie-faciale.jpg\",\"contentUrl\":\"https:\\\/\\\/www.agoracademie.com\\\/blog\\\/wp-content\\\/uploads\\\/2023\\\/07\\\/formation-reflexologie-faciale.jpg\",\"width\":1079,\"height\":538},{\"@type\":\"BreadcrumbList\",\"@id\":\"https:\\\/\\\/www.agoracademie.com\\\/blog\\\/formation-reflexologie-faciale\\\/#breadcrumb\",\"itemListElement\":[{\"@type\":\"ListItem\",\"position\":1,\"name\":\"Accueil\",\"item\":\"https:\\\/\\\/www.agoracademie.com\\\/blog\\\/\"},{\"@type\":\"ListItem\",\"position\":2,\"name\":\"Formation r\u00e9flexologie faciale\"}]},{\"@type\":\"WebSite\",\"@id\":\"https:\\\/\\\/www.agoracademie.com\\\/blog\\\/#website\",\"url\":\"https:\\\/\\\/www.agoracademie.com\\\/blog\\\/\",\"name\":\"Blog Agoracad\u00e9mie - Centre de formation en ligne et \u00e0 distance\",\"description\":\"Le blog du d\u00e9veloppement personnel et des th\u00e9rapies\",\"potentialAction\":[{\"@type\":\"SearchAction\",\"target\":{\"@type\":\"EntryPoint\",\"urlTemplate\":\"https:\\\/\\\/www.agoracademie.com\\\/blog\\\/?s={search_term_string}\"},\"query-input\":{\"@type\":\"PropertyValueSpecification\",\"valueRequired\":true,\"valueName\":\"search_term_string\"}}],\"inLanguage\":\"fr-FR\"},{\"@type\":\"Person\",\"@id\":\"https:\\\/\\\/www.agoracademie.com\\\/blog\\\/#\\\/schema\\\/person\\\/c2f110c50be7dcecc05cb4e87f32537f\",\"name\":\"Laurent Bertrel\",\"image\":{\"@type\":\"ImageObject\",\"inLanguage\":\"fr-FR\",\"@id\":\"https:\\\/\\\/secure.gravatar.com\\\/avatar\\\/45841390e6db2f4064cc5f84ee39189cf562b1de36eb5b1b7cc82dee445813a4?s=96&r=g\",\"url\":\"https:\\\/\\\/secure.gravatar.com\\\/avatar\\\/45841390e6db2f4064cc5f84ee39189cf562b1de36eb5b1b7cc82dee445813a4?s=96&r=g\",\"contentUrl\":\"https:\\\/\\\/secure.gravatar.com\\\/avatar\\\/45841390e6db2f4064cc5f84ee39189cf562b1de36eb5b1b7cc82dee445813a4?s=96&r=g\",\"caption\":\"Laurent Bertrel\"},\"description\":\"Laurent Bertrel est le fondateur d'Agoracad\u00e9mie. Titulaire d'une licence en sciences humaines et sociales, d'une ma\u00eetrise et d'un master en psychanalyse, d'un master en \u00e9tudes culturelles parcours \u00e9tudes de genre, du DU connaissances g\u00e9n\u00e9rales de la personne \u00e2g\u00e9e, il est aussi form\u00e9 \u00e0 diff\u00e9rentes approches dont la PNL, la sophrologie, la relaxation, l'hypnose, le coaching, la m\u00e9ditation, les arts martiaux, etc. Auteur de plus de 40 ouvrages, dont 18 livres, il anime plusieurs formations sur Agoracad\u00e9mie et r\u00e9pondra au message que vous allez laisser ci-dessous.\",\"sameAs\":[\"https:\\\/\\\/www.agoracademie.com\\\/\"]}]}<\/script>\n<!-- \/ Yoast SEO plugin. -->","yoast_head_json":{"title":"Formation r\u00e9flexologie faciale & cr\u00e2nienne - Agoracad\u00e9mie","description":"Vous recherchez une formation r\u00e9flexologie faciale & cr\u00e2nienne pour le plaisir ou pour ajouter une corde \u00e0 votre arc ? Vous l'avez trouv\u00e9\u00a0!","robots":{"index":"index","follow":"follow","max-snippet":"max-snippet:-1","max-image-preview":"max-image-preview:large","max-video-preview":"max-video-preview:-1"},"canonical":"https:\/\/www.agoracademie.com\/blog\/formation-reflexologie-faciale\/","og_locale":"fr_FR","og_type":"article","og_title":"Formation r\u00e9flexologie faciale & cr\u00e2nienne - Agoracad\u00e9mie","og_description":"Vous recherchez une formation r\u00e9flexologie faciale & cr\u00e2nienne pour le plaisir ou pour ajouter une corde \u00e0 votre arc ? Vous l'avez trouv\u00e9\u00a0!","og_url":"https:\/\/www.agoracademie.com\/blog\/formation-reflexologie-faciale\/","og_site_name":"Agoracad\u00e9mie","article_published_time":"2023-07-19T16:03:57+00:00","article_modified_time":"2025-07-12T07:15:13+00:00","og_image":[{"width":1079,"height":538,"url":"https:\/\/www.agoracademie.com\/blog\/wp-content\/uploads\/2023\/07\/formation-reflexologie-faciale.jpg","type":"image\/jpeg"}],"author":"Laurent Bertrel","twitter_misc":{"\u00c9crit par":"Laurent Bertrel","Dur\u00e9e de lecture estim\u00e9e":"5 minutes"},"schema":{"@context":"https:\/\/schema.org","@graph":[{"@type":"Article","@id":"https:\/\/www.agoracademie.com\/blog\/formation-reflexologie-faciale\/#article","isPartOf":{"@id":"https:\/\/www.agoracademie.com\/blog\/formation-reflexologie-faciale\/"},"author":{"name":"Laurent Bertrel","@id":"https:\/\/www.agoracademie.com\/blog\/#\/schema\/person\/c2f110c50be7dcecc05cb4e87f32537f"},"headline":"Formation r\u00e9flexologie faciale","datePublished":"2023-07-19T16:03:57+00:00","dateModified":"2025-07-12T07:15:13+00:00","mainEntityOfPage":{"@id":"https:\/\/www.agoracademie.com\/blog\/formation-reflexologie-faciale\/"},"wordCount":874,"commentCount":2,"image":{"@id":"https:\/\/www.agoracademie.com\/blog\/formation-reflexologie-faciale\/#primaryimage"},"thumbnailUrl":"https:\/\/www.agoracademie.com\/blog\/wp-content\/uploads\/2023\/07\/formation-reflexologie-faciale-1024x511.jpg","articleSection":["Formation"],"inLanguage":"fr-FR","potentialAction":[{"@type":"CommentAction","name":"Comment","target":["https:\/\/www.agoracademie.com\/blog\/formation-reflexologie-faciale\/#respond"]}]},{"@type":"WebPage","@id":"https:\/\/www.agoracademie.com\/blog\/formation-reflexologie-faciale\/","url":"https:\/\/www.agoracademie.com\/blog\/formation-reflexologie-faciale\/","name":"Formation r\u00e9flexologie faciale & cr\u00e2nienne - Agoracad\u00e9mie","isPartOf":{"@id":"https:\/\/www.agoracademie.com\/blog\/#website"},"primaryImageOfPage":{"@id":"https:\/\/www.agoracademie.com\/blog\/formation-reflexologie-faciale\/#primaryimage"},"image":{"@id":"https:\/\/www.agoracademie.com\/blog\/formation-reflexologie-faciale\/#primaryimage"},"thumbnailUrl":"https:\/\/www.agoracademie.com\/blog\/wp-content\/uploads\/2023\/07\/formation-reflexologie-faciale-1024x511.jpg","datePublished":"2023-07-19T16:03:57+00:00","dateModified":"2025-07-12T07:15:13+00:00","author":{"@id":"https:\/\/www.agoracademie.com\/blog\/#\/schema\/person\/c2f110c50be7dcecc05cb4e87f32537f"},"description":"Vous recherchez une formation r\u00e9flexologie faciale & cr\u00e2nienne pour le plaisir ou pour ajouter une corde \u00e0 votre arc ? Vous l'avez trouv\u00e9\u00a0!","breadcrumb":{"@id":"https:\/\/www.agoracademie.com\/blog\/formation-reflexologie-faciale\/#breadcrumb"},"inLanguage":"fr-FR","potentialAction":[{"@type":"ReadAction","target":["https:\/\/www.agoracademie.com\/blog\/formation-reflexologie-faciale\/"]}]},{"@type":"ImageObject","inLanguage":"fr-FR","@id":"https:\/\/www.agoracademie.com\/blog\/formation-reflexologie-faciale\/#primaryimage","url":"https:\/\/www.agoracademie.com\/blog\/wp-content\/uploads\/2023\/07\/formation-reflexologie-faciale.jpg","contentUrl":"https:\/\/www.agoracademie.com\/blog\/wp-content\/uploads\/2023\/07\/formation-reflexologie-faciale.jpg","width":1079,"height":538},{"@type":"BreadcrumbList","@id":"https:\/\/www.agoracademie.com\/blog\/formation-reflexologie-faciale\/#breadcrumb","itemListElement":[{"@type":"ListItem","position":1,"name":"Accueil","item":"https:\/\/www.agoracademie.com\/blog\/"},{"@type":"ListItem","position":2,"name":"Formation r\u00e9flexologie faciale"}]},{"@type":"WebSite","@id":"https:\/\/www.agoracademie.com\/blog\/#website","url":"https:\/\/www.agoracademie.com\/blog\/","name":"Blog Agoracad\u00e9mie - Centre de formation en ligne et \u00e0 distance","description":"Le blog du d\u00e9veloppement personnel et des th\u00e9rapies","potentialAction":[{"@type":"SearchAction","target":{"@type":"EntryPoint","urlTemplate":"https:\/\/www.agoracademie.com\/blog\/?s={search_term_string}"},"query-input":{"@type":"PropertyValueSpecification","valueRequired":true,"valueName":"search_term_string"}}],"inLanguage":"fr-FR"},{"@type":"Person","@id":"https:\/\/www.agoracademie.com\/blog\/#\/schema\/person\/c2f110c50be7dcecc05cb4e87f32537f","name":"Laurent Bertrel","image":{"@type":"ImageObject","inLanguage":"fr-FR","@id":"https:\/\/secure.gravatar.com\/avatar\/45841390e6db2f4064cc5f84ee39189cf562b1de36eb5b1b7cc82dee445813a4?s=96&r=g","url":"https:\/\/secure.gravatar.com\/avatar\/45841390e6db2f4064cc5f84ee39189cf562b1de36eb5b1b7cc82dee445813a4?s=96&r=g","contentUrl":"https:\/\/secure.gravatar.com\/avatar\/45841390e6db2f4064cc5f84ee39189cf562b1de36eb5b1b7cc82dee445813a4?s=96&r=g","caption":"Laurent Bertrel"},"description":"Laurent Bertrel est le fondateur d'Agoracad\u00e9mie. Titulaire d'une licence en sciences humaines et sociales, d'une ma\u00eetrise et d'un master en psychanalyse, d'un master en \u00e9tudes culturelles parcours \u00e9tudes de genre, du DU connaissances g\u00e9n\u00e9rales de la personne \u00e2g\u00e9e, il est aussi form\u00e9 \u00e0 diff\u00e9rentes approches dont la PNL, la sophrologie, la relaxation, l'hypnose, le coaching, la m\u00e9ditation, les arts martiaux, etc. Auteur de plus de 40 ouvrages, dont 18 livres, il anime plusieurs formations sur Agoracad\u00e9mie et r\u00e9pondra au message que vous allez laisser ci-dessous.","sameAs":["https:\/\/www.agoracademie.com\/"]}]}},"acf":[],"_links":{"self":[{"href":"https:\/\/www.agoracademie.com\/blog\/wp-json\/wp\/v2\/posts\/20601","targetHints":{"allow":["GET"]}}],"collection":[{"href":"https:\/\/www.agoracademie.com\/blog\/wp-json\/wp\/v2\/posts"}],"about":[{"href":"https:\/\/www.agoracademie.com\/blog\/wp-json\/wp\/v2\/types\/post"}],"author":[{"embeddable":true,"href":"https:\/\/www.agoracademie.com\/blog\/wp-json\/wp\/v2\/users\/2"}],"replies":[{"embeddable":true,"href":"https:\/\/www.agoracademie.com\/blog\/wp-json\/wp\/v2\/comments?post=20601"}],"version-history":[{"count":5,"href":"https:\/\/www.agoracademie.com\/blog\/wp-json\/wp\/v2\/posts\/20601\/revisions"}],"predecessor-version":[{"id":21808,"href":"https:\/\/www.agoracademie.com\/blog\/wp-json\/wp\/v2\/posts\/20601\/revisions\/21808"}],"wp:attachment":[{"href":"https:\/\/www.agoracademie.com\/blog\/wp-json\/wp\/v2\/media?parent=20601"}],"wp:term":[{"taxonomy":"category","embeddable":true,"href":"https:\/\/www.agoracademie.com\/blog\/wp-json\/wp\/v2\/categories?post=20601"},{"taxonomy":"post_tag","embeddable":true,"href":"https:\/\/www.agoracademie.com\/blog\/wp-json\/wp\/v2\/tags?post=20601"}],"curies":[{"name":"wp","href":"https:\/\/api.w.org\/{rel}","templated":true}]}}