{"id":20675,"date":"2023-08-09T18:45:27","date_gmt":"2023-08-09T16:45:27","guid":{"rendered":"https:\/\/www.agoracademie.com\/blog\/?p=20675"},"modified":"2025-07-12T09:13:25","modified_gmt":"2025-07-12T07:13:25","slug":"formation-courte-reflexologie-plantaire","status":"publish","type":"post","link":"https:\/\/www.agoracademie.com\/blog\/formation-courte-reflexologie-plantaire\/","title":{"rendered":"Formation courte r\u00e9flexologie plantaire"},"content":{"rendered":"<div class=\"wp-block-image\">\n<figure class=\"aligncenter size-large\"><img loading=\"lazy\" decoding=\"async\" width=\"1024\" height=\"511\" src=\"https:\/\/www.agoracademie.com\/blog\/wp-content\/uploads\/2023\/08\/formation-courte-reflexologie-plantaire-1024x511.jpg\" alt=\"Formation courte r\u00e9flexologie plantaire\" class=\"wp-image-20676\" srcset=\"https:\/\/www.agoracademie.com\/blog\/wp-content\/uploads\/2023\/08\/formation-courte-reflexologie-plantaire-1024x511.jpg 1024w, https:\/\/www.agoracademie.com\/blog\/wp-content\/uploads\/2023\/08\/formation-courte-reflexologie-plantaire-300x150.jpg 300w, https:\/\/www.agoracademie.com\/blog\/wp-content\/uploads\/2023\/08\/formation-courte-reflexologie-plantaire-768x383.jpg 768w, https:\/\/www.agoracademie.com\/blog\/wp-content\/uploads\/2023\/08\/formation-courte-reflexologie-plantaire.jpg 1079w\" sizes=\"auto, (max-width: 1024px) 100vw, 1024px\" \/><figcaption class=\"wp-element-caption\">Une formation courte pour tous !<\/figcaption><\/figure><div id=\"ez-toc-container\" class=\"ez-toc-v2_0_82_2 ez-toc-wrap-center counter-hierarchy ez-toc-counter ez-toc-transparent ez-toc-container-direction\">\n<div class=\"ez-toc-title-container\">\n<p class=\"ez-toc-title\" style=\"cursor:inherit\">Sommaire<\/p>\n<span class=\"ez-toc-title-toggle\"><a href=\"#\" class=\"ez-toc-pull-right ez-toc-btn ez-toc-btn-xs ez-toc-btn-default ez-toc-toggle\" aria-label=\"Toggle Table of Content\"><span class=\"ez-toc-js-icon-con\"><span class=\"\"><span class=\"eztoc-hide\" style=\"display:none;\">Toggle<\/span><span class=\"ez-toc-icon-toggle-span\"><svg style=\"fill: #999;color:#999\" xmlns=\"http:\/\/www.w3.org\/2000\/svg\" class=\"list-377408\" width=\"20px\" height=\"20px\" viewBox=\"0 0 24 24\" fill=\"none\"><path d=\"M6 6H4v2h2V6zm14 0H8v2h12V6zM4 11h2v2H4v-2zm16 0H8v2h12v-2zM4 16h2v2H4v-2zm16 0H8v2h12v-2z\" fill=\"currentColor\"><\/path><\/svg><svg style=\"fill: #999;color:#999\" class=\"arrow-unsorted-368013\" xmlns=\"http:\/\/www.w3.org\/2000\/svg\" width=\"10px\" height=\"10px\" viewBox=\"0 0 24 24\" version=\"1.2\" baseProfile=\"tiny\"><path d=\"M18.2 9.3l-6.2-6.3-6.2 6.3c-.2.2-.3.4-.3.7s.1.5.3.7c.2.2.4.3.7.3h11c.3 0 .5-.1.7-.3.2-.2.3-.5.3-.7s-.1-.5-.3-.7zM5.8 14.7l6.2 6.3 6.2-6.3c.2-.2.3-.5.3-.7s-.1-.5-.3-.7c-.2-.2-.4-.3-.7-.3h-11c-.3 0-.5.1-.7.3-.2.2-.3.5-.3.7s.1.5.3.7z\"\/><\/svg><\/span><\/span><\/span><\/a><\/span><\/div>\n<nav><ul class='ez-toc-list ez-toc-list-level-1 ' ><li class='ez-toc-page-1 ez-toc-heading-level-2'><a class=\"ez-toc-link ez-toc-heading-1\" href=\"https:\/\/www.agoracademie.com\/blog\/formation-courte-reflexologie-plantaire\/#Votre_formation_courte_reflexologie_plantaire\" >Votre formation courte r\u00e9flexologie plantaire<\/a><\/li><li class='ez-toc-page-1 ez-toc-heading-level-2'><a class=\"ez-toc-link ez-toc-heading-2\" href=\"https:\/\/www.agoracademie.com\/blog\/formation-courte-reflexologie-plantaire\/#Quel_est_le_programme\" >Quel est le programme&nbsp;?<\/a><ul class='ez-toc-list-level-3' ><li class='ez-toc-heading-level-3'><a class=\"ez-toc-link ez-toc-heading-3\" href=\"https:\/\/www.agoracademie.com\/blog\/formation-courte-reflexologie-plantaire\/#Formation_reflexogie\" >Formation r\u00e9flexogie<\/a><\/li><li class='ez-toc-page-1 ez-toc-heading-level-3'><a class=\"ez-toc-link ez-toc-heading-4\" href=\"https:\/\/www.agoracademie.com\/blog\/formation-courte-reflexologie-plantaire\/#Le_niveau_technicien\" >Le niveau technicien<\/a><\/li><li class='ez-toc-page-1 ez-toc-heading-level-3'><a class=\"ez-toc-link ez-toc-heading-5\" href=\"https:\/\/www.agoracademie.com\/blog\/formation-courte-reflexologie-plantaire\/#Le_niveau_praticien\" >Le niveau praticien<\/a><\/li><\/ul><\/li><li class='ez-toc-page-1 ez-toc-heading-level-2'><a class=\"ez-toc-link ez-toc-heading-6\" href=\"https:\/\/www.agoracademie.com\/blog\/formation-courte-reflexologie-plantaire\/#Quelques_heures_seulement\" >Quelques heures seulement&nbsp;?<\/a><\/li><\/ul><\/nav><\/div>\n\n<\/div>\n\n\n<h2 class=\"wp-block-heading\"><span class=\"ez-toc-section\" id=\"Votre_formation_courte_reflexologie_plantaire\"><\/span><strong>Votre formation courte r\u00e9flexologie plantaire<\/strong><span class=\"ez-toc-section-end\"><\/span><\/h2>\n\n\n\n<p>Vous cherchez une formation courte r\u00e9flexologie plantaire vous permettant d&rsquo;ajouter rapidement une nouvelle corde \u00e0 votre arc&nbsp;?<\/p>\n\n\n\n<p>Alors, ne cherchez plus, car vous l&rsquo;avez trouv\u00e9&nbsp;!<\/p>\n\n\n\n<!--more-->\n\n\n\n<p>En effet, nous proposons un programme facilement assimilable destin\u00e9&nbsp;:<\/p>\n\n\n\n<ul class=\"wp-block-list\">\n<li>au <strong>professionnel <\/strong>qui veut diversifier son offre,<\/li>\n\n\n\n<li>et au <strong>particulier<\/strong> souhaitant aider ses proches en leur offrant un massage.<\/li>\n<\/ul>\n\n\n\n<p>Cela vous parle&nbsp;?<\/p>\n\n\n\n<p>Nous vous invitons donc \u00e0 d\u00e9couvrir d\u00e8s maintenant le programme, puis \u00e0 vous inscrire pour d\u00e9buter imm\u00e9diatement votre apprentissage.<\/p>\n\n\n\n<h2 class=\"wp-block-heading\"><span class=\"ez-toc-section\" id=\"Quel_est_le_programme\"><\/span><strong>Quel est le programme&nbsp;?<\/strong><span class=\"ez-toc-section-end\"><\/span><\/h2>\n\n\n\n<p>Dans notre <a href=\"https:\/\/www.agoracademie.com\/blog\/formation-reflexologie-faciale\/\">formation<\/a> courte r\u00e9flexologie plantaire, vous allez dans un premier temps vous familiariser avec la m\u00e9thode.<\/p>\n\n\n\n<p>Cela en d\u00e9couvrant tout d&rsquo;abord l&rsquo;histoire des massages r\u00e9flexes qui, mill\u00e9naires, <strong>prouvent leur efficacit\u00e9<\/strong>.<\/p>\n\n\n\n<p>Sinon, ils auraient, depuis bien longtemps, disparus de la liste des m\u00e9thodes th\u00e9rapeutiques et de bien-\u00eatre.<\/p>\n\n\n\n<p>Bien au contraire, la <a href=\"https:\/\/www.agoracademie.com\/blog\/formation-reflexologie-palmaire\/\">r\u00e9flexologie<\/a> reste en t\u00eate des m\u00e9thodes \u00e9nerg\u00e9tiques favorisant la sant\u00e9 et l&rsquo;harmonie.<\/p>\n\n\n\n<div class=\"wp-block-magic-content-box-content-box aligncenter magic-content-box-f692211a-02cb-4 magic-content-box-contentBox block-wrapper-background content-align-center\"><style>.magic-content-box-f692211a-02cb-4 .magic-content-box-content-wrapper{text-align:center;margin-top:30px;margin-bottom:30px}.magic-content-box-f692211a-02cb-4 .magic-content-box-section-header-wrapper{border-color:#ff201f}.magic-content-box-f692211a-02cb-4 .magic-content-box-mainheader-wrap{box-shadow:0px 6px 12px -10px #000;border-radius:5px;background-color:#fff}.magic-content-box-f692211a-02cb-4 .magic-content-box-section-wrapper{padding-top:30px;padding-right:30px;padding-bottom:30px;padding-left:30px;margin-top:0px;margin-right:0px;margin-bottom:0px;margin-left:0px}.magic-content-box-f692211a-02cb-4 .magic-content-box-section-head-wrap{text-align:center;padding-top:0px;padding-right:0px;padding-bottom:0px;margin-top:0px;margin-bottom:0px;padding-left:0px}.magic-content-box-f692211a-02cb-4 .magic-content-box-section-head-wrap .magic-content-box-title{color:#404040;font-size:32px;font-family:Default;padding-top:5px;padding-bottom:5px}.magic-content-box-f692211a-02cb-4 .magic-content-box-section-head-wrap .magic-content-box-subtitle{color:#6d6d6d;font-size:18px;font-family:Default;padding-top:5px;padding-bottom:5px}.magic-content-box-f692211a-02cb-4 .magic-content-box-title-dash{color:#ff201f}.magic-content-box-f692211a-02cb-4 .magic-content-box-block-button span{color:#fff;border-width:1px;font-size:16px;font-family:Default}.magic-content-box-f692211a-02cb-4 .magic-content-box-block-button .magic-content-box-button{background-color:#ff201f}.magic-content-box-f692211a-02cb-4 .magic-content-box-block-button i{color:#fff;font-size:13px}.magic-content-box-f692211a-02cb-4 .magic-content-box-block-button{margin-top:10px;margin-bottom:10px}.magic-content-box-f692211a-02cb-4 .magic-content-box-button{padding-top:5px;padding-right:15px;padding-bottom:5px;padding-left:15px}@media screen and (max-width:1025px){.magic-content-box-f692211a-02cb-4 .magic-content-box-section-head-wrap .magic-content-box-title{font-size:undefinedpx}.magic-content-box-f692211a-02cb-4 .magic-content-box-section-head-wrap .magic-content-box-subtitle{font-size:undefinedpx}.magic-content-box-f692211a-02cb-4 .magic-content-box-block-button span{font-size:undefinedpx}.magic-content-box-f692211a-02cb-4 .magic-content-box-block-button i{font-size:px}}@media screen and (max-width:767px){.magic-content-box-f692211a-02cb-4 .magic-content-box-section-head-wrap .magic-content-box-title{font-size:undefinedpx}.magic-content-box-f692211a-02cb-4 .magic-content-box-section-head-wrap .magic-content-box-subtitle{font-size:undefinedpx}.magic-content-box-f692211a-02cb-4 .magic-content-box-block-button span{font-size:undefinedpx}.magic-content-box-f692211a-02cb-4 .magic-content-box-block-button i{font-size:px}}<\/style><div class=\"content-wrapper-inner\"><div class=\"magic-content-box-content-wrapper magic-content-box-blocks has-background style-1\"><div class=\"content-img-wrap\"><img decoding=\"async\" src=\"https:\/\/www.agoracademie.com\/blog\/wp-content\/uploads\/2020\/08\/Formation-massage-en-ligne.jpg\" alt=\"Formation r\u00e9flexologie\" class=\"\"\/><\/div><div class=\"magic-content-box-section-wrapper magic-content-box-mainheader-wrap\"><div class=\"magic-content-box-section-header-wrapper magic-content-box-blocks\"><div class=\"magic-content-box-section-head-wrap magic-content-box-style1 magic-content-box-center\"><div class=\"magic-content-box-title-wrapper\"><span class=\"magic-content-box-title-dash magic-content-box-upper-dash\"><\/span><h3 class=\"magic-content-box-title\"><span class=\"ez-toc-section\" id=\"Formation_reflexogie\"><\/span>Formation r\u00e9flexogie<span class=\"ez-toc-section-end\"><\/span><\/h3><span class=\"magic-content-box-title-dash magic-content-box-lower-dash\"><\/span><\/div><div class=\"magic-content-box-subtitle-wrapper\"><span class=\"magic-content-box-title-dash magic-content-box-upper-dash\"><\/span><p class=\"magic-content-box-subtitle\">Plantaire, palmaire et\/ou faciale : <br>devenez praticien ou ma\u00eetre praticien !<\/p><span class=\"magic-content-box-title-dash magic-content-box-lower-dash\"><\/span><\/div><\/div><\/div><div class=\"magic-content-box-desc-btn-wrap\"><div class=\"magic-content-box-block-button\"><a href=\"https:\/\/www.agoracademie.com\/academie\/formation-reflexologie-plantaire-palmaire\" class=\"magic-content-box-button magic-content-box-button-shape-rounded magic-content-box-button-size-small hover-style-1 btn-icon-left\"><span>PROGRAMMES<\/span><\/a><\/div><\/div><\/div><\/div><\/div><\/div>\n\n\n\n<h3 class=\"wp-block-heading\"><span class=\"ez-toc-section\" id=\"Le_niveau_technicien\"><\/span><strong>Le niveau technicien<\/strong><span class=\"ez-toc-section-end\"><\/span><\/h3>\n\n\n\n<p>Ce niveau est bien souvent suffisant pour <strong>pratiquer des massages \u00e0 la maison<\/strong>.<\/p>\n\n\n\n<p>C&rsquo;est le niveau de la d\u00e9couverte de la m\u00e9thode, permettant de commencer \u00e0 apprendre \u00e0 lire le pied comme un livre ouvert sur le corps.<\/p>\n\n\n\n<p>Vous allez donc commencer \u00e0 faire des projections du corps sur le pied et inversement.<\/p>\n\n\n\n<p>C&rsquo;est \u00e9galement le temps de la d\u00e9couverte des premi\u00e8res techniques, \u00e0 effectuer en s&rsquo;appropriant les gestes de base, comme&nbsp;:<\/p>\n\n\n\n<ul class=\"wp-block-list\">\n<li>la reptation du pouce,<\/li>\n\n\n\n<li>les gliss\u00e9s,<\/li>\n\n\n\n<li>le crochet,<\/li>\n\n\n\n<li>ou encore le travail r\u00e9alis\u00e9 sur les phalanges, etc.<\/li>\n<\/ul>\n\n\n\n<p>Les techniques de relaxation du pied sont \u00e0 l&rsquo;honneur, mais pas seulement&nbsp;!<\/p>\n\n\n\n<p>En effet, le but du niveau technicien est de vous guider vers la r\u00e9alisation d&rsquo;une s\u00e9ance ayant plut\u00f4t pour but&nbsp;:<\/p>\n\n\n\n<ul class=\"wp-block-list\">\n<li>de relaxer,<\/li>\n\n\n\n<li>d&rsquo;harmoniser,<\/li>\n\n\n\n<li>d&rsquo;oxyg\u00e9ner,<\/li>\n\n\n\n<li>et de d\u00e9toxifier.<\/li>\n<\/ul>\n\n\n\n<h3 class=\"wp-block-heading\"><span class=\"ez-toc-section\" id=\"Le_niveau_praticien\"><\/span><strong>Le niveau praticien<\/strong><span class=\"ez-toc-section-end\"><\/span><\/h3>\n\n\n\n<p><strong>Apr\u00e8s le niveau de la d\u00e9couverte, vient celui du perfectionnement.<\/strong><\/p>\n\n\n\n<p>Vous allez donc ici conforter vos acquis tout en perfectionnant la qualit\u00e9 du geste et des diff\u00e9rentes man\u0153uvres.<\/p>\n\n\n\n<p>Il vous sera alors plus facile de les r\u00e9aliser, et surtout d&rsquo;agir aux bons endroits, donc de la bonne mani\u00e8re.<\/p>\n\n\n\n<p>Cela en apprenant encore un peu plus \u00e0 localiser les zones r\u00e9flexes \u00e0 stimuler.<\/p>\n\n\n\n<p>Ce travail de pr\u00e9cision viendra alors renforcer la qualit\u00e9 et l&rsquo;efficacit\u00e9 de votre pratique, vous permettant d&rsquo;ajouter cette nouvelle corde \u00e0 votre arc professionnel que vous recherchez aujourd&rsquo;hui.<\/p>\n\n\n<div class=\"wp-block-image\">\n<figure class=\"aligncenter size-large\"><img loading=\"lazy\" decoding=\"async\" width=\"1024\" height=\"511\" src=\"https:\/\/www.agoracademie.com\/blog\/wp-content\/uploads\/2023\/08\/formation-courte-1024x511.jpg\" alt=\"Formation courte\" class=\"wp-image-20677\" srcset=\"https:\/\/www.agoracademie.com\/blog\/wp-content\/uploads\/2023\/08\/formation-courte-1024x511.jpg 1024w, https:\/\/www.agoracademie.com\/blog\/wp-content\/uploads\/2023\/08\/formation-courte-300x150.jpg 300w, https:\/\/www.agoracademie.com\/blog\/wp-content\/uploads\/2023\/08\/formation-courte-768x383.jpg 768w, https:\/\/www.agoracademie.com\/blog\/wp-content\/uploads\/2023\/08\/formation-courte.jpg 1079w\" sizes=\"auto, (max-width: 1024px) 100vw, 1024px\" \/><figcaption class=\"wp-element-caption\">Soyez ma\u00eetre de votre temps, commencez maintenant !<\/figcaption><\/figure>\n<\/div>\n\n\n<h2 class=\"wp-block-heading\"><span class=\"ez-toc-section\" id=\"Quelques_heures_seulement\"><\/span><strong>Quelques heures seulement&nbsp;?<\/strong><span class=\"ez-toc-section-end\"><\/span><\/h2>\n\n\n\n<p>Oui, vous pouvez r\u00e9aliser votre formation courte r\u00e9flexologie plantaire en quelques heures seulement.<\/p>\n\n\n\n<p>Cela en r\u00e9alisant le niveau technicien.<\/p>\n\n\n\n<p>Mais vous pouvez \u00e9galement aller plus loin, en passant par le niveau praticien, sans forc\u00e9ment vous engager sur un apprentissage durant des ann\u00e9es.<\/p>\n\n\n\n<p>Bien s\u00fbr, pour vous am\u00e9liorer, il faudra passer par une pratique r\u00e9guli\u00e8rement qui prendra du temps.<\/p>\n\n\n\n<p>Mais l&rsquo;apprentissage que nous vous proposons ici est facile et organis\u00e9 pour une appropriation rapide.<\/p>\n\n\n\n<p>Ceci dit, comme pour l&rsquo;apprentissage d&rsquo;un instrument de musique, plus vous allez y passer du temps, et plus la m\u00e9lodie que vous allez jouer sera belle&#8230;<\/p>\n\n\n\n<p>Donc, si un apprentissage rapide est envisageable, pour \u00eatre un pro efficace, il conviendra d&rsquo;<strong>investir&#8230; le temps n\u00e9cessaire<\/strong>&#8230;<\/p>\n\n\n\n<p>Pour vous inscrire et d\u00e9buter d\u00e8s aujourd&rsquo;hui votre formation courte r\u00e9flexologie plantaire, rendez-vous dans la section FORMATIONS de notre site.<\/p>\n\n\n\n<p>\u00c0 tout de suite&nbsp;!<\/p>\n","protected":false},"excerpt":{"rendered":"<p>Votre formation courte r\u00e9flexologie plantaire Vous cherchez une formation courte r\u00e9flexologie plantaire vous permettant d&rsquo;ajouter rapidement une nouvelle corde \u00e0 votre arc&nbsp;? Alors, ne cherchez plus, car vous l&rsquo;avez trouv\u00e9&nbsp;!<\/p>\n","protected":false},"author":2,"featured_media":0,"comment_status":"open","ping_status":"closed","sticky":false,"template":"","format":"standard","meta":{"_bbp_topic_count":0,"_bbp_reply_count":0,"_bbp_total_topic_count":0,"_bbp_total_reply_count":0,"_bbp_voice_count":0,"_bbp_anonymous_reply_count":0,"_bbp_topic_count_hidden":0,"_bbp_reply_count_hidden":0,"_bbp_forum_subforum_count":0,"footnotes":""},"categories":[6],"tags":[],"class_list":["post-20675","post","type-post","status-publish","format-standard","hentry","category-formation-en-developpement-personnel"],"yoast_head":"<!-- This site is optimized with the Yoast SEO plugin v27.4 - https:\/\/yoast.com\/product\/yoast-seo-wordpress\/ -->\n<title>Formation courte r\u00e9flexologie plantaire avec l&#039;\u00e9cole Agoracad\u00e9mie<\/title>\n<meta name=\"description\" content=\"Vous \u00eates \u00e0 la recherche d&#039;une formation courte r\u00e9flexologie plantaire pour ajouter une nouvelle corde \u00e0 votre arc professionnel\u00a0? La voici\u00a0!\" \/>\n<meta name=\"robots\" content=\"index, follow, max-snippet:-1, max-image-preview:large, max-video-preview:-1\" \/>\n<link rel=\"canonical\" href=\"https:\/\/www.agoracademie.com\/blog\/formation-courte-reflexologie-plantaire\/\" \/>\n<meta property=\"og:locale\" content=\"fr_FR\" \/>\n<meta property=\"og:type\" content=\"article\" \/>\n<meta property=\"og:title\" content=\"Formation courte r\u00e9flexologie plantaire avec l&#039;\u00e9cole Agoracad\u00e9mie\" \/>\n<meta property=\"og:description\" content=\"Vous \u00eates \u00e0 la recherche d&#039;une formation courte r\u00e9flexologie plantaire pour ajouter une nouvelle corde \u00e0 votre arc professionnel\u00a0? La voici\u00a0!\" \/>\n<meta property=\"og:url\" content=\"https:\/\/www.agoracademie.com\/blog\/formation-courte-reflexologie-plantaire\/\" \/>\n<meta property=\"og:site_name\" content=\"Agoracad\u00e9mie\" \/>\n<meta property=\"article:published_time\" content=\"2023-08-09T16:45:27+00:00\" \/>\n<meta property=\"article:modified_time\" content=\"2025-07-12T07:13:25+00:00\" \/>\n<meta property=\"og:image\" content=\"https:\/\/www.agoracademie.com\/blog\/wp-content\/uploads\/2023\/08\/formation-courte-reflexologie-plantaire.jpg\" \/>\n\t<meta property=\"og:image:width\" content=\"1079\" \/>\n\t<meta property=\"og:image:height\" content=\"538\" \/>\n\t<meta property=\"og:image:type\" content=\"image\/jpeg\" \/>\n<meta name=\"author\" content=\"Laurent Bertrel\" \/>\n<meta name=\"twitter:label1\" content=\"\u00c9crit par\" \/>\n\t<meta name=\"twitter:data1\" content=\"Laurent Bertrel\" \/>\n\t<meta name=\"twitter:label2\" content=\"Dur\u00e9e de lecture estim\u00e9e\" \/>\n\t<meta name=\"twitter:data2\" content=\"4 minutes\" \/>\n<script type=\"application\/ld+json\" class=\"yoast-schema-graph\">{\"@context\":\"https:\\\/\\\/schema.org\",\"@graph\":[{\"@type\":\"Article\",\"@id\":\"https:\\\/\\\/www.agoracademie.com\\\/blog\\\/formation-courte-reflexologie-plantaire\\\/#article\",\"isPartOf\":{\"@id\":\"https:\\\/\\\/www.agoracademie.com\\\/blog\\\/formation-courte-reflexologie-plantaire\\\/\"},\"author\":{\"name\":\"Laurent Bertrel\",\"@id\":\"https:\\\/\\\/www.agoracademie.com\\\/blog\\\/#\\\/schema\\\/person\\\/c2f110c50be7dcecc05cb4e87f32537f\"},\"headline\":\"Formation courte r\u00e9flexologie plantaire\",\"datePublished\":\"2023-08-09T16:45:27+00:00\",\"dateModified\":\"2025-07-12T07:13:25+00:00\",\"mainEntityOfPage\":{\"@id\":\"https:\\\/\\\/www.agoracademie.com\\\/blog\\\/formation-courte-reflexologie-plantaire\\\/\"},\"wordCount\":617,\"commentCount\":2,\"image\":{\"@id\":\"https:\\\/\\\/www.agoracademie.com\\\/blog\\\/formation-courte-reflexologie-plantaire\\\/#primaryimage\"},\"thumbnailUrl\":\"https:\\\/\\\/www.agoracademie.com\\\/blog\\\/wp-content\\\/uploads\\\/2023\\\/08\\\/formation-courte-reflexologie-plantaire-1024x511.jpg\",\"articleSection\":[\"Formation\"],\"inLanguage\":\"fr-FR\",\"potentialAction\":[{\"@type\":\"CommentAction\",\"name\":\"Comment\",\"target\":[\"https:\\\/\\\/www.agoracademie.com\\\/blog\\\/formation-courte-reflexologie-plantaire\\\/#respond\"]}]},{\"@type\":\"WebPage\",\"@id\":\"https:\\\/\\\/www.agoracademie.com\\\/blog\\\/formation-courte-reflexologie-plantaire\\\/\",\"url\":\"https:\\\/\\\/www.agoracademie.com\\\/blog\\\/formation-courte-reflexologie-plantaire\\\/\",\"name\":\"Formation courte r\u00e9flexologie plantaire avec l'\u00e9cole Agoracad\u00e9mie\",\"isPartOf\":{\"@id\":\"https:\\\/\\\/www.agoracademie.com\\\/blog\\\/#website\"},\"primaryImageOfPage\":{\"@id\":\"https:\\\/\\\/www.agoracademie.com\\\/blog\\\/formation-courte-reflexologie-plantaire\\\/#primaryimage\"},\"image\":{\"@id\":\"https:\\\/\\\/www.agoracademie.com\\\/blog\\\/formation-courte-reflexologie-plantaire\\\/#primaryimage\"},\"thumbnailUrl\":\"https:\\\/\\\/www.agoracademie.com\\\/blog\\\/wp-content\\\/uploads\\\/2023\\\/08\\\/formation-courte-reflexologie-plantaire-1024x511.jpg\",\"datePublished\":\"2023-08-09T16:45:27+00:00\",\"dateModified\":\"2025-07-12T07:13:25+00:00\",\"author\":{\"@id\":\"https:\\\/\\\/www.agoracademie.com\\\/blog\\\/#\\\/schema\\\/person\\\/c2f110c50be7dcecc05cb4e87f32537f\"},\"description\":\"Vous \u00eates \u00e0 la recherche d'une formation courte r\u00e9flexologie plantaire pour ajouter une nouvelle corde \u00e0 votre arc professionnel\u00a0? La voici\u00a0!\",\"breadcrumb\":{\"@id\":\"https:\\\/\\\/www.agoracademie.com\\\/blog\\\/formation-courte-reflexologie-plantaire\\\/#breadcrumb\"},\"inLanguage\":\"fr-FR\",\"potentialAction\":[{\"@type\":\"ReadAction\",\"target\":[\"https:\\\/\\\/www.agoracademie.com\\\/blog\\\/formation-courte-reflexologie-plantaire\\\/\"]}]},{\"@type\":\"ImageObject\",\"inLanguage\":\"fr-FR\",\"@id\":\"https:\\\/\\\/www.agoracademie.com\\\/blog\\\/formation-courte-reflexologie-plantaire\\\/#primaryimage\",\"url\":\"https:\\\/\\\/www.agoracademie.com\\\/blog\\\/wp-content\\\/uploads\\\/2023\\\/08\\\/formation-courte-reflexologie-plantaire.jpg\",\"contentUrl\":\"https:\\\/\\\/www.agoracademie.com\\\/blog\\\/wp-content\\\/uploads\\\/2023\\\/08\\\/formation-courte-reflexologie-plantaire.jpg\",\"width\":1079,\"height\":538},{\"@type\":\"BreadcrumbList\",\"@id\":\"https:\\\/\\\/www.agoracademie.com\\\/blog\\\/formation-courte-reflexologie-plantaire\\\/#breadcrumb\",\"itemListElement\":[{\"@type\":\"ListItem\",\"position\":1,\"name\":\"Accueil\",\"item\":\"https:\\\/\\\/www.agoracademie.com\\\/blog\\\/\"},{\"@type\":\"ListItem\",\"position\":2,\"name\":\"Formation courte r\u00e9flexologie plantaire\"}]},{\"@type\":\"WebSite\",\"@id\":\"https:\\\/\\\/www.agoracademie.com\\\/blog\\\/#website\",\"url\":\"https:\\\/\\\/www.agoracademie.com\\\/blog\\\/\",\"name\":\"Blog Agoracad\u00e9mie - Centre de formation en ligne et \u00e0 distance\",\"description\":\"Le blog du d\u00e9veloppement personnel et des th\u00e9rapies\",\"potentialAction\":[{\"@type\":\"SearchAction\",\"target\":{\"@type\":\"EntryPoint\",\"urlTemplate\":\"https:\\\/\\\/www.agoracademie.com\\\/blog\\\/?s={search_term_string}\"},\"query-input\":{\"@type\":\"PropertyValueSpecification\",\"valueRequired\":true,\"valueName\":\"search_term_string\"}}],\"inLanguage\":\"fr-FR\"},{\"@type\":\"Person\",\"@id\":\"https:\\\/\\\/www.agoracademie.com\\\/blog\\\/#\\\/schema\\\/person\\\/c2f110c50be7dcecc05cb4e87f32537f\",\"name\":\"Laurent Bertrel\",\"image\":{\"@type\":\"ImageObject\",\"inLanguage\":\"fr-FR\",\"@id\":\"https:\\\/\\\/secure.gravatar.com\\\/avatar\\\/45841390e6db2f4064cc5f84ee39189cf562b1de36eb5b1b7cc82dee445813a4?s=96&r=g\",\"url\":\"https:\\\/\\\/secure.gravatar.com\\\/avatar\\\/45841390e6db2f4064cc5f84ee39189cf562b1de36eb5b1b7cc82dee445813a4?s=96&r=g\",\"contentUrl\":\"https:\\\/\\\/secure.gravatar.com\\\/avatar\\\/45841390e6db2f4064cc5f84ee39189cf562b1de36eb5b1b7cc82dee445813a4?s=96&r=g\",\"caption\":\"Laurent Bertrel\"},\"description\":\"Laurent Bertrel est le fondateur d'Agoracad\u00e9mie. Titulaire d'une licence en sciences humaines et sociales, d'une ma\u00eetrise et d'un master en psychanalyse, d'un master en \u00e9tudes culturelles parcours \u00e9tudes de genre, du DU connaissances g\u00e9n\u00e9rales de la personne \u00e2g\u00e9e, il est aussi form\u00e9 \u00e0 diff\u00e9rentes approches dont la PNL, la sophrologie, la relaxation, l'hypnose, le coaching, la m\u00e9ditation, les arts martiaux, etc. Auteur de plus de 40 ouvrages, dont 18 livres, il anime plusieurs formations sur Agoracad\u00e9mie et r\u00e9pondra au message que vous allez laisser ci-dessous.\",\"sameAs\":[\"https:\\\/\\\/www.agoracademie.com\\\/\"]}]}<\/script>\n<!-- \/ Yoast SEO plugin. -->","yoast_head_json":{"title":"Formation courte r\u00e9flexologie plantaire avec l'\u00e9cole Agoracad\u00e9mie","description":"Vous \u00eates \u00e0 la recherche d'une formation courte r\u00e9flexologie plantaire pour ajouter une nouvelle corde \u00e0 votre arc professionnel\u00a0? La voici\u00a0!","robots":{"index":"index","follow":"follow","max-snippet":"max-snippet:-1","max-image-preview":"max-image-preview:large","max-video-preview":"max-video-preview:-1"},"canonical":"https:\/\/www.agoracademie.com\/blog\/formation-courte-reflexologie-plantaire\/","og_locale":"fr_FR","og_type":"article","og_title":"Formation courte r\u00e9flexologie plantaire avec l'\u00e9cole Agoracad\u00e9mie","og_description":"Vous \u00eates \u00e0 la recherche d'une formation courte r\u00e9flexologie plantaire pour ajouter une nouvelle corde \u00e0 votre arc professionnel\u00a0? La voici\u00a0!","og_url":"https:\/\/www.agoracademie.com\/blog\/formation-courte-reflexologie-plantaire\/","og_site_name":"Agoracad\u00e9mie","article_published_time":"2023-08-09T16:45:27+00:00","article_modified_time":"2025-07-12T07:13:25+00:00","og_image":[{"width":1079,"height":538,"url":"https:\/\/www.agoracademie.com\/blog\/wp-content\/uploads\/2023\/08\/formation-courte-reflexologie-plantaire.jpg","type":"image\/jpeg"}],"author":"Laurent Bertrel","twitter_misc":{"\u00c9crit par":"Laurent Bertrel","Dur\u00e9e de lecture estim\u00e9e":"4 minutes"},"schema":{"@context":"https:\/\/schema.org","@graph":[{"@type":"Article","@id":"https:\/\/www.agoracademie.com\/blog\/formation-courte-reflexologie-plantaire\/#article","isPartOf":{"@id":"https:\/\/www.agoracademie.com\/blog\/formation-courte-reflexologie-plantaire\/"},"author":{"name":"Laurent Bertrel","@id":"https:\/\/www.agoracademie.com\/blog\/#\/schema\/person\/c2f110c50be7dcecc05cb4e87f32537f"},"headline":"Formation courte r\u00e9flexologie plantaire","datePublished":"2023-08-09T16:45:27+00:00","dateModified":"2025-07-12T07:13:25+00:00","mainEntityOfPage":{"@id":"https:\/\/www.agoracademie.com\/blog\/formation-courte-reflexologie-plantaire\/"},"wordCount":617,"commentCount":2,"image":{"@id":"https:\/\/www.agoracademie.com\/blog\/formation-courte-reflexologie-plantaire\/#primaryimage"},"thumbnailUrl":"https:\/\/www.agoracademie.com\/blog\/wp-content\/uploads\/2023\/08\/formation-courte-reflexologie-plantaire-1024x511.jpg","articleSection":["Formation"],"inLanguage":"fr-FR","potentialAction":[{"@type":"CommentAction","name":"Comment","target":["https:\/\/www.agoracademie.com\/blog\/formation-courte-reflexologie-plantaire\/#respond"]}]},{"@type":"WebPage","@id":"https:\/\/www.agoracademie.com\/blog\/formation-courte-reflexologie-plantaire\/","url":"https:\/\/www.agoracademie.com\/blog\/formation-courte-reflexologie-plantaire\/","name":"Formation courte r\u00e9flexologie plantaire avec l'\u00e9cole Agoracad\u00e9mie","isPartOf":{"@id":"https:\/\/www.agoracademie.com\/blog\/#website"},"primaryImageOfPage":{"@id":"https:\/\/www.agoracademie.com\/blog\/formation-courte-reflexologie-plantaire\/#primaryimage"},"image":{"@id":"https:\/\/www.agoracademie.com\/blog\/formation-courte-reflexologie-plantaire\/#primaryimage"},"thumbnailUrl":"https:\/\/www.agoracademie.com\/blog\/wp-content\/uploads\/2023\/08\/formation-courte-reflexologie-plantaire-1024x511.jpg","datePublished":"2023-08-09T16:45:27+00:00","dateModified":"2025-07-12T07:13:25+00:00","author":{"@id":"https:\/\/www.agoracademie.com\/blog\/#\/schema\/person\/c2f110c50be7dcecc05cb4e87f32537f"},"description":"Vous \u00eates \u00e0 la recherche d'une formation courte r\u00e9flexologie plantaire pour ajouter une nouvelle corde \u00e0 votre arc professionnel\u00a0? La voici\u00a0!","breadcrumb":{"@id":"https:\/\/www.agoracademie.com\/blog\/formation-courte-reflexologie-plantaire\/#breadcrumb"},"inLanguage":"fr-FR","potentialAction":[{"@type":"ReadAction","target":["https:\/\/www.agoracademie.com\/blog\/formation-courte-reflexologie-plantaire\/"]}]},{"@type":"ImageObject","inLanguage":"fr-FR","@id":"https:\/\/www.agoracademie.com\/blog\/formation-courte-reflexologie-plantaire\/#primaryimage","url":"https:\/\/www.agoracademie.com\/blog\/wp-content\/uploads\/2023\/08\/formation-courte-reflexologie-plantaire.jpg","contentUrl":"https:\/\/www.agoracademie.com\/blog\/wp-content\/uploads\/2023\/08\/formation-courte-reflexologie-plantaire.jpg","width":1079,"height":538},{"@type":"BreadcrumbList","@id":"https:\/\/www.agoracademie.com\/blog\/formation-courte-reflexologie-plantaire\/#breadcrumb","itemListElement":[{"@type":"ListItem","position":1,"name":"Accueil","item":"https:\/\/www.agoracademie.com\/blog\/"},{"@type":"ListItem","position":2,"name":"Formation courte r\u00e9flexologie plantaire"}]},{"@type":"WebSite","@id":"https:\/\/www.agoracademie.com\/blog\/#website","url":"https:\/\/www.agoracademie.com\/blog\/","name":"Blog Agoracad\u00e9mie - Centre de formation en ligne et \u00e0 distance","description":"Le blog du d\u00e9veloppement personnel et des th\u00e9rapies","potentialAction":[{"@type":"SearchAction","target":{"@type":"EntryPoint","urlTemplate":"https:\/\/www.agoracademie.com\/blog\/?s={search_term_string}"},"query-input":{"@type":"PropertyValueSpecification","valueRequired":true,"valueName":"search_term_string"}}],"inLanguage":"fr-FR"},{"@type":"Person","@id":"https:\/\/www.agoracademie.com\/blog\/#\/schema\/person\/c2f110c50be7dcecc05cb4e87f32537f","name":"Laurent Bertrel","image":{"@type":"ImageObject","inLanguage":"fr-FR","@id":"https:\/\/secure.gravatar.com\/avatar\/45841390e6db2f4064cc5f84ee39189cf562b1de36eb5b1b7cc82dee445813a4?s=96&r=g","url":"https:\/\/secure.gravatar.com\/avatar\/45841390e6db2f4064cc5f84ee39189cf562b1de36eb5b1b7cc82dee445813a4?s=96&r=g","contentUrl":"https:\/\/secure.gravatar.com\/avatar\/45841390e6db2f4064cc5f84ee39189cf562b1de36eb5b1b7cc82dee445813a4?s=96&r=g","caption":"Laurent Bertrel"},"description":"Laurent Bertrel est le fondateur d'Agoracad\u00e9mie. Titulaire d'une licence en sciences humaines et sociales, d'une ma\u00eetrise et d'un master en psychanalyse, d'un master en \u00e9tudes culturelles parcours \u00e9tudes de genre, du DU connaissances g\u00e9n\u00e9rales de la personne \u00e2g\u00e9e, il est aussi form\u00e9 \u00e0 diff\u00e9rentes approches dont la PNL, la sophrologie, la relaxation, l'hypnose, le coaching, la m\u00e9ditation, les arts martiaux, etc. Auteur de plus de 40 ouvrages, dont 18 livres, il anime plusieurs formations sur Agoracad\u00e9mie et r\u00e9pondra au message que vous allez laisser ci-dessous.","sameAs":["https:\/\/www.agoracademie.com\/"]}]}},"acf":[],"_links":{"self":[{"href":"https:\/\/www.agoracademie.com\/blog\/wp-json\/wp\/v2\/posts\/20675","targetHints":{"allow":["GET"]}}],"collection":[{"href":"https:\/\/www.agoracademie.com\/blog\/wp-json\/wp\/v2\/posts"}],"about":[{"href":"https:\/\/www.agoracademie.com\/blog\/wp-json\/wp\/v2\/types\/post"}],"author":[{"embeddable":true,"href":"https:\/\/www.agoracademie.com\/blog\/wp-json\/wp\/v2\/users\/2"}],"replies":[{"embeddable":true,"href":"https:\/\/www.agoracademie.com\/blog\/wp-json\/wp\/v2\/comments?post=20675"}],"version-history":[{"count":4,"href":"https:\/\/www.agoracademie.com\/blog\/wp-json\/wp\/v2\/posts\/20675\/revisions"}],"predecessor-version":[{"id":21806,"href":"https:\/\/www.agoracademie.com\/blog\/wp-json\/wp\/v2\/posts\/20675\/revisions\/21806"}],"wp:attachment":[{"href":"https:\/\/www.agoracademie.com\/blog\/wp-json\/wp\/v2\/media?parent=20675"}],"wp:term":[{"taxonomy":"category","embeddable":true,"href":"https:\/\/www.agoracademie.com\/blog\/wp-json\/wp\/v2\/categories?post=20675"},{"taxonomy":"post_tag","embeddable":true,"href":"https:\/\/www.agoracademie.com\/blog\/wp-json\/wp\/v2\/tags?post=20675"}],"curies":[{"name":"wp","href":"https:\/\/api.w.org\/{rel}","templated":true}]}}