{"id":20681,"date":"2023-08-10T17:36:55","date_gmt":"2023-08-10T15:36:55","guid":{"rendered":"https:\/\/www.agoracademie.com\/blog\/?p=20681"},"modified":"2025-07-12T09:13:04","modified_gmt":"2025-07-12T07:13:04","slug":"formation-reflexologie-complete","status":"publish","type":"post","link":"https:\/\/www.agoracademie.com\/blog\/formation-reflexologie-complete\/","title":{"rendered":"Formation r\u00e9flexologie compl\u00e8te"},"content":{"rendered":"<div class=\"wp-block-image\">\n<figure class=\"aligncenter size-large\"><img loading=\"lazy\" decoding=\"async\" width=\"1024\" height=\"511\" src=\"https:\/\/www.agoracademie.com\/blog\/wp-content\/uploads\/2023\/08\/formation-reflexologie-agoracademie-1024x511.jpg\" alt=\"Formation r\u00e9flexologie compl\u00e8te\" class=\"wp-image-20682\" srcset=\"https:\/\/www.agoracademie.com\/blog\/wp-content\/uploads\/2023\/08\/formation-reflexologie-agoracademie-1024x511.jpg 1024w, https:\/\/www.agoracademie.com\/blog\/wp-content\/uploads\/2023\/08\/formation-reflexologie-agoracademie-300x150.jpg 300w, https:\/\/www.agoracademie.com\/blog\/wp-content\/uploads\/2023\/08\/formation-reflexologie-agoracademie-768x383.jpg 768w, https:\/\/www.agoracademie.com\/blog\/wp-content\/uploads\/2023\/08\/formation-reflexologie-agoracademie.jpg 1079w\" sizes=\"auto, (max-width: 1024px) 100vw, 1024px\" \/><figcaption class=\"wp-element-caption\">Vos mains vont devenir magiques !<\/figcaption><\/figure><div id=\"ez-toc-container\" class=\"ez-toc-v2_0_82_2 ez-toc-wrap-center counter-hierarchy ez-toc-counter ez-toc-transparent ez-toc-container-direction\">\n<div class=\"ez-toc-title-container\">\n<p class=\"ez-toc-title\" style=\"cursor:inherit\">Sommaire<\/p>\n<span class=\"ez-toc-title-toggle\"><a href=\"#\" class=\"ez-toc-pull-right ez-toc-btn ez-toc-btn-xs ez-toc-btn-default ez-toc-toggle\" aria-label=\"Toggle Table of Content\"><span class=\"ez-toc-js-icon-con\"><span class=\"\"><span class=\"eztoc-hide\" style=\"display:none;\">Toggle<\/span><span class=\"ez-toc-icon-toggle-span\"><svg style=\"fill: #999;color:#999\" xmlns=\"http:\/\/www.w3.org\/2000\/svg\" class=\"list-377408\" width=\"20px\" height=\"20px\" viewBox=\"0 0 24 24\" fill=\"none\"><path d=\"M6 6H4v2h2V6zm14 0H8v2h12V6zM4 11h2v2H4v-2zm16 0H8v2h12v-2zM4 16h2v2H4v-2zm16 0H8v2h12v-2z\" fill=\"currentColor\"><\/path><\/svg><svg style=\"fill: #999;color:#999\" class=\"arrow-unsorted-368013\" xmlns=\"http:\/\/www.w3.org\/2000\/svg\" width=\"10px\" height=\"10px\" viewBox=\"0 0 24 24\" version=\"1.2\" baseProfile=\"tiny\"><path d=\"M18.2 9.3l-6.2-6.3-6.2 6.3c-.2.2-.3.4-.3.7s.1.5.3.7c.2.2.4.3.7.3h11c.3 0 .5-.1.7-.3.2-.2.3-.5.3-.7s-.1-.5-.3-.7zM5.8 14.7l6.2 6.3 6.2-6.3c.2-.2.3-.5.3-.7s-.1-.5-.3-.7c-.2-.2-.4-.3-.7-.3h-11c-.3 0-.5.1-.7.3-.2.2-.3.5-.3.7s.1.5.3.7z\"\/><\/svg><\/span><\/span><\/span><\/a><\/span><\/div>\n<nav><ul class='ez-toc-list ez-toc-list-level-1 ' ><li class='ez-toc-page-1 ez-toc-heading-level-2'><a class=\"ez-toc-link ez-toc-heading-1\" href=\"https:\/\/www.agoracademie.com\/blog\/formation-reflexologie-complete\/#Formation_reflexologie_complete_a_distance\" >Formation r\u00e9flexologie compl\u00e8te \u00e0 distance<\/a><\/li><li class='ez-toc-page-1 ez-toc-heading-level-2'><a class=\"ez-toc-link ez-toc-heading-2\" href=\"https:\/\/www.agoracademie.com\/blog\/formation-reflexologie-complete\/#Quel_est_le_programme\" >Quel est le programme&nbsp;?<\/a><ul class='ez-toc-list-level-3' ><li class='ez-toc-heading-level-3'><a class=\"ez-toc-link ez-toc-heading-3\" href=\"https:\/\/www.agoracademie.com\/blog\/formation-reflexologie-complete\/#Formation_complete_en_reflexologie\" >Formation compl\u00e8te  en r\u00e9flexologie<\/a><\/li><\/ul><\/li><li class='ez-toc-page-1 ez-toc-heading-level-2'><a class=\"ez-toc-link ez-toc-heading-4\" href=\"https:\/\/www.agoracademie.com\/blog\/formation-reflexologie-complete\/#Deroulement_de_votre_formation_reflexologie_complete\" >D\u00e9roulement de votre formation r\u00e9flexologie compl\u00e8te<\/a><\/li><li class='ez-toc-page-1 ez-toc-heading-level-2'><a class=\"ez-toc-link ez-toc-heading-5\" href=\"https:\/\/www.agoracademie.com\/blog\/formation-reflexologie-complete\/#Est-ce_uniquement_pour_les_pros\" >Est-ce uniquement pour les pros&nbsp;?<\/a><\/li><\/ul><\/nav><\/div>\n\n<\/div>\n\n\n<h2 class=\"wp-block-heading\"><span class=\"ez-toc-section\" id=\"Formation_reflexologie_complete_a_distance\"><\/span><strong>Formation r\u00e9flexologie compl\u00e8te \u00e0 distance<\/strong><span class=\"ez-toc-section-end\"><\/span><\/h2>\n\n\n\n<p>Vous qui cherchez une formation r\u00e9flexologie compl\u00e8te, ne cherchez plus, car vous l&rsquo;avez trouv\u00e9&nbsp;!<\/p>\n\n\n\n<p>En effet, nous proposons des programmes d&rsquo;enseignement \u00e0 la r\u00e9flexologie depuis 2016&nbsp;:<\/p>\n\n\n\n<ul class=\"wp-block-list\">\n<li>d&rsquo;abord la m\u00e9thode plantaire,<\/li>\n\n\n\n<li>puis la palmaire,<\/li>\n\n\n\n<li>et maintenant la faciale \u2013 cr\u00e2nienne.<\/li>\n<\/ul>\n\n\n\n<p>Cela vous donne donc acc\u00e8s \u00e0 <strong>un programme complet<\/strong> regroupant les trois principales m\u00e9thodes utilis\u00e9es par les r\u00e9flexologues.<\/p>\n\n\n\n<!--more-->\n\n\n\n<p>D&rsquo;ailleurs, en validant notre formation, vous avez la possibilit\u00e9 de rejoindre cette communaut\u00e9 en devenant <a href=\"https:\/\/www.agoracademie.com\/boutique\/formations-cd-dvd\/product\/formation-reflexologie-a-distance\">praticien<\/a>, puis ma\u00eetre praticien <a href=\"https:\/\/www.agoracademie.com\/boutique\/formations-cd-dvd\/product\/formation-de-reflexologue\">r\u00e9flexologue<\/a>.<\/p>\n\n\n\n<p>Cela vous int\u00e9resse&nbsp;?<\/p>\n\n\n\n<p>Alors, lisez la suite de notre article&nbsp;!<\/p>\n\n\n\n<h2 class=\"wp-block-heading\"><span class=\"ez-toc-section\" id=\"Quel_est_le_programme\"><\/span><strong>Quel est le programme&nbsp;?<\/strong><span class=\"ez-toc-section-end\"><\/span><\/h2>\n\n\n\n<p>Le programme de votre formation r\u00e9flexologie compl\u00e8te, menant au ma\u00eetre praticien, se d\u00e9roule en trois \u00e9tapes&nbsp;:<\/p>\n\n\n\n<ol class=\"wp-block-list\">\n<li>D&rsquo;abord, l&rsquo;apprentissage de la r\u00e9flexologie plantaire, ce qui vous permet de devenir praticien en plantaire.<\/li>\n\n\n\n<li>Puis, l&rsquo;appropriation de la m\u00e9thode palmaire, vous permettant \u00e9galement de devenir praticien, mais cette fois en palmaire.<\/li>\n\n\n\n<li>Et enfin, l&rsquo;enseignement se termine par la m\u00e9thode faciale \u2013 cr\u00e2nienne.<\/li>\n<\/ol>\n\n\n\n<p>Ainsi, en r\u00e9alisant notre programme, vous allez non seulement d\u00e9couvrir et <strong>vous approprier ces trois orientations<\/strong> de travail&nbsp;:<\/p>\n\n\n\n<ul class=\"wp-block-list\">\n<li>pieds,<\/li>\n\n\n\n<li>mains,<\/li>\n\n\n\n<li>et visage \u2013 cr\u00e2ne,<\/li>\n<\/ul>\n\n\n\n<p>mais <strong>vous allez aussi obtenir trois certificats<\/strong> de fin de formation&nbsp;:<\/p>\n\n\n\n<ul class=\"wp-block-list\">\n<li>praticien en plantaire,<\/li>\n\n\n\n<li>praticien en palmaire,<\/li>\n\n\n\n<li>et ma\u00eetre praticien r\u00e9flexologue.<\/li>\n<\/ul>\n\n\n\n<p>Cela \u00e0 un prix tr\u00e8s attractif et sans avoir \u00e0 bouger de chez vous&nbsp;!<\/p>\n\n\n\n<div class=\"wp-block-magic-content-box-content-box aligncenter magic-content-box-a646a6db-eb45-4 magic-content-box-contentBox block-wrapper-background content-align-center\"><style>.magic-content-box-a646a6db-eb45-4 .magic-content-box-content-wrapper{text-align:center;margin-top:30px;margin-bottom:30px}.magic-content-box-a646a6db-eb45-4 .magic-content-box-section-header-wrapper{border-color:#ff201f}.magic-content-box-a646a6db-eb45-4 .magic-content-box-mainheader-wrap{box-shadow:0px 6px 12px -10px #000;border-radius:5px;background-color:#fff}.magic-content-box-a646a6db-eb45-4 .magic-content-box-section-wrapper{padding-top:30px;padding-right:30px;padding-bottom:30px;padding-left:30px;margin-top:0px;margin-right:0px;margin-bottom:0px;margin-left:0px}.magic-content-box-a646a6db-eb45-4 .magic-content-box-section-head-wrap{text-align:center;padding-top:0px;padding-right:0px;padding-bottom:0px;margin-top:0px;margin-bottom:0px;padding-left:0px}.magic-content-box-a646a6db-eb45-4 .magic-content-box-section-head-wrap .magic-content-box-title{color:#404040;font-size:32px;font-family:Default;padding-top:5px;padding-bottom:5px}.magic-content-box-a646a6db-eb45-4 .magic-content-box-section-head-wrap .magic-content-box-subtitle{color:#6d6d6d;font-size:18px;font-family:Default;padding-top:5px;padding-bottom:5px}.magic-content-box-a646a6db-eb45-4 .magic-content-box-title-dash{color:#ff201f}.magic-content-box-a646a6db-eb45-4 .magic-content-box-block-button span{color:#fff;border-width:1px;font-size:16px;font-family:Default}.magic-content-box-a646a6db-eb45-4 .magic-content-box-block-button .magic-content-box-button{background-color:#ff201f}.magic-content-box-a646a6db-eb45-4 .magic-content-box-block-button i{color:#fff;font-size:13px}.magic-content-box-a646a6db-eb45-4 .magic-content-box-block-button{margin-top:10px;margin-bottom:10px}.magic-content-box-a646a6db-eb45-4 .magic-content-box-button{padding-top:5px;padding-right:15px;padding-bottom:5px;padding-left:15px}@media screen and (max-width:1025px){.magic-content-box-a646a6db-eb45-4 .magic-content-box-section-head-wrap .magic-content-box-title{font-size:undefinedpx}.magic-content-box-a646a6db-eb45-4 .magic-content-box-section-head-wrap .magic-content-box-subtitle{font-size:undefinedpx}.magic-content-box-a646a6db-eb45-4 .magic-content-box-block-button span{font-size:undefinedpx}.magic-content-box-a646a6db-eb45-4 .magic-content-box-block-button i{font-size:px}}@media screen and (max-width:767px){.magic-content-box-a646a6db-eb45-4 .magic-content-box-section-head-wrap .magic-content-box-title{font-size:undefinedpx}.magic-content-box-a646a6db-eb45-4 .magic-content-box-section-head-wrap .magic-content-box-subtitle{font-size:undefinedpx}.magic-content-box-a646a6db-eb45-4 .magic-content-box-block-button span{font-size:undefinedpx}.magic-content-box-a646a6db-eb45-4 .magic-content-box-block-button i{font-size:px}}<\/style><div class=\"content-wrapper-inner\"><div class=\"magic-content-box-content-wrapper magic-content-box-blocks has-background style-1\"><div class=\"content-img-wrap\"><img decoding=\"async\" src=\"https:\/\/www.agoracademie.com\/blog\/wp-content\/uploads\/2020\/08\/Formation-massage-en-ligne.jpg\" alt=\"Formation r\u00e9flexologie\" class=\"\"\/><\/div><div class=\"magic-content-box-section-wrapper magic-content-box-mainheader-wrap\"><div class=\"magic-content-box-section-header-wrapper magic-content-box-blocks\"><div class=\"magic-content-box-section-head-wrap magic-content-box-style1 magic-content-box-center\"><div class=\"magic-content-box-title-wrapper\"><span class=\"magic-content-box-title-dash magic-content-box-upper-dash\"><\/span><h3 class=\"magic-content-box-title\"><span class=\"ez-toc-section\" id=\"Formation_complete_en_reflexologie\"><\/span>Formation compl\u00e8te <br>en r\u00e9flexologie<span class=\"ez-toc-section-end\"><\/span><\/h3><span class=\"magic-content-box-title-dash magic-content-box-lower-dash\"><\/span><\/div><div class=\"magic-content-box-subtitle-wrapper\"><span class=\"magic-content-box-title-dash magic-content-box-upper-dash\"><\/span><p class=\"magic-content-box-subtitle\">Commencez maintenant !<\/p><span class=\"magic-content-box-title-dash magic-content-box-lower-dash\"><\/span><\/div><\/div><\/div><div class=\"magic-content-box-desc-btn-wrap\"><div class=\"magic-content-box-block-button\"><a href=\"https:\/\/www.agoracademie.com\/academie\/formation-reflexologie-plantaire-palmaire\" class=\"magic-content-box-button magic-content-box-button-shape-rounded magic-content-box-button-size-small hover-style-1 btn-icon-left\"><span>PROGRAMME<\/span><\/a><\/div><\/div><\/div><\/div><\/div><\/div>\n\n\n\n<h2 class=\"wp-block-heading\"><span class=\"ez-toc-section\" id=\"Deroulement_de_votre_formation_reflexologie_complete\"><\/span><strong>D\u00e9roulement de votre formation r\u00e9flexologie compl\u00e8te<\/strong><span class=\"ez-toc-section-end\"><\/span><\/h2>\n\n\n\n<p>L&rsquo;ensemble de notre programme se d\u00e9roule <strong>100 % en ligne et \u00e0 distance<\/strong>.<\/p>\n\n\n\n<p>Vous pouvez donc vous former \u00e0 votre rythme, au calme \u00e0 la maison.<\/p>\n\n\n\n<p>Bien s\u00fbr, pour compl\u00e9ter votre apprentissage, il convient de pratiquer.<\/p>\n\n\n\n<p>Et pour pratiquer, vous allez avoir besoin de personnes acceptant de recevoir vos premiers massages.<\/p>\n\n\n\n<p>Ces personnes, souvent de votre entourage proche, sont g\u00e9n\u00e9ralement tr\u00e8s faciles \u00e0 recruter.<\/p>\n\n\n\n<p>En effet, qui n&rsquo;aime pas se faire masser ?&#8230;<\/p>\n\n\n\n<p>C&rsquo;est en pratiquant r\u00e9guli\u00e8rement sur ces partenaires d&rsquo;apprentissage, que vous allez pouvoir vous approprier les bons gestes, donc avoir de bons r\u00e9sultats.<\/p>\n\n\n\n<p>Cela implique de votre part un engagement certain.<\/p>\n\n\n\n<p>Exactement comme le fait un professionnel pour recruter ses clients.<\/p>\n\n\n\n<p>C&rsquo;est donc une premi\u00e8re approche int\u00e9ressante pour apprendre \u00e0 vendre vos services, en trouvant les bons mots&#8230;<\/p>\n\n\n<div class=\"wp-block-image\">\n<figure class=\"aligncenter size-large\"><img loading=\"lazy\" decoding=\"async\" width=\"1024\" height=\"511\" src=\"https:\/\/www.agoracademie.com\/blog\/wp-content\/uploads\/2023\/08\/formation-reflexologie-complete-1024x511.jpg\" alt=\"Formation compl\u00e8te en r\u00e9flexologie\" class=\"wp-image-20683\" srcset=\"https:\/\/www.agoracademie.com\/blog\/wp-content\/uploads\/2023\/08\/formation-reflexologie-complete-1024x511.jpg 1024w, https:\/\/www.agoracademie.com\/blog\/wp-content\/uploads\/2023\/08\/formation-reflexologie-complete-300x150.jpg 300w, https:\/\/www.agoracademie.com\/blog\/wp-content\/uploads\/2023\/08\/formation-reflexologie-complete-768x383.jpg 768w, https:\/\/www.agoracademie.com\/blog\/wp-content\/uploads\/2023\/08\/formation-reflexologie-complete.jpg 1079w\" sizes=\"auto, (max-width: 1024px) 100vw, 1024px\" \/><figcaption class=\"wp-element-caption\">R\u00e9flexologie plantaire, mais aussi palmaire et faciale !<\/figcaption><\/figure>\n<\/div>\n\n\n<h2 class=\"wp-block-heading\"><span class=\"ez-toc-section\" id=\"Est-ce_uniquement_pour_les_pros\"><\/span><strong>Est-ce uniquement pour les pros&nbsp;?<\/strong><span class=\"ez-toc-section-end\"><\/span><\/h2>\n\n\n\n<p>Non, vous pouvez bien entendu r\u00e9aliser cette formation r\u00e9flexologie compl\u00e8te juste pour apprendre \u00e0 masser vos proches.<\/p>\n\n\n\n<p>Donc sans avoir l&rsquo;id\u00e9e d&rsquo;ajouter une nouvelle corde \u00e0 votre arc professionnel, mais tout en d\u00e9sirant quand m\u00eame <strong>vous approprier des gestes professionnels<\/strong>.<\/p>\n\n\n\n<p>Dans ce cas, il n&rsquo;est pas n\u00e9cessaire de devenir ma\u00eetre praticien.<\/p>\n\n\n\n<p>Vous pouvez juste suivre la formation sans avoir \u00e0 la valider, pour votre plus grand plaisir, et \u00e9galement pour celui de vos proches \ud83d\ude09<\/p>\n\n\n\n<p>Ceci dit, vous pouvez bien s\u00fbr valider cette formation pour votre satisfaction personnelle, car cela apporte toujours un peu plus de confiance en soi&#8230;<\/p>\n\n\n\n<p>Que votre orientation soit professionnelle ou personnelle, vous pouvez <strong>commencer d\u00e8s maintenant<\/strong>.<\/p>\n\n\n\n<p>C&rsquo;est l&rsquo;un des gros avantages d&rsquo;une formation en ligne et \u00e0 distance&nbsp;: il n&rsquo;est pas n\u00e9cessaire d&rsquo;attendre la prochaine date d&rsquo;ouverture d&rsquo;un stage, et l&rsquo;acc\u00e8s est pour aujourd&rsquo;hui si vous le souhaitez&nbsp;!<\/p>\n\n\n\n<p>L&rsquo;autre avantage est le <strong>prix, tr\u00e8s attractif<\/strong> pour cette formation r\u00e9flexologie compl\u00e8te qui n&rsquo;attend donc plus que vous.<\/p>\n\n\n\n<p>Alors, \u00e0 tout de suite pour d\u00e9buter ensemble cette belle aventure&nbsp;!<\/p>\n","protected":false},"excerpt":{"rendered":"<p>Formation r\u00e9flexologie compl\u00e8te \u00e0 distance Vous qui cherchez une formation r\u00e9flexologie compl\u00e8te, ne cherchez plus, car vous l&rsquo;avez trouv\u00e9&nbsp;! En effet, nous proposons des programmes d&rsquo;enseignement \u00e0 la r\u00e9flexologie depuis 2016&nbsp;: Cela vous donne donc acc\u00e8s \u00e0 un programme complet regroupant les trois principales m\u00e9thodes utilis\u00e9es par les r\u00e9flexologues.<\/p>\n","protected":false},"author":2,"featured_media":0,"comment_status":"open","ping_status":"closed","sticky":false,"template":"","format":"standard","meta":{"_bbp_topic_count":0,"_bbp_reply_count":0,"_bbp_total_topic_count":0,"_bbp_total_reply_count":0,"_bbp_voice_count":0,"_bbp_anonymous_reply_count":0,"_bbp_topic_count_hidden":0,"_bbp_reply_count_hidden":0,"_bbp_forum_subforum_count":0,"footnotes":""},"categories":[6],"tags":[],"class_list":["post-20681","post","type-post","status-publish","format-standard","hentry","category-formation-en-developpement-personnel"],"yoast_head":"<!-- This site is optimized with the Yoast SEO plugin v27.4 - https:\/\/yoast.com\/product\/yoast-seo-wordpress\/ -->\n<title>Formation r\u00e9flexologie compl\u00e8te avec l&#039;\u00e9cole Agoracad\u00e9mie<\/title>\n<meta name=\"description\" content=\"Avec notre formation r\u00e9flexologie compl\u00e8te, vous allez apprendre un nouveau m\u00e9tier et devenir praticien, puis ma\u00eetre praticien r\u00e9flexologue.\" \/>\n<meta name=\"robots\" content=\"index, follow, max-snippet:-1, max-image-preview:large, max-video-preview:-1\" \/>\n<link rel=\"canonical\" href=\"https:\/\/www.agoracademie.com\/blog\/formation-reflexologie-complete\/\" \/>\n<meta property=\"og:locale\" content=\"fr_FR\" \/>\n<meta property=\"og:type\" content=\"article\" \/>\n<meta property=\"og:title\" content=\"Formation r\u00e9flexologie compl\u00e8te avec l&#039;\u00e9cole Agoracad\u00e9mie\" \/>\n<meta property=\"og:description\" content=\"Avec notre formation r\u00e9flexologie compl\u00e8te, vous allez apprendre un nouveau m\u00e9tier et devenir praticien, puis ma\u00eetre praticien r\u00e9flexologue.\" \/>\n<meta property=\"og:url\" content=\"https:\/\/www.agoracademie.com\/blog\/formation-reflexologie-complete\/\" \/>\n<meta property=\"og:site_name\" content=\"Agoracad\u00e9mie\" \/>\n<meta property=\"article:published_time\" content=\"2023-08-10T15:36:55+00:00\" \/>\n<meta property=\"article:modified_time\" content=\"2025-07-12T07:13:04+00:00\" \/>\n<meta property=\"og:image\" content=\"https:\/\/www.agoracademie.com\/blog\/wp-content\/uploads\/2023\/08\/formation-reflexologie-agoracademie.jpg\" \/>\n\t<meta property=\"og:image:width\" content=\"1079\" \/>\n\t<meta property=\"og:image:height\" content=\"538\" \/>\n\t<meta property=\"og:image:type\" content=\"image\/jpeg\" \/>\n<meta name=\"author\" content=\"Laurent Bertrel\" \/>\n<meta name=\"twitter:label1\" content=\"\u00c9crit par\" \/>\n\t<meta name=\"twitter:data1\" content=\"Laurent Bertrel\" \/>\n\t<meta name=\"twitter:label2\" content=\"Dur\u00e9e de lecture estim\u00e9e\" \/>\n\t<meta name=\"twitter:data2\" content=\"4 minutes\" \/>\n<script type=\"application\/ld+json\" class=\"yoast-schema-graph\">{\"@context\":\"https:\\\/\\\/schema.org\",\"@graph\":[{\"@type\":\"Article\",\"@id\":\"https:\\\/\\\/www.agoracademie.com\\\/blog\\\/formation-reflexologie-complete\\\/#article\",\"isPartOf\":{\"@id\":\"https:\\\/\\\/www.agoracademie.com\\\/blog\\\/formation-reflexologie-complete\\\/\"},\"author\":{\"name\":\"Laurent Bertrel\",\"@id\":\"https:\\\/\\\/www.agoracademie.com\\\/blog\\\/#\\\/schema\\\/person\\\/c2f110c50be7dcecc05cb4e87f32537f\"},\"headline\":\"Formation r\u00e9flexologie compl\u00e8te\",\"datePublished\":\"2023-08-10T15:36:55+00:00\",\"dateModified\":\"2025-07-12T07:13:04+00:00\",\"mainEntityOfPage\":{\"@id\":\"https:\\\/\\\/www.agoracademie.com\\\/blog\\\/formation-reflexologie-complete\\\/\"},\"wordCount\":630,\"commentCount\":0,\"image\":{\"@id\":\"https:\\\/\\\/www.agoracademie.com\\\/blog\\\/formation-reflexologie-complete\\\/#primaryimage\"},\"thumbnailUrl\":\"https:\\\/\\\/www.agoracademie.com\\\/blog\\\/wp-content\\\/uploads\\\/2023\\\/08\\\/formation-reflexologie-agoracademie-1024x511.jpg\",\"articleSection\":[\"Formation\"],\"inLanguage\":\"fr-FR\",\"potentialAction\":[{\"@type\":\"CommentAction\",\"name\":\"Comment\",\"target\":[\"https:\\\/\\\/www.agoracademie.com\\\/blog\\\/formation-reflexologie-complete\\\/#respond\"]}]},{\"@type\":\"WebPage\",\"@id\":\"https:\\\/\\\/www.agoracademie.com\\\/blog\\\/formation-reflexologie-complete\\\/\",\"url\":\"https:\\\/\\\/www.agoracademie.com\\\/blog\\\/formation-reflexologie-complete\\\/\",\"name\":\"Formation r\u00e9flexologie compl\u00e8te avec l'\u00e9cole Agoracad\u00e9mie\",\"isPartOf\":{\"@id\":\"https:\\\/\\\/www.agoracademie.com\\\/blog\\\/#website\"},\"primaryImageOfPage\":{\"@id\":\"https:\\\/\\\/www.agoracademie.com\\\/blog\\\/formation-reflexologie-complete\\\/#primaryimage\"},\"image\":{\"@id\":\"https:\\\/\\\/www.agoracademie.com\\\/blog\\\/formation-reflexologie-complete\\\/#primaryimage\"},\"thumbnailUrl\":\"https:\\\/\\\/www.agoracademie.com\\\/blog\\\/wp-content\\\/uploads\\\/2023\\\/08\\\/formation-reflexologie-agoracademie-1024x511.jpg\",\"datePublished\":\"2023-08-10T15:36:55+00:00\",\"dateModified\":\"2025-07-12T07:13:04+00:00\",\"author\":{\"@id\":\"https:\\\/\\\/www.agoracademie.com\\\/blog\\\/#\\\/schema\\\/person\\\/c2f110c50be7dcecc05cb4e87f32537f\"},\"description\":\"Avec notre formation r\u00e9flexologie compl\u00e8te, vous allez apprendre un nouveau m\u00e9tier et devenir praticien, puis ma\u00eetre praticien r\u00e9flexologue.\",\"breadcrumb\":{\"@id\":\"https:\\\/\\\/www.agoracademie.com\\\/blog\\\/formation-reflexologie-complete\\\/#breadcrumb\"},\"inLanguage\":\"fr-FR\",\"potentialAction\":[{\"@type\":\"ReadAction\",\"target\":[\"https:\\\/\\\/www.agoracademie.com\\\/blog\\\/formation-reflexologie-complete\\\/\"]}]},{\"@type\":\"ImageObject\",\"inLanguage\":\"fr-FR\",\"@id\":\"https:\\\/\\\/www.agoracademie.com\\\/blog\\\/formation-reflexologie-complete\\\/#primaryimage\",\"url\":\"https:\\\/\\\/www.agoracademie.com\\\/blog\\\/wp-content\\\/uploads\\\/2023\\\/08\\\/formation-reflexologie-agoracademie.jpg\",\"contentUrl\":\"https:\\\/\\\/www.agoracademie.com\\\/blog\\\/wp-content\\\/uploads\\\/2023\\\/08\\\/formation-reflexologie-agoracademie.jpg\",\"width\":1079,\"height\":538},{\"@type\":\"BreadcrumbList\",\"@id\":\"https:\\\/\\\/www.agoracademie.com\\\/blog\\\/formation-reflexologie-complete\\\/#breadcrumb\",\"itemListElement\":[{\"@type\":\"ListItem\",\"position\":1,\"name\":\"Accueil\",\"item\":\"https:\\\/\\\/www.agoracademie.com\\\/blog\\\/\"},{\"@type\":\"ListItem\",\"position\":2,\"name\":\"Formation r\u00e9flexologie compl\u00e8te\"}]},{\"@type\":\"WebSite\",\"@id\":\"https:\\\/\\\/www.agoracademie.com\\\/blog\\\/#website\",\"url\":\"https:\\\/\\\/www.agoracademie.com\\\/blog\\\/\",\"name\":\"Blog Agoracad\u00e9mie - Centre de formation en ligne et \u00e0 distance\",\"description\":\"Le blog du d\u00e9veloppement personnel et des th\u00e9rapies\",\"potentialAction\":[{\"@type\":\"SearchAction\",\"target\":{\"@type\":\"EntryPoint\",\"urlTemplate\":\"https:\\\/\\\/www.agoracademie.com\\\/blog\\\/?s={search_term_string}\"},\"query-input\":{\"@type\":\"PropertyValueSpecification\",\"valueRequired\":true,\"valueName\":\"search_term_string\"}}],\"inLanguage\":\"fr-FR\"},{\"@type\":\"Person\",\"@id\":\"https:\\\/\\\/www.agoracademie.com\\\/blog\\\/#\\\/schema\\\/person\\\/c2f110c50be7dcecc05cb4e87f32537f\",\"name\":\"Laurent Bertrel\",\"image\":{\"@type\":\"ImageObject\",\"inLanguage\":\"fr-FR\",\"@id\":\"https:\\\/\\\/secure.gravatar.com\\\/avatar\\\/45841390e6db2f4064cc5f84ee39189cf562b1de36eb5b1b7cc82dee445813a4?s=96&r=g\",\"url\":\"https:\\\/\\\/secure.gravatar.com\\\/avatar\\\/45841390e6db2f4064cc5f84ee39189cf562b1de36eb5b1b7cc82dee445813a4?s=96&r=g\",\"contentUrl\":\"https:\\\/\\\/secure.gravatar.com\\\/avatar\\\/45841390e6db2f4064cc5f84ee39189cf562b1de36eb5b1b7cc82dee445813a4?s=96&r=g\",\"caption\":\"Laurent Bertrel\"},\"description\":\"Laurent Bertrel est le fondateur d'Agoracad\u00e9mie. Titulaire d'une licence en sciences humaines et sociales, d'une ma\u00eetrise et d'un master en psychanalyse, d'un master en \u00e9tudes culturelles parcours \u00e9tudes de genre, du DU connaissances g\u00e9n\u00e9rales de la personne \u00e2g\u00e9e, il est aussi form\u00e9 \u00e0 diff\u00e9rentes approches dont la PNL, la sophrologie, la relaxation, l'hypnose, le coaching, la m\u00e9ditation, les arts martiaux, etc. Auteur de plus de 40 ouvrages, dont 18 livres, il anime plusieurs formations sur Agoracad\u00e9mie et r\u00e9pondra au message que vous allez laisser ci-dessous.\",\"sameAs\":[\"https:\\\/\\\/www.agoracademie.com\\\/\"]}]}<\/script>\n<!-- \/ Yoast SEO plugin. -->","yoast_head_json":{"title":"Formation r\u00e9flexologie compl\u00e8te avec l'\u00e9cole Agoracad\u00e9mie","description":"Avec notre formation r\u00e9flexologie compl\u00e8te, vous allez apprendre un nouveau m\u00e9tier et devenir praticien, puis ma\u00eetre praticien r\u00e9flexologue.","robots":{"index":"index","follow":"follow","max-snippet":"max-snippet:-1","max-image-preview":"max-image-preview:large","max-video-preview":"max-video-preview:-1"},"canonical":"https:\/\/www.agoracademie.com\/blog\/formation-reflexologie-complete\/","og_locale":"fr_FR","og_type":"article","og_title":"Formation r\u00e9flexologie compl\u00e8te avec l'\u00e9cole Agoracad\u00e9mie","og_description":"Avec notre formation r\u00e9flexologie compl\u00e8te, vous allez apprendre un nouveau m\u00e9tier et devenir praticien, puis ma\u00eetre praticien r\u00e9flexologue.","og_url":"https:\/\/www.agoracademie.com\/blog\/formation-reflexologie-complete\/","og_site_name":"Agoracad\u00e9mie","article_published_time":"2023-08-10T15:36:55+00:00","article_modified_time":"2025-07-12T07:13:04+00:00","og_image":[{"width":1079,"height":538,"url":"https:\/\/www.agoracademie.com\/blog\/wp-content\/uploads\/2023\/08\/formation-reflexologie-agoracademie.jpg","type":"image\/jpeg"}],"author":"Laurent Bertrel","twitter_misc":{"\u00c9crit par":"Laurent Bertrel","Dur\u00e9e de lecture estim\u00e9e":"4 minutes"},"schema":{"@context":"https:\/\/schema.org","@graph":[{"@type":"Article","@id":"https:\/\/www.agoracademie.com\/blog\/formation-reflexologie-complete\/#article","isPartOf":{"@id":"https:\/\/www.agoracademie.com\/blog\/formation-reflexologie-complete\/"},"author":{"name":"Laurent Bertrel","@id":"https:\/\/www.agoracademie.com\/blog\/#\/schema\/person\/c2f110c50be7dcecc05cb4e87f32537f"},"headline":"Formation r\u00e9flexologie compl\u00e8te","datePublished":"2023-08-10T15:36:55+00:00","dateModified":"2025-07-12T07:13:04+00:00","mainEntityOfPage":{"@id":"https:\/\/www.agoracademie.com\/blog\/formation-reflexologie-complete\/"},"wordCount":630,"commentCount":0,"image":{"@id":"https:\/\/www.agoracademie.com\/blog\/formation-reflexologie-complete\/#primaryimage"},"thumbnailUrl":"https:\/\/www.agoracademie.com\/blog\/wp-content\/uploads\/2023\/08\/formation-reflexologie-agoracademie-1024x511.jpg","articleSection":["Formation"],"inLanguage":"fr-FR","potentialAction":[{"@type":"CommentAction","name":"Comment","target":["https:\/\/www.agoracademie.com\/blog\/formation-reflexologie-complete\/#respond"]}]},{"@type":"WebPage","@id":"https:\/\/www.agoracademie.com\/blog\/formation-reflexologie-complete\/","url":"https:\/\/www.agoracademie.com\/blog\/formation-reflexologie-complete\/","name":"Formation r\u00e9flexologie compl\u00e8te avec l'\u00e9cole Agoracad\u00e9mie","isPartOf":{"@id":"https:\/\/www.agoracademie.com\/blog\/#website"},"primaryImageOfPage":{"@id":"https:\/\/www.agoracademie.com\/blog\/formation-reflexologie-complete\/#primaryimage"},"image":{"@id":"https:\/\/www.agoracademie.com\/blog\/formation-reflexologie-complete\/#primaryimage"},"thumbnailUrl":"https:\/\/www.agoracademie.com\/blog\/wp-content\/uploads\/2023\/08\/formation-reflexologie-agoracademie-1024x511.jpg","datePublished":"2023-08-10T15:36:55+00:00","dateModified":"2025-07-12T07:13:04+00:00","author":{"@id":"https:\/\/www.agoracademie.com\/blog\/#\/schema\/person\/c2f110c50be7dcecc05cb4e87f32537f"},"description":"Avec notre formation r\u00e9flexologie compl\u00e8te, vous allez apprendre un nouveau m\u00e9tier et devenir praticien, puis ma\u00eetre praticien r\u00e9flexologue.","breadcrumb":{"@id":"https:\/\/www.agoracademie.com\/blog\/formation-reflexologie-complete\/#breadcrumb"},"inLanguage":"fr-FR","potentialAction":[{"@type":"ReadAction","target":["https:\/\/www.agoracademie.com\/blog\/formation-reflexologie-complete\/"]}]},{"@type":"ImageObject","inLanguage":"fr-FR","@id":"https:\/\/www.agoracademie.com\/blog\/formation-reflexologie-complete\/#primaryimage","url":"https:\/\/www.agoracademie.com\/blog\/wp-content\/uploads\/2023\/08\/formation-reflexologie-agoracademie.jpg","contentUrl":"https:\/\/www.agoracademie.com\/blog\/wp-content\/uploads\/2023\/08\/formation-reflexologie-agoracademie.jpg","width":1079,"height":538},{"@type":"BreadcrumbList","@id":"https:\/\/www.agoracademie.com\/blog\/formation-reflexologie-complete\/#breadcrumb","itemListElement":[{"@type":"ListItem","position":1,"name":"Accueil","item":"https:\/\/www.agoracademie.com\/blog\/"},{"@type":"ListItem","position":2,"name":"Formation r\u00e9flexologie compl\u00e8te"}]},{"@type":"WebSite","@id":"https:\/\/www.agoracademie.com\/blog\/#website","url":"https:\/\/www.agoracademie.com\/blog\/","name":"Blog Agoracad\u00e9mie - Centre de formation en ligne et \u00e0 distance","description":"Le blog du d\u00e9veloppement personnel et des th\u00e9rapies","potentialAction":[{"@type":"SearchAction","target":{"@type":"EntryPoint","urlTemplate":"https:\/\/www.agoracademie.com\/blog\/?s={search_term_string}"},"query-input":{"@type":"PropertyValueSpecification","valueRequired":true,"valueName":"search_term_string"}}],"inLanguage":"fr-FR"},{"@type":"Person","@id":"https:\/\/www.agoracademie.com\/blog\/#\/schema\/person\/c2f110c50be7dcecc05cb4e87f32537f","name":"Laurent Bertrel","image":{"@type":"ImageObject","inLanguage":"fr-FR","@id":"https:\/\/secure.gravatar.com\/avatar\/45841390e6db2f4064cc5f84ee39189cf562b1de36eb5b1b7cc82dee445813a4?s=96&r=g","url":"https:\/\/secure.gravatar.com\/avatar\/45841390e6db2f4064cc5f84ee39189cf562b1de36eb5b1b7cc82dee445813a4?s=96&r=g","contentUrl":"https:\/\/secure.gravatar.com\/avatar\/45841390e6db2f4064cc5f84ee39189cf562b1de36eb5b1b7cc82dee445813a4?s=96&r=g","caption":"Laurent Bertrel"},"description":"Laurent Bertrel est le fondateur d'Agoracad\u00e9mie. Titulaire d'une licence en sciences humaines et sociales, d'une ma\u00eetrise et d'un master en psychanalyse, d'un master en \u00e9tudes culturelles parcours \u00e9tudes de genre, du DU connaissances g\u00e9n\u00e9rales de la personne \u00e2g\u00e9e, il est aussi form\u00e9 \u00e0 diff\u00e9rentes approches dont la PNL, la sophrologie, la relaxation, l'hypnose, le coaching, la m\u00e9ditation, les arts martiaux, etc. Auteur de plus de 40 ouvrages, dont 18 livres, il anime plusieurs formations sur Agoracad\u00e9mie et r\u00e9pondra au message que vous allez laisser ci-dessous.","sameAs":["https:\/\/www.agoracademie.com\/"]}]}},"acf":[],"_links":{"self":[{"href":"https:\/\/www.agoracademie.com\/blog\/wp-json\/wp\/v2\/posts\/20681","targetHints":{"allow":["GET"]}}],"collection":[{"href":"https:\/\/www.agoracademie.com\/blog\/wp-json\/wp\/v2\/posts"}],"about":[{"href":"https:\/\/www.agoracademie.com\/blog\/wp-json\/wp\/v2\/types\/post"}],"author":[{"embeddable":true,"href":"https:\/\/www.agoracademie.com\/blog\/wp-json\/wp\/v2\/users\/2"}],"replies":[{"embeddable":true,"href":"https:\/\/www.agoracademie.com\/blog\/wp-json\/wp\/v2\/comments?post=20681"}],"version-history":[{"count":3,"href":"https:\/\/www.agoracademie.com\/blog\/wp-json\/wp\/v2\/posts\/20681\/revisions"}],"predecessor-version":[{"id":21805,"href":"https:\/\/www.agoracademie.com\/blog\/wp-json\/wp\/v2\/posts\/20681\/revisions\/21805"}],"wp:attachment":[{"href":"https:\/\/www.agoracademie.com\/blog\/wp-json\/wp\/v2\/media?parent=20681"}],"wp:term":[{"taxonomy":"category","embeddable":true,"href":"https:\/\/www.agoracademie.com\/blog\/wp-json\/wp\/v2\/categories?post=20681"},{"taxonomy":"post_tag","embeddable":true,"href":"https:\/\/www.agoracademie.com\/blog\/wp-json\/wp\/v2\/tags?post=20681"}],"curies":[{"name":"wp","href":"https:\/\/api.w.org\/{rel}","templated":true}]}}