{"id":20697,"date":"2023-08-21T15:05:13","date_gmt":"2023-08-21T13:05:13","guid":{"rendered":"https:\/\/www.agoracademie.com\/blog\/?p=20697"},"modified":"2025-07-12T09:12:42","modified_gmt":"2025-07-12T07:12:42","slug":"devenir-reflexotherapeute","status":"publish","type":"post","link":"https:\/\/www.agoracademie.com\/blog\/devenir-reflexotherapeute\/","title":{"rendered":"Devenir r\u00e9flexoth\u00e9rapeute"},"content":{"rendered":"<div class=\"wp-block-image\">\n<figure class=\"aligncenter size-large\"><img loading=\"lazy\" decoding=\"async\" width=\"1024\" height=\"511\" src=\"https:\/\/www.agoracademie.com\/blog\/wp-content\/uploads\/2023\/08\/devenir-reflexotherapeute-1024x511.jpg\" alt=\"Devenir r\u00e9flexoth\u00e9rapeute\" class=\"wp-image-20698\" srcset=\"https:\/\/www.agoracademie.com\/blog\/wp-content\/uploads\/2023\/08\/devenir-reflexotherapeute-1024x511.jpg 1024w, https:\/\/www.agoracademie.com\/blog\/wp-content\/uploads\/2023\/08\/devenir-reflexotherapeute-300x150.jpg 300w, https:\/\/www.agoracademie.com\/blog\/wp-content\/uploads\/2023\/08\/devenir-reflexotherapeute-768x383.jpg 768w, https:\/\/www.agoracademie.com\/blog\/wp-content\/uploads\/2023\/08\/devenir-reflexotherapeute.jpg 1079w\" sizes=\"auto, (max-width: 1024px) 100vw, 1024px\" \/><figcaption class=\"wp-element-caption\">Apprenez l&rsquo;art du toucher juste !<\/figcaption><\/figure><div id=\"ez-toc-container\" class=\"ez-toc-v2_0_82_2 ez-toc-wrap-center counter-hierarchy ez-toc-counter ez-toc-transparent ez-toc-container-direction\">\n<div class=\"ez-toc-title-container\">\n<p class=\"ez-toc-title\" style=\"cursor:inherit\">Sommaire<\/p>\n<span class=\"ez-toc-title-toggle\"><a href=\"#\" class=\"ez-toc-pull-right ez-toc-btn ez-toc-btn-xs ez-toc-btn-default ez-toc-toggle\" aria-label=\"Toggle Table of Content\"><span class=\"ez-toc-js-icon-con\"><span class=\"\"><span class=\"eztoc-hide\" style=\"display:none;\">Toggle<\/span><span class=\"ez-toc-icon-toggle-span\"><svg style=\"fill: #999;color:#999\" xmlns=\"http:\/\/www.w3.org\/2000\/svg\" class=\"list-377408\" width=\"20px\" height=\"20px\" viewBox=\"0 0 24 24\" fill=\"none\"><path d=\"M6 6H4v2h2V6zm14 0H8v2h12V6zM4 11h2v2H4v-2zm16 0H8v2h12v-2zM4 16h2v2H4v-2zm16 0H8v2h12v-2z\" fill=\"currentColor\"><\/path><\/svg><svg style=\"fill: #999;color:#999\" class=\"arrow-unsorted-368013\" xmlns=\"http:\/\/www.w3.org\/2000\/svg\" width=\"10px\" height=\"10px\" viewBox=\"0 0 24 24\" version=\"1.2\" baseProfile=\"tiny\"><path d=\"M18.2 9.3l-6.2-6.3-6.2 6.3c-.2.2-.3.4-.3.7s.1.5.3.7c.2.2.4.3.7.3h11c.3 0 .5-.1.7-.3.2-.2.3-.5.3-.7s-.1-.5-.3-.7zM5.8 14.7l6.2 6.3 6.2-6.3c.2-.2.3-.5.3-.7s-.1-.5-.3-.7c-.2-.2-.4-.3-.7-.3h-11c-.3 0-.5.1-.7.3-.2.2-.3.5-.3.7s.1.5.3.7z\"\/><\/svg><\/span><\/span><\/span><\/a><\/span><\/div>\n<nav><ul class='ez-toc-list ez-toc-list-level-1 ' ><li class='ez-toc-page-1 ez-toc-heading-level-2'><a class=\"ez-toc-link ez-toc-heading-1\" href=\"https:\/\/www.agoracademie.com\/blog\/devenir-reflexotherapeute\/#Devenir_reflexotherapeute_maitre_praticien\" >Devenir r\u00e9flexoth\u00e9rapeute ma\u00eetre praticien<\/a><\/li><li class='ez-toc-page-1 ez-toc-heading-level-2'><a class=\"ez-toc-link ez-toc-heading-2\" href=\"https:\/\/www.agoracademie.com\/blog\/devenir-reflexotherapeute\/#Quelle_reflexologie_choisir\" >Quelle r\u00e9flexologie choisir&nbsp;?<\/a><ul class='ez-toc-list-level-3' ><li class='ez-toc-heading-level-3'><a class=\"ez-toc-link ez-toc-heading-3\" href=\"https:\/\/www.agoracademie.com\/blog\/devenir-reflexotherapeute\/#Devenir_reflexotherapeute\" >Devenir r\u00e9flexoth\u00e9rapeute<\/a><\/li><\/ul><\/li><li class='ez-toc-page-1 ez-toc-heading-level-2'><a class=\"ez-toc-link ez-toc-heading-4\" href=\"https:\/\/www.agoracademie.com\/blog\/devenir-reflexotherapeute\/#1_formation_3_certificats\" >1 formation = 3 certificats<\/a><\/li><li class='ez-toc-page-1 ez-toc-heading-level-2'><a class=\"ez-toc-link ez-toc-heading-5\" href=\"https:\/\/www.agoracademie.com\/blog\/devenir-reflexotherapeute\/#Comment_se_former_pour_devenir_reflexotherapeute\" >Comment se former pour devenir r\u00e9flexoth\u00e9rapeute&nbsp;?<\/a><\/li><li class='ez-toc-page-1 ez-toc-heading-level-2'><a class=\"ez-toc-link ez-toc-heading-6\" href=\"https:\/\/www.agoracademie.com\/blog\/devenir-reflexotherapeute\/#Quand_commencer\" >Quand commencer&nbsp;?<\/a><\/li><\/ul><\/nav><\/div>\n\n<\/div>\n\n\n<h2 class=\"wp-block-heading\"><span class=\"ez-toc-section\" id=\"Devenir_reflexotherapeute_maitre_praticien\"><\/span><strong>Devenir r\u00e9flexoth\u00e9rapeute ma\u00eetre praticien<\/strong><span class=\"ez-toc-section-end\"><\/span><\/h2>\n\n\n\n<p>Votre recherche d&rsquo;une formation vous offrant la possibilit\u00e9 de devenir r\u00e9flexoth\u00e9rapeute vient de vous guider sur cette page et nous vous souhaitons la bienvenue&nbsp;!<\/p>\n\n\n\n<p>Gr\u00e2ce \u00e0 notre formation, vous allez pouvoir proposer vos services en r\u00e9flexologie et ainsi cr\u00e9er votre activit\u00e9 professionnelle.<\/p>\n\n\n\n<!--more-->\n\n\n\n<p>Ou bien, si vous \u00eates d\u00e9j\u00e0 install\u00e9, ajouter une nouvelle corde \u00e0 votre arc professionnel.<\/p>\n\n\n\n<p>Ce qui est un excellent moyen pour diversifier votre offre de services et augmenter votre client\u00e8le \u2013 patient\u00e8le.<\/p>\n\n\n\n<p>Bref, que vous soyez d\u00e9butant ou confirm\u00e9, <strong>d\u00e9couvrez ici notre formation pour devenir r\u00e9flexoth\u00e9rapeute<\/strong>&nbsp;!<\/p>\n\n\n\n<h2 class=\"wp-block-heading\"><span class=\"ez-toc-section\" id=\"Quelle_reflexologie_choisir\"><\/span><strong>Quelle r\u00e9flexologie choisir&nbsp;?<\/strong><span class=\"ez-toc-section-end\"><\/span><\/h2>\n\n\n\n<p>Puisque vous n&rsquo;en \u00eates pas au d\u00e9but de vos recherches sur la r\u00e9flexologie, vous savez qu&rsquo;il existe plusieurs m\u00e9thodes.<\/p>\n\n\n\n<p>Les plus connues sont les m\u00e9thodes&nbsp;:<\/p>\n\n\n\n<ul class=\"wp-block-list\">\n<li><strong>plantaire<\/strong>,<\/li>\n\n\n\n<li><strong>palmaire<\/strong>,<\/li>\n\n\n\n<li><strong>faciale<\/strong> et <strong>cr\u00e2nienne<\/strong>.<\/li>\n<\/ul>\n\n\n\n<p>Et ce sont justement ces trois m\u00e9thodes que nous vous proposons d&rsquo;apprendre dans le cadre de notre programme menant au <a href=\"https:\/\/www.agoracademie.com\/boutique\/formations-cd-dvd\/product\/formation-de-reflexologue\">ma\u00eetre praticien r\u00e9flexologue<\/a>.<\/p>\n\n\n\n<div class=\"wp-block-magic-content-box-content-box aligncenter magic-content-box-e877e6c0-34d4-4 magic-content-box-contentBox block-wrapper-background content-align-center\"><style>.magic-content-box-e877e6c0-34d4-4 .magic-content-box-content-wrapper{text-align:center;margin-top:30px;margin-bottom:30px}.magic-content-box-e877e6c0-34d4-4 .magic-content-box-section-header-wrapper{border-color:#ff201f}.magic-content-box-e877e6c0-34d4-4 .magic-content-box-mainheader-wrap{box-shadow:0px 6px 12px -10px #000;border-radius:5px;background-color:#fff}.magic-content-box-e877e6c0-34d4-4 .magic-content-box-section-wrapper{padding-top:30px;padding-right:30px;padding-bottom:30px;padding-left:30px;margin-top:0px;margin-right:0px;margin-bottom:0px;margin-left:0px}.magic-content-box-e877e6c0-34d4-4 .magic-content-box-section-head-wrap{text-align:center;padding-top:0px;padding-right:0px;padding-bottom:0px;margin-top:0px;margin-bottom:0px;padding-left:0px}.magic-content-box-e877e6c0-34d4-4 .magic-content-box-section-head-wrap .magic-content-box-title{color:#404040;font-size:32px;font-family:Default;padding-top:5px;padding-bottom:5px}.magic-content-box-e877e6c0-34d4-4 .magic-content-box-section-head-wrap .magic-content-box-subtitle{color:#6d6d6d;font-size:18px;font-family:Default;padding-top:5px;padding-bottom:5px}.magic-content-box-e877e6c0-34d4-4 .magic-content-box-title-dash{color:#ff201f}.magic-content-box-e877e6c0-34d4-4 .magic-content-box-block-button span{color:#fff;border-width:1px;font-size:16px;font-family:Default}.magic-content-box-e877e6c0-34d4-4 .magic-content-box-block-button .magic-content-box-button{background-color:#ff201f}.magic-content-box-e877e6c0-34d4-4 .magic-content-box-block-button i{color:#fff;font-size:13px}.magic-content-box-e877e6c0-34d4-4 .magic-content-box-block-button{margin-top:10px;margin-bottom:10px}.magic-content-box-e877e6c0-34d4-4 .magic-content-box-button{padding-top:5px;padding-right:15px;padding-bottom:5px;padding-left:15px}@media screen and (max-width:1025px){.magic-content-box-e877e6c0-34d4-4 .magic-content-box-section-head-wrap .magic-content-box-title{font-size:undefinedpx}.magic-content-box-e877e6c0-34d4-4 .magic-content-box-section-head-wrap .magic-content-box-subtitle{font-size:undefinedpx}.magic-content-box-e877e6c0-34d4-4 .magic-content-box-block-button span{font-size:undefinedpx}.magic-content-box-e877e6c0-34d4-4 .magic-content-box-block-button i{font-size:px}}@media screen and (max-width:767px){.magic-content-box-e877e6c0-34d4-4 .magic-content-box-section-head-wrap .magic-content-box-title{font-size:undefinedpx}.magic-content-box-e877e6c0-34d4-4 .magic-content-box-section-head-wrap .magic-content-box-subtitle{font-size:undefinedpx}.magic-content-box-e877e6c0-34d4-4 .magic-content-box-block-button span{font-size:undefinedpx}.magic-content-box-e877e6c0-34d4-4 .magic-content-box-block-button i{font-size:px}}<\/style><div class=\"content-wrapper-inner\"><div class=\"magic-content-box-content-wrapper magic-content-box-blocks has-background style-1\"><div class=\"content-img-wrap\"><img decoding=\"async\" src=\"https:\/\/www.agoracademie.com\/blog\/wp-content\/uploads\/2020\/08\/Formation-massage-en-ligne.jpg\" alt=\"Formation r\u00e9flexologie\" class=\"\"\/><\/div><div class=\"magic-content-box-section-wrapper magic-content-box-mainheader-wrap\"><div class=\"magic-content-box-section-header-wrapper magic-content-box-blocks\"><div class=\"magic-content-box-section-head-wrap magic-content-box-style1 magic-content-box-center\"><div class=\"magic-content-box-title-wrapper\"><span class=\"magic-content-box-title-dash magic-content-box-upper-dash\"><\/span><h3 class=\"magic-content-box-title\"><span class=\"ez-toc-section\" id=\"Devenir_reflexotherapeute\"><\/span>Devenir r\u00e9flexoth\u00e9rapeute<span class=\"ez-toc-section-end\"><\/span><\/h3><span class=\"magic-content-box-title-dash magic-content-box-lower-dash\"><\/span><\/div><div class=\"magic-content-box-subtitle-wrapper\"><span class=\"magic-content-box-title-dash magic-content-box-upper-dash\"><\/span><p class=\"magic-content-box-subtitle\">Formation en ligne &amp; \u00e0 distance de praticien &amp; de ma\u00eetre praticien<\/p><span class=\"magic-content-box-title-dash magic-content-box-lower-dash\"><\/span><\/div><\/div><\/div><div class=\"magic-content-box-desc-btn-wrap\"><div class=\"magic-content-box-block-button\"><a href=\"https:\/\/www.agoracademie.com\/academie\/formation-reflexologie-plantaire-palmaire\" class=\"magic-content-box-button magic-content-box-button-shape-rounded magic-content-box-button-size-small hover-style-1 btn-icon-left\"><span>PROGRAMMES<\/span><\/a><\/div><\/div><\/div><\/div><\/div><\/div>\n\n\n\n<h2 class=\"wp-block-heading\"><span class=\"ez-toc-section\" id=\"1_formation_3_certificats\"><\/span><strong>1 formation = 3 certificats<\/strong><span class=\"ez-toc-section-end\"><\/span><\/h2>\n\n\n\n<p>Oui, en plus de d\u00e9crocher le ma\u00eetre praticien, vous allez aussi pouvoir devenir&nbsp;:<\/p>\n\n\n\n<ul class=\"wp-block-list\">\n<li><a href=\"https:\/\/www.agoracademie.com\/boutique\/formations-cd-dvd\/product\/formation-reflexologie-a-distance\">praticien en r\u00e9flexologie plantaire<\/a>,<\/li>\n\n\n\n<li>et <a href=\"https:\/\/www.agoracademie.com\/boutique\/formations-cd-dvd\/product\/formation-reflexologie-palmaire\">praticien en r\u00e9flexologie palmaire<\/a>.<\/li>\n<\/ul>\n\n\n\n<p>La partie faciale et cr\u00e2nienne ne propose pas de praticien sp\u00e9cifique, mais elle est bien incluse dans le ma\u00eetre praticien.<\/p>\n\n\n\n<p>Il faut donc la valider pour \u00eatre ma\u00eetre praticien.<\/p>\n\n\n\n<p>En suivant notre formation, vous allez donc obtenir trois certificats de fin de formation.<\/p>\n\n\n\n<h2 class=\"wp-block-heading\"><span class=\"ez-toc-section\" id=\"Comment_se_former_pour_devenir_reflexotherapeute\"><\/span><strong>Comment se former pour devenir r\u00e9flexoth\u00e9rapeute&nbsp;?<\/strong><span class=\"ez-toc-section-end\"><\/span><\/h2>\n\n\n\n<p>La formation est tout d&rsquo;abord <strong>th\u00e9orique<\/strong>.<\/p>\n\n\n\n<p>Cela est logique, car il faut bien entendu en savoir plus sur la m\u00e9thode pour parfaitement bien l&rsquo;utiliser.<\/p>\n\n\n\n<p>Par exemple, vous allez devoir vous familiariser avec les nombreuses planches anatomiques vous pr\u00e9sentant la correspondance entre les organes et les points r\u00e9flexes \u00e0 stimuler.<\/p>\n\n\n\n<p>Cela sur&nbsp;:<\/p>\n\n\n\n<ul class=\"wp-block-list\">\n<li>les pieds,<\/li>\n\n\n\n<li>les mains,<\/li>\n\n\n\n<li>le visage et le cr\u00e2ne.<\/li>\n<\/ul>\n\n\n\n<p>Mais, tr\u00e8s vite, il est indispensable de passer \u00e0 la <strong>pratique<\/strong>.<\/p>\n\n\n\n<p>Sinon, ce serait comme apprendre la natation en lisant un livre ou en regardant des vid\u00e9os.<\/p>\n\n\n\n<p>Tant que vous n&rsquo;\u00eates pas dans l&rsquo;eau, il est impossible de v\u00e9ritablement apprendre, n&rsquo;est-ce pas&nbsp;?<\/p>\n\n\n\n<p>Il en va de m\u00eame ici, et c&rsquo;est votre investissement personnel, dans la r\u00e9alisation de nombreux massages guid\u00e9e par notre m\u00e9thode, qui fera de vous un praticien performant.<\/p>\n\n\n\n<p>Ce temps d&rsquo;investissement est donc \u00e0 pr\u00e9voir, car il est incompressible.<\/p>\n\n\n\n<p>Bien s\u00fbr, si vous \u00eates d\u00e9j\u00e0 un(e) pro du massage, cette dur\u00e9e sera plus courte pour vous, puisque votre gestuelle est d\u00e9j\u00e0 bien rod\u00e9e.<\/p>\n\n\n\n<p>Mais, m\u00eame pour vous, la pratique intensive sur des amis servant de \u00ab&nbsp;cobaye&nbsp;\u00bb reste indispensable.<\/p>\n\n\n\n<p>Ainsi, dans un premier temps, vous allez apprendre \u00e0 rep\u00e9rer les points \u00e0 activer pour \u00eatre efficace.<\/p>\n\n\n\n<p>Puis, vous allez tester les gestes r\u00e9flexologiques permettant une activation correcte.<\/p>\n\n\n\n<figure class=\"wp-block-embed is-type-video is-provider-youtube wp-block-embed-youtube wp-embed-aspect-16-9 wp-has-aspect-ratio\"><div class=\"wp-block-embed__wrapper\">\n<iframe loading=\"lazy\" title=\"Formation ma\u00eetre praticien r\u00e9flexologue - R\u00e9flexologie Plantaire + Palmaire + Faciale\" width=\"960\" height=\"540\" src=\"https:\/\/www.youtube.com\/embed\/ovhAvLC3WdI?feature=oembed\" frameborder=\"0\" allow=\"accelerometer; autoplay; clipboard-write; encrypted-media; gyroscope; picture-in-picture; web-share\" allowfullscreen><\/iframe>\n<\/div><\/figure>\n\n\n\n<h2 class=\"wp-block-heading\"><span class=\"ez-toc-section\" id=\"Quand_commencer\"><\/span><strong>Quand commencer&nbsp;?<\/strong><span class=\"ez-toc-section-end\"><\/span><\/h2>\n\n\n\n<p>La r\u00e9ponse est simple&nbsp;: <strong>maintenant&nbsp;!<\/strong><\/p>\n\n\n\n<p>En effet, gr\u00e2ce \u00e0 notre formation disponible en ligne et \u00e0 distance, vous pouvez d\u00e9buter votre apprentissage de la r\u00e9flexologie imm\u00e9diatement.<\/p>\n\n\n\n<p>Cela, sans avoir \u00e0 bouger de chez vous et sans vous ruiner.<\/p>\n\n\n\n<p>Nos prix sont effectivement calcul\u00e9s au plus juste, afin de rendre nos formations accessibles aupr\u00e8s du plus grand nombre.<\/p>\n\n\n\n<p>L&rsquo;aventure vous tente&nbsp;?<\/p>\n\n\n\n<p>Nous attendons donc votre inscription et vous disons \u00e0 tout de suite&nbsp;!<\/p>\n\n\n\n<p>Et si, avant de vous inscrire, il vous vient une question, surtout n&rsquo;h\u00e9sitez pas \u00e0 nous contacter, car m\u00eame \u00e0 distance, nous ne sommes jamais bien loin \ud83d\ude09<\/p>\n","protected":false},"excerpt":{"rendered":"<p>Devenir r\u00e9flexoth\u00e9rapeute ma\u00eetre praticien Votre recherche d&rsquo;une formation vous offrant la possibilit\u00e9 de devenir r\u00e9flexoth\u00e9rapeute vient de vous guider sur cette page et nous vous souhaitons la bienvenue&nbsp;! Gr\u00e2ce \u00e0 notre formation, vous allez pouvoir proposer vos services en r\u00e9flexologie et ainsi cr\u00e9er votre activit\u00e9 professionnelle.<\/p>\n","protected":false},"author":2,"featured_media":0,"comment_status":"open","ping_status":"closed","sticky":false,"template":"","format":"standard","meta":{"_bbp_topic_count":0,"_bbp_reply_count":0,"_bbp_total_topic_count":0,"_bbp_total_reply_count":0,"_bbp_voice_count":0,"_bbp_anonymous_reply_count":0,"_bbp_topic_count_hidden":0,"_bbp_reply_count_hidden":0,"_bbp_forum_subforum_count":0,"footnotes":""},"categories":[6],"tags":[],"class_list":["post-20697","post","type-post","status-publish","format-standard","hentry","category-formation-en-developpement-personnel"],"yoast_head":"<!-- This site is optimized with the Yoast SEO plugin v27.4 - https:\/\/yoast.com\/product\/yoast-seo-wordpress\/ -->\n<title>Devenir r\u00e9flexoth\u00e9rapeute avec Agoracad\u00e9mie<\/title>\n<meta name=\"description\" content=\"Vous cherchez une formation vous permettant de devenir r\u00e9flexoth\u00e9rapeute pour vous installer comme r\u00e9flexologue\u00a0? Vous l&#039;avez trouv\u00e9\u00a0!\" \/>\n<meta name=\"robots\" content=\"index, follow, max-snippet:-1, max-image-preview:large, max-video-preview:-1\" \/>\n<link rel=\"canonical\" href=\"https:\/\/www.agoracademie.com\/blog\/devenir-reflexotherapeute\/\" \/>\n<meta property=\"og:locale\" content=\"fr_FR\" \/>\n<meta property=\"og:type\" content=\"article\" \/>\n<meta property=\"og:title\" content=\"Devenir r\u00e9flexoth\u00e9rapeute avec Agoracad\u00e9mie\" \/>\n<meta property=\"og:description\" content=\"Vous cherchez une formation vous permettant de devenir r\u00e9flexoth\u00e9rapeute pour vous installer comme r\u00e9flexologue\u00a0? Vous l&#039;avez trouv\u00e9\u00a0!\" \/>\n<meta property=\"og:url\" content=\"https:\/\/www.agoracademie.com\/blog\/devenir-reflexotherapeute\/\" \/>\n<meta property=\"og:site_name\" content=\"Agoracad\u00e9mie\" \/>\n<meta property=\"article:published_time\" content=\"2023-08-21T13:05:13+00:00\" \/>\n<meta property=\"article:modified_time\" content=\"2025-07-12T07:12:42+00:00\" \/>\n<meta property=\"og:image\" content=\"https:\/\/www.agoracademie.com\/blog\/wp-content\/uploads\/2023\/08\/devenir-reflexotherapeute.jpg\" \/>\n\t<meta property=\"og:image:width\" content=\"1079\" \/>\n\t<meta property=\"og:image:height\" content=\"538\" \/>\n\t<meta property=\"og:image:type\" content=\"image\/jpeg\" \/>\n<meta name=\"author\" content=\"Laurent Bertrel\" \/>\n<meta name=\"twitter:label1\" content=\"\u00c9crit par\" \/>\n\t<meta name=\"twitter:data1\" content=\"Laurent Bertrel\" \/>\n\t<meta name=\"twitter:label2\" content=\"Dur\u00e9e de lecture estim\u00e9e\" \/>\n\t<meta name=\"twitter:data2\" content=\"4 minutes\" \/>\n<script type=\"application\/ld+json\" class=\"yoast-schema-graph\">{\"@context\":\"https:\\\/\\\/schema.org\",\"@graph\":[{\"@type\":\"Article\",\"@id\":\"https:\\\/\\\/www.agoracademie.com\\\/blog\\\/devenir-reflexotherapeute\\\/#article\",\"isPartOf\":{\"@id\":\"https:\\\/\\\/www.agoracademie.com\\\/blog\\\/devenir-reflexotherapeute\\\/\"},\"author\":{\"name\":\"Laurent Bertrel\",\"@id\":\"https:\\\/\\\/www.agoracademie.com\\\/blog\\\/#\\\/schema\\\/person\\\/c2f110c50be7dcecc05cb4e87f32537f\"},\"headline\":\"Devenir r\u00e9flexoth\u00e9rapeute\",\"datePublished\":\"2023-08-21T13:05:13+00:00\",\"dateModified\":\"2025-07-12T07:12:42+00:00\",\"mainEntityOfPage\":{\"@id\":\"https:\\\/\\\/www.agoracademie.com\\\/blog\\\/devenir-reflexotherapeute\\\/\"},\"wordCount\":646,\"commentCount\":0,\"image\":{\"@id\":\"https:\\\/\\\/www.agoracademie.com\\\/blog\\\/devenir-reflexotherapeute\\\/#primaryimage\"},\"thumbnailUrl\":\"https:\\\/\\\/www.agoracademie.com\\\/blog\\\/wp-content\\\/uploads\\\/2023\\\/08\\\/devenir-reflexotherapeute-1024x511.jpg\",\"articleSection\":[\"Formation\"],\"inLanguage\":\"fr-FR\",\"potentialAction\":[{\"@type\":\"CommentAction\",\"name\":\"Comment\",\"target\":[\"https:\\\/\\\/www.agoracademie.com\\\/blog\\\/devenir-reflexotherapeute\\\/#respond\"]}]},{\"@type\":\"WebPage\",\"@id\":\"https:\\\/\\\/www.agoracademie.com\\\/blog\\\/devenir-reflexotherapeute\\\/\",\"url\":\"https:\\\/\\\/www.agoracademie.com\\\/blog\\\/devenir-reflexotherapeute\\\/\",\"name\":\"Devenir r\u00e9flexoth\u00e9rapeute avec Agoracad\u00e9mie\",\"isPartOf\":{\"@id\":\"https:\\\/\\\/www.agoracademie.com\\\/blog\\\/#website\"},\"primaryImageOfPage\":{\"@id\":\"https:\\\/\\\/www.agoracademie.com\\\/blog\\\/devenir-reflexotherapeute\\\/#primaryimage\"},\"image\":{\"@id\":\"https:\\\/\\\/www.agoracademie.com\\\/blog\\\/devenir-reflexotherapeute\\\/#primaryimage\"},\"thumbnailUrl\":\"https:\\\/\\\/www.agoracademie.com\\\/blog\\\/wp-content\\\/uploads\\\/2023\\\/08\\\/devenir-reflexotherapeute-1024x511.jpg\",\"datePublished\":\"2023-08-21T13:05:13+00:00\",\"dateModified\":\"2025-07-12T07:12:42+00:00\",\"author\":{\"@id\":\"https:\\\/\\\/www.agoracademie.com\\\/blog\\\/#\\\/schema\\\/person\\\/c2f110c50be7dcecc05cb4e87f32537f\"},\"description\":\"Vous cherchez une formation vous permettant de devenir r\u00e9flexoth\u00e9rapeute pour vous installer comme r\u00e9flexologue\u00a0? Vous l'avez trouv\u00e9\u00a0!\",\"breadcrumb\":{\"@id\":\"https:\\\/\\\/www.agoracademie.com\\\/blog\\\/devenir-reflexotherapeute\\\/#breadcrumb\"},\"inLanguage\":\"fr-FR\",\"potentialAction\":[{\"@type\":\"ReadAction\",\"target\":[\"https:\\\/\\\/www.agoracademie.com\\\/blog\\\/devenir-reflexotherapeute\\\/\"]}]},{\"@type\":\"ImageObject\",\"inLanguage\":\"fr-FR\",\"@id\":\"https:\\\/\\\/www.agoracademie.com\\\/blog\\\/devenir-reflexotherapeute\\\/#primaryimage\",\"url\":\"https:\\\/\\\/www.agoracademie.com\\\/blog\\\/wp-content\\\/uploads\\\/2023\\\/08\\\/devenir-reflexotherapeute.jpg\",\"contentUrl\":\"https:\\\/\\\/www.agoracademie.com\\\/blog\\\/wp-content\\\/uploads\\\/2023\\\/08\\\/devenir-reflexotherapeute.jpg\",\"width\":1079,\"height\":538},{\"@type\":\"BreadcrumbList\",\"@id\":\"https:\\\/\\\/www.agoracademie.com\\\/blog\\\/devenir-reflexotherapeute\\\/#breadcrumb\",\"itemListElement\":[{\"@type\":\"ListItem\",\"position\":1,\"name\":\"Accueil\",\"item\":\"https:\\\/\\\/www.agoracademie.com\\\/blog\\\/\"},{\"@type\":\"ListItem\",\"position\":2,\"name\":\"Devenir r\u00e9flexoth\u00e9rapeute\"}]},{\"@type\":\"WebSite\",\"@id\":\"https:\\\/\\\/www.agoracademie.com\\\/blog\\\/#website\",\"url\":\"https:\\\/\\\/www.agoracademie.com\\\/blog\\\/\",\"name\":\"Blog Agoracad\u00e9mie - Centre de formation en ligne et \u00e0 distance\",\"description\":\"Le blog du d\u00e9veloppement personnel et des th\u00e9rapies\",\"potentialAction\":[{\"@type\":\"SearchAction\",\"target\":{\"@type\":\"EntryPoint\",\"urlTemplate\":\"https:\\\/\\\/www.agoracademie.com\\\/blog\\\/?s={search_term_string}\"},\"query-input\":{\"@type\":\"PropertyValueSpecification\",\"valueRequired\":true,\"valueName\":\"search_term_string\"}}],\"inLanguage\":\"fr-FR\"},{\"@type\":\"Person\",\"@id\":\"https:\\\/\\\/www.agoracademie.com\\\/blog\\\/#\\\/schema\\\/person\\\/c2f110c50be7dcecc05cb4e87f32537f\",\"name\":\"Laurent Bertrel\",\"image\":{\"@type\":\"ImageObject\",\"inLanguage\":\"fr-FR\",\"@id\":\"https:\\\/\\\/secure.gravatar.com\\\/avatar\\\/45841390e6db2f4064cc5f84ee39189cf562b1de36eb5b1b7cc82dee445813a4?s=96&r=g\",\"url\":\"https:\\\/\\\/secure.gravatar.com\\\/avatar\\\/45841390e6db2f4064cc5f84ee39189cf562b1de36eb5b1b7cc82dee445813a4?s=96&r=g\",\"contentUrl\":\"https:\\\/\\\/secure.gravatar.com\\\/avatar\\\/45841390e6db2f4064cc5f84ee39189cf562b1de36eb5b1b7cc82dee445813a4?s=96&r=g\",\"caption\":\"Laurent Bertrel\"},\"description\":\"Laurent Bertrel est le fondateur d'Agoracad\u00e9mie. Titulaire d'une licence en sciences humaines et sociales, d'une ma\u00eetrise et d'un master en psychanalyse, d'un master en \u00e9tudes culturelles parcours \u00e9tudes de genre, du DU connaissances g\u00e9n\u00e9rales de la personne \u00e2g\u00e9e, il est aussi form\u00e9 \u00e0 diff\u00e9rentes approches dont la PNL, la sophrologie, la relaxation, l'hypnose, le coaching, la m\u00e9ditation, les arts martiaux, etc. Auteur de plus de 40 ouvrages, dont 18 livres, il anime plusieurs formations sur Agoracad\u00e9mie et r\u00e9pondra au message que vous allez laisser ci-dessous.\",\"sameAs\":[\"https:\\\/\\\/www.agoracademie.com\\\/\"]}]}<\/script>\n<!-- \/ Yoast SEO plugin. -->","yoast_head_json":{"title":"Devenir r\u00e9flexoth\u00e9rapeute avec Agoracad\u00e9mie","description":"Vous cherchez une formation vous permettant de devenir r\u00e9flexoth\u00e9rapeute pour vous installer comme r\u00e9flexologue\u00a0? Vous l'avez trouv\u00e9\u00a0!","robots":{"index":"index","follow":"follow","max-snippet":"max-snippet:-1","max-image-preview":"max-image-preview:large","max-video-preview":"max-video-preview:-1"},"canonical":"https:\/\/www.agoracademie.com\/blog\/devenir-reflexotherapeute\/","og_locale":"fr_FR","og_type":"article","og_title":"Devenir r\u00e9flexoth\u00e9rapeute avec Agoracad\u00e9mie","og_description":"Vous cherchez une formation vous permettant de devenir r\u00e9flexoth\u00e9rapeute pour vous installer comme r\u00e9flexologue\u00a0? Vous l'avez trouv\u00e9\u00a0!","og_url":"https:\/\/www.agoracademie.com\/blog\/devenir-reflexotherapeute\/","og_site_name":"Agoracad\u00e9mie","article_published_time":"2023-08-21T13:05:13+00:00","article_modified_time":"2025-07-12T07:12:42+00:00","og_image":[{"width":1079,"height":538,"url":"https:\/\/www.agoracademie.com\/blog\/wp-content\/uploads\/2023\/08\/devenir-reflexotherapeute.jpg","type":"image\/jpeg"}],"author":"Laurent Bertrel","twitter_misc":{"\u00c9crit par":"Laurent Bertrel","Dur\u00e9e de lecture estim\u00e9e":"4 minutes"},"schema":{"@context":"https:\/\/schema.org","@graph":[{"@type":"Article","@id":"https:\/\/www.agoracademie.com\/blog\/devenir-reflexotherapeute\/#article","isPartOf":{"@id":"https:\/\/www.agoracademie.com\/blog\/devenir-reflexotherapeute\/"},"author":{"name":"Laurent Bertrel","@id":"https:\/\/www.agoracademie.com\/blog\/#\/schema\/person\/c2f110c50be7dcecc05cb4e87f32537f"},"headline":"Devenir r\u00e9flexoth\u00e9rapeute","datePublished":"2023-08-21T13:05:13+00:00","dateModified":"2025-07-12T07:12:42+00:00","mainEntityOfPage":{"@id":"https:\/\/www.agoracademie.com\/blog\/devenir-reflexotherapeute\/"},"wordCount":646,"commentCount":0,"image":{"@id":"https:\/\/www.agoracademie.com\/blog\/devenir-reflexotherapeute\/#primaryimage"},"thumbnailUrl":"https:\/\/www.agoracademie.com\/blog\/wp-content\/uploads\/2023\/08\/devenir-reflexotherapeute-1024x511.jpg","articleSection":["Formation"],"inLanguage":"fr-FR","potentialAction":[{"@type":"CommentAction","name":"Comment","target":["https:\/\/www.agoracademie.com\/blog\/devenir-reflexotherapeute\/#respond"]}]},{"@type":"WebPage","@id":"https:\/\/www.agoracademie.com\/blog\/devenir-reflexotherapeute\/","url":"https:\/\/www.agoracademie.com\/blog\/devenir-reflexotherapeute\/","name":"Devenir r\u00e9flexoth\u00e9rapeute avec Agoracad\u00e9mie","isPartOf":{"@id":"https:\/\/www.agoracademie.com\/blog\/#website"},"primaryImageOfPage":{"@id":"https:\/\/www.agoracademie.com\/blog\/devenir-reflexotherapeute\/#primaryimage"},"image":{"@id":"https:\/\/www.agoracademie.com\/blog\/devenir-reflexotherapeute\/#primaryimage"},"thumbnailUrl":"https:\/\/www.agoracademie.com\/blog\/wp-content\/uploads\/2023\/08\/devenir-reflexotherapeute-1024x511.jpg","datePublished":"2023-08-21T13:05:13+00:00","dateModified":"2025-07-12T07:12:42+00:00","author":{"@id":"https:\/\/www.agoracademie.com\/blog\/#\/schema\/person\/c2f110c50be7dcecc05cb4e87f32537f"},"description":"Vous cherchez une formation vous permettant de devenir r\u00e9flexoth\u00e9rapeute pour vous installer comme r\u00e9flexologue\u00a0? Vous l'avez trouv\u00e9\u00a0!","breadcrumb":{"@id":"https:\/\/www.agoracademie.com\/blog\/devenir-reflexotherapeute\/#breadcrumb"},"inLanguage":"fr-FR","potentialAction":[{"@type":"ReadAction","target":["https:\/\/www.agoracademie.com\/blog\/devenir-reflexotherapeute\/"]}]},{"@type":"ImageObject","inLanguage":"fr-FR","@id":"https:\/\/www.agoracademie.com\/blog\/devenir-reflexotherapeute\/#primaryimage","url":"https:\/\/www.agoracademie.com\/blog\/wp-content\/uploads\/2023\/08\/devenir-reflexotherapeute.jpg","contentUrl":"https:\/\/www.agoracademie.com\/blog\/wp-content\/uploads\/2023\/08\/devenir-reflexotherapeute.jpg","width":1079,"height":538},{"@type":"BreadcrumbList","@id":"https:\/\/www.agoracademie.com\/blog\/devenir-reflexotherapeute\/#breadcrumb","itemListElement":[{"@type":"ListItem","position":1,"name":"Accueil","item":"https:\/\/www.agoracademie.com\/blog\/"},{"@type":"ListItem","position":2,"name":"Devenir r\u00e9flexoth\u00e9rapeute"}]},{"@type":"WebSite","@id":"https:\/\/www.agoracademie.com\/blog\/#website","url":"https:\/\/www.agoracademie.com\/blog\/","name":"Blog Agoracad\u00e9mie - Centre de formation en ligne et \u00e0 distance","description":"Le blog du d\u00e9veloppement personnel et des th\u00e9rapies","potentialAction":[{"@type":"SearchAction","target":{"@type":"EntryPoint","urlTemplate":"https:\/\/www.agoracademie.com\/blog\/?s={search_term_string}"},"query-input":{"@type":"PropertyValueSpecification","valueRequired":true,"valueName":"search_term_string"}}],"inLanguage":"fr-FR"},{"@type":"Person","@id":"https:\/\/www.agoracademie.com\/blog\/#\/schema\/person\/c2f110c50be7dcecc05cb4e87f32537f","name":"Laurent Bertrel","image":{"@type":"ImageObject","inLanguage":"fr-FR","@id":"https:\/\/secure.gravatar.com\/avatar\/45841390e6db2f4064cc5f84ee39189cf562b1de36eb5b1b7cc82dee445813a4?s=96&r=g","url":"https:\/\/secure.gravatar.com\/avatar\/45841390e6db2f4064cc5f84ee39189cf562b1de36eb5b1b7cc82dee445813a4?s=96&r=g","contentUrl":"https:\/\/secure.gravatar.com\/avatar\/45841390e6db2f4064cc5f84ee39189cf562b1de36eb5b1b7cc82dee445813a4?s=96&r=g","caption":"Laurent Bertrel"},"description":"Laurent Bertrel est le fondateur d'Agoracad\u00e9mie. Titulaire d'une licence en sciences humaines et sociales, d'une ma\u00eetrise et d'un master en psychanalyse, d'un master en \u00e9tudes culturelles parcours \u00e9tudes de genre, du DU connaissances g\u00e9n\u00e9rales de la personne \u00e2g\u00e9e, il est aussi form\u00e9 \u00e0 diff\u00e9rentes approches dont la PNL, la sophrologie, la relaxation, l'hypnose, le coaching, la m\u00e9ditation, les arts martiaux, etc. Auteur de plus de 40 ouvrages, dont 18 livres, il anime plusieurs formations sur Agoracad\u00e9mie et r\u00e9pondra au message que vous allez laisser ci-dessous.","sameAs":["https:\/\/www.agoracademie.com\/"]}]}},"acf":[],"_links":{"self":[{"href":"https:\/\/www.agoracademie.com\/blog\/wp-json\/wp\/v2\/posts\/20697","targetHints":{"allow":["GET"]}}],"collection":[{"href":"https:\/\/www.agoracademie.com\/blog\/wp-json\/wp\/v2\/posts"}],"about":[{"href":"https:\/\/www.agoracademie.com\/blog\/wp-json\/wp\/v2\/types\/post"}],"author":[{"embeddable":true,"href":"https:\/\/www.agoracademie.com\/blog\/wp-json\/wp\/v2\/users\/2"}],"replies":[{"embeddable":true,"href":"https:\/\/www.agoracademie.com\/blog\/wp-json\/wp\/v2\/comments?post=20697"}],"version-history":[{"count":4,"href":"https:\/\/www.agoracademie.com\/blog\/wp-json\/wp\/v2\/posts\/20697\/revisions"}],"predecessor-version":[{"id":21804,"href":"https:\/\/www.agoracademie.com\/blog\/wp-json\/wp\/v2\/posts\/20697\/revisions\/21804"}],"wp:attachment":[{"href":"https:\/\/www.agoracademie.com\/blog\/wp-json\/wp\/v2\/media?parent=20697"}],"wp:term":[{"taxonomy":"category","embeddable":true,"href":"https:\/\/www.agoracademie.com\/blog\/wp-json\/wp\/v2\/categories?post=20697"},{"taxonomy":"post_tag","embeddable":true,"href":"https:\/\/www.agoracademie.com\/blog\/wp-json\/wp\/v2\/tags?post=20697"}],"curies":[{"name":"wp","href":"https:\/\/api.w.org\/{rel}","templated":true}]}}