{"id":20896,"date":"2024-01-13T09:33:00","date_gmt":"2024-01-13T08:33:00","guid":{"rendered":"https:\/\/www.agoracademie.com\/blog\/?p=20896"},"modified":"2025-07-11T17:43:29","modified_gmt":"2025-07-11T15:43:29","slug":"se-reconvertir-dans-le-bien-etre","status":"publish","type":"post","link":"https:\/\/www.agoracademie.com\/blog\/se-reconvertir-dans-le-bien-etre\/","title":{"rendered":"Se reconvertir dans le bien \u00eatre"},"content":{"rendered":"<div class=\"wp-block-image\">\n<figure class=\"aligncenter size-large\"><img loading=\"lazy\" decoding=\"async\" width=\"1024\" height=\"511\" src=\"https:\/\/www.agoracademie.com\/blog\/wp-content\/uploads\/2023\/12\/se-reconvertir-dans-le-bien-etre-1024x511.jpg\" alt=\"Se reconvertir dans le bien \u00eatre\" class=\"wp-image-20897\" srcset=\"https:\/\/www.agoracademie.com\/blog\/wp-content\/uploads\/2023\/12\/se-reconvertir-dans-le-bien-etre-1024x511.jpg 1024w, https:\/\/www.agoracademie.com\/blog\/wp-content\/uploads\/2023\/12\/se-reconvertir-dans-le-bien-etre-300x150.jpg 300w, https:\/\/www.agoracademie.com\/blog\/wp-content\/uploads\/2023\/12\/se-reconvertir-dans-le-bien-etre-768x383.jpg 768w, https:\/\/www.agoracademie.com\/blog\/wp-content\/uploads\/2023\/12\/se-reconvertir-dans-le-bien-etre.jpg 1079w\" sizes=\"auto, (max-width: 1024px) 100vw, 1024px\" \/><figcaption class=\"wp-element-caption\">En route vers le bien \u00eatre !<\/figcaption><\/figure><div id=\"ez-toc-container\" class=\"ez-toc-v2_0_82_2 ez-toc-wrap-center counter-hierarchy ez-toc-counter ez-toc-transparent ez-toc-container-direction\">\n<div class=\"ez-toc-title-container\">\n<p class=\"ez-toc-title\" style=\"cursor:inherit\">Sommaire<\/p>\n<span class=\"ez-toc-title-toggle\"><a href=\"#\" class=\"ez-toc-pull-right ez-toc-btn ez-toc-btn-xs ez-toc-btn-default ez-toc-toggle\" aria-label=\"Toggle Table of Content\"><span class=\"ez-toc-js-icon-con\"><span class=\"\"><span class=\"eztoc-hide\" style=\"display:none;\">Toggle<\/span><span class=\"ez-toc-icon-toggle-span\"><svg style=\"fill: #999;color:#999\" xmlns=\"http:\/\/www.w3.org\/2000\/svg\" class=\"list-377408\" width=\"20px\" height=\"20px\" viewBox=\"0 0 24 24\" fill=\"none\"><path d=\"M6 6H4v2h2V6zm14 0H8v2h12V6zM4 11h2v2H4v-2zm16 0H8v2h12v-2zM4 16h2v2H4v-2zm16 0H8v2h12v-2z\" fill=\"currentColor\"><\/path><\/svg><svg style=\"fill: #999;color:#999\" class=\"arrow-unsorted-368013\" xmlns=\"http:\/\/www.w3.org\/2000\/svg\" width=\"10px\" height=\"10px\" viewBox=\"0 0 24 24\" version=\"1.2\" baseProfile=\"tiny\"><path d=\"M18.2 9.3l-6.2-6.3-6.2 6.3c-.2.2-.3.4-.3.7s.1.5.3.7c.2.2.4.3.7.3h11c.3 0 .5-.1.7-.3.2-.2.3-.5.3-.7s-.1-.5-.3-.7zM5.8 14.7l6.2 6.3 6.2-6.3c.2-.2.3-.5.3-.7s-.1-.5-.3-.7c-.2-.2-.4-.3-.7-.3h-11c-.3 0-.5.1-.7.3-.2.2-.3.5-.3.7s.1.5.3.7z\"\/><\/svg><\/span><\/span><\/span><\/a><\/span><\/div>\n<nav><ul class='ez-toc-list ez-toc-list-level-1 ' ><li class='ez-toc-page-1 ez-toc-heading-level-2'><a class=\"ez-toc-link ez-toc-heading-1\" href=\"https:\/\/www.agoracademie.com\/blog\/se-reconvertir-dans-le-bien-etre\/#Se_reconvertir_dans_le_bien_etre_comment_faire\" >Se reconvertir dans le bien \u00eatre&nbsp;: comment faire&nbsp;?<\/a><\/li><li class='ez-toc-page-1 ez-toc-heading-level-2'><a class=\"ez-toc-link ez-toc-heading-2\" href=\"https:\/\/www.agoracademie.com\/blog\/se-reconvertir-dans-le-bien-etre\/#Faut-il_obligatoirement_se_former\" >Faut-il obligatoirement se former&nbsp;?<\/a><ul class='ez-toc-list-level-3' ><li class='ez-toc-heading-level-3'><a class=\"ez-toc-link ez-toc-heading-3\" href=\"https:\/\/www.agoracademie.com\/blog\/se-reconvertir-dans-le-bien-etre\/#Formez-vous_au_bien_etre\" >Formez-vous au bien \u00eatre !<\/a><\/li><li class='ez-toc-page-1 ez-toc-heading-level-3'><a class=\"ez-toc-link ez-toc-heading-4\" href=\"https:\/\/www.agoracademie.com\/blog\/se-reconvertir-dans-le-bien-etre\/#Le_cas_particulier_de_la_profession_reglementee\" >Le cas particulier de la profession r\u00e9glement\u00e9e<\/a><\/li><\/ul><\/li><li class='ez-toc-page-1 ez-toc-heading-level-2'><a class=\"ez-toc-link ez-toc-heading-5\" href=\"https:\/\/www.agoracademie.com\/blog\/se-reconvertir-dans-le-bien-etre\/#Quelle_formation_choisir\" >Quelle formation choisir&nbsp;?<\/a><\/li><li class='ez-toc-page-1 ez-toc-heading-level-2'><a class=\"ez-toc-link ez-toc-heading-6\" href=\"https:\/\/www.agoracademie.com\/blog\/se-reconvertir-dans-le-bien-etre\/#Se_reconvertir_dans_le_bien_etre_statut_financement\" >Se reconvertir dans le bien \u00eatre&nbsp;: statut &amp; financement<\/a><\/li><li class='ez-toc-page-1 ez-toc-heading-level-2'><a class=\"ez-toc-link ez-toc-heading-7\" href=\"https:\/\/www.agoracademie.com\/blog\/se-reconvertir-dans-le-bien-etre\/#Formation_a_la_creation_dentreprise\" >Formation \u00e0 la cr\u00e9ation d&rsquo;entreprise<\/a><\/li><\/ul><\/nav><\/div>\n\n<\/div>\n\n\n<h2 class=\"wp-block-heading\"><span class=\"ez-toc-section\" id=\"Se_reconvertir_dans_le_bien_etre_comment_faire\"><\/span><strong>Se reconvertir dans le bien \u00eatre&nbsp;: comment faire&nbsp;?<\/strong><span class=\"ez-toc-section-end\"><\/span><\/h2>\n\n\n\n<p>Comment se reconvertir dans le bien \u00eatre&nbsp;?<\/p>\n\n\n\n<p>Est-il obligatoire de se former pour r\u00e9ussir sa reconversion professionnelle&nbsp;?<\/p>\n\n\n\n<p>Et si oui, comment choisir sa formation et comment la financer&nbsp;?<\/p>\n\n\n\n<!--more-->\n\n\n\n<p>Voil\u00e0 les points que nous allons aborder ci-apr\u00e8s.<\/p>\n\n\n\n<h2 class=\"wp-block-heading\"><span class=\"ez-toc-section\" id=\"Faut-il_obligatoirement_se_former\"><\/span><strong>Faut-il obligatoirement se former&nbsp;?<\/strong><span class=\"ez-toc-section-end\"><\/span><\/h2>\n\n\n\n<p>Non, il n&rsquo;est g\u00e9n\u00e9ralement pas obligatoire de se former pour se reconvertir professionnellement.<\/p>\n\n\n\n<p>Mais cela est vivement recommand\u00e9 !<\/p>\n\n\n\n<p>Par qui&nbsp;?<\/p>\n\n\n\n<p>Par les professionnels eux-m\u00eames qui ont l&rsquo;habitude de voir se lancer les nouveaux arrivants, la fleur au bout du fusil, c&rsquo;est-\u00e0-dire sans aucune pr\u00e9paration.<\/p>\n\n\n\n<p>Ils pensent que le petit (ou gros) capital amass\u00e9 pour r\u00e9aliser leur r\u00eave suffira \u00e0 r\u00e9ussir.<\/p>\n\n\n\n<p>Tous finissent par dire, apr\u00e8s r\u00e9ussite et surtout apr\u00e8s \u00e9chec, qu&rsquo;<strong>une meilleure pr\u00e9paration aurait \u00e9t\u00e9 finalement n\u00e9cessaire<\/strong>.<\/p>\n\n\n\n<p>Pourtant, nous entendons encore souvent des histoires de personnes arr\u00eatant leur travail pour par exemple&nbsp;:<\/p>\n\n\n\n<ul class=\"wp-block-list\">\n<li>ouvrir un commerce,<\/li>\n\n\n\n<li>cr\u00e9er un restaurant,<\/li>\n\n\n\n<li>reprendre un h\u00f4tel&#8230;,<\/li>\n<\/ul>\n\n\n\n<p>Cela sans aucune formation, m\u00eame basique pour leur activit\u00e9, donc ni commerciale, ni aux arts de la table ou \u00e0 celui de recevoir.<\/p>\n\n\n\n<p>M\u00eame les professionnels qualifi\u00e9s arrivent \u00e0 se planter dans leur lancement d&rsquo;activit\u00e9.<\/p>\n\n\n\n<p>Alors, le risque d&rsquo;\u00e9chec pour un non-pro est forc\u00e9ment plus \u00e9lev\u00e9&#8230;<\/p>\n\n\n\n<p>\u00cates-vous pr\u00eat \u00e0 courir ce risque inutile&nbsp;?<\/p>\n\n\n\n<div class=\"wp-block-magic-content-box-content-box aligncenter magic-content-box-d025c714-7f8c-4 magic-content-box-contentBox block-wrapper-background content-align-center\"><style>.magic-content-box-d025c714-7f8c-4 .magic-content-box-content-wrapper{text-align:center;margin-top:30px;margin-bottom:30px}.magic-content-box-d025c714-7f8c-4 .magic-content-box-section-header-wrapper{border-color:#ff201f}.magic-content-box-d025c714-7f8c-4 .magic-content-box-mainheader-wrap{box-shadow:0px 6px 12px -10px #000;border-radius:5px;background-color:#fff}.magic-content-box-d025c714-7f8c-4 .magic-content-box-section-wrapper{padding-top:30px;padding-right:30px;padding-bottom:30px;padding-left:30px;margin-top:0px;margin-right:0px;margin-bottom:0px;margin-left:0px}.magic-content-box-d025c714-7f8c-4 .magic-content-box-section-head-wrap{text-align:center;padding-top:0px;padding-right:0px;padding-bottom:0px;margin-top:0px;margin-bottom:0px;padding-left:0px}.magic-content-box-d025c714-7f8c-4 .magic-content-box-section-head-wrap .magic-content-box-title{color:#404040;font-size:32px;font-family:Default;padding-top:5px;padding-bottom:5px}.magic-content-box-d025c714-7f8c-4 .magic-content-box-section-head-wrap .magic-content-box-subtitle{color:#6d6d6d;font-size:18px;font-family:Default;padding-top:5px;padding-bottom:5px}.magic-content-box-d025c714-7f8c-4 .magic-content-box-title-dash{color:#ff201f}.magic-content-box-d025c714-7f8c-4 .magic-content-box-block-button span{color:#fff;border-width:1px;font-size:16px;font-family:Default}.magic-content-box-d025c714-7f8c-4 .magic-content-box-block-button .magic-content-box-button{background-color:#ff201f}.magic-content-box-d025c714-7f8c-4 .magic-content-box-block-button i{color:#fff;font-size:13px}.magic-content-box-d025c714-7f8c-4 .magic-content-box-block-button{margin-top:10px;margin-bottom:10px}.magic-content-box-d025c714-7f8c-4 .magic-content-box-button{padding-top:5px;padding-right:15px;padding-bottom:5px;padding-left:15px}@media screen and (max-width:1025px){.magic-content-box-d025c714-7f8c-4 .magic-content-box-section-head-wrap .magic-content-box-title{font-size:undefinedpx}.magic-content-box-d025c714-7f8c-4 .magic-content-box-section-head-wrap .magic-content-box-subtitle{font-size:undefinedpx}.magic-content-box-d025c714-7f8c-4 .magic-content-box-block-button span{font-size:undefinedpx}.magic-content-box-d025c714-7f8c-4 .magic-content-box-block-button i{font-size:px}}@media screen and (max-width:767px){.magic-content-box-d025c714-7f8c-4 .magic-content-box-section-head-wrap .magic-content-box-title{font-size:undefinedpx}.magic-content-box-d025c714-7f8c-4 .magic-content-box-section-head-wrap .magic-content-box-subtitle{font-size:undefinedpx}.magic-content-box-d025c714-7f8c-4 .magic-content-box-block-button span{font-size:undefinedpx}.magic-content-box-d025c714-7f8c-4 .magic-content-box-block-button i{font-size:px}}<\/style><div class=\"content-wrapper-inner\"><div class=\"magic-content-box-content-wrapper magic-content-box-blocks has-background style-1\"><div class=\"content-img-wrap\"><img decoding=\"async\" src=\"https:\/\/www.agoracademie.com\/blog\/wp-content\/uploads\/2023\/12\/formation-reconversion-bien-etre.jpg\" alt=\"Formation reconversion bien \u00eatre\" class=\"\"\/><\/div><div class=\"magic-content-box-section-wrapper magic-content-box-mainheader-wrap\"><div class=\"magic-content-box-section-header-wrapper magic-content-box-blocks\"><div class=\"magic-content-box-section-head-wrap magic-content-box-style1 magic-content-box-center\"><div class=\"magic-content-box-title-wrapper\"><span class=\"magic-content-box-title-dash magic-content-box-upper-dash\"><\/span><h3 class=\"magic-content-box-title\"><span class=\"ez-toc-section\" id=\"Formez-vous_au_bien_etre\"><\/span>Formez-vous au bien \u00eatre !<span class=\"ez-toc-section-end\"><\/span><\/h3><span class=\"magic-content-box-title-dash magic-content-box-lower-dash\"><\/span><\/div><div class=\"magic-content-box-subtitle-wrapper\"><span class=\"magic-content-box-title-dash magic-content-box-upper-dash\"><\/span><p class=\"magic-content-box-subtitle\">Formations ouvertes \u00e0 tous <br>et disponibles en ligne &amp; \u00e0 distance<\/p><span class=\"magic-content-box-title-dash magic-content-box-lower-dash\"><\/span><\/div><\/div><\/div><div class=\"magic-content-box-desc-btn-wrap\"><div class=\"magic-content-box-block-button\"><a href=\"https:\/\/www.agoracademie.com\/academie\" class=\"magic-content-box-button magic-content-box-button-shape-rounded magic-content-box-button-size-small hover-style-1 btn-icon-left\"><span>PROGRAMMES<\/span><\/a><\/div><\/div><\/div><\/div><\/div><\/div>\n\n\n\n<h3 class=\"wp-block-heading\"><span class=\"ez-toc-section\" id=\"Le_cas_particulier_de_la_profession_reglementee\"><\/span><strong>Le cas particulier de la profession r\u00e9glement\u00e9e<\/strong><span class=\"ez-toc-section-end\"><\/span><\/h3>\n\n\n\n<p>Notez que nous parlons-l\u00e0 des professions non r\u00e9glement\u00e9es, car pour les autres une formation et un dipl\u00f4me est alors indispensable.<\/p>\n\n\n\n<p>C&rsquo;est le cas des m\u00e9tiers connus de la sant\u00e9 et du droit comme :<\/p>\n\n\n\n<ul class=\"wp-block-list\">\n<li>m\u00e9decin,<\/li>\n\n\n\n<li>infirmier,<\/li>\n\n\n\n<li>avocat,<\/li>\n\n\n\n<li>huissier&#8230;<\/li>\n<\/ul>\n\n\n\n<p>Mais c&rsquo;est aussi le cas pour des professions o\u00f9 le statut oblige \u00e0 une formation tr\u00e8s pr\u00e9cise&nbsp;:<\/p>\n\n\n\n<ul class=\"wp-block-list\">\n<li>psychoth\u00e9rapeute,<\/li>\n\n\n\n<li>masseur (kin\u00e9sith\u00e9rapeute),<\/li>\n\n\n\n<li>\u00e9ducateur sportif (qi gong, tai chi chuan&#8230;),<\/li>\n\n\n\n<li>et m\u00eame coiffeur&#8230;<\/li>\n<\/ul>\n\n\n\n<p>Ainsi, si votre id\u00e9e de reconversion tourne autour du massage par exemple, il est important de bien vous renseigner sur l&rsquo;utilisation du mot \u00ab&nbsp;massage&nbsp;\u00bb dans votre communication.<\/p>\n\n\n\n<p>Cela pour que votre client\u00e8le ne pense pas que vous \u00eates kin\u00e9sith\u00e9rapeute, sauf si c&rsquo;est d\u00e9j\u00e0 le cas bien entendu.<\/p>\n\n\n\n<p>D&rsquo;ailleurs, comment voulez-vous proposer un massage bien \u00eatre sans formation&nbsp;?<\/p>\n\n\n\n<p>Donc, m\u00eame si votre futur m\u00e9tier n&rsquo;est pas r\u00e9glement\u00e9, <strong>une formation aux m\u00e9thodes utilis\u00e9es professionnellement semble in\u00e9vitable<\/strong>.<\/p>\n\n\n<div class=\"wp-block-image\">\n<figure class=\"aligncenter size-large\"><img loading=\"lazy\" decoding=\"async\" width=\"1024\" height=\"511\" src=\"https:\/\/www.agoracademie.com\/blog\/wp-content\/uploads\/2023\/12\/reconversion-bien-etre-1024x511.jpg\" alt=\"Reconversion bien \u00eatre\" class=\"wp-image-20899\" srcset=\"https:\/\/www.agoracademie.com\/blog\/wp-content\/uploads\/2023\/12\/reconversion-bien-etre-1024x511.jpg 1024w, https:\/\/www.agoracademie.com\/blog\/wp-content\/uploads\/2023\/12\/reconversion-bien-etre-300x150.jpg 300w, https:\/\/www.agoracademie.com\/blog\/wp-content\/uploads\/2023\/12\/reconversion-bien-etre-768x383.jpg 768w, https:\/\/www.agoracademie.com\/blog\/wp-content\/uploads\/2023\/12\/reconversion-bien-etre.jpg 1079w\" sizes=\"auto, (max-width: 1024px) 100vw, 1024px\" \/><figcaption class=\"wp-element-caption\">Apprenez \u00e0 faire du bien !<\/figcaption><\/figure>\n<\/div>\n\n\n<h2 class=\"wp-block-heading\"><span class=\"ez-toc-section\" id=\"Quelle_formation_choisir\"><\/span><strong>Quelle formation choisir&nbsp;?<\/strong><span class=\"ez-toc-section-end\"><\/span><\/h2>\n\n\n\n<p>Pour se reconvertir dans le bien \u00eatre, vous avez le choix entre de nombreuses possibilit\u00e9s de m\u00e9tier.<\/p>\n\n\n\n<p>Nous avons d\u00e9j\u00e0 abord\u00e9 la question du massage, car c&rsquo;est \u00e0 cela que l&rsquo;on pense en premier lorsque le terme \u00ab&nbsp;bien \u00eatre&nbsp;\u00bb est l\u00e2ch\u00e9.<\/p>\n\n\n\n<p>Mais il existe une quantit\u00e9 de m\u00e9thode permettant aussi d&rsquo;acc\u00e9der au bien \u00eatre.<\/p>\n\n\n\n<p>Par exemple, la sophrologie ou la relaxation, sont \u00e0 ce sujet d&rsquo;excellentes m\u00e9thodes.<\/p>\n\n\n\n<p>Elles ont aussi l&rsquo;avantage de ne pas passer par le contact physique.<\/p>\n\n\n\n<p>Cela peut \u00eatre tr\u00e8s important si vous n&rsquo;aimez pas toucher le corps des autres, ce qui est bien entendu une obligation pour masser.<\/p>\n\n\n\n<p>Ainsi, que pr\u00e9f\u00e9rez-vous&nbsp;?<\/p>\n\n\n\n<p>Toucher les autres ou non&nbsp;?<\/p>\n\n\n\n<p>En r\u00e9pondant \u00e0 cette question, vous allez vous aider \u00e0 orienter votre recherche vers&nbsp;:<\/p>\n\n\n\n<ul class=\"wp-block-list\">\n<li>les <strong>m\u00e9thodes manuelles <\/strong>(comme le massage, dont la <a href=\"https:\/\/www.agoracademie.com\/academie\/formation-reflexologie-plantaire-palmaire\">r\u00e9flexologie plantaire, palmaire ou faciale<\/a>),<\/li>\n\n\n\n<li>ou les <strong>m\u00e9thodes verbales<\/strong> (comme la <a href=\"https:\/\/www.agoracademie.com\/academie\/devenir-sophrologue\">sophrologie<\/a> ou la <a href=\"https:\/\/www.agoracademie.com\/academie\/formation-relaxologue-a-distance\">relaxation<\/a>).<\/li>\n<\/ul>\n\n\n\n<p>L&rsquo;orientation \u00e9nerg\u00e9tique est aussi une id\u00e9e \u00e0 explorer&nbsp;!<\/p>\n\n\n<div class=\"wp-block-image\">\n<figure class=\"aligncenter size-large\"><img loading=\"lazy\" decoding=\"async\" width=\"1024\" height=\"511\" src=\"https:\/\/www.agoracademie.com\/blog\/wp-content\/uploads\/2023\/12\/financer-son-avenir-1024x511.jpg\" alt=\"Financer son avenir\" class=\"wp-image-20900\" srcset=\"https:\/\/www.agoracademie.com\/blog\/wp-content\/uploads\/2023\/12\/financer-son-avenir-1024x511.jpg 1024w, https:\/\/www.agoracademie.com\/blog\/wp-content\/uploads\/2023\/12\/financer-son-avenir-300x150.jpg 300w, https:\/\/www.agoracademie.com\/blog\/wp-content\/uploads\/2023\/12\/financer-son-avenir-768x383.jpg 768w, https:\/\/www.agoracademie.com\/blog\/wp-content\/uploads\/2023\/12\/financer-son-avenir.jpg 1079w\" sizes=\"auto, (max-width: 1024px) 100vw, 1024px\" \/><figcaption class=\"wp-element-caption\">Financez votre avenir !<\/figcaption><\/figure>\n<\/div>\n\n\n<h2 class=\"wp-block-heading\"><span class=\"ez-toc-section\" id=\"Se_reconvertir_dans_le_bien_etre_statut_financement\"><\/span><strong>Se reconvertir dans le bien \u00eatre&nbsp;: statut &amp; financement<\/strong><span class=\"ez-toc-section-end\"><\/span><\/h2>\n\n\n\n<p>Dernier point \u00e0 aborder et pas des moindres&nbsp;: comment financer votre formation&nbsp;?<\/p>\n\n\n\n<p>Nous venons de voir que pour se reconvertir dans le bien \u00eatre, il est fortement recommand\u00e9 de se former, cela pour parfaitement bien se pr\u00e9parer \u00e0 son nouveau r\u00f4le.<\/p>\n\n\n\n<p>Aussi bien celui d&rsquo;accompagnant bien \u00eatre, que celui de chef d&rsquo;entreprise.<\/p>\n\n\n\n<p>En effet, il est rare de trouver un emploi de salari\u00e9 et pour se lancer, il faut souvent endosser la casquette de travailleur ind\u00e9pendant (en micro-entreprise par exemple).<\/p>\n\n\n\n<p>Le probl\u00e8me est qu&rsquo;une solide formation a son prix.<\/p>\n\n\n\n<p>Oubliez donc les formations rapides \u00e0 quelques dizaines d&rsquo;euros&nbsp;!<\/p>\n\n\n\n<p>Sauf, peut-\u00eatre, pour ajouter une autre corde \u00e0 votre arc professionnel, mais juste dans ce cas.<\/p>\n\n\n\n<p>Car <strong>apprendre un nouveau m\u00e9tier prend forc\u00e9ment du temps et cela a \u00e9videmment un co\u00fbt<\/strong>.<\/p>\n\n\n\n<p>Ce co\u00fbt peut-\u00eatre financ\u00e9 de diff\u00e9rentes mani\u00e8res, si vous n&rsquo;avez pas les fonds en propre.<\/p>\n\n\n\n<p>Et d&rsquo;ailleurs, il peut \u00eatre int\u00e9ressant de conserver ces fonds, notamment pour avoir une avance en tr\u00e9sorerie.<\/p>\n\n\n\n<p>Cela \u00e9vite la pression financi\u00e8re du d\u00e9but o\u00f9 l&rsquo;on doit absolument trouver suffisamment de clients pour ne pas couler sa bo\u00eete naissante.<\/p>\n\n\n\n<p>Nous avons r\u00e9dig\u00e9 un article \u00e0 ce sujet qui va sans doute vous donner des pistes, cela en fonction de votre situation personnelle et professionnelle.<\/p>\n\n\n\n<p>L&rsquo;article en question se nomme tout simplement <a href=\"https:\/\/www.agoracademie.com\/blog\/financement-formation\/\">financement formation<\/a>.<\/p>\n\n\n\n<p>Prenez le temps de le consulter&nbsp;!<\/p>\n\n\n\n<p>Puis, contactez-nous pour faire le point \u00e0 ce sujet et afin de vous aider \u00e0 monter votre dossier de demande de prise en charge financi\u00e8re.<\/p>\n\n\n\n<h2 class=\"wp-block-heading\"><span class=\"ez-toc-section\" id=\"Formation_a_la_creation_dentreprise\"><\/span><strong>Formation \u00e0 la cr\u00e9ation d&rsquo;entreprise<\/strong><span class=\"ez-toc-section-end\"><\/span><\/h2>\n\n\n\n<p>Notez qu&rsquo;une formation compl\u00e8te passe aussi par une formation \u00e0 la cr\u00e9ation de son cabinet.<\/p>\n\n\n\n<p>C&rsquo;est essentiel pour planifier toutes les actions et le suivi de votre nouvelle activit\u00e9.<\/p>\n\n\n\n<p>Car ouvrir sa petite entreprise est une chose, plut\u00f4t facile finalement.<\/p>\n\n\n\n<p>Mais la garder ouverte est une tout autre histoire&#8230;<\/p>\n\n\n\n<p>Aussi, assurez-vous que le programme que vous allez choisir comprend bien un volet sur ce sujet si important pour durer.<\/p>\n\n\n\n<p>Dans le cas contraire, on serait en droit de se demander s&rsquo;il est vraiment adapt\u00e9 \u00e0 une reconversion professionnelle&#8230;<\/p>\n","protected":false},"excerpt":{"rendered":"<p>Se reconvertir dans le bien \u00eatre&nbsp;: comment faire&nbsp;? Comment se reconvertir dans le bien \u00eatre&nbsp;? Est-il obligatoire de se former pour r\u00e9ussir sa reconversion professionnelle&nbsp;? Et si oui, comment choisir sa formation et comment la financer&nbsp;?<\/p>\n","protected":false},"author":2,"featured_media":0,"comment_status":"open","ping_status":"closed","sticky":false,"template":"","format":"standard","meta":{"_bbp_topic_count":0,"_bbp_reply_count":0,"_bbp_total_topic_count":0,"_bbp_total_reply_count":0,"_bbp_voice_count":0,"_bbp_anonymous_reply_count":0,"_bbp_topic_count_hidden":0,"_bbp_reply_count_hidden":0,"_bbp_forum_subforum_count":0,"footnotes":""},"categories":[6],"tags":[],"class_list":["post-20896","post","type-post","status-publish","format-standard","hentry","category-formation-en-developpement-personnel"],"yoast_head":"<!-- This site is optimized with the Yoast SEO plugin v27.4 - https:\/\/yoast.com\/product\/yoast-seo-wordpress\/ -->\n<title>Se reconvertir dans le bien \u00eatre avec Agoracad\u00e9mie<\/title>\n<meta name=\"description\" content=\"Comment se reconvertir dans le bien \u00eatre\u00a0? Faut-il se former et si oui comment choisir sa formation et trouver son financement\u00a0?\" \/>\n<meta name=\"robots\" content=\"index, follow, max-snippet:-1, max-image-preview:large, max-video-preview:-1\" \/>\n<link rel=\"canonical\" href=\"https:\/\/www.agoracademie.com\/blog\/se-reconvertir-dans-le-bien-etre\/\" \/>\n<meta property=\"og:locale\" content=\"fr_FR\" \/>\n<meta property=\"og:type\" content=\"article\" \/>\n<meta property=\"og:title\" content=\"Se reconvertir dans le bien \u00eatre avec Agoracad\u00e9mie\" \/>\n<meta property=\"og:description\" content=\"Comment se reconvertir dans le bien \u00eatre\u00a0? Faut-il se former et si oui comment choisir sa formation et trouver son financement\u00a0?\" \/>\n<meta property=\"og:url\" content=\"https:\/\/www.agoracademie.com\/blog\/se-reconvertir-dans-le-bien-etre\/\" \/>\n<meta property=\"og:site_name\" content=\"Agoracad\u00e9mie\" \/>\n<meta property=\"article:published_time\" content=\"2024-01-13T08:33:00+00:00\" \/>\n<meta property=\"article:modified_time\" content=\"2025-07-11T15:43:29+00:00\" \/>\n<meta property=\"og:image\" content=\"https:\/\/www.agoracademie.com\/blog\/wp-content\/uploads\/2023\/12\/se-reconvertir-dans-le-bien-etre.jpg\" \/>\n\t<meta property=\"og:image:width\" content=\"1079\" \/>\n\t<meta property=\"og:image:height\" content=\"538\" \/>\n\t<meta property=\"og:image:type\" content=\"image\/jpeg\" \/>\n<meta name=\"author\" content=\"Laurent Bertrel\" \/>\n<meta name=\"twitter:label1\" content=\"\u00c9crit par\" \/>\n\t<meta name=\"twitter:data1\" content=\"Laurent Bertrel\" \/>\n\t<meta name=\"twitter:label2\" content=\"Dur\u00e9e de lecture estim\u00e9e\" \/>\n\t<meta name=\"twitter:data2\" content=\"6 minutes\" \/>\n<script type=\"application\/ld+json\" class=\"yoast-schema-graph\">{\"@context\":\"https:\\\/\\\/schema.org\",\"@graph\":[{\"@type\":\"Article\",\"@id\":\"https:\\\/\\\/www.agoracademie.com\\\/blog\\\/se-reconvertir-dans-le-bien-etre\\\/#article\",\"isPartOf\":{\"@id\":\"https:\\\/\\\/www.agoracademie.com\\\/blog\\\/se-reconvertir-dans-le-bien-etre\\\/\"},\"author\":{\"name\":\"Laurent Bertrel\",\"@id\":\"https:\\\/\\\/www.agoracademie.com\\\/blog\\\/#\\\/schema\\\/person\\\/c2f110c50be7dcecc05cb4e87f32537f\"},\"headline\":\"Se reconvertir dans le bien \u00eatre\",\"datePublished\":\"2024-01-13T08:33:00+00:00\",\"dateModified\":\"2025-07-11T15:43:29+00:00\",\"mainEntityOfPage\":{\"@id\":\"https:\\\/\\\/www.agoracademie.com\\\/blog\\\/se-reconvertir-dans-le-bien-etre\\\/\"},\"wordCount\":1013,\"commentCount\":0,\"image\":{\"@id\":\"https:\\\/\\\/www.agoracademie.com\\\/blog\\\/se-reconvertir-dans-le-bien-etre\\\/#primaryimage\"},\"thumbnailUrl\":\"https:\\\/\\\/www.agoracademie.com\\\/blog\\\/wp-content\\\/uploads\\\/2023\\\/12\\\/se-reconvertir-dans-le-bien-etre-1024x511.jpg\",\"articleSection\":[\"Formation\"],\"inLanguage\":\"fr-FR\",\"potentialAction\":[{\"@type\":\"CommentAction\",\"name\":\"Comment\",\"target\":[\"https:\\\/\\\/www.agoracademie.com\\\/blog\\\/se-reconvertir-dans-le-bien-etre\\\/#respond\"]}]},{\"@type\":\"WebPage\",\"@id\":\"https:\\\/\\\/www.agoracademie.com\\\/blog\\\/se-reconvertir-dans-le-bien-etre\\\/\",\"url\":\"https:\\\/\\\/www.agoracademie.com\\\/blog\\\/se-reconvertir-dans-le-bien-etre\\\/\",\"name\":\"Se reconvertir dans le bien \u00eatre avec Agoracad\u00e9mie\",\"isPartOf\":{\"@id\":\"https:\\\/\\\/www.agoracademie.com\\\/blog\\\/#website\"},\"primaryImageOfPage\":{\"@id\":\"https:\\\/\\\/www.agoracademie.com\\\/blog\\\/se-reconvertir-dans-le-bien-etre\\\/#primaryimage\"},\"image\":{\"@id\":\"https:\\\/\\\/www.agoracademie.com\\\/blog\\\/se-reconvertir-dans-le-bien-etre\\\/#primaryimage\"},\"thumbnailUrl\":\"https:\\\/\\\/www.agoracademie.com\\\/blog\\\/wp-content\\\/uploads\\\/2023\\\/12\\\/se-reconvertir-dans-le-bien-etre-1024x511.jpg\",\"datePublished\":\"2024-01-13T08:33:00+00:00\",\"dateModified\":\"2025-07-11T15:43:29+00:00\",\"author\":{\"@id\":\"https:\\\/\\\/www.agoracademie.com\\\/blog\\\/#\\\/schema\\\/person\\\/c2f110c50be7dcecc05cb4e87f32537f\"},\"description\":\"Comment se reconvertir dans le bien \u00eatre\u00a0? Faut-il se former et si oui comment choisir sa formation et trouver son financement\u00a0?\",\"breadcrumb\":{\"@id\":\"https:\\\/\\\/www.agoracademie.com\\\/blog\\\/se-reconvertir-dans-le-bien-etre\\\/#breadcrumb\"},\"inLanguage\":\"fr-FR\",\"potentialAction\":[{\"@type\":\"ReadAction\",\"target\":[\"https:\\\/\\\/www.agoracademie.com\\\/blog\\\/se-reconvertir-dans-le-bien-etre\\\/\"]}]},{\"@type\":\"ImageObject\",\"inLanguage\":\"fr-FR\",\"@id\":\"https:\\\/\\\/www.agoracademie.com\\\/blog\\\/se-reconvertir-dans-le-bien-etre\\\/#primaryimage\",\"url\":\"https:\\\/\\\/www.agoracademie.com\\\/blog\\\/wp-content\\\/uploads\\\/2023\\\/12\\\/se-reconvertir-dans-le-bien-etre.jpg\",\"contentUrl\":\"https:\\\/\\\/www.agoracademie.com\\\/blog\\\/wp-content\\\/uploads\\\/2023\\\/12\\\/se-reconvertir-dans-le-bien-etre.jpg\",\"width\":1079,\"height\":538},{\"@type\":\"BreadcrumbList\",\"@id\":\"https:\\\/\\\/www.agoracademie.com\\\/blog\\\/se-reconvertir-dans-le-bien-etre\\\/#breadcrumb\",\"itemListElement\":[{\"@type\":\"ListItem\",\"position\":1,\"name\":\"Accueil\",\"item\":\"https:\\\/\\\/www.agoracademie.com\\\/blog\\\/\"},{\"@type\":\"ListItem\",\"position\":2,\"name\":\"Se reconvertir dans le bien \u00eatre\"}]},{\"@type\":\"WebSite\",\"@id\":\"https:\\\/\\\/www.agoracademie.com\\\/blog\\\/#website\",\"url\":\"https:\\\/\\\/www.agoracademie.com\\\/blog\\\/\",\"name\":\"Blog Agoracad\u00e9mie - Centre de formation en ligne et \u00e0 distance\",\"description\":\"Le blog du d\u00e9veloppement personnel et des th\u00e9rapies\",\"potentialAction\":[{\"@type\":\"SearchAction\",\"target\":{\"@type\":\"EntryPoint\",\"urlTemplate\":\"https:\\\/\\\/www.agoracademie.com\\\/blog\\\/?s={search_term_string}\"},\"query-input\":{\"@type\":\"PropertyValueSpecification\",\"valueRequired\":true,\"valueName\":\"search_term_string\"}}],\"inLanguage\":\"fr-FR\"},{\"@type\":\"Person\",\"@id\":\"https:\\\/\\\/www.agoracademie.com\\\/blog\\\/#\\\/schema\\\/person\\\/c2f110c50be7dcecc05cb4e87f32537f\",\"name\":\"Laurent Bertrel\",\"image\":{\"@type\":\"ImageObject\",\"inLanguage\":\"fr-FR\",\"@id\":\"https:\\\/\\\/secure.gravatar.com\\\/avatar\\\/45841390e6db2f4064cc5f84ee39189cf562b1de36eb5b1b7cc82dee445813a4?s=96&r=g\",\"url\":\"https:\\\/\\\/secure.gravatar.com\\\/avatar\\\/45841390e6db2f4064cc5f84ee39189cf562b1de36eb5b1b7cc82dee445813a4?s=96&r=g\",\"contentUrl\":\"https:\\\/\\\/secure.gravatar.com\\\/avatar\\\/45841390e6db2f4064cc5f84ee39189cf562b1de36eb5b1b7cc82dee445813a4?s=96&r=g\",\"caption\":\"Laurent Bertrel\"},\"description\":\"Laurent Bertrel est le fondateur d'Agoracad\u00e9mie. Titulaire d'une licence en sciences humaines et sociales, d'une ma\u00eetrise et d'un master en psychanalyse, d'un master en \u00e9tudes culturelles parcours \u00e9tudes de genre, du DU connaissances g\u00e9n\u00e9rales de la personne \u00e2g\u00e9e, il est aussi form\u00e9 \u00e0 diff\u00e9rentes approches dont la PNL, la sophrologie, la relaxation, l'hypnose, le coaching, la m\u00e9ditation, les arts martiaux, etc. Auteur de plus de 40 ouvrages, dont 18 livres, il anime plusieurs formations sur Agoracad\u00e9mie et r\u00e9pondra au message que vous allez laisser ci-dessous.\",\"sameAs\":[\"https:\\\/\\\/www.agoracademie.com\\\/\"]}]}<\/script>\n<!-- \/ Yoast SEO plugin. -->","yoast_head_json":{"title":"Se reconvertir dans le bien \u00eatre avec Agoracad\u00e9mie","description":"Comment se reconvertir dans le bien \u00eatre\u00a0? Faut-il se former et si oui comment choisir sa formation et trouver son financement\u00a0?","robots":{"index":"index","follow":"follow","max-snippet":"max-snippet:-1","max-image-preview":"max-image-preview:large","max-video-preview":"max-video-preview:-1"},"canonical":"https:\/\/www.agoracademie.com\/blog\/se-reconvertir-dans-le-bien-etre\/","og_locale":"fr_FR","og_type":"article","og_title":"Se reconvertir dans le bien \u00eatre avec Agoracad\u00e9mie","og_description":"Comment se reconvertir dans le bien \u00eatre\u00a0? Faut-il se former et si oui comment choisir sa formation et trouver son financement\u00a0?","og_url":"https:\/\/www.agoracademie.com\/blog\/se-reconvertir-dans-le-bien-etre\/","og_site_name":"Agoracad\u00e9mie","article_published_time":"2024-01-13T08:33:00+00:00","article_modified_time":"2025-07-11T15:43:29+00:00","og_image":[{"width":1079,"height":538,"url":"https:\/\/www.agoracademie.com\/blog\/wp-content\/uploads\/2023\/12\/se-reconvertir-dans-le-bien-etre.jpg","type":"image\/jpeg"}],"author":"Laurent Bertrel","twitter_misc":{"\u00c9crit par":"Laurent Bertrel","Dur\u00e9e de lecture estim\u00e9e":"6 minutes"},"schema":{"@context":"https:\/\/schema.org","@graph":[{"@type":"Article","@id":"https:\/\/www.agoracademie.com\/blog\/se-reconvertir-dans-le-bien-etre\/#article","isPartOf":{"@id":"https:\/\/www.agoracademie.com\/blog\/se-reconvertir-dans-le-bien-etre\/"},"author":{"name":"Laurent Bertrel","@id":"https:\/\/www.agoracademie.com\/blog\/#\/schema\/person\/c2f110c50be7dcecc05cb4e87f32537f"},"headline":"Se reconvertir dans le bien \u00eatre","datePublished":"2024-01-13T08:33:00+00:00","dateModified":"2025-07-11T15:43:29+00:00","mainEntityOfPage":{"@id":"https:\/\/www.agoracademie.com\/blog\/se-reconvertir-dans-le-bien-etre\/"},"wordCount":1013,"commentCount":0,"image":{"@id":"https:\/\/www.agoracademie.com\/blog\/se-reconvertir-dans-le-bien-etre\/#primaryimage"},"thumbnailUrl":"https:\/\/www.agoracademie.com\/blog\/wp-content\/uploads\/2023\/12\/se-reconvertir-dans-le-bien-etre-1024x511.jpg","articleSection":["Formation"],"inLanguage":"fr-FR","potentialAction":[{"@type":"CommentAction","name":"Comment","target":["https:\/\/www.agoracademie.com\/blog\/se-reconvertir-dans-le-bien-etre\/#respond"]}]},{"@type":"WebPage","@id":"https:\/\/www.agoracademie.com\/blog\/se-reconvertir-dans-le-bien-etre\/","url":"https:\/\/www.agoracademie.com\/blog\/se-reconvertir-dans-le-bien-etre\/","name":"Se reconvertir dans le bien \u00eatre avec Agoracad\u00e9mie","isPartOf":{"@id":"https:\/\/www.agoracademie.com\/blog\/#website"},"primaryImageOfPage":{"@id":"https:\/\/www.agoracademie.com\/blog\/se-reconvertir-dans-le-bien-etre\/#primaryimage"},"image":{"@id":"https:\/\/www.agoracademie.com\/blog\/se-reconvertir-dans-le-bien-etre\/#primaryimage"},"thumbnailUrl":"https:\/\/www.agoracademie.com\/blog\/wp-content\/uploads\/2023\/12\/se-reconvertir-dans-le-bien-etre-1024x511.jpg","datePublished":"2024-01-13T08:33:00+00:00","dateModified":"2025-07-11T15:43:29+00:00","author":{"@id":"https:\/\/www.agoracademie.com\/blog\/#\/schema\/person\/c2f110c50be7dcecc05cb4e87f32537f"},"description":"Comment se reconvertir dans le bien \u00eatre\u00a0? Faut-il se former et si oui comment choisir sa formation et trouver son financement\u00a0?","breadcrumb":{"@id":"https:\/\/www.agoracademie.com\/blog\/se-reconvertir-dans-le-bien-etre\/#breadcrumb"},"inLanguage":"fr-FR","potentialAction":[{"@type":"ReadAction","target":["https:\/\/www.agoracademie.com\/blog\/se-reconvertir-dans-le-bien-etre\/"]}]},{"@type":"ImageObject","inLanguage":"fr-FR","@id":"https:\/\/www.agoracademie.com\/blog\/se-reconvertir-dans-le-bien-etre\/#primaryimage","url":"https:\/\/www.agoracademie.com\/blog\/wp-content\/uploads\/2023\/12\/se-reconvertir-dans-le-bien-etre.jpg","contentUrl":"https:\/\/www.agoracademie.com\/blog\/wp-content\/uploads\/2023\/12\/se-reconvertir-dans-le-bien-etre.jpg","width":1079,"height":538},{"@type":"BreadcrumbList","@id":"https:\/\/www.agoracademie.com\/blog\/se-reconvertir-dans-le-bien-etre\/#breadcrumb","itemListElement":[{"@type":"ListItem","position":1,"name":"Accueil","item":"https:\/\/www.agoracademie.com\/blog\/"},{"@type":"ListItem","position":2,"name":"Se reconvertir dans le bien \u00eatre"}]},{"@type":"WebSite","@id":"https:\/\/www.agoracademie.com\/blog\/#website","url":"https:\/\/www.agoracademie.com\/blog\/","name":"Blog Agoracad\u00e9mie - Centre de formation en ligne et \u00e0 distance","description":"Le blog du d\u00e9veloppement personnel et des th\u00e9rapies","potentialAction":[{"@type":"SearchAction","target":{"@type":"EntryPoint","urlTemplate":"https:\/\/www.agoracademie.com\/blog\/?s={search_term_string}"},"query-input":{"@type":"PropertyValueSpecification","valueRequired":true,"valueName":"search_term_string"}}],"inLanguage":"fr-FR"},{"@type":"Person","@id":"https:\/\/www.agoracademie.com\/blog\/#\/schema\/person\/c2f110c50be7dcecc05cb4e87f32537f","name":"Laurent Bertrel","image":{"@type":"ImageObject","inLanguage":"fr-FR","@id":"https:\/\/secure.gravatar.com\/avatar\/45841390e6db2f4064cc5f84ee39189cf562b1de36eb5b1b7cc82dee445813a4?s=96&r=g","url":"https:\/\/secure.gravatar.com\/avatar\/45841390e6db2f4064cc5f84ee39189cf562b1de36eb5b1b7cc82dee445813a4?s=96&r=g","contentUrl":"https:\/\/secure.gravatar.com\/avatar\/45841390e6db2f4064cc5f84ee39189cf562b1de36eb5b1b7cc82dee445813a4?s=96&r=g","caption":"Laurent Bertrel"},"description":"Laurent Bertrel est le fondateur d'Agoracad\u00e9mie. Titulaire d'une licence en sciences humaines et sociales, d'une ma\u00eetrise et d'un master en psychanalyse, d'un master en \u00e9tudes culturelles parcours \u00e9tudes de genre, du DU connaissances g\u00e9n\u00e9rales de la personne \u00e2g\u00e9e, il est aussi form\u00e9 \u00e0 diff\u00e9rentes approches dont la PNL, la sophrologie, la relaxation, l'hypnose, le coaching, la m\u00e9ditation, les arts martiaux, etc. Auteur de plus de 40 ouvrages, dont 18 livres, il anime plusieurs formations sur Agoracad\u00e9mie et r\u00e9pondra au message que vous allez laisser ci-dessous.","sameAs":["https:\/\/www.agoracademie.com\/"]}]}},"acf":[],"_links":{"self":[{"href":"https:\/\/www.agoracademie.com\/blog\/wp-json\/wp\/v2\/posts\/20896","targetHints":{"allow":["GET"]}}],"collection":[{"href":"https:\/\/www.agoracademie.com\/blog\/wp-json\/wp\/v2\/posts"}],"about":[{"href":"https:\/\/www.agoracademie.com\/blog\/wp-json\/wp\/v2\/types\/post"}],"author":[{"embeddable":true,"href":"https:\/\/www.agoracademie.com\/blog\/wp-json\/wp\/v2\/users\/2"}],"replies":[{"embeddable":true,"href":"https:\/\/www.agoracademie.com\/blog\/wp-json\/wp\/v2\/comments?post=20896"}],"version-history":[{"count":3,"href":"https:\/\/www.agoracademie.com\/blog\/wp-json\/wp\/v2\/posts\/20896\/revisions"}],"predecessor-version":[{"id":21796,"href":"https:\/\/www.agoracademie.com\/blog\/wp-json\/wp\/v2\/posts\/20896\/revisions\/21796"}],"wp:attachment":[{"href":"https:\/\/www.agoracademie.com\/blog\/wp-json\/wp\/v2\/media?parent=20896"}],"wp:term":[{"taxonomy":"category","embeddable":true,"href":"https:\/\/www.agoracademie.com\/blog\/wp-json\/wp\/v2\/categories?post=20896"},{"taxonomy":"post_tag","embeddable":true,"href":"https:\/\/www.agoracademie.com\/blog\/wp-json\/wp\/v2\/tags?post=20896"}],"curies":[{"name":"wp","href":"https:\/\/api.w.org\/{rel}","templated":true}]}}