{"id":20982,"date":"2024-02-01T18:17:58","date_gmt":"2024-02-01T17:17:58","guid":{"rendered":"https:\/\/www.agoracademie.com\/blog\/?p=20982"},"modified":"2025-07-11T17:42:59","modified_gmt":"2025-07-11T15:42:59","slug":"reconversion-professionnelle-sans-diplome","status":"publish","type":"post","link":"https:\/\/www.agoracademie.com\/blog\/reconversion-professionnelle-sans-diplome\/","title":{"rendered":"Reconversion professionnelle sans dipl\u00f4me"},"content":{"rendered":"<div class=\"wp-block-image\">\n<figure class=\"aligncenter size-large\"><img loading=\"lazy\" decoding=\"async\" width=\"1024\" height=\"511\" src=\"https:\/\/www.agoracademie.com\/blog\/wp-content\/uploads\/2024\/02\/reconversion-professionnelle-sans-diplome-1024x511.jpg\" alt=\"Reconversion professionnelle sans dipl\u00f4me\" class=\"wp-image-20983\" srcset=\"https:\/\/www.agoracademie.com\/blog\/wp-content\/uploads\/2024\/02\/reconversion-professionnelle-sans-diplome-1024x511.jpg 1024w, https:\/\/www.agoracademie.com\/blog\/wp-content\/uploads\/2024\/02\/reconversion-professionnelle-sans-diplome-300x150.jpg 300w, https:\/\/www.agoracademie.com\/blog\/wp-content\/uploads\/2024\/02\/reconversion-professionnelle-sans-diplome-768x383.jpg 768w, https:\/\/www.agoracademie.com\/blog\/wp-content\/uploads\/2024\/02\/reconversion-professionnelle-sans-diplome.jpg 1079w\" sizes=\"auto, (max-width: 1024px) 100vw, 1024px\" \/><figcaption class=\"wp-element-caption\">Choisissez votre chemin sans vous tromper !<\/figcaption><\/figure><div id=\"ez-toc-container\" class=\"ez-toc-v2_0_82_2 ez-toc-wrap-center counter-hierarchy ez-toc-counter ez-toc-transparent ez-toc-container-direction\">\n<div class=\"ez-toc-title-container\">\n<p class=\"ez-toc-title\" style=\"cursor:inherit\">Sommaire<\/p>\n<span class=\"ez-toc-title-toggle\"><a href=\"#\" class=\"ez-toc-pull-right ez-toc-btn ez-toc-btn-xs ez-toc-btn-default ez-toc-toggle\" aria-label=\"Toggle Table of Content\"><span class=\"ez-toc-js-icon-con\"><span class=\"\"><span class=\"eztoc-hide\" style=\"display:none;\">Toggle<\/span><span class=\"ez-toc-icon-toggle-span\"><svg style=\"fill: #999;color:#999\" xmlns=\"http:\/\/www.w3.org\/2000\/svg\" class=\"list-377408\" width=\"20px\" height=\"20px\" viewBox=\"0 0 24 24\" fill=\"none\"><path d=\"M6 6H4v2h2V6zm14 0H8v2h12V6zM4 11h2v2H4v-2zm16 0H8v2h12v-2zM4 16h2v2H4v-2zm16 0H8v2h12v-2z\" fill=\"currentColor\"><\/path><\/svg><svg style=\"fill: #999;color:#999\" class=\"arrow-unsorted-368013\" xmlns=\"http:\/\/www.w3.org\/2000\/svg\" width=\"10px\" height=\"10px\" viewBox=\"0 0 24 24\" version=\"1.2\" baseProfile=\"tiny\"><path d=\"M18.2 9.3l-6.2-6.3-6.2 6.3c-.2.2-.3.4-.3.7s.1.5.3.7c.2.2.4.3.7.3h11c.3 0 .5-.1.7-.3.2-.2.3-.5.3-.7s-.1-.5-.3-.7zM5.8 14.7l6.2 6.3 6.2-6.3c.2-.2.3-.5.3-.7s-.1-.5-.3-.7c-.2-.2-.4-.3-.7-.3h-11c-.3 0-.5.1-.7.3-.2.2-.3.5-.3.7s.1.5.3.7z\"\/><\/svg><\/span><\/span><\/span><\/a><\/span><\/div>\n<nav><ul class='ez-toc-list ez-toc-list-level-1 ' ><li class='ez-toc-page-1 ez-toc-heading-level-2'><a class=\"ez-toc-link ez-toc-heading-1\" href=\"https:\/\/www.agoracademie.com\/blog\/reconversion-professionnelle-sans-diplome\/#Reconversion_professionnelle_sans_diplome_avec_Agoracademie\" >Reconversion professionnelle sans dipl\u00f4me avec Agoracad\u00e9mie<\/a><ul class='ez-toc-list-level-3' ><li class='ez-toc-heading-level-3'><a class=\"ez-toc-link ez-toc-heading-2\" href=\"https:\/\/www.agoracademie.com\/blog\/reconversion-professionnelle-sans-diplome\/#Les_metiers_en_tension_de_recrutement\" >Les m\u00e9tiers en tension de recrutement<\/a><\/li><li class='ez-toc-page-1 ez-toc-heading-level-3'><a class=\"ez-toc-link ez-toc-heading-3\" href=\"https:\/\/www.agoracademie.com\/blog\/reconversion-professionnelle-sans-diplome\/#Les_metiers_sans_reglementation\" >Les m\u00e9tiers sans r\u00e9glementation<\/a><\/li><li class='ez-toc-page-1 ez-toc-heading-level-3'><a class=\"ez-toc-link ez-toc-heading-4\" href=\"https:\/\/www.agoracademie.com\/blog\/reconversion-professionnelle-sans-diplome\/#Nos_formations\" >Nos formations<\/a><\/li><li class='ez-toc-page-1 ez-toc-heading-level-3'><a class=\"ez-toc-link ez-toc-heading-5\" href=\"https:\/\/www.agoracademie.com\/blog\/reconversion-professionnelle-sans-diplome\/#Les_metiers_reglementes\" >Les m\u00e9tiers r\u00e9glement\u00e9s<\/a><\/li><\/ul><\/li><li class='ez-toc-page-1 ez-toc-heading-level-2'><a class=\"ez-toc-link ez-toc-heading-6\" href=\"https:\/\/www.agoracademie.com\/blog\/reconversion-professionnelle-sans-diplome\/#Votre_reconversion_professionnelle_sans_diplome_avec_Agoracademie\" >Votre reconversion professionnelle sans dipl\u00f4me avec Agoracad\u00e9mie<\/a><\/li><li class='ez-toc-page-1 ez-toc-heading-level-2'><a class=\"ez-toc-link ez-toc-heading-7\" href=\"https:\/\/www.agoracademie.com\/blog\/reconversion-professionnelle-sans-diplome\/#A_quel_moment_commencer\" >\u00c0 quel moment commencer&nbsp;?<\/a><ul class='ez-toc-list-level-3' ><li class='ez-toc-heading-level-3'><a class=\"ez-toc-link ez-toc-heading-8\" href=\"https:\/\/www.agoracademie.com\/blog\/reconversion-professionnelle-sans-diplome\/#Une_question\" >Une question&nbsp;?<\/a><\/li><\/ul><\/li><\/ul><\/nav><\/div>\n\n<\/div>\n\n\n<h2 class=\"wp-block-heading\"><span class=\"ez-toc-section\" id=\"Reconversion_professionnelle_sans_diplome_avec_Agoracademie\"><\/span><strong>Reconversion professionnelle sans dipl\u00f4me avec Agoracad\u00e9mie<\/strong><span class=\"ez-toc-section-end\"><\/span><\/h2>\n\n\n\n<p>Oui, une reconversion professionnelle sans dipl\u00f4me est tout \u00e0 fait possible, et cela \u00e0 tous les \u00e2ges de la vie.<\/p>\n\n\n\n<p>Pour ce faire, vous pouvez vous lancer directement dans certaines activit\u00e9s o\u00f9 il y a des places \u00e0 prendre imm\u00e9diatement.<\/p>\n\n\n\n<p>Pour d&rsquo;autres, c&rsquo;est un peu plus compliqu\u00e9 et voyons cela d&rsquo;un peu plus pr\u00e8s.<\/p>\n\n\n\n<!--more-->\n\n\n\n<h3 class=\"wp-block-heading\"><span class=\"ez-toc-section\" id=\"Les_metiers_en_tension_de_recrutement\"><\/span><strong>Les m\u00e9tiers en tension de recrutement<\/strong><span class=\"ez-toc-section-end\"><\/span><\/h3>\n\n\n\n<p>Par exemple, il est actuellement tr\u00e8s facile de trouver des d\u00e9bouch\u00e9s dans l&rsquo;h\u00f4tellerie et la restauration, m\u00eame <strong>sans formation<\/strong> (sauf pour certains postes).<\/p>\n\n\n\n<p>En effet, il s&rsquo;agit de l&rsquo;un des m\u00e9tiers en forte tension de recrutement, sans doute \u00e0 cause&nbsp;:<\/p>\n\n\n\n<ul class=\"wp-block-list\">\n<li>de son exigence (travail le soir, les week-ends, les jours f\u00e9ri\u00e9s, etc.),<\/li>\n\n\n\n<li>des revenus plut\u00f4t faibles propos\u00e9s (pour la difficult\u00e9 et les exigences du travail),<\/li>\n\n\n\n<li>voire de l&rsquo;ambiance (certains chefs de cuisine dirigent leur brigade avec un peu trop de poigne&#8230;).<\/li>\n<\/ul>\n\n\n\n<p>C&rsquo;est aussi le cas dans&nbsp;:<\/p>\n\n\n\n<ul class=\"wp-block-list\">\n<li>le b\u00e2timent,<\/li>\n\n\n\n<li>les travaux publics,<\/li>\n\n\n\n<li>le commerce,<\/li>\n\n\n\n<li>l&rsquo;industrie,<\/li>\n\n\n\n<li>le transport,<\/li>\n\n\n\n<li>ou encore la sant\u00e9 (encore plus depuis la pand\u00e9mie).<\/li>\n<\/ul>\n\n\n\n<h3 class=\"wp-block-heading\"><span class=\"ez-toc-section\" id=\"Les_metiers_sans_reglementation\"><\/span><strong>Les m\u00e9tiers sans r\u00e9glementation<\/strong><span class=\"ez-toc-section-end\"><\/span><\/h3>\n\n\n\n<p>Pour d&rsquo;autres m\u00e9tiers, m\u00eame si aucune r\u00e9glementation n&rsquo;impose une formation sp\u00e9cifique, un temps d&rsquo;apprentissage en \u00e9cole sera n\u00e9cessaire pour travailler correctement.<\/p>\n\n\n\n<p>C&rsquo;est notamment l\u00e0 que nous pouvons intervenir en vous proposant des formations en&nbsp;:<\/p>\n\n\n\n<ul class=\"wp-block-list\">\n<li>coaching,<\/li>\n\n\n\n<li>d\u00e9veloppement personnel et professionnel,<\/li>\n\n\n\n<li>th\u00e9rapies douces et alternatives&#8230;<\/li>\n<\/ul>\n\n\n\n<div class=\"wp-block-magic-content-box-content-box aligncenter magic-content-box-337a25f4-abaf-4 magic-content-box-contentBox block-wrapper-background content-align-center\"><style>.magic-content-box-337a25f4-abaf-4 .magic-content-box-content-wrapper{text-align:center;margin-top:30px;margin-bottom:30px}.magic-content-box-337a25f4-abaf-4 .magic-content-box-section-header-wrapper{border-color:#ff201f}.magic-content-box-337a25f4-abaf-4 .magic-content-box-mainheader-wrap{box-shadow:0px 6px 12px -10px #000;border-radius:5px;background-color:#fff}.magic-content-box-337a25f4-abaf-4 .magic-content-box-section-wrapper{padding-top:30px;padding-right:30px;padding-bottom:30px;padding-left:30px;margin-top:0px;margin-right:0px;margin-bottom:0px;margin-left:0px}.magic-content-box-337a25f4-abaf-4 .magic-content-box-section-head-wrap{text-align:center;padding-top:0px;padding-right:0px;padding-bottom:0px;margin-top:0px;margin-bottom:0px;padding-left:0px}.magic-content-box-337a25f4-abaf-4 .magic-content-box-section-head-wrap .magic-content-box-title{color:#404040;font-size:32px;font-family:Default;padding-top:5px;padding-bottom:5px}.magic-content-box-337a25f4-abaf-4 .magic-content-box-section-head-wrap .magic-content-box-subtitle{color:#6d6d6d;font-size:18px;font-family:Default;padding-top:5px;padding-bottom:5px}.magic-content-box-337a25f4-abaf-4 .magic-content-box-title-dash{color:#ff201f}.magic-content-box-337a25f4-abaf-4 .magic-content-box-block-button span{color:#fff;border-width:1px;font-size:16px;font-family:Default}.magic-content-box-337a25f4-abaf-4 .magic-content-box-block-button .magic-content-box-button{background-color:#ff201f}.magic-content-box-337a25f4-abaf-4 .magic-content-box-block-button i{color:#fff;font-size:13px}.magic-content-box-337a25f4-abaf-4 .magic-content-box-block-button{margin-top:10px;margin-bottom:10px}.magic-content-box-337a25f4-abaf-4 .magic-content-box-button{padding-top:5px;padding-right:15px;padding-bottom:5px;padding-left:15px}@media screen and (max-width:1025px){.magic-content-box-337a25f4-abaf-4 .magic-content-box-section-head-wrap .magic-content-box-title{font-size:undefinedpx}.magic-content-box-337a25f4-abaf-4 .magic-content-box-section-head-wrap .magic-content-box-subtitle{font-size:undefinedpx}.magic-content-box-337a25f4-abaf-4 .magic-content-box-block-button span{font-size:undefinedpx}.magic-content-box-337a25f4-abaf-4 .magic-content-box-block-button i{font-size:px}}@media screen and (max-width:767px){.magic-content-box-337a25f4-abaf-4 .magic-content-box-section-head-wrap .magic-content-box-title{font-size:undefinedpx}.magic-content-box-337a25f4-abaf-4 .magic-content-box-section-head-wrap .magic-content-box-subtitle{font-size:undefinedpx}.magic-content-box-337a25f4-abaf-4 .magic-content-box-block-button span{font-size:undefinedpx}.magic-content-box-337a25f4-abaf-4 .magic-content-box-block-button i{font-size:px}}<\/style><div class=\"content-wrapper-inner\"><div class=\"magic-content-box-content-wrapper magic-content-box-blocks reverse-img has-background style-1\"><div class=\"content-img-wrap\"><img decoding=\"async\" src=\"https:\/\/www.agoracademie.com\/blog\/wp-content\/uploads\/2022\/05\/formation-coaching-personnel.jpg\" alt=\"Formation pour reconversion professionnelle\" class=\"\"\/><\/div><div class=\"magic-content-box-section-wrapper magic-content-box-mainheader-wrap\"><div class=\"magic-content-box-section-header-wrapper magic-content-box-blocks\"><div class=\"magic-content-box-section-head-wrap magic-content-box-style1 magic-content-box-center\"><div class=\"magic-content-box-title-wrapper\"><span class=\"magic-content-box-title-dash magic-content-box-upper-dash\"><\/span><h3 class=\"magic-content-box-title\"><span class=\"ez-toc-section\" id=\"Nos_formations\"><\/span>Nos formations<span class=\"ez-toc-section-end\"><\/span><\/h3><span class=\"magic-content-box-title-dash magic-content-box-lower-dash\"><\/span><\/div><div class=\"magic-content-box-subtitle-wrapper\"><span class=\"magic-content-box-title-dash magic-content-box-upper-dash\"><\/span><p class=\"magic-content-box-subtitle\">pour r\u00e9ussir votre reconversion professionnelle sans dipl\u00f4me<\/p><span class=\"magic-content-box-title-dash magic-content-box-lower-dash\"><\/span><\/div><\/div><\/div><div class=\"magic-content-box-desc-btn-wrap\"><div class=\"magic-content-box-block-button\"><a href=\"https:\/\/www.agoracademie.com\/academie\" class=\"magic-content-box-button magic-content-box-button-shape-rounded magic-content-box-button-size-small hover-style-1 btn-icon-left\"><span>CATALOGUE<\/span><\/a><\/div><\/div><\/div><\/div><\/div><\/div>\n\n\n\n<h3 class=\"wp-block-heading\"><span class=\"ez-toc-section\" id=\"Les_metiers_reglementes\"><\/span><strong>Les m\u00e9tiers r\u00e9glement\u00e9s<\/strong><span class=\"ez-toc-section-end\"><\/span><\/h3>\n\n\n\n<p>Pour d&rsquo;autres professions enfin, une r\u00e9glementation impose une <strong>formation sp\u00e9cifique obligatoire<\/strong> reconnue par l&rsquo;\u00c9tat.<\/p>\n\n\n\n<p>Nous pensons ici et dans nos domaines \u00e0&nbsp;:<\/p>\n\n\n\n<ul class=\"wp-block-list\">\n<li>psychologue,<\/li>\n\n\n\n<li>psychoth\u00e9rapeute,<\/li>\n\n\n\n<li>masseur kin\u00e9sith\u00e9rapeute&#8230;<\/li>\n<\/ul>\n\n\n\n<p>L\u00e0, vous installer sans le dipl\u00f4me obligatoire vous conduira in\u00e9vitablement \u00e0 de tr\u00e8s gros probl\u00e8mes juridiques.<\/p>\n\n\n\n<p>Par cons\u00e9quent, avant de vous lancer dans votre projet de reconversion professionnelle sans dipl\u00f4me, renseignez-vous aupr\u00e8s des autorit\u00e9s comp\u00e9tentes&nbsp;!<\/p>\n\n\n\n<h2 class=\"wp-block-heading\"><span class=\"ez-toc-section\" id=\"Votre_reconversion_professionnelle_sans_diplome_avec_Agoracademie\"><\/span><strong>Votre reconversion professionnelle sans dipl\u00f4me avec Agoracad\u00e9mie<\/strong><span class=\"ez-toc-section-end\"><\/span><\/h2>\n\n\n\n<p>Si votre projet de reconversion professionnelle sans dipl\u00f4me est de devenir&nbsp;:<\/p>\n\n\n\n<ul class=\"wp-block-list\">\n<li>sophrologue,<\/li>\n\n\n\n<li>relaxologue,<\/li>\n\n\n\n<li>coach,<\/li>\n\n\n\n<li>\u00e9nerg\u00e9ticien,<\/li>\n\n\n\n<li>instructeur en m\u00e9ditation,<\/li>\n\n\n\n<li>praticien en naturopathie, r\u00e9flexologie, EFT, psychog\u00e9n\u00e9alogie, hypnose, num\u00e9rologie, tarot, communication, cr\u00e9ativit\u00e9, micronutrition, etc.<\/li>\n<\/ul>\n\n\n\n<p>bref, un <strong>professionnel du d\u00e9veloppement personnel et du soin alternatif de sant\u00e9<\/strong>, alors Agoracad\u00e9mie peut vous y accompagner&nbsp;!<\/p>\n\n\n\n<p>Cela sans avoir \u00e0 bouger de chez vous, puisque nous proposons des <a href=\"https:\/\/www.agoracademie.com\/blog\/cours-en-distanciel\/\">formations en distanciel<\/a>, c&rsquo;est-\u00e0-dire 100 % en ligne et \u00e0 distance.<\/p>\n\n\n\n<p>Notez qu&rsquo;en fonction de votre situation, une prise en charge financi\u00e8re de votre formation peut s&rsquo;envisager.<\/p>\n\n\n<div class=\"wp-block-image\">\n<figure class=\"aligncenter size-large\"><img loading=\"lazy\" decoding=\"async\" width=\"1024\" height=\"511\" src=\"https:\/\/www.agoracademie.com\/blog\/wp-content\/uploads\/2024\/02\/reconversion-professionnelle-1024x511.jpg\" alt=\"Reconversion professionnelle\" class=\"wp-image-20984\" srcset=\"https:\/\/www.agoracademie.com\/blog\/wp-content\/uploads\/2024\/02\/reconversion-professionnelle-1024x511.jpg 1024w, https:\/\/www.agoracademie.com\/blog\/wp-content\/uploads\/2024\/02\/reconversion-professionnelle-300x150.jpg 300w, https:\/\/www.agoracademie.com\/blog\/wp-content\/uploads\/2024\/02\/reconversion-professionnelle-768x383.jpg 768w, https:\/\/www.agoracademie.com\/blog\/wp-content\/uploads\/2024\/02\/reconversion-professionnelle.jpg 1079w\" sizes=\"auto, (max-width: 1024px) 100vw, 1024px\" \/><figcaption class=\"wp-element-caption\">O\u00f9 est la bonne direction pour vous ?<\/figcaption><\/figure>\n<\/div>\n\n\n<h2 class=\"wp-block-heading\"><span class=\"ez-toc-section\" id=\"A_quel_moment_commencer\"><\/span><strong>\u00c0 quel moment commencer&nbsp;?<\/strong><span class=\"ez-toc-section-end\"><\/span><\/h2>\n\n\n\n<p><strong>Chez Agoracad\u00e9mie vous pouvez commencer quand vous le souhaitez&nbsp;!<\/strong><\/p>\n\n\n\n<p>Mais attention, une reconversion professionnelle ne s&rsquo;improvise pas et il est important de travailler votre projet pour \u00e9viter de partir dans la mauvaise direction.<\/p>\n\n\n\n<p>C&rsquo;est pourquoi, une visite chez un professionnel pourrait \u00eatre une bonne id\u00e9e.<\/p>\n\n\n\n<p>Cela vous permet de v\u00e9rifier que votre interpr\u00e9tation du m\u00e9tier est bien r\u00e9elle, car parfois, entre r\u00eave et r\u00e9alit\u00e9, il y a un gouffre&#8230;<\/p>\n\n\n\n<p>Et mieux vaut s&rsquo;en rendre compte AVANT de commencer l&rsquo;aventure de la reconversion.<\/p>\n\n\n\n<p>Vient ensuite le temps de trouver le lieu de formation.<\/p>\n\n\n\n<p>L&rsquo;enseignement en ligne et \u00e0 distance propos\u00e9 par Agoracad\u00e9mie n&rsquo;est peut-\u00eatre pas ce qui va vous convenir le mieux et le pr\u00e9sentiel sera alors votre solution.<\/p>\n\n\n\n<p>Apr\u00e8s avoir d\u00e9termin\u00e9 le mode d&rsquo;enseignement qui vous convient, prenez le temps de trouver le bon formateur et le bon programme.<\/p>\n\n\n\n<p>Pour ce faire, rien de mieux que&nbsp;:<\/p>\n\n\n\n<ul class=\"wp-block-list\">\n<li>de comparer les diff\u00e9rentes offres de formation (programme, m\u00e9thode, outils&#8230;),<\/li>\n\n\n\n<li>de questionner le formateur (et pas seulement le vendeur de formation form\u00e9 pour vous s\u00e9duire, puisque c&rsquo;est avec le formateur que vous allez par la suite avec des \u00e9changes, plus le vendeur&#8230;)<\/li>\n\n\n\n<li>et de d\u00e9couvrir les avis des anciens apprenants, car cela est tr\u00e8s instructif aussi bien sur le contenu que sur la qualit\u00e9 (ou non) de l&rsquo;accompagnement.<\/li>\n<\/ul>\n\n\n\n<p>Enfin, il faudra trouver le moyen de <a href=\"https:\/\/www.agoracademie.com\/blog\/financement-formation\/\">financer votre formation<\/a>, soit par des fonds personnels, soit via un financeur (employeur, OPCO, etc.).<\/p>\n\n\n\n<h3 class=\"wp-block-heading\"><span class=\"ez-toc-section\" id=\"Une_question\"><\/span><strong>Une question&nbsp;?<\/strong><span class=\"ez-toc-section-end\"><\/span><\/h3>\n\n\n\n<p>Suite \u00e0 la lecture de cet article il vous vient une question&nbsp;?<\/p>\n\n\n\n<p>Alors, n&rsquo;h\u00e9sitez pas \u00e0 nous envoyer un e-mail en nous indiquant le nom de la formation qui vous int\u00e9resse.<\/p>\n\n\n\n<p>Nous vous r\u00e9pondrons dans la journ\u00e9e&nbsp;!<\/p>\n","protected":false},"excerpt":{"rendered":"<p>Reconversion professionnelle sans dipl\u00f4me avec Agoracad\u00e9mie Oui, une reconversion professionnelle sans dipl\u00f4me est tout \u00e0 fait possible, et cela \u00e0 tous les \u00e2ges de la vie. Pour ce faire, vous pouvez vous lancer directement dans certaines activit\u00e9s o\u00f9 il y a des places \u00e0 prendre imm\u00e9diatement. Pour d&rsquo;autres, c&rsquo;est un peu plus compliqu\u00e9 et voyons cela d&rsquo;un peu plus pr\u00e8s.<\/p>\n","protected":false},"author":2,"featured_media":0,"comment_status":"open","ping_status":"closed","sticky":false,"template":"","format":"standard","meta":{"_bbp_topic_count":0,"_bbp_reply_count":0,"_bbp_total_topic_count":0,"_bbp_total_reply_count":0,"_bbp_voice_count":0,"_bbp_anonymous_reply_count":0,"_bbp_topic_count_hidden":0,"_bbp_reply_count_hidden":0,"_bbp_forum_subforum_count":0,"footnotes":""},"categories":[6],"tags":[],"class_list":["post-20982","post","type-post","status-publish","format-standard","hentry","category-formation-en-developpement-personnel"],"yoast_head":"<!-- This site is optimized with the Yoast SEO plugin v27.4 - https:\/\/yoast.com\/product\/yoast-seo-wordpress\/ -->\n<title>Reconversion professionnelle sans dipl\u00f4me - Agoracad\u00e9mie<\/title>\n<meta name=\"description\" content=\"Comment r\u00e9aliser une reconversion professionnelle sans dipl\u00f4me\u00a0? Voici plusieurs m\u00e9tiers ouverts \u00e0 tous apr\u00e8s une courte formation\u00a0!\" \/>\n<meta name=\"robots\" content=\"index, follow, max-snippet:-1, max-image-preview:large, max-video-preview:-1\" \/>\n<link rel=\"canonical\" href=\"https:\/\/www.agoracademie.com\/blog\/reconversion-professionnelle-sans-diplome\/\" \/>\n<meta property=\"og:locale\" content=\"fr_FR\" \/>\n<meta property=\"og:type\" content=\"article\" \/>\n<meta property=\"og:title\" content=\"Reconversion professionnelle sans dipl\u00f4me - Agoracad\u00e9mie\" \/>\n<meta property=\"og:description\" content=\"Comment r\u00e9aliser une reconversion professionnelle sans dipl\u00f4me\u00a0? Voici plusieurs m\u00e9tiers ouverts \u00e0 tous apr\u00e8s une courte formation\u00a0!\" \/>\n<meta property=\"og:url\" content=\"https:\/\/www.agoracademie.com\/blog\/reconversion-professionnelle-sans-diplome\/\" \/>\n<meta property=\"og:site_name\" content=\"Agoracad\u00e9mie\" \/>\n<meta property=\"article:published_time\" content=\"2024-02-01T17:17:58+00:00\" \/>\n<meta property=\"article:modified_time\" content=\"2025-07-11T15:42:59+00:00\" \/>\n<meta property=\"og:image\" content=\"https:\/\/www.agoracademie.com\/blog\/wp-content\/uploads\/2024\/02\/reconversion-professionnelle-sans-diplome.jpg\" \/>\n\t<meta property=\"og:image:width\" content=\"1079\" \/>\n\t<meta property=\"og:image:height\" content=\"538\" \/>\n\t<meta property=\"og:image:type\" content=\"image\/jpeg\" \/>\n<meta name=\"author\" content=\"Laurent Bertrel\" \/>\n<meta name=\"twitter:label1\" content=\"\u00c9crit par\" \/>\n\t<meta name=\"twitter:data1\" content=\"Laurent Bertrel\" \/>\n\t<meta name=\"twitter:label2\" content=\"Dur\u00e9e de lecture estim\u00e9e\" \/>\n\t<meta name=\"twitter:data2\" content=\"5 minutes\" \/>\n<script type=\"application\/ld+json\" class=\"yoast-schema-graph\">{\"@context\":\"https:\\\/\\\/schema.org\",\"@graph\":[{\"@type\":\"Article\",\"@id\":\"https:\\\/\\\/www.agoracademie.com\\\/blog\\\/reconversion-professionnelle-sans-diplome\\\/#article\",\"isPartOf\":{\"@id\":\"https:\\\/\\\/www.agoracademie.com\\\/blog\\\/reconversion-professionnelle-sans-diplome\\\/\"},\"author\":{\"name\":\"Laurent Bertrel\",\"@id\":\"https:\\\/\\\/www.agoracademie.com\\\/blog\\\/#\\\/schema\\\/person\\\/c2f110c50be7dcecc05cb4e87f32537f\"},\"headline\":\"Reconversion professionnelle sans dipl\u00f4me\",\"datePublished\":\"2024-02-01T17:17:58+00:00\",\"dateModified\":\"2025-07-11T15:42:59+00:00\",\"mainEntityOfPage\":{\"@id\":\"https:\\\/\\\/www.agoracademie.com\\\/blog\\\/reconversion-professionnelle-sans-diplome\\\/\"},\"wordCount\":794,\"commentCount\":0,\"image\":{\"@id\":\"https:\\\/\\\/www.agoracademie.com\\\/blog\\\/reconversion-professionnelle-sans-diplome\\\/#primaryimage\"},\"thumbnailUrl\":\"https:\\\/\\\/www.agoracademie.com\\\/blog\\\/wp-content\\\/uploads\\\/2024\\\/02\\\/reconversion-professionnelle-sans-diplome-1024x511.jpg\",\"articleSection\":[\"Formation\"],\"inLanguage\":\"fr-FR\",\"potentialAction\":[{\"@type\":\"CommentAction\",\"name\":\"Comment\",\"target\":[\"https:\\\/\\\/www.agoracademie.com\\\/blog\\\/reconversion-professionnelle-sans-diplome\\\/#respond\"]}]},{\"@type\":\"WebPage\",\"@id\":\"https:\\\/\\\/www.agoracademie.com\\\/blog\\\/reconversion-professionnelle-sans-diplome\\\/\",\"url\":\"https:\\\/\\\/www.agoracademie.com\\\/blog\\\/reconversion-professionnelle-sans-diplome\\\/\",\"name\":\"Reconversion professionnelle sans dipl\u00f4me - Agoracad\u00e9mie\",\"isPartOf\":{\"@id\":\"https:\\\/\\\/www.agoracademie.com\\\/blog\\\/#website\"},\"primaryImageOfPage\":{\"@id\":\"https:\\\/\\\/www.agoracademie.com\\\/blog\\\/reconversion-professionnelle-sans-diplome\\\/#primaryimage\"},\"image\":{\"@id\":\"https:\\\/\\\/www.agoracademie.com\\\/blog\\\/reconversion-professionnelle-sans-diplome\\\/#primaryimage\"},\"thumbnailUrl\":\"https:\\\/\\\/www.agoracademie.com\\\/blog\\\/wp-content\\\/uploads\\\/2024\\\/02\\\/reconversion-professionnelle-sans-diplome-1024x511.jpg\",\"datePublished\":\"2024-02-01T17:17:58+00:00\",\"dateModified\":\"2025-07-11T15:42:59+00:00\",\"author\":{\"@id\":\"https:\\\/\\\/www.agoracademie.com\\\/blog\\\/#\\\/schema\\\/person\\\/c2f110c50be7dcecc05cb4e87f32537f\"},\"description\":\"Comment r\u00e9aliser une reconversion professionnelle sans dipl\u00f4me\u00a0? Voici plusieurs m\u00e9tiers ouverts \u00e0 tous apr\u00e8s une courte formation\u00a0!\",\"breadcrumb\":{\"@id\":\"https:\\\/\\\/www.agoracademie.com\\\/blog\\\/reconversion-professionnelle-sans-diplome\\\/#breadcrumb\"},\"inLanguage\":\"fr-FR\",\"potentialAction\":[{\"@type\":\"ReadAction\",\"target\":[\"https:\\\/\\\/www.agoracademie.com\\\/blog\\\/reconversion-professionnelle-sans-diplome\\\/\"]}]},{\"@type\":\"ImageObject\",\"inLanguage\":\"fr-FR\",\"@id\":\"https:\\\/\\\/www.agoracademie.com\\\/blog\\\/reconversion-professionnelle-sans-diplome\\\/#primaryimage\",\"url\":\"https:\\\/\\\/www.agoracademie.com\\\/blog\\\/wp-content\\\/uploads\\\/2024\\\/02\\\/reconversion-professionnelle-sans-diplome.jpg\",\"contentUrl\":\"https:\\\/\\\/www.agoracademie.com\\\/blog\\\/wp-content\\\/uploads\\\/2024\\\/02\\\/reconversion-professionnelle-sans-diplome.jpg\",\"width\":1079,\"height\":538},{\"@type\":\"BreadcrumbList\",\"@id\":\"https:\\\/\\\/www.agoracademie.com\\\/blog\\\/reconversion-professionnelle-sans-diplome\\\/#breadcrumb\",\"itemListElement\":[{\"@type\":\"ListItem\",\"position\":1,\"name\":\"Accueil\",\"item\":\"https:\\\/\\\/www.agoracademie.com\\\/blog\\\/\"},{\"@type\":\"ListItem\",\"position\":2,\"name\":\"Reconversion professionnelle sans dipl\u00f4me\"}]},{\"@type\":\"WebSite\",\"@id\":\"https:\\\/\\\/www.agoracademie.com\\\/blog\\\/#website\",\"url\":\"https:\\\/\\\/www.agoracademie.com\\\/blog\\\/\",\"name\":\"Blog Agoracad\u00e9mie - Centre de formation en ligne et \u00e0 distance\",\"description\":\"Le blog du d\u00e9veloppement personnel et des th\u00e9rapies\",\"potentialAction\":[{\"@type\":\"SearchAction\",\"target\":{\"@type\":\"EntryPoint\",\"urlTemplate\":\"https:\\\/\\\/www.agoracademie.com\\\/blog\\\/?s={search_term_string}\"},\"query-input\":{\"@type\":\"PropertyValueSpecification\",\"valueRequired\":true,\"valueName\":\"search_term_string\"}}],\"inLanguage\":\"fr-FR\"},{\"@type\":\"Person\",\"@id\":\"https:\\\/\\\/www.agoracademie.com\\\/blog\\\/#\\\/schema\\\/person\\\/c2f110c50be7dcecc05cb4e87f32537f\",\"name\":\"Laurent Bertrel\",\"image\":{\"@type\":\"ImageObject\",\"inLanguage\":\"fr-FR\",\"@id\":\"https:\\\/\\\/secure.gravatar.com\\\/avatar\\\/45841390e6db2f4064cc5f84ee39189cf562b1de36eb5b1b7cc82dee445813a4?s=96&r=g\",\"url\":\"https:\\\/\\\/secure.gravatar.com\\\/avatar\\\/45841390e6db2f4064cc5f84ee39189cf562b1de36eb5b1b7cc82dee445813a4?s=96&r=g\",\"contentUrl\":\"https:\\\/\\\/secure.gravatar.com\\\/avatar\\\/45841390e6db2f4064cc5f84ee39189cf562b1de36eb5b1b7cc82dee445813a4?s=96&r=g\",\"caption\":\"Laurent Bertrel\"},\"description\":\"Laurent Bertrel est le fondateur d'Agoracad\u00e9mie. Titulaire d'une licence en sciences humaines et sociales, d'une ma\u00eetrise et d'un master en psychanalyse, d'un master en \u00e9tudes culturelles parcours \u00e9tudes de genre, du DU connaissances g\u00e9n\u00e9rales de la personne \u00e2g\u00e9e, il est aussi form\u00e9 \u00e0 diff\u00e9rentes approches dont la PNL, la sophrologie, la relaxation, l'hypnose, le coaching, la m\u00e9ditation, les arts martiaux, etc. Auteur de plus de 40 ouvrages, dont 18 livres, il anime plusieurs formations sur Agoracad\u00e9mie et r\u00e9pondra au message que vous allez laisser ci-dessous.\",\"sameAs\":[\"https:\\\/\\\/www.agoracademie.com\\\/\"]}]}<\/script>\n<!-- \/ Yoast SEO plugin. -->","yoast_head_json":{"title":"Reconversion professionnelle sans dipl\u00f4me - Agoracad\u00e9mie","description":"Comment r\u00e9aliser une reconversion professionnelle sans dipl\u00f4me\u00a0? Voici plusieurs m\u00e9tiers ouverts \u00e0 tous apr\u00e8s une courte formation\u00a0!","robots":{"index":"index","follow":"follow","max-snippet":"max-snippet:-1","max-image-preview":"max-image-preview:large","max-video-preview":"max-video-preview:-1"},"canonical":"https:\/\/www.agoracademie.com\/blog\/reconversion-professionnelle-sans-diplome\/","og_locale":"fr_FR","og_type":"article","og_title":"Reconversion professionnelle sans dipl\u00f4me - Agoracad\u00e9mie","og_description":"Comment r\u00e9aliser une reconversion professionnelle sans dipl\u00f4me\u00a0? Voici plusieurs m\u00e9tiers ouverts \u00e0 tous apr\u00e8s une courte formation\u00a0!","og_url":"https:\/\/www.agoracademie.com\/blog\/reconversion-professionnelle-sans-diplome\/","og_site_name":"Agoracad\u00e9mie","article_published_time":"2024-02-01T17:17:58+00:00","article_modified_time":"2025-07-11T15:42:59+00:00","og_image":[{"width":1079,"height":538,"url":"https:\/\/www.agoracademie.com\/blog\/wp-content\/uploads\/2024\/02\/reconversion-professionnelle-sans-diplome.jpg","type":"image\/jpeg"}],"author":"Laurent Bertrel","twitter_misc":{"\u00c9crit par":"Laurent Bertrel","Dur\u00e9e de lecture estim\u00e9e":"5 minutes"},"schema":{"@context":"https:\/\/schema.org","@graph":[{"@type":"Article","@id":"https:\/\/www.agoracademie.com\/blog\/reconversion-professionnelle-sans-diplome\/#article","isPartOf":{"@id":"https:\/\/www.agoracademie.com\/blog\/reconversion-professionnelle-sans-diplome\/"},"author":{"name":"Laurent Bertrel","@id":"https:\/\/www.agoracademie.com\/blog\/#\/schema\/person\/c2f110c50be7dcecc05cb4e87f32537f"},"headline":"Reconversion professionnelle sans dipl\u00f4me","datePublished":"2024-02-01T17:17:58+00:00","dateModified":"2025-07-11T15:42:59+00:00","mainEntityOfPage":{"@id":"https:\/\/www.agoracademie.com\/blog\/reconversion-professionnelle-sans-diplome\/"},"wordCount":794,"commentCount":0,"image":{"@id":"https:\/\/www.agoracademie.com\/blog\/reconversion-professionnelle-sans-diplome\/#primaryimage"},"thumbnailUrl":"https:\/\/www.agoracademie.com\/blog\/wp-content\/uploads\/2024\/02\/reconversion-professionnelle-sans-diplome-1024x511.jpg","articleSection":["Formation"],"inLanguage":"fr-FR","potentialAction":[{"@type":"CommentAction","name":"Comment","target":["https:\/\/www.agoracademie.com\/blog\/reconversion-professionnelle-sans-diplome\/#respond"]}]},{"@type":"WebPage","@id":"https:\/\/www.agoracademie.com\/blog\/reconversion-professionnelle-sans-diplome\/","url":"https:\/\/www.agoracademie.com\/blog\/reconversion-professionnelle-sans-diplome\/","name":"Reconversion professionnelle sans dipl\u00f4me - Agoracad\u00e9mie","isPartOf":{"@id":"https:\/\/www.agoracademie.com\/blog\/#website"},"primaryImageOfPage":{"@id":"https:\/\/www.agoracademie.com\/blog\/reconversion-professionnelle-sans-diplome\/#primaryimage"},"image":{"@id":"https:\/\/www.agoracademie.com\/blog\/reconversion-professionnelle-sans-diplome\/#primaryimage"},"thumbnailUrl":"https:\/\/www.agoracademie.com\/blog\/wp-content\/uploads\/2024\/02\/reconversion-professionnelle-sans-diplome-1024x511.jpg","datePublished":"2024-02-01T17:17:58+00:00","dateModified":"2025-07-11T15:42:59+00:00","author":{"@id":"https:\/\/www.agoracademie.com\/blog\/#\/schema\/person\/c2f110c50be7dcecc05cb4e87f32537f"},"description":"Comment r\u00e9aliser une reconversion professionnelle sans dipl\u00f4me\u00a0? Voici plusieurs m\u00e9tiers ouverts \u00e0 tous apr\u00e8s une courte formation\u00a0!","breadcrumb":{"@id":"https:\/\/www.agoracademie.com\/blog\/reconversion-professionnelle-sans-diplome\/#breadcrumb"},"inLanguage":"fr-FR","potentialAction":[{"@type":"ReadAction","target":["https:\/\/www.agoracademie.com\/blog\/reconversion-professionnelle-sans-diplome\/"]}]},{"@type":"ImageObject","inLanguage":"fr-FR","@id":"https:\/\/www.agoracademie.com\/blog\/reconversion-professionnelle-sans-diplome\/#primaryimage","url":"https:\/\/www.agoracademie.com\/blog\/wp-content\/uploads\/2024\/02\/reconversion-professionnelle-sans-diplome.jpg","contentUrl":"https:\/\/www.agoracademie.com\/blog\/wp-content\/uploads\/2024\/02\/reconversion-professionnelle-sans-diplome.jpg","width":1079,"height":538},{"@type":"BreadcrumbList","@id":"https:\/\/www.agoracademie.com\/blog\/reconversion-professionnelle-sans-diplome\/#breadcrumb","itemListElement":[{"@type":"ListItem","position":1,"name":"Accueil","item":"https:\/\/www.agoracademie.com\/blog\/"},{"@type":"ListItem","position":2,"name":"Reconversion professionnelle sans dipl\u00f4me"}]},{"@type":"WebSite","@id":"https:\/\/www.agoracademie.com\/blog\/#website","url":"https:\/\/www.agoracademie.com\/blog\/","name":"Blog Agoracad\u00e9mie - Centre de formation en ligne et \u00e0 distance","description":"Le blog du d\u00e9veloppement personnel et des th\u00e9rapies","potentialAction":[{"@type":"SearchAction","target":{"@type":"EntryPoint","urlTemplate":"https:\/\/www.agoracademie.com\/blog\/?s={search_term_string}"},"query-input":{"@type":"PropertyValueSpecification","valueRequired":true,"valueName":"search_term_string"}}],"inLanguage":"fr-FR"},{"@type":"Person","@id":"https:\/\/www.agoracademie.com\/blog\/#\/schema\/person\/c2f110c50be7dcecc05cb4e87f32537f","name":"Laurent Bertrel","image":{"@type":"ImageObject","inLanguage":"fr-FR","@id":"https:\/\/secure.gravatar.com\/avatar\/45841390e6db2f4064cc5f84ee39189cf562b1de36eb5b1b7cc82dee445813a4?s=96&r=g","url":"https:\/\/secure.gravatar.com\/avatar\/45841390e6db2f4064cc5f84ee39189cf562b1de36eb5b1b7cc82dee445813a4?s=96&r=g","contentUrl":"https:\/\/secure.gravatar.com\/avatar\/45841390e6db2f4064cc5f84ee39189cf562b1de36eb5b1b7cc82dee445813a4?s=96&r=g","caption":"Laurent Bertrel"},"description":"Laurent Bertrel est le fondateur d'Agoracad\u00e9mie. Titulaire d'une licence en sciences humaines et sociales, d'une ma\u00eetrise et d'un master en psychanalyse, d'un master en \u00e9tudes culturelles parcours \u00e9tudes de genre, du DU connaissances g\u00e9n\u00e9rales de la personne \u00e2g\u00e9e, il est aussi form\u00e9 \u00e0 diff\u00e9rentes approches dont la PNL, la sophrologie, la relaxation, l'hypnose, le coaching, la m\u00e9ditation, les arts martiaux, etc. Auteur de plus de 40 ouvrages, dont 18 livres, il anime plusieurs formations sur Agoracad\u00e9mie et r\u00e9pondra au message que vous allez laisser ci-dessous.","sameAs":["https:\/\/www.agoracademie.com\/"]}]}},"acf":[],"_links":{"self":[{"href":"https:\/\/www.agoracademie.com\/blog\/wp-json\/wp\/v2\/posts\/20982","targetHints":{"allow":["GET"]}}],"collection":[{"href":"https:\/\/www.agoracademie.com\/blog\/wp-json\/wp\/v2\/posts"}],"about":[{"href":"https:\/\/www.agoracademie.com\/blog\/wp-json\/wp\/v2\/types\/post"}],"author":[{"embeddable":true,"href":"https:\/\/www.agoracademie.com\/blog\/wp-json\/wp\/v2\/users\/2"}],"replies":[{"embeddable":true,"href":"https:\/\/www.agoracademie.com\/blog\/wp-json\/wp\/v2\/comments?post=20982"}],"version-history":[{"count":3,"href":"https:\/\/www.agoracademie.com\/blog\/wp-json\/wp\/v2\/posts\/20982\/revisions"}],"predecessor-version":[{"id":21795,"href":"https:\/\/www.agoracademie.com\/blog\/wp-json\/wp\/v2\/posts\/20982\/revisions\/21795"}],"wp:attachment":[{"href":"https:\/\/www.agoracademie.com\/blog\/wp-json\/wp\/v2\/media?parent=20982"}],"wp:term":[{"taxonomy":"category","embeddable":true,"href":"https:\/\/www.agoracademie.com\/blog\/wp-json\/wp\/v2\/categories?post=20982"},{"taxonomy":"post_tag","embeddable":true,"href":"https:\/\/www.agoracademie.com\/blog\/wp-json\/wp\/v2\/tags?post=20982"}],"curies":[{"name":"wp","href":"https:\/\/api.w.org\/{rel}","templated":true}]}}