{"id":21001,"date":"2024-02-13T18:34:51","date_gmt":"2024-02-13T17:34:51","guid":{"rendered":"https:\/\/www.agoracademie.com\/blog\/?p=21001"},"modified":"2025-07-11T16:57:16","modified_gmt":"2025-07-11T14:57:16","slug":"reconversion-professionnelle-sophrologue","status":"publish","type":"post","link":"https:\/\/www.agoracademie.com\/blog\/reconversion-professionnelle-sophrologue\/","title":{"rendered":"Reconversion professionnelle sophrologue"},"content":{"rendered":"<div class=\"wp-block-image\">\n<figure class=\"aligncenter size-large\"><img loading=\"lazy\" decoding=\"async\" width=\"1024\" height=\"511\" src=\"https:\/\/www.agoracademie.com\/blog\/wp-content\/uploads\/2024\/02\/reconversion-professionnelle-sophrologue-1024x511.jpg\" alt=\"Reconversion professionnelle sophrologue\" class=\"wp-image-21002\" srcset=\"https:\/\/www.agoracademie.com\/blog\/wp-content\/uploads\/2024\/02\/reconversion-professionnelle-sophrologue-1024x511.jpg 1024w, https:\/\/www.agoracademie.com\/blog\/wp-content\/uploads\/2024\/02\/reconversion-professionnelle-sophrologue-300x150.jpg 300w, https:\/\/www.agoracademie.com\/blog\/wp-content\/uploads\/2024\/02\/reconversion-professionnelle-sophrologue-768x383.jpg 768w, https:\/\/www.agoracademie.com\/blog\/wp-content\/uploads\/2024\/02\/reconversion-professionnelle-sophrologue.jpg 1079w\" sizes=\"auto, (max-width: 1024px) 100vw, 1024px\" \/><figcaption class=\"wp-element-caption\">Reconversion zen avec Agoracad\u00e9mie !<\/figcaption><\/figure><div id=\"ez-toc-container\" class=\"ez-toc-v2_0_82_2 ez-toc-wrap-center counter-hierarchy ez-toc-counter ez-toc-transparent ez-toc-container-direction\">\n<div class=\"ez-toc-title-container\">\n<p class=\"ez-toc-title\" style=\"cursor:inherit\">Sommaire<\/p>\n<span class=\"ez-toc-title-toggle\"><a href=\"#\" class=\"ez-toc-pull-right ez-toc-btn ez-toc-btn-xs ez-toc-btn-default ez-toc-toggle\" aria-label=\"Toggle Table of Content\"><span class=\"ez-toc-js-icon-con\"><span class=\"\"><span class=\"eztoc-hide\" style=\"display:none;\">Toggle<\/span><span class=\"ez-toc-icon-toggle-span\"><svg style=\"fill: #999;color:#999\" xmlns=\"http:\/\/www.w3.org\/2000\/svg\" class=\"list-377408\" width=\"20px\" height=\"20px\" viewBox=\"0 0 24 24\" fill=\"none\"><path d=\"M6 6H4v2h2V6zm14 0H8v2h12V6zM4 11h2v2H4v-2zm16 0H8v2h12v-2zM4 16h2v2H4v-2zm16 0H8v2h12v-2z\" fill=\"currentColor\"><\/path><\/svg><svg style=\"fill: #999;color:#999\" class=\"arrow-unsorted-368013\" xmlns=\"http:\/\/www.w3.org\/2000\/svg\" width=\"10px\" height=\"10px\" viewBox=\"0 0 24 24\" version=\"1.2\" baseProfile=\"tiny\"><path d=\"M18.2 9.3l-6.2-6.3-6.2 6.3c-.2.2-.3.4-.3.7s.1.5.3.7c.2.2.4.3.7.3h11c.3 0 .5-.1.7-.3.2-.2.3-.5.3-.7s-.1-.5-.3-.7zM5.8 14.7l6.2 6.3 6.2-6.3c.2-.2.3-.5.3-.7s-.1-.5-.3-.7c-.2-.2-.4-.3-.7-.3h-11c-.3 0-.5.1-.7.3-.2.2-.3.5-.3.7s.1.5.3.7z\"\/><\/svg><\/span><\/span><\/span><\/a><\/span><\/div>\n<nav><ul class='ez-toc-list ez-toc-list-level-1 ' ><li class='ez-toc-page-1 ez-toc-heading-level-2'><a class=\"ez-toc-link ez-toc-heading-1\" href=\"https:\/\/www.agoracademie.com\/blog\/reconversion-professionnelle-sophrologue\/#Reconversion_professionnelle_sophrologue\" >Reconversion professionnelle sophrologue<\/a><\/li><li class='ez-toc-page-1 ez-toc-heading-level-2'><a class=\"ez-toc-link ez-toc-heading-2\" href=\"https:\/\/www.agoracademie.com\/blog\/reconversion-professionnelle-sophrologue\/#Commencer_sa_reconversion_dans_de_bonnes_conditions\" >Commencer sa reconversion dans de bonnes conditions<\/a><\/li><li class='ez-toc-page-1 ez-toc-heading-level-2'><a class=\"ez-toc-link ez-toc-heading-3\" href=\"https:\/\/www.agoracademie.com\/blog\/reconversion-professionnelle-sophrologue\/#Notre_formation_de_sophrologue_specialise_3_certificats\" >Notre formation de sophrologue sp\u00e9cialis\u00e9 = 3 certificats<\/a><ul class='ez-toc-list-level-3' ><li class='ez-toc-heading-level-3'><a class=\"ez-toc-link ez-toc-heading-4\" href=\"https:\/\/www.agoracademie.com\/blog\/reconversion-professionnelle-sophrologue\/#Reconversion_professionnelle_sophrologue-2\" >Reconversion professionnelle sophrologue<\/a><\/li><\/ul><\/li><li class='ez-toc-page-1 ez-toc-heading-level-2'><a class=\"ez-toc-link ez-toc-heading-5\" href=\"https:\/\/www.agoracademie.com\/blog\/reconversion-professionnelle-sophrologue\/#Qui_est_le_formateur\" >Qui est le formateur&nbsp;?<\/a><\/li><li class='ez-toc-page-1 ez-toc-heading-level-2'><a class=\"ez-toc-link ez-toc-heading-6\" href=\"https:\/\/www.agoracademie.com\/blog\/reconversion-professionnelle-sophrologue\/#Pourquoi_choisir_le_distanciel\" >Pourquoi choisir le distanciel&nbsp;?<\/a><\/li><\/ul><\/nav><\/div>\n\n<\/div>\n\n\n<h2 class=\"wp-block-heading\"><span class=\"ez-toc-section\" id=\"Reconversion_professionnelle_sophrologue\"><\/span><strong>Reconversion professionnelle sophrologue<\/strong><span class=\"ez-toc-section-end\"><\/span><\/h2>\n\n\n\n<p>Vous avez pris la d\u00e9cision de vous lancer dans l&rsquo;aventure d&rsquo;une reconversion professionnelle pour <a href=\"https:\/\/www.agoracademie.com\/blog\/comment-devenir-sophrologue\/\">devenir sophrologue<\/a>&nbsp;?<\/p>\n\n\n\n<p>Parfait, nous avons quelque chose de tr\u00e8s int\u00e9ressant \u00e0 vous proposer&nbsp;!<\/p>\n\n\n\n<!--more-->\n\n\n\n<h2 class=\"wp-block-heading\"><span class=\"ez-toc-section\" id=\"Commencer_sa_reconversion_dans_de_bonnes_conditions\"><\/span><strong>Commencer sa reconversion dans de bonnes conditions<\/strong><span class=\"ez-toc-section-end\"><\/span><\/h2>\n\n\n\n<p>Pour d\u00e9buter votre reconversion professionnelle sophrologue, il est important de trouver la bonne formation.<\/p>\n\n\n\n<p>En effet, il est difficile de s&rsquo;improviser praticien en sophrologie sans avoir r\u00e9alis\u00e9 un apprentissage global et sp\u00e9cifique de la m\u00e9thode.<\/p>\n\n\n\n<p>C&rsquo;est la raison pour laquelle, nous vous invitions \u00e0 d\u00e9couvrir d\u00e8s maintenant <strong>notre formation de sophrologue sp\u00e9cialis\u00e9<\/strong>&nbsp;!<\/p>\n\n\n\n<h2 class=\"wp-block-heading\"><span class=\"ez-toc-section\" id=\"Notre_formation_de_sophrologue_specialise_3_certificats\"><\/span><strong>Notre formation de sophrologue sp\u00e9cialis\u00e9 = 3 certificats<\/strong><span class=\"ez-toc-section-end\"><\/span><\/h2>\n\n\n\n<p>Dans notre formation, vous allez non seulement vous former \u00e0 la sophrologie, mais aussi vous sp\u00e9cialiser en&nbsp;:<\/p>\n\n\n\n<ul class=\"wp-block-list\">\n<li>gestion du stress et des \u00e9motions,<\/li>\n\n\n\n<li>communication interpersonnelle.<\/li>\n<\/ul>\n\n\n\n<p>Soit <strong>deux domaines o\u00f9 la demande est actuellement tr\u00e8s forte <\/strong>(d&rsquo;o\u00f9 l&rsquo;int\u00e9r\u00eat de se sp\u00e9cialiser dans le but d&rsquo;\u00eatre op\u00e9rationnel d\u00e8s la fin de la formation), notamment&nbsp;:<\/p>\n\n\n\n<ul class=\"wp-block-list\">\n<li>chez les particuliers,<\/li>\n\n\n\n<li>mais aussi en entreprise,<\/li>\n\n\n\n<li>tout comme dans diff\u00e9rentes organisations de travail (administration par exemple).<\/li>\n<\/ul>\n\n\n\n<p>Notre formation vous propose donc de devenir&nbsp;:<\/p>\n\n\n\n<ol class=\"wp-block-list\">\n<li>praticien en management du stress,<\/li>\n\n\n\n<li>praticien en communication interpersonnelle,<\/li>\n\n\n\n<li>et, pour finir, sophrologue sp\u00e9cialis\u00e9.<\/li>\n<\/ol>\n\n\n\n<p>Ces <strong>trois certificats<\/strong> de fin de formation sont accessibles en distanciel, et cela \u00e0 100 %.<\/p>\n\n\n\n<p>De plus, en fonction de votre situation, un financement dans le cadre de la formation professionnelle continue peut s&rsquo;envisager.<\/p>\n\n\n\n<p>Alors, renseignez-vous&nbsp;!<\/p>\n\n\n\n<div class=\"wp-block-magic-content-box-content-box aligncenter magic-content-box-20b6c939-119c-4 magic-content-box-contentBox block-wrapper-background content-align-center\"><style>.magic-content-box-20b6c939-119c-4 .magic-content-box-content-wrapper{text-align:center;margin-top:30px;margin-bottom:30px}.magic-content-box-20b6c939-119c-4 .magic-content-box-section-header-wrapper{border-color:#ff201f}.magic-content-box-20b6c939-119c-4 .magic-content-box-mainheader-wrap{box-shadow:0px 6px 12px -10px #000;border-radius:5px;background-color:#fff}.magic-content-box-20b6c939-119c-4 .magic-content-box-section-wrapper{padding-top:30px;padding-right:30px;padding-bottom:30px;padding-left:30px;margin-top:0px;margin-right:0px;margin-bottom:0px;margin-left:0px}.magic-content-box-20b6c939-119c-4 .magic-content-box-section-head-wrap{text-align:center;padding-top:0px;padding-right:0px;padding-bottom:0px;margin-top:0px;margin-bottom:0px;padding-left:0px}.magic-content-box-20b6c939-119c-4 .magic-content-box-section-head-wrap .magic-content-box-title{color:#404040;font-size:32px;font-family:Default;padding-top:5px;padding-bottom:5px}.magic-content-box-20b6c939-119c-4 .magic-content-box-section-head-wrap .magic-content-box-subtitle{color:#6d6d6d;font-size:18px;font-family:Default;padding-top:5px;padding-bottom:5px}.magic-content-box-20b6c939-119c-4 .magic-content-box-title-dash{color:#ff201f}.magic-content-box-20b6c939-119c-4 .magic-content-box-block-button span{color:#fff;border-width:1px;font-size:16px;font-family:Default}.magic-content-box-20b6c939-119c-4 .magic-content-box-block-button .magic-content-box-button{background-color:#ff201f}.magic-content-box-20b6c939-119c-4 .magic-content-box-block-button i{color:#fff;font-size:13px}.magic-content-box-20b6c939-119c-4 .magic-content-box-block-button{margin-top:10px;margin-bottom:10px}.magic-content-box-20b6c939-119c-4 .magic-content-box-button{padding-top:5px;padding-right:15px;padding-bottom:5px;padding-left:15px}@media screen and (max-width:1025px){.magic-content-box-20b6c939-119c-4 .magic-content-box-section-head-wrap .magic-content-box-title{font-size:undefinedpx}.magic-content-box-20b6c939-119c-4 .magic-content-box-section-head-wrap .magic-content-box-subtitle{font-size:undefinedpx}.magic-content-box-20b6c939-119c-4 .magic-content-box-block-button span{font-size:undefinedpx}.magic-content-box-20b6c939-119c-4 .magic-content-box-block-button i{font-size:px}}@media screen and (max-width:767px){.magic-content-box-20b6c939-119c-4 .magic-content-box-section-head-wrap .magic-content-box-title{font-size:undefinedpx}.magic-content-box-20b6c939-119c-4 .magic-content-box-section-head-wrap .magic-content-box-subtitle{font-size:undefinedpx}.magic-content-box-20b6c939-119c-4 .magic-content-box-block-button span{font-size:undefinedpx}.magic-content-box-20b6c939-119c-4 .magic-content-box-block-button i{font-size:px}}<\/style><div class=\"content-wrapper-inner\"><div class=\"magic-content-box-content-wrapper magic-content-box-blocks has-background style-1\"><div class=\"content-img-wrap\"><img decoding=\"async\" src=\"https:\/\/www.agoracademie.com\/blog\/wp-content\/uploads\/2023\/10\/comment-devenir-relaxologue.jpg\" alt=\"Formation sophrologue\" class=\"\"\/><\/div><div class=\"magic-content-box-section-wrapper magic-content-box-mainheader-wrap\"><div class=\"magic-content-box-section-header-wrapper magic-content-box-blocks\"><div class=\"magic-content-box-section-head-wrap magic-content-box-style1 magic-content-box-center\"><div class=\"magic-content-box-title-wrapper\"><span class=\"magic-content-box-title-dash magic-content-box-upper-dash\"><\/span><h3 class=\"magic-content-box-title\"><span class=\"ez-toc-section\" id=\"Reconversion_professionnelle_sophrologue-2\"><\/span>Reconversion professionnelle sophrologue<span class=\"ez-toc-section-end\"><\/span><\/h3><span class=\"magic-content-box-title-dash magic-content-box-lower-dash\"><\/span><\/div><div class=\"magic-content-box-subtitle-wrapper\"><span class=\"magic-content-box-title-dash magic-content-box-upper-dash\"><\/span><p class=\"magic-content-box-subtitle\">D\u00e9couvrez notre formation !<\/p><span class=\"magic-content-box-title-dash magic-content-box-lower-dash\"><\/span><\/div><\/div><\/div><div class=\"magic-content-box-desc-btn-wrap\"><div class=\"magic-content-box-block-button\"><a href=\"https:\/\/www.agoracademie.com\/academie\/devenir-sophrologue\" class=\"magic-content-box-button magic-content-box-button-shape-rounded magic-content-box-button-size-small hover-style-1 btn-icon-left\"><span>PROGRAMME<\/span><\/a><\/div><\/div><\/div><\/div><\/div><\/div>\n\n\n\n<h2 class=\"wp-block-heading\"><span class=\"ez-toc-section\" id=\"Qui_est_le_formateur\"><\/span><strong>Qui est le formateur&nbsp;?<\/strong><span class=\"ez-toc-section-end\"><\/span><\/h2>\n\n\n\n<p>Laurent Bertrel est sophrologue depuis le d\u00e9but des ann\u00e9es <strong>2000<\/strong>.<\/p>\n\n\n\n<p>Il est aussi form\u00e9 \u00e0 diff\u00e9rentes approches, dont&nbsp;:<\/p>\n\n\n\n<ul class=\"wp-block-list\">\n<li>la PNL,<\/li>\n\n\n\n<li>la relaxation<\/li>\n\n\n\n<li>et l&rsquo;hypnose ericksonienne,<\/li>\n<\/ul>\n\n\n\n<p>ce qui lui a permis d&rsquo;inclure d&rsquo;autres outils et techniques dans la <a href=\"https:\/\/www.agoracademie.com\/blog\/formation-sophrologie\/\">formation sophrologie<\/a> qu&rsquo;il vous propose sur Agoracad\u00e9mie.<\/p>\n\n\n\n<p>Mais c&rsquo;est \u00e9galement&nbsp;:<\/p>\n\n\n\n<ul class=\"wp-block-list\">\n<li>un professionnel de la formation depuis plus de <strong>35 ans<\/strong>,<\/li>\n\n\n\n<li>et de l&rsquo;enseignement en ligne et \u00e0 distance depuis <strong>2010<\/strong>, date \u00e0 laquelle il a cr\u00e9\u00e9 Agoracad\u00e9mie.<\/li>\n<\/ul>\n\n\n\n<p>Il a donc une grande exp\u00e9rience comme formateur, responsable formation et m\u00eame tuteur.<\/p>\n\n\n\n<p>Ce qui est primordial, car l&rsquo;accompagnement en mode distanciel est loin d&rsquo;\u00eatre simple \u00e0 g\u00e9rer et \u00e0 recevoir.<\/p>\n\n\n\n<p>En effet, tout le monde n&rsquo;est pas capable de se former \u00e0 distance.<\/p>\n\n\n\n<p>Mais avoir le bon formateur, soit celui qui a d\u00e9j\u00e0 une belle exp\u00e9rience en la mati\u00e8re, est un atout dont vous ne pouvez vous passer si vous souhaitez optimiser vos chances de r\u00e9ussite.<\/p>\n\n\n\n<p>D&rsquo;o\u00f9 l&rsquo;importance, avant de choisir votre formateur, de bien vous assurer qu&rsquo;il est, comme Laurent, non seulement&nbsp;:<\/p>\n\n\n\n<ul class=\"wp-block-list\">\n<li><strong>sophrologue exp\u00e9riment\u00e9<\/strong>,<\/li>\n\n\n\n<li>mais aussi <strong>formateur ayant re\u00e7u une solide formation<\/strong> en p\u00e9dagogie ainsi qu&rsquo;en ing\u00e9nierie,<\/li>\n\n\n\n<li>et m\u00eame <strong>e-formateur<\/strong>, c&rsquo;est-\u00e0-dire <strong>capable d&rsquo;assurer un tutorat en ligne de qualit\u00e9<\/strong>.<\/li>\n<\/ul>\n\n\n\n<p>Et pour v\u00e9rifier cela, vous avez plusieurs pistes&nbsp;:<\/p>\n\n\n\n<ul class=\"wp-block-list\">\n<li>Impr\u00e9gnez-vous de son profil &#8211; CV (le profil de Laurent est disponible sur notre site).<\/li>\n\n\n\n<li>D\u00e9couvrez les avis et commentaires d&rsquo;anciens apprenants (cela est disponible dans notre boutique).<\/li>\n\n\n\n<li>Contactez votre futur formateur, afin de v\u00e9rifier que le courant passe bien entre vous (\u00e0 ce sujet, sachez que Laurent r\u00e9pond toujours rapidement et de fa\u00e7on personnalis\u00e9e&nbsp;; cela aura son importance pendant votre apprentissage&#8230;).<\/li>\n<\/ul>\n\n\n<div class=\"wp-block-image\">\n<figure class=\"aligncenter size-large\"><img loading=\"lazy\" decoding=\"async\" width=\"1024\" height=\"511\" src=\"https:\/\/www.agoracademie.com\/blog\/wp-content\/uploads\/2024\/02\/reconversion-sophrologue-1024x511.jpg\" alt=\"Reconversion sophrologue\" class=\"wp-image-21003\" srcset=\"https:\/\/www.agoracademie.com\/blog\/wp-content\/uploads\/2024\/02\/reconversion-sophrologue-1024x511.jpg 1024w, https:\/\/www.agoracademie.com\/blog\/wp-content\/uploads\/2024\/02\/reconversion-sophrologue-300x150.jpg 300w, https:\/\/www.agoracademie.com\/blog\/wp-content\/uploads\/2024\/02\/reconversion-sophrologue-768x383.jpg 768w, https:\/\/www.agoracademie.com\/blog\/wp-content\/uploads\/2024\/02\/reconversion-sophrologue.jpg 1079w\" sizes=\"auto, (max-width: 1024px) 100vw, 1024px\" \/><figcaption class=\"wp-element-caption\">Regardez votre avenir !<\/figcaption><\/figure>\n<\/div>\n\n\n<h2 class=\"wp-block-heading\"><span class=\"ez-toc-section\" id=\"Pourquoi_choisir_le_distanciel\"><\/span><strong>Pourquoi choisir le distanciel&nbsp;?<\/strong><span class=\"ez-toc-section-end\"><\/span><\/h2>\n\n\n\n<p>R\u00e9aliser une reconversion professionnelle sophrologue peut s&rsquo;envisager&nbsp;:<\/p>\n\n\n\n<ul class=\"wp-block-list\">\n<li>en pr\u00e9sentiel,<\/li>\n\n\n\n<li>mais aussi en distanciel, surtout depuis l&rsquo;av\u00e8nement d&rsquo;Internet.<\/li>\n<\/ul>\n\n\n\n<p>Les gros avantages d&rsquo;un enseignement \u00e0 distance sont&nbsp;:<\/p>\n\n\n\n<ul class=\"wp-block-list\">\n<li><strong>L&rsquo;organisation du planning<\/strong>, qui est libre, puisque vous pouvez vous former quand vous le souhaitez (ou pouvez), du moins chez Agoracad\u00e9mie.<\/li>\n\n\n\n<li><strong>La dur\u00e9e de la formation<\/strong>, qui peut \u00eatre relativement rapide (plusieurs mois). Ou plus longue (jusqu&rsquo;\u00e0 deux ans, voire un peu plus), cela en fonction de vos capacit\u00e9s et de vos besoins. En effet, nous avons tous un rythme d&rsquo;apprentissage et l&rsquo;inconv\u00e9nient du pr\u00e9sentiel, est qu&rsquo;il faut suivre celui de l&rsquo;\u00e9cole, qui est souvent diff\u00e9rent de notre rythme id\u00e9al. Cela n&rsquo;arrive pas en distanciel o\u00f9 le temps est autog\u00e9r\u00e9 par l&rsquo;apprenant&nbsp;!<\/li>\n\n\n\n<li><strong>Le prix<\/strong> est enfin l&rsquo;un des principaux avantages et il est toujours inf\u00e9rieur au pr\u00e9sentiel. Cela est logique, puisqu&rsquo;il n&rsquo;y a pas de frais suppl\u00e9mentaires \u00e0 pr\u00e9voir pour les d\u00e9placements, voire pour l&rsquo;h\u00e9bergement. Comme les frais de fonctionnement pour l&rsquo;\u00e9cole sont bien moindre qu&rsquo;en pr\u00e9sentiel (car pas de location, pas de mat\u00e9riel, peu de personnel et de publicit\u00e9, etc.), le prix reste tr\u00e8s attractif (surtout avec nos trois certificats \u00e0 la cl\u00e9&#8230;).<\/li>\n<\/ul>\n\n\n\n<p>Alors, si vous souhaitez r\u00e9aliser votre reconversion professionnelle sophrologue en distanciel, d\u00e9couvrez tout de suite l&rsquo;ensemble du programme que nous vous proposons.<\/p>\n\n\n\n<p>Puis, contactez-nous pour toute information compl\u00e9mentaire, afin de d\u00e9buter votre projet d\u00e8s aujourd&rsquo;hui&nbsp;!<\/p>\n","protected":false},"excerpt":{"rendered":"<p>Reconversion professionnelle sophrologue Vous avez pris la d\u00e9cision de vous lancer dans l&rsquo;aventure d&rsquo;une reconversion professionnelle pour devenir sophrologue&nbsp;? Parfait, nous avons quelque chose de tr\u00e8s int\u00e9ressant \u00e0 vous proposer&nbsp;!<\/p>\n","protected":false},"author":2,"featured_media":0,"comment_status":"open","ping_status":"closed","sticky":false,"template":"","format":"standard","meta":{"_bbp_topic_count":0,"_bbp_reply_count":0,"_bbp_total_topic_count":0,"_bbp_total_reply_count":0,"_bbp_voice_count":0,"_bbp_anonymous_reply_count":0,"_bbp_topic_count_hidden":0,"_bbp_reply_count_hidden":0,"_bbp_forum_subforum_count":0,"footnotes":""},"categories":[6],"tags":[],"class_list":["post-21001","post","type-post","status-publish","format-standard","hentry","category-formation-en-developpement-personnel"],"yoast_head":"<!-- This site is optimized with the Yoast SEO plugin v27.4 - https:\/\/yoast.com\/product\/yoast-seo-wordpress\/ -->\n<title>Reconversion professionnelle sophrologue avec Agoracad\u00e9mie<\/title>\n<meta name=\"description\" content=\"Vous cherchez un bon moyen pour r\u00e9ussir votre reconversion professionnelle comme sophrologue\u00a0? Ne cherchez plus, car vous l&#039;avez trouv\u00e9\u00a0!!!\" \/>\n<meta name=\"robots\" content=\"index, follow, max-snippet:-1, max-image-preview:large, max-video-preview:-1\" \/>\n<link rel=\"canonical\" href=\"https:\/\/www.agoracademie.com\/blog\/reconversion-professionnelle-sophrologue\/\" \/>\n<meta property=\"og:locale\" content=\"fr_FR\" \/>\n<meta property=\"og:type\" content=\"article\" \/>\n<meta property=\"og:title\" content=\"Reconversion professionnelle sophrologue avec Agoracad\u00e9mie\" \/>\n<meta property=\"og:description\" content=\"Vous cherchez un bon moyen pour r\u00e9ussir votre reconversion professionnelle comme sophrologue\u00a0? Ne cherchez plus, car vous l&#039;avez trouv\u00e9\u00a0!!!\" \/>\n<meta property=\"og:url\" content=\"https:\/\/www.agoracademie.com\/blog\/reconversion-professionnelle-sophrologue\/\" \/>\n<meta property=\"og:site_name\" content=\"Agoracad\u00e9mie\" \/>\n<meta property=\"article:published_time\" content=\"2024-02-13T17:34:51+00:00\" \/>\n<meta property=\"article:modified_time\" content=\"2025-07-11T14:57:16+00:00\" \/>\n<meta property=\"og:image\" content=\"https:\/\/www.agoracademie.com\/blog\/wp-content\/uploads\/2024\/02\/reconversion-professionnelle-sophrologue.jpg\" \/>\n\t<meta property=\"og:image:width\" content=\"1079\" \/>\n\t<meta property=\"og:image:height\" content=\"538\" \/>\n\t<meta property=\"og:image:type\" content=\"image\/jpeg\" \/>\n<meta name=\"author\" content=\"Laurent Bertrel\" \/>\n<meta name=\"twitter:label1\" content=\"\u00c9crit par\" \/>\n\t<meta name=\"twitter:data1\" content=\"Laurent Bertrel\" \/>\n\t<meta name=\"twitter:label2\" content=\"Dur\u00e9e de lecture estim\u00e9e\" \/>\n\t<meta name=\"twitter:data2\" content=\"5 minutes\" \/>\n<script type=\"application\/ld+json\" class=\"yoast-schema-graph\">{\"@context\":\"https:\\\/\\\/schema.org\",\"@graph\":[{\"@type\":\"Article\",\"@id\":\"https:\\\/\\\/www.agoracademie.com\\\/blog\\\/reconversion-professionnelle-sophrologue\\\/#article\",\"isPartOf\":{\"@id\":\"https:\\\/\\\/www.agoracademie.com\\\/blog\\\/reconversion-professionnelle-sophrologue\\\/\"},\"author\":{\"name\":\"Laurent Bertrel\",\"@id\":\"https:\\\/\\\/www.agoracademie.com\\\/blog\\\/#\\\/schema\\\/person\\\/c2f110c50be7dcecc05cb4e87f32537f\"},\"headline\":\"Reconversion professionnelle sophrologue\",\"datePublished\":\"2024-02-13T17:34:51+00:00\",\"dateModified\":\"2025-07-11T14:57:16+00:00\",\"mainEntityOfPage\":{\"@id\":\"https:\\\/\\\/www.agoracademie.com\\\/blog\\\/reconversion-professionnelle-sophrologue\\\/\"},\"wordCount\":850,\"commentCount\":0,\"image\":{\"@id\":\"https:\\\/\\\/www.agoracademie.com\\\/blog\\\/reconversion-professionnelle-sophrologue\\\/#primaryimage\"},\"thumbnailUrl\":\"https:\\\/\\\/www.agoracademie.com\\\/blog\\\/wp-content\\\/uploads\\\/2024\\\/02\\\/reconversion-professionnelle-sophrologue-1024x511.jpg\",\"articleSection\":[\"Formation\"],\"inLanguage\":\"fr-FR\",\"potentialAction\":[{\"@type\":\"CommentAction\",\"name\":\"Comment\",\"target\":[\"https:\\\/\\\/www.agoracademie.com\\\/blog\\\/reconversion-professionnelle-sophrologue\\\/#respond\"]}]},{\"@type\":\"WebPage\",\"@id\":\"https:\\\/\\\/www.agoracademie.com\\\/blog\\\/reconversion-professionnelle-sophrologue\\\/\",\"url\":\"https:\\\/\\\/www.agoracademie.com\\\/blog\\\/reconversion-professionnelle-sophrologue\\\/\",\"name\":\"Reconversion professionnelle sophrologue avec Agoracad\u00e9mie\",\"isPartOf\":{\"@id\":\"https:\\\/\\\/www.agoracademie.com\\\/blog\\\/#website\"},\"primaryImageOfPage\":{\"@id\":\"https:\\\/\\\/www.agoracademie.com\\\/blog\\\/reconversion-professionnelle-sophrologue\\\/#primaryimage\"},\"image\":{\"@id\":\"https:\\\/\\\/www.agoracademie.com\\\/blog\\\/reconversion-professionnelle-sophrologue\\\/#primaryimage\"},\"thumbnailUrl\":\"https:\\\/\\\/www.agoracademie.com\\\/blog\\\/wp-content\\\/uploads\\\/2024\\\/02\\\/reconversion-professionnelle-sophrologue-1024x511.jpg\",\"datePublished\":\"2024-02-13T17:34:51+00:00\",\"dateModified\":\"2025-07-11T14:57:16+00:00\",\"author\":{\"@id\":\"https:\\\/\\\/www.agoracademie.com\\\/blog\\\/#\\\/schema\\\/person\\\/c2f110c50be7dcecc05cb4e87f32537f\"},\"description\":\"Vous cherchez un bon moyen pour r\u00e9ussir votre reconversion professionnelle comme sophrologue\u00a0? Ne cherchez plus, car vous l'avez trouv\u00e9\u00a0!!!\",\"breadcrumb\":{\"@id\":\"https:\\\/\\\/www.agoracademie.com\\\/blog\\\/reconversion-professionnelle-sophrologue\\\/#breadcrumb\"},\"inLanguage\":\"fr-FR\",\"potentialAction\":[{\"@type\":\"ReadAction\",\"target\":[\"https:\\\/\\\/www.agoracademie.com\\\/blog\\\/reconversion-professionnelle-sophrologue\\\/\"]}]},{\"@type\":\"ImageObject\",\"inLanguage\":\"fr-FR\",\"@id\":\"https:\\\/\\\/www.agoracademie.com\\\/blog\\\/reconversion-professionnelle-sophrologue\\\/#primaryimage\",\"url\":\"https:\\\/\\\/www.agoracademie.com\\\/blog\\\/wp-content\\\/uploads\\\/2024\\\/02\\\/reconversion-professionnelle-sophrologue.jpg\",\"contentUrl\":\"https:\\\/\\\/www.agoracademie.com\\\/blog\\\/wp-content\\\/uploads\\\/2024\\\/02\\\/reconversion-professionnelle-sophrologue.jpg\",\"width\":1079,\"height\":538},{\"@type\":\"BreadcrumbList\",\"@id\":\"https:\\\/\\\/www.agoracademie.com\\\/blog\\\/reconversion-professionnelle-sophrologue\\\/#breadcrumb\",\"itemListElement\":[{\"@type\":\"ListItem\",\"position\":1,\"name\":\"Accueil\",\"item\":\"https:\\\/\\\/www.agoracademie.com\\\/blog\\\/\"},{\"@type\":\"ListItem\",\"position\":2,\"name\":\"Reconversion professionnelle sophrologue\"}]},{\"@type\":\"WebSite\",\"@id\":\"https:\\\/\\\/www.agoracademie.com\\\/blog\\\/#website\",\"url\":\"https:\\\/\\\/www.agoracademie.com\\\/blog\\\/\",\"name\":\"Blog Agoracad\u00e9mie - Centre de formation en ligne et \u00e0 distance\",\"description\":\"Le blog du d\u00e9veloppement personnel et des th\u00e9rapies\",\"potentialAction\":[{\"@type\":\"SearchAction\",\"target\":{\"@type\":\"EntryPoint\",\"urlTemplate\":\"https:\\\/\\\/www.agoracademie.com\\\/blog\\\/?s={search_term_string}\"},\"query-input\":{\"@type\":\"PropertyValueSpecification\",\"valueRequired\":true,\"valueName\":\"search_term_string\"}}],\"inLanguage\":\"fr-FR\"},{\"@type\":\"Person\",\"@id\":\"https:\\\/\\\/www.agoracademie.com\\\/blog\\\/#\\\/schema\\\/person\\\/c2f110c50be7dcecc05cb4e87f32537f\",\"name\":\"Laurent Bertrel\",\"image\":{\"@type\":\"ImageObject\",\"inLanguage\":\"fr-FR\",\"@id\":\"https:\\\/\\\/secure.gravatar.com\\\/avatar\\\/45841390e6db2f4064cc5f84ee39189cf562b1de36eb5b1b7cc82dee445813a4?s=96&r=g\",\"url\":\"https:\\\/\\\/secure.gravatar.com\\\/avatar\\\/45841390e6db2f4064cc5f84ee39189cf562b1de36eb5b1b7cc82dee445813a4?s=96&r=g\",\"contentUrl\":\"https:\\\/\\\/secure.gravatar.com\\\/avatar\\\/45841390e6db2f4064cc5f84ee39189cf562b1de36eb5b1b7cc82dee445813a4?s=96&r=g\",\"caption\":\"Laurent Bertrel\"},\"description\":\"Laurent Bertrel est le fondateur d'Agoracad\u00e9mie. Titulaire d'une licence en sciences humaines et sociales, d'une ma\u00eetrise et d'un master en psychanalyse, d'un master en \u00e9tudes culturelles parcours \u00e9tudes de genre, du DU connaissances g\u00e9n\u00e9rales de la personne \u00e2g\u00e9e, il est aussi form\u00e9 \u00e0 diff\u00e9rentes approches dont la PNL, la sophrologie, la relaxation, l'hypnose, le coaching, la m\u00e9ditation, les arts martiaux, etc. Auteur de plus de 40 ouvrages, dont 18 livres, il anime plusieurs formations sur Agoracad\u00e9mie et r\u00e9pondra au message que vous allez laisser ci-dessous.\",\"sameAs\":[\"https:\\\/\\\/www.agoracademie.com\\\/\"]}]}<\/script>\n<!-- \/ Yoast SEO plugin. -->","yoast_head_json":{"title":"Reconversion professionnelle sophrologue avec Agoracad\u00e9mie","description":"Vous cherchez un bon moyen pour r\u00e9ussir votre reconversion professionnelle comme sophrologue\u00a0? Ne cherchez plus, car vous l'avez trouv\u00e9\u00a0!!!","robots":{"index":"index","follow":"follow","max-snippet":"max-snippet:-1","max-image-preview":"max-image-preview:large","max-video-preview":"max-video-preview:-1"},"canonical":"https:\/\/www.agoracademie.com\/blog\/reconversion-professionnelle-sophrologue\/","og_locale":"fr_FR","og_type":"article","og_title":"Reconversion professionnelle sophrologue avec Agoracad\u00e9mie","og_description":"Vous cherchez un bon moyen pour r\u00e9ussir votre reconversion professionnelle comme sophrologue\u00a0? Ne cherchez plus, car vous l'avez trouv\u00e9\u00a0!!!","og_url":"https:\/\/www.agoracademie.com\/blog\/reconversion-professionnelle-sophrologue\/","og_site_name":"Agoracad\u00e9mie","article_published_time":"2024-02-13T17:34:51+00:00","article_modified_time":"2025-07-11T14:57:16+00:00","og_image":[{"width":1079,"height":538,"url":"https:\/\/www.agoracademie.com\/blog\/wp-content\/uploads\/2024\/02\/reconversion-professionnelle-sophrologue.jpg","type":"image\/jpeg"}],"author":"Laurent Bertrel","twitter_misc":{"\u00c9crit par":"Laurent Bertrel","Dur\u00e9e de lecture estim\u00e9e":"5 minutes"},"schema":{"@context":"https:\/\/schema.org","@graph":[{"@type":"Article","@id":"https:\/\/www.agoracademie.com\/blog\/reconversion-professionnelle-sophrologue\/#article","isPartOf":{"@id":"https:\/\/www.agoracademie.com\/blog\/reconversion-professionnelle-sophrologue\/"},"author":{"name":"Laurent Bertrel","@id":"https:\/\/www.agoracademie.com\/blog\/#\/schema\/person\/c2f110c50be7dcecc05cb4e87f32537f"},"headline":"Reconversion professionnelle sophrologue","datePublished":"2024-02-13T17:34:51+00:00","dateModified":"2025-07-11T14:57:16+00:00","mainEntityOfPage":{"@id":"https:\/\/www.agoracademie.com\/blog\/reconversion-professionnelle-sophrologue\/"},"wordCount":850,"commentCount":0,"image":{"@id":"https:\/\/www.agoracademie.com\/blog\/reconversion-professionnelle-sophrologue\/#primaryimage"},"thumbnailUrl":"https:\/\/www.agoracademie.com\/blog\/wp-content\/uploads\/2024\/02\/reconversion-professionnelle-sophrologue-1024x511.jpg","articleSection":["Formation"],"inLanguage":"fr-FR","potentialAction":[{"@type":"CommentAction","name":"Comment","target":["https:\/\/www.agoracademie.com\/blog\/reconversion-professionnelle-sophrologue\/#respond"]}]},{"@type":"WebPage","@id":"https:\/\/www.agoracademie.com\/blog\/reconversion-professionnelle-sophrologue\/","url":"https:\/\/www.agoracademie.com\/blog\/reconversion-professionnelle-sophrologue\/","name":"Reconversion professionnelle sophrologue avec Agoracad\u00e9mie","isPartOf":{"@id":"https:\/\/www.agoracademie.com\/blog\/#website"},"primaryImageOfPage":{"@id":"https:\/\/www.agoracademie.com\/blog\/reconversion-professionnelle-sophrologue\/#primaryimage"},"image":{"@id":"https:\/\/www.agoracademie.com\/blog\/reconversion-professionnelle-sophrologue\/#primaryimage"},"thumbnailUrl":"https:\/\/www.agoracademie.com\/blog\/wp-content\/uploads\/2024\/02\/reconversion-professionnelle-sophrologue-1024x511.jpg","datePublished":"2024-02-13T17:34:51+00:00","dateModified":"2025-07-11T14:57:16+00:00","author":{"@id":"https:\/\/www.agoracademie.com\/blog\/#\/schema\/person\/c2f110c50be7dcecc05cb4e87f32537f"},"description":"Vous cherchez un bon moyen pour r\u00e9ussir votre reconversion professionnelle comme sophrologue\u00a0? Ne cherchez plus, car vous l'avez trouv\u00e9\u00a0!!!","breadcrumb":{"@id":"https:\/\/www.agoracademie.com\/blog\/reconversion-professionnelle-sophrologue\/#breadcrumb"},"inLanguage":"fr-FR","potentialAction":[{"@type":"ReadAction","target":["https:\/\/www.agoracademie.com\/blog\/reconversion-professionnelle-sophrologue\/"]}]},{"@type":"ImageObject","inLanguage":"fr-FR","@id":"https:\/\/www.agoracademie.com\/blog\/reconversion-professionnelle-sophrologue\/#primaryimage","url":"https:\/\/www.agoracademie.com\/blog\/wp-content\/uploads\/2024\/02\/reconversion-professionnelle-sophrologue.jpg","contentUrl":"https:\/\/www.agoracademie.com\/blog\/wp-content\/uploads\/2024\/02\/reconversion-professionnelle-sophrologue.jpg","width":1079,"height":538},{"@type":"BreadcrumbList","@id":"https:\/\/www.agoracademie.com\/blog\/reconversion-professionnelle-sophrologue\/#breadcrumb","itemListElement":[{"@type":"ListItem","position":1,"name":"Accueil","item":"https:\/\/www.agoracademie.com\/blog\/"},{"@type":"ListItem","position":2,"name":"Reconversion professionnelle sophrologue"}]},{"@type":"WebSite","@id":"https:\/\/www.agoracademie.com\/blog\/#website","url":"https:\/\/www.agoracademie.com\/blog\/","name":"Blog Agoracad\u00e9mie - Centre de formation en ligne et \u00e0 distance","description":"Le blog du d\u00e9veloppement personnel et des th\u00e9rapies","potentialAction":[{"@type":"SearchAction","target":{"@type":"EntryPoint","urlTemplate":"https:\/\/www.agoracademie.com\/blog\/?s={search_term_string}"},"query-input":{"@type":"PropertyValueSpecification","valueRequired":true,"valueName":"search_term_string"}}],"inLanguage":"fr-FR"},{"@type":"Person","@id":"https:\/\/www.agoracademie.com\/blog\/#\/schema\/person\/c2f110c50be7dcecc05cb4e87f32537f","name":"Laurent Bertrel","image":{"@type":"ImageObject","inLanguage":"fr-FR","@id":"https:\/\/secure.gravatar.com\/avatar\/45841390e6db2f4064cc5f84ee39189cf562b1de36eb5b1b7cc82dee445813a4?s=96&r=g","url":"https:\/\/secure.gravatar.com\/avatar\/45841390e6db2f4064cc5f84ee39189cf562b1de36eb5b1b7cc82dee445813a4?s=96&r=g","contentUrl":"https:\/\/secure.gravatar.com\/avatar\/45841390e6db2f4064cc5f84ee39189cf562b1de36eb5b1b7cc82dee445813a4?s=96&r=g","caption":"Laurent Bertrel"},"description":"Laurent Bertrel est le fondateur d'Agoracad\u00e9mie. Titulaire d'une licence en sciences humaines et sociales, d'une ma\u00eetrise et d'un master en psychanalyse, d'un master en \u00e9tudes culturelles parcours \u00e9tudes de genre, du DU connaissances g\u00e9n\u00e9rales de la personne \u00e2g\u00e9e, il est aussi form\u00e9 \u00e0 diff\u00e9rentes approches dont la PNL, la sophrologie, la relaxation, l'hypnose, le coaching, la m\u00e9ditation, les arts martiaux, etc. Auteur de plus de 40 ouvrages, dont 18 livres, il anime plusieurs formations sur Agoracad\u00e9mie et r\u00e9pondra au message que vous allez laisser ci-dessous.","sameAs":["https:\/\/www.agoracademie.com\/"]}]}},"acf":[],"_links":{"self":[{"href":"https:\/\/www.agoracademie.com\/blog\/wp-json\/wp\/v2\/posts\/21001","targetHints":{"allow":["GET"]}}],"collection":[{"href":"https:\/\/www.agoracademie.com\/blog\/wp-json\/wp\/v2\/posts"}],"about":[{"href":"https:\/\/www.agoracademie.com\/blog\/wp-json\/wp\/v2\/types\/post"}],"author":[{"embeddable":true,"href":"https:\/\/www.agoracademie.com\/blog\/wp-json\/wp\/v2\/users\/2"}],"replies":[{"embeddable":true,"href":"https:\/\/www.agoracademie.com\/blog\/wp-json\/wp\/v2\/comments?post=21001"}],"version-history":[{"count":2,"href":"https:\/\/www.agoracademie.com\/blog\/wp-json\/wp\/v2\/posts\/21001\/revisions"}],"predecessor-version":[{"id":21792,"href":"https:\/\/www.agoracademie.com\/blog\/wp-json\/wp\/v2\/posts\/21001\/revisions\/21792"}],"wp:attachment":[{"href":"https:\/\/www.agoracademie.com\/blog\/wp-json\/wp\/v2\/media?parent=21001"}],"wp:term":[{"taxonomy":"category","embeddable":true,"href":"https:\/\/www.agoracademie.com\/blog\/wp-json\/wp\/v2\/categories?post=21001"},{"taxonomy":"post_tag","embeddable":true,"href":"https:\/\/www.agoracademie.com\/blog\/wp-json\/wp\/v2\/tags?post=21001"}],"curies":[{"name":"wp","href":"https:\/\/api.w.org\/{rel}","templated":true}]}}