{"id":21248,"date":"2024-08-21T16:40:47","date_gmt":"2024-08-21T14:40:47","guid":{"rendered":"https:\/\/www.agoracademie.com\/blog\/?p=21248"},"modified":"2025-07-11T16:48:11","modified_gmt":"2025-07-11T14:48:11","slug":"formation-pour-une-reconversion-professionnelle","status":"publish","type":"post","link":"https:\/\/www.agoracademie.com\/blog\/formation-pour-une-reconversion-professionnelle\/","title":{"rendered":"Formation pour une reconversion professionnelle"},"content":{"rendered":"<div class=\"wp-block-image\">\n<figure class=\"aligncenter size-large\"><img loading=\"lazy\" decoding=\"async\" width=\"1024\" height=\"511\" src=\"https:\/\/www.agoracademie.com\/blog\/wp-content\/uploads\/2024\/08\/formation-pour-une-reconversion-professionnelle-1024x511.jpg\" alt=\"Formation pour une reconversion professionnelle\" class=\"wp-image-21250\" srcset=\"https:\/\/www.agoracademie.com\/blog\/wp-content\/uploads\/2024\/08\/formation-pour-une-reconversion-professionnelle-1024x511.jpg 1024w, https:\/\/www.agoracademie.com\/blog\/wp-content\/uploads\/2024\/08\/formation-pour-une-reconversion-professionnelle-300x150.jpg 300w, https:\/\/www.agoracademie.com\/blog\/wp-content\/uploads\/2024\/08\/formation-pour-une-reconversion-professionnelle-768x383.jpg 768w, https:\/\/www.agoracademie.com\/blog\/wp-content\/uploads\/2024\/08\/formation-pour-une-reconversion-professionnelle.jpg 1079w\" sizes=\"auto, (max-width: 1024px) 100vw, 1024px\" \/><figcaption class=\"wp-element-caption\">Devenez ma\u00eetre de votre destin !<\/figcaption><\/figure><div id=\"ez-toc-container\" class=\"ez-toc-v2_0_82_2 ez-toc-wrap-center counter-hierarchy ez-toc-counter ez-toc-transparent ez-toc-container-direction\">\n<div class=\"ez-toc-title-container\">\n<p class=\"ez-toc-title\" style=\"cursor:inherit\">Sommaire<\/p>\n<span class=\"ez-toc-title-toggle\"><a href=\"#\" class=\"ez-toc-pull-right ez-toc-btn ez-toc-btn-xs ez-toc-btn-default ez-toc-toggle\" aria-label=\"Toggle Table of Content\"><span class=\"ez-toc-js-icon-con\"><span class=\"\"><span class=\"eztoc-hide\" style=\"display:none;\">Toggle<\/span><span class=\"ez-toc-icon-toggle-span\"><svg style=\"fill: #999;color:#999\" xmlns=\"http:\/\/www.w3.org\/2000\/svg\" class=\"list-377408\" width=\"20px\" height=\"20px\" viewBox=\"0 0 24 24\" fill=\"none\"><path d=\"M6 6H4v2h2V6zm14 0H8v2h12V6zM4 11h2v2H4v-2zm16 0H8v2h12v-2zM4 16h2v2H4v-2zm16 0H8v2h12v-2z\" fill=\"currentColor\"><\/path><\/svg><svg style=\"fill: #999;color:#999\" class=\"arrow-unsorted-368013\" xmlns=\"http:\/\/www.w3.org\/2000\/svg\" width=\"10px\" height=\"10px\" viewBox=\"0 0 24 24\" version=\"1.2\" baseProfile=\"tiny\"><path d=\"M18.2 9.3l-6.2-6.3-6.2 6.3c-.2.2-.3.4-.3.7s.1.5.3.7c.2.2.4.3.7.3h11c.3 0 .5-.1.7-.3.2-.2.3-.5.3-.7s-.1-.5-.3-.7zM5.8 14.7l6.2 6.3 6.2-6.3c.2-.2.3-.5.3-.7s-.1-.5-.3-.7c-.2-.2-.4-.3-.7-.3h-11c-.3 0-.5.1-.7.3-.2.2-.3.5-.3.7s.1.5.3.7z\"\/><\/svg><\/span><\/span><\/span><\/a><\/span><\/div>\n<nav><ul class='ez-toc-list ez-toc-list-level-1 ' ><li class='ez-toc-page-1 ez-toc-heading-level-2'><a class=\"ez-toc-link ez-toc-heading-1\" href=\"https:\/\/www.agoracademie.com\/blog\/formation-pour-une-reconversion-professionnelle\/#Formation_pour_une_reconversion_professionnelle\" >Formation pour une reconversion professionnelle<\/a><\/li><li class='ez-toc-page-1 ez-toc-heading-level-2'><a class=\"ez-toc-link ez-toc-heading-2\" href=\"https:\/\/www.agoracademie.com\/blog\/formation-pour-une-reconversion-professionnelle\/#Envie_de_changer_de_metier\" >Envie de changer de m\u00e9tier&nbsp;?<\/a><\/li><li class='ez-toc-page-1 ez-toc-heading-level-2'><a class=\"ez-toc-link ez-toc-heading-3\" href=\"https:\/\/www.agoracademie.com\/blog\/formation-pour-une-reconversion-professionnelle\/#Une_idee_de_nouveau_metier\" >Une id\u00e9e de nouveau m\u00e9tier&nbsp;?<\/a><\/li><li class='ez-toc-page-1 ez-toc-heading-level-2'><a class=\"ez-toc-link ez-toc-heading-4\" href=\"https:\/\/www.agoracademie.com\/blog\/formation-pour-une-reconversion-professionnelle\/#Choisissez_votre_formation\" >Choisissez votre formation&nbsp;!<\/a><ul class='ez-toc-list-level-3' ><li class='ez-toc-heading-level-3'><a class=\"ez-toc-link ez-toc-heading-5\" href=\"https:\/\/www.agoracademie.com\/blog\/formation-pour-une-reconversion-professionnelle\/#Nos_formations\" >Nos formations<\/a><\/li><\/ul><\/li><li class='ez-toc-page-1 ez-toc-heading-level-2'><a class=\"ez-toc-link ez-toc-heading-6\" href=\"https:\/\/www.agoracademie.com\/blog\/formation-pour-une-reconversion-professionnelle\/#Comment_financer_une_formation_pour_une_reconversion_professionnelle\" >Comment financer une formation pour une reconversion professionnelle&nbsp;?<\/a><\/li><\/ul><\/nav><\/div>\n\n<\/div>\n\n\n<h2 class=\"wp-block-heading\"><span class=\"ez-toc-section\" id=\"Formation_pour_une_reconversion_professionnelle\"><\/span>Formation pour une reconversion professionnelle<span class=\"ez-toc-section-end\"><\/span><\/h2>\n\n\n\n<p>Vous qui cherchez une formation pour une <a href=\"https:\/\/www.agoracademie.com\/blog\/reconversion-professionnelle-a-distance\/\">reconversion professionnelle<\/a>, prenez le temps de lire cet article&nbsp;!<\/p>\n\n\n\n<p>Vous allez y d\u00e9couvrir les moyens de faire financer votre apprentissage et nos diff\u00e9rentes propositions d&rsquo;enseignements ouverts \u00e0 tous.<\/p>\n\n\n\n<!--more-->\n\n\n\n<h2 class=\"wp-block-heading\"><span class=\"ez-toc-section\" id=\"Envie_de_changer_de_metier\"><\/span>Envie de changer de m\u00e9tier&nbsp;?<span class=\"ez-toc-section-end\"><\/span><\/h2>\n\n\n\n<p>Lorsque l&rsquo;on souhaite changer de m\u00e9tier, il peut \u00eatre int\u00e9ressant, voire essentiel, de bien prendre son temps avant de se lancer dans une nouvelle aventure.<\/p>\n\n\n\n<p>Oui, cela vous semble logique&#8230;<\/p>\n\n\n\n<p>Et pourtant, nous avons r\u00e9guli\u00e8rement des personnes qui prennent contact avec nous pour faire une nouvelle formation, la premi\u00e8re n&rsquo;\u00e9tant, finalement, pas la bonne.<\/p>\n\n\n\n<p>C&rsquo;est alors du temps de perdu, de l&rsquo;argent aussi souvent, et surtout cet \u00e9chec peut avoir une influence n\u00e9faste, importante sur votre motivation.<\/p>\n\n\n\n<p>Aussi, avant de vous lancer, <strong>pensez \u00e0 faire le point avec un pro de l&rsquo;accompagnement au changement de carri\u00e8re<\/strong>.<\/p>\n\n\n\n<p>Une bonne id\u00e9e est de commencer par un bilan de comp\u00e9tences.<\/p>\n\n\n\n<p>Cette prestation est relativement rapide, facile \u00e0 trouver et peut g\u00e9n\u00e9ralement \u00eatre financ\u00e9e.<\/p>\n\n\n\n<p>Vous n&rsquo;avez alors rien \u00e0 payer&nbsp;!<\/p>\n\n\n<div class=\"wp-block-image\">\n<figure class=\"aligncenter size-large\"><img loading=\"lazy\" decoding=\"async\" width=\"1024\" height=\"511\" src=\"https:\/\/www.agoracademie.com\/blog\/wp-content\/uploads\/2024\/08\/formation-reconversion-pro-1024x511.jpg\" alt=\"Formation reconversion pro\" class=\"wp-image-21249\" srcset=\"https:\/\/www.agoracademie.com\/blog\/wp-content\/uploads\/2024\/08\/formation-reconversion-pro-1024x511.jpg 1024w, https:\/\/www.agoracademie.com\/blog\/wp-content\/uploads\/2024\/08\/formation-reconversion-pro-300x150.jpg 300w, https:\/\/www.agoracademie.com\/blog\/wp-content\/uploads\/2024\/08\/formation-reconversion-pro-768x383.jpg 768w, https:\/\/www.agoracademie.com\/blog\/wp-content\/uploads\/2024\/08\/formation-reconversion-pro.jpg 1079w\" sizes=\"auto, (max-width: 1024px) 100vw, 1024px\" \/><figcaption class=\"wp-element-caption\">Trouvez votre chemin pour aller dans la bonne direction !<\/figcaption><\/figure>\n<\/div>\n\n\n<h2 class=\"wp-block-heading\"><span class=\"ez-toc-section\" id=\"Une_idee_de_nouveau_metier\"><\/span>Une id\u00e9e de nouveau m\u00e9tier&nbsp;?<span class=\"ez-toc-section-end\"><\/span><\/h2>\n\n\n\n<p>Vous avez pris le temps de la r\u00e9flexion pour trouver vos points forts et la liste de vos comp\u00e9tences que vous pouvez \u00e0 pr\u00e9sent investir dans votre projet&nbsp;?<\/p>\n\n\n\n<p>Parfait&nbsp;!<\/p>\n\n\n\n<p>Attendez encore un peu pour vous emballer, car une id\u00e9e peut-\u00eatre s\u00e9duisante sur le papier, mais beaucoup moins dans la r\u00e9alit\u00e9.<\/p>\n\n\n\n<p>Par exemple, devenir coiffeur est chouette si on aime&nbsp;:<\/p>\n\n\n\n<ul class=\"wp-block-list\">\n<li>la mode,<\/li>\n\n\n\n<li>le stylisme,<\/li>\n\n\n\n<li>la cr\u00e9ation,<\/li>\n\n\n\n<li>les d\u00e9fil\u00e9s,<\/li>\n\n\n\n<li>les photos&#8230;<\/li>\n<\/ul>\n\n\n\n<p>Mais au quotidien, c&rsquo;est-\u00e0-dire au pied du fauteuil, c&rsquo;est souvent beaucoup plus routinier et beaucoup moins cr\u00e9atif.<\/p>\n\n\n\n<p>Pour ne pas partir dans une mauvaise direction, la bonne id\u00e9e est de <strong>passer du temps en immersion dans une entreprise d&rsquo;accueil ressemblant \u00e0 votre r\u00eave<\/strong>.<\/p>\n\n\n\n<p>Un petit salon de quartier si c&rsquo;est la client\u00e8le que vous visez, ou bien un salon tr\u00e8s tendance dans le centre-ville.<\/p>\n\n\n\n<p>Une journ\u00e9e en immersion c&rsquo;est bien, plusieurs c&rsquo;est mieux.<\/p>\n\n\n\n<p>Et observer c&rsquo;est pas mal, mais mettre la main \u00e0 la p\u00e2te, ici dans les chevelures au bac \u00e0 shampooing, c&rsquo;est beaucoup mieux.<\/p>\n\n\n\n<p>C&rsquo;est l\u00e0 que l&rsquo;on comprend que faire un shampooing, soit la toute premi\u00e8re base du m\u00e9tier, apr\u00e8s la d\u00e9couverte d&rsquo;un coup de balai efficace pour ramasser les cheveux coup\u00e9s, est plus compliqu\u00e9 qu&rsquo;il n&rsquo;y para\u00eet.<\/p>\n\n\n\n<p>Cette exp\u00e9rience de terrain va vous donner une id\u00e9e tr\u00e8s pr\u00e9cise de ce qui vous attend, au moins les premiers mois.<\/p>\n\n\n\n<p>Ne passez pas \u00e0 c\u00f4t\u00e9 de l&rsquo;occasion de vous confronter \u00e0 la r\u00e9alit\u00e9 du m\u00e9tier que vous avez choisi.<\/p>\n\n\n\n<p>Cela pour confronter votre r\u00eave, forc\u00e9ment fantasm\u00e9, \u00e0 l&rsquo;objectivit\u00e9 bien concr\u00e8te du terrain.<\/p>\n\n\n\n<p>De plus, les professionnels que vous allez y rencontrer pourront vous aider \u00e0 trouver votre formation pour une reconversion professionnelle r\u00e9ussie.<\/p>\n\n\n\n<p>Ils vous parleront aussi de leur m\u00e9tier, avec ses bons c\u00f4t\u00e9s et&#8230; ses mauvais&#8230;<\/p>\n\n\n<div class=\"wp-block-image\">\n<figure class=\"aligncenter size-large\"><img loading=\"lazy\" decoding=\"async\" width=\"1024\" height=\"511\" src=\"https:\/\/www.agoracademie.com\/blog\/wp-content\/uploads\/2024\/08\/reconversion-professionnelle-coiffure-1024x511.jpg\" alt=\"Reconversion professionnelle coiffure\" class=\"wp-image-21251\" srcset=\"https:\/\/www.agoracademie.com\/blog\/wp-content\/uploads\/2024\/08\/reconversion-professionnelle-coiffure-1024x511.jpg 1024w, https:\/\/www.agoracademie.com\/blog\/wp-content\/uploads\/2024\/08\/reconversion-professionnelle-coiffure-300x150.jpg 300w, https:\/\/www.agoracademie.com\/blog\/wp-content\/uploads\/2024\/08\/reconversion-professionnelle-coiffure-768x383.jpg 768w, https:\/\/www.agoracademie.com\/blog\/wp-content\/uploads\/2024\/08\/reconversion-professionnelle-coiffure.jpg 1079w\" sizes=\"auto, (max-width: 1024px) 100vw, 1024px\" \/><figcaption class=\"wp-element-caption\">Voyez de vos propres yeux pour bien choisir !<\/figcaption><\/figure>\n<\/div>\n\n\n<h2 class=\"wp-block-heading\"><span class=\"ez-toc-section\" id=\"Choisissez_votre_formation\"><\/span>Choisissez votre formation&nbsp;!<span class=\"ez-toc-section-end\"><\/span><\/h2>\n\n\n\n<p>Maintenant que vous \u00eates certain de votre choix, il reste \u00e0 trouver la bonne \u00e9cole.<\/p>\n\n\n\n<p>Celle qui va vous proposer la bonne formation pour une reconversion professionnelle r\u00e9ussie.<\/p>\n\n\n\n<p>Si l&rsquo;\u00e9cole est importante, le (ou les) formateur a \u00e9galement son importance.<\/p>\n\n\n\n<p>En effet, c&rsquo;est lui (ou eux) qui va vous accompagner pendant toute la dur\u00e9e de votre apprentissage.<\/p>\n\n\n\n<p><strong>Il est donc essentiel d&rsquo;avoir avec lui un tr\u00e8s bon feeling.<\/strong><\/p>\n\n\n\n<p>Dans le cas contraire, continuer \u00e0 chercher&nbsp;!<\/p>\n\n\n\n<p>La concurrence est g\u00e9n\u00e9ralement \u00e9norme et vous pouvez donc la faire jouer pour trouver le bon accompagnateur.<\/p>\n\n\n\n<p>Comment allez-vous savoir qu&rsquo;il s&rsquo;agit du bon&nbsp;?<\/p>\n\n\n\n<p>Faites-vous confiance&nbsp;!!!<\/p>\n\n\n\n<p>Vous allez imm\u00e9diatement le ressentir.<\/p>\n\n\n\n<div class=\"wp-block-magic-content-box-content-box aligncenter magic-content-box-e1690f25-7597-4 magic-content-box-contentBox block-wrapper-background content-align-center\"><style>.magic-content-box-e1690f25-7597-4 .magic-content-box-content-wrapper{text-align:center;margin-top:30px;margin-bottom:30px}.magic-content-box-e1690f25-7597-4 .magic-content-box-section-header-wrapper{border-color:#ff201f}.magic-content-box-e1690f25-7597-4 .magic-content-box-mainheader-wrap{box-shadow:0px 6px 12px -10px #000;border-radius:5px;background-color:#fff}.magic-content-box-e1690f25-7597-4 .magic-content-box-section-wrapper{padding-top:30px;padding-right:30px;padding-bottom:30px;padding-left:30px;margin-top:0px;margin-right:0px;margin-bottom:0px;margin-left:0px}.magic-content-box-e1690f25-7597-4 .magic-content-box-section-head-wrap{text-align:center;padding-top:0px;padding-right:0px;padding-bottom:0px;margin-top:0px;margin-bottom:0px;padding-left:0px}.magic-content-box-e1690f25-7597-4 .magic-content-box-section-head-wrap .magic-content-box-title{color:#404040;font-size:32px;font-family:Default;padding-top:5px;padding-bottom:5px}.magic-content-box-e1690f25-7597-4 .magic-content-box-section-head-wrap .magic-content-box-subtitle{color:#6d6d6d;font-size:18px;font-family:Default;padding-top:5px;padding-bottom:5px}.magic-content-box-e1690f25-7597-4 .magic-content-box-title-dash{color:#ff201f}.magic-content-box-e1690f25-7597-4 .magic-content-box-block-button span{color:#fff;border-width:1px;font-size:16px;font-family:Default}.magic-content-box-e1690f25-7597-4 .magic-content-box-block-button .magic-content-box-button{background-color:#ff201f}.magic-content-box-e1690f25-7597-4 .magic-content-box-block-button i{color:#fff;font-size:13px}.magic-content-box-e1690f25-7597-4 .magic-content-box-block-button{margin-top:10px;margin-bottom:10px}.magic-content-box-e1690f25-7597-4 .magic-content-box-button{padding-top:5px;padding-right:15px;padding-bottom:5px;padding-left:15px}@media screen and (max-width:1025px){.magic-content-box-e1690f25-7597-4 .magic-content-box-section-head-wrap .magic-content-box-title{font-size:undefinedpx}.magic-content-box-e1690f25-7597-4 .magic-content-box-section-head-wrap .magic-content-box-subtitle{font-size:undefinedpx}.magic-content-box-e1690f25-7597-4 .magic-content-box-block-button span{font-size:undefinedpx}.magic-content-box-e1690f25-7597-4 .magic-content-box-block-button i{font-size:px}}@media screen and (max-width:767px){.magic-content-box-e1690f25-7597-4 .magic-content-box-section-head-wrap .magic-content-box-title{font-size:undefinedpx}.magic-content-box-e1690f25-7597-4 .magic-content-box-section-head-wrap .magic-content-box-subtitle{font-size:undefinedpx}.magic-content-box-e1690f25-7597-4 .magic-content-box-block-button span{font-size:undefinedpx}.magic-content-box-e1690f25-7597-4 .magic-content-box-block-button i{font-size:px}}<\/style><div class=\"content-wrapper-inner\"><div class=\"magic-content-box-content-wrapper magic-content-box-blocks reverse-img has-background style-1\"><div class=\"content-img-wrap\"><img decoding=\"async\" src=\"https:\/\/www.agoracademie.com\/blog\/wp-content\/uploads\/2022\/05\/formation-coaching-personnel.jpg\" alt=\"Catalogue des formations professionnelles\" class=\"\"\/><\/div><div class=\"magic-content-box-section-wrapper magic-content-box-mainheader-wrap\"><div class=\"magic-content-box-section-header-wrapper magic-content-box-blocks\"><div class=\"magic-content-box-section-head-wrap magic-content-box-style1 magic-content-box-center\"><div class=\"magic-content-box-title-wrapper\"><span class=\"magic-content-box-title-dash magic-content-box-upper-dash\"><\/span><h3 class=\"magic-content-box-title\"><span class=\"ez-toc-section\" id=\"Nos_formations\"><\/span>Nos formations<span class=\"ez-toc-section-end\"><\/span><\/h3><span class=\"magic-content-box-title-dash magic-content-box-lower-dash\"><\/span><\/div><div class=\"magic-content-box-subtitle-wrapper\"><span class=\"magic-content-box-title-dash magic-content-box-upper-dash\"><\/span><p class=\"magic-content-box-subtitle\">Cliquez et formez-vous \u00e0 votre futur m\u00e9tier !<\/p><span class=\"magic-content-box-title-dash magic-content-box-lower-dash\"><\/span><\/div><\/div><\/div><div class=\"magic-content-box-desc-btn-wrap\"><div class=\"magic-content-box-block-button\"><a href=\"https:\/\/www.agoracademie.com\/academie\" class=\"magic-content-box-button magic-content-box-button-shape-rounded magic-content-box-button-size-small hover-style-1 btn-icon-left\"><span>CATALOGUE EN LIGNE<\/span><\/a><\/div><\/div><\/div><\/div><\/div><\/div>\n\n\n\n<h2 class=\"wp-block-heading\"><span class=\"ez-toc-section\" id=\"Comment_financer_une_formation_pour_une_reconversion_professionnelle\"><\/span>Comment financer une formation pour une reconversion professionnelle&nbsp;?<span class=\"ez-toc-section-end\"><\/span><\/h2>\n\n\n\n<p>Apr\u00e8s ces efforts, il ne reste plus qu&rsquo;\u00e0 trouver le financement vous permettant d&rsquo;enclencher votre projet.<\/p>\n\n\n\n<p>En fonction de votre situation&nbsp;:<\/p>\n\n\n\n<ul class=\"wp-block-list\">\n<li>demandeur d&#8217;emploi,<\/li>\n\n\n\n<li>personne en situation de handicap,<\/li>\n\n\n\n<li>salari\u00e9,<\/li>\n\n\n\n<li>travailleur ind\u00e9pendant,<\/li>\n\n\n\n<li>artiste \u2013 auteur,<\/li>\n\n\n\n<li>fonctionnaire,<\/li>\n\n\n\n<li>militaire&#8230;<\/li>\n<\/ul>\n\n\n\n<p>il existe une solution.<\/p>\n\n\n\n<p>Nous avons r\u00e9dig\u00e9 plusieurs articles \u00e0 ce sujet, dont celui traitant des solutions classiques de <a href=\"https:\/\/www.agoracademie.com\/blog\/financement-formation\/\">financement d&rsquo;une action de formation<\/a>.<\/p>\n\n\n\n<p>Prenez le temps de le d\u00e9couvrir, puis de revenir vers nous s&rsquo;il vous reste une question.<\/p>\n\n\n\n<p>Et si votre formation concerne <strong>le secteur du coaching, des th\u00e9rapies douces et du <a href=\"https:\/\/www.agoracademie.com\/blog\/se-reconvertir-dans-le-bien-etre\/\">bien-\u00eatre<\/a>, car il s&rsquo;agit l\u00e0 de notre domaine d&rsquo;expertise.<\/strong><\/p>\n\n\n\n<p>\u00c0 ce propos, nous vous invitons \u00e0 d\u00e9couvrir notre catalogue en ligne&nbsp;!<\/p>\n\n\n\n<p>Toutes nos formations sont ouvertes \u00e0 distance, donc sans avoir \u00e0 bouger de chez vous.<\/p>\n\n\n\n<p>Presque toutes peuvent potentiellement recevoir un financement, mais cela va d\u00e9prendre de votre situation personnelle.<\/p>\n\n\n\n<p>Et pour les autres, le co\u00fbt \u00e9tant tr\u00e8s bas, cela ne devrait pas vous emp\u00eacher d&rsquo;ajouter une (ou plusieurs) corde \u00e0 votre nouvel arc professionnel \ud83d\ude09<\/p>\n\n\n\n<p>Bonne d\u00e9couverte de nos formations et en cas de question, nous sommes-l\u00e0&nbsp;!<\/p>\n","protected":false},"excerpt":{"rendered":"<p>Formation pour une reconversion professionnelle Vous qui cherchez une formation pour une reconversion professionnelle, prenez le temps de lire cet article&nbsp;! Vous allez y d\u00e9couvrir les moyens de faire financer votre apprentissage et nos diff\u00e9rentes propositions d&rsquo;enseignements ouverts \u00e0 tous.<\/p>\n","protected":false},"author":2,"featured_media":0,"comment_status":"open","ping_status":"closed","sticky":false,"template":"","format":"standard","meta":{"_bbp_topic_count":0,"_bbp_reply_count":0,"_bbp_total_topic_count":0,"_bbp_total_reply_count":0,"_bbp_voice_count":0,"_bbp_anonymous_reply_count":0,"_bbp_topic_count_hidden":0,"_bbp_reply_count_hidden":0,"_bbp_forum_subforum_count":0,"footnotes":""},"categories":[6],"tags":[],"class_list":["post-21248","post","type-post","status-publish","format-standard","hentry","category-formation-en-developpement-personnel"],"yoast_head":"<!-- This site is optimized with the Yoast SEO plugin v27.4 - https:\/\/yoast.com\/product\/yoast-seo-wordpress\/ -->\n<title>Formation pour une reconversion professionnelle Agoracad\u00e9mie<\/title>\n<meta name=\"description\" content=\"Vous \u00eates \u00e0 la recherche d&#039;une formation pour une reconversion professionnelle rapide et sans avoir \u00e0 payer les frais de formation\u00a0?\" \/>\n<meta name=\"robots\" content=\"index, follow, max-snippet:-1, max-image-preview:large, max-video-preview:-1\" \/>\n<link rel=\"canonical\" href=\"https:\/\/www.agoracademie.com\/blog\/formation-pour-une-reconversion-professionnelle\/\" \/>\n<meta property=\"og:locale\" content=\"fr_FR\" \/>\n<meta property=\"og:type\" content=\"article\" \/>\n<meta property=\"og:title\" content=\"Formation pour une reconversion professionnelle Agoracad\u00e9mie\" \/>\n<meta property=\"og:description\" content=\"Vous \u00eates \u00e0 la recherche d&#039;une formation pour une reconversion professionnelle rapide et sans avoir \u00e0 payer les frais de formation\u00a0?\" \/>\n<meta property=\"og:url\" content=\"https:\/\/www.agoracademie.com\/blog\/formation-pour-une-reconversion-professionnelle\/\" \/>\n<meta property=\"og:site_name\" content=\"Agoracad\u00e9mie\" \/>\n<meta property=\"article:published_time\" content=\"2024-08-21T14:40:47+00:00\" \/>\n<meta property=\"article:modified_time\" content=\"2025-07-11T14:48:11+00:00\" \/>\n<meta property=\"og:image\" content=\"https:\/\/www.agoracademie.com\/blog\/wp-content\/uploads\/2024\/08\/formation-pour-une-reconversion-professionnelle.jpg\" \/>\n\t<meta property=\"og:image:width\" content=\"1079\" \/>\n\t<meta property=\"og:image:height\" content=\"538\" \/>\n\t<meta property=\"og:image:type\" content=\"image\/jpeg\" \/>\n<meta name=\"author\" content=\"Laurent Bertrel\" \/>\n<meta name=\"twitter:label1\" content=\"\u00c9crit par\" \/>\n\t<meta name=\"twitter:data1\" content=\"Laurent Bertrel\" \/>\n\t<meta name=\"twitter:label2\" content=\"Dur\u00e9e de lecture estim\u00e9e\" \/>\n\t<meta name=\"twitter:data2\" content=\"5 minutes\" \/>\n<script type=\"application\/ld+json\" class=\"yoast-schema-graph\">{\"@context\":\"https:\\\/\\\/schema.org\",\"@graph\":[{\"@type\":\"Article\",\"@id\":\"https:\\\/\\\/www.agoracademie.com\\\/blog\\\/formation-pour-une-reconversion-professionnelle\\\/#article\",\"isPartOf\":{\"@id\":\"https:\\\/\\\/www.agoracademie.com\\\/blog\\\/formation-pour-une-reconversion-professionnelle\\\/\"},\"author\":{\"name\":\"Laurent Bertrel\",\"@id\":\"https:\\\/\\\/www.agoracademie.com\\\/blog\\\/#\\\/schema\\\/person\\\/c2f110c50be7dcecc05cb4e87f32537f\"},\"headline\":\"Formation pour une reconversion professionnelle\",\"datePublished\":\"2024-08-21T14:40:47+00:00\",\"dateModified\":\"2025-07-11T14:48:11+00:00\",\"mainEntityOfPage\":{\"@id\":\"https:\\\/\\\/www.agoracademie.com\\\/blog\\\/formation-pour-une-reconversion-professionnelle\\\/\"},\"wordCount\":901,\"commentCount\":0,\"image\":{\"@id\":\"https:\\\/\\\/www.agoracademie.com\\\/blog\\\/formation-pour-une-reconversion-professionnelle\\\/#primaryimage\"},\"thumbnailUrl\":\"https:\\\/\\\/www.agoracademie.com\\\/blog\\\/wp-content\\\/uploads\\\/2024\\\/08\\\/formation-pour-une-reconversion-professionnelle-1024x511.jpg\",\"articleSection\":[\"Formation\"],\"inLanguage\":\"fr-FR\",\"potentialAction\":[{\"@type\":\"CommentAction\",\"name\":\"Comment\",\"target\":[\"https:\\\/\\\/www.agoracademie.com\\\/blog\\\/formation-pour-une-reconversion-professionnelle\\\/#respond\"]}]},{\"@type\":\"WebPage\",\"@id\":\"https:\\\/\\\/www.agoracademie.com\\\/blog\\\/formation-pour-une-reconversion-professionnelle\\\/\",\"url\":\"https:\\\/\\\/www.agoracademie.com\\\/blog\\\/formation-pour-une-reconversion-professionnelle\\\/\",\"name\":\"Formation pour une reconversion professionnelle Agoracad\u00e9mie\",\"isPartOf\":{\"@id\":\"https:\\\/\\\/www.agoracademie.com\\\/blog\\\/#website\"},\"primaryImageOfPage\":{\"@id\":\"https:\\\/\\\/www.agoracademie.com\\\/blog\\\/formation-pour-une-reconversion-professionnelle\\\/#primaryimage\"},\"image\":{\"@id\":\"https:\\\/\\\/www.agoracademie.com\\\/blog\\\/formation-pour-une-reconversion-professionnelle\\\/#primaryimage\"},\"thumbnailUrl\":\"https:\\\/\\\/www.agoracademie.com\\\/blog\\\/wp-content\\\/uploads\\\/2024\\\/08\\\/formation-pour-une-reconversion-professionnelle-1024x511.jpg\",\"datePublished\":\"2024-08-21T14:40:47+00:00\",\"dateModified\":\"2025-07-11T14:48:11+00:00\",\"author\":{\"@id\":\"https:\\\/\\\/www.agoracademie.com\\\/blog\\\/#\\\/schema\\\/person\\\/c2f110c50be7dcecc05cb4e87f32537f\"},\"description\":\"Vous \u00eates \u00e0 la recherche d'une formation pour une reconversion professionnelle rapide et sans avoir \u00e0 payer les frais de formation\u00a0?\",\"breadcrumb\":{\"@id\":\"https:\\\/\\\/www.agoracademie.com\\\/blog\\\/formation-pour-une-reconversion-professionnelle\\\/#breadcrumb\"},\"inLanguage\":\"fr-FR\",\"potentialAction\":[{\"@type\":\"ReadAction\",\"target\":[\"https:\\\/\\\/www.agoracademie.com\\\/blog\\\/formation-pour-une-reconversion-professionnelle\\\/\"]}]},{\"@type\":\"ImageObject\",\"inLanguage\":\"fr-FR\",\"@id\":\"https:\\\/\\\/www.agoracademie.com\\\/blog\\\/formation-pour-une-reconversion-professionnelle\\\/#primaryimage\",\"url\":\"https:\\\/\\\/www.agoracademie.com\\\/blog\\\/wp-content\\\/uploads\\\/2024\\\/08\\\/formation-pour-une-reconversion-professionnelle.jpg\",\"contentUrl\":\"https:\\\/\\\/www.agoracademie.com\\\/blog\\\/wp-content\\\/uploads\\\/2024\\\/08\\\/formation-pour-une-reconversion-professionnelle.jpg\",\"width\":1079,\"height\":538},{\"@type\":\"BreadcrumbList\",\"@id\":\"https:\\\/\\\/www.agoracademie.com\\\/blog\\\/formation-pour-une-reconversion-professionnelle\\\/#breadcrumb\",\"itemListElement\":[{\"@type\":\"ListItem\",\"position\":1,\"name\":\"Accueil\",\"item\":\"https:\\\/\\\/www.agoracademie.com\\\/blog\\\/\"},{\"@type\":\"ListItem\",\"position\":2,\"name\":\"Formation pour une reconversion professionnelle\"}]},{\"@type\":\"WebSite\",\"@id\":\"https:\\\/\\\/www.agoracademie.com\\\/blog\\\/#website\",\"url\":\"https:\\\/\\\/www.agoracademie.com\\\/blog\\\/\",\"name\":\"Blog Agoracad\u00e9mie - Centre de formation en ligne et \u00e0 distance\",\"description\":\"Le blog du d\u00e9veloppement personnel et des th\u00e9rapies\",\"potentialAction\":[{\"@type\":\"SearchAction\",\"target\":{\"@type\":\"EntryPoint\",\"urlTemplate\":\"https:\\\/\\\/www.agoracademie.com\\\/blog\\\/?s={search_term_string}\"},\"query-input\":{\"@type\":\"PropertyValueSpecification\",\"valueRequired\":true,\"valueName\":\"search_term_string\"}}],\"inLanguage\":\"fr-FR\"},{\"@type\":\"Person\",\"@id\":\"https:\\\/\\\/www.agoracademie.com\\\/blog\\\/#\\\/schema\\\/person\\\/c2f110c50be7dcecc05cb4e87f32537f\",\"name\":\"Laurent Bertrel\",\"image\":{\"@type\":\"ImageObject\",\"inLanguage\":\"fr-FR\",\"@id\":\"https:\\\/\\\/secure.gravatar.com\\\/avatar\\\/45841390e6db2f4064cc5f84ee39189cf562b1de36eb5b1b7cc82dee445813a4?s=96&r=g\",\"url\":\"https:\\\/\\\/secure.gravatar.com\\\/avatar\\\/45841390e6db2f4064cc5f84ee39189cf562b1de36eb5b1b7cc82dee445813a4?s=96&r=g\",\"contentUrl\":\"https:\\\/\\\/secure.gravatar.com\\\/avatar\\\/45841390e6db2f4064cc5f84ee39189cf562b1de36eb5b1b7cc82dee445813a4?s=96&r=g\",\"caption\":\"Laurent Bertrel\"},\"description\":\"Laurent Bertrel est le fondateur d'Agoracad\u00e9mie. Titulaire d'une licence en sciences humaines et sociales, d'une ma\u00eetrise et d'un master en psychanalyse, d'un master en \u00e9tudes culturelles parcours \u00e9tudes de genre, du DU connaissances g\u00e9n\u00e9rales de la personne \u00e2g\u00e9e, il est aussi form\u00e9 \u00e0 diff\u00e9rentes approches dont la PNL, la sophrologie, la relaxation, l'hypnose, le coaching, la m\u00e9ditation, les arts martiaux, etc. Auteur de plus de 40 ouvrages, dont 18 livres, il anime plusieurs formations sur Agoracad\u00e9mie et r\u00e9pondra au message que vous allez laisser ci-dessous.\",\"sameAs\":[\"https:\\\/\\\/www.agoracademie.com\\\/\"]}]}<\/script>\n<!-- \/ Yoast SEO plugin. -->","yoast_head_json":{"title":"Formation pour une reconversion professionnelle Agoracad\u00e9mie","description":"Vous \u00eates \u00e0 la recherche d'une formation pour une reconversion professionnelle rapide et sans avoir \u00e0 payer les frais de formation\u00a0?","robots":{"index":"index","follow":"follow","max-snippet":"max-snippet:-1","max-image-preview":"max-image-preview:large","max-video-preview":"max-video-preview:-1"},"canonical":"https:\/\/www.agoracademie.com\/blog\/formation-pour-une-reconversion-professionnelle\/","og_locale":"fr_FR","og_type":"article","og_title":"Formation pour une reconversion professionnelle Agoracad\u00e9mie","og_description":"Vous \u00eates \u00e0 la recherche d'une formation pour une reconversion professionnelle rapide et sans avoir \u00e0 payer les frais de formation\u00a0?","og_url":"https:\/\/www.agoracademie.com\/blog\/formation-pour-une-reconversion-professionnelle\/","og_site_name":"Agoracad\u00e9mie","article_published_time":"2024-08-21T14:40:47+00:00","article_modified_time":"2025-07-11T14:48:11+00:00","og_image":[{"width":1079,"height":538,"url":"https:\/\/www.agoracademie.com\/blog\/wp-content\/uploads\/2024\/08\/formation-pour-une-reconversion-professionnelle.jpg","type":"image\/jpeg"}],"author":"Laurent Bertrel","twitter_misc":{"\u00c9crit par":"Laurent Bertrel","Dur\u00e9e de lecture estim\u00e9e":"5 minutes"},"schema":{"@context":"https:\/\/schema.org","@graph":[{"@type":"Article","@id":"https:\/\/www.agoracademie.com\/blog\/formation-pour-une-reconversion-professionnelle\/#article","isPartOf":{"@id":"https:\/\/www.agoracademie.com\/blog\/formation-pour-une-reconversion-professionnelle\/"},"author":{"name":"Laurent Bertrel","@id":"https:\/\/www.agoracademie.com\/blog\/#\/schema\/person\/c2f110c50be7dcecc05cb4e87f32537f"},"headline":"Formation pour une reconversion professionnelle","datePublished":"2024-08-21T14:40:47+00:00","dateModified":"2025-07-11T14:48:11+00:00","mainEntityOfPage":{"@id":"https:\/\/www.agoracademie.com\/blog\/formation-pour-une-reconversion-professionnelle\/"},"wordCount":901,"commentCount":0,"image":{"@id":"https:\/\/www.agoracademie.com\/blog\/formation-pour-une-reconversion-professionnelle\/#primaryimage"},"thumbnailUrl":"https:\/\/www.agoracademie.com\/blog\/wp-content\/uploads\/2024\/08\/formation-pour-une-reconversion-professionnelle-1024x511.jpg","articleSection":["Formation"],"inLanguage":"fr-FR","potentialAction":[{"@type":"CommentAction","name":"Comment","target":["https:\/\/www.agoracademie.com\/blog\/formation-pour-une-reconversion-professionnelle\/#respond"]}]},{"@type":"WebPage","@id":"https:\/\/www.agoracademie.com\/blog\/formation-pour-une-reconversion-professionnelle\/","url":"https:\/\/www.agoracademie.com\/blog\/formation-pour-une-reconversion-professionnelle\/","name":"Formation pour une reconversion professionnelle Agoracad\u00e9mie","isPartOf":{"@id":"https:\/\/www.agoracademie.com\/blog\/#website"},"primaryImageOfPage":{"@id":"https:\/\/www.agoracademie.com\/blog\/formation-pour-une-reconversion-professionnelle\/#primaryimage"},"image":{"@id":"https:\/\/www.agoracademie.com\/blog\/formation-pour-une-reconversion-professionnelle\/#primaryimage"},"thumbnailUrl":"https:\/\/www.agoracademie.com\/blog\/wp-content\/uploads\/2024\/08\/formation-pour-une-reconversion-professionnelle-1024x511.jpg","datePublished":"2024-08-21T14:40:47+00:00","dateModified":"2025-07-11T14:48:11+00:00","author":{"@id":"https:\/\/www.agoracademie.com\/blog\/#\/schema\/person\/c2f110c50be7dcecc05cb4e87f32537f"},"description":"Vous \u00eates \u00e0 la recherche d'une formation pour une reconversion professionnelle rapide et sans avoir \u00e0 payer les frais de formation\u00a0?","breadcrumb":{"@id":"https:\/\/www.agoracademie.com\/blog\/formation-pour-une-reconversion-professionnelle\/#breadcrumb"},"inLanguage":"fr-FR","potentialAction":[{"@type":"ReadAction","target":["https:\/\/www.agoracademie.com\/blog\/formation-pour-une-reconversion-professionnelle\/"]}]},{"@type":"ImageObject","inLanguage":"fr-FR","@id":"https:\/\/www.agoracademie.com\/blog\/formation-pour-une-reconversion-professionnelle\/#primaryimage","url":"https:\/\/www.agoracademie.com\/blog\/wp-content\/uploads\/2024\/08\/formation-pour-une-reconversion-professionnelle.jpg","contentUrl":"https:\/\/www.agoracademie.com\/blog\/wp-content\/uploads\/2024\/08\/formation-pour-une-reconversion-professionnelle.jpg","width":1079,"height":538},{"@type":"BreadcrumbList","@id":"https:\/\/www.agoracademie.com\/blog\/formation-pour-une-reconversion-professionnelle\/#breadcrumb","itemListElement":[{"@type":"ListItem","position":1,"name":"Accueil","item":"https:\/\/www.agoracademie.com\/blog\/"},{"@type":"ListItem","position":2,"name":"Formation pour une reconversion professionnelle"}]},{"@type":"WebSite","@id":"https:\/\/www.agoracademie.com\/blog\/#website","url":"https:\/\/www.agoracademie.com\/blog\/","name":"Blog Agoracad\u00e9mie - Centre de formation en ligne et \u00e0 distance","description":"Le blog du d\u00e9veloppement personnel et des th\u00e9rapies","potentialAction":[{"@type":"SearchAction","target":{"@type":"EntryPoint","urlTemplate":"https:\/\/www.agoracademie.com\/blog\/?s={search_term_string}"},"query-input":{"@type":"PropertyValueSpecification","valueRequired":true,"valueName":"search_term_string"}}],"inLanguage":"fr-FR"},{"@type":"Person","@id":"https:\/\/www.agoracademie.com\/blog\/#\/schema\/person\/c2f110c50be7dcecc05cb4e87f32537f","name":"Laurent Bertrel","image":{"@type":"ImageObject","inLanguage":"fr-FR","@id":"https:\/\/secure.gravatar.com\/avatar\/45841390e6db2f4064cc5f84ee39189cf562b1de36eb5b1b7cc82dee445813a4?s=96&r=g","url":"https:\/\/secure.gravatar.com\/avatar\/45841390e6db2f4064cc5f84ee39189cf562b1de36eb5b1b7cc82dee445813a4?s=96&r=g","contentUrl":"https:\/\/secure.gravatar.com\/avatar\/45841390e6db2f4064cc5f84ee39189cf562b1de36eb5b1b7cc82dee445813a4?s=96&r=g","caption":"Laurent Bertrel"},"description":"Laurent Bertrel est le fondateur d'Agoracad\u00e9mie. Titulaire d'une licence en sciences humaines et sociales, d'une ma\u00eetrise et d'un master en psychanalyse, d'un master en \u00e9tudes culturelles parcours \u00e9tudes de genre, du DU connaissances g\u00e9n\u00e9rales de la personne \u00e2g\u00e9e, il est aussi form\u00e9 \u00e0 diff\u00e9rentes approches dont la PNL, la sophrologie, la relaxation, l'hypnose, le coaching, la m\u00e9ditation, les arts martiaux, etc. Auteur de plus de 40 ouvrages, dont 18 livres, il anime plusieurs formations sur Agoracad\u00e9mie et r\u00e9pondra au message que vous allez laisser ci-dessous.","sameAs":["https:\/\/www.agoracademie.com\/"]}]}},"acf":[],"_links":{"self":[{"href":"https:\/\/www.agoracademie.com\/blog\/wp-json\/wp\/v2\/posts\/21248","targetHints":{"allow":["GET"]}}],"collection":[{"href":"https:\/\/www.agoracademie.com\/blog\/wp-json\/wp\/v2\/posts"}],"about":[{"href":"https:\/\/www.agoracademie.com\/blog\/wp-json\/wp\/v2\/types\/post"}],"author":[{"embeddable":true,"href":"https:\/\/www.agoracademie.com\/blog\/wp-json\/wp\/v2\/users\/2"}],"replies":[{"embeddable":true,"href":"https:\/\/www.agoracademie.com\/blog\/wp-json\/wp\/v2\/comments?post=21248"}],"version-history":[{"count":2,"href":"https:\/\/www.agoracademie.com\/blog\/wp-json\/wp\/v2\/posts\/21248\/revisions"}],"predecessor-version":[{"id":21784,"href":"https:\/\/www.agoracademie.com\/blog\/wp-json\/wp\/v2\/posts\/21248\/revisions\/21784"}],"wp:attachment":[{"href":"https:\/\/www.agoracademie.com\/blog\/wp-json\/wp\/v2\/media?parent=21248"}],"wp:term":[{"taxonomy":"category","embeddable":true,"href":"https:\/\/www.agoracademie.com\/blog\/wp-json\/wp\/v2\/categories?post=21248"},{"taxonomy":"post_tag","embeddable":true,"href":"https:\/\/www.agoracademie.com\/blog\/wp-json\/wp\/v2\/tags?post=21248"}],"curies":[{"name":"wp","href":"https:\/\/api.w.org\/{rel}","templated":true}]}}