{"id":21547,"date":"2025-05-12T16:46:12","date_gmt":"2025-05-12T14:46:12","guid":{"rendered":"https:\/\/www.agoracademie.com\/blog\/?p=21547"},"modified":"2025-07-11T16:26:31","modified_gmt":"2025-07-11T14:26:31","slug":"reflexologie-tregueux-saint-brieuc","status":"publish","type":"post","link":"https:\/\/www.agoracademie.com\/blog\/reflexologie-tregueux-saint-brieuc\/","title":{"rendered":"R\u00e9flexologie \u00e0 Tr\u00e9gueux proche de Saint-Brieuc"},"content":{"rendered":"<div class=\"wp-block-image\">\n<figure class=\"aligncenter size-large\"><img loading=\"lazy\" decoding=\"async\" width=\"1024\" height=\"511\" src=\"https:\/\/www.agoracademie.com\/blog\/wp-content\/uploads\/2025\/05\/reflexologie_tregueux-1024x511.jpg\" alt=\"R\u00e9flexologie \u00e0 Tr\u00e9gueux\" class=\"wp-image-21549\" srcset=\"https:\/\/www.agoracademie.com\/blog\/wp-content\/uploads\/2025\/05\/reflexologie_tregueux-1024x511.jpg 1024w, https:\/\/www.agoracademie.com\/blog\/wp-content\/uploads\/2025\/05\/reflexologie_tregueux-300x150.jpg 300w, https:\/\/www.agoracademie.com\/blog\/wp-content\/uploads\/2025\/05\/reflexologie_tregueux-768x383.jpg 768w, https:\/\/www.agoracademie.com\/blog\/wp-content\/uploads\/2025\/05\/reflexologie_tregueux.jpg 1079w\" sizes=\"auto, (max-width: 1024px) 100vw, 1024px\" \/><figcaption class=\"wp-element-caption\">Marc Van Dorsselaer et Christine Bondu-Gu\u00e9rineau &#8211; 2025 &#8211; Tr\u00e9gueux<\/figcaption><\/figure><div id=\"ez-toc-container\" class=\"ez-toc-v2_0_82_2 ez-toc-wrap-center counter-hierarchy ez-toc-counter ez-toc-transparent ez-toc-container-direction\">\n<div class=\"ez-toc-title-container\">\n<p class=\"ez-toc-title\" style=\"cursor:inherit\">Sommaire<\/p>\n<span class=\"ez-toc-title-toggle\"><a href=\"#\" class=\"ez-toc-pull-right ez-toc-btn ez-toc-btn-xs ez-toc-btn-default ez-toc-toggle\" aria-label=\"Toggle Table of Content\"><span class=\"ez-toc-js-icon-con\"><span class=\"\"><span class=\"eztoc-hide\" style=\"display:none;\">Toggle<\/span><span class=\"ez-toc-icon-toggle-span\"><svg style=\"fill: #999;color:#999\" xmlns=\"http:\/\/www.w3.org\/2000\/svg\" class=\"list-377408\" width=\"20px\" height=\"20px\" viewBox=\"0 0 24 24\" fill=\"none\"><path d=\"M6 6H4v2h2V6zm14 0H8v2h12V6zM4 11h2v2H4v-2zm16 0H8v2h12v-2zM4 16h2v2H4v-2zm16 0H8v2h12v-2z\" fill=\"currentColor\"><\/path><\/svg><svg style=\"fill: #999;color:#999\" class=\"arrow-unsorted-368013\" xmlns=\"http:\/\/www.w3.org\/2000\/svg\" width=\"10px\" height=\"10px\" viewBox=\"0 0 24 24\" version=\"1.2\" baseProfile=\"tiny\"><path d=\"M18.2 9.3l-6.2-6.3-6.2 6.3c-.2.2-.3.4-.3.7s.1.5.3.7c.2.2.4.3.7.3h11c.3 0 .5-.1.7-.3.2-.2.3-.5.3-.7s-.1-.5-.3-.7zM5.8 14.7l6.2 6.3 6.2-6.3c.2-.2.3-.5.3-.7s-.1-.5-.3-.7c-.2-.2-.4-.3-.7-.3h-11c-.3 0-.5.1-.7.3-.2.2-.3.5-.3.7s.1.5.3.7z\"\/><\/svg><\/span><\/span><\/span><\/a><\/span><\/div>\n<nav><ul class='ez-toc-list ez-toc-list-level-1 ' ><li class='ez-toc-page-1 ez-toc-heading-level-2'><a class=\"ez-toc-link ez-toc-heading-1\" href=\"https:\/\/www.agoracademie.com\/blog\/reflexologie-tregueux-saint-brieuc\/#La_reflexologie_est_maintenant_a_Tregueux\" >La r\u00e9flexologie est maintenant \u00e0 Tr\u00e9gueux&nbsp;!<\/a><ul class='ez-toc-list-level-3' ><li class='ez-toc-heading-level-3'><a class=\"ez-toc-link ez-toc-heading-2\" href=\"https:\/\/www.agoracademie.com\/blog\/reflexologie-tregueux-saint-brieuc\/#Pourquoi_la_reflexologie\" >Pourquoi la r\u00e9flexologie&nbsp;?<\/a><\/li><li class='ez-toc-page-1 ez-toc-heading-level-3'><a class=\"ez-toc-link ez-toc-heading-3\" href=\"https:\/\/www.agoracademie.com\/blog\/reflexologie-tregueux-saint-brieuc\/#Pourquoi_une_formation_en_ligne_a_distance\" >Pourquoi une formation en ligne &amp; \u00e0 distance&nbsp;?<\/a><\/li><li class='ez-toc-page-1 ez-toc-heading-level-3'><a class=\"ez-toc-link ez-toc-heading-4\" href=\"https:\/\/www.agoracademie.com\/blog\/reflexologie-tregueux-saint-brieuc\/#Est-ce_difficile_de_se_former_a_distance\" >Est-ce difficile de se former \u00e0 distance ?<\/a><\/li><li class='ez-toc-page-1 ez-toc-heading-level-3'><a class=\"ez-toc-link ez-toc-heading-5\" href=\"https:\/\/www.agoracademie.com\/blog\/reflexologie-tregueux-saint-brieuc\/#Quen_est-il_de_laccompagnement_a_distance\" >Qu&rsquo;en est-il de l&rsquo;accompagnement \u00e0 distance&nbsp;?<\/a><\/li><li class='ez-toc-page-1 ez-toc-heading-level-3'><a class=\"ez-toc-link ez-toc-heading-6\" href=\"https:\/\/www.agoracademie.com\/blog\/reflexologie-tregueux-saint-brieuc\/#Formation_reflexologie_en_ligne_a_distance\" >Formation r\u00e9flexologie en ligne &amp; \u00e0 distance<\/a><\/li><li class='ez-toc-page-1 ez-toc-heading-level-3'><a class=\"ez-toc-link ez-toc-heading-7\" href=\"https:\/\/www.agoracademie.com\/blog\/reflexologie-tregueux-saint-brieuc\/#Est-ce_complique_de_se_lancer_aujourdhui\" >Est-ce compliqu\u00e9 de se lancer aujourd&rsquo;hui ?<\/a><\/li><li class='ez-toc-page-1 ez-toc-heading-level-3'><a class=\"ez-toc-link ez-toc-heading-8\" href=\"https:\/\/www.agoracademie.com\/blog\/reflexologie-tregueux-saint-brieuc\/#Lemotion_etait_au_rendez-vous\" >L&rsquo;\u00e9motion \u00e9tait au rendez-vous&nbsp;!<\/a><\/li><li class='ez-toc-page-1 ez-toc-heading-level-3'><a class=\"ez-toc-link ez-toc-heading-9\" href=\"https:\/\/www.agoracademie.com\/blog\/reflexologie-tregueux-saint-brieuc\/#Quels_sont_les_services_que_vous_proposez\" >Quels sont les services que vous proposez ?<\/a><\/li><li class='ez-toc-page-1 ez-toc-heading-level-3'><a class=\"ez-toc-link ez-toc-heading-10\" href=\"https:\/\/www.agoracademie.com\/blog\/reflexologie-tregueux-saint-brieuc\/#Un_conseil_pour_un%C2%B7e_candidat%C2%B7e_a_la_creation_dun_cabinet_en_reflexologie\" >Un conseil pour un\u00b7e candidat\u00b7e \u00e0 la cr\u00e9ation d&rsquo;un cabinet en r\u00e9flexologie ?<\/a><\/li><li class='ez-toc-page-1 ez-toc-heading-level-3'><a class=\"ez-toc-link ez-toc-heading-11\" href=\"https:\/\/www.agoracademie.com\/blog\/reflexologie-tregueux-saint-brieuc\/#Autre_chose\" >Autre chose&nbsp;?<\/a><\/li><li class='ez-toc-page-1 ez-toc-heading-level-3'><a class=\"ez-toc-link ez-toc-heading-12\" href=\"https:\/\/www.agoracademie.com\/blog\/reflexologie-tregueux-saint-brieuc\/#Et_toi_Christine_veux-tu_ajouter_quelque_chose\" >Et toi Christine, veux-tu ajouter quelque chose ?<\/a><\/li><\/ul><\/li><\/ul><\/nav><\/div>\n\n<\/div>\n\n\n<h2 class=\"wp-block-heading\"><span class=\"ez-toc-section\" id=\"La_reflexologie_est_maintenant_a_Tregueux\"><\/span><strong>La r\u00e9flexologie est maintenant \u00e0 Tr\u00e9gueux&nbsp;!<\/strong><span class=\"ez-toc-section-end\"><\/span><\/h2>\n\n\n\n<p><strong>R\u00e9flexologie \u00e0 Tr\u00e9gueux : d\u00e9couvrez le cabinet de Marc Van Dorsselaer.<\/strong><\/p>\n\n\n\n<p>Tr\u00e9gueux est une petite ville dynamique situ\u00e9e \u00e0 c\u00f4t\u00e9 de Saint-Brieuc et de la r\u00e9serve naturelle de la Baie de Saint-Brieuc.<\/p>\n\n\n\n<p>Ses 9 000 habitants peuvent donc compter&nbsp;:<\/p>\n\n\n\n<ul class=\"wp-block-list\">\n<li>sur un environnement pr\u00e9serv\u00e9,<\/li>\n\n\n\n<li>et sur plus de 300 entreprises proposant des services et des loisirs complets.<\/li>\n<\/ul>\n\n\n\n<p>Depuis f\u00e9vrier dernier, Tr\u00e9gueux compte une entreprise en plus&nbsp;!<\/p>\n\n\n\n<!--more-->\n\n\n\n<p>Il s&rsquo;agit du cabinet de r\u00e9flexologie plantaire et palmaire, et de coh\u00e9rence cardiaque, de Marc Van Dorsselaer.<\/p>\n\n\n\n<p>Marc a r\u00e9alis\u00e9 sa formation menant au <a href=\"https:\/\/www.agoracademie.com\/boutique\/formations-cd-dvd\/product\/formation-reflexotherapie\">praticien en r\u00e9flexologie plantaire et palmaire<\/a> sur Agoracad\u00e9mie, avec Christine Bondu-Gu\u00e9rineau.<\/p>\n\n\n\n<p>Il nous offre ici son temps pour nous expliquer comment ce projet est n\u00e9, puis a vu le jour.<\/p>\n\n\n\n<p>Merci Marc pour ce partage&nbsp;!!!<\/p>\n\n\n\n<h3 class=\"wp-block-heading\"><span class=\"ez-toc-section\" id=\"Pourquoi_la_reflexologie\"><\/span><strong>Pourquoi la r\u00e9flexologie&nbsp;?<\/strong><span class=\"ez-toc-section-end\"><\/span><\/h3>\n\n\n\n<p><strong>Marc, vous avez suivi l&rsquo;enseignement de Christine et vous \u00eates maintenant praticien en r\u00e9flexologie plantaire et palmaire. Encore BRAVO \u00e0 vous !!! Pourquoi avez-vous opt\u00e9 pour la <a href=\"https:\/\/www.agoracademie.com\/blog\/reflexologie\/\">r\u00e9flexologie<\/a> ?<\/strong><\/p>\n\n\n\n<p>\u00ab&nbsp;Merci beaucoup ! Ce choix a \u00e9t\u00e9 motiv\u00e9 par mon parcours personnel. La r\u00e9flexologie m&rsquo;a v\u00e9ritablement aid\u00e9 \u00e0 retrouver un \u00e9quilibre corps-esprit. Elle m&rsquo;a apport\u00e9 une s\u00e9r\u00e9nit\u00e9 durable que je n&rsquo;avais jamais exp\u00e9riment\u00e9e auparavant. Ce bien-\u00eatre m&rsquo;a profond\u00e9ment touch\u00e9, au point que j&rsquo;ai ressenti le d\u00e9sir de le transmettre \u00e0 mon tour. C&rsquo;est ainsi que j&rsquo;ai d\u00e9cid\u00e9 de me former, pour guider d&rsquo;autres personnes sur ce chemin&nbsp;\u00bb.<\/p>\n\n\n<div class=\"wp-block-image\">\n<figure class=\"aligncenter size-full\"><img loading=\"lazy\" decoding=\"async\" width=\"1024\" height=\"768\" src=\"https:\/\/www.agoracademie.com\/blog\/wp-content\/uploads\/2025\/05\/reflexologie-tregueux.jpg\" alt=\"R\u00e9flexologue \u00e0 Tr\u00e9gueux proche de Saint-Brieuc\" class=\"wp-image-21550\" srcset=\"https:\/\/www.agoracademie.com\/blog\/wp-content\/uploads\/2025\/05\/reflexologie-tregueux.jpg 1024w, https:\/\/www.agoracademie.com\/blog\/wp-content\/uploads\/2025\/05\/reflexologie-tregueux-300x225.jpg 300w, https:\/\/www.agoracademie.com\/blog\/wp-content\/uploads\/2025\/05\/reflexologie-tregueux-768x576.jpg 768w\" sizes=\"auto, (max-width: 1024px) 100vw, 1024px\" \/><figcaption class=\"wp-element-caption\">M&rsquo;tes pieds !!!<\/figcaption><\/figure>\n<\/div>\n\n\n<h3 class=\"wp-block-heading\"><span class=\"ez-toc-section\" id=\"Pourquoi_une_formation_en_ligne_a_distance\"><\/span><strong>Pourquoi une formation en ligne &amp; \u00e0 distance&nbsp;?<\/strong><span class=\"ez-toc-section-end\"><\/span><\/h3>\n\n\n\n<p><strong>Pourquoi avez-vous choisi une formation en ligne et \u00e0 distance ?<\/strong><\/p>\n\n\n\n<p>\u00ab&nbsp;Je travaille encore parall\u00e8lement, donc j&rsquo;avais besoin de souplesse. La formation en ligne m&rsquo;a permis de progresser \u00e0 mon propre rythme, selon mes disponibilit\u00e9s. C&rsquo;\u00e9tait une v\u00e9ritable opportunit\u00e9 d&rsquo;harmoniser apprentissage et vie professionnelle. De plus, ce mode de formation me convenait bien : je suis plut\u00f4t autonome, mais j&rsquo;appr\u00e9cie de pouvoir g\u00e9rer mon planning&nbsp;\u00bb.<\/p>\n\n\n\n<h3 class=\"wp-block-heading\"><span class=\"ez-toc-section\" id=\"Est-ce_difficile_de_se_former_a_distance\"><\/span><strong>Est-ce difficile de se former \u00e0 distance ?<\/strong><span class=\"ez-toc-section-end\"><\/span><\/h3>\n\n\n\n<p><strong>Avez-vous rencontr\u00e9 des obstacles particuliers et si oui, comment les avez-vous surmont\u00e9s ?<\/strong><\/p>\n\n\n\n<p>\u00ab&nbsp;Ce n&rsquo;est pas toujours simple, surtout au d\u00e9but. On peut parfois se sentir un peu isol\u00e9 ou douter de ses avanc\u00e9es. Mais j&rsquo;ai vite compris que tout \u00e9tait bien orchestr\u00e9 dans la formation de Christine : les vid\u00e9os sont tr\u00e8s claires, les supports \u00e9crits sont pr\u00e9cieux, et surtout, on peut poser toutes nos questions. J&rsquo;ai \u00e9galement \u00e9chang\u00e9 avec d&rsquo;autres \u00e9l\u00e8ves, et cela m&rsquo;a beaucoup aid\u00e9. Il faut \u00eatre motiv\u00e9, mais c&rsquo;est tout \u00e0 fait faisable !&nbsp;\u00bb<\/p>\n\n\n<div class=\"wp-block-image\">\n<figure class=\"aligncenter size-full\"><img loading=\"lazy\" decoding=\"async\" width=\"683\" height=\"512\" src=\"https:\/\/www.agoracademie.com\/blog\/wp-content\/uploads\/2025\/05\/reflexologie-plantaire-tregueux.jpg\" alt=\"Cabinet de Marc\" class=\"wp-image-21551\" srcset=\"https:\/\/www.agoracademie.com\/blog\/wp-content\/uploads\/2025\/05\/reflexologie-plantaire-tregueux.jpg 683w, https:\/\/www.agoracademie.com\/blog\/wp-content\/uploads\/2025\/05\/reflexologie-plantaire-tregueux-300x225.jpg 300w\" sizes=\"auto, (max-width: 683px) 100vw, 683px\" \/><figcaption class=\"wp-element-caption\">Le cabinet de r\u00e9flexologie de Marc \u00e0 Tr\u00e9gueux<\/figcaption><\/figure>\n<\/div>\n\n\n<h3 class=\"wp-block-heading\"><span class=\"ez-toc-section\" id=\"Quen_est-il_de_laccompagnement_a_distance\"><\/span><strong>Qu&rsquo;en est-il de l&rsquo;accompagnement \u00e0 distance&nbsp;?<\/strong><span class=\"ez-toc-section-end\"><\/span><\/h3>\n\n\n\n<p><strong>Malgr\u00e9 la distance, Christine est-elle suffisamment pr\u00e9sente pour vous ?<\/strong><\/p>\n\n\n\n<p>\u00ab&nbsp;Absolument ! Christine est tr\u00e8s pr\u00e9sente, tr\u00e8s attentive. Elle r\u00e9pond rapidement, offre des conseils ajust\u00e9s et sait nous encourager quand on en a besoin. Elle a cette capacit\u00e9 \u00e0 nous rappeler qu&rsquo;on n&rsquo;est jamais seul, m\u00eame derri\u00e8re un \u00e9cran. Sa bienveillance est sensible \u00e0 chaque \u00e9tape&nbsp;\u00bb.<\/p>\n\n\n\n<div class=\"wp-block-magic-content-box-content-box aligncenter magic-content-box-f9cdf0f0-3fe1-4 magic-content-box-contentBox block-wrapper-background content-align-center\"><style>.magic-content-box-f9cdf0f0-3fe1-4 .magic-content-box-content-wrapper{text-align:center;margin-top:30px;margin-bottom:30px}.magic-content-box-f9cdf0f0-3fe1-4 .magic-content-box-section-header-wrapper{border-color:#ff201f}.magic-content-box-f9cdf0f0-3fe1-4 .magic-content-box-mainheader-wrap{box-shadow:0px 6px 12px -10px #000;border-radius:5px;background-color:#fff}.magic-content-box-f9cdf0f0-3fe1-4 .magic-content-box-section-wrapper{padding-top:30px;padding-right:30px;padding-bottom:30px;padding-left:30px;margin-top:0px;margin-right:0px;margin-bottom:0px;margin-left:0px}.magic-content-box-f9cdf0f0-3fe1-4 .magic-content-box-section-head-wrap{text-align:center;padding-top:0px;padding-right:0px;padding-bottom:0px;margin-top:0px;margin-bottom:0px;padding-left:0px}.magic-content-box-f9cdf0f0-3fe1-4 .magic-content-box-section-head-wrap .magic-content-box-title{color:#404040;font-size:32px;font-family:Default;padding-top:5px;padding-bottom:5px}.magic-content-box-f9cdf0f0-3fe1-4 .magic-content-box-section-head-wrap .magic-content-box-subtitle{color:#6d6d6d;font-size:18px;font-family:Default;padding-top:5px;padding-bottom:5px}.magic-content-box-f9cdf0f0-3fe1-4 .magic-content-box-title-dash{color:#ff201f}.magic-content-box-f9cdf0f0-3fe1-4 .magic-content-box-block-button span{color:#fff;border-width:1px;font-size:16px;font-family:Default}.magic-content-box-f9cdf0f0-3fe1-4 .magic-content-box-block-button .magic-content-box-button{background-color:#ff201f}.magic-content-box-f9cdf0f0-3fe1-4 .magic-content-box-block-button i{color:#fff;font-size:13px}.magic-content-box-f9cdf0f0-3fe1-4 .magic-content-box-block-button{margin-top:10px;margin-bottom:10px}.magic-content-box-f9cdf0f0-3fe1-4 .magic-content-box-button{padding-top:5px;padding-right:15px;padding-bottom:5px;padding-left:15px}@media screen and (max-width:1025px){.magic-content-box-f9cdf0f0-3fe1-4 .magic-content-box-section-head-wrap .magic-content-box-title{font-size:undefinedpx}.magic-content-box-f9cdf0f0-3fe1-4 .magic-content-box-section-head-wrap .magic-content-box-subtitle{font-size:undefinedpx}.magic-content-box-f9cdf0f0-3fe1-4 .magic-content-box-block-button span{font-size:undefinedpx}.magic-content-box-f9cdf0f0-3fe1-4 .magic-content-box-block-button i{font-size:px}}@media screen and (max-width:767px){.magic-content-box-f9cdf0f0-3fe1-4 .magic-content-box-section-head-wrap .magic-content-box-title{font-size:undefinedpx}.magic-content-box-f9cdf0f0-3fe1-4 .magic-content-box-section-head-wrap .magic-content-box-subtitle{font-size:undefinedpx}.magic-content-box-f9cdf0f0-3fe1-4 .magic-content-box-block-button span{font-size:undefinedpx}.magic-content-box-f9cdf0f0-3fe1-4 .magic-content-box-block-button i{font-size:px}}<\/style><div class=\"content-wrapper-inner\"><div class=\"magic-content-box-content-wrapper magic-content-box-blocks has-background style-1\"><div class=\"content-img-wrap\"><img decoding=\"async\" src=\"https:\/\/www.agoracademie.com\/blog\/wp-content\/uploads\/2025\/05\/formation-reflexologie.jpg\" alt=\"Formation r\u00e9flexologie\" class=\"\"\/><\/div><div class=\"magic-content-box-section-wrapper magic-content-box-mainheader-wrap\"><div class=\"magic-content-box-section-header-wrapper magic-content-box-blocks\"><div class=\"magic-content-box-section-head-wrap magic-content-box-style1 magic-content-box-center\"><div class=\"magic-content-box-title-wrapper\"><span class=\"magic-content-box-title-dash magic-content-box-upper-dash\"><\/span><h3 class=\"magic-content-box-title\"><span class=\"ez-toc-section\" id=\"Formation_reflexologie_en_ligne_a_distance\"><\/span>Formation r\u00e9flexologie en ligne &amp; \u00e0 distance<span class=\"ez-toc-section-end\"><\/span><\/h3><span class=\"magic-content-box-title-dash magic-content-box-lower-dash\"><\/span><\/div><div class=\"magic-content-box-subtitle-wrapper\"><span class=\"magic-content-box-title-dash magic-content-box-upper-dash\"><\/span><p class=\"magic-content-box-subtitle\">Devenez praticien\u00b7ne ou ma\u00eetre praticien\u00b7ne !<\/p><span class=\"magic-content-box-title-dash magic-content-box-lower-dash\"><\/span><\/div><\/div><\/div><div class=\"magic-content-box-desc-btn-wrap\"><div class=\"magic-content-box-block-button\"><a href=\"https:\/\/www.agoracademie.com\/academie\/formation-reflexologie-plantaire-palmaire\" class=\"magic-content-box-button magic-content-box-button-shape-rounded magic-content-box-button-size-small hover-style-1 btn-icon-left\"><span>PROGRAMME<\/span><\/a><\/div><\/div><\/div><\/div><\/div><\/div>\n\n\n\n<h3 class=\"wp-block-heading\"><span class=\"ez-toc-section\" id=\"Est-ce_complique_de_se_lancer_aujourdhui\"><\/span><strong>Est-ce compliqu\u00e9 de se lancer aujourd&rsquo;hui ?<\/strong><span class=\"ez-toc-section-end\"><\/span><\/h3>\n\n\n\n<p><strong>Comment s&rsquo;est pass\u00e9e la cr\u00e9ation toute r\u00e9cente de votre cabinet ?<\/strong><\/p>\n\n\n\n<p>\u00ab&nbsp;Se lancer, c&rsquo;est un d\u00e9fi, surtout dans le domaine du bien-\u00eatre. Il faut beaucoup d&rsquo;\u00e9nergie, de patience et de d\u00e9termination. Mais c&rsquo;est aussi tr\u00e8s gratifiant. J&rsquo;ai ouvert mon cabinet \u00e0 Tr\u00e9gueux d\u00e9but f\u00e9vrier 2025. J&rsquo;ai commenc\u00e9 modestement, avec quelques clients, et je construis progressivement ma visibilit\u00e9. Les retours positifs des premiers patients me donnent confiance. Oui, c&rsquo;est un parcours exigeant, mais c&rsquo;est une belle aventure humaine&nbsp;\u00bb.<\/p>\n\n\n\n<h3 class=\"wp-block-heading\"><span class=\"ez-toc-section\" id=\"Lemotion_etait_au_rendez-vous\"><\/span><strong>L&rsquo;\u00e9motion \u00e9tait au rendez-vous&nbsp;!<\/strong><span class=\"ez-toc-section-end\"><\/span><\/h3>\n\n\n\n<p><strong>Vous avez pr\u00e9sent\u00e9 votre cabinet \u00e0 Christine il y a quelques jours. Qu&rsquo;avez-vous ressenti \u00e0 ce moment-l\u00e0 ?<\/strong><\/p>\n\n\n\n<p>\u00ab&nbsp;J&rsquo;\u00e9tais \u00e9mu. Fier aussi, car c&rsquo;\u00e9tait un moment symbolique. C&rsquo;est un peu comme pr\u00e9senter un nouveau-n\u00e9 \u00e0 quelqu&rsquo;un qui a accompagn\u00e9 votre grossesse ! Christine a suivi tout mon parcours, elle conna\u00eet mes doutes, mes avanc\u00e9es. Partager avec elle cette concr\u00e9tisation, c&rsquo;\u00e9tait essentiel pour moi&nbsp;\u00bb.<\/p>\n\n\n\n<h3 class=\"wp-block-heading\"><span class=\"ez-toc-section\" id=\"Quels_sont_les_services_que_vous_proposez\"><\/span><strong>Quels sont les services que vous proposez ?<\/strong><span class=\"ez-toc-section-end\"><\/span><\/h3>\n\n\n\n<p><strong>Quels sont vos tarifs, vos horaires, l&rsquo;adresse postale de votre cabinet&#8230; ?<\/strong><\/p>\n\n\n\n<p>\u00ab&nbsp;Je propose des s\u00e9ances de r\u00e9flexologie plantaire et palmaire, ainsi que des accompagnements en coh\u00e9rence cardiaque pour mieux g\u00e9rer le stress. Mon cabinet est situ\u00e9 \u00e0 Tr\u00e9gueux, dans les C\u00f4tes-d&rsquo;Armor, pr\u00e8s de Saint-Brieuc. J&rsquo;accueille sur rendez-vous, du lundi au samedi. Mes tarifs sont de 50 \u20ac la s\u00e9ance d&rsquo;une heure. Toutes les informations pratiques se trouvent sur ma fiche Google et mes r\u00e9seaux sociaux, o\u00f9 je partage r\u00e9guli\u00e8rement des conseils bien-\u00eatre&nbsp;\u00bb.<\/p>\n\n\n<div class=\"wp-block-image\">\n<figure class=\"aligncenter size-full\"><img loading=\"lazy\" decoding=\"async\" width=\"683\" height=\"512\" src=\"https:\/\/www.agoracademie.com\/blog\/wp-content\/uploads\/2025\/05\/reflexologie-palmaire-tregueux.jpg\" alt=\"R\u00e9flexologue \u00e0 Tr\u00e9gueux\" class=\"wp-image-21552\" srcset=\"https:\/\/www.agoracademie.com\/blog\/wp-content\/uploads\/2025\/05\/reflexologie-palmaire-tregueux.jpg 683w, https:\/\/www.agoracademie.com\/blog\/wp-content\/uploads\/2025\/05\/reflexologie-palmaire-tregueux-300x225.jpg 300w\" sizes=\"auto, (max-width: 683px) 100vw, 683px\" \/><figcaption class=\"wp-element-caption\">Une belle ambiance vous attend !<\/figcaption><\/figure>\n<\/div>\n\n\n<h3 class=\"wp-block-heading\"><span class=\"ez-toc-section\" id=\"Un_conseil_pour_un%C2%B7e_candidat%C2%B7e_a_la_creation_dun_cabinet_en_reflexologie\"><\/span><strong>Un conseil pour un\u00b7e candidat\u00b7e \u00e0 la cr\u00e9ation d&rsquo;un cabinet en r\u00e9flexologie ?<\/strong><span class=\"ez-toc-section-end\"><\/span><\/h3>\n\n\n\n<p><strong>Quel serait votre conseil pour une personne qui souhaite se r\u00e9orienter en r\u00e9flexologie ?<\/strong><\/p>\n\n\n\n<p>\u00ab&nbsp;Osez ! Si cette voie vous attire, c&rsquo;est qu&rsquo;elle vous parle profond\u00e9ment. Bien s\u00fbr, il faut du travail, de l&rsquo;engagement, mais c&rsquo;est une formation qui transforme aussi personnellement. Et oui, je recommande totalement la formation \u00e0 distance de Christine : elle est compl\u00e8te, bien structur\u00e9e, humaine. Elle permet d&rsquo;apprendre \u00e0 son rythme, avec un vrai accompagnement&nbsp;\u00bb.<\/p>\n\n\n\n<h3 class=\"wp-block-heading\"><span class=\"ez-toc-section\" id=\"Autre_chose\"><\/span><strong>Autre chose&nbsp;?<\/strong><span class=\"ez-toc-section-end\"><\/span><\/h3>\n\n\n\n<p><strong>Avez-vous quelque chose \u00e0 ajouter pour conclure notre entretien Marc ?<\/strong><\/p>\n\n\n\n<p>\u00ab&nbsp;Simplement remercier Christine et Laurent de Agoracad\u00e9mie, pour leur p\u00e9dagogie, leur g\u00e9n\u00e9rosit\u00e9, et pour avoir su cr\u00e9er une formation o\u00f9 l&rsquo;on sent vraiment qu&rsquo;on peut devenir praticien tout en restant pleinement soi-m\u00eame. Et si mon t\u00e9moignage peut inspirer quelqu&rsquo;un \u00e0 suivre sa voie, alors c&rsquo;est une joie pour moi&nbsp;\u00bb.<\/p>\n\n\n\n<h3 class=\"wp-block-heading\"><span class=\"ez-toc-section\" id=\"Et_toi_Christine_veux-tu_ajouter_quelque_chose\"><\/span>Et toi Christine, veux-tu ajouter quelque chose ?<span class=\"ez-toc-section-end\"><\/span><\/h3>\n\n\n\n<p>\u00ab&nbsp;Tout au long de la formation, j&rsquo;ai pris beaucoup de plaisir \u00e0 accompagner Marc qui s&rsquo;est montr\u00e9 un excellent \u00ab \u00e9l\u00e8ve \u00bb. Nos \u00e9changes sont pass\u00e9s de professionnels \u00e0 amicaux au fil des semaines et des mois. Au printemps, lors de mon voyage en Bretagne, je suis all\u00e9e lui rendre visite dans son cabinet et c&rsquo;est avec une certaine \u00e9motion, encore bien pr\u00e9sente aujourd&rsquo;hui, que j&rsquo;ai vu en face de moi le r\u00e9flexologue qu&rsquo;il \u00e9tait devenu ! La formation \u00e0 distance au m\u00eame titre que la formation en pr\u00e9sentiel prend tout son sens. Merci Marc !&nbsp;\u00bb<\/p>\n","protected":false},"excerpt":{"rendered":"<p>La r\u00e9flexologie est maintenant \u00e0 Tr\u00e9gueux&nbsp;! R\u00e9flexologie \u00e0 Tr\u00e9gueux : d\u00e9couvrez le cabinet de Marc Van Dorsselaer. Tr\u00e9gueux est une petite ville dynamique situ\u00e9e \u00e0 c\u00f4t\u00e9 de Saint-Brieuc et de la r\u00e9serve naturelle de la Baie de Saint-Brieuc. Ses 9 000 habitants peuvent donc compter&nbsp;: Depuis f\u00e9vrier dernier, Tr\u00e9gueux compte une entreprise en plus&nbsp;!<\/p>\n","protected":false},"author":2,"featured_media":0,"comment_status":"open","ping_status":"closed","sticky":false,"template":"","format":"standard","meta":{"_bbp_topic_count":0,"_bbp_reply_count":0,"_bbp_total_topic_count":0,"_bbp_total_reply_count":0,"_bbp_voice_count":0,"_bbp_anonymous_reply_count":0,"_bbp_topic_count_hidden":0,"_bbp_reply_count_hidden":0,"_bbp_forum_subforum_count":0,"footnotes":""},"categories":[29],"tags":[],"class_list":["post-21547","post","type-post","status-publish","format-standard","hentry","category-interview-coaching"],"yoast_head":"<!-- This site is optimized with the Yoast SEO plugin v27.4 - https:\/\/yoast.com\/product\/yoast-seo-wordpress\/ -->\n<title>R\u00e9flexologie \u00e0 Tr\u00e9gueux proche de Saint-Brieuc - Agoracad\u00e9mie<\/title>\n<meta name=\"description\" content=\"Vous \u00eates \u00e0 la recherche d&#039;un cabinet de r\u00e9flexologie plantaire et palmaire \u00e0 Tr\u00e9gueux proche de Saint-Brieuc ?\" \/>\n<meta name=\"robots\" content=\"index, follow, max-snippet:-1, max-image-preview:large, max-video-preview:-1\" \/>\n<link rel=\"canonical\" href=\"https:\/\/www.agoracademie.com\/blog\/reflexologie-tregueux-saint-brieuc\/\" \/>\n<meta property=\"og:locale\" content=\"fr_FR\" \/>\n<meta property=\"og:type\" content=\"article\" \/>\n<meta property=\"og:title\" content=\"R\u00e9flexologie \u00e0 Tr\u00e9gueux proche de Saint-Brieuc - Agoracad\u00e9mie\" \/>\n<meta property=\"og:description\" content=\"Vous \u00eates \u00e0 la recherche d&#039;un cabinet de r\u00e9flexologie plantaire et palmaire \u00e0 Tr\u00e9gueux proche de Saint-Brieuc ?\" \/>\n<meta property=\"og:url\" content=\"https:\/\/www.agoracademie.com\/blog\/reflexologie-tregueux-saint-brieuc\/\" \/>\n<meta property=\"og:site_name\" content=\"Agoracad\u00e9mie\" \/>\n<meta property=\"article:published_time\" content=\"2025-05-12T14:46:12+00:00\" \/>\n<meta property=\"article:modified_time\" content=\"2025-07-11T14:26:31+00:00\" \/>\n<meta property=\"og:image\" content=\"https:\/\/www.agoracademie.com\/blog\/wp-content\/uploads\/2025\/05\/reflexologie_tregueux.jpg\" \/>\n\t<meta property=\"og:image:width\" content=\"1079\" \/>\n\t<meta property=\"og:image:height\" content=\"538\" \/>\n\t<meta property=\"og:image:type\" content=\"image\/jpeg\" \/>\n<meta name=\"author\" content=\"Laurent Bertrel\" \/>\n<meta name=\"twitter:label1\" content=\"\u00c9crit par\" \/>\n\t<meta name=\"twitter:data1\" content=\"Laurent Bertrel\" \/>\n\t<meta name=\"twitter:label2\" content=\"Dur\u00e9e de lecture estim\u00e9e\" \/>\n\t<meta name=\"twitter:data2\" content=\"6 minutes\" \/>\n<script type=\"application\/ld+json\" class=\"yoast-schema-graph\">{\"@context\":\"https:\\\/\\\/schema.org\",\"@graph\":[{\"@type\":\"Article\",\"@id\":\"https:\\\/\\\/www.agoracademie.com\\\/blog\\\/reflexologie-tregueux-saint-brieuc\\\/#article\",\"isPartOf\":{\"@id\":\"https:\\\/\\\/www.agoracademie.com\\\/blog\\\/reflexologie-tregueux-saint-brieuc\\\/\"},\"author\":{\"name\":\"Laurent Bertrel\",\"@id\":\"https:\\\/\\\/www.agoracademie.com\\\/blog\\\/#\\\/schema\\\/person\\\/c2f110c50be7dcecc05cb4e87f32537f\"},\"headline\":\"R\u00e9flexologie \u00e0 Tr\u00e9gueux proche de Saint-Brieuc\",\"datePublished\":\"2025-05-12T14:46:12+00:00\",\"dateModified\":\"2025-07-11T14:26:31+00:00\",\"mainEntityOfPage\":{\"@id\":\"https:\\\/\\\/www.agoracademie.com\\\/blog\\\/reflexologie-tregueux-saint-brieuc\\\/\"},\"wordCount\":1135,\"commentCount\":0,\"image\":{\"@id\":\"https:\\\/\\\/www.agoracademie.com\\\/blog\\\/reflexologie-tregueux-saint-brieuc\\\/#primaryimage\"},\"thumbnailUrl\":\"https:\\\/\\\/www.agoracademie.com\\\/blog\\\/wp-content\\\/uploads\\\/2025\\\/05\\\/reflexologie_tregueux-1024x511.jpg\",\"articleSection\":[\"Interview\"],\"inLanguage\":\"fr-FR\",\"potentialAction\":[{\"@type\":\"CommentAction\",\"name\":\"Comment\",\"target\":[\"https:\\\/\\\/www.agoracademie.com\\\/blog\\\/reflexologie-tregueux-saint-brieuc\\\/#respond\"]}]},{\"@type\":\"WebPage\",\"@id\":\"https:\\\/\\\/www.agoracademie.com\\\/blog\\\/reflexologie-tregueux-saint-brieuc\\\/\",\"url\":\"https:\\\/\\\/www.agoracademie.com\\\/blog\\\/reflexologie-tregueux-saint-brieuc\\\/\",\"name\":\"R\u00e9flexologie \u00e0 Tr\u00e9gueux proche de Saint-Brieuc - Agoracad\u00e9mie\",\"isPartOf\":{\"@id\":\"https:\\\/\\\/www.agoracademie.com\\\/blog\\\/#website\"},\"primaryImageOfPage\":{\"@id\":\"https:\\\/\\\/www.agoracademie.com\\\/blog\\\/reflexologie-tregueux-saint-brieuc\\\/#primaryimage\"},\"image\":{\"@id\":\"https:\\\/\\\/www.agoracademie.com\\\/blog\\\/reflexologie-tregueux-saint-brieuc\\\/#primaryimage\"},\"thumbnailUrl\":\"https:\\\/\\\/www.agoracademie.com\\\/blog\\\/wp-content\\\/uploads\\\/2025\\\/05\\\/reflexologie_tregueux-1024x511.jpg\",\"datePublished\":\"2025-05-12T14:46:12+00:00\",\"dateModified\":\"2025-07-11T14:26:31+00:00\",\"author\":{\"@id\":\"https:\\\/\\\/www.agoracademie.com\\\/blog\\\/#\\\/schema\\\/person\\\/c2f110c50be7dcecc05cb4e87f32537f\"},\"description\":\"Vous \u00eates \u00e0 la recherche d'un cabinet de r\u00e9flexologie plantaire et palmaire \u00e0 Tr\u00e9gueux proche de Saint-Brieuc ?\",\"breadcrumb\":{\"@id\":\"https:\\\/\\\/www.agoracademie.com\\\/blog\\\/reflexologie-tregueux-saint-brieuc\\\/#breadcrumb\"},\"inLanguage\":\"fr-FR\",\"potentialAction\":[{\"@type\":\"ReadAction\",\"target\":[\"https:\\\/\\\/www.agoracademie.com\\\/blog\\\/reflexologie-tregueux-saint-brieuc\\\/\"]}]},{\"@type\":\"ImageObject\",\"inLanguage\":\"fr-FR\",\"@id\":\"https:\\\/\\\/www.agoracademie.com\\\/blog\\\/reflexologie-tregueux-saint-brieuc\\\/#primaryimage\",\"url\":\"https:\\\/\\\/www.agoracademie.com\\\/blog\\\/wp-content\\\/uploads\\\/2025\\\/05\\\/reflexologie_tregueux.jpg\",\"contentUrl\":\"https:\\\/\\\/www.agoracademie.com\\\/blog\\\/wp-content\\\/uploads\\\/2025\\\/05\\\/reflexologie_tregueux.jpg\",\"width\":1079,\"height\":538},{\"@type\":\"BreadcrumbList\",\"@id\":\"https:\\\/\\\/www.agoracademie.com\\\/blog\\\/reflexologie-tregueux-saint-brieuc\\\/#breadcrumb\",\"itemListElement\":[{\"@type\":\"ListItem\",\"position\":1,\"name\":\"Accueil\",\"item\":\"https:\\\/\\\/www.agoracademie.com\\\/blog\\\/\"},{\"@type\":\"ListItem\",\"position\":2,\"name\":\"R\u00e9flexologie \u00e0 Tr\u00e9gueux proche de Saint-Brieuc\"}]},{\"@type\":\"WebSite\",\"@id\":\"https:\\\/\\\/www.agoracademie.com\\\/blog\\\/#website\",\"url\":\"https:\\\/\\\/www.agoracademie.com\\\/blog\\\/\",\"name\":\"Blog Agoracad\u00e9mie - Centre de formation en ligne et \u00e0 distance\",\"description\":\"Le blog du d\u00e9veloppement personnel et des th\u00e9rapies\",\"potentialAction\":[{\"@type\":\"SearchAction\",\"target\":{\"@type\":\"EntryPoint\",\"urlTemplate\":\"https:\\\/\\\/www.agoracademie.com\\\/blog\\\/?s={search_term_string}\"},\"query-input\":{\"@type\":\"PropertyValueSpecification\",\"valueRequired\":true,\"valueName\":\"search_term_string\"}}],\"inLanguage\":\"fr-FR\"},{\"@type\":\"Person\",\"@id\":\"https:\\\/\\\/www.agoracademie.com\\\/blog\\\/#\\\/schema\\\/person\\\/c2f110c50be7dcecc05cb4e87f32537f\",\"name\":\"Laurent Bertrel\",\"image\":{\"@type\":\"ImageObject\",\"inLanguage\":\"fr-FR\",\"@id\":\"https:\\\/\\\/secure.gravatar.com\\\/avatar\\\/45841390e6db2f4064cc5f84ee39189cf562b1de36eb5b1b7cc82dee445813a4?s=96&r=g\",\"url\":\"https:\\\/\\\/secure.gravatar.com\\\/avatar\\\/45841390e6db2f4064cc5f84ee39189cf562b1de36eb5b1b7cc82dee445813a4?s=96&r=g\",\"contentUrl\":\"https:\\\/\\\/secure.gravatar.com\\\/avatar\\\/45841390e6db2f4064cc5f84ee39189cf562b1de36eb5b1b7cc82dee445813a4?s=96&r=g\",\"caption\":\"Laurent Bertrel\"},\"description\":\"Laurent Bertrel est le fondateur d'Agoracad\u00e9mie. Titulaire d'une licence en sciences humaines et sociales, d'une ma\u00eetrise et d'un master en psychanalyse, d'un master en \u00e9tudes culturelles parcours \u00e9tudes de genre, du DU connaissances g\u00e9n\u00e9rales de la personne \u00e2g\u00e9e, il est aussi form\u00e9 \u00e0 diff\u00e9rentes approches dont la PNL, la sophrologie, la relaxation, l'hypnose, le coaching, la m\u00e9ditation, les arts martiaux, etc. Auteur de plus de 40 ouvrages, dont 18 livres, il anime plusieurs formations sur Agoracad\u00e9mie et r\u00e9pondra au message que vous allez laisser ci-dessous.\",\"sameAs\":[\"https:\\\/\\\/www.agoracademie.com\\\/\"]}]}<\/script>\n<!-- \/ Yoast SEO plugin. -->","yoast_head_json":{"title":"R\u00e9flexologie \u00e0 Tr\u00e9gueux proche de Saint-Brieuc - Agoracad\u00e9mie","description":"Vous \u00eates \u00e0 la recherche d'un cabinet de r\u00e9flexologie plantaire et palmaire \u00e0 Tr\u00e9gueux proche de Saint-Brieuc ?","robots":{"index":"index","follow":"follow","max-snippet":"max-snippet:-1","max-image-preview":"max-image-preview:large","max-video-preview":"max-video-preview:-1"},"canonical":"https:\/\/www.agoracademie.com\/blog\/reflexologie-tregueux-saint-brieuc\/","og_locale":"fr_FR","og_type":"article","og_title":"R\u00e9flexologie \u00e0 Tr\u00e9gueux proche de Saint-Brieuc - Agoracad\u00e9mie","og_description":"Vous \u00eates \u00e0 la recherche d'un cabinet de r\u00e9flexologie plantaire et palmaire \u00e0 Tr\u00e9gueux proche de Saint-Brieuc ?","og_url":"https:\/\/www.agoracademie.com\/blog\/reflexologie-tregueux-saint-brieuc\/","og_site_name":"Agoracad\u00e9mie","article_published_time":"2025-05-12T14:46:12+00:00","article_modified_time":"2025-07-11T14:26:31+00:00","og_image":[{"width":1079,"height":538,"url":"https:\/\/www.agoracademie.com\/blog\/wp-content\/uploads\/2025\/05\/reflexologie_tregueux.jpg","type":"image\/jpeg"}],"author":"Laurent Bertrel","twitter_misc":{"\u00c9crit par":"Laurent Bertrel","Dur\u00e9e de lecture estim\u00e9e":"6 minutes"},"schema":{"@context":"https:\/\/schema.org","@graph":[{"@type":"Article","@id":"https:\/\/www.agoracademie.com\/blog\/reflexologie-tregueux-saint-brieuc\/#article","isPartOf":{"@id":"https:\/\/www.agoracademie.com\/blog\/reflexologie-tregueux-saint-brieuc\/"},"author":{"name":"Laurent Bertrel","@id":"https:\/\/www.agoracademie.com\/blog\/#\/schema\/person\/c2f110c50be7dcecc05cb4e87f32537f"},"headline":"R\u00e9flexologie \u00e0 Tr\u00e9gueux proche de Saint-Brieuc","datePublished":"2025-05-12T14:46:12+00:00","dateModified":"2025-07-11T14:26:31+00:00","mainEntityOfPage":{"@id":"https:\/\/www.agoracademie.com\/blog\/reflexologie-tregueux-saint-brieuc\/"},"wordCount":1135,"commentCount":0,"image":{"@id":"https:\/\/www.agoracademie.com\/blog\/reflexologie-tregueux-saint-brieuc\/#primaryimage"},"thumbnailUrl":"https:\/\/www.agoracademie.com\/blog\/wp-content\/uploads\/2025\/05\/reflexologie_tregueux-1024x511.jpg","articleSection":["Interview"],"inLanguage":"fr-FR","potentialAction":[{"@type":"CommentAction","name":"Comment","target":["https:\/\/www.agoracademie.com\/blog\/reflexologie-tregueux-saint-brieuc\/#respond"]}]},{"@type":"WebPage","@id":"https:\/\/www.agoracademie.com\/blog\/reflexologie-tregueux-saint-brieuc\/","url":"https:\/\/www.agoracademie.com\/blog\/reflexologie-tregueux-saint-brieuc\/","name":"R\u00e9flexologie \u00e0 Tr\u00e9gueux proche de Saint-Brieuc - Agoracad\u00e9mie","isPartOf":{"@id":"https:\/\/www.agoracademie.com\/blog\/#website"},"primaryImageOfPage":{"@id":"https:\/\/www.agoracademie.com\/blog\/reflexologie-tregueux-saint-brieuc\/#primaryimage"},"image":{"@id":"https:\/\/www.agoracademie.com\/blog\/reflexologie-tregueux-saint-brieuc\/#primaryimage"},"thumbnailUrl":"https:\/\/www.agoracademie.com\/blog\/wp-content\/uploads\/2025\/05\/reflexologie_tregueux-1024x511.jpg","datePublished":"2025-05-12T14:46:12+00:00","dateModified":"2025-07-11T14:26:31+00:00","author":{"@id":"https:\/\/www.agoracademie.com\/blog\/#\/schema\/person\/c2f110c50be7dcecc05cb4e87f32537f"},"description":"Vous \u00eates \u00e0 la recherche d'un cabinet de r\u00e9flexologie plantaire et palmaire \u00e0 Tr\u00e9gueux proche de Saint-Brieuc ?","breadcrumb":{"@id":"https:\/\/www.agoracademie.com\/blog\/reflexologie-tregueux-saint-brieuc\/#breadcrumb"},"inLanguage":"fr-FR","potentialAction":[{"@type":"ReadAction","target":["https:\/\/www.agoracademie.com\/blog\/reflexologie-tregueux-saint-brieuc\/"]}]},{"@type":"ImageObject","inLanguage":"fr-FR","@id":"https:\/\/www.agoracademie.com\/blog\/reflexologie-tregueux-saint-brieuc\/#primaryimage","url":"https:\/\/www.agoracademie.com\/blog\/wp-content\/uploads\/2025\/05\/reflexologie_tregueux.jpg","contentUrl":"https:\/\/www.agoracademie.com\/blog\/wp-content\/uploads\/2025\/05\/reflexologie_tregueux.jpg","width":1079,"height":538},{"@type":"BreadcrumbList","@id":"https:\/\/www.agoracademie.com\/blog\/reflexologie-tregueux-saint-brieuc\/#breadcrumb","itemListElement":[{"@type":"ListItem","position":1,"name":"Accueil","item":"https:\/\/www.agoracademie.com\/blog\/"},{"@type":"ListItem","position":2,"name":"R\u00e9flexologie \u00e0 Tr\u00e9gueux proche de Saint-Brieuc"}]},{"@type":"WebSite","@id":"https:\/\/www.agoracademie.com\/blog\/#website","url":"https:\/\/www.agoracademie.com\/blog\/","name":"Blog Agoracad\u00e9mie - Centre de formation en ligne et \u00e0 distance","description":"Le blog du d\u00e9veloppement personnel et des th\u00e9rapies","potentialAction":[{"@type":"SearchAction","target":{"@type":"EntryPoint","urlTemplate":"https:\/\/www.agoracademie.com\/blog\/?s={search_term_string}"},"query-input":{"@type":"PropertyValueSpecification","valueRequired":true,"valueName":"search_term_string"}}],"inLanguage":"fr-FR"},{"@type":"Person","@id":"https:\/\/www.agoracademie.com\/blog\/#\/schema\/person\/c2f110c50be7dcecc05cb4e87f32537f","name":"Laurent Bertrel","image":{"@type":"ImageObject","inLanguage":"fr-FR","@id":"https:\/\/secure.gravatar.com\/avatar\/45841390e6db2f4064cc5f84ee39189cf562b1de36eb5b1b7cc82dee445813a4?s=96&r=g","url":"https:\/\/secure.gravatar.com\/avatar\/45841390e6db2f4064cc5f84ee39189cf562b1de36eb5b1b7cc82dee445813a4?s=96&r=g","contentUrl":"https:\/\/secure.gravatar.com\/avatar\/45841390e6db2f4064cc5f84ee39189cf562b1de36eb5b1b7cc82dee445813a4?s=96&r=g","caption":"Laurent Bertrel"},"description":"Laurent Bertrel est le fondateur d'Agoracad\u00e9mie. Titulaire d'une licence en sciences humaines et sociales, d'une ma\u00eetrise et d'un master en psychanalyse, d'un master en \u00e9tudes culturelles parcours \u00e9tudes de genre, du DU connaissances g\u00e9n\u00e9rales de la personne \u00e2g\u00e9e, il est aussi form\u00e9 \u00e0 diff\u00e9rentes approches dont la PNL, la sophrologie, la relaxation, l'hypnose, le coaching, la m\u00e9ditation, les arts martiaux, etc. Auteur de plus de 40 ouvrages, dont 18 livres, il anime plusieurs formations sur Agoracad\u00e9mie et r\u00e9pondra au message que vous allez laisser ci-dessous.","sameAs":["https:\/\/www.agoracademie.com\/"]}]}},"acf":[],"_links":{"self":[{"href":"https:\/\/www.agoracademie.com\/blog\/wp-json\/wp\/v2\/posts\/21547","targetHints":{"allow":["GET"]}}],"collection":[{"href":"https:\/\/www.agoracademie.com\/blog\/wp-json\/wp\/v2\/posts"}],"about":[{"href":"https:\/\/www.agoracademie.com\/blog\/wp-json\/wp\/v2\/types\/post"}],"author":[{"embeddable":true,"href":"https:\/\/www.agoracademie.com\/blog\/wp-json\/wp\/v2\/users\/2"}],"replies":[{"embeddable":true,"href":"https:\/\/www.agoracademie.com\/blog\/wp-json\/wp\/v2\/comments?post=21547"}],"version-history":[{"count":5,"href":"https:\/\/www.agoracademie.com\/blog\/wp-json\/wp\/v2\/posts\/21547\/revisions"}],"predecessor-version":[{"id":21743,"href":"https:\/\/www.agoracademie.com\/blog\/wp-json\/wp\/v2\/posts\/21547\/revisions\/21743"}],"wp:attachment":[{"href":"https:\/\/www.agoracademie.com\/blog\/wp-json\/wp\/v2\/media?parent=21547"}],"wp:term":[{"taxonomy":"category","embeddable":true,"href":"https:\/\/www.agoracademie.com\/blog\/wp-json\/wp\/v2\/categories?post=21547"},{"taxonomy":"post_tag","embeddable":true,"href":"https:\/\/www.agoracademie.com\/blog\/wp-json\/wp\/v2\/tags?post=21547"}],"curies":[{"name":"wp","href":"https:\/\/api.w.org\/{rel}","templated":true}]}}