{"id":22450,"date":"2025-09-25T14:47:05","date_gmt":"2025-09-25T12:47:05","guid":{"rendered":"https:\/\/www.agoracademie.com\/blog\/?p=22450"},"modified":"2025-09-25T14:47:05","modified_gmt":"2025-09-25T12:47:05","slug":"formation-metier-du-bien-etre","status":"publish","type":"post","link":"https:\/\/www.agoracademie.com\/blog\/formation-metier-du-bien-etre\/","title":{"rendered":"Formation m\u00e9tier du bien \u00eatre"},"content":{"rendered":"<div class=\"wp-block-image\">\n<figure class=\"aligncenter size-large\"><img loading=\"lazy\" decoding=\"async\" width=\"1024\" height=\"511\" src=\"https:\/\/www.agoracademie.com\/blog\/wp-content\/uploads\/2025\/09\/formation_metier_du_bien_etre-1024x511.jpg\" alt=\"Formation m\u00e9tier du bien \u00eatre\" class=\"wp-image-22451\" srcset=\"https:\/\/www.agoracademie.com\/blog\/wp-content\/uploads\/2025\/09\/formation_metier_du_bien_etre-1024x511.jpg 1024w, https:\/\/www.agoracademie.com\/blog\/wp-content\/uploads\/2025\/09\/formation_metier_du_bien_etre-300x150.jpg 300w, https:\/\/www.agoracademie.com\/blog\/wp-content\/uploads\/2025\/09\/formation_metier_du_bien_etre-768x383.jpg 768w, https:\/\/www.agoracademie.com\/blog\/wp-content\/uploads\/2025\/09\/formation_metier_du_bien_etre.jpg 1079w\" sizes=\"auto, (max-width: 1024px) 100vw, 1024px\" \/><figcaption class=\"wp-element-caption\">Choisir le bon m\u00e9tier, c&rsquo;est \u00eatre heureux\u00b7se partout !<\/figcaption><\/figure><div id=\"ez-toc-container\" class=\"ez-toc-v2_0_82_2 ez-toc-wrap-center counter-hierarchy ez-toc-counter ez-toc-transparent ez-toc-container-direction\">\n<div class=\"ez-toc-title-container\">\n<p class=\"ez-toc-title\" style=\"cursor:inherit\">Sommaire<\/p>\n<span class=\"ez-toc-title-toggle\"><a href=\"#\" class=\"ez-toc-pull-right ez-toc-btn ez-toc-btn-xs ez-toc-btn-default ez-toc-toggle\" aria-label=\"Toggle Table of Content\"><span class=\"ez-toc-js-icon-con\"><span class=\"\"><span class=\"eztoc-hide\" style=\"display:none;\">Toggle<\/span><span class=\"ez-toc-icon-toggle-span\"><svg style=\"fill: #999;color:#999\" xmlns=\"http:\/\/www.w3.org\/2000\/svg\" class=\"list-377408\" width=\"20px\" height=\"20px\" viewBox=\"0 0 24 24\" fill=\"none\"><path d=\"M6 6H4v2h2V6zm14 0H8v2h12V6zM4 11h2v2H4v-2zm16 0H8v2h12v-2zM4 16h2v2H4v-2zm16 0H8v2h12v-2z\" fill=\"currentColor\"><\/path><\/svg><svg style=\"fill: #999;color:#999\" class=\"arrow-unsorted-368013\" xmlns=\"http:\/\/www.w3.org\/2000\/svg\" width=\"10px\" height=\"10px\" viewBox=\"0 0 24 24\" version=\"1.2\" baseProfile=\"tiny\"><path d=\"M18.2 9.3l-6.2-6.3-6.2 6.3c-.2.2-.3.4-.3.7s.1.5.3.7c.2.2.4.3.7.3h11c.3 0 .5-.1.7-.3.2-.2.3-.5.3-.7s-.1-.5-.3-.7zM5.8 14.7l6.2 6.3 6.2-6.3c.2-.2.3-.5.3-.7s-.1-.5-.3-.7c-.2-.2-.4-.3-.7-.3h-11c-.3 0-.5.1-.7.3-.2.2-.3.5-.3.7s.1.5.3.7z\"\/><\/svg><\/span><\/span><\/span><\/a><\/span><\/div>\n<nav><ul class='ez-toc-list ez-toc-list-level-1 ' ><li class='ez-toc-page-1 ez-toc-heading-level-2'><a class=\"ez-toc-link ez-toc-heading-1\" href=\"https:\/\/www.agoracademie.com\/blog\/formation-metier-du-bien-etre\/#Formation_metier_du_bien_etre_bien_choisir\" >Formation m\u00e9tier du bien \u00eatre\u00a0: bien choisir<\/a><\/li><li class='ez-toc-page-1 ez-toc-heading-level-2'><a class=\"ez-toc-link ez-toc-heading-2\" href=\"https:\/\/www.agoracademie.com\/blog\/formation-metier-du-bien-etre\/#Formation_metier_du_bien_etre_notre_catalogue\" >Formation m\u00e9tier du bien \u00eatre\u00a0: notre catalogue<\/a><ul class='ez-toc-list-level-3' ><li class='ez-toc-heading-level-3'><a class=\"ez-toc-link ez-toc-heading-3\" href=\"https:\/\/www.agoracademie.com\/blog\/formation-metier-du-bien-etre\/#Formation_metier_du_bien_etre\" >Formation m\u00e9tier du bien \u00eatre<\/a><\/li><\/ul><\/li><li class='ez-toc-page-1 ez-toc-heading-level-2'><a class=\"ez-toc-link ez-toc-heading-4\" href=\"https:\/\/www.agoracademie.com\/blog\/formation-metier-du-bien-etre\/#Comment_bien_choisir_sa_formation\" >Comment bien choisir sa formation\u00a0?<\/a><ul class='ez-toc-list-level-3' ><li class='ez-toc-heading-level-3'><a class=\"ez-toc-link ez-toc-heading-5\" href=\"https:\/\/www.agoracademie.com\/blog\/formation-metier-du-bien-etre\/#1_Quel_est_votre_projet\" >1. Quel est votre projet\u00a0?<\/a><\/li><li class='ez-toc-page-1 ez-toc-heading-level-3'><a class=\"ez-toc-link ez-toc-heading-6\" href=\"https:\/\/www.agoracademie.com\/blog\/formation-metier-du-bien-etre\/#2_Quels_sont_les_debouches\" >2. Quels sont les d\u00e9bouch\u00e9s\u00a0?<\/a><\/li><li class='ez-toc-page-1 ez-toc-heading-level-3'><a class=\"ez-toc-link ez-toc-heading-7\" href=\"https:\/\/www.agoracademie.com\/blog\/formation-metier-du-bien-etre\/#3_Quelle_formation\" >3. Quelle formation\u00a0?<\/a><\/li><li class='ez-toc-page-1 ez-toc-heading-level-3'><a class=\"ez-toc-link ez-toc-heading-8\" href=\"https:\/\/www.agoracademie.com\/blog\/formation-metier-du-bien-etre\/#4_Qui_va_payer\" >4. Qui va payer\u00a0?<\/a><\/li><\/ul><\/li><\/ul><\/nav><\/div>\n\n<\/div>\n\n\n<h2 class=\"wp-block-heading\"><span class=\"ez-toc-section\" id=\"Formation_metier_du_bien_etre_bien_choisir\"><\/span>Formation m\u00e9tier du bien \u00eatre\u00a0: bien choisir<span class=\"ez-toc-section-end\"><\/span><\/h2>\n\n\n\n<p>Le choix de sa formation m\u00e9tier du bien \u00eatre est d\u00e9licat.<\/p>\n\n\n\n<p>En effet, vous avez une multitude de propositions, surtout si vous regardez du c\u00f4t\u00e9 de l&rsquo;enseignement \u00e0 distance.<\/p>\n\n\n\n<p>Mais alors, comment choisir, et surtout bien choisir sa formation m\u00e9tier du bien \u00eatre&nbsp;?<\/p>\n\n\n\n<p>Voil\u00e0 ce que nous allons voir ici ensemble&nbsp;!<\/p>\n\n\n\n<!--more-->\n\n\n\n<p>Mais tout d&rsquo;abord, d\u00e9couvrez notre catalogue&nbsp;!<\/p>\n\n\n\n<h2 class=\"wp-block-heading\"><span class=\"ez-toc-section\" id=\"Formation_metier_du_bien_etre_notre_catalogue\"><\/span>Formation m\u00e9tier du bien \u00eatre\u00a0: notre catalogue<span class=\"ez-toc-section-end\"><\/span><\/h2>\n\n\n\n<p>Nous proposons de nombreuses formations notamment dans le secteur du bien \u00eatre&nbsp;:<\/p>\n\n\n\n<ul class=\"wp-block-list\">\n<li><a href=\"https:\/\/www.agoracademie.com\/academie\/devenir-sophrologue\">sophrologie<\/a>,<\/li>\n\n\n\n<li><a href=\"https:\/\/www.agoracademie.com\/academie\/formation-relaxologue-a-distance\">relaxation<\/a>,<\/li>\n\n\n\n<li><a href=\"https:\/\/www.agoracademie.com\/academie\/formation-a-distance-gestion-du-stress-et-emotions\">gestion du stress<\/a>,<\/li>\n\n\n\n<li>r\u00e9flexologie,<\/li>\n\n\n\n<li>naturopathie,<\/li>\n\n\n\n<li>magn\u00e9tisme,<\/li>\n\n\n\n<li>coaching sp\u00e9cialis\u00e9 (de vie, en d\u00e9veloppement personnel&#8230;), etc.<\/li>\n<\/ul>\n\n\n\n<p>Toutes ces formations sont disponibles <strong>en ligne et \u00e0 distance<\/strong>.<\/p>\n\n\n\n<p>Vous pouvez donc d\u00e9buter d\u00e8s maintenant si vous le souhaitez&nbsp;!<\/p>\n\n\n\n<p>De plus, elles sont propos\u00e9es \u00e0 un <strong>prix tr\u00e8s raisonnable<\/strong>, et parfois \u00e0 <strong>prix r\u00e9duit<\/strong>.<\/p>\n\n\n\n<p>Enfin, en fonction de la formation et de votre situation, un <strong>financement<\/strong> peut s&rsquo;envisager.<\/p>\n\n\n\n<p>Alors, renseignez-vous&nbsp;!!!<\/p>\n\n\n\n<div class=\"wp-block-magic-content-box-content-box aligncenter magic-content-box-4f379a2e-04e6-4 magic-content-box-contentBox block-wrapper-background content-align-center\"><style>.magic-content-box-4f379a2e-04e6-4 .magic-content-box-content-wrapper{text-align:center;margin-top:30px;margin-bottom:30px}.magic-content-box-4f379a2e-04e6-4 .magic-content-box-section-header-wrapper{border-color:#ff201f}.magic-content-box-4f379a2e-04e6-4 .magic-content-box-mainheader-wrap{box-shadow:0px 6px 12px -10px #000;border-radius:5px;background-color:#fff}.magic-content-box-4f379a2e-04e6-4 .magic-content-box-section-wrapper{padding-top:30px;padding-right:30px;padding-bottom:30px;padding-left:30px;margin-top:0px;margin-right:0px;margin-bottom:0px;margin-left:0px}.magic-content-box-4f379a2e-04e6-4 .magic-content-box-section-head-wrap{text-align:center;padding-top:0px;padding-right:0px;padding-bottom:0px;margin-top:0px;margin-bottom:0px;padding-left:0px}.magic-content-box-4f379a2e-04e6-4 .magic-content-box-section-head-wrap .magic-content-box-title{color:#404040;font-size:32px;font-family:Default;padding-top:5px;padding-bottom:5px}.magic-content-box-4f379a2e-04e6-4 .magic-content-box-section-head-wrap .magic-content-box-subtitle{color:#6d6d6d;font-size:18px;font-family:Default;padding-top:5px;padding-bottom:5px}.magic-content-box-4f379a2e-04e6-4 .magic-content-box-title-dash{color:#ff201f}.magic-content-box-4f379a2e-04e6-4 .magic-content-box-block-button span{color:#fff;border-width:1px;font-size:16px;font-family:Default}.magic-content-box-4f379a2e-04e6-4 .magic-content-box-block-button .magic-content-box-button{background-color:#ff201f}.magic-content-box-4f379a2e-04e6-4 .magic-content-box-block-button i{color:#fff;font-size:13px}.magic-content-box-4f379a2e-04e6-4 .magic-content-box-block-button{margin-top:10px;margin-bottom:10px}.magic-content-box-4f379a2e-04e6-4 .magic-content-box-button{padding-top:5px;padding-right:15px;padding-bottom:5px;padding-left:15px}@media screen and (max-width:1025px){.magic-content-box-4f379a2e-04e6-4 .magic-content-box-section-head-wrap .magic-content-box-title{font-size:undefinedpx}.magic-content-box-4f379a2e-04e6-4 .magic-content-box-section-head-wrap .magic-content-box-subtitle{font-size:undefinedpx}.magic-content-box-4f379a2e-04e6-4 .magic-content-box-block-button span{font-size:undefinedpx}.magic-content-box-4f379a2e-04e6-4 .magic-content-box-block-button i{font-size:px}}@media screen and (max-width:767px){.magic-content-box-4f379a2e-04e6-4 .magic-content-box-section-head-wrap .magic-content-box-title{font-size:undefinedpx}.magic-content-box-4f379a2e-04e6-4 .magic-content-box-section-head-wrap .magic-content-box-subtitle{font-size:undefinedpx}.magic-content-box-4f379a2e-04e6-4 .magic-content-box-block-button span{font-size:undefinedpx}.magic-content-box-4f379a2e-04e6-4 .magic-content-box-block-button i{font-size:px}}<\/style><div class=\"content-wrapper-inner\"><div class=\"magic-content-box-content-wrapper magic-content-box-blocks reverse-img has-background style-1\"><div class=\"content-img-wrap\"><img decoding=\"async\" src=\"https:\/\/www.agoracademie.com\/blog\/wp-content\/uploads\/2025\/05\/formation-stress.jpg\" alt=\"Formation bien \u00eatre\" class=\"\"\/><\/div><div class=\"magic-content-box-section-wrapper magic-content-box-mainheader-wrap\"><div class=\"magic-content-box-section-header-wrapper magic-content-box-blocks\"><div class=\"magic-content-box-section-head-wrap magic-content-box-style1 magic-content-box-center\"><div class=\"magic-content-box-title-wrapper\"><span class=\"magic-content-box-title-dash magic-content-box-upper-dash\"><\/span><h3 class=\"magic-content-box-title\"><span class=\"ez-toc-section\" id=\"Formation_metier_du_bien_etre\"><\/span>Formation m\u00e9tier du bien \u00eatre<span class=\"ez-toc-section-end\"><\/span><\/h3><span class=\"magic-content-box-title-dash magic-content-box-lower-dash\"><\/span><\/div><div class=\"magic-content-box-subtitle-wrapper\"><span class=\"magic-content-box-title-dash magic-content-box-upper-dash\"><\/span><p class=\"magic-content-box-subtitle\">D\u00e9couvrez notre catalogue !<\/p><span class=\"magic-content-box-title-dash magic-content-box-lower-dash\"><\/span><\/div><\/div><\/div><div class=\"magic-content-box-desc-btn-wrap\"><div class=\"magic-content-box-block-button\"><a href=\"https:\/\/www.agoracademie.com\/academie\" class=\"magic-content-box-button magic-content-box-button-shape-rounded magic-content-box-button-size-small hover-style-1 btn-icon-left\"><span>CATALOGUE<\/span><\/a><\/div><\/div><\/div><\/div><\/div><\/div>\n\n\n\n<h2 class=\"wp-block-heading\"><span class=\"ez-toc-section\" id=\"Comment_bien_choisir_sa_formation\"><\/span>Comment bien choisir sa formation\u00a0?<span class=\"ez-toc-section-end\"><\/span><\/h2>\n\n\n\n<h3 class=\"wp-block-heading\"><span class=\"ez-toc-section\" id=\"1_Quel_est_votre_projet\"><\/span>1. Quel est votre projet\u00a0?<span class=\"ez-toc-section-end\"><\/span><\/h3>\n\n\n\n<p>Oui, quel est votre objectif&nbsp;?<\/p>\n\n\n\n<p>Que voulez-vous faire exactement&nbsp;?<\/p>\n\n\n\n<p>Comme le secteur du bien \u00eatre est immense, c&rsquo;est en r\u00e9pondant \u00e0 cette question que vous allez pouvoir orienter votre recherche dans la bonne direction.<\/p>\n\n\n\n<p>Ainsi, dans quel secteur pr\u00e9cis du bien \u00eatre voulez-vous exercer&nbsp;?<\/p>\n\n\n\n<ul class=\"wp-block-list\">\n<li>L&rsquo;accompagnement psychocorporel\u00a0?<\/li>\n\n\n\n<li>Le travail \u00e9nerg\u00e9tique\u00a0?<\/li>\n\n\n\n<li>La relaxation\u00a0?<\/li>\n\n\n\n<li>Ou encore la relation d&rsquo;aide\u00a0?&#8230;<\/li>\n<\/ul>\n\n\n\n<p>Prenez ici le temps de d\u00e9finir le secteur particulier qui vous int\u00e9resse vraiment.<\/p>\n\n\n\n<h3 class=\"wp-block-heading\"><span class=\"ez-toc-section\" id=\"2_Quels_sont_les_debouches\"><\/span>2. Quels sont les d\u00e9bouch\u00e9s\u00a0?<span class=\"ez-toc-section-end\"><\/span><\/h3>\n\n\n\n<p>Une fois le secteur d\u00e9limit\u00e9, assurez-vous qu&rsquo;il y a bien de la demande.<\/p>\n\n\n\n<p>Cela pour \u00e9viter de suivre une formation m\u00e9tier du bien \u00eatre juste pour le plaisir d&rsquo;apprendre.<\/p>\n\n\n\n<p>Certes, c&rsquo;est essentiel de se faire plaisir.<\/p>\n\n\n\n<p>Mais l&rsquo;int\u00e9r\u00eat d&rsquo;une reconversion est d&rsquo;atteindre son but, c&rsquo;est-\u00e0-dire de vivre, au moins en partie, de sa nouvelle activit\u00e9 professionnelle.<\/p>\n\n\n\n<p>Pas juste d&rsquo;apprendre pour le plaisir d&rsquo;apprendre.<\/p>\n\n\n\n<p>Le secteur d&rsquo;activit\u00e9 qui fonctionne bien actuellement est la <strong>gestion du stress et des \u00e9motions<\/strong>.<\/p>\n\n\n\n<p>En effet, depuis la pand\u00e9mie et \u00e0 cause de la situation \u00e9conomique et politique, de l&rsquo;\u00e9cologie aussi (\u00e9co-anxi\u00e9t\u00e9), de nombreuses demandes apparaissent.<\/p>\n\n\n\n<p>Que ce soit en&nbsp;:<\/p>\n\n\n\n<ul class=\"wp-block-list\">\n<li>coaching,<\/li>\n\n\n\n<li>th\u00e9rapie,<\/li>\n\n\n\n<li>consulting,<\/li>\n\n\n\n<li>formation,<\/li>\n<\/ul>\n\n\n\n<p>la demande est actuellement particuli\u00e8rement forte.<\/p>\n\n\n\n<p>Aussi, prenez le temps de d\u00e9finir si votre projet r\u00e9pond bien \u00e0 une demande aussi forte.<\/p>\n\n\n\n<p>Ou, si non, si la demande est suffisamment importante pour assurer sa viabilit\u00e9.<\/p>\n\n\n\n<p>Dans le cas contraire, il est alors encore possible de revoir votre copie pour mieux vous adapter \u00e0 la demande.<\/p>\n\n\n\n<h3 class=\"wp-block-heading\"><span class=\"ez-toc-section\" id=\"3_Quelle_formation\"><\/span>3. Quelle formation\u00a0?<span class=\"ez-toc-section-end\"><\/span><\/h3>\n\n\n\n<p>Maintenant que vous \u00eates certain\u00b7e d&rsquo;\u00eatre en ad\u00e9quation avec le march\u00e9, le temps de choisir la bonne formation m\u00e9tier du bien \u00eatre est venu.<\/p>\n\n\n\n<h4 class=\"wp-block-heading\">Le programme<\/h4>\n\n\n\n<p>C&rsquo;est le programme qu&rsquo;il convient de choisir en premier.<\/p>\n\n\n\n<p>Correspond-il bien \u00e0 100 % \u00e0 vos besoins&nbsp;?<\/p>\n\n\n\n<p>Dans le cas contraire, continuez \u00e0 chercher&nbsp;!<\/p>\n\n\n\n<p>D&rsquo;autre part, comme il est important de comparer pour bien choisir, retenez au moins <strong>trois programmes diff\u00e9rents<\/strong>.<\/p>\n\n\n\n<p>Ainsi, ne vous contentez jamais d&rsquo;un coup de c\u0153ur ou d&rsquo;un prix si r\u00e9duit que le programme fera bien l&rsquo;affaire&#8230;<\/p>\n\n\n\n<h4 class=\"wp-block-heading\">Le mode d&rsquo;enseignement<\/h4>\n\n\n\n<p>Ensuite, c&rsquo;est le mode d&rsquo;enseignement qu&rsquo;il faudra s\u00e9lectionner.<\/p>\n\n\n\n<p>Avec l&rsquo;av\u00e8nement d&rsquo;Internet, vous avez maintenant le choix entre&nbsp;:<\/p>\n\n\n\n<ul class=\"wp-block-list\">\n<li>le pr\u00e9sentiel,<\/li>\n\n\n\n<li>le distanciel,<\/li>\n\n\n\n<li>et une version hybride (pr\u00e9sentiel + distanciel).<\/li>\n<\/ul>\n\n\n\n<p>Qu&rsquo;est-ce qui correspond le mieux \u00e0 <strong>votre mode pr\u00e9f\u00e9r\u00e9 d&rsquo;apprentissage<\/strong>&nbsp;?<\/p>\n\n\n\n<p>Et \u00e0 votre budget aussi&nbsp;?&#8230;<\/p>\n\n\n\n<h4 class=\"wp-block-heading\">La formatrice ou le formateur<\/h4>\n\n\n\n<p>Qui est la personne qui va vous accompagner&nbsp;?<\/p>\n\n\n\n<p>Ou quelles sont-elles, si elles sont plusieurs&nbsp;?<\/p>\n\n\n\n<p>C&rsquo;est sans doute le point le plus important, puisque c&rsquo;est avec cette personne que vous allez mettre le pied \u00e0 l&rsquo;\u00e9trier.<\/p>\n\n\n\n<p>Par cons\u00e9quent, il convient de lui faire confiance, afin de partir du bon pied dans votre nouveau m\u00e9tier.<\/p>\n\n\n\n<p>Aussi, quel est son parcours&nbsp;?<\/p>\n\n\n\n<p>Est-elle une professionnelle confirm\u00e9e du m\u00e9tier qu&rsquo;elle enseigne&nbsp;?<\/p>\n\n\n\n<p>Et a-t-elle bien suivi une formation de formateur\u00b7trice&nbsp;?<\/p>\n\n\n\n<p>Car conna\u00eetre son m\u00e9tier est une chose incontournable, mais savoir le retransmettre est essentiel.<\/p>\n\n\n\n<p><strong>Notre conseil&nbsp;:<\/strong><\/p>\n\n\n\n<p>Pour vous assurer que le contact passera bien entre vous, nous vous recommandons vivement de contacter cette personne AVANT de vous inscrire&nbsp;!<\/p>\n\n\n\n<h3 class=\"wp-block-heading\"><span class=\"ez-toc-section\" id=\"4_Qui_va_payer\"><\/span>4. Qui va payer\u00a0?<span class=\"ez-toc-section-end\"><\/span><\/h3>\n\n\n\n<p>Il existe plusieurs possibilit\u00e9s de financement.<\/p>\n\n\n\n<p>La premi\u00e8re est bien entendu l&rsquo;<strong>autofinancement<\/strong>.<\/p>\n\n\n\n<p>Avec les prix relativement bas, gr\u00e2ce \u00e0 la concurrence notamment sur Internet, c&rsquo;est bien souvent le choix qui est fait.<\/p>\n\n\n\n<p>C&rsquo;est simple et permet de d\u00e9buter son apprentissage imm\u00e9diatement.<\/p>\n\n\n\n<p>Mais, en fonction du co\u00fbt total, une <strong>participation financi\u00e8re<\/strong> pourrait \u00eatre n\u00e9cessaire.<\/p>\n\n\n\n<p>Pour en savoir plus sur ce sujet, nous vous invitons \u00e0 lire notre article <a href=\"https:\/\/www.agoracademie.com\/blog\/formation-de-sophrologie-gratuite\/\">formation de sophrologie gratuite<\/a>.<\/p>\n\n\n\n<p>Ce qui est valable pour la sophrologie l&rsquo;est aussi, dans les grandes lignes, pour d&rsquo;autres m\u00e9thodes.<\/p>\n\n\n\n<p>N&rsquo;h\u00e9sitez pas \u00e0 nous contacter pour toute information compl\u00e9mentaire\u00a0!<\/p>\n\n\n\n<p><\/p>\n","protected":false},"excerpt":{"rendered":"<p>Formation m\u00e9tier du bien \u00eatre\u00a0: bien choisir Le choix de sa formation m\u00e9tier du bien \u00eatre est d\u00e9licat. En effet, vous avez une multitude de propositions, surtout si vous regardez du c\u00f4t\u00e9 de l&rsquo;enseignement \u00e0 distance. Mais alors, comment choisir, et surtout bien choisir sa formation m\u00e9tier du bien \u00eatre&nbsp;? Voil\u00e0 ce que nous allons voir ici ensemble&nbsp;!<\/p>\n","protected":false},"author":2,"featured_media":0,"comment_status":"open","ping_status":"closed","sticky":false,"template":"","format":"standard","meta":{"_bbp_topic_count":0,"_bbp_reply_count":0,"_bbp_total_topic_count":0,"_bbp_total_reply_count":0,"_bbp_voice_count":0,"_bbp_anonymous_reply_count":0,"_bbp_topic_count_hidden":0,"_bbp_reply_count_hidden":0,"_bbp_forum_subforum_count":0,"footnotes":""},"categories":[6],"tags":[],"class_list":["post-22450","post","type-post","status-publish","format-standard","hentry","category-formation-en-developpement-personnel"],"yoast_head":"<!-- This site is optimized with the Yoast SEO plugin v27.4 - https:\/\/yoast.com\/product\/yoast-seo-wordpress\/ -->\n<title>Formation m\u00e9tier du bien \u00eatre en 4 questions - Agoracad\u00e9mie<\/title>\n<meta name=\"description\" content=\"Comment bien choisir sa formation m\u00e9tier du bien \u00eatre\u00a0? Et quelles formations proposons-nous pour votre reconversion professionnelle\u00a0?\" \/>\n<meta name=\"robots\" content=\"index, follow, max-snippet:-1, max-image-preview:large, max-video-preview:-1\" \/>\n<link rel=\"canonical\" href=\"https:\/\/www.agoracademie.com\/blog\/formation-metier-du-bien-etre\/\" \/>\n<meta property=\"og:locale\" content=\"fr_FR\" \/>\n<meta property=\"og:type\" content=\"article\" \/>\n<meta property=\"og:title\" content=\"Formation m\u00e9tier du bien \u00eatre en 4 questions - Agoracad\u00e9mie\" \/>\n<meta property=\"og:description\" content=\"Comment bien choisir sa formation m\u00e9tier du bien \u00eatre\u00a0? Et quelles formations proposons-nous pour votre reconversion professionnelle\u00a0?\" \/>\n<meta property=\"og:url\" content=\"https:\/\/www.agoracademie.com\/blog\/formation-metier-du-bien-etre\/\" \/>\n<meta property=\"og:site_name\" content=\"Agoracad\u00e9mie\" \/>\n<meta property=\"article:published_time\" content=\"2025-09-25T12:47:05+00:00\" \/>\n<meta property=\"og:image\" content=\"https:\/\/www.agoracademie.com\/blog\/wp-content\/uploads\/2025\/09\/formation_metier_du_bien_etre.jpg\" \/>\n\t<meta property=\"og:image:width\" content=\"1079\" \/>\n\t<meta property=\"og:image:height\" content=\"538\" \/>\n\t<meta property=\"og:image:type\" content=\"image\/jpeg\" \/>\n<meta name=\"author\" content=\"Laurent Bertrel\" \/>\n<meta name=\"twitter:label1\" content=\"\u00c9crit par\" \/>\n\t<meta name=\"twitter:data1\" content=\"Laurent Bertrel\" \/>\n\t<meta name=\"twitter:label2\" content=\"Dur\u00e9e de lecture estim\u00e9e\" \/>\n\t<meta name=\"twitter:data2\" content=\"5 minutes\" \/>\n<script type=\"application\/ld+json\" class=\"yoast-schema-graph\">{\"@context\":\"https:\\\/\\\/schema.org\",\"@graph\":[{\"@type\":\"Article\",\"@id\":\"https:\\\/\\\/www.agoracademie.com\\\/blog\\\/formation-metier-du-bien-etre\\\/#article\",\"isPartOf\":{\"@id\":\"https:\\\/\\\/www.agoracademie.com\\\/blog\\\/formation-metier-du-bien-etre\\\/\"},\"author\":{\"name\":\"Laurent Bertrel\",\"@id\":\"https:\\\/\\\/www.agoracademie.com\\\/blog\\\/#\\\/schema\\\/person\\\/c2f110c50be7dcecc05cb4e87f32537f\"},\"headline\":\"Formation m\u00e9tier du bien \u00eatre\",\"datePublished\":\"2025-09-25T12:47:05+00:00\",\"mainEntityOfPage\":{\"@id\":\"https:\\\/\\\/www.agoracademie.com\\\/blog\\\/formation-metier-du-bien-etre\\\/\"},\"wordCount\":883,\"commentCount\":0,\"image\":{\"@id\":\"https:\\\/\\\/www.agoracademie.com\\\/blog\\\/formation-metier-du-bien-etre\\\/#primaryimage\"},\"thumbnailUrl\":\"https:\\\/\\\/www.agoracademie.com\\\/blog\\\/wp-content\\\/uploads\\\/2025\\\/09\\\/formation_metier_du_bien_etre-1024x511.jpg\",\"articleSection\":[\"Formation\"],\"inLanguage\":\"fr-FR\",\"potentialAction\":[{\"@type\":\"CommentAction\",\"name\":\"Comment\",\"target\":[\"https:\\\/\\\/www.agoracademie.com\\\/blog\\\/formation-metier-du-bien-etre\\\/#respond\"]}]},{\"@type\":\"WebPage\",\"@id\":\"https:\\\/\\\/www.agoracademie.com\\\/blog\\\/formation-metier-du-bien-etre\\\/\",\"url\":\"https:\\\/\\\/www.agoracademie.com\\\/blog\\\/formation-metier-du-bien-etre\\\/\",\"name\":\"Formation m\u00e9tier du bien \u00eatre en 4 questions - Agoracad\u00e9mie\",\"isPartOf\":{\"@id\":\"https:\\\/\\\/www.agoracademie.com\\\/blog\\\/#website\"},\"primaryImageOfPage\":{\"@id\":\"https:\\\/\\\/www.agoracademie.com\\\/blog\\\/formation-metier-du-bien-etre\\\/#primaryimage\"},\"image\":{\"@id\":\"https:\\\/\\\/www.agoracademie.com\\\/blog\\\/formation-metier-du-bien-etre\\\/#primaryimage\"},\"thumbnailUrl\":\"https:\\\/\\\/www.agoracademie.com\\\/blog\\\/wp-content\\\/uploads\\\/2025\\\/09\\\/formation_metier_du_bien_etre-1024x511.jpg\",\"datePublished\":\"2025-09-25T12:47:05+00:00\",\"author\":{\"@id\":\"https:\\\/\\\/www.agoracademie.com\\\/blog\\\/#\\\/schema\\\/person\\\/c2f110c50be7dcecc05cb4e87f32537f\"},\"description\":\"Comment bien choisir sa formation m\u00e9tier du bien \u00eatre\u00a0? Et quelles formations proposons-nous pour votre reconversion professionnelle\u00a0?\",\"breadcrumb\":{\"@id\":\"https:\\\/\\\/www.agoracademie.com\\\/blog\\\/formation-metier-du-bien-etre\\\/#breadcrumb\"},\"inLanguage\":\"fr-FR\",\"potentialAction\":[{\"@type\":\"ReadAction\",\"target\":[\"https:\\\/\\\/www.agoracademie.com\\\/blog\\\/formation-metier-du-bien-etre\\\/\"]}]},{\"@type\":\"ImageObject\",\"inLanguage\":\"fr-FR\",\"@id\":\"https:\\\/\\\/www.agoracademie.com\\\/blog\\\/formation-metier-du-bien-etre\\\/#primaryimage\",\"url\":\"https:\\\/\\\/www.agoracademie.com\\\/blog\\\/wp-content\\\/uploads\\\/2025\\\/09\\\/formation_metier_du_bien_etre.jpg\",\"contentUrl\":\"https:\\\/\\\/www.agoracademie.com\\\/blog\\\/wp-content\\\/uploads\\\/2025\\\/09\\\/formation_metier_du_bien_etre.jpg\",\"width\":1079,\"height\":538},{\"@type\":\"BreadcrumbList\",\"@id\":\"https:\\\/\\\/www.agoracademie.com\\\/blog\\\/formation-metier-du-bien-etre\\\/#breadcrumb\",\"itemListElement\":[{\"@type\":\"ListItem\",\"position\":1,\"name\":\"Accueil\",\"item\":\"https:\\\/\\\/www.agoracademie.com\\\/blog\\\/\"},{\"@type\":\"ListItem\",\"position\":2,\"name\":\"Formation m\u00e9tier du bien \u00eatre\"}]},{\"@type\":\"WebSite\",\"@id\":\"https:\\\/\\\/www.agoracademie.com\\\/blog\\\/#website\",\"url\":\"https:\\\/\\\/www.agoracademie.com\\\/blog\\\/\",\"name\":\"Blog Agoracad\u00e9mie - Centre de formation en ligne et \u00e0 distance\",\"description\":\"Le blog du d\u00e9veloppement personnel et des th\u00e9rapies\",\"potentialAction\":[{\"@type\":\"SearchAction\",\"target\":{\"@type\":\"EntryPoint\",\"urlTemplate\":\"https:\\\/\\\/www.agoracademie.com\\\/blog\\\/?s={search_term_string}\"},\"query-input\":{\"@type\":\"PropertyValueSpecification\",\"valueRequired\":true,\"valueName\":\"search_term_string\"}}],\"inLanguage\":\"fr-FR\"},{\"@type\":\"Person\",\"@id\":\"https:\\\/\\\/www.agoracademie.com\\\/blog\\\/#\\\/schema\\\/person\\\/c2f110c50be7dcecc05cb4e87f32537f\",\"name\":\"Laurent Bertrel\",\"image\":{\"@type\":\"ImageObject\",\"inLanguage\":\"fr-FR\",\"@id\":\"https:\\\/\\\/secure.gravatar.com\\\/avatar\\\/45841390e6db2f4064cc5f84ee39189cf562b1de36eb5b1b7cc82dee445813a4?s=96&r=g\",\"url\":\"https:\\\/\\\/secure.gravatar.com\\\/avatar\\\/45841390e6db2f4064cc5f84ee39189cf562b1de36eb5b1b7cc82dee445813a4?s=96&r=g\",\"contentUrl\":\"https:\\\/\\\/secure.gravatar.com\\\/avatar\\\/45841390e6db2f4064cc5f84ee39189cf562b1de36eb5b1b7cc82dee445813a4?s=96&r=g\",\"caption\":\"Laurent Bertrel\"},\"description\":\"Laurent Bertrel est le fondateur d'Agoracad\u00e9mie. Titulaire d'une licence en sciences humaines et sociales, d'une ma\u00eetrise et d'un master en psychanalyse, d'un master en \u00e9tudes culturelles parcours \u00e9tudes de genre, du DU connaissances g\u00e9n\u00e9rales de la personne \u00e2g\u00e9e, il est aussi form\u00e9 \u00e0 diff\u00e9rentes approches dont la PNL, la sophrologie, la relaxation, l'hypnose, le coaching, la m\u00e9ditation, les arts martiaux, etc. Auteur de plus de 40 ouvrages, dont 18 livres, il anime plusieurs formations sur Agoracad\u00e9mie et r\u00e9pondra au message que vous allez laisser ci-dessous.\",\"sameAs\":[\"https:\\\/\\\/www.agoracademie.com\\\/\"]}]}<\/script>\n<!-- \/ Yoast SEO plugin. -->","yoast_head_json":{"title":"Formation m\u00e9tier du bien \u00eatre en 4 questions - Agoracad\u00e9mie","description":"Comment bien choisir sa formation m\u00e9tier du bien \u00eatre\u00a0? Et quelles formations proposons-nous pour votre reconversion professionnelle\u00a0?","robots":{"index":"index","follow":"follow","max-snippet":"max-snippet:-1","max-image-preview":"max-image-preview:large","max-video-preview":"max-video-preview:-1"},"canonical":"https:\/\/www.agoracademie.com\/blog\/formation-metier-du-bien-etre\/","og_locale":"fr_FR","og_type":"article","og_title":"Formation m\u00e9tier du bien \u00eatre en 4 questions - Agoracad\u00e9mie","og_description":"Comment bien choisir sa formation m\u00e9tier du bien \u00eatre\u00a0? Et quelles formations proposons-nous pour votre reconversion professionnelle\u00a0?","og_url":"https:\/\/www.agoracademie.com\/blog\/formation-metier-du-bien-etre\/","og_site_name":"Agoracad\u00e9mie","article_published_time":"2025-09-25T12:47:05+00:00","og_image":[{"width":1079,"height":538,"url":"https:\/\/www.agoracademie.com\/blog\/wp-content\/uploads\/2025\/09\/formation_metier_du_bien_etre.jpg","type":"image\/jpeg"}],"author":"Laurent Bertrel","twitter_misc":{"\u00c9crit par":"Laurent Bertrel","Dur\u00e9e de lecture estim\u00e9e":"5 minutes"},"schema":{"@context":"https:\/\/schema.org","@graph":[{"@type":"Article","@id":"https:\/\/www.agoracademie.com\/blog\/formation-metier-du-bien-etre\/#article","isPartOf":{"@id":"https:\/\/www.agoracademie.com\/blog\/formation-metier-du-bien-etre\/"},"author":{"name":"Laurent Bertrel","@id":"https:\/\/www.agoracademie.com\/blog\/#\/schema\/person\/c2f110c50be7dcecc05cb4e87f32537f"},"headline":"Formation m\u00e9tier du bien \u00eatre","datePublished":"2025-09-25T12:47:05+00:00","mainEntityOfPage":{"@id":"https:\/\/www.agoracademie.com\/blog\/formation-metier-du-bien-etre\/"},"wordCount":883,"commentCount":0,"image":{"@id":"https:\/\/www.agoracademie.com\/blog\/formation-metier-du-bien-etre\/#primaryimage"},"thumbnailUrl":"https:\/\/www.agoracademie.com\/blog\/wp-content\/uploads\/2025\/09\/formation_metier_du_bien_etre-1024x511.jpg","articleSection":["Formation"],"inLanguage":"fr-FR","potentialAction":[{"@type":"CommentAction","name":"Comment","target":["https:\/\/www.agoracademie.com\/blog\/formation-metier-du-bien-etre\/#respond"]}]},{"@type":"WebPage","@id":"https:\/\/www.agoracademie.com\/blog\/formation-metier-du-bien-etre\/","url":"https:\/\/www.agoracademie.com\/blog\/formation-metier-du-bien-etre\/","name":"Formation m\u00e9tier du bien \u00eatre en 4 questions - Agoracad\u00e9mie","isPartOf":{"@id":"https:\/\/www.agoracademie.com\/blog\/#website"},"primaryImageOfPage":{"@id":"https:\/\/www.agoracademie.com\/blog\/formation-metier-du-bien-etre\/#primaryimage"},"image":{"@id":"https:\/\/www.agoracademie.com\/blog\/formation-metier-du-bien-etre\/#primaryimage"},"thumbnailUrl":"https:\/\/www.agoracademie.com\/blog\/wp-content\/uploads\/2025\/09\/formation_metier_du_bien_etre-1024x511.jpg","datePublished":"2025-09-25T12:47:05+00:00","author":{"@id":"https:\/\/www.agoracademie.com\/blog\/#\/schema\/person\/c2f110c50be7dcecc05cb4e87f32537f"},"description":"Comment bien choisir sa formation m\u00e9tier du bien \u00eatre\u00a0? Et quelles formations proposons-nous pour votre reconversion professionnelle\u00a0?","breadcrumb":{"@id":"https:\/\/www.agoracademie.com\/blog\/formation-metier-du-bien-etre\/#breadcrumb"},"inLanguage":"fr-FR","potentialAction":[{"@type":"ReadAction","target":["https:\/\/www.agoracademie.com\/blog\/formation-metier-du-bien-etre\/"]}]},{"@type":"ImageObject","inLanguage":"fr-FR","@id":"https:\/\/www.agoracademie.com\/blog\/formation-metier-du-bien-etre\/#primaryimage","url":"https:\/\/www.agoracademie.com\/blog\/wp-content\/uploads\/2025\/09\/formation_metier_du_bien_etre.jpg","contentUrl":"https:\/\/www.agoracademie.com\/blog\/wp-content\/uploads\/2025\/09\/formation_metier_du_bien_etre.jpg","width":1079,"height":538},{"@type":"BreadcrumbList","@id":"https:\/\/www.agoracademie.com\/blog\/formation-metier-du-bien-etre\/#breadcrumb","itemListElement":[{"@type":"ListItem","position":1,"name":"Accueil","item":"https:\/\/www.agoracademie.com\/blog\/"},{"@type":"ListItem","position":2,"name":"Formation m\u00e9tier du bien \u00eatre"}]},{"@type":"WebSite","@id":"https:\/\/www.agoracademie.com\/blog\/#website","url":"https:\/\/www.agoracademie.com\/blog\/","name":"Blog Agoracad\u00e9mie - Centre de formation en ligne et \u00e0 distance","description":"Le blog du d\u00e9veloppement personnel et des th\u00e9rapies","potentialAction":[{"@type":"SearchAction","target":{"@type":"EntryPoint","urlTemplate":"https:\/\/www.agoracademie.com\/blog\/?s={search_term_string}"},"query-input":{"@type":"PropertyValueSpecification","valueRequired":true,"valueName":"search_term_string"}}],"inLanguage":"fr-FR"},{"@type":"Person","@id":"https:\/\/www.agoracademie.com\/blog\/#\/schema\/person\/c2f110c50be7dcecc05cb4e87f32537f","name":"Laurent Bertrel","image":{"@type":"ImageObject","inLanguage":"fr-FR","@id":"https:\/\/secure.gravatar.com\/avatar\/45841390e6db2f4064cc5f84ee39189cf562b1de36eb5b1b7cc82dee445813a4?s=96&r=g","url":"https:\/\/secure.gravatar.com\/avatar\/45841390e6db2f4064cc5f84ee39189cf562b1de36eb5b1b7cc82dee445813a4?s=96&r=g","contentUrl":"https:\/\/secure.gravatar.com\/avatar\/45841390e6db2f4064cc5f84ee39189cf562b1de36eb5b1b7cc82dee445813a4?s=96&r=g","caption":"Laurent Bertrel"},"description":"Laurent Bertrel est le fondateur d'Agoracad\u00e9mie. Titulaire d'une licence en sciences humaines et sociales, d'une ma\u00eetrise et d'un master en psychanalyse, d'un master en \u00e9tudes culturelles parcours \u00e9tudes de genre, du DU connaissances g\u00e9n\u00e9rales de la personne \u00e2g\u00e9e, il est aussi form\u00e9 \u00e0 diff\u00e9rentes approches dont la PNL, la sophrologie, la relaxation, l'hypnose, le coaching, la m\u00e9ditation, les arts martiaux, etc. Auteur de plus de 40 ouvrages, dont 18 livres, il anime plusieurs formations sur Agoracad\u00e9mie et r\u00e9pondra au message que vous allez laisser ci-dessous.","sameAs":["https:\/\/www.agoracademie.com\/"]}]}},"acf":[],"_links":{"self":[{"href":"https:\/\/www.agoracademie.com\/blog\/wp-json\/wp\/v2\/posts\/22450","targetHints":{"allow":["GET"]}}],"collection":[{"href":"https:\/\/www.agoracademie.com\/blog\/wp-json\/wp\/v2\/posts"}],"about":[{"href":"https:\/\/www.agoracademie.com\/blog\/wp-json\/wp\/v2\/types\/post"}],"author":[{"embeddable":true,"href":"https:\/\/www.agoracademie.com\/blog\/wp-json\/wp\/v2\/users\/2"}],"replies":[{"embeddable":true,"href":"https:\/\/www.agoracademie.com\/blog\/wp-json\/wp\/v2\/comments?post=22450"}],"version-history":[{"count":1,"href":"https:\/\/www.agoracademie.com\/blog\/wp-json\/wp\/v2\/posts\/22450\/revisions"}],"predecessor-version":[{"id":22452,"href":"https:\/\/www.agoracademie.com\/blog\/wp-json\/wp\/v2\/posts\/22450\/revisions\/22452"}],"wp:attachment":[{"href":"https:\/\/www.agoracademie.com\/blog\/wp-json\/wp\/v2\/media?parent=22450"}],"wp:term":[{"taxonomy":"category","embeddable":true,"href":"https:\/\/www.agoracademie.com\/blog\/wp-json\/wp\/v2\/categories?post=22450"},{"taxonomy":"post_tag","embeddable":true,"href":"https:\/\/www.agoracademie.com\/blog\/wp-json\/wp\/v2\/tags?post=22450"}],"curies":[{"name":"wp","href":"https:\/\/api.w.org\/{rel}","templated":true}]}}