{"id":22667,"date":"2025-11-11T12:59:53","date_gmt":"2025-11-11T11:59:53","guid":{"rendered":"https:\/\/www.agoracademie.com\/blog\/?p=22667"},"modified":"2025-11-14T16:56:48","modified_gmt":"2025-11-14T15:56:48","slug":"salon-zen","status":"publish","type":"post","link":"https:\/\/www.agoracademie.com\/blog\/salon-zen\/","title":{"rendered":"Salon Zen 2026"},"content":{"rendered":"<div class=\"wp-block-image\">\n<figure class=\"aligncenter size-large\"><img loading=\"lazy\" decoding=\"async\" width=\"1024\" height=\"511\" src=\"https:\/\/www.agoracademie.com\/blog\/wp-content\/uploads\/2025\/11\/salon-zen-1024x511.jpg\" alt=\"Salon Zen\" class=\"wp-image-22668\" srcset=\"https:\/\/www.agoracademie.com\/blog\/wp-content\/uploads\/2025\/11\/salon-zen-1024x511.jpg 1024w, https:\/\/www.agoracademie.com\/blog\/wp-content\/uploads\/2025\/11\/salon-zen-300x150.jpg 300w, https:\/\/www.agoracademie.com\/blog\/wp-content\/uploads\/2025\/11\/salon-zen-768x383.jpg 768w, https:\/\/www.agoracademie.com\/blog\/wp-content\/uploads\/2025\/11\/salon-zen.jpg 1079w\" sizes=\"auto, (max-width: 1024px) 100vw, 1024px\" \/><figcaption class=\"wp-element-caption\">Soyez zen, m\u00eame \u00e0 Paris&#8230;<\/figcaption><\/figure><div id=\"ez-toc-container\" class=\"ez-toc-v2_0_82_2 ez-toc-wrap-center counter-hierarchy ez-toc-counter ez-toc-transparent ez-toc-container-direction\">\n<div class=\"ez-toc-title-container\">\n<p class=\"ez-toc-title\" style=\"cursor:inherit\">Sommaire<\/p>\n<span class=\"ez-toc-title-toggle\"><a href=\"#\" class=\"ez-toc-pull-right ez-toc-btn ez-toc-btn-xs ez-toc-btn-default ez-toc-toggle\" aria-label=\"Toggle Table of Content\"><span class=\"ez-toc-js-icon-con\"><span class=\"\"><span class=\"eztoc-hide\" style=\"display:none;\">Toggle<\/span><span class=\"ez-toc-icon-toggle-span\"><svg style=\"fill: #999;color:#999\" xmlns=\"http:\/\/www.w3.org\/2000\/svg\" class=\"list-377408\" width=\"20px\" height=\"20px\" viewBox=\"0 0 24 24\" fill=\"none\"><path d=\"M6 6H4v2h2V6zm14 0H8v2h12V6zM4 11h2v2H4v-2zm16 0H8v2h12v-2zM4 16h2v2H4v-2zm16 0H8v2h12v-2z\" fill=\"currentColor\"><\/path><\/svg><svg style=\"fill: #999;color:#999\" class=\"arrow-unsorted-368013\" xmlns=\"http:\/\/www.w3.org\/2000\/svg\" width=\"10px\" height=\"10px\" viewBox=\"0 0 24 24\" version=\"1.2\" baseProfile=\"tiny\"><path d=\"M18.2 9.3l-6.2-6.3-6.2 6.3c-.2.2-.3.4-.3.7s.1.5.3.7c.2.2.4.3.7.3h11c.3 0 .5-.1.7-.3.2-.2.3-.5.3-.7s-.1-.5-.3-.7zM5.8 14.7l6.2 6.3 6.2-6.3c.2-.2.3-.5.3-.7s-.1-.5-.3-.7c-.2-.2-.4-.3-.7-.3h-11c-.3 0-.5.1-.7.3-.2.2-.3.5-.3.7s.1.5.3.7z\"\/><\/svg><\/span><\/span><\/span><\/a><\/span><\/div>\n<nav><ul class='ez-toc-list ez-toc-list-level-1 ' ><li class='ez-toc-page-1 ez-toc-heading-level-2'><a class=\"ez-toc-link ez-toc-heading-1\" href=\"https:\/\/www.agoracademie.com\/blog\/salon-zen\/#Salon_Zen_2026_presentation\" >Salon Zen 2026 : pr\u00e9sentation<\/a><\/li><li class='ez-toc-page-1 ez-toc-heading-level-2'><a class=\"ez-toc-link ez-toc-heading-2\" href=\"https:\/\/www.agoracademie.com\/blog\/salon-zen\/#Quest-ce_que_le_Salon_Zen\" >Qu\u2019est-ce que le Salon Zen ?<\/a><\/li><li class='ez-toc-page-1 ez-toc-heading-level-2'><a class=\"ez-toc-link ez-toc-heading-3\" href=\"https:\/\/www.agoracademie.com\/blog\/salon-zen\/#Principaux_temps_forts\" >Principaux temps forts<\/a><\/li><li class='ez-toc-page-1 ez-toc-heading-level-2'><a class=\"ez-toc-link ez-toc-heading-4\" href=\"https:\/\/www.agoracademie.com\/blog\/salon-zen\/#Pourquoi_y_aller_en_2026\" >Pourquoi y aller en 2026 ?<\/a><ul class='ez-toc-list-level-3' ><li class='ez-toc-heading-level-3'><a class=\"ez-toc-link ez-toc-heading-5\" href=\"https:\/\/www.agoracademie.com\/blog\/salon-zen\/#Decouvrez_nos_formations_100_a_distance\" >D\u00e9couvrez nos formations 100 % \u00e0 distance<\/a><\/li><\/ul><\/li><li class='ez-toc-page-1 ez-toc-heading-level-2'><a class=\"ez-toc-link ez-toc-heading-6\" href=\"https:\/\/www.agoracademie.com\/blog\/salon-zen\/#Vous_cherchez_une_formation_ou_un_livre\" >Vous cherchez une formation ou un livre&nbsp;?<\/a><\/li><li class='ez-toc-page-1 ez-toc-heading-level-2'><a class=\"ez-toc-link ez-toc-heading-7\" href=\"https:\/\/www.agoracademie.com\/blog\/salon-zen\/#Autres_sorties_a_Paris_autour_de_levenement\" >Autres sorties \u00e0 Paris autour de l\u2019\u00e9v\u00e9nement<\/a><\/li><li class='ez-toc-page-1 ez-toc-heading-level-2'><a class=\"ez-toc-link ez-toc-heading-8\" href=\"https:\/\/www.agoracademie.com\/blog\/salon-zen\/#FAQ_Salon_Zen\" >FAQ Salon Zen<\/a><ul class='ez-toc-list-level-3' ><li class='ez-toc-heading-level-3'><a class=\"ez-toc-link ez-toc-heading-9\" href=\"https:\/\/www.agoracademie.com\/blog\/salon-zen\/#Q_Lentree_au_Salon_Zen_2026_est-elle_payante\" >Q : L\u2019entr\u00e9e au Salon Zen 2026 est-elle payante ?<\/a><\/li><li class='ez-toc-page-1 ez-toc-heading-level-3'><a class=\"ez-toc-link ez-toc-heading-10\" href=\"https:\/\/www.agoracademie.com\/blog\/salon-zen\/#Q_Quels_sont_les_horaires_douverture_en_2026\" >Q : Quels sont les horaires d\u2019ouverture en 2026 ?<\/a><\/li><li class='ez-toc-page-1 ez-toc-heading-level-3'><a class=\"ez-toc-link ez-toc-heading-11\" href=\"https:\/\/www.agoracademie.com\/blog\/salon-zen\/#Q_Faut-il_reserver_aux_conferences_et_ateliers\" >Q : Faut-il r\u00e9server aux conf\u00e9rences et ateliers ?<\/a><\/li><li class='ez-toc-page-1 ez-toc-heading-level-3'><a class=\"ez-toc-link ez-toc-heading-12\" href=\"https:\/\/www.agoracademie.com\/blog\/salon-zen\/#Q_Puis-je_venir_en_transport_en_commun\" >Q : Puis-je venir en transport en commun ?<\/a><\/li><li class='ez-toc-page-1 ez-toc-heading-level-3'><a class=\"ez-toc-link ez-toc-heading-13\" href=\"https:\/\/www.agoracademie.com\/blog\/salon-zen\/#Q_Peut-on_se_restaurer_sur_place\" >Q : Peut-on se restaurer sur place&nbsp;?<\/a><\/li><li class='ez-toc-page-1 ez-toc-heading-level-3'><a class=\"ez-toc-link ez-toc-heading-14\" href=\"https:\/\/www.agoracademie.com\/blog\/salon-zen\/#Q_Cette_visite_est-elle_utile_pour_un%C2%B7e_pro_du_developpement_personnel\" >Q : Cette visite est-elle utile pour un\u00b7e pro du d\u00e9veloppement personnel ?<\/a><\/li><\/ul><\/li><li class='ez-toc-page-1 ez-toc-heading-level-2'><a class=\"ez-toc-link ez-toc-heading-15\" href=\"https:\/\/www.agoracademie.com\/blog\/salon-zen\/#Pour_conclure\" >Pour conclure<\/a><\/li><\/ul><\/nav><\/div>\n\n<\/div>\n\n\n<h2 class=\"wp-block-heading\"><span class=\"ez-toc-section\" id=\"Salon_Zen_2026_presentation\"><\/span>Salon Zen 2026 : pr\u00e9sentation<span class=\"ez-toc-section-end\"><\/span><\/h2>\n\n\n\n<p><strong>Offrez-vous une pause int\u00e9rieure : au Salon Zen, reconnectez-vous \u00e0 votre mieux-\u00eatre&nbsp;!<\/strong><\/p>\n\n\n\n<p>Voil\u00e0 ce que vous propose chaque ann\u00e9e ce rendez-vous incontournable du bien-\u00eatre, du d\u00e9veloppement personnel et de la spiritualit\u00e9.<\/p>\n\n\n\n<!--more-->\n\n\n\n<p>Pour sa <strong>39\u1d49 \u00e9dition<\/strong>, il se tiendra du <strong>24 au 28 septembre 2026<\/strong> \u00e0 l\u2019Espace Champerret (17\u1d49 arrondissement de Paris) et r\u00e9unira environ 270 exposants, une bonne centaine de conf\u00e9rences gratuites, ainsi qu\u2019un vaste choix d\u2019ateliers et de pratiques th\u00e9rapeutiques.<\/p>\n\n\n\n<h2 class=\"wp-block-heading\"><span class=\"ez-toc-section\" id=\"Quest-ce_que_le_Salon_Zen\"><\/span>Qu\u2019est-ce que le Salon Zen ?<span class=\"ez-toc-section-end\"><\/span><\/h2>\n\n\n\n<p>Le Salon Zen est un \u00e9v\u00e9nement annuel d\u00e9di\u00e9 \u00e0 l\u2019exploration du bien-\u00eatre physique, \u00e9motionnel et spirituel.<\/p>\n\n\n\n<p>Il permet aux visiteuses et aux visiteurs de d\u00e9couvrir des pratiques nouvelles ou tendances :<\/p>\n\n\n\n<ul class=\"wp-block-list\">\n<li><a href=\"https:\/\/www.agoracademie.com\/academie\/formation-meditation\">m\u00e9ditation<\/a>,<\/li>\n\n\n\n<li><a href=\"https:\/\/www.agoracademie.com\/academie\/devenir-sophrologue\">sophrologie<\/a>,<\/li>\n\n\n\n<li>coaching,<\/li>\n\n\n\n<li>tarologie,<\/li>\n\n\n\n<li>spiritualit\u00e9&#8230;,<\/li>\n<\/ul>\n\n\n\n<p>ainsi que des produits associ\u00e9s&nbsp;:<\/p>\n\n\n\n<ul class=\"wp-block-list\">\n<li>livres (on peut aussi y rencontrer des auteur\u00b7e\u00b7s en signature ou en conf\u00e9rence),<\/li>\n\n\n\n<li>produits pour la sant\u00e9 (huiles essentielles&#8230;),<\/li>\n\n\n\n<li>objets pour d\u00e9velopper et maintenir le bien-\u00eatre&#8230;<\/li>\n<\/ul>\n\n\n\n<h2 class=\"wp-block-heading\"><span class=\"ez-toc-section\" id=\"Principaux_temps_forts\"><\/span>Principaux temps forts<span class=\"ez-toc-section-end\"><\/span><\/h2>\n\n\n\n<p>Les principaux temps forts concernent g\u00e9n\u00e9ralement les exposants et les conf\u00e9rences-ateliers.<\/p>\n\n\n\n<p>Ainsi, nous pouvons y rencontrer des centaines de professionnel\u00b7le\u00b7s (th\u00e9rapeutes, coachs&#8230;) sp\u00e9cialis\u00e9s en&nbsp;:<\/p>\n\n\n\n<ul class=\"wp-block-list\">\n<li>coaching,<\/li>\n\n\n\n<li>th\u00e9rapies douces et alternatives,<\/li>\n\n\n\n<li>d\u00e9veloppement personnel et professionnel,<\/li>\n\n\n\n<li>et m\u00eame spiritualit\u00e9.<\/li>\n<\/ul>\n\n\n\n<p>Et pour celles et ceux qui veulent aller plus loin, il est \u00e9galement possible de participer \u00e0 des conf\u00e9rences et m\u00eame des ateliers.<\/p>\n\n\n\n<p>Cela, dans le but d&rsquo;exp\u00e9rimenter directement des pratiques, tout en \u00e9changeant avec des expert\u00b7e\u00b7s de diff\u00e9rentes disciplines.<\/p>\n\n\n\n<p>Autre temps fort, les innovations portant sur le bien-\u00eatre regroup\u00e9es dans le Zenincubateur.<\/p>\n\n\n\n<h2 class=\"wp-block-heading\"><span class=\"ez-toc-section\" id=\"Pourquoi_y_aller_en_2026\"><\/span>Pourquoi y aller en 2026 ?<span class=\"ez-toc-section-end\"><\/span><\/h2>\n\n\n\n<p>Tout simplement pour&nbsp;:<\/p>\n\n\n\n<ul class=\"wp-block-list\">\n<li>vous informer, notamment sur les th\u00e9rapies alternatives&nbsp;;<\/li>\n\n\n\n<li>exp\u00e9rimenter et ainsi vous sentir mieux, en pratiquant sous la guidance des pros&nbsp;;<\/li>\n\n\n\n<li>rencontrer des formateur\u00b7trice\u00b7s et trouver votre formation&nbsp;;<\/li>\n\n\n\n<li>avoir de nouvelles id\u00e9es, gr\u00e2ce \u00e0 un livre ou \u00e0 une conf\u00e9rence-atelier&nbsp;;<\/li>\n\n\n\n<li>et peut-\u00eatre m\u00eame d\u00e9couvrir votre futur m\u00e9tier, puisque les m\u00e9tiers du bien-\u00eatre sont actuellement tr\u00e8s recherch\u00e9s dans le secteur de la reconversion professionnelle&nbsp;;<\/li>\n\n\n\n<li>ou encore pour faire du networking, c&rsquo;est-\u00e0-dire pour d\u00e9velopper votre r\u00e9seau professionnel en \u00e9changeant avec des praticien\u00b7ne\u00b7s, des distributeur\u00b7trice\u00b7s, ou des maisons d&rsquo;\u00e9dition&nbsp;;<\/li>\n\n\n\n<li>et bien entendu pour essayer et acheter des produits ou des m\u00e9thodes in\u00e9dites pr\u00e9sent\u00e9s par les nombreux et nombreuses exposant\u00b7e\u00b7s.<\/li>\n<\/ul>\n\n\n\n<p>Bref, on y va pour passer un excellent moment&nbsp;!<\/p>\n\n\n\n<div class=\"wp-block-magic-content-box-content-box aligncenter magic-content-box-8ca8fcea-735e-4 magic-content-box-contentBox block-wrapper-background content-align-center\"><style>.magic-content-box-8ca8fcea-735e-4 .magic-content-box-content-wrapper{text-align:center;margin-top:30px;margin-bottom:30px}.magic-content-box-8ca8fcea-735e-4 .magic-content-box-section-header-wrapper{border-color:#ff201f}.magic-content-box-8ca8fcea-735e-4 .magic-content-box-mainheader-wrap{box-shadow:0px 6px 12px -10px #000;border-radius:5px;background-color:#fff}.magic-content-box-8ca8fcea-735e-4 .magic-content-box-section-wrapper{padding-top:30px;padding-right:30px;padding-bottom:30px;padding-left:30px;margin-top:0px;margin-right:0px;margin-bottom:0px;margin-left:0px}.magic-content-box-8ca8fcea-735e-4 .magic-content-box-section-head-wrap{text-align:center;padding-top:0px;padding-right:0px;padding-bottom:0px;margin-top:0px;margin-bottom:0px;padding-left:0px}.magic-content-box-8ca8fcea-735e-4 .magic-content-box-section-head-wrap .magic-content-box-title{color:#404040;font-size:32px;font-family:Default;padding-top:5px;padding-bottom:5px}.magic-content-box-8ca8fcea-735e-4 .magic-content-box-section-head-wrap .magic-content-box-subtitle{color:#6d6d6d;font-size:18px;font-family:Default;padding-top:5px;padding-bottom:5px}.magic-content-box-8ca8fcea-735e-4 .magic-content-box-title-dash{color:#ff201f}.magic-content-box-8ca8fcea-735e-4 .magic-content-box-block-button span{color:#fff;border-width:1px;font-size:16px;font-family:Default}.magic-content-box-8ca8fcea-735e-4 .magic-content-box-block-button .magic-content-box-button{background-color:#ff201f}.magic-content-box-8ca8fcea-735e-4 .magic-content-box-block-button i{color:#fff;font-size:13px}.magic-content-box-8ca8fcea-735e-4 .magic-content-box-block-button{margin-top:10px;margin-bottom:10px}.magic-content-box-8ca8fcea-735e-4 .magic-content-box-button{padding-top:5px;padding-right:15px;padding-bottom:5px;padding-left:15px}@media screen and (max-width:1025px){.magic-content-box-8ca8fcea-735e-4 .magic-content-box-section-head-wrap .magic-content-box-title{font-size:undefinedpx}.magic-content-box-8ca8fcea-735e-4 .magic-content-box-section-head-wrap .magic-content-box-subtitle{font-size:undefinedpx}.magic-content-box-8ca8fcea-735e-4 .magic-content-box-block-button span{font-size:undefinedpx}.magic-content-box-8ca8fcea-735e-4 .magic-content-box-block-button i{font-size:px}}@media screen and (max-width:767px){.magic-content-box-8ca8fcea-735e-4 .magic-content-box-section-head-wrap .magic-content-box-title{font-size:undefinedpx}.magic-content-box-8ca8fcea-735e-4 .magic-content-box-section-head-wrap .magic-content-box-subtitle{font-size:undefinedpx}.magic-content-box-8ca8fcea-735e-4 .magic-content-box-block-button span{font-size:undefinedpx}.magic-content-box-8ca8fcea-735e-4 .magic-content-box-block-button i{font-size:px}}<\/style><div class=\"content-wrapper-inner\"><div class=\"magic-content-box-content-wrapper magic-content-box-blocks reverse-img has-background style-1\"><div class=\"content-img-wrap\"><img decoding=\"async\" src=\"https:\/\/www.agoracademie.com\/blog\/wp-content\/uploads\/2025\/05\/formation-stress.jpg\" alt=\"Catalogue des formations\" class=\"\"\/><\/div><div class=\"magic-content-box-section-wrapper magic-content-box-mainheader-wrap\"><div class=\"magic-content-box-section-header-wrapper magic-content-box-blocks\"><div class=\"magic-content-box-section-head-wrap magic-content-box-style1 magic-content-box-center\"><div class=\"magic-content-box-title-wrapper\"><span class=\"magic-content-box-title-dash magic-content-box-upper-dash\"><\/span><h3 class=\"magic-content-box-title\"><span class=\"ez-toc-section\" id=\"Decouvrez_nos_formations_100_a_distance\"><\/span>D\u00e9couvrez nos formations 100 % \u00e0 distance<span class=\"ez-toc-section-end\"><\/span><\/h3><span class=\"magic-content-box-title-dash magic-content-box-lower-dash\"><\/span><\/div><div class=\"magic-content-box-subtitle-wrapper\"><span class=\"magic-content-box-title-dash magic-content-box-upper-dash\"><\/span><p class=\"magic-content-box-subtitle\">Coaching, d\u00e9veloppement personnel &amp; th\u00e9rapies alternatives<\/p><span class=\"magic-content-box-title-dash magic-content-box-lower-dash\"><\/span><\/div><\/div><\/div><div class=\"magic-content-box-desc-btn-wrap\"><div class=\"magic-content-box-block-button\"><a href=\"https:\/\/www.agoracademie.com\/academie\" class=\"magic-content-box-button magic-content-box-button-shape-rounded magic-content-box-button-size-small hover-style-1 btn-icon-left\"><span>CATALOGUE<\/span><\/a><\/div><\/div><\/div><\/div><\/div><\/div>\n\n\n\n<h2 class=\"wp-block-heading\"><span class=\"ez-toc-section\" id=\"Vous_cherchez_une_formation_ou_un_livre\"><\/span>Vous cherchez une formation ou un livre&nbsp;?<span class=\"ez-toc-section-end\"><\/span><\/h2>\n\n\n\n<p>Nous l&rsquo;avons dit, vous pouvez y aller pour vous former, ou pour d\u00e9couvrir votre future formation, des livres ou des CD aussi.<\/p>\n\n\n\n<p>C&rsquo;est \u00e9galement ce que nous vous proposons&nbsp;!<\/p>\n\n\n\n<p>En effet, sur notre site Agoracad\u00e9mie, vous trouverez des solutions zen, notamment des :<\/p>\n\n\n\n<ul class=\"wp-block-list\">\n<li><strong>formations au coaching<\/strong> (de vie, en d\u00e9veloppement personnel, en cr\u00e9ativit\u00e9, en communication, en gestion du stress) <strong>et aux th\u00e9rapies alternatives<\/strong> (sophrologie, PNL, relaxologie, psychog\u00e9n\u00e9alogie, EFT, r\u00e9flexologie, naturopathie&#8230;),<\/li>\n\n\n\n<li><strong>programmes de coaching en ligne<\/strong> en d\u00e9veloppement personnel \u00e0 tout petit prix, par exemple pour <a href=\"https:\/\/www.agoracademie.com\/academie\/formations-non-certifiantes\/atteindre-ses-objectifs\">atteindre ses objectifs<\/a> ;<\/li>\n\n\n\n<li><strong>livres (ebooks), CD et DVD \u00e0 t\u00e9l\u00e9charger<\/strong>&#8230;<\/li>\n<\/ul>\n\n\n\n<p>Notre objectif est de faire du bien-\u00eatre un chemin concret de transformation, en vous donnant acc\u00e8s \u00e0 des outils, des formats e-learning et des contenus p\u00e9dagogiques approfondis.<\/p>\n\n\n\n<p>Cela avec un accompagnement personnalis\u00e9, car m\u00eame \u00e0 distance, nous ne sommes jamais bien loin \ud83d\ude42<\/p>\n\n\n\n<h2 class=\"wp-block-heading\"><span class=\"ez-toc-section\" id=\"Autres_sorties_a_Paris_autour_de_levenement\"><\/span>Autres sorties \u00e0 Paris autour de l\u2019\u00e9v\u00e9nement<span class=\"ez-toc-section-end\"><\/span><\/h2>\n\n\n\n<p>Apr\u00e8s ou avant votre visite au Salon Zen, voici quelques id\u00e9es pour prolonger cette agr\u00e9able exp\u00e9rience :<\/p>\n\n\n\n<ul class=\"wp-block-list\">\n<li>Une visite au parc Monceau pour une marche consciente et ressour\u00e7ante.<\/li>\n\n\n\n<li>Un th\u00e9 en terrasse dans le quartier des Ternes.<\/li>\n\n\n\n<li>Une sortie dans une exposition (voir site sortir \u00e0 Paris&nbsp;: sortiraparis.com).<\/li>\n\n\n\n<li>Ou encore une s\u00e9ance de m\u00e9ditation guid\u00e9e ou de yoga dans l&rsquo;un des nombreux studio du quartier.<\/li>\n<\/ul>\n\n\n\n<p>Ces activit\u00e9s compl\u00e8tent parfaitement une visite au Salon Zen et enrichissent votre immersion dans le monde du bien-\u00eatre.<\/p>\n\n\n\n<p>Elles permettent aussi de voir, et de percevoir, Paris d&rsquo;une mani\u00e8re bien diff\u00e9rente&#8230;<\/p>\n\n\n\n<h2 class=\"wp-block-heading\"><span class=\"ez-toc-section\" id=\"FAQ_Salon_Zen\"><\/span>FAQ Salon Zen<span class=\"ez-toc-section-end\"><\/span><\/h2>\n\n\n\n<h3 class=\"wp-block-heading\"><span class=\"ez-toc-section\" id=\"Q_Lentree_au_Salon_Zen_2026_est-elle_payante\"><\/span>Q : L\u2019entr\u00e9e au Salon Zen 2026 est-elle payante ?<span class=\"ez-toc-section-end\"><\/span><\/h3>\n\n\n\n<p><strong>R : <\/strong>En 2026, l\u2019entr\u00e9e co\u00fbte sur place 8 euros, mais elle est gratuite pour certain\u00b7e\u00b7s visiteur\u00b7se\u00b7s (moins de 25 ans, demandeur\u00b7se\u00b7s d&#8217;emploi, b\u00e9n\u00e9ficiaire du RSA, \u00e9tudiant\u00b7e\u00b7s et personne en situation de handicap). Si cela est votre cas, pensez \u00e0 vous munir d&rsquo;un justificatif. D&rsquo;autre part, notez qu&rsquo;il est \u00e9galement possible de t\u00e9l\u00e9charger votre entr\u00e9e gratuitement directement sur le site du salon (voir \u00ab&nbsp;Infos pratiques&nbsp;\u00bb \u2192 \u00ab&nbsp;Informations pratiques&nbsp;\u00bb dans le menu).<\/p>\n\n\n\n<h3 class=\"wp-block-heading\"><span class=\"ez-toc-section\" id=\"Q_Quels_sont_les_horaires_douverture_en_2026\"><\/span>Q : Quels sont les horaires d\u2019ouverture en 2026 ?<span class=\"ez-toc-section-end\"><\/span><\/h3>\n\n\n\n<p><strong>R :<\/strong> Les horaires sont variables en fonction du jour de votre visite&nbsp;: 10h30 \u00e0 19h00 du jeudi au dimanche, avec une nocturne le vendredi jusqu&rsquo;\u00e0 20h00, et de 10h30 \u00e0 18h00 le lundi. Attention, aucune entr\u00e9e ne sera possible une demi-heure avant la fermeture.<\/p>\n\n\n\n<h3 class=\"wp-block-heading\"><span class=\"ez-toc-section\" id=\"Q_Faut-il_reserver_aux_conferences_et_ateliers\"><\/span>Q : Faut-il r\u00e9server aux conf\u00e9rences et ateliers ?<span class=\"ez-toc-section-end\"><\/span><\/h3>\n\n\n\n<p><strong>R :<\/strong> Pour certains ateliers premium, l\u2019inscription en amont est recommand\u00e9e. Pour \u00e9viter de vous casser le nez, pensez \u00e0 v\u00e9rifier sur le site du salon si l&rsquo;atelier qui vous int\u00e9resse est dans cette liste ou non.<\/p>\n\n\n\n<h3 class=\"wp-block-heading\"><span class=\"ez-toc-section\" id=\"Q_Puis-je_venir_en_transport_en_commun\"><\/span>Q : Puis-je venir en transport en commun ?<span class=\"ez-toc-section-end\"><\/span><\/h3>\n\n\n\n<p><strong>R :<\/strong> Oui. C&rsquo;est m\u00eame l&rsquo;un des gros avantages de Paris. Le lieu est tr\u00e8s bien desservi, notamment par le m\u00e9tro situ\u00e9 sur la ligne 3, station \u00ab Porte de Champerret \u00bb (il y a aussi l\u00e0 une station Velib&rsquo;) ou \u00ab&nbsp;Louise Michel&nbsp;\u00bb. Plusieurs bus peuvent \u00e9galement \u00eatre utilis\u00e9s&nbsp;: 84, 92, 93, 163, 164, 165, PC. Enfin, si vous venez en voiture ou en deux roues motoris\u00e9es, le parking Indigo situ\u00e9 au 10 boul. de l&rsquo;Yser pourra vous accueillir. Notez qu&rsquo;il s&rsquo;agit d&rsquo;un parking payant.<\/p>\n\n\n\n<p>Ah oui, l&rsquo;adresse pourrait aussi vous \u00eatre utile et la voici donc&nbsp;: <strong>6 rue Jean Oestreicher, Paris 17<\/strong>.<\/p>\n\n\n\n<h3 class=\"wp-block-heading\"><span class=\"ez-toc-section\" id=\"Q_Peut-on_se_restaurer_sur_place\"><\/span>Q : Peut-on se restaurer sur place&nbsp;?<span class=\"ez-toc-section-end\"><\/span><\/h3>\n\n\n\n<p><strong>R :<\/strong> Oui, gr\u00e2ce aux quatre restaurants du salon vous pouvez trouver de quoi vous restaurer sainement.<\/p>\n\n\n\n<h3 class=\"wp-block-heading\"><span class=\"ez-toc-section\" id=\"Q_Cette_visite_est-elle_utile_pour_un%C2%B7e_pro_du_developpement_personnel\"><\/span>Q : Cette visite est-elle utile pour un\u00b7e pro du d\u00e9veloppement personnel ?<span class=\"ez-toc-section-end\"><\/span><\/h3>\n\n\n\n<p><strong>R :<\/strong> Absolument&nbsp;! C\u2019est l\u2019occasion de rencontrer des coll\u00e8gues, de trouver des outils, et m\u00eame d&rsquo;offrir une visibilit\u00e9 \u00e0 votre pratique et \u00e0 vos prestations.<\/p>\n\n\n\n<h2 class=\"wp-block-heading\"><span class=\"ez-toc-section\" id=\"Pour_conclure\"><\/span>Pour conclure<span class=\"ez-toc-section-end\"><\/span><\/h2>\n\n\n\n<p>Si vous \u00eates int\u00e9ress\u00e9\u00b7e par le bien-\u00eatre, le coaching ou les th\u00e9rapies douces, ne manquez pas le Salon Zen de Paris en 2026, soit cinq jours riches et inspirants susceptibles de vous transformer.<\/p>\n\n\n\n<p>Alors, d&rsquo;avance, bonne visite et n&rsquo;h\u00e9sitez pas \u00e0 partager ci-apr\u00e8s votre exp\u00e9rience personnelle&nbsp;!<\/p>\n\n\n\n<p>Enfin, pour aller plus loin, voici le <a href=\"https:\/\/www.salon-zen.fr\/\" target=\"_blank\" rel=\"noreferrer noopener\">site officiel du Salon Zen<\/a>.<\/p>\n","protected":false},"excerpt":{"rendered":"<p>Salon Zen 2026 : pr\u00e9sentation Offrez-vous une pause int\u00e9rieure : au Salon Zen, reconnectez-vous \u00e0 votre mieux-\u00eatre&nbsp;! Voil\u00e0 ce que vous propose chaque ann\u00e9e ce rendez-vous incontournable du bien-\u00eatre, du d\u00e9veloppement personnel et de la spiritualit\u00e9.<\/p>\n","protected":false},"author":2,"featured_media":0,"comment_status":"open","ping_status":"closed","sticky":false,"template":"","format":"standard","meta":{"_bbp_topic_count":0,"_bbp_reply_count":0,"_bbp_total_topic_count":0,"_bbp_total_reply_count":0,"_bbp_voice_count":0,"_bbp_anonymous_reply_count":0,"_bbp_topic_count_hidden":0,"_bbp_reply_count_hidden":0,"_bbp_forum_subforum_count":0,"footnotes":""},"categories":[590],"tags":[],"class_list":["post-22667","post","type-post","status-publish","format-standard","hentry","category-salon"],"yoast_head":"<!-- This site is optimized with the Yoast SEO plugin v27.4 - https:\/\/yoast.com\/product\/yoast-seo-wordpress\/ -->\n<title>Salon Zen 2026\u00a0: pourquoi y aller\u00a0? Agoracad\u00e9mie<\/title>\n<meta name=\"description\" content=\"Salon Zen Paris : 5 jours d\u00e9di\u00e9s au bien-\u00eatre et aux th\u00e9rapies douces. Conf\u00e9rences, ateliers, exposants + id\u00e9es de sorties \u00e0 proximit\u00e9.\" \/>\n<meta name=\"robots\" content=\"index, follow, max-snippet:-1, max-image-preview:large, max-video-preview:-1\" \/>\n<link rel=\"canonical\" href=\"https:\/\/www.agoracademie.com\/blog\/salon-zen\/\" \/>\n<meta property=\"og:locale\" content=\"fr_FR\" \/>\n<meta property=\"og:type\" content=\"article\" \/>\n<meta property=\"og:title\" content=\"Salon Zen 2026\u00a0: pourquoi y aller\u00a0? Agoracad\u00e9mie\" \/>\n<meta property=\"og:description\" content=\"Salon Zen Paris : 5 jours d\u00e9di\u00e9s au bien-\u00eatre et aux th\u00e9rapies douces. Conf\u00e9rences, ateliers, exposants + id\u00e9es de sorties \u00e0 proximit\u00e9.\" \/>\n<meta property=\"og:url\" content=\"https:\/\/www.agoracademie.com\/blog\/salon-zen\/\" \/>\n<meta property=\"og:site_name\" content=\"Agoracad\u00e9mie\" \/>\n<meta property=\"article:published_time\" content=\"2025-11-11T11:59:53+00:00\" \/>\n<meta property=\"article:modified_time\" content=\"2025-11-14T15:56:48+00:00\" \/>\n<meta property=\"og:image\" content=\"https:\/\/www.agoracademie.com\/blog\/wp-content\/uploads\/2025\/11\/salon-zen.jpg\" \/>\n\t<meta property=\"og:image:width\" content=\"1079\" \/>\n\t<meta property=\"og:image:height\" content=\"538\" \/>\n\t<meta property=\"og:image:type\" content=\"image\/jpeg\" \/>\n<meta name=\"author\" content=\"Laurent Bertrel\" \/>\n<meta name=\"twitter:label1\" content=\"\u00c9crit par\" \/>\n\t<meta name=\"twitter:data1\" content=\"Laurent Bertrel\" \/>\n\t<meta name=\"twitter:label2\" content=\"Dur\u00e9e de lecture estim\u00e9e\" \/>\n\t<meta name=\"twitter:data2\" content=\"6 minutes\" \/>\n<script type=\"application\/ld+json\" class=\"yoast-schema-graph\">{\"@context\":\"https:\\\/\\\/schema.org\",\"@graph\":[{\"@type\":\"Article\",\"@id\":\"https:\\\/\\\/www.agoracademie.com\\\/blog\\\/salon-zen\\\/#article\",\"isPartOf\":{\"@id\":\"https:\\\/\\\/www.agoracademie.com\\\/blog\\\/salon-zen\\\/\"},\"author\":{\"name\":\"Laurent Bertrel\",\"@id\":\"https:\\\/\\\/www.agoracademie.com\\\/blog\\\/#\\\/schema\\\/person\\\/c2f110c50be7dcecc05cb4e87f32537f\"},\"headline\":\"Salon Zen 2026\",\"datePublished\":\"2025-11-11T11:59:53+00:00\",\"dateModified\":\"2025-11-14T15:56:48+00:00\",\"mainEntityOfPage\":{\"@id\":\"https:\\\/\\\/www.agoracademie.com\\\/blog\\\/salon-zen\\\/\"},\"wordCount\":1178,\"commentCount\":0,\"image\":{\"@id\":\"https:\\\/\\\/www.agoracademie.com\\\/blog\\\/salon-zen\\\/#primaryimage\"},\"thumbnailUrl\":\"https:\\\/\\\/www.agoracademie.com\\\/blog\\\/wp-content\\\/uploads\\\/2025\\\/11\\\/salon-zen-1024x511.jpg\",\"articleSection\":[\"Salon\"],\"inLanguage\":\"fr-FR\",\"potentialAction\":[{\"@type\":\"CommentAction\",\"name\":\"Comment\",\"target\":[\"https:\\\/\\\/www.agoracademie.com\\\/blog\\\/salon-zen\\\/#respond\"]}]},{\"@type\":\"WebPage\",\"@id\":\"https:\\\/\\\/www.agoracademie.com\\\/blog\\\/salon-zen\\\/\",\"url\":\"https:\\\/\\\/www.agoracademie.com\\\/blog\\\/salon-zen\\\/\",\"name\":\"Salon Zen 2026\u00a0: pourquoi y aller\u00a0? Agoracad\u00e9mie\",\"isPartOf\":{\"@id\":\"https:\\\/\\\/www.agoracademie.com\\\/blog\\\/#website\"},\"primaryImageOfPage\":{\"@id\":\"https:\\\/\\\/www.agoracademie.com\\\/blog\\\/salon-zen\\\/#primaryimage\"},\"image\":{\"@id\":\"https:\\\/\\\/www.agoracademie.com\\\/blog\\\/salon-zen\\\/#primaryimage\"},\"thumbnailUrl\":\"https:\\\/\\\/www.agoracademie.com\\\/blog\\\/wp-content\\\/uploads\\\/2025\\\/11\\\/salon-zen-1024x511.jpg\",\"datePublished\":\"2025-11-11T11:59:53+00:00\",\"dateModified\":\"2025-11-14T15:56:48+00:00\",\"author\":{\"@id\":\"https:\\\/\\\/www.agoracademie.com\\\/blog\\\/#\\\/schema\\\/person\\\/c2f110c50be7dcecc05cb4e87f32537f\"},\"description\":\"Salon Zen Paris : 5 jours d\u00e9di\u00e9s au bien-\u00eatre et aux th\u00e9rapies douces. Conf\u00e9rences, ateliers, exposants + id\u00e9es de sorties \u00e0 proximit\u00e9.\",\"breadcrumb\":{\"@id\":\"https:\\\/\\\/www.agoracademie.com\\\/blog\\\/salon-zen\\\/#breadcrumb\"},\"inLanguage\":\"fr-FR\",\"potentialAction\":[{\"@type\":\"ReadAction\",\"target\":[\"https:\\\/\\\/www.agoracademie.com\\\/blog\\\/salon-zen\\\/\"]}]},{\"@type\":\"ImageObject\",\"inLanguage\":\"fr-FR\",\"@id\":\"https:\\\/\\\/www.agoracademie.com\\\/blog\\\/salon-zen\\\/#primaryimage\",\"url\":\"https:\\\/\\\/www.agoracademie.com\\\/blog\\\/wp-content\\\/uploads\\\/2025\\\/11\\\/salon-zen.jpg\",\"contentUrl\":\"https:\\\/\\\/www.agoracademie.com\\\/blog\\\/wp-content\\\/uploads\\\/2025\\\/11\\\/salon-zen.jpg\",\"width\":1079,\"height\":538,\"caption\":\"Tour Eiffel\"},{\"@type\":\"BreadcrumbList\",\"@id\":\"https:\\\/\\\/www.agoracademie.com\\\/blog\\\/salon-zen\\\/#breadcrumb\",\"itemListElement\":[{\"@type\":\"ListItem\",\"position\":1,\"name\":\"Accueil\",\"item\":\"https:\\\/\\\/www.agoracademie.com\\\/blog\\\/\"},{\"@type\":\"ListItem\",\"position\":2,\"name\":\"Salon Zen 2026\"}]},{\"@type\":\"WebSite\",\"@id\":\"https:\\\/\\\/www.agoracademie.com\\\/blog\\\/#website\",\"url\":\"https:\\\/\\\/www.agoracademie.com\\\/blog\\\/\",\"name\":\"Blog Agoracad\u00e9mie - Centre de formation en ligne et \u00e0 distance\",\"description\":\"Le blog du d\u00e9veloppement personnel et des th\u00e9rapies\",\"potentialAction\":[{\"@type\":\"SearchAction\",\"target\":{\"@type\":\"EntryPoint\",\"urlTemplate\":\"https:\\\/\\\/www.agoracademie.com\\\/blog\\\/?s={search_term_string}\"},\"query-input\":{\"@type\":\"PropertyValueSpecification\",\"valueRequired\":true,\"valueName\":\"search_term_string\"}}],\"inLanguage\":\"fr-FR\"},{\"@type\":\"Person\",\"@id\":\"https:\\\/\\\/www.agoracademie.com\\\/blog\\\/#\\\/schema\\\/person\\\/c2f110c50be7dcecc05cb4e87f32537f\",\"name\":\"Laurent Bertrel\",\"image\":{\"@type\":\"ImageObject\",\"inLanguage\":\"fr-FR\",\"@id\":\"https:\\\/\\\/secure.gravatar.com\\\/avatar\\\/45841390e6db2f4064cc5f84ee39189cf562b1de36eb5b1b7cc82dee445813a4?s=96&r=g\",\"url\":\"https:\\\/\\\/secure.gravatar.com\\\/avatar\\\/45841390e6db2f4064cc5f84ee39189cf562b1de36eb5b1b7cc82dee445813a4?s=96&r=g\",\"contentUrl\":\"https:\\\/\\\/secure.gravatar.com\\\/avatar\\\/45841390e6db2f4064cc5f84ee39189cf562b1de36eb5b1b7cc82dee445813a4?s=96&r=g\",\"caption\":\"Laurent Bertrel\"},\"description\":\"Laurent Bertrel est le fondateur d'Agoracad\u00e9mie. Titulaire d'une licence en sciences humaines et sociales, d'une ma\u00eetrise et d'un master en psychanalyse, d'un master en \u00e9tudes culturelles parcours \u00e9tudes de genre, du DU connaissances g\u00e9n\u00e9rales de la personne \u00e2g\u00e9e, il est aussi form\u00e9 \u00e0 diff\u00e9rentes approches dont la PNL, la sophrologie, la relaxation, l'hypnose, le coaching, la m\u00e9ditation, les arts martiaux, etc. Auteur de plus de 40 ouvrages, dont 18 livres, il anime plusieurs formations sur Agoracad\u00e9mie et r\u00e9pondra au message que vous allez laisser ci-dessous.\",\"sameAs\":[\"https:\\\/\\\/www.agoracademie.com\\\/\"]}]}<\/script>\n<!-- \/ Yoast SEO plugin. -->","yoast_head_json":{"title":"Salon Zen 2026\u00a0: pourquoi y aller\u00a0? Agoracad\u00e9mie","description":"Salon Zen Paris : 5 jours d\u00e9di\u00e9s au bien-\u00eatre et aux th\u00e9rapies douces. Conf\u00e9rences, ateliers, exposants + id\u00e9es de sorties \u00e0 proximit\u00e9.","robots":{"index":"index","follow":"follow","max-snippet":"max-snippet:-1","max-image-preview":"max-image-preview:large","max-video-preview":"max-video-preview:-1"},"canonical":"https:\/\/www.agoracademie.com\/blog\/salon-zen\/","og_locale":"fr_FR","og_type":"article","og_title":"Salon Zen 2026\u00a0: pourquoi y aller\u00a0? Agoracad\u00e9mie","og_description":"Salon Zen Paris : 5 jours d\u00e9di\u00e9s au bien-\u00eatre et aux th\u00e9rapies douces. Conf\u00e9rences, ateliers, exposants + id\u00e9es de sorties \u00e0 proximit\u00e9.","og_url":"https:\/\/www.agoracademie.com\/blog\/salon-zen\/","og_site_name":"Agoracad\u00e9mie","article_published_time":"2025-11-11T11:59:53+00:00","article_modified_time":"2025-11-14T15:56:48+00:00","og_image":[{"width":1079,"height":538,"url":"https:\/\/www.agoracademie.com\/blog\/wp-content\/uploads\/2025\/11\/salon-zen.jpg","type":"image\/jpeg"}],"author":"Laurent Bertrel","twitter_misc":{"\u00c9crit par":"Laurent Bertrel","Dur\u00e9e de lecture estim\u00e9e":"6 minutes"},"schema":{"@context":"https:\/\/schema.org","@graph":[{"@type":"Article","@id":"https:\/\/www.agoracademie.com\/blog\/salon-zen\/#article","isPartOf":{"@id":"https:\/\/www.agoracademie.com\/blog\/salon-zen\/"},"author":{"name":"Laurent Bertrel","@id":"https:\/\/www.agoracademie.com\/blog\/#\/schema\/person\/c2f110c50be7dcecc05cb4e87f32537f"},"headline":"Salon Zen 2026","datePublished":"2025-11-11T11:59:53+00:00","dateModified":"2025-11-14T15:56:48+00:00","mainEntityOfPage":{"@id":"https:\/\/www.agoracademie.com\/blog\/salon-zen\/"},"wordCount":1178,"commentCount":0,"image":{"@id":"https:\/\/www.agoracademie.com\/blog\/salon-zen\/#primaryimage"},"thumbnailUrl":"https:\/\/www.agoracademie.com\/blog\/wp-content\/uploads\/2025\/11\/salon-zen-1024x511.jpg","articleSection":["Salon"],"inLanguage":"fr-FR","potentialAction":[{"@type":"CommentAction","name":"Comment","target":["https:\/\/www.agoracademie.com\/blog\/salon-zen\/#respond"]}]},{"@type":"WebPage","@id":"https:\/\/www.agoracademie.com\/blog\/salon-zen\/","url":"https:\/\/www.agoracademie.com\/blog\/salon-zen\/","name":"Salon Zen 2026\u00a0: pourquoi y aller\u00a0? Agoracad\u00e9mie","isPartOf":{"@id":"https:\/\/www.agoracademie.com\/blog\/#website"},"primaryImageOfPage":{"@id":"https:\/\/www.agoracademie.com\/blog\/salon-zen\/#primaryimage"},"image":{"@id":"https:\/\/www.agoracademie.com\/blog\/salon-zen\/#primaryimage"},"thumbnailUrl":"https:\/\/www.agoracademie.com\/blog\/wp-content\/uploads\/2025\/11\/salon-zen-1024x511.jpg","datePublished":"2025-11-11T11:59:53+00:00","dateModified":"2025-11-14T15:56:48+00:00","author":{"@id":"https:\/\/www.agoracademie.com\/blog\/#\/schema\/person\/c2f110c50be7dcecc05cb4e87f32537f"},"description":"Salon Zen Paris : 5 jours d\u00e9di\u00e9s au bien-\u00eatre et aux th\u00e9rapies douces. Conf\u00e9rences, ateliers, exposants + id\u00e9es de sorties \u00e0 proximit\u00e9.","breadcrumb":{"@id":"https:\/\/www.agoracademie.com\/blog\/salon-zen\/#breadcrumb"},"inLanguage":"fr-FR","potentialAction":[{"@type":"ReadAction","target":["https:\/\/www.agoracademie.com\/blog\/salon-zen\/"]}]},{"@type":"ImageObject","inLanguage":"fr-FR","@id":"https:\/\/www.agoracademie.com\/blog\/salon-zen\/#primaryimage","url":"https:\/\/www.agoracademie.com\/blog\/wp-content\/uploads\/2025\/11\/salon-zen.jpg","contentUrl":"https:\/\/www.agoracademie.com\/blog\/wp-content\/uploads\/2025\/11\/salon-zen.jpg","width":1079,"height":538,"caption":"Tour Eiffel"},{"@type":"BreadcrumbList","@id":"https:\/\/www.agoracademie.com\/blog\/salon-zen\/#breadcrumb","itemListElement":[{"@type":"ListItem","position":1,"name":"Accueil","item":"https:\/\/www.agoracademie.com\/blog\/"},{"@type":"ListItem","position":2,"name":"Salon Zen 2026"}]},{"@type":"WebSite","@id":"https:\/\/www.agoracademie.com\/blog\/#website","url":"https:\/\/www.agoracademie.com\/blog\/","name":"Blog Agoracad\u00e9mie - Centre de formation en ligne et \u00e0 distance","description":"Le blog du d\u00e9veloppement personnel et des th\u00e9rapies","potentialAction":[{"@type":"SearchAction","target":{"@type":"EntryPoint","urlTemplate":"https:\/\/www.agoracademie.com\/blog\/?s={search_term_string}"},"query-input":{"@type":"PropertyValueSpecification","valueRequired":true,"valueName":"search_term_string"}}],"inLanguage":"fr-FR"},{"@type":"Person","@id":"https:\/\/www.agoracademie.com\/blog\/#\/schema\/person\/c2f110c50be7dcecc05cb4e87f32537f","name":"Laurent Bertrel","image":{"@type":"ImageObject","inLanguage":"fr-FR","@id":"https:\/\/secure.gravatar.com\/avatar\/45841390e6db2f4064cc5f84ee39189cf562b1de36eb5b1b7cc82dee445813a4?s=96&r=g","url":"https:\/\/secure.gravatar.com\/avatar\/45841390e6db2f4064cc5f84ee39189cf562b1de36eb5b1b7cc82dee445813a4?s=96&r=g","contentUrl":"https:\/\/secure.gravatar.com\/avatar\/45841390e6db2f4064cc5f84ee39189cf562b1de36eb5b1b7cc82dee445813a4?s=96&r=g","caption":"Laurent Bertrel"},"description":"Laurent Bertrel est le fondateur d'Agoracad\u00e9mie. Titulaire d'une licence en sciences humaines et sociales, d'une ma\u00eetrise et d'un master en psychanalyse, d'un master en \u00e9tudes culturelles parcours \u00e9tudes de genre, du DU connaissances g\u00e9n\u00e9rales de la personne \u00e2g\u00e9e, il est aussi form\u00e9 \u00e0 diff\u00e9rentes approches dont la PNL, la sophrologie, la relaxation, l'hypnose, le coaching, la m\u00e9ditation, les arts martiaux, etc. Auteur de plus de 40 ouvrages, dont 18 livres, il anime plusieurs formations sur Agoracad\u00e9mie et r\u00e9pondra au message que vous allez laisser ci-dessous.","sameAs":["https:\/\/www.agoracademie.com\/"]}]}},"acf":[],"_links":{"self":[{"href":"https:\/\/www.agoracademie.com\/blog\/wp-json\/wp\/v2\/posts\/22667","targetHints":{"allow":["GET"]}}],"collection":[{"href":"https:\/\/www.agoracademie.com\/blog\/wp-json\/wp\/v2\/posts"}],"about":[{"href":"https:\/\/www.agoracademie.com\/blog\/wp-json\/wp\/v2\/types\/post"}],"author":[{"embeddable":true,"href":"https:\/\/www.agoracademie.com\/blog\/wp-json\/wp\/v2\/users\/2"}],"replies":[{"embeddable":true,"href":"https:\/\/www.agoracademie.com\/blog\/wp-json\/wp\/v2\/comments?post=22667"}],"version-history":[{"count":4,"href":"https:\/\/www.agoracademie.com\/blog\/wp-json\/wp\/v2\/posts\/22667\/revisions"}],"predecessor-version":[{"id":22773,"href":"https:\/\/www.agoracademie.com\/blog\/wp-json\/wp\/v2\/posts\/22667\/revisions\/22773"}],"wp:attachment":[{"href":"https:\/\/www.agoracademie.com\/blog\/wp-json\/wp\/v2\/media?parent=22667"}],"wp:term":[{"taxonomy":"category","embeddable":true,"href":"https:\/\/www.agoracademie.com\/blog\/wp-json\/wp\/v2\/categories?post=22667"},{"taxonomy":"post_tag","embeddable":true,"href":"https:\/\/www.agoracademie.com\/blog\/wp-json\/wp\/v2\/tags?post=22667"}],"curies":[{"name":"wp","href":"https:\/\/api.w.org\/{rel}","templated":true}]}}