{"id":22726,"date":"2025-11-13T10:32:04","date_gmt":"2025-11-13T09:32:04","guid":{"rendered":"https:\/\/www.agoracademie.com\/blog\/?p=22726"},"modified":"2025-12-01T08:24:43","modified_gmt":"2025-12-01T07:24:43","slug":"salon-bien-etre-bordeaux","status":"publish","type":"post","link":"https:\/\/www.agoracademie.com\/blog\/salon-bien-etre-bordeaux\/","title":{"rendered":"Salon bien-\u00eatre Bordeaux 2026"},"content":{"rendered":"<div class=\"wp-block-image\">\n<figure class=\"aligncenter size-large\"><img loading=\"lazy\" decoding=\"async\" width=\"1024\" height=\"511\" src=\"https:\/\/www.agoracademie.com\/blog\/wp-content\/uploads\/2025\/11\/salon_bien_etre_bordeaux-1024x511.jpg\" alt=\"Salon bien-\u00eatre Bordeaux\" class=\"wp-image-22727\" srcset=\"https:\/\/www.agoracademie.com\/blog\/wp-content\/uploads\/2025\/11\/salon_bien_etre_bordeaux-1024x511.jpg 1024w, https:\/\/www.agoracademie.com\/blog\/wp-content\/uploads\/2025\/11\/salon_bien_etre_bordeaux-300x150.jpg 300w, https:\/\/www.agoracademie.com\/blog\/wp-content\/uploads\/2025\/11\/salon_bien_etre_bordeaux-768x383.jpg 768w, https:\/\/www.agoracademie.com\/blog\/wp-content\/uploads\/2025\/11\/salon_bien_etre_bordeaux.jpg 1079w\" sizes=\"auto, (max-width: 1024px) 100vw, 1024px\" \/><figcaption class=\"wp-element-caption\">Miroir, mon beau miroir&#8230;<\/figcaption><\/figure><div id=\"ez-toc-container\" class=\"ez-toc-v2_0_82_2 ez-toc-wrap-center counter-hierarchy ez-toc-counter ez-toc-transparent ez-toc-container-direction\">\n<div class=\"ez-toc-title-container\">\n<p class=\"ez-toc-title\" style=\"cursor:inherit\">Sommaire<\/p>\n<span class=\"ez-toc-title-toggle\"><a href=\"#\" class=\"ez-toc-pull-right ez-toc-btn ez-toc-btn-xs ez-toc-btn-default ez-toc-toggle\" aria-label=\"Toggle Table of Content\"><span class=\"ez-toc-js-icon-con\"><span class=\"\"><span class=\"eztoc-hide\" style=\"display:none;\">Toggle<\/span><span class=\"ez-toc-icon-toggle-span\"><svg style=\"fill: #999;color:#999\" xmlns=\"http:\/\/www.w3.org\/2000\/svg\" class=\"list-377408\" width=\"20px\" height=\"20px\" viewBox=\"0 0 24 24\" fill=\"none\"><path d=\"M6 6H4v2h2V6zm14 0H8v2h12V6zM4 11h2v2H4v-2zm16 0H8v2h12v-2zM4 16h2v2H4v-2zm16 0H8v2h12v-2z\" fill=\"currentColor\"><\/path><\/svg><svg style=\"fill: #999;color:#999\" class=\"arrow-unsorted-368013\" xmlns=\"http:\/\/www.w3.org\/2000\/svg\" width=\"10px\" height=\"10px\" viewBox=\"0 0 24 24\" version=\"1.2\" baseProfile=\"tiny\"><path d=\"M18.2 9.3l-6.2-6.3-6.2 6.3c-.2.2-.3.4-.3.7s.1.5.3.7c.2.2.4.3.7.3h11c.3 0 .5-.1.7-.3.2-.2.3-.5.3-.7s-.1-.5-.3-.7zM5.8 14.7l6.2 6.3 6.2-6.3c.2-.2.3-.5.3-.7s-.1-.5-.3-.7c-.2-.2-.4-.3-.7-.3h-11c-.3 0-.5.1-.7.3-.2.2-.3.5-.3.7s.1.5.3.7z\"\/><\/svg><\/span><\/span><\/span><\/a><\/span><\/div>\n<nav><ul class='ez-toc-list ez-toc-list-level-1 ' ><li class='ez-toc-page-1 ez-toc-heading-level-2'><a class=\"ez-toc-link ez-toc-heading-1\" href=\"https:\/\/www.agoracademie.com\/blog\/salon-bien-etre-bordeaux\/#Salon_bien-etre_Bordeaux_cuvee_2026_sante_energie_et_equilibre_interieur\" >Salon bien-\u00eatre Bordeaux cuv\u00e9e 2026 : sant\u00e9, \u00e9nergie et \u00e9quilibre int\u00e9rieur<\/a><\/li><li class='ez-toc-page-1 ez-toc-heading-level-2'><a class=\"ez-toc-link ez-toc-heading-2\" href=\"https:\/\/www.agoracademie.com\/blog\/salon-bien-etre-bordeaux\/#Un_programme_complet_pour_le_corps_et_lesprit\" >Un programme complet pour le corps et l\u2019esprit<\/a><ul class='ez-toc-list-level-3' ><li class='ez-toc-heading-level-3'><a class=\"ez-toc-link ez-toc-heading-3\" href=\"https:\/\/www.agoracademie.com\/blog\/salon-bien-etre-bordeaux\/#Decouvrez_nos_formations_en_ligne_a_distance\" >D\u00e9couvrez nos formations en ligne &amp; \u00e0 distance<\/a><\/li><\/ul><\/li><li class='ez-toc-page-1 ez-toc-heading-level-2'><a class=\"ez-toc-link ez-toc-heading-4\" href=\"https:\/\/www.agoracademie.com\/blog\/salon-bien-etre-bordeaux\/#Visitez_Bordeaux_pendant_le_salon\" >Visitez Bordeaux pendant le salon<\/a><\/li><li class='ez-toc-page-1 ez-toc-heading-level-2'><a class=\"ez-toc-link ez-toc-heading-5\" href=\"https:\/\/www.agoracademie.com\/blog\/salon-bien-etre-bordeaux\/#FAQ_salon_bien-etre_Bordeaux\" >FAQ salon bien-\u00eatre Bordeaux<\/a><ul class='ez-toc-list-level-3' ><li class='ez-toc-heading-level-3'><a class=\"ez-toc-link ez-toc-heading-6\" href=\"https:\/\/www.agoracademie.com\/blog\/salon-bien-etre-bordeaux\/#Quand_a_lieu_le_salon_bien-etre_Bordeaux_en_2026\" >Quand a lieu le salon bien-\u00eatre Bordeaux en 2026 ?<\/a><\/li><li class='ez-toc-page-1 ez-toc-heading-level-3'><a class=\"ez-toc-link ez-toc-heading-7\" href=\"https:\/\/www.agoracademie.com\/blog\/salon-bien-etre-bordeaux\/#Quels_sont_les_horaires\" >Quels sont les horaires&nbsp;?<\/a><\/li><li class='ez-toc-page-1 ez-toc-heading-level-3'><a class=\"ez-toc-link ez-toc-heading-8\" href=\"https:\/\/www.agoracademie.com\/blog\/salon-bien-etre-bordeaux\/#Ou_se_deroule_levenement\" >O\u00f9 se d\u00e9roule l\u2019\u00e9v\u00e9nement ?<\/a><\/li><li class='ez-toc-page-1 ez-toc-heading-level-3'><a class=\"ez-toc-link ez-toc-heading-9\" href=\"https:\/\/www.agoracademie.com\/blog\/salon-bien-etre-bordeaux\/#Quel_est_le_tarif_dentree\" >Quel est le tarif d\u2019entr\u00e9e ?<\/a><\/li><li class='ez-toc-page-1 ez-toc-heading-level-3'><a class=\"ez-toc-link ez-toc-heading-10\" href=\"https:\/\/www.agoracademie.com\/blog\/salon-bien-etre-bordeaux\/#Le_parking_est-il_payant\" >Le parking est-il payant ?<\/a><\/li><li class='ez-toc-page-1 ez-toc-heading-level-3'><a class=\"ez-toc-link ez-toc-heading-11\" href=\"https:\/\/www.agoracademie.com\/blog\/salon-bien-etre-bordeaux\/#Comment_acceder_au_salon\" >Comment acc\u00e9der au salon ?<\/a><\/li><li class='ez-toc-page-1 ez-toc-heading-level-3'><a class=\"ez-toc-link ez-toc-heading-12\" href=\"https:\/\/www.agoracademie.com\/blog\/salon-bien-etre-bordeaux\/#Y_a-t-il_des_ateliers_ou_demonstrations\" >Y a-t-il des ateliers ou d\u00e9monstrations ?<\/a><\/li><li class='ez-toc-page-1 ez-toc-heading-level-3'><a class=\"ez-toc-link ez-toc-heading-13\" href=\"https:\/\/www.agoracademie.com\/blog\/salon-bien-etre-bordeaux\/#Quel_est_ladresse_du_site_officiel\" >Quel est l&rsquo;adresse du site officiel&nbsp;?<\/a><\/li><\/ul><\/li><li class='ez-toc-page-1 ez-toc-heading-level-2'><a class=\"ez-toc-link ez-toc-heading-14\" href=\"https:\/\/www.agoracademie.com\/blog\/salon-bien-etre-bordeaux\/#Le_bien-etre_continue_sur_Agoracademie\" >Le bien-\u00eatre continue sur Agoracad\u00e9mie<\/a><\/li><\/ul><\/nav><\/div>\n\n<\/div>\n\n\n<h2 class=\"wp-block-heading\"><span class=\"ez-toc-section\" id=\"Salon_bien-etre_Bordeaux_cuvee_2026_sante_energie_et_equilibre_interieur\"><\/span>Salon bien-\u00eatre Bordeaux cuv\u00e9e 2026 : sant\u00e9, \u00e9nergie et \u00e9quilibre int\u00e9rieur<span class=\"ez-toc-section-end\"><\/span><\/h2>\n\n\n\n<p><strong>(Re)d\u00e9couvrez l\u2019harmonie au salon bien-\u00eatre de Bordeaux&nbsp;!<\/strong><\/p>\n\n\n\n<p>Le <a href=\"https:\/\/www.agoracademie.com\/blog\/salons-du-bien-etre\/\">salon bien-\u00eatre<\/a> Bordeaux est le rendez-vous incontournable pour toutes celles et pour tous ceux qui souhaitent se reconnecter \u00e0 l\u2019essentiel : leur sant\u00e9, leur \u00e9nergie et leur nature profonde.<\/p>\n\n\n\n<!--more-->\n\n\n\n<p>Durant trois jours, le <strong>Palais des Congr\u00e8s<\/strong> de Bordeaux se transforme en un v\u00e9ritable temple du bien-\u00eatre, m\u00ealant conf\u00e9rences, ateliers, d\u00e9couvertes et \u00e9changes inspirants.<\/p>\n\n\n\n<p>Organis\u00e9 autour d\u2019un programme riche et vari\u00e9, ce salon vous invite \u00e0 explorer les diff\u00e9rentes approches&nbsp;:<\/p>\n\n\n\n<ul class=\"wp-block-list\">\n<li>du <strong>d\u00e9veloppement personnel<\/strong>,<\/li>\n\n\n\n<li>des <strong>m\u00e9decines alternatives<\/strong>,<\/li>\n\n\n\n<li>de la <strong>beaut\u00e9 naturelle<\/strong>,<\/li>\n\n\n\n<li>de la <strong>sant\u00e9<\/strong><\/li>\n\n\n\n<li>et de l\u2019<strong>habitat harmonieux<\/strong>.<\/li>\n<\/ul>\n\n\n\n<h2 class=\"wp-block-heading\"><span class=\"ez-toc-section\" id=\"Un_programme_complet_pour_le_corps_et_lesprit\"><\/span>Un programme complet pour le corps et l\u2019esprit<span class=\"ez-toc-section-end\"><\/span><\/h2>\n\n\n\n<p>Le salon bien-\u00eatre de Bordeaux accueille des exposant\u00b7e\u00b7s issu\u00b7e\u00b7s de domaines vari\u00e9s :<\/p>\n\n\n\n<ul class=\"wp-block-list\">\n<li>alimentaire,<\/li>\n\n\n\n<li>sant\u00e9,<\/li>\n\n\n\n<li>beaut\u00e9,<\/li>\n\n\n\n<li>bien-\u00eatre,<\/li>\n\n\n\n<li>maison,<\/li>\n\n\n\n<li>m\u00e9decines alternatives,<\/li>\n\n\n\n<li>arts divinatoires.<\/li>\n<\/ul>\n\n\n\n<p>Une belle diversit\u00e9 pour trouver des solutions concr\u00e8tes et inspirantes dans le but d&rsquo;am\u00e9liorer votre quotidien.<\/p>\n\n\n\n<p><strong>\u00c0 ne pas manquer&nbsp;!<\/strong><\/p>\n\n\n\n<ul class=\"wp-block-list\">\n<li><strong>Conf\u00e9rences<\/strong> dans les salles Terra, Pachamama, Ga\u00efa et Adamah, anim\u00e9es par des expert\u00b7e\u00b7s du bien-\u00eatre et de la spiritualit\u00e9.<\/li>\n\n\n\n<li>Grande <strong>tombola<\/strong> <a href=\"https:\/\/www.agoracademie.com\/blog\/salon-zen\/\">zen<\/a>, pour tenter de remporter des cadeaux ax\u00e9s sur le bien-\u00eatre.<\/li>\n\n\n\n<li>70 <strong>animations<\/strong> et d\u00e9monstrations, comme la puissance vibratoire du cristal, les soins quantiques, la revitalisation de l\u2019eau, et bien d\u2019autres exp\u00e9riences sensorielles.<\/li>\n\n\n\n<li>150 <strong>stands<\/strong>, soit un grand espace de rencontres privil\u00e9gi\u00e9 entre praticien\u00b7ne\u00b7s, th\u00e9rapeutes, formateur\u00b7trice\u00b7s et visiteur\u00b7se\u00b7s passionn\u00e9\u00b7e\u00b7s, dans une ambiance conviviale et bienveillante.<\/li>\n\n\n\n<li><strong>Restauration<\/strong> bio.<\/li>\n\n\n\n<li><strong>Concerts<\/strong> zen&#8230;<\/li>\n<\/ul>\n\n\n\n<div class=\"wp-block-magic-content-box-content-box aligncenter magic-content-box-c80ec7d8-ee30-4 magic-content-box-contentBox block-wrapper-background content-align-center\"><style>.magic-content-box-c80ec7d8-ee30-4 .magic-content-box-content-wrapper{text-align:center;margin-top:30px;margin-bottom:30px}.magic-content-box-c80ec7d8-ee30-4 .magic-content-box-section-header-wrapper{border-color:#ff201f}.magic-content-box-c80ec7d8-ee30-4 .magic-content-box-mainheader-wrap{box-shadow:0px 6px 12px -10px #000;border-radius:5px;background-color:#fff}.magic-content-box-c80ec7d8-ee30-4 .magic-content-box-section-wrapper{padding-top:30px;padding-right:30px;padding-bottom:30px;padding-left:30px;margin-top:0px;margin-right:0px;margin-bottom:0px;margin-left:0px}.magic-content-box-c80ec7d8-ee30-4 .magic-content-box-section-head-wrap{text-align:center;padding-top:0px;padding-right:0px;padding-bottom:0px;margin-top:0px;margin-bottom:0px;padding-left:0px}.magic-content-box-c80ec7d8-ee30-4 .magic-content-box-section-head-wrap .magic-content-box-title{color:#404040;font-size:32px;font-family:Default;padding-top:5px;padding-bottom:5px}.magic-content-box-c80ec7d8-ee30-4 .magic-content-box-section-head-wrap .magic-content-box-subtitle{color:#6d6d6d;font-size:18px;font-family:Default;padding-top:5px;padding-bottom:5px}.magic-content-box-c80ec7d8-ee30-4 .magic-content-box-title-dash{color:#ff201f}.magic-content-box-c80ec7d8-ee30-4 .magic-content-box-block-button span{color:#fff;border-width:1px;font-size:16px;font-family:Default}.magic-content-box-c80ec7d8-ee30-4 .magic-content-box-block-button .magic-content-box-button{background-color:#ff201f}.magic-content-box-c80ec7d8-ee30-4 .magic-content-box-block-button i{color:#fff;font-size:13px}.magic-content-box-c80ec7d8-ee30-4 .magic-content-box-block-button{margin-top:10px;margin-bottom:10px}.magic-content-box-c80ec7d8-ee30-4 .magic-content-box-button{padding-top:5px;padding-right:15px;padding-bottom:5px;padding-left:15px}@media screen and (max-width:1025px){.magic-content-box-c80ec7d8-ee30-4 .magic-content-box-section-head-wrap .magic-content-box-title{font-size:undefinedpx}.magic-content-box-c80ec7d8-ee30-4 .magic-content-box-section-head-wrap .magic-content-box-subtitle{font-size:undefinedpx}.magic-content-box-c80ec7d8-ee30-4 .magic-content-box-block-button span{font-size:undefinedpx}.magic-content-box-c80ec7d8-ee30-4 .magic-content-box-block-button i{font-size:px}}@media screen and (max-width:767px){.magic-content-box-c80ec7d8-ee30-4 .magic-content-box-section-head-wrap .magic-content-box-title{font-size:undefinedpx}.magic-content-box-c80ec7d8-ee30-4 .magic-content-box-section-head-wrap .magic-content-box-subtitle{font-size:undefinedpx}.magic-content-box-c80ec7d8-ee30-4 .magic-content-box-block-button span{font-size:undefinedpx}.magic-content-box-c80ec7d8-ee30-4 .magic-content-box-block-button i{font-size:px}}<\/style><div class=\"content-wrapper-inner\"><div class=\"magic-content-box-content-wrapper magic-content-box-blocks reverse-img has-background style-1\"><div class=\"content-img-wrap\"><img decoding=\"async\" src=\"https:\/\/www.agoracademie.com\/blog\/wp-content\/uploads\/2025\/05\/formation-stress.jpg\" alt=\"Catalogue formations\" class=\"\"\/><\/div><div class=\"magic-content-box-section-wrapper magic-content-box-mainheader-wrap\"><div class=\"magic-content-box-section-header-wrapper magic-content-box-blocks\"><div class=\"magic-content-box-section-head-wrap magic-content-box-style1 magic-content-box-center\"><div class=\"magic-content-box-title-wrapper\"><span class=\"magic-content-box-title-dash magic-content-box-upper-dash\"><\/span><h3 class=\"magic-content-box-title\"><span class=\"ez-toc-section\" id=\"Decouvrez_nos_formations_en_ligne_a_distance\"><\/span>D\u00e9couvrez nos formations en ligne &amp; \u00e0 distance<span class=\"ez-toc-section-end\"><\/span><\/h3><span class=\"magic-content-box-title-dash magic-content-box-lower-dash\"><\/span><\/div><div class=\"magic-content-box-subtitle-wrapper\"><span class=\"magic-content-box-title-dash magic-content-box-upper-dash\"><\/span><p class=\"magic-content-box-subtitle\">Th\u00e9rapies alternatives, coaching, d\u00e9veloppement personnel&#8230;<\/p><span class=\"magic-content-box-title-dash magic-content-box-lower-dash\"><\/span><\/div><\/div><\/div><div class=\"magic-content-box-desc-btn-wrap\"><div class=\"magic-content-box-block-button\"><a href=\"https:\/\/www.agoracademie.com\/academie\" class=\"magic-content-box-button magic-content-box-button-shape-rounded magic-content-box-button-size-small btn-icon-left\"><span>CATALOGUE EN LIGNE<\/span><\/a><\/div><\/div><\/div><\/div><\/div><\/div>\n\n\n\n<h2 class=\"wp-block-heading\"><span class=\"ez-toc-section\" id=\"Visitez_Bordeaux_pendant_le_salon\"><\/span>Visitez Bordeaux pendant le salon<span class=\"ez-toc-section-end\"><\/span><\/h2>\n\n\n\n<p>Profitez de votre venue au salon bien-\u00eatre Bordeaux pour explorer cette ville class\u00e9e <strong>au patrimoine mondial de l\u2019UNESCO<\/strong>.<\/p>\n\n\n\n<p>Avec environ 270 000 habitant\u00b7e\u00b7s, Bordeaux s\u00e9duit autant par son \u00e9l\u00e9gance architecturale que par son ambiance chaleureuse et son art de vivre.<\/p>\n\n\n\n<p><strong>\u00c0 d\u00e9couvrir absolument :<\/strong><\/p>\n\n\n\n<ul class=\"wp-block-list\">\n<li>la <strong>vieille ville<\/strong> et ses ruelles bord\u00e9es de fa\u00e7ades blondes&nbsp;;<\/li>\n\n\n\n<li>les <strong>rives de la Garonne<\/strong>, parfaites pour une balade relaxante ;<\/li>\n\n\n\n<li>la <strong>place de la Bourse<\/strong> et son c\u00e9l\u00e8bre miroir d\u2019eau&nbsp;;<\/li>\n\n\n\n<li>et bien s\u00fbr, une <strong>d\u00e9gustation de vins<\/strong> dans l\u2019un des nombreux bars \u00e0 vin ou ch\u00e2teaux viticoles de la r\u00e9gion !<\/li>\n<\/ul>\n\n\n\n<p>La ville est aussi un haut lieu de gastronomie fran\u00e7aise, parfaite pour prolonger votre exp\u00e9rience bien-\u00eatre autour d\u2019un repas local et raffin\u00e9.<\/p>\n\n\n\n<h2 class=\"wp-block-heading\"><span class=\"ez-toc-section\" id=\"FAQ_salon_bien-etre_Bordeaux\"><\/span>FAQ salon bien-\u00eatre Bordeaux<span class=\"ez-toc-section-end\"><\/span><\/h2>\n\n\n\n<h3 class=\"wp-block-heading\"><span class=\"ez-toc-section\" id=\"Quand_a_lieu_le_salon_bien-etre_Bordeaux_en_2026\"><\/span>Quand a lieu le salon bien-\u00eatre Bordeaux en 2026 ?<span class=\"ez-toc-section-end\"><\/span><\/h3>\n\n\n\n<p>Sur trois jours en novembre 2026.<\/p>\n\n\n\n<h3 class=\"wp-block-heading\"><span class=\"ez-toc-section\" id=\"Quels_sont_les_horaires\"><\/span>Quels sont les horaires&nbsp;?<span class=\"ez-toc-section-end\"><\/span><\/h3>\n\n\n\n<p>Le vendredi et samedi de 10h \u00e0 19h et le dimanche de 10h \u00e0 18h. L&rsquo;entr\u00e9e reste possible jusqu\u2019\u00e0 30 minutes avant la fermeture.<\/p>\n\n\n\n<h3 class=\"wp-block-heading\"><span class=\"ez-toc-section\" id=\"Ou_se_deroule_levenement\"><\/span>O\u00f9 se d\u00e9roule l\u2019\u00e9v\u00e9nement ?<span class=\"ez-toc-section-end\"><\/span><\/h3>\n\n\n\n<p>Au Palais des Congr\u00e8s de Bordeaux, Avenue Jean Gabriel Domergue.<\/p>\n\n\n\n<h3 class=\"wp-block-heading\"><span class=\"ez-toc-section\" id=\"Quel_est_le_tarif_dentree\"><\/span>Quel est le tarif d\u2019entr\u00e9e ?<span class=\"ez-toc-section-end\"><\/span><\/h3>\n\n\n\n<p>3 euros par jour, gratuit pour les moins de 18 ans.<\/p>\n\n\n\n<h3 class=\"wp-block-heading\"><span class=\"ez-toc-section\" id=\"Le_parking_est-il_payant\"><\/span>Le parking est-il payant ?<span class=\"ez-toc-section-end\"><\/span><\/h3>\n\n\n\n<p>Non, il est gratuit (1 500 places disponibles).<\/p>\n\n\n\n<h3 class=\"wp-block-heading\"><span class=\"ez-toc-section\" id=\"Comment_acceder_au_salon\"><\/span>Comment acc\u00e9der au salon ?<span class=\"ez-toc-section-end\"><\/span><\/h3>\n\n\n\n<p>Voici les principaux moyens de locomotion pour acc\u00e9der au salon&nbsp;:<\/p>\n\n\n\n<ul class=\"wp-block-list\">\n<li><strong>Tramway&nbsp;:<\/strong> ligne C arr\u00eat Palais des Congr\u00e8s<\/li>\n\n\n\n<li><strong>Bus :<\/strong> lignes 32 ou 60 arr\u00eat Palais des Congr\u00e8s<\/li>\n\n\n\n<li><strong>Voiture :<\/strong> rocade sortie 4 \/ 4A \/ 4B &#8211; Parc des Expositions<\/li>\n\n\n\n<li><strong>Train :<\/strong> gare Saint-Jean (puis 20 min en voiture ou 40 min en tram C)<\/li>\n\n\n\n<li><strong>Avion :<\/strong> a\u00e9roport Bordeaux-M\u00e9rignac (navette 30 min ou Liane 1 vers la gare, puis tram C)<\/li>\n<\/ul>\n\n\n\n<h3 class=\"wp-block-heading\"><span class=\"ez-toc-section\" id=\"Y_a-t-il_des_ateliers_ou_demonstrations\"><\/span>Y a-t-il des ateliers ou d\u00e9monstrations ?<span class=\"ez-toc-section-end\"><\/span><\/h3>\n\n\n\n<p>Oui, plusieurs animations autour des \u00e9nergies, des soins naturels et du d\u00e9veloppement personnel (voir ci-dessus).<\/p>\n\n\n\n<h3 class=\"wp-block-heading\"><span class=\"ez-toc-section\" id=\"Quel_est_ladresse_du_site_officiel\"><\/span>Quel est l&rsquo;adresse du site officiel&nbsp;?<span class=\"ez-toc-section-end\"><\/span><\/h3>\n\n\n\n<p>Voici l&rsquo;adresse du <a href=\"https:\/\/www.salonbienetrebordeaux.com\/\" target=\"_blank\" rel=\"noreferrer noopener\">site officiel du salon Bien-\u00eatre Bordeaux<\/a> !<\/p>\n\n\n\n<h2 class=\"wp-block-heading\"><span class=\"ez-toc-section\" id=\"Le_bien-etre_continue_sur_Agoracademie\"><\/span>Le bien-\u00eatre continue sur Agoracad\u00e9mie<span class=\"ez-toc-section-end\"><\/span><\/h2>\n\n\n\n<p>Apr\u00e8s votre visite au salon bien-\u00eatre Bordeaux, poursuivez votre exploration int\u00e9rieure avec Agoracad\u00e9mie.<\/p>\n\n\n\n<p>D\u00e9couvrez nos formations en ligne et \u00e0 distance en <a href=\"https:\/\/www.agoracademie.com\/academie\/formation-coach-developpement-personnel-en-ligne\">d\u00e9veloppement personnel<\/a>, coaching et th\u00e9rapies douces alternatives.<\/p>\n\n\n\n<p>Notre boutique propose \u00e9galement des livres, des ebooks, des CD \u00e0 t\u00e9l\u00e9charger, des jeux p\u00e9dagogiques et m\u00eame des bijoux malas pour enrichir votre pratique du bien-\u00eatre au quotidien.<\/p>\n\n\n\n<p>Agoracad\u00e9mie : votre espace d\u2019apprentissage et de s\u00e9r\u00e9nit\u00e9 en ligne.<\/p>\n","protected":false},"excerpt":{"rendered":"<p>Salon bien-\u00eatre Bordeaux cuv\u00e9e 2026 : sant\u00e9, \u00e9nergie et \u00e9quilibre int\u00e9rieur (Re)d\u00e9couvrez l\u2019harmonie au salon bien-\u00eatre de Bordeaux&nbsp;! Le salon bien-\u00eatre Bordeaux est le rendez-vous incontournable pour toutes celles et pour tous ceux qui souhaitent se reconnecter \u00e0 l\u2019essentiel : leur sant\u00e9, leur \u00e9nergie et leur nature profonde.<\/p>\n","protected":false},"author":2,"featured_media":0,"comment_status":"open","ping_status":"closed","sticky":false,"template":"","format":"standard","meta":{"_bbp_topic_count":0,"_bbp_reply_count":0,"_bbp_total_topic_count":0,"_bbp_total_reply_count":0,"_bbp_voice_count":0,"_bbp_anonymous_reply_count":0,"_bbp_topic_count_hidden":0,"_bbp_reply_count_hidden":0,"_bbp_forum_subforum_count":0,"footnotes":""},"categories":[590],"tags":[],"class_list":["post-22726","post","type-post","status-publish","format-standard","hentry","category-salon"],"yoast_head":"<!-- This site is optimized with the Yoast SEO plugin v27.4 - https:\/\/yoast.com\/product\/yoast-seo-wordpress\/ -->\n<title>Salon bien-\u00eatre Bordeaux 2026 : pourquoi y aller\u00a0? | Agoracad\u00e9mie<\/title>\n<meta name=\"description\" content=\"Salon bien-\u00eatre Bordeaux cuv\u00e9e 2026 : conf\u00e9rences, ateliers, produits naturels et tombola au Palais des Congr\u00e8s, voil\u00e0 pourquoi y aller\u00a0!\" \/>\n<meta name=\"robots\" content=\"index, follow, max-snippet:-1, max-image-preview:large, max-video-preview:-1\" \/>\n<link rel=\"canonical\" href=\"https:\/\/www.agoracademie.com\/blog\/salon-bien-etre-bordeaux\/\" \/>\n<meta property=\"og:locale\" content=\"fr_FR\" \/>\n<meta property=\"og:type\" content=\"article\" \/>\n<meta property=\"og:title\" content=\"Salon bien-\u00eatre Bordeaux 2026 : pourquoi y aller\u00a0? | Agoracad\u00e9mie\" \/>\n<meta property=\"og:description\" content=\"Salon bien-\u00eatre Bordeaux cuv\u00e9e 2026 : conf\u00e9rences, ateliers, produits naturels et tombola au Palais des Congr\u00e8s, voil\u00e0 pourquoi y aller\u00a0!\" \/>\n<meta property=\"og:url\" content=\"https:\/\/www.agoracademie.com\/blog\/salon-bien-etre-bordeaux\/\" \/>\n<meta property=\"og:site_name\" content=\"Agoracad\u00e9mie\" \/>\n<meta property=\"article:published_time\" content=\"2025-11-13T09:32:04+00:00\" \/>\n<meta property=\"article:modified_time\" content=\"2025-12-01T07:24:43+00:00\" \/>\n<meta property=\"og:image\" content=\"https:\/\/www.agoracademie.com\/blog\/wp-content\/uploads\/2025\/11\/salon_bien_etre_bordeaux.jpg\" \/>\n\t<meta property=\"og:image:width\" content=\"1079\" \/>\n\t<meta property=\"og:image:height\" content=\"538\" \/>\n\t<meta property=\"og:image:type\" content=\"image\/jpeg\" \/>\n<meta name=\"author\" content=\"Laurent Bertrel\" \/>\n<meta name=\"twitter:label1\" content=\"\u00c9crit par\" \/>\n\t<meta name=\"twitter:data1\" content=\"Laurent Bertrel\" \/>\n\t<meta name=\"twitter:label2\" content=\"Dur\u00e9e de lecture estim\u00e9e\" \/>\n\t<meta name=\"twitter:data2\" content=\"4 minutes\" \/>\n<script type=\"application\/ld+json\" class=\"yoast-schema-graph\">{\"@context\":\"https:\\\/\\\/schema.org\",\"@graph\":[{\"@type\":\"Article\",\"@id\":\"https:\\\/\\\/www.agoracademie.com\\\/blog\\\/salon-bien-etre-bordeaux\\\/#article\",\"isPartOf\":{\"@id\":\"https:\\\/\\\/www.agoracademie.com\\\/blog\\\/salon-bien-etre-bordeaux\\\/\"},\"author\":{\"name\":\"Laurent Bertrel\",\"@id\":\"https:\\\/\\\/www.agoracademie.com\\\/blog\\\/#\\\/schema\\\/person\\\/c2f110c50be7dcecc05cb4e87f32537f\"},\"headline\":\"Salon bien-\u00eatre Bordeaux 2026\",\"datePublished\":\"2025-11-13T09:32:04+00:00\",\"dateModified\":\"2025-12-01T07:24:43+00:00\",\"mainEntityOfPage\":{\"@id\":\"https:\\\/\\\/www.agoracademie.com\\\/blog\\\/salon-bien-etre-bordeaux\\\/\"},\"wordCount\":741,\"commentCount\":0,\"image\":{\"@id\":\"https:\\\/\\\/www.agoracademie.com\\\/blog\\\/salon-bien-etre-bordeaux\\\/#primaryimage\"},\"thumbnailUrl\":\"https:\\\/\\\/www.agoracademie.com\\\/blog\\\/wp-content\\\/uploads\\\/2025\\\/11\\\/salon_bien_etre_bordeaux-1024x511.jpg\",\"articleSection\":[\"Salon\"],\"inLanguage\":\"fr-FR\",\"potentialAction\":[{\"@type\":\"CommentAction\",\"name\":\"Comment\",\"target\":[\"https:\\\/\\\/www.agoracademie.com\\\/blog\\\/salon-bien-etre-bordeaux\\\/#respond\"]}]},{\"@type\":\"WebPage\",\"@id\":\"https:\\\/\\\/www.agoracademie.com\\\/blog\\\/salon-bien-etre-bordeaux\\\/\",\"url\":\"https:\\\/\\\/www.agoracademie.com\\\/blog\\\/salon-bien-etre-bordeaux\\\/\",\"name\":\"Salon bien-\u00eatre Bordeaux 2026 : pourquoi y aller\u00a0? | Agoracad\u00e9mie\",\"isPartOf\":{\"@id\":\"https:\\\/\\\/www.agoracademie.com\\\/blog\\\/#website\"},\"primaryImageOfPage\":{\"@id\":\"https:\\\/\\\/www.agoracademie.com\\\/blog\\\/salon-bien-etre-bordeaux\\\/#primaryimage\"},\"image\":{\"@id\":\"https:\\\/\\\/www.agoracademie.com\\\/blog\\\/salon-bien-etre-bordeaux\\\/#primaryimage\"},\"thumbnailUrl\":\"https:\\\/\\\/www.agoracademie.com\\\/blog\\\/wp-content\\\/uploads\\\/2025\\\/11\\\/salon_bien_etre_bordeaux-1024x511.jpg\",\"datePublished\":\"2025-11-13T09:32:04+00:00\",\"dateModified\":\"2025-12-01T07:24:43+00:00\",\"author\":{\"@id\":\"https:\\\/\\\/www.agoracademie.com\\\/blog\\\/#\\\/schema\\\/person\\\/c2f110c50be7dcecc05cb4e87f32537f\"},\"description\":\"Salon bien-\u00eatre Bordeaux cuv\u00e9e 2026 : conf\u00e9rences, ateliers, produits naturels et tombola au Palais des Congr\u00e8s, voil\u00e0 pourquoi y aller\u00a0!\",\"breadcrumb\":{\"@id\":\"https:\\\/\\\/www.agoracademie.com\\\/blog\\\/salon-bien-etre-bordeaux\\\/#breadcrumb\"},\"inLanguage\":\"fr-FR\",\"potentialAction\":[{\"@type\":\"ReadAction\",\"target\":[\"https:\\\/\\\/www.agoracademie.com\\\/blog\\\/salon-bien-etre-bordeaux\\\/\"]}]},{\"@type\":\"ImageObject\",\"inLanguage\":\"fr-FR\",\"@id\":\"https:\\\/\\\/www.agoracademie.com\\\/blog\\\/salon-bien-etre-bordeaux\\\/#primaryimage\",\"url\":\"https:\\\/\\\/www.agoracademie.com\\\/blog\\\/wp-content\\\/uploads\\\/2025\\\/11\\\/salon_bien_etre_bordeaux.jpg\",\"contentUrl\":\"https:\\\/\\\/www.agoracademie.com\\\/blog\\\/wp-content\\\/uploads\\\/2025\\\/11\\\/salon_bien_etre_bordeaux.jpg\",\"width\":1079,\"height\":538},{\"@type\":\"BreadcrumbList\",\"@id\":\"https:\\\/\\\/www.agoracademie.com\\\/blog\\\/salon-bien-etre-bordeaux\\\/#breadcrumb\",\"itemListElement\":[{\"@type\":\"ListItem\",\"position\":1,\"name\":\"Accueil\",\"item\":\"https:\\\/\\\/www.agoracademie.com\\\/blog\\\/\"},{\"@type\":\"ListItem\",\"position\":2,\"name\":\"Salon bien-\u00eatre Bordeaux 2026\"}]},{\"@type\":\"WebSite\",\"@id\":\"https:\\\/\\\/www.agoracademie.com\\\/blog\\\/#website\",\"url\":\"https:\\\/\\\/www.agoracademie.com\\\/blog\\\/\",\"name\":\"Blog Agoracad\u00e9mie - Centre de formation en ligne et \u00e0 distance\",\"description\":\"Le blog du d\u00e9veloppement personnel et des th\u00e9rapies\",\"potentialAction\":[{\"@type\":\"SearchAction\",\"target\":{\"@type\":\"EntryPoint\",\"urlTemplate\":\"https:\\\/\\\/www.agoracademie.com\\\/blog\\\/?s={search_term_string}\"},\"query-input\":{\"@type\":\"PropertyValueSpecification\",\"valueRequired\":true,\"valueName\":\"search_term_string\"}}],\"inLanguage\":\"fr-FR\"},{\"@type\":\"Person\",\"@id\":\"https:\\\/\\\/www.agoracademie.com\\\/blog\\\/#\\\/schema\\\/person\\\/c2f110c50be7dcecc05cb4e87f32537f\",\"name\":\"Laurent Bertrel\",\"image\":{\"@type\":\"ImageObject\",\"inLanguage\":\"fr-FR\",\"@id\":\"https:\\\/\\\/secure.gravatar.com\\\/avatar\\\/45841390e6db2f4064cc5f84ee39189cf562b1de36eb5b1b7cc82dee445813a4?s=96&r=g\",\"url\":\"https:\\\/\\\/secure.gravatar.com\\\/avatar\\\/45841390e6db2f4064cc5f84ee39189cf562b1de36eb5b1b7cc82dee445813a4?s=96&r=g\",\"contentUrl\":\"https:\\\/\\\/secure.gravatar.com\\\/avatar\\\/45841390e6db2f4064cc5f84ee39189cf562b1de36eb5b1b7cc82dee445813a4?s=96&r=g\",\"caption\":\"Laurent Bertrel\"},\"description\":\"Laurent Bertrel est le fondateur d'Agoracad\u00e9mie. Titulaire d'une licence en sciences humaines et sociales, d'une ma\u00eetrise et d'un master en psychanalyse, d'un master en \u00e9tudes culturelles parcours \u00e9tudes de genre, du DU connaissances g\u00e9n\u00e9rales de la personne \u00e2g\u00e9e, il est aussi form\u00e9 \u00e0 diff\u00e9rentes approches dont la PNL, la sophrologie, la relaxation, l'hypnose, le coaching, la m\u00e9ditation, les arts martiaux, etc. Auteur de plus de 40 ouvrages, dont 18 livres, il anime plusieurs formations sur Agoracad\u00e9mie et r\u00e9pondra au message que vous allez laisser ci-dessous.\",\"sameAs\":[\"https:\\\/\\\/www.agoracademie.com\\\/\"]}]}<\/script>\n<!-- \/ Yoast SEO plugin. -->","yoast_head_json":{"title":"Salon bien-\u00eatre Bordeaux 2026 : pourquoi y aller\u00a0? | Agoracad\u00e9mie","description":"Salon bien-\u00eatre Bordeaux cuv\u00e9e 2026 : conf\u00e9rences, ateliers, produits naturels et tombola au Palais des Congr\u00e8s, voil\u00e0 pourquoi y aller\u00a0!","robots":{"index":"index","follow":"follow","max-snippet":"max-snippet:-1","max-image-preview":"max-image-preview:large","max-video-preview":"max-video-preview:-1"},"canonical":"https:\/\/www.agoracademie.com\/blog\/salon-bien-etre-bordeaux\/","og_locale":"fr_FR","og_type":"article","og_title":"Salon bien-\u00eatre Bordeaux 2026 : pourquoi y aller\u00a0? | Agoracad\u00e9mie","og_description":"Salon bien-\u00eatre Bordeaux cuv\u00e9e 2026 : conf\u00e9rences, ateliers, produits naturels et tombola au Palais des Congr\u00e8s, voil\u00e0 pourquoi y aller\u00a0!","og_url":"https:\/\/www.agoracademie.com\/blog\/salon-bien-etre-bordeaux\/","og_site_name":"Agoracad\u00e9mie","article_published_time":"2025-11-13T09:32:04+00:00","article_modified_time":"2025-12-01T07:24:43+00:00","og_image":[{"width":1079,"height":538,"url":"https:\/\/www.agoracademie.com\/blog\/wp-content\/uploads\/2025\/11\/salon_bien_etre_bordeaux.jpg","type":"image\/jpeg"}],"author":"Laurent Bertrel","twitter_misc":{"\u00c9crit par":"Laurent Bertrel","Dur\u00e9e de lecture estim\u00e9e":"4 minutes"},"schema":{"@context":"https:\/\/schema.org","@graph":[{"@type":"Article","@id":"https:\/\/www.agoracademie.com\/blog\/salon-bien-etre-bordeaux\/#article","isPartOf":{"@id":"https:\/\/www.agoracademie.com\/blog\/salon-bien-etre-bordeaux\/"},"author":{"name":"Laurent Bertrel","@id":"https:\/\/www.agoracademie.com\/blog\/#\/schema\/person\/c2f110c50be7dcecc05cb4e87f32537f"},"headline":"Salon bien-\u00eatre Bordeaux 2026","datePublished":"2025-11-13T09:32:04+00:00","dateModified":"2025-12-01T07:24:43+00:00","mainEntityOfPage":{"@id":"https:\/\/www.agoracademie.com\/blog\/salon-bien-etre-bordeaux\/"},"wordCount":741,"commentCount":0,"image":{"@id":"https:\/\/www.agoracademie.com\/blog\/salon-bien-etre-bordeaux\/#primaryimage"},"thumbnailUrl":"https:\/\/www.agoracademie.com\/blog\/wp-content\/uploads\/2025\/11\/salon_bien_etre_bordeaux-1024x511.jpg","articleSection":["Salon"],"inLanguage":"fr-FR","potentialAction":[{"@type":"CommentAction","name":"Comment","target":["https:\/\/www.agoracademie.com\/blog\/salon-bien-etre-bordeaux\/#respond"]}]},{"@type":"WebPage","@id":"https:\/\/www.agoracademie.com\/blog\/salon-bien-etre-bordeaux\/","url":"https:\/\/www.agoracademie.com\/blog\/salon-bien-etre-bordeaux\/","name":"Salon bien-\u00eatre Bordeaux 2026 : pourquoi y aller\u00a0? | Agoracad\u00e9mie","isPartOf":{"@id":"https:\/\/www.agoracademie.com\/blog\/#website"},"primaryImageOfPage":{"@id":"https:\/\/www.agoracademie.com\/blog\/salon-bien-etre-bordeaux\/#primaryimage"},"image":{"@id":"https:\/\/www.agoracademie.com\/blog\/salon-bien-etre-bordeaux\/#primaryimage"},"thumbnailUrl":"https:\/\/www.agoracademie.com\/blog\/wp-content\/uploads\/2025\/11\/salon_bien_etre_bordeaux-1024x511.jpg","datePublished":"2025-11-13T09:32:04+00:00","dateModified":"2025-12-01T07:24:43+00:00","author":{"@id":"https:\/\/www.agoracademie.com\/blog\/#\/schema\/person\/c2f110c50be7dcecc05cb4e87f32537f"},"description":"Salon bien-\u00eatre Bordeaux cuv\u00e9e 2026 : conf\u00e9rences, ateliers, produits naturels et tombola au Palais des Congr\u00e8s, voil\u00e0 pourquoi y aller\u00a0!","breadcrumb":{"@id":"https:\/\/www.agoracademie.com\/blog\/salon-bien-etre-bordeaux\/#breadcrumb"},"inLanguage":"fr-FR","potentialAction":[{"@type":"ReadAction","target":["https:\/\/www.agoracademie.com\/blog\/salon-bien-etre-bordeaux\/"]}]},{"@type":"ImageObject","inLanguage":"fr-FR","@id":"https:\/\/www.agoracademie.com\/blog\/salon-bien-etre-bordeaux\/#primaryimage","url":"https:\/\/www.agoracademie.com\/blog\/wp-content\/uploads\/2025\/11\/salon_bien_etre_bordeaux.jpg","contentUrl":"https:\/\/www.agoracademie.com\/blog\/wp-content\/uploads\/2025\/11\/salon_bien_etre_bordeaux.jpg","width":1079,"height":538},{"@type":"BreadcrumbList","@id":"https:\/\/www.agoracademie.com\/blog\/salon-bien-etre-bordeaux\/#breadcrumb","itemListElement":[{"@type":"ListItem","position":1,"name":"Accueil","item":"https:\/\/www.agoracademie.com\/blog\/"},{"@type":"ListItem","position":2,"name":"Salon bien-\u00eatre Bordeaux 2026"}]},{"@type":"WebSite","@id":"https:\/\/www.agoracademie.com\/blog\/#website","url":"https:\/\/www.agoracademie.com\/blog\/","name":"Blog Agoracad\u00e9mie - Centre de formation en ligne et \u00e0 distance","description":"Le blog du d\u00e9veloppement personnel et des th\u00e9rapies","potentialAction":[{"@type":"SearchAction","target":{"@type":"EntryPoint","urlTemplate":"https:\/\/www.agoracademie.com\/blog\/?s={search_term_string}"},"query-input":{"@type":"PropertyValueSpecification","valueRequired":true,"valueName":"search_term_string"}}],"inLanguage":"fr-FR"},{"@type":"Person","@id":"https:\/\/www.agoracademie.com\/blog\/#\/schema\/person\/c2f110c50be7dcecc05cb4e87f32537f","name":"Laurent Bertrel","image":{"@type":"ImageObject","inLanguage":"fr-FR","@id":"https:\/\/secure.gravatar.com\/avatar\/45841390e6db2f4064cc5f84ee39189cf562b1de36eb5b1b7cc82dee445813a4?s=96&r=g","url":"https:\/\/secure.gravatar.com\/avatar\/45841390e6db2f4064cc5f84ee39189cf562b1de36eb5b1b7cc82dee445813a4?s=96&r=g","contentUrl":"https:\/\/secure.gravatar.com\/avatar\/45841390e6db2f4064cc5f84ee39189cf562b1de36eb5b1b7cc82dee445813a4?s=96&r=g","caption":"Laurent Bertrel"},"description":"Laurent Bertrel est le fondateur d'Agoracad\u00e9mie. Titulaire d'une licence en sciences humaines et sociales, d'une ma\u00eetrise et d'un master en psychanalyse, d'un master en \u00e9tudes culturelles parcours \u00e9tudes de genre, du DU connaissances g\u00e9n\u00e9rales de la personne \u00e2g\u00e9e, il est aussi form\u00e9 \u00e0 diff\u00e9rentes approches dont la PNL, la sophrologie, la relaxation, l'hypnose, le coaching, la m\u00e9ditation, les arts martiaux, etc. Auteur de plus de 40 ouvrages, dont 18 livres, il anime plusieurs formations sur Agoracad\u00e9mie et r\u00e9pondra au message que vous allez laisser ci-dessous.","sameAs":["https:\/\/www.agoracademie.com\/"]}]}},"acf":[],"_links":{"self":[{"href":"https:\/\/www.agoracademie.com\/blog\/wp-json\/wp\/v2\/posts\/22726","targetHints":{"allow":["GET"]}}],"collection":[{"href":"https:\/\/www.agoracademie.com\/blog\/wp-json\/wp\/v2\/posts"}],"about":[{"href":"https:\/\/www.agoracademie.com\/blog\/wp-json\/wp\/v2\/types\/post"}],"author":[{"embeddable":true,"href":"https:\/\/www.agoracademie.com\/blog\/wp-json\/wp\/v2\/users\/2"}],"replies":[{"embeddable":true,"href":"https:\/\/www.agoracademie.com\/blog\/wp-json\/wp\/v2\/comments?post=22726"}],"version-history":[{"count":5,"href":"https:\/\/www.agoracademie.com\/blog\/wp-json\/wp\/v2\/posts\/22726\/revisions"}],"predecessor-version":[{"id":22983,"href":"https:\/\/www.agoracademie.com\/blog\/wp-json\/wp\/v2\/posts\/22726\/revisions\/22983"}],"wp:attachment":[{"href":"https:\/\/www.agoracademie.com\/blog\/wp-json\/wp\/v2\/media?parent=22726"}],"wp:term":[{"taxonomy":"category","embeddable":true,"href":"https:\/\/www.agoracademie.com\/blog\/wp-json\/wp\/v2\/categories?post=22726"},{"taxonomy":"post_tag","embeddable":true,"href":"https:\/\/www.agoracademie.com\/blog\/wp-json\/wp\/v2\/tags?post=22726"}],"curies":[{"name":"wp","href":"https:\/\/api.w.org\/{rel}","templated":true}]}}