{"id":23104,"date":"2025-12-13T14:45:10","date_gmt":"2025-12-13T13:45:10","guid":{"rendered":"https:\/\/www.agoracademie.com\/blog\/?p=23104"},"modified":"2025-12-13T14:45:11","modified_gmt":"2025-12-13T13:45:11","slug":"communication-consciente","status":"publish","type":"post","link":"https:\/\/www.agoracademie.com\/blog\/communication-consciente\/","title":{"rendered":"Communication consciente"},"content":{"rendered":"<div class=\"wp-block-image\">\n<figure class=\"aligncenter size-large\"><img loading=\"lazy\" decoding=\"async\" width=\"1024\" height=\"511\" src=\"https:\/\/www.agoracademie.com\/blog\/wp-content\/uploads\/2025\/12\/communication-consciente-1024x511.jpg\" alt=\"Communication consciente\" class=\"wp-image-23105\" srcset=\"https:\/\/www.agoracademie.com\/blog\/wp-content\/uploads\/2025\/12\/communication-consciente-1024x511.jpg 1024w, https:\/\/www.agoracademie.com\/blog\/wp-content\/uploads\/2025\/12\/communication-consciente-300x150.jpg 300w, https:\/\/www.agoracademie.com\/blog\/wp-content\/uploads\/2025\/12\/communication-consciente-768x383.jpg 768w, https:\/\/www.agoracademie.com\/blog\/wp-content\/uploads\/2025\/12\/communication-consciente.jpg 1079w\" sizes=\"auto, (max-width: 1024px) 100vw, 1024px\" \/><figcaption class=\"wp-element-caption\">Des mots justes pour des relations justes<\/figcaption><\/figure><div id=\"ez-toc-container\" class=\"ez-toc-v2_0_82_2 ez-toc-wrap-center counter-hierarchy ez-toc-counter ez-toc-transparent ez-toc-container-direction\">\n<div class=\"ez-toc-title-container\">\n<p class=\"ez-toc-title\" style=\"cursor:inherit\">Sommaire<\/p>\n<span class=\"ez-toc-title-toggle\"><a href=\"#\" class=\"ez-toc-pull-right ez-toc-btn ez-toc-btn-xs ez-toc-btn-default ez-toc-toggle\" aria-label=\"Toggle Table of Content\"><span class=\"ez-toc-js-icon-con\"><span class=\"\"><span class=\"eztoc-hide\" style=\"display:none;\">Toggle<\/span><span class=\"ez-toc-icon-toggle-span\"><svg style=\"fill: #999;color:#999\" xmlns=\"http:\/\/www.w3.org\/2000\/svg\" class=\"list-377408\" width=\"20px\" height=\"20px\" viewBox=\"0 0 24 24\" fill=\"none\"><path d=\"M6 6H4v2h2V6zm14 0H8v2h12V6zM4 11h2v2H4v-2zm16 0H8v2h12v-2zM4 16h2v2H4v-2zm16 0H8v2h12v-2z\" fill=\"currentColor\"><\/path><\/svg><svg style=\"fill: #999;color:#999\" class=\"arrow-unsorted-368013\" xmlns=\"http:\/\/www.w3.org\/2000\/svg\" width=\"10px\" height=\"10px\" viewBox=\"0 0 24 24\" version=\"1.2\" baseProfile=\"tiny\"><path d=\"M18.2 9.3l-6.2-6.3-6.2 6.3c-.2.2-.3.4-.3.7s.1.5.3.7c.2.2.4.3.7.3h11c.3 0 .5-.1.7-.3.2-.2.3-.5.3-.7s-.1-.5-.3-.7zM5.8 14.7l6.2 6.3 6.2-6.3c.2-.2.3-.5.3-.7s-.1-.5-.3-.7c-.2-.2-.4-.3-.7-.3h-11c-.3 0-.5.1-.7.3-.2.2-.3.5-.3.7s.1.5.3.7z\"\/><\/svg><\/span><\/span><\/span><\/a><\/span><\/div>\n<nav><ul class='ez-toc-list ez-toc-list-level-1 ' ><li class='ez-toc-page-1 ez-toc-heading-level-2'><a class=\"ez-toc-link ez-toc-heading-1\" href=\"https:\/\/www.agoracademie.com\/blog\/communication-consciente\/#Communication_consciente_la_competence_essentielle_pour_des_relations_plus_saines_plus_claires_et_plus_apaisees\" >Communication consciente : la comp\u00e9tence essentielle pour des relations plus saines, plus claires et plus apais\u00e9es<\/a><\/li><li class='ez-toc-page-1 ez-toc-heading-level-2'><a class=\"ez-toc-link ez-toc-heading-2\" href=\"https:\/\/www.agoracademie.com\/blog\/communication-consciente\/#6_bonnes_raisons_de_developper_une_communication_consciente\" >6 bonnes raisons de d\u00e9velopper une communication consciente<\/a><ul class='ez-toc-list-level-3' ><li class='ez-toc-heading-level-3'><a class=\"ez-toc-link ez-toc-heading-3\" href=\"https:\/\/www.agoracademie.com\/blog\/communication-consciente\/#1_Communiquer_en_etant_aligne_interieurement\" >1. Communiquer en \u00e9tant align\u00e9 int\u00e9rieurement<\/a><\/li><li class='ez-toc-page-1 ez-toc-heading-level-3'><a class=\"ez-toc-link ez-toc-heading-4\" href=\"https:\/\/www.agoracademie.com\/blog\/communication-consciente\/#2_Comprendre_comment_chacun_percoit_et_interprete_le_monde\" >2. Comprendre comment chacun per\u00e7oit et interpr\u00e8te le monde<\/a><\/li><li class='ez-toc-page-1 ez-toc-heading-level-3'><a class=\"ez-toc-link ez-toc-heading-5\" href=\"https:\/\/www.agoracademie.com\/blog\/communication-consciente\/#3_Utiliser_un_langage_apaisant_symbolique_et_profondement_humain\" >3. Utiliser un langage apaisant, symbolique et profond\u00e9ment humain<\/a><\/li><li class='ez-toc-page-1 ez-toc-heading-level-3'><a class=\"ez-toc-link ez-toc-heading-6\" href=\"https:\/\/www.agoracademie.com\/blog\/communication-consciente\/#4_Cultiver_une_presence_relationnelle_stable_et_rassurante\" >4. Cultiver une pr\u00e9sence relationnelle stable et rassurante<\/a><\/li><li class='ez-toc-page-1 ez-toc-heading-level-3'><a class=\"ez-toc-link ez-toc-heading-7\" href=\"https:\/\/www.agoracademie.com\/blog\/communication-consciente\/#5_Reperer_et_neutraliser_les_manipulations\" >5. Rep\u00e9rer et neutraliser les manipulations<\/a><\/li><li class='ez-toc-page-1 ez-toc-heading-level-3'><a class=\"ez-toc-link ez-toc-heading-8\" href=\"https:\/\/www.agoracademie.com\/blog\/communication-consciente\/#6_Developper_une_expertise_relationnelle_valorisee_dans_de_nombreux_domaines\" >6. D\u00e9velopper une expertise relationnelle valoris\u00e9e dans de nombreux domaines<\/a><\/li><\/ul><\/li><li class='ez-toc-page-1 ez-toc-heading-level-2'><a class=\"ez-toc-link ez-toc-heading-9\" href=\"https:\/\/www.agoracademie.com\/blog\/communication-consciente\/#Quiz_Avez-vous_besoin_de_travailler_votre_communication_consciente\" >Quiz : Avez-vous besoin de travailler votre communication consciente ?<\/a><\/li><li class='ez-toc-page-1 ez-toc-heading-level-2'><a class=\"ez-toc-link ez-toc-heading-10\" href=\"https:\/\/www.agoracademie.com\/blog\/communication-consciente\/#Envie_daller_plus_loin_Formez-vous_a_la_communication_saine\" >Envie d\u2019aller plus loin ? Formez-vous \u00e0 la communication saine&nbsp;!<\/a><\/li><\/ul><\/nav><\/div>\n\n<\/div>\n\n\n<h2 class=\"wp-block-heading\"><span class=\"ez-toc-section\" id=\"Communication_consciente_la_competence_essentielle_pour_des_relations_plus_saines_plus_claires_et_plus_apaisees\"><\/span>Communication consciente : la comp\u00e9tence essentielle pour des relations plus saines, plus claires et plus apais\u00e9es<span class=\"ez-toc-section-end\"><\/span><\/h2>\n\n\n\n<p>Dans un monde o\u00f9 les \u00e9changes s\u2019acc\u00e9l\u00e8rent, o\u00f9 les tensions s\u2019accumulent et o\u00f9 chacun navigue entre surcharge mentale et exigences relationnelles, <strong>la communication consciente s\u2019impose comme une comp\u00e9tence cl\u00e9<\/strong>.<\/p>\n\n\n\n<!--more-->\n\n\n\n<p>Elle ne se r\u00e9duit pas \u00e0 bien parler ou \u00e0 choisir les bons mots, car elle implique surtout&nbsp;:<\/p>\n\n\n\n<ul class=\"wp-block-list\">\n<li>une pr\u00e9sence int\u00e9rieure,<\/li>\n\n\n\n<li>un alignement,<\/li>\n\n\n\n<li>une intention claire<\/li>\n\n\n\n<li>et une capacit\u00e9 \u00e0 maintenir une relation respectueuse m\u00eame dans la complexit\u00e9.<\/li>\n<\/ul>\n\n\n\n<p>Communiquer de mani\u00e8re consciente, c\u2019est donc \u00eatre pleinement l\u00e0, avec soi et avec l\u2019autre.<\/p>\n\n\n\n<p>Cela dans un espace o\u00f9 le dialogue ne devient ni un champ de bataille, ni un lieu de manipulation, mais un terrain de rencontre.<\/p>\n\n\n\n<p>C\u2019est aussi apprendre \u00e0 rep\u00e9rer ce qui se joue derri\u00e8re les mots, \u00e0 savoir les :<\/p>\n\n\n\n<ul class=\"wp-block-list\">\n<li>\u00e9motions,<\/li>\n\n\n\n<li>besoins,<\/li>\n\n\n\n<li>intentions,<\/li>\n\n\n\n<li>limites,<\/li>\n\n\n\n<li>strat\u00e9gies de d\u00e9fense,<\/li>\n\n\n\n<li>croyances,<\/li>\n\n\n\n<li>perceptions\u2026<\/li>\n<\/ul>\n\n\n\n<p>Beaucoup de personnes pensent savoir communiquer.<\/p>\n\n\n\n<p>Mais (tr\u00e8s) peu savent le faire de mani\u00e8re consciente, stable et apais\u00e9e.<\/p>\n\n\n\n<p>Et c\u2019est pr\u00e9cis\u00e9ment l\u00e0 que la <strong>formation<\/strong> et la <strong>pratique<\/strong> deviennent essentielles.<\/p>\n\n\n\n<div class=\"wp-block-magic-content-box-content-box aligncenter magic-content-box-3c790726-e71b-4 magic-content-box-contentBox block-wrapper-background content-align-center\"><style>.magic-content-box-3c790726-e71b-4 .magic-content-box-content-wrapper{text-align:center;margin-top:30px;margin-bottom:30px}.magic-content-box-3c790726-e71b-4 .magic-content-box-section-header-wrapper{border-color:#ff201f}.magic-content-box-3c790726-e71b-4 .magic-content-box-section-wrapper{padding-top:30px;padding-right:30px;padding-bottom:30px;padding-left:30px;margin-top:0px;margin-right:0px;margin-bottom:0px;margin-left:0px}.magic-content-box-3c790726-e71b-4 .content-img-wrap{width:100%}.magic-content-box-3c790726-e71b-4 .magic-content-box-section-head-wrap{text-align:center;padding-top:0px;padding-right:0px;padding-bottom:0px;margin-top:0px;margin-bottom:0px;padding-left:0px}.magic-content-box-3c790726-e71b-4 .magic-content-box-section-head-wrap .magic-content-box-title{color:#404040;font-size:32px;font-family:Default;padding-top:5px;padding-bottom:5px}.magic-content-box-3c790726-e71b-4 .magic-content-box-section-head-wrap .magic-content-box-subtitle{color:#6d6d6d;font-size:18px;font-family:Default;padding-top:5px;padding-bottom:5px}.magic-content-box-3c790726-e71b-4 .magic-content-box-title-dash{color:#ff201f}.magic-content-box-3c790726-e71b-4 .magic-content-box-block-button span{color:#fff;border-width:1px;font-size:16px;font-family:Default}.magic-content-box-3c790726-e71b-4 .magic-content-box-block-button .magic-content-box-button{background-color:#ff201f}.magic-content-box-3c790726-e71b-4 .magic-content-box-block-button i{color:#fff;font-size:13px}.magic-content-box-3c790726-e71b-4 .magic-content-box-block-button{margin-top:10px;margin-bottom:10px}.magic-content-box-3c790726-e71b-4 .magic-content-box-button{padding-top:5px;padding-right:15px;padding-bottom:5px;padding-left:15px}@media screen and (max-width:1025px){.magic-content-box-3c790726-e71b-4 .magic-content-box-section-head-wrap .magic-content-box-title{font-size:undefinedpx}.magic-content-box-3c790726-e71b-4 .magic-content-box-section-head-wrap .magic-content-box-subtitle{font-size:undefinedpx}.magic-content-box-3c790726-e71b-4 .magic-content-box-block-button span{font-size:undefinedpx}.magic-content-box-3c790726-e71b-4 .magic-content-box-block-button i{font-size:px}}@media screen and (max-width:767px){.magic-content-box-3c790726-e71b-4 .magic-content-box-section-head-wrap .magic-content-box-title{font-size:undefinedpx}.magic-content-box-3c790726-e71b-4 .magic-content-box-section-head-wrap .magic-content-box-subtitle{font-size:undefinedpx}.magic-content-box-3c790726-e71b-4 .magic-content-box-block-button span{font-size:undefinedpx}.magic-content-box-3c790726-e71b-4 .magic-content-box-block-button i{font-size:px}}<\/style><div class=\"content-wrapper-inner\"><div class=\"magic-content-box-content-wrapper magic-content-box-blocks style-3\"><div class=\"content-img-wrap\"><img decoding=\"async\" src=\"https:\/\/www.agoracademie.com\/blog\/wp-content\/uploads\/2025\/12\/la-communication-saine.jpg\" alt=\"Formation en communication saine\" class=\"\"\/><\/div><div class=\"magic-content-box-section-wrapper magic-content-box-mainheader-wrap\"><div class=\"magic-content-box-section-header-wrapper magic-content-box-blocks\"><div class=\"magic-content-box-section-head-wrap magic-content-box-style1 magic-content-box-center\"><div class=\"magic-content-box-title-wrapper\"><span class=\"magic-content-box-title-dash magic-content-box-upper-dash\"><\/span><h4 class=\"magic-content-box-title\">Formation en communication saine<\/h4><span class=\"magic-content-box-title-dash magic-content-box-lower-dash\"><\/span><\/div><div class=\"magic-content-box-subtitle-wrapper\"><span class=\"magic-content-box-title-dash magic-content-box-upper-dash\"><\/span><p class=\"magic-content-box-subtitle\">Pour soi ou pour devenir praticien\u00b7ne<\/p><span class=\"magic-content-box-title-dash magic-content-box-lower-dash\"><\/span><\/div><\/div><\/div><div class=\"magic-content-box-desc-btn-wrap\"><div class=\"magic-content-box-block-button\"><a href=\"https:\/\/www.agoracademie.com\/boutique\/formations-cd-dvd\/product\/communication-saine\" class=\"magic-content-box-button magic-content-box-button-shape-rounded magic-content-box-button-size-small hover-style-1 btn-icon-left\"><span>PROGRAMME<\/span><\/a><\/div><\/div><\/div><\/div><\/div><\/div>\n\n\n\n<h2 class=\"wp-block-heading\"><span class=\"ez-toc-section\" id=\"6_bonnes_raisons_de_developper_une_communication_consciente\"><\/span>6 bonnes raisons de d\u00e9velopper une communication consciente<span class=\"ez-toc-section-end\"><\/span><\/h2>\n\n\n\n<h3 class=\"wp-block-heading\"><span class=\"ez-toc-section\" id=\"1_Communiquer_en_etant_aligne_interieurement\"><\/span>1. Communiquer en \u00e9tant align\u00e9 int\u00e9rieurement<span class=\"ez-toc-section-end\"><\/span><\/h3>\n\n\n\n<p><strong>La communication consciente commence avant la conversation<\/strong>.<\/p>\n\n\n\n<p>Elle se construit dans votre capacit\u00e9 \u00e0 :<\/p>\n\n\n\n<ul class=\"wp-block-list\">\n<li>reconna\u00eetre vos \u00e9motions,<\/li>\n\n\n\n<li>clarifier vos intentions,<\/li>\n\n\n\n<li>ajuster votre posture, votre ton, votre rythme,<\/li>\n\n\n\n<li>parler depuis un espace calme et coh\u00e9rent.<\/li>\n<\/ul>\n\n\n\n<p>Lorsque l\u2019on apprend \u00e0 se recentrer avant de parler, les interactions deviennent plus fluides, plus respectueuses, et beaucoup moins r\u00e9actives.<\/p>\n\n\n\n<p>C\u2019est aussi ce travail int\u00e9rieur qui permet de r\u00e9duire les conflits inutiles et les malentendus.<\/p>\n\n\n\n<p>Si vous \u00eates en recherche d&rsquo;alignement, pourquoi ne pas regarder du c\u00f4t\u00e9 de nos formations en ligne et \u00e0 distance en&nbsp;:<\/p>\n\n\n\n<ul class=\"wp-block-list\">\n<li><a href=\"https:\/\/www.agoracademie.com\/academie\/formation-meditation\">m\u00e9ditation<\/a>,<\/li>\n\n\n\n<li><a href=\"https:\/\/www.agoracademie.com\/academie\/formation-a-distance-gestion-du-stress-et-emotions\">gestion du stress et des \u00e9motions<\/a>\u00a0?<\/li>\n<\/ul>\n\n\n\n<h3 class=\"wp-block-heading\"><span class=\"ez-toc-section\" id=\"2_Comprendre_comment_chacun_percoit_et_interprete_le_monde\"><\/span>2. Comprendre comment chacun per\u00e7oit et interpr\u00e8te le monde<span class=\"ez-toc-section-end\"><\/span><\/h3>\n\n\n\n<p>La communication consciente s\u2019appuie sur l\u2019id\u00e9e que <strong>personne ne voit la r\u00e9alit\u00e9 telle qu\u2019elle est, mais telle qu\u2019il la per\u00e7oit<\/strong>.<\/p>\n\n\n\n<p>Chacun filtre les informations \u00e0 travers ses exp\u00e9riences, valeurs, \u00e9motions et modes de pens\u00e9e (visuel, auditif, kinesth\u00e9sique\u2026).<\/p>\n\n\n\n<p>Apprendre \u00e0 rep\u00e9rer ces filtres permet de :<\/p>\n\n\n\n<ul class=\"wp-block-list\">\n<li>comprendre les r\u00e9actions des autres,<\/li>\n\n\n\n<li>d\u00e9coder leurs messages,<\/li>\n\n\n\n<li>ajuster sa propre fa\u00e7on de parler,<\/li>\n\n\n\n<li>d\u00e9samorcer rapidement les tensions.<\/li>\n<\/ul>\n\n\n\n<p>C\u2019est l\u2019une des comp\u00e9tences les plus utiles pour les relations personnelles comme professionnelles.<\/p>\n\n\n\n<h3 class=\"wp-block-heading\"><span class=\"ez-toc-section\" id=\"3_Utiliser_un_langage_apaisant_symbolique_et_profondement_humain\"><\/span>3. Utiliser un langage apaisant, symbolique et profond\u00e9ment humain<span class=\"ez-toc-section-end\"><\/span><\/h3>\n\n\n\n<p>La communication consciente donne une place importante aux images, aux m\u00e9taphores, aux formulations positives, aux suggestions indirectes, donc au langage ericksonien.<\/p>\n\n\n\n<p>Pourquoi ?<\/p>\n\n\n\n<p>Parce qu\u2019<strong>un langage vivant touche davantage que les arguments<\/strong>.<\/p>\n\n\n\n<p>Il ouvre l\u2019imagination, apaise les r\u00e9sistances, et permet d\u2019\u00eatre compris sur un plan \u00e9motionnel, pas seulement intellectuel.<\/p>\n\n\n\n<p>Apprendre \u00e0 manier ces outils, c\u2019est apprendre \u00e0 cr\u00e9er des ponts plut\u00f4t que des confrontations.<\/p>\n\n\n\n<div class=\"wp-block-magic-content-box-content-box aligncenter magic-content-box-b272d0c3-c54c-4 magic-content-box-contentBox block-wrapper-background content-align-center\"><style>.magic-content-box-b272d0c3-c54c-4 .magic-content-box-content-wrapper{text-align:center;margin-top:30px;margin-bottom:30px}.magic-content-box-b272d0c3-c54c-4 .magic-content-box-section-header-wrapper{border-color:#ff201f}.magic-content-box-b272d0c3-c54c-4 .magic-content-box-section-wrapper{padding-top:30px;padding-right:30px;padding-bottom:30px;padding-left:30px;margin-top:0px;margin-right:0px;margin-bottom:0px;margin-left:0px}.magic-content-box-b272d0c3-c54c-4 .content-img-wrap{width:100%}.magic-content-box-b272d0c3-c54c-4 .magic-content-box-section-head-wrap{text-align:center;padding-top:0px;padding-right:0px;padding-bottom:0px;margin-top:0px;margin-bottom:0px;padding-left:0px}.magic-content-box-b272d0c3-c54c-4 .magic-content-box-section-head-wrap .magic-content-box-title{color:#404040;font-size:32px;font-family:Default;padding-top:5px;padding-bottom:5px}.magic-content-box-b272d0c3-c54c-4 .magic-content-box-section-head-wrap .magic-content-box-subtitle{color:#6d6d6d;font-size:18px;font-family:Default;padding-top:5px;padding-bottom:5px}.magic-content-box-b272d0c3-c54c-4 .magic-content-box-title-dash{color:#ff201f}.magic-content-box-b272d0c3-c54c-4 .magic-content-box-block-button span{color:#fff;border-width:1px;font-size:16px;font-family:Default}.magic-content-box-b272d0c3-c54c-4 .magic-content-box-block-button .magic-content-box-button{background-color:#ff201f}.magic-content-box-b272d0c3-c54c-4 .magic-content-box-block-button i{color:#fff;font-size:13px}.magic-content-box-b272d0c3-c54c-4 .magic-content-box-block-button{margin-top:10px;margin-bottom:10px}.magic-content-box-b272d0c3-c54c-4 .magic-content-box-button{padding-top:5px;padding-right:15px;padding-bottom:5px;padding-left:15px}@media screen and (max-width:1025px){.magic-content-box-b272d0c3-c54c-4 .magic-content-box-section-head-wrap .magic-content-box-title{font-size:undefinedpx}.magic-content-box-b272d0c3-c54c-4 .magic-content-box-section-head-wrap .magic-content-box-subtitle{font-size:undefinedpx}.magic-content-box-b272d0c3-c54c-4 .magic-content-box-block-button span{font-size:undefinedpx}.magic-content-box-b272d0c3-c54c-4 .magic-content-box-block-button i{font-size:px}}@media screen and (max-width:767px){.magic-content-box-b272d0c3-c54c-4 .magic-content-box-section-head-wrap .magic-content-box-title{font-size:undefinedpx}.magic-content-box-b272d0c3-c54c-4 .magic-content-box-section-head-wrap .magic-content-box-subtitle{font-size:undefinedpx}.magic-content-box-b272d0c3-c54c-4 .magic-content-box-block-button span{font-size:undefinedpx}.magic-content-box-b272d0c3-c54c-4 .magic-content-box-block-button i{font-size:px}}<\/style><div class=\"content-wrapper-inner\"><div class=\"magic-content-box-content-wrapper magic-content-box-blocks style-3\"><div class=\"content-img-wrap\"><img decoding=\"async\" src=\"https:\/\/www.agoracademie.com\/blog\/wp-content\/uploads\/2020\/02\/communiquer.jpg\" alt=\"Formation en communication interpersonnelle\" class=\"\"\/><\/div><div class=\"magic-content-box-section-wrapper magic-content-box-mainheader-wrap\"><div class=\"magic-content-box-section-header-wrapper magic-content-box-blocks\"><div class=\"magic-content-box-section-head-wrap magic-content-box-style1 magic-content-box-center\"><div class=\"magic-content-box-title-wrapper\"><span class=\"magic-content-box-title-dash magic-content-box-upper-dash\"><\/span><h4 class=\"magic-content-box-title\">Formation en communication interpersonnelle<\/h4><span class=\"magic-content-box-title-dash magic-content-box-lower-dash\"><\/span><\/div><div class=\"magic-content-box-subtitle-wrapper\"><span class=\"magic-content-box-title-dash magic-content-box-upper-dash\"><\/span><p class=\"magic-content-box-subtitle\">PNL + communication ericksonienne&#8230;<\/p><span class=\"magic-content-box-title-dash magic-content-box-lower-dash\"><\/span><\/div><\/div><\/div><div class=\"magic-content-box-desc-btn-wrap\"><div class=\"magic-content-box-block-button\"><a href=\"https:\/\/www.agoracademie.com\/academie\/formation-a-distance-pnl-communication-ericksonienne\" class=\"magic-content-box-button magic-content-box-button-shape-rounded magic-content-box-button-size-small hover-style-1 btn-icon-left\"><span>PROGRAMME<\/span><\/a><\/div><\/div><\/div><\/div><\/div><\/div>\n\n\n\n<h3 class=\"wp-block-heading\"><span class=\"ez-toc-section\" id=\"4_Cultiver_une_presence_relationnelle_stable_et_rassurante\"><\/span>4. Cultiver une pr\u00e9sence relationnelle stable et rassurante<span class=\"ez-toc-section-end\"><\/span><\/h3>\n\n\n\n<p><strong>Les relations se construisent bien plus sur l\u2019attitude que sur les mots<\/strong>.<\/p>\n\n\n\n<p>La communication consciente d\u00e9veloppe une pr\u00e9sence :<\/p>\n\n\n\n<ul class=\"wp-block-list\">\n<li>stable,<\/li>\n\n\n\n<li>ancr\u00e9e,<\/li>\n\n\n\n<li>assertive,<\/li>\n\n\n\n<li>confiante,<\/li>\n\n\n\n<li>respectueuse.<\/li>\n<\/ul>\n\n\n\n<p>Elle vous aide \u00e0 poser des limites sans agressivit\u00e9, \u00e0 parler sans vous excuser d\u2019exister, et \u00e0 g\u00e9rer le stress ou le trac lors de prises de parole.<\/p>\n\n\n\n<p>Cette pr\u00e9sence transforme radicalement la qualit\u00e9 des \u00e9changes.<\/p>\n\n\n\n<h3 class=\"wp-block-heading\"><span class=\"ez-toc-section\" id=\"5_Reperer_et_neutraliser_les_manipulations\"><\/span>5. Rep\u00e9rer et neutraliser les manipulations<span class=\"ez-toc-section-end\"><\/span><\/h3>\n\n\n\n<p>Dans certaines interactions, l\u2019intention n\u2019est pas toujours claire.<\/p>\n\n\n\n<p>La communication consciente permet d\u2019<strong>identifier les tentatives d\u2019influence nocive<\/strong> (culpabilisation, inversion, flatterie int\u00e9ress\u00e9e, intimidation, confusion\u2026) et d\u2019y<strong> r\u00e9pondre calmement<\/strong>.<\/p>\n\n\n\n<p>C\u2019est une comp\u00e9tence qui s\u00e9curise \u00e9norm\u00e9ment les relations, car elle permet de distinguer un \u00e9change sain d\u2019un \u00e9change toxique, et ainsi de prot\u00e9ger son \u00e9nergie.<\/p>\n\n\n\n<div class=\"wp-block-magic-content-box-content-box aligncenter magic-content-box-756a0fa1-2c1f-4 magic-content-box-contentBox block-wrapper-background content-align-center\"><style>.magic-content-box-756a0fa1-2c1f-4 .magic-content-box-content-wrapper{text-align:center;margin-top:30px;margin-bottom:30px}.magic-content-box-756a0fa1-2c1f-4 .magic-content-box-section-header-wrapper{border-color:#ff201f}.magic-content-box-756a0fa1-2c1f-4 .magic-content-box-section-wrapper{padding-top:30px;padding-right:30px;padding-bottom:30px;padding-left:30px;margin-top:0px;margin-right:0px;margin-bottom:0px;margin-left:0px}.magic-content-box-756a0fa1-2c1f-4 .content-img-wrap{width:100%}.magic-content-box-756a0fa1-2c1f-4 .magic-content-box-section-head-wrap{text-align:center;padding-top:0px;padding-right:0px;padding-bottom:0px;margin-top:0px;margin-bottom:0px;padding-left:0px}.magic-content-box-756a0fa1-2c1f-4 .magic-content-box-section-head-wrap .magic-content-box-title{color:#404040;font-size:32px;font-family:Default;padding-top:5px;padding-bottom:5px}.magic-content-box-756a0fa1-2c1f-4 .magic-content-box-section-head-wrap .magic-content-box-subtitle{color:#6d6d6d;font-size:18px;font-family:Default;padding-top:5px;padding-bottom:5px}.magic-content-box-756a0fa1-2c1f-4 .magic-content-box-title-dash{color:#ff201f}.magic-content-box-756a0fa1-2c1f-4 .magic-content-box-block-button span{color:#fff;border-width:1px;font-size:16px;font-family:Default}.magic-content-box-756a0fa1-2c1f-4 .magic-content-box-block-button .magic-content-box-button{background-color:#ff201f}.magic-content-box-756a0fa1-2c1f-4 .magic-content-box-block-button i{color:#fff;font-size:13px}.magic-content-box-756a0fa1-2c1f-4 .magic-content-box-block-button{margin-top:10px;margin-bottom:10px}.magic-content-box-756a0fa1-2c1f-4 .magic-content-box-button{padding-top:5px;padding-right:15px;padding-bottom:5px;padding-left:15px}@media screen and (max-width:1025px){.magic-content-box-756a0fa1-2c1f-4 .magic-content-box-section-head-wrap .magic-content-box-title{font-size:undefinedpx}.magic-content-box-756a0fa1-2c1f-4 .magic-content-box-section-head-wrap .magic-content-box-subtitle{font-size:undefinedpx}.magic-content-box-756a0fa1-2c1f-4 .magic-content-box-block-button span{font-size:undefinedpx}.magic-content-box-756a0fa1-2c1f-4 .magic-content-box-block-button i{font-size:px}}@media screen and (max-width:767px){.magic-content-box-756a0fa1-2c1f-4 .magic-content-box-section-head-wrap .magic-content-box-title{font-size:undefinedpx}.magic-content-box-756a0fa1-2c1f-4 .magic-content-box-section-head-wrap .magic-content-box-subtitle{font-size:undefinedpx}.magic-content-box-756a0fa1-2c1f-4 .magic-content-box-block-button span{font-size:undefinedpx}.magic-content-box-756a0fa1-2c1f-4 .magic-content-box-block-button i{font-size:px}}<\/style><div class=\"content-wrapper-inner\"><div class=\"magic-content-box-content-wrapper magic-content-box-blocks style-3\"><div class=\"content-img-wrap\"><img decoding=\"async\" src=\"https:\/\/www.agoracademie.com\/blog\/wp-content\/uploads\/2010\/09\/communication_et_manipulation.jpg\" alt=\"Formation en contre-manipulation\" class=\"\"\/><\/div><div class=\"magic-content-box-section-wrapper magic-content-box-mainheader-wrap\"><div class=\"magic-content-box-section-header-wrapper magic-content-box-blocks\"><div class=\"magic-content-box-section-head-wrap magic-content-box-style1 magic-content-box-center\"><div class=\"magic-content-box-title-wrapper\"><span class=\"magic-content-box-title-dash magic-content-box-upper-dash\"><\/span><h4 class=\"magic-content-box-title\">Formation en contre-manipulation<\/h4><span class=\"magic-content-box-title-dash magic-content-box-lower-dash\"><\/span><\/div><div class=\"magic-content-box-subtitle-wrapper\"><span class=\"magic-content-box-title-dash magic-content-box-upper-dash\"><\/span><p class=\"magic-content-box-subtitle\">Pour arr\u00eater d&rsquo;\u00eatre un mouton<\/p><span class=\"magic-content-box-title-dash magic-content-box-lower-dash\"><\/span><\/div><\/div><\/div><div class=\"magic-content-box-desc-btn-wrap\"><div class=\"magic-content-box-block-button\"><a href=\"https:\/\/www.agoracademie.com\/academie\/comment-contrer-un-manipulateur\" class=\"magic-content-box-button magic-content-box-button-shape-rounded magic-content-box-button-size-small hover-style-1 btn-icon-left\"><span>PROGRAMME<\/span><\/a><\/div><\/div><\/div><\/div><\/div><\/div>\n\n\n\n<h3 class=\"wp-block-heading\"><span class=\"ez-toc-section\" id=\"6_Developper_une_expertise_relationnelle_valorisee_dans_de_nombreux_domaines\"><\/span>6. D\u00e9velopper une expertise relationnelle valoris\u00e9e dans de nombreux domaines<span class=\"ez-toc-section-end\"><\/span><\/h3>\n\n\n\n<p>Que vous soyez :<\/p>\n\n\n\n<ul class=\"wp-block-list\">\n<li>coach,<\/li>\n\n\n\n<li>th\u00e9rapeute,<\/li>\n\n\n\n<li>professionnel\u00b7le du soin ou de l\u2019enseignement,<\/li>\n\n\n\n<li>manager\u00b7euse ou RH,<\/li>\n\n\n\n<li>ou simplement en qu\u00eate d\u2019une vie relationnelle plus apais\u00e9e,<\/li>\n<\/ul>\n\n\n\n<p>la communication consciente est une comp\u00e9tence profond\u00e9ment professionnalisante.<\/p>\n\n\n\n<p>Elle am\u00e9liore l\u2019\u00e9coute, la qualit\u00e9 d\u2019accompagnement, la r\u00e9solution de conflit, la collaboration et l\u2019intelligence \u00e9motionnelle.<\/p>\n\n\n\n<p>Soit une base solide pour \u00e9voluer, s\u2019\u00e9panouir et d\u00e9velopper une pratique parfaitement align\u00e9e.<\/p>\n\n\n\n<h2 class=\"wp-block-heading\"><span class=\"ez-toc-section\" id=\"Quiz_Avez-vous_besoin_de_travailler_votre_communication_consciente\"><\/span>Quiz : Avez-vous besoin de travailler votre communication consciente ?<span class=\"ez-toc-section-end\"><\/span><\/h2>\n\n\n\n<p>Pour r\u00e9pondre \u00e0 cette question, r\u00e9pondez simplement par oui ou non aux questions suivantes :<\/p>\n\n\n\n<ul class=\"wp-block-list\">\n<li>Je me sens souvent mal compris\u00b7e lorsque je communique.<\/li>\n\n\n\n<li>Je me surprends \u00e0 r\u00e9agir trop vite ou trop fort dans certaines conversations.<\/li>\n\n\n\n<li>Je prends parfois les choses trop personnellement.<\/li>\n\n\n\n<li>Je n\u2019arrive pas toujours \u00e0 poser mes limites clairement.<\/li>\n\n\n\n<li>J\u2019ai du mal \u00e0 garder mon calme quand un \u00e9change devient tendu.<\/li>\n\n\n\n<li>Je redoute les conflits ou les discussions importantes.<\/li>\n\n\n\n<li>Je rep\u00e8re mal les manipulations ou j\u2019ai du mal \u00e0 y r\u00e9pondre sereinement.<\/li>\n\n\n\n<li>Je parle parfois sans \u00eatre vraiment align\u00e9\u00b7e avec ce que je ressens.<\/li>\n\n\n\n<li>Je ne connais pas bien mes d\u00e9clencheurs \u00e9motionnels en communication.<\/li>\n\n\n\n<li>Je sens que ma communication manque de clart\u00e9, d\u2019assertivit\u00e9 ou de coh\u00e9rence.<\/li>\n<\/ul>\n\n\n\n<p><strong>Interpr\u00e9tation des r\u00e9ponses<\/strong><\/p>\n\n\n\n<ul class=\"wp-block-list\">\n<li><strong>0 \u00e0 3 \u00ab\u00a0oui\u00a0\u00bb\u00a0:<\/strong> vous avez d\u00e9j\u00e0 de bonnes bases. Cela dit, quelques ajustements vous aideront \u00e0 affiner votre communication consciente.<\/li>\n\n\n\n<li><strong>4 \u00e0 7 \u00ab\u00a0oui\u00a0\u00bb\u00a0:<\/strong> vous \u00eates dans la zone o\u00f9 la communication g\u00e9n\u00e8re r\u00e9guli\u00e8rement du stress ou des malentendus. Une formation structur\u00e9e, comme la n\u00f4tre, vous aidera \u00e0 faire un grand saut qualitatif.<\/li>\n\n\n\n<li><strong>8 \u00e0 10 \u00ab\u00a0oui\u00a0\u00bb\u00a0:<\/strong> votre communication fonctionne probablement en mode automatique ou d\u00e9fensif. Un apprentissage guid\u00e9, de type coaching, est essentiel pour retrouver s\u00e9r\u00e9nit\u00e9, clart\u00e9 et stabilit\u00e9 dans vos relations.<\/li>\n<\/ul>\n\n\n\n<h2 class=\"wp-block-heading\"><span class=\"ez-toc-section\" id=\"Envie_daller_plus_loin_Formez-vous_a_la_communication_saine\"><\/span>Envie d\u2019aller plus loin ? Formez-vous \u00e0 la communication saine&nbsp;!<span class=\"ez-toc-section-end\"><\/span><\/h2>\n\n\n\n<p>Notre formation en communication saine, 100 % en ligne et accessible 24\/7, vous permet d\u2019apprendre \u00e0 votre rythme tout en obtenant <strong>3 certificats professionnels<\/strong>.<\/p>\n\n\n\n<p>Il s&rsquo;agit du praticien\u00b7ne en&nbsp;:<\/p>\n\n\n\n<ul class=\"wp-block-list\">\n<li>communication interpersonnelle,<\/li>\n\n\n\n<li>contre-manipulation,<\/li>\n\n\n\n<li>communication saine.<\/li>\n<\/ul>\n\n\n\n<p>Soit un programme complet, accessible \u00e0 toutes et \u00e0 tous, sans pr\u00e9requis, au prix le plus attractif possible, pour d\u00e9velopper une comp\u00e9tence essentielle dans votre vie personnelle comme professionnelle.<\/p>\n\n\n\n<p>Si vous souhaitez communiquer avec plus de clart\u00e9, de confiance, de conscience et de stabilit\u00e9, cette formation est le meilleur point de d\u00e9part.<\/p>\n\n\n\n<p>Notez que si vous souhaitez r\u00e9aliser notre formation sans valider les certificats, le prix est alors beaucoup plus int\u00e9ressant.<\/p>\n\n\n\n<p>Alors, renseignez-vous vite et demandez <strong>le tarif \u00ab&nbsp;auditeur\u00b7trice libre&nbsp;\u00bb&nbsp;!<\/strong><\/p>\n","protected":false},"excerpt":{"rendered":"<p>Communication consciente : la comp\u00e9tence essentielle pour des relations plus saines, plus claires et plus apais\u00e9es Dans un monde o\u00f9 les \u00e9changes s\u2019acc\u00e9l\u00e8rent, o\u00f9 les tensions s\u2019accumulent et o\u00f9 chacun navigue entre surcharge mentale et exigences relationnelles, la communication consciente s\u2019impose comme une comp\u00e9tence cl\u00e9.<\/p>\n","protected":false},"author":2,"featured_media":0,"comment_status":"open","ping_status":"closed","sticky":false,"template":"","format":"standard","meta":{"_bbp_topic_count":0,"_bbp_reply_count":0,"_bbp_total_topic_count":0,"_bbp_total_reply_count":0,"_bbp_voice_count":0,"_bbp_anonymous_reply_count":0,"_bbp_topic_count_hidden":0,"_bbp_reply_count_hidden":0,"_bbp_forum_subforum_count":0,"footnotes":""},"categories":[6],"tags":[],"class_list":["post-23104","post","type-post","status-publish","format-standard","hentry","category-formation-en-developpement-personnel"],"yoast_head":"<!-- This site is optimized with the Yoast SEO plugin v27.4 - https:\/\/yoast.com\/product\/yoast-seo-wordpress\/ -->\n<title>6 raisons d\u2019adopter une communication consciente + quiz<\/title>\n<meta name=\"description\" content=\"D\u00e9couvrez 6 bonnes raisons d\u2019am\u00e9liorer votre communication consciente et faites le quiz pour \u00e9valuer vos besoins + formation pour tou\u00b7te\u00b7s.\" \/>\n<meta name=\"robots\" content=\"index, follow, max-snippet:-1, max-image-preview:large, max-video-preview:-1\" \/>\n<link rel=\"canonical\" href=\"https:\/\/www.agoracademie.com\/blog\/communication-consciente\/\" \/>\n<meta property=\"og:locale\" content=\"fr_FR\" \/>\n<meta property=\"og:type\" content=\"article\" \/>\n<meta property=\"og:title\" content=\"6 raisons d\u2019adopter une communication consciente + quiz\" \/>\n<meta property=\"og:description\" content=\"D\u00e9couvrez 6 bonnes raisons d\u2019am\u00e9liorer votre communication consciente et faites le quiz pour \u00e9valuer vos besoins + formation pour tou\u00b7te\u00b7s.\" \/>\n<meta property=\"og:url\" content=\"https:\/\/www.agoracademie.com\/blog\/communication-consciente\/\" \/>\n<meta property=\"og:site_name\" content=\"Agoracad\u00e9mie\" \/>\n<meta property=\"article:published_time\" content=\"2025-12-13T13:45:10+00:00\" \/>\n<meta property=\"article:modified_time\" content=\"2025-12-13T13:45:11+00:00\" \/>\n<meta property=\"og:image\" content=\"https:\/\/www.agoracademie.com\/blog\/wp-content\/uploads\/2025\/12\/communication-consciente.jpg\" \/>\n\t<meta property=\"og:image:width\" content=\"1079\" \/>\n\t<meta property=\"og:image:height\" content=\"538\" \/>\n\t<meta property=\"og:image:type\" content=\"image\/jpeg\" \/>\n<meta name=\"author\" content=\"Laurent Bertrel\" \/>\n<meta name=\"twitter:label1\" content=\"\u00c9crit par\" \/>\n\t<meta name=\"twitter:data1\" content=\"Laurent Bertrel\" \/>\n\t<meta name=\"twitter:label2\" content=\"Dur\u00e9e de lecture estim\u00e9e\" \/>\n\t<meta name=\"twitter:data2\" content=\"6 minutes\" \/>\n<script type=\"application\/ld+json\" class=\"yoast-schema-graph\">{\"@context\":\"https:\\\/\\\/schema.org\",\"@graph\":[{\"@type\":\"Article\",\"@id\":\"https:\\\/\\\/www.agoracademie.com\\\/blog\\\/communication-consciente\\\/#article\",\"isPartOf\":{\"@id\":\"https:\\\/\\\/www.agoracademie.com\\\/blog\\\/communication-consciente\\\/\"},\"author\":{\"name\":\"Laurent Bertrel\",\"@id\":\"https:\\\/\\\/www.agoracademie.com\\\/blog\\\/#\\\/schema\\\/person\\\/c2f110c50be7dcecc05cb4e87f32537f\"},\"headline\":\"Communication consciente\",\"datePublished\":\"2025-12-13T13:45:10+00:00\",\"dateModified\":\"2025-12-13T13:45:11+00:00\",\"mainEntityOfPage\":{\"@id\":\"https:\\\/\\\/www.agoracademie.com\\\/blog\\\/communication-consciente\\\/\"},\"wordCount\":1118,\"commentCount\":0,\"image\":{\"@id\":\"https:\\\/\\\/www.agoracademie.com\\\/blog\\\/communication-consciente\\\/#primaryimage\"},\"thumbnailUrl\":\"https:\\\/\\\/www.agoracademie.com\\\/blog\\\/wp-content\\\/uploads\\\/2025\\\/12\\\/communication-consciente-1024x511.jpg\",\"articleSection\":[\"Formation\"],\"inLanguage\":\"fr-FR\",\"potentialAction\":[{\"@type\":\"CommentAction\",\"name\":\"Comment\",\"target\":[\"https:\\\/\\\/www.agoracademie.com\\\/blog\\\/communication-consciente\\\/#respond\"]}]},{\"@type\":\"WebPage\",\"@id\":\"https:\\\/\\\/www.agoracademie.com\\\/blog\\\/communication-consciente\\\/\",\"url\":\"https:\\\/\\\/www.agoracademie.com\\\/blog\\\/communication-consciente\\\/\",\"name\":\"6 raisons d\u2019adopter une communication consciente + quiz\",\"isPartOf\":{\"@id\":\"https:\\\/\\\/www.agoracademie.com\\\/blog\\\/#website\"},\"primaryImageOfPage\":{\"@id\":\"https:\\\/\\\/www.agoracademie.com\\\/blog\\\/communication-consciente\\\/#primaryimage\"},\"image\":{\"@id\":\"https:\\\/\\\/www.agoracademie.com\\\/blog\\\/communication-consciente\\\/#primaryimage\"},\"thumbnailUrl\":\"https:\\\/\\\/www.agoracademie.com\\\/blog\\\/wp-content\\\/uploads\\\/2025\\\/12\\\/communication-consciente-1024x511.jpg\",\"datePublished\":\"2025-12-13T13:45:10+00:00\",\"dateModified\":\"2025-12-13T13:45:11+00:00\",\"author\":{\"@id\":\"https:\\\/\\\/www.agoracademie.com\\\/blog\\\/#\\\/schema\\\/person\\\/c2f110c50be7dcecc05cb4e87f32537f\"},\"description\":\"D\u00e9couvrez 6 bonnes raisons d\u2019am\u00e9liorer votre communication consciente et faites le quiz pour \u00e9valuer vos besoins + formation pour tou\u00b7te\u00b7s.\",\"breadcrumb\":{\"@id\":\"https:\\\/\\\/www.agoracademie.com\\\/blog\\\/communication-consciente\\\/#breadcrumb\"},\"inLanguage\":\"fr-FR\",\"potentialAction\":[{\"@type\":\"ReadAction\",\"target\":[\"https:\\\/\\\/www.agoracademie.com\\\/blog\\\/communication-consciente\\\/\"]}]},{\"@type\":\"ImageObject\",\"inLanguage\":\"fr-FR\",\"@id\":\"https:\\\/\\\/www.agoracademie.com\\\/blog\\\/communication-consciente\\\/#primaryimage\",\"url\":\"https:\\\/\\\/www.agoracademie.com\\\/blog\\\/wp-content\\\/uploads\\\/2025\\\/12\\\/communication-consciente.jpg\",\"contentUrl\":\"https:\\\/\\\/www.agoracademie.com\\\/blog\\\/wp-content\\\/uploads\\\/2025\\\/12\\\/communication-consciente.jpg\",\"width\":1079,\"height\":538},{\"@type\":\"BreadcrumbList\",\"@id\":\"https:\\\/\\\/www.agoracademie.com\\\/blog\\\/communication-consciente\\\/#breadcrumb\",\"itemListElement\":[{\"@type\":\"ListItem\",\"position\":1,\"name\":\"Accueil\",\"item\":\"https:\\\/\\\/www.agoracademie.com\\\/blog\\\/\"},{\"@type\":\"ListItem\",\"position\":2,\"name\":\"Communication consciente\"}]},{\"@type\":\"WebSite\",\"@id\":\"https:\\\/\\\/www.agoracademie.com\\\/blog\\\/#website\",\"url\":\"https:\\\/\\\/www.agoracademie.com\\\/blog\\\/\",\"name\":\"Blog Agoracad\u00e9mie - Centre de formation en ligne et \u00e0 distance\",\"description\":\"Le blog du d\u00e9veloppement personnel et des th\u00e9rapies\",\"potentialAction\":[{\"@type\":\"SearchAction\",\"target\":{\"@type\":\"EntryPoint\",\"urlTemplate\":\"https:\\\/\\\/www.agoracademie.com\\\/blog\\\/?s={search_term_string}\"},\"query-input\":{\"@type\":\"PropertyValueSpecification\",\"valueRequired\":true,\"valueName\":\"search_term_string\"}}],\"inLanguage\":\"fr-FR\"},{\"@type\":\"Person\",\"@id\":\"https:\\\/\\\/www.agoracademie.com\\\/blog\\\/#\\\/schema\\\/person\\\/c2f110c50be7dcecc05cb4e87f32537f\",\"name\":\"Laurent Bertrel\",\"image\":{\"@type\":\"ImageObject\",\"inLanguage\":\"fr-FR\",\"@id\":\"https:\\\/\\\/secure.gravatar.com\\\/avatar\\\/45841390e6db2f4064cc5f84ee39189cf562b1de36eb5b1b7cc82dee445813a4?s=96&r=g\",\"url\":\"https:\\\/\\\/secure.gravatar.com\\\/avatar\\\/45841390e6db2f4064cc5f84ee39189cf562b1de36eb5b1b7cc82dee445813a4?s=96&r=g\",\"contentUrl\":\"https:\\\/\\\/secure.gravatar.com\\\/avatar\\\/45841390e6db2f4064cc5f84ee39189cf562b1de36eb5b1b7cc82dee445813a4?s=96&r=g\",\"caption\":\"Laurent Bertrel\"},\"description\":\"Laurent Bertrel est le fondateur d'Agoracad\u00e9mie. Titulaire d'une licence en sciences humaines et sociales, d'une ma\u00eetrise et d'un master en psychanalyse, d'un master en \u00e9tudes culturelles parcours \u00e9tudes de genre, du DU connaissances g\u00e9n\u00e9rales de la personne \u00e2g\u00e9e, il est aussi form\u00e9 \u00e0 diff\u00e9rentes approches dont la PNL, la sophrologie, la relaxation, l'hypnose, le coaching, la m\u00e9ditation, les arts martiaux, etc. Auteur de plus de 40 ouvrages, dont 18 livres, il anime plusieurs formations sur Agoracad\u00e9mie et r\u00e9pondra au message que vous allez laisser ci-dessous.\",\"sameAs\":[\"https:\\\/\\\/www.agoracademie.com\\\/\"]}]}<\/script>\n<!-- \/ Yoast SEO plugin. -->","yoast_head_json":{"title":"6 raisons d\u2019adopter une communication consciente + quiz","description":"D\u00e9couvrez 6 bonnes raisons d\u2019am\u00e9liorer votre communication consciente et faites le quiz pour \u00e9valuer vos besoins + formation pour tou\u00b7te\u00b7s.","robots":{"index":"index","follow":"follow","max-snippet":"max-snippet:-1","max-image-preview":"max-image-preview:large","max-video-preview":"max-video-preview:-1"},"canonical":"https:\/\/www.agoracademie.com\/blog\/communication-consciente\/","og_locale":"fr_FR","og_type":"article","og_title":"6 raisons d\u2019adopter une communication consciente + quiz","og_description":"D\u00e9couvrez 6 bonnes raisons d\u2019am\u00e9liorer votre communication consciente et faites le quiz pour \u00e9valuer vos besoins + formation pour tou\u00b7te\u00b7s.","og_url":"https:\/\/www.agoracademie.com\/blog\/communication-consciente\/","og_site_name":"Agoracad\u00e9mie","article_published_time":"2025-12-13T13:45:10+00:00","article_modified_time":"2025-12-13T13:45:11+00:00","og_image":[{"width":1079,"height":538,"url":"https:\/\/www.agoracademie.com\/blog\/wp-content\/uploads\/2025\/12\/communication-consciente.jpg","type":"image\/jpeg"}],"author":"Laurent Bertrel","twitter_misc":{"\u00c9crit par":"Laurent Bertrel","Dur\u00e9e de lecture estim\u00e9e":"6 minutes"},"schema":{"@context":"https:\/\/schema.org","@graph":[{"@type":"Article","@id":"https:\/\/www.agoracademie.com\/blog\/communication-consciente\/#article","isPartOf":{"@id":"https:\/\/www.agoracademie.com\/blog\/communication-consciente\/"},"author":{"name":"Laurent Bertrel","@id":"https:\/\/www.agoracademie.com\/blog\/#\/schema\/person\/c2f110c50be7dcecc05cb4e87f32537f"},"headline":"Communication consciente","datePublished":"2025-12-13T13:45:10+00:00","dateModified":"2025-12-13T13:45:11+00:00","mainEntityOfPage":{"@id":"https:\/\/www.agoracademie.com\/blog\/communication-consciente\/"},"wordCount":1118,"commentCount":0,"image":{"@id":"https:\/\/www.agoracademie.com\/blog\/communication-consciente\/#primaryimage"},"thumbnailUrl":"https:\/\/www.agoracademie.com\/blog\/wp-content\/uploads\/2025\/12\/communication-consciente-1024x511.jpg","articleSection":["Formation"],"inLanguage":"fr-FR","potentialAction":[{"@type":"CommentAction","name":"Comment","target":["https:\/\/www.agoracademie.com\/blog\/communication-consciente\/#respond"]}]},{"@type":"WebPage","@id":"https:\/\/www.agoracademie.com\/blog\/communication-consciente\/","url":"https:\/\/www.agoracademie.com\/blog\/communication-consciente\/","name":"6 raisons d\u2019adopter une communication consciente + quiz","isPartOf":{"@id":"https:\/\/www.agoracademie.com\/blog\/#website"},"primaryImageOfPage":{"@id":"https:\/\/www.agoracademie.com\/blog\/communication-consciente\/#primaryimage"},"image":{"@id":"https:\/\/www.agoracademie.com\/blog\/communication-consciente\/#primaryimage"},"thumbnailUrl":"https:\/\/www.agoracademie.com\/blog\/wp-content\/uploads\/2025\/12\/communication-consciente-1024x511.jpg","datePublished":"2025-12-13T13:45:10+00:00","dateModified":"2025-12-13T13:45:11+00:00","author":{"@id":"https:\/\/www.agoracademie.com\/blog\/#\/schema\/person\/c2f110c50be7dcecc05cb4e87f32537f"},"description":"D\u00e9couvrez 6 bonnes raisons d\u2019am\u00e9liorer votre communication consciente et faites le quiz pour \u00e9valuer vos besoins + formation pour tou\u00b7te\u00b7s.","breadcrumb":{"@id":"https:\/\/www.agoracademie.com\/blog\/communication-consciente\/#breadcrumb"},"inLanguage":"fr-FR","potentialAction":[{"@type":"ReadAction","target":["https:\/\/www.agoracademie.com\/blog\/communication-consciente\/"]}]},{"@type":"ImageObject","inLanguage":"fr-FR","@id":"https:\/\/www.agoracademie.com\/blog\/communication-consciente\/#primaryimage","url":"https:\/\/www.agoracademie.com\/blog\/wp-content\/uploads\/2025\/12\/communication-consciente.jpg","contentUrl":"https:\/\/www.agoracademie.com\/blog\/wp-content\/uploads\/2025\/12\/communication-consciente.jpg","width":1079,"height":538},{"@type":"BreadcrumbList","@id":"https:\/\/www.agoracademie.com\/blog\/communication-consciente\/#breadcrumb","itemListElement":[{"@type":"ListItem","position":1,"name":"Accueil","item":"https:\/\/www.agoracademie.com\/blog\/"},{"@type":"ListItem","position":2,"name":"Communication consciente"}]},{"@type":"WebSite","@id":"https:\/\/www.agoracademie.com\/blog\/#website","url":"https:\/\/www.agoracademie.com\/blog\/","name":"Blog Agoracad\u00e9mie - Centre de formation en ligne et \u00e0 distance","description":"Le blog du d\u00e9veloppement personnel et des th\u00e9rapies","potentialAction":[{"@type":"SearchAction","target":{"@type":"EntryPoint","urlTemplate":"https:\/\/www.agoracademie.com\/blog\/?s={search_term_string}"},"query-input":{"@type":"PropertyValueSpecification","valueRequired":true,"valueName":"search_term_string"}}],"inLanguage":"fr-FR"},{"@type":"Person","@id":"https:\/\/www.agoracademie.com\/blog\/#\/schema\/person\/c2f110c50be7dcecc05cb4e87f32537f","name":"Laurent Bertrel","image":{"@type":"ImageObject","inLanguage":"fr-FR","@id":"https:\/\/secure.gravatar.com\/avatar\/45841390e6db2f4064cc5f84ee39189cf562b1de36eb5b1b7cc82dee445813a4?s=96&r=g","url":"https:\/\/secure.gravatar.com\/avatar\/45841390e6db2f4064cc5f84ee39189cf562b1de36eb5b1b7cc82dee445813a4?s=96&r=g","contentUrl":"https:\/\/secure.gravatar.com\/avatar\/45841390e6db2f4064cc5f84ee39189cf562b1de36eb5b1b7cc82dee445813a4?s=96&r=g","caption":"Laurent Bertrel"},"description":"Laurent Bertrel est le fondateur d'Agoracad\u00e9mie. Titulaire d'une licence en sciences humaines et sociales, d'une ma\u00eetrise et d'un master en psychanalyse, d'un master en \u00e9tudes culturelles parcours \u00e9tudes de genre, du DU connaissances g\u00e9n\u00e9rales de la personne \u00e2g\u00e9e, il est aussi form\u00e9 \u00e0 diff\u00e9rentes approches dont la PNL, la sophrologie, la relaxation, l'hypnose, le coaching, la m\u00e9ditation, les arts martiaux, etc. Auteur de plus de 40 ouvrages, dont 18 livres, il anime plusieurs formations sur Agoracad\u00e9mie et r\u00e9pondra au message que vous allez laisser ci-dessous.","sameAs":["https:\/\/www.agoracademie.com\/"]}]}},"acf":[],"_links":{"self":[{"href":"https:\/\/www.agoracademie.com\/blog\/wp-json\/wp\/v2\/posts\/23104","targetHints":{"allow":["GET"]}}],"collection":[{"href":"https:\/\/www.agoracademie.com\/blog\/wp-json\/wp\/v2\/posts"}],"about":[{"href":"https:\/\/www.agoracademie.com\/blog\/wp-json\/wp\/v2\/types\/post"}],"author":[{"embeddable":true,"href":"https:\/\/www.agoracademie.com\/blog\/wp-json\/wp\/v2\/users\/2"}],"replies":[{"embeddable":true,"href":"https:\/\/www.agoracademie.com\/blog\/wp-json\/wp\/v2\/comments?post=23104"}],"version-history":[{"count":1,"href":"https:\/\/www.agoracademie.com\/blog\/wp-json\/wp\/v2\/posts\/23104\/revisions"}],"predecessor-version":[{"id":23107,"href":"https:\/\/www.agoracademie.com\/blog\/wp-json\/wp\/v2\/posts\/23104\/revisions\/23107"}],"wp:attachment":[{"href":"https:\/\/www.agoracademie.com\/blog\/wp-json\/wp\/v2\/media?parent=23104"}],"wp:term":[{"taxonomy":"category","embeddable":true,"href":"https:\/\/www.agoracademie.com\/blog\/wp-json\/wp\/v2\/categories?post=23104"},{"taxonomy":"post_tag","embeddable":true,"href":"https:\/\/www.agoracademie.com\/blog\/wp-json\/wp\/v2\/tags?post=23104"}],"curies":[{"name":"wp","href":"https:\/\/api.w.org\/{rel}","templated":true}]}}