{"id":23563,"date":"2026-01-29T17:28:56","date_gmt":"2026-01-29T16:28:56","guid":{"rendered":"https:\/\/www.agoracademie.com\/blog\/?p=23563"},"modified":"2026-01-29T17:36:33","modified_gmt":"2026-01-29T16:36:33","slug":"qu-est-ce-que-la-preparation-mentale","status":"publish","type":"post","link":"https:\/\/www.agoracademie.com\/blog\/qu-est-ce-que-la-preparation-mentale\/","title":{"rendered":"Qu\u2019est-ce que la pr\u00e9paration mentale ? D\u00e9finition, usages, limites et formation"},"content":{"rendered":"<div class=\"wp-block-image\">\n<figure class=\"aligncenter size-large\"><img loading=\"lazy\" decoding=\"async\" width=\"1024\" height=\"511\" src=\"https:\/\/www.agoracademie.com\/blog\/wp-content\/uploads\/2026\/01\/qu_est_ce_que_la_preparation_mentale-1024x511.jpg\" alt=\"Qu'est-ce que la pr\u00e9paration mentale : exemple de sportif en pr\u00e9-visualisation de r\u00e9ussite\" class=\"wp-image-23564\" srcset=\"https:\/\/www.agoracademie.com\/blog\/wp-content\/uploads\/2026\/01\/qu_est_ce_que_la_preparation_mentale-1024x511.jpg 1024w, https:\/\/www.agoracademie.com\/blog\/wp-content\/uploads\/2026\/01\/qu_est_ce_que_la_preparation_mentale-300x150.jpg 300w, https:\/\/www.agoracademie.com\/blog\/wp-content\/uploads\/2026\/01\/qu_est_ce_que_la_preparation_mentale-768x383.jpg 768w, https:\/\/www.agoracademie.com\/blog\/wp-content\/uploads\/2026\/01\/qu_est_ce_que_la_preparation_mentale.jpg 1079w\" sizes=\"auto, (max-width: 1024px) 100vw, 1024px\" \/><figcaption class=\"wp-element-caption\">L&rsquo;art de pr\u00e9-voir la r\u00e9ussite<\/figcaption><\/figure><div id=\"ez-toc-container\" class=\"ez-toc-v2_0_82_2 ez-toc-wrap-center counter-hierarchy ez-toc-counter ez-toc-transparent ez-toc-container-direction\">\n<div class=\"ez-toc-title-container\">\n<p class=\"ez-toc-title\" style=\"cursor:inherit\">Sommaire<\/p>\n<span class=\"ez-toc-title-toggle\"><a href=\"#\" class=\"ez-toc-pull-right ez-toc-btn ez-toc-btn-xs ez-toc-btn-default ez-toc-toggle\" aria-label=\"Toggle Table of Content\"><span class=\"ez-toc-js-icon-con\"><span class=\"\"><span class=\"eztoc-hide\" style=\"display:none;\">Toggle<\/span><span class=\"ez-toc-icon-toggle-span\"><svg style=\"fill: #999;color:#999\" xmlns=\"http:\/\/www.w3.org\/2000\/svg\" class=\"list-377408\" width=\"20px\" height=\"20px\" viewBox=\"0 0 24 24\" fill=\"none\"><path d=\"M6 6H4v2h2V6zm14 0H8v2h12V6zM4 11h2v2H4v-2zm16 0H8v2h12v-2zM4 16h2v2H4v-2zm16 0H8v2h12v-2z\" fill=\"currentColor\"><\/path><\/svg><svg style=\"fill: #999;color:#999\" class=\"arrow-unsorted-368013\" xmlns=\"http:\/\/www.w3.org\/2000\/svg\" width=\"10px\" height=\"10px\" viewBox=\"0 0 24 24\" version=\"1.2\" baseProfile=\"tiny\"><path d=\"M18.2 9.3l-6.2-6.3-6.2 6.3c-.2.2-.3.4-.3.7s.1.5.3.7c.2.2.4.3.7.3h11c.3 0 .5-.1.7-.3.2-.2.3-.5.3-.7s-.1-.5-.3-.7zM5.8 14.7l6.2 6.3 6.2-6.3c.2-.2.3-.5.3-.7s-.1-.5-.3-.7c-.2-.2-.4-.3-.7-.3h-11c-.3 0-.5.1-.7.3-.2.2-.3.5-.3.7s.1.5.3.7z\"\/><\/svg><\/span><\/span><\/span><\/a><\/span><\/div>\n<nav><ul class='ez-toc-list ez-toc-list-level-1 ' ><li class='ez-toc-page-1 ez-toc-heading-level-2'><a class=\"ez-toc-link ez-toc-heading-1\" href=\"https:\/\/www.agoracademie.com\/blog\/qu-est-ce-que-la-preparation-mentale\/#Quest-ce_que_la_preparation_mentale_La_definition\" >Qu\u2019est-ce que la pr\u00e9paration mentale ? La d\u00e9finition<\/a><ul class='ez-toc-list-level-3' ><li class='ez-toc-heading-level-3'><a class=\"ez-toc-link ez-toc-heading-2\" href=\"https:\/\/www.agoracademie.com\/blog\/qu-est-ce-que-la-preparation-mentale\/#Devenez_preparateur_mental\" >Devenez pr\u00e9parateur mental<\/a><\/li><\/ul><\/li><li class='ez-toc-page-1 ez-toc-heading-level-2'><a class=\"ez-toc-link ez-toc-heading-3\" href=\"https:\/\/www.agoracademie.com\/blog\/qu-est-ce-que-la-preparation-mentale\/#Preparation_mentale_et_coaching_differences_et_points_communs\" >Pr\u00e9paration mentale et coaching : diff\u00e9rences et points communs<\/a><ul class='ez-toc-list-level-3' ><li class='ez-toc-heading-level-3'><a class=\"ez-toc-link ez-toc-heading-4\" href=\"https:\/\/www.agoracademie.com\/blog\/qu-est-ce-que-la-preparation-mentale\/#Les_points_communs\" >Les points communs<\/a><\/li><li class='ez-toc-page-1 ez-toc-heading-level-3'><a class=\"ez-toc-link ez-toc-heading-5\" href=\"https:\/\/www.agoracademie.com\/blog\/qu-est-ce-que-la-preparation-mentale\/#Les_differences_principales\" >Les diff\u00e9rences principales<\/a><\/li><\/ul><\/li><li class='ez-toc-page-1 ez-toc-heading-level-2'><a class=\"ez-toc-link ez-toc-heading-6\" href=\"https:\/\/www.agoracademie.com\/blog\/qu-est-ce-que-la-preparation-mentale\/#Que_propose_concretement_un_preparateur_mental\" >Que propose concr\u00e8tement un pr\u00e9parateur mental ?<\/a><ul class='ez-toc-list-level-3' ><li class='ez-toc-heading-level-3'><a class=\"ez-toc-link ez-toc-heading-7\" href=\"https:\/\/www.agoracademie.com\/blog\/qu-est-ce-que-la-preparation-mentale\/#Exemples_concrets_de_situations_de_preparation_mentale\" >Exemples concrets de situations de pr\u00e9paration mentale<\/a><\/li><\/ul><\/li><li class='ez-toc-page-1 ez-toc-heading-level-2'><a class=\"ez-toc-link ez-toc-heading-8\" href=\"https:\/\/www.agoracademie.com\/blog\/qu-est-ce-que-la-preparation-mentale\/#5_bonnes_raisons_de_se_faire_accompagner_par_un_preparateur_mental\" >5 bonnes raisons de se faire accompagner par un pr\u00e9parateur mental<\/a><\/li><li class='ez-toc-page-1 ez-toc-heading-level-2'><a class=\"ez-toc-link ez-toc-heading-9\" href=\"https:\/\/www.agoracademie.com\/blog\/qu-est-ce-que-la-preparation-mentale\/#5_mauvaises_raisons_de_faire_de_la_preparation_mentale\" >5 mauvaises raisons de faire de la pr\u00e9paration mentale<\/a><\/li><li class='ez-toc-page-1 ez-toc-heading-level-2'><a class=\"ez-toc-link ez-toc-heading-10\" href=\"https:\/\/www.agoracademie.com\/blog\/qu-est-ce-que-la-preparation-mentale\/#Regard_critique_les_limites_de_la_preparation_mentale\" >Regard critique : les limites de la pr\u00e9paration mentale<\/a><\/li><li class='ez-toc-page-1 ez-toc-heading-level-2'><a class=\"ez-toc-link ez-toc-heading-11\" href=\"https:\/\/www.agoracademie.com\/blog\/qu-est-ce-que-la-preparation-mentale\/#Comment_devenir_preparateur_mental\" >Comment devenir pr\u00e9parateur mental ?<\/a><ul class='ez-toc-list-level-3' ><li class='ez-toc-heading-level-3'><a class=\"ez-toc-link ez-toc-heading-12\" href=\"https:\/\/www.agoracademie.com\/blog\/qu-est-ce-que-la-preparation-mentale\/#Mes_formations\" >Mes formations<\/a><\/li><\/ul><\/li><li class='ez-toc-page-1 ez-toc-heading-level-2'><a class=\"ez-toc-link ez-toc-heading-13\" href=\"https:\/\/www.agoracademie.com\/blog\/qu-est-ce-que-la-preparation-mentale\/#FAQ_%E2%80%93_Quest-ce_que_la_preparation_mentale\" >FAQ \u2013 Qu\u2019est-ce que la pr\u00e9paration mentale ?<\/a><ul class='ez-toc-list-level-3' ><li class='ez-toc-heading-level-3'><a class=\"ez-toc-link ez-toc-heading-14\" href=\"https:\/\/www.agoracademie.com\/blog\/qu-est-ce-que-la-preparation-mentale\/#La_preparation_mentale_est-elle_reservee_aux_sportif%C2%B7ve%C2%B7s\" >La pr\u00e9paration mentale est-elle r\u00e9serv\u00e9e aux sportif\u00b7ve\u00b7s ?<\/a><\/li><li class='ez-toc-page-1 ez-toc-heading-level-3'><a class=\"ez-toc-link ez-toc-heading-15\" href=\"https:\/\/www.agoracademie.com\/blog\/qu-est-ce-que-la-preparation-mentale\/#Combien_de_seances_sont_necessaires\" >Combien de s\u00e9ances sont n\u00e9cessaires ?<\/a><\/li><li class='ez-toc-page-1 ez-toc-heading-level-3'><a class=\"ez-toc-link ez-toc-heading-16\" href=\"https:\/\/www.agoracademie.com\/blog\/qu-est-ce-que-la-preparation-mentale\/#Est-ce_compatible_avec_une_therapie\" >Est-ce compatible avec une th\u00e9rapie ?<\/a><\/li><li class='ez-toc-page-1 ez-toc-heading-level-3'><a class=\"ez-toc-link ez-toc-heading-17\" href=\"https:\/\/www.agoracademie.com\/blog\/qu-est-ce-que-la-preparation-mentale\/#La_preparation_mentale_fonctionne-t-elle_a_distance\" >La pr\u00e9paration mentale fonctionne-t-elle \u00e0 distance ?<\/a><\/li><li class='ez-toc-page-1 ez-toc-heading-level-3'><a class=\"ez-toc-link ez-toc-heading-18\" href=\"https:\/\/www.agoracademie.com\/blog\/qu-est-ce-que-la-preparation-mentale\/#Peut-on_se_former_sans_etre_psychologue\" >Peut-on se former sans \u00eatre psychologue ?<\/a><\/li><\/ul><\/li><li class='ez-toc-page-1 ez-toc-heading-level-2'><a class=\"ez-toc-link ez-toc-heading-19\" href=\"https:\/\/www.agoracademie.com\/blog\/qu-est-ce-que-la-preparation-mentale\/#En_resume_quest-ce_que_la_preparation_mentale\" >En r\u00e9sum\u00e9 : qu\u2019est-ce que la pr\u00e9paration mentale ?<\/a><\/li><\/ul><\/nav><\/div>\n\n<\/div>\n\n\n<h2 class=\"wp-block-heading\"><span class=\"ez-toc-section\" id=\"Quest-ce_que_la_preparation_mentale_La_definition\"><\/span>Qu\u2019est-ce que la pr\u00e9paration mentale ? La d\u00e9finition<span class=\"ez-toc-section-end\"><\/span><\/h2>\n\n\n\n<p>Vous vous int\u00e9ressez au coaching, mais qu&rsquo;est-ce que la pr\u00e9paration mentale exactement ?<\/p>\n\n\n\n<p>Et surtout, qu&rsquo;est-ce que cela peut vous apporter ?<\/p>\n\n\n\n<p>La pr\u00e9paration mentale est un accompagnement structur\u00e9 visant \u00e0 optimiser le fonctionnement <strong>psychologique<\/strong>, <strong>\u00e9motionnel<\/strong> et <strong>cognitif<\/strong> d\u2019une personne confront\u00e9e \u00e0 des situations \u00e0 enjeu.<\/p>\n\n\n\n<!--more-->\n\n\n\n<p>Elle est historiquement issue du monde du sport de haut niveau, o\u00f9 elle s\u2019est d\u00e9velopp\u00e9e pour aider les athl\u00e8tes \u00e0&nbsp;:<\/p>\n\n\n\n<ul class=\"wp-block-list\">\n<li>mieux <strong>g\u00e9rer<\/strong> la pression,<\/li>\n\n\n\n<li><strong>am\u00e9liorer<\/strong> leur concentration<\/li>\n\n\n\n<li>et <strong>mobiliser<\/strong> leurs ressources internes au moment d\u00e9cisif.<\/li>\n<\/ul>\n\n\n\n<p>Mais aujourd\u2019hui, la pr\u00e9paration mentale d\u00e9passe largement le cadre sportif.<\/p>\n\n\n\n<p>En effet, on la retrouve dans l\u2019entreprise, chez les artistes, les \u00e9tudiant\u00b7e\u00b7s, les entrepreneur\u00b7se\u00b7s, les dirigeant\u00b7e\u00b7s ou toute personne devant faire face \u00e0 des d\u00e9fis exigeants sur le plan \u00e9motionnel et d\u00e9cisionnel.<\/p>\n\n\n\n<p>La pr\u00e9paration mentale repose sur une id\u00e9e centrale :<\/p>\n\n\n\n<blockquote class=\"wp-block-quote is-layout-flow wp-block-quote-is-layout-flow\">\n<p>la performance, la r\u00e9ussite ou l\u2019\u00e9panouissement ne d\u00e9pendent pas uniquement des comp\u00e9tences techniques, mais aussi \u2013 et parfois surtout \u2013 de la capacit\u00e9 \u00e0 g\u00e9rer son stress, ses \u00e9motions, son attention, ses croyances et son dialogue int\u00e9rieur.<\/p>\n<\/blockquote>\n\n\n\n<div class=\"wp-block-magic-content-box-content-box aligncenter magic-content-box-e23dda73-bd72-4 magic-content-box-contentBox block-wrapper-background content-align-center\"><style>.magic-content-box-e23dda73-bd72-4 .magic-content-box-content-wrapper{text-align:center;margin-top:30px;margin-bottom:30px}.magic-content-box-e23dda73-bd72-4 .magic-content-box-section-header-wrapper{border-color:#ff201f}.magic-content-box-e23dda73-bd72-4 .magic-content-box-mainheader-wrap{box-shadow:0px 6px 12px -10px #000;border-radius:5px;background-color:#fff}.magic-content-box-e23dda73-bd72-4 .magic-content-box-section-wrapper{padding-top:30px;padding-right:30px;padding-bottom:30px;padding-left:30px;margin-top:0px;margin-right:0px;margin-bottom:0px;margin-left:0px}.magic-content-box-e23dda73-bd72-4 .magic-content-box-section-head-wrap{text-align:center;padding-top:0px;padding-right:0px;padding-bottom:0px;margin-top:0px;margin-bottom:0px;padding-left:0px}.magic-content-box-e23dda73-bd72-4 .magic-content-box-section-head-wrap .magic-content-box-title{color:#404040;font-size:32px;font-family:Default;padding-top:5px;padding-bottom:5px}.magic-content-box-e23dda73-bd72-4 .magic-content-box-section-head-wrap .magic-content-box-subtitle{color:#6d6d6d;font-size:18px;font-family:Default;padding-top:5px;padding-bottom:5px}.magic-content-box-e23dda73-bd72-4 .magic-content-box-title-dash{color:#ff201f}.magic-content-box-e23dda73-bd72-4 .magic-content-box-block-button span{color:#fff;border-width:1px;font-size:16px;font-family:Default}.magic-content-box-e23dda73-bd72-4 .magic-content-box-block-button .magic-content-box-button{background-color:#ff201f}.magic-content-box-e23dda73-bd72-4 .magic-content-box-block-button i{color:#fff;font-size:13px}.magic-content-box-e23dda73-bd72-4 .magic-content-box-block-button{margin-top:10px;margin-bottom:10px}.magic-content-box-e23dda73-bd72-4 .magic-content-box-button{padding-top:5px;padding-right:15px;padding-bottom:5px;padding-left:15px}@media screen and (max-width:1025px){.magic-content-box-e23dda73-bd72-4 .magic-content-box-section-head-wrap .magic-content-box-title{font-size:undefinedpx}.magic-content-box-e23dda73-bd72-4 .magic-content-box-section-head-wrap .magic-content-box-subtitle{font-size:undefinedpx}.magic-content-box-e23dda73-bd72-4 .magic-content-box-block-button span{font-size:undefinedpx}.magic-content-box-e23dda73-bd72-4 .magic-content-box-block-button i{font-size:px}}@media screen and (max-width:767px){.magic-content-box-e23dda73-bd72-4 .magic-content-box-section-head-wrap .magic-content-box-title{font-size:undefinedpx}.magic-content-box-e23dda73-bd72-4 .magic-content-box-section-head-wrap .magic-content-box-subtitle{font-size:undefinedpx}.magic-content-box-e23dda73-bd72-4 .magic-content-box-block-button span{font-size:undefinedpx}.magic-content-box-e23dda73-bd72-4 .magic-content-box-block-button i{font-size:px}}<\/style><div class=\"content-wrapper-inner\"><div class=\"magic-content-box-content-wrapper magic-content-box-blocks reverse-img has-background style-1\"><div class=\"content-img-wrap\"><img decoding=\"async\" src=\"https:\/\/www.agoracademie.com\/blog\/wp-content\/uploads\/2022\/05\/formation-coaching-personnel.jpg\" alt=\"Formation \u00e0 la pr\u00e9paration mentale\" class=\"\"\/><\/div><div class=\"magic-content-box-section-wrapper magic-content-box-mainheader-wrap\"><div class=\"magic-content-box-section-header-wrapper magic-content-box-blocks\"><div class=\"magic-content-box-section-head-wrap magic-content-box-style1 magic-content-box-center\"><div class=\"magic-content-box-title-wrapper\"><span class=\"magic-content-box-title-dash magic-content-box-upper-dash\"><\/span><h3 class=\"magic-content-box-title\"><span class=\"ez-toc-section\" id=\"Devenez_preparateur_mental\"><\/span>Devenez pr\u00e9parateur mental<span class=\"ez-toc-section-end\"><\/span><\/h3><span class=\"magic-content-box-title-dash magic-content-box-lower-dash\"><\/span><\/div><div class=\"magic-content-box-subtitle-wrapper\"><span class=\"magic-content-box-title-dash magic-content-box-upper-dash\"><\/span><p class=\"magic-content-box-subtitle\">Choisissez votre formation 100 % \u00e0 distance en coaching et\/ou en sophrologie<\/p><span class=\"magic-content-box-title-dash magic-content-box-lower-dash\"><\/span><\/div><\/div><\/div><div class=\"magic-content-box-desc-btn-wrap\"><div class=\"magic-content-box-block-button\"><a href=\"https:\/\/www.agoracademie.com\/academie\" class=\"magic-content-box-button magic-content-box-button-shape-rounded magic-content-box-button-size-small hover-style-1 btn-icon-left\"><span>CHOISISSEZ VOTRE FORMATION<\/span><\/a><\/div><\/div><\/div><\/div><\/div><\/div>\n\n\n\n<h2 class=\"wp-block-heading\"><span class=\"ez-toc-section\" id=\"Preparation_mentale_et_coaching_differences_et_points_communs\"><\/span>Pr\u00e9paration mentale et coaching : diff\u00e9rences et points communs<span class=\"ez-toc-section-end\"><\/span><\/h2>\n\n\n\n<p>La question revient souvent : <strong>quelle est la diff\u00e9rence entre la pr\u00e9paration mentale et le <a href=\"https:\/\/www.agoracademie.com\/blog\/qu-est-ce-que-le-coaching\/\">coaching professionnel<\/a> ?<\/strong><\/p>\n\n\n\n<h3 class=\"wp-block-heading\"><span class=\"ez-toc-section\" id=\"Les_points_communs\"><\/span>Les points communs<span class=\"ez-toc-section-end\"><\/span><\/h3>\n\n\n\n<p>Les deux approches partagent plusieurs fondements puisqu&rsquo;elles :<\/p>\n\n\n\n<ul class=\"wp-block-list\">\n<li>visent l\u2019autonomie de la personne accompagn\u00e9e,<\/li>\n\n\n\n<li>s\u2019appuient sur les ressources internes du sujet,<\/li>\n\n\n\n<li>travaillent sur les objectifs, la motivation, la confiance et la clart\u00e9 mentale,<\/li>\n\n\n\n<li>s\u2019inscrivent dans une d\u00e9marche non pathologique (ce n\u2019est pas de la psychoth\u00e9rapie).<\/li>\n<\/ul>\n\n\n\n<h3 class=\"wp-block-heading\"><span class=\"ez-toc-section\" id=\"Les_differences_principales\"><\/span>Les diff\u00e9rences principales<span class=\"ez-toc-section-end\"><\/span><\/h3>\n\n\n\n<p>La pr\u00e9paration mentale est g\u00e9n\u00e9ralement :<\/p>\n\n\n\n<ul class=\"wp-block-list\">\n<li>plus orient\u00e9e vers la gestion de la pression et des situations \u00e0 fort enjeu,<\/li>\n\n\n\n<li>davantage centr\u00e9e sur le fonctionnement psychophysiologique (stress, activation, r\u00e9cup\u00e9ration),<\/li>\n\n\n\n<li>souvent plus structur\u00e9e autour de protocoles et d\u2019outils sp\u00e9cifiques op\u00e9rationnels (respiration, visualisation, routines mentales, ancrages, etc.).<\/li>\n<\/ul>\n\n\n\n<p><strong>Le coaching professionnel<\/strong>, quant \u00e0 lui, est souvent plus large dans ses champs d\u2019application (carri\u00e8re, organisation, communication, leadership&#8230;) et moins centr\u00e9 sur la performance sous contrainte imm\u00e9diate.<\/p>\n\n\n\n<p>Dans la pratique, les deux approches sont compl\u00e9mentaires, et de nombreux pr\u00e9parateurs mentaux (ou pr\u00e9paratrices mentales*) sont \u00e9galement coachs.<\/p>\n\n\n\n<h2 class=\"wp-block-heading\"><span class=\"ez-toc-section\" id=\"Que_propose_concretement_un_preparateur_mental\"><\/span>Que propose concr\u00e8tement un pr\u00e9parateur mental ?<span class=\"ez-toc-section-end\"><\/span><\/h2>\n\n\n\n<p>\u00c0 propos du pr\u00e9parateur mental, que propose-t-il exactement&nbsp;?<\/p>\n\n\n\n<p>Contrairement \u00e0 une id\u00e9e re\u00e7ue, le pr\u00e9parateur mental ne \u00ab&nbsp;motive&nbsp;\u00bb pas au sens simpliste du terme.<\/p>\n\n\n\n<p>Il ne donne pas de recettes miracles, ni de discours positifs creux soit disant motivant.<\/p>\n\n\n\n<p>Par contre, son r\u00f4le est d\u2019accompagner la personne \u00e0 :<\/p>\n\n\n\n<ul class=\"wp-block-list\">\n<li>mieux comprendre son fonctionnement interne,<\/li>\n\n\n\n<li>identifier ses freins mentaux et \u00e9motionnels,<\/li>\n\n\n\n<li>d\u00e9velopper des strat\u00e9gies personnalis\u00e9es adapt\u00e9es \u00e0 ses objectifs.<\/li>\n<\/ul>\n\n\n\n<h3 class=\"wp-block-heading\"><span class=\"ez-toc-section\" id=\"Exemples_concrets_de_situations_de_preparation_mentale\"><\/span>Exemples concrets de situations de pr\u00e9paration mentale<span class=\"ez-toc-section-end\"><\/span><\/h3>\n\n\n\n<ul class=\"wp-block-list\">\n<li>Une sportive qui perd ses moyens en comp\u00e9tition malgr\u00e9 un excellent entra\u00eenement.<\/li>\n\n\n\n<li>Un \u00e9tudiant sujet au stress des examens et aux trous de m\u00e9moire.<\/li>\n\n\n\n<li>Un dirigeant confront\u00e9 \u00e0 des prises de d\u00e9cision sous forte pression.<\/li>\n\n\n\n<li>Une artiste paralys\u00e9e par le trac avant une repr\u00e9sentation.<\/li>\n\n\n\n<li>Un entrepreneur \u00e9puis\u00e9 par la charge mentale et la solitude.<\/li>\n<\/ul>\n\n\n\n<p>Dans chacun de ces cas, la pr\u00e9paration mentale va travailler sur des leviers pr\u00e9cis :<\/p>\n\n\n\n<ul class=\"wp-block-list\">\n<li>gestion du stress,<\/li>\n\n\n\n<li>concentration,<\/li>\n\n\n\n<li>confiance,<\/li>\n\n\n\n<li>r\u00e9cup\u00e9ration mentale,<\/li>\n\n\n\n<li>coh\u00e9rence \u00e9motionnelle&#8230;<\/li>\n<\/ul>\n\n\n\n<h2 class=\"wp-block-heading\"><span class=\"ez-toc-section\" id=\"5_bonnes_raisons_de_se_faire_accompagner_par_un_preparateur_mental\"><\/span>5 bonnes raisons de se faire accompagner par un pr\u00e9parateur mental<span class=\"ez-toc-section-end\"><\/span><\/h2>\n\n\n\n<p><strong>1. <\/strong>Mieux <strong>g\u00e9rer<\/strong> la pression dans les moments cl\u00e9s.<\/p>\n\n\n\n<p><strong>2. D\u00e9velopper<\/strong> une stabilit\u00e9 \u00e9motionnelle face \u00e0 l\u2019incertitude.<\/p>\n\n\n\n<p><strong>3. Optimiser<\/strong> ses performances sans s\u2019\u00e9puiser.<\/p>\n\n\n\n<p><strong>4. Renforcer<\/strong> la confiance en soi, de mani\u00e8re durable.<\/p>\n\n\n\n<p><strong>5. Cr\u00e9er<\/strong> des routines mentales personnalis\u00e9es, transf\u00e9rables dans le temps.<\/p>\n\n\n\n<blockquote class=\"wp-block-quote is-layout-flow wp-block-quote-is-layout-flow\">\n<p>\u00c0 noter&nbsp;: la pr\u00e9paration mentale n\u2019est pas r\u00e9serv\u00e9e \u00e0 l\u2019\u00e9lite, puisqu&rsquo;elle devient pertinente d\u00e8s lors qu\u2019il existe un enjeu important pour la personne.<\/p>\n<\/blockquote>\n\n\n\n<h2 class=\"wp-block-heading\"><span class=\"ez-toc-section\" id=\"5_mauvaises_raisons_de_faire_de_la_preparation_mentale\"><\/span>5 mauvaises raisons de faire de la pr\u00e9paration mentale<span class=\"ez-toc-section-end\"><\/span><\/h2>\n\n\n\n<p>La pr\u00e9paration mentale ne fonctionne pas dans certaines conditions, notamment :<\/p>\n\n\n\n<p><strong>1. <\/strong>Si vous cherchez une solution magique sans implication personnelle.<\/p>\n\n\n\n<p><strong>2. <\/strong>Si vous attendez du pr\u00e9parateur mental qu\u2019il fasse le travail \u00e0 votre place.<\/p>\n\n\n\n<p><strong>3. <\/strong>Si votre probl\u00e9matique rel\u00e8ve clairement d\u2019un trouble psychique n\u00e9cessitant une psychoth\u00e9rapie.<\/p>\n\n\n\n<p><strong>4. <\/strong>Si vous refusez toute remise en question de vos habitudes.<\/p>\n\n\n\n<p><strong>5. <\/strong>Si votre objectif est uniquement externe (pression sociale, obligation, injonction).<\/p>\n\n\n\n<p>Dans ces cas, l\u2019accompagnement risque d\u2019\u00eatre inefficace, voire contre-productif.<\/p>\n\n\n\n<h2 class=\"wp-block-heading\"><span class=\"ez-toc-section\" id=\"Regard_critique_les_limites_de_la_preparation_mentale\"><\/span>Regard critique : les limites de la pr\u00e9paration mentale<span class=\"ez-toc-section-end\"><\/span><\/h2>\n\n\n\n<p>La pr\u00e9paration mentale a des <strong>limites<\/strong> qu\u2019il est essentiel de <strong>reconna\u00eetre<\/strong>.<\/p>\n\n\n\n<p>Par exemple&nbsp;:<\/p>\n\n\n\n<ul class=\"wp-block-list\">\n<li>elle ne soigne pas les traumatismes profonds non \u00e9labor\u00e9s,<\/li>\n\n\n\n<li>ne remplace pas un suivi m\u00e9dical ou psychoth\u00e9rapeutique,<\/li>\n\n\n\n<li>et ne garantit aucun r\u00e9sultat sans engagement r\u00e9el de la personne coach\u00e9e.<\/li>\n<\/ul>\n\n\n\n<p>De plus, une pr\u00e9paration mentale trop focalis\u00e9e sur la performance peut renforcer :<\/p>\n\n\n\n<ul class=\"wp-block-list\">\n<li>le perfectionnisme excessif,<\/li>\n\n\n\n<li>la peur de l\u2019\u00e9chec,<\/li>\n\n\n\n<li>ou un rapport instrumental \u00e0 soi-m\u00eame.<\/li>\n<\/ul>\n\n\n\n<p>C\u2019est pourquoi une approche <strong>\u00e9thique<\/strong>, <strong>nuanc\u00e9e<\/strong> et <strong>int\u00e9grative<\/strong> est indispensable.<\/p>\n\n\n\n<p>Aussi, pensez-y avant de vous offrir les services d&rsquo;un coach mental.<\/p>\n\n\n<div class=\"wp-block-image\">\n<figure class=\"aligncenter size-large\"><img loading=\"lazy\" decoding=\"async\" width=\"1024\" height=\"511\" src=\"https:\/\/www.agoracademie.com\/blog\/wp-content\/uploads\/2026\/01\/qu_est_ce_qu_un_preparateur_mental-1024x511.jpg\" alt=\"Qu'est-ce qu'un pr\u00e9parateur mental et comment le devenir ?\" class=\"wp-image-23565\" srcset=\"https:\/\/www.agoracademie.com\/blog\/wp-content\/uploads\/2026\/01\/qu_est_ce_qu_un_preparateur_mental-1024x511.jpg 1024w, https:\/\/www.agoracademie.com\/blog\/wp-content\/uploads\/2026\/01\/qu_est_ce_qu_un_preparateur_mental-300x150.jpg 300w, https:\/\/www.agoracademie.com\/blog\/wp-content\/uploads\/2026\/01\/qu_est_ce_qu_un_preparateur_mental-768x383.jpg 768w, https:\/\/www.agoracademie.com\/blog\/wp-content\/uploads\/2026\/01\/qu_est_ce_qu_un_preparateur_mental.jpg 1079w\" sizes=\"auto, (max-width: 1024px) 100vw, 1024px\" \/><figcaption class=\"wp-element-caption\">Pr\u00e9paration sur site par la visualisation associ\u00e9e<\/figcaption><\/figure>\n<\/div>\n\n\n<h2 class=\"wp-block-heading\"><span class=\"ez-toc-section\" id=\"Comment_devenir_preparateur_mental\"><\/span>Comment devenir pr\u00e9parateur mental ?<span class=\"ez-toc-section-end\"><\/span><\/h2>\n\n\n\n<p>Il n\u2019existe pas aujourd\u2019hui en France de titre d\u2019\u00c9tat unique et r\u00e9glement\u00e9 de pr\u00e9parateur mental.<\/p>\n\n\n\n<p>Cela rend la formation s\u00e9rieuse d\u2019autant plus importante.<\/p>\n\n\n\n<p>Pour devenir pr\u00e9parateur mental comp\u00e9tent, il est recommand\u00e9 de :<\/p>\n\n\n\n<ul class=\"wp-block-list\">\n<li>se former aux bases du coaching,<\/li>\n\n\n\n<li>comprendre les m\u00e9canismes du stress et des \u00e9motions,<\/li>\n\n\n\n<li>ma\u00eetriser des outils de pr\u00e9paration mentale concrets,<\/li>\n\n\n\n<li>adopter une posture \u00e9thique claire.<\/li>\n<\/ul>\n\n\n\n<h3 class=\"wp-block-heading\"><span class=\"ez-toc-section\" id=\"Mes_formations\"><\/span>Mes formations<span class=\"ez-toc-section-end\"><\/span><\/h3>\n\n\n\n<p>Pour vous former au coaching, voici ce que je vous propose :<\/p>\n\n\n\n<ul class=\"wp-block-list\">\n<li>des formations en <a href=\"https:\/\/www.agoracademie.com\/academie\/formation-coach-en-gestion-du-stress\">coaching sp\u00e9cialis\u00e9, orient\u00e9es gestion du stress<\/a>, pr\u00e9paration mentale et accompagnement individuel,<\/li>\n\n\n\n<li>ainsi qu\u2019un programme pour <a href=\"https:\/\/www.agoracademie.com\/academie\/devenir-sophrologue\">devenir sophrologue<\/a>, particuli\u00e8rement pertinent pour celles et ceux qui souhaitent travailler sur la r\u00e9gulation \u00e9motionnelle, la respiration, la conscience corporelle et la r\u00e9cup\u00e9ration mentale.<\/li>\n<\/ul>\n\n\n\n<p>Ces formations peuvent \u00eatre suivies dans une logique professionnelle ou personnelle, selon votre projet.<\/p>\n\n\n\n<h2 class=\"wp-block-heading\"><span class=\"ez-toc-section\" id=\"FAQ_%E2%80%93_Quest-ce_que_la_preparation_mentale\"><\/span>FAQ \u2013 Qu\u2019est-ce que la pr\u00e9paration mentale ?<span class=\"ez-toc-section-end\"><\/span><\/h2>\n\n\n\n<h3 class=\"wp-block-heading\"><span class=\"ez-toc-section\" id=\"La_preparation_mentale_est-elle_reservee_aux_sportif%C2%B7ve%C2%B7s\"><\/span>La pr\u00e9paration mentale est-elle r\u00e9serv\u00e9e aux sportif\u00b7ve\u00b7s ?<span class=\"ez-toc-section-end\"><\/span><\/h3>\n\n\n\n<p>Non. Elle concerne toute personne confront\u00e9e \u00e0 des enjeux importants.<\/p>\n\n\n\n<h3 class=\"wp-block-heading\"><span class=\"ez-toc-section\" id=\"Combien_de_seances_sont_necessaires\"><\/span>Combien de s\u00e9ances sont n\u00e9cessaires ?<span class=\"ez-toc-section-end\"><\/span><\/h3>\n\n\n\n<p>Cela d\u00e9pend des objectifs, du contexte et de l\u2019engagement de la personne.<\/p>\n\n\n\n<h3 class=\"wp-block-heading\"><span class=\"ez-toc-section\" id=\"Est-ce_compatible_avec_une_therapie\"><\/span>Est-ce compatible avec une th\u00e9rapie ?<span class=\"ez-toc-section-end\"><\/span><\/h3>\n\n\n\n<p>Oui, \u00e0 condition que les r\u00f4les soient clairement d\u00e9finis. Il est donc essentiel que les deux intervenant\u00b7e\u00b7s (psy &amp; coach) soient inform\u00e9\u00b7e\u00b7s.<\/p>\n\n\n\n<h3 class=\"wp-block-heading\"><span class=\"ez-toc-section\" id=\"La_preparation_mentale_fonctionne-t-elle_a_distance\"><\/span>La pr\u00e9paration mentale fonctionne-t-elle \u00e0 distance ?<span class=\"ez-toc-section-end\"><\/span><\/h3>\n\n\n\n<p>Oui, de nombreux outils s\u2019y pr\u00eatent tr\u00e8s bien.<\/p>\n\n\n\n<h3 class=\"wp-block-heading\"><span class=\"ez-toc-section\" id=\"Peut-on_se_former_sans_etre_psychologue\"><\/span>Peut-on se former sans \u00eatre psychologue ?<span class=\"ez-toc-section-end\"><\/span><\/h3>\n\n\n\n<p>Oui, \u00e0 condition d\u2019avoir une formation s\u00e9rieuse et une posture \u00e9thique.<\/p>\n\n\n\n<h2 class=\"wp-block-heading\"><span class=\"ez-toc-section\" id=\"En_resume_quest-ce_que_la_preparation_mentale\"><\/span>En r\u00e9sum\u00e9 : qu\u2019est-ce que la pr\u00e9paration mentale ?<span class=\"ez-toc-section-end\"><\/span><\/h2>\n\n\n\n<p><strong>Vous n&rsquo;avez pas le temps, ou l&rsquo;envie, de lire l&rsquo;ensemble de cet article&nbsp;?<\/strong><\/p>\n\n\n\n<p><strong>Alors, lisez ce r\u00e9sum\u00e9&nbsp;!<\/strong><\/p>\n\n\n\n<p>La pr\u00e9paration mentale est un accompagnement structur\u00e9 visant \u00e0 aider une personne \u00e0 mieux mobiliser ses ressources internes face \u00e0 des situations \u00e0 enjeu, qu\u2019elles soient sportives, professionnelles, artistiques ou personnelles.<\/p>\n\n\n\n<p>Issue du sport de haut niveau, elle s\u2019est progressivement \u00e9tendue \u00e0 de nombreux domaines o\u00f9 la pression, le stress et la performance jouent un r\u00f4le central.<\/p>\n\n\n\n<p>Proche du coaching par certains aspects, elle s\u2019en distingue par son travail plus sp\u00e9cifique sur la gestion du stress, des \u00e9motions, de l\u2019attention et des \u00e9tats internes au moment cl\u00e9.<\/p>\n\n\n\n<p>Lorsqu\u2019elle est bien men\u00e9e, la pr\u00e9paration mentale permet de gagner en stabilit\u00e9 \u00e9motionnelle, en clart\u00e9 mentale et en confiance, sans promettre de r\u00e9sultats miraculeux ni se substituer \u00e0 un accompagnement th\u00e9rapeutique lorsque celui-ci est n\u00e9cessaire.<\/p>\n\n\n\n<p>Elle reste toutefois une approche exigeante, qui demande un r\u00e9el engagement personnel et une posture \u00e9thique de la part du praticien ou de la praticienne.<\/p>\n\n\n\n<p>Se former s\u00e9rieusement, comprendre ses limites et l\u2019inscrire dans une d\u00e9marche globale d\u2019accompagnement sont des conditions essentielles pour en faire un outil pertinent, efficace et respectueux de la personne venue consulter.<\/p>\n\n\n\n<p>La pr\u00e9paration mentale n\u2019est donc ni une mode ni une solution universelle, mais un <strong>levier puissant<\/strong> lorsqu\u2019elle est utilis\u00e9e \u00e0 bon escient, avec discernement et professionnalisme.<\/p>\n\n\n\n<p><em>* Ps&nbsp;: lorsque nous \u00e9crivons \u00ab&nbsp;pr\u00e9parateur mental&nbsp;\u00bb, nous pensons aussi \u00ab&nbsp;pr\u00e9paratrice mentale&nbsp;\u00bb (soucis d&rsquo;inclusivit\u00e9), m\u00eame si nous gardons la forme masculine pour simplifier la lecture.<\/em><\/p>\n","protected":false},"excerpt":{"rendered":"<p>Qu\u2019est-ce que la pr\u00e9paration mentale ? La d\u00e9finition Vous vous int\u00e9ressez au coaching, mais qu&rsquo;est-ce que la pr\u00e9paration mentale exactement ? Et surtout, qu&rsquo;est-ce que cela peut vous apporter ? La pr\u00e9paration mentale est un accompagnement structur\u00e9 visant \u00e0 optimiser le fonctionnement psychologique, \u00e9motionnel et cognitif d\u2019une personne confront\u00e9e \u00e0 des situations \u00e0 enjeu.<\/p>\n","protected":false},"author":2,"featured_media":0,"comment_status":"open","ping_status":"closed","sticky":false,"template":"","format":"standard","meta":{"_bbp_topic_count":0,"_bbp_reply_count":0,"_bbp_total_topic_count":0,"_bbp_total_reply_count":0,"_bbp_voice_count":0,"_bbp_anonymous_reply_count":0,"_bbp_topic_count_hidden":0,"_bbp_reply_count_hidden":0,"_bbp_forum_subforum_count":0,"footnotes":""},"categories":[74],"tags":[],"class_list":["post-23563","post","type-post","status-publish","format-standard","hentry","category-dictionnaire-en-ligne"],"yoast_head":"<!-- This site is optimized with the Yoast SEO plugin v27.4 - https:\/\/yoast.com\/product\/yoast-seo-wordpress\/ -->\n<title>Qu\u2019est-ce que la pr\u00e9paration mentale ? Usages, limites et formation<\/title>\n<meta name=\"description\" content=\"Qu\u2019est-ce que la pr\u00e9paration mentale ? Voici sa d\u00e9finition, ses diff\u00e9rences avec le coaching, ses b\u00e9n\u00e9fices, limites et comment se former.\" \/>\n<meta name=\"robots\" content=\"index, follow, max-snippet:-1, max-image-preview:large, max-video-preview:-1\" \/>\n<link rel=\"canonical\" href=\"https:\/\/www.agoracademie.com\/blog\/qu-est-ce-que-la-preparation-mentale\/\" \/>\n<meta property=\"og:locale\" content=\"fr_FR\" \/>\n<meta property=\"og:type\" content=\"article\" \/>\n<meta property=\"og:title\" content=\"Qu\u2019est-ce que la pr\u00e9paration mentale ? Usages, limites et formation\" \/>\n<meta property=\"og:description\" content=\"Qu\u2019est-ce que la pr\u00e9paration mentale ? Voici sa d\u00e9finition, ses diff\u00e9rences avec le coaching, ses b\u00e9n\u00e9fices, limites et comment se former.\" \/>\n<meta property=\"og:url\" content=\"https:\/\/www.agoracademie.com\/blog\/qu-est-ce-que-la-preparation-mentale\/\" \/>\n<meta property=\"og:site_name\" content=\"Agoracad\u00e9mie\" \/>\n<meta property=\"article:published_time\" content=\"2026-01-29T16:28:56+00:00\" \/>\n<meta property=\"article:modified_time\" content=\"2026-01-29T16:36:33+00:00\" \/>\n<meta property=\"og:image\" content=\"https:\/\/www.agoracademie.com\/blog\/wp-content\/uploads\/2026\/01\/qu_est_ce_que_la_preparation_mentale.jpg\" \/>\n\t<meta property=\"og:image:width\" content=\"1079\" \/>\n\t<meta property=\"og:image:height\" content=\"538\" \/>\n\t<meta property=\"og:image:type\" content=\"image\/jpeg\" \/>\n<meta name=\"author\" content=\"Laurent Bertrel\" \/>\n<meta name=\"twitter:label1\" content=\"\u00c9crit par\" \/>\n\t<meta name=\"twitter:data1\" content=\"Laurent Bertrel\" \/>\n\t<meta name=\"twitter:label2\" content=\"Dur\u00e9e de lecture estim\u00e9e\" \/>\n\t<meta name=\"twitter:data2\" content=\"7 minutes\" \/>\n<script type=\"application\/ld+json\" class=\"yoast-schema-graph\">{\"@context\":\"https:\\\/\\\/schema.org\",\"@graph\":[{\"@type\":\"Article\",\"@id\":\"https:\\\/\\\/www.agoracademie.com\\\/blog\\\/qu-est-ce-que-la-preparation-mentale\\\/#article\",\"isPartOf\":{\"@id\":\"https:\\\/\\\/www.agoracademie.com\\\/blog\\\/qu-est-ce-que-la-preparation-mentale\\\/\"},\"author\":{\"name\":\"Laurent Bertrel\",\"@id\":\"https:\\\/\\\/www.agoracademie.com\\\/blog\\\/#\\\/schema\\\/person\\\/c2f110c50be7dcecc05cb4e87f32537f\"},\"headline\":\"Qu\u2019est-ce que la pr\u00e9paration mentale ? D\u00e9finition, usages, limites et formation\",\"datePublished\":\"2026-01-29T16:28:56+00:00\",\"dateModified\":\"2026-01-29T16:36:33+00:00\",\"mainEntityOfPage\":{\"@id\":\"https:\\\/\\\/www.agoracademie.com\\\/blog\\\/qu-est-ce-que-la-preparation-mentale\\\/\"},\"wordCount\":1467,\"commentCount\":0,\"image\":{\"@id\":\"https:\\\/\\\/www.agoracademie.com\\\/blog\\\/qu-est-ce-que-la-preparation-mentale\\\/#primaryimage\"},\"thumbnailUrl\":\"https:\\\/\\\/www.agoracademie.com\\\/blog\\\/wp-content\\\/uploads\\\/2026\\\/01\\\/qu_est_ce_que_la_preparation_mentale-1024x511.jpg\",\"articleSection\":[\"Dictionnaire en ligne\"],\"inLanguage\":\"fr-FR\",\"potentialAction\":[{\"@type\":\"CommentAction\",\"name\":\"Comment\",\"target\":[\"https:\\\/\\\/www.agoracademie.com\\\/blog\\\/qu-est-ce-que-la-preparation-mentale\\\/#respond\"]}]},{\"@type\":\"WebPage\",\"@id\":\"https:\\\/\\\/www.agoracademie.com\\\/blog\\\/qu-est-ce-que-la-preparation-mentale\\\/\",\"url\":\"https:\\\/\\\/www.agoracademie.com\\\/blog\\\/qu-est-ce-que-la-preparation-mentale\\\/\",\"name\":\"Qu\u2019est-ce que la pr\u00e9paration mentale ? Usages, limites et formation\",\"isPartOf\":{\"@id\":\"https:\\\/\\\/www.agoracademie.com\\\/blog\\\/#website\"},\"primaryImageOfPage\":{\"@id\":\"https:\\\/\\\/www.agoracademie.com\\\/blog\\\/qu-est-ce-que-la-preparation-mentale\\\/#primaryimage\"},\"image\":{\"@id\":\"https:\\\/\\\/www.agoracademie.com\\\/blog\\\/qu-est-ce-que-la-preparation-mentale\\\/#primaryimage\"},\"thumbnailUrl\":\"https:\\\/\\\/www.agoracademie.com\\\/blog\\\/wp-content\\\/uploads\\\/2026\\\/01\\\/qu_est_ce_que_la_preparation_mentale-1024x511.jpg\",\"datePublished\":\"2026-01-29T16:28:56+00:00\",\"dateModified\":\"2026-01-29T16:36:33+00:00\",\"author\":{\"@id\":\"https:\\\/\\\/www.agoracademie.com\\\/blog\\\/#\\\/schema\\\/person\\\/c2f110c50be7dcecc05cb4e87f32537f\"},\"description\":\"Qu\u2019est-ce que la pr\u00e9paration mentale ? Voici sa d\u00e9finition, ses diff\u00e9rences avec le coaching, ses b\u00e9n\u00e9fices, limites et comment se former.\",\"breadcrumb\":{\"@id\":\"https:\\\/\\\/www.agoracademie.com\\\/blog\\\/qu-est-ce-que-la-preparation-mentale\\\/#breadcrumb\"},\"inLanguage\":\"fr-FR\",\"potentialAction\":[{\"@type\":\"ReadAction\",\"target\":[\"https:\\\/\\\/www.agoracademie.com\\\/blog\\\/qu-est-ce-que-la-preparation-mentale\\\/\"]}]},{\"@type\":\"ImageObject\",\"inLanguage\":\"fr-FR\",\"@id\":\"https:\\\/\\\/www.agoracademie.com\\\/blog\\\/qu-est-ce-que-la-preparation-mentale\\\/#primaryimage\",\"url\":\"https:\\\/\\\/www.agoracademie.com\\\/blog\\\/wp-content\\\/uploads\\\/2026\\\/01\\\/qu_est_ce_que_la_preparation_mentale.jpg\",\"contentUrl\":\"https:\\\/\\\/www.agoracademie.com\\\/blog\\\/wp-content\\\/uploads\\\/2026\\\/01\\\/qu_est_ce_que_la_preparation_mentale.jpg\",\"width\":1079,\"height\":538},{\"@type\":\"BreadcrumbList\",\"@id\":\"https:\\\/\\\/www.agoracademie.com\\\/blog\\\/qu-est-ce-que-la-preparation-mentale\\\/#breadcrumb\",\"itemListElement\":[{\"@type\":\"ListItem\",\"position\":1,\"name\":\"Accueil\",\"item\":\"https:\\\/\\\/www.agoracademie.com\\\/blog\\\/\"},{\"@type\":\"ListItem\",\"position\":2,\"name\":\"Qu\u2019est-ce que la pr\u00e9paration mentale ? D\u00e9finition, usages, limites et formation\"}]},{\"@type\":\"WebSite\",\"@id\":\"https:\\\/\\\/www.agoracademie.com\\\/blog\\\/#website\",\"url\":\"https:\\\/\\\/www.agoracademie.com\\\/blog\\\/\",\"name\":\"Blog Agoracad\u00e9mie - Centre de formation en ligne et \u00e0 distance\",\"description\":\"Le blog du d\u00e9veloppement personnel et des th\u00e9rapies\",\"potentialAction\":[{\"@type\":\"SearchAction\",\"target\":{\"@type\":\"EntryPoint\",\"urlTemplate\":\"https:\\\/\\\/www.agoracademie.com\\\/blog\\\/?s={search_term_string}\"},\"query-input\":{\"@type\":\"PropertyValueSpecification\",\"valueRequired\":true,\"valueName\":\"search_term_string\"}}],\"inLanguage\":\"fr-FR\"},{\"@type\":\"Person\",\"@id\":\"https:\\\/\\\/www.agoracademie.com\\\/blog\\\/#\\\/schema\\\/person\\\/c2f110c50be7dcecc05cb4e87f32537f\",\"name\":\"Laurent Bertrel\",\"image\":{\"@type\":\"ImageObject\",\"inLanguage\":\"fr-FR\",\"@id\":\"https:\\\/\\\/secure.gravatar.com\\\/avatar\\\/45841390e6db2f4064cc5f84ee39189cf562b1de36eb5b1b7cc82dee445813a4?s=96&r=g\",\"url\":\"https:\\\/\\\/secure.gravatar.com\\\/avatar\\\/45841390e6db2f4064cc5f84ee39189cf562b1de36eb5b1b7cc82dee445813a4?s=96&r=g\",\"contentUrl\":\"https:\\\/\\\/secure.gravatar.com\\\/avatar\\\/45841390e6db2f4064cc5f84ee39189cf562b1de36eb5b1b7cc82dee445813a4?s=96&r=g\",\"caption\":\"Laurent Bertrel\"},\"description\":\"Laurent Bertrel est le fondateur d'Agoracad\u00e9mie. Titulaire d'une licence en sciences humaines et sociales, d'une ma\u00eetrise et d'un master en psychanalyse, d'un master en \u00e9tudes culturelles parcours \u00e9tudes de genre, du DU connaissances g\u00e9n\u00e9rales de la personne \u00e2g\u00e9e, il est aussi form\u00e9 \u00e0 diff\u00e9rentes approches dont la PNL, la sophrologie, la relaxation, l'hypnose, le coaching, la m\u00e9ditation, les arts martiaux, etc. Auteur de plus de 40 ouvrages, dont 18 livres, il anime plusieurs formations sur Agoracad\u00e9mie et r\u00e9pondra au message que vous allez laisser ci-dessous.\",\"sameAs\":[\"https:\\\/\\\/www.agoracademie.com\\\/\"]}]}<\/script>\n<!-- \/ Yoast SEO plugin. -->","yoast_head_json":{"title":"Qu\u2019est-ce que la pr\u00e9paration mentale ? Usages, limites et formation","description":"Qu\u2019est-ce que la pr\u00e9paration mentale ? Voici sa d\u00e9finition, ses diff\u00e9rences avec le coaching, ses b\u00e9n\u00e9fices, limites et comment se former.","robots":{"index":"index","follow":"follow","max-snippet":"max-snippet:-1","max-image-preview":"max-image-preview:large","max-video-preview":"max-video-preview:-1"},"canonical":"https:\/\/www.agoracademie.com\/blog\/qu-est-ce-que-la-preparation-mentale\/","og_locale":"fr_FR","og_type":"article","og_title":"Qu\u2019est-ce que la pr\u00e9paration mentale ? Usages, limites et formation","og_description":"Qu\u2019est-ce que la pr\u00e9paration mentale ? Voici sa d\u00e9finition, ses diff\u00e9rences avec le coaching, ses b\u00e9n\u00e9fices, limites et comment se former.","og_url":"https:\/\/www.agoracademie.com\/blog\/qu-est-ce-que-la-preparation-mentale\/","og_site_name":"Agoracad\u00e9mie","article_published_time":"2026-01-29T16:28:56+00:00","article_modified_time":"2026-01-29T16:36:33+00:00","og_image":[{"width":1079,"height":538,"url":"https:\/\/www.agoracademie.com\/blog\/wp-content\/uploads\/2026\/01\/qu_est_ce_que_la_preparation_mentale.jpg","type":"image\/jpeg"}],"author":"Laurent Bertrel","twitter_misc":{"\u00c9crit par":"Laurent Bertrel","Dur\u00e9e de lecture estim\u00e9e":"7 minutes"},"schema":{"@context":"https:\/\/schema.org","@graph":[{"@type":"Article","@id":"https:\/\/www.agoracademie.com\/blog\/qu-est-ce-que-la-preparation-mentale\/#article","isPartOf":{"@id":"https:\/\/www.agoracademie.com\/blog\/qu-est-ce-que-la-preparation-mentale\/"},"author":{"name":"Laurent Bertrel","@id":"https:\/\/www.agoracademie.com\/blog\/#\/schema\/person\/c2f110c50be7dcecc05cb4e87f32537f"},"headline":"Qu\u2019est-ce que la pr\u00e9paration mentale ? D\u00e9finition, usages, limites et formation","datePublished":"2026-01-29T16:28:56+00:00","dateModified":"2026-01-29T16:36:33+00:00","mainEntityOfPage":{"@id":"https:\/\/www.agoracademie.com\/blog\/qu-est-ce-que-la-preparation-mentale\/"},"wordCount":1467,"commentCount":0,"image":{"@id":"https:\/\/www.agoracademie.com\/blog\/qu-est-ce-que-la-preparation-mentale\/#primaryimage"},"thumbnailUrl":"https:\/\/www.agoracademie.com\/blog\/wp-content\/uploads\/2026\/01\/qu_est_ce_que_la_preparation_mentale-1024x511.jpg","articleSection":["Dictionnaire en ligne"],"inLanguage":"fr-FR","potentialAction":[{"@type":"CommentAction","name":"Comment","target":["https:\/\/www.agoracademie.com\/blog\/qu-est-ce-que-la-preparation-mentale\/#respond"]}]},{"@type":"WebPage","@id":"https:\/\/www.agoracademie.com\/blog\/qu-est-ce-que-la-preparation-mentale\/","url":"https:\/\/www.agoracademie.com\/blog\/qu-est-ce-que-la-preparation-mentale\/","name":"Qu\u2019est-ce que la pr\u00e9paration mentale ? Usages, limites et formation","isPartOf":{"@id":"https:\/\/www.agoracademie.com\/blog\/#website"},"primaryImageOfPage":{"@id":"https:\/\/www.agoracademie.com\/blog\/qu-est-ce-que-la-preparation-mentale\/#primaryimage"},"image":{"@id":"https:\/\/www.agoracademie.com\/blog\/qu-est-ce-que-la-preparation-mentale\/#primaryimage"},"thumbnailUrl":"https:\/\/www.agoracademie.com\/blog\/wp-content\/uploads\/2026\/01\/qu_est_ce_que_la_preparation_mentale-1024x511.jpg","datePublished":"2026-01-29T16:28:56+00:00","dateModified":"2026-01-29T16:36:33+00:00","author":{"@id":"https:\/\/www.agoracademie.com\/blog\/#\/schema\/person\/c2f110c50be7dcecc05cb4e87f32537f"},"description":"Qu\u2019est-ce que la pr\u00e9paration mentale ? Voici sa d\u00e9finition, ses diff\u00e9rences avec le coaching, ses b\u00e9n\u00e9fices, limites et comment se former.","breadcrumb":{"@id":"https:\/\/www.agoracademie.com\/blog\/qu-est-ce-que-la-preparation-mentale\/#breadcrumb"},"inLanguage":"fr-FR","potentialAction":[{"@type":"ReadAction","target":["https:\/\/www.agoracademie.com\/blog\/qu-est-ce-que-la-preparation-mentale\/"]}]},{"@type":"ImageObject","inLanguage":"fr-FR","@id":"https:\/\/www.agoracademie.com\/blog\/qu-est-ce-que-la-preparation-mentale\/#primaryimage","url":"https:\/\/www.agoracademie.com\/blog\/wp-content\/uploads\/2026\/01\/qu_est_ce_que_la_preparation_mentale.jpg","contentUrl":"https:\/\/www.agoracademie.com\/blog\/wp-content\/uploads\/2026\/01\/qu_est_ce_que_la_preparation_mentale.jpg","width":1079,"height":538},{"@type":"BreadcrumbList","@id":"https:\/\/www.agoracademie.com\/blog\/qu-est-ce-que-la-preparation-mentale\/#breadcrumb","itemListElement":[{"@type":"ListItem","position":1,"name":"Accueil","item":"https:\/\/www.agoracademie.com\/blog\/"},{"@type":"ListItem","position":2,"name":"Qu\u2019est-ce que la pr\u00e9paration mentale ? D\u00e9finition, usages, limites et formation"}]},{"@type":"WebSite","@id":"https:\/\/www.agoracademie.com\/blog\/#website","url":"https:\/\/www.agoracademie.com\/blog\/","name":"Blog Agoracad\u00e9mie - Centre de formation en ligne et \u00e0 distance","description":"Le blog du d\u00e9veloppement personnel et des th\u00e9rapies","potentialAction":[{"@type":"SearchAction","target":{"@type":"EntryPoint","urlTemplate":"https:\/\/www.agoracademie.com\/blog\/?s={search_term_string}"},"query-input":{"@type":"PropertyValueSpecification","valueRequired":true,"valueName":"search_term_string"}}],"inLanguage":"fr-FR"},{"@type":"Person","@id":"https:\/\/www.agoracademie.com\/blog\/#\/schema\/person\/c2f110c50be7dcecc05cb4e87f32537f","name":"Laurent Bertrel","image":{"@type":"ImageObject","inLanguage":"fr-FR","@id":"https:\/\/secure.gravatar.com\/avatar\/45841390e6db2f4064cc5f84ee39189cf562b1de36eb5b1b7cc82dee445813a4?s=96&r=g","url":"https:\/\/secure.gravatar.com\/avatar\/45841390e6db2f4064cc5f84ee39189cf562b1de36eb5b1b7cc82dee445813a4?s=96&r=g","contentUrl":"https:\/\/secure.gravatar.com\/avatar\/45841390e6db2f4064cc5f84ee39189cf562b1de36eb5b1b7cc82dee445813a4?s=96&r=g","caption":"Laurent Bertrel"},"description":"Laurent Bertrel est le fondateur d'Agoracad\u00e9mie. Titulaire d'une licence en sciences humaines et sociales, d'une ma\u00eetrise et d'un master en psychanalyse, d'un master en \u00e9tudes culturelles parcours \u00e9tudes de genre, du DU connaissances g\u00e9n\u00e9rales de la personne \u00e2g\u00e9e, il est aussi form\u00e9 \u00e0 diff\u00e9rentes approches dont la PNL, la sophrologie, la relaxation, l'hypnose, le coaching, la m\u00e9ditation, les arts martiaux, etc. Auteur de plus de 40 ouvrages, dont 18 livres, il anime plusieurs formations sur Agoracad\u00e9mie et r\u00e9pondra au message que vous allez laisser ci-dessous.","sameAs":["https:\/\/www.agoracademie.com\/"]}]}},"acf":[],"_links":{"self":[{"href":"https:\/\/www.agoracademie.com\/blog\/wp-json\/wp\/v2\/posts\/23563","targetHints":{"allow":["GET"]}}],"collection":[{"href":"https:\/\/www.agoracademie.com\/blog\/wp-json\/wp\/v2\/posts"}],"about":[{"href":"https:\/\/www.agoracademie.com\/blog\/wp-json\/wp\/v2\/types\/post"}],"author":[{"embeddable":true,"href":"https:\/\/www.agoracademie.com\/blog\/wp-json\/wp\/v2\/users\/2"}],"replies":[{"embeddable":true,"href":"https:\/\/www.agoracademie.com\/blog\/wp-json\/wp\/v2\/comments?post=23563"}],"version-history":[{"count":6,"href":"https:\/\/www.agoracademie.com\/blog\/wp-json\/wp\/v2\/posts\/23563\/revisions"}],"predecessor-version":[{"id":23572,"href":"https:\/\/www.agoracademie.com\/blog\/wp-json\/wp\/v2\/posts\/23563\/revisions\/23572"}],"wp:attachment":[{"href":"https:\/\/www.agoracademie.com\/blog\/wp-json\/wp\/v2\/media?parent=23563"}],"wp:term":[{"taxonomy":"category","embeddable":true,"href":"https:\/\/www.agoracademie.com\/blog\/wp-json\/wp\/v2\/categories?post=23563"},{"taxonomy":"post_tag","embeddable":true,"href":"https:\/\/www.agoracademie.com\/blog\/wp-json\/wp\/v2\/tags?post=23563"}],"curies":[{"name":"wp","href":"https:\/\/api.w.org\/{rel}","templated":true}]}}