{"id":25422,"date":"2026-04-03T09:35:16","date_gmt":"2026-04-03T07:35:16","guid":{"rendered":"https:\/\/www.agoracademie.com\/blog\/?p=25422"},"modified":"2026-04-03T09:35:17","modified_gmt":"2026-04-03T07:35:17","slug":"comment-reduire-le-stress-au-travail","status":"publish","type":"post","link":"https:\/\/www.agoracademie.com\/blog\/comment-reduire-le-stress-au-travail\/","title":{"rendered":"Comment r\u00e9duire le stress au travail et retrouver s\u00e9r\u00e9nit\u00e9 et performance\u00a0?"},"content":{"rendered":"<div class=\"wp-block-image\">\n<figure class=\"aligncenter size-large\"><img loading=\"lazy\" decoding=\"async\" width=\"1024\" height=\"511\" src=\"https:\/\/www.agoracademie.com\/blog\/wp-content\/uploads\/2026\/04\/comment_reduire_le_stress_au_travail-1024x511.jpg\" alt=\"Comment r\u00e9duire le stress au travail en s\u2019accordant du temps pour soi\" class=\"wp-image-25423\" srcset=\"https:\/\/www.agoracademie.com\/blog\/wp-content\/uploads\/2026\/04\/comment_reduire_le_stress_au_travail-1024x511.jpg 1024w, https:\/\/www.agoracademie.com\/blog\/wp-content\/uploads\/2026\/04\/comment_reduire_le_stress_au_travail-300x150.jpg 300w, https:\/\/www.agoracademie.com\/blog\/wp-content\/uploads\/2026\/04\/comment_reduire_le_stress_au_travail-768x383.jpg 768w, https:\/\/www.agoracademie.com\/blog\/wp-content\/uploads\/2026\/04\/comment_reduire_le_stress_au_travail.jpg 1079w\" sizes=\"auto, (max-width: 1024px) 100vw, 1024px\" \/><figcaption class=\"wp-element-caption\">Prendre du recul, retrouver l\u2019essentiel, s\u2019\u00e9loigner du bruit pour se rapprocher de soi&#8230;<\/figcaption><\/figure><div id=\"ez-toc-container\" class=\"ez-toc-v2_0_82_2 ez-toc-wrap-center counter-hierarchy ez-toc-counter ez-toc-transparent ez-toc-container-direction\">\n<div class=\"ez-toc-title-container\">\n<p class=\"ez-toc-title\" style=\"cursor:inherit\">Sommaire<\/p>\n<span class=\"ez-toc-title-toggle\"><a href=\"#\" class=\"ez-toc-pull-right ez-toc-btn ez-toc-btn-xs ez-toc-btn-default ez-toc-toggle\" aria-label=\"Toggle Table of Content\"><span class=\"ez-toc-js-icon-con\"><span class=\"\"><span class=\"eztoc-hide\" style=\"display:none;\">Toggle<\/span><span class=\"ez-toc-icon-toggle-span\"><svg style=\"fill: #999;color:#999\" xmlns=\"http:\/\/www.w3.org\/2000\/svg\" class=\"list-377408\" width=\"20px\" height=\"20px\" viewBox=\"0 0 24 24\" fill=\"none\"><path d=\"M6 6H4v2h2V6zm14 0H8v2h12V6zM4 11h2v2H4v-2zm16 0H8v2h12v-2zM4 16h2v2H4v-2zm16 0H8v2h12v-2z\" fill=\"currentColor\"><\/path><\/svg><svg style=\"fill: #999;color:#999\" class=\"arrow-unsorted-368013\" xmlns=\"http:\/\/www.w3.org\/2000\/svg\" width=\"10px\" height=\"10px\" viewBox=\"0 0 24 24\" version=\"1.2\" baseProfile=\"tiny\"><path d=\"M18.2 9.3l-6.2-6.3-6.2 6.3c-.2.2-.3.4-.3.7s.1.5.3.7c.2.2.4.3.7.3h11c.3 0 .5-.1.7-.3.2-.2.3-.5.3-.7s-.1-.5-.3-.7zM5.8 14.7l6.2 6.3 6.2-6.3c.2-.2.3-.5.3-.7s-.1-.5-.3-.7c-.2-.2-.4-.3-.7-.3h-11c-.3 0-.5.1-.7.3-.2.2-.3.5-.3.7s.1.5.3.7z\"\/><\/svg><\/span><\/span><\/span><\/a><\/span><\/div>\n<nav><ul class='ez-toc-list ez-toc-list-level-1 ' ><li class='ez-toc-page-1 ez-toc-heading-level-2'><a class=\"ez-toc-link ez-toc-heading-1\" href=\"https:\/\/www.agoracademie.com\/blog\/comment-reduire-le-stress-au-travail\/#Pourquoi_le_stress_apparait-il_au_travail\" >Pourquoi le stress appara\u00eet-il au travail ?<\/a><\/li><li class='ez-toc-page-1 ez-toc-heading-level-2'><a class=\"ez-toc-link ez-toc-heading-2\" href=\"https:\/\/www.agoracademie.com\/blog\/comment-reduire-le-stress-au-travail\/#Comment_savoir_si_votre_stress_devient_problematique\" >Comment savoir si votre stress devient probl\u00e9matique ?<\/a><\/li><li class='ez-toc-page-1 ez-toc-heading-level-2'><a class=\"ez-toc-link ez-toc-heading-3\" href=\"https:\/\/www.agoracademie.com\/blog\/comment-reduire-le-stress-au-travail\/#Ce_que_chacun%C2%B7e_peut_faire_au_quotidien\" >Ce que chacun\u00b7e peut faire au quotidien<\/a><ul class='ez-toc-list-level-3' ><li class='ez-toc-heading-level-3'><a class=\"ez-toc-link ez-toc-heading-4\" href=\"https:\/\/www.agoracademie.com\/blog\/comment-reduire-le-stress-au-travail\/#Prioriser_les_taches\" >Prioriser les t\u00e2ches<\/a><\/li><li class='ez-toc-page-1 ez-toc-heading-level-3'><a class=\"ez-toc-link ez-toc-heading-5\" href=\"https:\/\/www.agoracademie.com\/blog\/comment-reduire-le-stress-au-travail\/#Faire_des_pauses_regulieres\" >Faire des pauses r\u00e9guli\u00e8res<\/a><\/li><li class='ez-toc-page-1 ez-toc-heading-level-3'><a class=\"ez-toc-link ez-toc-heading-6\" href=\"https:\/\/www.agoracademie.com\/blog\/comment-reduire-le-stress-au-travail\/#Utiliser_des_techniques_de_respiration\" >Utiliser des techniques de respiration<\/a><\/li><li class='ez-toc-page-1 ez-toc-heading-level-3'><a class=\"ez-toc-link ez-toc-heading-7\" href=\"https:\/\/www.agoracademie.com\/blog\/comment-reduire-le-stress-au-travail\/#Limiter_la_surcharge_mentale\" >Limiter la surcharge mentale<\/a><\/li><li class='ez-toc-page-1 ez-toc-heading-level-3'><a class=\"ez-toc-link ez-toc-heading-8\" href=\"https:\/\/www.agoracademie.com\/blog\/comment-reduire-le-stress-au-travail\/#Clarifier_ses_priorites\" >Clarifier ses priorit\u00e9s<\/a><\/li><li class='ez-toc-page-1 ez-toc-heading-level-3'><a class=\"ez-toc-link ez-toc-heading-9\" href=\"https:\/\/www.agoracademie.com\/blog\/comment-reduire-le-stress-au-travail\/#En_bref\" >En bref<\/a><\/li><\/ul><\/li><li class='ez-toc-page-1 ez-toc-heading-level-2'><a class=\"ez-toc-link ez-toc-heading-10\" href=\"https:\/\/www.agoracademie.com\/blog\/comment-reduire-le-stress-au-travail\/#Quand_le_stress_vient_du_travail_lui-meme\" >Quand le stress vient du travail lui-m\u00eame<\/a><\/li><li class='ez-toc-page-1 ez-toc-heading-level-2'><a class=\"ez-toc-link ez-toc-heading-11\" href=\"https:\/\/www.agoracademie.com\/blog\/comment-reduire-le-stress-au-travail\/#Pourquoi_les_solutions_individuelles_ne_suffisent_pas\" >Pourquoi les solutions individuelles ne suffisent pas<\/a><\/li><li class='ez-toc-page-1 ez-toc-heading-level-2'><a class=\"ez-toc-link ez-toc-heading-12\" href=\"https:\/\/www.agoracademie.com\/blog\/comment-reduire-le-stress-au-travail\/#Pourquoi_suivre_une_formation_en_gestion_du_stress\" >Pourquoi suivre une formation en gestion du stress ?<\/a><\/li><li class='ez-toc-page-1 ez-toc-heading-level-2'><a class=\"ez-toc-link ez-toc-heading-13\" href=\"https:\/\/www.agoracademie.com\/blog\/comment-reduire-le-stress-au-travail\/#A_qui_sadresse_cette_approche\" >\u00c0 qui s\u2019adresse cette approche ?<\/a><\/li><li class='ez-toc-page-1 ez-toc-heading-level-2'><a class=\"ez-toc-link ez-toc-heading-14\" href=\"https:\/\/www.agoracademie.com\/blog\/comment-reduire-le-stress-au-travail\/#Ce_que_permet_une_formation_structuree\" >Ce que permet une formation structur\u00e9e<\/a><\/li><li class='ez-toc-page-1 ez-toc-heading-level-2'><a class=\"ez-toc-link ez-toc-heading-15\" href=\"https:\/\/www.agoracademie.com\/blog\/comment-reduire-le-stress-au-travail\/#Formation_gestion_du_stress_en_entreprise\" >Formation gestion du stress en entreprise<\/a><\/li><li class='ez-toc-page-1 ez-toc-heading-level-2'><a class=\"ez-toc-link ez-toc-heading-16\" href=\"https:\/\/www.agoracademie.com\/blog\/comment-reduire-le-stress-au-travail\/#FAQ_%E2%80%93_Comment_reduire_le_stress_au_travail\" >FAQ \u2013 Comment r\u00e9duire le stress au travail&nbsp;?<\/a><ul class='ez-toc-list-level-3' ><li class='ez-toc-heading-level-3'><a class=\"ez-toc-link ez-toc-heading-17\" href=\"https:\/\/www.agoracademie.com\/blog\/comment-reduire-le-stress-au-travail\/#Peut-on_vraiment_reduire_le_stress_au_travail\" >Peut-on vraiment r\u00e9duire le stress au travail ?<\/a><\/li><li class='ez-toc-page-1 ez-toc-heading-level-3'><a class=\"ez-toc-link ez-toc-heading-18\" href=\"https:\/\/www.agoracademie.com\/blog\/comment-reduire-le-stress-au-travail\/#Quelles_solutions_sont_les_plus_efficaces\" >Quelles solutions sont les plus efficaces ?<\/a><\/li><li class='ez-toc-page-1 ez-toc-heading-level-3'><a class=\"ez-toc-link ez-toc-heading-19\" href=\"https:\/\/www.agoracademie.com\/blog\/comment-reduire-le-stress-au-travail\/#Le_stress_depend-il_uniquement_de_lindividu\" >Le stress d\u00e9pend-il uniquement de l\u2019individu ?<\/a><\/li><li class='ez-toc-page-1 ez-toc-heading-level-3'><a class=\"ez-toc-link ez-toc-heading-20\" href=\"https:\/\/www.agoracademie.com\/blog\/comment-reduire-le-stress-au-travail\/#Une_formation_est-elle_suffisante\" >Une formation est-elle suffisante ?<\/a><\/li><li class='ez-toc-page-1 ez-toc-heading-level-3'><a class=\"ez-toc-link ez-toc-heading-21\" href=\"https:\/\/www.agoracademie.com\/blog\/comment-reduire-le-stress-au-travail\/#Existe-t-il_des_etudes_scientifiques_sur_le_sujet_du_stress_au_travail\" >Existe-t-il des \u00e9tudes scientifiques sur le sujet du stress au travail&nbsp;?<\/a><\/li><\/ul><\/li><li class='ez-toc-page-1 ez-toc-heading-level-2'><a class=\"ez-toc-link ez-toc-heading-22\" href=\"https:\/\/www.agoracademie.com\/blog\/comment-reduire-le-stress-au-travail\/#Comment_reduire_le_stress_au_travail_pour_conclure\" >Comment r\u00e9duire le stress au travail : pour conclure<\/a><\/li><\/ul><\/nav><\/div>\n\n<\/div>\n\n\n<div style=\"height:40px\" aria-hidden=\"true\" class=\"wp-block-spacer\"><\/div>\n\n\n\n<p>Comment r\u00e9duire le stress au travail ?<\/p>\n\n\n\n<p>Le stress au travail est aujourd\u2019hui une r\u00e9alit\u00e9 pour une grande majorit\u00e9 de professionnel\u00b7le\u00b7s.<\/p>\n\n\n\n<p>Qu\u2019il s\u2019agisse de surcharge, de pression hi\u00e9rarchique ou de tensions relationnelles, ses effets peuvent rapidement impacter la sant\u00e9, la performance et la qualit\u00e9 des relations.<\/p>\n\n\n\n<!--more-->\n\n\n\n<p>La bonne nouvelle, c\u2019est qu\u2019il existe des solutions concr\u00e8tes pour r\u00e9duire le stress au travail. Certaines peuvent \u00eatre mises en place imm\u00e9diatement \u00e0 titre individuel.<\/p>\n\n\n\n<p>D\u2019autres n\u00e9cessitent une approche plus globale, impliquant l\u2019organisation elle-m\u00eame.<\/p>\n\n\n\n<p>Dans ce guide, nous vous proposons des actions simples et efficaces, tout en vous aidant \u00e0 comprendre pourquoi une d\u00e9marche plus structur\u00e9e est souvent n\u00e9cessaire pour obtenir des r\u00e9sultats durables.<\/p>\n\n\n\n<h2 class=\"wp-block-heading\"><span class=\"ez-toc-section\" id=\"Pourquoi_le_stress_apparait-il_au_travail\"><\/span>Pourquoi le stress appara\u00eet-il au travail ?<span class=\"ez-toc-section-end\"><\/span><\/h2>\n\n\n\n<p>Le stress professionnel ne survient pas par hasard.<\/p>\n\n\n\n<p>En effet, il est g\u00e9n\u00e9ralement <strong>la cons\u00e9quence d\u2019un d\u00e9s\u00e9quilibre<\/strong> entre les exigences du travail et les ressources disponibles pour y faire face.<\/p>\n\n\n\n<p>Parmi les causes les plus fr\u00e9quentes :<\/p>\n\n\n\n<ul class=\"wp-block-list\">\n<li>une surcharge de travail ou des d\u00e9lais irr\u00e9alistes,<\/li>\n\n\n\n<li>un manque de clart\u00e9 dans les missions ou les priorit\u00e9s,<\/li>\n\n\n\n<li>une pression hi\u00e9rarchique forte,<\/li>\n\n\n\n<li>des conflits ou des tensions relationnelles,<\/li>\n\n\n\n<li>ou encore des impr\u00e9vus constants qui emp\u00eachent de s\u2019organiser&#8230;<\/li>\n<\/ul>\n\n\n\n<blockquote class=\"wp-block-quote is-layout-flow wp-block-quote-is-layout-flow\">\n<p>Le point cl\u00e9 \u00e0 retenir ici est simple : le stress est une r\u00e9ponse normale \u00e0 une situation per\u00e7ue comme d\u00e9s\u00e9quilibr\u00e9e ou difficile \u00e0 g\u00e9rer.<\/p>\n<\/blockquote>\n\n\n\n<h2 class=\"wp-block-heading\"><span class=\"ez-toc-section\" id=\"Comment_savoir_si_votre_stress_devient_problematique\"><\/span>Comment savoir si votre stress devient probl\u00e9matique ?<span class=\"ez-toc-section-end\"><\/span><\/h2>\n\n\n\n<p>Il est essentiel de rep\u00e9rer les <strong>premiers signaux d\u2019alerte<\/strong>.<\/p>\n\n\n\n<p>Plus le stress est <strong>identifi\u00e9 t\u00f4t<\/strong>, plus il est possible d\u2019<strong>agir efficacement<\/strong>.<\/p>\n\n\n\n<p>Voici quelques signes \u00e0 ne pas ignorer :<\/p>\n\n\n\n<ul class=\"wp-block-list\">\n<li>une fatigue persistante, m\u00eame apr\u00e8s le repos,<\/li>\n\n\n\n<li>une perte de motivation ou de sens,<\/li>\n\n\n\n<li>des troubles du sommeil,<\/li>\n\n\n\n<li>une irritabilit\u00e9 accrue,<\/li>\n\n\n\n<li>une augmentation des erreurs ou des oublis&#8230;<\/li>\n<\/ul>\n\n\n\n<blockquote class=\"wp-block-quote is-layout-flow wp-block-quote-is-layout-flow\">\n<p>Agir d\u00e8s l\u2019apparition de ces sympt\u00f4mes permet d\u2019\u00e9viter une aggravation, voire un \u00e9puisement professionnel.<\/p>\n<\/blockquote>\n\n\n\n<h2 class=\"wp-block-heading\"><span class=\"ez-toc-section\" id=\"Ce_que_chacun%C2%B7e_peut_faire_au_quotidien\"><\/span>Ce que chacun\u00b7e peut faire au quotidien<span class=\"ez-toc-section-end\"><\/span><\/h2>\n\n\n\n<p>Certaines actions simples permettent d\u00e9j\u00e0 de r\u00e9duire significativement le stress au travail.<\/p>\n\n\n\n<h3 class=\"wp-block-heading\"><span class=\"ez-toc-section\" id=\"Prioriser_les_taches\"><\/span>Prioriser les t\u00e2ches<span class=\"ez-toc-section-end\"><\/span><\/h3>\n\n\n\n<p>Identifier ce qui est vraiment important permet de limiter la dispersion et le sentiment d\u2019urgence permanent.<\/p>\n\n\n\n<h3 class=\"wp-block-heading\"><span class=\"ez-toc-section\" id=\"Faire_des_pauses_regulieres\"><\/span>Faire des pauses r\u00e9guli\u00e8res<span class=\"ez-toc-section-end\"><\/span><\/h3>\n\n\n\n<p>Le cerveau a besoin de r\u00e9cup\u00e9rer. Des pauses courtes mais fr\u00e9quentes am\u00e9liorent la concentration et r\u00e9duisent la tension.<\/p>\n\n\n\n<h3 class=\"wp-block-heading\"><span class=\"ez-toc-section\" id=\"Utiliser_des_techniques_de_respiration\"><\/span>Utiliser des techniques de respiration<span class=\"ez-toc-section-end\"><\/span><\/h3>\n\n\n\n<p>Quelques minutes de respiration consciente peuvent suffire \u00e0 faire redescendre la pression.<\/p>\n\n\n\n<h3 class=\"wp-block-heading\"><span class=\"ez-toc-section\" id=\"Limiter_la_surcharge_mentale\"><\/span>Limiter la surcharge mentale<span class=\"ez-toc-section-end\"><\/span><\/h3>\n\n\n\n<p>Noter ses t\u00e2ches, clarifier ses objectifs et \u00e9viter le multit\u00e2che excessif aide \u00e0 retrouver du contr\u00f4le.<\/p>\n\n\n\n<h3 class=\"wp-block-heading\"><span class=\"ez-toc-section\" id=\"Clarifier_ses_priorites\"><\/span>Clarifier ses priorit\u00e9s<span class=\"ez-toc-section-end\"><\/span><\/h3>\n\n\n\n<p>Ne pas h\u00e9siter \u00e0 poser des questions ou \u00e0 demander des arbitrages permet d\u2019\u00e9viter de porter une charge mentale inutile.<\/p>\n\n\n\n<h3 class=\"wp-block-heading\"><span class=\"ez-toc-section\" id=\"En_bref\"><\/span>En bref<span class=\"ez-toc-section-end\"><\/span><\/h3>\n\n\n\n<p>Ces leviers sont accessibles imm\u00e9diatement et ils constituent une premi\u00e8re \u00e9tape essentielle.<\/p>\n\n\n\n<p>Alors, \u00e0 vous de jouer&nbsp;!<\/p>\n\n\n\n<h2 class=\"wp-block-heading\"><span class=\"ez-toc-section\" id=\"Quand_le_stress_vient_du_travail_lui-meme\"><\/span>Quand le stress vient du travail lui-m\u00eame<span class=\"ez-toc-section-end\"><\/span><\/h2>\n\n\n\n<p>Dans de nombreux cas, le stress ne d\u00e9pend pas uniquement de l\u2019individu.<\/p>\n\n\n\n<p>Il peut \u00eatre li\u00e9 \u00e0 des facteurs organisationnels tels que :<\/p>\n\n\n\n<ul class=\"wp-block-list\">\n<li>une mauvaise r\u00e9partition des t\u00e2ches,<\/li>\n\n\n\n<li>un manque de communication interne,<\/li>\n\n\n\n<li>des objectifs flous ou changeants,<\/li>\n\n\n\n<li>une surcharge structurelle,<\/li>\n\n\n\n<li>un management peu adapt\u00e9&#8230;<\/li>\n<\/ul>\n\n\n\n<p>Dans ces situations, les efforts individuels montrent rapidement leurs limites.<\/p>\n\n\n\n<p>Le stress devient alors un signal d\u2019un <strong>dysfonctionnement plus global<\/strong>.<\/p>\n\n\n\n<h2 class=\"wp-block-heading\"><span class=\"ez-toc-section\" id=\"Pourquoi_les_solutions_individuelles_ne_suffisent_pas\"><\/span>Pourquoi les solutions individuelles ne suffisent pas<span class=\"ez-toc-section-end\"><\/span><\/h2>\n\n\n\n<p>M\u00eame avec les meilleures techniques personnelles, il est difficile de compenser un environnement de travail d\u00e9s\u00e9quilibr\u00e9.<\/p>\n\n\n\n<p>Le stress est notamment influenc\u00e9 par :<\/p>\n\n\n\n<ul class=\"wp-block-list\">\n<li>l\u2019organisation du travail,<\/li>\n\n\n\n<li>le style de management,<\/li>\n\n\n\n<li>la culture d\u2019entreprise,<\/li>\n\n\n\n<li>les modes de communication&#8230;<\/li>\n<\/ul>\n\n\n\n<p>C\u2019est pourquoi une approche uniquement individuelle est souvent insuffisante sur le long terme.<\/p>\n\n\n\n<p>Pour obtenir des r\u00e9sultats durables, il est n\u00e9cessaire d\u2019<strong>agir aussi au niveau collectif<\/strong>.<\/p>\n\n\n\n<h2 class=\"wp-block-heading\"><span class=\"ez-toc-section\" id=\"Pourquoi_suivre_une_formation_en_gestion_du_stress\"><\/span>Pourquoi suivre une formation en gestion du stress ?<span class=\"ez-toc-section-end\"><\/span><\/h2>\n\n\n\n<p><a href=\"https:\/\/www.agoracademie.com\/academie\/formation-a-distance-gestion-du-stress-et-emotions\">Une formation en gestion du stress<\/a> permet de d\u00e9passer les solutions ponctuelles et d\u2019adopter une approche structur\u00e9e.<\/p>\n\n\n\n<p>Elle apporte principalement :<\/p>\n\n\n\n<ul class=\"wp-block-list\">\n<li>une compr\u00e9hension claire des m\u00e9canismes du stress,<\/li>\n\n\n\n<li>des outils concrets imm\u00e9diatement applicables,<\/li>\n\n\n\n<li>des m\u00e9thodes adapt\u00e9es au contexte professionnel,<\/li>\n\n\n\n<li>une mise en pratique accompagn\u00e9e.<\/li>\n<\/ul>\n\n\n\n<p>Elle permet \u00e9galement d\u2019aligner les pratiques individuelles et organisationnelles, ce qui est essentiel pour un <strong>changement durable<\/strong>.<\/p>\n\n\n\n<h2 class=\"wp-block-heading\"><span class=\"ez-toc-section\" id=\"A_qui_sadresse_cette_approche\"><\/span>\u00c0 qui s\u2019adresse cette approche ?<span class=\"ez-toc-section-end\"><\/span><\/h2>\n\n\n\n<p><a href=\"https:\/\/www.agoracademie.com\/blog\/gestion-du-stress-au-travail\/\">La gestion du stress en entreprise<\/a> concerne de nombreux profils dont les :<\/p>\n\n\n\n<ul class=\"wp-block-list\">\n<li>salari\u00e9s confront\u00e9s \u00e0 une surcharge de travail,<\/li>\n\n\n\n<li>managers soumis \u00e0 une pression constante,<\/li>\n\n\n\n<li>\u00e9quipes en tension ou en transformation,<\/li>\n\n\n\n<li>responsables RH et dirigeants.<\/li>\n<\/ul>\n\n\n\n<p>Toute organisation souhaitant am\u00e9liorer le bien-\u00eatre et la performance collective peut en b\u00e9n\u00e9ficier.<\/p>\n\n\n\n<p>Aussi, si une telle formation vous int\u00e9resse, n&rsquo;h\u00e9sitez pas \u00e0 nous contacter, car nous proposons un programme applicable en distanciel et en pr\u00e9sentiel.<\/p>\n\n\n\n<h2 class=\"wp-block-heading\"><span class=\"ez-toc-section\" id=\"Ce_que_permet_une_formation_structuree\"><\/span>Ce que permet une formation structur\u00e9e<span class=\"ez-toc-section-end\"><\/span><\/h2>\n\n\n\n<p>Mettre en place une <a href=\"https:\/\/www.agoracademie.com\/blog\/formation-gestion-du-stress-en-entreprise\/\">formation en gestion du stress en entreprise<\/a> permet d\u2019obtenir des r\u00e9sultats concrets :<\/p>\n\n\n\n<ul class=\"wp-block-list\">\n<li>une r\u00e9duction durable du stress,<\/li>\n\n\n\n<li>une meilleure communication entre les \u00e9quipes,<\/li>\n\n\n\n<li>un climat de travail plus serein et plus stable,<\/li>\n\n\n\n<li>ou encore une am\u00e9lioration de la performance&#8230;<\/li>\n<\/ul>\n\n\n\n<blockquote class=\"wp-block-quote is-layout-flow wp-block-quote-is-layout-flow\">\n<p>Au-del\u00e0 du bien-\u00eatre individuel, c\u2019est toute la dynamique de l\u2019entreprise qui \u00e9volue positivement.<\/p>\n<\/blockquote>\n\n\n\n<h2 class=\"wp-block-heading\"><span class=\"ez-toc-section\" id=\"Formation_gestion_du_stress_en_entreprise\"><\/span>Formation gestion du stress en entreprise<span class=\"ez-toc-section-end\"><\/span><\/h2>\n\n\n\n<p>Pour aller plus loin, et ainsi r\u00e9pondre \u00e0 la demande comment r\u00e9duire le stress au travail, il est essentiel de s\u2019appuyer sur une d\u00e9marche globale et professionnelle.<\/p>\n\n\n\n<p>Une formation en gestion du stress en entreprise permet :<\/p>\n\n\n\n<ul class=\"wp-block-list\">\n<li>d\u2019analyser les sources de stress sp\u00e9cifiques,<\/li>\n\n\n\n<li>d\u2019adapter les outils aux r\u00e9alit\u00e9s du terrain,<\/li>\n\n\n\n<li>d\u2019impliquer les \u00e9quipes et le management,<\/li>\n\n\n\n<li>et de construire des solutions durables.<\/li>\n<\/ul>\n\n\n\n<p>D\u00e9couvrez le programme de notre formation en gestion du stress disponible en distanciel pour vous (en formation individuelle) ou pour les collaborateurs de votre entreprise (d\u00e9marche plus collective).<\/p>\n\n\n\n<div class=\"wp-block-magic-content-box-content-box aligncenter magic-content-box-d60747f3-730a-4 magic-content-box-contentBox block-wrapper-background content-align-center\"><style>.magic-content-box-d60747f3-730a-4 .magic-content-box-content-wrapper{text-align:center;margin-top:30px;margin-bottom:30px}.magic-content-box-d60747f3-730a-4 .magic-content-box-section-header-wrapper{border-color:#ff201f}.magic-content-box-d60747f3-730a-4 .magic-content-box-mainheader-wrap{box-shadow:0px 6px 12px -10px #000;border-radius:5px;background-color:#fff}.magic-content-box-d60747f3-730a-4 .magic-content-box-section-wrapper{padding-top:30px;padding-right:30px;padding-bottom:30px;padding-left:30px;margin-top:0px;margin-right:0px;margin-bottom:0px;margin-left:0px}.magic-content-box-d60747f3-730a-4 .magic-content-box-section-head-wrap{text-align:center;padding-top:0px;padding-right:0px;padding-bottom:0px;margin-top:0px;margin-bottom:0px;padding-left:0px}.magic-content-box-d60747f3-730a-4 .magic-content-box-section-head-wrap .magic-content-box-title{color:#404040;font-size:32px;font-family:Default;padding-top:5px;padding-bottom:5px}.magic-content-box-d60747f3-730a-4 .magic-content-box-section-head-wrap .magic-content-box-subtitle{color:#6d6d6d;font-size:18px;font-family:Default;padding-top:5px;padding-bottom:5px}.magic-content-box-d60747f3-730a-4 .magic-content-box-title-dash{color:#ff201f}.magic-content-box-d60747f3-730a-4 .magic-content-box-block-button span{color:#fff;border-width:1px;font-size:16px;font-family:Default}.magic-content-box-d60747f3-730a-4 .magic-content-box-block-button .magic-content-box-button{background-color:#ff201f}.magic-content-box-d60747f3-730a-4 .magic-content-box-block-button i{color:#fff;font-size:13px}.magic-content-box-d60747f3-730a-4 .magic-content-box-block-button{margin-top:10px;margin-bottom:10px}.magic-content-box-d60747f3-730a-4 .magic-content-box-button{padding-top:5px;padding-right:15px;padding-bottom:5px;padding-left:15px}@media screen and (max-width:1025px){.magic-content-box-d60747f3-730a-4 .magic-content-box-section-head-wrap .magic-content-box-title{font-size:undefinedpx}.magic-content-box-d60747f3-730a-4 .magic-content-box-section-head-wrap .magic-content-box-subtitle{font-size:undefinedpx}.magic-content-box-d60747f3-730a-4 .magic-content-box-block-button span{font-size:undefinedpx}.magic-content-box-d60747f3-730a-4 .magic-content-box-block-button i{font-size:px}}@media screen and (max-width:767px){.magic-content-box-d60747f3-730a-4 .magic-content-box-section-head-wrap .magic-content-box-title{font-size:undefinedpx}.magic-content-box-d60747f3-730a-4 .magic-content-box-section-head-wrap .magic-content-box-subtitle{font-size:undefinedpx}.magic-content-box-d60747f3-730a-4 .magic-content-box-block-button span{font-size:undefinedpx}.magic-content-box-d60747f3-730a-4 .magic-content-box-block-button i{font-size:px}}<\/style><div class=\"content-wrapper-inner\"><div class=\"magic-content-box-content-wrapper magic-content-box-blocks reverse-img has-background style-1\"><div class=\"content-img-wrap\"><img decoding=\"async\" src=\"https:\/\/www.agoracademie.com\/blog\/wp-content\/uploads\/2025\/05\/formation-stress.jpg\" alt=\"Comment r\u00e9duire le stress au travail : gr\u00e2ce \u00e0 notre formation \u00e0 distance\" class=\"\"\/><\/div><div class=\"magic-content-box-section-wrapper magic-content-box-mainheader-wrap\"><div class=\"magic-content-box-section-header-wrapper magic-content-box-blocks\"><div class=\"magic-content-box-section-head-wrap magic-content-box-style1 magic-content-box-center\"><div class=\"magic-content-box-title-wrapper\"><span class=\"magic-content-box-title-dash magic-content-box-upper-dash\"><\/span><h4 class=\"magic-content-box-title\">Formation en gestion du stress<\/h4><span class=\"magic-content-box-title-dash magic-content-box-lower-dash\"><\/span><\/div><div class=\"magic-content-box-subtitle-wrapper\"><span class=\"magic-content-box-title-dash magic-content-box-upper-dash\"><\/span><p class=\"magic-content-box-subtitle\">100 % en ligne &amp; \u00e0 distance : pour soi (formation individuelle) ou pour les collaborateurs de votre entreprise (formation de groupe)<\/p><span class=\"magic-content-box-title-dash magic-content-box-lower-dash\"><\/span><\/div><\/div><\/div><div class=\"magic-content-box-desc-btn-wrap\"><div class=\"magic-content-box-block-button\"><a href=\"https:\/\/www.agoracademie.com\/academie\/formation-a-distance-gestion-du-stress-et-emotions\" class=\"magic-content-box-button magic-content-box-button-shape-rounded magic-content-box-button-size-small hover-style-1 btn-icon-left\"><span>PROGRAMME EN LIGNE<\/span><\/a><\/div><\/div><\/div><\/div><\/div><\/div>\n\n\n\n<h2 class=\"wp-block-heading\"><span class=\"ez-toc-section\" id=\"FAQ_%E2%80%93_Comment_reduire_le_stress_au_travail\"><\/span>FAQ \u2013 Comment r\u00e9duire le stress au travail&nbsp;?<span class=\"ez-toc-section-end\"><\/span><\/h2>\n\n\n\n<h3 class=\"wp-block-heading\"><span class=\"ez-toc-section\" id=\"Peut-on_vraiment_reduire_le_stress_au_travail\"><\/span>Peut-on vraiment r\u00e9duire le stress au travail ?<span class=\"ez-toc-section-end\"><\/span><\/h3>\n\n\n\n<p>Oui, \u00e0 condition d\u2019agir \u00e0 la fois sur les comportements individuels et sur l\u2019organisation du travail.<\/p>\n\n\n\n<h3 class=\"wp-block-heading\"><span class=\"ez-toc-section\" id=\"Quelles_solutions_sont_les_plus_efficaces\"><\/span>Quelles solutions sont les plus efficaces ?<span class=\"ez-toc-section-end\"><\/span><\/h3>\n\n\n\n<p>Les solutions les plus efficaces combinent outils pratiques (gestion des priorit\u00e9s, respiration, organisation) et transformation des pratiques manag\u00e9riales.<\/p>\n\n\n\n<h3 class=\"wp-block-heading\"><span class=\"ez-toc-section\" id=\"Le_stress_depend-il_uniquement_de_lindividu\"><\/span>Le stress d\u00e9pend-il uniquement de l\u2019individu ?<span class=\"ez-toc-section-end\"><\/span><\/h3>\n\n\n\n<p>Non. Il est souvent li\u00e9 \u00e0 des facteurs organisationnels. L\u2019environnement de travail joue un r\u00f4le d\u00e9terminant.<\/p>\n\n\n\n<h3 class=\"wp-block-heading\"><span class=\"ez-toc-section\" id=\"Une_formation_est-elle_suffisante\"><\/span>Une formation est-elle suffisante ?<span class=\"ez-toc-section-end\"><\/span><\/h3>\n\n\n\n<p>Une formation est un levier puissant, mais elle est encore plus efficace lorsqu\u2019elle s\u2019inscrit dans une d\u00e9marche globale d\u2019am\u00e9lioration des conditions de travail.<\/p>\n\n\n\n<h3 class=\"wp-block-heading\"><span class=\"ez-toc-section\" id=\"Existe-t-il_des_etudes_scientifiques_sur_le_sujet_du_stress_au_travail\"><\/span>Existe-t-il des \u00e9tudes scientifiques sur le sujet du stress au travail&nbsp;?<span class=\"ez-toc-section-end\"><\/span><\/h3>\n\n\n\n<p>Oui, les articles sont de plus en plus nombreux et permettent de r\u00e9pondre \u00e0 la question comment r\u00e9duire le stress au travail. Nous pensons notamment \u00e0 celui-ci, publi\u00e9 en 2024 par <em>Indonesian Journal of Medical<\/em>\u00a0: <a href=\"https:\/\/www.researchgate.net\/publication\/382108719_The_Effectiveness_of_Adaptive_Coping_Strategies_for_Work_Stress_A_Meta-Analysis\" target=\"_blank\" rel=\"noreferrer noopener\">L\u2019efficacit\u00e9 des strat\u00e9gies d\u2019adaptation face au stress au travail<\/a>.<\/p>\n\n\n\n<h2 class=\"wp-block-heading\"><span class=\"ez-toc-section\" id=\"Comment_reduire_le_stress_au_travail_pour_conclure\"><\/span>Comment r\u00e9duire le stress au travail : pour conclure<span class=\"ez-toc-section-end\"><\/span><\/h2>\n\n\n\n<p>Le stress au travail est un <strong>ph\u00e9nom\u00e8ne multifactoriel<\/strong>.<\/p>\n\n\n\n<p>S\u2019il peut \u00eatre r\u00e9duit \u2013 et \u00e9viter ainsi de <a href=\"https:\/\/www.agoracademie.com\/blog\/stress-chronique-au-travail\/\">devenir chronique<\/a> \u2013 gr\u00e2ce \u00e0 des actions individuelles simples, il n\u00e9cessite souvent une <strong>approche plus globale<\/strong> pour \u00eatre r\u00e9ellement ma\u00eetris\u00e9.<\/p>\n\n\n\n<p>Agir \u00e0 la fois sur les pratiques personnelles et sur l\u2019organisation permet d\u2019obtenir des r\u00e9sultats durables, tant pour les individus que pour l\u2019entreprise.<\/p>\n\n\n\n<p>Pour mettre en place une solution concr\u00e8te et structur\u00e9e, d\u00e9couvrez notre formation \u00e0 distance en gestion du stress et des \u00e9motions.<\/p>\n","protected":false},"excerpt":{"rendered":"<p>Comment r\u00e9duire le stress au travail ? Le stress au travail est aujourd\u2019hui une r\u00e9alit\u00e9 pour une grande majorit\u00e9 de professionnel\u00b7le\u00b7s. Qu\u2019il s\u2019agisse de surcharge, de pression hi\u00e9rarchique ou de tensions relationnelles, ses effets peuvent rapidement impacter la sant\u00e9, la performance et la qualit\u00e9 des relations.<\/p>\n","protected":false},"author":2,"featured_media":0,"comment_status":"open","ping_status":"closed","sticky":false,"template":"","format":"standard","meta":{"_bbp_topic_count":0,"_bbp_reply_count":0,"_bbp_total_topic_count":0,"_bbp_total_reply_count":0,"_bbp_voice_count":0,"_bbp_anonymous_reply_count":0,"_bbp_topic_count_hidden":0,"_bbp_reply_count_hidden":0,"_bbp_forum_subforum_count":0,"footnotes":""},"categories":[6],"tags":[],"class_list":["post-25422","post","type-post","status-publish","format-standard","hentry","category-formation-en-developpement-personnel"],"yoast_head":"<!-- This site is optimized with the Yoast SEO plugin v27.4 - https:\/\/yoast.com\/product\/yoast-seo-wordpress\/ -->\n<title>Comment r\u00e9duire le stress au travail efficacement\u00a0?<\/title>\n<meta name=\"description\" content=\"D\u00e9couvrez comment r\u00e9duire le stress au travail avec des solutions concr\u00e8tes et durables, individuelles et en entreprise.\" \/>\n<meta name=\"robots\" content=\"index, follow, max-snippet:-1, max-image-preview:large, max-video-preview:-1\" \/>\n<link rel=\"canonical\" href=\"https:\/\/www.agoracademie.com\/blog\/comment-reduire-le-stress-au-travail\/\" \/>\n<meta property=\"og:locale\" content=\"fr_FR\" \/>\n<meta property=\"og:type\" content=\"article\" \/>\n<meta property=\"og:title\" content=\"Comment r\u00e9duire le stress au travail efficacement\u00a0?\" \/>\n<meta property=\"og:description\" content=\"D\u00e9couvrez comment r\u00e9duire le stress au travail avec des solutions concr\u00e8tes et durables, individuelles et en entreprise.\" \/>\n<meta property=\"og:url\" content=\"https:\/\/www.agoracademie.com\/blog\/comment-reduire-le-stress-au-travail\/\" \/>\n<meta property=\"og:site_name\" content=\"Agoracad\u00e9mie\" \/>\n<meta property=\"article:published_time\" content=\"2026-04-03T07:35:16+00:00\" \/>\n<meta property=\"article:modified_time\" content=\"2026-04-03T07:35:17+00:00\" \/>\n<meta property=\"og:image\" content=\"https:\/\/www.agoracademie.com\/blog\/wp-content\/uploads\/2026\/04\/comment_reduire_le_stress_au_travail.jpg\" \/>\n\t<meta property=\"og:image:width\" content=\"1079\" \/>\n\t<meta property=\"og:image:height\" content=\"538\" \/>\n\t<meta property=\"og:image:type\" content=\"image\/jpeg\" \/>\n<meta name=\"author\" content=\"Laurent Bertrel\" \/>\n<meta name=\"twitter:label1\" content=\"\u00c9crit par\" \/>\n\t<meta name=\"twitter:data1\" content=\"Laurent Bertrel\" \/>\n\t<meta name=\"twitter:label2\" content=\"Dur\u00e9e de lecture estim\u00e9e\" \/>\n\t<meta name=\"twitter:data2\" content=\"7 minutes\" \/>\n<script type=\"application\/ld+json\" class=\"yoast-schema-graph\">{\"@context\":\"https:\\\/\\\/schema.org\",\"@graph\":[{\"@type\":\"Article\",\"@id\":\"https:\\\/\\\/www.agoracademie.com\\\/blog\\\/comment-reduire-le-stress-au-travail\\\/#article\",\"isPartOf\":{\"@id\":\"https:\\\/\\\/www.agoracademie.com\\\/blog\\\/comment-reduire-le-stress-au-travail\\\/\"},\"author\":{\"name\":\"Laurent Bertrel\",\"@id\":\"https:\\\/\\\/www.agoracademie.com\\\/blog\\\/#\\\/schema\\\/person\\\/c2f110c50be7dcecc05cb4e87f32537f\"},\"headline\":\"Comment r\u00e9duire le stress au travail et retrouver s\u00e9r\u00e9nit\u00e9 et performance\u00a0?\",\"datePublished\":\"2026-04-03T07:35:16+00:00\",\"dateModified\":\"2026-04-03T07:35:17+00:00\",\"mainEntityOfPage\":{\"@id\":\"https:\\\/\\\/www.agoracademie.com\\\/blog\\\/comment-reduire-le-stress-au-travail\\\/\"},\"wordCount\":1312,\"commentCount\":0,\"image\":{\"@id\":\"https:\\\/\\\/www.agoracademie.com\\\/blog\\\/comment-reduire-le-stress-au-travail\\\/#primaryimage\"},\"thumbnailUrl\":\"https:\\\/\\\/www.agoracademie.com\\\/blog\\\/wp-content\\\/uploads\\\/2026\\\/04\\\/comment_reduire_le_stress_au_travail-1024x511.jpg\",\"articleSection\":[\"Formation\"],\"inLanguage\":\"fr-FR\",\"potentialAction\":[{\"@type\":\"CommentAction\",\"name\":\"Comment\",\"target\":[\"https:\\\/\\\/www.agoracademie.com\\\/blog\\\/comment-reduire-le-stress-au-travail\\\/#respond\"]}]},{\"@type\":\"WebPage\",\"@id\":\"https:\\\/\\\/www.agoracademie.com\\\/blog\\\/comment-reduire-le-stress-au-travail\\\/\",\"url\":\"https:\\\/\\\/www.agoracademie.com\\\/blog\\\/comment-reduire-le-stress-au-travail\\\/\",\"name\":\"Comment r\u00e9duire le stress au travail efficacement\u00a0?\",\"isPartOf\":{\"@id\":\"https:\\\/\\\/www.agoracademie.com\\\/blog\\\/#website\"},\"primaryImageOfPage\":{\"@id\":\"https:\\\/\\\/www.agoracademie.com\\\/blog\\\/comment-reduire-le-stress-au-travail\\\/#primaryimage\"},\"image\":{\"@id\":\"https:\\\/\\\/www.agoracademie.com\\\/blog\\\/comment-reduire-le-stress-au-travail\\\/#primaryimage\"},\"thumbnailUrl\":\"https:\\\/\\\/www.agoracademie.com\\\/blog\\\/wp-content\\\/uploads\\\/2026\\\/04\\\/comment_reduire_le_stress_au_travail-1024x511.jpg\",\"datePublished\":\"2026-04-03T07:35:16+00:00\",\"dateModified\":\"2026-04-03T07:35:17+00:00\",\"author\":{\"@id\":\"https:\\\/\\\/www.agoracademie.com\\\/blog\\\/#\\\/schema\\\/person\\\/c2f110c50be7dcecc05cb4e87f32537f\"},\"description\":\"D\u00e9couvrez comment r\u00e9duire le stress au travail avec des solutions concr\u00e8tes et durables, individuelles et en entreprise.\",\"breadcrumb\":{\"@id\":\"https:\\\/\\\/www.agoracademie.com\\\/blog\\\/comment-reduire-le-stress-au-travail\\\/#breadcrumb\"},\"inLanguage\":\"fr-FR\",\"potentialAction\":[{\"@type\":\"ReadAction\",\"target\":[\"https:\\\/\\\/www.agoracademie.com\\\/blog\\\/comment-reduire-le-stress-au-travail\\\/\"]}]},{\"@type\":\"ImageObject\",\"inLanguage\":\"fr-FR\",\"@id\":\"https:\\\/\\\/www.agoracademie.com\\\/blog\\\/comment-reduire-le-stress-au-travail\\\/#primaryimage\",\"url\":\"https:\\\/\\\/www.agoracademie.com\\\/blog\\\/wp-content\\\/uploads\\\/2026\\\/04\\\/comment_reduire_le_stress_au_travail.jpg\",\"contentUrl\":\"https:\\\/\\\/www.agoracademie.com\\\/blog\\\/wp-content\\\/uploads\\\/2026\\\/04\\\/comment_reduire_le_stress_au_travail.jpg\",\"width\":1079,\"height\":538},{\"@type\":\"BreadcrumbList\",\"@id\":\"https:\\\/\\\/www.agoracademie.com\\\/blog\\\/comment-reduire-le-stress-au-travail\\\/#breadcrumb\",\"itemListElement\":[{\"@type\":\"ListItem\",\"position\":1,\"name\":\"Accueil\",\"item\":\"https:\\\/\\\/www.agoracademie.com\\\/blog\\\/\"},{\"@type\":\"ListItem\",\"position\":2,\"name\":\"Comment r\u00e9duire le stress au travail et retrouver s\u00e9r\u00e9nit\u00e9 et performance\u00a0?\"}]},{\"@type\":\"WebSite\",\"@id\":\"https:\\\/\\\/www.agoracademie.com\\\/blog\\\/#website\",\"url\":\"https:\\\/\\\/www.agoracademie.com\\\/blog\\\/\",\"name\":\"Blog Agoracad\u00e9mie - Centre de formation en ligne et \u00e0 distance\",\"description\":\"Le blog du d\u00e9veloppement personnel et des th\u00e9rapies\",\"potentialAction\":[{\"@type\":\"SearchAction\",\"target\":{\"@type\":\"EntryPoint\",\"urlTemplate\":\"https:\\\/\\\/www.agoracademie.com\\\/blog\\\/?s={search_term_string}\"},\"query-input\":{\"@type\":\"PropertyValueSpecification\",\"valueRequired\":true,\"valueName\":\"search_term_string\"}}],\"inLanguage\":\"fr-FR\"},{\"@type\":\"Person\",\"@id\":\"https:\\\/\\\/www.agoracademie.com\\\/blog\\\/#\\\/schema\\\/person\\\/c2f110c50be7dcecc05cb4e87f32537f\",\"name\":\"Laurent Bertrel\",\"image\":{\"@type\":\"ImageObject\",\"inLanguage\":\"fr-FR\",\"@id\":\"https:\\\/\\\/secure.gravatar.com\\\/avatar\\\/45841390e6db2f4064cc5f84ee39189cf562b1de36eb5b1b7cc82dee445813a4?s=96&r=g\",\"url\":\"https:\\\/\\\/secure.gravatar.com\\\/avatar\\\/45841390e6db2f4064cc5f84ee39189cf562b1de36eb5b1b7cc82dee445813a4?s=96&r=g\",\"contentUrl\":\"https:\\\/\\\/secure.gravatar.com\\\/avatar\\\/45841390e6db2f4064cc5f84ee39189cf562b1de36eb5b1b7cc82dee445813a4?s=96&r=g\",\"caption\":\"Laurent Bertrel\"},\"description\":\"Laurent Bertrel est le fondateur d'Agoracad\u00e9mie. Titulaire d'une licence en sciences humaines et sociales, d'une ma\u00eetrise et d'un master en psychanalyse, d'un master en \u00e9tudes culturelles parcours \u00e9tudes de genre, du DU connaissances g\u00e9n\u00e9rales de la personne \u00e2g\u00e9e, il est aussi form\u00e9 \u00e0 diff\u00e9rentes approches dont la PNL, la sophrologie, la relaxation, l'hypnose, le coaching, la m\u00e9ditation, les arts martiaux, etc. Auteur de plus de 40 ouvrages, dont 18 livres, il anime plusieurs formations sur Agoracad\u00e9mie et r\u00e9pondra au message que vous allez laisser ci-dessous.\",\"sameAs\":[\"https:\\\/\\\/www.agoracademie.com\\\/\"]}]}<\/script>\n<!-- \/ Yoast SEO plugin. -->","yoast_head_json":{"title":"Comment r\u00e9duire le stress au travail efficacement\u00a0?","description":"D\u00e9couvrez comment r\u00e9duire le stress au travail avec des solutions concr\u00e8tes et durables, individuelles et en entreprise.","robots":{"index":"index","follow":"follow","max-snippet":"max-snippet:-1","max-image-preview":"max-image-preview:large","max-video-preview":"max-video-preview:-1"},"canonical":"https:\/\/www.agoracademie.com\/blog\/comment-reduire-le-stress-au-travail\/","og_locale":"fr_FR","og_type":"article","og_title":"Comment r\u00e9duire le stress au travail efficacement\u00a0?","og_description":"D\u00e9couvrez comment r\u00e9duire le stress au travail avec des solutions concr\u00e8tes et durables, individuelles et en entreprise.","og_url":"https:\/\/www.agoracademie.com\/blog\/comment-reduire-le-stress-au-travail\/","og_site_name":"Agoracad\u00e9mie","article_published_time":"2026-04-03T07:35:16+00:00","article_modified_time":"2026-04-03T07:35:17+00:00","og_image":[{"width":1079,"height":538,"url":"https:\/\/www.agoracademie.com\/blog\/wp-content\/uploads\/2026\/04\/comment_reduire_le_stress_au_travail.jpg","type":"image\/jpeg"}],"author":"Laurent Bertrel","twitter_misc":{"\u00c9crit par":"Laurent Bertrel","Dur\u00e9e de lecture estim\u00e9e":"7 minutes"},"schema":{"@context":"https:\/\/schema.org","@graph":[{"@type":"Article","@id":"https:\/\/www.agoracademie.com\/blog\/comment-reduire-le-stress-au-travail\/#article","isPartOf":{"@id":"https:\/\/www.agoracademie.com\/blog\/comment-reduire-le-stress-au-travail\/"},"author":{"name":"Laurent Bertrel","@id":"https:\/\/www.agoracademie.com\/blog\/#\/schema\/person\/c2f110c50be7dcecc05cb4e87f32537f"},"headline":"Comment r\u00e9duire le stress au travail et retrouver s\u00e9r\u00e9nit\u00e9 et performance\u00a0?","datePublished":"2026-04-03T07:35:16+00:00","dateModified":"2026-04-03T07:35:17+00:00","mainEntityOfPage":{"@id":"https:\/\/www.agoracademie.com\/blog\/comment-reduire-le-stress-au-travail\/"},"wordCount":1312,"commentCount":0,"image":{"@id":"https:\/\/www.agoracademie.com\/blog\/comment-reduire-le-stress-au-travail\/#primaryimage"},"thumbnailUrl":"https:\/\/www.agoracademie.com\/blog\/wp-content\/uploads\/2026\/04\/comment_reduire_le_stress_au_travail-1024x511.jpg","articleSection":["Formation"],"inLanguage":"fr-FR","potentialAction":[{"@type":"CommentAction","name":"Comment","target":["https:\/\/www.agoracademie.com\/blog\/comment-reduire-le-stress-au-travail\/#respond"]}]},{"@type":"WebPage","@id":"https:\/\/www.agoracademie.com\/blog\/comment-reduire-le-stress-au-travail\/","url":"https:\/\/www.agoracademie.com\/blog\/comment-reduire-le-stress-au-travail\/","name":"Comment r\u00e9duire le stress au travail efficacement\u00a0?","isPartOf":{"@id":"https:\/\/www.agoracademie.com\/blog\/#website"},"primaryImageOfPage":{"@id":"https:\/\/www.agoracademie.com\/blog\/comment-reduire-le-stress-au-travail\/#primaryimage"},"image":{"@id":"https:\/\/www.agoracademie.com\/blog\/comment-reduire-le-stress-au-travail\/#primaryimage"},"thumbnailUrl":"https:\/\/www.agoracademie.com\/blog\/wp-content\/uploads\/2026\/04\/comment_reduire_le_stress_au_travail-1024x511.jpg","datePublished":"2026-04-03T07:35:16+00:00","dateModified":"2026-04-03T07:35:17+00:00","author":{"@id":"https:\/\/www.agoracademie.com\/blog\/#\/schema\/person\/c2f110c50be7dcecc05cb4e87f32537f"},"description":"D\u00e9couvrez comment r\u00e9duire le stress au travail avec des solutions concr\u00e8tes et durables, individuelles et en entreprise.","breadcrumb":{"@id":"https:\/\/www.agoracademie.com\/blog\/comment-reduire-le-stress-au-travail\/#breadcrumb"},"inLanguage":"fr-FR","potentialAction":[{"@type":"ReadAction","target":["https:\/\/www.agoracademie.com\/blog\/comment-reduire-le-stress-au-travail\/"]}]},{"@type":"ImageObject","inLanguage":"fr-FR","@id":"https:\/\/www.agoracademie.com\/blog\/comment-reduire-le-stress-au-travail\/#primaryimage","url":"https:\/\/www.agoracademie.com\/blog\/wp-content\/uploads\/2026\/04\/comment_reduire_le_stress_au_travail.jpg","contentUrl":"https:\/\/www.agoracademie.com\/blog\/wp-content\/uploads\/2026\/04\/comment_reduire_le_stress_au_travail.jpg","width":1079,"height":538},{"@type":"BreadcrumbList","@id":"https:\/\/www.agoracademie.com\/blog\/comment-reduire-le-stress-au-travail\/#breadcrumb","itemListElement":[{"@type":"ListItem","position":1,"name":"Accueil","item":"https:\/\/www.agoracademie.com\/blog\/"},{"@type":"ListItem","position":2,"name":"Comment r\u00e9duire le stress au travail et retrouver s\u00e9r\u00e9nit\u00e9 et performance\u00a0?"}]},{"@type":"WebSite","@id":"https:\/\/www.agoracademie.com\/blog\/#website","url":"https:\/\/www.agoracademie.com\/blog\/","name":"Blog Agoracad\u00e9mie - Centre de formation en ligne et \u00e0 distance","description":"Le blog du d\u00e9veloppement personnel et des th\u00e9rapies","potentialAction":[{"@type":"SearchAction","target":{"@type":"EntryPoint","urlTemplate":"https:\/\/www.agoracademie.com\/blog\/?s={search_term_string}"},"query-input":{"@type":"PropertyValueSpecification","valueRequired":true,"valueName":"search_term_string"}}],"inLanguage":"fr-FR"},{"@type":"Person","@id":"https:\/\/www.agoracademie.com\/blog\/#\/schema\/person\/c2f110c50be7dcecc05cb4e87f32537f","name":"Laurent Bertrel","image":{"@type":"ImageObject","inLanguage":"fr-FR","@id":"https:\/\/secure.gravatar.com\/avatar\/45841390e6db2f4064cc5f84ee39189cf562b1de36eb5b1b7cc82dee445813a4?s=96&r=g","url":"https:\/\/secure.gravatar.com\/avatar\/45841390e6db2f4064cc5f84ee39189cf562b1de36eb5b1b7cc82dee445813a4?s=96&r=g","contentUrl":"https:\/\/secure.gravatar.com\/avatar\/45841390e6db2f4064cc5f84ee39189cf562b1de36eb5b1b7cc82dee445813a4?s=96&r=g","caption":"Laurent Bertrel"},"description":"Laurent Bertrel est le fondateur d'Agoracad\u00e9mie. Titulaire d'une licence en sciences humaines et sociales, d'une ma\u00eetrise et d'un master en psychanalyse, d'un master en \u00e9tudes culturelles parcours \u00e9tudes de genre, du DU connaissances g\u00e9n\u00e9rales de la personne \u00e2g\u00e9e, il est aussi form\u00e9 \u00e0 diff\u00e9rentes approches dont la PNL, la sophrologie, la relaxation, l'hypnose, le coaching, la m\u00e9ditation, les arts martiaux, etc. Auteur de plus de 40 ouvrages, dont 18 livres, il anime plusieurs formations sur Agoracad\u00e9mie et r\u00e9pondra au message que vous allez laisser ci-dessous.","sameAs":["https:\/\/www.agoracademie.com\/"]}]}},"acf":[],"_links":{"self":[{"href":"https:\/\/www.agoracademie.com\/blog\/wp-json\/wp\/v2\/posts\/25422","targetHints":{"allow":["GET"]}}],"collection":[{"href":"https:\/\/www.agoracademie.com\/blog\/wp-json\/wp\/v2\/posts"}],"about":[{"href":"https:\/\/www.agoracademie.com\/blog\/wp-json\/wp\/v2\/types\/post"}],"author":[{"embeddable":true,"href":"https:\/\/www.agoracademie.com\/blog\/wp-json\/wp\/v2\/users\/2"}],"replies":[{"embeddable":true,"href":"https:\/\/www.agoracademie.com\/blog\/wp-json\/wp\/v2\/comments?post=25422"}],"version-history":[{"count":1,"href":"https:\/\/www.agoracademie.com\/blog\/wp-json\/wp\/v2\/posts\/25422\/revisions"}],"predecessor-version":[{"id":25424,"href":"https:\/\/www.agoracademie.com\/blog\/wp-json\/wp\/v2\/posts\/25422\/revisions\/25424"}],"wp:attachment":[{"href":"https:\/\/www.agoracademie.com\/blog\/wp-json\/wp\/v2\/media?parent=25422"}],"wp:term":[{"taxonomy":"category","embeddable":true,"href":"https:\/\/www.agoracademie.com\/blog\/wp-json\/wp\/v2\/categories?post=25422"},{"taxonomy":"post_tag","embeddable":true,"href":"https:\/\/www.agoracademie.com\/blog\/wp-json\/wp\/v2\/tags?post=25422"}],"curies":[{"name":"wp","href":"https:\/\/api.w.org\/{rel}","templated":true}]}}