{"id":25589,"date":"2026-04-23T06:32:00","date_gmt":"2026-04-23T04:32:00","guid":{"rendered":"https:\/\/www.agoracademie.com\/blog\/?p=25589"},"modified":"2026-04-22T10:49:25","modified_gmt":"2026-04-22T08:49:25","slug":"formation-pour-ameliorer-sa-communication","status":"publish","type":"post","link":"https:\/\/www.agoracademie.com\/blog\/formation-pour-ameliorer-sa-communication\/","title":{"rendered":"Formation pour am\u00e9liorer sa communication efficacement"},"content":{"rendered":"<div class=\"wp-block-image\">\n<figure class=\"aligncenter size-large\"><img loading=\"lazy\" decoding=\"async\" width=\"1024\" height=\"511\" src=\"https:\/\/www.agoracademie.com\/blog\/wp-content\/uploads\/2026\/04\/formation_pour_ameliorer_sa_communication-1024x511.jpg\" alt=\"Pourquoi une formation pour am\u00e9liorer sa communication pourrait \u00eatre votre solution ?\" class=\"wp-image-25592\" srcset=\"https:\/\/www.agoracademie.com\/blog\/wp-content\/uploads\/2026\/04\/formation_pour_ameliorer_sa_communication-1024x511.jpg 1024w, https:\/\/www.agoracademie.com\/blog\/wp-content\/uploads\/2026\/04\/formation_pour_ameliorer_sa_communication-300x150.jpg 300w, https:\/\/www.agoracademie.com\/blog\/wp-content\/uploads\/2026\/04\/formation_pour_ameliorer_sa_communication-768x383.jpg 768w, https:\/\/www.agoracademie.com\/blog\/wp-content\/uploads\/2026\/04\/formation_pour_ameliorer_sa_communication.jpg 1079w\" sizes=\"auto, (max-width: 1024px) 100vw, 1024px\" \/><figcaption class=\"wp-element-caption\">Transformer ses \u00e9changes, transformer son quotidien<\/figcaption><\/figure><div id=\"ez-toc-container\" class=\"ez-toc-v2_0_82_2 ez-toc-wrap-center counter-hierarchy ez-toc-counter ez-toc-transparent ez-toc-container-direction\">\n<div class=\"ez-toc-title-container\">\n<p class=\"ez-toc-title\" style=\"cursor:inherit\">Sommaire<\/p>\n<span class=\"ez-toc-title-toggle\"><a href=\"#\" class=\"ez-toc-pull-right ez-toc-btn ez-toc-btn-xs ez-toc-btn-default ez-toc-toggle\" aria-label=\"Toggle Table of Content\"><span class=\"ez-toc-js-icon-con\"><span class=\"\"><span class=\"eztoc-hide\" style=\"display:none;\">Toggle<\/span><span class=\"ez-toc-icon-toggle-span\"><svg style=\"fill: #999;color:#999\" xmlns=\"http:\/\/www.w3.org\/2000\/svg\" class=\"list-377408\" width=\"20px\" height=\"20px\" viewBox=\"0 0 24 24\" fill=\"none\"><path d=\"M6 6H4v2h2V6zm14 0H8v2h12V6zM4 11h2v2H4v-2zm16 0H8v2h12v-2zM4 16h2v2H4v-2zm16 0H8v2h12v-2z\" fill=\"currentColor\"><\/path><\/svg><svg style=\"fill: #999;color:#999\" class=\"arrow-unsorted-368013\" xmlns=\"http:\/\/www.w3.org\/2000\/svg\" width=\"10px\" height=\"10px\" viewBox=\"0 0 24 24\" version=\"1.2\" baseProfile=\"tiny\"><path d=\"M18.2 9.3l-6.2-6.3-6.2 6.3c-.2.2-.3.4-.3.7s.1.5.3.7c.2.2.4.3.7.3h11c.3 0 .5-.1.7-.3.2-.2.3-.5.3-.7s-.1-.5-.3-.7zM5.8 14.7l6.2 6.3 6.2-6.3c.2-.2.3-.5.3-.7s-.1-.5-.3-.7c-.2-.2-.4-.3-.7-.3h-11c-.3 0-.5.1-.7.3-.2.2-.3.5-.3.7s.1.5.3.7z\"\/><\/svg><\/span><\/span><\/span><\/a><\/span><\/div>\n<nav><ul class='ez-toc-list ez-toc-list-level-1 ' ><li class='ez-toc-page-1 ez-toc-heading-level-2'><a class=\"ez-toc-link ez-toc-heading-1\" href=\"https:\/\/www.agoracademie.com\/blog\/formation-pour-ameliorer-sa-communication\/#Une_competence_essentielle_dans_le_monde_du_travail\" >Une comp\u00e9tence essentielle dans le monde du travail<\/a><\/li><li class='ez-toc-page-1 ez-toc-heading-level-2'><a class=\"ez-toc-link ez-toc-heading-2\" href=\"https:\/\/www.agoracademie.com\/blog\/formation-pour-ameliorer-sa-communication\/#Pourquoi_est-il_parfois_difficile_de_bien_communiquer\" >Pourquoi est-il parfois difficile de bien communiquer ?<\/a><\/li><li class='ez-toc-page-1 ez-toc-heading-level-2'><a class=\"ez-toc-link ez-toc-heading-3\" href=\"https:\/\/www.agoracademie.com\/blog\/formation-pour-ameliorer-sa-communication\/#Quand_la_communication_devient_un_probleme\" >Quand la communication devient un probl\u00e8me<\/a><\/li><li class='ez-toc-page-1 ez-toc-heading-level-2'><a class=\"ez-toc-link ez-toc-heading-4\" href=\"https:\/\/www.agoracademie.com\/blog\/formation-pour-ameliorer-sa-communication\/#Une_competence_qui_sapprend\" >Une comp\u00e9tence qui s\u2019apprend<\/a><\/li><li class='ez-toc-page-1 ez-toc-heading-level-2'><a class=\"ez-toc-link ez-toc-heading-5\" href=\"https:\/\/www.agoracademie.com\/blog\/formation-pour-ameliorer-sa-communication\/#Pourquoi_progresser_seul_ne_suffit_pas_toujours\" >Pourquoi progresser seul ne suffit pas toujours<\/a><\/li><li class='ez-toc-page-1 ez-toc-heading-level-2'><a class=\"ez-toc-link ez-toc-heading-6\" href=\"https:\/\/www.agoracademie.com\/blog\/formation-pour-ameliorer-sa-communication\/#Developper_une_communication_efficace_en_contexte_professionnel\" >D\u00e9velopper une communication efficace en contexte professionnel<\/a><\/li><li class='ez-toc-page-1 ez-toc-heading-level-2'><a class=\"ez-toc-link ez-toc-heading-7\" href=\"https:\/\/www.agoracademie.com\/blog\/formation-pour-ameliorer-sa-communication\/#Salarie%C2%B7e%C2%B7s_et_manager%C2%B7euse%C2%B7s_concerne%C2%B7e%C2%B7s\" >Salari\u00e9\u00b7e\u00b7s et manager\u00b7euse\u00b7s concern\u00e9\u00b7e\u00b7s<\/a><\/li><li class='ez-toc-page-1 ez-toc-heading-level-2'><a class=\"ez-toc-link ez-toc-heading-8\" href=\"https:\/\/www.agoracademie.com\/blog\/formation-pour-ameliorer-sa-communication\/#Ce_que_cela_change_au_quotidien\" >Ce que cela change au quotidien<\/a><\/li><li class='ez-toc-page-1 ez-toc-heading-level-2'><a class=\"ez-toc-link ez-toc-heading-9\" href=\"https:\/\/www.agoracademie.com\/blog\/formation-pour-ameliorer-sa-communication\/#Formation_communication_en_entreprise\" >Formation communication en entreprise<\/a><\/li><li class='ez-toc-page-1 ez-toc-heading-level-2'><a class=\"ez-toc-link ez-toc-heading-10\" href=\"https:\/\/www.agoracademie.com\/blog\/formation-pour-ameliorer-sa-communication\/#FAQ_%E2%80%93_Formation_pour_ameliorer_sa_communication\" >FAQ \u2013 Formation pour am\u00e9liorer sa communication<\/a><ul class='ez-toc-list-level-3' ><li class='ez-toc-heading-level-3'><a class=\"ez-toc-link ez-toc-heading-11\" href=\"https:\/\/www.agoracademie.com\/blog\/formation-pour-ameliorer-sa-communication\/#Peut-on_vraiment_ameliorer_sa_communication\" >Peut-on vraiment am\u00e9liorer sa communication ?<\/a><\/li><li class='ez-toc-page-1 ez-toc-heading-level-3'><a class=\"ez-toc-link ez-toc-heading-12\" href=\"https:\/\/www.agoracademie.com\/blog\/formation-pour-ameliorer-sa-communication\/#Est-ce_une_competence_innee_ou_acquise\" >Est-ce une comp\u00e9tence inn\u00e9e ou acquise ?<\/a><\/li><li class='ez-toc-page-1 ez-toc-heading-level-3'><a class=\"ez-toc-link ez-toc-heading-13\" href=\"https:\/\/www.agoracademie.com\/blog\/formation-pour-ameliorer-sa-communication\/#Une_formation_est-elle_utile_sans_contexte_dequipe\" >Une formation est-elle utile sans contexte d\u2019\u00e9quipe ?<\/a><\/li><li class='ez-toc-page-1 ez-toc-heading-level-3'><a class=\"ez-toc-link ez-toc-heading-14\" href=\"https:\/\/www.agoracademie.com\/blog\/formation-pour-ameliorer-sa-communication\/#Combien_de_temps_pour_progresser\" >Combien de temps pour progresser ?<\/a><\/li><li class='ez-toc-page-1 ez-toc-heading-level-3'><a class=\"ez-toc-link ez-toc-heading-15\" href=\"https:\/\/www.agoracademie.com\/blog\/formation-pour-ameliorer-sa-communication\/#Existe-t-il_des_etudes_scientifiques_sur_le_sujet\" >Existe-t-il des \u00e9tudes scientifiques sur le sujet&nbsp;?<\/a><\/li><\/ul><\/li><li class='ez-toc-page-1 ez-toc-heading-level-2'><a class=\"ez-toc-link ez-toc-heading-16\" href=\"https:\/\/www.agoracademie.com\/blog\/formation-pour-ameliorer-sa-communication\/#Pour_resumer\" >Pour r\u00e9sumer<\/a><\/li><\/ul><\/nav><\/div>\n\n<\/div>\n\n\n<div style=\"height:40px\" aria-hidden=\"true\" class=\"wp-block-spacer\"><\/div>\n\n\n\n<p>La <strong>formation pour am\u00e9liorer sa communication<\/strong> est aujourd\u2019hui l\u2019un des leviers les plus puissants pour \u00e9voluer dans le monde personnel comme professionnel.<\/p>\n\n\n\n<!--more-->\n\n\n\n<p>Que ce soit dans les \u00e9changes quotidiens \u00e0 la maison ou au bureau, la gestion des relations ou la coordination d\u2019\u00e9quipe, la communication influence directement la qualit\u00e9 de vie et du travail, le climat relationnel et m\u00eame le niveau de stress.<\/p>\n\n\n\n<p>Contrairement aux id\u00e9es re\u00e7ues, bien communiquer n\u2019est pas un talent inn\u00e9 r\u00e9serv\u00e9 \u00e0 certains profils.<\/p>\n\n\n\n<p>C\u2019est <strong>une comp\u00e9tence qui se construit<\/strong>, s\u2019affine et se d\u00e9veloppe avec des outils adapt\u00e9s et une approche structur\u00e9e.<\/p>\n\n\n\n<p>Dans un environnement personnel parfois difficile, ou professionnel de plus en plus exigeant, am\u00e9liorer sa communication devient non seulement utile\u2026 mais <strong>indispensable<\/strong>.<\/p>\n\n\n\n<h2 class=\"wp-block-heading\"><span class=\"ez-toc-section\" id=\"Une_competence_essentielle_dans_le_monde_du_travail\"><\/span>Une comp\u00e9tence essentielle dans le monde du travail<span class=\"ez-toc-section-end\"><\/span><\/h2>\n\n\n\n<p>Aujourd\u2019hui, la communication est au c\u0153ur de toutes les organisations.<\/p>\n\n\n\n<p>Le travail en \u00e9quipe est devenu la norme.<\/p>\n\n\n\n<p>Les projets impliquent plusieurs acteurs, parfois \u00e0 distance, avec des objectifs communs, mais des modes de fonctionnement diff\u00e9rents.<\/p>\n\n\n\n<p>Les interactions se multiplient :<\/p>\n\n\n\n<ul class=\"wp-block-list\">\n<li>r\u00e9unions,<\/li>\n\n\n\n<li>\u00e9changes informels,<\/li>\n\n\n\n<li>messages \u00e9crits,<\/li>\n\n\n\n<li>visio-conf\u00e9rences, etc.<\/li>\n<\/ul>\n\n\n\n<p>\u00c0 cela s\u2019ajoute la digitalisation des \u00e9changes, qui complexifie encore davantage la communication.<\/p>\n\n\n\n<p>Le non-verbal dispara\u00eet partiellement, les messages peuvent \u00eatre mal interpr\u00e9t\u00e9s, et la rapidit\u00e9 attendue augmente la pression&#8230;<\/p>\n\n\n\n<p>Enfin, les tensions relationnelles sont plus visibles&nbsp;:<\/p>\n\n\n\n<ul class=\"wp-block-list\">\n<li>les d\u00e9saccords,<\/li>\n\n\n\n<li>les incompr\u00e9hensions ou les frustrations s\u2019expriment plus facilement\u2026<\/li>\n\n\n\n<li>mais pas toujours de mani\u00e8re constructive.<\/li>\n<\/ul>\n\n\n\n<p>Dans ce contexte, bien communiquer n\u2019est plus seulement une qualit\u00e9 personnelle, c\u2019est une <strong>comp\u00e9tence professionnelle strat\u00e9gique<\/strong>.<\/p>\n\n\n\n<h2 class=\"wp-block-heading\"><span class=\"ez-toc-section\" id=\"Pourquoi_est-il_parfois_difficile_de_bien_communiquer\"><\/span>Pourquoi est-il parfois difficile de bien communiquer ?<span class=\"ez-toc-section-end\"><\/span><\/h2>\n\n\n\n<p>Si la communication est si importante, pourquoi est-elle souvent source de difficult\u00e9s ?<\/p>\n\n\n\n<p>Parce que plusieurs facteurs entrent en jeu et en voici quelques exemples.<\/p>\n\n\n\n<p><strong>La peur du conflit<\/strong> est l\u2019un des principaux freins.<\/p>\n\n\n\n<p>En effet, beaucoup de personnes \u00e9vitent d\u2019exprimer un d\u00e9saccord ou une \u00e9motion, par crainte de d\u00e9t\u00e9riorer la relation&nbsp;; r\u00e9sultat : les tensions s\u2019accumulent.<\/p>\n\n\n\n<p><strong>Le manque de clart\u00e9<\/strong> est \u00e9galement fr\u00e9quent.<\/p>\n\n\n\n<p>On pense \u00eatre compris, mais le message est flou, incomplet ou mal structur\u00e9, et l\u2019interlocuteur\u00b7trice interpr\u00e8te alors selon ses propres rep\u00e8res.<\/p>\n\n\n\n<p><a href=\"https:\/\/www.agoracademie.com\/blog\/surcharge-mentale\/\"><strong>La surcharge mentale<\/strong><\/a> joue aussi un r\u00f4le important.<\/p>\n\n\n\n<p>Dans un quotidien professionnel dense, il devient difficile de prendre le temps de formuler clairement ses id\u00e9es ou d\u2019\u00e9couter r\u00e9ellement l\u2019autre.<\/p>\n\n\n\n<p><strong>Les \u00e9motions non exprim\u00e9es<\/strong> peuvent aussi perturber les \u00e9changes.<\/p>\n\n\n\n<p>Une frustration ou un stress non identifi\u00e9 peut influencer le ton, le choix des mots ou l\u2019attitude.<\/p>\n\n\n\n<p>Enfin, <strong>les interpr\u00e9tations erron\u00e9es<\/strong> sont omnipr\u00e9sentes, car chacun filtre l\u2019information \u00e0 travers son exp\u00e9rience, ses attentes et ses croyances.<\/p>\n\n\n\n<p>En fait, ces difficult\u00e9s sont normales, puisqu&rsquo;elles font partie du fonctionnement humain, mais elles peuvent \u00eatre travaill\u00e9es.<\/p>\n\n\n\n<h2 class=\"wp-block-heading\"><span class=\"ez-toc-section\" id=\"Quand_la_communication_devient_un_probleme\"><\/span>Quand la communication devient un probl\u00e8me<span class=\"ez-toc-section-end\"><\/span><\/h2>\n\n\n\n<p>Une communication inefficace ne reste <strong>jamais sans cons\u00e9quence<\/strong>.<\/p>\n\n\n\n<p>Les malentendus se multiplient&nbsp;; par exemple, une consigne mal comprise peut entra\u00eener des erreurs, des retards ou des incompr\u00e9hensions en cha\u00eene.<\/p>\n\n\n\n<p>Les tensions apparaissent plus facilement&nbsp;; par exemple, un message mal formul\u00e9 peut \u00eatre per\u00e7u comme une critique ou un reproche.<\/p>\n\n\n\n<p>La perte de temps devient significative, puisqu&rsquo;il faut r\u00e9p\u00e9ter, clarifier, corriger\u2026, ce qui ralentit le travail collectif.<\/p>\n\n\n\n<p>L\u2019efficacit\u00e9 globale diminue, car les \u00e9quipes peinent \u00e0 avancer de mani\u00e8re fluide.<\/p>\n\n\n\n<p>Enfin, le stress relationnel augmente, du fait que les \u00e9changes deviennent sources de fatigue, voire d\u2019\u00e9vitement.<\/p>\n\n\n\n<p>Am\u00e9liorer la communication permet donc non seulement de mieux travailler, mais aussi, et peut-\u00eatre surtout, de pr\u00e9server un climat professionnel plus serein.<\/p>\n\n\n\n<h2 class=\"wp-block-heading\"><span class=\"ez-toc-section\" id=\"Une_competence_qui_sapprend\"><\/span>Une comp\u00e9tence qui s\u2019apprend<span class=\"ez-toc-section-end\"><\/span><\/h2>\n\n\n\n<p>Bonne nouvelle, la communication n\u2019est pas fig\u00e9e.<\/p>\n\n\n\n<p>Elle repose sur des comp\u00e9tences concr\u00e8tes qui peuvent \u00eatre d\u00e9velopp\u00e9es comme :<\/p>\n\n\n\n<ul class=\"wp-block-list\">\n<li>l\u2019\u00e9coute active, pour r\u00e9ellement comprendre son interlocuteur\u00a0;<\/li>\n\n\n\n<li>la clart\u00e9 des messages, pour transmettre une information pr\u00e9cise\u00a0;<\/li>\n\n\n\n<li>la gestion des \u00e9motions, pour \u00e9viter les r\u00e9actions impulsives\u00a0;<\/li>\n\n\n\n<li>l\u2019adaptation \u00e0 l\u2019interlocuteur, pour ajuster son discours&#8230;<\/li>\n<\/ul>\n\n\n\n<p>Ces dimensions ne rel\u00e8vent pas de l\u2019intuition seule.<\/p>\n\n\n\n<p>Elles peuvent \u00eatre structur\u00e9es, entra\u00een\u00e9es et int\u00e9gr\u00e9es progressivement.<\/p>\n\n\n\n<p>C\u2019est pr\u00e9cis\u00e9ment l\u2019objectif d\u2019une formation pour am\u00e9liorer sa communication :<\/p>\n\n\n\n<ul class=\"wp-block-list\">\n<li>proposer un cadre,<\/li>\n\n\n\n<li>des outils<\/li>\n\n\n\n<li>et des mises en situation permettant de progresser efficacement.<\/li>\n<\/ul>\n\n\n\n<h2 class=\"wp-block-heading\"><span class=\"ez-toc-section\" id=\"Pourquoi_progresser_seul_ne_suffit_pas_toujours\"><\/span>Pourquoi progresser seul ne suffit pas toujours<span class=\"ez-toc-section-end\"><\/span><\/h2>\n\n\n\n<p>Il est possible de travailler sa communication de mani\u00e8re individuelle par la lecture (de livres traitant du sujet), par l&rsquo;observation (notamment des bon\u00b7ne\u00b7s communicant\u00b7e\u00b7s), ou bien en testant de nouvelles approches (PNL, communication non-violente, etc.).<\/p>\n\n\n\n<p>Mais cette d\u00e9marche a ses limites.<\/p>\n\n\n\n<p>En effet, la communication ne d\u00e9pend pas uniquement de soi, puisqu&rsquo;elle s\u2019inscrit dans un contexte d\u2019\u00e9quipe, avec ses r\u00e8gles implicites, sa culture et ses habitudes.<\/p>\n\n\n\n<p>D&rsquo;autre part, le stress organisationnel peut \u00e9galement influencer les \u00e9changes, par une charge de travail \u00e9lev\u00e9e ou des objectifs flous rendent la communication plus difficile.<\/p>\n\n\n\n<p>De plus, les dynamiques relationnelles jouent un r\u00f4le important, car certaines tensions ou modes de fonctionnement collectifs ne peuvent pas \u00eatre r\u00e9solus seul.<\/p>\n\n\n\n<p>Enfin, sans feedback ext\u00e9rieur, il est difficile d\u2019identifier pr\u00e9cis\u00e9ment ses axes d\u2019am\u00e9lioration.<\/p>\n\n\n\n<p>C\u2019est pourquoi une approche structur\u00e9e, int\u00e9grant le contexte professionnel, est souvent plus efficace.<\/p>\n\n\n\n<h2 class=\"wp-block-heading\"><span class=\"ez-toc-section\" id=\"Developper_une_communication_efficace_en_contexte_professionnel\"><\/span>D\u00e9velopper une communication efficace en contexte professionnel<span class=\"ez-toc-section-end\"><\/span><\/h2>\n\n\n\n<p>Une formation en communication en entreprise permet d\u2019aller plus loin qu\u2019un simple travail individuel.<\/p>\n\n\n\n<p>Elle prend en compte la r\u00e9alit\u00e9 du terrain :<\/p>\n\n\n\n<ul class=\"wp-block-list\">\n<li>les interactions professionnelles concr\u00e8tes,<\/li>\n\n\n\n<li>les situations complexes (d\u00e9saccords, tensions, n\u00e9gociations),<\/li>\n\n\n\n<li>ou encore les enjeux relationnels sp\u00e9cifiques \u00e0 l\u2019organisation.<\/li>\n<\/ul>\n\n\n\n<p>L\u2019objectif est de d\u00e9velopper une communication interpersonnelle efficace, adapt\u00e9e aux contraintes du monde du travail.<\/p>\n\n\n\n<p>Les participant\u00b7e\u00b7s apprennent alors notamment \u00e0 :<\/p>\n\n\n\n<ul class=\"wp-block-list\">\n<li>structurer leurs messages,<\/li>\n\n\n\n<li>g\u00e9rer les \u00e9changes difficiles,<\/li>\n\n\n\n<li>clarifier les attentes,<\/li>\n\n\n\n<li>favoriser une communication constructive.<\/li>\n<\/ul>\n\n\n\n<p>Cette approche permet une progression plus rapide et surtout plus durable.<\/p>\n\n\n\n<h2 class=\"wp-block-heading\"><span class=\"ez-toc-section\" id=\"Salarie%C2%B7e%C2%B7s_et_manager%C2%B7euse%C2%B7s_concerne%C2%B7e%C2%B7s\"><\/span>Salari\u00e9\u00b7e\u00b7s et manager\u00b7euse\u00b7s concern\u00e9\u00b7e\u00b7s<span class=\"ez-toc-section-end\"><\/span><\/h2>\n\n\n\n<p><a href=\"https:\/\/www.agoracademie.com\/blog\/ameliorer-sa-communication-interpersonnelle\/\">Am\u00e9liorer sa communication interpersonnelle<\/a> ne concerne pas uniquement les managers et les manageuses.<\/p>\n\n\n\n<p>Les salari\u00e9\u00b7e\u00b7s en interaction constante sont \u00e9galement directement impact\u00e9\u00b7e\u00b7s.<\/p>\n\n\n\n<p>Que ce soit avec des coll\u00e8gues, des client\u00b7e\u00b7s ou des partenaires, la qualit\u00e9 des \u00e9changes influence leur quotidien.<\/p>\n\n\n\n<p>Les managers, quant \u00e0 eux, ont un r\u00f4le central, puisque leur communication structure celle de l\u2019\u00e9quipe.<\/p>\n\n\n\n<p>Ils (ou elles) doivent transmettre, recadrer, motiver et r\u00e9guler les tensions.<\/p>\n\n\n\n<p>Les responsables de projet sont tout aussi concern\u00e9\u00b7e\u00b7s, car leur efficacit\u00e9 repose en grande partie sur leur capacit\u00e9 \u00e0 coordonner et \u00e0 aligner les diff\u00e9rent\u00b7e\u00b7s acteur\u00b7trice\u00b7s.<\/p>\n\n\n\n<p>Enfin, toute personne en surcharge relationnelle peut b\u00e9n\u00e9ficier d\u2019un travail sur sa communication.<\/p>\n\n\n\n<h2 class=\"wp-block-heading\"><span class=\"ez-toc-section\" id=\"Ce_que_cela_change_au_quotidien\"><\/span>Ce que cela change au quotidien<span class=\"ez-toc-section-end\"><\/span><\/h2>\n\n\n\n<p>Une large partie des b\u00e9n\u00e9fices d\u2019une meilleure communication sont rapidement visibles&nbsp;:<\/p>\n\n\n\n<ul class=\"wp-block-list\">\n<li>Les relations deviennent plus fluides, c&rsquo;est-\u00e0-dire que les \u00e9changes sont plus simples, plus directs et plus efficaces.<\/li>\n\n\n\n<li>Les tensions diminuent, du fait que les d\u00e9saccords peuvent \u00eatre exprim\u00e9s et trait\u00e9s de mani\u00e8re constructive.<\/li>\n\n\n\n<li>La coop\u00e9ration s\u2019am\u00e9liore et les \u00e9quipes travaillent alors de mani\u00e8re plus coordonn\u00e9e.<\/li>\n\n\n\n<li>Le gain de temps est r\u00e9el, avec moins de malentendus signifiant moins de corrections et de clarifications.<\/li>\n\n\n\n<li>Enfin, le stress relationnel diminue et les interactions deviennent plus apais\u00e9es.<\/li>\n<\/ul>\n\n\n\n<p>Ces changements ont un impact direct sur la <strong>qualit\u00e9 de vie au travail<\/strong> et sur la <strong>performance collective<\/strong>.<\/p>\n\n\n\n<h2 class=\"wp-block-heading\"><span class=\"ez-toc-section\" id=\"Formation_communication_en_entreprise\"><\/span>Formation communication en entreprise<span class=\"ez-toc-section-end\"><\/span><\/h2>\n\n\n\n<p>Pour aller plus loin, <a href=\"https:\/\/www.agoracademie.com\/academie\/formation-a-distance-pnl-communication-ericksonienne\">notre formation en communication<\/a> en entreprise ou <strong>juste pour soi<\/strong> permet de structurer cette mont\u00e9e en comp\u00e9tence.<\/p>\n\n\n\n<p>Elle propose entre autres :<\/p>\n\n\n\n<ul class=\"wp-block-list\">\n<li>une approche compl\u00e8te et progressive,<\/li>\n\n\n\n<li>des outils directement applicables,<\/li>\n\n\n\n<li>des mises en situation proches du r\u00e9el,<\/li>\n\n\n\n<li>un travail sur la prise de parole en public et la gestion du trac, etc.<\/li>\n<\/ul>\n\n\n\n<p>L\u2019objectif n\u2019est pas seulement d\u2019am\u00e9liorer la communication individuelle, mais de transformer les interactions au sein de l\u2019organisation.<\/p>\n\n\n\n<p><strong>D\u00e9couvrez notre formation en communication interpersonnelle\u00a0!<\/strong><\/p>\n\n\n\n<div class=\"wp-block-magic-content-box-content-box aligncenter magic-content-box-16f5cabe-f1c2-4 magic-content-box-contentBox block-wrapper-background content-align-center\"><style>.magic-content-box-16f5cabe-f1c2-4 .magic-content-box-content-wrapper{text-align:center;margin-top:30px;margin-bottom:30px}.magic-content-box-16f5cabe-f1c2-4 .magic-content-box-section-header-wrapper{border-color:#ff201f}.magic-content-box-16f5cabe-f1c2-4 .magic-content-box-mainheader-wrap{box-shadow:0px 6px 12px -10px #000;border-radius:5px;background-color:#fff}.magic-content-box-16f5cabe-f1c2-4 .magic-content-box-section-wrapper{padding-top:30px;padding-right:30px;padding-bottom:30px;padding-left:30px;margin-top:0px;margin-right:0px;margin-bottom:0px;margin-left:0px}.magic-content-box-16f5cabe-f1c2-4 .magic-content-box-section-head-wrap{text-align:center;padding-top:0px;padding-right:0px;padding-bottom:0px;margin-top:0px;margin-bottom:0px;padding-left:0px}.magic-content-box-16f5cabe-f1c2-4 .magic-content-box-section-head-wrap .magic-content-box-title{color:#404040;font-size:32px;font-family:Default;padding-top:5px;padding-bottom:5px}.magic-content-box-16f5cabe-f1c2-4 .magic-content-box-section-head-wrap .magic-content-box-subtitle{color:#6d6d6d;font-size:18px;font-family:Default;padding-top:5px;padding-bottom:5px}.magic-content-box-16f5cabe-f1c2-4 .magic-content-box-title-dash{color:#ff201f}.magic-content-box-16f5cabe-f1c2-4 .magic-content-box-block-button span{color:#fff;border-width:1px;font-size:16px;font-family:Default}.magic-content-box-16f5cabe-f1c2-4 .magic-content-box-block-button .magic-content-box-button{background-color:#ff201f}.magic-content-box-16f5cabe-f1c2-4 .magic-content-box-block-button i{color:#fff;font-size:13px}.magic-content-box-16f5cabe-f1c2-4 .magic-content-box-block-button{margin-top:10px;margin-bottom:10px}.magic-content-box-16f5cabe-f1c2-4 .magic-content-box-button{padding-top:5px;padding-right:15px;padding-bottom:5px;padding-left:15px}@media screen and (max-width:1025px){.magic-content-box-16f5cabe-f1c2-4 .magic-content-box-section-head-wrap .magic-content-box-title{font-size:undefinedpx}.magic-content-box-16f5cabe-f1c2-4 .magic-content-box-section-head-wrap .magic-content-box-subtitle{font-size:undefinedpx}.magic-content-box-16f5cabe-f1c2-4 .magic-content-box-block-button span{font-size:undefinedpx}.magic-content-box-16f5cabe-f1c2-4 .magic-content-box-block-button i{font-size:px}}@media screen and (max-width:767px){.magic-content-box-16f5cabe-f1c2-4 .magic-content-box-section-head-wrap .magic-content-box-title{font-size:undefinedpx}.magic-content-box-16f5cabe-f1c2-4 .magic-content-box-section-head-wrap .magic-content-box-subtitle{font-size:undefinedpx}.magic-content-box-16f5cabe-f1c2-4 .magic-content-box-block-button span{font-size:undefinedpx}.magic-content-box-16f5cabe-f1c2-4 .magic-content-box-block-button i{font-size:px}}<\/style><div class=\"content-wrapper-inner\"><div class=\"magic-content-box-content-wrapper magic-content-box-blocks has-background style-1\"><div class=\"content-img-wrap\"><img decoding=\"async\" src=\"https:\/\/www.agoracademie.com\/blog\/wp-content\/uploads\/2018\/08\/Technique-PNL-la-communication-non-verbale.jpg\" alt=\"Formation en communication interpersonnelle pour soi ou pour les collaborateurs de votre entreprise\" class=\"\"\/><\/div><div class=\"magic-content-box-section-wrapper magic-content-box-mainheader-wrap\"><div class=\"magic-content-box-section-header-wrapper magic-content-box-blocks\"><div class=\"magic-content-box-section-head-wrap magic-content-box-style1 magic-content-box-center\"><div class=\"magic-content-box-title-wrapper\"><span class=\"magic-content-box-title-dash magic-content-box-upper-dash\"><\/span><h4 class=\"magic-content-box-title\">Formation pour am\u00e9liorer sa communication<\/h4><span class=\"magic-content-box-title-dash magic-content-box-lower-dash\"><\/span><\/div><div class=\"magic-content-box-subtitle-wrapper\"><span class=\"magic-content-box-title-dash magic-content-box-upper-dash\"><\/span><p class=\"magic-content-box-subtitle\">100 % en ligne &amp; \u00e0 distance : pour soi ou pour les collaborateur\u00b7trice\u00b7s de votre entreprise<\/p><span class=\"magic-content-box-title-dash magic-content-box-lower-dash\"><\/span><\/div><\/div><\/div><div class=\"magic-content-box-desc-btn-wrap\"><div class=\"magic-content-box-block-button\"><a href=\"https:\/\/www.agoracademie.com\/academie\/formation-a-distance-pnl-communication-ericksonienne\" class=\"magic-content-box-button magic-content-box-button-shape-rounded magic-content-box-button-size-small hover-style-1 btn-icon-left\"><span>PROGRAMME EN LIGNE<\/span><\/a><\/div><\/div><\/div><\/div><\/div><\/div>\n\n\n\n<h2 class=\"wp-block-heading\"><span class=\"ez-toc-section\" id=\"FAQ_%E2%80%93_Formation_pour_ameliorer_sa_communication\"><\/span>FAQ \u2013 Formation pour am\u00e9liorer sa communication<span class=\"ez-toc-section-end\"><\/span><\/h2>\n\n\n\n<h3 class=\"wp-block-heading\"><span class=\"ez-toc-section\" id=\"Peut-on_vraiment_ameliorer_sa_communication\"><\/span><strong>Peut-on vraiment am\u00e9liorer sa communication ?<\/strong><span class=\"ez-toc-section-end\"><\/span><\/h3>\n\n\n\n<p>Oui, la communication repose sur des comp\u00e9tences qui peuvent \u00eatre d\u00e9velopp\u00e9es avec des outils adapt\u00e9s et de la pratique.<\/p>\n\n\n\n<h3 class=\"wp-block-heading\"><span class=\"ez-toc-section\" id=\"Est-ce_une_competence_innee_ou_acquise\"><\/span><strong>Est-ce une comp\u00e9tence inn\u00e9e ou acquise ?<\/strong><span class=\"ez-toc-section-end\"><\/span><\/h3>\n\n\n\n<p>Certaines facilit\u00e9s peuvent exister, mais l\u2019essentiel de la communication s\u2019apprend et se travaille.<\/p>\n\n\n\n<h3 class=\"wp-block-heading\"><span class=\"ez-toc-section\" id=\"Une_formation_est-elle_utile_sans_contexte_dequipe\"><\/span><strong>Une formation est-elle utile sans contexte d\u2019\u00e9quipe ?<\/strong><span class=\"ez-toc-section-end\"><\/span><\/h3>\n\n\n\n<p>Elle peut apporter des bases solides, mais son efficacit\u00e9 est renforc\u00e9e lorsqu\u2019elle prend en compte un contexte professionnel r\u00e9el.<\/p>\n\n\n\n<h3 class=\"wp-block-heading\"><span class=\"ez-toc-section\" id=\"Combien_de_temps_pour_progresser\"><\/span><strong>Combien de temps pour progresser ?<\/strong><span class=\"ez-toc-section-end\"><\/span><\/h3>\n\n\n\n<p>Les premiers r\u00e9sultats peuvent appara\u00eetre rapidement, mais une am\u00e9lioration durable n\u00e9cessite un entra\u00eenement r\u00e9gulier.<\/p>\n\n\n\n<h3 class=\"wp-block-heading\"><span class=\"ez-toc-section\" id=\"Existe-t-il_des_etudes_scientifiques_sur_le_sujet\"><\/span>Existe-t-il des \u00e9tudes scientifiques sur le sujet&nbsp;?<span class=\"ez-toc-section-end\"><\/span><\/h3>\n\n\n\n<p>Les \u00e9tudes scientifiques sur l&rsquo;importance de l&rsquo;am\u00e9lioration de la communication interpersonnelle sont nombreuses et vous pouvez d\u00e9j\u00e0 d\u00e9couvrir celle-ci r\u00e9alis\u00e9e en 2026 par l&rsquo;universit\u00e9 Buana Perjuangan Karawang : <a href=\"https:\/\/www.researchgate.net\/publication\/390872385_Interpersonal_Communication_and_Work-Life_Balance_Key_Drivers_of_Contract_Employee_Performance\" target=\"_blank\" rel=\"noreferrer noopener\">Communication interpersonnelle et \u00e9quilibre travail-vie personnelle<\/a> (<em>Interpersonal Communication and Work-Life Balance: Key Drivers of Contract Employee Performance<\/em>).<\/p>\n\n\n\n<h2 class=\"wp-block-heading\"><span class=\"ez-toc-section\" id=\"Pour_resumer\"><\/span>Pour r\u00e9sumer<span class=\"ez-toc-section-end\"><\/span><\/h2>\n\n\n\n<p>La communication est une comp\u00e9tence cl\u00e9 dans la vie de tous les jours et dans le monde professionnel actuel.<\/p>\n\n\n\n<p>Elle influence la qualit\u00e9 des relations, l\u2019efficacit\u00e9 du travail et le niveau de stress.<\/p>\n\n\n\n<p>Si elle peut \u00eatre am\u00e9lior\u00e9e individuellement, une approche structur\u00e9e permet d\u2019acc\u00e9l\u00e9rer les progr\u00e8s et de les ancrer durablement.<\/p>\n\n\n\n<p>Une formation pour am\u00e9liorer sa communication constitue ainsi un v\u00e9ritable levier de transformation, \u00e0 la fois pour les individus et pour les \u00e9quipes.<\/p>\n","protected":false},"excerpt":{"rendered":"<p>La formation pour am\u00e9liorer sa communication est aujourd\u2019hui l\u2019un des leviers les plus puissants pour \u00e9voluer dans le monde personnel comme professionnel.<\/p>\n","protected":false},"author":2,"featured_media":0,"comment_status":"open","ping_status":"closed","sticky":false,"template":"","format":"standard","meta":{"_bbp_topic_count":0,"_bbp_reply_count":0,"_bbp_total_topic_count":0,"_bbp_total_reply_count":0,"_bbp_voice_count":0,"_bbp_anonymous_reply_count":0,"_bbp_topic_count_hidden":0,"_bbp_reply_count_hidden":0,"_bbp_forum_subforum_count":0,"footnotes":""},"categories":[6],"tags":[],"class_list":["post-25589","post","type-post","status-publish","format-standard","hentry","category-formation-en-developpement-personnel"],"yoast_head":"<!-- This site is optimized with the Yoast SEO plugin v27.4 - https:\/\/yoast.com\/product\/yoast-seo-wordpress\/ -->\n<title>Formation pour am\u00e9liorer sa communication efficacement<\/title>\n<meta name=\"description\" content=\"Formation pour am\u00e9liorer sa communication : gagnez en clart\u00e9 et fluidit\u00e9, au travail comme dans votre vie personnelle.\" \/>\n<meta name=\"robots\" content=\"index, follow, max-snippet:-1, max-image-preview:large, max-video-preview:-1\" \/>\n<link rel=\"canonical\" href=\"https:\/\/www.agoracademie.com\/blog\/formation-pour-ameliorer-sa-communication\/\" \/>\n<meta property=\"og:locale\" content=\"fr_FR\" \/>\n<meta property=\"og:type\" content=\"article\" \/>\n<meta property=\"og:title\" content=\"Formation pour am\u00e9liorer sa communication efficacement\" \/>\n<meta property=\"og:description\" content=\"Formation pour am\u00e9liorer sa communication : gagnez en clart\u00e9 et fluidit\u00e9, au travail comme dans votre vie personnelle.\" \/>\n<meta property=\"og:url\" content=\"https:\/\/www.agoracademie.com\/blog\/formation-pour-ameliorer-sa-communication\/\" \/>\n<meta property=\"og:site_name\" content=\"Agoracad\u00e9mie\" \/>\n<meta property=\"article:published_time\" content=\"2026-04-23T04:32:00+00:00\" \/>\n<meta property=\"og:image\" content=\"https:\/\/www.agoracademie.com\/blog\/wp-content\/uploads\/2026\/04\/formation_pour_ameliorer_sa_communication.jpg\" \/>\n\t<meta property=\"og:image:width\" content=\"1079\" \/>\n\t<meta property=\"og:image:height\" content=\"538\" \/>\n\t<meta property=\"og:image:type\" content=\"image\/jpeg\" \/>\n<meta name=\"author\" content=\"Laurent Bertrel\" \/>\n<meta name=\"twitter:label1\" content=\"\u00c9crit par\" \/>\n\t<meta name=\"twitter:data1\" content=\"Laurent Bertrel\" \/>\n\t<meta name=\"twitter:label2\" content=\"Dur\u00e9e de lecture estim\u00e9e\" \/>\n\t<meta name=\"twitter:data2\" content=\"8 minutes\" \/>\n<script type=\"application\/ld+json\" class=\"yoast-schema-graph\">{\"@context\":\"https:\\\/\\\/schema.org\",\"@graph\":[{\"@type\":\"Article\",\"@id\":\"https:\\\/\\\/www.agoracademie.com\\\/blog\\\/formation-pour-ameliorer-sa-communication\\\/#article\",\"isPartOf\":{\"@id\":\"https:\\\/\\\/www.agoracademie.com\\\/blog\\\/formation-pour-ameliorer-sa-communication\\\/\"},\"author\":{\"name\":\"Laurent Bertrel\",\"@id\":\"https:\\\/\\\/www.agoracademie.com\\\/blog\\\/#\\\/schema\\\/person\\\/c2f110c50be7dcecc05cb4e87f32537f\"},\"headline\":\"Formation pour am\u00e9liorer sa communication efficacement\",\"datePublished\":\"2026-04-23T04:32:00+00:00\",\"mainEntityOfPage\":{\"@id\":\"https:\\\/\\\/www.agoracademie.com\\\/blog\\\/formation-pour-ameliorer-sa-communication\\\/\"},\"wordCount\":1666,\"commentCount\":0,\"image\":{\"@id\":\"https:\\\/\\\/www.agoracademie.com\\\/blog\\\/formation-pour-ameliorer-sa-communication\\\/#primaryimage\"},\"thumbnailUrl\":\"https:\\\/\\\/www.agoracademie.com\\\/blog\\\/wp-content\\\/uploads\\\/2026\\\/04\\\/formation_pour_ameliorer_sa_communication-1024x511.jpg\",\"articleSection\":[\"Formation\"],\"inLanguage\":\"fr-FR\",\"potentialAction\":[{\"@type\":\"CommentAction\",\"name\":\"Comment\",\"target\":[\"https:\\\/\\\/www.agoracademie.com\\\/blog\\\/formation-pour-ameliorer-sa-communication\\\/#respond\"]}]},{\"@type\":\"WebPage\",\"@id\":\"https:\\\/\\\/www.agoracademie.com\\\/blog\\\/formation-pour-ameliorer-sa-communication\\\/\",\"url\":\"https:\\\/\\\/www.agoracademie.com\\\/blog\\\/formation-pour-ameliorer-sa-communication\\\/\",\"name\":\"Formation pour am\u00e9liorer sa communication efficacement\",\"isPartOf\":{\"@id\":\"https:\\\/\\\/www.agoracademie.com\\\/blog\\\/#website\"},\"primaryImageOfPage\":{\"@id\":\"https:\\\/\\\/www.agoracademie.com\\\/blog\\\/formation-pour-ameliorer-sa-communication\\\/#primaryimage\"},\"image\":{\"@id\":\"https:\\\/\\\/www.agoracademie.com\\\/blog\\\/formation-pour-ameliorer-sa-communication\\\/#primaryimage\"},\"thumbnailUrl\":\"https:\\\/\\\/www.agoracademie.com\\\/blog\\\/wp-content\\\/uploads\\\/2026\\\/04\\\/formation_pour_ameliorer_sa_communication-1024x511.jpg\",\"datePublished\":\"2026-04-23T04:32:00+00:00\",\"author\":{\"@id\":\"https:\\\/\\\/www.agoracademie.com\\\/blog\\\/#\\\/schema\\\/person\\\/c2f110c50be7dcecc05cb4e87f32537f\"},\"description\":\"Formation pour am\u00e9liorer sa communication : gagnez en clart\u00e9 et fluidit\u00e9, au travail comme dans votre vie personnelle.\",\"breadcrumb\":{\"@id\":\"https:\\\/\\\/www.agoracademie.com\\\/blog\\\/formation-pour-ameliorer-sa-communication\\\/#breadcrumb\"},\"inLanguage\":\"fr-FR\",\"potentialAction\":[{\"@type\":\"ReadAction\",\"target\":[\"https:\\\/\\\/www.agoracademie.com\\\/blog\\\/formation-pour-ameliorer-sa-communication\\\/\"]}]},{\"@type\":\"ImageObject\",\"inLanguage\":\"fr-FR\",\"@id\":\"https:\\\/\\\/www.agoracademie.com\\\/blog\\\/formation-pour-ameliorer-sa-communication\\\/#primaryimage\",\"url\":\"https:\\\/\\\/www.agoracademie.com\\\/blog\\\/wp-content\\\/uploads\\\/2026\\\/04\\\/formation_pour_ameliorer_sa_communication.jpg\",\"contentUrl\":\"https:\\\/\\\/www.agoracademie.com\\\/blog\\\/wp-content\\\/uploads\\\/2026\\\/04\\\/formation_pour_ameliorer_sa_communication.jpg\",\"width\":1079,\"height\":538},{\"@type\":\"BreadcrumbList\",\"@id\":\"https:\\\/\\\/www.agoracademie.com\\\/blog\\\/formation-pour-ameliorer-sa-communication\\\/#breadcrumb\",\"itemListElement\":[{\"@type\":\"ListItem\",\"position\":1,\"name\":\"Accueil\",\"item\":\"https:\\\/\\\/www.agoracademie.com\\\/blog\\\/\"},{\"@type\":\"ListItem\",\"position\":2,\"name\":\"Formation pour am\u00e9liorer sa communication efficacement\"}]},{\"@type\":\"WebSite\",\"@id\":\"https:\\\/\\\/www.agoracademie.com\\\/blog\\\/#website\",\"url\":\"https:\\\/\\\/www.agoracademie.com\\\/blog\\\/\",\"name\":\"Blog Agoracad\u00e9mie - Centre de formation en ligne et \u00e0 distance\",\"description\":\"Le blog du d\u00e9veloppement personnel et des th\u00e9rapies\",\"potentialAction\":[{\"@type\":\"SearchAction\",\"target\":{\"@type\":\"EntryPoint\",\"urlTemplate\":\"https:\\\/\\\/www.agoracademie.com\\\/blog\\\/?s={search_term_string}\"},\"query-input\":{\"@type\":\"PropertyValueSpecification\",\"valueRequired\":true,\"valueName\":\"search_term_string\"}}],\"inLanguage\":\"fr-FR\"},{\"@type\":\"Person\",\"@id\":\"https:\\\/\\\/www.agoracademie.com\\\/blog\\\/#\\\/schema\\\/person\\\/c2f110c50be7dcecc05cb4e87f32537f\",\"name\":\"Laurent Bertrel\",\"image\":{\"@type\":\"ImageObject\",\"inLanguage\":\"fr-FR\",\"@id\":\"https:\\\/\\\/secure.gravatar.com\\\/avatar\\\/45841390e6db2f4064cc5f84ee39189cf562b1de36eb5b1b7cc82dee445813a4?s=96&r=g\",\"url\":\"https:\\\/\\\/secure.gravatar.com\\\/avatar\\\/45841390e6db2f4064cc5f84ee39189cf562b1de36eb5b1b7cc82dee445813a4?s=96&r=g\",\"contentUrl\":\"https:\\\/\\\/secure.gravatar.com\\\/avatar\\\/45841390e6db2f4064cc5f84ee39189cf562b1de36eb5b1b7cc82dee445813a4?s=96&r=g\",\"caption\":\"Laurent Bertrel\"},\"description\":\"Laurent Bertrel est le fondateur d'Agoracad\u00e9mie. Titulaire d'une licence en sciences humaines et sociales, d'une ma\u00eetrise et d'un master en psychanalyse, d'un master en \u00e9tudes culturelles parcours \u00e9tudes de genre, du DU connaissances g\u00e9n\u00e9rales de la personne \u00e2g\u00e9e, il est aussi form\u00e9 \u00e0 diff\u00e9rentes approches dont la PNL, la sophrologie, la relaxation, l'hypnose, le coaching, la m\u00e9ditation, les arts martiaux, etc. Auteur de plus de 40 ouvrages, dont 18 livres, il anime plusieurs formations sur Agoracad\u00e9mie et r\u00e9pondra au message que vous allez laisser ci-dessous.\",\"sameAs\":[\"https:\\\/\\\/www.agoracademie.com\\\/\"]}]}<\/script>\n<!-- \/ Yoast SEO plugin. -->","yoast_head_json":{"title":"Formation pour am\u00e9liorer sa communication efficacement","description":"Formation pour am\u00e9liorer sa communication : gagnez en clart\u00e9 et fluidit\u00e9, au travail comme dans votre vie personnelle.","robots":{"index":"index","follow":"follow","max-snippet":"max-snippet:-1","max-image-preview":"max-image-preview:large","max-video-preview":"max-video-preview:-1"},"canonical":"https:\/\/www.agoracademie.com\/blog\/formation-pour-ameliorer-sa-communication\/","og_locale":"fr_FR","og_type":"article","og_title":"Formation pour am\u00e9liorer sa communication efficacement","og_description":"Formation pour am\u00e9liorer sa communication : gagnez en clart\u00e9 et fluidit\u00e9, au travail comme dans votre vie personnelle.","og_url":"https:\/\/www.agoracademie.com\/blog\/formation-pour-ameliorer-sa-communication\/","og_site_name":"Agoracad\u00e9mie","article_published_time":"2026-04-23T04:32:00+00:00","og_image":[{"width":1079,"height":538,"url":"https:\/\/www.agoracademie.com\/blog\/wp-content\/uploads\/2026\/04\/formation_pour_ameliorer_sa_communication.jpg","type":"image\/jpeg"}],"author":"Laurent Bertrel","twitter_misc":{"\u00c9crit par":"Laurent Bertrel","Dur\u00e9e de lecture estim\u00e9e":"8 minutes"},"schema":{"@context":"https:\/\/schema.org","@graph":[{"@type":"Article","@id":"https:\/\/www.agoracademie.com\/blog\/formation-pour-ameliorer-sa-communication\/#article","isPartOf":{"@id":"https:\/\/www.agoracademie.com\/blog\/formation-pour-ameliorer-sa-communication\/"},"author":{"name":"Laurent Bertrel","@id":"https:\/\/www.agoracademie.com\/blog\/#\/schema\/person\/c2f110c50be7dcecc05cb4e87f32537f"},"headline":"Formation pour am\u00e9liorer sa communication efficacement","datePublished":"2026-04-23T04:32:00+00:00","mainEntityOfPage":{"@id":"https:\/\/www.agoracademie.com\/blog\/formation-pour-ameliorer-sa-communication\/"},"wordCount":1666,"commentCount":0,"image":{"@id":"https:\/\/www.agoracademie.com\/blog\/formation-pour-ameliorer-sa-communication\/#primaryimage"},"thumbnailUrl":"https:\/\/www.agoracademie.com\/blog\/wp-content\/uploads\/2026\/04\/formation_pour_ameliorer_sa_communication-1024x511.jpg","articleSection":["Formation"],"inLanguage":"fr-FR","potentialAction":[{"@type":"CommentAction","name":"Comment","target":["https:\/\/www.agoracademie.com\/blog\/formation-pour-ameliorer-sa-communication\/#respond"]}]},{"@type":"WebPage","@id":"https:\/\/www.agoracademie.com\/blog\/formation-pour-ameliorer-sa-communication\/","url":"https:\/\/www.agoracademie.com\/blog\/formation-pour-ameliorer-sa-communication\/","name":"Formation pour am\u00e9liorer sa communication efficacement","isPartOf":{"@id":"https:\/\/www.agoracademie.com\/blog\/#website"},"primaryImageOfPage":{"@id":"https:\/\/www.agoracademie.com\/blog\/formation-pour-ameliorer-sa-communication\/#primaryimage"},"image":{"@id":"https:\/\/www.agoracademie.com\/blog\/formation-pour-ameliorer-sa-communication\/#primaryimage"},"thumbnailUrl":"https:\/\/www.agoracademie.com\/blog\/wp-content\/uploads\/2026\/04\/formation_pour_ameliorer_sa_communication-1024x511.jpg","datePublished":"2026-04-23T04:32:00+00:00","author":{"@id":"https:\/\/www.agoracademie.com\/blog\/#\/schema\/person\/c2f110c50be7dcecc05cb4e87f32537f"},"description":"Formation pour am\u00e9liorer sa communication : gagnez en clart\u00e9 et fluidit\u00e9, au travail comme dans votre vie personnelle.","breadcrumb":{"@id":"https:\/\/www.agoracademie.com\/blog\/formation-pour-ameliorer-sa-communication\/#breadcrumb"},"inLanguage":"fr-FR","potentialAction":[{"@type":"ReadAction","target":["https:\/\/www.agoracademie.com\/blog\/formation-pour-ameliorer-sa-communication\/"]}]},{"@type":"ImageObject","inLanguage":"fr-FR","@id":"https:\/\/www.agoracademie.com\/blog\/formation-pour-ameliorer-sa-communication\/#primaryimage","url":"https:\/\/www.agoracademie.com\/blog\/wp-content\/uploads\/2026\/04\/formation_pour_ameliorer_sa_communication.jpg","contentUrl":"https:\/\/www.agoracademie.com\/blog\/wp-content\/uploads\/2026\/04\/formation_pour_ameliorer_sa_communication.jpg","width":1079,"height":538},{"@type":"BreadcrumbList","@id":"https:\/\/www.agoracademie.com\/blog\/formation-pour-ameliorer-sa-communication\/#breadcrumb","itemListElement":[{"@type":"ListItem","position":1,"name":"Accueil","item":"https:\/\/www.agoracademie.com\/blog\/"},{"@type":"ListItem","position":2,"name":"Formation pour am\u00e9liorer sa communication efficacement"}]},{"@type":"WebSite","@id":"https:\/\/www.agoracademie.com\/blog\/#website","url":"https:\/\/www.agoracademie.com\/blog\/","name":"Blog Agoracad\u00e9mie - Centre de formation en ligne et \u00e0 distance","description":"Le blog du d\u00e9veloppement personnel et des th\u00e9rapies","potentialAction":[{"@type":"SearchAction","target":{"@type":"EntryPoint","urlTemplate":"https:\/\/www.agoracademie.com\/blog\/?s={search_term_string}"},"query-input":{"@type":"PropertyValueSpecification","valueRequired":true,"valueName":"search_term_string"}}],"inLanguage":"fr-FR"},{"@type":"Person","@id":"https:\/\/www.agoracademie.com\/blog\/#\/schema\/person\/c2f110c50be7dcecc05cb4e87f32537f","name":"Laurent Bertrel","image":{"@type":"ImageObject","inLanguage":"fr-FR","@id":"https:\/\/secure.gravatar.com\/avatar\/45841390e6db2f4064cc5f84ee39189cf562b1de36eb5b1b7cc82dee445813a4?s=96&r=g","url":"https:\/\/secure.gravatar.com\/avatar\/45841390e6db2f4064cc5f84ee39189cf562b1de36eb5b1b7cc82dee445813a4?s=96&r=g","contentUrl":"https:\/\/secure.gravatar.com\/avatar\/45841390e6db2f4064cc5f84ee39189cf562b1de36eb5b1b7cc82dee445813a4?s=96&r=g","caption":"Laurent Bertrel"},"description":"Laurent Bertrel est le fondateur d'Agoracad\u00e9mie. Titulaire d'une licence en sciences humaines et sociales, d'une ma\u00eetrise et d'un master en psychanalyse, d'un master en \u00e9tudes culturelles parcours \u00e9tudes de genre, du DU connaissances g\u00e9n\u00e9rales de la personne \u00e2g\u00e9e, il est aussi form\u00e9 \u00e0 diff\u00e9rentes approches dont la PNL, la sophrologie, la relaxation, l'hypnose, le coaching, la m\u00e9ditation, les arts martiaux, etc. Auteur de plus de 40 ouvrages, dont 18 livres, il anime plusieurs formations sur Agoracad\u00e9mie et r\u00e9pondra au message que vous allez laisser ci-dessous.","sameAs":["https:\/\/www.agoracademie.com\/"]}]}},"acf":[],"_links":{"self":[{"href":"https:\/\/www.agoracademie.com\/blog\/wp-json\/wp\/v2\/posts\/25589","targetHints":{"allow":["GET"]}}],"collection":[{"href":"https:\/\/www.agoracademie.com\/blog\/wp-json\/wp\/v2\/posts"}],"about":[{"href":"https:\/\/www.agoracademie.com\/blog\/wp-json\/wp\/v2\/types\/post"}],"author":[{"embeddable":true,"href":"https:\/\/www.agoracademie.com\/blog\/wp-json\/wp\/v2\/users\/2"}],"replies":[{"embeddable":true,"href":"https:\/\/www.agoracademie.com\/blog\/wp-json\/wp\/v2\/comments?post=25589"}],"version-history":[{"count":2,"href":"https:\/\/www.agoracademie.com\/blog\/wp-json\/wp\/v2\/posts\/25589\/revisions"}],"predecessor-version":[{"id":25593,"href":"https:\/\/www.agoracademie.com\/blog\/wp-json\/wp\/v2\/posts\/25589\/revisions\/25593"}],"wp:attachment":[{"href":"https:\/\/www.agoracademie.com\/blog\/wp-json\/wp\/v2\/media?parent=25589"}],"wp:term":[{"taxonomy":"category","embeddable":true,"href":"https:\/\/www.agoracademie.com\/blog\/wp-json\/wp\/v2\/categories?post=25589"},{"taxonomy":"post_tag","embeddable":true,"href":"https:\/\/www.agoracademie.com\/blog\/wp-json\/wp\/v2\/tags?post=25589"}],"curies":[{"name":"wp","href":"https:\/\/api.w.org\/{rel}","templated":true}]}}