{"id":25594,"date":"2026-04-24T06:22:00","date_gmt":"2026-04-24T04:22:00","guid":{"rendered":"https:\/\/www.agoracademie.com\/blog\/?p=25594"},"modified":"2026-04-23T09:31:39","modified_gmt":"2026-04-23T07:31:39","slug":"stress-social","status":"publish","type":"post","link":"https:\/\/www.agoracademie.com\/blog\/stress-social\/","title":{"rendered":"Stress et normes sociales : pourquoi nous nous auto-stressons"},"content":{"rendered":"<div class=\"wp-block-image\">\n<figure class=\"aligncenter size-large\"><img loading=\"lazy\" decoding=\"async\" width=\"1024\" height=\"511\" src=\"https:\/\/www.agoracademie.com\/blog\/wp-content\/uploads\/2026\/04\/stress_social-1024x511.jpg\" alt=\"L'influence du stress social sur votre vie a un co\u00fbt qu'il est n\u00e9cessaire de d\u00e9couvrir pour \u00e9viter les pertes inutiles d'\u00e9nergie\" class=\"wp-image-25595\" srcset=\"https:\/\/www.agoracademie.com\/blog\/wp-content\/uploads\/2026\/04\/stress_social-1024x511.jpg 1024w, https:\/\/www.agoracademie.com\/blog\/wp-content\/uploads\/2026\/04\/stress_social-300x150.jpg 300w, https:\/\/www.agoracademie.com\/blog\/wp-content\/uploads\/2026\/04\/stress_social-768x383.jpg 768w, https:\/\/www.agoracademie.com\/blog\/wp-content\/uploads\/2026\/04\/stress_social.jpg 1079w\" sizes=\"auto, (max-width: 1024px) 100vw, 1024px\" \/><figcaption class=\"wp-element-caption\">Le stress n\u2019est pas qu\u2019une r\u00e9action, c\u2019est aussi une construction sociale<\/figcaption><\/figure><div id=\"ez-toc-container\" class=\"ez-toc-v2_0_82_2 ez-toc-wrap-center counter-hierarchy ez-toc-counter ez-toc-transparent ez-toc-container-direction\">\n<div class=\"ez-toc-title-container\">\n<p class=\"ez-toc-title\" style=\"cursor:inherit\">Sommaire<\/p>\n<span class=\"ez-toc-title-toggle\"><a href=\"#\" class=\"ez-toc-pull-right ez-toc-btn ez-toc-btn-xs ez-toc-btn-default ez-toc-toggle\" aria-label=\"Toggle Table of Content\"><span class=\"ez-toc-js-icon-con\"><span class=\"\"><span class=\"eztoc-hide\" style=\"display:none;\">Toggle<\/span><span class=\"ez-toc-icon-toggle-span\"><svg style=\"fill: #999;color:#999\" xmlns=\"http:\/\/www.w3.org\/2000\/svg\" class=\"list-377408\" width=\"20px\" height=\"20px\" viewBox=\"0 0 24 24\" fill=\"none\"><path d=\"M6 6H4v2h2V6zm14 0H8v2h12V6zM4 11h2v2H4v-2zm16 0H8v2h12v-2zM4 16h2v2H4v-2zm16 0H8v2h12v-2z\" fill=\"currentColor\"><\/path><\/svg><svg style=\"fill: #999;color:#999\" class=\"arrow-unsorted-368013\" xmlns=\"http:\/\/www.w3.org\/2000\/svg\" width=\"10px\" height=\"10px\" viewBox=\"0 0 24 24\" version=\"1.2\" baseProfile=\"tiny\"><path d=\"M18.2 9.3l-6.2-6.3-6.2 6.3c-.2.2-.3.4-.3.7s.1.5.3.7c.2.2.4.3.7.3h11c.3 0 .5-.1.7-.3.2-.2.3-.5.3-.7s-.1-.5-.3-.7zM5.8 14.7l6.2 6.3 6.2-6.3c.2-.2.3-.5.3-.7s-.1-.5-.3-.7c-.2-.2-.4-.3-.7-.3h-11c-.3 0-.5.1-.7.3-.2.2-.3.5-.3.7s.1.5.3.7z\"\/><\/svg><\/span><\/span><\/span><\/a><\/span><\/div>\n<nav><ul class='ez-toc-list ez-toc-list-level-1 ' ><li class='ez-toc-page-1 ez-toc-heading-level-2'><a class=\"ez-toc-link ez-toc-heading-1\" href=\"https:\/\/www.agoracademie.com\/blog\/stress-social\/#Introduction_quand_le_stress_ne_vient_pas_seulement_de_%C2%AB_la_situation_%C2%BB\" >Introduction&nbsp;: quand le stress ne vient pas seulement de \u00ab&nbsp;la situation&nbsp;\u00bb<\/a><\/li><li class='ez-toc-page-1 ez-toc-heading-level-2'><a class=\"ez-toc-link ez-toc-heading-2\" href=\"https:\/\/www.agoracademie.com\/blog\/stress-social\/#Comprendre_les_normes_sociales_un_cadre_invisible_mais_structurant\" >Comprendre les normes sociales : un cadre invisible mais structurant<\/a><\/li><li class='ez-toc-page-1 ez-toc-heading-level-2'><a class=\"ez-toc-link ez-toc-heading-3\" href=\"https:\/\/www.agoracademie.com\/blog\/stress-social\/#Du_stress_exterieur_au_stress_interiorise_lauto-stress\" >Du stress ext\u00e9rieur au stress int\u00e9rioris\u00e9 : l\u2019auto-stress<\/a><\/li><li class='ez-toc-page-1 ez-toc-heading-level-2'><a class=\"ez-toc-link ez-toc-heading-4\" href=\"https:\/\/www.agoracademie.com\/blog\/stress-social\/#Stress_de_conformite_quand_sadapter_devient_une_tension_permanente\" >Stress de conformit\u00e9 : quand s\u2019adapter devient une tension permanente<\/a><ul class='ez-toc-list-level-3' ><li class='ez-toc-heading-level-3'><a class=\"ez-toc-link ez-toc-heading-5\" href=\"https:\/\/www.agoracademie.com\/blog\/stress-social\/#Le_besoin_dappartenance_comme_moteur_du_stress\" >Le besoin d\u2019appartenance comme moteur du stress<\/a><\/li><li class='ez-toc-page-1 ez-toc-heading-level-3'><a class=\"ez-toc-link ez-toc-heading-6\" href=\"https:\/\/www.agoracademie.com\/blog\/stress-social\/#Ladaptation_excessive_comme_source_de_fatigue_psychique\" >L\u2019adaptation excessive comme source de fatigue psychique<\/a><\/li><li class='ez-toc-page-1 ez-toc-heading-level-3'><a class=\"ez-toc-link ez-toc-heading-7\" href=\"https:\/\/www.agoracademie.com\/blog\/stress-social\/#Le_cout_invisible_de_la_conformite\" >Le co\u00fbt invisible de la conformit\u00e9<\/a><\/li><\/ul><\/li><li class='ez-toc-page-1 ez-toc-heading-level-2'><a class=\"ez-toc-link ez-toc-heading-8\" href=\"https:\/\/www.agoracademie.com\/blog\/stress-social\/#Le_stress_de_performance_invisible_etre_toujours_%C2%AB_a_la_hauteur_%C2%BB\" >Le stress de performance invisible : \u00eatre toujours \u00ab&nbsp;\u00e0 la hauteur&nbsp;\u00bb<\/a><ul class='ez-toc-list-level-3' ><li class='ez-toc-heading-level-3'><a class=\"ez-toc-link ez-toc-heading-9\" href=\"https:\/\/www.agoracademie.com\/blog\/stress-social\/#Une_norme_contemporaine_internalisee\" >Une norme contemporaine internalis\u00e9e<\/a><\/li><li class='ez-toc-page-1 ez-toc-heading-level-3'><a class=\"ez-toc-link ez-toc-heading-10\" href=\"https:\/\/www.agoracademie.com\/blog\/stress-social\/#Le_stress_sans_evenement_declencheur\" >Le stress sans \u00e9v\u00e9nement d\u00e9clencheur<\/a><\/li><li class='ez-toc-page-1 ez-toc-heading-level-3'><a class=\"ez-toc-link ez-toc-heading-11\" href=\"https:\/\/www.agoracademie.com\/blog\/stress-social\/#Lauto-evaluation_permanente\" >L\u2019auto-\u00e9valuation permanente<\/a><\/li><\/ul><\/li><li class='ez-toc-page-1 ez-toc-heading-level-2'><a class=\"ez-toc-link ez-toc-heading-12\" href=\"https:\/\/www.agoracademie.com\/blog\/stress-social\/#Quand_les_normes_deviennent_psychiques_le_mecanisme_de_linteriorisation\" >Quand les normes deviennent psychiques : le m\u00e9canisme de l\u2019int\u00e9riorisation<\/a><\/li><li class='ez-toc-page-1 ez-toc-heading-level-2'><a class=\"ez-toc-link ez-toc-heading-13\" href=\"https:\/\/www.agoracademie.com\/blog\/stress-social\/#Stress_et_illusion_du_choix_individuel\" >Stress et illusion du choix individuel<\/a><\/li><li class='ez-toc-page-1 ez-toc-heading-level-2'><a class=\"ez-toc-link ez-toc-heading-14\" href=\"https:\/\/www.agoracademie.com\/blog\/stress-social\/#Vers_une_comprehension_elargie_du_stress\" >Vers une compr\u00e9hension \u00e9largie du stress<\/a><\/li><li class='ez-toc-page-1 ez-toc-heading-level-2'><a class=\"ez-toc-link ez-toc-heading-15\" href=\"https:\/\/www.agoracademie.com\/blog\/stress-social\/#Les_5_points_cles_a_retenir\" >Les 5 points cl\u00e9s \u00e0 retenir<\/a><\/li><li class='ez-toc-page-1 ez-toc-heading-level-2'><a class=\"ez-toc-link ez-toc-heading-16\" href=\"https:\/\/www.agoracademie.com\/blog\/stress-social\/#Comment_sortir_du_stress_social\" >Comment sortir du stress social ?<\/a><ul class='ez-toc-list-level-3' ><li class='ez-toc-heading-level-3'><a class=\"ez-toc-link ez-toc-heading-17\" href=\"https:\/\/www.agoracademie.com\/blog\/stress-social\/#1_Identifier_les_normes_interiorisees\" >1. Identifier les normes int\u00e9rioris\u00e9es<\/a><\/li><li class='ez-toc-page-1 ez-toc-heading-level-3'><a class=\"ez-toc-link ez-toc-heading-18\" href=\"https:\/\/www.agoracademie.com\/blog\/stress-social\/#2_Differencier_exigence_externe_et_position_personnelle\" >2. Diff\u00e9rencier exigence externe et position personnelle<\/a><\/li><li class='ez-toc-page-1 ez-toc-heading-level-3'><a class=\"ez-toc-link ez-toc-heading-19\" href=\"https:\/\/www.agoracademie.com\/blog\/stress-social\/#3_Reduire_lanticipation_du_jugement\" >3. R\u00e9duire l\u2019anticipation du jugement<\/a><\/li><li class='ez-toc-page-1 ez-toc-heading-level-3'><a class=\"ez-toc-link ez-toc-heading-20\" href=\"https:\/\/www.agoracademie.com\/blog\/stress-social\/#4_Reintroduire_de_la_subjectivite\" >4. R\u00e9introduire de la subjectivit\u00e9<\/a><\/li><li class='ez-toc-page-1 ez-toc-heading-level-3'><a class=\"ez-toc-link ez-toc-heading-21\" href=\"https:\/\/www.agoracademie.com\/blog\/stress-social\/#5_Accepter_une_part_dinconfort\" >5. Accepter une part d\u2019inconfort<\/a><\/li><li class='ez-toc-page-1 ez-toc-heading-level-3'><a class=\"ez-toc-link ez-toc-heading-22\" href=\"https:\/\/www.agoracademie.com\/blog\/stress-social\/#6_Changer_de_regard_sur_le_stress\" >6. Changer de regard sur le stress<\/a><\/li><li class='ez-toc-page-1 ez-toc-heading-level-3'><a class=\"ez-toc-link ez-toc-heading-23\" href=\"https:\/\/www.agoracademie.com\/blog\/stress-social\/#7_Suivre_une_formation_en_gestion_du_stress\" >7. Suivre une formation en gestion du stress<\/a><\/li><\/ul><\/li><li class='ez-toc-page-1 ez-toc-heading-level-2'><a class=\"ez-toc-link ez-toc-heading-24\" href=\"https:\/\/www.agoracademie.com\/blog\/stress-social\/#FAQ_%E2%80%93_Stress_social\" >FAQ &#8211; Stress social<\/a><ul class='ez-toc-list-level-3' ><li class='ez-toc-heading-level-3'><a class=\"ez-toc-link ez-toc-heading-25\" href=\"https:\/\/www.agoracademie.com\/blog\/stress-social\/#Quest-ce_que_le_stress_social_exactement\" >Qu\u2019est-ce que le stress social exactement ?<\/a><\/li><li class='ez-toc-page-1 ez-toc-heading-level-3'><a class=\"ez-toc-link ez-toc-heading-26\" href=\"https:\/\/www.agoracademie.com\/blog\/stress-social\/#Quelle_est_la_difference_entre_stress_social_et_anxiete_sociale\" >Quelle est la diff\u00e9rence entre stress social et anxi\u00e9t\u00e9 sociale ?<\/a><\/li><li class='ez-toc-page-1 ez-toc-heading-level-3'><a class=\"ez-toc-link ez-toc-heading-27\" href=\"https:\/\/www.agoracademie.com\/blog\/stress-social\/#Pourquoi_je_ressens_du_stress_sans_raison_apparente\" >Pourquoi je ressens du stress sans raison apparente ?<\/a><\/li><li class='ez-toc-page-1 ez-toc-heading-level-3'><a class=\"ez-toc-link ez-toc-heading-28\" href=\"https:\/\/www.agoracademie.com\/blog\/stress-social\/#Le_stress_social_est-il_lie_au_travail\" >Le stress social est-il li\u00e9 au travail ?<\/a><\/li><li class='ez-toc-page-1 ez-toc-heading-level-3'><a class=\"ez-toc-link ez-toc-heading-29\" href=\"https:\/\/www.agoracademie.com\/blog\/stress-social\/#Peut-on_eliminer_completement_le_stress_social\" >Peut-on \u00e9liminer compl\u00e8tement le stress social ?<\/a><\/li><li class='ez-toc-page-1 ez-toc-heading-level-3'><a class=\"ez-toc-link ez-toc-heading-30\" href=\"https:\/\/www.agoracademie.com\/blog\/stress-social\/#Comment_savoir_si_mon_stress_vient_de_moi_ou_des_normes_sociales\" >Comment savoir si mon stress vient de moi ou des normes sociales ?<\/a><\/li><li class='ez-toc-page-1 ez-toc-heading-level-3'><a class=\"ez-toc-link ez-toc-heading-31\" href=\"https:\/\/www.agoracademie.com\/blog\/stress-social\/#Le_stress_social_peut-il_devenir_chronique\" >Le stress social peut-il devenir chronique ?<\/a><\/li><li class='ez-toc-page-1 ez-toc-heading-level-3'><a class=\"ez-toc-link ez-toc-heading-32\" href=\"https:\/\/www.agoracademie.com\/blog\/stress-social\/#Est-ce_un_probleme_individuel_ou_social\" >Est-ce un probl\u00e8me individuel ou social ?<\/a><\/li><li class='ez-toc-page-1 ez-toc-heading-level-3'><a class=\"ez-toc-link ez-toc-heading-33\" href=\"https:\/\/www.agoracademie.com\/blog\/stress-social\/#Existe-t-il_des_etudes_scientifiques_sur_le_sujet\" >Existe-t-il des \u00e9tudes scientifiques sur le sujet&nbsp;?<\/a><\/li><\/ul><\/li><li class='ez-toc-page-1 ez-toc-heading-level-2'><a class=\"ez-toc-link ez-toc-heading-34\" href=\"https:\/\/www.agoracademie.com\/blog\/stress-social\/#Pour_conclure_et_ouvrir\" >Pour conclure et ouvrir<\/a><\/li><\/ul><\/nav><\/div>\n\n<\/div>\n\n\n<h2 class=\"wp-block-heading\"><span class=\"ez-toc-section\" id=\"Introduction_quand_le_stress_ne_vient_pas_seulement_de_%C2%AB_la_situation_%C2%BB\"><\/span>Introduction&nbsp;: quand le stress ne vient pas seulement de \u00ab&nbsp;la situation&nbsp;\u00bb<span class=\"ez-toc-section-end\"><\/span><\/h2>\n\n\n\n<p><strong>Le stress social<\/strong> est souvent per\u00e7u comme une r\u00e9action \u00e0 une situation difficile, impr\u00e9visible ou exigeante.<\/p>\n\n\n\n<p>Pourtant, cette vision classique ne suffit pas \u00e0 expliquer une r\u00e9alit\u00e9 bien plus troublante, \u00e0 savoir nous pouvons ressentir du stress m\u00eame en l\u2019absence d\u2019\u00e9v\u00e9nement objectivement stressant.<\/p>\n\n\n\n<!--more-->\n\n\n\n<p>Une id\u00e9e simple, mais d\u00e9stabilisante, s\u2019impose alors : nous ne sommes pas seulement stress\u00e9s par ce que nous vivons, mais par <strong>ce que nous pensons devoir \u00eatre<\/strong>.<\/p>\n\n\n\n<p>Autrement dit, le stress ne na\u00eet pas uniquement d\u2019une pression ext\u00e9rieure, car il peut \u00eatre produit par les normes sociales elles-m\u00eames, avant m\u00eame que la situation ne se pr\u00e9sente.<\/p>\n\n\n\n<p>Deux approches se distinguent ici :<\/p>\n\n\n\n<ul class=\"wp-block-list\">\n<li>une approche classique : \u00e9v\u00e9nement \u2192 r\u00e9action de stress<\/li>\n\n\n\n<li>et une approche \u00e9largie : norme \u2192 anticipation \u2192 auto-stress.<\/li>\n<\/ul>\n\n\n\n<p>Cette inversion du regard ouvre une question centrale qui est : <strong>pourquoi certaines personnes se sentent-elles en tension permanente, sans \u00e9v\u00e9nement stressant identifiable ?<\/strong><\/p>\n\n\n\n<h2 class=\"wp-block-heading\"><span class=\"ez-toc-section\" id=\"Comprendre_les_normes_sociales_un_cadre_invisible_mais_structurant\"><\/span>Comprendre les normes sociales : un cadre invisible mais structurant<span class=\"ez-toc-section-end\"><\/span><\/h2>\n\n\n\n<p>Les normes sociales peuvent \u00eatre d\u00e9finies simplement comme :<\/p>\n\n\n\n<ul class=\"wp-block-list\">\n<li>des r\u00e8gles implicites,<\/li>\n\n\n\n<li>des attentes de comportement,<\/li>\n\n\n\n<li>ou encore des crit\u00e8res de ce qui est consid\u00e9r\u00e9 comme \u00ab\u00a0normal\u00a0\u00bb.<\/li>\n<\/ul>\n\n\n\n<p>Elles ne sont pas forc\u00e9ment \u00e9nonc\u00e9es clairement.<\/p>\n\n\n\n<p>Au contraire, leur force r\u00e9side dans leur invisibilit\u00e9.<\/p>\n\n\n\n<p>Ici, un point essentiel m\u00e9rite d\u2019\u00eatre soulign\u00e9 : les normes ne sont pas seulement impos\u00e9es de l\u2019ext\u00e9rieur, elles sont progressivement <strong>incorpor\u00e9es<\/strong>.<\/p>\n\n\n\n<p>Avec le temps, elles deviennent des rep\u00e8res internes qui orientent nos comportements sans que nous en ayons toujours conscience.<\/p>\n\n\n\n<p>Pour illustrer notre propos, voici quelques exemples concrets :<\/p>\n\n\n\n<ul class=\"wp-block-list\">\n<li>\u00eatre performant au travail,<\/li>\n\n\n\n<li>rester calme et ma\u00eetris\u00e9 \u00e9motionnellement,<\/li>\n\n\n\n<li>\u00eatre productif, rapide, efficace,<\/li>\n\n\n\n<li>donner une image positive de soi, etc.<\/li>\n<\/ul>\n\n\n\n<p>Ces attentes finissent par structurer notre mani\u00e8re de penser et d\u2019agir, ce qui nous permet de comprendre que les normes ne sont plus seulement sociales, elles deviennent psychiques.<\/p>\n\n\n\n<h2 class=\"wp-block-heading\"><span class=\"ez-toc-section\" id=\"Du_stress_exterieur_au_stress_interiorise_lauto-stress\"><\/span>Du stress ext\u00e9rieur au stress int\u00e9rioris\u00e9 : l\u2019auto-stress<span class=\"ez-toc-section-end\"><\/span><\/h2>\n\n\n\n<p>C\u2019est ici qu\u2019appara\u00eet un m\u00e9canisme cl\u00e9 : <strong>l\u2019auto-stress<\/strong>.<\/p>\n\n\n\n<p>Il ne s\u2019agit plus d\u2019un stress d\u00e9clench\u00e9 par une situation, mais d\u2019un stress <strong>anticip\u00e9<\/strong>, produit par l\u2019int\u00e9riorisation des normes.<\/p>\n\n\n\n<p>Ce processus peut \u00eatre d\u00e9crit en trois \u00e9tapes :<\/p>\n\n\n\n<ol class=\"wp-block-list\">\n<li>perception d\u2019une norme implicite\u00a0;<\/li>\n\n\n\n<li>anticipation du jugement ou de l\u2019\u00e9chec\u00a0;<\/li>\n\n\n\n<li>activation du stress avant m\u00eame l\u2019action.<\/li>\n<\/ol>\n\n\n\n<p>Prenons quelques situations quotidiennes pour mieux comprendre :<\/p>\n\n\n\n<ul class=\"wp-block-list\">\n<li>parler en r\u00e9union,<\/li>\n\n\n\n<li>r\u00e9pondre \u00e0 un e-mail important,<\/li>\n\n\n\n<li>prendre la parole en public, etc.<\/li>\n<\/ul>\n\n\n\n<p>Dans chacun de ces cas, le stress peut appara\u00eetre <strong>avant<\/strong> que quoi que ce soit ne se produise.<\/p>\n\n\n\n<p>Ainsi, le stress ne suit plus l\u2019\u00e9v\u00e9nement, il le pr\u00e9c\u00e8de.<\/p>\n\n\n\n<h2 class=\"wp-block-heading\"><span class=\"ez-toc-section\" id=\"Stress_de_conformite_quand_sadapter_devient_une_tension_permanente\"><\/span>Stress de conformit\u00e9 : quand s\u2019adapter devient une tension permanente<span class=\"ez-toc-section-end\"><\/span><\/h2>\n\n\n\n<h3 class=\"wp-block-heading\"><span class=\"ez-toc-section\" id=\"Le_besoin_dappartenance_comme_moteur_du_stress\"><\/span>Le besoin d\u2019appartenance comme moteur du stress<span class=\"ez-toc-section-end\"><\/span><\/h3>\n\n\n\n<p>L\u2019\u00eatre humain est fondamentalement un \u00eatre social.<\/p>\n\n\n\n<p>Le besoin d\u2019\u00eatre reconnu, accept\u00e9, int\u00e9gr\u00e9 est central.<\/p>\n\n\n\n<p>Cela implique :<\/p>\n\n\n\n<ul class=\"wp-block-list\">\n<li>une sensibilit\u00e9 au regard des autres,<\/li>\n\n\n\n<li>une peur du rejet<\/li>\n\n\n\n<li>et une adaptation constante aux attentes per\u00e7ues.<\/li>\n<\/ul>\n\n\n\n<p>La conformit\u00e9 devient alors une <strong>strat\u00e9gie de s\u00e9curit\u00e9<\/strong>.<\/p>\n\n\n\n<p>Mais cette strat\u00e9gie a un co\u00fbt.<\/p>\n\n\n\n<h3 class=\"wp-block-heading\"><span class=\"ez-toc-section\" id=\"Ladaptation_excessive_comme_source_de_fatigue_psychique\"><\/span>L\u2019adaptation excessive comme source de fatigue psychique<span class=\"ez-toc-section-end\"><\/span><\/h3>\n\n\n\n<p>S\u2019ajuster en permanence demande une \u00e9nergie consid\u00e9rable :<\/p>\n\n\n\n<ul class=\"wp-block-list\">\n<li>surveillance de son comportement,<\/li>\n\n\n\n<li>contr\u00f4le des \u00e9motions,<\/li>\n\n\n\n<li>adaptation du discours&#8230;<\/li>\n<\/ul>\n\n\n\n<p>Ce processus entra\u00eene notamment :<\/p>\n\n\n\n<ul class=\"wp-block-list\">\n<li>une surcharge cognitive,<\/li>\n\n\n\n<li>une perte de spontan\u00e9it\u00e9<\/li>\n\n\n\n<li>et une vigilance constante.<\/li>\n<\/ul>\n\n\n\n<p>Le sujet ne vit plus pleinement la situation, il s\u2019y <strong>ajuste en continu<\/strong>.<\/p>\n\n\n\n<h3 class=\"wp-block-heading\"><span class=\"ez-toc-section\" id=\"Le_cout_invisible_de_la_conformite\"><\/span>Le co\u00fbt invisible de la conformit\u00e9<span class=\"ez-toc-section-end\"><\/span><\/h3>\n\n\n\n<p>Avec le temps, cette adaptation permanente g\u00e9n\u00e8re :<\/p>\n\n\n\n<ul class=\"wp-block-list\">\n<li>une fatigue mentale diffuse,<\/li>\n\n\n\n<li>une perte de rep\u00e8res internes,<\/li>\n\n\n\n<li>ou encore une confusion entre d\u00e9sir personnel et attentes sociales.<\/li>\n<\/ul>\n\n\n\n<p>Appara\u00eet alors un <a href=\"https:\/\/www.agoracademie.com\/blog\/stress-chronique-au-travail\/\"><strong>stress discret mais chronique<\/strong><\/a>, difficile \u00e0 identifier.<\/p>\n\n\n\n<h2 class=\"wp-block-heading\"><span class=\"ez-toc-section\" id=\"Le_stress_de_performance_invisible_etre_toujours_%C2%AB_a_la_hauteur_%C2%BB\"><\/span>Le stress de performance invisible : \u00eatre toujours \u00ab&nbsp;\u00e0 la hauteur&nbsp;\u00bb<span class=\"ez-toc-section-end\"><\/span><\/h2>\n\n\n\n<h3 class=\"wp-block-heading\"><span class=\"ez-toc-section\" id=\"Une_norme_contemporaine_internalisee\"><\/span>Une norme contemporaine internalis\u00e9e<span class=\"ez-toc-section-end\"><\/span><\/h3>\n\n\n\n<p>Dans les soci\u00e9t\u00e9s contemporaines, la performance s\u2019est impos\u00e9e comme une norme centrale et elle concerne tous les domaines :<\/p>\n\n\n\n<ul class=\"wp-block-list\">\n<li>travail,<\/li>\n\n\n\n<li>apparence physique,<\/li>\n\n\n\n<li>vie sociale,<\/li>\n\n\n\n<li>parentalit\u00e9, etc.<\/li>\n<\/ul>\n\n\n\n<p>Il ne s\u2019agit pas d\u2019une obligation explicite, mais d\u2019une <strong>attente implicite omnipr\u00e9sente<\/strong>.<\/p>\n\n\n\n<p>Il faut r\u00e9ussir, progresser, optimiser.<\/p>\n\n\n\n<h3 class=\"wp-block-heading\"><span class=\"ez-toc-section\" id=\"Le_stress_sans_evenement_declencheur\"><\/span>Le stress sans \u00e9v\u00e9nement d\u00e9clencheur<span class=\"ez-toc-section-end\"><\/span><\/h3>\n\n\n\n<p>Ce type de stress est particulier, car :<\/p>\n\n\n\n<ul class=\"wp-block-list\">\n<li>aucune situation pr\u00e9cise ne le d\u00e9clenche,<\/li>\n\n\n\n<li>aucun danger imm\u00e9diat n\u2019est pr\u00e9sent,<\/li>\n\n\n\n<li>mais une tension persiste.<\/li>\n<\/ul>\n\n\n\n<p>Le ressenti dominant est alors souvent le suivant : \u00ab&nbsp;Je ne fais pas assez&nbsp;\u00bb ou \u00ab&nbsp;Je ne suis pas assez&nbsp;\u00bb.<\/p>\n\n\n\n<p>Il s\u2019agit d\u2019un <strong>stress de fond<\/strong>, continu, difficile \u00e0 localiser.<\/p>\n\n\n\n<h3 class=\"wp-block-heading\"><span class=\"ez-toc-section\" id=\"Lauto-evaluation_permanente\"><\/span>L\u2019auto-\u00e9valuation permanente<span class=\"ez-toc-section-end\"><\/span><\/h3>\n\n\n\n<p>Ce stress est aliment\u00e9 par :<\/p>\n\n\n\n<ul class=\"wp-block-list\">\n<li>la comparaison sociale (d\u00e9cupl\u00e9e avec les r\u00e9seaux sociaux),<\/li>\n\n\n\n<li>l\u2019\u00e9valuation constante de ses performances,<\/li>\n\n\n\n<li>ou encore une insatisfaction durable.<\/li>\n<\/ul>\n\n\n\n<p>La norme devient alors un <strong>juge int\u00e9rieur<\/strong>.<\/p>\n\n\n\n<h2 class=\"wp-block-heading\"><span class=\"ez-toc-section\" id=\"Quand_les_normes_deviennent_psychiques_le_mecanisme_de_linteriorisation\"><\/span>Quand les normes deviennent psychiques : le m\u00e9canisme de l\u2019int\u00e9riorisation<span class=\"ez-toc-section-end\"><\/span><\/h2>\n\n\n\n<p>\u00c0 ce stade, une compr\u00e9hension plus profonde s\u2019impose&nbsp;: les normes sociales ne restent pas externes, elles se transforment en m\u00e9canismes internes tels que :<\/p>\n\n\n\n<ul class=\"wp-block-list\">\n<li>l\u2019auto-surveillance,<\/li>\n\n\n\n<li>l\u2019anticipation du regard des autres,<\/li>\n\n\n\n<li>ou bien l\u2019auto-critique.<\/li>\n<\/ul>\n\n\n\n<p>Le sujet n\u2019a plus besoin d\u2019une pression ext\u00e9rieure, puisqu&rsquo;il devient lui-m\u00eame le vecteur de cette pression.<\/p>\n\n\n\n<p>Par cons\u00e9quent, le social devient une structure interne de r\u00e9gulation.<\/p>\n\n\n\n<h2 class=\"wp-block-heading\"><span class=\"ez-toc-section\" id=\"Stress_et_illusion_du_choix_individuel\"><\/span>Stress et illusion du choix individuel<span class=\"ez-toc-section-end\"><\/span><\/h2>\n\n\n\n<p>Les discours actuels sur le stress mettent souvent l\u2019accent sur l\u2019individu :<\/p>\n\n\n\n<ul class=\"wp-block-list\">\n<li>\u00ab\u00a0<a href=\"https:\/\/www.agoracademie.com\/blog\/apprendre-a-gerer-son-stress\/\">Apprenez \u00e0 g\u00e9rer votre stress<\/a>\u00a0\u00bb<\/li>\n\n\n\n<li>\u00ab\u00a0<a href=\"https:\/\/www.agoracademie.com\/blog\/qu-est-ce-que-la-resilience\/\">Soyez plus r\u00e9silient<\/a>\u00a0\u00bb<\/li>\n\n\n\n<li>\u00ab\u00a0Organisez-vous mieux\u00a0\u00bb, etc.<\/li>\n<\/ul>\n\n\n\n<p>Ces approches ont leur utilit\u00e9, mais elles pr\u00e9sentent une limite importante, puiqu&rsquo;elles supposent que le stress est uniquement individuel.<\/p>\n\n\n\n<p>Or, le sujet \u00e9volue toujours dans un cadre d\u00e9j\u00e0 structur\u00e9 par des normes.<\/p>\n\n\n\n<p>Le stress ne peut donc pas \u00eatre compris uniquement comme un probl\u00e8me personnel.<\/p>\n\n\n\n<h2 class=\"wp-block-heading\"><span class=\"ez-toc-section\" id=\"Vers_une_comprehension_elargie_du_stress\"><\/span>Vers une compr\u00e9hension \u00e9largie du stress<span class=\"ez-toc-section-end\"><\/span><\/h2>\n\n\n\n<p>Un changement de perspective devient alors n\u00e9cessaire.<\/p>\n\n\n\n<p>Plut\u00f4t que de consid\u00e9rer le stress comme :<\/p>\n\n\n\n<ul class=\"wp-block-list\">\n<li>un dysfonctionnement individuel,<\/li>\n<\/ul>\n\n\n\n<p>il peut \u00eatre envisag\u00e9 comme :<\/p>\n\n\n\n<ul class=\"wp-block-list\">\n<li>un indicateur de tension entre le sujet et son environnement social.<\/li>\n<\/ul>\n\n\n\n<p><strong>Le stress devient alors un signal<\/strong>.<\/p>\n\n\n\n<p>Un signal qui indique un d\u00e9calage entre :<\/p>\n\n\n\n<ul class=\"wp-block-list\">\n<li>ce que l\u2019on est<\/li>\n\n\n\n<li>et ce que l\u2019on pense devoir \u00eatre.<\/li>\n<\/ul>\n\n\n\n<h2 class=\"wp-block-heading\"><span class=\"ez-toc-section\" id=\"Les_5_points_cles_a_retenir\"><\/span>Les 5 points cl\u00e9s \u00e0 retenir<span class=\"ez-toc-section-end\"><\/span><\/h2>\n\n\n\n<p>Voici, en 5 phrases, les points essentiels \u00e0 retenir de cet article&nbsp;:<\/p>\n\n\n\n<ol class=\"wp-block-list\">\n<li>Les normes sociales structurent notre mani\u00e8re de nous \u00e9valuer.<\/li>\n\n\n\n<li>Le stress peut appara\u00eetre avant toute situation r\u00e9elle.<\/li>\n\n\n\n<li>La conformit\u00e9 peut g\u00e9n\u00e9rer un stress chronique invisible.<\/li>\n\n\n\n<li>La performance est devenue une norme int\u00e9rioris\u00e9e.<\/li>\n\n\n\n<li>Le stress est aussi un ph\u00e9nom\u00e8ne culturel et social.<\/li>\n<\/ol>\n\n\n\n<h2 class=\"wp-block-heading\"><span class=\"ez-toc-section\" id=\"Comment_sortir_du_stress_social\"><\/span>Comment sortir du stress social ?<span class=\"ez-toc-section-end\"><\/span><\/h2>\n\n\n\n<p>Sortir du <strong>stress social<\/strong> ne signifie pas supprimer toute influence des normes, ce qui serait illusoire.<\/p>\n\n\n\n<p>L\u2019enjeu est plut\u00f4t de <strong>transformer notre rapport \u00e0 ces normes<\/strong>, en retrouvant une marge de libert\u00e9 int\u00e9rieure.<\/p>\n\n\n\n<h3 class=\"wp-block-heading\"><span class=\"ez-toc-section\" id=\"1_Identifier_les_normes_interiorisees\"><\/span>1. Identifier les normes int\u00e9rioris\u00e9es<span class=\"ez-toc-section-end\"><\/span><\/h3>\n\n\n\n<p>Premi\u00e8re \u00e9tape essentielle : rendre visible ce qui est invisible.<\/p>\n\n\n\n<p>Pour ce faire, vous devez vous poser des questions simples :<\/p>\n\n\n\n<ul class=\"wp-block-list\">\n<li>\u00ab\u00a0Qu\u2019est-ce que je pense devoir \u00eatre dans cette situation ?\u00a0\u00bb<\/li>\n\n\n\n<li>\u00ab\u00a0D\u2019o\u00f9 vient cette exigence ?\u00a0\u00bb<\/li>\n\n\n\n<li>\u00ab\u00a0Est-ce vraiment mon d\u00e9sir ou une attente int\u00e9rioris\u00e9e ?\u00a0\u00bb, etc.<\/li>\n<\/ul>\n\n\n\n<p>Cela, car nommer une norme, c\u2019est d\u00e9j\u00e0 commencer \u00e0 s\u2019en distancier.<\/p>\n\n\n\n<h3 class=\"wp-block-heading\"><span class=\"ez-toc-section\" id=\"2_Differencier_exigence_externe_et_position_personnelle\"><\/span>2. Diff\u00e9rencier exigence externe et position personnelle<span class=\"ez-toc-section-end\"><\/span><\/h3>\n\n\n\n<p>Toutes les attentes sociales ne sont pas probl\u00e9matiques, puisque certaines sont n\u00e9cessaires \u00e0 la vie collective.<\/p>\n\n\n\n<p>Mais il devient important de distinguer :<\/p>\n\n\n\n<ul class=\"wp-block-list\">\n<li>ce qui rel\u00e8ve d\u2019une contrainte r\u00e9elle,<\/li>\n\n\n\n<li>de ce qui rel\u00e8ve d\u2019une pression int\u00e9rioris\u00e9e.<\/li>\n<\/ul>\n\n\n\n<p>Cette distinction permet de r\u00e9duire le stress inutile.<\/p>\n\n\n\n<h3 class=\"wp-block-heading\"><span class=\"ez-toc-section\" id=\"3_Reduire_lanticipation_du_jugement\"><\/span>3. R\u00e9duire l\u2019anticipation du jugement<span class=\"ez-toc-section-end\"><\/span><\/h3>\n\n\n\n<p>Le stress social repose en grande partie sur l&rsquo;anticipation d&rsquo;une peur :<\/p>\n\n\n\n<ul class=\"wp-block-list\">\n<li>d\u2019\u00eatre jug\u00e9,<\/li>\n\n\n\n<li>de mal faire,<\/li>\n\n\n\n<li>et\/ou de ne pas \u00eatre \u00e0 la hauteur.<\/li>\n<\/ul>\n\n\n\n<p>Or, cette anticipation est souvent amplifi\u00e9e par notre propre syst\u00e8me interne.<\/p>\n\n\n\n<p>Ainsi, travailler \u00e0 ramener l\u2019attention sur la situation r\u00e9elle (plut\u00f4t que sur le regard suppos\u00e9 des autres) permet de diminuer l\u2019intensit\u00e9 du stress.<\/p>\n\n\n\n<h3 class=\"wp-block-heading\"><span class=\"ez-toc-section\" id=\"4_Reintroduire_de_la_subjectivite\"><\/span>4. R\u00e9introduire de la subjectivit\u00e9<span class=\"ez-toc-section-end\"><\/span><\/h3>\n\n\n\n<p>L\u2019un des effets majeurs des normes est d\u2019uniformiser les comportements.<\/p>\n\n\n\n<p>Sortir du stress social implique donc de r\u00e9introduire une question centrale qui est&nbsp;: \u00ab&nbsp;Qu\u2019est-ce qui a du sens pour moi ?&nbsp;\u00bb<\/p>\n\n\n\n<p>Votre r\u00e9ponse peut passer par :<\/p>\n\n\n\n<ul class=\"wp-block-list\">\n<li>accepter de ne pas r\u00e9pondre parfaitement aux attentes,<\/li>\n\n\n\n<li>tol\u00e9rer une forme d\u2019imperfection,<\/li>\n\n\n\n<li>ou encore retrouver une marge de spontan\u00e9it\u00e9&#8230;<\/li>\n<\/ul>\n\n\n\n<h3 class=\"wp-block-heading\"><span class=\"ez-toc-section\" id=\"5_Accepter_une_part_dinconfort\"><\/span>5. Accepter une part d\u2019inconfort<span class=\"ez-toc-section-end\"><\/span><\/h3>\n\n\n\n<p>Se d\u00e9tacher des normes implique parfois :<\/p>\n\n\n\n<ul class=\"wp-block-list\">\n<li>de ne pas \u00eatre parfaitement conforme,<\/li>\n\n\n\n<li>de prendre le risque d\u2019un regard ext\u00e9rieur,<\/li>\n\n\n\n<li>ou de sortir d\u2019une zone de s\u00e9curit\u00e9.<\/li>\n<\/ul>\n\n\n\n<p>Il ne s\u2019agit pas de supprimer le stress, mais de choisir celui qui a du sens.<\/p>\n\n\n\n<h3 class=\"wp-block-heading\"><span class=\"ez-toc-section\" id=\"6_Changer_de_regard_sur_le_stress\"><\/span>6. Changer de regard sur le stress<span class=\"ez-toc-section-end\"><\/span><\/h3>\n\n\n\n<p>Une transformation essentielle consiste \u00e0 consid\u00e9rer le stress autrement, c&rsquo;est-\u00e0-dire :<\/p>\n\n\n\n<ul class=\"wp-block-list\">\n<li>non plus comme un ennemi \u00e0 \u00e9liminer,<\/li>\n\n\n\n<li>mais comme un indicateur.<\/li>\n<\/ul>\n\n\n\n<p>Un indicateur qui signale un \u00e9cart entre soi et une norme.<\/p>\n\n\n\n<p>Ce d\u00e9placement de perspective permet de passer :<\/p>\n\n\n\n<ul class=\"wp-block-list\">\n<li>d\u2019une lutte contre le stress,<\/li>\n\n\n\n<li>\u00e0 une compr\u00e9hension de ce qu\u2019il r\u00e9v\u00e8le.<\/li>\n<\/ul>\n\n\n\n<h3 class=\"wp-block-heading\"><span class=\"ez-toc-section\" id=\"7_Suivre_une_formation_en_gestion_du_stress\"><\/span>7. Suivre une formation en gestion du stress<span class=\"ez-toc-section-end\"><\/span><\/h3>\n\n\n\n<p>Enfin, pour mieux accompagner les 6 \u00e9tapes d\u00e9crites ci-dessus, une formation en gestion du stress peut vous aider \u00e0 trouver la bonne mani\u00e8re de vivre le stress social, et plus encore&#8230;<\/p>\n\n\n\n<p>Cela, en construisant votre propre m\u00e9thode, ce que permet <a href=\"https:\/\/www.agoracademie.com\/academie\/formation-a-distance-gestion-du-stress-et-emotions\"><strong>notre formation anti-stress en ligne et \u00e0 distance<\/strong><\/a> dont le programme est disponible en cliquant sur le bouton ci-dessous.<\/p>\n\n\n\n<div class=\"wp-block-magic-content-box-content-box aligncenter magic-content-box-afd91f62-ce75-4 magic-content-box-contentBox block-wrapper-background content-align-center\"><style>.magic-content-box-afd91f62-ce75-4 .magic-content-box-content-wrapper{text-align:center;margin-top:30px;margin-bottom:30px}.magic-content-box-afd91f62-ce75-4 .magic-content-box-section-header-wrapper{border-color:#ff201f}.magic-content-box-afd91f62-ce75-4 .magic-content-box-mainheader-wrap{box-shadow:0px 6px 12px -10px #000;border-radius:5px;background-color:#fff}.magic-content-box-afd91f62-ce75-4 .magic-content-box-section-wrapper{padding-top:30px;padding-right:30px;padding-bottom:30px;padding-left:30px;margin-top:0px;margin-right:0px;margin-bottom:0px;margin-left:0px}.magic-content-box-afd91f62-ce75-4 .magic-content-box-section-head-wrap{text-align:center;padding-top:0px;padding-right:0px;padding-bottom:0px;margin-top:0px;margin-bottom:0px;padding-left:0px}.magic-content-box-afd91f62-ce75-4 .magic-content-box-section-head-wrap .magic-content-box-title{color:#404040;font-size:32px;font-family:Default;padding-top:5px;padding-bottom:5px}.magic-content-box-afd91f62-ce75-4 .magic-content-box-section-head-wrap .magic-content-box-subtitle{color:#6d6d6d;font-size:18px;font-family:Default;padding-top:5px;padding-bottom:5px}.magic-content-box-afd91f62-ce75-4 .magic-content-box-title-dash{color:#ff201f}.magic-content-box-afd91f62-ce75-4 .magic-content-box-block-button span{color:#fff;border-width:1px;font-size:16px;font-family:Default}.magic-content-box-afd91f62-ce75-4 .magic-content-box-block-button .magic-content-box-button{background-color:#ff201f}.magic-content-box-afd91f62-ce75-4 .magic-content-box-block-button i{color:#fff;font-size:13px}.magic-content-box-afd91f62-ce75-4 .magic-content-box-block-button{margin-top:10px;margin-bottom:10px}.magic-content-box-afd91f62-ce75-4 .magic-content-box-button{padding-top:5px;padding-right:15px;padding-bottom:5px;padding-left:15px}@media screen and (max-width:1025px){.magic-content-box-afd91f62-ce75-4 .magic-content-box-section-head-wrap .magic-content-box-title{font-size:undefinedpx}.magic-content-box-afd91f62-ce75-4 .magic-content-box-section-head-wrap .magic-content-box-subtitle{font-size:undefinedpx}.magic-content-box-afd91f62-ce75-4 .magic-content-box-block-button span{font-size:undefinedpx}.magic-content-box-afd91f62-ce75-4 .magic-content-box-block-button i{font-size:px}}@media screen and (max-width:767px){.magic-content-box-afd91f62-ce75-4 .magic-content-box-section-head-wrap .magic-content-box-title{font-size:undefinedpx}.magic-content-box-afd91f62-ce75-4 .magic-content-box-section-head-wrap .magic-content-box-subtitle{font-size:undefinedpx}.magic-content-box-afd91f62-ce75-4 .magic-content-box-block-button span{font-size:undefinedpx}.magic-content-box-afd91f62-ce75-4 .magic-content-box-block-button i{font-size:px}}<\/style><div class=\"content-wrapper-inner\"><div class=\"magic-content-box-content-wrapper magic-content-box-blocks reverse-img has-background style-1\"><div class=\"content-img-wrap\"><img decoding=\"async\" src=\"https:\/\/www.agoracademie.com\/blog\/wp-content\/uploads\/2025\/05\/formation-stress.jpg\" alt=\"Formation anti-stress 100 % en ligne et \u00e0 distance\" class=\"\"\/><\/div><div class=\"magic-content-box-section-wrapper magic-content-box-mainheader-wrap\"><div class=\"magic-content-box-section-header-wrapper magic-content-box-blocks\"><div class=\"magic-content-box-section-head-wrap magic-content-box-style1 magic-content-box-center\"><div class=\"magic-content-box-title-wrapper\"><span class=\"magic-content-box-title-dash magic-content-box-upper-dash\"><\/span><h4 class=\"magic-content-box-title\">Formation en gestion du stress<\/h4><span class=\"magic-content-box-title-dash magic-content-box-lower-dash\"><\/span><\/div><div class=\"magic-content-box-subtitle-wrapper\"><span class=\"magic-content-box-title-dash magic-content-box-upper-dash\"><\/span><p class=\"magic-content-box-subtitle\">100 % en ligne &amp; \u00e0 distance : pour soi ou pour accompagner les autres (formation professionnalisante)<\/p><span class=\"magic-content-box-title-dash magic-content-box-lower-dash\"><\/span><\/div><\/div><\/div><div class=\"magic-content-box-desc-btn-wrap\"><div class=\"magic-content-box-block-button\"><a href=\"https:\/\/www.agoracademie.com\/academie\/formation-a-distance-gestion-du-stress-et-emotions\" class=\"magic-content-box-button magic-content-box-button-shape-rounded magic-content-box-button-size-small hover-style-1 btn-icon-left\"><span>PROGRAMME EN LIGNE<\/span><\/a><\/div><\/div><\/div><\/div><\/div><\/div>\n\n\n\n<h2 class=\"wp-block-heading\"><span class=\"ez-toc-section\" id=\"FAQ_%E2%80%93_Stress_social\"><\/span>FAQ &#8211; Stress social<span class=\"ez-toc-section-end\"><\/span><\/h2>\n\n\n\n<h3 class=\"wp-block-heading\"><span class=\"ez-toc-section\" id=\"Quest-ce_que_le_stress_social_exactement\"><\/span>Qu\u2019est-ce que le stress social exactement ?<span class=\"ez-toc-section-end\"><\/span><\/h3>\n\n\n\n<p>Le <strong>stress social<\/strong> d\u00e9signe un type de stress li\u00e9 aux interactions sociales et aux normes implicites qui r\u00e9gissent les comportements. Il ne provient pas uniquement des situations (comme parler en public), mais aussi de l\u2019anticipation du regard des autres et du besoin de correspondre \u00e0 certaines attentes.<\/p>\n\n\n\n<h3 class=\"wp-block-heading\"><span class=\"ez-toc-section\" id=\"Quelle_est_la_difference_entre_stress_social_et_anxiete_sociale\"><\/span>Quelle est la diff\u00e9rence entre stress social et anxi\u00e9t\u00e9 sociale ?<span class=\"ez-toc-section-end\"><\/span><\/h3>\n\n\n\n<p><strong>Le stress social<\/strong> est une r\u00e9action ponctuelle ou contextuelle li\u00e9e \u00e0 des normes ou \u00e0 une situation donn\u00e9e. <strong>L\u2019anxi\u00e9t\u00e9 sociale<\/strong>, en revanche, est plus install\u00e9e et peut devenir envahissante, avec une peur intense et durable du jugement des autres. Le stress social peut exister sans trouble anxieux, mais il peut aussi en \u00eatre un facteur.<\/p>\n\n\n\n<h3 class=\"wp-block-heading\"><span class=\"ez-toc-section\" id=\"Pourquoi_je_ressens_du_stress_sans_raison_apparente\"><\/span>Pourquoi je ressens du stress sans raison apparente ?<span class=\"ez-toc-section-end\"><\/span><\/h3>\n\n\n\n<p>Ce ressenti est souvent li\u00e9 \u00e0 des normes int\u00e9rioris\u00e9es. M\u00eame en l\u2019absence de situation objectivement stressante, le cerveau peut anticiper :<\/p>\n\n\n\n<ul class=\"wp-block-list\">\n<li>un jugement,<\/li>\n\n\n\n<li>une \u00e9valuation,<\/li>\n\n\n\n<li>un risque de ne pas \u00eatre \u00ab\u00a0\u00e0 la hauteur\u00a0\u00bb&#8230;<\/li>\n<\/ul>\n\n\n\n<p>Le stress est alors d\u00e9clench\u00e9 par anticipation, et non par un \u00e9v\u00e9nement r\u00e9el.<\/p>\n\n\n\n<h3 class=\"wp-block-heading\"><span class=\"ez-toc-section\" id=\"Le_stress_social_est-il_lie_au_travail\"><\/span>Le stress social est-il li\u00e9 au travail ?<span class=\"ez-toc-section-end\"><\/span><\/h3>\n\n\n\n<p>Oui, tr\u00e8s souvent. Le monde professionnel concentre de nombreuses normes implicites :<\/p>\n\n\n\n<ul class=\"wp-block-list\">\n<li>performance,<\/li>\n\n\n\n<li>efficacit\u00e9,<\/li>\n\n\n\n<li>ma\u00eetrise de soi,<\/li>\n\n\n\n<li>communication adapt\u00e9e&#8230;<\/li>\n<\/ul>\n\n\n\n<p>Cela en fait un terrain particuli\u00e8rement propice au d\u00e9veloppement du stress social, notamment \u00e0 travers les r\u00e9unions, les prises de d\u00e9cision ou les interactions hi\u00e9rarchiques.<\/p>\n\n\n\n<h3 class=\"wp-block-heading\"><span class=\"ez-toc-section\" id=\"Peut-on_eliminer_completement_le_stress_social\"><\/span>Peut-on \u00e9liminer compl\u00e8tement le stress social ?<span class=\"ez-toc-section-end\"><\/span><\/h3>\n\n\n\n<p>Non, et ce n\u2019est pas l\u2019objectif, car le stress social est en partie li\u00e9 \u00e0 notre besoin d\u2019appartenance et \u00e0 la vie en soci\u00e9t\u00e9. Chercher \u00e0 le supprimer totalement reviendrait \u00e0 vouloir sortir du lien social.<\/p>\n\n\n\n<p>L\u2019objectif est plut\u00f4t de :<\/p>\n\n\n\n<ul class=\"wp-block-list\">\n<li>le comprendre,<\/li>\n\n\n\n<li>le r\u00e9guler<\/li>\n\n\n\n<li>et d&rsquo;\u00e9viter qu\u2019il devienne chronique ou envahissant.<\/li>\n<\/ul>\n\n\n\n<h3 class=\"wp-block-heading\"><span class=\"ez-toc-section\" id=\"Comment_savoir_si_mon_stress_vient_de_moi_ou_des_normes_sociales\"><\/span>Comment savoir si mon stress vient de moi ou des normes sociales ?<span class=\"ez-toc-section-end\"><\/span><\/h3>\n\n\n\n<p>Il est que la distinction n\u2019est pas toujours \u00e9vidente, car les normes sont souvent int\u00e9rioris\u00e9es. Pour vous y aider, voici un indicateur utile : si le stress est li\u00e9 \u00e0 une id\u00e9e de \u00ab&nbsp;ce que je devrais \u00eatre&nbsp;\u00bb plut\u00f4t qu\u2019\u00e0 une contrainte r\u00e9elle, il est probablement en lien avec une norme. Ainsi, se poser la question \u00ab&nbsp;Qui attend cela de moi ?&nbsp;\u00bb, permet souvent de clarifier la source.<\/p>\n\n\n\n<h3 class=\"wp-block-heading\"><span class=\"ez-toc-section\" id=\"Le_stress_social_peut-il_devenir_chronique\"><\/span>Le stress social peut-il devenir chronique ?<span class=\"ez-toc-section-end\"><\/span><\/h3>\n\n\n\n<p>Oui. Lorsqu\u2019il repose sur :<\/p>\n\n\n\n<ul class=\"wp-block-list\">\n<li>une adaptation permanente,<\/li>\n\n\n\n<li>une auto-\u00e9valuation constante,<\/li>\n\n\n\n<li>et\/ou une pression de performance\u00a0;<\/li>\n<\/ul>\n\n\n\n<p>il peut s\u2019installer dans la dur\u00e9e et devenir un stress de fond. C\u2019est d\u2019ailleurs souvent ce type de stress qui est le plus difficile \u00e0 identifier, car il devient \u00e0 nos yeux \u00ab&nbsp;normal&nbsp;\u00bb.<\/p>\n\n\n\n<h3 class=\"wp-block-heading\"><span class=\"ez-toc-section\" id=\"Est-ce_un_probleme_individuel_ou_social\"><\/span>Est-ce un probl\u00e8me individuel ou social ?<span class=\"ez-toc-section-end\"><\/span><\/h3>\n\n\n\n<p>Les deux. Le stress est v\u00e9cu individuellement, mais il est en grande partie structur\u00e9 par des normes sociales. Le r\u00e9duire \u00e0 un simple probl\u00e8me personnel emp\u00eache d\u2019en comprendre toute la complexit\u00e9.<\/p>\n\n\n\n<h3 class=\"wp-block-heading\"><span class=\"ez-toc-section\" id=\"Existe-t-il_des_etudes_scientifiques_sur_le_sujet\"><\/span>Existe-t-il des \u00e9tudes scientifiques sur le sujet&nbsp;?<span class=\"ez-toc-section-end\"><\/span><\/h3>\n\n\n\n<p>Oui, le stress est au c\u0153ur de nombreuses \u00e9tudes et voici, pour continuer votre recherche, un article de 2023 publi\u00e9 par l&rsquo;universit\u00e9 de Tulane : <a href=\"https:\/\/www.sciencedaily.com\/releases\/2023\/03\/230331131508.htm\" target=\"_blank\" rel=\"noreferrer noopener\">cette \u00e9tude examine comment le rang social influence la r\u00e9action au stress<\/a> (<em>Study examines how social rank affects response to stress<\/em>).<\/p>\n\n\n\n<h2 class=\"wp-block-heading\"><span class=\"ez-toc-section\" id=\"Pour_conclure_et_ouvrir\"><\/span>Pour conclure et ouvrir<span class=\"ez-toc-section-end\"><\/span><\/h2>\n\n\n\n<p>Le stress social appara\u00eet ainsi sous un jour nouveau : il ne s\u2019agit pas seulement d\u2019une r\u00e9action \u00e0 des \u00e9v\u00e9nements, mais d\u2019une v\u00e9ritable construction psychique et sociale.<\/p>\n\n\n\n<p>En int\u00e9grant les normes, nous int\u00e9grons aussi leurs exigences, parfois sans en avoir pleinement conscience.<\/p>\n\n\n\n<p>Le stress n\u2019est donc pas uniquement ce que nous subissons, mais aussi ce que nous produisons int\u00e9rieurement.<\/p>\n\n\n\n<p>La question qui est ici et maintenant int\u00e9ressante pour vous est&nbsp;: <strong>comment mes environnements sociaux fa\u00e7onnent-ils la mani\u00e8re de me percevoir et de me juger ?<\/strong><\/p>\n","protected":false},"excerpt":{"rendered":"<p>Introduction&nbsp;: quand le stress ne vient pas seulement de \u00ab&nbsp;la situation&nbsp;\u00bb Le stress social est souvent per\u00e7u comme une r\u00e9action \u00e0 une situation difficile, impr\u00e9visible ou exigeante. Pourtant, cette vision classique ne suffit pas \u00e0 expliquer une r\u00e9alit\u00e9 bien plus troublante, \u00e0 savoir nous pouvons ressentir du stress m\u00eame en l\u2019absence d\u2019\u00e9v\u00e9nement objectivement stressant.<\/p>\n","protected":false},"author":2,"featured_media":0,"comment_status":"open","ping_status":"closed","sticky":false,"template":"","format":"standard","meta":{"_bbp_topic_count":0,"_bbp_reply_count":0,"_bbp_total_topic_count":0,"_bbp_total_reply_count":0,"_bbp_voice_count":0,"_bbp_anonymous_reply_count":0,"_bbp_topic_count_hidden":0,"_bbp_reply_count_hidden":0,"_bbp_forum_subforum_count":0,"footnotes":""},"categories":[74],"tags":[],"class_list":["post-25594","post","type-post","status-publish","format-standard","hentry","category-dictionnaire-en-ligne"],"yoast_head":"<!-- This site is optimized with the Yoast SEO plugin v27.4 - https:\/\/yoast.com\/product\/yoast-seo-wordpress\/ -->\n<title>Stress social : pourquoi nous nous auto-stressons<\/title>\n<meta name=\"description\" content=\"Le stress social na\u00eet des normes int\u00e9rioris\u00e9es : conformit\u00e9, performance et auto-stress expliqu\u00e9s clairement. Comment en sortir\u00a0?\" \/>\n<meta name=\"robots\" content=\"index, follow, max-snippet:-1, max-image-preview:large, max-video-preview:-1\" \/>\n<link rel=\"canonical\" href=\"https:\/\/www.agoracademie.com\/blog\/stress-social\/\" \/>\n<meta property=\"og:locale\" content=\"fr_FR\" \/>\n<meta property=\"og:type\" content=\"article\" \/>\n<meta property=\"og:title\" content=\"Stress social : pourquoi nous nous auto-stressons\" \/>\n<meta property=\"og:description\" content=\"Le stress social na\u00eet des normes int\u00e9rioris\u00e9es : conformit\u00e9, performance et auto-stress expliqu\u00e9s clairement. Comment en sortir\u00a0?\" \/>\n<meta property=\"og:url\" content=\"https:\/\/www.agoracademie.com\/blog\/stress-social\/\" \/>\n<meta property=\"og:site_name\" content=\"Agoracad\u00e9mie\" \/>\n<meta property=\"article:published_time\" content=\"2026-04-24T04:22:00+00:00\" \/>\n<meta property=\"og:image\" content=\"https:\/\/www.agoracademie.com\/blog\/wp-content\/uploads\/2026\/04\/stress_social.jpg\" \/>\n\t<meta property=\"og:image:width\" content=\"1079\" \/>\n\t<meta property=\"og:image:height\" content=\"538\" \/>\n\t<meta property=\"og:image:type\" content=\"image\/jpeg\" \/>\n<meta name=\"author\" content=\"Laurent Bertrel\" \/>\n<meta name=\"twitter:label1\" content=\"\u00c9crit par\" \/>\n\t<meta name=\"twitter:data1\" content=\"Laurent Bertrel\" \/>\n\t<meta name=\"twitter:label2\" content=\"Dur\u00e9e de lecture estim\u00e9e\" \/>\n\t<meta name=\"twitter:data2\" content=\"11 minutes\" \/>\n<script type=\"application\/ld+json\" class=\"yoast-schema-graph\">{\"@context\":\"https:\\\/\\\/schema.org\",\"@graph\":[{\"@type\":\"Article\",\"@id\":\"https:\\\/\\\/www.agoracademie.com\\\/blog\\\/stress-social\\\/#article\",\"isPartOf\":{\"@id\":\"https:\\\/\\\/www.agoracademie.com\\\/blog\\\/stress-social\\\/\"},\"author\":{\"name\":\"Laurent Bertrel\",\"@id\":\"https:\\\/\\\/www.agoracademie.com\\\/blog\\\/#\\\/schema\\\/person\\\/c2f110c50be7dcecc05cb4e87f32537f\"},\"headline\":\"Stress et normes sociales : pourquoi nous nous auto-stressons\",\"datePublished\":\"2026-04-24T04:22:00+00:00\",\"mainEntityOfPage\":{\"@id\":\"https:\\\/\\\/www.agoracademie.com\\\/blog\\\/stress-social\\\/\"},\"wordCount\":2307,\"commentCount\":0,\"image\":{\"@id\":\"https:\\\/\\\/www.agoracademie.com\\\/blog\\\/stress-social\\\/#primaryimage\"},\"thumbnailUrl\":\"https:\\\/\\\/www.agoracademie.com\\\/blog\\\/wp-content\\\/uploads\\\/2026\\\/04\\\/stress_social-1024x511.jpg\",\"articleSection\":[\"Dictionnaire en ligne\"],\"inLanguage\":\"fr-FR\",\"potentialAction\":[{\"@type\":\"CommentAction\",\"name\":\"Comment\",\"target\":[\"https:\\\/\\\/www.agoracademie.com\\\/blog\\\/stress-social\\\/#respond\"]}]},{\"@type\":\"WebPage\",\"@id\":\"https:\\\/\\\/www.agoracademie.com\\\/blog\\\/stress-social\\\/\",\"url\":\"https:\\\/\\\/www.agoracademie.com\\\/blog\\\/stress-social\\\/\",\"name\":\"Stress social : pourquoi nous nous auto-stressons\",\"isPartOf\":{\"@id\":\"https:\\\/\\\/www.agoracademie.com\\\/blog\\\/#website\"},\"primaryImageOfPage\":{\"@id\":\"https:\\\/\\\/www.agoracademie.com\\\/blog\\\/stress-social\\\/#primaryimage\"},\"image\":{\"@id\":\"https:\\\/\\\/www.agoracademie.com\\\/blog\\\/stress-social\\\/#primaryimage\"},\"thumbnailUrl\":\"https:\\\/\\\/www.agoracademie.com\\\/blog\\\/wp-content\\\/uploads\\\/2026\\\/04\\\/stress_social-1024x511.jpg\",\"datePublished\":\"2026-04-24T04:22:00+00:00\",\"author\":{\"@id\":\"https:\\\/\\\/www.agoracademie.com\\\/blog\\\/#\\\/schema\\\/person\\\/c2f110c50be7dcecc05cb4e87f32537f\"},\"description\":\"Le stress social na\u00eet des normes int\u00e9rioris\u00e9es : conformit\u00e9, performance et auto-stress expliqu\u00e9s clairement. Comment en sortir\u00a0?\",\"breadcrumb\":{\"@id\":\"https:\\\/\\\/www.agoracademie.com\\\/blog\\\/stress-social\\\/#breadcrumb\"},\"inLanguage\":\"fr-FR\",\"potentialAction\":[{\"@type\":\"ReadAction\",\"target\":[\"https:\\\/\\\/www.agoracademie.com\\\/blog\\\/stress-social\\\/\"]}]},{\"@type\":\"ImageObject\",\"inLanguage\":\"fr-FR\",\"@id\":\"https:\\\/\\\/www.agoracademie.com\\\/blog\\\/stress-social\\\/#primaryimage\",\"url\":\"https:\\\/\\\/www.agoracademie.com\\\/blog\\\/wp-content\\\/uploads\\\/2026\\\/04\\\/stress_social.jpg\",\"contentUrl\":\"https:\\\/\\\/www.agoracademie.com\\\/blog\\\/wp-content\\\/uploads\\\/2026\\\/04\\\/stress_social.jpg\",\"width\":1079,\"height\":538},{\"@type\":\"BreadcrumbList\",\"@id\":\"https:\\\/\\\/www.agoracademie.com\\\/blog\\\/stress-social\\\/#breadcrumb\",\"itemListElement\":[{\"@type\":\"ListItem\",\"position\":1,\"name\":\"Accueil\",\"item\":\"https:\\\/\\\/www.agoracademie.com\\\/blog\\\/\"},{\"@type\":\"ListItem\",\"position\":2,\"name\":\"Stress et normes sociales : pourquoi nous nous auto-stressons\"}]},{\"@type\":\"WebSite\",\"@id\":\"https:\\\/\\\/www.agoracademie.com\\\/blog\\\/#website\",\"url\":\"https:\\\/\\\/www.agoracademie.com\\\/blog\\\/\",\"name\":\"Blog Agoracad\u00e9mie - Centre de formation en ligne et \u00e0 distance\",\"description\":\"Le blog du d\u00e9veloppement personnel et des th\u00e9rapies\",\"potentialAction\":[{\"@type\":\"SearchAction\",\"target\":{\"@type\":\"EntryPoint\",\"urlTemplate\":\"https:\\\/\\\/www.agoracademie.com\\\/blog\\\/?s={search_term_string}\"},\"query-input\":{\"@type\":\"PropertyValueSpecification\",\"valueRequired\":true,\"valueName\":\"search_term_string\"}}],\"inLanguage\":\"fr-FR\"},{\"@type\":\"Person\",\"@id\":\"https:\\\/\\\/www.agoracademie.com\\\/blog\\\/#\\\/schema\\\/person\\\/c2f110c50be7dcecc05cb4e87f32537f\",\"name\":\"Laurent Bertrel\",\"image\":{\"@type\":\"ImageObject\",\"inLanguage\":\"fr-FR\",\"@id\":\"https:\\\/\\\/secure.gravatar.com\\\/avatar\\\/45841390e6db2f4064cc5f84ee39189cf562b1de36eb5b1b7cc82dee445813a4?s=96&r=g\",\"url\":\"https:\\\/\\\/secure.gravatar.com\\\/avatar\\\/45841390e6db2f4064cc5f84ee39189cf562b1de36eb5b1b7cc82dee445813a4?s=96&r=g\",\"contentUrl\":\"https:\\\/\\\/secure.gravatar.com\\\/avatar\\\/45841390e6db2f4064cc5f84ee39189cf562b1de36eb5b1b7cc82dee445813a4?s=96&r=g\",\"caption\":\"Laurent Bertrel\"},\"description\":\"Laurent Bertrel est le fondateur d'Agoracad\u00e9mie. Titulaire d'une licence en sciences humaines et sociales, d'une ma\u00eetrise et d'un master en psychanalyse, d'un master en \u00e9tudes culturelles parcours \u00e9tudes de genre, du DU connaissances g\u00e9n\u00e9rales de la personne \u00e2g\u00e9e, il est aussi form\u00e9 \u00e0 diff\u00e9rentes approches dont la PNL, la sophrologie, la relaxation, l'hypnose, le coaching, la m\u00e9ditation, les arts martiaux, etc. Auteur de plus de 40 ouvrages, dont 18 livres, il anime plusieurs formations sur Agoracad\u00e9mie et r\u00e9pondra au message que vous allez laisser ci-dessous.\",\"sameAs\":[\"https:\\\/\\\/www.agoracademie.com\\\/\"]}]}<\/script>\n<!-- \/ Yoast SEO plugin. -->","yoast_head_json":{"title":"Stress social : pourquoi nous nous auto-stressons","description":"Le stress social na\u00eet des normes int\u00e9rioris\u00e9es : conformit\u00e9, performance et auto-stress expliqu\u00e9s clairement. Comment en sortir\u00a0?","robots":{"index":"index","follow":"follow","max-snippet":"max-snippet:-1","max-image-preview":"max-image-preview:large","max-video-preview":"max-video-preview:-1"},"canonical":"https:\/\/www.agoracademie.com\/blog\/stress-social\/","og_locale":"fr_FR","og_type":"article","og_title":"Stress social : pourquoi nous nous auto-stressons","og_description":"Le stress social na\u00eet des normes int\u00e9rioris\u00e9es : conformit\u00e9, performance et auto-stress expliqu\u00e9s clairement. Comment en sortir\u00a0?","og_url":"https:\/\/www.agoracademie.com\/blog\/stress-social\/","og_site_name":"Agoracad\u00e9mie","article_published_time":"2026-04-24T04:22:00+00:00","og_image":[{"width":1079,"height":538,"url":"https:\/\/www.agoracademie.com\/blog\/wp-content\/uploads\/2026\/04\/stress_social.jpg","type":"image\/jpeg"}],"author":"Laurent Bertrel","twitter_misc":{"\u00c9crit par":"Laurent Bertrel","Dur\u00e9e de lecture estim\u00e9e":"11 minutes"},"schema":{"@context":"https:\/\/schema.org","@graph":[{"@type":"Article","@id":"https:\/\/www.agoracademie.com\/blog\/stress-social\/#article","isPartOf":{"@id":"https:\/\/www.agoracademie.com\/blog\/stress-social\/"},"author":{"name":"Laurent Bertrel","@id":"https:\/\/www.agoracademie.com\/blog\/#\/schema\/person\/c2f110c50be7dcecc05cb4e87f32537f"},"headline":"Stress et normes sociales : pourquoi nous nous auto-stressons","datePublished":"2026-04-24T04:22:00+00:00","mainEntityOfPage":{"@id":"https:\/\/www.agoracademie.com\/blog\/stress-social\/"},"wordCount":2307,"commentCount":0,"image":{"@id":"https:\/\/www.agoracademie.com\/blog\/stress-social\/#primaryimage"},"thumbnailUrl":"https:\/\/www.agoracademie.com\/blog\/wp-content\/uploads\/2026\/04\/stress_social-1024x511.jpg","articleSection":["Dictionnaire en ligne"],"inLanguage":"fr-FR","potentialAction":[{"@type":"CommentAction","name":"Comment","target":["https:\/\/www.agoracademie.com\/blog\/stress-social\/#respond"]}]},{"@type":"WebPage","@id":"https:\/\/www.agoracademie.com\/blog\/stress-social\/","url":"https:\/\/www.agoracademie.com\/blog\/stress-social\/","name":"Stress social : pourquoi nous nous auto-stressons","isPartOf":{"@id":"https:\/\/www.agoracademie.com\/blog\/#website"},"primaryImageOfPage":{"@id":"https:\/\/www.agoracademie.com\/blog\/stress-social\/#primaryimage"},"image":{"@id":"https:\/\/www.agoracademie.com\/blog\/stress-social\/#primaryimage"},"thumbnailUrl":"https:\/\/www.agoracademie.com\/blog\/wp-content\/uploads\/2026\/04\/stress_social-1024x511.jpg","datePublished":"2026-04-24T04:22:00+00:00","author":{"@id":"https:\/\/www.agoracademie.com\/blog\/#\/schema\/person\/c2f110c50be7dcecc05cb4e87f32537f"},"description":"Le stress social na\u00eet des normes int\u00e9rioris\u00e9es : conformit\u00e9, performance et auto-stress expliqu\u00e9s clairement. Comment en sortir\u00a0?","breadcrumb":{"@id":"https:\/\/www.agoracademie.com\/blog\/stress-social\/#breadcrumb"},"inLanguage":"fr-FR","potentialAction":[{"@type":"ReadAction","target":["https:\/\/www.agoracademie.com\/blog\/stress-social\/"]}]},{"@type":"ImageObject","inLanguage":"fr-FR","@id":"https:\/\/www.agoracademie.com\/blog\/stress-social\/#primaryimage","url":"https:\/\/www.agoracademie.com\/blog\/wp-content\/uploads\/2026\/04\/stress_social.jpg","contentUrl":"https:\/\/www.agoracademie.com\/blog\/wp-content\/uploads\/2026\/04\/stress_social.jpg","width":1079,"height":538},{"@type":"BreadcrumbList","@id":"https:\/\/www.agoracademie.com\/blog\/stress-social\/#breadcrumb","itemListElement":[{"@type":"ListItem","position":1,"name":"Accueil","item":"https:\/\/www.agoracademie.com\/blog\/"},{"@type":"ListItem","position":2,"name":"Stress et normes sociales : pourquoi nous nous auto-stressons"}]},{"@type":"WebSite","@id":"https:\/\/www.agoracademie.com\/blog\/#website","url":"https:\/\/www.agoracademie.com\/blog\/","name":"Blog Agoracad\u00e9mie - Centre de formation en ligne et \u00e0 distance","description":"Le blog du d\u00e9veloppement personnel et des th\u00e9rapies","potentialAction":[{"@type":"SearchAction","target":{"@type":"EntryPoint","urlTemplate":"https:\/\/www.agoracademie.com\/blog\/?s={search_term_string}"},"query-input":{"@type":"PropertyValueSpecification","valueRequired":true,"valueName":"search_term_string"}}],"inLanguage":"fr-FR"},{"@type":"Person","@id":"https:\/\/www.agoracademie.com\/blog\/#\/schema\/person\/c2f110c50be7dcecc05cb4e87f32537f","name":"Laurent Bertrel","image":{"@type":"ImageObject","inLanguage":"fr-FR","@id":"https:\/\/secure.gravatar.com\/avatar\/45841390e6db2f4064cc5f84ee39189cf562b1de36eb5b1b7cc82dee445813a4?s=96&r=g","url":"https:\/\/secure.gravatar.com\/avatar\/45841390e6db2f4064cc5f84ee39189cf562b1de36eb5b1b7cc82dee445813a4?s=96&r=g","contentUrl":"https:\/\/secure.gravatar.com\/avatar\/45841390e6db2f4064cc5f84ee39189cf562b1de36eb5b1b7cc82dee445813a4?s=96&r=g","caption":"Laurent Bertrel"},"description":"Laurent Bertrel est le fondateur d'Agoracad\u00e9mie. Titulaire d'une licence en sciences humaines et sociales, d'une ma\u00eetrise et d'un master en psychanalyse, d'un master en \u00e9tudes culturelles parcours \u00e9tudes de genre, du DU connaissances g\u00e9n\u00e9rales de la personne \u00e2g\u00e9e, il est aussi form\u00e9 \u00e0 diff\u00e9rentes approches dont la PNL, la sophrologie, la relaxation, l'hypnose, le coaching, la m\u00e9ditation, les arts martiaux, etc. Auteur de plus de 40 ouvrages, dont 18 livres, il anime plusieurs formations sur Agoracad\u00e9mie et r\u00e9pondra au message que vous allez laisser ci-dessous.","sameAs":["https:\/\/www.agoracademie.com\/"]}]}},"acf":[],"_links":{"self":[{"href":"https:\/\/www.agoracademie.com\/blog\/wp-json\/wp\/v2\/posts\/25594","targetHints":{"allow":["GET"]}}],"collection":[{"href":"https:\/\/www.agoracademie.com\/blog\/wp-json\/wp\/v2\/posts"}],"about":[{"href":"https:\/\/www.agoracademie.com\/blog\/wp-json\/wp\/v2\/types\/post"}],"author":[{"embeddable":true,"href":"https:\/\/www.agoracademie.com\/blog\/wp-json\/wp\/v2\/users\/2"}],"replies":[{"embeddable":true,"href":"https:\/\/www.agoracademie.com\/blog\/wp-json\/wp\/v2\/comments?post=25594"}],"version-history":[{"count":1,"href":"https:\/\/www.agoracademie.com\/blog\/wp-json\/wp\/v2\/posts\/25594\/revisions"}],"predecessor-version":[{"id":25596,"href":"https:\/\/www.agoracademie.com\/blog\/wp-json\/wp\/v2\/posts\/25594\/revisions\/25596"}],"wp:attachment":[{"href":"https:\/\/www.agoracademie.com\/blog\/wp-json\/wp\/v2\/media?parent=25594"}],"wp:term":[{"taxonomy":"category","embeddable":true,"href":"https:\/\/www.agoracademie.com\/blog\/wp-json\/wp\/v2\/categories?post=25594"},{"taxonomy":"post_tag","embeddable":true,"href":"https:\/\/www.agoracademie.com\/blog\/wp-json\/wp\/v2\/tags?post=25594"}],"curies":[{"name":"wp","href":"https:\/\/api.w.org\/{rel}","templated":true}]}}