{"id":25597,"date":"2026-04-27T10:42:06","date_gmt":"2026-04-27T08:42:06","guid":{"rendered":"https:\/\/www.agoracademie.com\/blog\/?p=25597"},"modified":"2026-04-27T10:47:27","modified_gmt":"2026-04-27T08:47:27","slug":"stress-psychique","status":"publish","type":"post","link":"https:\/\/www.agoracademie.com\/blog\/stress-psychique\/","title":{"rendered":"Stress psychique : m\u00e9canismes et tension interne"},"content":{"rendered":"<div class=\"wp-block-image\">\n<figure class=\"aligncenter size-large\"><img loading=\"lazy\" decoding=\"async\" width=\"1024\" height=\"511\" src=\"https:\/\/www.agoracademie.com\/blog\/wp-content\/uploads\/2026\/04\/stress_psychique-1024x511.jpg\" alt=\"Stress psychique : et si votre stress venait de l\u2019int\u00e9rieur ?\" class=\"wp-image-25598\" srcset=\"https:\/\/www.agoracademie.com\/blog\/wp-content\/uploads\/2026\/04\/stress_psychique-1024x511.jpg 1024w, https:\/\/www.agoracademie.com\/blog\/wp-content\/uploads\/2026\/04\/stress_psychique-300x150.jpg 300w, https:\/\/www.agoracademie.com\/blog\/wp-content\/uploads\/2026\/04\/stress_psychique-768x383.jpg 768w, https:\/\/www.agoracademie.com\/blog\/wp-content\/uploads\/2026\/04\/stress_psychique.jpg 1079w\" sizes=\"auto, (max-width: 1024px) 100vw, 1024px\" \/><figcaption class=\"wp-element-caption\">Le stress psychique n\u2019est pas un bruit : c\u2019est un message.<\/figcaption><\/figure><div id=\"ez-toc-container\" class=\"ez-toc-v2_0_82_2 ez-toc-wrap-center counter-hierarchy ez-toc-counter ez-toc-transparent ez-toc-container-direction\">\n<div class=\"ez-toc-title-container\">\n<p class=\"ez-toc-title\" style=\"cursor:inherit\">Sommaire<\/p>\n<span class=\"ez-toc-title-toggle\"><a href=\"#\" class=\"ez-toc-pull-right ez-toc-btn ez-toc-btn-xs ez-toc-btn-default ez-toc-toggle\" aria-label=\"Toggle Table of Content\"><span class=\"ez-toc-js-icon-con\"><span class=\"\"><span class=\"eztoc-hide\" style=\"display:none;\">Toggle<\/span><span class=\"ez-toc-icon-toggle-span\"><svg style=\"fill: #999;color:#999\" xmlns=\"http:\/\/www.w3.org\/2000\/svg\" class=\"list-377408\" width=\"20px\" height=\"20px\" viewBox=\"0 0 24 24\" fill=\"none\"><path d=\"M6 6H4v2h2V6zm14 0H8v2h12V6zM4 11h2v2H4v-2zm16 0H8v2h12v-2zM4 16h2v2H4v-2zm16 0H8v2h12v-2z\" fill=\"currentColor\"><\/path><\/svg><svg style=\"fill: #999;color:#999\" class=\"arrow-unsorted-368013\" xmlns=\"http:\/\/www.w3.org\/2000\/svg\" width=\"10px\" height=\"10px\" viewBox=\"0 0 24 24\" version=\"1.2\" baseProfile=\"tiny\"><path d=\"M18.2 9.3l-6.2-6.3-6.2 6.3c-.2.2-.3.4-.3.7s.1.5.3.7c.2.2.4.3.7.3h11c.3 0 .5-.1.7-.3.2-.2.3-.5.3-.7s-.1-.5-.3-.7zM5.8 14.7l6.2 6.3 6.2-6.3c.2-.2.3-.5.3-.7s-.1-.5-.3-.7c-.2-.2-.4-.3-.7-.3h-11c-.3 0-.5.1-.7.3-.2.2-.3.5-.3.7s.1.5.3.7z\"\/><\/svg><\/span><\/span><\/span><\/a><\/span><\/div>\n<nav><ul class='ez-toc-list ez-toc-list-level-1 ' ><li class='ez-toc-page-1 ez-toc-heading-level-2'><a class=\"ez-toc-link ez-toc-heading-1\" href=\"https:\/\/www.agoracademie.com\/blog\/stress-psychique\/#Introduction_quand_le_stress_ne_vient_plus_de_lexterieur\" >Introduction&nbsp;: quand le stress ne vient plus de l\u2019ext\u00e9rieur<\/a><\/li><li class='ez-toc-page-1 ez-toc-heading-level-2'><a class=\"ez-toc-link ez-toc-heading-2\" href=\"https:\/\/www.agoracademie.com\/blog\/stress-psychique\/#Le_stress_psychique_une_lecture_interne_du_stress\" >Le stress psychique : une lecture interne du stress<\/a><ul class='ez-toc-list-level-3' ><li class='ez-toc-heading-level-3'><a class=\"ez-toc-link ez-toc-heading-3\" href=\"https:\/\/www.agoracademie.com\/blog\/stress-psychique\/#Definir_le_stress_psychique\" >D\u00e9finir le stress psychique<\/a><\/li><li class='ez-toc-page-1 ez-toc-heading-level-3'><a class=\"ez-toc-link ez-toc-heading-4\" href=\"https:\/\/www.agoracademie.com\/blog\/stress-psychique\/#La_tension_psychique_comme_etat_de_fond\" >La tension psychique comme \u00e9tat de fond<\/a><\/li><\/ul><\/li><li class='ez-toc-page-1 ez-toc-heading-level-2'><a class=\"ez-toc-link ez-toc-heading-5\" href=\"https:\/\/www.agoracademie.com\/blog\/stress-psychique\/#Le_stress_comme_signal_psychique\" >Le stress comme signal psychique<\/a><ul class='ez-toc-list-level-3' ><li class='ez-toc-heading-level-3'><a class=\"ez-toc-link ez-toc-heading-6\" href=\"https:\/\/www.agoracademie.com\/blog\/stress-psychique\/#Le_stress_comme_message_interne\" >Le stress comme message interne<\/a><\/li><li class='ez-toc-page-1 ez-toc-heading-level-3'><a class=\"ez-toc-link ez-toc-heading-7\" href=\"https:\/\/www.agoracademie.com\/blog\/stress-psychique\/#Quand_le_psychisme_parle_sans_mots\" >Quand le psychisme parle sans mots<\/a><\/li><li class='ez-toc-page-1 ez-toc-heading-level-3'><a class=\"ez-toc-link ez-toc-heading-8\" href=\"https:\/\/www.agoracademie.com\/blog\/stress-psychique\/#Stress_et_surcharge_de_traitement_interne\" >Stress et surcharge de traitement interne<\/a><\/li><\/ul><\/li><li class='ez-toc-page-1 ez-toc-heading-level-2'><a class=\"ez-toc-link ez-toc-heading-9\" href=\"https:\/\/www.agoracademie.com\/blog\/stress-psychique\/#Mecanismes_de_defense_quand_le_psychisme_organise_la_survie\" >M\u00e9canismes de d\u00e9fense : quand le psychisme organise la survie<\/a><ul class='ez-toc-list-level-3' ><li class='ez-toc-heading-level-3'><a class=\"ez-toc-link ez-toc-heading-10\" href=\"https:\/\/www.agoracademie.com\/blog\/stress-psychique\/#Definition_fonctionnelle_des_mecanismes_de_defense\" >D\u00e9finition fonctionnelle des m\u00e9canismes de d\u00e9fense<\/a><\/li><li class='ez-toc-page-1 ez-toc-heading-level-3'><a class=\"ez-toc-link ez-toc-heading-11\" href=\"https:\/\/www.agoracademie.com\/blog\/stress-psychique\/#Types_de_mecanismes\" >Types de m\u00e9canismes<\/a><\/li><li class='ez-toc-page-1 ez-toc-heading-level-3'><a class=\"ez-toc-link ez-toc-heading-12\" href=\"https:\/\/www.agoracademie.com\/blog\/stress-psychique\/#Effet_paradoxal_des_defenses\" >Effet paradoxal des d\u00e9fenses<\/a><\/li><\/ul><\/li><li class='ez-toc-page-1 ez-toc-heading-level-2'><a class=\"ez-toc-link ez-toc-heading-13\" href=\"https:\/\/www.agoracademie.com\/blog\/stress-psychique\/#Stress_chronique_et_repetition_inconsciente\" >Stress chronique et r\u00e9p\u00e9tition inconsciente<\/a><ul class='ez-toc-list-level-3' ><li class='ez-toc-heading-level-3'><a class=\"ez-toc-link ez-toc-heading-14\" href=\"https:\/\/www.agoracademie.com\/blog\/stress-psychique\/#Pourquoi_les_memes_situations_se_repetent-elles\" >Pourquoi les m\u00eames situations se r\u00e9p\u00e8tent-elles&nbsp;?<\/a><\/li><li class='ez-toc-page-1 ez-toc-heading-level-3'><a class=\"ez-toc-link ez-toc-heading-15\" href=\"https:\/\/www.agoracademie.com\/blog\/stress-psychique\/#Le_role_du_stress_dans_la_repetition\" >Le r\u00f4le du stress dans la r\u00e9p\u00e9tition<\/a><\/li><li class='ez-toc-page-1 ez-toc-heading-level-3'><a class=\"ez-toc-link ez-toc-heading-16\" href=\"https:\/\/www.agoracademie.com\/blog\/stress-psychique\/#Lecture_dynamique\" >Lecture dynamique<\/a><\/li><\/ul><\/li><li class='ez-toc-page-1 ez-toc-heading-level-2'><a class=\"ez-toc-link ez-toc-heading-17\" href=\"https:\/\/www.agoracademie.com\/blog\/stress-psychique\/#Stress_psychique_et_conflits_internes\" >Stress psychique et conflits internes<\/a><ul class='ez-toc-list-level-3' ><li class='ez-toc-heading-level-3'><a class=\"ez-toc-link ez-toc-heading-18\" href=\"https:\/\/www.agoracademie.com\/blog\/stress-psychique\/#Le_conflit_comme_noyau_de_la_tension\" >Le conflit comme noyau de la tension<\/a><\/li><li class='ez-toc-page-1 ez-toc-heading-level-3'><a class=\"ez-toc-link ez-toc-heading-19\" href=\"https:\/\/www.agoracademie.com\/blog\/stress-psychique\/#Le_stress_comme_compromis_instable\" >Le stress comme compromis instable<\/a><\/li><\/ul><\/li><li class='ez-toc-page-1 ez-toc-heading-level-2'><a class=\"ez-toc-link ez-toc-heading-20\" href=\"https:\/\/www.agoracademie.com\/blog\/stress-psychique\/#Tension_psychique_et_surcharge_de_vie_mentale\" >Tension psychique et surcharge de vie mentale<\/a><ul class='ez-toc-list-level-3' ><li class='ez-toc-heading-level-3'><a class=\"ez-toc-link ez-toc-heading-21\" href=\"https:\/\/www.agoracademie.com\/blog\/stress-psychique\/#Hyperactivite_interne\" >Hyperactivit\u00e9 interne<\/a><\/li><li class='ez-toc-page-1 ez-toc-heading-level-3'><a class=\"ez-toc-link ez-toc-heading-22\" href=\"https:\/\/www.agoracademie.com\/blog\/stress-psychique\/#Perte_de_repos_psychique\" >Perte de repos psychique<\/a><\/li><\/ul><\/li><li class='ez-toc-page-1 ez-toc-heading-level-2'><a class=\"ez-toc-link ez-toc-heading-23\" href=\"https:\/\/www.agoracademie.com\/blog\/stress-psychique\/#Du_symptome_a_la_comprehension_changer_de_regard\" >Du sympt\u00f4me \u00e0 la compr\u00e9hension : changer de regard<\/a><\/li><li class='ez-toc-page-1 ez-toc-heading-level-2'><a class=\"ez-toc-link ez-toc-heading-24\" href=\"https:\/\/www.agoracademie.com\/blog\/stress-psychique\/#Vers_une_lecture_clinique_du_stress_psychique\" >Vers une lecture clinique du stress psychique<\/a><\/li><li class='ez-toc-page-1 ez-toc-heading-level-2'><a class=\"ez-toc-link ez-toc-heading-25\" href=\"https:\/\/www.agoracademie.com\/blog\/stress-psychique\/#5_points_cles_a_retenir\" >5 points cl\u00e9s \u00e0 retenir<\/a><\/li><li class='ez-toc-page-1 ez-toc-heading-level-2'><a class=\"ez-toc-link ez-toc-heading-26\" href=\"https:\/\/www.agoracademie.com\/blog\/stress-psychique\/#FAQ_%E2%80%93_Stress_psychique\" >FAQ &#8211; Stress psychique<\/a><ul class='ez-toc-list-level-3' ><li class='ez-toc-heading-level-3'><a class=\"ez-toc-link ez-toc-heading-27\" href=\"https:\/\/www.agoracademie.com\/blog\/stress-psychique\/#Quest-ce_que_le_stress_psychique_exactement\" >Qu\u2019est-ce que le stress psychique exactement ?<\/a><\/li><li class='ez-toc-page-1 ez-toc-heading-level-3'><a class=\"ez-toc-link ez-toc-heading-28\" href=\"https:\/\/www.agoracademie.com\/blog\/stress-psychique\/#Peut-on_ressentir_du_stress_sans_raison_apparente\" >Peut-on ressentir du stress sans raison apparente ?<\/a><\/li><li class='ez-toc-page-1 ez-toc-heading-level-3'><a class=\"ez-toc-link ez-toc-heading-29\" href=\"https:\/\/www.agoracademie.com\/blog\/stress-psychique\/#Quelle_est_la_difference_entre_stress_psychique_et_%C2%AB_normal_%C2%BB\" >Quelle est la diff\u00e9rence entre stress psychique et \u00ab&nbsp;normal&nbsp;\u00bb ?<\/a><\/li><li class='ez-toc-page-1 ez-toc-heading-level-3'><a class=\"ez-toc-link ez-toc-heading-30\" href=\"https:\/\/www.agoracademie.com\/blog\/stress-psychique\/#Pourquoi_mon_stress_ne_disparait-il_pas_meme_quand_tout_va_bien\" >Pourquoi mon stress ne dispara\u00eet-il pas m\u00eame quand tout va bien ?<\/a><\/li><li class='ez-toc-page-1 ez-toc-heading-level-3'><a class=\"ez-toc-link ez-toc-heading-31\" href=\"https:\/\/www.agoracademie.com\/blog\/stress-psychique\/#Le_stress_psychique_est-il_dangereux_pour_la_sante\" >Le stress psychique est-il dangereux pour la sant\u00e9 ?<\/a><\/li><li class='ez-toc-page-1 ez-toc-heading-level-3'><a class=\"ez-toc-link ez-toc-heading-32\" href=\"https:\/\/www.agoracademie.com\/blog\/stress-psychique\/#Est-il_lie_a_lanxiete\" >Est-il li\u00e9 \u00e0 l\u2019anxi\u00e9t\u00e9 ?<\/a><\/li><li class='ez-toc-page-1 ez-toc-heading-level-3'><a class=\"ez-toc-link ez-toc-heading-33\" href=\"https:\/\/www.agoracademie.com\/blog\/stress-psychique\/#Comment_reconnaitre_un_stress_psychique\" >Comment reconna\u00eetre un stress psychique ?<\/a><\/li><li class='ez-toc-page-1 ez-toc-heading-level-3'><a class=\"ez-toc-link ez-toc-heading-34\" href=\"https:\/\/www.agoracademie.com\/blog\/stress-psychique\/#Pourquoi_certaines_situations_stressantes_se_repetent-elles_dans_ma_vie\" >Pourquoi certaines situations stressantes se r\u00e9p\u00e8tent-elles dans ma vie ?<\/a><\/li><li class='ez-toc-page-1 ez-toc-heading-level-3'><a class=\"ez-toc-link ez-toc-heading-35\" href=\"https:\/\/www.agoracademie.com\/blog\/stress-psychique\/#Les_techniques_de_relaxation_suffisent-elles_a_le_gerer\" >Les techniques de relaxation suffisent-elles \u00e0 le g\u00e9rer ?<\/a><\/li><li class='ez-toc-page-1 ez-toc-heading-level-3'><a class=\"ez-toc-link ez-toc-heading-36\" href=\"https:\/\/www.agoracademie.com\/blog\/stress-psychique\/#Comment_reduire_durablement_le_stress_psychique\" >Comment r\u00e9duire durablement le stress psychique ?<\/a><\/li><li class='ez-toc-page-1 ez-toc-heading-level-3'><a class=\"ez-toc-link ez-toc-heading-37\" href=\"https:\/\/www.agoracademie.com\/blog\/stress-psychique\/#Existe-t-il_des_etudes_scientifiques_sur_ce_sujet\" >Existe-t-il des \u00e9tudes scientifiques sur ce sujet&nbsp;?<\/a><\/li><\/ul><\/li><li class='ez-toc-page-1 ez-toc-heading-level-2'><a class=\"ez-toc-link ez-toc-heading-38\" href=\"https:\/\/www.agoracademie.com\/blog\/stress-psychique\/#Pour_resumer\" >Pour r\u00e9sumer<\/a><\/li><\/ul><\/nav><\/div>\n\n<\/div>\n\n\n<h2 class=\"wp-block-heading\"><span class=\"ez-toc-section\" id=\"Introduction_quand_le_stress_ne_vient_plus_de_lexterieur\"><\/span>Introduction&nbsp;: quand le stress ne vient plus de l\u2019ext\u00e9rieur<span class=\"ez-toc-section-end\"><\/span><\/h2>\n\n\n\n<p><strong>Stress psychique<\/strong> : il existe des situations o\u00f9, objectivement, \u00ab&nbsp;tout va bien&nbsp;\u00bb\u2026, et pourtant, la tension est l\u00e0.<\/p>\n\n\n\n<p>Aucun \u00e9v\u00e9nement majeur, aucun probl\u00e8me identifiable, et malgr\u00e9 cela, une sensation persistante d\u2019inconfort, d\u2019agitation ou de pression interne.<\/p>\n\n\n\n<!--more-->\n\n\n\n<p>Cette exp\u00e9rience est loin d\u2019\u00eatre marginale et elle met en lumi\u00e8re une distinction essentielle : celle entre un stress li\u00e9 \u00e0 une situation ext\u00e9rieure identifiable (travail, conflit, urgence) et un stress qui semble \u00e9merger de l\u2019int\u00e9rieur, sans cause apparente.<\/p>\n\n\n\n<p>Dans ce second cas, le sujet fait face \u00e0 une <strong>tension psychique diffuse<\/strong>, difficile \u00e0 localiser, parfois m\u00eame impossible \u00e0 expliquer.<\/p>\n\n\n\n<p>Il peut dire : \u00ab&nbsp;Je ne comprends pas pourquoi je suis stress\u00e9.&nbsp;\u00bb<\/p>\n\n\n\n<p>C\u2019est pr\u00e9cis\u00e9ment l\u00e0 que la question suivante devient int\u00e9ressante : <strong>que nous dit un stress qui ne correspond pas \u00e0 ce que nous vivons ?<\/strong><\/p>\n\n\n\n<h2 class=\"wp-block-heading\"><span class=\"ez-toc-section\" id=\"Le_stress_psychique_une_lecture_interne_du_stress\"><\/span>Le stress psychique : une lecture interne du stress<span class=\"ez-toc-section-end\"><\/span><\/h2>\n\n\n\n<h3 class=\"wp-block-heading\"><span class=\"ez-toc-section\" id=\"Definir_le_stress_psychique\"><\/span>D\u00e9finir le stress psychique<span class=\"ez-toc-section-end\"><\/span><\/h3>\n\n\n\n<p>Le stress psychique peut \u00eatre compris comme une <strong>exp\u00e9rience interne<\/strong>, avant m\u00eame d\u2019\u00eatre une r\u00e9action \u00e0 l\u2019environnement.<\/p>\n\n\n\n<p>Il ne d\u00e9pend pas uniquement d\u2019un \u00e9v\u00e9nement ext\u00e9rieur, mais de la mani\u00e8re dont le psychisme organise, interpr\u00e8te et traite ce qui est v\u00e9cu.<\/p>\n\n\n\n<p>On peut ainsi distinguer implicitement :<\/p>\n\n\n\n<ul class=\"wp-block-list\">\n<li><strong>le stress externe<\/strong> qui est li\u00e9 \u00e0 une situation identifiable<\/li>\n\n\n\n<li><strong>et le stress psychique<\/strong> qui lui est li\u00e9 \u00e0 une organisation interne du v\u00e9cu.<\/li>\n<\/ul>\n\n\n\n<p>Autrement dit, deux personnes peuvent vivre la m\u00eame situation sans \u00e9prouver le m\u00eame stress.<\/p>\n\n\n\n<p>Ce qui est d\u2019ailleurs plut\u00f4t courant&#8230;<\/p>\n\n\n\n<h3 class=\"wp-block-heading\"><span class=\"ez-toc-section\" id=\"La_tension_psychique_comme_etat_de_fond\"><\/span>La tension psychique comme \u00e9tat de fond<span class=\"ez-toc-section-end\"><\/span><\/h3>\n\n\n\n<p>Le stress psychique s\u2019appuie souvent sur une <strong>tension de fond<\/strong>, c&rsquo;est-\u00e0-dire une sorte d\u2019activation interne permanente.<\/p>\n\n\n\n<p>Ses caract\u00e9ristiques sont principalement les suivantes :<\/p>\n\n\n\n<ul class=\"wp-block-list\">\n<li>diffuse,<\/li>\n\n\n\n<li>persistante<\/li>\n\n\n\n<li>et difficile \u00e0 nommer.<\/li>\n<\/ul>\n\n\n\n<p>Le sujet ne r\u00e9agit pas seulement \u00e0 des \u00e9v\u00e9nements, il <strong>fonctionne en tension<\/strong>.<\/p>\n\n\n\n<h2 class=\"wp-block-heading\"><span class=\"ez-toc-section\" id=\"Le_stress_comme_signal_psychique\"><\/span>Le stress comme signal psychique<span class=\"ez-toc-section-end\"><\/span><\/h2>\n\n\n\n<h3 class=\"wp-block-heading\"><span class=\"ez-toc-section\" id=\"Le_stress_comme_message_interne\"><\/span>Le stress comme message interne<span class=\"ez-toc-section-end\"><\/span><\/h3>\n\n\n\n<p>Une id\u00e9e centrale \u00e0 retenir est ici que le stress n\u2019est pas uniquement un probl\u00e8me \u00e0 \u00e9liminer, puisqu&rsquo;il peut aussi \u00eatre un <strong>signal<\/strong>.<\/p>\n\n\n\n<p>En effet, il indique potentiellement :<\/p>\n\n\n\n<ul class=\"wp-block-list\">\n<li>une surcharge interne,<\/li>\n\n\n\n<li>un conflit psychique,<\/li>\n\n\n\n<li>ou encore une inad\u00e9quation entre d\u00e9sir et r\u00e9alit\u00e9.<\/li>\n<\/ul>\n\n\n\n<p>Le stress devient alors une forme de langage du psychisme qu&rsquo;il convient d&rsquo;apprendre \u00e0 \u00e9couter pour bien le comprendre et ainsi agir de la bonne mani\u00e8re pour le r\u00e9soudre.<\/p>\n\n\n\n<h3 class=\"wp-block-heading\"><span class=\"ez-toc-section\" id=\"Quand_le_psychisme_parle_sans_mots\"><\/span>Quand le psychisme parle sans mots<span class=\"ez-toc-section-end\"><\/span><\/h3>\n\n\n\n<p>Ce langage ne passe pas toujours par des mots clairs, car il s\u2019exprime souvent de mani\u00e8re indirecte :<\/p>\n\n\n\n<ul class=\"wp-block-list\">\n<li>irritabilit\u00e9,<\/li>\n\n\n\n<li>fatigue chronique,<\/li>\n\n\n\n<li>agitation mentale,<\/li>\n\n\n\n<li>troubles somatiques, etc.<\/li>\n<\/ul>\n\n\n\n<p>Le corps et le mental deviennent alors les vecteurs d\u2019une tension qui ne trouve pas d\u2019expression directe.<\/p>\n\n\n\n<h3 class=\"wp-block-heading\"><span class=\"ez-toc-section\" id=\"Stress_et_surcharge_de_traitement_interne\"><\/span>Stress et surcharge de traitement interne<span class=\"ez-toc-section-end\"><\/span><\/h3>\n\n\n\n<p>Dans de nombreux cas, le stress psychique est li\u00e9 \u00e0 une <strong>surcharge de traitement interne<\/strong> :<\/p>\n\n\n\n<ul class=\"wp-block-list\">\n<li>accumulation de pens\u00e9es,<\/li>\n\n\n\n<li>rumination,<\/li>\n\n\n\n<li>difficult\u00e9 \u00e0 prendre du recul, etc.<\/li>\n<\/ul>\n\n\n\n<p>Le psychisme semble ne plus parvenir \u00e0 filtrer efficacement ce qui le traverse.<\/p>\n\n\n\n<h2 class=\"wp-block-heading\"><span class=\"ez-toc-section\" id=\"Mecanismes_de_defense_quand_le_psychisme_organise_la_survie\"><\/span>M\u00e9canismes de d\u00e9fense : quand le psychisme organise la survie<span class=\"ez-toc-section-end\"><\/span><\/h2>\n\n\n\n<h3 class=\"wp-block-heading\"><span class=\"ez-toc-section\" id=\"Definition_fonctionnelle_des_mecanismes_de_defense\"><\/span>D\u00e9finition fonctionnelle des m\u00e9canismes de d\u00e9fense<span class=\"ez-toc-section-end\"><\/span><\/h3>\n\n\n\n<p>Les m\u00e9canismes de d\u00e9fense ne sont pas des dysfonctionnements en soi.<\/p>\n\n\n\n<p>Ils constituent des <strong>organisations adaptatives<\/strong> dont la fonction est clairement de prot\u00e9ger le sujet d\u2019une surcharge psychique.<\/p>\n\n\n\n<h3 class=\"wp-block-heading\"><span class=\"ez-toc-section\" id=\"Types_de_mecanismes\"><\/span>Types de m\u00e9canismes<span class=\"ez-toc-section-end\"><\/span><\/h3>\n\n\n\n<p>Parmi les m\u00e9canismes les plus fr\u00e9quents on trouve :<\/p>\n\n\n\n<ul class=\"wp-block-list\">\n<li><strong>la rationalisation<\/strong> : donner une explication logique pour r\u00e9duire l\u2019inconfort\u00a0;<\/li>\n\n\n\n<li><strong>l&rsquo;\u00e9vitement<\/strong> : se d\u00e9tourner de ce qui g\u00e9n\u00e8re de la tension\u00a0;<\/li>\n\n\n\n<li><strong>l&rsquo;intellectualisation<\/strong> : analyser plut\u00f4t que ressentir\u00a0;<\/li>\n\n\n\n<li><strong>le clivage<\/strong> : s\u00e9parer des \u00e9l\u00e9ments incompatibles.<\/li>\n<\/ul>\n\n\n\n<p>Tous ont un point commun, \u00e0 savoir qu&rsquo;ils permettent de <strong>r\u00e9duire temporairement la tension psychique<\/strong>.<\/p>\n\n\n\n<p>Mais&#8230; temporairement seulement&#8230; d&rsquo;o\u00f9 l&rsquo;importance de prendre en charge ce stress si particulier le plus t\u00f4t possible afin d&rsquo;\u00e9viter qu&rsquo;il ne devienne chronique.<\/p>\n\n\n\n<h3 class=\"wp-block-heading\"><span class=\"ez-toc-section\" id=\"Effet_paradoxal_des_defenses\"><\/span>Effet paradoxal des d\u00e9fenses<span class=\"ez-toc-section-end\"><\/span><\/h3>\n\n\n\n<p>Mais ces m\u00e9canismes ont un effet paradoxal :<\/p>\n\n\n\n<ul class=\"wp-block-list\">\n<li>ils prot\u00e8gent \u00e0 court terme<\/li>\n\n\n\n<li>et surtout ils peuvent maintenir le stress \u00e0 long terme.<\/li>\n<\/ul>\n\n\n\n<p>Ainsi, le stress psychique ne dispara\u00eet pas toujours, car il peut \u00eatre <strong>stabilis\u00e9<\/strong>, voire entretenu.<\/p>\n\n\n\n<h2 class=\"wp-block-heading\"><span class=\"ez-toc-section\" id=\"Stress_chronique_et_repetition_inconsciente\"><\/span>Stress chronique et r\u00e9p\u00e9tition inconsciente<span class=\"ez-toc-section-end\"><\/span><\/h2>\n\n\n\n<h3 class=\"wp-block-heading\"><span class=\"ez-toc-section\" id=\"Pourquoi_les_memes_situations_se_repetent-elles\"><\/span>Pourquoi les m\u00eames situations se r\u00e9p\u00e8tent-elles&nbsp;?<span class=\"ez-toc-section-end\"><\/span><\/h3>\n\n\n\n<p>Beaucoup de personnes constatent une forme de r\u00e9p\u00e9tition du style :<\/p>\n\n\n\n<ul class=\"wp-block-list\">\n<li>relations similaires,<\/li>\n\n\n\n<li>contextes professionnels comparables,<\/li>\n\n\n\n<li>situations g\u00e9n\u00e9ratrices de stress r\u00e9currentes, etc.<\/li>\n<\/ul>\n\n\n\n<p>Cela renvoie \u00e0 la notion de <strong>r\u00e9p\u00e9tition psychique<\/strong>.<\/p>\n\n\n\n<h3 class=\"wp-block-heading\"><span class=\"ez-toc-section\" id=\"Le_role_du_stress_dans_la_repetition\"><\/span>Le r\u00f4le du stress dans la r\u00e9p\u00e9tition<span class=\"ez-toc-section-end\"><\/span><\/h3>\n\n\n\n<p>Dans ces situations, le stress agit comme un indicateur, c&rsquo;est-\u00e0-dire qu&rsquo;il signale un <strong>sc\u00e9nario interne<\/strong> qui se rejoue.<\/p>\n\n\n\n<p>Pourtant, malgr\u00e9 la tension, le sujet reste dans ces configurations, ce qui vient cr\u00e9er le paradoxe suivant :<\/p>\n\n\n\n<ul class=\"wp-block-list\">\n<li>il souffre,<\/li>\n\n\n\n<li>mais il ne change pas la situation&#8230;<\/li>\n<\/ul>\n\n\n\n<h3 class=\"wp-block-heading\"><span class=\"ez-toc-section\" id=\"Lecture_dynamique\"><\/span>Lecture dynamique<span class=\"ez-toc-section-end\"><\/span><\/h3>\n\n\n\n<p>Pourquoi ?<\/p>\n\n\n\n<p>Parce que certaines situations, m\u00eame stressantes, sont <strong>inconsciemment famili\u00e8res<\/strong>.<\/p>\n\n\n\n<p>Ainsi, le psychisme privil\u00e9gie parfois :<\/p>\n\n\n\n<ul class=\"wp-block-list\">\n<li>le connu,<\/li>\n\n\n\n<li>plut\u00f4t que le confortable.<\/li>\n<\/ul>\n\n\n\n<p>Cette familiarit\u00e9 cr\u00e9e une <strong>attractivit\u00e9 paradoxale<\/strong>.<\/p>\n\n\n\n<h2 class=\"wp-block-heading\"><span class=\"ez-toc-section\" id=\"Stress_psychique_et_conflits_internes\"><\/span>Stress psychique et conflits internes<span class=\"ez-toc-section-end\"><\/span><\/h2>\n\n\n\n<h3 class=\"wp-block-heading\"><span class=\"ez-toc-section\" id=\"Le_conflit_comme_noyau_de_la_tension\"><\/span>Le conflit comme noyau de la tension<span class=\"ez-toc-section-end\"><\/span><\/h3>\n\n\n\n<p>Au c\u0153ur du stress psychique, on trouve souvent un <strong>conflit interne<\/strong> comme :<\/p>\n\n\n\n<ul class=\"wp-block-list\">\n<li>des d\u00e9sirs contradictoires,<\/li>\n\n\n\n<li>des injonctions oppos\u00e9es,<\/li>\n\n\n\n<li>ou encore des positions psychiques incompatibles.<\/li>\n<\/ul>\n\n\n\n<p>Le sujet est litt\u00e9ralement <strong>tir\u00e9 dans plusieurs directions<\/strong>.<\/p>\n\n\n\n<h3 class=\"wp-block-heading\"><span class=\"ez-toc-section\" id=\"Le_stress_comme_compromis_instable\"><\/span>Le stress comme compromis instable<span class=\"ez-toc-section-end\"><\/span><\/h3>\n\n\n\n<p>Le stress peut alors \u00eatre compris comme un <strong>compromis<\/strong> :<\/p>\n\n\n\n<ul class=\"wp-block-list\">\n<li>une tentative de r\u00e9gulation,<\/li>\n\n\n\n<li>un \u00e9quilibre fragile entre diff\u00e9rentes forces internes.<\/li>\n<\/ul>\n\n\n\n<p>Par cons\u00e9quent, on peut dire qu&rsquo;il devient la <strong>forme visible<\/strong> d\u2019un conflit invisible.<\/p>\n\n\n\n<p>La bonne nouvelle est que cela nous permet d&rsquo;identifier qu&rsquo;il y a un conflit invisible \u00e0 traiter&#8230;<\/p>\n\n\n\n<h2 class=\"wp-block-heading\"><span class=\"ez-toc-section\" id=\"Tension_psychique_et_surcharge_de_vie_mentale\"><\/span>Tension psychique et surcharge de vie mentale<span class=\"ez-toc-section-end\"><\/span><\/h2>\n\n\n\n<h3 class=\"wp-block-heading\"><span class=\"ez-toc-section\" id=\"Hyperactivite_interne\"><\/span>Hyperactivit\u00e9 interne<span class=\"ez-toc-section-end\"><\/span><\/h3>\n\n\n\n<p>Certaines personnes vivent dans une <strong>activit\u00e9 mentale continue<\/strong> pouvant se r\u00e9sumer ainsi :<\/p>\n\n\n\n<ul class=\"wp-block-list\">\n<li>pens\u00e9es incessantes,<\/li>\n\n\n\n<li>anticipation permanente,<\/li>\n\n\n\n<li>difficult\u00e9 \u00e0 \u00ab\u00a0d\u00e9brancher\u00a0\u00bb, etc.<\/li>\n<\/ul>\n\n\n\n<p>La cons\u00e9quence directe est que le mental ne s\u2019arr\u00eate donc jamais vraiment.<\/p>\n\n\n\n<h3 class=\"wp-block-heading\"><span class=\"ez-toc-section\" id=\"Perte_de_repos_psychique\"><\/span>Perte de repos psychique<span class=\"ez-toc-section-end\"><\/span><\/h3>\n\n\n\n<p>M\u00eame sans action ext\u00e9rieure, la tension persiste.<\/p>\n\n\n\n<p>Cela, car il n\u2019y a plus de v\u00e9ritable :<\/p>\n\n\n\n<ul class=\"wp-block-list\">\n<li>pause,<\/li>\n\n\n\n<li>vide psychique,<\/li>\n\n\n\n<li>rel\u00e2chement interne&#8230;<\/li>\n<\/ul>\n\n\n\n<p>La cons\u00e9quence est la cr\u00e9ation d&rsquo;une <strong>tension de fond permanente<\/strong>.<\/p>\n\n\n\n<h2 class=\"wp-block-heading\"><span class=\"ez-toc-section\" id=\"Du_symptome_a_la_comprehension_changer_de_regard\"><\/span>Du sympt\u00f4me \u00e0 la compr\u00e9hension : changer de regard<span class=\"ez-toc-section-end\"><\/span><\/h2>\n\n\n\n<p>Les approches classiques du stress mettent souvent l\u2019accent sur :<\/p>\n\n\n\n<ul class=\"wp-block-list\">\n<li>la relaxation,<\/li>\n\n\n\n<li>la gestion du stress,<\/li>\n\n\n\n<li>et\/ou bien les techniques comportementales.<\/li>\n<\/ul>\n\n\n\n<p>Il est certains que ces outils peuvent \u00eatre utiles, mais ils ont leur limite, puisqu&rsquo;ils n\u2019atteignent pas toujours le <strong>niveau psychique du probl\u00e8me<\/strong>.<\/p>\n\n\n\n<p>Une autre approche consiste \u00e0 consid\u00e9rer le stress comme :<\/p>\n\n\n\n<ul class=\"wp-block-list\">\n<li>une organisation interne<\/li>\n\n\n\n<li>et pas seulement une r\u00e9action externe.<\/li>\n<\/ul>\n\n\n\n<p>\u2192 <strong>Ce changement de regard est essentiel.<\/strong><\/p>\n\n\n\n<h2 class=\"wp-block-heading\"><span class=\"ez-toc-section\" id=\"Vers_une_lecture_clinique_du_stress_psychique\"><\/span>Vers une lecture clinique du stress psychique<span class=\"ez-toc-section-end\"><\/span><\/h2>\n\n\n\n<p>Le stress psychique peut \u00eatre envisag\u00e9 comme un <strong>mode de fonctionnement<\/strong> :<\/p>\n\n\n\n<ul class=\"wp-block-list\">\n<li>une mani\u00e8re d\u2019organiser le v\u00e9cu,<\/li>\n\n\n\n<li>une structure interne.<\/li>\n<\/ul>\n\n\n\n<p>Cette lecture s\u2019inscrit dans une continuit\u00e9 avec :<\/p>\n\n\n\n<ul class=\"wp-block-list\">\n<li><a href=\"https:\/\/www.agoracademie.com\/blog\/psychanalyse\/\">la psychanalyse<\/a>,<\/li>\n\n\n\n<li><a href=\"https:\/\/www.agoracademie.com\/blog\/somatiser-troubles-psychosomatiques\/\">la psychosomatique<\/a><\/li>\n\n\n\n<li>et la psychologie dynamique.<\/li>\n<\/ul>\n\n\n\n<p>Elle permet de d\u00e9passer une vision uniquement symptomatique.<\/p>\n\n\n\n<h2 class=\"wp-block-heading\"><span class=\"ez-toc-section\" id=\"5_points_cles_a_retenir\"><\/span>5 points cl\u00e9s \u00e0 retenir<span class=\"ez-toc-section-end\"><\/span><\/h2>\n\n\n\n<ol class=\"wp-block-list\">\n<li>Le stress psychique peut exister sans cause externe identifiable.<\/li>\n\n\n\n<li>La tension psychique est un \u00e9tat interne continu.<\/li>\n\n\n\n<li>Le stress est aussi un signal du fonctionnement mental.<\/li>\n\n\n\n<li>Les m\u00e9canismes de d\u00e9fense prot\u00e8gent, mais peuvent maintenir la tension.<\/li>\n\n\n\n<li>La r\u00e9p\u00e9tition de situations stressantes a souvent une dimension psychique.<\/li>\n<\/ol>\n\n\n\n<h2 class=\"wp-block-heading\"><span class=\"ez-toc-section\" id=\"FAQ_%E2%80%93_Stress_psychique\"><\/span>FAQ &#8211; Stress psychique<span class=\"ez-toc-section-end\"><\/span><\/h2>\n\n\n\n<h3 class=\"wp-block-heading\"><span class=\"ez-toc-section\" id=\"Quest-ce_que_le_stress_psychique_exactement\"><\/span>Qu\u2019est-ce que le stress psychique exactement ?<span class=\"ez-toc-section-end\"><\/span><\/h3>\n\n\n\n<p>Il d\u00e9signe une forme de tension interne qui ne d\u00e9pend pas uniquement d\u2019une situation ext\u00e9rieure. Il est li\u00e9 au fonctionnement du psychisme, aux conflits internes et \u00e0 la mani\u00e8re dont une personne interpr\u00e8te son v\u00e9cu.<\/p>\n\n\n\n<h3 class=\"wp-block-heading\"><span class=\"ez-toc-section\" id=\"Peut-on_ressentir_du_stress_sans_raison_apparente\"><\/span>Peut-on ressentir du stress sans raison apparente ?<span class=\"ez-toc-section-end\"><\/span><\/h3>\n\n\n\n<p>Oui, il peut appara\u00eetre sans d\u00e9clencheur identifiable. Dans ce cas, il refl\u00e8te souvent des tensions internes, des conflits inconscients ou une surcharge mentale difficile \u00e0 identifier consciemment.<\/p>\n\n\n\n<h3 class=\"wp-block-heading\"><span class=\"ez-toc-section\" id=\"Quelle_est_la_difference_entre_stress_psychique_et_%C2%AB_normal_%C2%BB\"><\/span>Quelle est la diff\u00e9rence entre stress psychique et \u00ab&nbsp;normal&nbsp;\u00bb ?<span class=\"ez-toc-section-end\"><\/span><\/h3>\n\n\n\n<p>Le stress \u00ab&nbsp;classique&nbsp;\u00bb est g\u00e9n\u00e9ralement li\u00e9 \u00e0 une situation ext\u00e9rieure (travail, pression, \u00e9v\u00e9nement). Le stress psychique, lui, provient d\u2019une organisation interne : il persiste m\u00eame en l\u2019absence de probl\u00e8me concret.<\/p>\n\n\n\n<h3 class=\"wp-block-heading\"><span class=\"ez-toc-section\" id=\"Pourquoi_mon_stress_ne_disparait-il_pas_meme_quand_tout_va_bien\"><\/span>Pourquoi mon stress ne dispara\u00eet-il pas m\u00eame quand tout va bien ?<span class=\"ez-toc-section-end\"><\/span><\/h3>\n\n\n\n<p>Parce qu\u2019il ne d\u00e9pend pas uniquement de votre environnement. Il peut \u00eatre li\u00e9 \u00e0 des m\u00e9canismes internes comme la rumination, des conflits psychiques ou des sch\u00e9mas r\u00e9p\u00e9titifs qui maintiennent une tension de fond.<\/p>\n\n\n\n<h3 class=\"wp-block-heading\"><span class=\"ez-toc-section\" id=\"Le_stress_psychique_est-il_dangereux_pour_la_sante\"><\/span>Le stress psychique est-il dangereux pour la sant\u00e9 ?<span class=\"ez-toc-section-end\"><\/span><\/h3>\n\n\n\n<p>Lorsqu\u2019il devient chronique, il peut avoir des impacts plus ou moins forts : fatigue, troubles du sommeil, irritabilit\u00e9 ou autres sympt\u00f4mes physiques. Il ne s\u2019agit pas seulement d\u2019un inconfort, mais d\u2019un signal \u00e0 prendre en compte. Et plut\u00f4t rapidement&#8230;<\/p>\n\n\n\n<h3 class=\"wp-block-heading\"><span class=\"ez-toc-section\" id=\"Est-il_lie_a_lanxiete\"><\/span>Est-il li\u00e9 \u00e0 l\u2019anxi\u00e9t\u00e9 ?<span class=\"ez-toc-section-end\"><\/span><\/h3>\n\n\n\n<p>Ils sont proches mais diff\u00e9rents. L\u2019anxi\u00e9t\u00e9 est souvent plus identifi\u00e9e comme une peur ou une anticipation. Le stress psychique est plus diffus et peut exister sans objet clairement identifi\u00e9.<\/p>\n\n\n\n<h3 class=\"wp-block-heading\"><span class=\"ez-toc-section\" id=\"Comment_reconnaitre_un_stress_psychique\"><\/span>Comment reconna\u00eetre un stress psychique ?<span class=\"ez-toc-section-end\"><\/span><\/h3>\n\n\n\n<p>Gr\u00e2ce \u00e0 quelques signes fr\u00e9quents comme :<\/p>\n\n\n\n<ul class=\"wp-block-list\">\n<li>une tension int\u00e9rieure persistante,<\/li>\n\n\n\n<li>des pens\u00e9es envahissantes,<\/li>\n\n\n\n<li>une fatigue sans cause claire,<\/li>\n\n\n\n<li>une difficult\u00e9 \u00e0 se d\u00e9tendre m\u00eame au repos, etc.<\/li>\n<\/ul>\n\n\n\n<h3 class=\"wp-block-heading\"><span class=\"ez-toc-section\" id=\"Pourquoi_certaines_situations_stressantes_se_repetent-elles_dans_ma_vie\"><\/span>Pourquoi certaines situations stressantes se r\u00e9p\u00e8tent-elles dans ma vie ?<span class=\"ez-toc-section-end\"><\/span><\/h3>\n\n\n\n<p>Cela peut \u00eatre li\u00e9 \u00e0 des sch\u00e9mas inconscients. Le psychisme tend parfois \u00e0 reproduire des situations famili\u00e8res, m\u00eame si elles g\u00e9n\u00e8rent du stress, car elles sont connues et structur\u00e9es.<\/p>\n\n\n\n<h3 class=\"wp-block-heading\"><span class=\"ez-toc-section\" id=\"Les_techniques_de_relaxation_suffisent-elles_a_le_gerer\"><\/span>Les techniques de relaxation suffisent-elles \u00e0 le g\u00e9rer ?<span class=\"ez-toc-section-end\"><\/span><\/h3>\n\n\n\n<p>Elles peuvent soulager temporairement, mais ne traitent pas toujours l\u2019origine. Le stress psychique n\u00e9cessite souvent une compr\u00e9hension plus profonde des m\u00e9canismes internes en jeu.<\/p>\n\n\n\n<h3 class=\"wp-block-heading\"><span class=\"ez-toc-section\" id=\"Comment_reduire_durablement_le_stress_psychique\"><\/span>Comment r\u00e9duire durablement le stress psychique ?<span class=\"ez-toc-section-end\"><\/span><\/h3>\n\n\n\n<p>Cela passe par un travail de compr\u00e9hension : identifier les tensions internes, les conflits, les m\u00e9canismes de d\u00e9fense et les sch\u00e9mas r\u00e9p\u00e9titifs. Une approche psychologique ou clinique peut \u00eatre utile. Voir alors du c\u00f4t\u00e9 de la psychoth\u00e9rapie (notamment psychanalytique, puisque c&rsquo;est mon domaine).<\/p>\n\n\n\n<h3 class=\"wp-block-heading\"><span class=\"ez-toc-section\" id=\"Existe-t-il_des_etudes_scientifiques_sur_ce_sujet\"><\/span>Existe-t-il des \u00e9tudes scientifiques sur ce sujet&nbsp;?<span class=\"ez-toc-section-end\"><\/span><\/h3>\n\n\n\n<p>Oui, elles sont d&rsquo;ailleurs de plus en plus nombreuses et en voici une premi\u00e8re, sign\u00e9e par le D\u00e9partement de psychologie de l&rsquo;universit\u00e9 Paris Nanterre, pour vous permettre de poursuivre votre recherche\u00a0: <a href=\"https:\/\/www.researchgate.net\/publication\/260683664_Modeles_psychologiques_du_stress_Analyse_et_suggestions\" target=\"_blank\" rel=\"noreferrer noopener\"><em>Mod\u00e8les psychologiques du stress: Analyse et suggestions<\/em><\/a>.<\/p>\n\n\n\n<h2 class=\"wp-block-heading\"><span class=\"ez-toc-section\" id=\"Pour_resumer\"><\/span>Pour r\u00e9sumer<span class=\"ez-toc-section-end\"><\/span><\/h2>\n\n\n\n<p>Le stress psychique n\u2019est pas simplement une r\u00e9action \u00e0 un environnement difficile.<\/p>\n\n\n\n<p>En effet, il peut \u00eatre compris comme une <strong>organisation interne du v\u00e9cu<\/strong>, une mani\u00e8re pour le psychisme de g\u00e9rer les tensions, les conflits ainsi que les contradictions.<\/p>\n\n\n\n<p>Plut\u00f4t que de chercher uniquement \u00e0 le faire dispara\u00eetre, il peut \u00eatre utile de s\u2019interroger sur ce qu\u2019il <strong>exprime<\/strong>.<\/p>\n\n\n\n<p>Pour aller plus loin sur ce sujet, nous vous invitons \u00e0 d\u00e9couvrir l&rsquo;article <a href=\"https:\/\/www.agoracademie.com\/blog\/stress-social\/\">stress et normes sociales<\/a> ou celui traitant du <a href=\"https:\/\/www.agoracademie.com\/blog\/stress-minoritaire\/\">stress minoritaire<\/a>.<\/p>\n\n\n\n<p>Et si vous cherchez une formation en gestion du stress et des \u00e9motions, pensez-vous \u00e0 d\u00e9couvrir <strong><a href=\"https:\/\/www.agoracademie.com\/academie\/formation-a-distance-gestion-du-stress-et-emotions\">notre programme 100 % en ligne et \u00e0 distance<\/a><\/strong>\u00a0!<\/p>\n\n\n\n<div class=\"wp-block-magic-content-box-content-box aligncenter magic-content-box-873dbda9-140f-4 magic-content-box-contentBox block-wrapper-background content-align-center\"><style>.magic-content-box-873dbda9-140f-4 .magic-content-box-content-wrapper{text-align:center;margin-top:30px;margin-bottom:30px}.magic-content-box-873dbda9-140f-4 .magic-content-box-section-header-wrapper{border-color:#ff201f}.magic-content-box-873dbda9-140f-4 .magic-content-box-mainheader-wrap{box-shadow:0px 6px 12px -10px #000;border-radius:5px;background-color:#fff}.magic-content-box-873dbda9-140f-4 .magic-content-box-section-wrapper{padding-top:30px;padding-right:30px;padding-bottom:30px;padding-left:30px;margin-top:0px;margin-right:0px;margin-bottom:0px;margin-left:0px}.magic-content-box-873dbda9-140f-4 .magic-content-box-section-head-wrap{text-align:center;padding-top:0px;padding-right:0px;padding-bottom:0px;margin-top:0px;margin-bottom:0px;padding-left:0px}.magic-content-box-873dbda9-140f-4 .magic-content-box-section-head-wrap .magic-content-box-title{color:#404040;font-size:32px;font-family:Default;padding-top:5px;padding-bottom:5px}.magic-content-box-873dbda9-140f-4 .magic-content-box-section-head-wrap .magic-content-box-subtitle{color:#6d6d6d;font-size:18px;font-family:Default;padding-top:5px;padding-bottom:5px}.magic-content-box-873dbda9-140f-4 .magic-content-box-title-dash{color:#ff201f}.magic-content-box-873dbda9-140f-4 .magic-content-box-block-button span{color:#fff;border-width:1px;font-size:16px;font-family:Default}.magic-content-box-873dbda9-140f-4 .magic-content-box-block-button .magic-content-box-button{background-color:#ff201f}.magic-content-box-873dbda9-140f-4 .magic-content-box-block-button i{color:#fff;font-size:13px}.magic-content-box-873dbda9-140f-4 .magic-content-box-block-button{margin-top:10px;margin-bottom:10px}.magic-content-box-873dbda9-140f-4 .magic-content-box-button{padding-top:5px;padding-right:15px;padding-bottom:5px;padding-left:15px}@media screen and (max-width:1025px){.magic-content-box-873dbda9-140f-4 .magic-content-box-section-head-wrap .magic-content-box-title{font-size:undefinedpx}.magic-content-box-873dbda9-140f-4 .magic-content-box-section-head-wrap .magic-content-box-subtitle{font-size:undefinedpx}.magic-content-box-873dbda9-140f-4 .magic-content-box-block-button span{font-size:undefinedpx}.magic-content-box-873dbda9-140f-4 .magic-content-box-block-button i{font-size:px}}@media screen and (max-width:767px){.magic-content-box-873dbda9-140f-4 .magic-content-box-section-head-wrap .magic-content-box-title{font-size:undefinedpx}.magic-content-box-873dbda9-140f-4 .magic-content-box-section-head-wrap .magic-content-box-subtitle{font-size:undefinedpx}.magic-content-box-873dbda9-140f-4 .magic-content-box-block-button span{font-size:undefinedpx}.magic-content-box-873dbda9-140f-4 .magic-content-box-block-button i{font-size:px}}<\/style><div class=\"content-wrapper-inner\"><div class=\"magic-content-box-content-wrapper magic-content-box-blocks reverse-img has-background style-1\"><div class=\"content-img-wrap\"><img decoding=\"async\" src=\"https:\/\/www.agoracademie.com\/blog\/wp-content\/uploads\/2025\/05\/formation-stress.jpg\" alt=\"Formation stress en ligne et \u00e0 distance\" class=\"\"\/><\/div><div class=\"magic-content-box-section-wrapper magic-content-box-mainheader-wrap\"><div class=\"magic-content-box-section-header-wrapper magic-content-box-blocks\"><div class=\"magic-content-box-section-head-wrap magic-content-box-style1 magic-content-box-center\"><div class=\"magic-content-box-title-wrapper\"><span class=\"magic-content-box-title-dash magic-content-box-upper-dash\"><\/span><h4 class=\"magic-content-box-title\">Formation stress 100 % en ligne et \u00e0 distance<\/h4><span class=\"magic-content-box-title-dash magic-content-box-lower-dash\"><\/span><\/div><div class=\"magic-content-box-subtitle-wrapper\"><span class=\"magic-content-box-title-dash magic-content-box-upper-dash\"><\/span><p class=\"magic-content-box-subtitle\">Pour soi ou pour devenir praticien\u00b7ne ou coach<\/p><span class=\"magic-content-box-title-dash magic-content-box-lower-dash\"><\/span><\/div><\/div><\/div><div class=\"magic-content-box-desc-btn-wrap\"><div class=\"magic-content-box-block-button\"><a href=\"https:\/\/www.agoracademie.com\/academie\/formation-a-distance-gestion-du-stress-et-emotions\" class=\"magic-content-box-button magic-content-box-button-shape-rounded magic-content-box-button-size-small hover-style-1 btn-icon-left\"><span>PROGRAMME EN LIGNE<\/span><\/a><\/div><\/div><\/div><\/div><\/div><\/div>\n","protected":false},"excerpt":{"rendered":"<p>Introduction&nbsp;: quand le stress ne vient plus de l\u2019ext\u00e9rieur Stress psychique : il existe des situations o\u00f9, objectivement, \u00ab&nbsp;tout va bien&nbsp;\u00bb\u2026, et pourtant, la tension est l\u00e0. Aucun \u00e9v\u00e9nement majeur, aucun probl\u00e8me identifiable, et malgr\u00e9 cela, une sensation persistante d\u2019inconfort, d\u2019agitation ou de pression interne.<\/p>\n","protected":false},"author":2,"featured_media":0,"comment_status":"open","ping_status":"closed","sticky":false,"template":"","format":"standard","meta":{"_bbp_topic_count":0,"_bbp_reply_count":0,"_bbp_total_topic_count":0,"_bbp_total_reply_count":0,"_bbp_voice_count":0,"_bbp_anonymous_reply_count":0,"_bbp_topic_count_hidden":0,"_bbp_reply_count_hidden":0,"_bbp_forum_subforum_count":0,"footnotes":""},"categories":[74],"tags":[],"class_list":["post-25597","post","type-post","status-publish","format-standard","hentry","category-dictionnaire-en-ligne"],"yoast_head":"<!-- This site is optimized with the Yoast SEO plugin v27.4 - https:\/\/yoast.com\/product\/yoast-seo-wordpress\/ -->\n<title>Stress psychique : comprendre la tension interne - Agoracad\u00e9mie<\/title>\n<meta name=\"description\" content=\"Le stress psychique r\u00e9v\u00e8le des tensions internes invisibles : m\u00e9canismes de d\u00e9fense, r\u00e9p\u00e9titions et conflits inconscients \u00e0 comprendre.\" \/>\n<meta name=\"robots\" content=\"index, follow, max-snippet:-1, max-image-preview:large, max-video-preview:-1\" \/>\n<link rel=\"canonical\" href=\"https:\/\/www.agoracademie.com\/blog\/stress-psychique\/\" \/>\n<meta property=\"og:locale\" content=\"fr_FR\" \/>\n<meta property=\"og:type\" content=\"article\" \/>\n<meta property=\"og:title\" content=\"Stress psychique : comprendre la tension interne - Agoracad\u00e9mie\" \/>\n<meta property=\"og:description\" content=\"Le stress psychique r\u00e9v\u00e8le des tensions internes invisibles : m\u00e9canismes de d\u00e9fense, r\u00e9p\u00e9titions et conflits inconscients \u00e0 comprendre.\" \/>\n<meta property=\"og:url\" content=\"https:\/\/www.agoracademie.com\/blog\/stress-psychique\/\" \/>\n<meta property=\"og:site_name\" content=\"Agoracad\u00e9mie\" \/>\n<meta property=\"article:published_time\" content=\"2026-04-27T08:42:06+00:00\" \/>\n<meta property=\"article:modified_time\" content=\"2026-04-27T08:47:27+00:00\" \/>\n<meta property=\"og:image\" content=\"https:\/\/www.agoracademie.com\/blog\/wp-content\/uploads\/2026\/04\/stress_psychique.jpg\" \/>\n\t<meta property=\"og:image:width\" content=\"1079\" \/>\n\t<meta property=\"og:image:height\" content=\"538\" \/>\n\t<meta property=\"og:image:type\" content=\"image\/jpeg\" \/>\n<meta name=\"author\" content=\"Laurent Bertrel\" \/>\n<meta name=\"twitter:label1\" content=\"\u00c9crit par\" \/>\n\t<meta name=\"twitter:data1\" content=\"Laurent Bertrel\" \/>\n\t<meta name=\"twitter:label2\" content=\"Dur\u00e9e de lecture estim\u00e9e\" \/>\n\t<meta name=\"twitter:data2\" content=\"9 minutes\" \/>\n<script type=\"application\/ld+json\" class=\"yoast-schema-graph\">{\"@context\":\"https:\\\/\\\/schema.org\",\"@graph\":[{\"@type\":\"Article\",\"@id\":\"https:\\\/\\\/www.agoracademie.com\\\/blog\\\/stress-psychique\\\/#article\",\"isPartOf\":{\"@id\":\"https:\\\/\\\/www.agoracademie.com\\\/blog\\\/stress-psychique\\\/\"},\"author\":{\"name\":\"Laurent Bertrel\",\"@id\":\"https:\\\/\\\/www.agoracademie.com\\\/blog\\\/#\\\/schema\\\/person\\\/c2f110c50be7dcecc05cb4e87f32537f\"},\"headline\":\"Stress psychique : m\u00e9canismes et tension interne\",\"datePublished\":\"2026-04-27T08:42:06+00:00\",\"dateModified\":\"2026-04-27T08:47:27+00:00\",\"mainEntityOfPage\":{\"@id\":\"https:\\\/\\\/www.agoracademie.com\\\/blog\\\/stress-psychique\\\/\"},\"wordCount\":1888,\"commentCount\":0,\"image\":{\"@id\":\"https:\\\/\\\/www.agoracademie.com\\\/blog\\\/stress-psychique\\\/#primaryimage\"},\"thumbnailUrl\":\"https:\\\/\\\/www.agoracademie.com\\\/blog\\\/wp-content\\\/uploads\\\/2026\\\/04\\\/stress_psychique-1024x511.jpg\",\"articleSection\":[\"Dictionnaire en ligne\"],\"inLanguage\":\"fr-FR\",\"potentialAction\":[{\"@type\":\"CommentAction\",\"name\":\"Comment\",\"target\":[\"https:\\\/\\\/www.agoracademie.com\\\/blog\\\/stress-psychique\\\/#respond\"]}]},{\"@type\":\"WebPage\",\"@id\":\"https:\\\/\\\/www.agoracademie.com\\\/blog\\\/stress-psychique\\\/\",\"url\":\"https:\\\/\\\/www.agoracademie.com\\\/blog\\\/stress-psychique\\\/\",\"name\":\"Stress psychique : comprendre la tension interne - Agoracad\u00e9mie\",\"isPartOf\":{\"@id\":\"https:\\\/\\\/www.agoracademie.com\\\/blog\\\/#website\"},\"primaryImageOfPage\":{\"@id\":\"https:\\\/\\\/www.agoracademie.com\\\/blog\\\/stress-psychique\\\/#primaryimage\"},\"image\":{\"@id\":\"https:\\\/\\\/www.agoracademie.com\\\/blog\\\/stress-psychique\\\/#primaryimage\"},\"thumbnailUrl\":\"https:\\\/\\\/www.agoracademie.com\\\/blog\\\/wp-content\\\/uploads\\\/2026\\\/04\\\/stress_psychique-1024x511.jpg\",\"datePublished\":\"2026-04-27T08:42:06+00:00\",\"dateModified\":\"2026-04-27T08:47:27+00:00\",\"author\":{\"@id\":\"https:\\\/\\\/www.agoracademie.com\\\/blog\\\/#\\\/schema\\\/person\\\/c2f110c50be7dcecc05cb4e87f32537f\"},\"description\":\"Le stress psychique r\u00e9v\u00e8le des tensions internes invisibles : m\u00e9canismes de d\u00e9fense, r\u00e9p\u00e9titions et conflits inconscients \u00e0 comprendre.\",\"breadcrumb\":{\"@id\":\"https:\\\/\\\/www.agoracademie.com\\\/blog\\\/stress-psychique\\\/#breadcrumb\"},\"inLanguage\":\"fr-FR\",\"potentialAction\":[{\"@type\":\"ReadAction\",\"target\":[\"https:\\\/\\\/www.agoracademie.com\\\/blog\\\/stress-psychique\\\/\"]}]},{\"@type\":\"ImageObject\",\"inLanguage\":\"fr-FR\",\"@id\":\"https:\\\/\\\/www.agoracademie.com\\\/blog\\\/stress-psychique\\\/#primaryimage\",\"url\":\"https:\\\/\\\/www.agoracademie.com\\\/blog\\\/wp-content\\\/uploads\\\/2026\\\/04\\\/stress_psychique.jpg\",\"contentUrl\":\"https:\\\/\\\/www.agoracademie.com\\\/blog\\\/wp-content\\\/uploads\\\/2026\\\/04\\\/stress_psychique.jpg\",\"width\":1079,\"height\":538},{\"@type\":\"BreadcrumbList\",\"@id\":\"https:\\\/\\\/www.agoracademie.com\\\/blog\\\/stress-psychique\\\/#breadcrumb\",\"itemListElement\":[{\"@type\":\"ListItem\",\"position\":1,\"name\":\"Accueil\",\"item\":\"https:\\\/\\\/www.agoracademie.com\\\/blog\\\/\"},{\"@type\":\"ListItem\",\"position\":2,\"name\":\"Stress psychique : m\u00e9canismes et tension interne\"}]},{\"@type\":\"WebSite\",\"@id\":\"https:\\\/\\\/www.agoracademie.com\\\/blog\\\/#website\",\"url\":\"https:\\\/\\\/www.agoracademie.com\\\/blog\\\/\",\"name\":\"Blog Agoracad\u00e9mie - Centre de formation en ligne et \u00e0 distance\",\"description\":\"Le blog du d\u00e9veloppement personnel et des th\u00e9rapies\",\"potentialAction\":[{\"@type\":\"SearchAction\",\"target\":{\"@type\":\"EntryPoint\",\"urlTemplate\":\"https:\\\/\\\/www.agoracademie.com\\\/blog\\\/?s={search_term_string}\"},\"query-input\":{\"@type\":\"PropertyValueSpecification\",\"valueRequired\":true,\"valueName\":\"search_term_string\"}}],\"inLanguage\":\"fr-FR\"},{\"@type\":\"Person\",\"@id\":\"https:\\\/\\\/www.agoracademie.com\\\/blog\\\/#\\\/schema\\\/person\\\/c2f110c50be7dcecc05cb4e87f32537f\",\"name\":\"Laurent Bertrel\",\"image\":{\"@type\":\"ImageObject\",\"inLanguage\":\"fr-FR\",\"@id\":\"https:\\\/\\\/secure.gravatar.com\\\/avatar\\\/45841390e6db2f4064cc5f84ee39189cf562b1de36eb5b1b7cc82dee445813a4?s=96&r=g\",\"url\":\"https:\\\/\\\/secure.gravatar.com\\\/avatar\\\/45841390e6db2f4064cc5f84ee39189cf562b1de36eb5b1b7cc82dee445813a4?s=96&r=g\",\"contentUrl\":\"https:\\\/\\\/secure.gravatar.com\\\/avatar\\\/45841390e6db2f4064cc5f84ee39189cf562b1de36eb5b1b7cc82dee445813a4?s=96&r=g\",\"caption\":\"Laurent Bertrel\"},\"description\":\"Laurent Bertrel est le fondateur d'Agoracad\u00e9mie. Titulaire d'une licence en sciences humaines et sociales, d'une ma\u00eetrise et d'un master en psychanalyse, d'un master en \u00e9tudes culturelles parcours \u00e9tudes de genre, du DU connaissances g\u00e9n\u00e9rales de la personne \u00e2g\u00e9e, il est aussi form\u00e9 \u00e0 diff\u00e9rentes approches dont la PNL, la sophrologie, la relaxation, l'hypnose, le coaching, la m\u00e9ditation, les arts martiaux, etc. Auteur de plus de 40 ouvrages, dont 18 livres, il anime plusieurs formations sur Agoracad\u00e9mie et r\u00e9pondra au message que vous allez laisser ci-dessous.\",\"sameAs\":[\"https:\\\/\\\/www.agoracademie.com\\\/\"]}]}<\/script>\n<!-- \/ Yoast SEO plugin. -->","yoast_head_json":{"title":"Stress psychique : comprendre la tension interne - Agoracad\u00e9mie","description":"Le stress psychique r\u00e9v\u00e8le des tensions internes invisibles : m\u00e9canismes de d\u00e9fense, r\u00e9p\u00e9titions et conflits inconscients \u00e0 comprendre.","robots":{"index":"index","follow":"follow","max-snippet":"max-snippet:-1","max-image-preview":"max-image-preview:large","max-video-preview":"max-video-preview:-1"},"canonical":"https:\/\/www.agoracademie.com\/blog\/stress-psychique\/","og_locale":"fr_FR","og_type":"article","og_title":"Stress psychique : comprendre la tension interne - Agoracad\u00e9mie","og_description":"Le stress psychique r\u00e9v\u00e8le des tensions internes invisibles : m\u00e9canismes de d\u00e9fense, r\u00e9p\u00e9titions et conflits inconscients \u00e0 comprendre.","og_url":"https:\/\/www.agoracademie.com\/blog\/stress-psychique\/","og_site_name":"Agoracad\u00e9mie","article_published_time":"2026-04-27T08:42:06+00:00","article_modified_time":"2026-04-27T08:47:27+00:00","og_image":[{"width":1079,"height":538,"url":"https:\/\/www.agoracademie.com\/blog\/wp-content\/uploads\/2026\/04\/stress_psychique.jpg","type":"image\/jpeg"}],"author":"Laurent Bertrel","twitter_misc":{"\u00c9crit par":"Laurent Bertrel","Dur\u00e9e de lecture estim\u00e9e":"9 minutes"},"schema":{"@context":"https:\/\/schema.org","@graph":[{"@type":"Article","@id":"https:\/\/www.agoracademie.com\/blog\/stress-psychique\/#article","isPartOf":{"@id":"https:\/\/www.agoracademie.com\/blog\/stress-psychique\/"},"author":{"name":"Laurent Bertrel","@id":"https:\/\/www.agoracademie.com\/blog\/#\/schema\/person\/c2f110c50be7dcecc05cb4e87f32537f"},"headline":"Stress psychique : m\u00e9canismes et tension interne","datePublished":"2026-04-27T08:42:06+00:00","dateModified":"2026-04-27T08:47:27+00:00","mainEntityOfPage":{"@id":"https:\/\/www.agoracademie.com\/blog\/stress-psychique\/"},"wordCount":1888,"commentCount":0,"image":{"@id":"https:\/\/www.agoracademie.com\/blog\/stress-psychique\/#primaryimage"},"thumbnailUrl":"https:\/\/www.agoracademie.com\/blog\/wp-content\/uploads\/2026\/04\/stress_psychique-1024x511.jpg","articleSection":["Dictionnaire en ligne"],"inLanguage":"fr-FR","potentialAction":[{"@type":"CommentAction","name":"Comment","target":["https:\/\/www.agoracademie.com\/blog\/stress-psychique\/#respond"]}]},{"@type":"WebPage","@id":"https:\/\/www.agoracademie.com\/blog\/stress-psychique\/","url":"https:\/\/www.agoracademie.com\/blog\/stress-psychique\/","name":"Stress psychique : comprendre la tension interne - Agoracad\u00e9mie","isPartOf":{"@id":"https:\/\/www.agoracademie.com\/blog\/#website"},"primaryImageOfPage":{"@id":"https:\/\/www.agoracademie.com\/blog\/stress-psychique\/#primaryimage"},"image":{"@id":"https:\/\/www.agoracademie.com\/blog\/stress-psychique\/#primaryimage"},"thumbnailUrl":"https:\/\/www.agoracademie.com\/blog\/wp-content\/uploads\/2026\/04\/stress_psychique-1024x511.jpg","datePublished":"2026-04-27T08:42:06+00:00","dateModified":"2026-04-27T08:47:27+00:00","author":{"@id":"https:\/\/www.agoracademie.com\/blog\/#\/schema\/person\/c2f110c50be7dcecc05cb4e87f32537f"},"description":"Le stress psychique r\u00e9v\u00e8le des tensions internes invisibles : m\u00e9canismes de d\u00e9fense, r\u00e9p\u00e9titions et conflits inconscients \u00e0 comprendre.","breadcrumb":{"@id":"https:\/\/www.agoracademie.com\/blog\/stress-psychique\/#breadcrumb"},"inLanguage":"fr-FR","potentialAction":[{"@type":"ReadAction","target":["https:\/\/www.agoracademie.com\/blog\/stress-psychique\/"]}]},{"@type":"ImageObject","inLanguage":"fr-FR","@id":"https:\/\/www.agoracademie.com\/blog\/stress-psychique\/#primaryimage","url":"https:\/\/www.agoracademie.com\/blog\/wp-content\/uploads\/2026\/04\/stress_psychique.jpg","contentUrl":"https:\/\/www.agoracademie.com\/blog\/wp-content\/uploads\/2026\/04\/stress_psychique.jpg","width":1079,"height":538},{"@type":"BreadcrumbList","@id":"https:\/\/www.agoracademie.com\/blog\/stress-psychique\/#breadcrumb","itemListElement":[{"@type":"ListItem","position":1,"name":"Accueil","item":"https:\/\/www.agoracademie.com\/blog\/"},{"@type":"ListItem","position":2,"name":"Stress psychique : m\u00e9canismes et tension interne"}]},{"@type":"WebSite","@id":"https:\/\/www.agoracademie.com\/blog\/#website","url":"https:\/\/www.agoracademie.com\/blog\/","name":"Blog Agoracad\u00e9mie - Centre de formation en ligne et \u00e0 distance","description":"Le blog du d\u00e9veloppement personnel et des th\u00e9rapies","potentialAction":[{"@type":"SearchAction","target":{"@type":"EntryPoint","urlTemplate":"https:\/\/www.agoracademie.com\/blog\/?s={search_term_string}"},"query-input":{"@type":"PropertyValueSpecification","valueRequired":true,"valueName":"search_term_string"}}],"inLanguage":"fr-FR"},{"@type":"Person","@id":"https:\/\/www.agoracademie.com\/blog\/#\/schema\/person\/c2f110c50be7dcecc05cb4e87f32537f","name":"Laurent Bertrel","image":{"@type":"ImageObject","inLanguage":"fr-FR","@id":"https:\/\/secure.gravatar.com\/avatar\/45841390e6db2f4064cc5f84ee39189cf562b1de36eb5b1b7cc82dee445813a4?s=96&r=g","url":"https:\/\/secure.gravatar.com\/avatar\/45841390e6db2f4064cc5f84ee39189cf562b1de36eb5b1b7cc82dee445813a4?s=96&r=g","contentUrl":"https:\/\/secure.gravatar.com\/avatar\/45841390e6db2f4064cc5f84ee39189cf562b1de36eb5b1b7cc82dee445813a4?s=96&r=g","caption":"Laurent Bertrel"},"description":"Laurent Bertrel est le fondateur d'Agoracad\u00e9mie. Titulaire d'une licence en sciences humaines et sociales, d'une ma\u00eetrise et d'un master en psychanalyse, d'un master en \u00e9tudes culturelles parcours \u00e9tudes de genre, du DU connaissances g\u00e9n\u00e9rales de la personne \u00e2g\u00e9e, il est aussi form\u00e9 \u00e0 diff\u00e9rentes approches dont la PNL, la sophrologie, la relaxation, l'hypnose, le coaching, la m\u00e9ditation, les arts martiaux, etc. Auteur de plus de 40 ouvrages, dont 18 livres, il anime plusieurs formations sur Agoracad\u00e9mie et r\u00e9pondra au message que vous allez laisser ci-dessous.","sameAs":["https:\/\/www.agoracademie.com\/"]}]}},"acf":[],"_links":{"self":[{"href":"https:\/\/www.agoracademie.com\/blog\/wp-json\/wp\/v2\/posts\/25597","targetHints":{"allow":["GET"]}}],"collection":[{"href":"https:\/\/www.agoracademie.com\/blog\/wp-json\/wp\/v2\/posts"}],"about":[{"href":"https:\/\/www.agoracademie.com\/blog\/wp-json\/wp\/v2\/types\/post"}],"author":[{"embeddable":true,"href":"https:\/\/www.agoracademie.com\/blog\/wp-json\/wp\/v2\/users\/2"}],"replies":[{"embeddable":true,"href":"https:\/\/www.agoracademie.com\/blog\/wp-json\/wp\/v2\/comments?post=25597"}],"version-history":[{"count":2,"href":"https:\/\/www.agoracademie.com\/blog\/wp-json\/wp\/v2\/posts\/25597\/revisions"}],"predecessor-version":[{"id":25601,"href":"https:\/\/www.agoracademie.com\/blog\/wp-json\/wp\/v2\/posts\/25597\/revisions\/25601"}],"wp:attachment":[{"href":"https:\/\/www.agoracademie.com\/blog\/wp-json\/wp\/v2\/media?parent=25597"}],"wp:term":[{"taxonomy":"category","embeddable":true,"href":"https:\/\/www.agoracademie.com\/blog\/wp-json\/wp\/v2\/categories?post=25597"},{"taxonomy":"post_tag","embeddable":true,"href":"https:\/\/www.agoracademie.com\/blog\/wp-json\/wp\/v2\/tags?post=25597"}],"curies":[{"name":"wp","href":"https:\/\/api.w.org\/{rel}","templated":true}]}}