{"id":406,"date":"2015-04-07T16:15:59","date_gmt":"2015-04-07T16:15:59","guid":{"rendered":"http:\/\/agoracademie.com\/blog\/?p=406"},"modified":"2025-07-13T14:50:36","modified_gmt":"2025-07-13T12:50:36","slug":"ecrire-son-premier-livre","status":"publish","type":"post","link":"https:\/\/www.agoracademie.com\/blog\/ecrire-son-premier-livre\/","title":{"rendered":"\u00c9crire son premier livre"},"content":{"rendered":"<div class=\"wp-block-image\">\n<figure class=\"aligncenter size-full\"><img loading=\"lazy\" decoding=\"async\" width=\"640\" height=\"426\" src=\"https:\/\/www.agoracademie.com\/blog\/wp-content\/uploads\/2021\/08\/Ecrire-son-premier-livre.jpg\" alt=\"\u00c9crire son premier livre\" class=\"wp-image-16802\" srcset=\"https:\/\/www.agoracademie.com\/blog\/wp-content\/uploads\/2021\/08\/Ecrire-son-premier-livre.jpg 640w, https:\/\/www.agoracademie.com\/blog\/wp-content\/uploads\/2021\/08\/Ecrire-son-premier-livre-300x200.jpg 300w\" sizes=\"auto, (max-width: 640px) 100vw, 640px\" \/><\/figure><div id=\"ez-toc-container\" class=\"ez-toc-v2_0_82_2 ez-toc-wrap-center counter-hierarchy ez-toc-counter ez-toc-transparent ez-toc-container-direction\">\n<div class=\"ez-toc-title-container\">\n<p class=\"ez-toc-title\" style=\"cursor:inherit\">Sommaire<\/p>\n<span class=\"ez-toc-title-toggle\"><a href=\"#\" class=\"ez-toc-pull-right ez-toc-btn ez-toc-btn-xs ez-toc-btn-default ez-toc-toggle\" aria-label=\"Toggle Table of Content\"><span class=\"ez-toc-js-icon-con\"><span class=\"\"><span class=\"eztoc-hide\" style=\"display:none;\">Toggle<\/span><span class=\"ez-toc-icon-toggle-span\"><svg style=\"fill: #999;color:#999\" xmlns=\"http:\/\/www.w3.org\/2000\/svg\" class=\"list-377408\" width=\"20px\" height=\"20px\" viewBox=\"0 0 24 24\" fill=\"none\"><path d=\"M6 6H4v2h2V6zm14 0H8v2h12V6zM4 11h2v2H4v-2zm16 0H8v2h12v-2zM4 16h2v2H4v-2zm16 0H8v2h12v-2z\" fill=\"currentColor\"><\/path><\/svg><svg style=\"fill: #999;color:#999\" class=\"arrow-unsorted-368013\" xmlns=\"http:\/\/www.w3.org\/2000\/svg\" width=\"10px\" height=\"10px\" viewBox=\"0 0 24 24\" version=\"1.2\" baseProfile=\"tiny\"><path d=\"M18.2 9.3l-6.2-6.3-6.2 6.3c-.2.2-.3.4-.3.7s.1.5.3.7c.2.2.4.3.7.3h11c.3 0 .5-.1.7-.3.2-.2.3-.5.3-.7s-.1-.5-.3-.7zM5.8 14.7l6.2 6.3 6.2-6.3c.2-.2.3-.5.3-.7s-.1-.5-.3-.7c-.2-.2-.4-.3-.7-.3h-11c-.3 0-.5.1-.7.3-.2.2-.3.5-.3.7s.1.5.3.7z\"\/><\/svg><\/span><\/span><\/span><\/a><\/span><\/div>\n<nav><ul class='ez-toc-list ez-toc-list-level-1 ' ><li class='ez-toc-page-1 ez-toc-heading-level-2'><a class=\"ez-toc-link ez-toc-heading-1\" href=\"https:\/\/www.agoracademie.com\/blog\/ecrire-son-premier-livre\/#5_conseils_pour_ecrire_son_premier_livre\" >5 conseils pour \u00e9crire son premier livre<\/a><\/li><li class='ez-toc-page-1 ez-toc-heading-level-2'><a class=\"ez-toc-link ez-toc-heading-2\" href=\"https:\/\/www.agoracademie.com\/blog\/ecrire-son-premier-livre\/#Quels_sont_tes_conseils_pour_ecrire_son_premier_livre\" >Quels sont tes conseils pour \u00e9crire son premier livre&nbsp;?<\/a><ul class='ez-toc-list-level-3' ><li class='ez-toc-heading-level-3'><a class=\"ez-toc-link ez-toc-heading-3\" href=\"https:\/\/www.agoracademie.com\/blog\/ecrire-son-premier-livre\/#1_Croyez_en_vous\" >1\/ Croyez en vous&nbsp;!<\/a><\/li><li class='ez-toc-page-1 ez-toc-heading-level-3'><a class=\"ez-toc-link ez-toc-heading-4\" href=\"https:\/\/www.agoracademie.com\/blog\/ecrire-son-premier-livre\/#2_Ne_vous_attachez_pas_a_la_critique\" >2\/ Ne vous attachez pas \u00e0 la critique&nbsp;!<\/a><\/li><li class='ez-toc-page-1 ez-toc-heading-level-3'><a class=\"ez-toc-link ez-toc-heading-5\" href=\"https:\/\/www.agoracademie.com\/blog\/ecrire-son-premier-livre\/#3_Ayez_le_bon_objectif\" >3\/ Ayez le bon objectif&nbsp;!<\/a><\/li><li class='ez-toc-page-1 ez-toc-heading-level-3'><a class=\"ez-toc-link ez-toc-heading-6\" href=\"https:\/\/www.agoracademie.com\/blog\/ecrire-son-premier-livre\/#4_Protegez_le_fruit_de_son_travail\" >4\/ Prot\u00e9gez le fruit de son travail&nbsp;!<\/a><\/li><li class='ez-toc-page-1 ez-toc-heading-level-3'><a class=\"ez-toc-link ez-toc-heading-7\" href=\"https:\/\/www.agoracademie.com\/blog\/ecrire-son-premier-livre\/#5_Choisissez_votre_editeur\" >5\/ Choisissez votre \u00e9diteur&nbsp;!<\/a><\/li><li class='ez-toc-page-1 ez-toc-heading-level-3'><a class=\"ez-toc-link ez-toc-heading-8\" href=\"https:\/\/www.agoracademie.com\/blog\/ecrire-son-premier-livre\/#Un_dernier_mot_Laurent\" >Un dernier mot Laurent&nbsp;?<\/a><\/li><\/ul><\/li><\/ul><\/nav><\/div>\n\n<\/div>\n\n\n<h2 class=\"wp-block-heading\"><span class=\"ez-toc-section\" id=\"5_conseils_pour_ecrire_son_premier_livre\"><\/span>5 conseils pour \u00e9crire son premier livre<span class=\"ez-toc-section-end\"><\/span><\/h2>\n\n\n\n<!--more-->\n\n\n\n<p><strong>Laurent, tu es auteur depuis plus de dix ans<\/strong> <strong>et tu as d\u00e9j\u00e0 r\u00e9alis\u00e9 une quarantaine d\u2019ouvrages sur le d\u00e9veloppement personnel. Comment faire pour \u00e9crire son premier livre ? Comment as-tu fait ?<\/strong><\/p>\n\n\n<div class=\"wp-block-image\">\n<figure class=\"alignleft\"><img loading=\"lazy\" decoding=\"async\" width=\"207\" height=\"250\" src=\"https:\/\/www.agoracademie.com\/blog\/wp-content\/uploads\/2014\/09\/laurent-bertrel.jpg\" alt=\"\u00c9crire son premier livre\" class=\"wp-image-202\"\/><figcaption class=\"wp-element-caption\">Laurent Bertrel<\/figcaption><\/figure>\n<\/div>\n\n\n<p><em>\u00ab&nbsp;J\u2019ai longtemps h\u00e9sit\u00e9 \u00e0 me lancer car j\u2019ai toujours pens\u00e9 que devenir auteur \u00e9tait r\u00e9serv\u00e9 aux intellectuels, \u00e0 une \u00e9lite. <\/em><\/p>\n\n\n\n<p><em>De plus, mon parcours scolaire ayant \u00e9t\u00e9 difficile \u00e0 cause d\u2019un trouble orthographique, je suis sorti de l\u2019\u00e9cole sans savoir correctement lire et \u00e9crire. <\/em><\/p>\n\n\n\n<p><em>Je n\u2019ai jamais redoubl\u00e9, il semble que j\u2019avais certaines facilit\u00e9s, pourtant, vu mes r\u00e9sultats, on m\u2019a orient\u00e9 vers un lyc\u00e9e professionnel. <\/em><\/p>\n\n\n\n<p><em>Ce n\u2019est que bien plus tard que j\u2019ai entendu parler de dysorthographie et de dyslexie\u2026 <\/em><\/p>\n\n\n\n<p><em>D\u2019autre part, \u00e0 la maison, la lecture n\u2019\u00e9tait vraiment pas l\u2019activit\u00e9 pr\u00e9f\u00e9r\u00e9e\u2026 <\/em><\/p>\n\n\n\n<p><em>Bref, les conditions n\u2019\u00e9taient pas franchement r\u00e9unies pour entrevoir une carri\u00e8re d\u2019auteur. <\/em><\/p>\n\n\n\n<p><em>Pourtant, un jour, j\u2019ai pris une feuille et j\u2019ai commenc\u00e9 \u00e0 \u00e9crire une petite histoire, un conte. <\/em><\/p>\n\n\n\n<p><em>Et puis le deuxi\u00e8me est arriv\u00e9, sans pr\u00e9venir. <\/em><\/p>\n\n\n\n<p><em>Il a vite laiss\u00e9 la place au troisi\u00e8me, puis au quatri\u00e8me\u2026 <\/em><\/p>\n\n\n\n<p><em>J\u2019ai ainsi r\u00e9dig\u00e9 un premier livre de contes pour petits et grands et depuis je n\u2019ai plus arr\u00eat\u00e9.&nbsp;\u00bb<\/em><\/p>\n\n\n\n<h2 class=\"wp-block-heading\"><span class=\"ez-toc-section\" id=\"Quels_sont_tes_conseils_pour_ecrire_son_premier_livre\"><\/span><strong>Quels sont tes conseils pour \u00e9crire son premier livre&nbsp;?<\/strong><span class=\"ez-toc-section-end\"><\/span><\/h2>\n\n\n\n<h3 class=\"wp-block-heading\"><span class=\"ez-toc-section\" id=\"1_Croyez_en_vous\"><\/span>1\/ Croyez en vous&nbsp;!<span class=\"ez-toc-section-end\"><\/span><\/h3>\n\n\n\n<p><em>\u00ab&nbsp;Comme je l\u2019ai expliqu\u00e9, dans mon entourage personne n\u2019aurait pari\u00e9 un euro sur la publication d\u2019un premier livre. <\/em><\/p>\n\n\n\n<p><em>Le sujet pr\u00eatait m\u00eame \u00e0 rire \u00e9tant donn\u00e9 que j\u2019\u00e9tais consid\u00e9r\u00e9 comme un nul en fran\u00e7ais\u2026 <\/em><\/p>\n\n\n\n<p><em>Pourtant je commence aujourd\u2019hui mon quinzi\u00e8me livre et le dernier vient d\u2019\u00eatre publi\u00e9 chez Albin Michel. <\/em><\/p>\n\n\n\n<p><em><strong>Il faut donc croire en vous et en votre potentiel, car personne ne fera cela mieux que vous\u2026 <\/strong><\/em><\/p>\n\n\n\n<p><em>Si vous \u00eates perturb\u00e9 par le doute, faites-vous aider par un coach ou un th\u00e9rapeute puisque leur m\u00e9tier est de vous aider \u00e0 r\u00e9v\u00e9ler votre potentiel et \u00e0 devenir vous-m\u00eame. <\/em><\/p>\n\n\n\n<p><em>Et si vous avez l\u2019impression de devoir booster votre cr\u00e9ativit\u00e9, faites-vous confiance car cr\u00e9er est uniquement une question de pratique. <\/em><\/p>\n\n\n\n<p><em>Oui, c\u2019est en cr\u00e9ant qu\u2019on devient cr\u00e9ateur&nbsp;\ud83d\ude09&nbsp;\u00bb<\/em><\/p>\n\n\n\n<h3 class=\"wp-block-heading\"><span class=\"ez-toc-section\" id=\"2_Ne_vous_attachez_pas_a_la_critique\"><\/span>2\/ Ne vous attachez pas \u00e0 la critique&nbsp;!<span class=\"ez-toc-section-end\"><\/span><\/h3>\n\n\n\n<p><em>\u00ab&nbsp;M\u00eame s\u2019il est important d\u2019entendre les feedbacks, c\u2019est-\u00e0-dire les avis et commentaires des personnes qui vont lire votre texte, ne vous attachez pas \u00e0 la critique et <strong>gardez votre cap quoiqu\u2019il arrive<\/strong>. <\/em><\/p>\n\n\n\n<p><em>Je l\u2019ai dit tout \u00e0 l\u2019heure, mes textes \u00e9taient tr\u00e8s moyens au niveau de l\u2019orthographe et de la grammaire. <\/em><\/p>\n\n\n\n<p><em>Il y avait beaucoup de r\u00e9p\u00e9titions et certaines parties n\u2019\u00e9taient pas toujours bien formul\u00e9es, etc. <\/em><\/p>\n\n\n\n<p><em>Donc, si j\u2019avais \u00e9cout\u00e9 mes premi\u00e8res critiques, il \u00e9tait pr\u00e9f\u00e9rable de me mettre \u00e0 la poterie ou au macram\u00e9 (avec tout le respect que j\u2019ai pour le travail manuel que je pratique \u00e9galement \u00e0 l\u2019occasion). <\/em><\/p>\n\n\n\n<p><em>Pourtant, je suis pass\u00e9 outre et j\u2019ai persist\u00e9. <\/em><\/p>\n\n\n\n<p><em>Ainsi, si \u00e9crire fait v\u00e9ritablement sens pour vous, ne renoncez pas&nbsp;! <\/em><\/p>\n\n\n\n<p><em>Accrochez-vous \u00e0 votre r\u00eave et \u00e9crivez, \u00e9crivez encore et toujours&#8230;&nbsp;\u00bb<\/em><\/p>\n\n\n\n<figure class=\"wp-block-embed is-type-video is-provider-youtube wp-block-embed-youtube wp-embed-aspect-16-9 wp-has-aspect-ratio\"><div class=\"wp-block-embed__wrapper\">\n<iframe loading=\"lazy\" title=\"Formation en cr\u00e9ativit\u00e9 : devenir cr\u00e9atif avec Agoracad\u00e9mie\" width=\"960\" height=\"540\" src=\"https:\/\/www.youtube.com\/embed\/Cmei48fufMA?feature=oembed\" frameborder=\"0\" allow=\"accelerometer; autoplay; clipboard-write; encrypted-media; gyroscope; picture-in-picture\" allowfullscreen><\/iframe>\n<\/div><\/figure>\n\n\n\n<h3 class=\"wp-block-heading\"><span class=\"ez-toc-section\" id=\"3_Ayez_le_bon_objectif\"><\/span>3\/ Ayez le bon objectif&nbsp;!<span class=\"ez-toc-section-end\"><\/span><\/h3>\n\n\n\n<p><em>\u00ab&nbsp;Si vous \u00e9crivez cela doit \u00eatre pour vous et pour personne d\u2019autre. <\/em><\/p>\n\n\n\n<p><em>En effet, <strong>un objectif doit toujours \u00eatre personnel.<\/strong> <\/em><\/p>\n\n\n\n<p><em>Ainsi, en \u00e9crivant pour vous et votre propre plaisir, vous \u00eates certain d\u2019atteindre votre objectif. <\/em><\/p>\n\n\n\n<p><em>Alors que si vous \u00e9crivez pour vendre beaucoup de livres ou pour \u00eatre c\u00e9l\u00e8bre, vous avez toutes les chances de ne pas atteindre cet objectif puisqu\u2019il ne d\u00e9pend pas que de vous\u2026&nbsp;\u00bb<\/em><\/p>\n\n\n\n<blockquote class=\"wp-block-quote is-layout-flow wp-block-quote-is-layout-flow\">\n<p><strong>D\u00e9couvrez ici <a href=\"https:\/\/www.agoracademie.com\/academie\/formations-non-certifiantes\/e-coaching-a-distance\">comment atteindre tous vos objectifs<\/a> !!!<\/strong><\/p>\n<\/blockquote>\n\n\n\n<h3 class=\"wp-block-heading\"><span class=\"ez-toc-section\" id=\"4_Protegez_le_fruit_de_son_travail\"><\/span>4\/ Prot\u00e9gez le fruit de son travail&nbsp;!<span class=\"ez-toc-section-end\"><\/span><\/h3>\n\n\n\n<p><em>\u00ab&nbsp;Vous avez termin\u00e9 votre manuscrit&nbsp;? <\/em><\/p>\n\n\n\n<p><em>Alors la premi\u00e8re chose \u00e0 faire est de le prot\u00e9ger du plagiat. <\/em><\/p>\n\n\n\n<p><em>Pour ce faire, il suffit d\u2019acheter une <strong>enveloppe Soleau<\/strong> aupr\u00e8s de l\u2019INPI. <\/em><\/p>\n\n\n\n<p><em>Vous pouvez aussi utiliser le service en ligne <strong>Cl\u00e9o de la SGDL<\/strong> (Soci\u00e9t\u00e9 des Gens de Lettres). <\/em><\/p>\n\n\n\n<p><em>Et d\u2019une mani\u00e8re plus g\u00e9n\u00e9rale, pensez aussi \u00e0 le sauvegarder sur plusieurs supports&nbsp;: <\/em><\/p>\n\n\n\n<ul class=\"wp-block-list\">\n<li><em>sur votre ordinateur <\/em><\/li>\n\n\n\n<li><em>mais aussi sur une cl\u00e9 USB, <\/em><\/li>\n\n\n\n<li><em>un disque dur externe <\/em><\/li>\n\n\n\n<li><em>et\/ou un espace de stockage en ligne sur le cloud\u2026\u00a0\u00bb<\/em><\/li>\n<\/ul>\n\n\n\n<h3 class=\"wp-block-heading\"><span class=\"ez-toc-section\" id=\"5_Choisissez_votre_editeur\"><\/span>5\/ Choisissez votre \u00e9diteur&nbsp;!<span class=\"ez-toc-section-end\"><\/span><\/h3>\n\n\n\n<p><em>\u00ab&nbsp;<strong>N\u2019envoyez pas votre manuscrit \u00e0 tous les \u00e9diteurs<\/strong> puisqu\u2019ils sont sp\u00e9cialis\u00e9s. <\/em><\/p>\n\n\n\n<p><em>Ainsi, si vous avez r\u00e9dig\u00e9 un guide pratique de d\u00e9veloppement personnel, recherchez les \u00e9diteurs publiant des livres de d\u00e9veloppement personnel.<\/em><\/p>\n\n\n\n<p><em>Respectez \u00e9galement leur mode de s\u00e9lection des manuscrits et si l\u2019\u00e9diteur veut le recevoir par courrier postal, ne l\u2019envoyez pas par email. Sachez qu\u2019un \u00e9diteur re\u00e7oit une grande quantit\u00e9 de propositions. <\/em><\/p>\n\n\n\n<p><em>Il faut donc vous armer de patiente avant d\u2019obtenir une \u00e9ventuelle r\u00e9ponse. <\/em><\/p>\n\n\n\n<p><em>D\u2019autre part, n\u2019h\u00e9sitez pas \u00e0 envoyer votre manuscrit \u00e0 plusieurs \u00e9diteurs en m\u00eame temps&nbsp;: une dizaine par exemple. <\/em><\/p>\n\n\n\n<p><em>Enfin, <strong>n\u2019envoyez bien entendu jamais votre original sans avoir une copie<\/strong>\u2026&nbsp;\u00bb<\/em><\/p>\n\n\n\n<h3 class=\"wp-block-heading\"><span class=\"ez-toc-section\" id=\"Un_dernier_mot_Laurent\"><\/span>Un dernier mot Laurent&nbsp;?<span class=\"ez-toc-section-end\"><\/span><\/h3>\n\n\n\n<p><em>\u00ab&nbsp;Le mot de la fin est l\u00e0 pour enclencher un d\u00e9but&nbsp;: <strong>LANCEZ-VOUS DES MAINTENANT&nbsp;!!! <\/strong><\/em><\/p>\n\n\n\n<p><em>Pas demain ou l\u2019ann\u00e9e prochaine mais tout de suite, car le temps passe si vite que vous pourriez bien un jour regretter de ne pas avoir essay\u00e9 plus t\u00f4t d\u2019\u00e9crire votre premier livre\u2026&nbsp;<\/em><\/p>\n\n\n\n<p><em>Bonne chance \u00e0 toi futur coll\u00e8gue&nbsp;\ud83d\ude09&nbsp;\u00bb<\/em><\/p>\n","protected":false},"excerpt":{"rendered":"<p>5 conseils pour \u00e9crire son premier livre<\/p>\n","protected":false},"author":2,"featured_media":0,"comment_status":"open","ping_status":"open","sticky":false,"template":"","format":"standard","meta":{"_bbp_topic_count":0,"_bbp_reply_count":0,"_bbp_total_topic_count":0,"_bbp_total_reply_count":0,"_bbp_voice_count":0,"_bbp_anonymous_reply_count":0,"_bbp_topic_count_hidden":0,"_bbp_reply_count_hidden":0,"_bbp_forum_subforum_count":0,"footnotes":""},"categories":[29],"tags":[54],"class_list":["post-406","post","type-post","status-publish","format-standard","hentry","category-interview-coaching","tag-livre-2"],"yoast_head":"<!-- This site is optimized with the Yoast SEO plugin v27.4 - https:\/\/yoast.com\/product\/yoast-seo-wordpress\/ -->\n<title>\u00c9crire son premier livre : 5 conseils d&#039;un auteur - Agoracad\u00e9mie<\/title>\n<meta name=\"description\" content=\"Comment \u00e9crire son premier livre ? D\u00e9couvrez ici les conseils d\u2019un auteur ayant publi\u00e9 de nombreux ouvrages. Laurent est \u00e9galement coach en cr\u00e9ativit\u00e9.\" \/>\n<meta name=\"robots\" content=\"index, follow, max-snippet:-1, max-image-preview:large, max-video-preview:-1\" \/>\n<link rel=\"canonical\" href=\"https:\/\/www.agoracademie.com\/blog\/ecrire-son-premier-livre\/\" \/>\n<meta property=\"og:locale\" content=\"fr_FR\" \/>\n<meta property=\"og:type\" content=\"article\" \/>\n<meta property=\"og:title\" content=\"\u00c9crire son premier livre : 5 conseils d&#039;un auteur - Agoracad\u00e9mie\" \/>\n<meta property=\"og:description\" content=\"Comment \u00e9crire son premier livre ? D\u00e9couvrez ici les conseils d\u2019un auteur ayant publi\u00e9 de nombreux ouvrages. Laurent est \u00e9galement coach en cr\u00e9ativit\u00e9.\" \/>\n<meta property=\"og:url\" content=\"https:\/\/www.agoracademie.com\/blog\/ecrire-son-premier-livre\/\" \/>\n<meta property=\"og:site_name\" content=\"Agoracad\u00e9mie\" \/>\n<meta property=\"article:published_time\" content=\"2015-04-07T16:15:59+00:00\" \/>\n<meta property=\"article:modified_time\" content=\"2025-07-13T12:50:36+00:00\" \/>\n<meta property=\"og:image\" content=\"https:\/\/www.agoracademie.com\/blog\/wp-content\/uploads\/2021\/08\/Ecrire-son-premier-livre.jpg\" \/>\n\t<meta property=\"og:image:width\" content=\"640\" \/>\n\t<meta property=\"og:image:height\" content=\"426\" \/>\n\t<meta property=\"og:image:type\" content=\"image\/jpeg\" \/>\n<meta name=\"author\" content=\"Laurent Bertrel\" \/>\n<meta name=\"twitter:label1\" content=\"\u00c9crit par\" \/>\n\t<meta name=\"twitter:data1\" content=\"Laurent Bertrel\" \/>\n\t<meta name=\"twitter:label2\" content=\"Dur\u00e9e de lecture estim\u00e9e\" \/>\n\t<meta name=\"twitter:data2\" content=\"5 minutes\" \/>\n<script type=\"application\/ld+json\" class=\"yoast-schema-graph\">{\"@context\":\"https:\\\/\\\/schema.org\",\"@graph\":[{\"@type\":\"Article\",\"@id\":\"https:\\\/\\\/www.agoracademie.com\\\/blog\\\/ecrire-son-premier-livre\\\/#article\",\"isPartOf\":{\"@id\":\"https:\\\/\\\/www.agoracademie.com\\\/blog\\\/ecrire-son-premier-livre\\\/\"},\"author\":{\"name\":\"Laurent Bertrel\",\"@id\":\"https:\\\/\\\/www.agoracademie.com\\\/blog\\\/#\\\/schema\\\/person\\\/c2f110c50be7dcecc05cb4e87f32537f\"},\"headline\":\"\u00c9crire son premier livre\",\"datePublished\":\"2015-04-07T16:15:59+00:00\",\"dateModified\":\"2025-07-13T12:50:36+00:00\",\"mainEntityOfPage\":{\"@id\":\"https:\\\/\\\/www.agoracademie.com\\\/blog\\\/ecrire-son-premier-livre\\\/\"},\"wordCount\":952,\"commentCount\":2,\"image\":{\"@id\":\"https:\\\/\\\/www.agoracademie.com\\\/blog\\\/ecrire-son-premier-livre\\\/#primaryimage\"},\"thumbnailUrl\":\"https:\\\/\\\/www.agoracademie.com\\\/blog\\\/wp-content\\\/uploads\\\/2021\\\/08\\\/Ecrire-son-premier-livre.jpg\",\"keywords\":[\"Livre\"],\"articleSection\":[\"Interview\"],\"inLanguage\":\"fr-FR\",\"potentialAction\":[{\"@type\":\"CommentAction\",\"name\":\"Comment\",\"target\":[\"https:\\\/\\\/www.agoracademie.com\\\/blog\\\/ecrire-son-premier-livre\\\/#respond\"]}]},{\"@type\":\"WebPage\",\"@id\":\"https:\\\/\\\/www.agoracademie.com\\\/blog\\\/ecrire-son-premier-livre\\\/\",\"url\":\"https:\\\/\\\/www.agoracademie.com\\\/blog\\\/ecrire-son-premier-livre\\\/\",\"name\":\"\u00c9crire son premier livre : 5 conseils d'un auteur - Agoracad\u00e9mie\",\"isPartOf\":{\"@id\":\"https:\\\/\\\/www.agoracademie.com\\\/blog\\\/#website\"},\"primaryImageOfPage\":{\"@id\":\"https:\\\/\\\/www.agoracademie.com\\\/blog\\\/ecrire-son-premier-livre\\\/#primaryimage\"},\"image\":{\"@id\":\"https:\\\/\\\/www.agoracademie.com\\\/blog\\\/ecrire-son-premier-livre\\\/#primaryimage\"},\"thumbnailUrl\":\"https:\\\/\\\/www.agoracademie.com\\\/blog\\\/wp-content\\\/uploads\\\/2021\\\/08\\\/Ecrire-son-premier-livre.jpg\",\"datePublished\":\"2015-04-07T16:15:59+00:00\",\"dateModified\":\"2025-07-13T12:50:36+00:00\",\"author\":{\"@id\":\"https:\\\/\\\/www.agoracademie.com\\\/blog\\\/#\\\/schema\\\/person\\\/c2f110c50be7dcecc05cb4e87f32537f\"},\"description\":\"Comment \u00e9crire son premier livre ? D\u00e9couvrez ici les conseils d\u2019un auteur ayant publi\u00e9 de nombreux ouvrages. Laurent est \u00e9galement coach en cr\u00e9ativit\u00e9.\",\"breadcrumb\":{\"@id\":\"https:\\\/\\\/www.agoracademie.com\\\/blog\\\/ecrire-son-premier-livre\\\/#breadcrumb\"},\"inLanguage\":\"fr-FR\",\"potentialAction\":[{\"@type\":\"ReadAction\",\"target\":[\"https:\\\/\\\/www.agoracademie.com\\\/blog\\\/ecrire-son-premier-livre\\\/\"]}]},{\"@type\":\"ImageObject\",\"inLanguage\":\"fr-FR\",\"@id\":\"https:\\\/\\\/www.agoracademie.com\\\/blog\\\/ecrire-son-premier-livre\\\/#primaryimage\",\"url\":\"https:\\\/\\\/www.agoracademie.com\\\/blog\\\/wp-content\\\/uploads\\\/2021\\\/08\\\/Ecrire-son-premier-livre.jpg\",\"contentUrl\":\"https:\\\/\\\/www.agoracademie.com\\\/blog\\\/wp-content\\\/uploads\\\/2021\\\/08\\\/Ecrire-son-premier-livre.jpg\",\"width\":640,\"height\":426},{\"@type\":\"BreadcrumbList\",\"@id\":\"https:\\\/\\\/www.agoracademie.com\\\/blog\\\/ecrire-son-premier-livre\\\/#breadcrumb\",\"itemListElement\":[{\"@type\":\"ListItem\",\"position\":1,\"name\":\"Accueil\",\"item\":\"https:\\\/\\\/www.agoracademie.com\\\/blog\\\/\"},{\"@type\":\"ListItem\",\"position\":2,\"name\":\"\u00c9crire son premier livre\"}]},{\"@type\":\"WebSite\",\"@id\":\"https:\\\/\\\/www.agoracademie.com\\\/blog\\\/#website\",\"url\":\"https:\\\/\\\/www.agoracademie.com\\\/blog\\\/\",\"name\":\"Blog Agoracad\u00e9mie - Centre de formation en ligne et \u00e0 distance\",\"description\":\"Le blog du d\u00e9veloppement personnel et des th\u00e9rapies\",\"potentialAction\":[{\"@type\":\"SearchAction\",\"target\":{\"@type\":\"EntryPoint\",\"urlTemplate\":\"https:\\\/\\\/www.agoracademie.com\\\/blog\\\/?s={search_term_string}\"},\"query-input\":{\"@type\":\"PropertyValueSpecification\",\"valueRequired\":true,\"valueName\":\"search_term_string\"}}],\"inLanguage\":\"fr-FR\"},{\"@type\":\"Person\",\"@id\":\"https:\\\/\\\/www.agoracademie.com\\\/blog\\\/#\\\/schema\\\/person\\\/c2f110c50be7dcecc05cb4e87f32537f\",\"name\":\"Laurent Bertrel\",\"image\":{\"@type\":\"ImageObject\",\"inLanguage\":\"fr-FR\",\"@id\":\"https:\\\/\\\/secure.gravatar.com\\\/avatar\\\/45841390e6db2f4064cc5f84ee39189cf562b1de36eb5b1b7cc82dee445813a4?s=96&r=g\",\"url\":\"https:\\\/\\\/secure.gravatar.com\\\/avatar\\\/45841390e6db2f4064cc5f84ee39189cf562b1de36eb5b1b7cc82dee445813a4?s=96&r=g\",\"contentUrl\":\"https:\\\/\\\/secure.gravatar.com\\\/avatar\\\/45841390e6db2f4064cc5f84ee39189cf562b1de36eb5b1b7cc82dee445813a4?s=96&r=g\",\"caption\":\"Laurent Bertrel\"},\"description\":\"Laurent Bertrel est le fondateur d'Agoracad\u00e9mie. Titulaire d'une licence en sciences humaines et sociales, d'une ma\u00eetrise et d'un master en psychanalyse, d'un master en \u00e9tudes culturelles parcours \u00e9tudes de genre, du DU connaissances g\u00e9n\u00e9rales de la personne \u00e2g\u00e9e, il est aussi form\u00e9 \u00e0 diff\u00e9rentes approches dont la PNL, la sophrologie, la relaxation, l'hypnose, le coaching, la m\u00e9ditation, les arts martiaux, etc. Auteur de plus de 40 ouvrages, dont 18 livres, il anime plusieurs formations sur Agoracad\u00e9mie et r\u00e9pondra au message que vous allez laisser ci-dessous.\",\"sameAs\":[\"https:\\\/\\\/www.agoracademie.com\\\/\"]}]}<\/script>\n<!-- \/ Yoast SEO plugin. -->","yoast_head_json":{"title":"\u00c9crire son premier livre : 5 conseils d'un auteur - Agoracad\u00e9mie","description":"Comment \u00e9crire son premier livre ? D\u00e9couvrez ici les conseils d\u2019un auteur ayant publi\u00e9 de nombreux ouvrages. Laurent est \u00e9galement coach en cr\u00e9ativit\u00e9.","robots":{"index":"index","follow":"follow","max-snippet":"max-snippet:-1","max-image-preview":"max-image-preview:large","max-video-preview":"max-video-preview:-1"},"canonical":"https:\/\/www.agoracademie.com\/blog\/ecrire-son-premier-livre\/","og_locale":"fr_FR","og_type":"article","og_title":"\u00c9crire son premier livre : 5 conseils d'un auteur - Agoracad\u00e9mie","og_description":"Comment \u00e9crire son premier livre ? D\u00e9couvrez ici les conseils d\u2019un auteur ayant publi\u00e9 de nombreux ouvrages. Laurent est \u00e9galement coach en cr\u00e9ativit\u00e9.","og_url":"https:\/\/www.agoracademie.com\/blog\/ecrire-son-premier-livre\/","og_site_name":"Agoracad\u00e9mie","article_published_time":"2015-04-07T16:15:59+00:00","article_modified_time":"2025-07-13T12:50:36+00:00","og_image":[{"width":640,"height":426,"url":"https:\/\/www.agoracademie.com\/blog\/wp-content\/uploads\/2021\/08\/Ecrire-son-premier-livre.jpg","type":"image\/jpeg"}],"author":"Laurent Bertrel","twitter_misc":{"\u00c9crit par":"Laurent Bertrel","Dur\u00e9e de lecture estim\u00e9e":"5 minutes"},"schema":{"@context":"https:\/\/schema.org","@graph":[{"@type":"Article","@id":"https:\/\/www.agoracademie.com\/blog\/ecrire-son-premier-livre\/#article","isPartOf":{"@id":"https:\/\/www.agoracademie.com\/blog\/ecrire-son-premier-livre\/"},"author":{"name":"Laurent Bertrel","@id":"https:\/\/www.agoracademie.com\/blog\/#\/schema\/person\/c2f110c50be7dcecc05cb4e87f32537f"},"headline":"\u00c9crire son premier livre","datePublished":"2015-04-07T16:15:59+00:00","dateModified":"2025-07-13T12:50:36+00:00","mainEntityOfPage":{"@id":"https:\/\/www.agoracademie.com\/blog\/ecrire-son-premier-livre\/"},"wordCount":952,"commentCount":2,"image":{"@id":"https:\/\/www.agoracademie.com\/blog\/ecrire-son-premier-livre\/#primaryimage"},"thumbnailUrl":"https:\/\/www.agoracademie.com\/blog\/wp-content\/uploads\/2021\/08\/Ecrire-son-premier-livre.jpg","keywords":["Livre"],"articleSection":["Interview"],"inLanguage":"fr-FR","potentialAction":[{"@type":"CommentAction","name":"Comment","target":["https:\/\/www.agoracademie.com\/blog\/ecrire-son-premier-livre\/#respond"]}]},{"@type":"WebPage","@id":"https:\/\/www.agoracademie.com\/blog\/ecrire-son-premier-livre\/","url":"https:\/\/www.agoracademie.com\/blog\/ecrire-son-premier-livre\/","name":"\u00c9crire son premier livre : 5 conseils d'un auteur - Agoracad\u00e9mie","isPartOf":{"@id":"https:\/\/www.agoracademie.com\/blog\/#website"},"primaryImageOfPage":{"@id":"https:\/\/www.agoracademie.com\/blog\/ecrire-son-premier-livre\/#primaryimage"},"image":{"@id":"https:\/\/www.agoracademie.com\/blog\/ecrire-son-premier-livre\/#primaryimage"},"thumbnailUrl":"https:\/\/www.agoracademie.com\/blog\/wp-content\/uploads\/2021\/08\/Ecrire-son-premier-livre.jpg","datePublished":"2015-04-07T16:15:59+00:00","dateModified":"2025-07-13T12:50:36+00:00","author":{"@id":"https:\/\/www.agoracademie.com\/blog\/#\/schema\/person\/c2f110c50be7dcecc05cb4e87f32537f"},"description":"Comment \u00e9crire son premier livre ? D\u00e9couvrez ici les conseils d\u2019un auteur ayant publi\u00e9 de nombreux ouvrages. Laurent est \u00e9galement coach en cr\u00e9ativit\u00e9.","breadcrumb":{"@id":"https:\/\/www.agoracademie.com\/blog\/ecrire-son-premier-livre\/#breadcrumb"},"inLanguage":"fr-FR","potentialAction":[{"@type":"ReadAction","target":["https:\/\/www.agoracademie.com\/blog\/ecrire-son-premier-livre\/"]}]},{"@type":"ImageObject","inLanguage":"fr-FR","@id":"https:\/\/www.agoracademie.com\/blog\/ecrire-son-premier-livre\/#primaryimage","url":"https:\/\/www.agoracademie.com\/blog\/wp-content\/uploads\/2021\/08\/Ecrire-son-premier-livre.jpg","contentUrl":"https:\/\/www.agoracademie.com\/blog\/wp-content\/uploads\/2021\/08\/Ecrire-son-premier-livre.jpg","width":640,"height":426},{"@type":"BreadcrumbList","@id":"https:\/\/www.agoracademie.com\/blog\/ecrire-son-premier-livre\/#breadcrumb","itemListElement":[{"@type":"ListItem","position":1,"name":"Accueil","item":"https:\/\/www.agoracademie.com\/blog\/"},{"@type":"ListItem","position":2,"name":"\u00c9crire son premier livre"}]},{"@type":"WebSite","@id":"https:\/\/www.agoracademie.com\/blog\/#website","url":"https:\/\/www.agoracademie.com\/blog\/","name":"Blog Agoracad\u00e9mie - Centre de formation en ligne et \u00e0 distance","description":"Le blog du d\u00e9veloppement personnel et des th\u00e9rapies","potentialAction":[{"@type":"SearchAction","target":{"@type":"EntryPoint","urlTemplate":"https:\/\/www.agoracademie.com\/blog\/?s={search_term_string}"},"query-input":{"@type":"PropertyValueSpecification","valueRequired":true,"valueName":"search_term_string"}}],"inLanguage":"fr-FR"},{"@type":"Person","@id":"https:\/\/www.agoracademie.com\/blog\/#\/schema\/person\/c2f110c50be7dcecc05cb4e87f32537f","name":"Laurent Bertrel","image":{"@type":"ImageObject","inLanguage":"fr-FR","@id":"https:\/\/secure.gravatar.com\/avatar\/45841390e6db2f4064cc5f84ee39189cf562b1de36eb5b1b7cc82dee445813a4?s=96&r=g","url":"https:\/\/secure.gravatar.com\/avatar\/45841390e6db2f4064cc5f84ee39189cf562b1de36eb5b1b7cc82dee445813a4?s=96&r=g","contentUrl":"https:\/\/secure.gravatar.com\/avatar\/45841390e6db2f4064cc5f84ee39189cf562b1de36eb5b1b7cc82dee445813a4?s=96&r=g","caption":"Laurent Bertrel"},"description":"Laurent Bertrel est le fondateur d'Agoracad\u00e9mie. Titulaire d'une licence en sciences humaines et sociales, d'une ma\u00eetrise et d'un master en psychanalyse, d'un master en \u00e9tudes culturelles parcours \u00e9tudes de genre, du DU connaissances g\u00e9n\u00e9rales de la personne \u00e2g\u00e9e, il est aussi form\u00e9 \u00e0 diff\u00e9rentes approches dont la PNL, la sophrologie, la relaxation, l'hypnose, le coaching, la m\u00e9ditation, les arts martiaux, etc. Auteur de plus de 40 ouvrages, dont 18 livres, il anime plusieurs formations sur Agoracad\u00e9mie et r\u00e9pondra au message que vous allez laisser ci-dessous.","sameAs":["https:\/\/www.agoracademie.com\/"]}]}},"acf":[],"_links":{"self":[{"href":"https:\/\/www.agoracademie.com\/blog\/wp-json\/wp\/v2\/posts\/406","targetHints":{"allow":["GET"]}}],"collection":[{"href":"https:\/\/www.agoracademie.com\/blog\/wp-json\/wp\/v2\/posts"}],"about":[{"href":"https:\/\/www.agoracademie.com\/blog\/wp-json\/wp\/v2\/types\/post"}],"author":[{"embeddable":true,"href":"https:\/\/www.agoracademie.com\/blog\/wp-json\/wp\/v2\/users\/2"}],"replies":[{"embeddable":true,"href":"https:\/\/www.agoracademie.com\/blog\/wp-json\/wp\/v2\/comments?post=406"}],"version-history":[{"count":24,"href":"https:\/\/www.agoracademie.com\/blog\/wp-json\/wp\/v2\/posts\/406\/revisions"}],"predecessor-version":[{"id":22212,"href":"https:\/\/www.agoracademie.com\/blog\/wp-json\/wp\/v2\/posts\/406\/revisions\/22212"}],"wp:attachment":[{"href":"https:\/\/www.agoracademie.com\/blog\/wp-json\/wp\/v2\/media?parent=406"}],"wp:term":[{"taxonomy":"category","embeddable":true,"href":"https:\/\/www.agoracademie.com\/blog\/wp-json\/wp\/v2\/categories?post=406"},{"taxonomy":"post_tag","embeddable":true,"href":"https:\/\/www.agoracademie.com\/blog\/wp-json\/wp\/v2\/tags?post=406"}],"curies":[{"name":"wp","href":"https:\/\/api.w.org\/{rel}","templated":true}]}}