{"id":5088,"date":"2018-08-27T16:03:40","date_gmt":"2018-08-27T16:03:40","guid":{"rendered":"http:\/\/agoracademie.com\/blog\/?p=5088"},"modified":"2025-11-18T19:39:04","modified_gmt":"2025-11-18T18:39:04","slug":"biographies","status":"publish","type":"post","link":"https:\/\/www.agoracademie.com\/blog\/biographies\/","title":{"rendered":"Biographies des th\u00e9rapeutes et psy c\u00e9l\u00e8bres"},"content":{"rendered":"<div class=\"wp-block-image\">\n<figure class=\"aligncenter size-large\"><img loading=\"lazy\" decoding=\"async\" width=\"1024\" height=\"511\" src=\"https:\/\/www.agoracademie.com\/blog\/wp-content\/uploads\/2018\/08\/biographies-1024x511.jpg\" alt=\"Biographies\" class=\"wp-image-22879\" srcset=\"https:\/\/www.agoracademie.com\/blog\/wp-content\/uploads\/2018\/08\/biographies-1024x511.jpg 1024w, https:\/\/www.agoracademie.com\/blog\/wp-content\/uploads\/2018\/08\/biographies-300x150.jpg 300w, https:\/\/www.agoracademie.com\/blog\/wp-content\/uploads\/2018\/08\/biographies-768x383.jpg 768w, https:\/\/www.agoracademie.com\/blog\/wp-content\/uploads\/2018\/08\/biographies.jpg 1079w\" sizes=\"auto, (max-width: 1024px) 100vw, 1024px\" \/><figcaption class=\"wp-element-caption\">Ouvrez le livre magique des biographies des th\u00e9rapeutes et psy c\u00e9l\u00e8bres !<\/figcaption><\/figure><div id=\"ez-toc-container\" class=\"ez-toc-v2_0_82_2 ez-toc-wrap-center counter-hierarchy ez-toc-counter ez-toc-transparent ez-toc-container-direction\">\n<div class=\"ez-toc-title-container\">\n<p class=\"ez-toc-title\" style=\"cursor:inherit\">Sommaire<\/p>\n<span class=\"ez-toc-title-toggle\"><a href=\"#\" class=\"ez-toc-pull-right ez-toc-btn ez-toc-btn-xs ez-toc-btn-default ez-toc-toggle\" aria-label=\"Toggle Table of Content\"><span class=\"ez-toc-js-icon-con\"><span class=\"\"><span class=\"eztoc-hide\" style=\"display:none;\">Toggle<\/span><span class=\"ez-toc-icon-toggle-span\"><svg style=\"fill: #999;color:#999\" xmlns=\"http:\/\/www.w3.org\/2000\/svg\" class=\"list-377408\" width=\"20px\" height=\"20px\" viewBox=\"0 0 24 24\" fill=\"none\"><path d=\"M6 6H4v2h2V6zm14 0H8v2h12V6zM4 11h2v2H4v-2zm16 0H8v2h12v-2zM4 16h2v2H4v-2zm16 0H8v2h12v-2z\" fill=\"currentColor\"><\/path><\/svg><svg style=\"fill: #999;color:#999\" class=\"arrow-unsorted-368013\" xmlns=\"http:\/\/www.w3.org\/2000\/svg\" width=\"10px\" height=\"10px\" viewBox=\"0 0 24 24\" version=\"1.2\" baseProfile=\"tiny\"><path d=\"M18.2 9.3l-6.2-6.3-6.2 6.3c-.2.2-.3.4-.3.7s.1.5.3.7c.2.2.4.3.7.3h11c.3 0 .5-.1.7-.3.2-.2.3-.5.3-.7s-.1-.5-.3-.7zM5.8 14.7l6.2 6.3 6.2-6.3c.2-.2.3-.5.3-.7s-.1-.5-.3-.7c-.2-.2-.4-.3-.7-.3h-11c-.3 0-.5.1-.7.3-.2.2-.3.5-.3.7s.1.5.3.7z\"\/><\/svg><\/span><\/span><\/span><\/a><\/span><\/div>\n<nav><ul class='ez-toc-list ez-toc-list-level-1 ' ><li class='ez-toc-page-1 ez-toc-heading-level-2'><a class=\"ez-toc-link ez-toc-heading-1\" href=\"https:\/\/www.agoracademie.com\/blog\/biographies\/#Biographies_des_therapeutes_et_psy_celebres_la_page_de_reference\" >Biographies des th\u00e9rapeutes et psy c\u00e9l\u00e8bres : la page de r\u00e9f\u00e9rence<\/a><\/li><li class='ez-toc-page-1 ez-toc-heading-level-2'><a class=\"ez-toc-link ez-toc-heading-2\" href=\"https:\/\/www.agoracademie.com\/blog\/biographies\/#Les_biographies_des_experts_de_la_therapie_et_du_developpement_personnel\" >Les biographies des experts de la th\u00e9rapie et du d\u00e9veloppement personnel<\/a><ul class='ez-toc-list-level-3' ><li class='ez-toc-heading-level-3'><a class=\"ez-toc-link ez-toc-heading-3\" href=\"https:\/\/www.agoracademie.com\/blog\/biographies\/#Pourquoi_cette_liste_de_biographies\" >Pourquoi cette liste de biographies&nbsp;?<\/a><\/li><li class='ez-toc-page-1 ez-toc-heading-level-3'><a class=\"ez-toc-link ez-toc-heading-4\" href=\"https:\/\/www.agoracademie.com\/blog\/biographies\/#Partager_est_notre_philosophie\" >Partager est notre philosophie<\/a><\/li><\/ul><\/li><li class='ez-toc-page-1 ez-toc-heading-level-2'><a class=\"ez-toc-link ez-toc-heading-5\" href=\"https:\/\/www.agoracademie.com\/blog\/biographies\/#Definition_quest-ce_quune_biographie\" >D\u00e9finition : qu\u2019est-ce qu\u2019une biographie ?<\/a><\/li><li class='ez-toc-page-1 ez-toc-heading-level-2'><a class=\"ez-toc-link ez-toc-heading-6\" href=\"https:\/\/www.agoracademie.com\/blog\/biographies\/#Les_6_bonnes_raisons_de_decouvrir_ces_biographies\" >Les 6 bonnes raisons de d\u00e9couvrir ces biographies<\/a><\/li><li class='ez-toc-page-1 ez-toc-heading-level-2'><a class=\"ez-toc-link ez-toc-heading-7\" href=\"https:\/\/www.agoracademie.com\/blog\/biographies\/#FAQ\" >FAQ<\/a><ul class='ez-toc-list-level-3' ><li class='ez-toc-heading-level-3'><a class=\"ez-toc-link ez-toc-heading-8\" href=\"https:\/\/www.agoracademie.com\/blog\/biographies\/#Decouvrez_nos_formations_en_ligne_a_distance\" >D\u00e9couvrez nos formations en ligne &amp; \u00e0 distance<\/a><\/li><\/ul><\/li><li class='ez-toc-page-1 ez-toc-heading-level-2'><a class=\"ez-toc-link ez-toc-heading-9\" href=\"https:\/\/www.agoracademie.com\/blog\/biographies\/#A_propos_de_formation%E2%80%A6\" >\u00c0 propos de formation&#8230;<\/a><\/li><\/ul><\/nav><\/div>\n\n<\/div>\n\n\n<blockquote class=\"wp-block-quote is-layout-flow wp-block-quote-is-layout-flow\">\n<p class=\"has-text-align-center\">Retrouvez toutes les biographies par ordre alphab\u00e9tique sur la page<strong> <a href=\"https:\/\/www.agoracademie.com\/blog\/biographies-en-ligne\/\">BIOGRAPHIES EN LIGNE<\/a> !<\/strong><\/p>\n<\/blockquote>\n\n\n\n<h2 class=\"wp-block-heading\"><span class=\"ez-toc-section\" id=\"Biographies_des_therapeutes_et_psy_celebres_la_page_de_reference\"><\/span>Biographies des th\u00e9rapeutes et psy c\u00e9l\u00e8bres : la page de r\u00e9f\u00e9rence<span class=\"ez-toc-section-end\"><\/span><\/h2>\n\n\n\n<p><em>Cet article sur les biographies des th\u00e9rapeutes et psy c\u00e9l\u00e8bres a \u00e9t\u00e9 publi\u00e9 le 27 ao\u00fbt 2018 et <strong>mis \u00e0 jour le 18 novembre 2025<\/strong>.<\/em><\/p>\n\n\n\n<p>Comprendre l\u2019histoire des th\u00e9rapies et du d\u00e9veloppement personnel, c\u2019est aussi d\u00e9couvrir les femmes et les hommes qui ont fa\u00e7onn\u00e9 ces approches.<\/p>\n\n\n\n<!--more-->\n\n\n\n<p>Cette page centralise toutes les <strong>biographies<\/strong> des th\u00e9rapeutes, psychologues, psychanalystes, chercheur\u00b7se\u00b7s et cr\u00e9ateur\u00b7trice\u00b7s de m\u00e9thodes que vous pouvez ensuite retrouver dans les diff\u00e9rentes sections de notre site (voir dictionnaire en ligne).<\/p>\n\n\n\n<p>Il s\u2019agit de la page d\u2019acc\u00e8s vers toutes les biographies class\u00e9es par ordre alphab\u00e9tique (A\u2013C, D\u2013F, G\u2013I, etc.), un point de d\u00e9part id\u00e9al pour explorer les fondements th\u00e9oriques, historiques et pratiques du domaine.<\/p>\n\n\n\n<h2 class=\"wp-block-heading\"><span class=\"ez-toc-section\" id=\"Les_biographies_des_experts_de_la_therapie_et_du_developpement_personnel\"><\/span>Les biographies des experts de la th\u00e9rapie et du d\u00e9veloppement personnel<span class=\"ez-toc-section-end\"><\/span><\/h2>\n\n\n\n<p>Qui sont les principaux acteurs du monde de la th\u00e9rapie, du <a href=\"https:\/\/www.agoracademie.com\/blog\/developpement-personnel-2\/\">d\u00e9veloppement personnel et professionnel<\/a> ?<\/p>\n\n\n\n<p>Savez-vous qui est :<\/p>\n\n\n\n<ul class=\"wp-block-list\">\n<li>Milton Ericksonne,<\/li>\n\n\n\n<li>Alfonso Caycedo,<\/li>\n\n\n\n<li>Richard Bandler,<\/li>\n\n\n\n<li>John Grinder<\/li>\n\n\n\n<li>ou encore Alfred Adler ?<\/li>\n<\/ul>\n\n\n\n<p>Si vous vous posez ces questions, cette rubrique est faite pour vous !&nbsp;<\/p>\n\n\n\n<p>En effet, vous allez ici, dans cette liste de biographies, <strong>d\u00e9couvrir les principaux sp\u00e9cialistes et experts du monde de la th\u00e9rapie, du d\u00e9veloppement personnel et professionnel<\/strong>. <\/p>\n\n\n\n<p>Si cette liste n&rsquo;est pas exhaustive, elle vous permet d\u00e9j\u00e0 d&rsquo;avoir une vision relativement globale des principaux acteurs qui ont fait bouger ce secteur en perp\u00e9tuelle mouvance.<\/p>\n\n\n\n<p>Et si le sujet vous int\u00e9resse, nous vous invitons \u00e0 d\u00e9couvrir par la suite notre dictionnaire en ligne des th\u00e9rapies et des m\u00e9thodes de d\u00e9veloppement personnel !<\/p>\n\n\n\n<h3 class=\"wp-block-heading\"><span class=\"ez-toc-section\" id=\"Pourquoi_cette_liste_de_biographies\"><\/span>Pourquoi cette liste de biographies&nbsp;?<span class=\"ez-toc-section-end\"><\/span><\/h3>\n\n\n\n<p>J\u2019ai r\u00e9alis\u00e9 cette liste tout d\u2019abord par simple curiosit\u00e9 intellectuelle. <\/p>\n\n\n\n<p>En cours de <a href=\"https:\/\/www.agoracademie.com\/academie\/devenir-sophrologue\">formation en sophrologie<\/a>, en <a href=\"https:\/\/www.agoracademie.com\/academie\/formation-relaxologue-a-distance\">relaxation<\/a>, en PNL et en <a href=\"https:\/\/www.agoracademie.com\/blog\/qu-est-ce-que-l-hypnose-ericksonienne\/\">hypnose<\/a> au d\u00e9but des ann\u00e9es 2000, j\u2019ai voulu en savoir plus sur les cr\u00e9ateurs de ces m\u00e9thodes.<\/p>\n\n\n\n<p>Et puis, comme une tache d\u2019huile qui se r\u00e9pand et devient de plus en plus grande, j\u2019ai d\u00e9couvert d\u2019autres personnalit\u00e9s incroyables, <strong>des g\u00e9nies qui nous offrent une nouvelle vision du monde et des moyens efficaces<\/strong> pour :<\/p>\n\n\n\n<ul class=\"wp-block-list\">\n<li>changer,<\/li>\n\n\n\n<li>\u00e9voluer,<\/li>\n\n\n\n<li>se transformer<\/li>\n\n\n\n<li>et, au bout du compte, trouver notre bonheur.<\/li>\n<\/ul>\n\n\n\n<h3 class=\"wp-block-heading\"><span class=\"ez-toc-section\" id=\"Partager_est_notre_philosophie\"><\/span>Partager est notre philosophie<span class=\"ez-toc-section-end\"><\/span><\/h3>\n\n\n\n<p>J\u2019ai voulu partager cette recherche dans l\u2019un de mes premiers livres&nbsp;: le dictionnaire des th\u00e9rapies et des m\u00e9thodes de d\u00e9veloppement personnel. <\/p>\n\n\n\n<p>L\u00e0, je pr\u00e9sente \u00e9galement les m\u00e9thodes en plus de pr\u00e9senter leur cr\u00e9ateur. <\/p>\n\n\n\n<p>Ces m\u00e9thodes, vous pouvez aussi et pour rappel les d\u00e9couvrir sur ce site, dans la rubrique dictionnaire en ligne. <\/p>\n\n\n\n<p>Je vais en ajouter r\u00e9guli\u00e8rement, d\u00e8s que je vais trouver le temps pour le faire\u2026<\/p>\n\n\n\n<p>Si vous ne trouvez pas un expert ou une m\u00e9thode, n\u2019h\u00e9sitez pas \u00e0 m\u2019envoyer un e-mail. <\/p>\n\n\n\n<p>Je ferais de mon mieux pour le\/la pr\u00e9senter prochainement sur Agoracademie.com.<\/p>\n\n\n\n<p>Je vous invite \u00e0 pr\u00e9sent \u00e0 d\u00e9couvrir la biographie des grands noms de la th\u00e9rapie et du d\u00e9veloppement personnel et professionnel&nbsp;! <\/p>\n\n\n\n<p>Bon voyage \u00e0 vous \ud83d\ude42<\/p>\n\n\n<div class=\"wp-block-image\">\n<figure class=\"aligncenter size-large\"><img loading=\"lazy\" decoding=\"async\" width=\"1024\" height=\"511\" src=\"https:\/\/www.agoracademie.com\/blog\/wp-content\/uploads\/2018\/08\/quelle-est-votre-histoire-1024x511.jpg\" alt=\"Quelle est votre histoire ?\" class=\"wp-image-22880\" srcset=\"https:\/\/www.agoracademie.com\/blog\/wp-content\/uploads\/2018\/08\/quelle-est-votre-histoire-1024x511.jpg 1024w, https:\/\/www.agoracademie.com\/blog\/wp-content\/uploads\/2018\/08\/quelle-est-votre-histoire-300x150.jpg 300w, https:\/\/www.agoracademie.com\/blog\/wp-content\/uploads\/2018\/08\/quelle-est-votre-histoire-768x383.jpg 768w, https:\/\/www.agoracademie.com\/blog\/wp-content\/uploads\/2018\/08\/quelle-est-votre-histoire.jpg 1079w\" sizes=\"auto, (max-width: 1024px) 100vw, 1024px\" \/><figcaption class=\"wp-element-caption\">Quelle est votre histoire ? S&rsquo;int\u00e9resser \u00e0 l&rsquo;histoire des autres c&rsquo;est aussi s&rsquo;int\u00e9resser \u00e0 la sienne&#8230;<\/figcaption><\/figure>\n<\/div>\n\n\n<h2 class=\"wp-block-heading\"><span class=\"ez-toc-section\" id=\"Definition_quest-ce_quune_biographie\"><\/span>D\u00e9finition : qu\u2019est-ce qu\u2019une biographie ?<span class=\"ez-toc-section-end\"><\/span><\/h2>\n\n\n\n<p>Une biographie est un texte qui retrace la vie, le parcours et les contributions d\u2019une personne.<\/p>\n\n\n\n<p>Dans le domaine de la psychologie et de la th\u00e9rapie, une biographie permet de comprendre :<\/p>\n\n\n\n<ul class=\"wp-block-list\">\n<li>l\u2019origine d\u2019une m\u00e9thode,<\/li>\n\n\n\n<li>l\u2019\u00e9volution d\u2019une pens\u00e9e,<\/li>\n\n\n\n<li>le contexte dans lequel a \u00e9merg\u00e9 une approche,<\/li>\n\n\n\n<li>et la vision personnelle de son cr\u00e9ateur ou cr\u00e9atrice.<\/li>\n<\/ul>\n\n\n\n<p>Elle constitue un rep\u00e8re essentiel pour toutes celles et ceux qui souhaitent \u00e9tudier les fondements des pratiques d\u2019accompagnement, mieux comprendre une m\u00e9thode, ou \u00e9valuer sa pertinence dans leur propre cheminement.<\/p>\n\n\n\n<h2 class=\"wp-block-heading\"><span class=\"ez-toc-section\" id=\"Les_6_bonnes_raisons_de_decouvrir_ces_biographies\"><\/span>Les 6 bonnes raisons de d\u00e9couvrir ces biographies<span class=\"ez-toc-section-end\"><\/span><\/h2>\n\n\n\n<h4 class=\"wp-block-heading\">1. Comprendre les racines des m\u00e9thodes<\/h4>\n\n\n\n<p>Savoir qui a cr\u00e9\u00e9 une m\u00e9thode, dans quel contexte et avec quelles intentions, permet d\u2019en saisir la logique profonde et les limites.<\/p>\n\n\n\n<h4 class=\"wp-block-heading\">2. Enrichir sa culture professionnelle<\/h4>\n\n\n\n<p>Qu\u2019on soit th\u00e9rapeute, coach, formateur\u00b7trice ou simplement curieux\u00b7se, conna\u00eetre les grandes figures du domaine renforce la compr\u00e9hension globale des pratiques actuelles.<\/p>\n\n\n\n<h4 class=\"wp-block-heading\">3. Donner du sens \u00e0 sa pratique ou \u00e0 son parcours personnel<\/h4>\n\n\n\n<p>Lire ces biographies permet de comprendre pourquoi certaines approches r\u00e9sonnent plus que d\u2019autres et aide \u00e0 orienter sa propre \u00e9volution.<\/p>\n\n\n\n<h4 class=\"wp-block-heading\">4. D\u00e9velopper un regard critique et inform\u00e9<\/h4>\n\n\n\n<p>La connaissance historique permet d\u2019\u00e9viter les croyances simplifi\u00e9es ou les mythes autour de certaines m\u00e9thodes.<\/p>\n\n\n\n<h4 class=\"wp-block-heading\">5. D\u00e9couvrir des penseurs m\u00e9connus mais essentiels<\/h4>\n\n\n\n<p>Certaines personnalit\u00e9s ont eu une influence d\u00e9terminante sans \u00eatre m\u00e9diatis\u00e9es. Ce corpus de biographies rend leur travail accessible.<\/p>\n\n\n\n<h4 class=\"wp-block-heading\">6. S\u2019appuyer sur un contenu fiable et synth\u00e9tique<\/h4>\n\n\n\n<p>Chaque biographie est s\u00e9lectionn\u00e9e, structur\u00e9e et pr\u00e9sent\u00e9e de mani\u00e8re claire, ce qui offre un acc\u00e8s rapide \u00e0 l\u2019essentiel sans n\u00e9cessiter de longues recherches.<\/p>\n\n\n\n<h2 class=\"wp-block-heading\"><span class=\"ez-toc-section\" id=\"FAQ\"><\/span>FAQ<span class=\"ez-toc-section-end\"><\/span><\/h2>\n\n\n\n<h4 class=\"wp-block-heading\">\u00c0 quoi sert cette page regroupant toutes les biographies ?<\/h4>\n\n\n\n<p>Cette page sert de point d\u2019entr\u00e9e vers l\u2019ensemble des biographies class\u00e9es par lettres, facilitant la navigation et le maillage interne entre les diff\u00e9rentes sections.<\/p>\n\n\n\n<h4 class=\"wp-block-heading\">Pourquoi regrouper les biographies par ordre alphab\u00e9tique ?<\/h4>\n\n\n\n<p>Cela permet de retrouver facilement un\u00b7e auteur\u00b7e, une m\u00e9thode ou un courant.<\/p>\n\n\n\n<h4 class=\"wp-block-heading\">Ces biographies sont-elles adapt\u00e9es aux personnes d\u00e9butant\u00b7e\u00b7s ?<\/h4>\n\n\n\n<p>Absolument&nbsp;! Elles sont volontairement claires, synth\u00e9tiques et accessibles, tout en restant informatives pour les professionnel\u00b7le\u00b7s.<\/p>\n\n\n\n<h4 class=\"wp-block-heading\">Puis-je demander l\u2019ajout d\u2019un\u00b7e auteur\u00b7e qui n\u2019est pas encore pr\u00e9sent\u00b7e ?<\/h4>\n\n\n\n<p>Oui, avec plaisir&nbsp;! Vous pouvez proposer un nom ou une m\u00e9thode par e-mail. L\u2019objectif est de rendre cette base aussi compl\u00e8te que possible. Votre aide est donc pr\u00e9cieuse.<\/p>\n\n\n\n<h4 class=\"wp-block-heading\">Les biographies sont-elles neutres et factuelles ?<\/h4>\n\n\n\n<p>Elles sont r\u00e9dig\u00e9es dans un esprit de clarification, en pr\u00e9sentant les faits historiques et th\u00e9oriques sans jugements.<\/p>\n\n\n\n<h4 class=\"wp-block-heading\">Ces biographies peuvent-elles m\u2019aider dans le choix d\u2019une formation ?<\/h4>\n\n\n\n<p>Oui. Elles offrent un panorama des m\u00e9thodes et peuvent aider \u00e0 comprendre quelles approches correspondent le mieux \u00e0 vos besoins.<\/p>\n\n\n\n<div class=\"wp-block-magic-content-box-content-box aligncenter magic-content-box-7a2cc7c5-5621-4 magic-content-box-contentBox block-wrapper-background content-align-center\"><style>.magic-content-box-7a2cc7c5-5621-4 .magic-content-box-content-wrapper{text-align:center;margin-top:30px;margin-bottom:30px}.magic-content-box-7a2cc7c5-5621-4 .magic-content-box-section-header-wrapper{border-color:#ff201f}.magic-content-box-7a2cc7c5-5621-4 .magic-content-box-mainheader-wrap{box-shadow:0px 6px 12px -10px #000;border-radius:5px;background-color:#fff}.magic-content-box-7a2cc7c5-5621-4 .magic-content-box-section-wrapper{padding-top:30px;padding-right:30px;padding-bottom:30px;padding-left:30px;margin-top:0px;margin-right:0px;margin-bottom:0px;margin-left:0px}.magic-content-box-7a2cc7c5-5621-4 .magic-content-box-section-head-wrap{text-align:center;padding-top:0px;padding-right:0px;padding-bottom:0px;margin-top:0px;margin-bottom:0px;padding-left:0px}.magic-content-box-7a2cc7c5-5621-4 .magic-content-box-section-head-wrap .magic-content-box-title{color:#404040;font-size:32px;font-family:Default;padding-top:5px;padding-bottom:5px}.magic-content-box-7a2cc7c5-5621-4 .magic-content-box-section-head-wrap .magic-content-box-subtitle{color:#6d6d6d;font-size:18px;font-family:Default;padding-top:5px;padding-bottom:5px}.magic-content-box-7a2cc7c5-5621-4 .magic-content-box-title-dash{color:#ff201f}.magic-content-box-7a2cc7c5-5621-4 .magic-content-box-block-button span{color:#fff;border-width:1px;font-size:16px;font-family:Default}.magic-content-box-7a2cc7c5-5621-4 .magic-content-box-block-button .magic-content-box-button{background-color:#ff201f}.magic-content-box-7a2cc7c5-5621-4 .magic-content-box-block-button i{color:#fff;font-size:13px}.magic-content-box-7a2cc7c5-5621-4 .magic-content-box-block-button{margin-top:10px;margin-bottom:10px}.magic-content-box-7a2cc7c5-5621-4 .magic-content-box-button{padding-top:5px;padding-right:15px;padding-bottom:5px;padding-left:15px}@media screen and (max-width:1025px){.magic-content-box-7a2cc7c5-5621-4 .magic-content-box-section-head-wrap .magic-content-box-title{font-size:undefinedpx}.magic-content-box-7a2cc7c5-5621-4 .magic-content-box-section-head-wrap .magic-content-box-subtitle{font-size:undefinedpx}.magic-content-box-7a2cc7c5-5621-4 .magic-content-box-block-button span{font-size:undefinedpx}.magic-content-box-7a2cc7c5-5621-4 .magic-content-box-block-button i{font-size:px}}@media screen and (max-width:767px){.magic-content-box-7a2cc7c5-5621-4 .magic-content-box-section-head-wrap .magic-content-box-title{font-size:undefinedpx}.magic-content-box-7a2cc7c5-5621-4 .magic-content-box-section-head-wrap .magic-content-box-subtitle{font-size:undefinedpx}.magic-content-box-7a2cc7c5-5621-4 .magic-content-box-block-button span{font-size:undefinedpx}.magic-content-box-7a2cc7c5-5621-4 .magic-content-box-block-button i{font-size:px}}<\/style><div class=\"content-wrapper-inner\"><div class=\"magic-content-box-content-wrapper magic-content-box-blocks reverse-img has-background style-1\"><div class=\"content-img-wrap\"><img decoding=\"async\" src=\"https:\/\/www.agoracademie.com\/blog\/wp-content\/uploads\/2025\/05\/formation-stress.jpg\" alt=\"Catalogue des formations\" class=\"\"\/><\/div><div class=\"magic-content-box-section-wrapper magic-content-box-mainheader-wrap\"><div class=\"magic-content-box-section-header-wrapper magic-content-box-blocks\"><div class=\"magic-content-box-section-head-wrap magic-content-box-style1 magic-content-box-center\"><div class=\"magic-content-box-title-wrapper\"><span class=\"magic-content-box-title-dash magic-content-box-upper-dash\"><\/span><h3 class=\"magic-content-box-title\"><span class=\"ez-toc-section\" id=\"Decouvrez_nos_formations_en_ligne_a_distance\"><\/span>D\u00e9couvrez nos formations en ligne &amp; \u00e0 distance<span class=\"ez-toc-section-end\"><\/span><\/h3><span class=\"magic-content-box-title-dash magic-content-box-lower-dash\"><\/span><\/div><div class=\"magic-content-box-subtitle-wrapper\"><span class=\"magic-content-box-title-dash magic-content-box-upper-dash\"><\/span><p class=\"magic-content-box-subtitle\">Th\u00e9rapies alternatives + Coaching + D\u00e9veloppement personnel<\/p><span class=\"magic-content-box-title-dash magic-content-box-lower-dash\"><\/span><\/div><\/div><\/div><div class=\"magic-content-box-desc-btn-wrap\"><div class=\"magic-content-box-block-button\"><a href=\"https:\/\/www.agoracademie.com\/academie\" class=\"magic-content-box-button magic-content-box-button-shape-rounded magic-content-box-button-size-small hover-style-1 btn-icon-left\"><span>CATALOGUE EN LIGNE<\/span><\/a><\/div><\/div><\/div><\/div><\/div><\/div>\n\n\n\n<h2 class=\"wp-block-heading\"><span class=\"ez-toc-section\" id=\"A_propos_de_formation%E2%80%A6\"><\/span>\u00c0 propos de formation&#8230;<span class=\"ez-toc-section-end\"><\/span><\/h2>\n\n\n\n<p>Vous souhaitez aller plus loin que la simple d\u00e9couverte des biographies ?<\/p>\n\n\n\n<p>Je propose plusieurs <strong>formations professionnelles<\/strong> et accessibles, directement en lien avec les m\u00e9thodes pr\u00e9sent\u00e9es ici :<\/p>\n\n\n\n<ul class=\"wp-block-list\">\n<li>PNL et Psychog\u00e9n\u00e9alogie<\/li>\n\n\n\n<li>th\u00e9rapies alternatives<\/li>\n\n\n\n<li>relation d\u2019aide et \u00e0 la communication<\/li>\n\n\n\n<li>modules sp\u00e9cialis\u00e9s en pratiques psychocorporelles et m\u00e9thodes int\u00e9gratives&#8230;<\/li>\n<\/ul>\n\n\n\n<p>Ces formations vous permettent de :<\/p>\n\n\n\n<ul class=\"wp-block-list\">\n<li>comprendre les fondements th\u00e9oriques des approches,<\/li>\n\n\n\n<li>les int\u00e9grer dans votre pratique personnelle ou professionnelle,<\/li>\n\n\n\n<li>d\u00e9velopper une posture solide et \u00e9thique,<\/li>\n\n\n\n<li>et enrichir votre compr\u00e9hension des grands courants de la psychologie et de la th\u00e9rapie.<\/li>\n<\/ul>\n\n\n\n<p>D\u00e9couvrez toutes ces formations dans notre catalogue en ligne, et <strong>choisissez celle qui correspond \u00e0 votre \u00e9volution<\/strong>.<\/p>\n","protected":false},"excerpt":{"rendered":"<p>Retrouvez toutes les biographies par ordre alphab\u00e9tique sur la page BIOGRAPHIES EN LIGNE ! Biographies des th\u00e9rapeutes et psy c\u00e9l\u00e8bres : la page de r\u00e9f\u00e9rence Cet article sur les biographies des th\u00e9rapeutes et psy c\u00e9l\u00e8bres a \u00e9t\u00e9 publi\u00e9 le 27 ao\u00fbt 2018 et mis \u00e0 jour le 18 novembre 2025. Comprendre l\u2019histoire des th\u00e9rapies et du d\u00e9veloppement personnel, c\u2019est aussi d\u00e9couvrir les femmes et les hommes qui ont fa\u00e7onn\u00e9 ces approches.<\/p>\n","protected":false},"author":2,"featured_media":0,"comment_status":"open","ping_status":"closed","sticky":false,"template":"","format":"standard","meta":{"_bbp_topic_count":0,"_bbp_reply_count":0,"_bbp_total_topic_count":0,"_bbp_total_reply_count":0,"_bbp_voice_count":0,"_bbp_anonymous_reply_count":0,"_bbp_topic_count_hidden":0,"_bbp_reply_count_hidden":0,"_bbp_forum_subforum_count":0,"footnotes":""},"categories":[122],"tags":[],"class_list":["post-5088","post","type-post","status-publish","format-standard","hentry","category-biographies-en-ligne"],"yoast_head":"<!-- This site is optimized with the Yoast SEO plugin v27.4 - https:\/\/yoast.com\/product\/yoast-seo-wordpress\/ -->\n<title>Biographies des th\u00e9rapeutes et psy c\u00e9l\u00e8bres : la page de r\u00e9f\u00e9rence<\/title>\n<meta name=\"description\" content=\"D\u00e9couvrez dans notre dictionnaire en ligne la biographie des principaux cr\u00e9ateurs de th\u00e9rapies et m\u00e9thodes de d\u00e9veloppement personnel.\" \/>\n<meta name=\"robots\" content=\"index, follow, max-snippet:-1, max-image-preview:large, max-video-preview:-1\" \/>\n<link rel=\"canonical\" href=\"https:\/\/www.agoracademie.com\/blog\/biographies\/\" \/>\n<meta property=\"og:locale\" content=\"fr_FR\" \/>\n<meta property=\"og:type\" content=\"article\" \/>\n<meta property=\"og:title\" content=\"Biographies des th\u00e9rapeutes et psy c\u00e9l\u00e8bres : la page de r\u00e9f\u00e9rence\" \/>\n<meta property=\"og:description\" content=\"D\u00e9couvrez dans notre dictionnaire en ligne la biographie des principaux cr\u00e9ateurs de th\u00e9rapies et m\u00e9thodes de d\u00e9veloppement personnel.\" \/>\n<meta property=\"og:url\" content=\"https:\/\/www.agoracademie.com\/blog\/biographies\/\" \/>\n<meta property=\"og:site_name\" content=\"Agoracad\u00e9mie\" \/>\n<meta property=\"article:published_time\" content=\"2018-08-27T16:03:40+00:00\" \/>\n<meta property=\"article:modified_time\" content=\"2025-11-18T18:39:04+00:00\" \/>\n<meta property=\"og:image\" content=\"https:\/\/www.agoracademie.com\/blog\/wp-content\/uploads\/2018\/08\/biographies.jpg\" \/>\n\t<meta property=\"og:image:width\" content=\"1079\" \/>\n\t<meta property=\"og:image:height\" content=\"538\" \/>\n\t<meta property=\"og:image:type\" content=\"image\/jpeg\" \/>\n<meta name=\"author\" content=\"Laurent Bertrel\" \/>\n<meta name=\"twitter:label1\" content=\"\u00c9crit par\" \/>\n\t<meta name=\"twitter:data1\" content=\"Laurent Bertrel\" \/>\n\t<meta name=\"twitter:label2\" content=\"Dur\u00e9e de lecture estim\u00e9e\" \/>\n\t<meta name=\"twitter:data2\" content=\"6 minutes\" \/>\n<script type=\"application\/ld+json\" class=\"yoast-schema-graph\">{\"@context\":\"https:\\\/\\\/schema.org\",\"@graph\":[{\"@type\":\"Article\",\"@id\":\"https:\\\/\\\/www.agoracademie.com\\\/blog\\\/biographies\\\/#article\",\"isPartOf\":{\"@id\":\"https:\\\/\\\/www.agoracademie.com\\\/blog\\\/biographies\\\/\"},\"author\":{\"name\":\"Laurent Bertrel\",\"@id\":\"https:\\\/\\\/www.agoracademie.com\\\/blog\\\/#\\\/schema\\\/person\\\/c2f110c50be7dcecc05cb4e87f32537f\"},\"headline\":\"Biographies des th\u00e9rapeutes et psy c\u00e9l\u00e8bres\",\"datePublished\":\"2018-08-27T16:03:40+00:00\",\"dateModified\":\"2025-11-18T18:39:04+00:00\",\"mainEntityOfPage\":{\"@id\":\"https:\\\/\\\/www.agoracademie.com\\\/blog\\\/biographies\\\/\"},\"wordCount\":1242,\"commentCount\":0,\"image\":{\"@id\":\"https:\\\/\\\/www.agoracademie.com\\\/blog\\\/biographies\\\/#primaryimage\"},\"thumbnailUrl\":\"https:\\\/\\\/www.agoracademie.com\\\/blog\\\/wp-content\\\/uploads\\\/2018\\\/08\\\/biographies-1024x511.jpg\",\"articleSection\":[\"Biographie\"],\"inLanguage\":\"fr-FR\",\"potentialAction\":[{\"@type\":\"CommentAction\",\"name\":\"Comment\",\"target\":[\"https:\\\/\\\/www.agoracademie.com\\\/blog\\\/biographies\\\/#respond\"]}]},{\"@type\":\"WebPage\",\"@id\":\"https:\\\/\\\/www.agoracademie.com\\\/blog\\\/biographies\\\/\",\"url\":\"https:\\\/\\\/www.agoracademie.com\\\/blog\\\/biographies\\\/\",\"name\":\"Biographies des th\u00e9rapeutes et psy c\u00e9l\u00e8bres : la page de r\u00e9f\u00e9rence\",\"isPartOf\":{\"@id\":\"https:\\\/\\\/www.agoracademie.com\\\/blog\\\/#website\"},\"primaryImageOfPage\":{\"@id\":\"https:\\\/\\\/www.agoracademie.com\\\/blog\\\/biographies\\\/#primaryimage\"},\"image\":{\"@id\":\"https:\\\/\\\/www.agoracademie.com\\\/blog\\\/biographies\\\/#primaryimage\"},\"thumbnailUrl\":\"https:\\\/\\\/www.agoracademie.com\\\/blog\\\/wp-content\\\/uploads\\\/2018\\\/08\\\/biographies-1024x511.jpg\",\"datePublished\":\"2018-08-27T16:03:40+00:00\",\"dateModified\":\"2025-11-18T18:39:04+00:00\",\"author\":{\"@id\":\"https:\\\/\\\/www.agoracademie.com\\\/blog\\\/#\\\/schema\\\/person\\\/c2f110c50be7dcecc05cb4e87f32537f\"},\"description\":\"D\u00e9couvrez dans notre dictionnaire en ligne la biographie des principaux cr\u00e9ateurs de th\u00e9rapies et m\u00e9thodes de d\u00e9veloppement personnel.\",\"breadcrumb\":{\"@id\":\"https:\\\/\\\/www.agoracademie.com\\\/blog\\\/biographies\\\/#breadcrumb\"},\"inLanguage\":\"fr-FR\",\"potentialAction\":[{\"@type\":\"ReadAction\",\"target\":[\"https:\\\/\\\/www.agoracademie.com\\\/blog\\\/biographies\\\/\"]}]},{\"@type\":\"ImageObject\",\"inLanguage\":\"fr-FR\",\"@id\":\"https:\\\/\\\/www.agoracademie.com\\\/blog\\\/biographies\\\/#primaryimage\",\"url\":\"https:\\\/\\\/www.agoracademie.com\\\/blog\\\/wp-content\\\/uploads\\\/2018\\\/08\\\/biographies.jpg\",\"contentUrl\":\"https:\\\/\\\/www.agoracademie.com\\\/blog\\\/wp-content\\\/uploads\\\/2018\\\/08\\\/biographies.jpg\",\"width\":1079,\"height\":538},{\"@type\":\"BreadcrumbList\",\"@id\":\"https:\\\/\\\/www.agoracademie.com\\\/blog\\\/biographies\\\/#breadcrumb\",\"itemListElement\":[{\"@type\":\"ListItem\",\"position\":1,\"name\":\"Accueil\",\"item\":\"https:\\\/\\\/www.agoracademie.com\\\/blog\\\/\"},{\"@type\":\"ListItem\",\"position\":2,\"name\":\"Biographies des th\u00e9rapeutes et psy c\u00e9l\u00e8bres\"}]},{\"@type\":\"WebSite\",\"@id\":\"https:\\\/\\\/www.agoracademie.com\\\/blog\\\/#website\",\"url\":\"https:\\\/\\\/www.agoracademie.com\\\/blog\\\/\",\"name\":\"Blog Agoracad\u00e9mie - Centre de formation en ligne et \u00e0 distance\",\"description\":\"Le blog du d\u00e9veloppement personnel et des th\u00e9rapies\",\"potentialAction\":[{\"@type\":\"SearchAction\",\"target\":{\"@type\":\"EntryPoint\",\"urlTemplate\":\"https:\\\/\\\/www.agoracademie.com\\\/blog\\\/?s={search_term_string}\"},\"query-input\":{\"@type\":\"PropertyValueSpecification\",\"valueRequired\":true,\"valueName\":\"search_term_string\"}}],\"inLanguage\":\"fr-FR\"},{\"@type\":\"Person\",\"@id\":\"https:\\\/\\\/www.agoracademie.com\\\/blog\\\/#\\\/schema\\\/person\\\/c2f110c50be7dcecc05cb4e87f32537f\",\"name\":\"Laurent Bertrel\",\"image\":{\"@type\":\"ImageObject\",\"inLanguage\":\"fr-FR\",\"@id\":\"https:\\\/\\\/secure.gravatar.com\\\/avatar\\\/45841390e6db2f4064cc5f84ee39189cf562b1de36eb5b1b7cc82dee445813a4?s=96&r=g\",\"url\":\"https:\\\/\\\/secure.gravatar.com\\\/avatar\\\/45841390e6db2f4064cc5f84ee39189cf562b1de36eb5b1b7cc82dee445813a4?s=96&r=g\",\"contentUrl\":\"https:\\\/\\\/secure.gravatar.com\\\/avatar\\\/45841390e6db2f4064cc5f84ee39189cf562b1de36eb5b1b7cc82dee445813a4?s=96&r=g\",\"caption\":\"Laurent Bertrel\"},\"description\":\"Laurent Bertrel est le fondateur d'Agoracad\u00e9mie. Titulaire d'une licence en sciences humaines et sociales, d'une ma\u00eetrise et d'un master en psychanalyse, d'un master en \u00e9tudes culturelles parcours \u00e9tudes de genre, du DU connaissances g\u00e9n\u00e9rales de la personne \u00e2g\u00e9e, il est aussi form\u00e9 \u00e0 diff\u00e9rentes approches dont la PNL, la sophrologie, la relaxation, l'hypnose, le coaching, la m\u00e9ditation, les arts martiaux, etc. Auteur de plus de 40 ouvrages, dont 18 livres, il anime plusieurs formations sur Agoracad\u00e9mie et r\u00e9pondra au message que vous allez laisser ci-dessous.\",\"sameAs\":[\"https:\\\/\\\/www.agoracademie.com\\\/\"]}]}<\/script>\n<!-- \/ Yoast SEO plugin. -->","yoast_head_json":{"title":"Biographies des th\u00e9rapeutes et psy c\u00e9l\u00e8bres : la page de r\u00e9f\u00e9rence","description":"D\u00e9couvrez dans notre dictionnaire en ligne la biographie des principaux cr\u00e9ateurs de th\u00e9rapies et m\u00e9thodes de d\u00e9veloppement personnel.","robots":{"index":"index","follow":"follow","max-snippet":"max-snippet:-1","max-image-preview":"max-image-preview:large","max-video-preview":"max-video-preview:-1"},"canonical":"https:\/\/www.agoracademie.com\/blog\/biographies\/","og_locale":"fr_FR","og_type":"article","og_title":"Biographies des th\u00e9rapeutes et psy c\u00e9l\u00e8bres : la page de r\u00e9f\u00e9rence","og_description":"D\u00e9couvrez dans notre dictionnaire en ligne la biographie des principaux cr\u00e9ateurs de th\u00e9rapies et m\u00e9thodes de d\u00e9veloppement personnel.","og_url":"https:\/\/www.agoracademie.com\/blog\/biographies\/","og_site_name":"Agoracad\u00e9mie","article_published_time":"2018-08-27T16:03:40+00:00","article_modified_time":"2025-11-18T18:39:04+00:00","og_image":[{"width":1079,"height":538,"url":"https:\/\/www.agoracademie.com\/blog\/wp-content\/uploads\/2018\/08\/biographies.jpg","type":"image\/jpeg"}],"author":"Laurent Bertrel","twitter_misc":{"\u00c9crit par":"Laurent Bertrel","Dur\u00e9e de lecture estim\u00e9e":"6 minutes"},"schema":{"@context":"https:\/\/schema.org","@graph":[{"@type":"Article","@id":"https:\/\/www.agoracademie.com\/blog\/biographies\/#article","isPartOf":{"@id":"https:\/\/www.agoracademie.com\/blog\/biographies\/"},"author":{"name":"Laurent Bertrel","@id":"https:\/\/www.agoracademie.com\/blog\/#\/schema\/person\/c2f110c50be7dcecc05cb4e87f32537f"},"headline":"Biographies des th\u00e9rapeutes et psy c\u00e9l\u00e8bres","datePublished":"2018-08-27T16:03:40+00:00","dateModified":"2025-11-18T18:39:04+00:00","mainEntityOfPage":{"@id":"https:\/\/www.agoracademie.com\/blog\/biographies\/"},"wordCount":1242,"commentCount":0,"image":{"@id":"https:\/\/www.agoracademie.com\/blog\/biographies\/#primaryimage"},"thumbnailUrl":"https:\/\/www.agoracademie.com\/blog\/wp-content\/uploads\/2018\/08\/biographies-1024x511.jpg","articleSection":["Biographie"],"inLanguage":"fr-FR","potentialAction":[{"@type":"CommentAction","name":"Comment","target":["https:\/\/www.agoracademie.com\/blog\/biographies\/#respond"]}]},{"@type":"WebPage","@id":"https:\/\/www.agoracademie.com\/blog\/biographies\/","url":"https:\/\/www.agoracademie.com\/blog\/biographies\/","name":"Biographies des th\u00e9rapeutes et psy c\u00e9l\u00e8bres : la page de r\u00e9f\u00e9rence","isPartOf":{"@id":"https:\/\/www.agoracademie.com\/blog\/#website"},"primaryImageOfPage":{"@id":"https:\/\/www.agoracademie.com\/blog\/biographies\/#primaryimage"},"image":{"@id":"https:\/\/www.agoracademie.com\/blog\/biographies\/#primaryimage"},"thumbnailUrl":"https:\/\/www.agoracademie.com\/blog\/wp-content\/uploads\/2018\/08\/biographies-1024x511.jpg","datePublished":"2018-08-27T16:03:40+00:00","dateModified":"2025-11-18T18:39:04+00:00","author":{"@id":"https:\/\/www.agoracademie.com\/blog\/#\/schema\/person\/c2f110c50be7dcecc05cb4e87f32537f"},"description":"D\u00e9couvrez dans notre dictionnaire en ligne la biographie des principaux cr\u00e9ateurs de th\u00e9rapies et m\u00e9thodes de d\u00e9veloppement personnel.","breadcrumb":{"@id":"https:\/\/www.agoracademie.com\/blog\/biographies\/#breadcrumb"},"inLanguage":"fr-FR","potentialAction":[{"@type":"ReadAction","target":["https:\/\/www.agoracademie.com\/blog\/biographies\/"]}]},{"@type":"ImageObject","inLanguage":"fr-FR","@id":"https:\/\/www.agoracademie.com\/blog\/biographies\/#primaryimage","url":"https:\/\/www.agoracademie.com\/blog\/wp-content\/uploads\/2018\/08\/biographies.jpg","contentUrl":"https:\/\/www.agoracademie.com\/blog\/wp-content\/uploads\/2018\/08\/biographies.jpg","width":1079,"height":538},{"@type":"BreadcrumbList","@id":"https:\/\/www.agoracademie.com\/blog\/biographies\/#breadcrumb","itemListElement":[{"@type":"ListItem","position":1,"name":"Accueil","item":"https:\/\/www.agoracademie.com\/blog\/"},{"@type":"ListItem","position":2,"name":"Biographies des th\u00e9rapeutes et psy c\u00e9l\u00e8bres"}]},{"@type":"WebSite","@id":"https:\/\/www.agoracademie.com\/blog\/#website","url":"https:\/\/www.agoracademie.com\/blog\/","name":"Blog Agoracad\u00e9mie - Centre de formation en ligne et \u00e0 distance","description":"Le blog du d\u00e9veloppement personnel et des th\u00e9rapies","potentialAction":[{"@type":"SearchAction","target":{"@type":"EntryPoint","urlTemplate":"https:\/\/www.agoracademie.com\/blog\/?s={search_term_string}"},"query-input":{"@type":"PropertyValueSpecification","valueRequired":true,"valueName":"search_term_string"}}],"inLanguage":"fr-FR"},{"@type":"Person","@id":"https:\/\/www.agoracademie.com\/blog\/#\/schema\/person\/c2f110c50be7dcecc05cb4e87f32537f","name":"Laurent Bertrel","image":{"@type":"ImageObject","inLanguage":"fr-FR","@id":"https:\/\/secure.gravatar.com\/avatar\/45841390e6db2f4064cc5f84ee39189cf562b1de36eb5b1b7cc82dee445813a4?s=96&r=g","url":"https:\/\/secure.gravatar.com\/avatar\/45841390e6db2f4064cc5f84ee39189cf562b1de36eb5b1b7cc82dee445813a4?s=96&r=g","contentUrl":"https:\/\/secure.gravatar.com\/avatar\/45841390e6db2f4064cc5f84ee39189cf562b1de36eb5b1b7cc82dee445813a4?s=96&r=g","caption":"Laurent Bertrel"},"description":"Laurent Bertrel est le fondateur d'Agoracad\u00e9mie. Titulaire d'une licence en sciences humaines et sociales, d'une ma\u00eetrise et d'un master en psychanalyse, d'un master en \u00e9tudes culturelles parcours \u00e9tudes de genre, du DU connaissances g\u00e9n\u00e9rales de la personne \u00e2g\u00e9e, il est aussi form\u00e9 \u00e0 diff\u00e9rentes approches dont la PNL, la sophrologie, la relaxation, l'hypnose, le coaching, la m\u00e9ditation, les arts martiaux, etc. Auteur de plus de 40 ouvrages, dont 18 livres, il anime plusieurs formations sur Agoracad\u00e9mie et r\u00e9pondra au message que vous allez laisser ci-dessous.","sameAs":["https:\/\/www.agoracademie.com\/"]}]}},"acf":[],"_links":{"self":[{"href":"https:\/\/www.agoracademie.com\/blog\/wp-json\/wp\/v2\/posts\/5088","targetHints":{"allow":["GET"]}}],"collection":[{"href":"https:\/\/www.agoracademie.com\/blog\/wp-json\/wp\/v2\/posts"}],"about":[{"href":"https:\/\/www.agoracademie.com\/blog\/wp-json\/wp\/v2\/types\/post"}],"author":[{"embeddable":true,"href":"https:\/\/www.agoracademie.com\/blog\/wp-json\/wp\/v2\/users\/2"}],"replies":[{"embeddable":true,"href":"https:\/\/www.agoracademie.com\/blog\/wp-json\/wp\/v2\/comments?post=5088"}],"version-history":[{"count":12,"href":"https:\/\/www.agoracademie.com\/blog\/wp-json\/wp\/v2\/posts\/5088\/revisions"}],"predecessor-version":[{"id":22889,"href":"https:\/\/www.agoracademie.com\/blog\/wp-json\/wp\/v2\/posts\/5088\/revisions\/22889"}],"wp:attachment":[{"href":"https:\/\/www.agoracademie.com\/blog\/wp-json\/wp\/v2\/media?parent=5088"}],"wp:term":[{"taxonomy":"category","embeddable":true,"href":"https:\/\/www.agoracademie.com\/blog\/wp-json\/wp\/v2\/categories?post=5088"},{"taxonomy":"post_tag","embeddable":true,"href":"https:\/\/www.agoracademie.com\/blog\/wp-json\/wp\/v2\/tags?post=5088"}],"curies":[{"name":"wp","href":"https:\/\/api.w.org\/{rel}","templated":true}]}}