{"id":5154,"date":"2018-08-28T13:33:08","date_gmt":"2018-08-28T13:33:08","guid":{"rendered":"http:\/\/agoracademie.com\/blog\/?p=5154"},"modified":"2025-11-19T14:21:26","modified_gmt":"2025-11-19T13:21:26","slug":"citations-developpement-personnel","status":"publish","type":"post","link":"https:\/\/www.agoracademie.com\/blog\/citations-developpement-personnel\/","title":{"rendered":"Citations d\u00e9veloppement personnel"},"content":{"rendered":"<div class=\"wp-block-image\">\n<figure class=\"aligncenter size-large\"><img loading=\"lazy\" decoding=\"async\" width=\"1024\" height=\"511\" src=\"https:\/\/www.agoracademie.com\/blog\/wp-content\/uploads\/2018\/08\/citations_developpement_personnel-1024x511.jpg\" alt=\"Citations d\u00e9veloppement personnel\" class=\"wp-image-22892\" srcset=\"https:\/\/www.agoracademie.com\/blog\/wp-content\/uploads\/2018\/08\/citations_developpement_personnel-1024x511.jpg 1024w, https:\/\/www.agoracademie.com\/blog\/wp-content\/uploads\/2018\/08\/citations_developpement_personnel-300x150.jpg 300w, https:\/\/www.agoracademie.com\/blog\/wp-content\/uploads\/2018\/08\/citations_developpement_personnel-768x383.jpg 768w, https:\/\/www.agoracademie.com\/blog\/wp-content\/uploads\/2018\/08\/citations_developpement_personnel.jpg 1079w\" sizes=\"auto, (max-width: 1024px) 100vw, 1024px\" \/><figcaption class=\"wp-element-caption\">Faites quelque chose de cr\u00e9atif tous les jours<\/figcaption><\/figure><div id=\"ez-toc-container\" class=\"ez-toc-v2_0_82_2 ez-toc-wrap-center counter-hierarchy ez-toc-counter ez-toc-transparent ez-toc-container-direction\">\n<div class=\"ez-toc-title-container\">\n<p class=\"ez-toc-title\" style=\"cursor:inherit\">Sommaire<\/p>\n<span class=\"ez-toc-title-toggle\"><a href=\"#\" class=\"ez-toc-pull-right ez-toc-btn ez-toc-btn-xs ez-toc-btn-default ez-toc-toggle\" aria-label=\"Toggle Table of Content\"><span class=\"ez-toc-js-icon-con\"><span class=\"\"><span class=\"eztoc-hide\" style=\"display:none;\">Toggle<\/span><span class=\"ez-toc-icon-toggle-span\"><svg style=\"fill: #999;color:#999\" xmlns=\"http:\/\/www.w3.org\/2000\/svg\" class=\"list-377408\" width=\"20px\" height=\"20px\" viewBox=\"0 0 24 24\" fill=\"none\"><path d=\"M6 6H4v2h2V6zm14 0H8v2h12V6zM4 11h2v2H4v-2zm16 0H8v2h12v-2zM4 16h2v2H4v-2zm16 0H8v2h12v-2z\" fill=\"currentColor\"><\/path><\/svg><svg style=\"fill: #999;color:#999\" class=\"arrow-unsorted-368013\" xmlns=\"http:\/\/www.w3.org\/2000\/svg\" width=\"10px\" height=\"10px\" viewBox=\"0 0 24 24\" version=\"1.2\" baseProfile=\"tiny\"><path d=\"M18.2 9.3l-6.2-6.3-6.2 6.3c-.2.2-.3.4-.3.7s.1.5.3.7c.2.2.4.3.7.3h11c.3 0 .5-.1.7-.3.2-.2.3-.5.3-.7s-.1-.5-.3-.7zM5.8 14.7l6.2 6.3 6.2-6.3c.2-.2.3-.5.3-.7s-.1-.5-.3-.7c-.2-.2-.4-.3-.7-.3h-11c-.3 0-.5.1-.7.3-.2.2-.3.5-.3.7s.1.5.3.7z\"\/><\/svg><\/span><\/span><\/span><\/a><\/span><\/div>\n<nav><ul class='ez-toc-list ez-toc-list-level-1 ' ><li class='ez-toc-page-1 ez-toc-heading-level-2'><a class=\"ez-toc-link ez-toc-heading-1\" href=\"https:\/\/www.agoracademie.com\/blog\/citations-developpement-personnel\/#Citations_developpement_personnel_inspiration_sens_et_transformation_interieure\" >Citations d\u00e9veloppement personnel : inspiration, sens et transformation int\u00e9rieure<\/a><\/li><li class='ez-toc-page-1 ez-toc-heading-level-2'><a class=\"ez-toc-link ez-toc-heading-2\" href=\"https:\/\/www.agoracademie.com\/blog\/citations-developpement-personnel\/#Quest-ce_quune_citation\" >Qu\u2019est-ce qu\u2019une citation ?<\/a><\/li><li class='ez-toc-page-1 ez-toc-heading-level-2'><a class=\"ez-toc-link ez-toc-heading-3\" href=\"https:\/\/www.agoracademie.com\/blog\/citations-developpement-personnel\/#Quest-ce_quune_phrase_de_developpement_personnel\" >Qu\u2019est-ce qu\u2019une phrase de d\u00e9veloppement personnel ?<\/a><\/li><li class='ez-toc-page-1 ez-toc-heading-level-2'><a class=\"ez-toc-link ez-toc-heading-4\" href=\"https:\/\/www.agoracademie.com\/blog\/citations-developpement-personnel\/#Pourquoi_est-ce_important_quune_citation_vienne_dune_personne_connue\" >Pourquoi est-ce important qu\u2019une citation vienne d\u2019une personne connue ?<\/a><\/li><li class='ez-toc-page-1 ez-toc-heading-level-2'><a class=\"ez-toc-link ez-toc-heading-5\" href=\"https:\/\/www.agoracademie.com\/blog\/citations-developpement-personnel\/#Comment_creer_sa_propre_citation\" >Comment cr\u00e9er sa propre citation ?<\/a><ul class='ez-toc-list-level-3' ><li class='ez-toc-heading-level-3'><a class=\"ez-toc-link ez-toc-heading-6\" href=\"https:\/\/www.agoracademie.com\/blog\/citations-developpement-personnel\/#Tableau_recapitulatif_les_6_ingredients_dune_bonne_citation\" >Tableau r\u00e9capitulatif : les 6 ingr\u00e9dients d&rsquo;une bonne citation<\/a><\/li><\/ul><\/li><li class='ez-toc-page-1 ez-toc-heading-level-2'><a class=\"ez-toc-link ez-toc-heading-7\" href=\"https:\/\/www.agoracademie.com\/blog\/citations-developpement-personnel\/#6_bonnes_raisons_davoir_sous_les_yeux_une_citation_ou_une_phrase_developpement_personnel\" >6 bonnes raisons d\u2019avoir sous les yeux une citation ou une phrase d\u00e9veloppement personnel<\/a><ul class='ez-toc-list-level-3' ><li class='ez-toc-heading-level-3'><a class=\"ez-toc-link ez-toc-heading-8\" href=\"https:\/\/www.agoracademie.com\/blog\/citations-developpement-personnel\/#Decouvrez_nos_formations_en_developpement_personnel\" >D\u00e9couvrez nos formations en d\u00e9veloppement personnel<\/a><\/li><\/ul><\/li><li class='ez-toc-page-1 ez-toc-heading-level-2'><a class=\"ez-toc-link ez-toc-heading-9\" href=\"https:\/\/www.agoracademie.com\/blog\/citations-developpement-personnel\/#10_citations_developpement_personnel_peu_connues_et_leur_explication\" >10 citations d\u00e9veloppement personnel (peu connues) et leur explication<\/a><\/li><li class='ez-toc-page-1 ez-toc-heading-level-2'><a class=\"ez-toc-link ez-toc-heading-10\" href=\"https:\/\/www.agoracademie.com\/blog\/citations-developpement-personnel\/#FAQ_Citations_developpement_personnel\" >FAQ Citations d\u00e9veloppement personnel<\/a><\/li><\/ul><\/nav><\/div>\n\n<\/div>\n\n\n<h2 class=\"wp-block-heading\"><span class=\"ez-toc-section\" id=\"Citations_developpement_personnel_inspiration_sens_et_transformation_interieure\"><\/span>Citations d\u00e9veloppement personnel : inspiration, sens et transformation int\u00e9rieure<span class=\"ez-toc-section-end\"><\/span><\/h2>\n\n\n\n<p><em>Cet article sur les citations d\u00e9veloppement personnel a \u00e9t\u00e9 publi\u00e9 le 28 ao\u00fbt 2018 et <strong>mis \u00e0 jour le 19 novembre 2025<\/strong>.<\/em><\/p>\n\n\n\n<p>Les<strong> citations d\u00e9veloppement personnel<\/strong> jouent un r\u00f4le beaucoup plus vaste que celui d\u2019une simple phrase bien tourn\u00e9e.<\/p>\n\n\n\n<!--more-->\n\n\n\n<p>En effet, elles concentrent, en quelques mots seulement, une vision du monde, une exp\u00e9rience de vie ou un \u00e9clairage psychologique capable de nous toucher, de nous orienter ou de nous apaiser.<\/p>\n\n\n\n<p>Certaines nous secouent, d\u2019autres nous questionnent, toutes peuvent \u00e9veiller quelque chose en nous.<\/p>\n\n\n\n<p>Dans cet article, vous d\u00e9couvrirez&nbsp;:<\/p>\n\n\n\n<ul class=\"wp-block-list\">\n<li>ce qu\u2019est r\u00e9ellement une citation,<\/li>\n\n\n\n<li>ce qui distingue une <strong>phrase <a href=\"https:\/\/www.agoracademie.com\/academie\/formation-coach-developpement-personnel-en-ligne\">d\u00e9veloppement personnel<\/a><\/strong>,<\/li>\n\n\n\n<li>pourquoi ces formulations nous transforment,<\/li>\n\n\n\n<li>comment cr\u00e9er vos propres citations,<\/li>\n\n\n\n<li>et comment les utiliser pour nourrir votre chemin int\u00e9rieur.<\/li>\n<\/ul>\n\n\n\n<p>Vous trouverez aussi une s\u00e9lection in\u00e9dite de dix citations inspirantes issues de grands penseurs ou d&rsquo;artistes (nous ferons un jour une autre s\u00e9lection au f\u00e9minin), accompagn\u00e9es d\u2019une courte explication.<\/p>\n\n\n\n<p>Bien s\u00fbr, il ne s&rsquo;agit que de notre interpr\u00e9tation, et libre \u00e0 vous de r\u00e9aliser la v\u00f4tre, puis de la partager dans les commentaires&#8230;<\/p>\n\n\n\n<p><strong>Nous sommes impatient\u00b7e\u00b7s de vous lire&nbsp;!<\/strong><\/p>\n\n\n\n<h2 class=\"wp-block-heading\"><span class=\"ez-toc-section\" id=\"Quest-ce_quune_citation\"><\/span>Qu\u2019est-ce qu\u2019une citation ?<span class=\"ez-toc-section-end\"><\/span><\/h2>\n\n\n\n<p>Une citation est <strong>une formulation attribu\u00e9e \u00e0 une personne identifiable<\/strong> &#8211; philosophe, th\u00e9rapeute, artiste, scientifique, sage &#8211; dont les mots ont \u00e9t\u00e9 conserv\u00e9s parce qu\u2019ils cristallisent une id\u00e9e forte.<\/p>\n\n\n\n<p>Une citation n\u2019est donc pas seulement une phrase, puisqu&rsquo;il s&rsquo;agit d&rsquo;une trace t\u00e9moignant d\u2019un parcours, d\u2019un regard sur la vie, d\u2019un enseignement transmis.<\/p>\n\n\n\n<p>Les citations deviennent des rep\u00e8res universels, car elles offrent des v\u00e9rit\u00e9s condens\u00e9es qui continuent de r\u00e9sonner bien apr\u00e8s la disparition de leur auteur.<\/p>\n\n\n\n<p>Leur force est aussi de traverser les \u00e9poques, car elles captent quelque chose de fondamental et par exemple&nbsp;:<\/p>\n\n\n\n<ul class=\"wp-block-list\">\n<li>une intuition humaine,<\/li>\n\n\n\n<li>une sagesse,<\/li>\n\n\n\n<li>ou bien une observation juste<\/li>\n\n\n\n<li>ou encore une mise en perspective profonde.<\/li>\n<\/ul>\n\n\n<div class=\"wp-block-image\">\n<figure class=\"aligncenter size-large\"><img loading=\"lazy\" decoding=\"async\" width=\"1024\" height=\"511\" src=\"https:\/\/www.agoracademie.com\/blog\/wp-content\/uploads\/2018\/08\/citation-1024x511.jpg\" alt=\"Citation Oscar Wilde\" class=\"wp-image-22893\" srcset=\"https:\/\/www.agoracademie.com\/blog\/wp-content\/uploads\/2018\/08\/citation-1024x511.jpg 1024w, https:\/\/www.agoracademie.com\/blog\/wp-content\/uploads\/2018\/08\/citation-300x150.jpg 300w, https:\/\/www.agoracademie.com\/blog\/wp-content\/uploads\/2018\/08\/citation-768x383.jpg 768w, https:\/\/www.agoracademie.com\/blog\/wp-content\/uploads\/2018\/08\/citation.jpg 1079w\" sizes=\"auto, (max-width: 1024px) 100vw, 1024px\" \/><figcaption class=\"wp-element-caption\">Soyez vous-m\u00eame, les autres sont d\u00e9j\u00e0 pris<\/figcaption><\/figure>\n<\/div>\n\n\n<h2 class=\"wp-block-heading\"><span class=\"ez-toc-section\" id=\"Quest-ce_quune_phrase_de_developpement_personnel\"><\/span>Qu\u2019est-ce qu\u2019une phrase de d\u00e9veloppement personnel ?<span class=\"ez-toc-section-end\"><\/span><\/h2>\n\n\n\n<p>Une phrase d\u00e9veloppement personnel <strong>n\u2019a pas besoin d\u2019\u00eatre prononc\u00e9e par une figure c\u00e9l\u00e8bre<\/strong> pour exister.<\/p>\n\n\n\n<p>C\u2019est une phrase courte, m\u00e9morisable, qui transmet une id\u00e9e aidante, encourageante ou clarifiante, pour par exemple :<\/p>\n\n\n\n<ul class=\"wp-block-list\">\n<li>redonner confiance,<\/li>\n\n\n\n<li>questionner notre fa\u00e7on de vivre,<\/li>\n\n\n\n<li>\u00e9clairer un probl\u00e8me,<\/li>\n\n\n\n<li>inspirer une d\u00e9cision,<\/li>\n\n\n\n<li>apaiser un doute,<\/li>\n\n\n\n<li>rediriger notre attention vers l\u2019essentiel.<\/li>\n<\/ul>\n\n\n\n<p>Autrement dit, alors qu\u2019une citation fait r\u00e9f\u00e9rence \u00e0 une source pr\u00e9cise, une phrase de d\u00e9veloppement personnel peut \u00eatre cr\u00e9\u00e9e par chacun et chacune.<\/p>\n\n\n\n<p>Elle na\u00eet d\u2019une intuition, d\u2019une exp\u00e9rience personnelle, d\u2019une observation sur les relations humaines, les \u00e9motions ou la croissance int\u00e9rieure.<\/p>\n\n\n\n<p>D\u00e9couvrez ci-apr\u00e8s comment r\u00e9aliser les v\u00f4tres&nbsp;!<\/p>\n\n\n\n<p>Pourquoi les citations d\u00e9veloppement personnel nous touchent-elles autant ?<\/p>\n\n\n\n<p><strong>Une citation agit comme un miroir<\/strong> miniature, puisqu&rsquo;elle renvoie \u00e0 quelque chose que nous savons d\u00e9j\u00e0 profond\u00e9ment, mais que les mots rendent soudain visible et \u00e9vident.<\/p>\n\n\n\n<p>Elles nous touchent parce qu\u2019elles :<\/p>\n\n\n\n<ul class=\"wp-block-list\">\n<li>mettent des mots sur nos ressentis,<\/li>\n\n\n\n<li>nous aident \u00e0 comprendre ce que nous vivons,<\/li>\n\n\n\n<li>r\u00e9duisent la confusion int\u00e9rieure,<\/li>\n\n\n\n<li>ouvrent un nouvel angle de vue,<\/li>\n\n\n\n<li>nous rappellent que d\u2019autres ont travers\u00e9 les m\u00eames tourments,<\/li>\n\n\n\n<li>glissent une lumi\u00e8re dans notre obscurit\u00e9.<\/li>\n<\/ul>\n\n\n\n<p>Ainsi, une seule phrase, parfois, suffit \u00e0 r\u00e9orienter tout un chemin de vie.<\/p>\n\n\n\n<p>Certaines citations restent en nous pendant des ann\u00e9es et continuent d\u2019agir silencieusement.<\/p>\n\n\n\n<p><strong>Quelle est la v\u00f4tre&nbsp;?<\/strong><\/p>\n\n\n\n<p>Pouvez-vous la partager avec nous et nous dire en quoi et pourquoi elle est si importante pour vous&nbsp;?<\/p>\n\n\n<div class=\"wp-block-image\">\n<figure class=\"aligncenter size-large\"><img loading=\"lazy\" decoding=\"async\" width=\"1024\" height=\"511\" src=\"https:\/\/www.agoracademie.com\/blog\/wp-content\/uploads\/2018\/08\/phrase_developpement_personnel-1024x511.jpg\" alt=\"Phrase d\u00e9veloppement personnel\" class=\"wp-image-22894\" srcset=\"https:\/\/www.agoracademie.com\/blog\/wp-content\/uploads\/2018\/08\/phrase_developpement_personnel-1024x511.jpg 1024w, https:\/\/www.agoracademie.com\/blog\/wp-content\/uploads\/2018\/08\/phrase_developpement_personnel-300x150.jpg 300w, https:\/\/www.agoracademie.com\/blog\/wp-content\/uploads\/2018\/08\/phrase_developpement_personnel-768x383.jpg 768w, https:\/\/www.agoracademie.com\/blog\/wp-content\/uploads\/2018\/08\/phrase_developpement_personnel.jpg 1079w\" sizes=\"auto, (max-width: 1024px) 100vw, 1024px\" \/><figcaption class=\"wp-element-caption\">Chaque jour est un nouveau d\u00e9part<\/figcaption><\/figure>\n<\/div>\n\n\n<h2 class=\"wp-block-heading\"><span class=\"ez-toc-section\" id=\"Pourquoi_est-ce_important_quune_citation_vienne_dune_personne_connue\"><\/span>Pourquoi est-ce important qu\u2019une citation vienne d\u2019une personne connue ?<span class=\"ez-toc-section-end\"><\/span><\/h2>\n\n\n\n<p>Ce n\u2019est pas obligatoire, mais lorsqu\u2019une citation est attribu\u00e9e \u00e0 quelqu\u2019un dont la vie, <strong>l\u2019\u0153uvre ou le parcours professionnel l\u00e9gitime la parole, elle gagne en force<\/strong>.<\/p>\n\n\n\n<p>Parce que l\u2019auteur\u00b7e a :<\/p>\n\n\n\n<ul class=\"wp-block-list\">\n<li>exp\u00e9riment\u00e9 ce qu\u2019il formule,<\/li>\n\n\n\n<li>\u00e9tudi\u00e9 profond\u00e9ment l\u2019\u00eatre humain ou le monde,<\/li>\n\n\n\n<li>travers\u00e9 des \u00e9preuves qui donnent du poids \u00e0 ses mots,<\/li>\n\n\n\n<li>d\u00e9velopp\u00e9 une expertise qui cr\u00e9dibilise la pens\u00e9e.<\/li>\n<\/ul>\n\n\n\n<p>La citation devient alors <strong>une v\u00e9ritable transmission<\/strong> plut\u00f4t qu\u2019un simple conseil.<\/p>\n\n\n\n<p>Elle s\u2019inscrit dans une lign\u00e9e de sagesse, artistique, philosophique ou th\u00e9rapeutique.<\/p>\n\n\n\n<p>Notez que dans ce blog, les <a href=\"https:\/\/www.agoracademie.com\/blog\/biographies-en-ligne\/\">biographies<\/a> li\u00e9es \u00e0 ces citations permettent justement de contextualiser leur sens.<\/p>\n\n\n\n<h2 class=\"wp-block-heading\"><span class=\"ez-toc-section\" id=\"Comment_creer_sa_propre_citation\"><\/span>Comment cr\u00e9er sa propre citation ?<span class=\"ez-toc-section-end\"><\/span><\/h2>\n\n\n\n<p>Cr\u00e9er une citation est \u00e0 la fois simple et profond.<\/p>\n\n\n\n<p>Il ne s\u2019agit pas d\u2019\u00eatre \u00e9crivain\u00b7e, mais de savoir cristalliser une exp\u00e9rience personnelle en une phrase claire, br\u00e8ve et universelle.<\/p>\n\n\n\n<p>Voici le processus naturel de cr\u00e9ation :<\/p>\n\n\n\n<ul class=\"wp-block-list\">\n<li><strong>Partir d&rsquo;une exp\u00e9rience v\u00e9cue\u00a0:<\/strong> une \u00e9motion forte, un apprentissage, une d\u00e9ception, une r\u00e9ussite, une prise de conscience\u2026<\/li>\n\n\n\n<li><strong>Identifier le message essentiel\u00a0: <\/strong>qu\u2019avez-vous vraiment compris dans cette situation ?<\/li>\n\n\n\n<li><strong>Simplifier\u00a0:<\/strong> une bonne citation se retient. Elle doit tenir en une phrase courte.<\/li>\n\n\n\n<li><strong>Aller \u00e0 l\u2019universel\u00a0:<\/strong> elle doit parler \u00e0 d\u2019autres que vous, m\u00eame s\u2019ils n\u2019ont pas v\u00e9cu la m\u00eame chose.<\/li>\n\n\n\n<li><strong>Choisir des mots justes\u00a0:<\/strong> simples, pr\u00e9cis, harmonieux.<\/li>\n\n\n\n<li><strong>Chercher la musicalit\u00e9\u00a0:<\/strong> le rythme compte : une citation sonne juste ou sonne faux.<\/li>\n<\/ul>\n\n\n\n<h3 class=\"wp-block-heading\"><span class=\"ez-toc-section\" id=\"Tableau_recapitulatif_les_6_ingredients_dune_bonne_citation\"><\/span>Tableau r\u00e9capitulatif : les 6 ingr\u00e9dients d&rsquo;une bonne citation<span class=\"ez-toc-section-end\"><\/span><\/h3>\n\n\n\n<figure class=\"wp-block-table\"><table class=\"has-fixed-layout\"><tbody><tr><td><strong>\u00c9l\u00e9ments cl\u00e9s<\/strong><\/td><td><strong>Description<\/strong><\/td><\/tr><tr><td>Exp\u00e9rience r\u00e9elle<\/td><td>Issue d\u2019un v\u00e9cu, non d\u2019une th\u00e9orie abstraite.<\/td><\/tr><tr><td>Message essentiel<\/td><td>Une id\u00e9e forte, clairement identifi\u00e9e.<\/td><\/tr><tr><td>Bri\u00e8vet\u00e9<\/td><td>Une phrase courte, m\u00e9morisable, percutante.<\/td><\/tr><tr><td>Universalit\u00e9<\/td><td>Une port\u00e9e large, accessible \u00e0 tous.<\/td><\/tr><tr><td>Formulation pr\u00e9cise<\/td><td>Des mots justes, simples, imm\u00e9diatement parlants.<\/td><\/tr><tr><td>Musicalit\u00e9<\/td><td>Un rythme fluide, presque naturel \u00e0 lire ou \u00e0 dire.<\/td><\/tr><\/tbody><\/table><\/figure>\n\n\n\n<h2 class=\"wp-block-heading\"><span class=\"ez-toc-section\" id=\"6_bonnes_raisons_davoir_sous_les_yeux_une_citation_ou_une_phrase_developpement_personnel\"><\/span>6 bonnes raisons d\u2019avoir sous les yeux une citation ou une phrase d\u00e9veloppement personnel<span class=\"ez-toc-section-end\"><\/span><\/h2>\n\n\n\n<h4 class=\"wp-block-heading\">1. Elles recentrent<\/h4>\n\n\n\n<p>Une phrase puissante peut recadrer une journ\u00e9e enti\u00e8re.<\/p>\n\n\n\n<h4 class=\"wp-block-heading\">2. Elles motivent<\/h4>\n\n\n\n<p>Elles cr\u00e9ent une impulsion interne vers l\u2019action.<\/p>\n\n\n\n<h4 class=\"wp-block-heading\">3. Elles apaisent<\/h4>\n\n\n\n<p>Elles aident \u00e0 rel\u00e2cher les tensions mentales.<\/p>\n\n\n\n<h4 class=\"wp-block-heading\">4. Elles inspirent<\/h4>\n\n\n\n<p>Elles ouvrent de nouvelles perspectives.<\/p>\n\n\n\n<h4 class=\"wp-block-heading\">5. Elles \u00e9duquent<\/h4>\n\n\n\n<p>Elles transmettent un enseignement psychologique ou philosophique.<\/p>\n\n\n\n<h4 class=\"wp-block-heading\">6. Elles accompagnent<\/h4>\n\n\n\n<p>Elles servent de compagnons symboliques dans les p\u00e9riodes de changement.<\/p>\n\n\n\n<div class=\"wp-block-magic-content-box-content-box aligncenter magic-content-box-b25359e2-29ea-4 magic-content-box-contentBox block-wrapper-background content-align-center\"><style>.magic-content-box-b25359e2-29ea-4 .magic-content-box-content-wrapper{text-align:center;margin-top:30px;margin-bottom:30px}.magic-content-box-b25359e2-29ea-4 .magic-content-box-section-header-wrapper{border-color:#ff201f}.magic-content-box-b25359e2-29ea-4 .magic-content-box-mainheader-wrap{box-shadow:0px 6px 12px -10px #000;border-radius:5px;background-color:#fff}.magic-content-box-b25359e2-29ea-4 .magic-content-box-section-wrapper{padding-top:30px;padding-right:30px;padding-bottom:30px;padding-left:30px;margin-top:0px;margin-right:0px;margin-bottom:0px;margin-left:0px}.magic-content-box-b25359e2-29ea-4 .magic-content-box-section-head-wrap{text-align:center;padding-top:0px;padding-right:0px;padding-bottom:0px;margin-top:0px;margin-bottom:0px;padding-left:0px}.magic-content-box-b25359e2-29ea-4 .magic-content-box-section-head-wrap .magic-content-box-title{color:#404040;font-size:32px;font-family:Default;padding-top:5px;padding-bottom:5px}.magic-content-box-b25359e2-29ea-4 .magic-content-box-section-head-wrap .magic-content-box-subtitle{color:#6d6d6d;font-size:18px;font-family:Default;padding-top:5px;padding-bottom:5px}.magic-content-box-b25359e2-29ea-4 .magic-content-box-title-dash{color:#ff201f}.magic-content-box-b25359e2-29ea-4 .magic-content-box-block-button span{color:#fff;border-width:1px;font-size:16px;font-family:Default}.magic-content-box-b25359e2-29ea-4 .magic-content-box-block-button .magic-content-box-button{background-color:#ff201f}.magic-content-box-b25359e2-29ea-4 .magic-content-box-block-button i{color:#fff;font-size:13px}.magic-content-box-b25359e2-29ea-4 .magic-content-box-block-button{margin-top:10px;margin-bottom:10px}.magic-content-box-b25359e2-29ea-4 .magic-content-box-button{padding-top:5px;padding-right:15px;padding-bottom:5px;padding-left:15px}@media screen and (max-width:1025px){.magic-content-box-b25359e2-29ea-4 .magic-content-box-section-head-wrap .magic-content-box-title{font-size:undefinedpx}.magic-content-box-b25359e2-29ea-4 .magic-content-box-section-head-wrap .magic-content-box-subtitle{font-size:undefinedpx}.magic-content-box-b25359e2-29ea-4 .magic-content-box-block-button span{font-size:undefinedpx}.magic-content-box-b25359e2-29ea-4 .magic-content-box-block-button i{font-size:px}}@media screen and (max-width:767px){.magic-content-box-b25359e2-29ea-4 .magic-content-box-section-head-wrap .magic-content-box-title{font-size:undefinedpx}.magic-content-box-b25359e2-29ea-4 .magic-content-box-section-head-wrap .magic-content-box-subtitle{font-size:undefinedpx}.magic-content-box-b25359e2-29ea-4 .magic-content-box-block-button span{font-size:undefinedpx}.magic-content-box-b25359e2-29ea-4 .magic-content-box-block-button i{font-size:px}}<\/style><div class=\"content-wrapper-inner\"><div class=\"magic-content-box-content-wrapper magic-content-box-blocks reverse-img has-background style-1\"><div class=\"content-img-wrap\"><img decoding=\"async\" src=\"https:\/\/www.agoracademie.com\/blog\/wp-content\/uploads\/2025\/05\/formation-stress.jpg\" alt=\"Catalogue de nos formations en d\u00e9veloppement personnel\" class=\"\"\/><\/div><div class=\"magic-content-box-section-wrapper magic-content-box-mainheader-wrap\"><div class=\"magic-content-box-section-header-wrapper magic-content-box-blocks\"><div class=\"magic-content-box-section-head-wrap magic-content-box-style1 magic-content-box-center\"><div class=\"magic-content-box-title-wrapper\"><span class=\"magic-content-box-title-dash magic-content-box-upper-dash\"><\/span><h3 class=\"magic-content-box-title\"><span class=\"ez-toc-section\" id=\"Decouvrez_nos_formations_en_developpement_personnel\"><\/span>D\u00e9couvrez nos formations en d\u00e9veloppement personnel<span class=\"ez-toc-section-end\"><\/span><\/h3><span class=\"magic-content-box-title-dash magic-content-box-lower-dash\"><\/span><\/div><div class=\"magic-content-box-subtitle-wrapper\"><span class=\"magic-content-box-title-dash magic-content-box-upper-dash\"><\/span><p class=\"magic-content-box-subtitle\">Pour soi ou pour devenir praticien\u00b7ne ou coach<\/p><span class=\"magic-content-box-title-dash magic-content-box-lower-dash\"><\/span><\/div><\/div><\/div><div class=\"magic-content-box-desc-btn-wrap\"><div class=\"magic-content-box-block-button\"><a href=\"https:\/\/www.agoracademie.com\/academie\" class=\"magic-content-box-button magic-content-box-button-shape-rounded magic-content-box-button-size-small hover-style-1 btn-icon-left\"><span>CATALOGUE EN LIGNE<\/span><\/a><\/div><\/div><\/div><\/div><\/div><\/div>\n\n\n\n<h2 class=\"wp-block-heading\"><span class=\"ez-toc-section\" id=\"10_citations_developpement_personnel_peu_connues_et_leur_explication\"><\/span>10 citations d\u00e9veloppement personnel (peu connues) et leur explication<span class=\"ez-toc-section-end\"><\/span><\/h2>\n\n\n\n<h4 class=\"wp-block-heading\">1. \u00ab Former, ce n\u2019est pas remplir un crat\u00e8re, c\u2019est allumer un feu. \u00bb Aristophane<\/h4>\n\n\n\n<p>Cette phrase rappelle que l\u2019apprentissage est une mise en mouvement int\u00e9rieure, pas un simple transfert d\u2019informations.<\/p>\n\n\n\n<h4 class=\"wp-block-heading\">2. \u00ab L\u2019un s\u00e8me, l\u2019autre r\u00e9colte. \u00bb Aristophane<\/h4>\n\n\n\n<p>Elle souligne l\u2019humilit\u00e9, \u00e0 savoir tout ce que nous vivons est aussi le fruit de ce que d\u2019autres ont fait avant nous.<\/p>\n\n\n\n<h4 class=\"wp-block-heading\">3. \u00ab La science consiste \u00e0 passer d\u2019un \u00e9tonnement \u00e0 un autre. \u00bb Aristote<\/h4>\n\n\n\n<p>Une citation qui invite \u00e0 conserver la curiosit\u00e9 comme moteur de d\u00e9veloppement.<\/p>\n\n\n\n<h4 class=\"wp-block-heading\">4. \u00ab La joie ne peut \u00e9clater que parmi des gens qui se sentent \u00e9gaux. \u00bb Balzac<\/h4>\n\n\n\n<p>Elle rappelle que la joie v\u00e9ritable na\u00eet dans un climat de respect et d\u2019\u00e9quit\u00e9, bien diff\u00e9rent de celui dans lequel nous \u00e9voluons actuellement dans notre soci\u00e9t\u00e9 centr\u00e9e sur soi.<\/p>\n\n\n\n<h4 class=\"wp-block-heading\">5. \u00ab De la m\u00e9ditation na\u00eet la sagesse. \u00bb Bouddha<\/h4>\n\n\n\n<p>Voil\u00e0 une invitation simple \u00e0 ralentir l\u2019esprit ouvrant alors la voie \u00e0 la compr\u00e9hension.<\/p>\n\n\n\n<h4 class=\"wp-block-heading\">6. \u00ab Le bonheur est un parfum que l\u2019on ne peut r\u00e9pandre sur autrui sans en faire rejaillir quelques gouttes sur soi-m\u00eame. \u00bb Emerson<\/h4>\n\n\n\n<p>Donner rend heureux, et c\u2019est scientifiquement confirm\u00e9 aujourd\u2019hui.<\/p>\n\n\n\n<h4 class=\"wp-block-heading\">7. \u00ab Celui qui en sait beaucoup sur les autres est peut-\u00eatre instruit, mais celui qui se comprend lui-m\u00eame est plus intelligent. \u00bb Lao Tseu<\/h4>\n\n\n\n<p>Le d\u00e9veloppement personnel commence par la connaissance de soi, ce qui est exactement l&rsquo;objectif de toutes nos formations.<\/p>\n\n\n\n<h4 class=\"wp-block-heading\">8. \u00ab La meilleure fa\u00e7on de pr\u00e9dire l\u2019avenir, c\u2019est de le cr\u00e9er. \u00bb Peter Drucker<\/h4>\n\n\n\n<p>Une <a href=\"https:\/\/fr.wikipedia.org\/wiki\/Citation\" target=\"_blank\" rel=\"noreferrer noopener\">citation<\/a> qui renverse la fatalit\u00e9\u00a0: l\u2019action pr\u00e9c\u00e8de la r\u00e9ussite.<\/p>\n\n\n\n<h4 class=\"wp-block-heading\">9. \u00ab Les hommes sont n\u00e9s pour r\u00e9ussir et non pour \u00e9chouer. \u00bb Henry David Thoreau<\/h4>\n\n\n\n<p>Elle affirme le potentiel humain, souvent sous-estim\u00e9 (entendez ici les hommes dans le sens \u00eatres humains incluant donc bien entendu les femmes).<\/p>\n\n\n\n<h4 class=\"wp-block-heading\">10. \u00ab Les hommes construisent trop de murs et pas assez de ponts. \u00bb Isaac Newton<\/h4>\n\n\n\n<p>Une r\u00e9flexion puissante sur nos tendances \u00e0 s\u00e9parer plut\u00f4t qu\u2019\u00e0 relier, parfois dans un but manipulatoire afin de diviser pour mieux r\u00e9gner.<\/p>\n\n\n\n<h2 class=\"wp-block-heading\"><span class=\"ez-toc-section\" id=\"FAQ_Citations_developpement_personnel\"><\/span>FAQ Citations d\u00e9veloppement personnel<span class=\"ez-toc-section-end\"><\/span><\/h2>\n\n\n\n<h4 class=\"wp-block-heading\">O\u00f9 trouver d\u2019autres citations sur ce blog ?<\/h4>\n\n\n\n<p>Nous en glissons ici et l\u00e0 dans nos articles, mais vous allez aussi tr\u00e8s facilement en trouver sur Internet, par exemple sur les sites sp\u00e9cialis\u00e9s en citations g\u00e9n\u00e9rales.<\/p>\n\n\n\n<h4 class=\"wp-block-heading\">Peut-on utiliser ces citations pour un coaching ou une formation ?<\/h4>\n\n\n\n<p>Oui, elles sont faites pour inspirer, transmettre et ouvrir la r\u00e9flexion. Nous en pla\u00e7ons aussi dans certaines de nos formations pour les m\u00eames raisons.<\/p>\n\n\n\n<h4 class=\"wp-block-heading\">Une phrase d\u00e9veloppement personnel doit-elle \u00eatre attribu\u00e9e \u00e0 quelqu\u2019un ?<\/h4>\n\n\n\n<p>Non. D&rsquo;ailleurs, nous vous encourageons vivement \u00e0 cr\u00e9er la v\u00f4tre&nbsp;! Ce qui compte est la sinc\u00e9rit\u00e9 du message. Le reste ne vous appartient pas.<\/p>\n\n\n\n<h4 class=\"wp-block-heading\">Pourquoi les citations anciennes restent-elles modernes ?<\/h4>\n\n\n\n<p>Parce qu\u2019elles touchent \u00e0 des th\u00e8mes universels comme la peur, le doute, le courage, la v\u00e9rit\u00e9, la joie\u2026<\/p>\n","protected":false},"excerpt":{"rendered":"<p>Citations d\u00e9veloppement personnel : inspiration, sens et transformation int\u00e9rieure Cet article sur les citations d\u00e9veloppement personnel a \u00e9t\u00e9 publi\u00e9 le 28 ao\u00fbt 2018 et mis \u00e0 jour le 19 novembre 2025. Les citations d\u00e9veloppement personnel jouent un r\u00f4le beaucoup plus vaste que celui d\u2019une simple phrase bien tourn\u00e9e.<\/p>\n","protected":false},"author":2,"featured_media":0,"comment_status":"open","ping_status":"closed","sticky":false,"template":"","format":"standard","meta":{"_bbp_topic_count":0,"_bbp_reply_count":0,"_bbp_total_topic_count":0,"_bbp_total_reply_count":0,"_bbp_voice_count":0,"_bbp_anonymous_reply_count":0,"_bbp_topic_count_hidden":0,"_bbp_reply_count_hidden":0,"_bbp_forum_subforum_count":0,"footnotes":""},"categories":[74],"tags":[],"class_list":["post-5154","post","type-post","status-publish","format-standard","hentry","category-dictionnaire-en-ligne"],"yoast_head":"<!-- This site is optimized with the Yoast SEO plugin v27.4 - https:\/\/yoast.com\/product\/yoast-seo-wordpress\/ -->\n<title>Citations d\u00e9veloppement personnel : exemples et guide complet<\/title>\n<meta name=\"description\" content=\"Voici les meilleures citations d\u00e9veloppement personnel, leurs significations, comment cr\u00e9er les v\u00f4tres et pourquoi elles inspirent, transforment notre vie.\" \/>\n<meta name=\"robots\" content=\"index, follow, max-snippet:-1, max-image-preview:large, max-video-preview:-1\" \/>\n<link rel=\"canonical\" href=\"https:\/\/www.agoracademie.com\/blog\/citations-developpement-personnel\/\" \/>\n<meta property=\"og:locale\" content=\"fr_FR\" \/>\n<meta property=\"og:type\" content=\"article\" \/>\n<meta property=\"og:title\" content=\"Citations d\u00e9veloppement personnel : exemples et guide complet\" \/>\n<meta property=\"og:description\" content=\"Voici les meilleures citations d\u00e9veloppement personnel, leurs significations, comment cr\u00e9er les v\u00f4tres et pourquoi elles inspirent, transforment notre vie.\" \/>\n<meta property=\"og:url\" content=\"https:\/\/www.agoracademie.com\/blog\/citations-developpement-personnel\/\" \/>\n<meta property=\"og:site_name\" content=\"Agoracad\u00e9mie\" \/>\n<meta property=\"article:published_time\" content=\"2018-08-28T13:33:08+00:00\" \/>\n<meta property=\"article:modified_time\" content=\"2025-11-19T13:21:26+00:00\" \/>\n<meta property=\"og:image\" content=\"https:\/\/www.agoracademie.com\/blog\/wp-content\/uploads\/2018\/08\/citations_developpement_personnel.jpg\" \/>\n\t<meta property=\"og:image:width\" content=\"1079\" \/>\n\t<meta property=\"og:image:height\" content=\"538\" \/>\n\t<meta property=\"og:image:type\" content=\"image\/jpeg\" \/>\n<meta name=\"author\" content=\"Laurent Bertrel\" \/>\n<meta name=\"twitter:label1\" content=\"\u00c9crit par\" \/>\n\t<meta name=\"twitter:data1\" content=\"Laurent Bertrel\" \/>\n\t<meta name=\"twitter:label2\" content=\"Dur\u00e9e de lecture estim\u00e9e\" \/>\n\t<meta name=\"twitter:data2\" content=\"8 minutes\" \/>\n<script type=\"application\/ld+json\" class=\"yoast-schema-graph\">{\"@context\":\"https:\\\/\\\/schema.org\",\"@graph\":[{\"@type\":\"Article\",\"@id\":\"https:\\\/\\\/www.agoracademie.com\\\/blog\\\/citations-developpement-personnel\\\/#article\",\"isPartOf\":{\"@id\":\"https:\\\/\\\/www.agoracademie.com\\\/blog\\\/citations-developpement-personnel\\\/\"},\"author\":{\"name\":\"Laurent Bertrel\",\"@id\":\"https:\\\/\\\/www.agoracademie.com\\\/blog\\\/#\\\/schema\\\/person\\\/c2f110c50be7dcecc05cb4e87f32537f\"},\"headline\":\"Citations d\u00e9veloppement personnel\",\"datePublished\":\"2018-08-28T13:33:08+00:00\",\"dateModified\":\"2025-11-19T13:21:26+00:00\",\"mainEntityOfPage\":{\"@id\":\"https:\\\/\\\/www.agoracademie.com\\\/blog\\\/citations-developpement-personnel\\\/\"},\"wordCount\":1586,\"commentCount\":0,\"image\":{\"@id\":\"https:\\\/\\\/www.agoracademie.com\\\/blog\\\/citations-developpement-personnel\\\/#primaryimage\"},\"thumbnailUrl\":\"https:\\\/\\\/www.agoracademie.com\\\/blog\\\/wp-content\\\/uploads\\\/2018\\\/08\\\/citations_developpement_personnel-1024x511.jpg\",\"articleSection\":[\"Dictionnaire en ligne\"],\"inLanguage\":\"fr-FR\",\"potentialAction\":[{\"@type\":\"CommentAction\",\"name\":\"Comment\",\"target\":[\"https:\\\/\\\/www.agoracademie.com\\\/blog\\\/citations-developpement-personnel\\\/#respond\"]}]},{\"@type\":\"WebPage\",\"@id\":\"https:\\\/\\\/www.agoracademie.com\\\/blog\\\/citations-developpement-personnel\\\/\",\"url\":\"https:\\\/\\\/www.agoracademie.com\\\/blog\\\/citations-developpement-personnel\\\/\",\"name\":\"Citations d\u00e9veloppement personnel : exemples et guide complet\",\"isPartOf\":{\"@id\":\"https:\\\/\\\/www.agoracademie.com\\\/blog\\\/#website\"},\"primaryImageOfPage\":{\"@id\":\"https:\\\/\\\/www.agoracademie.com\\\/blog\\\/citations-developpement-personnel\\\/#primaryimage\"},\"image\":{\"@id\":\"https:\\\/\\\/www.agoracademie.com\\\/blog\\\/citations-developpement-personnel\\\/#primaryimage\"},\"thumbnailUrl\":\"https:\\\/\\\/www.agoracademie.com\\\/blog\\\/wp-content\\\/uploads\\\/2018\\\/08\\\/citations_developpement_personnel-1024x511.jpg\",\"datePublished\":\"2018-08-28T13:33:08+00:00\",\"dateModified\":\"2025-11-19T13:21:26+00:00\",\"author\":{\"@id\":\"https:\\\/\\\/www.agoracademie.com\\\/blog\\\/#\\\/schema\\\/person\\\/c2f110c50be7dcecc05cb4e87f32537f\"},\"description\":\"Voici les meilleures citations d\u00e9veloppement personnel, leurs significations, comment cr\u00e9er les v\u00f4tres et pourquoi elles inspirent, transforment notre vie.\",\"breadcrumb\":{\"@id\":\"https:\\\/\\\/www.agoracademie.com\\\/blog\\\/citations-developpement-personnel\\\/#breadcrumb\"},\"inLanguage\":\"fr-FR\",\"potentialAction\":[{\"@type\":\"ReadAction\",\"target\":[\"https:\\\/\\\/www.agoracademie.com\\\/blog\\\/citations-developpement-personnel\\\/\"]}]},{\"@type\":\"ImageObject\",\"inLanguage\":\"fr-FR\",\"@id\":\"https:\\\/\\\/www.agoracademie.com\\\/blog\\\/citations-developpement-personnel\\\/#primaryimage\",\"url\":\"https:\\\/\\\/www.agoracademie.com\\\/blog\\\/wp-content\\\/uploads\\\/2018\\\/08\\\/citations_developpement_personnel.jpg\",\"contentUrl\":\"https:\\\/\\\/www.agoracademie.com\\\/blog\\\/wp-content\\\/uploads\\\/2018\\\/08\\\/citations_developpement_personnel.jpg\",\"width\":1079,\"height\":538},{\"@type\":\"BreadcrumbList\",\"@id\":\"https:\\\/\\\/www.agoracademie.com\\\/blog\\\/citations-developpement-personnel\\\/#breadcrumb\",\"itemListElement\":[{\"@type\":\"ListItem\",\"position\":1,\"name\":\"Accueil\",\"item\":\"https:\\\/\\\/www.agoracademie.com\\\/blog\\\/\"},{\"@type\":\"ListItem\",\"position\":2,\"name\":\"Citations d\u00e9veloppement personnel\"}]},{\"@type\":\"WebSite\",\"@id\":\"https:\\\/\\\/www.agoracademie.com\\\/blog\\\/#website\",\"url\":\"https:\\\/\\\/www.agoracademie.com\\\/blog\\\/\",\"name\":\"Blog Agoracad\u00e9mie - Centre de formation en ligne et \u00e0 distance\",\"description\":\"Le blog du d\u00e9veloppement personnel et des th\u00e9rapies\",\"potentialAction\":[{\"@type\":\"SearchAction\",\"target\":{\"@type\":\"EntryPoint\",\"urlTemplate\":\"https:\\\/\\\/www.agoracademie.com\\\/blog\\\/?s={search_term_string}\"},\"query-input\":{\"@type\":\"PropertyValueSpecification\",\"valueRequired\":true,\"valueName\":\"search_term_string\"}}],\"inLanguage\":\"fr-FR\"},{\"@type\":\"Person\",\"@id\":\"https:\\\/\\\/www.agoracademie.com\\\/blog\\\/#\\\/schema\\\/person\\\/c2f110c50be7dcecc05cb4e87f32537f\",\"name\":\"Laurent Bertrel\",\"image\":{\"@type\":\"ImageObject\",\"inLanguage\":\"fr-FR\",\"@id\":\"https:\\\/\\\/secure.gravatar.com\\\/avatar\\\/45841390e6db2f4064cc5f84ee39189cf562b1de36eb5b1b7cc82dee445813a4?s=96&r=g\",\"url\":\"https:\\\/\\\/secure.gravatar.com\\\/avatar\\\/45841390e6db2f4064cc5f84ee39189cf562b1de36eb5b1b7cc82dee445813a4?s=96&r=g\",\"contentUrl\":\"https:\\\/\\\/secure.gravatar.com\\\/avatar\\\/45841390e6db2f4064cc5f84ee39189cf562b1de36eb5b1b7cc82dee445813a4?s=96&r=g\",\"caption\":\"Laurent Bertrel\"},\"description\":\"Laurent Bertrel est le fondateur d'Agoracad\u00e9mie. Titulaire d'une licence en sciences humaines et sociales, d'une ma\u00eetrise et d'un master en psychanalyse, d'un master en \u00e9tudes culturelles parcours \u00e9tudes de genre, du DU connaissances g\u00e9n\u00e9rales de la personne \u00e2g\u00e9e, il est aussi form\u00e9 \u00e0 diff\u00e9rentes approches dont la PNL, la sophrologie, la relaxation, l'hypnose, le coaching, la m\u00e9ditation, les arts martiaux, etc. Auteur de plus de 40 ouvrages, dont 18 livres, il anime plusieurs formations sur Agoracad\u00e9mie et r\u00e9pondra au message que vous allez laisser ci-dessous.\",\"sameAs\":[\"https:\\\/\\\/www.agoracademie.com\\\/\"]}]}<\/script>\n<!-- \/ Yoast SEO plugin. -->","yoast_head_json":{"title":"Citations d\u00e9veloppement personnel : exemples et guide complet","description":"Voici les meilleures citations d\u00e9veloppement personnel, leurs significations, comment cr\u00e9er les v\u00f4tres et pourquoi elles inspirent, transforment notre vie.","robots":{"index":"index","follow":"follow","max-snippet":"max-snippet:-1","max-image-preview":"max-image-preview:large","max-video-preview":"max-video-preview:-1"},"canonical":"https:\/\/www.agoracademie.com\/blog\/citations-developpement-personnel\/","og_locale":"fr_FR","og_type":"article","og_title":"Citations d\u00e9veloppement personnel : exemples et guide complet","og_description":"Voici les meilleures citations d\u00e9veloppement personnel, leurs significations, comment cr\u00e9er les v\u00f4tres et pourquoi elles inspirent, transforment notre vie.","og_url":"https:\/\/www.agoracademie.com\/blog\/citations-developpement-personnel\/","og_site_name":"Agoracad\u00e9mie","article_published_time":"2018-08-28T13:33:08+00:00","article_modified_time":"2025-11-19T13:21:26+00:00","og_image":[{"width":1079,"height":538,"url":"https:\/\/www.agoracademie.com\/blog\/wp-content\/uploads\/2018\/08\/citations_developpement_personnel.jpg","type":"image\/jpeg"}],"author":"Laurent Bertrel","twitter_misc":{"\u00c9crit par":"Laurent Bertrel","Dur\u00e9e de lecture estim\u00e9e":"8 minutes"},"schema":{"@context":"https:\/\/schema.org","@graph":[{"@type":"Article","@id":"https:\/\/www.agoracademie.com\/blog\/citations-developpement-personnel\/#article","isPartOf":{"@id":"https:\/\/www.agoracademie.com\/blog\/citations-developpement-personnel\/"},"author":{"name":"Laurent Bertrel","@id":"https:\/\/www.agoracademie.com\/blog\/#\/schema\/person\/c2f110c50be7dcecc05cb4e87f32537f"},"headline":"Citations d\u00e9veloppement personnel","datePublished":"2018-08-28T13:33:08+00:00","dateModified":"2025-11-19T13:21:26+00:00","mainEntityOfPage":{"@id":"https:\/\/www.agoracademie.com\/blog\/citations-developpement-personnel\/"},"wordCount":1586,"commentCount":0,"image":{"@id":"https:\/\/www.agoracademie.com\/blog\/citations-developpement-personnel\/#primaryimage"},"thumbnailUrl":"https:\/\/www.agoracademie.com\/blog\/wp-content\/uploads\/2018\/08\/citations_developpement_personnel-1024x511.jpg","articleSection":["Dictionnaire en ligne"],"inLanguage":"fr-FR","potentialAction":[{"@type":"CommentAction","name":"Comment","target":["https:\/\/www.agoracademie.com\/blog\/citations-developpement-personnel\/#respond"]}]},{"@type":"WebPage","@id":"https:\/\/www.agoracademie.com\/blog\/citations-developpement-personnel\/","url":"https:\/\/www.agoracademie.com\/blog\/citations-developpement-personnel\/","name":"Citations d\u00e9veloppement personnel : exemples et guide complet","isPartOf":{"@id":"https:\/\/www.agoracademie.com\/blog\/#website"},"primaryImageOfPage":{"@id":"https:\/\/www.agoracademie.com\/blog\/citations-developpement-personnel\/#primaryimage"},"image":{"@id":"https:\/\/www.agoracademie.com\/blog\/citations-developpement-personnel\/#primaryimage"},"thumbnailUrl":"https:\/\/www.agoracademie.com\/blog\/wp-content\/uploads\/2018\/08\/citations_developpement_personnel-1024x511.jpg","datePublished":"2018-08-28T13:33:08+00:00","dateModified":"2025-11-19T13:21:26+00:00","author":{"@id":"https:\/\/www.agoracademie.com\/blog\/#\/schema\/person\/c2f110c50be7dcecc05cb4e87f32537f"},"description":"Voici les meilleures citations d\u00e9veloppement personnel, leurs significations, comment cr\u00e9er les v\u00f4tres et pourquoi elles inspirent, transforment notre vie.","breadcrumb":{"@id":"https:\/\/www.agoracademie.com\/blog\/citations-developpement-personnel\/#breadcrumb"},"inLanguage":"fr-FR","potentialAction":[{"@type":"ReadAction","target":["https:\/\/www.agoracademie.com\/blog\/citations-developpement-personnel\/"]}]},{"@type":"ImageObject","inLanguage":"fr-FR","@id":"https:\/\/www.agoracademie.com\/blog\/citations-developpement-personnel\/#primaryimage","url":"https:\/\/www.agoracademie.com\/blog\/wp-content\/uploads\/2018\/08\/citations_developpement_personnel.jpg","contentUrl":"https:\/\/www.agoracademie.com\/blog\/wp-content\/uploads\/2018\/08\/citations_developpement_personnel.jpg","width":1079,"height":538},{"@type":"BreadcrumbList","@id":"https:\/\/www.agoracademie.com\/blog\/citations-developpement-personnel\/#breadcrumb","itemListElement":[{"@type":"ListItem","position":1,"name":"Accueil","item":"https:\/\/www.agoracademie.com\/blog\/"},{"@type":"ListItem","position":2,"name":"Citations d\u00e9veloppement personnel"}]},{"@type":"WebSite","@id":"https:\/\/www.agoracademie.com\/blog\/#website","url":"https:\/\/www.agoracademie.com\/blog\/","name":"Blog Agoracad\u00e9mie - Centre de formation en ligne et \u00e0 distance","description":"Le blog du d\u00e9veloppement personnel et des th\u00e9rapies","potentialAction":[{"@type":"SearchAction","target":{"@type":"EntryPoint","urlTemplate":"https:\/\/www.agoracademie.com\/blog\/?s={search_term_string}"},"query-input":{"@type":"PropertyValueSpecification","valueRequired":true,"valueName":"search_term_string"}}],"inLanguage":"fr-FR"},{"@type":"Person","@id":"https:\/\/www.agoracademie.com\/blog\/#\/schema\/person\/c2f110c50be7dcecc05cb4e87f32537f","name":"Laurent Bertrel","image":{"@type":"ImageObject","inLanguage":"fr-FR","@id":"https:\/\/secure.gravatar.com\/avatar\/45841390e6db2f4064cc5f84ee39189cf562b1de36eb5b1b7cc82dee445813a4?s=96&r=g","url":"https:\/\/secure.gravatar.com\/avatar\/45841390e6db2f4064cc5f84ee39189cf562b1de36eb5b1b7cc82dee445813a4?s=96&r=g","contentUrl":"https:\/\/secure.gravatar.com\/avatar\/45841390e6db2f4064cc5f84ee39189cf562b1de36eb5b1b7cc82dee445813a4?s=96&r=g","caption":"Laurent Bertrel"},"description":"Laurent Bertrel est le fondateur d'Agoracad\u00e9mie. Titulaire d'une licence en sciences humaines et sociales, d'une ma\u00eetrise et d'un master en psychanalyse, d'un master en \u00e9tudes culturelles parcours \u00e9tudes de genre, du DU connaissances g\u00e9n\u00e9rales de la personne \u00e2g\u00e9e, il est aussi form\u00e9 \u00e0 diff\u00e9rentes approches dont la PNL, la sophrologie, la relaxation, l'hypnose, le coaching, la m\u00e9ditation, les arts martiaux, etc. Auteur de plus de 40 ouvrages, dont 18 livres, il anime plusieurs formations sur Agoracad\u00e9mie et r\u00e9pondra au message que vous allez laisser ci-dessous.","sameAs":["https:\/\/www.agoracademie.com\/"]}]}},"acf":[],"_links":{"self":[{"href":"https:\/\/www.agoracademie.com\/blog\/wp-json\/wp\/v2\/posts\/5154","targetHints":{"allow":["GET"]}}],"collection":[{"href":"https:\/\/www.agoracademie.com\/blog\/wp-json\/wp\/v2\/posts"}],"about":[{"href":"https:\/\/www.agoracademie.com\/blog\/wp-json\/wp\/v2\/types\/post"}],"author":[{"embeddable":true,"href":"https:\/\/www.agoracademie.com\/blog\/wp-json\/wp\/v2\/users\/2"}],"replies":[{"embeddable":true,"href":"https:\/\/www.agoracademie.com\/blog\/wp-json\/wp\/v2\/comments?post=5154"}],"version-history":[{"count":9,"href":"https:\/\/www.agoracademie.com\/blog\/wp-json\/wp\/v2\/posts\/5154\/revisions"}],"predecessor-version":[{"id":22898,"href":"https:\/\/www.agoracademie.com\/blog\/wp-json\/wp\/v2\/posts\/5154\/revisions\/22898"}],"wp:attachment":[{"href":"https:\/\/www.agoracademie.com\/blog\/wp-json\/wp\/v2\/media?parent=5154"}],"wp:term":[{"taxonomy":"category","embeddable":true,"href":"https:\/\/www.agoracademie.com\/blog\/wp-json\/wp\/v2\/categories?post=5154"},{"taxonomy":"post_tag","embeddable":true,"href":"https:\/\/www.agoracademie.com\/blog\/wp-json\/wp\/v2\/tags?post=5154"}],"curies":[{"name":"wp","href":"https:\/\/api.w.org\/{rel}","templated":true}]}}