{"id":5170,"date":"2018-08-29T12:25:37","date_gmt":"2018-08-29T12:25:37","guid":{"rendered":"http:\/\/agoracademie.com\/blog\/?p=5170"},"modified":"2026-03-11T09:53:45","modified_gmt":"2026-03-11T08:53:45","slug":"changer-reportages-documentaires-sante-therapie","status":"publish","type":"post","link":"https:\/\/www.agoracademie.com\/blog\/changer-reportages-documentaires-sante-therapie\/","title":{"rendered":"Changer\u00a0: reportages et documentaires sant\u00e9 et th\u00e9rapie"},"content":{"rendered":"<div class=\"wp-block-image\">\n<figure class=\"aligncenter size-large\"><img loading=\"lazy\" decoding=\"async\" width=\"640\" height=\"426\" src=\"https:\/\/www.agoracademie.com\/blog\/wp-content\/uploads\/2018\/08\/documentaires-reportages-sante-therapie.jpg\" alt=\"Changer\" class=\"wp-image-5171\" srcset=\"https:\/\/www.agoracademie.com\/blog\/wp-content\/uploads\/2018\/08\/documentaires-reportages-sante-therapie.jpg 640w, https:\/\/www.agoracademie.com\/blog\/wp-content\/uploads\/2018\/08\/documentaires-reportages-sante-therapie-300x200.jpg 300w, https:\/\/www.agoracademie.com\/blog\/wp-content\/uploads\/2018\/08\/documentaires-reportages-sante-therapie-600x399.jpg 600w, https:\/\/www.agoracademie.com\/blog\/wp-content\/uploads\/2018\/08\/documentaires-reportages-sante-therapie-624x415.jpg 624w\" sizes=\"auto, (max-width: 640px) 100vw, 640px\" \/><\/figure><div id=\"ez-toc-container\" class=\"ez-toc-v2_0_82_2 ez-toc-wrap-center counter-hierarchy ez-toc-counter ez-toc-transparent ez-toc-container-direction\">\n<div class=\"ez-toc-title-container\">\n<p class=\"ez-toc-title\" style=\"cursor:inherit\">Sommaire<\/p>\n<span class=\"ez-toc-title-toggle\"><a href=\"#\" class=\"ez-toc-pull-right ez-toc-btn ez-toc-btn-xs ez-toc-btn-default ez-toc-toggle\" aria-label=\"Toggle Table of Content\"><span class=\"ez-toc-js-icon-con\"><span class=\"\"><span class=\"eztoc-hide\" style=\"display:none;\">Toggle<\/span><span class=\"ez-toc-icon-toggle-span\"><svg style=\"fill: #999;color:#999\" xmlns=\"http:\/\/www.w3.org\/2000\/svg\" class=\"list-377408\" width=\"20px\" height=\"20px\" viewBox=\"0 0 24 24\" fill=\"none\"><path d=\"M6 6H4v2h2V6zm14 0H8v2h12V6zM4 11h2v2H4v-2zm16 0H8v2h12v-2zM4 16h2v2H4v-2zm16 0H8v2h12v-2z\" fill=\"currentColor\"><\/path><\/svg><svg style=\"fill: #999;color:#999\" class=\"arrow-unsorted-368013\" xmlns=\"http:\/\/www.w3.org\/2000\/svg\" width=\"10px\" height=\"10px\" viewBox=\"0 0 24 24\" version=\"1.2\" baseProfile=\"tiny\"><path d=\"M18.2 9.3l-6.2-6.3-6.2 6.3c-.2.2-.3.4-.3.7s.1.5.3.7c.2.2.4.3.7.3h11c.3 0 .5-.1.7-.3.2-.2.3-.5.3-.7s-.1-.5-.3-.7zM5.8 14.7l6.2 6.3 6.2-6.3c.2-.2.3-.5.3-.7s-.1-.5-.3-.7c-.2-.2-.4-.3-.7-.3h-11c-.3 0-.5.1-.7.3-.2.2-.3.5-.3.7s.1.5.3.7z\"\/><\/svg><\/span><\/span><\/span><\/a><\/span><\/div>\n<nav><ul class='ez-toc-list ez-toc-list-level-1 ' ><li class='ez-toc-page-1 ez-toc-heading-level-2'><a class=\"ez-toc-link ez-toc-heading-1\" href=\"https:\/\/www.agoracademie.com\/blog\/changer-reportages-documentaires-sante-therapie\/#Des_reportages_et_des_documentaires_pour_changer_maintenant\" >Des reportages et des documentaires pour changer maintenant&nbsp;!<\/a><\/li><li class='ez-toc-page-1 ez-toc-heading-level-2'><a class=\"ez-toc-link ez-toc-heading-2\" href=\"https:\/\/www.agoracademie.com\/blog\/changer-reportages-documentaires-sante-therapie\/#Reportage_documentaire_la_video_est_un_outil_extraordinaire\" >Reportage &amp; documentaire : la vid\u00e9o est un outil extraordinaire<\/a><ul class='ez-toc-list-level-3' ><li class='ez-toc-heading-level-3'><a class=\"ez-toc-link ez-toc-heading-3\" href=\"https:\/\/www.agoracademie.com\/blog\/changer-reportages-documentaires-sante-therapie\/#Les_methodes_de_developpement_personnel_et_professionnel\" >Les m\u00e9thodes de d\u00e9veloppement personnel et professionnel<\/a><\/li><li class='ez-toc-page-1 ez-toc-heading-level-3'><a class=\"ez-toc-link ez-toc-heading-4\" href=\"https:\/\/www.agoracademie.com\/blog\/changer-reportages-documentaires-sante-therapie\/#Le_centre_de_formation_a_distance\" >Le centre de formation \u00e0 distance<\/a><\/li><\/ul><\/li><\/ul><\/nav><\/div>\n\n<\/div>\n\n\n<h2 class=\"wp-block-heading\"><span class=\"ez-toc-section\" id=\"Des_reportages_et_des_documentaires_pour_changer_maintenant\"><\/span>Des reportages et des documentaires pour changer maintenant&nbsp;!<span class=\"ez-toc-section-end\"><\/span><\/h2>\n\n\n\n<p>Vous voulez en savoir plus sur le <a href=\"https:\/\/www.agoracademie.com\/blog\/developpement-personnel-2\/\">d\u00e9veloppement personnel et professionnel<\/a> ?<\/p>\n\n\n\n<p>Alors nous vous invitons \u00e0 d\u00e9couvrir notre s\u00e9lection de reportages et de documentaires.<\/p>\n\n\n\n<!--more-->\n\n\n\n<p>Oyez, Oyez !!! \u00c9coutez et regardez des histoires extraordinaires. Pr\u00eatez l\u2019oreille (elle vous sera rendue) \u00e0 ces contes sans pareils&#8230;<\/p>\n\n\n\n<p>Bref, d\u00e9couvrez ici des reportages et des documentaires sur la sant\u00e9, la th\u00e9rapie, le d\u00e9veloppement personnel, professionnel et spirituel.<\/p>\n\n\n\n<h2 class=\"wp-block-heading\"><span class=\"ez-toc-section\" id=\"Reportage_documentaire_la_video_est_un_outil_extraordinaire\"><\/span>Reportage &amp; documentaire : la vid\u00e9o est un outil extraordinaire<span class=\"ez-toc-section-end\"><\/span><\/h2>\n\n\n\n<p>Le reportage vid\u00e9o et les documentaires sont des outils tr\u00e8s int\u00e9ressants. <\/p>\n\n\n\n<p>En effet, gr\u00e2ce \u00e0 eux nous pouvons plonger dans le monde merveilleux du d\u00e9veloppement personnel et professionnel, faire le tour des m\u00e9thodes et rencontrer des \u00eatres extraordinaires sans bouger de chez soi.<\/p>\n\n\n\n<p>Bien entendu, ils sont aussi et surtout des invitations \u00e0 sortir de chez vous, au sens large du terme, car le changement vous attendant au tournant.<\/p>\n\n\n\n<p>Le changement ne doit pas faire peur car il est un \u00e9l\u00e9ment incontournable de notre \u00e9volution et nous rapproche de nous-m\u00eame notamment en nous lib\u00e9rant de notre ego.<\/p>\n\n\n\n<p>Nous vous souhaitons donc d\u2019avance un tr\u00e8s bon voyage dans ce monde-l\u00e0 ainsi que dans le v\u00f4tre\u2026<\/p>\n\n\n\n<div class=\"wp-block-magic-content-box-content-box aligncenter magic-content-box-3235e54f-7015-4 magic-content-box-contentBox block-wrapper-background content-align-center\"><style>.magic-content-box-3235e54f-7015-4 .magic-content-box-content-wrapper{text-align:center;margin-top:30px;margin-bottom:30px}.magic-content-box-3235e54f-7015-4 .magic-content-box-section-header-wrapper{border-color:#ff201f}.magic-content-box-3235e54f-7015-4 .magic-content-box-mainheader-wrap{box-shadow:0px 6px 12px -10px #000;border-radius:5px;background-color:#fff}.magic-content-box-3235e54f-7015-4 .magic-content-box-section-wrapper{padding-top:30px;padding-right:30px;padding-bottom:30px;padding-left:30px;margin-top:0px;margin-right:0px;margin-bottom:0px;margin-left:0px}.magic-content-box-3235e54f-7015-4 .magic-content-box-section-head-wrap{text-align:center;padding-top:0px;padding-right:0px;padding-bottom:0px;margin-top:0px;margin-bottom:0px;padding-left:0px}.magic-content-box-3235e54f-7015-4 .magic-content-box-section-head-wrap .magic-content-box-title{color:#404040;font-size:32px;font-family:Default;padding-top:5px;padding-bottom:5px}.magic-content-box-3235e54f-7015-4 .magic-content-box-section-head-wrap .magic-content-box-subtitle{color:#6d6d6d;font-size:18px;font-family:Default;padding-top:5px;padding-bottom:5px}.magic-content-box-3235e54f-7015-4 .magic-content-box-title-dash{color:#ff201f}.magic-content-box-3235e54f-7015-4 .magic-content-box-block-button span{color:#fff;border-width:1px;font-size:16px;font-family:Default}.magic-content-box-3235e54f-7015-4 .magic-content-box-block-button .magic-content-box-button{background-color:#ff201f}.magic-content-box-3235e54f-7015-4 .magic-content-box-block-button i{color:#fff;font-size:13px}.magic-content-box-3235e54f-7015-4 .magic-content-box-block-button{margin-top:10px;margin-bottom:10px}.magic-content-box-3235e54f-7015-4 .magic-content-box-button{padding-top:5px;padding-right:15px;padding-bottom:5px;padding-left:15px}@media screen and (max-width:1025px){.magic-content-box-3235e54f-7015-4 .magic-content-box-section-head-wrap .magic-content-box-title{font-size:undefinedpx}.magic-content-box-3235e54f-7015-4 .magic-content-box-section-head-wrap .magic-content-box-subtitle{font-size:undefinedpx}.magic-content-box-3235e54f-7015-4 .magic-content-box-block-button span{font-size:undefinedpx}.magic-content-box-3235e54f-7015-4 .magic-content-box-block-button i{font-size:px}}@media screen and (max-width:767px){.magic-content-box-3235e54f-7015-4 .magic-content-box-section-head-wrap .magic-content-box-title{font-size:undefinedpx}.magic-content-box-3235e54f-7015-4 .magic-content-box-section-head-wrap .magic-content-box-subtitle{font-size:undefinedpx}.magic-content-box-3235e54f-7015-4 .magic-content-box-block-button span{font-size:undefinedpx}.magic-content-box-3235e54f-7015-4 .magic-content-box-block-button i{font-size:px}}<\/style><div class=\"content-wrapper-inner\"><div class=\"magic-content-box-content-wrapper magic-content-box-blocks has-background style-1\"><div class=\"content-img-wrap\"><img decoding=\"async\" src=\"https:\/\/www.agoracademie.com\/blog\/wp-content\/uploads\/2022\/01\/formation-coaching.jpg\" alt=\"Formation en ligne\" class=\"\"\/><\/div><div class=\"magic-content-box-section-wrapper magic-content-box-mainheader-wrap\"><div class=\"magic-content-box-section-header-wrapper magic-content-box-blocks\"><div class=\"magic-content-box-section-head-wrap magic-content-box-style1 magic-content-box-center\"><div class=\"magic-content-box-title-wrapper\"><span class=\"magic-content-box-title-dash magic-content-box-upper-dash\"><\/span><h4 class=\"magic-content-box-title\">Nos formations<br>pour changer<\/h4><span class=\"magic-content-box-title-dash magic-content-box-lower-dash\"><\/span><\/div><div class=\"magic-content-box-subtitle-wrapper\"><span class=\"magic-content-box-title-dash magic-content-box-upper-dash\"><\/span><p class=\"magic-content-box-subtitle\">En ligne &amp; \u00e0 distance<\/p><span class=\"magic-content-box-title-dash magic-content-box-lower-dash\"><\/span><\/div><\/div><\/div><div class=\"magic-content-box-desc-btn-wrap\"><div class=\"magic-content-box-block-button\"><a href=\"https:\/\/www.agoracademie.com\/academie\" class=\"magic-content-box-button magic-content-box-button-shape-rounded magic-content-box-button-size-small hover-style-1 btn-icon-left\"><span>Catalogue<\/span><\/a><\/div><\/div><\/div><\/div><\/div><\/div>\n\n\n\n<h3 class=\"wp-block-heading\"><span class=\"ez-toc-section\" id=\"Les_methodes_de_developpement_personnel_et_professionnel\"><\/span>Les m\u00e9thodes de d\u00e9veloppement personnel et professionnel<span class=\"ez-toc-section-end\"><\/span><\/h3>\n\n\n\n<p>Vous allez dans ces reportages et ces documentaires entendre parler de certaines m\u00e9thodes comme par exemple la relaxation, la <a href=\"https:\/\/www.agoracademie.com\/academie\/devenir-sophrologue\">sophrologie<\/a>, le <a href=\"https:\/\/www.agoracademie.com\/academie\/certification-coaching-formation-certifiante-coach-de-vie-specialise-en-developpement-personnel\">coaching<\/a> ou encore <a href=\"https:\/\/www.agoracademie.com\/academie\/formation-a-distance-pnl-communication-ericksonienne\">la PNL, l\u2019hypnose<\/a>, etc.<\/p>\n\n\n\n<p>Vous en avez peut-\u00eatre d\u00e9j\u00e0 une d\u00e9finition claire et pr\u00e9cise mais sachez que si cela n\u2019est pas le cas, vous pouvez consulter notre dictionnaire en ligne.<\/p>\n\n\n\n<h3 class=\"wp-block-heading\"><span class=\"ez-toc-section\" id=\"Le_centre_de_formation_a_distance\"><\/span>Le centre de formation \u00e0 distance<span class=\"ez-toc-section-end\"><\/span><\/h3>\n\n\n\n<p>Notez que nous proposons des formations en ligne \u00e0 certaines des m\u00e9thodes que vous allez d\u00e9couvrir dans ces reportages et documentaires. <\/p>\n\n\n\n<p>Aussi, si leur apprentissage vous int\u00e9resse, nous vous invitons \u00e0 d\u00e9couvrir d\u00e8s maintenant notre catalogue formation disponible dans notre boutique en ligne.<\/p>\n\n\n\n<p>Bien entendu, n\u2019h\u00e9sitez pas \u00e0 nous contacter pour toute information compl\u00e9mentaire et \u00e0 laisser des commentaires sur le docu qui vous a le plus interpell\u00e9.<\/p>\n\n\n\n<figure class=\"wp-block-embed aligncenter is-type-video is-provider-youtube wp-block-embed-youtube wp-embed-aspect-16-9 wp-has-aspect-ratio\"><div class=\"wp-block-embed__wrapper\">\n<iframe loading=\"lazy\" title=\"Formation coach de vie en ligne et \u00e0 distance = 4 certificats\" width=\"960\" height=\"540\" src=\"https:\/\/www.youtube.com\/embed\/4CAOp7Sud2s?feature=oembed\" frameborder=\"0\" allow=\"accelerometer; autoplay; clipboard-write; encrypted-media; gyroscope; picture-in-picture\" allowfullscreen><\/iframe>\n<\/div><\/figure>\n\n\n\n<h4 class=\"wp-block-heading\">Les \u00e9motions n\u00e9gatives, parlons-en pour \u00e9viter le pire !<\/h4>\n\n\n\n<p><em>Apprenez \u00e0 g\u00e9rer vos \u00e9motions n\u00e9gatives gr\u00e2ce au magazine Bien \u00eatre !<\/em><\/p>\n\n\n\n<ul class=\"wp-block-list\">\n<li><strong>L&rsquo;histoire :<\/strong>&nbsp;Bien g\u00e9rer ses \u00e9motions c&rsquo;est bien g\u00e9rer sa vie ! Nos \u00e9motions peuvent nous rendent malade&#8230; Ce reportage nous aide \u00e0 mieux comprendre les enjeux d&rsquo;une mauvaise gestion de la col\u00e8re, de la peur et de la tristesse en donnant la parole \u00e0 des sp\u00e9cialistes : psychoth\u00e9rapeute, psychanalyste, praticien en shiatsu et en fleurs de Bach.<\/li>\n\n\n\n<li><strong>Notre avis :<\/strong>&nbsp;Effectivement, une mauvaise gestion de nos \u00e9motions peut finir pas provoquer des troubles physiques et psychiques. Mais, bonne nouvelle, nos \u00e9motions nous parlent et nous pouvons apprendre \u00e0 les \u00e9couter dans le but de vivre mieux en les harmonisant gr\u00e2ce \u00e0 diff\u00e9rentes techniques : psychoth\u00e9rapie, <a href=\"https:\/\/www.agoracademie.com\/blog\/psychanalyse\/\">psychanalyse<\/a>, shiatsu, fleurs de Bach&#8230;<\/li>\n<\/ul>\n\n\n\n<h4 class=\"wp-block-heading\">Les mots pour \u00e9viter les maux : Les psy vous donnent la parole<\/h4>\n\n\n\n<p><em>\u00ab\u00a0Tous ces mots qu&rsquo;on ne se dit pas assez&#8230;!\u00a0\u00bb est un reportage du magazine TV Bien \u00eatre pour la cha\u00eene Direct 8.<\/em><\/p>\n\n\n\n<ul class=\"wp-block-list\">\n<li><strong>L&rsquo;histoire :<\/strong>&nbsp;Ouvrir notre bouche pour ouvrir notre coeur dit si bien Charlotte, la pr\u00e9sentatrice de Bien \u00eatre. Les psy prennent la parole pour vous inviter \u00e0 oser dire et verbaliser les choses dans le but d&rsquo;\u00e9viter les difficult\u00e9s et les probl\u00e8mes&#8230;<\/li>\n\n\n\n<li><strong>Notre avis :<\/strong>&nbsp;Ce n&rsquo;est pas un adepte de la psychoth\u00e9rapie et de la psychanalyse comme moi qui vous dira le contraire, il faut prendre la parole et utiliser les mots pour supprimer les maux. Et si ce reportage pouvez vous en convaincre et vous pousser \u00e0 ouvrir votre coeur et la bouche, alors ce sera beaucoup plus simple de dire merci \u00e0 la vie !<\/li>\n<\/ul>\n\n\n\n<h4 class=\"wp-block-heading\">Les th\u00e9rapies naturelles \u00e0 l&rsquo;essai : Les naturopathes ont la parole<\/h4>\n\n\n\n<p><em>Un reportage de la cha\u00eene Direct 8 r\u00e9alis\u00e9 par le magazine Bien \u00eatre.<\/em><\/p>\n\n\n\n<ul class=\"wp-block-list\">\n<li><strong>L&rsquo;histoire :<\/strong>&nbsp;D\u00e9couvrez les th\u00e9rapies naturelles pour rester en bonne sant\u00e9. Des naturopathes expliquent leur parcours et les techniques qu&rsquo;ils utilisent pour le bien de leurs patients.<\/li>\n\n\n\n<li><strong>Notre avis :<\/strong>&nbsp;Soyons acteur de notre sant\u00e9 et non plus passif. N&rsquo;attendons plus d&rsquo;\u00eatre malade pour agir et r\u00e9agir ! Gr\u00e2ce \u00e0 ce reportage nous pouvons d\u00e9couvrir des techniques de naturopathie comme le drainage lymphatique, la magn\u00e9toth\u00e9rapie ou encore l&rsquo;hydroth\u00e9rapie du c\u00f4lon. A vous de choisir !<\/li>\n<\/ul>\n\n\n\n<h4 class=\"wp-block-heading\">M\u00e9diter sur le stress avec Matthieu Ricard<\/h4>\n\n\n\n<p><em>Un reportage de T\u00e9l\u00e9journal (Canada) avec Matthieu Ricard.<\/em><\/p>\n\n\n\n<ul class=\"wp-block-list\">\n<li><strong>L&rsquo;histoire :<\/strong>&nbsp;Besoin de faire une pause ? Besoin de trouver un moyen de g\u00e9rer votre stress ? Voici une solution, il s&rsquo;agit de la m\u00e9ditation.<\/li>\n\n\n\n<li><strong>Notre avis :<\/strong>&nbsp;Ce qui est tr\u00e8s int\u00e9ressant dans ce reportage c&rsquo;est l&rsquo;explication de Matthieu Ricard qui pr\u00e9cise que 20 minutes \u00ab\u00a0seulement\u00a0\u00bb de m\u00e9ditation par jour est suffisant pour avoir des effets tr\u00e8s positifs sur la sant\u00e9 physique et mentale. Il suffit donc juste de trouver ces quelques minutes par jour en surfant un peu moins sur le net ou en restant coller \u00e0 l&rsquo;\u00e9cran de votre TV \ud83d\ude09 Alors, \u00e0 vos marques, pr\u00eats, m\u00e9ditez !!!<\/li>\n<\/ul>\n\n\n\n<h4 class=\"wp-block-heading\">La mise \u00e0 mort du travail : Partie 1 &amp; 2<\/h4>\n\n\n\n<p><em>Un film de Jean-Robert Viallet (2009).<\/em><\/p>\n\n\n\n<ul class=\"wp-block-list\">\n<li><strong>L&rsquo;histoire :<\/strong>&nbsp;Alcool, psychotropes, maladies, accidents du travail, souffrances physiques et psychologiques&#8230; Quel est le prix \u00e0 payer d&rsquo;une productivit\u00e9 horaire qui cherche \u00e0 repousser toujours un peu plus les limites de l&rsquo;homme qui finit par se transformer en v\u00e9ritable machine. Faut-il s&rsquo;\u00e9tonner que tant de personnes finissent par perdre la vie \u00e0 force de tout faire pour la gagner ?<\/li>\n\n\n\n<li><strong>Notre avis :<\/strong>&nbsp;Le titre devrait plut\u00f4t \u00eatre \u00ab\u00a0La mise \u00e0 mort au travail\u00a0\u00bb. Un tr\u00e8s bon reportage que je vous encourage vivement \u00e0 regarder et \u00e0 agir si cela est n\u00e9cessaire pour vous !<\/li>\n<\/ul>\n\n\n\n<h4 class=\"wp-block-heading\">J&rsquo;ai tr\u00e8s mal au travail : risques psychosociaux<\/h4>\n\n\n\n<p><em>Un film de Jean-Michel Carr\u00e9 (2007).<\/em><\/p>\n\n\n\n<ul class=\"wp-block-list\">\n<li><strong>L&rsquo;histoire :&nbsp;<\/strong>Nous savons que le travail et l&rsquo;entreprise peuvent \u00eatre la source de stress. Mais ce n&rsquo;est pas tout et cela peut-\u00eatre beaucoup plus grave et dramatique. Une plong\u00e9e dans un monde sans concession, impitoyable, parsem\u00e9 de nombreux risques et d&rsquo;innombrables dangers&#8230;<\/li>\n\n\n\n<li><strong>Notre avis :<\/strong>&nbsp;Et dire qu&rsquo;il va falloir retourner au travail demain&#8230;<\/li>\n<\/ul>\n\n\n\n<h4 class=\"wp-block-heading\">Stress au travail et burn out<\/h4>\n\n\n\n<p><em>Le blogueur Anthony Bellanger pr\u00e9sente \u00ab\u00a0Stress au travail\u00a0\u00bb, un reportage pr\u00e9sent\u00e9 sur Arte en septembre 2011.<\/em><\/p>\n\n\n\n<ul class=\"wp-block-list\">\n<li><strong>L&rsquo;histoire :&nbsp;<\/strong>Le stress au travail est un v\u00e9ritable fl\u00e9au. D\u00e9couvrez ici pourquoi certaines m\u00e9thodes de management en France posent autant de probl\u00e8mes et sont la source in\u00e9vitable de stress et m\u00eame de burn out.<\/li>\n\n\n\n<li><strong>Notre avis :&nbsp;<\/strong>Des intervenants int\u00e9ressants. A d\u00e9couvrir surtout si vous souffrez malheureusement du stress au travail&#8230;<\/li>\n<\/ul>\n\n\n\n<h4 class=\"wp-block-heading\">Qui a tu\u00e9 la voiture \u00e9lectrique ?<\/h4>\n\n\n\n<p><em>Un film de Chris Paine (2006).<\/em><\/p>\n\n\n\n<ul class=\"wp-block-list\">\n<li><strong>L&rsquo;histoire :&nbsp;<\/strong>A l&rsquo;heure o\u00f9 nous savons tr\u00e8s bien que le p\u00e9trole va nous manquer, qu&rsquo;il va \u00eatre tr\u00e8s rare dans 30 ans et qu&rsquo;il est l&rsquo;une des principales cause de pollution, o\u00f9 sont donc les solutions en mati\u00e8re de transport ? Pourquoi la voiture \u00e9lectrique, v\u00e9ritable alternative, a-t-elle disparu ? Voici quelques r\u00e9ponses&#8230;<\/li>\n\n\n\n<li><strong>Notre avis :&nbsp;<\/strong>Un film tr\u00e8s int\u00e9ressant \u00e0 ne pas manquer si l&rsquo;avenir de la plan\u00e8te vous int\u00e9resse !!!<\/li>\n<\/ul>\n\n\n\n<h4 class=\"wp-block-heading\">Solutions locales pour un d\u00e9sordre global<\/h4>\n\n\n\n<p><em>Un film de Coline Serreau (2010) avec de nombreux intervenants.<\/em><\/p>\n\n\n\n<ul class=\"wp-block-list\">\n<li><strong>L&rsquo;histoire :<\/strong>&nbsp;\u00ab\u00a0Les films d&rsquo;alertes et catastrophistes ont \u00e9t\u00e9 tourn\u00e9s, ils ont eu leur utilit\u00e9, mais maintenant il faut montrer qu&rsquo;il existe des solutions, faire entendre les r\u00e9flexions des paysans, des philosophes et \u00e9conomistes qui, tout en expliquant pourquoi notre mod\u00e8le de soci\u00e9t\u00e9 s&rsquo;est embourb\u00e9 dans la crise \u00e9cologique, financi\u00e8re et politique que nous connaissons, inventent et exp\u00e9rimentent des alternatives.\u00a0\u00bb Coline Serreau.<\/li>\n\n\n\n<li><strong>Notre avis : <\/strong>Oui, il existe des solutions. A nous de nous en servir&#8230; Tr\u00e8s bon documentaire \u00e0 voir absolument et d\u00e8s maintenant !<\/li>\n<\/ul>\n\n\n\n<h4 class=\"wp-block-heading\">Une v\u00e9rit\u00e9 qui d\u00e9range<\/h4>\n\n\n\n<p><em>Un film de Davis Guggenheim (2006) avec Al Gore, Charles Berling&#8230;<\/em><\/p>\n\n\n\n<ul class=\"wp-block-list\">\n<li><strong>L&rsquo;histoire :<\/strong>&nbsp;L&rsquo;humanit\u00e9 est assise sur une bombe \u00e0 retardement. Si vous aimez votre plan\u00e8te, si vous aimez vos enfants, vous devez voir ce film !<\/li>\n\n\n\n<li><strong>Notre avis :<\/strong>&nbsp;Le message de la bande annonce indique \u00e9galement \u00ab\u00a0Plus terrifiant qu&rsquo;un film d&rsquo;\u00e9pouvante\u00a0\u00bb. C&rsquo;est vrai que cela fait froid dans le dos&#8230; Bon documentaire. A voir sans attendre !<\/li>\n<\/ul>\n\n\n\n<h4 class=\"wp-block-heading\">Sur les traces de J\u00e9sus<\/h4>\n\n\n\n<p><em>Un film de Jean-Claude Bragard avec Jeremy Bowen, Levo Liron&#8230;<\/em><\/p>\n\n\n\n<ul class=\"wp-block-list\">\n<li><strong>L&rsquo;histoire :&nbsp;<\/strong>La vie et la mort de J\u00e9sus de Nazareth : reconstitutions et commentaires des sp\u00e9cialistes.<\/li>\n\n\n\n<li><strong>Notre avis :<\/strong>&nbsp;Un bon documentaire riche en informations. A voir !<\/li>\n<\/ul>\n\n\n\n<h4 class=\"wp-block-heading\">Oc\u00e9ans<\/h4>\n\n\n\n<p><em>Un film de Jacques Perrin et Jacques Cluzaud (2010) avec Lancelot Perrin et Jacques Perrin (voix).<\/em><\/p>\n\n\n\n<ul class=\"wp-block-list\">\n<li><strong>L&rsquo;histoire :&nbsp;<\/strong>Jacques Perrin nous entra\u00eene cette fois-ci des banquises polaires aux tropiques, au c\u0153ur des oc\u00e9ans et de ses temp\u00eates pour nous faire red\u00e9couvrir les cr\u00e9atures marines connues, m\u00e9connues, ignor\u00e9es. Au fait, c&rsquo;est quoi l&rsquo;Oc\u00e9an ?.. La r\u00e9ponse en images.<\/li>\n<\/ul>\n\n\n\n<h4 class=\"wp-block-heading\">The Cove &#8211; La Baie de la honte<\/h4>\n\n\n\n<p><em>Un film de Louie Psihoyos (2009) avec Richard O&rsquo;Barry, Louie Psihoyos, Simon Hutchins&#8230;<\/em><\/p>\n\n\n\n<ul class=\"wp-block-list\">\n<li><strong>L&rsquo;histoire :<\/strong>&nbsp;Une \u00e9quipe de d\u00e9fenseurs acharn\u00e9s des c\u00e9tac\u00e9s montent le projet extraordinaire de d\u00e9voiler au monde entier le massage des c\u00e9tac\u00e9s dans une petite baie isol\u00e9e du Japon. Mais le drame se joue \u00e9galement proche de chez nous comme nous l&rsquo;explique Ric O&rsquo;Barry, l&rsquo;ex-dresseur de dauphins dont le l\u00e9gendaire Flipper&#8230;<\/li>\n\n\n\n<li><strong>Notre avis :<\/strong>&nbsp;Un reportage courageux et beau malgr\u00e9 des images tr\u00e8s difficiles \u00e0 regarder&#8230; Mais il faut bien parfois faire face \u00e0 l&rsquo;insupportable et ainsi faire son possible pour que cela cesse. N&rsquo;est-ce pas ?..<\/li>\n<\/ul>\n\n\n\n<h4 class=\"wp-block-heading\">Food Inc<\/h4>\n\n\n\n<p><em>Un film de Robert Kenner (2008) avec Michael Pollan, Eric Schlosser.<\/em><\/p>\n\n\n\n<ul class=\"wp-block-list\">\n<li><strong>L&rsquo;histoire :&nbsp;<\/strong>D\u00e9couverte des rouages d&rsquo;une industrie qui alt\u00e8re chaque jour notre environnement et notre sant\u00e9.<\/li>\n\n\n\n<li><strong>Notre avis :<\/strong>&nbsp;La mondialisation est-elle une bonne chose ? Au niveau alimentaire nous pouvons nous poser la question. Incroyable d\u00e9couverte d&rsquo;un monde secret qui fait ce qu&rsquo;il veut au d\u00e9triment de notre sant\u00e9 ?.. A vous de juger pour mieux d\u00e9cider de vos choix de consommation !<\/li>\n<\/ul>\n\n\n\n<h4 class=\"wp-block-heading\">Le cauchemar de Darwin<\/h4>\n\n\n\n<p><em>Un film de Hubert Sauper (2003).<\/em><\/p>\n\n\n\n<ul class=\"wp-block-list\">\n<li><strong>L&rsquo;histoire :&nbsp;<\/strong>Consid\u00e9r\u00e9 comme le berceau de l&rsquo;humanit\u00e9, les rives du plus grand lac tropical du monde sont aujourd&rsquo;hui le th\u00e9\u00e2tre du pire cauchemar de la mondialisation.<\/li>\n\n\n\n<li><strong>Notre avis :&nbsp;<\/strong>Un vrai cauchemar effectivement mais un beau documentaire \u00e0 voir absolument ! Ce qui se passe l\u00e0 bas ne pourra pas nous laisser indiff\u00e9rent encore bien longtemps&#8230;<\/li>\n<\/ul>\n\n\n\n<h4 class=\"wp-block-heading\">Le monde selon Monsanto<\/h4>\n\n\n\n<p><em>Un film de Marie-Monique Robin (2007).<\/em><\/p>\n\n\n\n<ul class=\"wp-block-list\">\n<li><strong>L&rsquo;histoire :<\/strong>&nbsp;La journaliste Marie-Monique Robin pr\u00e9sente un film sur le monde inqui\u00e9tant du groupe Monsanto. L\u2019essayiste Jeremy Rifkin va dire de ce film : \u00ab\u00a0Je n\u2019ai jamais vu une soci\u00e9t\u00e9 qui ait une influence aussi d\u00e9terminante et \u00e0 un niveau aussi \u00e9lev\u00e9 sur les autorit\u00e9s gouvernementales en charge de la r\u00e9glementation que Monsanto avec ses OGM.\u00a0\u00bb<\/li>\n\n\n\n<li><strong>Notre avis :<\/strong>&nbsp;Je suis impressionn\u00e9 de cette m\u00e9canique infernale mise en place par cette organisation capitaliste. Cela fait simplement froid dans le dos. Si votre avenir et celui de nos enfants est important pour vous, il faut imp\u00e9rativement voir ce film et en parler autour de vous !<\/li>\n<\/ul>\n\n\n\n<h4 class=\"wp-block-heading\">Notre poison quotidien<\/h4>\n\n\n\n<p><em>Un film de Marie-Monique Robin (2011).<\/em><\/p>\n\n\n\n<ul class=\"wp-block-list\">\n<li><strong>L&rsquo;histoire :<\/strong>&nbsp;Apr\u00e8s \u00ab\u00a0Le monde selon Monsanto\u00a0\u00bb (\u00e0 voir sur ce site), la journaliste Marie-Monique Robin pr\u00e9sente un film sur les produits chimiques pr\u00e9sents dans nos aliments\u2026<\/li>\n\n\n\n<li><strong>Notre avis :&nbsp;<\/strong>Attention ! Apr\u00e8s ce film, vous n&rsquo;allez plus jamais regarder votre assiette de la m\u00eame fa\u00e7on&#8230; Votre regard sera peut-\u00eatre aussi diff\u00e9rent envers certaines autorit\u00e9s qui g\u00e8rent la sant\u00e9 publique.<\/li>\n<\/ul>\n\n\n\n<h4 class=\"wp-block-heading\">Darshan<\/h4>\n\n\n\n<p><strong>Un film de Jan Kounen (2005). Avec Sri Mata Amritanandamayi Devi \u2013 Amma\u2026<\/strong><\/p>\n\n\n\n<ul class=\"wp-block-list\">\n<li><strong>L&rsquo;histoire :&nbsp;<\/strong>Etreindre le monde, pour la paix et l&rsquo;harmonie. Voil\u00e0 une id\u00e9e aussi simple qu\u2019efficace. Ma\u00eetre pour les uns, Sainte pour les autres, Amma donne son amour et son enseignement pour aider le monde \u00e0 se d\u00e9livrer de la souffrance. Ce reportage vous invite notamment \u00e0 d\u00e9couvrir la c\u00e9l\u00e8bre c\u00e9r\u00e9monie du Darshan et vous informe sur les r\u00e9alisations concr\u00e8tes r\u00e9alis\u00e9es gr\u00e2ce \u00e0 l\u2019action d\u2019Amma (financement de nombreux h\u00e9bergements, d\u2019orphelinats, d\u2019\u00e9coles, d\u2019un h\u00f4pital\u2026).<\/li>\n\n\n\n<li><strong>Notre avis :&nbsp;<\/strong>Difficile au d\u00e9part de comprendre comment \u00e9treindre des centaines de personnes peut avoir un tel impact sur notre monde. Pourtant, m\u00eame si je trouve le mouvement parfois m\u00e9canique et pas toujours tendre, l&rsquo;amour et la sinc\u00e9rit\u00e9 d&rsquo;Amma est bel et bien en train de changer le monde&#8230; Alors Merci Amma ! Et merci Jan Kounen.<\/li>\n<\/ul>\n\n\n\n<h4 class=\"wp-block-heading\">Home<\/h4>\n\n\n\n<p><em>Un film de et avec la voix de Yann Arthus-Bertrand (2009).<\/em><\/p>\n\n\n\n<ul class=\"wp-block-list\">\n<li><strong>L&rsquo;histoire :<\/strong>&nbsp;En quelques d\u00e9cennies l\u2019Homme a rompu un \u00e9quilibre de pr\u00e8s de 4 milliards d\u2019ann\u00e9es d\u2019\u00e9volution de la terre et met son avenir en p\u00e9ril. Le prix \u00e0 payer est lourd, mais il est trop tard pour \u00eatre pessimiste : il reste \u00e0 peine dix ans \u00e0 l\u2019humanit\u00e9 pour prendre conscience de son exploitation d\u00e9mesur\u00e9e des richesses de la terre et changer son mode de consommation.<br>En nous offrant les images in\u00e9dites de plus de 50 pays vu du ciel, en nous faisant partager son \u00e9merveillement autant que son inqui\u00e9tude, Yann Arthus-Bertrand pose, avec ce film, une pierre \u00e0 l\u2019\u00e9difice que nous devons, tous ensemble, reconstruire.<\/li>\n\n\n\n<li><strong>Notre avis :<\/strong>&nbsp;Des images incroyablement belles et tristes aussi. L&rsquo;id\u00e9e que nous sommes en train de perdre tout cela, comme l&rsquo;eau si rare qui coule entre nos doigts, me pousse, ici et maintenant sans attendre demain (car il sera peut-\u00eatre trop tard&#8230;), \u00e0 changer certaines de mes mauvaises habitudes (consommer pour consommer, gaspiller sans r\u00e9fl\u00e9chir, polluer sans se poser de question vu que je ne suis pas le seul, etc.). Et vous ?..<\/li>\n<\/ul>\n","protected":false},"excerpt":{"rendered":"<p>Des reportages et des documentaires pour changer maintenant&nbsp;! Vous voulez en savoir plus sur le d\u00e9veloppement personnel et professionnel ? Alors nous vous invitons \u00e0 d\u00e9couvrir notre s\u00e9lection de reportages et de documentaires.<\/p>\n","protected":false},"author":2,"featured_media":0,"comment_status":"open","ping_status":"closed","sticky":false,"template":"","format":"standard","meta":{"_bbp_topic_count":0,"_bbp_reply_count":0,"_bbp_total_topic_count":0,"_bbp_total_reply_count":0,"_bbp_voice_count":0,"_bbp_anonymous_reply_count":0,"_bbp_topic_count_hidden":0,"_bbp_reply_count_hidden":0,"_bbp_forum_subforum_count":0,"footnotes":""},"categories":[16],"tags":[],"class_list":["post-5170","post","type-post","status-publish","format-standard","hentry","category-livres-sur-le-developpement-personnel"],"yoast_head":"<!-- This site is optimized with the Yoast SEO plugin v27.4 - https:\/\/yoast.com\/product\/yoast-seo-wordpress\/ -->\n<title>Changer\u00a0: reportages et documentaires sant\u00e9 et th\u00e9rapie<\/title>\n<meta name=\"description\" content=\"Vous cherchez des solutions pour changer et vivre mieux d\u00e8s maintenant\u00a0? D\u00e9couvrez nos reportages et documentaires sant\u00e9, th\u00e9rapie + \u00e9cologie.\" \/>\n<meta name=\"robots\" content=\"index, follow, max-snippet:-1, max-image-preview:large, max-video-preview:-1\" \/>\n<link rel=\"canonical\" href=\"https:\/\/www.agoracademie.com\/blog\/changer-reportages-documentaires-sante-therapie\/\" \/>\n<meta property=\"og:locale\" content=\"fr_FR\" \/>\n<meta property=\"og:type\" content=\"article\" \/>\n<meta property=\"og:title\" content=\"Changer\u00a0: reportages et documentaires sant\u00e9 et th\u00e9rapie\" \/>\n<meta property=\"og:description\" content=\"Vous cherchez des solutions pour changer et vivre mieux d\u00e8s maintenant\u00a0? D\u00e9couvrez nos reportages et documentaires sant\u00e9, th\u00e9rapie + \u00e9cologie.\" \/>\n<meta property=\"og:url\" content=\"https:\/\/www.agoracademie.com\/blog\/changer-reportages-documentaires-sante-therapie\/\" \/>\n<meta property=\"og:site_name\" content=\"Agoracad\u00e9mie\" \/>\n<meta property=\"article:published_time\" content=\"2018-08-29T12:25:37+00:00\" \/>\n<meta property=\"article:modified_time\" content=\"2026-03-11T08:53:45+00:00\" \/>\n<meta property=\"og:image\" content=\"https:\/\/www.agoracademie.com\/blog\/wp-content\/uploads\/2018\/08\/documentaires-reportages-sante-therapie.jpg\" \/>\n\t<meta property=\"og:image:width\" content=\"640\" \/>\n\t<meta property=\"og:image:height\" content=\"426\" \/>\n\t<meta property=\"og:image:type\" content=\"image\/jpeg\" \/>\n<meta name=\"author\" content=\"Laurent Bertrel\" \/>\n<meta name=\"twitter:label1\" content=\"\u00c9crit par\" \/>\n\t<meta name=\"twitter:data1\" content=\"Laurent Bertrel\" \/>\n<script type=\"application\/ld+json\" class=\"yoast-schema-graph\">{\"@context\":\"https:\\\/\\\/schema.org\",\"@graph\":[{\"@type\":\"Article\",\"@id\":\"https:\\\/\\\/www.agoracademie.com\\\/blog\\\/changer-reportages-documentaires-sante-therapie\\\/#article\",\"isPartOf\":{\"@id\":\"https:\\\/\\\/www.agoracademie.com\\\/blog\\\/changer-reportages-documentaires-sante-therapie\\\/\"},\"author\":{\"name\":\"Laurent Bertrel\",\"@id\":\"https:\\\/\\\/www.agoracademie.com\\\/blog\\\/#\\\/schema\\\/person\\\/c2f110c50be7dcecc05cb4e87f32537f\"},\"headline\":\"Changer\u00a0: reportages et documentaires sant\u00e9 et th\u00e9rapie\",\"datePublished\":\"2018-08-29T12:25:37+00:00\",\"dateModified\":\"2026-03-11T08:53:45+00:00\",\"mainEntityOfPage\":{\"@id\":\"https:\\\/\\\/www.agoracademie.com\\\/blog\\\/changer-reportages-documentaires-sante-therapie\\\/\"},\"wordCount\":2417,\"commentCount\":0,\"image\":{\"@id\":\"https:\\\/\\\/www.agoracademie.com\\\/blog\\\/changer-reportages-documentaires-sante-therapie\\\/#primaryimage\"},\"thumbnailUrl\":\"https:\\\/\\\/www.agoracademie.com\\\/blog\\\/wp-content\\\/uploads\\\/2018\\\/08\\\/documentaires-reportages-sante-therapie.jpg\",\"articleSection\":[\"Livre, audio &amp; vid\u00e9o\"],\"inLanguage\":\"fr-FR\",\"potentialAction\":[{\"@type\":\"CommentAction\",\"name\":\"Comment\",\"target\":[\"https:\\\/\\\/www.agoracademie.com\\\/blog\\\/changer-reportages-documentaires-sante-therapie\\\/#respond\"]}]},{\"@type\":\"WebPage\",\"@id\":\"https:\\\/\\\/www.agoracademie.com\\\/blog\\\/changer-reportages-documentaires-sante-therapie\\\/\",\"url\":\"https:\\\/\\\/www.agoracademie.com\\\/blog\\\/changer-reportages-documentaires-sante-therapie\\\/\",\"name\":\"Changer\u00a0: reportages et documentaires sant\u00e9 et th\u00e9rapie\",\"isPartOf\":{\"@id\":\"https:\\\/\\\/www.agoracademie.com\\\/blog\\\/#website\"},\"primaryImageOfPage\":{\"@id\":\"https:\\\/\\\/www.agoracademie.com\\\/blog\\\/changer-reportages-documentaires-sante-therapie\\\/#primaryimage\"},\"image\":{\"@id\":\"https:\\\/\\\/www.agoracademie.com\\\/blog\\\/changer-reportages-documentaires-sante-therapie\\\/#primaryimage\"},\"thumbnailUrl\":\"https:\\\/\\\/www.agoracademie.com\\\/blog\\\/wp-content\\\/uploads\\\/2018\\\/08\\\/documentaires-reportages-sante-therapie.jpg\",\"datePublished\":\"2018-08-29T12:25:37+00:00\",\"dateModified\":\"2026-03-11T08:53:45+00:00\",\"author\":{\"@id\":\"https:\\\/\\\/www.agoracademie.com\\\/blog\\\/#\\\/schema\\\/person\\\/c2f110c50be7dcecc05cb4e87f32537f\"},\"description\":\"Vous cherchez des solutions pour changer et vivre mieux d\u00e8s maintenant\u00a0? D\u00e9couvrez nos reportages et documentaires sant\u00e9, th\u00e9rapie + \u00e9cologie.\",\"breadcrumb\":{\"@id\":\"https:\\\/\\\/www.agoracademie.com\\\/blog\\\/changer-reportages-documentaires-sante-therapie\\\/#breadcrumb\"},\"inLanguage\":\"fr-FR\",\"potentialAction\":[{\"@type\":\"ReadAction\",\"target\":[\"https:\\\/\\\/www.agoracademie.com\\\/blog\\\/changer-reportages-documentaires-sante-therapie\\\/\"]}]},{\"@type\":\"ImageObject\",\"inLanguage\":\"fr-FR\",\"@id\":\"https:\\\/\\\/www.agoracademie.com\\\/blog\\\/changer-reportages-documentaires-sante-therapie\\\/#primaryimage\",\"url\":\"https:\\\/\\\/www.agoracademie.com\\\/blog\\\/wp-content\\\/uploads\\\/2018\\\/08\\\/documentaires-reportages-sante-therapie.jpg\",\"contentUrl\":\"https:\\\/\\\/www.agoracademie.com\\\/blog\\\/wp-content\\\/uploads\\\/2018\\\/08\\\/documentaires-reportages-sante-therapie.jpg\",\"width\":640,\"height\":426,\"caption\":\"Changer\"},{\"@type\":\"BreadcrumbList\",\"@id\":\"https:\\\/\\\/www.agoracademie.com\\\/blog\\\/changer-reportages-documentaires-sante-therapie\\\/#breadcrumb\",\"itemListElement\":[{\"@type\":\"ListItem\",\"position\":1,\"name\":\"Accueil\",\"item\":\"https:\\\/\\\/www.agoracademie.com\\\/blog\\\/\"},{\"@type\":\"ListItem\",\"position\":2,\"name\":\"Changer\u00a0: reportages et documentaires sant\u00e9 et th\u00e9rapie\"}]},{\"@type\":\"WebSite\",\"@id\":\"https:\\\/\\\/www.agoracademie.com\\\/blog\\\/#website\",\"url\":\"https:\\\/\\\/www.agoracademie.com\\\/blog\\\/\",\"name\":\"Blog Agoracad\u00e9mie - Centre de formation en ligne et \u00e0 distance\",\"description\":\"Le blog du d\u00e9veloppement personnel et des th\u00e9rapies\",\"potentialAction\":[{\"@type\":\"SearchAction\",\"target\":{\"@type\":\"EntryPoint\",\"urlTemplate\":\"https:\\\/\\\/www.agoracademie.com\\\/blog\\\/?s={search_term_string}\"},\"query-input\":{\"@type\":\"PropertyValueSpecification\",\"valueRequired\":true,\"valueName\":\"search_term_string\"}}],\"inLanguage\":\"fr-FR\"},{\"@type\":\"Person\",\"@id\":\"https:\\\/\\\/www.agoracademie.com\\\/blog\\\/#\\\/schema\\\/person\\\/c2f110c50be7dcecc05cb4e87f32537f\",\"name\":\"Laurent Bertrel\",\"image\":{\"@type\":\"ImageObject\",\"inLanguage\":\"fr-FR\",\"@id\":\"https:\\\/\\\/secure.gravatar.com\\\/avatar\\\/45841390e6db2f4064cc5f84ee39189cf562b1de36eb5b1b7cc82dee445813a4?s=96&r=g\",\"url\":\"https:\\\/\\\/secure.gravatar.com\\\/avatar\\\/45841390e6db2f4064cc5f84ee39189cf562b1de36eb5b1b7cc82dee445813a4?s=96&r=g\",\"contentUrl\":\"https:\\\/\\\/secure.gravatar.com\\\/avatar\\\/45841390e6db2f4064cc5f84ee39189cf562b1de36eb5b1b7cc82dee445813a4?s=96&r=g\",\"caption\":\"Laurent Bertrel\"},\"description\":\"Laurent Bertrel est le fondateur d'Agoracad\u00e9mie. Titulaire d'une licence en sciences humaines et sociales, d'une ma\u00eetrise et d'un master en psychanalyse, d'un master en \u00e9tudes culturelles parcours \u00e9tudes de genre, du DU connaissances g\u00e9n\u00e9rales de la personne \u00e2g\u00e9e, il est aussi form\u00e9 \u00e0 diff\u00e9rentes approches dont la PNL, la sophrologie, la relaxation, l'hypnose, le coaching, la m\u00e9ditation, les arts martiaux, etc. Auteur de plus de 40 ouvrages, dont 18 livres, il anime plusieurs formations sur Agoracad\u00e9mie et r\u00e9pondra au message que vous allez laisser ci-dessous.\",\"sameAs\":[\"https:\\\/\\\/www.agoracademie.com\\\/\"]}]}<\/script>\n<!-- \/ Yoast SEO plugin. -->","yoast_head_json":{"title":"Changer\u00a0: reportages et documentaires sant\u00e9 et th\u00e9rapie","description":"Vous cherchez des solutions pour changer et vivre mieux d\u00e8s maintenant\u00a0? D\u00e9couvrez nos reportages et documentaires sant\u00e9, th\u00e9rapie + \u00e9cologie.","robots":{"index":"index","follow":"follow","max-snippet":"max-snippet:-1","max-image-preview":"max-image-preview:large","max-video-preview":"max-video-preview:-1"},"canonical":"https:\/\/www.agoracademie.com\/blog\/changer-reportages-documentaires-sante-therapie\/","og_locale":"fr_FR","og_type":"article","og_title":"Changer\u00a0: reportages et documentaires sant\u00e9 et th\u00e9rapie","og_description":"Vous cherchez des solutions pour changer et vivre mieux d\u00e8s maintenant\u00a0? D\u00e9couvrez nos reportages et documentaires sant\u00e9, th\u00e9rapie + \u00e9cologie.","og_url":"https:\/\/www.agoracademie.com\/blog\/changer-reportages-documentaires-sante-therapie\/","og_site_name":"Agoracad\u00e9mie","article_published_time":"2018-08-29T12:25:37+00:00","article_modified_time":"2026-03-11T08:53:45+00:00","og_image":[{"width":640,"height":426,"url":"https:\/\/www.agoracademie.com\/blog\/wp-content\/uploads\/2018\/08\/documentaires-reportages-sante-therapie.jpg","type":"image\/jpeg"}],"author":"Laurent Bertrel","twitter_misc":{"\u00c9crit par":"Laurent Bertrel"},"schema":{"@context":"https:\/\/schema.org","@graph":[{"@type":"Article","@id":"https:\/\/www.agoracademie.com\/blog\/changer-reportages-documentaires-sante-therapie\/#article","isPartOf":{"@id":"https:\/\/www.agoracademie.com\/blog\/changer-reportages-documentaires-sante-therapie\/"},"author":{"name":"Laurent Bertrel","@id":"https:\/\/www.agoracademie.com\/blog\/#\/schema\/person\/c2f110c50be7dcecc05cb4e87f32537f"},"headline":"Changer\u00a0: reportages et documentaires sant\u00e9 et th\u00e9rapie","datePublished":"2018-08-29T12:25:37+00:00","dateModified":"2026-03-11T08:53:45+00:00","mainEntityOfPage":{"@id":"https:\/\/www.agoracademie.com\/blog\/changer-reportages-documentaires-sante-therapie\/"},"wordCount":2417,"commentCount":0,"image":{"@id":"https:\/\/www.agoracademie.com\/blog\/changer-reportages-documentaires-sante-therapie\/#primaryimage"},"thumbnailUrl":"https:\/\/www.agoracademie.com\/blog\/wp-content\/uploads\/2018\/08\/documentaires-reportages-sante-therapie.jpg","articleSection":["Livre, audio &amp; vid\u00e9o"],"inLanguage":"fr-FR","potentialAction":[{"@type":"CommentAction","name":"Comment","target":["https:\/\/www.agoracademie.com\/blog\/changer-reportages-documentaires-sante-therapie\/#respond"]}]},{"@type":"WebPage","@id":"https:\/\/www.agoracademie.com\/blog\/changer-reportages-documentaires-sante-therapie\/","url":"https:\/\/www.agoracademie.com\/blog\/changer-reportages-documentaires-sante-therapie\/","name":"Changer\u00a0: reportages et documentaires sant\u00e9 et th\u00e9rapie","isPartOf":{"@id":"https:\/\/www.agoracademie.com\/blog\/#website"},"primaryImageOfPage":{"@id":"https:\/\/www.agoracademie.com\/blog\/changer-reportages-documentaires-sante-therapie\/#primaryimage"},"image":{"@id":"https:\/\/www.agoracademie.com\/blog\/changer-reportages-documentaires-sante-therapie\/#primaryimage"},"thumbnailUrl":"https:\/\/www.agoracademie.com\/blog\/wp-content\/uploads\/2018\/08\/documentaires-reportages-sante-therapie.jpg","datePublished":"2018-08-29T12:25:37+00:00","dateModified":"2026-03-11T08:53:45+00:00","author":{"@id":"https:\/\/www.agoracademie.com\/blog\/#\/schema\/person\/c2f110c50be7dcecc05cb4e87f32537f"},"description":"Vous cherchez des solutions pour changer et vivre mieux d\u00e8s maintenant\u00a0? D\u00e9couvrez nos reportages et documentaires sant\u00e9, th\u00e9rapie + \u00e9cologie.","breadcrumb":{"@id":"https:\/\/www.agoracademie.com\/blog\/changer-reportages-documentaires-sante-therapie\/#breadcrumb"},"inLanguage":"fr-FR","potentialAction":[{"@type":"ReadAction","target":["https:\/\/www.agoracademie.com\/blog\/changer-reportages-documentaires-sante-therapie\/"]}]},{"@type":"ImageObject","inLanguage":"fr-FR","@id":"https:\/\/www.agoracademie.com\/blog\/changer-reportages-documentaires-sante-therapie\/#primaryimage","url":"https:\/\/www.agoracademie.com\/blog\/wp-content\/uploads\/2018\/08\/documentaires-reportages-sante-therapie.jpg","contentUrl":"https:\/\/www.agoracademie.com\/blog\/wp-content\/uploads\/2018\/08\/documentaires-reportages-sante-therapie.jpg","width":640,"height":426,"caption":"Changer"},{"@type":"BreadcrumbList","@id":"https:\/\/www.agoracademie.com\/blog\/changer-reportages-documentaires-sante-therapie\/#breadcrumb","itemListElement":[{"@type":"ListItem","position":1,"name":"Accueil","item":"https:\/\/www.agoracademie.com\/blog\/"},{"@type":"ListItem","position":2,"name":"Changer\u00a0: reportages et documentaires sant\u00e9 et th\u00e9rapie"}]},{"@type":"WebSite","@id":"https:\/\/www.agoracademie.com\/blog\/#website","url":"https:\/\/www.agoracademie.com\/blog\/","name":"Blog Agoracad\u00e9mie - Centre de formation en ligne et \u00e0 distance","description":"Le blog du d\u00e9veloppement personnel et des th\u00e9rapies","potentialAction":[{"@type":"SearchAction","target":{"@type":"EntryPoint","urlTemplate":"https:\/\/www.agoracademie.com\/blog\/?s={search_term_string}"},"query-input":{"@type":"PropertyValueSpecification","valueRequired":true,"valueName":"search_term_string"}}],"inLanguage":"fr-FR"},{"@type":"Person","@id":"https:\/\/www.agoracademie.com\/blog\/#\/schema\/person\/c2f110c50be7dcecc05cb4e87f32537f","name":"Laurent Bertrel","image":{"@type":"ImageObject","inLanguage":"fr-FR","@id":"https:\/\/secure.gravatar.com\/avatar\/45841390e6db2f4064cc5f84ee39189cf562b1de36eb5b1b7cc82dee445813a4?s=96&r=g","url":"https:\/\/secure.gravatar.com\/avatar\/45841390e6db2f4064cc5f84ee39189cf562b1de36eb5b1b7cc82dee445813a4?s=96&r=g","contentUrl":"https:\/\/secure.gravatar.com\/avatar\/45841390e6db2f4064cc5f84ee39189cf562b1de36eb5b1b7cc82dee445813a4?s=96&r=g","caption":"Laurent Bertrel"},"description":"Laurent Bertrel est le fondateur d'Agoracad\u00e9mie. Titulaire d'une licence en sciences humaines et sociales, d'une ma\u00eetrise et d'un master en psychanalyse, d'un master en \u00e9tudes culturelles parcours \u00e9tudes de genre, du DU connaissances g\u00e9n\u00e9rales de la personne \u00e2g\u00e9e, il est aussi form\u00e9 \u00e0 diff\u00e9rentes approches dont la PNL, la sophrologie, la relaxation, l'hypnose, le coaching, la m\u00e9ditation, les arts martiaux, etc. Auteur de plus de 40 ouvrages, dont 18 livres, il anime plusieurs formations sur Agoracad\u00e9mie et r\u00e9pondra au message que vous allez laisser ci-dessous.","sameAs":["https:\/\/www.agoracademie.com\/"]}]}},"acf":[],"_links":{"self":[{"href":"https:\/\/www.agoracademie.com\/blog\/wp-json\/wp\/v2\/posts\/5170","targetHints":{"allow":["GET"]}}],"collection":[{"href":"https:\/\/www.agoracademie.com\/blog\/wp-json\/wp\/v2\/posts"}],"about":[{"href":"https:\/\/www.agoracademie.com\/blog\/wp-json\/wp\/v2\/types\/post"}],"author":[{"embeddable":true,"href":"https:\/\/www.agoracademie.com\/blog\/wp-json\/wp\/v2\/users\/2"}],"replies":[{"embeddable":true,"href":"https:\/\/www.agoracademie.com\/blog\/wp-json\/wp\/v2\/comments?post=5170"}],"version-history":[{"count":13,"href":"https:\/\/www.agoracademie.com\/blog\/wp-json\/wp\/v2\/posts\/5170\/revisions"}],"predecessor-version":[{"id":24288,"href":"https:\/\/www.agoracademie.com\/blog\/wp-json\/wp\/v2\/posts\/5170\/revisions\/24288"}],"wp:attachment":[{"href":"https:\/\/www.agoracademie.com\/blog\/wp-json\/wp\/v2\/media?parent=5170"}],"wp:term":[{"taxonomy":"category","embeddable":true,"href":"https:\/\/www.agoracademie.com\/blog\/wp-json\/wp\/v2\/categories?post=5170"},{"taxonomy":"post_tag","embeddable":true,"href":"https:\/\/www.agoracademie.com\/blog\/wp-json\/wp\/v2\/tags?post=5170"}],"curies":[{"name":"wp","href":"https:\/\/api.w.org\/{rel}","templated":true}]}}