{"id":5305,"date":"2018-09-04T14:35:32","date_gmt":"2018-09-04T14:35:32","guid":{"rendered":"http:\/\/agoracademie.com\/blog\/?p=5305"},"modified":"2025-07-12T16:35:11","modified_gmt":"2025-07-12T14:35:11","slug":"developpement-personnel-2","status":"publish","type":"post","link":"https:\/\/www.agoracademie.com\/blog\/developpement-personnel-2\/","title":{"rendered":"D\u00e9veloppement personnel &#038; efficacit\u00e9 professionnelle"},"content":{"rendered":"<div class=\"wp-block-image\">\n<figure class=\"aligncenter size-large\"><img loading=\"lazy\" decoding=\"async\" width=\"640\" height=\"425\" src=\"https:\/\/www.agoracademie.com\/blog\/wp-content\/uploads\/2018\/09\/developpement-personnel.jpg\" alt=\"D\u00e9veloppement personnel\" class=\"wp-image-5306\" srcset=\"https:\/\/www.agoracademie.com\/blog\/wp-content\/uploads\/2018\/09\/developpement-personnel.jpg 640w, https:\/\/www.agoracademie.com\/blog\/wp-content\/uploads\/2018\/09\/developpement-personnel-300x199.jpg 300w, https:\/\/www.agoracademie.com\/blog\/wp-content\/uploads\/2018\/09\/developpement-personnel-600x398.jpg 600w, https:\/\/www.agoracademie.com\/blog\/wp-content\/uploads\/2018\/09\/developpement-personnel-624x414.jpg 624w\" sizes=\"auto, (max-width: 640px) 100vw, 640px\" \/><\/figure><div id=\"ez-toc-container\" class=\"ez-toc-v2_0_82_2 ez-toc-wrap-center counter-hierarchy ez-toc-counter ez-toc-transparent ez-toc-container-direction\">\n<div class=\"ez-toc-title-container\">\n<p class=\"ez-toc-title\" style=\"cursor:inherit\">Sommaire<\/p>\n<span class=\"ez-toc-title-toggle\"><a href=\"#\" class=\"ez-toc-pull-right ez-toc-btn ez-toc-btn-xs ez-toc-btn-default ez-toc-toggle\" aria-label=\"Toggle Table of Content\"><span class=\"ez-toc-js-icon-con\"><span class=\"\"><span class=\"eztoc-hide\" style=\"display:none;\">Toggle<\/span><span class=\"ez-toc-icon-toggle-span\"><svg style=\"fill: #999;color:#999\" xmlns=\"http:\/\/www.w3.org\/2000\/svg\" class=\"list-377408\" width=\"20px\" height=\"20px\" viewBox=\"0 0 24 24\" fill=\"none\"><path d=\"M6 6H4v2h2V6zm14 0H8v2h12V6zM4 11h2v2H4v-2zm16 0H8v2h12v-2zM4 16h2v2H4v-2zm16 0H8v2h12v-2z\" fill=\"currentColor\"><\/path><\/svg><svg style=\"fill: #999;color:#999\" class=\"arrow-unsorted-368013\" xmlns=\"http:\/\/www.w3.org\/2000\/svg\" width=\"10px\" height=\"10px\" viewBox=\"0 0 24 24\" version=\"1.2\" baseProfile=\"tiny\"><path d=\"M18.2 9.3l-6.2-6.3-6.2 6.3c-.2.2-.3.4-.3.7s.1.5.3.7c.2.2.4.3.7.3h11c.3 0 .5-.1.7-.3.2-.2.3-.5.3-.7s-.1-.5-.3-.7zM5.8 14.7l6.2 6.3 6.2-6.3c.2-.2.3-.5.3-.7s-.1-.5-.3-.7c-.2-.2-.4-.3-.7-.3h-11c-.3 0-.5.1-.7.3-.2.2-.3.5-.3.7s.1.5.3.7z\"\/><\/svg><\/span><\/span><\/span><\/a><\/span><\/div>\n<nav><ul class='ez-toc-list ez-toc-list-level-1 ' ><li class='ez-toc-page-1 ez-toc-heading-level-2'><a class=\"ez-toc-link ez-toc-heading-1\" href=\"https:\/\/www.agoracademie.com\/blog\/developpement-personnel-2\/#Definition_Quest-ce_que_le_developpement_personnel\" >D\u00e9finition : Qu\u2019est-ce que le d\u00e9veloppement personnel ?<\/a><ul class='ez-toc-list-level-3' ><li class='ez-toc-heading-level-3'><a class=\"ez-toc-link ez-toc-heading-2\" href=\"https:\/\/www.agoracademie.com\/blog\/developpement-personnel-2\/#Comment_developper_son_efficacite_professionnelle\" >Comment d\u00e9velopper son efficacit\u00e9 professionnelle ?<\/a><\/li><li class='ez-toc-page-1 ez-toc-heading-level-3'><a class=\"ez-toc-link ez-toc-heading-3\" href=\"https:\/\/www.agoracademie.com\/blog\/developpement-personnel-2\/#Formation_Comment_se_former_a_distance_en_developpement_personnel\" >Formation : Comment se former \u00e0 distance en d\u00e9veloppement personnel ?<\/a><\/li><\/ul><\/li><\/ul><\/nav><\/div>\n\n<\/div>\n\n\n<h2 class=\"wp-block-heading\"><span class=\"ez-toc-section\" id=\"Definition_Quest-ce_que_le_developpement_personnel\"><\/span>D\u00e9finition : Qu\u2019est-ce que le d\u00e9veloppement personnel ?<span class=\"ez-toc-section-end\"><\/span><\/h2>\n\n\n\n<p>Nous allons parler ici du d\u00e9veloppement personnel mais tout d&rsquo;abord sachez que celui-ci peut, en fonction des auteurs et cr\u00e9ateurs de m\u00e9thode, <strong>prendre plusieurs noms<\/strong> comme :<\/p>\n\n\n\n<ul class=\"wp-block-list\">\n<li>efficacit\u00e9 personnelle,<\/li>\n\n\n\n<li>croissante personnelle<\/li>\n\n\n\n<li>d\u00e9veloppement de soi,<\/li>\n\n\n\n<li>\u00e9panouissement de soi,<\/li>\n\n\n\n<li>\u00e9panouissement personnel,<\/li>\n\n\n\n<li>\u00e9volution personnelle,<\/li>\n\n\n\n<li>m\u00e9thode ou technique du mieux-\u00eatre,<\/li>\n\n\n\n<li><a href=\"https:\/\/www.agoracademie.com\/academie\/certification-coaching-formation-certifiante-coach-de-vie-specialise-en-developpement-personnel\">transformation de soi<\/a>\u2026<\/li>\n<\/ul>\n\n\n\n<!--more-->\n\n\n\n<p>D\u00e9velopp\u00e9 \u00e0 partir des ann\u00e9es 1950, ce courant de pens\u00e9e est <strong>issu de multiples influences<\/strong>.<\/p>\n\n\n\n<p>Ses m\u00e9thodes visent principalement \u00e0&nbsp;:<\/p>\n\n\n\n<ul class=\"wp-block-list\">\n<li>produire des modifications comportementales et cognitives pr\u00e9cises,<\/li>\n\n\n\n<li>conduire le sujet vers plus d&rsquo;autonomie et de mieux-\u00eatre,<\/li>\n\n\n\n<li>accro\u00eetre son potentiel, etc.,<\/li>\n<\/ul>\n\n\n\n<p>mais ne cherchent en aucun cas \u00e0 intervenir sur des pathologies lourdes.<\/p>\n\n\n\n<p>En effet, le d\u00e9veloppement personnel n&rsquo;est <strong>pas consid\u00e9r\u00e9 comme une psychoth\u00e9rapie<\/strong>.<\/p>\n\n\n\n<p>Cela, bien qu\u2019il en constitue l&rsquo;un des aspects.<\/p>\n\n\n\n<p>Notons qu&rsquo;une version destin\u00e9e \u00e0 l&rsquo;entreprise est maintenant propos\u00e9e principalement aux&nbsp;:<\/p>\n\n\n\n<ul class=\"wp-block-list\">\n<li>managers,<\/li>\n\n\n\n<li>cadres<\/li>\n\n\n\n<li>et dirigeants<\/li>\n<\/ul>\n\n\n\n<p>pour les aider \u00e0 <strong>d\u00e9velopper leurs potentiels et atteindre leurs objectifs<\/strong>.<\/p>\n\n\n\n<p>On parle alors de d\u00e9veloppement professionnel ou d\u2019efficacit\u00e9 professionnelle et l&rsquo;une des m\u00e9thodes les plus connues est le coaching.<\/p>\n\n\n\n<div class=\"wp-block-magic-content-box-content-box aligncenter magic-content-box-f47d43b6-04d4-4 magic-content-box-contentBox block-wrapper-background content-align-center\"><style>.magic-content-box-f47d43b6-04d4-4 .magic-content-box-content-wrapper{text-align:center;margin-top:30px;margin-bottom:30px}.magic-content-box-f47d43b6-04d4-4 .magic-content-box-section-header-wrapper{border-color:#ff201f}.magic-content-box-f47d43b6-04d4-4 .magic-content-box-mainheader-wrap{box-shadow:0px 6px 12px -10px #000;border-radius:5px;background-color:#fff}.magic-content-box-f47d43b6-04d4-4 .magic-content-box-section-wrapper{padding-top:30px;padding-right:30px;padding-bottom:30px;padding-left:30px;margin-top:0px;margin-right:0px;margin-bottom:0px;margin-left:0px}.magic-content-box-f47d43b6-04d4-4 .magic-content-box-section-head-wrap{text-align:center;padding-top:0px;padding-right:0px;padding-bottom:0px;margin-top:0px;margin-bottom:0px;padding-left:0px}.magic-content-box-f47d43b6-04d4-4 .magic-content-box-section-head-wrap .magic-content-box-title{color:#404040;font-size:32px;font-family:Default;padding-top:5px;padding-bottom:5px}.magic-content-box-f47d43b6-04d4-4 .magic-content-box-section-head-wrap .magic-content-box-subtitle{color:#6d6d6d;font-size:18px;font-family:Default;padding-top:5px;padding-bottom:5px}.magic-content-box-f47d43b6-04d4-4 .magic-content-box-title-dash{color:#ff201f}.magic-content-box-f47d43b6-04d4-4 .magic-content-box-block-button span{color:#fff;border-width:1px;font-size:16px;font-family:Default}.magic-content-box-f47d43b6-04d4-4 .magic-content-box-block-button .magic-content-box-button{background-color:#ff201f}.magic-content-box-f47d43b6-04d4-4 .magic-content-box-block-button i{color:#fff;font-size:13px}.magic-content-box-f47d43b6-04d4-4 .magic-content-box-block-button{margin-top:10px;margin-bottom:10px}.magic-content-box-f47d43b6-04d4-4 .magic-content-box-button{padding-top:5px;padding-right:15px;padding-bottom:5px;padding-left:15px}@media screen and (max-width:1025px){.magic-content-box-f47d43b6-04d4-4 .magic-content-box-section-head-wrap .magic-content-box-title{font-size:undefinedpx}.magic-content-box-f47d43b6-04d4-4 .magic-content-box-section-head-wrap .magic-content-box-subtitle{font-size:undefinedpx}.magic-content-box-f47d43b6-04d4-4 .magic-content-box-block-button span{font-size:undefinedpx}.magic-content-box-f47d43b6-04d4-4 .magic-content-box-block-button i{font-size:px}}@media screen and (max-width:767px){.magic-content-box-f47d43b6-04d4-4 .magic-content-box-section-head-wrap .magic-content-box-title{font-size:undefinedpx}.magic-content-box-f47d43b6-04d4-4 .magic-content-box-section-head-wrap .magic-content-box-subtitle{font-size:undefinedpx}.magic-content-box-f47d43b6-04d4-4 .magic-content-box-block-button span{font-size:undefinedpx}.magic-content-box-f47d43b6-04d4-4 .magic-content-box-block-button i{font-size:px}}<\/style><div class=\"content-wrapper-inner\"><div class=\"magic-content-box-content-wrapper magic-content-box-blocks has-background style-1\"><div class=\"content-img-wrap\"><img decoding=\"async\" src=\"https:\/\/www.agoracademie.com\/blog\/wp-content\/uploads\/2022\/01\/formation-coaching.jpg\" alt=\"Formation en ligne\" class=\"\"\/><\/div><div class=\"magic-content-box-section-wrapper magic-content-box-mainheader-wrap\"><div class=\"magic-content-box-section-header-wrapper magic-content-box-blocks\"><div class=\"magic-content-box-section-head-wrap magic-content-box-style1 magic-content-box-center\"><div class=\"magic-content-box-title-wrapper\"><span class=\"magic-content-box-title-dash magic-content-box-upper-dash\"><\/span><h4 class=\"magic-content-box-title\">Formations d\u00e9veloppement personnel<\/h4><span class=\"magic-content-box-title-dash magic-content-box-lower-dash\"><\/span><\/div><div class=\"magic-content-box-subtitle-wrapper\"><span class=\"magic-content-box-title-dash magic-content-box-upper-dash\"><\/span><p class=\"magic-content-box-subtitle\">En ligne &amp; \u00e0 distance<\/p><span class=\"magic-content-box-title-dash magic-content-box-lower-dash\"><\/span><\/div><\/div><\/div><div class=\"magic-content-box-desc-btn-wrap\"><div class=\"magic-content-box-block-button\"><a href=\"https:\/\/www.agoracademie.com\/academie\" class=\"magic-content-box-button magic-content-box-button-shape-rounded magic-content-box-button-size-small hover-style-1 btn-icon-left\"><span>Catalogue<\/span><\/a><\/div><\/div><\/div><\/div><\/div><\/div>\n\n\n\n<h3 class=\"wp-block-heading\"><span class=\"ez-toc-section\" id=\"Comment_developper_son_efficacite_professionnelle\"><\/span>Comment d\u00e9velopper son efficacit\u00e9 professionnelle ?<span class=\"ez-toc-section-end\"><\/span><\/h3>\n\n\n\n<p>Il existe de nombreux moyens de d\u00e9velopper son efficacit\u00e9 professionnelle et le n\u00f4tre est la formation et le <a href=\"https:\/\/www.agoracademie.com\/blog\/formation-coaching-en-ligne\/\">coaching<\/a>&nbsp;\u00e0 distance ou sur site.<\/p>\n\n\n\n<p>D\u00e9couvrez d\u00e8s maintenant nos formations et notre offre coaching afin de booster votre efficacit\u00e9 professionnelle.<\/p>\n\n\n\n<h3 class=\"wp-block-heading\"><span class=\"ez-toc-section\" id=\"Formation_Comment_se_former_a_distance_en_developpement_personnel\"><\/span>Formation : Comment se former \u00e0 distance en d\u00e9veloppement personnel ?<span class=\"ez-toc-section-end\"><\/span><\/h3>\n\n\n\n<p>Agoracad\u00e9mie est un centre d\u2019enseignement \u00e0 distance sp\u00e9cialis\u00e9 dans l\u2019efficacit\u00e9 professionnelle par la formation d\u00e9veloppement personnel.<\/p>\n\n\n\n<p><strong>L\u2019ensemble de nos programmes sont disponibles en version e-learning<\/strong>. <\/p>\n\n\n\n<p>Comme notre plate-forme en ligne est disponible&nbsp;24 heures sur 24&nbsp;et 7 jours sur 7,&nbsp;vous pouvez vous former \u00e0 votre rythme, \u00e0 domicile ou \u00e0 votre bureau, sur votre ordinateur, tablette ou mobile (sous certaines conditions).<\/p>\n\n\n\n<h4 class=\"wp-block-heading\">Agoracad\u00e9mie : qui sommes-nous ?<\/h4>\n\n\n\n<p><strong>Agoracad\u00e9mie a \u00e9t\u00e9 fond\u00e9 d\u00e9but 2010 par <a href=\"https:\/\/www.agoracademie.com\/accueil\/equipe\/laurent-bertrel\">Laurent Bertrel<\/a>.<\/strong><\/p>\n\n\n\n<p>Laurent est coach, formateur et auteur de nombreux ouvrages :<\/p>\n\n\n\n<ul class=\"wp-block-list\">\n<li>livres,<\/li>\n\n\n\n<li>cd,<\/li>\n\n\n\n<li>dvd.<\/li>\n<\/ul>\n\n\n\n<p>Notre \u00e9quipe est constitu\u00e9e de passionn\u00e9s.<\/p>\n\n\n\n<p>Ils sont disponibles d\u00e8s maintenant pour toute information compl\u00e9mentaire au sujet des nombreuses formations dispens\u00e9es.<\/p>\n","protected":false},"excerpt":{"rendered":"<p>D\u00e9finition : Qu\u2019est-ce que le d\u00e9veloppement personnel ? Nous allons parler ici du d\u00e9veloppement personnel mais tout d&rsquo;abord sachez que celui-ci peut, en fonction des auteurs et cr\u00e9ateurs de m\u00e9thode, prendre plusieurs noms comme :<\/p>\n","protected":false},"author":2,"featured_media":0,"comment_status":"open","ping_status":"closed","sticky":false,"template":"","format":"standard","meta":{"_bbp_topic_count":0,"_bbp_reply_count":0,"_bbp_total_topic_count":0,"_bbp_total_reply_count":0,"_bbp_voice_count":0,"_bbp_anonymous_reply_count":0,"_bbp_topic_count_hidden":0,"_bbp_reply_count_hidden":0,"_bbp_forum_subforum_count":0,"footnotes":""},"categories":[74],"tags":[],"class_list":["post-5305","post","type-post","status-publish","format-standard","hentry","category-dictionnaire-en-ligne"],"yoast_head":"<!-- This site is optimized with the Yoast SEO plugin v27.4 - https:\/\/yoast.com\/product\/yoast-seo-wordpress\/ -->\n<title>D\u00e9veloppement personnel, efficacit\u00e9 professionnelle Agoracad\u00e9mie<\/title>\n<meta name=\"description\" content=\"Comment se d\u00e9velopper personnellement et professionnellement ? Voici notre formation d\u00e9veloppement personnel et efficacit\u00e9 professionnelle.\" \/>\n<meta name=\"robots\" content=\"index, follow, max-snippet:-1, max-image-preview:large, max-video-preview:-1\" \/>\n<link rel=\"canonical\" href=\"https:\/\/www.agoracademie.com\/blog\/developpement-personnel-2\/\" \/>\n<meta property=\"og:locale\" content=\"fr_FR\" \/>\n<meta property=\"og:type\" content=\"article\" \/>\n<meta property=\"og:title\" content=\"D\u00e9veloppement personnel, efficacit\u00e9 professionnelle Agoracad\u00e9mie\" \/>\n<meta property=\"og:description\" content=\"Comment se d\u00e9velopper personnellement et professionnellement ? Voici notre formation d\u00e9veloppement personnel et efficacit\u00e9 professionnelle.\" \/>\n<meta property=\"og:url\" content=\"https:\/\/www.agoracademie.com\/blog\/developpement-personnel-2\/\" \/>\n<meta property=\"og:site_name\" content=\"Agoracad\u00e9mie\" \/>\n<meta property=\"article:published_time\" content=\"2018-09-04T14:35:32+00:00\" \/>\n<meta property=\"article:modified_time\" content=\"2025-07-12T14:35:11+00:00\" \/>\n<meta property=\"og:image\" content=\"https:\/\/www.agoracademie.com\/blog\/wp-content\/uploads\/2018\/09\/developpement-personnel.jpg\" \/>\n\t<meta property=\"og:image:width\" content=\"640\" \/>\n\t<meta property=\"og:image:height\" content=\"425\" \/>\n\t<meta property=\"og:image:type\" content=\"image\/jpeg\" \/>\n<meta name=\"author\" content=\"Laurent Bertrel\" \/>\n<meta name=\"twitter:label1\" content=\"\u00c9crit par\" \/>\n\t<meta name=\"twitter:data1\" content=\"Laurent Bertrel\" \/>\n\t<meta name=\"twitter:label2\" content=\"Dur\u00e9e de lecture estim\u00e9e\" \/>\n\t<meta name=\"twitter:data2\" content=\"3 minutes\" \/>\n<script type=\"application\/ld+json\" class=\"yoast-schema-graph\">{\"@context\":\"https:\\\/\\\/schema.org\",\"@graph\":[{\"@type\":\"Article\",\"@id\":\"https:\\\/\\\/www.agoracademie.com\\\/blog\\\/developpement-personnel-2\\\/#article\",\"isPartOf\":{\"@id\":\"https:\\\/\\\/www.agoracademie.com\\\/blog\\\/developpement-personnel-2\\\/\"},\"author\":{\"name\":\"Laurent Bertrel\",\"@id\":\"https:\\\/\\\/www.agoracademie.com\\\/blog\\\/#\\\/schema\\\/person\\\/c2f110c50be7dcecc05cb4e87f32537f\"},\"headline\":\"D\u00e9veloppement personnel &#038; efficacit\u00e9 professionnelle\",\"datePublished\":\"2018-09-04T14:35:32+00:00\",\"dateModified\":\"2025-07-12T14:35:11+00:00\",\"mainEntityOfPage\":{\"@id\":\"https:\\\/\\\/www.agoracademie.com\\\/blog\\\/developpement-personnel-2\\\/\"},\"wordCount\":387,\"commentCount\":0,\"image\":{\"@id\":\"https:\\\/\\\/www.agoracademie.com\\\/blog\\\/developpement-personnel-2\\\/#primaryimage\"},\"thumbnailUrl\":\"https:\\\/\\\/www.agoracademie.com\\\/blog\\\/wp-content\\\/uploads\\\/2018\\\/09\\\/developpement-personnel.jpg\",\"articleSection\":[\"Dictionnaire en ligne\"],\"inLanguage\":\"fr-FR\",\"potentialAction\":[{\"@type\":\"CommentAction\",\"name\":\"Comment\",\"target\":[\"https:\\\/\\\/www.agoracademie.com\\\/blog\\\/developpement-personnel-2\\\/#respond\"]}]},{\"@type\":\"WebPage\",\"@id\":\"https:\\\/\\\/www.agoracademie.com\\\/blog\\\/developpement-personnel-2\\\/\",\"url\":\"https:\\\/\\\/www.agoracademie.com\\\/blog\\\/developpement-personnel-2\\\/\",\"name\":\"D\u00e9veloppement personnel, efficacit\u00e9 professionnelle Agoracad\u00e9mie\",\"isPartOf\":{\"@id\":\"https:\\\/\\\/www.agoracademie.com\\\/blog\\\/#website\"},\"primaryImageOfPage\":{\"@id\":\"https:\\\/\\\/www.agoracademie.com\\\/blog\\\/developpement-personnel-2\\\/#primaryimage\"},\"image\":{\"@id\":\"https:\\\/\\\/www.agoracademie.com\\\/blog\\\/developpement-personnel-2\\\/#primaryimage\"},\"thumbnailUrl\":\"https:\\\/\\\/www.agoracademie.com\\\/blog\\\/wp-content\\\/uploads\\\/2018\\\/09\\\/developpement-personnel.jpg\",\"datePublished\":\"2018-09-04T14:35:32+00:00\",\"dateModified\":\"2025-07-12T14:35:11+00:00\",\"author\":{\"@id\":\"https:\\\/\\\/www.agoracademie.com\\\/blog\\\/#\\\/schema\\\/person\\\/c2f110c50be7dcecc05cb4e87f32537f\"},\"description\":\"Comment se d\u00e9velopper personnellement et professionnellement ? Voici notre formation d\u00e9veloppement personnel et efficacit\u00e9 professionnelle.\",\"breadcrumb\":{\"@id\":\"https:\\\/\\\/www.agoracademie.com\\\/blog\\\/developpement-personnel-2\\\/#breadcrumb\"},\"inLanguage\":\"fr-FR\",\"potentialAction\":[{\"@type\":\"ReadAction\",\"target\":[\"https:\\\/\\\/www.agoracademie.com\\\/blog\\\/developpement-personnel-2\\\/\"]}]},{\"@type\":\"ImageObject\",\"inLanguage\":\"fr-FR\",\"@id\":\"https:\\\/\\\/www.agoracademie.com\\\/blog\\\/developpement-personnel-2\\\/#primaryimage\",\"url\":\"https:\\\/\\\/www.agoracademie.com\\\/blog\\\/wp-content\\\/uploads\\\/2018\\\/09\\\/developpement-personnel.jpg\",\"contentUrl\":\"https:\\\/\\\/www.agoracademie.com\\\/blog\\\/wp-content\\\/uploads\\\/2018\\\/09\\\/developpement-personnel.jpg\",\"width\":640,\"height\":425,\"caption\":\"D\u00e9veloppement personnel\"},{\"@type\":\"BreadcrumbList\",\"@id\":\"https:\\\/\\\/www.agoracademie.com\\\/blog\\\/developpement-personnel-2\\\/#breadcrumb\",\"itemListElement\":[{\"@type\":\"ListItem\",\"position\":1,\"name\":\"Accueil\",\"item\":\"https:\\\/\\\/www.agoracademie.com\\\/blog\\\/\"},{\"@type\":\"ListItem\",\"position\":2,\"name\":\"D\u00e9veloppement personnel &#038; efficacit\u00e9 professionnelle\"}]},{\"@type\":\"WebSite\",\"@id\":\"https:\\\/\\\/www.agoracademie.com\\\/blog\\\/#website\",\"url\":\"https:\\\/\\\/www.agoracademie.com\\\/blog\\\/\",\"name\":\"Blog Agoracad\u00e9mie - Centre de formation en ligne et \u00e0 distance\",\"description\":\"Le blog du d\u00e9veloppement personnel et des th\u00e9rapies\",\"potentialAction\":[{\"@type\":\"SearchAction\",\"target\":{\"@type\":\"EntryPoint\",\"urlTemplate\":\"https:\\\/\\\/www.agoracademie.com\\\/blog\\\/?s={search_term_string}\"},\"query-input\":{\"@type\":\"PropertyValueSpecification\",\"valueRequired\":true,\"valueName\":\"search_term_string\"}}],\"inLanguage\":\"fr-FR\"},{\"@type\":\"Person\",\"@id\":\"https:\\\/\\\/www.agoracademie.com\\\/blog\\\/#\\\/schema\\\/person\\\/c2f110c50be7dcecc05cb4e87f32537f\",\"name\":\"Laurent Bertrel\",\"image\":{\"@type\":\"ImageObject\",\"inLanguage\":\"fr-FR\",\"@id\":\"https:\\\/\\\/secure.gravatar.com\\\/avatar\\\/45841390e6db2f4064cc5f84ee39189cf562b1de36eb5b1b7cc82dee445813a4?s=96&r=g\",\"url\":\"https:\\\/\\\/secure.gravatar.com\\\/avatar\\\/45841390e6db2f4064cc5f84ee39189cf562b1de36eb5b1b7cc82dee445813a4?s=96&r=g\",\"contentUrl\":\"https:\\\/\\\/secure.gravatar.com\\\/avatar\\\/45841390e6db2f4064cc5f84ee39189cf562b1de36eb5b1b7cc82dee445813a4?s=96&r=g\",\"caption\":\"Laurent Bertrel\"},\"description\":\"Laurent Bertrel est le fondateur d'Agoracad\u00e9mie. Titulaire d'une licence en sciences humaines et sociales, d'une ma\u00eetrise et d'un master en psychanalyse, d'un master en \u00e9tudes culturelles parcours \u00e9tudes de genre, du DU connaissances g\u00e9n\u00e9rales de la personne \u00e2g\u00e9e, il est aussi form\u00e9 \u00e0 diff\u00e9rentes approches dont la PNL, la sophrologie, la relaxation, l'hypnose, le coaching, la m\u00e9ditation, les arts martiaux, etc. Auteur de plus de 40 ouvrages, dont 18 livres, il anime plusieurs formations sur Agoracad\u00e9mie et r\u00e9pondra au message que vous allez laisser ci-dessous.\",\"sameAs\":[\"https:\\\/\\\/www.agoracademie.com\\\/\"]}]}<\/script>\n<!-- \/ Yoast SEO plugin. -->","yoast_head_json":{"title":"D\u00e9veloppement personnel, efficacit\u00e9 professionnelle Agoracad\u00e9mie","description":"Comment se d\u00e9velopper personnellement et professionnellement ? Voici notre formation d\u00e9veloppement personnel et efficacit\u00e9 professionnelle.","robots":{"index":"index","follow":"follow","max-snippet":"max-snippet:-1","max-image-preview":"max-image-preview:large","max-video-preview":"max-video-preview:-1"},"canonical":"https:\/\/www.agoracademie.com\/blog\/developpement-personnel-2\/","og_locale":"fr_FR","og_type":"article","og_title":"D\u00e9veloppement personnel, efficacit\u00e9 professionnelle Agoracad\u00e9mie","og_description":"Comment se d\u00e9velopper personnellement et professionnellement ? Voici notre formation d\u00e9veloppement personnel et efficacit\u00e9 professionnelle.","og_url":"https:\/\/www.agoracademie.com\/blog\/developpement-personnel-2\/","og_site_name":"Agoracad\u00e9mie","article_published_time":"2018-09-04T14:35:32+00:00","article_modified_time":"2025-07-12T14:35:11+00:00","og_image":[{"width":640,"height":425,"url":"https:\/\/www.agoracademie.com\/blog\/wp-content\/uploads\/2018\/09\/developpement-personnel.jpg","type":"image\/jpeg"}],"author":"Laurent Bertrel","twitter_misc":{"\u00c9crit par":"Laurent Bertrel","Dur\u00e9e de lecture estim\u00e9e":"3 minutes"},"schema":{"@context":"https:\/\/schema.org","@graph":[{"@type":"Article","@id":"https:\/\/www.agoracademie.com\/blog\/developpement-personnel-2\/#article","isPartOf":{"@id":"https:\/\/www.agoracademie.com\/blog\/developpement-personnel-2\/"},"author":{"name":"Laurent Bertrel","@id":"https:\/\/www.agoracademie.com\/blog\/#\/schema\/person\/c2f110c50be7dcecc05cb4e87f32537f"},"headline":"D\u00e9veloppement personnel &#038; efficacit\u00e9 professionnelle","datePublished":"2018-09-04T14:35:32+00:00","dateModified":"2025-07-12T14:35:11+00:00","mainEntityOfPage":{"@id":"https:\/\/www.agoracademie.com\/blog\/developpement-personnel-2\/"},"wordCount":387,"commentCount":0,"image":{"@id":"https:\/\/www.agoracademie.com\/blog\/developpement-personnel-2\/#primaryimage"},"thumbnailUrl":"https:\/\/www.agoracademie.com\/blog\/wp-content\/uploads\/2018\/09\/developpement-personnel.jpg","articleSection":["Dictionnaire en ligne"],"inLanguage":"fr-FR","potentialAction":[{"@type":"CommentAction","name":"Comment","target":["https:\/\/www.agoracademie.com\/blog\/developpement-personnel-2\/#respond"]}]},{"@type":"WebPage","@id":"https:\/\/www.agoracademie.com\/blog\/developpement-personnel-2\/","url":"https:\/\/www.agoracademie.com\/blog\/developpement-personnel-2\/","name":"D\u00e9veloppement personnel, efficacit\u00e9 professionnelle Agoracad\u00e9mie","isPartOf":{"@id":"https:\/\/www.agoracademie.com\/blog\/#website"},"primaryImageOfPage":{"@id":"https:\/\/www.agoracademie.com\/blog\/developpement-personnel-2\/#primaryimage"},"image":{"@id":"https:\/\/www.agoracademie.com\/blog\/developpement-personnel-2\/#primaryimage"},"thumbnailUrl":"https:\/\/www.agoracademie.com\/blog\/wp-content\/uploads\/2018\/09\/developpement-personnel.jpg","datePublished":"2018-09-04T14:35:32+00:00","dateModified":"2025-07-12T14:35:11+00:00","author":{"@id":"https:\/\/www.agoracademie.com\/blog\/#\/schema\/person\/c2f110c50be7dcecc05cb4e87f32537f"},"description":"Comment se d\u00e9velopper personnellement et professionnellement ? Voici notre formation d\u00e9veloppement personnel et efficacit\u00e9 professionnelle.","breadcrumb":{"@id":"https:\/\/www.agoracademie.com\/blog\/developpement-personnel-2\/#breadcrumb"},"inLanguage":"fr-FR","potentialAction":[{"@type":"ReadAction","target":["https:\/\/www.agoracademie.com\/blog\/developpement-personnel-2\/"]}]},{"@type":"ImageObject","inLanguage":"fr-FR","@id":"https:\/\/www.agoracademie.com\/blog\/developpement-personnel-2\/#primaryimage","url":"https:\/\/www.agoracademie.com\/blog\/wp-content\/uploads\/2018\/09\/developpement-personnel.jpg","contentUrl":"https:\/\/www.agoracademie.com\/blog\/wp-content\/uploads\/2018\/09\/developpement-personnel.jpg","width":640,"height":425,"caption":"D\u00e9veloppement personnel"},{"@type":"BreadcrumbList","@id":"https:\/\/www.agoracademie.com\/blog\/developpement-personnel-2\/#breadcrumb","itemListElement":[{"@type":"ListItem","position":1,"name":"Accueil","item":"https:\/\/www.agoracademie.com\/blog\/"},{"@type":"ListItem","position":2,"name":"D\u00e9veloppement personnel &#038; efficacit\u00e9 professionnelle"}]},{"@type":"WebSite","@id":"https:\/\/www.agoracademie.com\/blog\/#website","url":"https:\/\/www.agoracademie.com\/blog\/","name":"Blog Agoracad\u00e9mie - Centre de formation en ligne et \u00e0 distance","description":"Le blog du d\u00e9veloppement personnel et des th\u00e9rapies","potentialAction":[{"@type":"SearchAction","target":{"@type":"EntryPoint","urlTemplate":"https:\/\/www.agoracademie.com\/blog\/?s={search_term_string}"},"query-input":{"@type":"PropertyValueSpecification","valueRequired":true,"valueName":"search_term_string"}}],"inLanguage":"fr-FR"},{"@type":"Person","@id":"https:\/\/www.agoracademie.com\/blog\/#\/schema\/person\/c2f110c50be7dcecc05cb4e87f32537f","name":"Laurent Bertrel","image":{"@type":"ImageObject","inLanguage":"fr-FR","@id":"https:\/\/secure.gravatar.com\/avatar\/45841390e6db2f4064cc5f84ee39189cf562b1de36eb5b1b7cc82dee445813a4?s=96&r=g","url":"https:\/\/secure.gravatar.com\/avatar\/45841390e6db2f4064cc5f84ee39189cf562b1de36eb5b1b7cc82dee445813a4?s=96&r=g","contentUrl":"https:\/\/secure.gravatar.com\/avatar\/45841390e6db2f4064cc5f84ee39189cf562b1de36eb5b1b7cc82dee445813a4?s=96&r=g","caption":"Laurent Bertrel"},"description":"Laurent Bertrel est le fondateur d'Agoracad\u00e9mie. Titulaire d'une licence en sciences humaines et sociales, d'une ma\u00eetrise et d'un master en psychanalyse, d'un master en \u00e9tudes culturelles parcours \u00e9tudes de genre, du DU connaissances g\u00e9n\u00e9rales de la personne \u00e2g\u00e9e, il est aussi form\u00e9 \u00e0 diff\u00e9rentes approches dont la PNL, la sophrologie, la relaxation, l'hypnose, le coaching, la m\u00e9ditation, les arts martiaux, etc. Auteur de plus de 40 ouvrages, dont 18 livres, il anime plusieurs formations sur Agoracad\u00e9mie et r\u00e9pondra au message que vous allez laisser ci-dessous.","sameAs":["https:\/\/www.agoracademie.com\/"]}]}},"acf":[],"_links":{"self":[{"href":"https:\/\/www.agoracademie.com\/blog\/wp-json\/wp\/v2\/posts\/5305","targetHints":{"allow":["GET"]}}],"collection":[{"href":"https:\/\/www.agoracademie.com\/blog\/wp-json\/wp\/v2\/posts"}],"about":[{"href":"https:\/\/www.agoracademie.com\/blog\/wp-json\/wp\/v2\/types\/post"}],"author":[{"embeddable":true,"href":"https:\/\/www.agoracademie.com\/blog\/wp-json\/wp\/v2\/users\/2"}],"replies":[{"embeddable":true,"href":"https:\/\/www.agoracademie.com\/blog\/wp-json\/wp\/v2\/comments?post=5305"}],"version-history":[{"count":10,"href":"https:\/\/www.agoracademie.com\/blog\/wp-json\/wp\/v2\/posts\/5305\/revisions"}],"predecessor-version":[{"id":22049,"href":"https:\/\/www.agoracademie.com\/blog\/wp-json\/wp\/v2\/posts\/5305\/revisions\/22049"}],"wp:attachment":[{"href":"https:\/\/www.agoracademie.com\/blog\/wp-json\/wp\/v2\/media?parent=5305"}],"wp:term":[{"taxonomy":"category","embeddable":true,"href":"https:\/\/www.agoracademie.com\/blog\/wp-json\/wp\/v2\/categories?post=5305"},{"taxonomy":"post_tag","embeddable":true,"href":"https:\/\/www.agoracademie.com\/blog\/wp-json\/wp\/v2\/tags?post=5305"}],"curies":[{"name":"wp","href":"https:\/\/api.w.org\/{rel}","templated":true}]}}