{"id":5444,"date":"2015-06-30T15:42:08","date_gmt":"2015-06-30T15:42:08","guid":{"rendered":"http:\/\/agoracademie.com\/blog\/?p=5444"},"modified":"2025-07-13T14:41:35","modified_gmt":"2025-07-13T12:41:35","slug":"universite-populaire-du-developpement-personnel","status":"publish","type":"post","link":"https:\/\/www.agoracademie.com\/blog\/universite-populaire-du-developpement-personnel\/","title":{"rendered":"L\u2019universit\u00e9 populaire du d\u00e9veloppement personnel"},"content":{"rendered":"<div class=\"wp-block-image\">\n<figure class=\"aligncenter size-full\"><img loading=\"lazy\" decoding=\"async\" width=\"640\" height=\"426\" src=\"https:\/\/www.agoracademie.com\/blog\/wp-content\/uploads\/2021\/08\/universite-populaire-du-developpement-personnel.jpg\" alt=\"Universit\u00e9 populaire du d\u00e9veloppement personnel\" class=\"wp-image-16747\" srcset=\"https:\/\/www.agoracademie.com\/blog\/wp-content\/uploads\/2021\/08\/universite-populaire-du-developpement-personnel.jpg 640w, https:\/\/www.agoracademie.com\/blog\/wp-content\/uploads\/2021\/08\/universite-populaire-du-developpement-personnel-300x200.jpg 300w\" sizes=\"auto, (max-width: 640px) 100vw, 640px\" \/><\/figure><div id=\"ez-toc-container\" class=\"ez-toc-v2_0_82_2 ez-toc-wrap-center counter-hierarchy ez-toc-counter ez-toc-transparent ez-toc-container-direction\">\n<div class=\"ez-toc-title-container\">\n<p class=\"ez-toc-title\" style=\"cursor:inherit\">Sommaire<\/p>\n<span class=\"ez-toc-title-toggle\"><a href=\"#\" class=\"ez-toc-pull-right ez-toc-btn ez-toc-btn-xs ez-toc-btn-default ez-toc-toggle\" aria-label=\"Toggle Table of Content\"><span class=\"ez-toc-js-icon-con\"><span class=\"\"><span class=\"eztoc-hide\" style=\"display:none;\">Toggle<\/span><span class=\"ez-toc-icon-toggle-span\"><svg style=\"fill: #999;color:#999\" xmlns=\"http:\/\/www.w3.org\/2000\/svg\" class=\"list-377408\" width=\"20px\" height=\"20px\" viewBox=\"0 0 24 24\" fill=\"none\"><path d=\"M6 6H4v2h2V6zm14 0H8v2h12V6zM4 11h2v2H4v-2zm16 0H8v2h12v-2zM4 16h2v2H4v-2zm16 0H8v2h12v-2z\" fill=\"currentColor\"><\/path><\/svg><svg style=\"fill: #999;color:#999\" class=\"arrow-unsorted-368013\" xmlns=\"http:\/\/www.w3.org\/2000\/svg\" width=\"10px\" height=\"10px\" viewBox=\"0 0 24 24\" version=\"1.2\" baseProfile=\"tiny\"><path d=\"M18.2 9.3l-6.2-6.3-6.2 6.3c-.2.2-.3.4-.3.7s.1.5.3.7c.2.2.4.3.7.3h11c.3 0 .5-.1.7-.3.2-.2.3-.5.3-.7s-.1-.5-.3-.7zM5.8 14.7l6.2 6.3 6.2-6.3c.2-.2.3-.5.3-.7s-.1-.5-.3-.7c-.2-.2-.4-.3-.7-.3h-11c-.3 0-.5.1-.7.3-.2.2-.3.5-.3.7s.1.5.3.7z\"\/><\/svg><\/span><\/span><\/span><\/a><\/span><\/div>\n<nav><ul class='ez-toc-list ez-toc-list-level-1 ' ><li class='ez-toc-page-1 ez-toc-heading-level-2'><a class=\"ez-toc-link ez-toc-heading-1\" href=\"https:\/\/www.agoracademie.com\/blog\/universite-populaire-du-developpement-personnel\/#Luniversite_populaire_du_developpement_personnel_la_decouverte_dune_belle_idee\" >L\u2019universit\u00e9 populaire du d\u00e9veloppement personnel : la d\u00e9couverte d&rsquo;une belle id\u00e9e<\/a><ul class='ez-toc-list-level-3' ><li class='ez-toc-heading-level-3'><a class=\"ez-toc-link ez-toc-heading-2\" href=\"https:\/\/www.agoracademie.com\/blog\/universite-populaire-du-developpement-personnel\/#La_creation_de_%C2%AB_Fac_Pop_%C2%BB_ou_universite_populaire_du_developpement_personnel\" >La cr\u00e9ation de \u00ab\u00a0Fac Pop\u00a0\u00bb ou universit\u00e9 populaire du d\u00e9veloppement personnel :&nbsp;<\/a><\/li><li class='ez-toc-page-1 ez-toc-heading-level-3'><a class=\"ez-toc-link ez-toc-heading-3\" href=\"https:\/\/www.agoracademie.com\/blog\/universite-populaire-du-developpement-personnel\/#Sortir_de_lecole_pour_mieux_apprendre\" >Sortir de l&rsquo;\u00e9cole pour mieux apprendre<\/a><\/li><li class='ez-toc-page-1 ez-toc-heading-level-3'><a class=\"ez-toc-link ez-toc-heading-4\" href=\"https:\/\/www.agoracademie.com\/blog\/universite-populaire-du-developpement-personnel\/#Enseigner_cest_apprendre\" >Enseigner c\u2019est apprendre<\/a><\/li><li class='ez-toc-page-1 ez-toc-heading-level-3'><a class=\"ez-toc-link ez-toc-heading-5\" href=\"https:\/\/www.agoracademie.com\/blog\/universite-populaire-du-developpement-personnel\/#Levolution\" >L\u2019\u00e9volution<\/a><\/li><\/ul><\/li><\/ul><\/nav><\/div>\n\n<\/div>\n\n\n<h2 class=\"wp-block-heading\"><span class=\"ez-toc-section\" id=\"Luniversite_populaire_du_developpement_personnel_la_decouverte_dune_belle_idee\"><\/span>L\u2019universit\u00e9 populaire du d\u00e9veloppement personnel : la d\u00e9couverte d&rsquo;une belle id\u00e9e<span class=\"ez-toc-section-end\"><\/span><\/h2>\n\n\n\n<p>J\u2019ai d\u00e9couvert ce principe d\u2019universit\u00e9 populaire par l\u2019interm\u00e9diaire de l\u2019auteur philosophe m\u00e9diatique et efficace Michel Onfray. <\/p>\n\n\n\n<p>Je n\u2019ai pas la chance d\u2019habiter Caen et de suivre en direct les cours magistraux de cette fac particuli\u00e8re.<\/p>\n\n\n\n<!--more-->\n\n\n\n<p>Mais c\u2019est en d\u00e9couvrant certains cours en vid\u00e9o (sur YouTube) et \u00e0 la radio (sur France Culture) que j\u2019ai r\u00e9alis\u00e9 le potentiel \u00e9norme d\u2019un tel partage de savoir sans pr\u00e9requis ni limite d\u2019acc\u00e8s.<\/p>\n\n\n\n<p>Alors merci \u00e0 lui d\u2019avoir relanc\u00e9 cette id\u00e9e g\u00e9n\u00e9reuse et cette initiative salutaire que je vais reprendre ici, \u00e0 ma mani\u00e8re et humblement.<\/p>\n\n\n\n<h3 class=\"wp-block-heading\"><span class=\"ez-toc-section\" id=\"La_creation_de_%C2%AB_Fac_Pop_%C2%BB_ou_universite_populaire_du_developpement_personnel\"><\/span>La cr\u00e9ation de \u00ab\u00a0Fac Pop\u00a0\u00bb ou universit\u00e9 populaire du d\u00e9veloppement personnel :&nbsp;<span class=\"ez-toc-section-end\"><\/span><\/h3>\n\n\n<div class=\"wp-block-image\">\n<figure class=\"alignright\"><img loading=\"lazy\" decoding=\"async\" width=\"150\" height=\"150\" src=\"https:\/\/www.agoracademie.com\/blog\/wp-content\/uploads\/2018\/09\/universite-populaire-du-developpement-personnel-150x150.jpg\" alt=\"Universit\u00e9 populaire du d\u00e9veloppement personnel France\" class=\"wp-image-5445\"\/><\/figure>\n<\/div>\n\n\n<p>Le savoir n\u2019appartient \u00e0 personne et tout le monde peut donc en b\u00e9n\u00e9ficier pour se d\u00e9velopper :<\/p>\n\n\n\n<ul class=\"wp-block-list\">\n<li>personnellement,<\/li>\n\n\n\n<li>professionnellement,<\/li>\n\n\n\n<li>affectivement,<\/li>\n\n\n\n<li>humainement,<\/li>\n\n\n\n<li>spirituellement&#8230;<\/li>\n<\/ul>\n\n\n\n<p>En th\u00e9orie, sur le papier, c\u2019est vrai. <\/p>\n\n\n\n<p>En pratique, si l\u2019on est exclu du syst\u00e8me classique (coll\u00e8ge &#8211; lyc\u00e9e &#8211; fac), c\u2019est faux.<\/p>\n\n\n\n<p>Ou du moins cela devient beaucoup plus difficile\u2026 un vrai parcours du combattant.<\/p>\n\n\n\n<p>Cela a \u00e9t\u00e9 mon cas.<\/p>\n\n\n\n<p>J\u2019ai quitt\u00e9 l\u2019\u00e9cole en troisi\u00e8me apr\u00e8s une scolarit\u00e9 p\u00e9nible me laissant pendant longtemps un go\u00fbt amer dans la bouche.<\/p>\n\n\n\n<p>Certes, j\u2019ai bien appris quelques trucs :<\/p>\n\n\n\n<ul class=\"wp-block-list\">\n<li>entre deux tirages d\u2019oreille et de cheveux,<\/li>\n\n\n\n<li>entre les coups de r\u00e8gle sur les doigts et les bouts de craie jet\u00e9s \u00e0 la t\u00eate,<\/li>\n\n\n\n<li>entre la d\u00e9couverte du fameux coin m\u2019indiquant une voie sans issue et les visites au proviseur me confirmant que je n\u2019arriverai jamais \u00e0 rien,<\/li>\n\n\n\n<li>entre les punitions \u00e0 r\u00e9p\u00e9tition, les brimades et les moqueries sarcastiques, voire sadiques, des instits profitant du grand pouvoir qu\u2019ils avaient sur le petit enfant que j\u2019\u00e9tais\u2026<\/li>\n<\/ul>\n\n\n\n<p>Mais \u00e0 quel prix&nbsp;?!<\/p>\n\n\n\n<div class=\"wp-block-magic-content-box-content-box aligncenter magic-content-box-829cbf3d-078b-4 magic-content-box-contentBox block-wrapper-background content-align-center\"><style>.magic-content-box-829cbf3d-078b-4 .magic-content-box-content-wrapper{text-align:center;margin-top:30px;margin-bottom:30px}.magic-content-box-829cbf3d-078b-4 .magic-content-box-section-header-wrapper{border-color:#ff201f}.magic-content-box-829cbf3d-078b-4 .magic-content-box-mainheader-wrap{box-shadow:0px 6px 12px -10px #000;border-radius:5px;background-color:#fff}.magic-content-box-829cbf3d-078b-4 .magic-content-box-section-wrapper{padding-top:30px;padding-right:30px;padding-bottom:30px;padding-left:30px;margin-top:0px;margin-right:0px;margin-bottom:0px;margin-left:0px}.magic-content-box-829cbf3d-078b-4 .magic-content-box-section-head-wrap{text-align:center;padding-top:0px;padding-right:0px;padding-bottom:0px;margin-top:0px;margin-bottom:0px;padding-left:0px}.magic-content-box-829cbf3d-078b-4 .magic-content-box-section-head-wrap .magic-content-box-title{color:#404040;font-size:32px;font-family:Default;padding-top:5px;padding-bottom:5px}.magic-content-box-829cbf3d-078b-4 .magic-content-box-section-head-wrap .magic-content-box-subtitle{color:#6d6d6d;font-size:18px;font-family:Default;padding-top:5px;padding-bottom:5px}.magic-content-box-829cbf3d-078b-4 .magic-content-box-title-dash{color:#ff201f}.magic-content-box-829cbf3d-078b-4 .magic-content-box-block-button span{color:#fff;border-width:1px;font-size:16px;font-family:Default}.magic-content-box-829cbf3d-078b-4 .magic-content-box-block-button .magic-content-box-button{background-color:#ff201f}.magic-content-box-829cbf3d-078b-4 .magic-content-box-block-button i{color:#fff;font-size:13px}.magic-content-box-829cbf3d-078b-4 .magic-content-box-block-button{margin-top:10px;margin-bottom:10px}.magic-content-box-829cbf3d-078b-4 .magic-content-box-button{padding-top:5px;padding-right:15px;padding-bottom:5px;padding-left:15px}@media screen and (max-width:1025px){.magic-content-box-829cbf3d-078b-4 .magic-content-box-section-head-wrap .magic-content-box-title{font-size:undefinedpx}.magic-content-box-829cbf3d-078b-4 .magic-content-box-section-head-wrap .magic-content-box-subtitle{font-size:undefinedpx}.magic-content-box-829cbf3d-078b-4 .magic-content-box-block-button span{font-size:undefinedpx}.magic-content-box-829cbf3d-078b-4 .magic-content-box-block-button i{font-size:px}}@media screen and (max-width:767px){.magic-content-box-829cbf3d-078b-4 .magic-content-box-section-head-wrap .magic-content-box-title{font-size:undefinedpx}.magic-content-box-829cbf3d-078b-4 .magic-content-box-section-head-wrap .magic-content-box-subtitle{font-size:undefinedpx}.magic-content-box-829cbf3d-078b-4 .magic-content-box-block-button span{font-size:undefinedpx}.magic-content-box-829cbf3d-078b-4 .magic-content-box-block-button i{font-size:px}}<\/style><div class=\"content-wrapper-inner\"><div class=\"magic-content-box-content-wrapper magic-content-box-blocks has-background style-1\"><div class=\"content-img-wrap\"><img decoding=\"async\" src=\"https:\/\/www.agoracademie.com\/blog\/wp-content\/uploads\/2022\/01\/formation-coaching.jpg\" alt=\"Formation en ligne\" class=\"\"\/><\/div><div class=\"magic-content-box-section-wrapper magic-content-box-mainheader-wrap\"><div class=\"magic-content-box-section-header-wrapper magic-content-box-blocks\"><div class=\"magic-content-box-section-head-wrap magic-content-box-style1 magic-content-box-center\"><div class=\"magic-content-box-title-wrapper\"><span class=\"magic-content-box-title-dash magic-content-box-upper-dash\"><\/span><h4 class=\"magic-content-box-title\">Formation d\u00e9veloppement personnel<\/h4><span class=\"magic-content-box-title-dash magic-content-box-lower-dash\"><\/span><\/div><div class=\"magic-content-box-subtitle-wrapper\"><span class=\"magic-content-box-title-dash magic-content-box-upper-dash\"><\/span><p class=\"magic-content-box-subtitle\">en ligne &amp; \u00e0 distance<\/p><span class=\"magic-content-box-title-dash magic-content-box-lower-dash\"><\/span><\/div><\/div><\/div><div class=\"magic-content-box-desc-btn-wrap\"><div class=\"magic-content-box-block-button\"><a href=\"https:\/\/www.agoracademie.com\/academie\" class=\"magic-content-box-button magic-content-box-button-shape-rounded magic-content-box-button-size-small hover-style-1 btn-icon-left\"><span>Choisissez votre programme !<\/span><\/a><\/div><\/div><\/div><\/div><\/div><\/div>\n\n\n\n<h3 class=\"wp-block-heading\"><span class=\"ez-toc-section\" id=\"Sortir_de_lecole_pour_mieux_apprendre\"><\/span>Sortir de l&rsquo;\u00e9cole pour mieux apprendre<span class=\"ez-toc-section-end\"><\/span><\/h3>\n\n\n\n<p>C\u2019est ainsi que je suis sorti de l\u2019\u00e9cole sans savoir vraiment lire et \u00e9crire mais, et c\u2019est encore plus grave, <strong>sans avoir appris \u00e0 aimer apprendre<\/strong>.<\/p>\n\n\n\n<p>Je dois mon salut (non le mot n\u2019est pas trop fort\u2026) au d\u00e9veloppement personnel. <\/p>\n\n\n\n<p>C\u2019est lui qui m\u2019a :<\/p>\n\n\n\n<ul class=\"wp-block-list\">\n<li>aid\u00e9 \u00e0 reprendre confiance en l\u2019autre, puis en moi et inversement. <\/li>\n\n\n\n<li>permis de prendre conscience qu\u2019apprendre est une chose merveilleuse \u00e0 vivre et \u00e0 partager. <\/li>\n<\/ul>\n\n\n\n<p>Car si j\u2019enseigne aujourd\u2019hui cette discipline, c\u2019est dans le but d\u2019apprendre encore et toujours. <\/p>\n\n\n\n<h3 class=\"wp-block-heading\"><span class=\"ez-toc-section\" id=\"Enseigner_cest_apprendre\"><\/span><strong>Enseigner c\u2019est apprendre<\/strong><span class=\"ez-toc-section-end\"><\/span><\/h3>\n\n\n\n<p>C\u2019est aussi prendre le temps et le donner sans rien attendre en retour.<\/p>\n\n\n\n<p>C\u2019est pourquoi j\u2019ai d\u00e9cid\u00e9 de mettre en place cette tr\u00e8s modeste contribution \u00e0 ce que je nomme pompeusement l\u2019<strong>universit\u00e9 populaire du d\u00e9veloppement personnel<\/strong> et plus famili\u00e8rement la \u00ab\u00a0<strong>Fac Pop<\/strong>\u00ab\u00a0.<\/p>\n\n\n\n<p>Tout ce que vous allez trouver ici, dans cette section du <a href=\"https:\/\/www.agoracademie.com\/blog\/\">blog<\/a>, est gratuit et je vous invite bien entendu \u00e0 le partager aussi gratuitement.<\/p>\n\n\n\n<p>Ce que vous allez trouver ailleurs sur ce site est parfois payant &#8211; il faut aussi que je vive et les autres formateurs aussi &#8211; mais le prix est calcul\u00e9 au plus juste, pour ne pas p\u00e9naliser celles et ceux qui n\u2019ont aucun budget pour se former. <\/p>\n\n\n\n<p>Mais si vous n\u2019avez vraiment aucunes ressources financi\u00e8res, n\u2019h\u00e9sitez pas \u00e0 me contacter, nous trouverons bien une solution&nbsp;\ud83d\ude09<\/p>\n\n\n\n<h3 class=\"wp-block-heading\"><span class=\"ez-toc-section\" id=\"Levolution\"><\/span>L\u2019\u00e9volution<span class=\"ez-toc-section-end\"><\/span><\/h3>\n\n\n\n<p>Je propose aujourd\u2019hui de d\u00e9couvrir en ligne :<\/p>\n\n\n\n<ul class=\"wp-block-list\">\n<li>les premi\u00e8res fiches techniques<\/li>\n\n\n\n<li>ainsi qu\u2019un dictionnaire du d\u00e9veloppement personnel et des th\u00e9rapies.<\/li>\n<\/ul>\n\n\n\n<p>J\u2019esp\u00e8re proposer tr\u00e8s vite des formations en ligne, notamment en gestion du stress et des \u00e9motions ainsi qu\u2019en communication interpersonnelle, et d\u2019autres outils (au d\u00e9tour d&rsquo;un livre, d&rsquo;un documentaire ou encore d&rsquo;un film&#8230;) permettant \u00e0 chacun de se former \u00e0 son rythme et selon son propre objectif.<\/p>\n\n\n\n<p>Notez que je donne aussi des cours d\u2019art martiaux gratuitement, dans le cadre de l\u2019organisation Freeway Alliance, avec cette m\u00eame id\u00e9e d\u2019apprendre pour am\u00e9liorer mon quotidien et par ricochet le v\u00f4tre.<\/p>\n\n\n\n<p>Alors si :<\/p>\n\n\n\n<ul class=\"wp-block-list\">\n<li>l\u2019aventure d&rsquo;une universit\u00e9 populaire du <a href=\"https:\/\/www.agoracademie.com\/blog\/developpement-personnel-2\/\">d\u00e9veloppement personnel<\/a> vous pla\u00eet,<\/li>\n\n\n\n<li>vous souhaitez que nous r\u00e9alisions un petit bout de chemin ensemble,<\/li>\n<\/ul>\n\n\n\n<p>revenez ici de temps en temps pour y d\u00e9couvrir les nouveaut\u00e9s et n\u2019h\u00e9sitez pas \u00e0 partager ces d\u00e9couvertes autour de vous\u2026<\/p>\n","protected":false},"excerpt":{"rendered":"<p>L\u2019universit\u00e9 populaire du d\u00e9veloppement personnel : la d\u00e9couverte d&rsquo;une belle id\u00e9e J\u2019ai d\u00e9couvert ce principe d\u2019universit\u00e9 populaire par l\u2019interm\u00e9diaire de l\u2019auteur philosophe m\u00e9diatique et efficace Michel Onfray. Je n\u2019ai pas la chance d\u2019habiter Caen et de suivre en direct les cours magistraux de cette fac particuli\u00e8re.<\/p>\n","protected":false},"author":2,"featured_media":0,"comment_status":"open","ping_status":"closed","sticky":false,"template":"","format":"standard","meta":{"_bbp_topic_count":0,"_bbp_reply_count":0,"_bbp_total_topic_count":0,"_bbp_total_reply_count":0,"_bbp_voice_count":0,"_bbp_anonymous_reply_count":0,"_bbp_topic_count_hidden":0,"_bbp_reply_count_hidden":0,"_bbp_forum_subforum_count":0,"footnotes":""},"categories":[74],"tags":[],"class_list":["post-5444","post","type-post","status-publish","format-standard","hentry","category-dictionnaire-en-ligne"],"yoast_head":"<!-- This site is optimized with the Yoast SEO plugin v27.4 - https:\/\/yoast.com\/product\/yoast-seo-wordpress\/ -->\n<title>L\u2019universit\u00e9 populaire du d\u00e9veloppement personnel - Agoracad\u00e9mie<\/title>\n<meta name=\"description\" content=\"D\u00e9couvrez \u00ab Fac pop \u00bb, l\u2019universit\u00e9 populaire du d\u00e9veloppement personnel disponible en ligne sur Internet via la plateforme Agoracad\u00e9mie.\" \/>\n<meta name=\"robots\" content=\"index, follow, max-snippet:-1, max-image-preview:large, max-video-preview:-1\" \/>\n<link rel=\"canonical\" href=\"https:\/\/www.agoracademie.com\/blog\/universite-populaire-du-developpement-personnel\/\" \/>\n<meta property=\"og:locale\" content=\"fr_FR\" \/>\n<meta property=\"og:type\" content=\"article\" \/>\n<meta property=\"og:title\" content=\"L\u2019universit\u00e9 populaire du d\u00e9veloppement personnel - Agoracad\u00e9mie\" \/>\n<meta property=\"og:description\" content=\"D\u00e9couvrez \u00ab Fac pop \u00bb, l\u2019universit\u00e9 populaire du d\u00e9veloppement personnel disponible en ligne sur Internet via la plateforme Agoracad\u00e9mie.\" \/>\n<meta property=\"og:url\" content=\"https:\/\/www.agoracademie.com\/blog\/universite-populaire-du-developpement-personnel\/\" \/>\n<meta property=\"og:site_name\" content=\"Agoracad\u00e9mie\" \/>\n<meta property=\"article:published_time\" content=\"2015-06-30T15:42:08+00:00\" \/>\n<meta property=\"article:modified_time\" content=\"2025-07-13T12:41:35+00:00\" \/>\n<meta property=\"og:image\" content=\"https:\/\/www.agoracademie.com\/blog\/wp-content\/uploads\/2021\/08\/universite-populaire-du-developpement-personnel.jpg\" \/>\n\t<meta property=\"og:image:width\" content=\"640\" \/>\n\t<meta property=\"og:image:height\" content=\"426\" \/>\n\t<meta property=\"og:image:type\" content=\"image\/jpeg\" \/>\n<meta name=\"author\" content=\"Laurent Bertrel\" \/>\n<meta name=\"twitter:label1\" content=\"\u00c9crit par\" \/>\n\t<meta name=\"twitter:data1\" content=\"Laurent Bertrel\" \/>\n\t<meta name=\"twitter:label2\" content=\"Dur\u00e9e de lecture estim\u00e9e\" \/>\n\t<meta name=\"twitter:data2\" content=\"4 minutes\" \/>\n<script type=\"application\/ld+json\" class=\"yoast-schema-graph\">{\"@context\":\"https:\\\/\\\/schema.org\",\"@graph\":[{\"@type\":\"Article\",\"@id\":\"https:\\\/\\\/www.agoracademie.com\\\/blog\\\/universite-populaire-du-developpement-personnel\\\/#article\",\"isPartOf\":{\"@id\":\"https:\\\/\\\/www.agoracademie.com\\\/blog\\\/universite-populaire-du-developpement-personnel\\\/\"},\"author\":{\"name\":\"Laurent Bertrel\",\"@id\":\"https:\\\/\\\/www.agoracademie.com\\\/blog\\\/#\\\/schema\\\/person\\\/c2f110c50be7dcecc05cb4e87f32537f\"},\"headline\":\"L\u2019universit\u00e9 populaire du d\u00e9veloppement personnel\",\"datePublished\":\"2015-06-30T15:42:08+00:00\",\"dateModified\":\"2025-07-13T12:41:35+00:00\",\"mainEntityOfPage\":{\"@id\":\"https:\\\/\\\/www.agoracademie.com\\\/blog\\\/universite-populaire-du-developpement-personnel\\\/\"},\"wordCount\":770,\"commentCount\":0,\"image\":{\"@id\":\"https:\\\/\\\/www.agoracademie.com\\\/blog\\\/universite-populaire-du-developpement-personnel\\\/#primaryimage\"},\"thumbnailUrl\":\"https:\\\/\\\/www.agoracademie.com\\\/blog\\\/wp-content\\\/uploads\\\/2021\\\/08\\\/universite-populaire-du-developpement-personnel.jpg\",\"articleSection\":[\"Dictionnaire en ligne\"],\"inLanguage\":\"fr-FR\",\"potentialAction\":[{\"@type\":\"CommentAction\",\"name\":\"Comment\",\"target\":[\"https:\\\/\\\/www.agoracademie.com\\\/blog\\\/universite-populaire-du-developpement-personnel\\\/#respond\"]}]},{\"@type\":\"WebPage\",\"@id\":\"https:\\\/\\\/www.agoracademie.com\\\/blog\\\/universite-populaire-du-developpement-personnel\\\/\",\"url\":\"https:\\\/\\\/www.agoracademie.com\\\/blog\\\/universite-populaire-du-developpement-personnel\\\/\",\"name\":\"L\u2019universit\u00e9 populaire du d\u00e9veloppement personnel - Agoracad\u00e9mie\",\"isPartOf\":{\"@id\":\"https:\\\/\\\/www.agoracademie.com\\\/blog\\\/#website\"},\"primaryImageOfPage\":{\"@id\":\"https:\\\/\\\/www.agoracademie.com\\\/blog\\\/universite-populaire-du-developpement-personnel\\\/#primaryimage\"},\"image\":{\"@id\":\"https:\\\/\\\/www.agoracademie.com\\\/blog\\\/universite-populaire-du-developpement-personnel\\\/#primaryimage\"},\"thumbnailUrl\":\"https:\\\/\\\/www.agoracademie.com\\\/blog\\\/wp-content\\\/uploads\\\/2021\\\/08\\\/universite-populaire-du-developpement-personnel.jpg\",\"datePublished\":\"2015-06-30T15:42:08+00:00\",\"dateModified\":\"2025-07-13T12:41:35+00:00\",\"author\":{\"@id\":\"https:\\\/\\\/www.agoracademie.com\\\/blog\\\/#\\\/schema\\\/person\\\/c2f110c50be7dcecc05cb4e87f32537f\"},\"description\":\"D\u00e9couvrez \u00ab Fac pop \u00bb, l\u2019universit\u00e9 populaire du d\u00e9veloppement personnel disponible en ligne sur Internet via la plateforme Agoracad\u00e9mie.\",\"breadcrumb\":{\"@id\":\"https:\\\/\\\/www.agoracademie.com\\\/blog\\\/universite-populaire-du-developpement-personnel\\\/#breadcrumb\"},\"inLanguage\":\"fr-FR\",\"potentialAction\":[{\"@type\":\"ReadAction\",\"target\":[\"https:\\\/\\\/www.agoracademie.com\\\/blog\\\/universite-populaire-du-developpement-personnel\\\/\"]}]},{\"@type\":\"ImageObject\",\"inLanguage\":\"fr-FR\",\"@id\":\"https:\\\/\\\/www.agoracademie.com\\\/blog\\\/universite-populaire-du-developpement-personnel\\\/#primaryimage\",\"url\":\"https:\\\/\\\/www.agoracademie.com\\\/blog\\\/wp-content\\\/uploads\\\/2021\\\/08\\\/universite-populaire-du-developpement-personnel.jpg\",\"contentUrl\":\"https:\\\/\\\/www.agoracademie.com\\\/blog\\\/wp-content\\\/uploads\\\/2021\\\/08\\\/universite-populaire-du-developpement-personnel.jpg\",\"width\":640,\"height\":426},{\"@type\":\"BreadcrumbList\",\"@id\":\"https:\\\/\\\/www.agoracademie.com\\\/blog\\\/universite-populaire-du-developpement-personnel\\\/#breadcrumb\",\"itemListElement\":[{\"@type\":\"ListItem\",\"position\":1,\"name\":\"Accueil\",\"item\":\"https:\\\/\\\/www.agoracademie.com\\\/blog\\\/\"},{\"@type\":\"ListItem\",\"position\":2,\"name\":\"L\u2019universit\u00e9 populaire du d\u00e9veloppement personnel\"}]},{\"@type\":\"WebSite\",\"@id\":\"https:\\\/\\\/www.agoracademie.com\\\/blog\\\/#website\",\"url\":\"https:\\\/\\\/www.agoracademie.com\\\/blog\\\/\",\"name\":\"Blog Agoracad\u00e9mie - Centre de formation en ligne et \u00e0 distance\",\"description\":\"Le blog du d\u00e9veloppement personnel et des th\u00e9rapies\",\"potentialAction\":[{\"@type\":\"SearchAction\",\"target\":{\"@type\":\"EntryPoint\",\"urlTemplate\":\"https:\\\/\\\/www.agoracademie.com\\\/blog\\\/?s={search_term_string}\"},\"query-input\":{\"@type\":\"PropertyValueSpecification\",\"valueRequired\":true,\"valueName\":\"search_term_string\"}}],\"inLanguage\":\"fr-FR\"},{\"@type\":\"Person\",\"@id\":\"https:\\\/\\\/www.agoracademie.com\\\/blog\\\/#\\\/schema\\\/person\\\/c2f110c50be7dcecc05cb4e87f32537f\",\"name\":\"Laurent Bertrel\",\"image\":{\"@type\":\"ImageObject\",\"inLanguage\":\"fr-FR\",\"@id\":\"https:\\\/\\\/secure.gravatar.com\\\/avatar\\\/45841390e6db2f4064cc5f84ee39189cf562b1de36eb5b1b7cc82dee445813a4?s=96&r=g\",\"url\":\"https:\\\/\\\/secure.gravatar.com\\\/avatar\\\/45841390e6db2f4064cc5f84ee39189cf562b1de36eb5b1b7cc82dee445813a4?s=96&r=g\",\"contentUrl\":\"https:\\\/\\\/secure.gravatar.com\\\/avatar\\\/45841390e6db2f4064cc5f84ee39189cf562b1de36eb5b1b7cc82dee445813a4?s=96&r=g\",\"caption\":\"Laurent Bertrel\"},\"description\":\"Laurent Bertrel est le fondateur d'Agoracad\u00e9mie. Titulaire d'une licence en sciences humaines et sociales, d'une ma\u00eetrise et d'un master en psychanalyse, d'un master en \u00e9tudes culturelles parcours \u00e9tudes de genre, du DU connaissances g\u00e9n\u00e9rales de la personne \u00e2g\u00e9e, il est aussi form\u00e9 \u00e0 diff\u00e9rentes approches dont la PNL, la sophrologie, la relaxation, l'hypnose, le coaching, la m\u00e9ditation, les arts martiaux, etc. Auteur de plus de 40 ouvrages, dont 18 livres, il anime plusieurs formations sur Agoracad\u00e9mie et r\u00e9pondra au message que vous allez laisser ci-dessous.\",\"sameAs\":[\"https:\\\/\\\/www.agoracademie.com\\\/\"]}]}<\/script>\n<!-- \/ Yoast SEO plugin. -->","yoast_head_json":{"title":"L\u2019universit\u00e9 populaire du d\u00e9veloppement personnel - Agoracad\u00e9mie","description":"D\u00e9couvrez \u00ab Fac pop \u00bb, l\u2019universit\u00e9 populaire du d\u00e9veloppement personnel disponible en ligne sur Internet via la plateforme Agoracad\u00e9mie.","robots":{"index":"index","follow":"follow","max-snippet":"max-snippet:-1","max-image-preview":"max-image-preview:large","max-video-preview":"max-video-preview:-1"},"canonical":"https:\/\/www.agoracademie.com\/blog\/universite-populaire-du-developpement-personnel\/","og_locale":"fr_FR","og_type":"article","og_title":"L\u2019universit\u00e9 populaire du d\u00e9veloppement personnel - Agoracad\u00e9mie","og_description":"D\u00e9couvrez \u00ab Fac pop \u00bb, l\u2019universit\u00e9 populaire du d\u00e9veloppement personnel disponible en ligne sur Internet via la plateforme Agoracad\u00e9mie.","og_url":"https:\/\/www.agoracademie.com\/blog\/universite-populaire-du-developpement-personnel\/","og_site_name":"Agoracad\u00e9mie","article_published_time":"2015-06-30T15:42:08+00:00","article_modified_time":"2025-07-13T12:41:35+00:00","og_image":[{"width":640,"height":426,"url":"https:\/\/www.agoracademie.com\/blog\/wp-content\/uploads\/2021\/08\/universite-populaire-du-developpement-personnel.jpg","type":"image\/jpeg"}],"author":"Laurent Bertrel","twitter_misc":{"\u00c9crit par":"Laurent Bertrel","Dur\u00e9e de lecture estim\u00e9e":"4 minutes"},"schema":{"@context":"https:\/\/schema.org","@graph":[{"@type":"Article","@id":"https:\/\/www.agoracademie.com\/blog\/universite-populaire-du-developpement-personnel\/#article","isPartOf":{"@id":"https:\/\/www.agoracademie.com\/blog\/universite-populaire-du-developpement-personnel\/"},"author":{"name":"Laurent Bertrel","@id":"https:\/\/www.agoracademie.com\/blog\/#\/schema\/person\/c2f110c50be7dcecc05cb4e87f32537f"},"headline":"L\u2019universit\u00e9 populaire du d\u00e9veloppement personnel","datePublished":"2015-06-30T15:42:08+00:00","dateModified":"2025-07-13T12:41:35+00:00","mainEntityOfPage":{"@id":"https:\/\/www.agoracademie.com\/blog\/universite-populaire-du-developpement-personnel\/"},"wordCount":770,"commentCount":0,"image":{"@id":"https:\/\/www.agoracademie.com\/blog\/universite-populaire-du-developpement-personnel\/#primaryimage"},"thumbnailUrl":"https:\/\/www.agoracademie.com\/blog\/wp-content\/uploads\/2021\/08\/universite-populaire-du-developpement-personnel.jpg","articleSection":["Dictionnaire en ligne"],"inLanguage":"fr-FR","potentialAction":[{"@type":"CommentAction","name":"Comment","target":["https:\/\/www.agoracademie.com\/blog\/universite-populaire-du-developpement-personnel\/#respond"]}]},{"@type":"WebPage","@id":"https:\/\/www.agoracademie.com\/blog\/universite-populaire-du-developpement-personnel\/","url":"https:\/\/www.agoracademie.com\/blog\/universite-populaire-du-developpement-personnel\/","name":"L\u2019universit\u00e9 populaire du d\u00e9veloppement personnel - Agoracad\u00e9mie","isPartOf":{"@id":"https:\/\/www.agoracademie.com\/blog\/#website"},"primaryImageOfPage":{"@id":"https:\/\/www.agoracademie.com\/blog\/universite-populaire-du-developpement-personnel\/#primaryimage"},"image":{"@id":"https:\/\/www.agoracademie.com\/blog\/universite-populaire-du-developpement-personnel\/#primaryimage"},"thumbnailUrl":"https:\/\/www.agoracademie.com\/blog\/wp-content\/uploads\/2021\/08\/universite-populaire-du-developpement-personnel.jpg","datePublished":"2015-06-30T15:42:08+00:00","dateModified":"2025-07-13T12:41:35+00:00","author":{"@id":"https:\/\/www.agoracademie.com\/blog\/#\/schema\/person\/c2f110c50be7dcecc05cb4e87f32537f"},"description":"D\u00e9couvrez \u00ab Fac pop \u00bb, l\u2019universit\u00e9 populaire du d\u00e9veloppement personnel disponible en ligne sur Internet via la plateforme Agoracad\u00e9mie.","breadcrumb":{"@id":"https:\/\/www.agoracademie.com\/blog\/universite-populaire-du-developpement-personnel\/#breadcrumb"},"inLanguage":"fr-FR","potentialAction":[{"@type":"ReadAction","target":["https:\/\/www.agoracademie.com\/blog\/universite-populaire-du-developpement-personnel\/"]}]},{"@type":"ImageObject","inLanguage":"fr-FR","@id":"https:\/\/www.agoracademie.com\/blog\/universite-populaire-du-developpement-personnel\/#primaryimage","url":"https:\/\/www.agoracademie.com\/blog\/wp-content\/uploads\/2021\/08\/universite-populaire-du-developpement-personnel.jpg","contentUrl":"https:\/\/www.agoracademie.com\/blog\/wp-content\/uploads\/2021\/08\/universite-populaire-du-developpement-personnel.jpg","width":640,"height":426},{"@type":"BreadcrumbList","@id":"https:\/\/www.agoracademie.com\/blog\/universite-populaire-du-developpement-personnel\/#breadcrumb","itemListElement":[{"@type":"ListItem","position":1,"name":"Accueil","item":"https:\/\/www.agoracademie.com\/blog\/"},{"@type":"ListItem","position":2,"name":"L\u2019universit\u00e9 populaire du d\u00e9veloppement personnel"}]},{"@type":"WebSite","@id":"https:\/\/www.agoracademie.com\/blog\/#website","url":"https:\/\/www.agoracademie.com\/blog\/","name":"Blog Agoracad\u00e9mie - Centre de formation en ligne et \u00e0 distance","description":"Le blog du d\u00e9veloppement personnel et des th\u00e9rapies","potentialAction":[{"@type":"SearchAction","target":{"@type":"EntryPoint","urlTemplate":"https:\/\/www.agoracademie.com\/blog\/?s={search_term_string}"},"query-input":{"@type":"PropertyValueSpecification","valueRequired":true,"valueName":"search_term_string"}}],"inLanguage":"fr-FR"},{"@type":"Person","@id":"https:\/\/www.agoracademie.com\/blog\/#\/schema\/person\/c2f110c50be7dcecc05cb4e87f32537f","name":"Laurent Bertrel","image":{"@type":"ImageObject","inLanguage":"fr-FR","@id":"https:\/\/secure.gravatar.com\/avatar\/45841390e6db2f4064cc5f84ee39189cf562b1de36eb5b1b7cc82dee445813a4?s=96&r=g","url":"https:\/\/secure.gravatar.com\/avatar\/45841390e6db2f4064cc5f84ee39189cf562b1de36eb5b1b7cc82dee445813a4?s=96&r=g","contentUrl":"https:\/\/secure.gravatar.com\/avatar\/45841390e6db2f4064cc5f84ee39189cf562b1de36eb5b1b7cc82dee445813a4?s=96&r=g","caption":"Laurent Bertrel"},"description":"Laurent Bertrel est le fondateur d'Agoracad\u00e9mie. Titulaire d'une licence en sciences humaines et sociales, d'une ma\u00eetrise et d'un master en psychanalyse, d'un master en \u00e9tudes culturelles parcours \u00e9tudes de genre, du DU connaissances g\u00e9n\u00e9rales de la personne \u00e2g\u00e9e, il est aussi form\u00e9 \u00e0 diff\u00e9rentes approches dont la PNL, la sophrologie, la relaxation, l'hypnose, le coaching, la m\u00e9ditation, les arts martiaux, etc. Auteur de plus de 40 ouvrages, dont 18 livres, il anime plusieurs formations sur Agoracad\u00e9mie et r\u00e9pondra au message que vous allez laisser ci-dessous.","sameAs":["https:\/\/www.agoracademie.com\/"]}]}},"acf":[],"_links":{"self":[{"href":"https:\/\/www.agoracademie.com\/blog\/wp-json\/wp\/v2\/posts\/5444","targetHints":{"allow":["GET"]}}],"collection":[{"href":"https:\/\/www.agoracademie.com\/blog\/wp-json\/wp\/v2\/posts"}],"about":[{"href":"https:\/\/www.agoracademie.com\/blog\/wp-json\/wp\/v2\/types\/post"}],"author":[{"embeddable":true,"href":"https:\/\/www.agoracademie.com\/blog\/wp-json\/wp\/v2\/users\/2"}],"replies":[{"embeddable":true,"href":"https:\/\/www.agoracademie.com\/blog\/wp-json\/wp\/v2\/comments?post=5444"}],"version-history":[{"count":8,"href":"https:\/\/www.agoracademie.com\/blog\/wp-json\/wp\/v2\/posts\/5444\/revisions"}],"predecessor-version":[{"id":22194,"href":"https:\/\/www.agoracademie.com\/blog\/wp-json\/wp\/v2\/posts\/5444\/revisions\/22194"}],"wp:attachment":[{"href":"https:\/\/www.agoracademie.com\/blog\/wp-json\/wp\/v2\/media?parent=5444"}],"wp:term":[{"taxonomy":"category","embeddable":true,"href":"https:\/\/www.agoracademie.com\/blog\/wp-json\/wp\/v2\/categories?post=5444"},{"taxonomy":"post_tag","embeddable":true,"href":"https:\/\/www.agoracademie.com\/blog\/wp-json\/wp\/v2\/tags?post=5444"}],"curies":[{"name":"wp","href":"https:\/\/api.w.org\/{rel}","templated":true}]}}