{"id":792,"date":"2025-11-13T16:59:55","date_gmt":"2025-11-13T15:59:55","guid":{"rendered":"http:\/\/agoracademie.com\/blog\/?p=792"},"modified":"2025-11-14T16:41:44","modified_gmt":"2025-11-14T15:41:44","slug":"salon-bien-etre-paris","status":"publish","type":"post","link":"https:\/\/www.agoracademie.com\/blog\/salon-bien-etre-paris\/","title":{"rendered":"Salon bien-\u00eatre Paris 2026"},"content":{"rendered":"<div class=\"wp-block-image\">\n<figure class=\"aligncenter size-large\"><img loading=\"lazy\" decoding=\"async\" width=\"1024\" height=\"511\" src=\"https:\/\/www.agoracademie.com\/blog\/wp-content\/uploads\/2011\/07\/salon_bien_etre_paris-1024x511.jpg\" alt=\"Salon bien-\u00eatre Paris\" class=\"wp-image-22734\" srcset=\"https:\/\/www.agoracademie.com\/blog\/wp-content\/uploads\/2011\/07\/salon_bien_etre_paris-1024x511.jpg 1024w, https:\/\/www.agoracademie.com\/blog\/wp-content\/uploads\/2011\/07\/salon_bien_etre_paris-300x150.jpg 300w, https:\/\/www.agoracademie.com\/blog\/wp-content\/uploads\/2011\/07\/salon_bien_etre_paris-768x383.jpg 768w, https:\/\/www.agoracademie.com\/blog\/wp-content\/uploads\/2011\/07\/salon_bien_etre_paris.jpg 1079w\" sizes=\"auto, (max-width: 1024px) 100vw, 1024px\" \/><figcaption class=\"wp-element-caption\">Miroir, mon beau miroir&#8230;<\/figcaption><\/figure><div id=\"ez-toc-container\" class=\"ez-toc-v2_0_82_2 ez-toc-wrap-center counter-hierarchy ez-toc-counter ez-toc-transparent ez-toc-container-direction\">\n<div class=\"ez-toc-title-container\">\n<p class=\"ez-toc-title\" style=\"cursor:inherit\">Sommaire<\/p>\n<span class=\"ez-toc-title-toggle\"><a href=\"#\" class=\"ez-toc-pull-right ez-toc-btn ez-toc-btn-xs ez-toc-btn-default ez-toc-toggle\" aria-label=\"Toggle Table of Content\"><span class=\"ez-toc-js-icon-con\"><span class=\"\"><span class=\"eztoc-hide\" style=\"display:none;\">Toggle<\/span><span class=\"ez-toc-icon-toggle-span\"><svg style=\"fill: #999;color:#999\" xmlns=\"http:\/\/www.w3.org\/2000\/svg\" class=\"list-377408\" width=\"20px\" height=\"20px\" viewBox=\"0 0 24 24\" fill=\"none\"><path d=\"M6 6H4v2h2V6zm14 0H8v2h12V6zM4 11h2v2H4v-2zm16 0H8v2h12v-2zM4 16h2v2H4v-2zm16 0H8v2h12v-2z\" fill=\"currentColor\"><\/path><\/svg><svg style=\"fill: #999;color:#999\" class=\"arrow-unsorted-368013\" xmlns=\"http:\/\/www.w3.org\/2000\/svg\" width=\"10px\" height=\"10px\" viewBox=\"0 0 24 24\" version=\"1.2\" baseProfile=\"tiny\"><path d=\"M18.2 9.3l-6.2-6.3-6.2 6.3c-.2.2-.3.4-.3.7s.1.5.3.7c.2.2.4.3.7.3h11c.3 0 .5-.1.7-.3.2-.2.3-.5.3-.7s-.1-.5-.3-.7zM5.8 14.7l6.2 6.3 6.2-6.3c.2-.2.3-.5.3-.7s-.1-.5-.3-.7c-.2-.2-.4-.3-.7-.3h-11c-.3 0-.5.1-.7.3-.2.2-.3.5-.3.7s.1.5.3.7z\"\/><\/svg><\/span><\/span><\/span><\/a><\/span><\/div>\n<nav><ul class='ez-toc-list ez-toc-list-level-1 ' ><li class='ez-toc-page-1 ez-toc-heading-level-2'><a class=\"ez-toc-link ez-toc-heading-1\" href=\"https:\/\/www.agoracademie.com\/blog\/salon-bien-etre-paris\/#Salon_bien-etre_Paris_les_rendez-vous_incontournables_de_2026\" >Salon bien-\u00eatre Paris : les rendez-vous incontournables de 2026<\/a><\/li><li class='ez-toc-page-1 ez-toc-heading-level-2'><a class=\"ez-toc-link ez-toc-heading-2\" href=\"https:\/\/www.agoracademie.com\/blog\/salon-bien-etre-paris\/#Les_Thermalies_le_salon_de_leau_et_du_bien-etre_22_au_25_janvier_2026\" >Les Thermalies, le salon de l\u2019eau et du bien-\u00eatre (22 au 25 janvier 2026)<\/a><\/li><li class='ez-toc-page-1 ez-toc-heading-level-2'><a class=\"ez-toc-link ez-toc-heading-3\" href=\"https:\/\/www.agoracademie.com\/blog\/salon-bien-etre-paris\/#Salon_Bien-Etre_et_Medecine_Douce_29_janvier_au_2_fevrier_2026\" >Salon Bien-\u00catre et M\u00e9decine Douce (29 janvier au 2 f\u00e9vrier 2026)<\/a><\/li><li class='ez-toc-page-1 ez-toc-heading-level-2'><a class=\"ez-toc-link ez-toc-heading-4\" href=\"https:\/\/www.agoracademie.com\/blog\/salon-bien-etre-paris\/#Congres_International_Esthetique_Spa_11_au_13_avril_2026\" >Congr\u00e8s International Esth\u00e9tique &amp; Spa (11 au 13 avril 2026)<\/a><ul class='ez-toc-list-level-3' ><li class='ez-toc-heading-level-3'><a class=\"ez-toc-link ez-toc-heading-5\" href=\"https:\/\/www.agoracademie.com\/blog\/salon-bien-etre-paris\/#Decouvrez_nos_formations_100_a_distance\" >D\u00e9couvrez nos formations 100 % \u00e0 distance<\/a><\/li><\/ul><\/li><li class='ez-toc-page-1 ez-toc-heading-level-2'><a class=\"ez-toc-link ez-toc-heading-6\" href=\"https:\/\/www.agoracademie.com\/blog\/salon-bien-etre-paris\/#Salon_Naturally_celebrer_la_nature_a_Paris_juin_2026\" >Salon Naturally, c\u00e9l\u00e9brer la nature \u00e0 Paris (juin 2026)<\/a><\/li><li class='ez-toc-page-1 ez-toc-heading-level-2'><a class=\"ez-toc-link ez-toc-heading-7\" href=\"https:\/\/www.agoracademie.com\/blog\/salon-bien-etre-paris\/#Le_Salon_Zen_un_moment_de_reconnexion_a_soi_24_au_28_septembre_2026\" >Le Salon Zen, un moment de reconnexion \u00e0 soi (24 au 28 septembre 2026)<\/a><\/li><li class='ez-toc-page-1 ez-toc-heading-level-2'><a class=\"ez-toc-link ez-toc-heading-8\" href=\"https:\/\/www.agoracademie.com\/blog\/salon-bien-etre-paris\/#Visiter_la_capitale_pendant_votre_salon_bien-etre_Paris\" >Visiter la capitale pendant votre salon bien-\u00eatre Paris&nbsp;!<\/a><\/li><li class='ez-toc-page-1 ez-toc-heading-level-2'><a class=\"ez-toc-link ez-toc-heading-9\" href=\"https:\/\/www.agoracademie.com\/blog\/salon-bien-etre-paris\/#FAQ_preparer_votre_visite_au_salon_bien-etre_Paris\" >FAQ pr\u00e9parer votre visite au salon bien-\u00eatre Paris<\/a><\/li><li class='ez-toc-page-1 ez-toc-heading-level-2'><a class=\"ez-toc-link ez-toc-heading-10\" href=\"https:\/\/www.agoracademie.com\/blog\/salon-bien-etre-paris\/#Le_bien-etre_cest_aussi_sur_Agoracademie\" >Le bien-\u00eatre, c\u2019est aussi sur Agoracad\u00e9mie<\/a><\/li><\/ul><\/nav><\/div>\n\n<\/div>\n\n\n<h2 class=\"wp-block-heading\"><span class=\"ez-toc-section\" id=\"Salon_bien-etre_Paris_les_rendez-vous_incontournables_de_2026\"><\/span>Salon bien-\u00eatre Paris : les rendez-vous incontournables de 2026<span class=\"ez-toc-section-end\"><\/span><\/h2>\n\n\n\n<p>Dans cet article, destin\u00e9 \u00e0 vous aider \u00e0 choisir votre salon bien-\u00eatre Paris en 2026, nous vous pr\u00e9sentons <strong>les principaux salons de la capitale<\/strong> de la mode, de la culture et de la gastronomie.<\/p>\n\n\n\n<!--more-->\n\n\n\n<p>Comme vous pouvez le constater par la diversit\u00e9 des salons, Paris est aussi un haut lieu du <strong>bien-\u00eatre<\/strong> et du <strong>d\u00e9veloppement personnel<\/strong>.<\/p>\n\n\n\n<p>Chaque ann\u00e9e, plusieurs grands <a href=\"https:\/\/www.agoracademie.com\/blog\/salons-du-bien-etre\/\">salons du bien-\u00eatre<\/a> \u00e0 Paris r\u00e9unissent des milliers de visiteur\u00b7se\u00b7s venu\u00b7e\u00b7s explorer les nouvelles approches de la sant\u00e9 naturelle, de la relaxation, de la beaut\u00e9 ou encore de la spiritualit\u00e9.<\/p>\n\n\n\n<p>Que vous soyez professionnel\u00b7le du secteur ou simplement curieux ou curieuse de prendre soin de vous autrement, <strong>voici les \u00e9v\u00e9nements \u00e0 ne pas manquer en 2026&nbsp;!<\/strong><\/p>\n\n\n<div class=\"wp-block-image\">\n<figure class=\"aligncenter size-large\"><img loading=\"lazy\" decoding=\"async\" width=\"1024\" height=\"511\" src=\"https:\/\/www.agoracademie.com\/blog\/wp-content\/uploads\/2025\/11\/salon-zen-1024x511.jpg\" alt=\"Salon bien-\u00eatre Paris : visitez la ville\" class=\"wp-image-22668\" srcset=\"https:\/\/www.agoracademie.com\/blog\/wp-content\/uploads\/2025\/11\/salon-zen-1024x511.jpg 1024w, https:\/\/www.agoracademie.com\/blog\/wp-content\/uploads\/2025\/11\/salon-zen-300x150.jpg 300w, https:\/\/www.agoracademie.com\/blog\/wp-content\/uploads\/2025\/11\/salon-zen-768x383.jpg 768w, https:\/\/www.agoracademie.com\/blog\/wp-content\/uploads\/2025\/11\/salon-zen.jpg 1079w\" sizes=\"auto, (max-width: 1024px) 100vw, 1024px\" \/><\/figure>\n<\/div>\n\n\n<h2 class=\"wp-block-heading\"><span class=\"ez-toc-section\" id=\"Les_Thermalies_le_salon_de_leau_et_du_bien-etre_22_au_25_janvier_2026\"><\/span>Les Thermalies, le salon de l\u2019eau et du bien-\u00eatre (22 au 25 janvier 2026)<span class=\"ez-toc-section-end\"><\/span><\/h2>\n\n\n\n<p>Premier grand salon bien \u00eatre Paris de l\u2019ann\u00e9e, <strong>les Thermalies<\/strong> se tiendront au Carrousel du Louvre, un lieu prestigieux pour un \u00e9v\u00e9nement tout aussi exceptionnel.<\/p>\n\n\n\n<p>Ce salon est consacr\u00e9 \u00e0 l\u2019eau sous toutes ses formes :<\/p>\n\n\n\n<ul class=\"wp-block-list\">\n<li>thermalisme,<\/li>\n\n\n\n<li>thalassoth\u00e9rapie,<\/li>\n\n\n\n<li>spa,<\/li>\n\n\n\n<li>baln\u00e9o<\/li>\n\n\n\n<li>et autres soins \u00e0 base d\u2019eau.<\/li>\n<\/ul>\n\n\n\n<p>Plus de 250 exposant\u00b7e\u00b7s et 150 conf\u00e9rences y pr\u00e9senteront les nouvelles tendances du bien-\u00eatre aquatique.<\/p>\n\n\n\n<p>L\u2019\u00e9dition 2026 inaugurera un espace long\u00e9vit\u00e9 consacr\u00e9 \u00e0 la pr\u00e9vention sant\u00e9 :<\/p>\n\n\n\n<ul class=\"wp-block-list\">\n<li>sommeil,<\/li>\n\n\n\n<li>nutrition,<\/li>\n\n\n\n<li>m\u00e9ditation,<\/li>\n\n\n\n<li>d\u00e9tox,<\/li>\n\n\n\n<li>activit\u00e9 physique,<\/li>\n\n\n\n<li>et reconnexion corps-esprit.<\/li>\n<\/ul>\n\n\n\n<p>Des m\u00e9decins expert\u00b7e\u00b7s viendront partager leurs recherches et leurs conseils pour bien vieillir naturellement.<\/p>\n\n\n\n<p><strong>Lieu :<\/strong> Carrousel du Louvre, 99 rue de Rivoli, 75001 Paris<\/p>\n\n\n\n<p><strong>Horaires :<\/strong> de 10 \u00e0 18h30, et jusqu&rsquo;\u00e0 18h00 le dimanche<\/p>\n\n\n\n<p><strong>Acc\u00e8s :<\/strong> m\u00e9tro lignes 1 (arr\u00eat station Tuileries ou Louvre-Rivoli) et 7 (station Palais Royal)<\/p>\n\n\n\n<p><strong>Pour aller plus loin :<\/strong> <a href=\"https:\/\/www.thermalies.com\/paris\/\" target=\"_blank\" rel=\"noreferrer noopener\">site officiel des Thermalies<\/a><\/p>\n\n\n<div class=\"wp-block-image\">\n<figure class=\"aligncenter size-large\"><img loading=\"lazy\" decoding=\"async\" width=\"1024\" height=\"511\" src=\"https:\/\/www.agoracademie.com\/blog\/wp-content\/uploads\/2011\/07\/paris-arc-de-triomphe-1024x511.jpg\" alt=\"Arc de Triomphe\" class=\"wp-image-22739\" srcset=\"https:\/\/www.agoracademie.com\/blog\/wp-content\/uploads\/2011\/07\/paris-arc-de-triomphe-1024x511.jpg 1024w, https:\/\/www.agoracademie.com\/blog\/wp-content\/uploads\/2011\/07\/paris-arc-de-triomphe-300x150.jpg 300w, https:\/\/www.agoracademie.com\/blog\/wp-content\/uploads\/2011\/07\/paris-arc-de-triomphe-768x383.jpg 768w, https:\/\/www.agoracademie.com\/blog\/wp-content\/uploads\/2011\/07\/paris-arc-de-triomphe.jpg 1079w\" sizes=\"auto, (max-width: 1024px) 100vw, 1024px\" \/><\/figure>\n<\/div>\n\n\n<h2 class=\"wp-block-heading\"><span class=\"ez-toc-section\" id=\"Salon_Bien-Etre_et_Medecine_Douce_29_janvier_au_2_fevrier_2026\"><\/span>Salon Bien-\u00catre et M\u00e9decine Douce (29 janvier au 2 f\u00e9vrier 2026)<span class=\"ez-toc-section-end\"><\/span><\/h2>\n\n\n\n<p>Le <strong>salon Bien-\u00catre et M\u00e9decine Douce<\/strong> met \u00e0 l\u2019honneur la sant\u00e9 naturelle et les approches alternatives.<\/p>\n\n\n\n<p>Organis\u00e9 \u00e0 Paris Porte de Versailles, cet \u00e9v\u00e9nement rassemble pr\u00e8s de 25 000 visiteurs autour de 300 exposants et de 5 journ\u00e9es de conf\u00e9rences.<\/p>\n\n\n\n<p>L\u2019\u00e9dition 2026 fera la part belle \u00e0 la sant\u00e9 mentale, avec des rencontres autour de la gestion du stress, du sommeil, de la nutrition ou de la m\u00e9ditation&#8230;<\/p>\n\n\n\n<p>Parmi les espaces phares :<\/p>\n\n\n\n<ul class=\"wp-block-list\">\n<li>Le Village des \u00e9coles, d\u00e9di\u00e9 \u00e0 la formation en th\u00e9rapies naturelles.<\/li>\n\n\n\n<li>Le Tremplin du bien-\u00eatre, pour d\u00e9couvrir de jeunes marques innovantes.<\/li>\n<\/ul>\n\n\n\n<p><strong>Lieu&nbsp;:<\/strong> Porte de Versailles, hall 5.1, 1, place de la Porte de Versailles, 75015 Paris<\/p>\n\n\n\n<p><strong>Horaires&nbsp;:<\/strong> du jeudi au dimanche 10h30 \u00e0 19h00, et le lundi de 10h30 \u00e0 18h00<\/p>\n\n\n\n<p><strong>Acc\u00e8s&nbsp;:<\/strong> m\u00e9tro ligne 12 (arr\u00eat station Porte de Versailles) ou ligne 8 (station Balard) &#8211; Tram T2 et T3.<\/p>\n\n\n\n<p><strong>Pour aller plus loin :<\/strong> <a href=\"https:\/\/www.salon-medecinedouce.com\/paris\" target=\"_blank\" rel=\"noreferrer noopener\">site officiel du salon Bien-\u00eatre &amp; M\u00e9decine Douce<\/a><strong> <\/strong><\/p>\n\n\n<div class=\"wp-block-image\">\n<figure class=\"aligncenter size-large\"><img loading=\"lazy\" decoding=\"async\" width=\"1024\" height=\"511\" src=\"https:\/\/www.agoracademie.com\/blog\/wp-content\/uploads\/2011\/07\/toits-de-paris-1024x511.jpg\" alt=\"Toits de Paris\" class=\"wp-image-22740\" srcset=\"https:\/\/www.agoracademie.com\/blog\/wp-content\/uploads\/2011\/07\/toits-de-paris-1024x511.jpg 1024w, https:\/\/www.agoracademie.com\/blog\/wp-content\/uploads\/2011\/07\/toits-de-paris-300x150.jpg 300w, https:\/\/www.agoracademie.com\/blog\/wp-content\/uploads\/2011\/07\/toits-de-paris-768x383.jpg 768w, https:\/\/www.agoracademie.com\/blog\/wp-content\/uploads\/2011\/07\/toits-de-paris.jpg 1079w\" sizes=\"auto, (max-width: 1024px) 100vw, 1024px\" \/><\/figure>\n<\/div>\n\n\n<h2 class=\"wp-block-heading\"><span class=\"ez-toc-section\" id=\"Congres_International_Esthetique_Spa_11_au_13_avril_2026\"><\/span>Congr\u00e8s International Esth\u00e9tique &amp; Spa (11 au 13 avril 2026)<span class=\"ez-toc-section-end\"><\/span><\/h2>\n\n\n\n<p>\u00c9v\u00e9nement professionnel majeur, le <strong>Congr\u00e8s International Esth\u00e9tique &amp; Spa<\/strong> attire chaque ann\u00e9e plus de 18 000 visiteurs \u00e0 Paris Expo Porte de Versailles.<\/p>\n\n\n\n<p>Sur plus de 20 000 m\u00b2 d\u2019exposition, ce rendez-vous r\u00e9unit les plus grandes marques, \u00e9coles et experts du secteur de la beaut\u00e9 et du spa&nbsp;:<\/p>\n\n\n\n<ul class=\"wp-block-list\">\n<li>L\u2019espace Esth\u00e9tique (8 000 m\u00b2) est enti\u00e8rement d\u00e9di\u00e9 aux derni\u00e8res innovations en cosm\u00e9tique, techniques de soin et \u00e9quipements.<\/li>\n\n\n\n<li>L\u2019espace Spa (12 000 m\u00b2) met en avant les solutions pour cr\u00e9er ou d\u00e9velopper un spa performant et rentable.<\/li>\n<\/ul>\n\n\n\n<p>Plus de 70 conf\u00e9rences sont anim\u00e9es par des sp\u00e9cialistes du bien-\u00eatre, de la gestion et du marketing du Spa.<\/p>\n\n\n\n<p><strong>Lieu :<\/strong> Paris Expo Porte de Versailles, Hall d\u00e9di\u00e9 \u00e0 l\u2019Esth\u00e9tique et au Spa, 1 place de la Porte de Versailles, 75015 Paris<\/p>\n\n\n\n<p><strong>Horaires&nbsp;:<\/strong> de 9h00 \u00e0 18h30<\/p>\n\n\n\n<p><strong>Acc\u00e8s :<\/strong> m\u00e9tro ligne 12 (arr\u00eat station Porte de Versailles) &#8211; Tram T2 et T3, bus 39 ou 80.<\/p>\n\n\n\n<p><strong>Pour aller plus loin :<\/strong> <a href=\"https:\/\/www.congres-esthetique-spa.com\/\" target=\"_blank\" rel=\"noreferrer noopener\">site officiel Congr\u00e8s International Esth\u00e9tique &amp; Spa<\/a> <\/p>\n\n\n\n<div class=\"wp-block-magic-content-box-content-box aligncenter magic-content-box-12cfda87-3880-4 magic-content-box-contentBox block-wrapper-background content-align-center\"><style>.magic-content-box-12cfda87-3880-4 .magic-content-box-content-wrapper{text-align:center;margin-top:30px;margin-bottom:30px}.magic-content-box-12cfda87-3880-4 .magic-content-box-section-header-wrapper{border-color:#ff201f}.magic-content-box-12cfda87-3880-4 .magic-content-box-mainheader-wrap{box-shadow:0px 6px 12px -10px #000;border-radius:5px;background-color:#fff}.magic-content-box-12cfda87-3880-4 .magic-content-box-section-wrapper{padding-top:30px;padding-right:30px;padding-bottom:30px;padding-left:30px;margin-top:0px;margin-right:0px;margin-bottom:0px;margin-left:0px}.magic-content-box-12cfda87-3880-4 .magic-content-box-section-head-wrap{text-align:center;padding-top:0px;padding-right:0px;padding-bottom:0px;margin-top:0px;margin-bottom:0px;padding-left:0px}.magic-content-box-12cfda87-3880-4 .magic-content-box-section-head-wrap .magic-content-box-title{color:#404040;font-size:32px;font-family:Default;padding-top:5px;padding-bottom:5px}.magic-content-box-12cfda87-3880-4 .magic-content-box-section-head-wrap .magic-content-box-subtitle{color:#6d6d6d;font-size:18px;font-family:Default;padding-top:5px;padding-bottom:5px}.magic-content-box-12cfda87-3880-4 .magic-content-box-title-dash{color:#ff201f}.magic-content-box-12cfda87-3880-4 .magic-content-box-block-button span{color:#fff;border-width:1px;font-size:16px;font-family:Default}.magic-content-box-12cfda87-3880-4 .magic-content-box-block-button .magic-content-box-button{background-color:#ff201f}.magic-content-box-12cfda87-3880-4 .magic-content-box-block-button i{color:#fff;font-size:13px}.magic-content-box-12cfda87-3880-4 .magic-content-box-block-button{margin-top:10px;margin-bottom:10px}.magic-content-box-12cfda87-3880-4 .magic-content-box-button{padding-top:5px;padding-right:15px;padding-bottom:5px;padding-left:15px}@media screen and (max-width:1025px){.magic-content-box-12cfda87-3880-4 .magic-content-box-section-head-wrap .magic-content-box-title{font-size:undefinedpx}.magic-content-box-12cfda87-3880-4 .magic-content-box-section-head-wrap .magic-content-box-subtitle{font-size:undefinedpx}.magic-content-box-12cfda87-3880-4 .magic-content-box-block-button span{font-size:undefinedpx}.magic-content-box-12cfda87-3880-4 .magic-content-box-block-button i{font-size:px}}@media screen and (max-width:767px){.magic-content-box-12cfda87-3880-4 .magic-content-box-section-head-wrap .magic-content-box-title{font-size:undefinedpx}.magic-content-box-12cfda87-3880-4 .magic-content-box-section-head-wrap .magic-content-box-subtitle{font-size:undefinedpx}.magic-content-box-12cfda87-3880-4 .magic-content-box-block-button span{font-size:undefinedpx}.magic-content-box-12cfda87-3880-4 .magic-content-box-block-button i{font-size:px}}<\/style><div class=\"content-wrapper-inner\"><div class=\"magic-content-box-content-wrapper magic-content-box-blocks reverse-img has-background style-1\"><div class=\"content-img-wrap\"><img decoding=\"async\" src=\"https:\/\/www.agoracademie.com\/blog\/wp-content\/uploads\/2025\/05\/formation-stress.jpg\" alt=\"Catalogue des formations\" class=\"\"\/><\/div><div class=\"magic-content-box-section-wrapper magic-content-box-mainheader-wrap\"><div class=\"magic-content-box-section-header-wrapper magic-content-box-blocks\"><div class=\"magic-content-box-section-head-wrap magic-content-box-style1 magic-content-box-center\"><div class=\"magic-content-box-title-wrapper\"><span class=\"magic-content-box-title-dash magic-content-box-upper-dash\"><\/span><h3 class=\"magic-content-box-title\"><span class=\"ez-toc-section\" id=\"Decouvrez_nos_formations_100_a_distance\"><\/span>D\u00e9couvrez nos formations 100 % \u00e0 distance<span class=\"ez-toc-section-end\"><\/span><\/h3><span class=\"magic-content-box-title-dash magic-content-box-lower-dash\"><\/span><\/div><div class=\"magic-content-box-subtitle-wrapper\"><span class=\"magic-content-box-title-dash magic-content-box-upper-dash\"><\/span><p class=\"magic-content-box-subtitle\">Th\u00e9rapies alternatives, d\u00e9veloppement personnel, coaching&#8230;<\/p><span class=\"magic-content-box-title-dash magic-content-box-lower-dash\"><\/span><\/div><\/div><\/div><div class=\"magic-content-box-desc-btn-wrap\"><div class=\"magic-content-box-block-button\"><a href=\"https:\/\/www.agoracademie.com\/academie\" class=\"magic-content-box-button magic-content-box-button-shape-rounded magic-content-box-button-size-small hover-style-1 btn-icon-left\"><span>CATALOGUE<\/span><\/a><\/div><\/div><\/div><\/div><\/div><\/div>\n\n\n\n<h2 class=\"wp-block-heading\"><span class=\"ez-toc-section\" id=\"Salon_Naturally_celebrer_la_nature_a_Paris_juin_2026\"><\/span>Salon Naturally, c\u00e9l\u00e9brer la nature \u00e0 Paris (juin 2026)<span class=\"ez-toc-section-end\"><\/span><\/h2>\n\n\n\n<p>Le <strong>salon Naturally<\/strong>, organis\u00e9 en juin 2026 \u00e0 Paris Expo Porte de Versailles, met la nature et la consommation \u00e9coresponsable au centre de toutes les attentions.<\/p>\n\n\n\n<p>Durant quatre jours, plus de 150 exposant\u00b7e\u00b7s et 15 000 visiteur\u00b7se\u00b7s \u00e9changent autour&nbsp;:<\/p>\n\n\n\n<ul class=\"wp-block-list\">\n<li>de la bio,<\/li>\n\n\n\n<li>de l\u2019\u00e9cologie,<\/li>\n\n\n\n<li>du z\u00e9ro d\u00e9chet<\/li>\n\n\n\n<li>et du bien-\u00eatre au naturel.<\/li>\n<\/ul>\n\n\n\n<p>Conf\u00e9rences, ateliers, animations culinaires et d\u00e9gustations rythment ce rendez-vous convivial et inspirant, avec pour principal objectif de promouvoir un mode de vie plus sain, respectueux de l\u2019environnement et de soi-m\u00eame.<\/p>\n\n\n\n<p><strong>Lieu&nbsp;:<\/strong> Paris Expo Porte de Versailles, 1 place de la Porte de Versailles, 75015 Paris<\/p>\n\n\n\n<p><strong>Horaires :<\/strong> de 10h30 \u00e0 19h00, et jusqu\u2019\u00e0 18h00 le dimanche<\/p>\n\n\n\n<p><strong>Acc\u00e8s :<\/strong> M\u00e9tro ligne 12 (arr\u00eat station Porte de Versailles) &#8211; Tram T2 ou T3a.<\/p>\n\n\n\n<p><strong>Pour aller plus loin :<\/strong> <a href=\"https:\/\/www.salon-naturally.fr\/\" target=\"_blank\" rel=\"noreferrer noopener\">site officiel salon Naturally<\/a> <\/p>\n\n\n<div class=\"wp-block-image\">\n<figure class=\"aligncenter size-large\"><img loading=\"lazy\" decoding=\"async\" width=\"1024\" height=\"511\" src=\"https:\/\/www.agoracademie.com\/blog\/wp-content\/uploads\/2011\/07\/moulin-rouge-1024x511.jpg\" alt=\"Moulin Rouge\" class=\"wp-image-22741\" srcset=\"https:\/\/www.agoracademie.com\/blog\/wp-content\/uploads\/2011\/07\/moulin-rouge-1024x511.jpg 1024w, https:\/\/www.agoracademie.com\/blog\/wp-content\/uploads\/2011\/07\/moulin-rouge-300x150.jpg 300w, https:\/\/www.agoracademie.com\/blog\/wp-content\/uploads\/2011\/07\/moulin-rouge-768x383.jpg 768w, https:\/\/www.agoracademie.com\/blog\/wp-content\/uploads\/2011\/07\/moulin-rouge.jpg 1079w\" sizes=\"auto, (max-width: 1024px) 100vw, 1024px\" \/><\/figure>\n<\/div>\n\n\n<h2 class=\"wp-block-heading\"><span class=\"ez-toc-section\" id=\"Le_Salon_Zen_un_moment_de_reconnexion_a_soi_24_au_28_septembre_2026\"><\/span>Le Salon Zen, un moment de reconnexion \u00e0 soi (24 au 28 septembre 2026)<span class=\"ez-toc-section-end\"><\/span><\/h2>\n\n\n\n<p>Chaque automne, le <a href=\"https:\/\/www.agoracademie.com\/blog\/salon-zen\/\"><strong>salon Zen<\/strong><\/a> ouvre ses portes \u00e0 l\u2019Espace Champerret (17\u1d49 arrondissement) pour une exp\u00e9rience immersive d\u00e9di\u00e9e au d\u00e9veloppement personnel et \u00e0 la pleine conscience.<\/p>\n\n\n\n<p>Pendant cinq jours, presque 300 exposant\u00b7e\u00b7s et de nombreuses conf\u00e9rences anim\u00e9es par des expert\u00b7e\u00b7s (libert\u00e9 d&rsquo;\u00eatre soi, introspection, \u00e9veil, spiritualit\u00e9, accomplissement&#8230;) vous invitent \u00e0 explorer des approches vari\u00e9es du mieux-\u00eatre :<\/p>\n\n\n\n<ul class=\"wp-block-list\">\n<li><a href=\"https:\/\/www.agoracademie.com\/academie\/formation-meditation\">m\u00e9ditation<\/a>,<\/li>\n\n\n\n<li>sophrologie,<\/li>\n\n\n\n<li>PNL,<\/li>\n\n\n\n<li><a href=\"https:\/\/www.agoracademie.com\/blog\/kinesiologie\/\">kin\u00e9siologie<\/a>,<\/li>\n\n\n\n<li>th\u00e9rapies \u00e9nerg\u00e9tiques,<\/li>\n\n\n\n<li>art-th\u00e9rapie\u2026<\/li>\n<\/ul>\n\n\n\n<p>V\u00e9ritable bulle de s\u00e9r\u00e9nit\u00e9 au c\u0153ur de la capitale en \u00e9bullition permanente, le Salon Zen attire chaque ann\u00e9e des milliers de personnes en qu\u00eate d\u2019inspiration et de bien-\u00eatre int\u00e9rieur.<\/p>\n\n\n\n<p>Des ateliers pratiques, des d\u00e9monstrations et des stands interactifs permettent \u00e0 chacun\u00b7e d\u2019exp\u00e9rimenter des m\u00e9thodes concr\u00e8tes pour mieux g\u00e9rer le stress, renforcer son \u00e9nergie ou retrouver l\u2019\u00e9quilibre.<\/p>\n\n\n\n<p><strong>Lieu :<\/strong> Espace Champerret, 6 rue Jean Oestreicher, 75017 Paris<\/p>\n\n\n\n<p><strong>Horaires&nbsp;:<\/strong> de 10h30 \u00e0 19h00 du jeudi au dimanche, nocturne le vendredi jusqu\u2019\u00e0 20h00, et de 10h30 \u00e0 18h00 le lundi<\/p>\n\n\n\n<p><strong>Acc\u00e8s&nbsp;:<\/strong> m\u00e9tro ligne 3 (arr\u00eat station Louise Michel ou Porte de Champerret) &#8211; Bus lignes 84, 92, 93, 163, 164, 165, PC<\/p>\n\n\n\n<p><strong>Pour aller plus loin :<\/strong> <a href=\"https:\/\/www.salon-zen.fr\/\">site officiel salon Zen<\/a> <\/p>\n\n\n<div class=\"wp-block-image\">\n<figure class=\"aligncenter size-large\"><img loading=\"lazy\" decoding=\"async\" width=\"1024\" height=\"511\" src=\"https:\/\/www.agoracademie.com\/blog\/wp-content\/uploads\/2011\/07\/sacre-coeur-montmartre-1024x511.jpg\" alt=\"Sacr\u00e9-C\u0153ur de Montmartre\" class=\"wp-image-22742\" srcset=\"https:\/\/www.agoracademie.com\/blog\/wp-content\/uploads\/2011\/07\/sacre-coeur-montmartre-1024x511.jpg 1024w, https:\/\/www.agoracademie.com\/blog\/wp-content\/uploads\/2011\/07\/sacre-coeur-montmartre-300x150.jpg 300w, https:\/\/www.agoracademie.com\/blog\/wp-content\/uploads\/2011\/07\/sacre-coeur-montmartre-768x383.jpg 768w, https:\/\/www.agoracademie.com\/blog\/wp-content\/uploads\/2011\/07\/sacre-coeur-montmartre.jpg 1079w\" sizes=\"auto, (max-width: 1024px) 100vw, 1024px\" \/><\/figure>\n<\/div>\n\n\n<h2 class=\"wp-block-heading\"><span class=\"ez-toc-section\" id=\"Visiter_la_capitale_pendant_votre_salon_bien-etre_Paris\"><\/span>Visiter la capitale pendant votre salon bien-\u00eatre Paris&nbsp;!<span class=\"ez-toc-section-end\"><\/span><\/h2>\n\n\n\n<p>Profiter d\u2019un salon bien-\u00eatre \u00e0 Paris, c\u2019est aussi l\u2019occasion de d\u00e9couvrir la ville lumi\u00e8re sous un nouveau jour.<\/p>\n\n\n\n<p>Entre deux conf\u00e9rences ou ateliers, offrez-vous un moment de d\u00e9tente ou d\u2019\u00e9merveillement.<\/p>\n\n\n\n<p><strong>Les incontournables \u00e0 ne pas manquer :<\/strong><\/p>\n\n\n\n<ul class=\"wp-block-list\">\n<li>La Tour Eiffel et les Champs-\u00c9lys\u00e9es, symboles \u00e9ternels de la capitale.<\/li>\n\n\n\n<li>Le Mus\u00e9e d\u2019Orsay ou le Louvre, pour une pause culturelle.<\/li>\n\n\n\n<li>Une croisi\u00e8re sur la Seine, pour admirer Paris autrement.<\/li>\n<\/ul>\n\n\n\n<p><strong>Des id\u00e9es plus originales :<\/strong><\/p>\n\n\n\n<ul class=\"wp-block-list\">\n<li>Le Jardin des Serres d\u2019Auteuil, havre de paix verdoyant.<\/li>\n\n\n\n<li>Une s\u00e9ance de flottaison sensorielle ou un spa japonais dans le Marais.<\/li>\n\n\n\n<li>Le Mus\u00e9e de la Vie Romantique, un petit bijou cach\u00e9 dans le 9\u1d49 arrondissement.<\/li>\n<\/ul>\n\n\n\n<h2 class=\"wp-block-heading\"><span class=\"ez-toc-section\" id=\"FAQ_preparer_votre_visite_au_salon_bien-etre_Paris\"><\/span>FAQ pr\u00e9parer votre visite au salon bien-\u00eatre Paris<span class=\"ez-toc-section-end\"><\/span><\/h2>\n\n\n\n<p><strong>\u00c0 quoi faut-il penser avant de venir \u00e0 un salon bien \u00eatre \u00e0 Paris ?<\/strong><\/p>\n\n\n\n<p>Pensez \u00e0 r\u00e9server votre h\u00e9bergement \u00e0 l\u2019avance, surtout pour les week-ends d\u2019\u00e9v\u00e9nements. Emportez de l\u2019eau, des esp\u00e8ces (tous les stands ne prennent pas la carte), et un sac r\u00e9utilisable pour vos achats.<\/p>\n\n\n\n<p><strong>Comment se d\u00e9placer facilement \u00e0 Paris ?<\/strong><\/p>\n\n\n\n<p>Le m\u00e9tro reste le moyen le plus rapide. Vous pouvez aussi utiliser le tramway, le V\u00e9lib\u2019 (il y a maintenant de nombreuses pistes cyclables), ou le bus pour des trajets plus agr\u00e9ables tout en admirant la ville.<\/p>\n\n\n\n<p><strong>Peut-on se restaurer dans les salons ?<\/strong><\/p>\n\n\n\n<p>Oui, la plupart proposent des espaces de restauration bio ou v\u00e9g\u00e9tariens, souvent avec des produits locaux.<\/p>\n\n\n\n<p><strong>Les salons sont-ils gratuits ?<\/strong><\/p>\n\n\n\n<p>Certains offrent des invitations en ligne, notamment pour les \u00e9tudiant\u00b7e\u00b7s, ch\u00f4meur\u00b7se\u00b7s ou jeunes de moins de 25 ans. D\u2019autres demandent un droit d\u2019entr\u00e9e, g\u00e9n\u00e9ralement entre 5 et 10 euros.<\/p>\n\n\n\n<p><strong>Ces salons sont-ils adapt\u00e9s aux professionnel\u00b7le\u00b7s ?<\/strong><\/p>\n\n\n\n<p>Oui, plusieurs \u00e9v\u00e9nements comme le Congr\u00e8s Esth\u00e9tique &amp; Spa ou le Salon M\u00e9decines Douces sont particuli\u00e8rement destin\u00e9s aux professionnel\u00b7le\u00b7s du bien-\u00eatre, th\u00e9rapeutes, ou coachs.<\/p>\n\n\n\n<h2 class=\"wp-block-heading\"><span class=\"ez-toc-section\" id=\"Le_bien-etre_cest_aussi_sur_Agoracademie\"><\/span>Le bien-\u00eatre, c\u2019est aussi sur Agoracad\u00e9mie<span class=\"ez-toc-section-end\"><\/span><\/h2>\n\n\n\n<p>En attendant votre prochaine visite \u00e0 un salon bien-\u00eatre Paris, plongez dans l\u2019univers d\u2019Agoracad\u00e9mie :<\/p>\n\n\n\n<ul class=\"wp-block-list\">\n<li><strong>Formations \u00e0 distance<\/strong> en <a href=\"https:\/\/www.agoracademie.com\/academie\/formation-coach-developpement-personnel-en-ligne\">coaching, d\u00e9veloppement personnel<\/a> ou th\u00e9rapies alternatives\u2026<\/li>\n\n\n\n<li><strong>Livres, e-books, CD et bijoux \u00e9nerg\u00e9tiques<\/strong> pour prolonger votre d\u00e9marche de mieux-\u00eatre au quotidien.<\/li>\n<\/ul>\n\n\n\n<p><strong>Agoracad\u00e9mie, c\u2019est le salon du bien-\u00eatre \u00e0 port\u00e9e de clic, o\u00f9 que vous soyez.<\/strong><\/p>\n","protected":false},"excerpt":{"rendered":"<p>Salon bien-\u00eatre Paris : les rendez-vous incontournables de 2026 Dans cet article, destin\u00e9 \u00e0 vous aider \u00e0 choisir votre salon bien-\u00eatre Paris en 2026, nous vous pr\u00e9sentons les principaux salons de la capitale de la mode, de la culture et de la gastronomie.<\/p>\n","protected":false},"author":2,"featured_media":0,"comment_status":"open","ping_status":"open","sticky":false,"template":"","format":"standard","meta":{"_bbp_topic_count":0,"_bbp_reply_count":0,"_bbp_total_topic_count":0,"_bbp_total_reply_count":0,"_bbp_voice_count":0,"_bbp_anonymous_reply_count":0,"_bbp_topic_count_hidden":0,"_bbp_reply_count_hidden":0,"_bbp_forum_subforum_count":0,"footnotes":""},"categories":[590],"tags":[],"class_list":["post-792","post","type-post","status-publish","format-standard","hentry","category-salon"],"yoast_head":"<!-- This site is optimized with the Yoast SEO plugin v27.4 - https:\/\/yoast.com\/product\/yoast-seo-wordpress\/ -->\n<title>Salon bien-\u00eatre Paris 2026 : lequel choisir\u00a0? | Agoracad\u00e9mie<\/title>\n<meta name=\"description\" content=\"D\u00e9couvrez les principaux salons bien-\u00eatre Paris 2026 : Zen, M\u00e9decines Douces, Thermalies, Naturally, Esth\u00e9tique &amp; Spa avec Agoracad\u00e9mie.\" \/>\n<meta name=\"robots\" content=\"index, follow, max-snippet:-1, max-image-preview:large, max-video-preview:-1\" \/>\n<link rel=\"canonical\" href=\"https:\/\/www.agoracademie.com\/blog\/salon-bien-etre-paris\/\" \/>\n<meta property=\"og:locale\" content=\"fr_FR\" \/>\n<meta property=\"og:type\" content=\"article\" \/>\n<meta property=\"og:title\" content=\"Salon bien-\u00eatre Paris 2026 : lequel choisir\u00a0? | Agoracad\u00e9mie\" \/>\n<meta property=\"og:description\" content=\"D\u00e9couvrez les principaux salons bien-\u00eatre Paris 2026 : Zen, M\u00e9decines Douces, Thermalies, Naturally, Esth\u00e9tique &amp; Spa avec Agoracad\u00e9mie.\" \/>\n<meta property=\"og:url\" content=\"https:\/\/www.agoracademie.com\/blog\/salon-bien-etre-paris\/\" \/>\n<meta property=\"og:site_name\" content=\"Agoracad\u00e9mie\" \/>\n<meta property=\"article:published_time\" content=\"2025-11-13T15:59:55+00:00\" \/>\n<meta property=\"article:modified_time\" content=\"2025-11-14T15:41:44+00:00\" \/>\n<meta property=\"og:image\" content=\"https:\/\/www.agoracademie.com\/blog\/wp-content\/uploads\/2011\/07\/salon_bien_etre_paris.jpg\" \/>\n\t<meta property=\"og:image:width\" content=\"1079\" \/>\n\t<meta property=\"og:image:height\" content=\"538\" \/>\n\t<meta property=\"og:image:type\" content=\"image\/jpeg\" \/>\n<meta name=\"author\" content=\"Laurent Bertrel\" \/>\n<meta name=\"twitter:label1\" content=\"\u00c9crit par\" \/>\n\t<meta name=\"twitter:data1\" content=\"Laurent Bertrel\" \/>\n\t<meta name=\"twitter:label2\" content=\"Dur\u00e9e de lecture estim\u00e9e\" \/>\n\t<meta name=\"twitter:data2\" content=\"9 minutes\" \/>\n<script type=\"application\/ld+json\" class=\"yoast-schema-graph\">{\"@context\":\"https:\\\/\\\/schema.org\",\"@graph\":[{\"@type\":\"Article\",\"@id\":\"https:\\\/\\\/www.agoracademie.com\\\/blog\\\/salon-bien-etre-paris\\\/#article\",\"isPartOf\":{\"@id\":\"https:\\\/\\\/www.agoracademie.com\\\/blog\\\/salon-bien-etre-paris\\\/\"},\"author\":{\"name\":\"Laurent Bertrel\",\"@id\":\"https:\\\/\\\/www.agoracademie.com\\\/blog\\\/#\\\/schema\\\/person\\\/c2f110c50be7dcecc05cb4e87f32537f\"},\"headline\":\"Salon bien-\u00eatre Paris 2026\",\"datePublished\":\"2025-11-13T15:59:55+00:00\",\"dateModified\":\"2025-11-14T15:41:44+00:00\",\"mainEntityOfPage\":{\"@id\":\"https:\\\/\\\/www.agoracademie.com\\\/blog\\\/salon-bien-etre-paris\\\/\"},\"wordCount\":1437,\"commentCount\":0,\"image\":{\"@id\":\"https:\\\/\\\/www.agoracademie.com\\\/blog\\\/salon-bien-etre-paris\\\/#primaryimage\"},\"thumbnailUrl\":\"https:\\\/\\\/www.agoracademie.com\\\/blog\\\/wp-content\\\/uploads\\\/2011\\\/07\\\/salon_bien_etre_paris-1024x511.jpg\",\"articleSection\":[\"Salon\"],\"inLanguage\":\"fr-FR\",\"potentialAction\":[{\"@type\":\"CommentAction\",\"name\":\"Comment\",\"target\":[\"https:\\\/\\\/www.agoracademie.com\\\/blog\\\/salon-bien-etre-paris\\\/#respond\"]}]},{\"@type\":\"WebPage\",\"@id\":\"https:\\\/\\\/www.agoracademie.com\\\/blog\\\/salon-bien-etre-paris\\\/\",\"url\":\"https:\\\/\\\/www.agoracademie.com\\\/blog\\\/salon-bien-etre-paris\\\/\",\"name\":\"Salon bien-\u00eatre Paris 2026 : lequel choisir\u00a0? | Agoracad\u00e9mie\",\"isPartOf\":{\"@id\":\"https:\\\/\\\/www.agoracademie.com\\\/blog\\\/#website\"},\"primaryImageOfPage\":{\"@id\":\"https:\\\/\\\/www.agoracademie.com\\\/blog\\\/salon-bien-etre-paris\\\/#primaryimage\"},\"image\":{\"@id\":\"https:\\\/\\\/www.agoracademie.com\\\/blog\\\/salon-bien-etre-paris\\\/#primaryimage\"},\"thumbnailUrl\":\"https:\\\/\\\/www.agoracademie.com\\\/blog\\\/wp-content\\\/uploads\\\/2011\\\/07\\\/salon_bien_etre_paris-1024x511.jpg\",\"datePublished\":\"2025-11-13T15:59:55+00:00\",\"dateModified\":\"2025-11-14T15:41:44+00:00\",\"author\":{\"@id\":\"https:\\\/\\\/www.agoracademie.com\\\/blog\\\/#\\\/schema\\\/person\\\/c2f110c50be7dcecc05cb4e87f32537f\"},\"description\":\"D\u00e9couvrez les principaux salons bien-\u00eatre Paris 2026 : Zen, M\u00e9decines Douces, Thermalies, Naturally, Esth\u00e9tique & Spa avec Agoracad\u00e9mie.\",\"breadcrumb\":{\"@id\":\"https:\\\/\\\/www.agoracademie.com\\\/blog\\\/salon-bien-etre-paris\\\/#breadcrumb\"},\"inLanguage\":\"fr-FR\",\"potentialAction\":[{\"@type\":\"ReadAction\",\"target\":[\"https:\\\/\\\/www.agoracademie.com\\\/blog\\\/salon-bien-etre-paris\\\/\"]}]},{\"@type\":\"ImageObject\",\"inLanguage\":\"fr-FR\",\"@id\":\"https:\\\/\\\/www.agoracademie.com\\\/blog\\\/salon-bien-etre-paris\\\/#primaryimage\",\"url\":\"https:\\\/\\\/www.agoracademie.com\\\/blog\\\/wp-content\\\/uploads\\\/2011\\\/07\\\/salon_bien_etre_paris.jpg\",\"contentUrl\":\"https:\\\/\\\/www.agoracademie.com\\\/blog\\\/wp-content\\\/uploads\\\/2011\\\/07\\\/salon_bien_etre_paris.jpg\",\"width\":1079,\"height\":538},{\"@type\":\"BreadcrumbList\",\"@id\":\"https:\\\/\\\/www.agoracademie.com\\\/blog\\\/salon-bien-etre-paris\\\/#breadcrumb\",\"itemListElement\":[{\"@type\":\"ListItem\",\"position\":1,\"name\":\"Accueil\",\"item\":\"https:\\\/\\\/www.agoracademie.com\\\/blog\\\/\"},{\"@type\":\"ListItem\",\"position\":2,\"name\":\"Salon bien-\u00eatre Paris 2026\"}]},{\"@type\":\"WebSite\",\"@id\":\"https:\\\/\\\/www.agoracademie.com\\\/blog\\\/#website\",\"url\":\"https:\\\/\\\/www.agoracademie.com\\\/blog\\\/\",\"name\":\"Blog Agoracad\u00e9mie - Centre de formation en ligne et \u00e0 distance\",\"description\":\"Le blog du d\u00e9veloppement personnel et des th\u00e9rapies\",\"potentialAction\":[{\"@type\":\"SearchAction\",\"target\":{\"@type\":\"EntryPoint\",\"urlTemplate\":\"https:\\\/\\\/www.agoracademie.com\\\/blog\\\/?s={search_term_string}\"},\"query-input\":{\"@type\":\"PropertyValueSpecification\",\"valueRequired\":true,\"valueName\":\"search_term_string\"}}],\"inLanguage\":\"fr-FR\"},{\"@type\":\"Person\",\"@id\":\"https:\\\/\\\/www.agoracademie.com\\\/blog\\\/#\\\/schema\\\/person\\\/c2f110c50be7dcecc05cb4e87f32537f\",\"name\":\"Laurent Bertrel\",\"image\":{\"@type\":\"ImageObject\",\"inLanguage\":\"fr-FR\",\"@id\":\"https:\\\/\\\/secure.gravatar.com\\\/avatar\\\/45841390e6db2f4064cc5f84ee39189cf562b1de36eb5b1b7cc82dee445813a4?s=96&r=g\",\"url\":\"https:\\\/\\\/secure.gravatar.com\\\/avatar\\\/45841390e6db2f4064cc5f84ee39189cf562b1de36eb5b1b7cc82dee445813a4?s=96&r=g\",\"contentUrl\":\"https:\\\/\\\/secure.gravatar.com\\\/avatar\\\/45841390e6db2f4064cc5f84ee39189cf562b1de36eb5b1b7cc82dee445813a4?s=96&r=g\",\"caption\":\"Laurent Bertrel\"},\"description\":\"Laurent Bertrel est le fondateur d'Agoracad\u00e9mie. Titulaire d'une licence en sciences humaines et sociales, d'une ma\u00eetrise et d'un master en psychanalyse, d'un master en \u00e9tudes culturelles parcours \u00e9tudes de genre, du DU connaissances g\u00e9n\u00e9rales de la personne \u00e2g\u00e9e, il est aussi form\u00e9 \u00e0 diff\u00e9rentes approches dont la PNL, la sophrologie, la relaxation, l'hypnose, le coaching, la m\u00e9ditation, les arts martiaux, etc. Auteur de plus de 40 ouvrages, dont 18 livres, il anime plusieurs formations sur Agoracad\u00e9mie et r\u00e9pondra au message que vous allez laisser ci-dessous.\",\"sameAs\":[\"https:\\\/\\\/www.agoracademie.com\\\/\"]}]}<\/script>\n<!-- \/ Yoast SEO plugin. -->","yoast_head_json":{"title":"Salon bien-\u00eatre Paris 2026 : lequel choisir\u00a0? | Agoracad\u00e9mie","description":"D\u00e9couvrez les principaux salons bien-\u00eatre Paris 2026 : Zen, M\u00e9decines Douces, Thermalies, Naturally, Esth\u00e9tique & Spa avec Agoracad\u00e9mie.","robots":{"index":"index","follow":"follow","max-snippet":"max-snippet:-1","max-image-preview":"max-image-preview:large","max-video-preview":"max-video-preview:-1"},"canonical":"https:\/\/www.agoracademie.com\/blog\/salon-bien-etre-paris\/","og_locale":"fr_FR","og_type":"article","og_title":"Salon bien-\u00eatre Paris 2026 : lequel choisir\u00a0? | Agoracad\u00e9mie","og_description":"D\u00e9couvrez les principaux salons bien-\u00eatre Paris 2026 : Zen, M\u00e9decines Douces, Thermalies, Naturally, Esth\u00e9tique & Spa avec Agoracad\u00e9mie.","og_url":"https:\/\/www.agoracademie.com\/blog\/salon-bien-etre-paris\/","og_site_name":"Agoracad\u00e9mie","article_published_time":"2025-11-13T15:59:55+00:00","article_modified_time":"2025-11-14T15:41:44+00:00","og_image":[{"width":1079,"height":538,"url":"https:\/\/www.agoracademie.com\/blog\/wp-content\/uploads\/2011\/07\/salon_bien_etre_paris.jpg","type":"image\/jpeg"}],"author":"Laurent Bertrel","twitter_misc":{"\u00c9crit par":"Laurent Bertrel","Dur\u00e9e de lecture estim\u00e9e":"9 minutes"},"schema":{"@context":"https:\/\/schema.org","@graph":[{"@type":"Article","@id":"https:\/\/www.agoracademie.com\/blog\/salon-bien-etre-paris\/#article","isPartOf":{"@id":"https:\/\/www.agoracademie.com\/blog\/salon-bien-etre-paris\/"},"author":{"name":"Laurent Bertrel","@id":"https:\/\/www.agoracademie.com\/blog\/#\/schema\/person\/c2f110c50be7dcecc05cb4e87f32537f"},"headline":"Salon bien-\u00eatre Paris 2026","datePublished":"2025-11-13T15:59:55+00:00","dateModified":"2025-11-14T15:41:44+00:00","mainEntityOfPage":{"@id":"https:\/\/www.agoracademie.com\/blog\/salon-bien-etre-paris\/"},"wordCount":1437,"commentCount":0,"image":{"@id":"https:\/\/www.agoracademie.com\/blog\/salon-bien-etre-paris\/#primaryimage"},"thumbnailUrl":"https:\/\/www.agoracademie.com\/blog\/wp-content\/uploads\/2011\/07\/salon_bien_etre_paris-1024x511.jpg","articleSection":["Salon"],"inLanguage":"fr-FR","potentialAction":[{"@type":"CommentAction","name":"Comment","target":["https:\/\/www.agoracademie.com\/blog\/salon-bien-etre-paris\/#respond"]}]},{"@type":"WebPage","@id":"https:\/\/www.agoracademie.com\/blog\/salon-bien-etre-paris\/","url":"https:\/\/www.agoracademie.com\/blog\/salon-bien-etre-paris\/","name":"Salon bien-\u00eatre Paris 2026 : lequel choisir\u00a0? | Agoracad\u00e9mie","isPartOf":{"@id":"https:\/\/www.agoracademie.com\/blog\/#website"},"primaryImageOfPage":{"@id":"https:\/\/www.agoracademie.com\/blog\/salon-bien-etre-paris\/#primaryimage"},"image":{"@id":"https:\/\/www.agoracademie.com\/blog\/salon-bien-etre-paris\/#primaryimage"},"thumbnailUrl":"https:\/\/www.agoracademie.com\/blog\/wp-content\/uploads\/2011\/07\/salon_bien_etre_paris-1024x511.jpg","datePublished":"2025-11-13T15:59:55+00:00","dateModified":"2025-11-14T15:41:44+00:00","author":{"@id":"https:\/\/www.agoracademie.com\/blog\/#\/schema\/person\/c2f110c50be7dcecc05cb4e87f32537f"},"description":"D\u00e9couvrez les principaux salons bien-\u00eatre Paris 2026 : Zen, M\u00e9decines Douces, Thermalies, Naturally, Esth\u00e9tique & Spa avec Agoracad\u00e9mie.","breadcrumb":{"@id":"https:\/\/www.agoracademie.com\/blog\/salon-bien-etre-paris\/#breadcrumb"},"inLanguage":"fr-FR","potentialAction":[{"@type":"ReadAction","target":["https:\/\/www.agoracademie.com\/blog\/salon-bien-etre-paris\/"]}]},{"@type":"ImageObject","inLanguage":"fr-FR","@id":"https:\/\/www.agoracademie.com\/blog\/salon-bien-etre-paris\/#primaryimage","url":"https:\/\/www.agoracademie.com\/blog\/wp-content\/uploads\/2011\/07\/salon_bien_etre_paris.jpg","contentUrl":"https:\/\/www.agoracademie.com\/blog\/wp-content\/uploads\/2011\/07\/salon_bien_etre_paris.jpg","width":1079,"height":538},{"@type":"BreadcrumbList","@id":"https:\/\/www.agoracademie.com\/blog\/salon-bien-etre-paris\/#breadcrumb","itemListElement":[{"@type":"ListItem","position":1,"name":"Accueil","item":"https:\/\/www.agoracademie.com\/blog\/"},{"@type":"ListItem","position":2,"name":"Salon bien-\u00eatre Paris 2026"}]},{"@type":"WebSite","@id":"https:\/\/www.agoracademie.com\/blog\/#website","url":"https:\/\/www.agoracademie.com\/blog\/","name":"Blog Agoracad\u00e9mie - Centre de formation en ligne et \u00e0 distance","description":"Le blog du d\u00e9veloppement personnel et des th\u00e9rapies","potentialAction":[{"@type":"SearchAction","target":{"@type":"EntryPoint","urlTemplate":"https:\/\/www.agoracademie.com\/blog\/?s={search_term_string}"},"query-input":{"@type":"PropertyValueSpecification","valueRequired":true,"valueName":"search_term_string"}}],"inLanguage":"fr-FR"},{"@type":"Person","@id":"https:\/\/www.agoracademie.com\/blog\/#\/schema\/person\/c2f110c50be7dcecc05cb4e87f32537f","name":"Laurent Bertrel","image":{"@type":"ImageObject","inLanguage":"fr-FR","@id":"https:\/\/secure.gravatar.com\/avatar\/45841390e6db2f4064cc5f84ee39189cf562b1de36eb5b1b7cc82dee445813a4?s=96&r=g","url":"https:\/\/secure.gravatar.com\/avatar\/45841390e6db2f4064cc5f84ee39189cf562b1de36eb5b1b7cc82dee445813a4?s=96&r=g","contentUrl":"https:\/\/secure.gravatar.com\/avatar\/45841390e6db2f4064cc5f84ee39189cf562b1de36eb5b1b7cc82dee445813a4?s=96&r=g","caption":"Laurent Bertrel"},"description":"Laurent Bertrel est le fondateur d'Agoracad\u00e9mie. Titulaire d'une licence en sciences humaines et sociales, d'une ma\u00eetrise et d'un master en psychanalyse, d'un master en \u00e9tudes culturelles parcours \u00e9tudes de genre, du DU connaissances g\u00e9n\u00e9rales de la personne \u00e2g\u00e9e, il est aussi form\u00e9 \u00e0 diff\u00e9rentes approches dont la PNL, la sophrologie, la relaxation, l'hypnose, le coaching, la m\u00e9ditation, les arts martiaux, etc. Auteur de plus de 40 ouvrages, dont 18 livres, il anime plusieurs formations sur Agoracad\u00e9mie et r\u00e9pondra au message que vous allez laisser ci-dessous.","sameAs":["https:\/\/www.agoracademie.com\/"]}]}},"acf":[],"_links":{"self":[{"href":"https:\/\/www.agoracademie.com\/blog\/wp-json\/wp\/v2\/posts\/792","targetHints":{"allow":["GET"]}}],"collection":[{"href":"https:\/\/www.agoracademie.com\/blog\/wp-json\/wp\/v2\/posts"}],"about":[{"href":"https:\/\/www.agoracademie.com\/blog\/wp-json\/wp\/v2\/types\/post"}],"author":[{"embeddable":true,"href":"https:\/\/www.agoracademie.com\/blog\/wp-json\/wp\/v2\/users\/2"}],"replies":[{"embeddable":true,"href":"https:\/\/www.agoracademie.com\/blog\/wp-json\/wp\/v2\/comments?post=792"}],"version-history":[{"count":18,"href":"https:\/\/www.agoracademie.com\/blog\/wp-json\/wp\/v2\/posts\/792\/revisions"}],"predecessor-version":[{"id":22761,"href":"https:\/\/www.agoracademie.com\/blog\/wp-json\/wp\/v2\/posts\/792\/revisions\/22761"}],"wp:attachment":[{"href":"https:\/\/www.agoracademie.com\/blog\/wp-json\/wp\/v2\/media?parent=792"}],"wp:term":[{"taxonomy":"category","embeddable":true,"href":"https:\/\/www.agoracademie.com\/blog\/wp-json\/wp\/v2\/categories?post=792"},{"taxonomy":"post_tag","embeddable":true,"href":"https:\/\/www.agoracademie.com\/blog\/wp-json\/wp\/v2\/tags?post=792"}],"curies":[{"name":"wp","href":"https:\/\/api.w.org\/{rel}","templated":true}]}}