{"id":798,"date":"2025-11-12T10:26:18","date_gmt":"2025-11-12T09:26:18","guid":{"rendered":"http:\/\/agoracademie.com\/blog\/?p=798"},"modified":"2025-11-17T14:04:24","modified_gmt":"2025-11-17T13:04:24","slug":"salon-zen-et-bio-lyon","status":"publish","type":"post","link":"https:\/\/www.agoracademie.com\/blog\/salon-zen-et-bio-lyon\/","title":{"rendered":"Salon Zen et Bio Lyon 2026"},"content":{"rendered":"<div class=\"wp-block-image\">\n<figure class=\"aligncenter size-large\"><img loading=\"lazy\" decoding=\"async\" width=\"1024\" height=\"511\" src=\"https:\/\/www.agoracademie.com\/blog\/wp-content\/uploads\/2011\/07\/salon_bio_et_zen_lyon-1024x511.jpg\" alt=\"Salon Vivez Nature Lyon\" class=\"wp-image-22684\" srcset=\"https:\/\/www.agoracademie.com\/blog\/wp-content\/uploads\/2011\/07\/salon_bio_et_zen_lyon-1024x511.jpg 1024w, https:\/\/www.agoracademie.com\/blog\/wp-content\/uploads\/2011\/07\/salon_bio_et_zen_lyon-300x150.jpg 300w, https:\/\/www.agoracademie.com\/blog\/wp-content\/uploads\/2011\/07\/salon_bio_et_zen_lyon-768x383.jpg 768w, https:\/\/www.agoracademie.com\/blog\/wp-content\/uploads\/2011\/07\/salon_bio_et_zen_lyon.jpg 1079w\" sizes=\"auto, (max-width: 1024px) 100vw, 1024px\" \/><figcaption class=\"wp-element-caption\">D\u00e9couvrez la douceur des bords du Rh\u00f4ne et de la Sa\u00f4ne<\/figcaption><\/figure><div id=\"ez-toc-container\" class=\"ez-toc-v2_0_82_2 ez-toc-wrap-center counter-hierarchy ez-toc-counter ez-toc-transparent ez-toc-container-direction\">\n<div class=\"ez-toc-title-container\">\n<p class=\"ez-toc-title\" style=\"cursor:inherit\">Sommaire<\/p>\n<span class=\"ez-toc-title-toggle\"><a href=\"#\" class=\"ez-toc-pull-right ez-toc-btn ez-toc-btn-xs ez-toc-btn-default ez-toc-toggle\" aria-label=\"Toggle Table of Content\"><span class=\"ez-toc-js-icon-con\"><span class=\"\"><span class=\"eztoc-hide\" style=\"display:none;\">Toggle<\/span><span class=\"ez-toc-icon-toggle-span\"><svg style=\"fill: #999;color:#999\" xmlns=\"http:\/\/www.w3.org\/2000\/svg\" class=\"list-377408\" width=\"20px\" height=\"20px\" viewBox=\"0 0 24 24\" fill=\"none\"><path d=\"M6 6H4v2h2V6zm14 0H8v2h12V6zM4 11h2v2H4v-2zm16 0H8v2h12v-2zM4 16h2v2H4v-2zm16 0H8v2h12v-2z\" fill=\"currentColor\"><\/path><\/svg><svg style=\"fill: #999;color:#999\" class=\"arrow-unsorted-368013\" xmlns=\"http:\/\/www.w3.org\/2000\/svg\" width=\"10px\" height=\"10px\" viewBox=\"0 0 24 24\" version=\"1.2\" baseProfile=\"tiny\"><path d=\"M18.2 9.3l-6.2-6.3-6.2 6.3c-.2.2-.3.4-.3.7s.1.5.3.7c.2.2.4.3.7.3h11c.3 0 .5-.1.7-.3.2-.2.3-.5.3-.7s-.1-.5-.3-.7zM5.8 14.7l6.2 6.3 6.2-6.3c.2-.2.3-.5.3-.7s-.1-.5-.3-.7c-.2-.2-.4-.3-.7-.3h-11c-.3 0-.5.1-.7.3-.2.2-.3.5-.3.7s.1.5.3.7z\"\/><\/svg><\/span><\/span><\/span><\/a><\/span><\/div>\n<nav><ul class='ez-toc-list ez-toc-list-level-1 ' ><li class='ez-toc-page-1 ez-toc-heading-level-2'><a class=\"ez-toc-link ez-toc-heading-1\" href=\"https:\/\/www.agoracademie.com\/blog\/salon-zen-et-bio-lyon\/#Salon_Zen_et_Bio_Lyon_2026_bien-etre_nature_et_habitat_sain_a_Eurexpo\" >Salon Zen et Bio Lyon 2026 : bien-\u00eatre, nature et habitat sain \u00e0 Eurexpo<\/a><\/li><li class='ez-toc-page-1 ez-toc-heading-level-2'><a class=\"ez-toc-link ez-toc-heading-2\" href=\"https:\/\/www.agoracademie.com\/blog\/salon-zen-et-bio-lyon\/#Un_salon_ethique_bio_et_inspirant\" >Un salon \u00e9thique, bio et inspirant<\/a><\/li><li class='ez-toc-page-1 ez-toc-heading-level-2'><a class=\"ez-toc-link ez-toc-heading-3\" href=\"https:\/\/www.agoracademie.com\/blog\/salon-zen-et-bio-lyon\/#Au_programme_de_cette_edition_2026\" >Au programme de cette \u00e9dition 2026<\/a><ul class='ez-toc-list-level-3' ><li class='ez-toc-heading-level-3'><a class=\"ez-toc-link ez-toc-heading-4\" href=\"https:\/\/www.agoracademie.com\/blog\/salon-zen-et-bio-lyon\/#Decouvrez_notre_boutique_en_ligne\" >D\u00e9couvrez notre boutique en ligne<\/a><\/li><\/ul><\/li><li class='ez-toc-page-1 ez-toc-heading-level-2'><a class=\"ez-toc-link ez-toc-heading-5\" href=\"https:\/\/www.agoracademie.com\/blog\/salon-zen-et-bio-lyon\/#Pourquoi_visiter_le_Salon_Zen_et_Bio_Lyon\" >Pourquoi visiter le Salon Zen et Bio Lyon ?<\/a><\/li><li class='ez-toc-page-1 ez-toc-heading-level-2'><a class=\"ez-toc-link ez-toc-heading-6\" href=\"https:\/\/www.agoracademie.com\/blog\/salon-zen-et-bio-lyon\/#Informations_pratiques\" >Informations pratiques<\/a><\/li><li class='ez-toc-page-1 ez-toc-heading-level-2'><a class=\"ez-toc-link ez-toc-heading-7\" href=\"https:\/\/www.agoracademie.com\/blog\/salon-zen-et-bio-lyon\/#Visitez_Lyon_pendant_le_salon\" >Visitez Lyon pendant le salon<\/a><\/li><li class='ez-toc-page-1 ez-toc-heading-level-2'><a class=\"ez-toc-link ez-toc-heading-8\" href=\"https:\/\/www.agoracademie.com\/blog\/salon-zen-et-bio-lyon\/#FAQ_Salon_Zen_et_Bio_Lyon\" >FAQ Salon Zen et Bio Lyon<\/a><ul class='ez-toc-list-level-3' ><li class='ez-toc-heading-level-3'><a class=\"ez-toc-link ez-toc-heading-9\" href=\"https:\/\/www.agoracademie.com\/blog\/salon-zen-et-bio-lyon\/#Quelles_sont_les_dates_du_Salon_Zen_et_Bio_Lyon_en_2026\" >Quelles sont les dates du Salon Zen et Bio Lyon en 2026 ?<\/a><\/li><li class='ez-toc-page-1 ez-toc-heading-level-3'><a class=\"ez-toc-link ez-toc-heading-10\" href=\"https:\/\/www.agoracademie.com\/blog\/salon-zen-et-bio-lyon\/#Ou_a_lieu_le_salon\" >O\u00f9 a lieu le salon ?<\/a><\/li><li class='ez-toc-page-1 ez-toc-heading-level-3'><a class=\"ez-toc-link ez-toc-heading-11\" href=\"https:\/\/www.agoracademie.com\/blog\/salon-zen-et-bio-lyon\/#Lentree_est-elle_gratuite\" >L\u2019entr\u00e9e est-elle gratuite ?<\/a><\/li><li class='ez-toc-page-1 ez-toc-heading-level-3'><a class=\"ez-toc-link ez-toc-heading-12\" href=\"https:\/\/www.agoracademie.com\/blog\/salon-zen-et-bio-lyon\/#Peut-on_manger_sur_place\" >Peut-on manger sur place ?<\/a><\/li><li class='ez-toc-page-1 ez-toc-heading-level-3'><a class=\"ez-toc-link ez-toc-heading-13\" href=\"https:\/\/www.agoracademie.com\/blog\/salon-zen-et-bio-lyon\/#Comment_venir_sans_voiture\" >Comment venir sans voiture ?<\/a><\/li><li class='ez-toc-page-1 ez-toc-heading-level-3'><a class=\"ez-toc-link ez-toc-heading-14\" href=\"https:\/\/www.agoracademie.com\/blog\/salon-zen-et-bio-lyon\/#Peut-on_se_faire_livrer_ses_achats\" >Peut-on se faire livrer ses achats ?<\/a><\/li><\/ul><\/li><li class='ez-toc-page-1 ez-toc-heading-level-2'><a class=\"ez-toc-link ez-toc-heading-15\" href=\"https:\/\/www.agoracademie.com\/blog\/salon-zen-et-bio-lyon\/#Prolongez_votre_experience_zen_avec_Agoracademie\" >Prolongez votre exp\u00e9rience zen avec Agoracad\u00e9mie<\/a><\/li><\/ul><\/nav><\/div>\n\n<\/div>\n\n\n<h2 class=\"wp-block-heading\"><span class=\"ez-toc-section\" id=\"Salon_Zen_et_Bio_Lyon_2026_bien-etre_nature_et_habitat_sain_a_Eurexpo\"><\/span>Salon Zen et Bio Lyon 2026 : bien-\u00eatre, nature et habitat sain \u00e0 Eurexpo<span class=\"ez-toc-section-end\"><\/span><\/h2>\n\n\n\n<p><strong>Reconnectez-vous \u00e0 l\u2019essentiel avec le Salon <a href=\"https:\/\/www.agoracademie.com\/blog\/salon-zen\/\">Zen<\/a> et Bio Lyon : nature, \u00e9quilibre et s\u00e9r\u00e9nit\u00e9&#8230;<\/strong><\/p>\n\n\n\n<p>En novembre 2026, le <strong>Salon Zen et Bio Lyon<\/strong> revient \u00e0 <strong>Eurexpo<\/strong> pour trois journ\u00e9es plac\u00e9es sous le signe du <strong>bien-\u00eatre<\/strong>, de la <strong>consommation responsable<\/strong> et de la <strong>sant\u00e9 naturelle<\/strong>.<\/p>\n\n\n\n<!--more-->\n\n\n\n<p>Cet \u00e9v\u00e9nement majeur en r\u00e9gion Rh\u00f4ne-Alpes r\u00e9unit des centaines d\u2019exposant\u00b7e\u00b7s, des conf\u00e9rencier\u00b7\u00e8re\u00b7s, des th\u00e9rapeutes, des coachs et des passionn\u00e9\u00b7e\u00b7s de l\u2019\u00e9cologie et du d\u00e9veloppement personnel.<\/p>\n\n\n\n<h2 class=\"wp-block-heading\"><span class=\"ez-toc-section\" id=\"Un_salon_ethique_bio_et_inspirant\"><\/span>Un salon \u00e9thique, bio et inspirant<span class=\"ez-toc-section-end\"><\/span><\/h2>\n\n\n\n<p>Le <a href=\"https:\/\/www.agoracademie.com\/blog\/salon-artemisia-marseille\/\">Salon<\/a> Zen et Bio Lyon est reconnu comme l\u2019un des plus grands rendez-vous r\u00e9gionaux autour de l\u2019<strong>agriculture biologique<\/strong>, de l\u2019<strong>environnement<\/strong> et du <strong>bien-\u00eatre au naturel<\/strong>.<\/p>\n\n\n\n<p>Son principal objectif est de sensibiliser \u00e0 des modes de vie plus sains et plus durables tout en favorisant la rencontre entre professionnel\u00b7le\u00b7s et grand public.<\/p>\n\n\n\n<h2 class=\"wp-block-heading\"><span class=\"ez-toc-section\" id=\"Au_programme_de_cette_edition_2026\"><\/span>Au programme de cette \u00e9dition 2026<span class=\"ez-toc-section-end\"><\/span><\/h2>\n\n\n\n<p>Voici une id\u00e9e du programme de cette ann\u00e9e&nbsp;:<\/p>\n\n\n\n<ul class=\"wp-block-list\">\n<li>Des <strong>conf\u00e9rences<\/strong> anim\u00e9es par des expert\u00b7e\u00b7s de la sant\u00e9 naturelle, du bio et du d\u00e9veloppement personnel.<\/li>\n\n\n\n<li>Un <strong>espace de d\u00e9tente<\/strong> et de relaxation pour exp\u00e9rimenter diverses techniques de bien-\u00eatre.<\/li>\n\n\n\n<li>Des <strong>ateliers<\/strong> participatifs autour de la cuisine saine et des cosm\u00e9tiques naturels.<\/li>\n\n\n\n<li>De nombreux <strong>exposant\u00b7e\u00b7s<\/strong> proposant produits bio, artisanat \u00e9thique, formations et pratiques alternatives.<\/li>\n<\/ul>\n\n\n\n<div class=\"wp-block-magic-content-box-content-box aligncenter magic-content-box-1dc875c9-ec00-4 magic-content-box-contentBox block-wrapper-background content-align-center\"><style>.magic-content-box-1dc875c9-ec00-4 .magic-content-box-content-wrapper{text-align:center;margin-top:30px;margin-bottom:30px}.magic-content-box-1dc875c9-ec00-4 .magic-content-box-section-header-wrapper{border-color:#ff201f}.magic-content-box-1dc875c9-ec00-4 .magic-content-box-mainheader-wrap{box-shadow:0px 6px 12px -10px #000;border-radius:5px;background-color:#fff}.magic-content-box-1dc875c9-ec00-4 .magic-content-box-section-wrapper{padding-top:30px;padding-right:30px;padding-bottom:30px;padding-left:30px;margin-top:0px;margin-right:0px;margin-bottom:0px;margin-left:0px}.magic-content-box-1dc875c9-ec00-4 .magic-content-box-section-head-wrap{text-align:center;padding-top:0px;padding-right:0px;padding-bottom:0px;margin-top:0px;margin-bottom:0px;padding-left:0px}.magic-content-box-1dc875c9-ec00-4 .magic-content-box-section-head-wrap .magic-content-box-title{color:#404040;font-size:32px;font-family:Default;padding-top:5px;padding-bottom:5px}.magic-content-box-1dc875c9-ec00-4 .magic-content-box-section-head-wrap .magic-content-box-subtitle{color:#6d6d6d;font-size:18px;font-family:Default;padding-top:5px;padding-bottom:5px}.magic-content-box-1dc875c9-ec00-4 .magic-content-box-title-dash{color:#ff201f}.magic-content-box-1dc875c9-ec00-4 .magic-content-box-block-button span{color:#fff;border-width:1px;font-size:16px;font-family:Default}.magic-content-box-1dc875c9-ec00-4 .magic-content-box-block-button .magic-content-box-button{background-color:#ff201f}.magic-content-box-1dc875c9-ec00-4 .magic-content-box-block-button i{color:#fff;font-size:13px}.magic-content-box-1dc875c9-ec00-4 .magic-content-box-block-button{margin-top:10px;margin-bottom:10px}.magic-content-box-1dc875c9-ec00-4 .magic-content-box-button{padding-top:5px;padding-right:15px;padding-bottom:5px;padding-left:15px}@media screen and (max-width:1025px){.magic-content-box-1dc875c9-ec00-4 .magic-content-box-section-head-wrap .magic-content-box-title{font-size:undefinedpx}.magic-content-box-1dc875c9-ec00-4 .magic-content-box-section-head-wrap .magic-content-box-subtitle{font-size:undefinedpx}.magic-content-box-1dc875c9-ec00-4 .magic-content-box-block-button span{font-size:undefinedpx}.magic-content-box-1dc875c9-ec00-4 .magic-content-box-block-button i{font-size:px}}@media screen and (max-width:767px){.magic-content-box-1dc875c9-ec00-4 .magic-content-box-section-head-wrap .magic-content-box-title{font-size:undefinedpx}.magic-content-box-1dc875c9-ec00-4 .magic-content-box-section-head-wrap .magic-content-box-subtitle{font-size:undefinedpx}.magic-content-box-1dc875c9-ec00-4 .magic-content-box-block-button span{font-size:undefinedpx}.magic-content-box-1dc875c9-ec00-4 .magic-content-box-block-button i{font-size:px}}<\/style><div class=\"content-wrapper-inner\"><div class=\"magic-content-box-content-wrapper magic-content-box-blocks reverse-img has-background style-1\"><div class=\"content-img-wrap\"><img decoding=\"async\" src=\"https:\/\/www.agoracademie.com\/blog\/wp-content\/uploads\/2025\/05\/formation-stress.jpg\" alt=\"Catalogue en ligne\" class=\"\"\/><\/div><div class=\"magic-content-box-section-wrapper magic-content-box-mainheader-wrap\"><div class=\"magic-content-box-section-header-wrapper magic-content-box-blocks\"><div class=\"magic-content-box-section-head-wrap magic-content-box-style1 magic-content-box-center\"><div class=\"magic-content-box-title-wrapper\"><span class=\"magic-content-box-title-dash magic-content-box-upper-dash\"><\/span><h3 class=\"magic-content-box-title\"><span class=\"ez-toc-section\" id=\"Decouvrez_notre_boutique_en_ligne\"><\/span>D\u00e9couvrez notre boutique en ligne<span class=\"ez-toc-section-end\"><\/span><\/h3><span class=\"magic-content-box-title-dash magic-content-box-lower-dash\"><\/span><\/div><div class=\"magic-content-box-subtitle-wrapper\"><span class=\"magic-content-box-title-dash magic-content-box-upper-dash\"><\/span><p class=\"magic-content-box-subtitle\">Formations \u00e0 distance, livres, cd et dvd \u00e0 t\u00e9l\u00e9charger&#8230;<\/p><span class=\"magic-content-box-title-dash magic-content-box-lower-dash\"><\/span><\/div><\/div><\/div><div class=\"magic-content-box-desc-btn-wrap\"><div class=\"magic-content-box-block-button\"><a href=\"https:\/\/www.agoracademie.com\/boutique\" class=\"magic-content-box-button magic-content-box-button-shape-rounded magic-content-box-button-size-small hover-style-1 btn-icon-left\"><span>CATALOGUE<\/span><\/a><\/div><\/div><\/div><\/div><\/div><\/div>\n\n\n\n<h2 class=\"wp-block-heading\"><span class=\"ez-toc-section\" id=\"Pourquoi_visiter_le_Salon_Zen_et_Bio_Lyon\"><\/span>Pourquoi visiter le Salon Zen et Bio Lyon ?<span class=\"ez-toc-section-end\"><\/span><\/h2>\n\n\n\n<p>Parce qu\u2019il s\u2019agit d\u2019un v\u00e9ritable <strong>carrefour d\u2019exp\u00e9riences et d\u2019inspirations<\/strong> !<\/p>\n\n\n\n<p>On y d\u00e9couvre les <strong>nouvelles tendances<\/strong> du bien-\u00eatre, on y <strong>rencontre<\/strong> des professionnel\u00b7le\u00b7s engag\u00e9\u00b7e\u00b7s, et on repart avec des <strong>id\u00e9es concr\u00e8tes<\/strong> pour am\u00e9liorer son quotidien :<\/p>\n\n\n\n<ul class=\"wp-block-list\">\n<li>alimentation,<\/li>\n\n\n\n<li>relaxation,<\/li>\n\n\n\n<li>habitat sain,<\/li>\n\n\n\n<li>\u00e9cologie<\/li>\n\n\n\n<li>ou encore \u00e9panouissement personnel.<\/li>\n<\/ul>\n\n\n\n<p>C\u2019est aussi un lieu id\u00e9al pour tester une s\u00e9ance de relaxation, participer \u00e0 un atelier pr\u00e9sentant une th\u00e9rapie alternative, ou encore d\u00e9guster des produits bio venus de toute la r\u00e9gion.<\/p>\n\n\n\n<p>Et pour les plus curieuses et curieux, de nombreuses conf\u00e9rences abordent des sujets actuels :<\/p>\n\n\n\n<ul class=\"wp-block-list\">\n<li>sobri\u00e9t\u00e9 heureuse,<\/li>\n\n\n\n<li>gestion du stress,<\/li>\n\n\n\n<li>alimentation vivante<\/li>\n\n\n\n<li>ou encore transition \u00e9cologique.<\/li>\n<\/ul>\n\n\n\n<h2 class=\"wp-block-heading\"><span class=\"ez-toc-section\" id=\"Informations_pratiques\"><\/span>Informations pratiques<span class=\"ez-toc-section-end\"><\/span><\/h2>\n\n\n\n<p>Ces informations pratiques sont donn\u00e9es sur le <a href=\"https:\/\/www.salon-zenetbio.com\/lyon\/\" target=\"_blank\" rel=\"noreferrer noopener\">site officiel du salon Zen et Bio Lyon<\/a>.<\/p>\n\n\n\n<p><strong>Lieu :<\/strong> Eurexpo Lyon &#8211; Hall 2.1 &#8211; Chassieu<\/p>\n\n\n\n<p><strong>Horaires :<\/strong> de 10h \u00e0 19h sauf dimanche jusqu\u2019\u00e0 18h \u2192 attention, la derni\u00e8re entr\u00e9e ne peut se faire que 30 min avant la fermeture<\/p>\n\n\n\n<p><strong>Acc\u00e8s :<\/strong> Tramway T5 &#8211; arr\u00eat Eurexpo Lyon<\/p>\n\n\n\n<p><strong>Parking :<\/strong> P0 et P2 &#8211; forfait \u00e0 la journ\u00e9e au prix de 8,50 euros<\/p>\n\n\n\n<p><strong>Vestiaire :<\/strong> 2 \u20ac et consigne gratuite pour vos sacs<\/p>\n\n\n\n<p><strong>Restauration&nbsp;:<\/strong> bio sur place<\/p>\n\n\n\n<p><strong>Accueil :<\/strong> plans, programmes et informations \u00e0 l\u2019entr\u00e9e<\/p>\n\n\n\n<p><strong>Droit de r\u00e9tractation :<\/strong> non obligatoire pour les exposant\u00b7e\u00b7s<\/p>\n\n\n\n<h2 class=\"wp-block-heading\"><span class=\"ez-toc-section\" id=\"Visitez_Lyon_pendant_le_salon\"><\/span>Visitez Lyon pendant le salon<span class=\"ez-toc-section-end\"><\/span><\/h2>\n\n\n\n<p>Situ\u00e9e au c\u0153ur de la r\u00e9gion Rh\u00f4ne-Alpes, Lyon compte plus d&rsquo;un demi-million d&rsquo;habitant\u00b7e\u00b7s (et plus de 2 millions dans son aire urbaine).<\/p>\n\n\n\n<p>Inscrite au <strong>patrimoine mondial de l\u2019UNESCO<\/strong>, la capitale des Gaules s\u00e9duit par son patrimoine architectural et sa douceur de vivre.<\/p>\n\n\n\n<p>Fl\u00e2nez sur les hauteurs de la Croix-Rousse, admirez la vue depuis Notre-Dame de Fourvi\u00e8re, ou perdez-vous dans les ruelles du Vieux-Lyon, autour de la place Saint-Jean et de la place Bellecour.<\/p>\n\n\n\n<p>Ne manquez pas les sp\u00e9cialit\u00e9s locales dans un authentique bouchon lyonnais : quenelles, grattons, cervelle de canut, et bien s\u00fbr, un verre de C\u00f4tes-du-Rh\u00f4ne (avec mod\u00e9ration ;-).<\/p>\n\n\n\n<p>Pour un s\u00e9jour r\u00e9ussi, pr\u00e9parez votre h\u00e9bergement \u00e0 l\u2019avance, car certains quartiers, comme le Vieux-Lyon, peuvent \u00eatre anim\u00e9s le week-end.<\/p>\n\n\n\n<h2 class=\"wp-block-heading\"><span class=\"ez-toc-section\" id=\"FAQ_Salon_Zen_et_Bio_Lyon\"><\/span>FAQ Salon Zen et Bio Lyon<span class=\"ez-toc-section-end\"><\/span><\/h2>\n\n\n\n<h3 class=\"wp-block-heading\"><span class=\"ez-toc-section\" id=\"Quelles_sont_les_dates_du_Salon_Zen_et_Bio_Lyon_en_2026\"><\/span>Quelles sont les dates du Salon Zen et Bio Lyon en 2026 ?<span class=\"ez-toc-section-end\"><\/span><\/h3>\n\n\n\n<p>Mi-novembre 2026.<\/p>\n\n\n\n<h3 class=\"wp-block-heading\"><span class=\"ez-toc-section\" id=\"Ou_a_lieu_le_salon\"><\/span>O\u00f9 a lieu le salon ?<span class=\"ez-toc-section-end\"><\/span><\/h3>\n\n\n\n<p>\u00c0 Eurexpo Lyon &#8211; Hall 2.1 &#8211; \u00e0 Chassieu.<\/p>\n\n\n\n<h3 class=\"wp-block-heading\"><span class=\"ez-toc-section\" id=\"Lentree_est-elle_gratuite\"><\/span>L\u2019entr\u00e9e est-elle gratuite ?<span class=\"ez-toc-section-end\"><\/span><\/h3>\n\n\n\n<p>L\u2019entr\u00e9e peut \u00eatre gratuite via invitation sur le site officiel, selon les p\u00e9riodes. Voir la page \u00ab&nbsp;Votre entr\u00e9e gratuite&nbsp;\u00bb.<\/p>\n\n\n\n<h3 class=\"wp-block-heading\"><span class=\"ez-toc-section\" id=\"Peut-on_manger_sur_place\"><\/span>Peut-on manger sur place ?<span class=\"ez-toc-section-end\"><\/span><\/h3>\n\n\n\n<p>Oui, un espace de restauration bio est disponible, comme toujours dans les <a href=\"https:\/\/www.agoracademie.com\/blog\/salons-du-bien-etre\/\">salons du bien-\u00eatre<\/a>.<\/p>\n\n\n\n<h3 class=\"wp-block-heading\"><span class=\"ez-toc-section\" id=\"Comment_venir_sans_voiture\"><\/span>Comment venir sans voiture ?<span class=\"ez-toc-section-end\"><\/span><\/h3>\n\n\n\n<p>Prenez le tramway T5, arr\u00eat Eurexpo Lyon entr\u00e9e principale (voir informations pratiques ci-dessus).<\/p>\n\n\n\n<h3 class=\"wp-block-heading\"><span class=\"ez-toc-section\" id=\"Peut-on_se_faire_livrer_ses_achats\"><\/span>Peut-on se faire livrer ses achats ?<span class=\"ez-toc-section-end\"><\/span><\/h3>\n\n\n\n<p>Oui, un service de livraison \u00e0 la voiture est propos\u00e9.<\/p>\n\n\n\n<h2 class=\"wp-block-heading\"><span class=\"ez-toc-section\" id=\"Prolongez_votre_experience_zen_avec_Agoracademie\"><\/span>Prolongez votre exp\u00e9rience zen avec Agoracad\u00e9mie<span class=\"ez-toc-section-end\"><\/span><\/h2>\n\n\n\n<p>Sur Agoracad\u00e9mie, retrouvez des formations \u00e0 distance en <a href=\"https:\/\/www.agoracademie.com\/academie\/formation-coach-developpement-personnel-en-ligne\">d\u00e9veloppement personnel<\/a> (gestion du stress, communication, cr\u00e9ativit\u00e9, r\u00e9ussite personnelle et professionnelle, contre manipulation&#8230;) et vous permettant de vous approprier d&rsquo;autres th\u00e9rapies alternatives (EFT, <a href=\"https:\/\/www.agoracademie.com\/academie\/formation-praticien-en-psychogenealogie\">psychog\u00e9n\u00e9alogie<\/a>, r\u00e9flexologie, naturopathie, micronutrition, th\u00e9orie des cycles&#8230;).<\/p>\n\n\n\n<p>Que vous soyez praticien\u00b7ne, coach ou simplement curieux\u00b7se, nos programmes en ligne et \u00e0 distance vous accompagnent dans votre d\u00e9marche de bien-\u00eatre global.<\/p>\n\n\n\n<p><strong>Article publi\u00e9 le 12 mars 2010 &#8211; Derni\u00e8re mise \u00e0 jour le 17 novembre 2025<\/strong><\/p>\n","protected":false},"excerpt":{"rendered":"<p>Salon Zen et Bio Lyon 2026 : bien-\u00eatre, nature et habitat sain \u00e0 Eurexpo Reconnectez-vous \u00e0 l\u2019essentiel avec le Salon Zen et Bio Lyon : nature, \u00e9quilibre et s\u00e9r\u00e9nit\u00e9&#8230; En novembre 2026, le Salon Zen et Bio Lyon revient \u00e0 Eurexpo pour trois journ\u00e9es plac\u00e9es sous le signe du bien-\u00eatre, de la consommation responsable et de la sant\u00e9 naturelle.<\/p>\n","protected":false},"author":2,"featured_media":0,"comment_status":"open","ping_status":"open","sticky":false,"template":"","format":"standard","meta":{"_bbp_topic_count":0,"_bbp_reply_count":0,"_bbp_total_topic_count":0,"_bbp_total_reply_count":0,"_bbp_voice_count":0,"_bbp_anonymous_reply_count":0,"_bbp_topic_count_hidden":0,"_bbp_reply_count_hidden":0,"_bbp_forum_subforum_count":0,"footnotes":""},"categories":[590],"tags":[],"class_list":["post-798","post","type-post","status-publish","format-standard","hentry","category-salon"],"yoast_head":"<!-- This site is optimized with the Yoast SEO plugin v27.4 - https:\/\/yoast.com\/product\/yoast-seo-wordpress\/ -->\n<title>Salon Zen et Bio Lyon 2026\u00a0: pourquoi y aller\u00a0? Agoracad\u00e9mie<\/title>\n<meta name=\"description\" content=\"D\u00e9couvrez le Salon Zen et Bio Lyon : bien-\u00eatre, bio, conf\u00e9rences et ateliers \u00e0 Eurexpo. Infos, acc\u00e8s et conseils pratiques avec Agoracad\u00e9mie.\" \/>\n<meta name=\"robots\" content=\"index, follow, max-snippet:-1, max-image-preview:large, max-video-preview:-1\" \/>\n<link rel=\"canonical\" href=\"https:\/\/www.agoracademie.com\/blog\/salon-zen-et-bio-lyon\/\" \/>\n<meta property=\"og:locale\" content=\"fr_FR\" \/>\n<meta property=\"og:type\" content=\"article\" \/>\n<meta property=\"og:title\" content=\"Salon Zen et Bio Lyon 2026\u00a0: pourquoi y aller\u00a0? Agoracad\u00e9mie\" \/>\n<meta property=\"og:description\" content=\"D\u00e9couvrez le Salon Zen et Bio Lyon : bien-\u00eatre, bio, conf\u00e9rences et ateliers \u00e0 Eurexpo. Infos, acc\u00e8s et conseils pratiques avec Agoracad\u00e9mie.\" \/>\n<meta property=\"og:url\" content=\"https:\/\/www.agoracademie.com\/blog\/salon-zen-et-bio-lyon\/\" \/>\n<meta property=\"og:site_name\" content=\"Agoracad\u00e9mie\" \/>\n<meta property=\"article:published_time\" content=\"2025-11-12T09:26:18+00:00\" \/>\n<meta property=\"article:modified_time\" content=\"2025-11-17T13:04:24+00:00\" \/>\n<meta property=\"og:image\" content=\"https:\/\/www.agoracademie.com\/blog\/wp-content\/uploads\/2011\/07\/salon_bio_et_zen_lyon.jpg\" \/>\n\t<meta property=\"og:image:width\" content=\"1079\" \/>\n\t<meta property=\"og:image:height\" content=\"538\" \/>\n\t<meta property=\"og:image:type\" content=\"image\/jpeg\" \/>\n<meta name=\"author\" content=\"Laurent Bertrel\" \/>\n<meta name=\"twitter:label1\" content=\"\u00c9crit par\" \/>\n\t<meta name=\"twitter:data1\" content=\"Laurent Bertrel\" \/>\n\t<meta name=\"twitter:label2\" content=\"Dur\u00e9e de lecture estim\u00e9e\" \/>\n\t<meta name=\"twitter:data2\" content=\"5 minutes\" \/>\n<script type=\"application\/ld+json\" class=\"yoast-schema-graph\">{\"@context\":\"https:\\\/\\\/schema.org\",\"@graph\":[{\"@type\":\"Article\",\"@id\":\"https:\\\/\\\/www.agoracademie.com\\\/blog\\\/salon-zen-et-bio-lyon\\\/#article\",\"isPartOf\":{\"@id\":\"https:\\\/\\\/www.agoracademie.com\\\/blog\\\/salon-zen-et-bio-lyon\\\/\"},\"author\":{\"name\":\"Laurent Bertrel\",\"@id\":\"https:\\\/\\\/www.agoracademie.com\\\/blog\\\/#\\\/schema\\\/person\\\/c2f110c50be7dcecc05cb4e87f32537f\"},\"headline\":\"Salon Zen et Bio Lyon 2026\",\"datePublished\":\"2025-11-12T09:26:18+00:00\",\"dateModified\":\"2025-11-17T13:04:24+00:00\",\"mainEntityOfPage\":{\"@id\":\"https:\\\/\\\/www.agoracademie.com\\\/blog\\\/salon-zen-et-bio-lyon\\\/\"},\"wordCount\":860,\"commentCount\":0,\"image\":{\"@id\":\"https:\\\/\\\/www.agoracademie.com\\\/blog\\\/salon-zen-et-bio-lyon\\\/#primaryimage\"},\"thumbnailUrl\":\"https:\\\/\\\/www.agoracademie.com\\\/blog\\\/wp-content\\\/uploads\\\/2011\\\/07\\\/salon_bio_et_zen_lyon-1024x511.jpg\",\"articleSection\":[\"Salon\"],\"inLanguage\":\"fr-FR\",\"potentialAction\":[{\"@type\":\"CommentAction\",\"name\":\"Comment\",\"target\":[\"https:\\\/\\\/www.agoracademie.com\\\/blog\\\/salon-zen-et-bio-lyon\\\/#respond\"]}]},{\"@type\":\"WebPage\",\"@id\":\"https:\\\/\\\/www.agoracademie.com\\\/blog\\\/salon-zen-et-bio-lyon\\\/\",\"url\":\"https:\\\/\\\/www.agoracademie.com\\\/blog\\\/salon-zen-et-bio-lyon\\\/\",\"name\":\"Salon Zen et Bio Lyon 2026\u00a0: pourquoi y aller\u00a0? Agoracad\u00e9mie\",\"isPartOf\":{\"@id\":\"https:\\\/\\\/www.agoracademie.com\\\/blog\\\/#website\"},\"primaryImageOfPage\":{\"@id\":\"https:\\\/\\\/www.agoracademie.com\\\/blog\\\/salon-zen-et-bio-lyon\\\/#primaryimage\"},\"image\":{\"@id\":\"https:\\\/\\\/www.agoracademie.com\\\/blog\\\/salon-zen-et-bio-lyon\\\/#primaryimage\"},\"thumbnailUrl\":\"https:\\\/\\\/www.agoracademie.com\\\/blog\\\/wp-content\\\/uploads\\\/2011\\\/07\\\/salon_bio_et_zen_lyon-1024x511.jpg\",\"datePublished\":\"2025-11-12T09:26:18+00:00\",\"dateModified\":\"2025-11-17T13:04:24+00:00\",\"author\":{\"@id\":\"https:\\\/\\\/www.agoracademie.com\\\/blog\\\/#\\\/schema\\\/person\\\/c2f110c50be7dcecc05cb4e87f32537f\"},\"description\":\"D\u00e9couvrez le Salon Zen et Bio Lyon : bien-\u00eatre, bio, conf\u00e9rences et ateliers \u00e0 Eurexpo. Infos, acc\u00e8s et conseils pratiques avec Agoracad\u00e9mie.\",\"breadcrumb\":{\"@id\":\"https:\\\/\\\/www.agoracademie.com\\\/blog\\\/salon-zen-et-bio-lyon\\\/#breadcrumb\"},\"inLanguage\":\"fr-FR\",\"potentialAction\":[{\"@type\":\"ReadAction\",\"target\":[\"https:\\\/\\\/www.agoracademie.com\\\/blog\\\/salon-zen-et-bio-lyon\\\/\"]}]},{\"@type\":\"ImageObject\",\"inLanguage\":\"fr-FR\",\"@id\":\"https:\\\/\\\/www.agoracademie.com\\\/blog\\\/salon-zen-et-bio-lyon\\\/#primaryimage\",\"url\":\"https:\\\/\\\/www.agoracademie.com\\\/blog\\\/wp-content\\\/uploads\\\/2011\\\/07\\\/salon_bio_et_zen_lyon.jpg\",\"contentUrl\":\"https:\\\/\\\/www.agoracademie.com\\\/blog\\\/wp-content\\\/uploads\\\/2011\\\/07\\\/salon_bio_et_zen_lyon.jpg\",\"width\":1079,\"height\":538},{\"@type\":\"BreadcrumbList\",\"@id\":\"https:\\\/\\\/www.agoracademie.com\\\/blog\\\/salon-zen-et-bio-lyon\\\/#breadcrumb\",\"itemListElement\":[{\"@type\":\"ListItem\",\"position\":1,\"name\":\"Accueil\",\"item\":\"https:\\\/\\\/www.agoracademie.com\\\/blog\\\/\"},{\"@type\":\"ListItem\",\"position\":2,\"name\":\"Salon Zen et Bio Lyon 2026\"}]},{\"@type\":\"WebSite\",\"@id\":\"https:\\\/\\\/www.agoracademie.com\\\/blog\\\/#website\",\"url\":\"https:\\\/\\\/www.agoracademie.com\\\/blog\\\/\",\"name\":\"Blog Agoracad\u00e9mie - Centre de formation en ligne et \u00e0 distance\",\"description\":\"Le blog du d\u00e9veloppement personnel et des th\u00e9rapies\",\"potentialAction\":[{\"@type\":\"SearchAction\",\"target\":{\"@type\":\"EntryPoint\",\"urlTemplate\":\"https:\\\/\\\/www.agoracademie.com\\\/blog\\\/?s={search_term_string}\"},\"query-input\":{\"@type\":\"PropertyValueSpecification\",\"valueRequired\":true,\"valueName\":\"search_term_string\"}}],\"inLanguage\":\"fr-FR\"},{\"@type\":\"Person\",\"@id\":\"https:\\\/\\\/www.agoracademie.com\\\/blog\\\/#\\\/schema\\\/person\\\/c2f110c50be7dcecc05cb4e87f32537f\",\"name\":\"Laurent Bertrel\",\"image\":{\"@type\":\"ImageObject\",\"inLanguage\":\"fr-FR\",\"@id\":\"https:\\\/\\\/secure.gravatar.com\\\/avatar\\\/45841390e6db2f4064cc5f84ee39189cf562b1de36eb5b1b7cc82dee445813a4?s=96&r=g\",\"url\":\"https:\\\/\\\/secure.gravatar.com\\\/avatar\\\/45841390e6db2f4064cc5f84ee39189cf562b1de36eb5b1b7cc82dee445813a4?s=96&r=g\",\"contentUrl\":\"https:\\\/\\\/secure.gravatar.com\\\/avatar\\\/45841390e6db2f4064cc5f84ee39189cf562b1de36eb5b1b7cc82dee445813a4?s=96&r=g\",\"caption\":\"Laurent Bertrel\"},\"description\":\"Laurent Bertrel est le fondateur d'Agoracad\u00e9mie. Titulaire d'une licence en sciences humaines et sociales, d'une ma\u00eetrise et d'un master en psychanalyse, d'un master en \u00e9tudes culturelles parcours \u00e9tudes de genre, du DU connaissances g\u00e9n\u00e9rales de la personne \u00e2g\u00e9e, il est aussi form\u00e9 \u00e0 diff\u00e9rentes approches dont la PNL, la sophrologie, la relaxation, l'hypnose, le coaching, la m\u00e9ditation, les arts martiaux, etc. Auteur de plus de 40 ouvrages, dont 18 livres, il anime plusieurs formations sur Agoracad\u00e9mie et r\u00e9pondra au message que vous allez laisser ci-dessous.\",\"sameAs\":[\"https:\\\/\\\/www.agoracademie.com\\\/\"]}]}<\/script>\n<!-- \/ Yoast SEO plugin. -->","yoast_head_json":{"title":"Salon Zen et Bio Lyon 2026\u00a0: pourquoi y aller\u00a0? Agoracad\u00e9mie","description":"D\u00e9couvrez le Salon Zen et Bio Lyon : bien-\u00eatre, bio, conf\u00e9rences et ateliers \u00e0 Eurexpo. Infos, acc\u00e8s et conseils pratiques avec Agoracad\u00e9mie.","robots":{"index":"index","follow":"follow","max-snippet":"max-snippet:-1","max-image-preview":"max-image-preview:large","max-video-preview":"max-video-preview:-1"},"canonical":"https:\/\/www.agoracademie.com\/blog\/salon-zen-et-bio-lyon\/","og_locale":"fr_FR","og_type":"article","og_title":"Salon Zen et Bio Lyon 2026\u00a0: pourquoi y aller\u00a0? Agoracad\u00e9mie","og_description":"D\u00e9couvrez le Salon Zen et Bio Lyon : bien-\u00eatre, bio, conf\u00e9rences et ateliers \u00e0 Eurexpo. Infos, acc\u00e8s et conseils pratiques avec Agoracad\u00e9mie.","og_url":"https:\/\/www.agoracademie.com\/blog\/salon-zen-et-bio-lyon\/","og_site_name":"Agoracad\u00e9mie","article_published_time":"2025-11-12T09:26:18+00:00","article_modified_time":"2025-11-17T13:04:24+00:00","og_image":[{"width":1079,"height":538,"url":"https:\/\/www.agoracademie.com\/blog\/wp-content\/uploads\/2011\/07\/salon_bio_et_zen_lyon.jpg","type":"image\/jpeg"}],"author":"Laurent Bertrel","twitter_misc":{"\u00c9crit par":"Laurent Bertrel","Dur\u00e9e de lecture estim\u00e9e":"5 minutes"},"schema":{"@context":"https:\/\/schema.org","@graph":[{"@type":"Article","@id":"https:\/\/www.agoracademie.com\/blog\/salon-zen-et-bio-lyon\/#article","isPartOf":{"@id":"https:\/\/www.agoracademie.com\/blog\/salon-zen-et-bio-lyon\/"},"author":{"name":"Laurent Bertrel","@id":"https:\/\/www.agoracademie.com\/blog\/#\/schema\/person\/c2f110c50be7dcecc05cb4e87f32537f"},"headline":"Salon Zen et Bio Lyon 2026","datePublished":"2025-11-12T09:26:18+00:00","dateModified":"2025-11-17T13:04:24+00:00","mainEntityOfPage":{"@id":"https:\/\/www.agoracademie.com\/blog\/salon-zen-et-bio-lyon\/"},"wordCount":860,"commentCount":0,"image":{"@id":"https:\/\/www.agoracademie.com\/blog\/salon-zen-et-bio-lyon\/#primaryimage"},"thumbnailUrl":"https:\/\/www.agoracademie.com\/blog\/wp-content\/uploads\/2011\/07\/salon_bio_et_zen_lyon-1024x511.jpg","articleSection":["Salon"],"inLanguage":"fr-FR","potentialAction":[{"@type":"CommentAction","name":"Comment","target":["https:\/\/www.agoracademie.com\/blog\/salon-zen-et-bio-lyon\/#respond"]}]},{"@type":"WebPage","@id":"https:\/\/www.agoracademie.com\/blog\/salon-zen-et-bio-lyon\/","url":"https:\/\/www.agoracademie.com\/blog\/salon-zen-et-bio-lyon\/","name":"Salon Zen et Bio Lyon 2026\u00a0: pourquoi y aller\u00a0? Agoracad\u00e9mie","isPartOf":{"@id":"https:\/\/www.agoracademie.com\/blog\/#website"},"primaryImageOfPage":{"@id":"https:\/\/www.agoracademie.com\/blog\/salon-zen-et-bio-lyon\/#primaryimage"},"image":{"@id":"https:\/\/www.agoracademie.com\/blog\/salon-zen-et-bio-lyon\/#primaryimage"},"thumbnailUrl":"https:\/\/www.agoracademie.com\/blog\/wp-content\/uploads\/2011\/07\/salon_bio_et_zen_lyon-1024x511.jpg","datePublished":"2025-11-12T09:26:18+00:00","dateModified":"2025-11-17T13:04:24+00:00","author":{"@id":"https:\/\/www.agoracademie.com\/blog\/#\/schema\/person\/c2f110c50be7dcecc05cb4e87f32537f"},"description":"D\u00e9couvrez le Salon Zen et Bio Lyon : bien-\u00eatre, bio, conf\u00e9rences et ateliers \u00e0 Eurexpo. Infos, acc\u00e8s et conseils pratiques avec Agoracad\u00e9mie.","breadcrumb":{"@id":"https:\/\/www.agoracademie.com\/blog\/salon-zen-et-bio-lyon\/#breadcrumb"},"inLanguage":"fr-FR","potentialAction":[{"@type":"ReadAction","target":["https:\/\/www.agoracademie.com\/blog\/salon-zen-et-bio-lyon\/"]}]},{"@type":"ImageObject","inLanguage":"fr-FR","@id":"https:\/\/www.agoracademie.com\/blog\/salon-zen-et-bio-lyon\/#primaryimage","url":"https:\/\/www.agoracademie.com\/blog\/wp-content\/uploads\/2011\/07\/salon_bio_et_zen_lyon.jpg","contentUrl":"https:\/\/www.agoracademie.com\/blog\/wp-content\/uploads\/2011\/07\/salon_bio_et_zen_lyon.jpg","width":1079,"height":538},{"@type":"BreadcrumbList","@id":"https:\/\/www.agoracademie.com\/blog\/salon-zen-et-bio-lyon\/#breadcrumb","itemListElement":[{"@type":"ListItem","position":1,"name":"Accueil","item":"https:\/\/www.agoracademie.com\/blog\/"},{"@type":"ListItem","position":2,"name":"Salon Zen et Bio Lyon 2026"}]},{"@type":"WebSite","@id":"https:\/\/www.agoracademie.com\/blog\/#website","url":"https:\/\/www.agoracademie.com\/blog\/","name":"Blog Agoracad\u00e9mie - Centre de formation en ligne et \u00e0 distance","description":"Le blog du d\u00e9veloppement personnel et des th\u00e9rapies","potentialAction":[{"@type":"SearchAction","target":{"@type":"EntryPoint","urlTemplate":"https:\/\/www.agoracademie.com\/blog\/?s={search_term_string}"},"query-input":{"@type":"PropertyValueSpecification","valueRequired":true,"valueName":"search_term_string"}}],"inLanguage":"fr-FR"},{"@type":"Person","@id":"https:\/\/www.agoracademie.com\/blog\/#\/schema\/person\/c2f110c50be7dcecc05cb4e87f32537f","name":"Laurent Bertrel","image":{"@type":"ImageObject","inLanguage":"fr-FR","@id":"https:\/\/secure.gravatar.com\/avatar\/45841390e6db2f4064cc5f84ee39189cf562b1de36eb5b1b7cc82dee445813a4?s=96&r=g","url":"https:\/\/secure.gravatar.com\/avatar\/45841390e6db2f4064cc5f84ee39189cf562b1de36eb5b1b7cc82dee445813a4?s=96&r=g","contentUrl":"https:\/\/secure.gravatar.com\/avatar\/45841390e6db2f4064cc5f84ee39189cf562b1de36eb5b1b7cc82dee445813a4?s=96&r=g","caption":"Laurent Bertrel"},"description":"Laurent Bertrel est le fondateur d'Agoracad\u00e9mie. Titulaire d'une licence en sciences humaines et sociales, d'une ma\u00eetrise et d'un master en psychanalyse, d'un master en \u00e9tudes culturelles parcours \u00e9tudes de genre, du DU connaissances g\u00e9n\u00e9rales de la personne \u00e2g\u00e9e, il est aussi form\u00e9 \u00e0 diff\u00e9rentes approches dont la PNL, la sophrologie, la relaxation, l'hypnose, le coaching, la m\u00e9ditation, les arts martiaux, etc. Auteur de plus de 40 ouvrages, dont 18 livres, il anime plusieurs formations sur Agoracad\u00e9mie et r\u00e9pondra au message que vous allez laisser ci-dessous.","sameAs":["https:\/\/www.agoracademie.com\/"]}]}},"acf":[],"_links":{"self":[{"href":"https:\/\/www.agoracademie.com\/blog\/wp-json\/wp\/v2\/posts\/798","targetHints":{"allow":["GET"]}}],"collection":[{"href":"https:\/\/www.agoracademie.com\/blog\/wp-json\/wp\/v2\/posts"}],"about":[{"href":"https:\/\/www.agoracademie.com\/blog\/wp-json\/wp\/v2\/types\/post"}],"author":[{"embeddable":true,"href":"https:\/\/www.agoracademie.com\/blog\/wp-json\/wp\/v2\/users\/2"}],"replies":[{"embeddable":true,"href":"https:\/\/www.agoracademie.com\/blog\/wp-json\/wp\/v2\/comments?post=798"}],"version-history":[{"count":13,"href":"https:\/\/www.agoracademie.com\/blog\/wp-json\/wp\/v2\/posts\/798\/revisions"}],"predecessor-version":[{"id":22793,"href":"https:\/\/www.agoracademie.com\/blog\/wp-json\/wp\/v2\/posts\/798\/revisions\/22793"}],"wp:attachment":[{"href":"https:\/\/www.agoracademie.com\/blog\/wp-json\/wp\/v2\/media?parent=798"}],"wp:term":[{"taxonomy":"category","embeddable":true,"href":"https:\/\/www.agoracademie.com\/blog\/wp-json\/wp\/v2\/categories?post=798"},{"taxonomy":"post_tag","embeddable":true,"href":"https:\/\/www.agoracademie.com\/blog\/wp-json\/wp\/v2\/tags?post=798"}],"curies":[{"name":"wp","href":"https:\/\/api.w.org\/{rel}","templated":true}]}}