{"id":817,"date":"2025-11-12T09:28:19","date_gmt":"2025-11-12T08:28:19","guid":{"rendered":"http:\/\/agoracademie.com\/blog\/?p=817"},"modified":"2025-11-14T16:54:51","modified_gmt":"2025-11-14T15:54:51","slug":"salon-artemisia-marseille","status":"publish","type":"post","link":"https:\/\/www.agoracademie.com\/blog\/salon-artemisia-marseille\/","title":{"rendered":"Salon Artemisia Marseille 2026"},"content":{"rendered":"<div class=\"wp-block-image\">\n<figure class=\"aligncenter size-large\"><img loading=\"lazy\" decoding=\"async\" width=\"1024\" height=\"511\" src=\"https:\/\/www.agoracademie.com\/blog\/wp-content\/uploads\/2011\/07\/salon_artemisia_marseille-1024x511.jpg\" alt=\"Salon Artemisia Marseille\" class=\"wp-image-22681\" srcset=\"https:\/\/www.agoracademie.com\/blog\/wp-content\/uploads\/2011\/07\/salon_artemisia_marseille-1024x511.jpg 1024w, https:\/\/www.agoracademie.com\/blog\/wp-content\/uploads\/2011\/07\/salon_artemisia_marseille-300x150.jpg 300w, https:\/\/www.agoracademie.com\/blog\/wp-content\/uploads\/2011\/07\/salon_artemisia_marseille-768x383.jpg 768w, https:\/\/www.agoracademie.com\/blog\/wp-content\/uploads\/2011\/07\/salon_artemisia_marseille.jpg 1079w\" sizes=\"auto, (max-width: 1024px) 100vw, 1024px\" \/><figcaption class=\"wp-element-caption\">Bienvenue dans la douceur phoc\u00e9enne !<\/figcaption><\/figure><div id=\"ez-toc-container\" class=\"ez-toc-v2_0_82_2 ez-toc-wrap-center counter-hierarchy ez-toc-counter ez-toc-transparent ez-toc-container-direction\">\n<div class=\"ez-toc-title-container\">\n<p class=\"ez-toc-title\" style=\"cursor:inherit\">Sommaire<\/p>\n<span class=\"ez-toc-title-toggle\"><a href=\"#\" class=\"ez-toc-pull-right ez-toc-btn ez-toc-btn-xs ez-toc-btn-default ez-toc-toggle\" aria-label=\"Toggle Table of Content\"><span class=\"ez-toc-js-icon-con\"><span class=\"\"><span class=\"eztoc-hide\" style=\"display:none;\">Toggle<\/span><span class=\"ez-toc-icon-toggle-span\"><svg style=\"fill: #999;color:#999\" xmlns=\"http:\/\/www.w3.org\/2000\/svg\" class=\"list-377408\" width=\"20px\" height=\"20px\" viewBox=\"0 0 24 24\" fill=\"none\"><path d=\"M6 6H4v2h2V6zm14 0H8v2h12V6zM4 11h2v2H4v-2zm16 0H8v2h12v-2zM4 16h2v2H4v-2zm16 0H8v2h12v-2z\" fill=\"currentColor\"><\/path><\/svg><svg style=\"fill: #999;color:#999\" class=\"arrow-unsorted-368013\" xmlns=\"http:\/\/www.w3.org\/2000\/svg\" width=\"10px\" height=\"10px\" viewBox=\"0 0 24 24\" version=\"1.2\" baseProfile=\"tiny\"><path d=\"M18.2 9.3l-6.2-6.3-6.2 6.3c-.2.2-.3.4-.3.7s.1.5.3.7c.2.2.4.3.7.3h11c.3 0 .5-.1.7-.3.2-.2.3-.5.3-.7s-.1-.5-.3-.7zM5.8 14.7l6.2 6.3 6.2-6.3c.2-.2.3-.5.3-.7s-.1-.5-.3-.7c-.2-.2-.4-.3-.7-.3h-11c-.3 0-.5.1-.7.3-.2.2-.3.5-.3.7s.1.5.3.7z\"\/><\/svg><\/span><\/span><\/span><\/a><\/span><\/div>\n<nav><ul class='ez-toc-list ez-toc-list-level-1 ' ><li class='ez-toc-page-1 ez-toc-heading-level-2'><a class=\"ez-toc-link ez-toc-heading-1\" href=\"https:\/\/www.agoracademie.com\/blog\/salon-artemisia-marseille\/#Salon_Artemisia_Marseille_2026_bien-etre_bio_et_ecologie_au_coeur_de_la_cite_phoceenne\" >Salon Artemisia Marseille 2026 : bien-\u00eatre, bio et \u00e9cologie au c\u0153ur de la cit\u00e9 phoc\u00e9enne<\/a><\/li><li class='ez-toc-page-1 ez-toc-heading-level-2'><a class=\"ez-toc-link ez-toc-heading-2\" href=\"https:\/\/www.agoracademie.com\/blog\/salon-artemisia-marseille\/#Un_salon_bio_zen_et_ethique\" >Un salon bio, zen et \u00e9thique<\/a><\/li><li class='ez-toc-page-1 ez-toc-heading-level-2'><a class=\"ez-toc-link ez-toc-heading-3\" href=\"https:\/\/www.agoracademie.com\/blog\/salon-artemisia-marseille\/#Pourquoi_visiter_le_Salon_Artemisia_Marseille\" >Pourquoi visiter le Salon Artemisia Marseille ?<\/a><ul class='ez-toc-list-level-3' ><li class='ez-toc-heading-level-3'><a class=\"ez-toc-link ez-toc-heading-4\" href=\"https:\/\/www.agoracademie.com\/blog\/salon-artemisia-marseille\/#Nos_formations_a_distance\" >Nos formations \u00e0 distance<\/a><\/li><\/ul><\/li><li class='ez-toc-page-1 ez-toc-heading-level-2'><a class=\"ez-toc-link ez-toc-heading-5\" href=\"https:\/\/www.agoracademie.com\/blog\/salon-artemisia-marseille\/#Informations_pratiques\" >Informations pratiques<\/a><\/li><li class='ez-toc-page-1 ez-toc-heading-level-2'><a class=\"ez-toc-link ez-toc-heading-6\" href=\"https:\/\/www.agoracademie.com\/blog\/salon-artemisia-marseille\/#Visitez_Marseille_avant_ou_apres_le_Salon_Artemisia\" >Visitez Marseille avant ou apr\u00e8s le Salon Artemisia<\/a><\/li><li class='ez-toc-page-1 ez-toc-heading-level-2'><a class=\"ez-toc-link ez-toc-heading-7\" href=\"https:\/\/www.agoracademie.com\/blog\/salon-artemisia-marseille\/#FAQ_Salon_Artemisia_Marseille\" >FAQ Salon Artemisia Marseille<\/a><ul class='ez-toc-list-level-3' ><li class='ez-toc-heading-level-3'><a class=\"ez-toc-link ez-toc-heading-8\" href=\"https:\/\/www.agoracademie.com\/blog\/salon-artemisia-marseille\/#Le_salon_Artemisia_Marseille_est-il_payant\" >Le salon Artemisia Marseille est-il payant ?<\/a><\/li><li class='ez-toc-page-1 ez-toc-heading-level-3'><a class=\"ez-toc-link ez-toc-heading-9\" href=\"https:\/\/www.agoracademie.com\/blog\/salon-artemisia-marseille\/#Peut-on_tester_des_produits_ou_des_soins_sur_place\" >Peut-on tester des produits ou des soins sur place ?<\/a><\/li><li class='ez-toc-page-1 ez-toc-heading-level-3'><a class=\"ez-toc-link ez-toc-heading-10\" href=\"https:\/\/www.agoracademie.com\/blog\/salon-artemisia-marseille\/#Les_achats_sont-ils_remboursables\" >Les achats sont-ils remboursables ?<\/a><\/li><li class='ez-toc-page-1 ez-toc-heading-level-3'><a class=\"ez-toc-link ez-toc-heading-11\" href=\"https:\/\/www.agoracademie.com\/blog\/salon-artemisia-marseille\/#Le_salon_est-il_accessible_en_transports_en_commun\" >Le salon est-il accessible en transports en commun ?<\/a><\/li><li class='ez-toc-page-1 ez-toc-heading-level-3'><a class=\"ez-toc-link ez-toc-heading-12\" href=\"https:\/\/www.agoracademie.com\/blog\/salon-artemisia-marseille\/#Y_a-t-il_des_solutions_pour_transporter_ses_achats\" >Y a-t-il des solutions pour transporter ses achats ?<\/a><\/li><li class='ez-toc-page-1 ez-toc-heading-level-3'><a class=\"ez-toc-link ez-toc-heading-13\" href=\"https:\/\/www.agoracademie.com\/blog\/salon-artemisia-marseille\/#Votre_avis_nous_interesse\" >Votre avis nous int\u00e9resse&nbsp;!<\/a><\/li><\/ul><\/li><li class='ez-toc-page-1 ez-toc-heading-level-2'><a class=\"ez-toc-link ez-toc-heading-14\" href=\"https:\/\/www.agoracademie.com\/blog\/salon-artemisia-marseille\/#Prolongez_lexperience_zen_avec_Agoracademie\" >Prolongez l\u2019exp\u00e9rience zen avec Agoracad\u00e9mie<\/a><\/li><\/ul><\/nav><\/div>\n\n<\/div>\n\n\n<h2 class=\"wp-block-heading\"><span class=\"ez-toc-section\" id=\"Salon_Artemisia_Marseille_2026_bien-etre_bio_et_ecologie_au_coeur_de_la_cite_phoceenne\"><\/span>Salon Artemisia Marseille 2026 : bien-\u00eatre, bio et \u00e9cologie au c\u0153ur de la cit\u00e9 phoc\u00e9enne<span class=\"ez-toc-section-end\"><\/span><\/h2>\n\n\n\n<p><strong>Offrez-vous une parenth\u00e8se <a href=\"https:\/\/www.agoracademie.com\/blog\/salon-zen\/\">zen<\/a>, \u00e9thique et responsable avec le Salon Artemisia Marseille&nbsp;!<\/strong><\/p>\n\n\n\n<p>Chaque automne, en octobre, le <strong>Salon Artemisia Marseille<\/strong> ouvre ses portes au <strong>Parc Chanot<\/strong>, pour trois journ\u00e9es d\u00e9di\u00e9es au <strong>bien-\u00eatre<\/strong>, \u00e0 la <strong>consommation responsable<\/strong> et \u00e0 la <strong>pr\u00e9servation de la plan\u00e8te<\/strong>.<\/p>\n\n\n\n<!--more-->\n\n\n\n<p>Ce rendez-vous incontournable dans le sud de la France rassemble des milliers de visiteurs venus d\u00e9couvrir les derni\u00e8res tendances autour du <strong>bio<\/strong>, de l\u2019<strong>\u00e9cologie<\/strong>, de la <strong>sant\u00e9 naturelle<\/strong> et du <strong>d\u00e9veloppement personnel<\/strong>.<\/p>\n\n\n\n<h2 class=\"wp-block-heading\"><span class=\"ez-toc-section\" id=\"Un_salon_bio_zen_et_ethique\"><\/span>Un salon bio, zen et \u00e9thique<span class=\"ez-toc-section-end\"><\/span><\/h2>\n\n\n\n<p>En octobre 2026, le Salon Artemisia Marseille vous accueillera au <strong>Palais Phoc\u00e9en &#8211; Hall 3<\/strong>, dans une ambiance chaleureuse et conviviale.<\/p>\n\n\n\n<p>Le programme s\u2019annonce riche et inspirant :<\/p>\n\n\n\n<ul class=\"wp-block-list\">\n<li><strong>100 conf\u00e9rences<\/strong>* anim\u00e9es par des expert\u00b7e\u00b7s du bien-\u00eatre, de la sant\u00e9 naturelle et de la transition \u00e9cologique&nbsp;;<\/li>\n\n\n\n<li><strong>50 ateliers<\/strong>* pratiques pour exp\u00e9rimenter de nouvelles m\u00e9thodes (yoga, relaxation, cuisine saine, cosm\u00e9tiques naturels\u2026)&nbsp;;<\/li>\n\n\n\n<li>plus de <strong>120 exposant\u00b7e\u00b7s<\/strong>* venu\u00b7e\u00b7s de toute la France et d\u2019Europe&nbsp;;<\/li>\n\n\n\n<li>et pr\u00e8s de <strong>10 000 visiteur\u00b7se\u00b7s<\/strong> attendu\u00b7e\u00b7s !<\/li>\n<\/ul>\n\n\n\n<p>L\u2019\u00e9v\u00e9nement s\u2019adresse autant aux <strong>professionnel\u00b7le\u00b7s<\/strong> du bien-\u00eatre et du bio qu\u2019aux <strong>particuliers<\/strong> souhaitant am\u00e9liorer leur qualit\u00e9 de vie tout en adoptant un mode de consommation plus respectueux de la nature.<\/p>\n\n\n\n<p>* il s&rsquo;agit d&rsquo;une estimation.<\/p>\n\n\n\n<h2 class=\"wp-block-heading\"><span class=\"ez-toc-section\" id=\"Pourquoi_visiter_le_Salon_Artemisia_Marseille\"><\/span>Pourquoi visiter le Salon Artemisia Marseille ?<span class=\"ez-toc-section-end\"><\/span><\/h2>\n\n\n\n<p>Le Salon Artemisia Marseille est avant tout une exp\u00e9rience sensorielle et humaine.<\/p>\n\n\n\n<p>On y vient pour :<\/p>\n\n\n\n<ul class=\"wp-block-list\">\n<li><strong>d\u00e9couvrir<\/strong> des produits bio et artisanaux,<\/li>\n\n\n\n<li><strong>tester<\/strong> de nouvelles th\u00e9rapies alternatives,<\/li>\n\n\n\n<li><strong>participer<\/strong> \u00e0 des ateliers zen et cr\u00e9atifs,<\/li>\n\n\n\n<li><strong>assister<\/strong> \u00e0 des conf\u00e9rences inspirantes,<\/li>\n\n\n\n<li><strong>rencontrer<\/strong> des auteur\u00b7e\u00b7s et praticien\u00b7ne\u00b7s,<\/li>\n\n\n\n<li>et <strong>\u00e9changer<\/strong> avec des acteurs engag\u00e9s pour un futur plus durable.<\/li>\n<\/ul>\n\n\n\n<p>C\u2019est aussi une belle occasion de prendre soin de soi, de s\u2019informer et de rencontrer une communaut\u00e9 partageant les m\u00eames valeurs.<\/p>\n\n\n\n<div class=\"wp-block-magic-content-box-content-box aligncenter magic-content-box-75686ed0-79fe-4 magic-content-box-contentBox block-wrapper-background content-align-center\"><style>.magic-content-box-75686ed0-79fe-4 .magic-content-box-content-wrapper{text-align:center;margin-top:30px;margin-bottom:30px}.magic-content-box-75686ed0-79fe-4 .magic-content-box-section-header-wrapper{border-color:#ff201f}.magic-content-box-75686ed0-79fe-4 .magic-content-box-mainheader-wrap{box-shadow:0px 6px 12px -10px #000;border-radius:5px;background-color:#fff}.magic-content-box-75686ed0-79fe-4 .magic-content-box-section-wrapper{padding-top:30px;padding-right:30px;padding-bottom:30px;padding-left:30px;margin-top:0px;margin-right:0px;margin-bottom:0px;margin-left:0px}.magic-content-box-75686ed0-79fe-4 .magic-content-box-section-head-wrap{text-align:center;padding-top:0px;padding-right:0px;padding-bottom:0px;margin-top:0px;margin-bottom:0px;padding-left:0px}.magic-content-box-75686ed0-79fe-4 .magic-content-box-section-head-wrap .magic-content-box-title{color:#404040;font-size:32px;font-family:Default;padding-top:5px;padding-bottom:5px}.magic-content-box-75686ed0-79fe-4 .magic-content-box-section-head-wrap .magic-content-box-subtitle{color:#6d6d6d;font-size:18px;font-family:Default;padding-top:5px;padding-bottom:5px}.magic-content-box-75686ed0-79fe-4 .magic-content-box-title-dash{color:#ff201f}.magic-content-box-75686ed0-79fe-4 .magic-content-box-block-button span{color:#fff;border-width:1px;font-size:16px;font-family:Default}.magic-content-box-75686ed0-79fe-4 .magic-content-box-block-button .magic-content-box-button{background-color:#ff201f}.magic-content-box-75686ed0-79fe-4 .magic-content-box-block-button i{color:#fff;font-size:13px}.magic-content-box-75686ed0-79fe-4 .magic-content-box-block-button{margin-top:10px;margin-bottom:10px}.magic-content-box-75686ed0-79fe-4 .magic-content-box-button{padding-top:5px;padding-right:15px;padding-bottom:5px;padding-left:15px}@media screen and (max-width:1025px){.magic-content-box-75686ed0-79fe-4 .magic-content-box-section-head-wrap .magic-content-box-title{font-size:undefinedpx}.magic-content-box-75686ed0-79fe-4 .magic-content-box-section-head-wrap .magic-content-box-subtitle{font-size:undefinedpx}.magic-content-box-75686ed0-79fe-4 .magic-content-box-block-button span{font-size:undefinedpx}.magic-content-box-75686ed0-79fe-4 .magic-content-box-block-button i{font-size:px}}@media screen and (max-width:767px){.magic-content-box-75686ed0-79fe-4 .magic-content-box-section-head-wrap .magic-content-box-title{font-size:undefinedpx}.magic-content-box-75686ed0-79fe-4 .magic-content-box-section-head-wrap .magic-content-box-subtitle{font-size:undefinedpx}.magic-content-box-75686ed0-79fe-4 .magic-content-box-block-button span{font-size:undefinedpx}.magic-content-box-75686ed0-79fe-4 .magic-content-box-block-button i{font-size:px}}<\/style><div class=\"content-wrapper-inner\"><div class=\"magic-content-box-content-wrapper magic-content-box-blocks reverse-img has-background style-1\"><div class=\"content-img-wrap\"><img decoding=\"async\" src=\"https:\/\/www.agoracademie.com\/blog\/wp-content\/uploads\/2025\/05\/formation-stress.jpg\" alt=\"Catalogue des formations\" class=\"\"\/><\/div><div class=\"magic-content-box-section-wrapper magic-content-box-mainheader-wrap\"><div class=\"magic-content-box-section-header-wrapper magic-content-box-blocks\"><div class=\"magic-content-box-section-head-wrap magic-content-box-style1 magic-content-box-center\"><div class=\"magic-content-box-title-wrapper\"><span class=\"magic-content-box-title-dash magic-content-box-upper-dash\"><\/span><h3 class=\"magic-content-box-title\"><span class=\"ez-toc-section\" id=\"Nos_formations_a_distance\"><\/span>Nos formations \u00e0 distance <span class=\"ez-toc-section-end\"><\/span><\/h3><span class=\"magic-content-box-title-dash magic-content-box-lower-dash\"><\/span><\/div><div class=\"magic-content-box-subtitle-wrapper\"><span class=\"magic-content-box-title-dash magic-content-box-upper-dash\"><\/span><p class=\"magic-content-box-subtitle\">Coaching, d\u00e9veloppement personnel &amp; th\u00e9rapies alternatives<\/p><span class=\"magic-content-box-title-dash magic-content-box-lower-dash\"><\/span><\/div><\/div><\/div><div class=\"magic-content-box-desc-btn-wrap\"><div class=\"magic-content-box-block-button\"><a href=\"https:\/\/www.agoracademie.com\/academie\" class=\"magic-content-box-button magic-content-box-button-shape-rounded magic-content-box-button-size-small hover-style-1 btn-icon-left\"><span>CATALOGUE<\/span><\/a><\/div><\/div><\/div><\/div><\/div><\/div>\n\n\n\n<h2 class=\"wp-block-heading\"><span class=\"ez-toc-section\" id=\"Informations_pratiques\"><\/span>Informations pratiques<span class=\"ez-toc-section-end\"><\/span><\/h2>\n\n\n\n<p><strong>Lieu :<\/strong> Parc Chanot \u2013 Palais Phoc\u00e9en \u2013 Hall 3, Marseille<\/p>\n\n\n\n<p><strong>Horaires :<\/strong> de 10h \u00e0 19h (dimanche jusqu\u2019\u00e0 18h) \u2013 derni\u00e8re entr\u00e9e 30 minutes avant la fermeture<\/p>\n\n\n\n<p><strong>Tarif :<\/strong> entr\u00e9e gratuite sur le <a href=\"https:\/\/www.salon-artemisia.com\/\" target=\"_blank\" rel=\"noreferrer noopener\">site officiel du salon Artemisia<\/a><\/p>\n\n\n\n<p><strong>Vestiaire :<\/strong> 2 euros<\/p>\n\n\n\n<p><strong>Livraison&nbsp;:<\/strong> \u00e0 la voiture possible pour les gros achats<\/p>\n\n\n\n<p><strong>Acc\u00e8s :<\/strong><\/p>\n\n\n\n<ul class=\"wp-block-list\">\n<li>M\u00e9tro lignes 1 et 2, arr\u00eat Rond-point du Prado<\/li>\n\n\n\n<li>Bus lignes 9, 21, 22, 23, 41, 44, 45, 72 et 83<\/li>\n\n\n\n<li>Gare SNCF Saint-Charles (m\u00e9tro ligne 2 directe)<\/li>\n\n\n\n<li>Acc\u00e8s autoroutes A7, A55, A50 \u2192 parking de 1 800 place (7 euros la journ\u00e9e)<\/li>\n\n\n\n<li>A\u00e9roport Marseille-Provence \u00e0 proximit\u00e9<\/li>\n<\/ul>\n\n\n\n<p>Plus d&rsquo;informations pratiques sur le site officiel&nbsp;: salon-artemisia.com<\/p>\n\n\n\n<h2 class=\"wp-block-heading\"><span class=\"ez-toc-section\" id=\"Visitez_Marseille_avant_ou_apres_le_Salon_Artemisia\"><\/span>Visitez Marseille avant ou apr\u00e8s le Salon Artemisia<span class=\"ez-toc-section-end\"><\/span><\/h2>\n\n\n\n<p>Marseille se trouve au sud de la France, au bord de la mer M\u00e9diterran\u00e9e, et plus pr\u00e9cis\u00e9ment dans la r\u00e9gion Provence Alpes C\u00f4te d\u2019Azur et dans le d\u00e9partement des Bouches du Rh\u00f4ne.<\/p>\n\n\n\n<p>Si elle est tr\u00e8s connue pour Notre-Dame de la Garde, son Vieux-Port, sa Canebi\u00e8re et ses calanques, sa p\u00e9tanque, sa casquette, son pastis et son accent, elle est mondialement connue dans le milieu sportif gr\u00e2ce \u00e0 sa fameuse \u00e9quipe de football&nbsp;: l\u2019Olympique de Marseille.<\/p>\n\n\n\n<p>Mais la ville ne se r\u00e9sume pas \u00e0 ces quelques points et de tr\u00e8s nombreux\u00b7ses touristes viennent la visiter chaque ann\u00e9e pour d\u00e9couvrir les tr\u00e9sors de la cit\u00e9 phoc\u00e9enne.<\/p>\n\n\n\n<p>Aussi, profitez de votre venue au Salon Artemisia Marseille pour de musarder de-ci de-l\u00e0, puisque le lieu en vaut vraiment la peine.<\/p>\n\n\n\n<p>En effet, Marseille offre un m\u00e9lange unique de nature, culture et gastronomie m\u00e9diterran\u00e9enne.<\/p>\n\n\n\n<p>Pr\u00e9parez votre itin\u00e9raire, car les quartiers ont chacun leur personnalit\u00e9 : du charme boh\u00e8me du Panier \u00e0 l\u2019ambiance baln\u00e9aire du Prado, tout invite \u00e0 fl\u00e2ner.<\/p>\n\n\n\n<h2 class=\"wp-block-heading\"><span class=\"ez-toc-section\" id=\"FAQ_Salon_Artemisia_Marseille\"><\/span>FAQ Salon Artemisia Marseille<span class=\"ez-toc-section-end\"><\/span><\/h2>\n\n\n\n<h3 class=\"wp-block-heading\"><span class=\"ez-toc-section\" id=\"Le_salon_Artemisia_Marseille_est-il_payant\"><\/span>Le salon Artemisia Marseille est-il payant ?<span class=\"ez-toc-section-end\"><\/span><\/h3>\n\n\n\n<p>L\u2019entr\u00e9e est gratuite via t\u00e9l\u00e9chargement sur le site officiel.<\/p>\n\n\n\n<h3 class=\"wp-block-heading\"><span class=\"ez-toc-section\" id=\"Peut-on_tester_des_produits_ou_des_soins_sur_place\"><\/span>Peut-on tester des produits ou des soins sur place ?<span class=\"ez-toc-section-end\"><\/span><\/h3>\n\n\n\n<p>Oui, la plupart des exposant\u00b7e\u00b7s proposent des d\u00e9monstrations ou des mini-s\u00e9ances.<\/p>\n\n\n\n<h3 class=\"wp-block-heading\"><span class=\"ez-toc-section\" id=\"Les_achats_sont-ils_remboursables\"><\/span>Les achats sont-ils remboursables ?<span class=\"ez-toc-section-end\"><\/span><\/h3>\n\n\n\n<p>Pas obligatoirement, car les exposants n\u2019ont pas d\u2019obligation de droit de r\u00e9tractation.<\/p>\n\n\n\n<h3 class=\"wp-block-heading\"><span class=\"ez-toc-section\" id=\"Le_salon_est-il_accessible_en_transports_en_commun\"><\/span>Le salon est-il accessible en transports en commun ?<span class=\"ez-toc-section-end\"><\/span><\/h3>\n\n\n\n<p>Oui, le Parc Chanot est directement reli\u00e9 au m\u00e9tro et \u00e0 plusieurs lignes de bus (voir informations pratiques ci-dessus).<\/p>\n\n\n\n<h3 class=\"wp-block-heading\"><span class=\"ez-toc-section\" id=\"Y_a-t-il_des_solutions_pour_transporter_ses_achats\"><\/span>Y a-t-il des solutions pour transporter ses achats ?<span class=\"ez-toc-section-end\"><\/span><\/h3>\n\n\n\n<p>Une livraison \u00e0 la voiture est pr\u00e9vue pour les gros volumes (renseignez-vous aupr\u00e8s de l&rsquo;h\u00f4te ou de l&rsquo;h\u00f4tesse d&rsquo;accueil).<\/p>\n\n\n\n<h3 class=\"wp-block-heading\"><span class=\"ez-toc-section\" id=\"Votre_avis_nous_interesse\"><\/span>Votre avis nous int\u00e9resse&nbsp;!<span class=\"ez-toc-section-end\"><\/span><\/h3>\n\n\n\n<p>Une fois votre visite au salon termin\u00e9e, merci \u00e0 vous de laisser sur cette page vos commentaires et votre avis, afin de partager cette exp\u00e9rience avec les visiteur\u00b7se\u00b7s d\u2019Agoracad\u00e9mie.<\/p>\n\n\n\n<h2 class=\"wp-block-heading\"><span class=\"ez-toc-section\" id=\"Prolongez_lexperience_zen_avec_Agoracademie\"><\/span>Prolongez l\u2019exp\u00e9rience zen avec Agoracad\u00e9mie<span class=\"ez-toc-section-end\"><\/span><\/h2>\n\n\n\n<p>Sur Agoracad\u00e9mie, retrouvez des <strong>formations<\/strong> en ligne d\u00e9di\u00e9es \u00e0 la <a href=\"https:\/\/www.agoracademie.com\/academie\/formation-meditation\">m\u00e9ditation<\/a>, \u00e0 la <a href=\"https:\/\/www.agoracademie.com\/academie\/formation-coach-en-gestion-du-stress\">gestion du stress<\/a>, \u00e0 la <a href=\"https:\/\/www.agoracademie.com\/academie\/devenir-sophrologue\">sophrologie<\/a> et aux th\u00e9rapies alternatives.<\/p>\n\n\n\n<p>Que vous soyez professionnel\u00b7le du bien-\u00eatre ou simple curieux\u00b7se, nos programmes vous aident \u00e0 cultiver \u00e9quilibre, s\u00e9r\u00e9nit\u00e9 et \u00e9panouissement.<\/p>\n","protected":false},"excerpt":{"rendered":"<p>Salon Artemisia Marseille 2026 : bien-\u00eatre, bio et \u00e9cologie au c\u0153ur de la cit\u00e9 phoc\u00e9enne Offrez-vous une parenth\u00e8se zen, \u00e9thique et responsable avec le Salon Artemisia Marseille&nbsp;! Chaque automne, en octobre, le Salon Artemisia Marseille ouvre ses portes au Parc Chanot, pour trois journ\u00e9es d\u00e9di\u00e9es au bien-\u00eatre, \u00e0 la consommation responsable et \u00e0 la pr\u00e9servation de la plan\u00e8te.<\/p>\n","protected":false},"author":2,"featured_media":0,"comment_status":"open","ping_status":"open","sticky":false,"template":"","format":"standard","meta":{"_bbp_topic_count":0,"_bbp_reply_count":0,"_bbp_total_topic_count":0,"_bbp_total_reply_count":0,"_bbp_voice_count":0,"_bbp_anonymous_reply_count":0,"_bbp_topic_count_hidden":0,"_bbp_reply_count_hidden":0,"_bbp_forum_subforum_count":0,"footnotes":""},"categories":[590],"tags":[],"class_list":["post-817","post","type-post","status-publish","format-standard","hentry","category-salon"],"yoast_head":"<!-- This site is optimized with the Yoast SEO plugin v27.4 - https:\/\/yoast.com\/product\/yoast-seo-wordpress\/ -->\n<title>Salon Artemisia Marseille 2026 : Pourquoi y aller\u00a0? Agoracad\u00e9mie<\/title>\n<meta name=\"description\" content=\"D\u00e9couvrez le Salon Artemisia Marseille : bien-\u00eatre, bio, conf\u00e9rences et ateliers au Parc Chanot. Entr\u00e9e gratuite, infos + conseils pratiques.\" \/>\n<meta name=\"robots\" content=\"index, follow, max-snippet:-1, max-image-preview:large, max-video-preview:-1\" \/>\n<link rel=\"canonical\" href=\"https:\/\/www.agoracademie.com\/blog\/salon-artemisia-marseille\/\" \/>\n<meta property=\"og:locale\" content=\"fr_FR\" \/>\n<meta property=\"og:type\" content=\"article\" \/>\n<meta property=\"og:title\" content=\"Salon Artemisia Marseille 2026 : Pourquoi y aller\u00a0? Agoracad\u00e9mie\" \/>\n<meta property=\"og:description\" content=\"D\u00e9couvrez le Salon Artemisia Marseille : bien-\u00eatre, bio, conf\u00e9rences et ateliers au Parc Chanot. Entr\u00e9e gratuite, infos + conseils pratiques.\" \/>\n<meta property=\"og:url\" content=\"https:\/\/www.agoracademie.com\/blog\/salon-artemisia-marseille\/\" \/>\n<meta property=\"og:site_name\" content=\"Agoracad\u00e9mie\" \/>\n<meta property=\"article:published_time\" content=\"2025-11-12T08:28:19+00:00\" \/>\n<meta property=\"article:modified_time\" content=\"2025-11-14T15:54:51+00:00\" \/>\n<meta property=\"og:image\" content=\"https:\/\/www.agoracademie.com\/blog\/wp-content\/uploads\/2011\/07\/salon_artemisia_marseille.jpg\" \/>\n\t<meta property=\"og:image:width\" content=\"1079\" \/>\n\t<meta property=\"og:image:height\" content=\"538\" \/>\n\t<meta property=\"og:image:type\" content=\"image\/jpeg\" \/>\n<meta name=\"author\" content=\"Laurent Bertrel\" \/>\n<meta name=\"twitter:label1\" content=\"\u00c9crit par\" \/>\n\t<meta name=\"twitter:data1\" content=\"Laurent Bertrel\" \/>\n\t<meta name=\"twitter:label2\" content=\"Dur\u00e9e de lecture estim\u00e9e\" \/>\n\t<meta name=\"twitter:data2\" content=\"5 minutes\" \/>\n<script type=\"application\/ld+json\" class=\"yoast-schema-graph\">{\"@context\":\"https:\\\/\\\/schema.org\",\"@graph\":[{\"@type\":\"Article\",\"@id\":\"https:\\\/\\\/www.agoracademie.com\\\/blog\\\/salon-artemisia-marseille\\\/#article\",\"isPartOf\":{\"@id\":\"https:\\\/\\\/www.agoracademie.com\\\/blog\\\/salon-artemisia-marseille\\\/\"},\"author\":{\"name\":\"Laurent Bertrel\",\"@id\":\"https:\\\/\\\/www.agoracademie.com\\\/blog\\\/#\\\/schema\\\/person\\\/c2f110c50be7dcecc05cb4e87f32537f\"},\"headline\":\"Salon Artemisia Marseille 2026\",\"datePublished\":\"2025-11-12T08:28:19+00:00\",\"dateModified\":\"2025-11-14T15:54:51+00:00\",\"mainEntityOfPage\":{\"@id\":\"https:\\\/\\\/www.agoracademie.com\\\/blog\\\/salon-artemisia-marseille\\\/\"},\"wordCount\":875,\"commentCount\":0,\"image\":{\"@id\":\"https:\\\/\\\/www.agoracademie.com\\\/blog\\\/salon-artemisia-marseille\\\/#primaryimage\"},\"thumbnailUrl\":\"https:\\\/\\\/www.agoracademie.com\\\/blog\\\/wp-content\\\/uploads\\\/2011\\\/07\\\/salon_artemisia_marseille-1024x511.jpg\",\"articleSection\":[\"Salon\"],\"inLanguage\":\"fr-FR\",\"potentialAction\":[{\"@type\":\"CommentAction\",\"name\":\"Comment\",\"target\":[\"https:\\\/\\\/www.agoracademie.com\\\/blog\\\/salon-artemisia-marseille\\\/#respond\"]}]},{\"@type\":\"WebPage\",\"@id\":\"https:\\\/\\\/www.agoracademie.com\\\/blog\\\/salon-artemisia-marseille\\\/\",\"url\":\"https:\\\/\\\/www.agoracademie.com\\\/blog\\\/salon-artemisia-marseille\\\/\",\"name\":\"Salon Artemisia Marseille 2026 : Pourquoi y aller\u00a0? Agoracad\u00e9mie\",\"isPartOf\":{\"@id\":\"https:\\\/\\\/www.agoracademie.com\\\/blog\\\/#website\"},\"primaryImageOfPage\":{\"@id\":\"https:\\\/\\\/www.agoracademie.com\\\/blog\\\/salon-artemisia-marseille\\\/#primaryimage\"},\"image\":{\"@id\":\"https:\\\/\\\/www.agoracademie.com\\\/blog\\\/salon-artemisia-marseille\\\/#primaryimage\"},\"thumbnailUrl\":\"https:\\\/\\\/www.agoracademie.com\\\/blog\\\/wp-content\\\/uploads\\\/2011\\\/07\\\/salon_artemisia_marseille-1024x511.jpg\",\"datePublished\":\"2025-11-12T08:28:19+00:00\",\"dateModified\":\"2025-11-14T15:54:51+00:00\",\"author\":{\"@id\":\"https:\\\/\\\/www.agoracademie.com\\\/blog\\\/#\\\/schema\\\/person\\\/c2f110c50be7dcecc05cb4e87f32537f\"},\"description\":\"D\u00e9couvrez le Salon Artemisia Marseille : bien-\u00eatre, bio, conf\u00e9rences et ateliers au Parc Chanot. Entr\u00e9e gratuite, infos + conseils pratiques.\",\"breadcrumb\":{\"@id\":\"https:\\\/\\\/www.agoracademie.com\\\/blog\\\/salon-artemisia-marseille\\\/#breadcrumb\"},\"inLanguage\":\"fr-FR\",\"potentialAction\":[{\"@type\":\"ReadAction\",\"target\":[\"https:\\\/\\\/www.agoracademie.com\\\/blog\\\/salon-artemisia-marseille\\\/\"]}]},{\"@type\":\"ImageObject\",\"inLanguage\":\"fr-FR\",\"@id\":\"https:\\\/\\\/www.agoracademie.com\\\/blog\\\/salon-artemisia-marseille\\\/#primaryimage\",\"url\":\"https:\\\/\\\/www.agoracademie.com\\\/blog\\\/wp-content\\\/uploads\\\/2011\\\/07\\\/salon_artemisia_marseille.jpg\",\"contentUrl\":\"https:\\\/\\\/www.agoracademie.com\\\/blog\\\/wp-content\\\/uploads\\\/2011\\\/07\\\/salon_artemisia_marseille.jpg\",\"width\":1079,\"height\":538},{\"@type\":\"BreadcrumbList\",\"@id\":\"https:\\\/\\\/www.agoracademie.com\\\/blog\\\/salon-artemisia-marseille\\\/#breadcrumb\",\"itemListElement\":[{\"@type\":\"ListItem\",\"position\":1,\"name\":\"Accueil\",\"item\":\"https:\\\/\\\/www.agoracademie.com\\\/blog\\\/\"},{\"@type\":\"ListItem\",\"position\":2,\"name\":\"Salon Artemisia Marseille 2026\"}]},{\"@type\":\"WebSite\",\"@id\":\"https:\\\/\\\/www.agoracademie.com\\\/blog\\\/#website\",\"url\":\"https:\\\/\\\/www.agoracademie.com\\\/blog\\\/\",\"name\":\"Blog Agoracad\u00e9mie - Centre de formation en ligne et \u00e0 distance\",\"description\":\"Le blog du d\u00e9veloppement personnel et des th\u00e9rapies\",\"potentialAction\":[{\"@type\":\"SearchAction\",\"target\":{\"@type\":\"EntryPoint\",\"urlTemplate\":\"https:\\\/\\\/www.agoracademie.com\\\/blog\\\/?s={search_term_string}\"},\"query-input\":{\"@type\":\"PropertyValueSpecification\",\"valueRequired\":true,\"valueName\":\"search_term_string\"}}],\"inLanguage\":\"fr-FR\"},{\"@type\":\"Person\",\"@id\":\"https:\\\/\\\/www.agoracademie.com\\\/blog\\\/#\\\/schema\\\/person\\\/c2f110c50be7dcecc05cb4e87f32537f\",\"name\":\"Laurent Bertrel\",\"image\":{\"@type\":\"ImageObject\",\"inLanguage\":\"fr-FR\",\"@id\":\"https:\\\/\\\/secure.gravatar.com\\\/avatar\\\/45841390e6db2f4064cc5f84ee39189cf562b1de36eb5b1b7cc82dee445813a4?s=96&r=g\",\"url\":\"https:\\\/\\\/secure.gravatar.com\\\/avatar\\\/45841390e6db2f4064cc5f84ee39189cf562b1de36eb5b1b7cc82dee445813a4?s=96&r=g\",\"contentUrl\":\"https:\\\/\\\/secure.gravatar.com\\\/avatar\\\/45841390e6db2f4064cc5f84ee39189cf562b1de36eb5b1b7cc82dee445813a4?s=96&r=g\",\"caption\":\"Laurent Bertrel\"},\"description\":\"Laurent Bertrel est le fondateur d'Agoracad\u00e9mie. Titulaire d'une licence en sciences humaines et sociales, d'une ma\u00eetrise et d'un master en psychanalyse, d'un master en \u00e9tudes culturelles parcours \u00e9tudes de genre, du DU connaissances g\u00e9n\u00e9rales de la personne \u00e2g\u00e9e, il est aussi form\u00e9 \u00e0 diff\u00e9rentes approches dont la PNL, la sophrologie, la relaxation, l'hypnose, le coaching, la m\u00e9ditation, les arts martiaux, etc. Auteur de plus de 40 ouvrages, dont 18 livres, il anime plusieurs formations sur Agoracad\u00e9mie et r\u00e9pondra au message que vous allez laisser ci-dessous.\",\"sameAs\":[\"https:\\\/\\\/www.agoracademie.com\\\/\"]}]}<\/script>\n<!-- \/ Yoast SEO plugin. -->","yoast_head_json":{"title":"Salon Artemisia Marseille 2026 : Pourquoi y aller\u00a0? Agoracad\u00e9mie","description":"D\u00e9couvrez le Salon Artemisia Marseille : bien-\u00eatre, bio, conf\u00e9rences et ateliers au Parc Chanot. Entr\u00e9e gratuite, infos + conseils pratiques.","robots":{"index":"index","follow":"follow","max-snippet":"max-snippet:-1","max-image-preview":"max-image-preview:large","max-video-preview":"max-video-preview:-1"},"canonical":"https:\/\/www.agoracademie.com\/blog\/salon-artemisia-marseille\/","og_locale":"fr_FR","og_type":"article","og_title":"Salon Artemisia Marseille 2026 : Pourquoi y aller\u00a0? Agoracad\u00e9mie","og_description":"D\u00e9couvrez le Salon Artemisia Marseille : bien-\u00eatre, bio, conf\u00e9rences et ateliers au Parc Chanot. Entr\u00e9e gratuite, infos + conseils pratiques.","og_url":"https:\/\/www.agoracademie.com\/blog\/salon-artemisia-marseille\/","og_site_name":"Agoracad\u00e9mie","article_published_time":"2025-11-12T08:28:19+00:00","article_modified_time":"2025-11-14T15:54:51+00:00","og_image":[{"width":1079,"height":538,"url":"https:\/\/www.agoracademie.com\/blog\/wp-content\/uploads\/2011\/07\/salon_artemisia_marseille.jpg","type":"image\/jpeg"}],"author":"Laurent Bertrel","twitter_misc":{"\u00c9crit par":"Laurent Bertrel","Dur\u00e9e de lecture estim\u00e9e":"5 minutes"},"schema":{"@context":"https:\/\/schema.org","@graph":[{"@type":"Article","@id":"https:\/\/www.agoracademie.com\/blog\/salon-artemisia-marseille\/#article","isPartOf":{"@id":"https:\/\/www.agoracademie.com\/blog\/salon-artemisia-marseille\/"},"author":{"name":"Laurent Bertrel","@id":"https:\/\/www.agoracademie.com\/blog\/#\/schema\/person\/c2f110c50be7dcecc05cb4e87f32537f"},"headline":"Salon Artemisia Marseille 2026","datePublished":"2025-11-12T08:28:19+00:00","dateModified":"2025-11-14T15:54:51+00:00","mainEntityOfPage":{"@id":"https:\/\/www.agoracademie.com\/blog\/salon-artemisia-marseille\/"},"wordCount":875,"commentCount":0,"image":{"@id":"https:\/\/www.agoracademie.com\/blog\/salon-artemisia-marseille\/#primaryimage"},"thumbnailUrl":"https:\/\/www.agoracademie.com\/blog\/wp-content\/uploads\/2011\/07\/salon_artemisia_marseille-1024x511.jpg","articleSection":["Salon"],"inLanguage":"fr-FR","potentialAction":[{"@type":"CommentAction","name":"Comment","target":["https:\/\/www.agoracademie.com\/blog\/salon-artemisia-marseille\/#respond"]}]},{"@type":"WebPage","@id":"https:\/\/www.agoracademie.com\/blog\/salon-artemisia-marseille\/","url":"https:\/\/www.agoracademie.com\/blog\/salon-artemisia-marseille\/","name":"Salon Artemisia Marseille 2026 : Pourquoi y aller\u00a0? Agoracad\u00e9mie","isPartOf":{"@id":"https:\/\/www.agoracademie.com\/blog\/#website"},"primaryImageOfPage":{"@id":"https:\/\/www.agoracademie.com\/blog\/salon-artemisia-marseille\/#primaryimage"},"image":{"@id":"https:\/\/www.agoracademie.com\/blog\/salon-artemisia-marseille\/#primaryimage"},"thumbnailUrl":"https:\/\/www.agoracademie.com\/blog\/wp-content\/uploads\/2011\/07\/salon_artemisia_marseille-1024x511.jpg","datePublished":"2025-11-12T08:28:19+00:00","dateModified":"2025-11-14T15:54:51+00:00","author":{"@id":"https:\/\/www.agoracademie.com\/blog\/#\/schema\/person\/c2f110c50be7dcecc05cb4e87f32537f"},"description":"D\u00e9couvrez le Salon Artemisia Marseille : bien-\u00eatre, bio, conf\u00e9rences et ateliers au Parc Chanot. Entr\u00e9e gratuite, infos + conseils pratiques.","breadcrumb":{"@id":"https:\/\/www.agoracademie.com\/blog\/salon-artemisia-marseille\/#breadcrumb"},"inLanguage":"fr-FR","potentialAction":[{"@type":"ReadAction","target":["https:\/\/www.agoracademie.com\/blog\/salon-artemisia-marseille\/"]}]},{"@type":"ImageObject","inLanguage":"fr-FR","@id":"https:\/\/www.agoracademie.com\/blog\/salon-artemisia-marseille\/#primaryimage","url":"https:\/\/www.agoracademie.com\/blog\/wp-content\/uploads\/2011\/07\/salon_artemisia_marseille.jpg","contentUrl":"https:\/\/www.agoracademie.com\/blog\/wp-content\/uploads\/2011\/07\/salon_artemisia_marseille.jpg","width":1079,"height":538},{"@type":"BreadcrumbList","@id":"https:\/\/www.agoracademie.com\/blog\/salon-artemisia-marseille\/#breadcrumb","itemListElement":[{"@type":"ListItem","position":1,"name":"Accueil","item":"https:\/\/www.agoracademie.com\/blog\/"},{"@type":"ListItem","position":2,"name":"Salon Artemisia Marseille 2026"}]},{"@type":"WebSite","@id":"https:\/\/www.agoracademie.com\/blog\/#website","url":"https:\/\/www.agoracademie.com\/blog\/","name":"Blog Agoracad\u00e9mie - Centre de formation en ligne et \u00e0 distance","description":"Le blog du d\u00e9veloppement personnel et des th\u00e9rapies","potentialAction":[{"@type":"SearchAction","target":{"@type":"EntryPoint","urlTemplate":"https:\/\/www.agoracademie.com\/blog\/?s={search_term_string}"},"query-input":{"@type":"PropertyValueSpecification","valueRequired":true,"valueName":"search_term_string"}}],"inLanguage":"fr-FR"},{"@type":"Person","@id":"https:\/\/www.agoracademie.com\/blog\/#\/schema\/person\/c2f110c50be7dcecc05cb4e87f32537f","name":"Laurent Bertrel","image":{"@type":"ImageObject","inLanguage":"fr-FR","@id":"https:\/\/secure.gravatar.com\/avatar\/45841390e6db2f4064cc5f84ee39189cf562b1de36eb5b1b7cc82dee445813a4?s=96&r=g","url":"https:\/\/secure.gravatar.com\/avatar\/45841390e6db2f4064cc5f84ee39189cf562b1de36eb5b1b7cc82dee445813a4?s=96&r=g","contentUrl":"https:\/\/secure.gravatar.com\/avatar\/45841390e6db2f4064cc5f84ee39189cf562b1de36eb5b1b7cc82dee445813a4?s=96&r=g","caption":"Laurent Bertrel"},"description":"Laurent Bertrel est le fondateur d'Agoracad\u00e9mie. Titulaire d'une licence en sciences humaines et sociales, d'une ma\u00eetrise et d'un master en psychanalyse, d'un master en \u00e9tudes culturelles parcours \u00e9tudes de genre, du DU connaissances g\u00e9n\u00e9rales de la personne \u00e2g\u00e9e, il est aussi form\u00e9 \u00e0 diff\u00e9rentes approches dont la PNL, la sophrologie, la relaxation, l'hypnose, le coaching, la m\u00e9ditation, les arts martiaux, etc. Auteur de plus de 40 ouvrages, dont 18 livres, il anime plusieurs formations sur Agoracad\u00e9mie et r\u00e9pondra au message que vous allez laisser ci-dessous.","sameAs":["https:\/\/www.agoracademie.com\/"]}]}},"acf":[],"_links":{"self":[{"href":"https:\/\/www.agoracademie.com\/blog\/wp-json\/wp\/v2\/posts\/817","targetHints":{"allow":["GET"]}}],"collection":[{"href":"https:\/\/www.agoracademie.com\/blog\/wp-json\/wp\/v2\/posts"}],"about":[{"href":"https:\/\/www.agoracademie.com\/blog\/wp-json\/wp\/v2\/types\/post"}],"author":[{"embeddable":true,"href":"https:\/\/www.agoracademie.com\/blog\/wp-json\/wp\/v2\/users\/2"}],"replies":[{"embeddable":true,"href":"https:\/\/www.agoracademie.com\/blog\/wp-json\/wp\/v2\/comments?post=817"}],"version-history":[{"count":7,"href":"https:\/\/www.agoracademie.com\/blog\/wp-json\/wp\/v2\/posts\/817\/revisions"}],"predecessor-version":[{"id":22770,"href":"https:\/\/www.agoracademie.com\/blog\/wp-json\/wp\/v2\/posts\/817\/revisions\/22770"}],"wp:attachment":[{"href":"https:\/\/www.agoracademie.com\/blog\/wp-json\/wp\/v2\/media?parent=817"}],"wp:term":[{"taxonomy":"category","embeddable":true,"href":"https:\/\/www.agoracademie.com\/blog\/wp-json\/wp\/v2\/categories?post=817"},{"taxonomy":"post_tag","embeddable":true,"href":"https:\/\/www.agoracademie.com\/blog\/wp-json\/wp\/v2\/tags?post=817"}],"curies":[{"name":"wp","href":"https:\/\/api.w.org\/{rel}","templated":true}]}}